{"id":61772,"date":"2023-02-14T14:14:00","date_gmt":"2023-02-14T12:14:00","guid":{"rendered":"https:\/\/www.mes-allocs.fr\/guides\/?p=61772"},"modified":"2026-01-12T16:31:35","modified_gmt":"2026-01-12T15:31:35","slug":"aide-velo-electrique-herault","status":"publish","type":"post","link":"https:\/\/www.mes-allocs.fr\/guides\/aide-velo-electrique\/aide-velo-region\/aide-velo-electrique-herault\/","title":{"rendered":"Aide v\u00e9lo \u00e9lectrique H\u00e9rault : conditions, montant, d\u00e9marches"},"content":{"rendered":"<p><img loading=\"lazy\" decoding=\"async\" class=\"alignnone wp-image-61633 size-full\" title=\"aide v\u00e9lo \u00e9lectrique H\u00e9rault\" src=\"https:\/\/www.mes-allocs.fr\/guides\/wp-content\/uploads\/2023\/02\/design-g46d34543b_1920-e1675876718556.jpg\" alt=\"aide v\u00e9lo \u00e9lectrique H\u00e9rault\" width=\"1920\" height=\"451\" srcset=\"https:\/\/www.mes-allocs.fr\/guides\/wp-content\/uploads\/2023\/02\/design-g46d34543b_1920-e1675876718556.jpg 1920w, https:\/\/www.mes-allocs.fr\/guides\/wp-content\/uploads\/2023\/02\/design-g46d34543b_1920-e1675876718556-300x70.jpg 300w, https:\/\/www.mes-allocs.fr\/guides\/wp-content\/uploads\/2023\/02\/design-g46d34543b_1920-e1675876718556-1024x241.jpg 1024w, https:\/\/www.mes-allocs.fr\/guides\/wp-content\/uploads\/2023\/02\/design-g46d34543b_1920-e1675876718556-768x180.jpg 768w, https:\/\/www.mes-allocs.fr\/guides\/wp-content\/uploads\/2023\/02\/design-g46d34543b_1920-e1675876718556-1536x361.jpg 1536w, https:\/\/www.mes-allocs.fr\/guides\/wp-content\/uploads\/2023\/02\/design-g46d34543b_1920-e1675876718556-600x141.jpg 600w\" sizes=\"auto, (max-width: 1920px) 100vw, 1920px\" \/><\/p>\n<p>Vous habitez dans le d\u00e9partement de l&rsquo;H\u00e9rault et vous avez pour projet d&rsquo;acqu\u00e9rir un v\u00e9lo \u00e9lectrique ? Sachez qu&rsquo;en plus de l&rsquo;<a href=\"https:\/\/www.mes-allocs.fr\/guides\/prime-velo-electrique\/prime-velo-region\/\">aide propos\u00e9e par votre r\u00e9gion,<\/a> de nombreuses aides pour l&rsquo;<strong>achat d&rsquo;un v\u00e9lo \u00e9lectrique dans l&rsquo;Herault<\/strong> sont propos\u00e9es.<\/p>\n<div class='cta-block'><div class='text'>Simulez toutes vos aides en 2 min.<\/div><a href='https:\/\/www.mes-allocs.fr\/ab-app?origin=guides\/wp-json\/wp\/v2\/posts\/61772' class='app-button fit'>Simulation gratuite<\/a><\/div>\n<p><iframe loading=\"lazy\" title=\"L&#039;aide au v\u00e9lo \u00e9lectrique\" width=\"500\" height=\"281\" src=\"https:\/\/www.youtube.com\/embed\/QH5GqTFaqwE?feature=oembed\" frameborder=\"0\" allow=\"accelerometer; autoplay; clipboard-write; encrypted-media; gyroscope; picture-in-picture; web-share\" referrerpolicy=\"strict-origin-when-cross-origin\" allowfullscreen><\/iframe><\/p>\n<h1>L&rsquo;aide \u00e0 l&rsquo;achat d&rsquo;un v\u00e9lo \u00e9lectrique dans l&rsquo;H\u00e9rault<\/h1>\n<p>Bien que l&rsquo;<strong>Occitanie<\/strong> compte 13 d\u00e9partements, l&rsquo;H\u00e9rault est le seul \u00e0 proposer une aide \u00e0 l&rsquo;achat d&rsquo;un v\u00e9lo \u00e0 assistance \u00e9lectrique pour ses habitants. Cette aide peut atteindre <strong>250 \u20ac<\/strong> et est attribu\u00e9e sous plusieurs conditions.<\/p>\n<h2>Conditions d&rsquo;\u00e9ligibilit\u00e9<\/h2>\n<p>Pour pouvoir b\u00e9n\u00e9ficier de cette aide vous devez \u00eatre une <b>personne physique majeure<\/b> et pouvoir justifier de votre <b>r\u00e9sidence principale dans l&rsquo;H\u00e9rault.\u00a0<\/b><\/p>\n<p>La subvention est accord\u00e9e pour l&rsquo;achat d&rsquo;un v\u00e9lo \u00e0 assistance \u00e9lectrique classique ou pour l&rsquo;achat d&rsquo;un v\u00e9lo \u00e0 assistance \u00e9lectrique adapt\u00e9 \u00e0 une situation de handicap.<img loading=\"lazy\" decoding=\"async\" class=\"alignright wp-image-61698\" title=\"aide v\u00e9lo H\u00e9rault \" src=\"https:\/\/www.mes-allocs.fr\/guides\/wp-content\/uploads\/2023\/02\/pexels-george-becker-126660-2-e1676276674397.jpg\" alt=\"aide v\u00e9lo \u00e9lectrique H\u00e9rault \" width=\"231\" height=\"229\" srcset=\"https:\/\/www.mes-allocs.fr\/guides\/wp-content\/uploads\/2023\/02\/pexels-george-becker-126660-2-e1676276674397.jpg 682w, https:\/\/www.mes-allocs.fr\/guides\/wp-content\/uploads\/2023\/02\/pexels-george-becker-126660-2-e1676276674397-300x297.jpg 300w, https:\/\/www.mes-allocs.fr\/guides\/wp-content\/uploads\/2023\/02\/pexels-george-becker-126660-2-e1676276674397-150x150.jpg 150w, https:\/\/www.mes-allocs.fr\/guides\/wp-content\/uploads\/2023\/02\/pexels-george-becker-126660-2-e1676276674397-600x595.jpg 600w\" sizes=\"auto, (max-width: 231px) 100vw, 231px\" \/><\/p>\n<p>Pour l&rsquo;achat d&rsquo;un v\u00e9lo \u00e9lectrique classique, vous devez choisir un v\u00e9lo :<\/p>\n<ul>\n<li><b>neuf<\/b> ;<\/li>\n<li>propos\u00e9 \u00e0 la vente par un <b>professionnel exer\u00e7ant dans le d\u00e9partement de l&rsquo;H\u00e9rault.<\/b><\/li>\n<\/ul>\n<p>Pour l&rsquo;achat d&rsquo;un <b>v\u00e9lo adapt\u00e9<\/b>, ces deux conditions sont exhaustives. Vous pouvez donc acqu\u00e9rir un <b>v\u00e9lo neuf, ou d&rsquo;occasion<\/b>, aupr\u00e8s d&rsquo;un commer\u00e7ant en dehors du d\u00e9partement, bien qu&rsquo;il soit pr\u00e9f\u00e9rable de choisir un professionnel de l&rsquo;H\u00e9rault.<\/p>\n<p>Vous avez \u00e9galement <b>l&rsquo;obligation de ne pas revendre ce v\u00e9lo durant les 12 mois suivants l&rsquo;achat<\/b>.<\/p>\n<p><b>\u00c0 noter<\/b> : plusieurs membres majeurs d&rsquo;un m\u00eame foyer fiscal peuvent b\u00e9n\u00e9ficier de cette aide d\u00e9partementale.<\/p>\n<h2>Montant de l&rsquo;aide v\u00e9lo \u00e9lectrique dans l&rsquo;H\u00e9rault<\/h2>\n<p>Le d\u00e9partement a mis en place trois types de ch\u00e8ques :<\/p>\n<ul style=\"list-style-type: disc;\">\n<li>Le <b>ch\u00e8que<\/b> <b>H\u00e9rault V\u00e9lo<\/b> propose un montant de <b>250 \u20ac<\/b> et s&rsquo;adresse au H\u00e9raultais ayant un revenu fiscal de r\u00e9f\u00e9rence par part<b> inf\u00e9rieur \u00e0 25 660 \u20ac<\/b>.<\/li>\n<li>Le <b>ch\u00e8que H\u00e9rault Mobilit\u00e9<\/b> est accord\u00e9 pour un montant de <b>200 \u20ac<\/b>, aux habitant dont les ressources d\u00e9passent le plafonds mais qui sont salari\u00e9s d&rsquo;une entreprise engag\u00e9e ayant adopt\u00e9 un Plan de Mobilit\u00e9.<\/li>\n<li>Le <b>ch\u00e8que H\u00e9rault Handi V\u00e9lo<\/b> s&rsquo;\u00e9l\u00e8ve \u00e0 <b>50% du prix d&rsquo;achat<\/b>, dans la <b>limite de 1.000 \u20ac<\/b> maximum, pour l&rsquo;achat d&rsquo;un <b>v\u00e9lo adapt\u00e9 \u00e0 une situation de handicap.<\/b><\/li>\n<\/ul>\n<p>Les <strong>ch\u00e8ques H\u00e9rault V\u00e9lo<\/strong> et <strong>H\u00e9rault Mobilit\u00e9<\/strong> peuvent \u00eatre compl\u00e9t\u00e9es par un bonus\u00a0<b>H\u00e9rault Pich\u00f2t<\/b> pour l&rsquo;achat d&rsquo;un <strong>si\u00e8ge enfant<\/strong><b> (20 \u20ac)<\/b> ou d&rsquo;une <strong>carriole<\/strong><b> (50 \u20ac).\u00a0<\/b><\/p>\n<h2>D\u00e9marches \u00e0 effectuer<\/h2>\n<p>Vous pouvez effectuer cette demande <b>en ligne<\/b> sur la plateforme de l&rsquo;H\u00e9rault. Certains documents vous seront demand\u00e9s :<\/p>\n<ul>\n<li>copie de votre pi\u00e8ce d&rsquo;identit\u00e9 en cours de validit\u00e9 ;<\/li>\n<li>copie de la facture d&rsquo;achat ;<\/li>\n<li>certificat d&rsquo;homologation ;<img loading=\"lazy\" decoding=\"async\" class=\"alignright wp-image-61699\" title=\"aide v\u00e9lo \u00e9lectrique H\u00e9rault\" src=\"https:\/\/www.mes-allocs.fr\/guides\/wp-content\/uploads\/2023\/02\/pexels-haydan-assoendawy-2883462-2-e1676303516286.jpg\" alt=\"aide v\u00e9lo \u00e9lectrique H\u00e9rault\" width=\"281\" height=\"257\" srcset=\"https:\/\/www.mes-allocs.fr\/guides\/wp-content\/uploads\/2023\/02\/pexels-haydan-assoendawy-2883462-2-e1676303516286.jpg 1186w, https:\/\/www.mes-allocs.fr\/guides\/wp-content\/uploads\/2023\/02\/pexels-haydan-assoendawy-2883462-2-e1676303516286-300x274.jpg 300w, https:\/\/www.mes-allocs.fr\/guides\/wp-content\/uploads\/2023\/02\/pexels-haydan-assoendawy-2883462-2-e1676303516286-1024x937.jpg 1024w, https:\/\/www.mes-allocs.fr\/guides\/wp-content\/uploads\/2023\/02\/pexels-haydan-assoendawy-2883462-2-e1676303516286-768x703.jpg 768w, https:\/\/www.mes-allocs.fr\/guides\/wp-content\/uploads\/2023\/02\/pexels-haydan-assoendawy-2883462-2-e1676303516286-600x549.jpg 600w\" sizes=\"auto, (max-width: 281px) 100vw, 281px\" \/><\/li>\n<li>attestation sur l&rsquo;honneur de ne pas revendre le v\u00e9lo dans les 12 mois suivants l&rsquo;achat ;<\/li>\n<li>le formulaire de demande ;<\/li>\n<li>avis d&rsquo;imposition de l&rsquo;ann\u00e9e pr\u00e9c\u00e9dant celle de l&rsquo;achat ;<\/li>\n<li>RIB ;<\/li>\n<li>Attestation de l&#8217;employeur (pour le ch\u00e8que H\u00e9rault Mobilit\u00e9).<\/li>\n<li>copie de votre carte mobilit\u00e9 inclusive (pour le ch\u00e8que H\u00e9rault Handi V\u00e9lo)<\/li>\n<\/ul>\n<div class='cta-block'><div class='text'>Simulez votre prime v\u00e9lo \u00e9lectrique en 2 min.<\/div><a href='https:\/\/www.mes-allocs.fr\/ab-app?origin=guides\/wp-json\/wp\/v2\/posts\/61772' class='app-button fit'>Simulation gratuite<\/a><\/div>\n<h1 style=\"font-weight: 400;\"><strong>Les aides locales pour l&rsquo;achat d&rsquo;un v\u00e9lo \u00e9lectrique<\/strong><\/h1>\n<p>En plus de l&rsquo;aide de la r\u00e9gion et de l&rsquo;aide du d\u00e9partement, certaines subventions sont accord\u00e9es par des collectivit\u00e9s locales. On retrouve, dans le d\u00e9partement de l&rsquo;H\u00e9rault, deux collectivit\u00e9s proposant une aide : la M\u00e9tropole de Montpellier et S\u00e8te Agglopole M\u00e9diterran\u00e9e.<\/p>\n<h2>L&rsquo;aide \u00e0 l&rsquo;achat d&rsquo;un v\u00e9lo de Montpellier M\u00e9diterran\u00e9e M\u00e9tropole<\/h2>\n<p><b>Depuis le 1 er novembre 2020 et jusqu&rsquo;au 30 juin 2023<\/b>, la M\u00e9tropole de Montpellier M\u00e9diterran\u00e9e proposait une aide pour l&rsquo;achat de vos v\u00e9los \u00e9lectriques. Cette aide pour les particuliers \u00e9tait d&rsquo;un montant de <b>500 \u20ac maximum<\/b>. <strong>Cette aide n&rsquo;est plus valable en 2024. <\/strong>N\u00e9anmoins, une aide de 500\u20ac pour l&rsquo;<strong>achat d&rsquo;un v\u00e9lo \u00e0 assistance \u00e9lectrique adapt\u00e9<\/strong> est propos\u00e9e pour les personnes en situation de handicap ayant b\u00e9n\u00e9fici\u00e9 du \u00ab ch\u00e8que H\u00e9rault Handi-v\u00e9lo \u00bb.<\/p>\n<p>Pour les professionnels, une aide est toujours disponible pour l&rsquo;achat d&rsquo;un <strong>v\u00e9lo cargo neuf \u00e0 assistance \u00e9lectrique<\/strong> d&rsquo;un montant <b>maximum de 1 000 \u20ac. \u00a0<\/b>Les aides de la M\u00e9tropole de Montpellier sont <b>cumulables <\/b>avec celles accord\u00e9es par la\u00a0R\u00e9gion Occitanie et le d\u00e9partement de l&rsquo;H\u00e9rault.<\/p>\n<h3>Pour les particuliers<\/h3>\n<p>Cette aide de 500\u20ac s&rsquo;adresse aux<strong> particuliers en situation de handicap<\/strong>. Plusieurs conditions sont cependant \u00e0 respecter :<\/p>\n<ul>\n<li>Vous devez \u00eatre en situation de handicap,<\/li>\n<li>Vous ne devez pas avoir b\u00e9n\u00e9fici\u00e9 d&rsquo;un dispositif d\u00e9j\u00e0 mis en place par la M\u00e9tropole.<\/li>\n<\/ul>\n<p><b><img loading=\"lazy\" decoding=\"async\" class=\"wp-image-61700 alignright\" title=\"aide v\u00e9lo h\u00e9rault\" src=\"https:\/\/www.mes-allocs.fr\/guides\/wp-content\/uploads\/2023\/02\/pexels-pixabay-207779-2-e1676277198526.jpg\" alt=\"aide v\u00e9lo H\u00e9rault \" width=\"278\" height=\"278\" srcset=\"https:\/\/www.mes-allocs.fr\/guides\/wp-content\/uploads\/2023\/02\/pexels-pixabay-207779-2-e1676277198526.jpg 774w, https:\/\/www.mes-allocs.fr\/guides\/wp-content\/uploads\/2023\/02\/pexels-pixabay-207779-2-e1676277198526-300x300.jpg 300w, https:\/\/www.mes-allocs.fr\/guides\/wp-content\/uploads\/2023\/02\/pexels-pixabay-207779-2-e1676277198526-150x150.jpg 150w, https:\/\/www.mes-allocs.fr\/guides\/wp-content\/uploads\/2023\/02\/pexels-pixabay-207779-2-e1676277198526-768x768.jpg 768w, https:\/\/www.mes-allocs.fr\/guides\/wp-content\/uploads\/2023\/02\/pexels-pixabay-207779-2-e1676277198526-600x600.jpg 600w\" sizes=\"auto, (max-width: 278px) 100vw, 278px\" \/><\/b><\/p>\n<p>Il existe \u00e9galement, depuis f\u00e9vrier 2021, une <b>aide pour l&rsquo;achat d&rsquo;un v\u00e9lo \u00e0 assistance \u00e9lectrique d&rsquo;occasion ou pour l&rsquo;achat d&rsquo;un kit d&rsquo;\u00e9lectrification<\/b>. Cette aide s&rsquo;\u00e9l\u00e8ve \u00e0 50 % du prix d&rsquo;achat, plafonn\u00e9e \u00e0 200 \u20ac. Les conditions d&rsquo;attributions sont exactement les m\u00eames \u00e0 l&rsquo;exception de la date d&rsquo;achat :<\/p>\n<ul>\n<li>le <b>v\u00e9lo d&rsquo;occasion<\/b> doit avoir \u00e9t\u00e9 achet\u00e9 <b>apr\u00e8s le 1 er f\u00e9vrier 2021<\/b><\/li>\n<li>le\u00a0<b>kit d&rsquo;\u00e9lectrification apr\u00e8s le 28 juillet 2021 <\/b>;<\/li>\n<\/ul>\n<p>Pour b\u00e9n\u00e9ficier d&rsquo;une de ces aides, vous pouvez faire la demande de subvention sur le site de la M\u00e9tropole de Montpellier ou par voie postale. Vous devrez fournir les documents suivants :<\/p>\n<ul>\n<li>copie de votre pi\u00e8ce d&rsquo;identit\u00e9 en cours de validit\u00e9 ;<\/li>\n<li>RIB ;<\/li>\n<li>certificat d&rsquo;homologation ;<\/li>\n<li>facture de l&rsquo;achat ;<\/li>\n<li>justificatif de domicile de moins de 3 mois ;<\/li>\n<li>le r\u00e8glement compl\u00e9t\u00e9 et sign\u00e9.<\/li>\n<\/ul>\n<h3>Pour les professionnels<\/h3>\n<p>La M\u00e9tropole de Montpellier propose une aide pour les professionnels souhaitant acqu\u00e9rir un v\u00e9lo \u00e0 assistance \u00e9lectrique de type cargo. Cette aide peut atteindre 50 % du prix d&rsquo;achat, dans la limite de 1 000 \u20ac.<\/p>\n<p>Pour percevoir cette aide, le professionnel doit respecter certaines conditions \u00a0:<\/p>\n<ul>\n<li>\u00a0\u00eatre <b>majeur<\/b> ;<\/li>\n<li>\u00eatre un professionnel en <b>activit\u00e9 sur le territoire de la m\u00e9tropole<\/b>, au sein d&rsquo;une entreprise situ\u00e9e dans la m\u00e9tropole ;<\/li>\n<li>justifier d&rsquo;un <b>contrat de travail<\/b> d&rsquo;une dur\u00e9e sup\u00e9rieure ou \u00e9gale \u00e0 1 an ou \u00a0d&rsquo;un <b>KBis<\/b> (pour les auto entrepreneur).<\/li>\n<\/ul>\n<p>En tant que professionnel, vous devrez donc apporter tous les documents justifiant ces \u00e9l\u00e9ments.<\/p>\n<p>La d\u00e9marche sera la m\u00eame que celle de l&rsquo;aide vers\u00e9e aux particuliers en situation de handicap, soit en ligne ou par voie postale, en joignant les documents cit\u00e9s plus haut.<\/p>\n<h2>L&rsquo;aide \u00e0 l&rsquo;achat d&rsquo;un v\u00e9lo de S\u00e8te Agglopole M\u00e9diterann\u00e9e<\/h2>\n<p>Ce territoire regroupe 14 communes autour de la ville de S\u00e8te, l&rsquo;aide \u00e9tant accord\u00e9e aux habitants de cette agglom\u00e9ration. Le montant de l&rsquo;aide est fix\u00e9 \u00e0 <b>25% de la valeur d&rsquo;achat <\/b>du v\u00e9lo ou de la\u00a0trottinette \u00e9lectrique<b>,<\/b>\u00a0plafonn\u00e9 \u00e0 <b>200 \u20ac<\/b>. L&rsquo;attribution de cette subvention est limit\u00e9e \u00e0 une fois par foyer fiscal, pour une p\u00e9riode de 4 ans.<\/p>\n<p>Pour \u00eatre \u00e9ligible, vous devez :<\/p>\n<ul>\n<li>r\u00e9sider dans l&rsquo;<b>une des communes du territoire<\/b> ;<img loading=\"lazy\" decoding=\"async\" class=\" wp-image-61701 alignright\" title=\"aide v\u00e9lo h\u00e9rault\" src=\"https:\/\/www.mes-allocs.fr\/guides\/wp-content\/uploads\/2023\/02\/pexels-igor-starkov-1002748-e1676277425545.jpg\" alt=\"aide v\u00e9lo H\u00e9rault \" width=\"283\" height=\"257\" \/><\/li>\n<li>avoir acheter un v\u00e9lo ou une trottinette \u00e9lectrique au cours des 6 derniers mois\u00a0;<\/li>\n<li>acheter un v\u00e9lo ou une trottinette pour un <b>prix inf\u00e9rieur \u00e0 2 999 \u20ac TTC<\/b> ;<\/li>\n<li>avoir un <b>revenu fiscal de r\u00e9f\u00e9rence par part inf\u00e9rieur aux plafonds<\/b> situ\u00e9s dans les premi\u00e8re et deuxi\u00e8me tranches d&rsquo;imposition (soit 27 478 \u20ac pour une personne seule) ;<\/li>\n<li><b>ne jamais avoir b\u00e9n\u00e9fici\u00e9 de cette aide<\/b>, ni <b>aucun membre de votre foyer fiscal <\/b>;<\/li>\n<li>vous engager \u00e0 <b>ne pas revendre<\/b> le v\u00e9lo ou la trottinette pendant 2 ans.<\/li>\n<\/ul>\n<p>La collectivit\u00e9 propose \u00e9galement un <b>bonus de 50 \u20ac <\/b>si vous achetez votre v\u00e9hicule dans un <b>commerce de l&rsquo;agglom\u00e9ration<\/b>, ainsi qu&rsquo;un autre <b>bonus de 50 \u20ac<\/b> pour l&rsquo;achat d&rsquo;un <b>v\u00e9hicule d&rsquo;occasion<\/b> ou pour<b> l&rsquo;\u00e9lectrification d&rsquo;un v\u00e9lo traditionnel<\/b>.<\/p>\n<p>Si vous respectez ces conditions, vous pouvez effectuer vos d\u00e9marches depuis le 3 janvier 2023, sur la plateforme de l&rsquo;Agglopole. Vous devrez fournir les documents suivants :<\/p>\n<ul>\n<li>facture d&rsquo;achat ;<\/li>\n<li>copie de votre pi\u00e8ce d&rsquo;identit\u00e9 en cours de validit\u00e9 ;<\/li>\n<li>RIB ;<\/li>\n<li>certificat d&rsquo;homologation ;<\/li>\n<li>\u00a0copie de l&rsquo;avis d&rsquo;imposition ;<\/li>\n<li>attestation sur l&rsquo;honneur de ne pas revendre le v\u00e9hicule pendant 2 ans.<\/li>\n<\/ul>\n<p>Vous pensez pouvoir pr\u00e9tendre \u00e0 l&rsquo;une de ces aides ? N&rsquo;h\u00e9sitez pas \u00e0 souscrire au <a href=\"https:\/\/www.mes-allocs.fr\/souscription\" target=\"_blank\" rel=\"noopener\">service d&rsquo;accompagnement<\/a> Mes Allocs afin de b\u00e9n\u00e9ficier de l&rsquo;aide d&rsquo;un expert dans vos d\u00e9marches.<\/p>\n<div class='cta-block'><div class='text'>Simulez toutes vos aides en 2 min.<\/div><a href='https:\/\/www.mes-allocs.fr\/ab-app?origin=guides\/wp-json\/wp\/v2\/posts\/61772' class='app-button fit'>Simulation gratuite<\/a><\/div>\n","protected":false},"excerpt":{"rendered":"<p>Vous habitez dans le d\u00e9partement de l&rsquo;H\u00e9rault et vous avez pour projet d&rsquo;acqu\u00e9rir un v\u00e9lo \u00e9lectrique ? Sachez qu&rsquo;en plus de l&rsquo;aide propos\u00e9e par votre r\u00e9gion, de nombreuses aides pour l&rsquo;achat d&rsquo;un v\u00e9lo \u00e9lectrique dans l&rsquo;Herault sont propos\u00e9es. L&rsquo;aide \u00e0 l&rsquo;achat d&rsquo;un v\u00e9lo \u00e9lectrique dans l&rsquo;H\u00e9rault Bien que l&rsquo;Occitanie compte 13 d\u00e9partements, l&rsquo;H\u00e9rault est le [&hellip;]<\/p>\n","protected":false},"author":23,"featured_media":61769,"comment_status":"closed","ping_status":"open","sticky":false,"template":"","format":"standard","meta":{"amp_status":"","footnotes":""},"categories":[43598,13817],"tags":[],"class_list":["post-61772","post","type-post","status-publish","format-standard","has-post-thumbnail","hentry","category-aide-velo-electrique","category-aide-velo-region"],"yoast_head":"<!-- This site is optimized with the Yoast SEO plugin v14.9 - https:\/\/yoast.com\/wordpress\/plugins\/seo\/ -->\n<title>Aide v\u00e9lo \u00e9lectrique H\u00e9rault : conditions, montant, d\u00e9marches<\/title>\n<meta name=\"description\" content=\"Le d\u00e9partement de l&#039;H\u00e9rault a mis en place une aide \u00e0 l&#039;achat d&#039;un v\u00e9lo \u00e9lectrique. D\u00e9couvrez les conditions et les montants de l&#039;aide.\" \/>\n<meta name=\"robots\" content=\"index, follow, max-snippet:-1, max-image-preview:large, max-video-preview:-1\" \/>\n<link rel=\"canonical\" href=\"https:\/\/www.mes-allocs.fr\/guides\/aide-velo-electrique\/aide-velo-region\/aide-velo-electrique-herault\/\" \/>\n<meta property=\"og:locale\" content=\"fr_FR\" \/>\n<meta property=\"og:type\" content=\"article\" \/>\n<meta property=\"og:title\" content=\"Aide v\u00e9lo \u00e9lectrique H\u00e9rault : conditions, montant, d\u00e9marches\" \/>\n<meta property=\"og:description\" content=\"Le d\u00e9partement de l&#039;H\u00e9rault a mis en place une aide \u00e0 l&#039;achat d&#039;un v\u00e9lo \u00e9lectrique. D\u00e9couvrez les conditions et les montants de l&#039;aide.\" \/>\n<meta property=\"og:url\" content=\"https:\/\/www.mes-allocs.fr\/guides\/aide-velo-electrique\/aide-velo-region\/aide-velo-electrique-herault\/\" \/>\n<meta property=\"og:site_name\" content=\"Mes-Allocs.fr\" \/>\n<meta property=\"article:published_time\" content=\"2023-02-14T12:14:00+00:00\" \/>\n<meta property=\"article:modified_time\" content=\"2026-01-12T15:31:35+00:00\" \/>\n<meta property=\"og:image\" content=\"https:\/\/www.mes-allocs.fr\/guides\/wp-content\/uploads\/2023\/02\/park-geb57487d2_1280-e1676309893687.jpg?wsr\" \/>\n\t<meta property=\"og:image:width\" content=\"854\" \/>\n\t<meta property=\"og:image:height\" content=\"793\" \/>\n<meta name=\"twitter:card\" content=\"summary_large_image\" \/>\n<script type=\"application\/ld+json\" class=\"yoast-schema-graph\">{\"@context\":\"https:\/\/schema.org\",\"@graph\":[{\"@type\":\"WebSite\",\"@id\":\"https:\/\/www.mes-allocs.fr\/guides\/#website\",\"url\":\"https:\/\/www.mes-allocs.fr\/guides\/\",\"name\":\"Mes-Allocs.fr\",\"description\":\"\",\"potentialAction\":[{\"@type\":\"SearchAction\",\"target\":\"https:\/\/www.mes-allocs.fr\/guides\/?s={search_term_string}\",\"query-input\":\"required name=search_term_string\"}],\"inLanguage\":\"fr-FR\"},{\"@type\":\"ImageObject\",\"@id\":\"https:\/\/www.mes-allocs.fr\/guides\/aide-velo-electrique\/aide-velo-region\/aide-velo-electrique-herault\/#primaryimage\",\"inLanguage\":\"fr-FR\",\"url\":\"https:\/\/www.mes-allocs.fr\/guides\/wp-content\/uploads\/2023\/02\/park-geb57487d2_1280-e1676309893687.jpg?wsr\",\"width\":854,\"height\":793,\"caption\":\"camping vacaf h\\u00e9rault\"},{\"@type\":\"WebPage\",\"@id\":\"https:\/\/www.mes-allocs.fr\/guides\/aide-velo-electrique\/aide-velo-region\/aide-velo-electrique-herault\/#webpage\",\"url\":\"https:\/\/www.mes-allocs.fr\/guides\/aide-velo-electrique\/aide-velo-region\/aide-velo-electrique-herault\/\",\"name\":\"Aide v\\u00e9lo \\u00e9lectrique H\\u00e9rault : conditions, montant, d\\u00e9marches\",\"isPartOf\":{\"@id\":\"https:\/\/www.mes-allocs.fr\/guides\/#website\"},\"primaryImageOfPage\":{\"@id\":\"https:\/\/www.mes-allocs.fr\/guides\/aide-velo-electrique\/aide-velo-region\/aide-velo-electrique-herault\/#primaryimage\"},\"datePublished\":\"2023-02-14T12:14:00+00:00\",\"dateModified\":\"2026-01-12T15:31:35+00:00\",\"author\":{\"@id\":\"https:\/\/www.mes-allocs.fr\/guides\/#\/schema\/person\/c3664ba41f27bc0d9f3683bf3906300c\"},\"description\":\"Le d\\u00e9partement de l'H\\u00e9rault a mis en place une aide \\u00e0 l'achat d'un v\\u00e9lo \\u00e9lectrique. D\\u00e9couvrez les conditions et les montants de l'aide.\",\"inLanguage\":\"fr-FR\"},{\"@type\":\"Person\",\"@id\":\"https:\/\/www.mes-allocs.fr\/guides\/#\/schema\/person\/c3664ba41f27bc0d9f3683bf3906300c\",\"name\":\"Gabrielle Duchemin\",\"image\":{\"@type\":\"ImageObject\",\"@id\":\"https:\/\/www.mes-allocs.fr\/guides\/#personlogo\",\"inLanguage\":\"fr-FR\",\"url\":\"https:\/\/www.mes-allocs.fr\/guides\/wp-content\/uploads\/2023\/02\/386E5DFE-70F4-4932-B10B-B3E8F5AC454D-e1677586370944-150x150.jpg\",\"caption\":\"Gabrielle Duchemin\"},\"description\":\"Gabrielle est juriste sp\\u00e9cialis\\u00e9e en droit du num\\u00e9rique et de la protection sociale. Elle rejoint Mes Allocs apr\\u00e8s une premi\\u00e8re exp\\u00e9rience dans le secteur bancaire.\",\"sameAs\":[\"https:\/\/www.linkedin.com\/in\/gabrielle-duchemin-b1126214b\/\"]}]}<\/script>\n<!-- \/ Yoast SEO plugin. -->","amp_validity":null,"acf":{"faq":{"1":{"question":"Quelles sont les aides pour l'achat d'un v\u00e9lo \u00e9lectrique dans l'H\u00e9rault ?","answer":"Dans l'H\u00e9rault, en plus de l'aide accord\u00e9e par la r\u00e9gion Occitanie, vous pouvez b\u00e9n\u00e9ficier d'une aide accord\u00e9e par le d\u00e9partement \u00e0 hauteur de 250 \u20ac. "},"2":{"question":"Quelle aide pour l'achat d'un v\u00e9lo \u00e9lectrique en Occitanie ?","answer":"La r\u00e9gion Occitanie accorde une subvention \u00e0 ses habitants \u00e0 hauteur de 80 % du prix d'achat du v\u00e9lo, plafonn\u00e9 \u00e0 400 \u20ac, si vous n'\u00eates pas imposable. Pour une personne imposable, l'aide s'\u00e9l\u00e8ve \u00e0 50 % du prix d'achat, plafonn\u00e9 \u00e0 250 \u20ac. "},"3":{"question":"Quel document fournir pour l'aide \u00e0 l'achat d'un v\u00e9lo \u00e9lectrique ? ","answer":"Vous devez fournir : une copie de la facture d'achat du VAE, une copie de votre pi\u00e8ce d'identit\u00e9, une copie de votre dernier avis d'imposition et un justificatif de domicile. "},"4":{"question":"Comment se faire rembourser la prime v\u00e9lo \u00e9lectrique ? ","answer":"Vous pouvez obtenir cette aide en effectuant les d\u00e9marches en ligne sur le site du d\u00e9partement, ou par voie postale.   "},"5":{"question":"","answer":""},"6":{"question":"","answer":""},"7":{"question":"","answer":""},"8":{"question":"","answer":""},"9":{"question":"","answer":""},"10":{"question":"","answer":""},"11":{"question":"","answer":""},"12":{"question":"","answer":""},"13":{"question":"","answer":""},"14":{"question":"","answer":""},"15":{"question":"","answer":""},"16":{"question":"","answer":""}}},"_links":{"self":[{"href":"https:\/\/www.mes-allocs.fr\/guides\/wp-json\/wp\/v2\/posts\/61772","targetHints":{"allow":["GET"]}}],"collection":[{"href":"https:\/\/www.mes-allocs.fr\/guides\/wp-json\/wp\/v2\/posts"}],"about":[{"href":"https:\/\/www.mes-allocs.fr\/guides\/wp-json\/wp\/v2\/types\/post"}],"author":[{"embeddable":true,"href":"https:\/\/www.mes-allocs.fr\/guides\/wp-json\/wp\/v2\/users\/23"}],"replies":[{"embeddable":true,"href":"https:\/\/www.mes-allocs.fr\/guides\/wp-json\/wp\/v2\/comments?post=61772"}],"version-history":[{"count":8,"href":"https:\/\/www.mes-allocs.fr\/guides\/wp-json\/wp\/v2\/posts\/61772\/revisions"}],"predecessor-version":[{"id":107423,"href":"https:\/\/www.mes-allocs.fr\/guides\/wp-json\/wp\/v2\/posts\/61772\/revisions\/107423"}],"wp:featuredmedia":[{"embeddable":true,"href":"https:\/\/www.mes-allocs.fr\/guides\/wp-json\/wp\/v2\/media\/61769"}],"wp:attachment":[{"href":"https:\/\/www.mes-allocs.fr\/guides\/wp-json\/wp\/v2\/media?parent=61772"}],"wp:term":[{"taxonomy":"category","embeddable":true,"href":"https:\/\/www.mes-allocs.fr\/guides\/wp-json\/wp\/v2\/categories?post=61772"},{"taxonomy":"post_tag","embeddable":true,"href":"https:\/\/www.mes-allocs.fr\/guides\/wp-json\/wp\/v2\/tags?post=61772"}],"curies":[{"name":"wp","href":"https:\/\/api.w.org\/{rel}","templated":true}]}}