{"id":61737,"date":"2023-02-14T17:07:11","date_gmt":"2023-02-14T15:07:11","guid":{"rendered":"https:\/\/www.mes-allocs.fr\/guides\/?p=61737"},"modified":"2025-02-26T12:32:42","modified_gmt":"2025-02-26T10:32:42","slug":"aide-velo-electrique-hauts-de-france","status":"publish","type":"post","link":"https:\/\/www.mes-allocs.fr\/guides\/aide-velo-electrique\/aide-velo-region\/aide-velo-electrique-hauts-de-france\/","title":{"rendered":"Aide v\u00e9lo \u00e9lectrique Hauts-de-France : conditions, montant, d\u00e9marches"},"content":{"rendered":"<p><img loading=\"lazy\" decoding=\"async\" class=\"alignnone wp-image-61738 size-full\" title=\"aide v\u00e9lo \u00e9lectrique Hauts de France\" src=\"https:\/\/www.mes-allocs.fr\/guides\/wp-content\/uploads\/2023\/02\/pexels-flo-maderebner-623919-e1676299057660.jpg\" alt=\"aide v\u00e9lo \u00e9lectrique Hauts de France\" width=\"1280\" height=\"310\" srcset=\"https:\/\/www.mes-allocs.fr\/guides\/wp-content\/uploads\/2023\/02\/pexels-flo-maderebner-623919-e1676299057660.jpg 1280w, https:\/\/www.mes-allocs.fr\/guides\/wp-content\/uploads\/2023\/02\/pexels-flo-maderebner-623919-e1676299057660-300x73.jpg 300w, https:\/\/www.mes-allocs.fr\/guides\/wp-content\/uploads\/2023\/02\/pexels-flo-maderebner-623919-e1676299057660-1024x248.jpg 1024w, https:\/\/www.mes-allocs.fr\/guides\/wp-content\/uploads\/2023\/02\/pexels-flo-maderebner-623919-e1676299057660-768x186.jpg 768w, https:\/\/www.mes-allocs.fr\/guides\/wp-content\/uploads\/2023\/02\/pexels-flo-maderebner-623919-e1676299057660-600x145.jpg 600w\" sizes=\"auto, (max-width: 1280px) 100vw, 1280px\" \/><\/p>\n<p>Vous habitez dans les Hauts-de-France et avez pour projet d&rsquo;acqu\u00e9rir un v\u00e9lo \u00e9lectrique ? Sachez que les <a href=\"https:\/\/www.mes-allocs.fr\/guides\/prime-velo-electrique\/prime-velo-region\/\">primes r\u00e9gionales \u00e0 l&rsquo;achat d&rsquo;un v\u00e9lo<\/a> sont nombreuses. D\u00e9couvrez comment obtenir une <strong>aide v\u00e9lo \u00e9lectrique en Hauts-de-France<\/strong>.<\/p>\n<div class='cta-block'><div class='text'>Simulez toutes vos aides en 2 min.<\/div><a href='https:\/\/www.mes-allocs.fr\/ab-app?origin=guides\/wp-json\/wp\/v2\/posts\/61737' class='app-button fit'>Simulation gratuite<\/a><\/div>\n<p><iframe loading=\"lazy\" title=\"L&#039;aide au v\u00e9lo \u00e9lectrique\" width=\"500\" height=\"281\" src=\"https:\/\/www.youtube.com\/embed\/QH5GqTFaqwE?feature=oembed\" frameborder=\"0\" allow=\"accelerometer; autoplay; clipboard-write; encrypted-media; gyroscope; picture-in-picture; web-share\" referrerpolicy=\"strict-origin-when-cross-origin\" allowfullscreen><\/iframe><\/p>\n<h1>Aide \u00e0 l&rsquo;achat d&rsquo;un v\u00e9lo \u00e9lectrique dans les Hauts-de-France<\/h1>\n<p>Au sein de la r\u00e9gion des Hauts-de-France, de nombreuses aides pour l&rsquo;achat d&rsquo;un v\u00e9lo \u00e9lectrique sont propos\u00e9es aux habitants. Mes Allocs vous renseigne sur les aides disponibles dans votre r\u00e9gion.<\/p>\n<h2>Aide v\u00e9lo \u00e9lectrique de la r\u00e9gion des Hauts-de-France<\/h2>\n<p>Actuellement, la r\u00e9gion des Hauts-de-France n&rsquo;accorde pas directement d&rsquo;aide pour l&rsquo;achat d&rsquo;un <strong>v\u00e9lo \u00e0 assistance \u00e9lectrique<\/strong>. Vous pouvez cependant b\u00e9n\u00e9ficier d&rsquo;une aide si vous habitez dans la Somme (aide d\u00e9partementale) ou si vous r\u00e9sidez dans une commune attribuant une aide.<img loading=\"lazy\" decoding=\"async\" class=\"wp-image-61767 alignright\" title=\"Aide v\u00e9lo \u00e9lectrique Hauts-de-France\" src=\"https:\/\/www.mes-allocs.fr\/guides\/wp-content\/uploads\/2023\/02\/pexels-erva-yA\u00b6rA\u00bck-12796881-2-e1676309593172.jpg\" alt=\"Aide v\u00e9lo \u00e9lectrique Hauts-de-France\" width=\"262\" height=\"253\" srcset=\"https:\/\/www.mes-allocs.fr\/guides\/wp-content\/uploads\/2023\/02\/pexels-erva-yA\u00b6rA\u00bck-12796881-2-e1676309593172.jpg 1143w, https:\/\/www.mes-allocs.fr\/guides\/wp-content\/uploads\/2023\/02\/pexels-erva-yA\u00b6rA\u00bck-12796881-2-e1676309593172-300x290.jpg 300w, https:\/\/www.mes-allocs.fr\/guides\/wp-content\/uploads\/2023\/02\/pexels-erva-yA\u00b6rA\u00bck-12796881-2-e1676309593172-1024x989.jpg 1024w, https:\/\/www.mes-allocs.fr\/guides\/wp-content\/uploads\/2023\/02\/pexels-erva-yA\u00b6rA\u00bck-12796881-2-e1676309593172-768x742.jpg 768w, https:\/\/www.mes-allocs.fr\/guides\/wp-content\/uploads\/2023\/02\/pexels-erva-yA\u00b6rA\u00bck-12796881-2-e1676309593172-600x580.jpg 600w\" sizes=\"auto, (max-width: 262px) 100vw, 262px\" \/><\/p>\n<h2>Aide v\u00e9lo \u00e9lectrique du d\u00e9partement de la Somme<\/h2>\n<p>Le d\u00e9partement accorde une aide \u00e0 ses habitants pour l&rsquo;achat d&rsquo;un v\u00e9lo \u00e0 assistance \u00e9lectrique apr\u00e8s le 17 mars 2020.<\/p>\n<h3>Conditions d&rsquo;\u00e9ligibilit\u00e9 de l&rsquo;aide d\u00e9partementale<\/h3>\n<p>L&rsquo;attribution de cette aide n&rsquo;est soumise \u00e0 <strong>aucune condition de ressources<\/strong>, vous devez juste \u00eatre domicili\u00e9 dans le d\u00e9partement.<\/p>\n<p>Concernant le v\u00e9lo, celui-ci doit respecter certaines conditions :<\/p>\n<ul>\n<li>\u00eatre neuf ;<\/li>\n<li>\u00eatre un v\u00e9lo \u00e0 assistance \u00e9lectrique r\u00e9pondant aux normes europ\u00e9ennes ;<\/li>\n<li>avoir \u00e9t\u00e9 acquis apr\u00e8s le 17 mars 2020 ;<\/li>\n<li>ne doit pas utiliser une batterie au plomb ;<\/li>\n<li>ne doit pas \u00eatre revendu dans les 3 ans apr\u00e8s l&rsquo;achat.<\/li>\n<\/ul>\n<p>Le d\u00e9partement se r\u00e9serve le droit de contr\u00f4ler que les engagements pris par le b\u00e9n\u00e9ficiaire sont respect\u00e9s.<\/p>\n<p><b>\u00c0 noter :<\/b> l&rsquo;aide est cumulable avec d&rsquo;autres aides telle que le <a href=\"https:\/\/www.mes-allocs.fr\/guides\/prime-velo-electrique\/\">Bonus v\u00e9lo<\/a> de l&rsquo;\u00c9tat ou des aides locales.<\/p>\n<h3>Montant de l&rsquo;aide \u00e0 l&rsquo;achat d&rsquo;un v\u00e9lo \u00e9lectrique<\/h3>\n<p>L&rsquo;aide est attribu\u00e9e sans conditions de ressources, pour un montant correspondant \u00e0 <strong>25 % du prix d&rsquo;achat TTC<\/strong>, plafonn\u00e9 \u00e0 400 \u20ac.<\/p>\n<p>Cette subvention ne pourra \u00eatre attribu\u00e9e qu&rsquo;une seule fois par foyer fiscal.<\/p>\n<h3><img loading=\"lazy\" decoding=\"async\" class=\"alignright wp-image-61778\" title=\"aide v\u00e9lo \u00e9lectrique hauts de France\" src=\"https:\/\/www.mes-allocs.fr\/guides\/wp-content\/uploads\/2023\/02\/pexels-cytonn-photography-955394-2-e1676367020154.jpg\" alt=\"aide v\u00e9lo \u00e9lectrique hauts de France\" width=\"250\" height=\"227\" srcset=\"https:\/\/www.mes-allocs.fr\/guides\/wp-content\/uploads\/2023\/02\/pexels-cytonn-photography-955394-2-e1676367020154.jpg 940w, https:\/\/www.mes-allocs.fr\/guides\/wp-content\/uploads\/2023\/02\/pexels-cytonn-photography-955394-2-e1676367020154-300x272.jpg 300w, https:\/\/www.mes-allocs.fr\/guides\/wp-content\/uploads\/2023\/02\/pexels-cytonn-photography-955394-2-e1676367020154-768x697.jpg 768w, https:\/\/www.mes-allocs.fr\/guides\/wp-content\/uploads\/2023\/02\/pexels-cytonn-photography-955394-2-e1676367020154-600x544.jpg 600w\" sizes=\"auto, (max-width: 250px) 100vw, 250px\" \/>D\u00e9marches \u00e0 effectuer pour b\u00e9n\u00e9ficier de l&rsquo;aide<\/h3>\n<p>Pour b\u00e9n\u00e9ficier de cette aide, vous devez effectuer votre <strong>demande de subvention<\/strong> en ligne depuis la plateforme d\u00e9di\u00e9e, en cr\u00e9ant un compte.<\/p>\n<p>Vous devrez fournir certains documents tels que :<\/p>\n<ul>\n<li>copie de votre pi\u00e8ce d&rsquo;identit\u00e9 (CNI, passeport ou titre de s\u00e9jour en cours de validit\u00e9) ;<\/li>\n<li>attestation sur l&rsquo;honneur compl\u00e9t\u00e9e et sign\u00e9e ;<\/li>\n<li>justificatif de domicile ;<\/li>\n<li>RIB ;<\/li>\n<li>questionnaire informatif \u00e0 remplir ;<\/li>\n<li>facture d&rsquo;achat du v\u00e9lo.<\/li>\n<\/ul>\n<div class='cta-block'><div class='text'>Simulez toutes vos aides en 2 min.<\/div><a href='https:\/\/www.mes-allocs.fr\/ab-app?origin=guides\/wp-json\/wp\/v2\/posts\/61737' class='app-button fit'>Simulation gratuite<\/a><\/div>\n<h2>Les aides locales \u00e0 l&rsquo;achat d&rsquo;un v\u00e9lo \u00e9lectrique<\/h2>\n<p>Si vous ne r\u00e9sidez pas dans le d\u00e9partement de la Somme, vous pouvez tout de m\u00eame pr\u00e9tendre \u00e0 une aide, toujours en fonction de votre lieu de r\u00e9sidence.<\/p>\n<p>En effet, certaines <strong>collectivit\u00e9s territoriales<\/strong> accordent une subvention pour l&rsquo;achat de v\u00e9lo \u00e9lectrique. C&rsquo;est le cas de nombreuses Communaut\u00e9s de communes et d&rsquo;agglom\u00e9ration et de nombreuses villes de la r\u00e9gion.<\/p>\n<h3>L&rsquo;aide de la Communaut\u00e9s de communes de Flandre int\u00e9rieure<\/h3>\n<p>Cette collectivit\u00e9 accorde une aide pouvant atteindre <b>200 \u20ac<\/b>, \u00e0 hauteur de <b>20% du prix d&rsquo;achat<\/b>, pour un v\u00e9lo \u00e0 assistance \u00e9lectrique <b>neuf ou d&rsquo;occasion<\/b>. Pour en b\u00e9n\u00e9ficier, il faut : \u00a0\u00eatre<b> <\/b>majeur, r\u00e9sider dans une commune composant cette collectivit\u00e9 et acheter son v\u00e9lo aupr\u00e8s d&rsquo;un commer\u00e7ant du territoire.<\/p>\n<p>Plusieurs bonus existent :<\/p>\n<ul>\n<li><b>100 \u20ac<\/b> pour l&rsquo;achat d&rsquo;un <b>v\u00e9lo cargo <\/b>;<\/li>\n<li><b>100 \u20ac<\/b> pour un <b>v\u00e9lo pliant \u00e0 assistance \u00e9lectrique\u00a0<\/b>;<\/li>\n<li><b>50 \u20ac<\/b> pour un <b>v\u00e9lo pliant<\/b> ;<\/li>\n<li><b>100 \u20ac <\/b>pour un <b>v\u00e9lo adapt\u00e9 \u00e0 une situation de handicap<\/b>.<\/li>\n<\/ul>\n<p><b>\u00c0 noter <\/b>: le plafond de l&rsquo;aide peut \u00eatre <b>abond\u00e9 de 25 \u00e0 100\u20ac selon votre quotient familial.<\/b><img loading=\"lazy\" decoding=\"async\" class=\"wp-image-61776 alignright\" title=\"aide v\u00e9lo \u00e9lectrique hauts-de-france\" src=\"https:\/\/www.mes-allocs.fr\/guides\/wp-content\/uploads\/2023\/02\/bicycle-g0060525c0_640-e1676366618799.jpg\" alt=\"aide v\u00e9lo \u00e9lectrique hauts-de-france\" width=\"261\" height=\"238\" srcset=\"https:\/\/www.mes-allocs.fr\/guides\/wp-content\/uploads\/2023\/02\/bicycle-g0060525c0_640-e1676366618799.jpg 472w, https:\/\/www.mes-allocs.fr\/guides\/wp-content\/uploads\/2023\/02\/bicycle-g0060525c0_640-e1676366618799-300x273.jpg 300w\" sizes=\"auto, (max-width: 261px) 100vw, 261px\" \/><\/p>\n<h3>L&rsquo;aide de la Communaut\u00e9 des communes des Pays de Lumbres<\/h3>\n<p>La Communaut\u00e9 de communes des Pays de Lumbres propose, aux habitants de ses 36 communes, une aide \u00e0 l&rsquo;achat d&rsquo;un v\u00e9lo \u00e9lectrique. Trois aides sont pr\u00e9vues :<\/p>\n<ul>\n<li><b>20 %<\/b> du prix d&rsquo;acquisition <b>plafonn\u00e9 \u00e0 100 \u20ac<\/b> pour l&rsquo;achat d&rsquo;un <b>v\u00e9lo classique<\/b> ;<\/li>\n<li><b>20 %<\/b> du prix d&rsquo;acquisition <b>plafonn\u00e9 \u00e0 250 \u20ac<\/b> pour l&rsquo;achat d&rsquo;un <b>v\u00e9lo \u00e0 assistance \u00e9lectrique<\/b>;<\/li>\n<li><b>40 %<\/b> du prix d&rsquo;acquisition <b>plafonn\u00e9 \u00e0 500 \u20ac<\/b> pour l&rsquo;achat d&rsquo;un <b>v\u00e9lo adapt\u00e9 \u00e0 une situation de handicap<\/b>.<\/li>\n<\/ul>\n<p><b>Aucune condition de ressources <\/b>n&rsquo;est exig\u00e9e.<\/p>\n<p>Tous les v\u00e9los sont \u00e9ligibles, neuf ou d&rsquo;occasion, y compris les v\u00e9los sp\u00e9ciaux (cargo ou tricycles).<\/p>\n<p><b>\u00c0 noter <\/b>: l&rsquo;aide n&rsquo;est accord\u00e9e qu&rsquo;une seule fois par foyer, sauf pour une seconde demande concernant un v\u00e9lo adapt\u00e9 aux personnes \u00e0 mobilit\u00e9 r\u00e9duite.<\/p>\n<h3>L&rsquo;aide de la Communaut\u00e9 de communes de P\u00e9v\u00e8le Carembault<\/h3>\n<p>La Communaut\u00e9 de communes P\u00e9v\u00e8le Carembault accorde une subvention v\u00e9lo \u00e9lectrique de<b> 200 \u20ac<\/b> aux <b>habitants des 38 communes<\/b> la composant. L&rsquo;aide est accord\u00e9e <b>sans conditions de revenus.<\/b><\/p>\n<p>Pour en b\u00e9n\u00e9ficier, vous devez <b>\u00eatre majeur<\/b> et avoir acquis, <b>apr\u00e8s le 1er avril 2022<\/b>, un <b>v\u00e9lo de ville ou pliant \u00e0 assistance \u00e9lectrique<\/b> r\u00e9pondant aux normes europ\u00e9ennes.<\/p>\n<h3>L&rsquo;aide de la Communaut\u00e9 Urbaine de Dunkerque<\/h3>\n<p>Cette collectivit\u00e9 cherche \u00e0 inciter les habitants de ses 22 communes \u00e0 se d\u00e9placer en v\u00e9lo en leur proposant une aide \u00e0 l&rsquo;achat, allant <b>de 80 \u20ac \u00e0 150 \u20ac<\/b>.<\/p>\n<p>Le montant de cette aide sera de <b>80 \u20ac pour tous<\/b>, sauf pour les <b>b\u00e9n\u00e9ficiaires du RSA et de l&rsquo;ASS qui pourront percevoir une aide de 150 \u20ac.<\/b><\/p>\n<p>Pour percevoir cette subvention v\u00e9lo, vous devez acqu\u00e9rir un <b>v\u00e9lo \u00e9lectrique neuf entre le premier janvier 2024 et le 31 d\u00e9cembre 2024 <\/b>et vous engager \u00e0 <b>utiliser le v\u00e9lo pour vos d\u00e9placements quotidiens<\/b>.<\/p>\n<h3>L&rsquo;aide de la Communaut\u00e9 d&rsquo;agglom\u00e9ration du Boulonnais<\/h3>\n<p>L&rsquo;agglom\u00e9ration du Boulonnais accorde une aide pour l&rsquo;achat d&rsquo;un <b>v\u00e9lo \u00e9lectrique neuf<\/b>, allant <b>jusqu&rsquo;\u00e0 200 \u20ac<\/b>. Cette subvention s&rsquo;adresse aux <b>salari\u00e9s du priv\u00e9 et du public<\/b>, susceptibles d&rsquo;utiliser le v\u00e9lo dans leurs<b> trajets domicile-travail<\/b>. Elle est \u00e9galement accord\u00e9e aux <b>personnes en recherche d&#8217;emploi.<img loading=\"lazy\" decoding=\"async\" class=\"wp-image-61777 alignright\" title=\"aide v\u00e9lo \u00e9lectrique hauts-de-france\" src=\"https:\/\/www.mes-allocs.fr\/guides\/wp-content\/uploads\/2023\/02\/people-gbee5a0cc1_1280-e1676366721575.jpg\" alt=\"aide v\u00e9lo \u00e9lectrique hauts-de-france\" width=\"282\" height=\"254\" srcset=\"https:\/\/www.mes-allocs.fr\/guides\/wp-content\/uploads\/2023\/02\/people-gbee5a0cc1_1280-e1676366721575.jpg 1027w, https:\/\/www.mes-allocs.fr\/guides\/wp-content\/uploads\/2023\/02\/people-gbee5a0cc1_1280-e1676366721575-300x271.jpg 300w, https:\/\/www.mes-allocs.fr\/guides\/wp-content\/uploads\/2023\/02\/people-gbee5a0cc1_1280-e1676366721575-1024x925.jpg 1024w, https:\/\/www.mes-allocs.fr\/guides\/wp-content\/uploads\/2023\/02\/people-gbee5a0cc1_1280-e1676366721575-768x694.jpg 768w, https:\/\/www.mes-allocs.fr\/guides\/wp-content\/uploads\/2023\/02\/people-gbee5a0cc1_1280-e1676366721575-600x542.jpg 600w\" sizes=\"auto, (max-width: 282px) 100vw, 282px\" \/><\/b><\/p>\n<p>Vous devez avoir achet\u00e9,\u00a0<b>apr\u00e8s le 1er juin 2020<\/b>, un <b>v\u00e9lo \u00e9lectrique neuf<\/b> r\u00e9pondant \u00e0 la r\u00e9glementation en vigueur et <b>aupr\u00e8s d&rsquo;un commer\u00e7ant du territoire<\/b>. Vous devrez \u00e9galement pr\u00e9senter une attestation d&#8217;employeur pour b\u00e9n\u00e9ficier de l&rsquo;aide.<\/p>\n<h3>L&rsquo;aide de la Communaut\u00e9 de communes du Pays de Mormal<\/h3>\n<p>Cette collectivit\u00e9 propose, aux <b>habitants de ses 53 communes<\/b>, une aide \u00e0 l&rsquo;achat d&rsquo;un v\u00e9lo \u00e9lectrique pouvant atteindre <b>600 \u20ac <\/b>.<\/p>\n<p>Le montant de cette aide s&rsquo;\u00e9l\u00e8ve \u00e0 <b>30 % du prix d&rsquo;achat TTC, dans la limite de 360 \u20ac<\/b>. Il peut atteindre <b>50 % du prix d&rsquo;achat et 600 \u20ac si vous \u00eates demandeur d&#8217;emploi<\/b> et que vous b\u00e9n\u00e9ficiez de l&rsquo;ASPA, le RSA, l&rsquo;ASS ou l&rsquo;AAH.<\/p>\n<p><b>\u00c0 noter<\/b> : l&rsquo;aide est limit\u00e9e \u00e0 un seul v\u00e9lo par foyer fiscal tous les 2 ans.<\/p>\n<h3>L&rsquo;aide de la Communaut\u00e9 Urbaine d&rsquo;Arras<\/h3>\n<p>Cette communaut\u00e9 de communes accorde une aide \u00e0 hauteur de <b>30 % du prix d&rsquo;achat TTC<\/b> du v\u00e9lo, <b>plafonn\u00e9e \u00e0 300 \u20ac.<\/b> L&rsquo;aide est accord\u00e9e aux habitants d&rsquo;une des 46 communes de la collectivit\u00e9 ayant achet\u00e9 un<b> v\u00e9lo \u00e9lectrique <\/b>chez un <b>commer\u00e7ant du territoire<\/b> .<\/p>\n<p><b>\u00c0 noter<\/b> : la demande de cette aide se fait uniquement en ligne.<\/p>\n<h3>L&rsquo;aide de la Communaut\u00e9 d&rsquo;agglom\u00e9ration de Cambrai<\/h3>\n<p>Les habitants des 55 communes<b> <\/b>de cette agglom\u00e9ration peuvent profiter d&rsquo;une aide \u00e0 l&rsquo;achat de leur v\u00e9lo \u00e9lectrique <b>depuis le 1 er septembre 2022<\/b>. Pour en b\u00e9n\u00e9ficier, les habitants devront <b>\u00eatre majeurs<\/b> et <b>acheter leur v\u00e9lo neuf aupr\u00e8s d&rsquo;un commer\u00e7ant du territoire<\/b>.\u00a0Le v\u00e9lo \u00e9lectrique devra \u00e9galement respecter la r\u00e9glementation en vigueur.<\/p>\n<p>L&rsquo;aide est attribu\u00e9e \u00e0 hauteur de <b>30 % du prix TTC du v\u00e9lo, plafonn\u00e9e \u00e0 300 \u20ac <\/b>pour un <b>v\u00e9lo \u00e9lectrique neuf<\/b> et <b>150 \u20ac pour un v\u00e9lo classique<\/b>. \u00a0Le demandeur devra s&rsquo;engager \u00e0 <b>ne pas revendre le v\u00e9lo pendant 3 ans<\/b>.<\/p>\n<p><b>\u00c0 noter <\/b>: l&rsquo;aide ne peut \u00eatre accord\u00e9e qu&rsquo;une seule fois par foyer fiscal.<img loading=\"lazy\" decoding=\"async\" class=\"alignright wp-image-8317\" title=\"aide v\u00e9lo \u00e9lectrique hauts de France\" src=\"https:\/\/www.mes-allocs.fr\/guides\/wp-content\/uploads\/2020\/06\/comment-obtenir-une-prime-dallocation-sur-son-velo-electrique-1-e1676367545578.jpg\" alt=\"aide v\u00e9lo \u00e9lectrique hauts de France\" width=\"261\" height=\"226\" srcset=\"https:\/\/www.mes-allocs.fr\/guides\/wp-content\/uploads\/2020\/06\/comment-obtenir-une-prime-dallocation-sur-son-velo-electrique-1-e1676367545578.jpg 528w, https:\/\/www.mes-allocs.fr\/guides\/wp-content\/uploads\/2020\/06\/comment-obtenir-une-prime-dallocation-sur-son-velo-electrique-1-e1676367545578-300x260.jpg 300w\" sizes=\"auto, (max-width: 261px) 100vw, 261px\" \/><\/p>\n<h3>Les communes accordant une aide pour l&rsquo;achat d&rsquo;un v\u00e9lo \u00e9lectrique<\/h3>\n<p>De nombreuses <b>communes<\/b> de cette r\u00e9gion proposent une aide \u00e0 leurs habitants, c&rsquo;est notamment le cas de :<\/p>\n<ul>\n<li>Marcq-en-baroeul (59700)<\/li>\n<li>Gruson (59152)<\/li>\n<li><span style=\"font-weight: 400;\">Faches-Thumesnil (59155)<\/span><\/li>\n<li><span style=\"font-weight: 400;\">Hem (59299)<\/span><\/li>\n<li><span style=\"font-weight: 400;\">Ronchin (59790)<\/span><\/li>\n<li><span style=\"font-weight: 400;\">Madeleine (59110)<\/span><\/li>\n<li><span style=\"font-weight: 400;\">Wasquehal (59290)<\/span><\/li>\n<li><span style=\"font-weight: 400;\">Divion (62460)<\/span><\/li>\n<li><span style=\"font-weight: 400;\">Marquette-lez-lille (59520)<\/span><\/li>\n<li>etc<\/li>\n<\/ul>\n<p><b>\u00c0 noter : les aides locales sont souvent cumulables avec le\u00a0montant du Bonus v\u00e9lo (aide nationale).\u00a0<\/b><\/p>\n<div class='cta-block'><div class='text'>Simulez toutes vos aides en 2 min.<\/div><a href='https:\/\/www.mes-allocs.fr\/ab-app?origin=guides\/wp-json\/wp\/v2\/posts\/61737' class='app-button fit'>Simulation gratuite<\/a><\/div>\n","protected":false},"excerpt":{"rendered":"<p>Vous habitez dans les Hauts-de-France et avez pour projet d&rsquo;acqu\u00e9rir un v\u00e9lo \u00e9lectrique ? Sachez que les primes r\u00e9gionales \u00e0 l&rsquo;achat d&rsquo;un v\u00e9lo sont nombreuses. D\u00e9couvrez comment obtenir une aide v\u00e9lo \u00e9lectrique en Hauts-de-France. Aide \u00e0 l&rsquo;achat d&rsquo;un v\u00e9lo \u00e9lectrique dans les Hauts-de-France Au sein de la r\u00e9gion des Hauts-de-France, de nombreuses aides pour l&rsquo;achat [&hellip;]<\/p>\n","protected":false},"author":23,"featured_media":61770,"comment_status":"closed","ping_status":"open","sticky":false,"template":"","format":"standard","meta":{"amp_status":"","footnotes":""},"categories":[43598,13817],"tags":[],"class_list":["post-61737","post","type-post","status-publish","format-standard","has-post-thumbnail","hentry","category-aide-velo-electrique","category-aide-velo-region"],"yoast_head":"<!-- This site is optimized with the Yoast SEO plugin v14.9 - https:\/\/yoast.com\/wordpress\/plugins\/seo\/ -->\n<title>Aide v\u00e9lo \u00e9lectrique Hauts-de-France : conditions, montant, d\u00e9marches<\/title>\n<meta name=\"description\" content=\"De nombreuses collectivit\u00e9s de la r\u00e9gion des Hauts-de-France proposent une aide \u00e0 l&#039;achat d&#039;un v\u00e9lo \u00e9lectrique. Mes Allocs vous informe.\" \/>\n<meta name=\"robots\" content=\"index, follow, max-snippet:-1, max-image-preview:large, max-video-preview:-1\" \/>\n<link rel=\"canonical\" href=\"https:\/\/www.mes-allocs.fr\/guides\/aide-velo-electrique\/aide-velo-region\/aide-velo-electrique-hauts-de-france\/\" \/>\n<meta property=\"og:locale\" content=\"fr_FR\" \/>\n<meta property=\"og:type\" content=\"article\" \/>\n<meta property=\"og:title\" content=\"Aide v\u00e9lo \u00e9lectrique Hauts-de-France : conditions, montant, d\u00e9marches\" \/>\n<meta property=\"og:description\" content=\"De nombreuses collectivit\u00e9s de la r\u00e9gion des Hauts-de-France proposent une aide \u00e0 l&#039;achat d&#039;un v\u00e9lo \u00e9lectrique. Mes Allocs vous informe.\" \/>\n<meta property=\"og:url\" content=\"https:\/\/www.mes-allocs.fr\/guides\/aide-velo-electrique\/aide-velo-region\/aide-velo-electrique-hauts-de-france\/\" \/>\n<meta property=\"og:site_name\" content=\"Mes-Allocs.fr\" \/>\n<meta property=\"article:published_time\" content=\"2023-02-14T15:07:11+00:00\" \/>\n<meta property=\"article:modified_time\" content=\"2025-02-26T10:32:42+00:00\" \/>\n<meta property=\"og:image\" content=\"https:\/\/www.mes-allocs.fr\/guides\/wp-content\/uploads\/2023\/02\/bicycle-gf65012084_1280-e1676310033549.jpg?wsr\" \/>\n\t<meta property=\"og:image:width\" content=\"812\" \/>\n\t<meta property=\"og:image:height\" content=\"720\" \/>\n<meta name=\"twitter:card\" content=\"summary_large_image\" \/>\n<script type=\"application\/ld+json\" class=\"yoast-schema-graph\">{\"@context\":\"https:\/\/schema.org\",\"@graph\":[{\"@type\":\"WebSite\",\"@id\":\"https:\/\/www.mes-allocs.fr\/guides\/#website\",\"url\":\"https:\/\/www.mes-allocs.fr\/guides\/\",\"name\":\"Mes-Allocs.fr\",\"description\":\"\",\"potentialAction\":[{\"@type\":\"SearchAction\",\"target\":\"https:\/\/www.mes-allocs.fr\/guides\/?s={search_term_string}\",\"query-input\":\"required name=search_term_string\"}],\"inLanguage\":\"fr-FR\"},{\"@type\":\"ImageObject\",\"@id\":\"https:\/\/www.mes-allocs.fr\/guides\/aide-velo-electrique\/aide-velo-region\/aide-velo-electrique-hauts-de-france\/#primaryimage\",\"inLanguage\":\"fr-FR\",\"url\":\"https:\/\/www.mes-allocs.fr\/guides\/wp-content\/uploads\/2023\/02\/bicycle-gf65012084_1280-e1676310033549.jpg?wsr\",\"width\":812,\"height\":720,\"caption\":\"aide v\\u00e9lo \\u00e9lectrique Hauts-de-France\"},{\"@type\":\"WebPage\",\"@id\":\"https:\/\/www.mes-allocs.fr\/guides\/aide-velo-electrique\/aide-velo-region\/aide-velo-electrique-hauts-de-france\/#webpage\",\"url\":\"https:\/\/www.mes-allocs.fr\/guides\/aide-velo-electrique\/aide-velo-region\/aide-velo-electrique-hauts-de-france\/\",\"name\":\"Aide v\\u00e9lo \\u00e9lectrique Hauts-de-France : conditions, montant, d\\u00e9marches\",\"isPartOf\":{\"@id\":\"https:\/\/www.mes-allocs.fr\/guides\/#website\"},\"primaryImageOfPage\":{\"@id\":\"https:\/\/www.mes-allocs.fr\/guides\/aide-velo-electrique\/aide-velo-region\/aide-velo-electrique-hauts-de-france\/#primaryimage\"},\"datePublished\":\"2023-02-14T15:07:11+00:00\",\"dateModified\":\"2025-02-26T10:32:42+00:00\",\"author\":{\"@id\":\"https:\/\/www.mes-allocs.fr\/guides\/#\/schema\/person\/c3664ba41f27bc0d9f3683bf3906300c\"},\"description\":\"De nombreuses collectivit\\u00e9s de la r\\u00e9gion des Hauts-de-France proposent une aide \\u00e0 l'achat d'un v\\u00e9lo \\u00e9lectrique. Mes Allocs vous informe.\",\"inLanguage\":\"fr-FR\"},{\"@type\":\"Person\",\"@id\":\"https:\/\/www.mes-allocs.fr\/guides\/#\/schema\/person\/c3664ba41f27bc0d9f3683bf3906300c\",\"name\":\"Gabrielle Duchemin\",\"image\":{\"@type\":\"ImageObject\",\"@id\":\"https:\/\/www.mes-allocs.fr\/guides\/#personlogo\",\"inLanguage\":\"fr-FR\",\"url\":\"https:\/\/www.mes-allocs.fr\/guides\/wp-content\/uploads\/2023\/02\/386E5DFE-70F4-4932-B10B-B3E8F5AC454D-e1677586370944-150x150.jpg\",\"caption\":\"Gabrielle Duchemin\"},\"description\":\"Gabrielle est juriste sp\\u00e9cialis\\u00e9e en droit du num\\u00e9rique et de la protection sociale. Elle rejoint Mes Allocs apr\\u00e8s une premi\\u00e8re exp\\u00e9rience dans le secteur bancaire.\",\"sameAs\":[\"https:\/\/www.linkedin.com\/in\/gabrielle-duchemin-b1126214b\/\"]}]}<\/script>\n<!-- \/ Yoast SEO plugin. -->","amp_validity":null,"acf":{"faq":{"1":{"question":"La r\u00e9gion des Hauts-de-France propose-t-elle une aide ? ","answer":"Non, aucune aide n'est propos\u00e9e par la r\u00e9gion directement. Vous devez vous tourner vers votre d\u00e9partement ou votre commune.   "},"2":{"question":"Les aides des Hauts-de-France sont-elles cumulables avec l'aide de l'\u00c9tat ? ","answer":"La plupart de ces aides sont cumulables avec l'aide de l'\u00c9tat. Il est pr\u00e9f\u00e9rable de vous tourner vers votre collectivit\u00e9 afin d'en avoir la confirmation. "},"3":{"question":"O\u00f9 acheter mon v\u00e9lo \u00e9lectrique ? ","answer":"Chaque collectivit\u00e9 dresse g\u00e9n\u00e9ralement une liste des commer\u00e7ant partenaires, vous permettant d'obtenir l'aide \u00e0 l'achat de votre v\u00e9lo \u00e9lectrique. "},"4":{"question":"","answer":""},"5":{"question":"","answer":""},"6":{"question":"","answer":""},"7":{"question":"","answer":""},"8":{"question":"","answer":""},"9":{"question":"","answer":""},"10":{"question":"","answer":""},"11":{"question":"","answer":""},"12":{"question":"","answer":""},"13":{"question":"","answer":""},"14":{"question":"","answer":""},"15":{"question":"","answer":""},"16":{"question":"","answer":""}}},"_links":{"self":[{"href":"https:\/\/www.mes-allocs.fr\/guides\/wp-json\/wp\/v2\/posts\/61737","targetHints":{"allow":["GET"]}}],"collection":[{"href":"https:\/\/www.mes-allocs.fr\/guides\/wp-json\/wp\/v2\/posts"}],"about":[{"href":"https:\/\/www.mes-allocs.fr\/guides\/wp-json\/wp\/v2\/types\/post"}],"author":[{"embeddable":true,"href":"https:\/\/www.mes-allocs.fr\/guides\/wp-json\/wp\/v2\/users\/23"}],"replies":[{"embeddable":true,"href":"https:\/\/www.mes-allocs.fr\/guides\/wp-json\/wp\/v2\/comments?post=61737"}],"version-history":[{"count":31,"href":"https:\/\/www.mes-allocs.fr\/guides\/wp-json\/wp\/v2\/posts\/61737\/revisions"}],"predecessor-version":[{"id":91027,"href":"https:\/\/www.mes-allocs.fr\/guides\/wp-json\/wp\/v2\/posts\/61737\/revisions\/91027"}],"wp:featuredmedia":[{"embeddable":true,"href":"https:\/\/www.mes-allocs.fr\/guides\/wp-json\/wp\/v2\/media\/61770"}],"wp:attachment":[{"href":"https:\/\/www.mes-allocs.fr\/guides\/wp-json\/wp\/v2\/media?parent=61737"}],"wp:term":[{"taxonomy":"category","embeddable":true,"href":"https:\/\/www.mes-allocs.fr\/guides\/wp-json\/wp\/v2\/categories?post=61737"},{"taxonomy":"post_tag","embeddable":true,"href":"https:\/\/www.mes-allocs.fr\/guides\/wp-json\/wp\/v2\/tags?post=61737"}],"curies":[{"name":"wp","href":"https:\/\/api.w.org\/{rel}","templated":true}]}}