{"id":6173,"date":"2020-05-20T14:30:18","date_gmt":"2020-05-20T14:30:18","guid":{"rendered":"https:\/\/www.mes-allocs.fr\/guides\/?p=6173"},"modified":"2026-04-24T13:55:21","modified_gmt":"2026-04-24T12:55:21","slug":"aide-handicap","status":"publish","type":"post","link":"https:\/\/www.mes-allocs.fr\/guides\/aide-par-situation\/aide-handicap\/","title":{"rendered":"Les aides financi\u00e8res pour les personnes en situation de handicap"},"content":{"rendered":"<p style=\"text-align: justify;\"><a href=\"https:\/\/www.mes-allocs.fr\/guides\/wp-content\/uploads\/2020\/05\/Les-aides-financie\u0300res-pour-les-personnes-en-situation-de-handicap-e1589322158962.jpg\"><img loading=\"lazy\" decoding=\"async\" class=\"aligncenter size-full wp-image-6556\" src=\"https:\/\/www.mes-allocs.fr\/guides\/wp-content\/uploads\/2020\/05\/Les-aides-financie\u0300res-pour-les-personnes-en-situation-de-handicap-e1589322158962.jpg\" alt=\"Les aides financie\u0300res pour les personnes en situation de handicap\" width=\"1280\" height=\"294\" srcset=\"https:\/\/www.mes-allocs.fr\/guides\/wp-content\/uploads\/2020\/05\/Les-aides-financie\u0300res-pour-les-personnes-en-situation-de-handicap-e1589322158962.jpg 1280w, https:\/\/www.mes-allocs.fr\/guides\/wp-content\/uploads\/2020\/05\/Les-aides-financie\u0300res-pour-les-personnes-en-situation-de-handicap-e1589322158962-300x69.jpg 300w, https:\/\/www.mes-allocs.fr\/guides\/wp-content\/uploads\/2020\/05\/Les-aides-financie\u0300res-pour-les-personnes-en-situation-de-handicap-e1589322158962-1024x235.jpg 1024w, https:\/\/www.mes-allocs.fr\/guides\/wp-content\/uploads\/2020\/05\/Les-aides-financie\u0300res-pour-les-personnes-en-situation-de-handicap-e1589322158962-768x176.jpg 768w, https:\/\/www.mes-allocs.fr\/guides\/wp-content\/uploads\/2020\/05\/Les-aides-financie\u0300res-pour-les-personnes-en-situation-de-handicap-e1589322158962-600x138.jpg 600w\" sizes=\"auto, (max-width: 1280px) 100vw, 1280px\" \/><\/a><strong>Les aides financi\u00e8res pour les personnes en situation de handicap vont de l&rsquo;allocation d\u2019\u00e9ducation de l\u2019enfant handicap\u00e9 (AEEH) \u00e0 l&rsquo;aide sociale \u00e0 l&rsquo;h\u00e9bergement (ASH). Lisez cet article pour conna\u00eetre toutes les aides.<\/strong><\/p>\n<div class='cta-block'><div class='text'>Simulez toutes vos aides en 2 min.<\/div><a href='https:\/\/www.mes-allocs.fr\/ab-app?origin=guides\/wp-json\/wp\/v2\/posts\/6173' class='app-button fit'>Simulation gratuite<\/a><\/div>\n<h1 id=\"allocation-deducation-de-lenfant-handicape-aeeh\">L&rsquo;allocation d\u2019\u00e9ducation de l\u2019enfant handicap\u00e9 (AEEH)<\/h1>\n<h2>Qu&rsquo;est-ce que l&rsquo;allocation de l&rsquo;enfant handicap\u00e9 ?<\/h2>\n<p>L&rsquo;allocation d&rsquo;\u00e9ducation de l&rsquo;enfant handicap\u00e9 (AEEH) sert \u00e0 accompagner financi\u00e8rement les parents en charge d&rsquo;en enfant en situation de handicap. L&rsquo;AEEH compense donc :<\/p>\n<ul>\n<li>les frais d&rsquo;\u00e9ducation<\/li>\n<li>le co\u00fbt des soins m\u00e9dicaux<\/li>\n<\/ul>\n<p>Elle est vers\u00e9 par la Caisse d&rsquo;allocations familiales (CAF) ou la Mutualit\u00e9 Sociale Agricole (MSA), aux personnes qui assument la charge de l&rsquo;enfant.<\/p>\n<h2>Quelles sont les conditions \u00e0 remplir ?<\/h2>\n<ul>\n<li>\u00e2ge de l&rsquo;enfant;<\/li>\n<li>taux d&rsquo;incapacit\u00e9;<\/li>\n<li>r\u00e9sidence en France;<\/li>\n<li>etc.<\/li>\n<\/ul>\n<h1>Quelles sont les d\u00e9marches \u00e0 effectuer ?<\/h1>\n<p>La demande d&rsquo;AEEH doit \u00eatre adress\u00e9e \u00e0 la MDPH (Maison D\u00e9partementale des Personnes Handicap\u00e9es). Il suffit de remplir un formulaire, en joignant les justificatifs suivants :<\/p>\n<ul>\n<li>certificat m\u00e9dical;<\/li>\n<li>copie de la carte d&rsquo;identit\u00e9 du demandeur;<\/li>\n<li>etc.<\/li>\n<\/ul>\n<h2>Quel est le montant de l&rsquo;aide ?<\/h2>\n<p>Le montant de l&rsquo;AEEH est de 151.80\u20ac par mois. Sachez que des aides compl\u00e9mentaires peuvent \u00eatre accord\u00e9es sous certaines conditions.<\/p>\n<h2>Existe-t-il un compl\u00e9ment ?<\/h2>\n<div id=\"Un-compl\u00e9ment-pour-l\u2019enfant-handicap\u00e9\" class=\"ancres\" data-identifier=\"paragraph-21\">\n<p>Vous pouvez b\u00e9n\u00e9ficier d&rsquo;un compl\u00e9ment pour enfant handicap\u00e9, si vous :<\/p>\n<ul>\n<li>\u00cates parent d&rsquo;un enfant handicap\u00e9 de moins de 20 ans,<\/li>\n<li>Avez r\u00e9duit ou arr\u00eat\u00e9 votre professionnelle.<\/li>\n<\/ul>\n<p>Ce compl\u00e9ment s&rsquo;ajoute \u00e0 l&rsquo;allocation de l&rsquo;enfant handicap\u00e9 (AEEH), dont le montant est de 149,26 \u20ac euros au 1er janvier 2025. Il est vers\u00e9 par la Caisse d&rsquo;allocations familiales (CAF). N\u00e9anmoins, il faut faire la demande \u00e0 la Maison d\u00e9partementale des personnes handicap\u00e9es (MDPH).<\/p>\n<\/div>\n<p>Par ailleurs, une majoration peut vous \u00eatre accord\u00e9e en fonction du niveau de handicap de votre enfant.<\/p>\n<p><iframe loading=\"lazy\" title=\"L&#039;AEEH\" width=\"500\" height=\"281\" src=\"https:\/\/www.youtube.com\/embed\/PP6M77uZbEE?feature=oembed\" frameborder=\"0\" allow=\"accelerometer; autoplay; clipboard-write; encrypted-media; gyroscope; picture-in-picture; web-share\" referrerpolicy=\"strict-origin-when-cross-origin\" allowfullscreen><\/iframe><\/p>\n<h1 id=\"allocation-aux-adultes-handicapes-aah\">L&rsquo;allocation aux adultes handicap\u00e9s (AAH)<\/h1>\n<h2>Qu&rsquo;est-ce que l&rsquo;allocation aux adultes handicap\u00e9s ?<\/h2>\n<p style=\"text-align: justify;\">L&rsquo;allocation aux adultes handicap\u00e9es (AAH) est attribu\u00e9e par la CDAPH (Commission des droits et de l&rsquo;autonomie des personnes handicap\u00e9es). Les conditions d&rsquo;octroi et les d\u00e9marches administratives sont identiques \u00e0 l&rsquo;AAEH.<\/p>\n<p style=\"text-align: justify;\">L&rsquo;AAEH permet \u00e0 une personne en situation de handicap de b\u00e9n\u00e9ficier d&rsquo;un revenu minimum.<\/p>\n<p style=\"text-align: justify;\">Le 1er janvier 202, l&rsquo;AAH est d\u00e9sormais de <b>1 033,32 <\/b><strong><span class=\"prix\">\u20ac<\/span><\/strong>\u00a0maximum.<\/p>\n<h2 id=\"le-complement-de-ressources-aah\">Le compl\u00e9ment de ressources AAH<\/h2>\n<p style=\"text-align: justify;\">Le <strong>compl\u00e9ment de ressources AAH<\/strong> est une prestation forfaitaire, qui accompagne l&rsquo;allocation aux adultes handicap\u00e9s (AAH). Ce compl\u00e9ment sert \u00e0 constituer ce qui est appel\u00e9 la \u00ab\u00a0garantie de ressources\u00a0\u00bb.<\/p>\n<p style=\"text-align: justify;\">Il est octroy\u00e9 par la CDAPH en fonction des conditions suivantes :<\/p>\n<ul style=\"text-align: justify;\">\n<li>Vivre dans un logement ind\u00e9pendant,<\/li>\n<li>Avoir un taux d\u2019incapacit\u00e9 sup\u00e9rieur ou \u00e9gal \u00e0 80 %,<\/li>\n<li>etc.<\/li>\n<\/ul>\n<p style=\"text-align: justify;\">Il est destin\u00e9 \u00e0 compenser l&rsquo;absence prolong\u00e9e de revenus du b\u00e9n\u00e9ficiaire, qui est dans l&rsquo;impossibilit\u00e9 de travailler du fait de son handicap.<\/p>\n<p>Pour obtenir ce compl\u00e9ment de ressources, il faut aller \u00e0 la MDPH et remplir le formulaire fourni, accompagn\u00e9 des pi\u00e8ces justificatives demand\u00e9es.<\/p>\n<p>Le montant de cette aide s&rsquo;\u00e9l\u00e8ve \u00e0 179,31 \u20ac. Elle est attribu\u00e9e pour une dur\u00e9 de 1 \u00e0 5 ans. Ce financement peut \u00eatre prolong\u00e9 si l&rsquo;\u00e9tat de sant\u00e9 du b\u00e9n\u00e9ficiaire l&rsquo;exige. Elle est vers\u00e9e par la CAF ou la MSA.<\/p>\n<h1 id=\"la-majoration-pour-la-vie-autonome-mva\">La majoration pour la vie autonome (MVA)<\/h1>\n<h2>Qu&rsquo;est-ce que la majoration pour la vie autonome ?<\/h2>\n<p>La majoration pour la vie autonome est une prestation forfaitaire mensuelle qui s&rsquo;ajoute \u00e0 l&rsquo;allocation aux adultes handicap\u00e9s (AAH).<\/p>\n<p>Elle permet aux personnes en situation de handicap vivant dans un logement, de faire face aux d\u00e9penses que cela implique.<\/p>\n<p>L\u2019octroi de cette aide est soumis \u00e0 conditions\u00a0:<\/p>\n<ul>\n<li>Percevoir l\u2019AAH;<\/li>\n<li>Atteindre un certain taux d\u2019incapacit\u00e9;<\/li>\n<li>R\u00e9sider dans un logement ind\u00e9pendant, etc.<\/li>\n<\/ul>\n<h2>Quel est le montant de la majoration pour la vie autonome ?<\/h2>\n<p>Le montant de la majoration pour la vie autonome s\u2019\u00e9l\u00e8ve \u00e0 104,77 \u20ac par mois en 2025. La prestation est vers\u00e9e par la CAF ou la MSA.<\/p>\n<div class=\"sep-top sep-bottom\">\n<p class=\"ft-yellow ft-b h5\" data-api-field=\"title\" data-api-content=\"text\">Depuis 2019, le gouvernement a fusionn\u00e9 le compl\u00e9ment de ressources AAH et la majoration pour la vie autonome.<\/p>\n<p data-api-field=\"title\" data-api-content=\"text\"><div class='cta-block'><div class='text'>Simulez toutes vos aides en 2 min.<\/div><a href='https:\/\/www.mes-allocs.fr\/ab-app?origin=guides\/wp-json\/wp\/v2\/posts\/6173' class='app-button fit'>Simulation gratuite<\/a><\/div><\/p>\n<\/div>\n<h1 id=\"la-prestation-de-compensation-du-handicap-pch\">La prestation de compensation du handicap (PCH)<\/h1>\n<h2>\u00c0 qui s&rsquo;adresse la PCH ?<\/h2>\n<p>La <a href=\"https:\/\/www.mes-allocs.fr\/guides\/aide-par-situation\/aide-handicap\/pch\/\">prestation de compensation du handicap (PCH)<\/a> s&rsquo;adresse aux personnes handicap\u00e9es vivant \u00e0 domicile ou chez un aidant familial.<\/p>\n<p>Elle est vers\u00e9e par le d\u00e9partement et attribu\u00e9e par la CDAPH, \u00e0 vie si l&rsquo;\u00e9tat du b\u00e9n\u00e9ficiaire ne s&rsquo;am\u00e9liore pas. La PCH est une aide qui regroupe en r\u00e9alit\u00e9 6 prestations :<\/p>\n<ul>\n<li>L\u2019aide humaine;<\/li>\n<li>L\u2019aide technique;<\/li>\n<li>L\u2019aide \u00e0 l\u2019am\u00e9nagement du logement;<\/li>\n<li>L\u2019aide au transport;<\/li>\n<li>Les aides sp\u00e9cifiques ou exceptionnelles;<\/li>\n<li>L\u2019aide animali\u00e8re<\/li>\n<\/ul>\n<p>Pour chacune d&rsquo;entre elles, la prise en charge peut \u00eatre effectu\u00e9e \u00e0 taux plein ou \u00e0 taux partiel.<\/p>\n<h2>L&rsquo;aide humaine<\/h2>\n<p style=\"text-align: justify;\"><strong>Taux de prise en charge de l&rsquo;aide humaine : <\/strong><\/p>\n\n<div class=\"wpdt-c row wpDataTableContainerSimpleTable wpDataTables wpDataTablesWrapper\n wdtscroll\"\n    >\n    <table id=\"wpdtSimpleTable-109\"\n           class=\"wpdtSimpleTable wpDataTable\"\n           data-column=\"3\"\n           data-rows=\"5\"\n           data-wpID=\"109\"\n           data-responsive=\"0\"\n           data-has-header=\"1\">\n\n                    <thead>        <tr class=\"wpdt-cell-row \" >\n                            <th class=\"wpdt-cell wpdt-bc-F3F9FE wpdt-bold\"\n                                    data-cell-id=\"A1\"\n                data-col-index=\"0\"\n                data-row-index=\"0\"\n                style=\" width:208px;                padding:10px;\"\n                >\n                                Aides concern\u00e9es                <\/th>\n                                            <th class=\"wpdt-cell wpdt-bc-F3F9FE wpdt-wrap-text wpdt-bold\"\n                                    data-cell-id=\"B1\"\n                data-col-index=\"1\"\n                data-row-index=\"0\"\n                style=\" width:332px;                padding:10px;\"\n                >\n                                Prise en charge \u00e0 taux plein                <\/th>\n                                            <th class=\"wpdt-cell wpdt-bc-F3F9FE wpdt-wrap-text wpdt-bold\"\n                                    data-cell-id=\"C1\"\n                data-col-index=\"2\"\n                data-row-index=\"0\"\n                style=\" width:353px;                padding:10px;\"\n                >\n                                Prise en charge \u00e0 taux partiel                <\/th>\n                                        <\/tr>\n                    <tbody>        <tr class=\"wpdt-cell-row \" >\n                            <td class=\"wpdt-cell wpdt-align-center wpdt-valign-middle wpdt-wrap-text\"\n                                    data-cell-id=\"A2\"\n                data-col-index=\"0\"\n                data-row-index=\"1\"\n                style=\"                padding:10px;\"\n                >\n                                Emploi direct d'une tierce personne                <\/td>\n                                            <td class=\"wpdt-cell wpdt-bc-FFFFFF\"\n                                    data-cell-id=\"B2\"\n                data-col-index=\"1\"\n                data-row-index=\"1\"\n                style=\"                padding:10px;\"\n                >\n                                100 % dans la limite de 18,96 \u20ac l'heure ou 19,71 \u20ac en cas de soins ou d'aspirations indo-trach\u00e9ales                <\/td>\n                                            <td class=\"wpdt-cell \"\n                                    data-cell-id=\"C2\"\n                data-col-index=\"2\"\n                data-row-index=\"1\"\n                style=\"                padding:10px;\"\n                >\n                                80 % dans la limite de 18,96 \u20ac l'heure ou 19,71 \u20ac en cas de soins ou d'aspirations indo-trach\u00e9ales                <\/td>\n                                        <\/tr>\n                            <tr class=\"wpdt-cell-row \" >\n                            <td class=\"wpdt-cell \"\n                                    data-cell-id=\"A3\"\n                data-col-index=\"0\"\n                data-row-index=\"2\"\n                style=\"                padding:10px;\"\n                >\n                                Recours \u00e0 un service mandataire                <\/td>\n                                            <td class=\"wpdt-cell \"\n                                    data-cell-id=\"B3\"\n                data-col-index=\"1\"\n                data-row-index=\"2\"\n                style=\"                padding:10px;\"\n                >\n                                100 % dans la limite de 20,86 \u20ac ou 21,68 \u20ac en cas de soins ou d'aspirations indo-trach\u00e9ales                <\/td>\n                                            <td class=\"wpdt-cell \"\n                                    data-cell-id=\"C3\"\n                data-col-index=\"2\"\n                data-row-index=\"2\"\n                style=\"                padding:10px;\"\n                >\n                                80 % dans la limite de 20,86 \u20ac ou 21,68 \u20ac en cas de soins ou d'aspirations indo-trach\u00e9ales                <\/td>\n                                        <\/tr>\n                            <tr class=\"wpdt-cell-row \" >\n                            <td class=\"wpdt-cell \"\n                                    data-cell-id=\"A4\"\n                data-col-index=\"0\"\n                data-row-index=\"3\"\n                style=\"                padding:10px;\"\n                >\n                                Service prestataire agr\u00e9\u00e9                <\/td>\n                                            <td class=\"wpdt-cell \"\n                                    data-cell-id=\"B4\"\n                data-col-index=\"1\"\n                data-row-index=\"3\"\n                style=\"                padding:10px;\"\n                >\n                                100 % dans la limite de 24,58 \u20ac l'heure ou dans la limite du montant fix\u00e9 entre le service prestataire et le d\u00e9partement                <\/td>\n                                            <td class=\"wpdt-cell \"\n                                    data-cell-id=\"C4\"\n                data-col-index=\"2\"\n                data-row-index=\"3\"\n                style=\"                padding:10px;\"\n                >\n                                80 % dans la limite 24,58 \u20ac l'heure ou dans la limite du montant fix\u00e9 entre le service prestataire et le d\u00e9partement                <\/td>\n                                        <\/tr>\n                            <tr class=\"wpdt-cell-row \" >\n                            <td class=\"wpdt-cell \"\n                                    data-cell-id=\"A5\"\n                data-col-index=\"0\"\n                data-row-index=\"4\"\n                style=\"                padding:10px;\"\n                >\n                                 Accueillant familial                <\/td>\n                                            <td class=\"wpdt-cell \"\n                                    data-cell-id=\"B5\"\n                data-col-index=\"1\"\n                data-row-index=\"4\"\n                style=\"                padding:10px;\"\n                >\n                                D\u00e9dommagement \u00e0 hauteur de 4,69 \u20ac l'heure ou 7,04 \u20ac\u00a0par heure,\u00a0si l'aidant r\u00e9duit ou abandonne son activit\u00e9 professionnelle                <\/td>\n                                            <td class=\"wpdt-cell \"\n                                    data-cell-id=\"C5\"\n                data-col-index=\"2\"\n                data-row-index=\"4\"\n                style=\"                padding:10px;\"\n                >\n                                80 % et d\u00e9dommagement \u00e0 hauteur de 4,69 \u20ac l'heure ou 7,04 \u20ac\u00a0par heure\u00a0si l'aidant r\u00e9duit ou abandonne son activit\u00e9 professionnelle                <\/td>\n                                        <\/tr>\n                    <\/table>\n<\/div><style id='wpdt-custom-style-109'>\n.wpdt-bc-F3F9FE { background-color: #F3F9FE !important;}\n.wpdt-bc-FFFFFF { background-color: #FFFFFF !important;}\n<\/style>\n\n<h2>L&rsquo;aide technique<\/h2>\n<p>L&rsquo;aide technique sert \u00e0 financer l&rsquo;achat ou la location de mat\u00e9riel pour une personne en situation de handicap (un fauteuil roulant, par exemple).<\/p>\n<p>Le remboursement de l&rsquo;aide d\u00e9pend de sa pr\u00e9sence sur la\u00a0liste des produits et prestations remboursables (LPPR) par la S\u00e9curit\u00e9 sociale. Renseignez-vous aupr\u00e8s de votre caisse maladie pour plus d&rsquo;informations.<\/p>\n<p style=\"text-align: justify;\"><strong>Taux de prise en charge de l&rsquo;aide technique :\u00a0<\/strong><\/p>\n\n<div class=\"wpdt-c row wpDataTableContainerSimpleTable wpDataTables wpDataTablesWrapper\n\"\n    >\n    <table id=\"wpdtSimpleTable-399\"\n           class=\"wpdtSimpleTable wpDataTable\"\n           data-column=\"3\"\n           data-rows=\"3\"\n           data-wpID=\"399\"\n           data-responsive=\"0\"\n           data-has-header=\"1\">\n\n                    <thead>        <tr class=\"wpdt-cell-row \" >\n                            <th class=\"wpdt-cell wpdt-bc-F3F9FE wpdt-bold\"\n                                    data-cell-id=\"A1\"\n                data-col-index=\"0\"\n                data-row-index=\"0\"\n                style=\" width:32.692307692308%;                padding:10px;\"\n                >\n                                Aides                <\/th>\n                                            <th class=\"wpdt-cell wpdt-bc-F3F9FE wpdt-bold\"\n                                    data-cell-id=\"B1\"\n                data-col-index=\"1\"\n                data-row-index=\"0\"\n                style=\" width:34.615384615385%;                padding:10px;\"\n                >\n                                Prise en charge \u00e0 taux plein                <\/th>\n                                            <th class=\"wpdt-cell wpdt-bc-F3F9FE wpdt-bold\"\n                                    data-cell-id=\"C1\"\n                data-col-index=\"2\"\n                data-row-index=\"0\"\n                style=\" width:32.692307692308%;                padding:10px;\"\n                >\n                                Prise en charge \u00e0 taux partiel                <\/th>\n                                        <\/tr>\n                    <tbody>        <tr class=\"wpdt-cell-row \" >\n                            <td class=\"wpdt-cell \"\n                                    data-cell-id=\"A2\"\n                data-col-index=\"0\"\n                data-row-index=\"1\"\n                style=\"                padding:10px;\"\n                >\n                                Aide inclues dans la LPPR                <\/td>\n                                            <td class=\"wpdt-cell \"\n                                    data-cell-id=\"B2\"\n                data-col-index=\"1\"\n                data-row-index=\"1\"\n                style=\"                padding:10px;\"\n                >\n                                \u00c0 100 % dans la limite de 3\u00a0960\u00a0\u20ac pour 3 ans.Si l'aide technique est d'au moins 3\u00a0000\u00a0\u20ac, ce seuil est major\u00e9 des tarifs concern\u00e9s, apr\u00e8s d\u00e9duction attribu\u00e9e par la S\u00e9curit\u00e9 sociale.\u00a0                <\/td>\n                                            <td class=\"wpdt-cell \"\n                                    data-cell-id=\"C2\"\n                data-col-index=\"2\"\n                data-row-index=\"1\"\n                style=\"                padding:10px;\"\n                >\n                                \u00c0 80 % dans la limite de 3\u00a0960\u00a0\u20ac par p\u00e9riode de 3 ans\n                <\/td>\n                                        <\/tr>\n                            <tr class=\"wpdt-cell-row \" >\n                            <td class=\"wpdt-cell \"\n                                    data-cell-id=\"A3\"\n                data-col-index=\"0\"\n                data-row-index=\"2\"\n                style=\"                padding:10px;\"\n                >\n                                Aide ne figurant pas sur la LPPR                <\/td>\n                                            <td class=\"wpdt-cell \"\n                                    data-cell-id=\"B3\"\n                data-col-index=\"1\"\n                data-row-index=\"2\"\n                style=\"                padding:10px;\"\n                >\n                                \u00c0 75 % dans la limite de 3\u00a0960\u00a0\u20ac par p\u00e9riode de 3 ans\n                <\/td>\n                                            <td class=\"wpdt-cell \"\n                                    data-cell-id=\"C3\"\n                data-col-index=\"2\"\n                data-row-index=\"2\"\n                style=\"                padding:10px;\"\n                >\n                                \u00c0 75 % dans la limite de 3\u00a0960\u00a0\u20ac pour 3 ans                <\/td>\n                                        <\/tr>\n                    <\/table>\n<\/div><style id='wpdt-custom-style-399'>\ntable#wpdtSimpleTable-399{ table-layout: fixed !important; }\n.wpdt-bc-F3F9FE { background-color: #F3F9FE !important;}\n<\/style>\n\n<h2>L&rsquo;aide au transport<\/h2>\n<p>Ce financement regroupe l&rsquo;am\u00e9nagement de votre automobile et les surco\u00fbts li\u00e9s aux trajets.<\/p>\n<p>Pour en b\u00e9n\u00e9ficier, vous devez d\u00e9tenir un permis, affichant la mention restrictive d&rsquo;un poste de conduite adapt\u00e9.<\/p>\n<p>Les surco\u00fbts li\u00e9s aux trajets peuvent \u00e9galement \u00eatre pris en charge s&rsquo;il s&rsquo;agit\u00a0:<\/p>\n<ul>\n<li>de transports r\u00e9guliers, fr\u00e9quents ou correspondants \u00e0 un d\u00e9part annuel en cong\u00e9s,<\/li>\n<\/ul>\n<p><strong>ou<\/strong><\/p>\n<ul>\n<li>de d\u00e9placements entre votre domicile et l&rsquo;\u00e9tablissement m\u00e9dico-social, s&rsquo;ils sont effectu\u00e9s par un tiers, ou lorsque la distance aller-retour exc\u00e8de \u00e0 50 km.<\/li>\n<\/ul>\n<p style=\"text-align: justify;\"><strong>Taux de prise en charge de l&rsquo;aide au transport :<\/strong><\/p>\n\n<div class=\"wpdt-c row wpDataTableContainerSimpleTable wpDataTables wpDataTablesWrapper\n\"\n    >\n    <table id=\"wpdtSimpleTable-400\"\n           class=\"wpdtSimpleTable wpDataTable\"\n           data-column=\"3\"\n           data-rows=\"3\"\n           data-wpID=\"400\"\n           data-responsive=\"0\"\n           data-has-header=\"1\">\n\n                    <thead>        <tr class=\"wpdt-cell-row \" >\n                            <th class=\"wpdt-cell wpdt-bc-F3F9FE wpdt-bold\"\n                                    data-cell-id=\"A1\"\n                data-col-index=\"0\"\n                data-row-index=\"0\"\n                style=\" width:32.692307692308%;                padding:10px;\"\n                >\n                                Aides                <\/th>\n                                            <th class=\"wpdt-cell wpdt-bc-F3F9FE wpdt-bold\"\n                                    data-cell-id=\"B1\"\n                data-col-index=\"1\"\n                data-row-index=\"0\"\n                style=\" width:34.615384615385%;                padding:10px;\"\n                >\n                                Prise en charge \u00e0 taux plein                <\/th>\n                                            <th class=\"wpdt-cell wpdt-bc-F3F9FE wpdt-bold\"\n                                    data-cell-id=\"C1\"\n                data-col-index=\"2\"\n                data-row-index=\"0\"\n                style=\" width:32.692307692308%;                padding:10px;\"\n                >\n                                Prise en charge \u00e0 taux partiel                <\/th>\n                                        <\/tr>\n                    <tbody>        <tr class=\"wpdt-cell-row \" >\n                            <td class=\"wpdt-cell \"\n                                    data-cell-id=\"A2\"\n                data-col-index=\"0\"\n                data-row-index=\"1\"\n                style=\"                padding:10px;\"\n                >\n                                Frais d'am\u00e9nagement du v\u00e9hicule jusqu'\u00e0 1\u00a0500\u00a0\u20ac                <\/td>\n                                            <td class=\"wpdt-cell \"\n                                    data-cell-id=\"B2\"\n                data-col-index=\"1\"\n                data-row-index=\"1\"\n                style=\"                padding:10px;\"\n                >\n                                \u00c0 100 %\u00a0                <\/td>\n                                            <td class=\"wpdt-cell \"\n                                    data-cell-id=\"C2\"\n                data-col-index=\"2\"\n                data-row-index=\"1\"\n                style=\"                padding:10px;\"\n                >\n                                \u00c0 80 %\n                <\/td>\n                                        <\/tr>\n                            <tr class=\"wpdt-cell-row \" >\n                            <td class=\"wpdt-cell \"\n                                    data-cell-id=\"A3\"\n                data-col-index=\"0\"\n                data-row-index=\"2\"\n                style=\"                padding:10px;\"\n                >\n                                Frais d'am\u00e9nagement du v\u00e9hicule sup\u00e9rieurs \u00e0\u00a01\u00a0500\u00a0\u20ac                <\/td>\n                                            <td class=\"wpdt-cell \"\n                                    data-cell-id=\"B3\"\n                data-col-index=\"1\"\n                data-row-index=\"2\"\n                style=\"                padding:10px;\"\n                >\n                                \u00c0 75 %, limit\u00e9 \u00e0\u00a05\u00a0000\u00a0\u20ac sur une p\u00e9riode de 5 ans\n                <\/td>\n                                            <td class=\"wpdt-cell \"\n                                    data-cell-id=\"C3\"\n                data-col-index=\"2\"\n                data-row-index=\"2\"\n                style=\"                padding:10px;\"\n                >\n                                \u00c0 75 %, limit\u00e9 \u00e0\u00a05\u00a0000\u00a0\u20ac sur une p\u00e9riode de 5 ans\n                <\/td>\n                                        <\/tr>\n                    <\/table>\n<\/div><style id='wpdt-custom-style-400'>\ntable#wpdtSimpleTable-400{ table-layout: fixed !important; }\n.wpdt-bc-F3F9FE { background-color: #F3F9FE !important;}\n<\/style>\n\n<h2>L&rsquo;aide\u00a0\u00e0 l&rsquo;am\u00e9nagement du logement<\/h2>\n<p>Ces aides sont destin\u00e9es \u00e0 la r\u00e9alisation de travaux devant compenser vos limitations d&rsquo;activit\u00e9, d\u00e9finitives ou provisoires. Si elles sont provisoires, vos limitations d&rsquo;activit\u00e9 doivent avoir une dur\u00e9e pr\u00e9visible d&rsquo;au moins 1 an.<\/p>\n<p>Cette aide peut aussi s&rsquo;appliquer au domicile de la personne qui vous h\u00e9berge, s&rsquo;il s&rsquo;agit :<\/p>\n<ul>\n<li>d&rsquo;un ascendant, descendant ou collat\u00e9ral jusqu&rsquo;au 4<sup>e<\/sup> degr\u00e9,<\/li>\n<\/ul>\n<ul>\n<li>d&rsquo;un un ascendant, un descendant ou un collat\u00e9ral, jusqu&rsquo;au 4<sup>e<\/sup> degr\u00e9 de votre conjoint, concubin ou partenaire de Pacs.<\/li>\n<\/ul>\n<p>Les frais de d\u00e9m\u00e9nagement peuvent \u00e9galement \u00eatre pris en charge.<\/p>\n<div class=\"tab-content\">\n<div id=\"tab-7741220860494139929-cas1\" class=\"tab-pane active\">\n<p style=\"text-align: justify;\"><strong>Taux de prise en charge de l&rsquo;am\u00e9nagement du logement :<\/strong><\/p>\n\n<div class=\"wpdt-c row wpDataTableContainerSimpleTable wpDataTables wpDataTablesWrapper\n\"\n    >\n    <table id=\"wpdtSimpleTable-401table_view=regular\"\n           class=\"wpdtSimpleTable wpDataTable\"\n           data-column=\"3\"\n           data-rows=\"3\"\n           data-wpID=\"401table_view=regular\"\n           data-responsive=\"0\"\n           data-has-header=\"1\">\n\n                    <thead>        <tr class=\"wpdt-cell-row \" >\n                            <th class=\"wpdt-cell wpdt-bc-F3F9FE wpdt-bold\"\n                                    data-cell-id=\"A1\"\n                data-col-index=\"0\"\n                data-row-index=\"0\"\n                style=\" width:32.692307692308%;                padding:10px;\"\n                >\n                                Aides                <\/th>\n                                            <th class=\"wpdt-cell wpdt-bc-F3F9FE wpdt-bold\"\n                                    data-cell-id=\"B1\"\n                data-col-index=\"1\"\n                data-row-index=\"0\"\n                style=\" width:34.615384615385%;                padding:10px;\"\n                >\n                                Prise en charge \u00e0 taux plein                <\/th>\n                                            <th class=\"wpdt-cell wpdt-bc-F3F9FE wpdt-bold\"\n                                    data-cell-id=\"C1\"\n                data-col-index=\"2\"\n                data-row-index=\"0\"\n                style=\" width:32.692307692308%;                padding:10px;\"\n                >\n                                Prise en charge \u00e0 taux partiel                <\/th>\n                                        <\/tr>\n                    <tbody>        <tr class=\"wpdt-cell-row \" >\n                            <td class=\"wpdt-cell \"\n                                    data-cell-id=\"A2\"\n                data-col-index=\"0\"\n                data-row-index=\"1\"\n                style=\"                padding:10px;\"\n                >\n                                Travaux jusqu'\u00e0 1\u00a0500\u00a0\u20ac                <\/td>\n                                            <td class=\"wpdt-cell \"\n                                    data-cell-id=\"B2\"\n                data-col-index=\"1\"\n                data-row-index=\"1\"\n                style=\"                padding:10px;\"\n                >\n                                \u00c0 100 % dans la limite de 10\u00a0000\u00a0\u20ac par p\u00e9riode de 10 ans\u00a0                <\/td>\n                                            <td class=\"wpdt-cell \"\n                                    data-cell-id=\"C2\"\n                data-col-index=\"2\"\n                data-row-index=\"1\"\n                style=\"                padding:10px;\"\n                >\n                                \u00c0 80 % dans la limite de 10\u00a0000\u00a0\u20ac par p\u00e9riode de 10 ans\n                <\/td>\n                                        <\/tr>\n                            <tr class=\"wpdt-cell-row \" >\n                            <td class=\"wpdt-cell \"\n                                    data-cell-id=\"A3\"\n                data-col-index=\"0\"\n                data-row-index=\"2\"\n                style=\"                padding:10px;\"\n                >\n                                Travaux sup\u00e9rieurs \u00e0 1\u00a0500\u00a0\u20ac                <\/td>\n                                            <td class=\"wpdt-cell \"\n                                    data-cell-id=\"B3\"\n                data-col-index=\"1\"\n                data-row-index=\"2\"\n                style=\"                padding:10px;\"\n                >\n                                \u00c0 50 % dans la limite de 10\u00a0000\u00a0\u20acpar p\u00e9riode de 10 ans                <\/td>\n                                            <td class=\"wpdt-cell \"\n                                    data-cell-id=\"C3\"\n                data-col-index=\"2\"\n                data-row-index=\"2\"\n                style=\"                padding:10px;\"\n                >\n                                \u00c0 50 % dans la limite de 10\u00a0000\u00a0\u20acpar p\u00e9riode de 10 ans                <\/td>\n                                        <\/tr>\n                    <\/table>\n<\/div><style id='wpdt-custom-style-401table_view=regular'>\ntable#wpdtSimpleTable-401table_view=regular{ table-layout: fixed !important; }\n.wpdt-bc-F3F9FE { background-color: #F3F9FE !important;}\n<\/style>\n\n<\/div>\n<\/div>\n<h1>Les aides sp\u00e9cifiques ou exceptionnelles<\/h1>\n<h2>\u00c0 quoi correspondent les aides sp\u00e9cifiques ?<\/h2>\n<ul>\n<li>Les aides sp\u00e9cifiques correspondent \u00e0 des frais permanents et pr\u00e9visibles li\u00e9s au handicap, qui ne sont pas pris en charge par d&rsquo;autres aides de la PCH. Elles peuvent financer des frais d&rsquo;entretien ou l&rsquo;achat d&rsquo;un fauteuil roulant.<\/li>\n<li>Les aides exceptionnelles sont des frais ponctuels. Elles peuvent financer les frais de r\u00e9paration d&rsquo;un lit m\u00e9dicalis\u00e9.<\/li>\n<\/ul>\n<p><strong>Taux de prise en charge des aides sp\u00e9cifiques et exceptionnelles :<\/strong><\/p>\n<div class=\"tab-content\">\n<div id=\"tab-7741220860494139929-cas1\" class=\"tab-pane active\">\n<div class=\"wpdt-c row wpDataTableContainerSimpleTable wpDataTables wpDataTablesWrapper\n\"\n    >\n    <table id=\"wpdtSimpleTable-108table_view=regular\"\n           class=\"wpdtSimpleTable wpDataTable\"\n           data-column=\"2\"\n           data-rows=\"3\"\n           data-wpID=\"108table_view=regular\"\n           data-responsive=\"0\"\n           data-has-header=\"1\">\n\n                    <thead>        <tr class=\"wpdt-cell-row \" >\n                            <th class=\"wpdt-cell wpdt-bc-F3F9FE wpdt-bold\"\n                                    data-cell-id=\"A1\"\n                data-col-index=\"0\"\n                data-row-index=\"0\"\n                style=\" width:44.709388971684%;                padding:10px;\"\n                >\n                                Aides                <\/th>\n                                            <th class=\"wpdt-cell wpdt-bc-F3F9FE wpdt-wrap-text wpdt-bold\"\n                                    data-cell-id=\"B1\"\n                data-col-index=\"1\"\n                data-row-index=\"0\"\n                style=\" width:55.290611028316%;                padding:10px;\"\n                >\n                                Prise en charge \u00e0 taux partiel et plein                <\/th>\n                                        <\/tr>\n                    <tbody>        <tr class=\"wpdt-cell-row \" >\n                            <td class=\"wpdt-cell wpdt-align-center wpdt-valign-middle wpdt-wrap-text\"\n                                    data-cell-id=\"A2\"\n                data-col-index=\"0\"\n                data-row-index=\"1\"\n                style=\"                padding:10px;\"\n                >\n                                Charges sp\u00e9cifiques                <\/td>\n                                            <td class=\"wpdt-cell wpdt-bc-FFFFFF\"\n                                    data-cell-id=\"B2\"\n                data-col-index=\"1\"\n                data-row-index=\"1\"\n                style=\"                padding:10px;\"\n                >\n                                \u00c0 75 % dans la limite de 100\u00a0\u20ac par mois\u00a0                <\/td>\n                                        <\/tr>\n                            <tr class=\"wpdt-cell-row \" >\n                            <td class=\"wpdt-cell \"\n                                    data-cell-id=\"A3\"\n                data-col-index=\"0\"\n                data-row-index=\"2\"\n                style=\"                padding:10px;\"\n                >\n                                Charges exceptionnelles                <\/td>\n                                            <td class=\"wpdt-cell \"\n                                    data-cell-id=\"B3\"\n                data-col-index=\"1\"\n                data-row-index=\"2\"\n                style=\"                padding:10px;\"\n                >\n                                \u00c0 75 % dans limite de 6 000 \u20ac par p\u00e9riode de 10 ans                <\/td>\n                                        <\/tr>\n                    <\/table>\n<\/div><style id='wpdt-custom-style-108table_view=regular'>\ntable#wpdtSimpleTable-108table_view=regular{ table-layout: fixed !important; }\n.wpdt-bc-F3F9FE { background-color: #F3F9FE !important;}\n.wpdt-bc-FFFFFF { background-color: #FFFFFF !important;}\n<\/style>\n<\/div>\n<\/div>\n<h2>L&rsquo;aide animali\u00e8re<\/h2>\n<p>Cette prestation sert \u00e0 acqu\u00e9rir et \u00e0 entretenir un animal domestique (un chien d&rsquo;aveugle, notamment). Il doit cependant avoir \u00e9t\u00e9 \u00e9duqu\u00e9 par des \u00e9ducateurs qualifi\u00e9s.<\/p>\n<p>Dans la limite de <span class=\"prix\">3\u00a0000\u00a0\u20ac<\/span> par p\u00e9riode de 5 ans, le remboursement peut atteindre :<\/p>\n<div>\n<ul>\n<li>100 % des frais, en cas de prise en charge \u00e0 taux plein,<\/li>\n<li>80 % \u00e0 taux partiel.<\/li>\n<\/ul>\n<\/div>\n<h1 id=\"laide-sociale-a-lhebergement-ash\">L\u2019aide sociale \u00e0 l\u2019h\u00e9bergement (ASH)<\/h1>\n<header id=\"headerPage\">\n<p class=\"date\" data-test=\"date-maj\">L&rsquo;aide sociale \u00e0 l&rsquo;h\u00e9bergement (ASH) correspond \u00e0 la prise en charge d&rsquo;une partie des frais (ou de leur totalit\u00e9) d&rsquo;h\u00e9bergement d&rsquo;une personne \u00e2g\u00e9e, handicap\u00e9e ou non. Elle peut \u00eatre plac\u00e9e en \u00e9tablissement ou chez un accueillant familial. Elle est vers\u00e9e par le d\u00e9partement.<\/p>\n<h2 data-test=\"date-maj\">Quelles sont les conditions \u00e0 remplir ?<\/h2>\n<\/header>\n<div class=\"content-fiche\">\n<div class=\"tab-content\">\n<div id=\"situation1\" class=\"tab-pane active\">\n<div class=\"fiche-bloc bloc-principal\" data-toggle-scope=\"\">\n<div class=\"fiche-item\">\n<div id=\"fiche-item-2situation1\" class=\"fiche-item-content collapse in\" aria-hidden=\"false\">\n<div class=\"fiche-bloc bloc-principal\" data-toggle-scope=\"\">\n<div class=\"fiche-item\">\n<div id=\"fiche-item-1situation1\" class=\"fiche-item-content collapse in\" aria-hidden=\"false\">\n<ul>\n<li style=\"text-align: justify;\">\u00catre \u00e2g\u00e9 de plus de 65 ans (ou plus de 60 ans, si vous \u00eates reconnu inapte au travail)<\/li>\n<li>R\u00e9sider en France de fa\u00e7on stable et r\u00e9guli\u00e8re : de mani\u00e8re ininterrompue depuis plus de 3 mois (si la personne \u00e2g\u00e9e est \u00e9trang\u00e8re, elle doit avoir un titre de s\u00e9jour en cours de validit\u00e9),<\/li>\n<li>Avoir des ressources inf\u00e9rieures au montant des frais d&rsquo;h\u00e9bergement.<\/li>\n<\/ul>\n<\/div>\n<\/div>\n<\/div>\n<h2>Quelles sont les d\u00e9marches \u00e0 effectuer ?<\/h2>\n<p>Le dossier de demande d&rsquo;ASH peut \u00eatre retir\u00e9 aupr\u00e8s de la mairie ou du centre\u00a0communal d&rsquo;action sociale (CCAS) de la commune o\u00f9 la personne \u00e2g\u00e9e demeure. Vous pouvez avoir acc\u00e8s aux coordonn\u00e9es des CCAS en mairie.<\/p>\n<\/div>\n<\/div>\n<div class=\"fiche-item\">\n<div id=\"fiche-item-3situation1\" class=\"fiche-item-content collapse in\" aria-hidden=\"false\">\n<div id=\"ou-s-adresser-bloc-5803663025738102906\" class=\"perso-geo\" data-ou-s-adresser=\"\">\n<div class=\"autocomplete select-a11y\">\n<form id=\"geoSearchForm58036630257381029061\" class=\"autocomplete-search\" action=\"https:\/\/www.service-public.fr\/geo\/rechercheJson\" method=\"post\" data-persogeo-idform=\"58036630257381029061\" data-application=\"geoSearchForm\">\n<p class=\"geo-perso-item-title\">Ensuite, la mairie (ou le CCAS) envoie votre dossier aux services du d\u00e9partement. Ces derniers ont deux mois pour r\u00e9pondre \u00e0 votre courrier.<\/p>\n<\/form>\n<\/div>\n<\/div>\n<\/div>\n<div class=\"fiche-item\">\n<div class=\"fiche-item\">\n<div id=\"fiche-item-5situation1\" class=\"fiche-item-content collapse in\" aria-hidden=\"false\">\n<div id=\"ou-s-adresser-bloc-776644290669270370\" class=\"perso-geo\" data-ou-s-adresser=\"\">\n<h2 id=\"Montant_et_versement_de_l\u2019aide_pour_maison_de_retraite\u00a0\">Quel est le montant de l&rsquo;ASH ?<\/h2>\n<p>L&rsquo;ASH ne correspond pas \u00e0 une somme pr\u00e9cise vers\u00e9e chaque mois. Il s&rsquo;agit d&rsquo;une prise en charge des frais d\u2019h\u00e9bergement non couverts par les revenus du b\u00e9n\u00e9ficiaire.<\/p>\n<p>L&rsquo;ASH fonctionne comme un versement compl\u00e9mentaire \u00e0 la part des revenus du b\u00e9n\u00e9ficiaire, qui sert \u00e0 payer l&rsquo;\u00e9tablissement (90% de ces revenus). Ce sont ces deux \u00e9l\u00e9ments qui forment le prix total de l&rsquo;h\u00e9bergement.<\/p>\n<p><strong>90% des revenus du b\u00e9n\u00e9ficiaire + 10% d&rsquo;aide sociale \u00e0 l&rsquo;h\u00e9bergement = prix total de l&rsquo;h\u00e9bergement.\u00a0<\/strong><\/p>\n<div class='cta-block'><div class='text'>Simulez toutes vos aides en 2 min.<\/div><a href='https:\/\/www.mes-allocs.fr\/ab-app?origin=guides\/wp-json\/wp\/v2\/posts\/6173' class='app-button fit'>Simulation gratuite<\/a><\/div>\n<\/div>\n<\/div>\n<\/div>\n<\/div>\n<\/div>\n<\/div>\n<\/div>\n<\/div>\n<\/div>\n","protected":false},"excerpt":{"rendered":"<p>Les aides financi\u00e8res pour les personnes en situation de handicap vont de l&rsquo;allocation d\u2019\u00e9ducation de l\u2019enfant handicap\u00e9 (AEEH) \u00e0 l&rsquo;aide sociale \u00e0 l&rsquo;h\u00e9bergement (ASH). Lisez cet article pour conna\u00eetre toutes les aides. L&rsquo;allocation d\u2019\u00e9ducation de l\u2019enfant handicap\u00e9 (AEEH) Qu&rsquo;est-ce que l&rsquo;allocation de l&rsquo;enfant handicap\u00e9 ? L&rsquo;allocation d&rsquo;\u00e9ducation de l&rsquo;enfant handicap\u00e9 (AEEH) sert \u00e0 accompagner financi\u00e8rement [&hellip;]<\/p>\n","protected":false},"author":7,"featured_media":6558,"comment_status":"open","ping_status":"open","sticky":false,"template":"","format":"standard","meta":{"amp_status":"","footnotes":""},"categories":[14320],"tags":[],"class_list":["post-6173","post","type-post","status-publish","format-standard","has-post-thumbnail","hentry","category-aide-par-situation"],"yoast_head":"<!-- This site is optimized with the Yoast SEO plugin v14.9 - https:\/\/yoast.com\/wordpress\/plugins\/seo\/ -->\n<title>Les aides financi\u00e8res pour les personnes handicap\u00e9es | Mes-Allocs.fr<\/title>\n<meta name=\"description\" content=\"Les aides financi\u00e8res pour les personnes en situation de handicap vont de l&#039;allocation d\u2019\u00e9ducation de l\u2019enfant handicap\u00e9 (AEEH) \u00e0 l&#039;aide sociale \u00e0 l&#039;h\u00e9bergement (ASH).\" \/>\n<meta name=\"robots\" content=\"index, follow, max-snippet:-1, max-image-preview:large, max-video-preview:-1\" \/>\n<link rel=\"canonical\" href=\"https:\/\/www.mes-allocs.fr\/guides\/aide-par-situation\/aide-handicap\/\" \/>\n<meta property=\"og:locale\" content=\"fr_FR\" \/>\n<meta property=\"og:type\" content=\"article\" \/>\n<meta property=\"og:title\" content=\"Les aides financi\u00e8res pour les personnes handicap\u00e9es | Mes-Allocs.fr\" \/>\n<meta property=\"og:description\" content=\"Les aides financi\u00e8res pour les personnes en situation de handicap vont de l&#039;allocation d\u2019\u00e9ducation de l\u2019enfant handicap\u00e9 (AEEH) \u00e0 l&#039;aide sociale \u00e0 l&#039;h\u00e9bergement (ASH).\" \/>\n<meta property=\"og:url\" content=\"https:\/\/www.mes-allocs.fr\/guides\/aide-par-situation\/aide-handicap\/\" \/>\n<meta property=\"og:site_name\" content=\"Mes-Allocs.fr\" \/>\n<meta property=\"article:published_time\" content=\"2020-05-20T14:30:18+00:00\" \/>\n<meta property=\"article:modified_time\" content=\"2026-04-24T12:55:21+00:00\" \/>\n<meta property=\"og:image\" content=\"https:\/\/www.mes-allocs.fr\/guides\/wp-content\/uploads\/2020\/05\/Les-aides-financie\u0300res-pour-les-personnes-en-situation-de-handicap-1-e1589322191527.jpg?wsr\" \/>\n\t<meta property=\"og:image:width\" content=\"1280\" \/>\n\t<meta property=\"og:image:height\" content=\"853\" \/>\n<meta name=\"twitter:card\" content=\"summary_large_image\" \/>\n<script type=\"application\/ld+json\" class=\"yoast-schema-graph\">{\"@context\":\"https:\/\/schema.org\",\"@graph\":[{\"@type\":\"WebSite\",\"@id\":\"https:\/\/www.mes-allocs.fr\/guides\/#website\",\"url\":\"https:\/\/www.mes-allocs.fr\/guides\/\",\"name\":\"Mes-Allocs.fr\",\"description\":\"\",\"potentialAction\":[{\"@type\":\"SearchAction\",\"target\":\"https:\/\/www.mes-allocs.fr\/guides\/?s={search_term_string}\",\"query-input\":\"required name=search_term_string\"}],\"inLanguage\":\"fr-FR\"},{\"@type\":\"ImageObject\",\"@id\":\"https:\/\/www.mes-allocs.fr\/guides\/aide-par-situation\/aide-handicap\/#primaryimage\",\"inLanguage\":\"fr-FR\",\"url\":\"https:\/\/www.mes-allocs.fr\/guides\/wp-content\/uploads\/2020\/05\/Les-aides-financie\\u0300res-pour-les-personnes-en-situation-de-handicap-1-e1589322191527.jpg?wsr\",\"width\":1280,\"height\":853,\"caption\":\"Les aides financie\\u0300res pour les personnes en situation de handicap 1 e1589322191527\"},{\"@type\":\"WebPage\",\"@id\":\"https:\/\/www.mes-allocs.fr\/guides\/aide-par-situation\/aide-handicap\/#webpage\",\"url\":\"https:\/\/www.mes-allocs.fr\/guides\/aide-par-situation\/aide-handicap\/\",\"name\":\"Les aides financi\\u00e8res pour les personnes handicap\\u00e9es | Mes-Allocs.fr\",\"isPartOf\":{\"@id\":\"https:\/\/www.mes-allocs.fr\/guides\/#website\"},\"primaryImageOfPage\":{\"@id\":\"https:\/\/www.mes-allocs.fr\/guides\/aide-par-situation\/aide-handicap\/#primaryimage\"},\"datePublished\":\"2020-05-20T14:30:18+00:00\",\"dateModified\":\"2026-04-24T12:55:21+00:00\",\"author\":{\"@id\":\"https:\/\/www.mes-allocs.fr\/guides\/#\/schema\/person\/1c4837d5703727cb02ce84583b5a44aa\"},\"description\":\"Les aides financi\\u00e8res pour les personnes en situation de handicap vont de l'allocation d\\u2019\\u00e9ducation de l\\u2019enfant handicap\\u00e9 (AEEH) \\u00e0 l'aide sociale \\u00e0 l'h\\u00e9bergement (ASH).\",\"inLanguage\":\"fr-FR\"},{\"@type\":\"Person\",\"@id\":\"https:\/\/www.mes-allocs.fr\/guides\/#\/schema\/person\/1c4837d5703727cb02ce84583b5a44aa\",\"name\":\"Fabiola\",\"image\":{\"@type\":\"ImageObject\",\"@id\":\"https:\/\/www.mes-allocs.fr\/guides\/#personlogo\",\"inLanguage\":\"fr-FR\",\"url\":\"https:\/\/www.mes-allocs.fr\/guides\/wp-content\/uploads\/2021\/06\/fabiola-150x150.png\",\"caption\":\"Fabiola\"},\"description\":\"Fabiola est r\\u00e9dactrice au sein de l'\\u00e9quipe Mes Allocs, sp\\u00e9cialis\\u00e9e en sciences politiques et affaires publiques. Dipl\\u00f4m\\u00e9e de l'HEIP, elle rejoint Mes Allocs apr\\u00e8s une premi\\u00e8re exp\\u00e9rience \\u00e0 l'Assembl\\u00e9e Nationale.\",\"sameAs\":[\"https:\/\/www.linkedin.com\/in\/cecilia-philippe-b-8a8085195\"]}]}<\/script>\n<!-- \/ Yoast SEO plugin. -->","amp_validity":null,"acf":{"faq":{"1":{"question":"Quel sont les aides de la MDPH ?","answer":"Les maisons d\u00e9partementales des personnes handicap\u00e9es (MDPH) vous permettent de b\u00e9n\u00e9ficier de :\r\n\r\n- L'allocation d\u2019\u00e9ducation de l\u2019enfant handicap\u00e9 (AEEH)\r\n- Le compl\u00e9ment de ressources \u00e0 l'AAH (allocation adulte handicap\u00e9)\r\n- La prestation de compensation de handicap (PCH), qui compte notamment des aides humaines, techniques et animali\u00e8res"},"2":{"question":"Quel sont les handicap reconnu ?","answer":"Les handicaps reconnus appartiennent aux cat\u00e9gories suivantes :\r\n\r\n- les maladies invalidantes (VIH,   asthmes,   allergies,   rhumatismes,   maladies   cardiovasculaires, etc);\r\n\r\n- le handicap moteur (amputations, infirmit\u00e9 motrice c\u00e9r\u00e9brale, spina bifida, myopathie etc);\r\n\r\n- le handicap sensoriel, visuel (c\u00e9cit\u00e9 et malvoyance,amblyopie, achromatopsie) et auditif  (mal  entendant);\r\n\r\n- le handicap psychique (troubles obsessionnels compulsifs, l\u2019hypochondrie etc);\r\n\r\n- les tailles handicapantes (ob\u00e9sit\u00e9 et nanisme)"},"3":{"question":"Comment obtenir une aide MDPH ?","answer":"Pour obtenir une aide MDPH, il faut remplir un  formulaire, accessible aupr\u00e8s des maisons d\u00e9partementales des personnes handicap\u00e9es MDPH. Votre demande est ensuite transmise \u00e0 la Commission des droits et de l'autonomie des personnes handicap\u00e9es CDAPH."},"4":{"question":"Quelle maladie peut \u00eatre reconnu travailleur handicap\u00e9 ?","answer":"Selon la loi, \"toute personne dont les possibilit\u00e9s d\u2019obtenir ou de conserver un emploi sont effectivement r\u00e9duites par suite de l\u2019alt\u00e9ration d\u2019une ou plusieurs fonctions physique, sensorielle, mentale ou psychique\" peut \u00eatre reconnu comme travailleur handicap\u00e9.\r\n\r\nLes personnes suivantes, n'ont pas besoin de la reconnaissance de la qualit\u00e9 de travailleur handicap\u00e9 (RQTH) :\r\n- victimes d\u2019accidents du travail ou de maladies professionnelles ayant entra\u00een\u00e9 une incapacit\u00e9 permanente d\u2019au moins 10 % et titulaires d\u2019une rente d\u2019un r\u00e9gime de protection sociale obligatoire ;\r\n- b\u00e9n\u00e9ficiaires d\u2019une pension d\u2019invalidit\u00e9 ;\r\n- titulaires d\u2019une carte d\u2019invalidit\u00e9 ;"},"5":{"question":"Quel est le montant de la MDPH ?","answer":"La MDPH donne lieu \u00e0 plusieurs aides, dont les montants sont :\r\n\r\n- 151.80 \u20ac \u20ac pour l'allocation d\u2019\u00e9ducation de l\u2019enfant handicap\u00e9 (AEEH)\r\n- 179,31 \u20ac pour le compl\u00e9ment de ressources \u00e0 l'AAH (allocation adulte handicap\u00e9)\r\n- Pour la prestation de compensation de handicap (PCH), le montant d\u00e9pend du type d'aide attribu\u00e9e (aide humaine, technique, animali\u00e8re etc).\r\n"},"6":{"question":"Quelle retraite pour adulte handicap\u00e9 ?","answer":"La retraite pour les adultes handicap\u00e9s d\u00e9pend de l'aide attribu\u00e9e :\r\n\r\n- L'allocation d\u2019\u00e9ducation de l\u2019enfant handicap\u00e9 (AEEH) cesse d'\u00eatre vers\u00e9e lorsque le b\u00e9n\u00e9ficiaire a atteint l'\u00e2ge de la retraite;\r\n- Le compl\u00e9ment de ressources \u00e0 l'AAH (allocation adulte handicap\u00e9) cesse d'\u00eatre vers\u00e9e lorsque le b\u00e9n\u00e9ficiaire a atteint l'\u00e2ge de la retraite;\r\n- La majoration pour vie autonome continue d'\u00eatre vers\u00e9e lors du passage de l'\u00e2ge l\u00e9gal \u00e0 la retraite."},"7":{"question":"Qui peut avoir droit \u00e0 la MDPH ?","answer":"La maison d\u00e9partementale des personnes handicap\u00e9es octroie des aides aux personnes \u00e2g\u00e9es (ASH), enfants (AEEH) et adultes atteints d'un handicap (AAH)."},"8":{"question":"Quelles sont les conditions pour beneficier de l'AAH ?","answer":"Les conditions pour b\u00e9n\u00e9ficier de l'AAH (allocation adulte handicap\u00e9) sont similaires \u00e0 celles de l'AAEH (allocation d\u2019\u00e9ducation de l\u2019enfant handicap\u00e9). Elles d\u00e9pendent de :\r\n\r\n- l'\u00e2ge de la personne en situation de handicap;\r\n- son taux d'incapacit\u00e9;\r\n- son statut de r\u00e9sident en France;\r\netc."},"9":{"question":"","answer":""},"10":{"question":"","answer":""},"11":{"question":"","answer":""},"12":{"question":"","answer":""},"13":{"question":"","answer":""},"14":{"question":"","answer":""},"15":{"question":"","answer":""},"16":{"question":"","answer":""}}},"_links":{"self":[{"href":"https:\/\/www.mes-allocs.fr\/guides\/wp-json\/wp\/v2\/posts\/6173","targetHints":{"allow":["GET"]}}],"collection":[{"href":"https:\/\/www.mes-allocs.fr\/guides\/wp-json\/wp\/v2\/posts"}],"about":[{"href":"https:\/\/www.mes-allocs.fr\/guides\/wp-json\/wp\/v2\/types\/post"}],"author":[{"embeddable":true,"href":"https:\/\/www.mes-allocs.fr\/guides\/wp-json\/wp\/v2\/users\/7"}],"replies":[{"embeddable":true,"href":"https:\/\/www.mes-allocs.fr\/guides\/wp-json\/wp\/v2\/comments?post=6173"}],"version-history":[{"count":37,"href":"https:\/\/www.mes-allocs.fr\/guides\/wp-json\/wp\/v2\/posts\/6173\/revisions"}],"predecessor-version":[{"id":112290,"href":"https:\/\/www.mes-allocs.fr\/guides\/wp-json\/wp\/v2\/posts\/6173\/revisions\/112290"}],"wp:featuredmedia":[{"embeddable":true,"href":"https:\/\/www.mes-allocs.fr\/guides\/wp-json\/wp\/v2\/media\/6558"}],"wp:attachment":[{"href":"https:\/\/www.mes-allocs.fr\/guides\/wp-json\/wp\/v2\/media?parent=6173"}],"wp:term":[{"taxonomy":"category","embeddable":true,"href":"https:\/\/www.mes-allocs.fr\/guides\/wp-json\/wp\/v2\/categories?post=6173"},{"taxonomy":"post_tag","embeddable":true,"href":"https:\/\/www.mes-allocs.fr\/guides\/wp-json\/wp\/v2\/tags?post=6173"}],"curies":[{"name":"wp","href":"https:\/\/api.w.org\/{rel}","templated":true}]}}