{"id":6168,"date":"2020-05-18T22:10:54","date_gmt":"2020-05-18T22:10:54","guid":{"rendered":"https:\/\/www.mes-allocs.fr\/guides\/?p=6168"},"modified":"2025-03-18T18:00:19","modified_gmt":"2025-03-18T16:00:19","slug":"formulaire-demande-aide-financiere-exceptionnelle-cpam","status":"publish","type":"post","link":"https:\/\/www.mes-allocs.fr\/guides\/assurance-maladie\/cpam\/formulaire-demande-aide-financiere-exceptionnelle-cpam\/","title":{"rendered":"Formulaire demande aide financi\u00e8re exceptionnelle \u00e0 la CPAM"},"content":{"rendered":"<p style=\"text-align: justify;\"><a href=\"https:\/\/www.mes-allocs.fr\/guides\/wp-content\/uploads\/2020\/05\/Comment-faire-une-demande-d\u2019aide-financie\u0300re-exceptionnelle-a\u0300-la-CPAM--e1589839462658.jpg\"><img loading=\"lazy\" decoding=\"async\" class=\"aligncenter size-full wp-image-6879\" src=\"https:\/\/www.mes-allocs.fr\/guides\/wp-content\/uploads\/2020\/05\/Comment-faire-une-demande-d\u2019aide-financie\u0300re-exceptionnelle-a\u0300-la-CPAM--e1589839462658.jpg\" alt=\"Comment faire une demande d\u2019aide financie\u0300re exceptionnelle a\u0300 la CPAM ?\" width=\"1280\" height=\"227\" srcset=\"https:\/\/www.mes-allocs.fr\/guides\/wp-content\/uploads\/2020\/05\/Comment-faire-une-demande-d\u2019aide-financie\u0300re-exceptionnelle-a\u0300-la-CPAM--e1589839462658.jpg 1280w, https:\/\/www.mes-allocs.fr\/guides\/wp-content\/uploads\/2020\/05\/Comment-faire-une-demande-d\u2019aide-financie\u0300re-exceptionnelle-a\u0300-la-CPAM--e1589839462658-300x53.jpg 300w, https:\/\/www.mes-allocs.fr\/guides\/wp-content\/uploads\/2020\/05\/Comment-faire-une-demande-d\u2019aide-financie\u0300re-exceptionnelle-a\u0300-la-CPAM--e1589839462658-1024x182.jpg 1024w, https:\/\/www.mes-allocs.fr\/guides\/wp-content\/uploads\/2020\/05\/Comment-faire-une-demande-d\u2019aide-financie\u0300re-exceptionnelle-a\u0300-la-CPAM--e1589839462658-768x136.jpg 768w, https:\/\/www.mes-allocs.fr\/guides\/wp-content\/uploads\/2020\/05\/Comment-faire-une-demande-d\u2019aide-financie\u0300re-exceptionnelle-a\u0300-la-CPAM--e1589839462658-600x106.jpg 600w\" sizes=\"auto, (max-width: 1280px) 100vw, 1280px\" \/><\/a><strong>L&rsquo;action sanitaire et sociale de l&rsquo;<a href=\"https:\/\/www.mes-allocs.fr\/guides\/assurance-maladie\/\">Assurance Maladie<\/a> vous permet de b\u00e9n\u00e9ficier d&rsquo;une aide exceptionnelle en cas de difficult\u00e9s \u00e9conomiques. Il s&rsquo;agit d&rsquo;une prestation suppl\u00e9mentaire, appel\u00e9e aide financi\u00e8re individuelle.\u00a0<\/strong><\/p>\n<div class='cta-block'><div class='text'>Simulez toutes vos aides en 2 min.<\/div><a href='https:\/\/www.mes-allocs.fr\/ab-app?origin=guides\/wp-json\/wp\/v2\/posts\/6168' class='app-button fit'>Simulation gratuite<\/a><\/div>\n<h1>Quelles sont les situations concern\u00e9es par l&rsquo;aide financi\u00e8re exceptionnelle ?<\/h1>\n<h2>La caisse primaire d&rsquo;assurance maladie (CPAM)<\/h2>\n<p style=\"text-align: justify;\">La caisse primaire d&rsquo;assurance maladie (CPAM) peut assurer la prise en charge de divers frais (dont les indemnit\u00e9s journali\u00e8res par exemple). Vous devez vous retrouver dans une situation de pr\u00e9carit\u00e9 financi\u00e8re, caus\u00e9 par :<\/p>\n<ul>\n<li>la maladie,<\/li>\n<li>l&rsquo;accident du travail,<\/li>\n<li>la maternit\u00e9,<\/li>\n<li>le d\u00e9c\u00e8s.<\/li>\n<\/ul>\n<p>Il s&rsquo;agit de l&rsquo;aide financi\u00e8re exceptionnelle, accord\u00e9e aux plus modestes.<\/p>\n<h2>Quelles sont les conditions d&rsquo;attribution de l&rsquo;aide ?<\/h2>\n<ul>\n<li>ressources insuffisantes pour faire face aux d\u00e9penses engendr\u00e9es par la maladie et \u00e0 charge de l&rsquo;assur\u00e9,<\/li>\n<li>interruption de travail pour soigner un enfant de moins de 16 ans vivant au foyer,<\/li>\n<li>interruption de travail d&rsquo;une femme enceinte ayant \u00e0 assurer des travaux p\u00e9nibles,<\/li>\n<li>frais fun\u00e9raires,<\/li>\n<li>ure thermale pour maladie nerveuse de plus de 21 jours,<\/li>\n<li>accident mortel survenu \u00e0 l&rsquo;assur\u00e9,<\/li>\n<li>frais de transport refus\u00e9s au titre des prestations l\u00e9gales.<\/li>\n<\/ul>\n<p>En outre, la d\u00e9cision d&rsquo;attribution revient au conseil d&rsquo;Administration de la Caisse qui prend en compte :<\/p>\n<ul>\n<li>la situation sociale du demandeur,<\/li>\n<li>le motif ayant entra\u00een\u00e9 la demande de prestations suppl\u00e9mentaires, limit\u00e9es par une liste.<\/li>\n<\/ul>\n<p><iframe loading=\"lazy\" title=\"L&#039;Assurance Maladie\" width=\"500\" height=\"281\" src=\"https:\/\/www.youtube.com\/embed\/MdiYHpnlAvg?feature=oembed\" frameborder=\"0\" allow=\"accelerometer; autoplay; clipboard-write; encrypted-media; gyroscope; picture-in-picture; web-share\" referrerpolicy=\"strict-origin-when-cross-origin\" allowfullscreen><\/iframe><\/p>\n<h1>Quelles sont les d\u00e9marches \u00e0 effectuer ?<\/h1>\n<h2>Le centre de paiement de votre assistance sociale<\/h2>\n<p>Il vous faut vous diriger vers votre centre de paiement (d\u00e9l\u00e9gu\u00e9 social) ou votre assistance sociale pour faire la demande.<\/p>\n<p>Il est n\u00e9cessaire de :<\/p>\n<ul>\n<li>lire attentivement et compl\u00e9ter le plus pr\u00e9cis\u00e9ment possible l&rsquo;imprim\u00e9 de demande d&rsquo;aide financi\u00e8re,<\/li>\n<li>joindre tous les justificatifs des ressources et des d\u00e9penses que vous d\u00e9clarez <strong>et les<\/strong> <strong>justificatifs expliquant le motif de votre demande<\/strong> (feuilles de soins, attestations patronales, certificats m\u00e9dicaux \u00e9tablis par votre le m\u00e9decin traitant).<\/li>\n<\/ul>\n<h2>Quelles sont les pi\u00e8ces justificatives \u00e0 joindre ?<\/h2>\n<p><strong>Exemples de justificatifs de ressources du foyer :<\/strong><\/p>\n<ul>\n<li>Bulletin de salaire ;<\/li>\n<li>Attestation CAF ;<\/li>\n<li>Attestation P\u00f4le emploi ;<\/li>\n<li>Justificatif de bourse d\u2019\u00e9tudes ;<\/li>\n<li>Attestation de versement de pension(s)<\/li>\n<li>etc.<\/li>\n<\/ul>\n<h2>Quelles informations indiquer sur le formulaire ?<\/h2>\n<p>Les informations \u00e0 indiquer concernant votrefoyer et votre situation personnelle sont les suivantes :<\/p>\n<ul>\n<li><strong>Composition du foyer,<\/strong><\/li>\n<li><strong>Ressources du foyer,<\/strong><\/li>\n<li><strong>Charges du foyer,<\/strong><\/li>\n<li><strong>Attestation sur l\u2019honneur,<\/strong><\/li>\n<li><strong>Objet de la demande.<\/strong><\/li>\n<\/ul>\n<p>Vous devez par la suite d\u00e9crire le besoin et le montant des frais, ainsi que le co\u00fbt restant \u00e0 votre charge.<\/p>\n<p style=\"text-align: justify;\"><strong>Exemple de description des frais de soins n\u00e9cessaires :<\/strong><\/p>\n\n<div class=\"wpdt-c row wpDataTableContainerSimpleTable wpDataTables wpDataTablesWrapper\n\"\n    >\n    <table id=\"wpdtSimpleTable-397table_view=regular\"\n           class=\"wpdtSimpleTable wpDataTable\"\n           data-column=\"2\"\n           data-rows=\"6\"\n           data-wpID=\"397table_view=regular\"\n           data-responsive=\"0\"\n           data-has-header=\"1\">\n\n                    <thead>        <tr class=\"wpdt-cell-row \" >\n                            <th class=\"wpdt-cell wpdt-bc-F3F9FE wpdt-bold\"\n                                    data-cell-id=\"A1\"\n                data-col-index=\"0\"\n                data-row-index=\"0\"\n                style=\" width:52.272727272727%;                padding:10px;\"\n                >\n                                Description d\u00e9taill\u00e9e de la demande                <\/th>\n                                            <th class=\"wpdt-cell wpdt-bc-F3F9FE wpdt-bold\"\n                                    data-cell-id=\"B1\"\n                data-col-index=\"1\"\n                data-row-index=\"0\"\n                style=\" width:47.727272727273%;                padding:10px;\"\n                >\n                                Semelles orthop\u00e9diques                <\/th>\n                                        <\/tr>\n                    <tbody>        <tr class=\"wpdt-cell-row \" >\n                            <td class=\"wpdt-cell \"\n                                    data-cell-id=\"A2\"\n                data-col-index=\"0\"\n                data-row-index=\"1\"\n                style=\"                padding:10px;\"\n                >\n                                Montant des frais                <\/td>\n                                            <td class=\"wpdt-cell \"\n                                    data-cell-id=\"B2\"\n                data-col-index=\"1\"\n                data-row-index=\"1\"\n                style=\"                padding:10px;\"\n                >\n                                130 \u20ac                <\/td>\n                                        <\/tr>\n                            <tr class=\"wpdt-cell-row \" >\n                            <td class=\"wpdt-cell \"\n                                    data-cell-id=\"A3\"\n                data-col-index=\"0\"\n                data-row-index=\"2\"\n                style=\"                padding:10px;\"\n                >\n                                Participation de l\u2019organisme (prestation s\u00e9curit\u00e9 sociale)                <\/td>\n                                            <td class=\"wpdt-cell \"\n                                    data-cell-id=\"B3\"\n                data-col-index=\"1\"\n                data-row-index=\"2\"\n                style=\"                padding:10px;\"\n                >\n                                25,98\u20ac                <\/td>\n                                        <\/tr>\n                            <tr class=\"wpdt-cell-row \" >\n                            <td class=\"wpdt-cell \"\n                                    data-cell-id=\"A4\"\n                data-col-index=\"0\"\n                data-row-index=\"3\"\n                style=\"                padding:10px;\"\n                >\n                                 Participation de la compl\u00e9mentaire sant\u00e9                <\/td>\n                                            <td class=\"wpdt-cell \"\n                                    data-cell-id=\"B4\"\n                data-col-index=\"1\"\n                data-row-index=\"3\"\n                style=\"                padding:10px;\"\n                >\n                                 2,88 \u20ac                <\/td>\n                                        <\/tr>\n                            <tr class=\"wpdt-cell-row \" >\n                            <td class=\"wpdt-cell \"\n                                    data-cell-id=\"A5\"\n                data-col-index=\"0\"\n                data-row-index=\"4\"\n                style=\"                padding:10px;\"\n                >\n                                Autres participations                <\/td>\n                                            <td class=\"wpdt-cell \"\n                                    data-cell-id=\"B5\"\n                data-col-index=\"1\"\n                data-row-index=\"4\"\n                style=\"                padding:10px;\"\n                >\n                                0\u20ac                <\/td>\n                                        <\/tr>\n                            <tr class=\"wpdt-cell-row \" >\n                            <td class=\"wpdt-cell \"\n                                    data-cell-id=\"A6\"\n                data-col-index=\"0\"\n                data-row-index=\"5\"\n                style=\"                padding:10px;\"\n                >\n                                Co\u00fbt restant \u00e0 votre charge                <\/td>\n                                            <td class=\"wpdt-cell \"\n                                    data-cell-id=\"B6\"\n                data-col-index=\"1\"\n                data-row-index=\"5\"\n                style=\"                padding:10px;\"\n                >\n                                101,14\u20ac                <\/td>\n                                        <\/tr>\n                    <\/table>\n<\/div><style id='wpdt-custom-style-397table_view=regular'>\ntable#wpdtSimpleTable-397table_view=regular{ table-layout: fixed !important; }\n.wpdt-bc-F3F9FE { background-color: #F3F9FE !important;}\n<\/style>\n\n<h2>Comment se d\u00e9roule le processus de demande ?<\/h2>\n<p>Apr\u00e8s l&rsquo;envoi du dossier \u00e0 votre caisse d&rsquo;Assurance Maladie, il sera ensuite \u00e9valu\u00e9 par une commission, qui vous avertira de sa d\u00e9cision. Elle se r\u00e9unit toutes les quatre semaines. Apr\u00e8s \u00e9valuation du dossier, le demandeur recevra un courrier de notification d\u2019accord ou de rejet. Les d\u00e9cisions de la commission ne peuvent donc pas \u00eatre contest\u00e9es.<\/p>\n<h1>Quelle est le mod\u00e8le de la lettre de demande pour l&rsquo;aide exceptionnelle ?<\/h1>\n<h2>Les diff\u00e9rents mod\u00e8les de lettre<\/h2>\n<p>De nombreux mod\u00e8les de lettre de demande d&rsquo;aide (document administratif, logement, permis, cr\u00e9ation d&rsquo;entreprise, etc) sont disponibles sous licence creative commons (marque d\u00e9pos\u00e9e). Creative commons attribution partage un recueil de formules de textes, utilisables par tous. Ces textes sont disponibles partout en ligne.<\/p>\n<h2>Que doit contenir la lettre de demande pour l&rsquo;aide exceptionnelle ?<\/h2>\n<p>Mes Allocs vous indique les informations \u00e0 mentionner lors de votre demande d&rsquo;aide exceptionnelle.<\/p>\n<p>Le mod\u00e8le de la lettre de demande doit mentionner :<\/p>\n<ul>\n<li>Votre<strong> nom et pr\u00e9nom,<\/strong><\/li>\n<li>Votre <strong>num\u00e9ro d&rsquo;immatriculation sociale,<\/strong><\/li>\n<li>Les <strong>d\u00e9tails de la situation<\/strong> qui requiert l&rsquo;aide financi\u00e8re exceptionnelle, par exemple, dans le cas de la prise en charge d&rsquo;en enfant handicap\u00e9, il faut pr\u00e9ciser<strong> son nom et pr\u00e9nom, sa date de naissance, son handicap, la cause de celui-ci et son taux d&rsquo;handicap,<\/strong><\/li>\n<li>Les d\u00e9penses n\u00e9cessitant l&rsquo;aide exceptionnelle.<\/li>\n<\/ul>\n<p align=\"justify\">\u00c0 cela s&rsquo;ajoute le devis ou la facture qui doit \u00eatre joint, au titre du justificatif de d\u00e9pense.<\/p>\n<p align=\"justify\"><div class='cta-block'><div class='text'>Simulez toutes vos aides en 2 min.<\/div><a href='https:\/\/www.mes-allocs.fr\/ab-app?origin=guides\/wp-json\/wp\/v2\/posts\/6168' class='app-button fit'>Simulation gratuite<\/a><\/div><\/p>\n<div class=\"para\">\n<div class=\"zone-services\">\n<div class=\"paragraphs-items paragraphs-items-field-ameli-paragraphs-blocks paragraphs-items-field-ameli-paragraphs-blocks-full paragraphs-items-full\">\n<div class=\"field field-name-field-ameli-paragraphs-blocks field-type-paragraphs field-label-hidden\">\n<div class=\"field-items\">\n<div class=\"field-item even\">\n<div class=\"entity entity-paragraphs-item paragraphs-item-field-ameli-paragraph-titre-sect\">\n<div class=\"content\">\n<div id=\"text_226\">\n<div class=\"field field-name-field-ameli-paragraph-title field-type-text field-label-hidden\">\n<div class=\"field-items\">\n<div class=\"field-item even\">\n<h1>Quelles sont les aides habituellement mises en place par l&rsquo;Assurance maladie?<\/h1>\n<p>Les aides de la CPAM (remboursement des soins, indemnit\u00e9s journali\u00e8res, etc) s&rsquo;inscrivent dans un dispositif d&rsquo;action sociale et sanitaire. Elles peuvent accompagner l&rsquo;attribution de l&rsquo;aide financi\u00e8re exceptionnelle.<\/p>\n<h2>Les aides pour les d\u00e9penses non rembours\u00e9es<\/h2>\n<\/div>\n<\/div>\n<\/div>\n<\/div>\n<\/div>\n<\/div>\n<\/div>\n<div class=\"field-item even\">\n<div class=\"entity entity-paragraphs-item paragraphs-item-field-ameli-paragraph-accordeon\">\n<div class=\"content\">\n<div class=\"panel-group\">\n<div class=\"panel panel-default\">\n<div class=\"panel-heading\">\n<div class=\"field-item even\">\n<div class=\"entity entity-paragraphs-item paragraphs-item-field-ameli-paragraph-accordeon\">\n<div class=\"content\">\n<div class=\"panel-group\">\n<div class=\"panel panel-default\">\n<div id=\"collapse_3\" class=\"panel-collapse collapse in\">\n<div id=\"collapse3\" class=\"panel-collapse collapse in\">\n<div class=\"panel-body\">\n<div class=\"field field-name-field-ameli-paragraph-body field-type-text-with-summary field-label-hidden\">\n<div class=\"field-items\">\n<div class=\"field-item even\">\n<p>Par ailleurs, des aides sont mises en place pour vous permettre si vous en avez besoin, de vous acquitter des d\u00e9penses non rembours\u00e9es, telles que :<\/p>\n<ul>\n<li>proth\u00e8ses dentaires,<\/li>\n<li>frais d&rsquo;optique,<\/li>\n<li>appareils auditifs,<\/li>\n<li>frais li\u00e9s \u00e0 une hospitalisation,<\/li>\n<li>etc.<\/li>\n<\/ul>\n<p>Vous aurez ainsi un acc\u00e8s aux soins plus facile.<\/p>\n<\/div>\n<\/div>\n<\/div>\n<\/div>\n<\/div>\n<\/div>\n<\/div>\n<\/div>\n<\/div>\n<\/div>\n<\/div>\n<div class=\"field-item odd\">\n<div class=\"entity entity-paragraphs-item paragraphs-item-field-ameli-paragraph-accordeon\">\n<div class=\"content\">\n<div class=\"panel-group\">\n<div class=\"panel panel-default\">\n<div class=\"panel-heading\">\n<h2 class=\"panel-title\">La liste d&rsquo;aides propos\u00e9es<\/h2>\n<\/div>\n<\/div>\n<\/div>\n<\/div>\n<\/div>\n<\/div>\n<div class=\"field-item odd\">\n<div class=\"entity entity-paragraphs-item paragraphs-item-field-ameli-paragraph-accordeon\">\n<div class=\"content\">\n<div class=\"panel-group\">\n<div class=\"panel panel-default\">\n<div id=\"collapse_4\" class=\"panel-collapse collapse in\">\n<div id=\"collapse4\" class=\"panel-collapse collapse in\">\n<div class=\"panel-body\">\n<div class=\"field field-name-field-ameli-paragraph-body field-type-text-with-summary field-label-hidden\">\n<div class=\"field-items\">\n<div class=\"field-item even\">\n<ul>\n<li><strong>Financement de la couverture compl\u00e9mentaire sant\u00e9;<\/strong><\/li>\n<li><strong>Recours \u00e0 une aide m\u00e9nag\u00e8re<\/strong> peut \u00eatre attribu\u00e9, si le b\u00e9n\u00e9ficiaire est isol\u00e9 (isolement familial ou g\u00e9ographique), notamment suite \u00e0 une sortie d&rsquo;hospitalisation. LA CPAM peut aussi financer <strong>les interventions de gardes malades aupr\u00e8s d&rsquo;un patient en fin de vie;<\/strong><\/li>\n<li><strong>Aide financi\u00e8re peut \u00eatre accord\u00e9 aux assur\u00e9s sous contrat de r\u00e9\u00e9ducation professionnelle ou en situation de r\u00e9orientation professionnelle pendant un arr\u00eat de travail;<\/strong><\/li>\n<li><strong>Aides pour favoriser l&rsquo;adaptation du logement \u00e0 un handicap ou \u00e0 l&rsquo;avanc\u00e9e de l&rsquo;\u00e2ge<\/strong> (par exemple, financer un appareillage ou une intervention \u00e0 domicile). Ces aides sont souvent attribu\u00e9es en collaboration avec la <strong>maison d\u00e9partementale des personnes handicap\u00e9es (MDPH).<\/strong><\/li>\n<\/ul>\n<\/div>\n<\/div>\n<\/div>\n<\/div>\n<\/div>\n<\/div>\n<\/div>\n<\/div>\n<\/div>\n<\/div>\n<\/div>\n<\/div>\n<\/div>\n<\/div>\n<\/div>\n<\/div>\n<\/div>\n<\/div>\n<\/div>\n<\/div>\n<\/div>\n<\/div>\n<div class=\"field-item even\">\n<div class=\"entity entity-paragraphs-item paragraphs-item-field-ameli-paragraph-simple\">\n<div class=\"content\">\n<div class=\"field field-name-field-ameli-paragraph-body field-type-text-with-summary field-label-hidden\">\n<div class=\"field-items\">\n<div class=\"entity entity-paragraphs-item paragraphs-item-field-ameli-paragraph-titre-sect\">\n<div class=\"content\">\n<div id=\"text_407\">\n<div class=\"field field-name-field-ameli-paragraph-title field-type-text field-label-hidden\">\n<div class=\"field-items\">\n<div class=\"field-item even\">\n<h2>Quelles sont les d\u00e9marches \u00e0 effectuer ?<\/h2>\n<\/div>\n<\/div>\n<\/div>\n<\/div>\n<\/div>\n<\/div>\n<\/div>\n<\/div>\n<\/div>\n<\/div>\n<\/div>\n<div class=\"field-item even\">\n<div class=\"entity entity-paragraphs-item paragraphs-item-field-ameli-paragraph-simple\">\n<div class=\"content\">\n<div class=\"field field-name-field-ameli-paragraph-body field-type-text-with-summary field-label-hidden\">\n<div class=\"field-items\">\n<div class=\"field-item even\">\n<p>Il est n\u00e9cessaire d&rsquo;\u00e9laborer un dossier de demande et de l&rsquo;envoyer \u00e0 votre caisse d&rsquo;Assurance Maladie. Il sera ensuite \u00e9valu\u00e9 par une commission, qui vous avertira de sa d\u00e9cision. Elle se r\u00e9unit toutes les quatre semaines.<\/p>\n<p>\u00c0 noter que ces aides \u00e9tant facultatives, aucune voie de recours n&rsquo;est possible si votre dossier est refus\u00e9. Les aides sont vers\u00e9es soit \u00e0 vous-m\u00eame, soit directement au professionnel de sant\u00e9 concern\u00e9, afin de vous \u00e9viter d&rsquo;avancer les frais.<\/p>\n<\/div>\n<\/div>\n<\/div>\n<\/div>\n<\/div>\n<\/div>\n<h1>La CMU compl\u00e9mentaire sant\u00e9<em><br \/>\n<\/em><\/h1>\n<h2>Qu&rsquo;est-ce que la CMU ?<\/h2>\n<p>Il s&rsquo;agit d&rsquo;une prise en charge totale des soins, sans que le b\u00e9n\u00e9ficiaire ait besoin d&rsquo;avancer les frais. C&rsquo;est un avantage pour les personnes aux revenus modestes, qui souhaitent se soigner. Seule condition : il faut r\u00e9sider en France de fa\u00e7on stable et r\u00e9guli\u00e8re.<\/p>\n<h2>Quelles sont les conditions pour b\u00e9n\u00e9ficier de la CMU ?<\/h2>\n<p>Concernant les demandes de frais, un seul dossier par m\u00e9nage doit \u00eatre adress\u00e9, pour la compl\u00e9mentaire sant\u00e9. Vous pouvez en b\u00e9n\u00e9ficier si votre foyer est compos\u00e9 de :<\/p>\n<ul>\n<li>vous-m\u00eame ;<\/li>\n<li>votre conjoint ou de votre partenaire dans le cadre d\u2019un Pacs (pacte civil de solidarit\u00e9) ;<\/li>\n<li>personnes \u00e0 votre charge de moins de 25 ans.<\/li>\n<\/ul>\n<h1>L&rsquo;aide pour b\u00e9n\u00e9ficier de la compl\u00e9mentaire sant\u00e9 (ACS)<\/h1>\n<h2>Qu&rsquo;est-ce que l&rsquo;ACS ?<\/h2>\n<p>L&rsquo;ACS est une aide qui vous permet d&rsquo;avoir une r\u00e9duction sur le tarif de la compl\u00e9mentaire sant\u00e9 (ou mutuelle). Elle dispose d&rsquo;avantage tels que :<\/p>\n<ul>\n<li>l&rsquo;absence de de consultation \u00e0 payer,<\/li>\n<li>le non-d\u00e9passement des honoraires des professionnels de sant\u00e9, quel qu&rsquo;ils soient (dermatologue, dentiste, ophtamologiste, etc). Sauf en cas d&rsquo;exigences particuli\u00e8res de votre part (visite en dehors des heures habituelles de consultation, visite \u00e0 domicile non justifi\u00e9e&#8230;).<\/li>\n<\/ul>\n<h2>Qui peut b\u00e9n\u00e9ficier de l&rsquo;ACS ?<em><br \/>\n<\/em><\/h2>\n<p>L&rsquo;ACS est destin\u00e9 aux personnes dont les revenus se situent au-dessus de celles du plafond de la CMU-C. Gr\u00e2ce \u00e0 cette aide, pendant un an, vous disposez d&rsquo;un financement pour payer votre contrat de compl\u00e9mentaire sant\u00e9.<\/p>\n<h2>Quels sont les avantages de l&rsquo;ACS ?<\/h2>\n<p>\u00c0 l&rsquo;instar de la CMU-C, pas besoin d&rsquo;avancer les frais avec l&rsquo;ACS. Elle vous permet de r\u00e9duire le montant de votre cotisation annuelle, voire de la prendre en charge totalement.<\/p>\n<p>Par ailleurs, vous \u00eates dispens\u00e9 des franchises m\u00e9dicales et de la participation forfaitaire de 1 \u20ac. Si la CMU-C s&rsquo;applique \u00e0 un foyer, pour l&rsquo;ACS, <strong>chaque <\/strong>membre de votre famille peut en b\u00e9n\u00e9ficier, \u00e0 titre individuel. Le montant ainsi vers\u00e9 d\u00e9pend de l&rsquo;\u00e2ge du demandeur.<\/p>\n<p>En outre, les professionnels de sant\u00e9 sont tenus de respecter un tarif maximum fix\u00e9 par arr\u00eat\u00e9.<\/p>\n<p style=\"text-align: justify;\"><strong>Plafond \u00e0 respecter pour les proth\u00e8ses dentaires et l&rsquo;orthodontie :\u00a0<\/strong><\/p>\n\n<div class=\"wpdt-c row wpDataTableContainerSimpleTable wpDataTables wpDataTablesWrapper\n\"\n    >\n    <table id=\"wpdtSimpleTable-398\"\n           class=\"wpdtSimpleTable wpDataTable\"\n           data-column=\"2\"\n           data-rows=\"5\"\n           data-wpID=\"398\"\n           data-responsive=\"0\"\n           data-has-header=\"1\">\n\n                    <thead>        <tr class=\"wpdt-cell-row \" >\n                            <th class=\"wpdt-cell wpdt-bc-F3F9FE wpdt-bold\"\n                                    data-cell-id=\"A1\"\n                data-col-index=\"0\"\n                data-row-index=\"0\"\n                style=\" width:54.401805869074%;                padding:10px;\"\n                >\n                                \u00c2ge du b\u00e9n\u00e9ficiaire                <\/th>\n                                            <th class=\"wpdt-cell wpdt-bc-F3F9FE wpdt-bold\"\n                                    data-cell-id=\"B1\"\n                data-col-index=\"1\"\n                data-row-index=\"0\"\n                style=\" width:45.598194130926%;                padding:10px;\"\n                >\n                                Montant de l'aide                <\/th>\n                                        <\/tr>\n                    <tbody>        <tr class=\"wpdt-cell-row \" >\n                            <td class=\"wpdt-cell \"\n                                    data-cell-id=\"A2\"\n                data-col-index=\"0\"\n                data-row-index=\"1\"\n                style=\"                padding:10px;\"\n                >\n                                Moins de 16 ans                <\/td>\n                                            <td class=\"wpdt-cell \"\n                                    data-cell-id=\"B2\"\n                data-col-index=\"1\"\n                data-row-index=\"1\"\n                style=\"                padding:10px;\"\n                >\n                                100 \u20ac                <\/td>\n                                        <\/tr>\n                            <tr class=\"wpdt-cell-row \" >\n                            <td class=\"wpdt-cell \"\n                                    data-cell-id=\"A3\"\n                data-col-index=\"0\"\n                data-row-index=\"2\"\n                style=\"                padding:10px;\"\n                >\n                                De 16 \u00e0 49 ans                <\/td>\n                                            <td class=\"wpdt-cell \"\n                                    data-cell-id=\"B3\"\n                data-col-index=\"1\"\n                data-row-index=\"2\"\n                style=\"                padding:10px;\"\n                >\n                                200 \u20ac                <\/td>\n                                        <\/tr>\n                            <tr class=\"wpdt-cell-row \" >\n                            <td class=\"wpdt-cell \"\n                                    data-cell-id=\"A4\"\n                data-col-index=\"0\"\n                data-row-index=\"3\"\n                style=\"                padding:10px;\"\n                >\n                                 De 50 \u00e0 59 ans                <\/td>\n                                            <td class=\"wpdt-cell \"\n                                    data-cell-id=\"B4\"\n                data-col-index=\"1\"\n                data-row-index=\"3\"\n                style=\"                padding:10px;\"\n                >\n                                 350 \u20ac                <\/td>\n                                        <\/tr>\n                            <tr class=\"wpdt-cell-row \" >\n                            <td class=\"wpdt-cell \"\n                                    data-cell-id=\"A5\"\n                data-col-index=\"0\"\n                data-row-index=\"4\"\n                style=\"                padding:10px;\"\n                >\n                                60\u00a0ans et plus                <\/td>\n                                            <td class=\"wpdt-cell \"\n                                    data-cell-id=\"B5\"\n                data-col-index=\"1\"\n                data-row-index=\"4\"\n                style=\"                padding:10px;\"\n                >\n                                550 \u20ac                <\/td>\n                                        <\/tr>\n                    <\/table>\n<\/div><style id='wpdt-custom-style-398'>\ntable#wpdtSimpleTable-398{ table-layout: fixed !important; }\n.wpdt-bc-F3F9FE { background-color: #F3F9FE !important;}\n<\/style>\n\n<p>Si vous souhaitez r\u00e9duire davantage le reste \u00e0 charge sur votre contrat, vous pouvez b\u00e9n\u00e9ficier d&rsquo;aides suppl\u00e9mentaires. N&rsquo;h\u00e9sitez pas \u00e0 vous tourner vers votre caisse d\u2019assurance maladie.<\/p>\n<div class='cta-block'><div class='text'>Simulez toutes vos aides en 2 min.<\/div><a href='https:\/\/www.mes-allocs.fr\/ab-app?origin=guides\/wp-json\/wp\/v2\/posts\/6168' class='app-button fit'>Simulation gratuite<\/a><\/div>\n","protected":false},"excerpt":{"rendered":"<p>L&rsquo;action sanitaire et sociale de l&rsquo;Assurance Maladie vous permet de b\u00e9n\u00e9ficier d&rsquo;une aide exceptionnelle en cas de difficult\u00e9s \u00e9conomiques. Il s&rsquo;agit d&rsquo;une prestation suppl\u00e9mentaire, appel\u00e9e aide financi\u00e8re individuelle.\u00a0 Quelles sont les situations concern\u00e9es par l&rsquo;aide financi\u00e8re exceptionnelle ? La caisse primaire d&rsquo;assurance maladie (CPAM) La caisse primaire d&rsquo;assurance maladie (CPAM) peut assurer la prise en [&hellip;]<\/p>\n","protected":false},"author":7,"featured_media":6879,"comment_status":"open","ping_status":"open","sticky":false,"template":"","format":"standard","meta":{"amp_status":"","footnotes":""},"categories":[21657,35809],"tags":[],"class_list":["post-6168","post","type-post","status-publish","format-standard","has-post-thumbnail","hentry","category-assurance-maladie","category-cpam"],"yoast_head":"<!-- This site is optimized with the Yoast SEO plugin v14.9 - https:\/\/yoast.com\/wordpress\/plugins\/seo\/ -->\n<title>Formulaire de demande d&#039;aide financi\u00e8re exceptionnelle \u00e0 la CPAM<\/title>\n<meta name=\"description\" content=\"La caisse primaire d&#039;assurance maladie (CPAM) vous permet de b\u00e9n\u00e9ficier d&#039;une aide financi\u00e8re exceptionnelle en cas de difficult\u00e9s \u00e9conomiques.\" \/>\n<meta name=\"robots\" content=\"index, follow, max-snippet:-1, max-image-preview:large, max-video-preview:-1\" \/>\n<link rel=\"canonical\" href=\"https:\/\/www.mes-allocs.fr\/guides\/assurance-maladie\/cpam\/formulaire-demande-aide-financiere-exceptionnelle-cpam\/\" \/>\n<meta property=\"og:locale\" content=\"fr_FR\" \/>\n<meta property=\"og:type\" content=\"article\" \/>\n<meta property=\"og:title\" content=\"Formulaire de demande d&#039;aide financi\u00e8re exceptionnelle \u00e0 la CPAM\" \/>\n<meta property=\"og:description\" content=\"La caisse primaire d&#039;assurance maladie (CPAM) vous permet de b\u00e9n\u00e9ficier d&#039;une aide financi\u00e8re exceptionnelle en cas de difficult\u00e9s \u00e9conomiques.\" \/>\n<meta property=\"og:url\" content=\"https:\/\/www.mes-allocs.fr\/guides\/assurance-maladie\/cpam\/formulaire-demande-aide-financiere-exceptionnelle-cpam\/\" \/>\n<meta property=\"og:site_name\" content=\"Mes-Allocs.fr\" \/>\n<meta property=\"article:published_time\" content=\"2020-05-18T22:10:54+00:00\" \/>\n<meta property=\"article:modified_time\" content=\"2025-03-18T16:00:19+00:00\" \/>\n<meta property=\"og:image\" content=\"https:\/\/www.mes-allocs.fr\/guides\/wp-content\/uploads\/2020\/05\/Comment-faire-une-demande-d\u2019aide-financie\u0300re-exceptionnelle-a\u0300-la-CPAM--e1589839462658.jpg?wsr\" \/>\n\t<meta property=\"og:image:width\" content=\"1280\" \/>\n\t<meta property=\"og:image:height\" content=\"227\" \/>\n<meta name=\"twitter:card\" content=\"summary_large_image\" \/>\n<script type=\"application\/ld+json\" class=\"yoast-schema-graph\">{\"@context\":\"https:\/\/schema.org\",\"@graph\":[{\"@type\":\"WebSite\",\"@id\":\"https:\/\/www.mes-allocs.fr\/guides\/#website\",\"url\":\"https:\/\/www.mes-allocs.fr\/guides\/\",\"name\":\"Mes-Allocs.fr\",\"description\":\"\",\"potentialAction\":[{\"@type\":\"SearchAction\",\"target\":\"https:\/\/www.mes-allocs.fr\/guides\/?s={search_term_string}\",\"query-input\":\"required name=search_term_string\"}],\"inLanguage\":\"fr-FR\"},{\"@type\":\"ImageObject\",\"@id\":\"https:\/\/www.mes-allocs.fr\/guides\/assurance-maladie\/cpam\/formulaire-demande-aide-financiere-exceptionnelle-cpam\/#primaryimage\",\"inLanguage\":\"fr-FR\",\"url\":\"https:\/\/www.mes-allocs.fr\/guides\/wp-content\/uploads\/2020\/05\/Comment-faire-une-demande-d\\u2019aide-financie\\u0300re-exceptionnelle-a\\u0300-la-CPAM--e1589839462658.jpg?wsr\",\"width\":1280,\"height\":227,\"caption\":\"Comment faire une demande d\\u2019aide financie\\u0300re exceptionnelle a\\u0300 la CPAM e1589839462658\"},{\"@type\":\"WebPage\",\"@id\":\"https:\/\/www.mes-allocs.fr\/guides\/assurance-maladie\/cpam\/formulaire-demande-aide-financiere-exceptionnelle-cpam\/#webpage\",\"url\":\"https:\/\/www.mes-allocs.fr\/guides\/assurance-maladie\/cpam\/formulaire-demande-aide-financiere-exceptionnelle-cpam\/\",\"name\":\"Formulaire de demande d'aide financi\\u00e8re exceptionnelle \\u00e0 la CPAM\",\"isPartOf\":{\"@id\":\"https:\/\/www.mes-allocs.fr\/guides\/#website\"},\"primaryImageOfPage\":{\"@id\":\"https:\/\/www.mes-allocs.fr\/guides\/assurance-maladie\/cpam\/formulaire-demande-aide-financiere-exceptionnelle-cpam\/#primaryimage\"},\"datePublished\":\"2020-05-18T22:10:54+00:00\",\"dateModified\":\"2025-03-18T16:00:19+00:00\",\"author\":{\"@id\":\"https:\/\/www.mes-allocs.fr\/guides\/#\/schema\/person\/1c4837d5703727cb02ce84583b5a44aa\"},\"description\":\"La caisse primaire d'assurance maladie (CPAM) vous permet de b\\u00e9n\\u00e9ficier d'une aide financi\\u00e8re exceptionnelle en cas de difficult\\u00e9s \\u00e9conomiques.\",\"inLanguage\":\"fr-FR\"},{\"@type\":\"Person\",\"@id\":\"https:\/\/www.mes-allocs.fr\/guides\/#\/schema\/person\/1c4837d5703727cb02ce84583b5a44aa\",\"name\":\"Fabiola\",\"image\":{\"@type\":\"ImageObject\",\"@id\":\"https:\/\/www.mes-allocs.fr\/guides\/#personlogo\",\"inLanguage\":\"fr-FR\",\"url\":\"https:\/\/www.mes-allocs.fr\/guides\/wp-content\/uploads\/2021\/06\/fabiola-150x150.png\",\"caption\":\"Fabiola\"},\"description\":\"Fabiola est r\\u00e9dactrice au sein de l'\\u00e9quipe Mes Allocs, sp\\u00e9cialis\\u00e9e en sciences politiques et affaires publiques. Dipl\\u00f4m\\u00e9e de l'HEIP, elle rejoint Mes Allocs apr\\u00e8s une premi\\u00e8re exp\\u00e9rience \\u00e0 l'Assembl\\u00e9e Nationale.\",\"sameAs\":[\"https:\/\/www.linkedin.com\/in\/cecilia-philippe-b-8a8085195\"]}]}<\/script>\n<!-- \/ Yoast SEO plugin. -->","amp_validity":null,"acf":{"faq":{"1":{"question":"Qu'est-ce que c'est que la CPAM ?","answer":"La caisse primaire d'assurance maladie (CPAM) sont des organismes locaux du r\u00e9gime g\u00e9n\u00e9ral. Elles sont en charge notamment des remboursements prestations maladies et maternit\u00e9.\r\n"},"2":{"question":"Quelle est la diff\u00e9rence entre la s\u00e9curit\u00e9 sociale et la CPAM ?","answer":"La S\u00e9curit\u00e9 Sociale est un organisme exer\u00e7ant une mission de service public. Il garantit la protection sociale aux salari\u00e9s et \u00e0 leur famille. Chacun contribue selon ses moyens et re\u00e7oit selon ses besoins.\r\n\r\nLa S\u00e9curit\u00e9 sociale couvre plusieurs domaines d'aides, dont la famille et la retraite. L'assurance maladie est un de ces domaines, \u00e0 savoir la maladie et les accidents du travail.\r\n"},"3":{"question":"Quelles aides en cas de longue maladie ?","answer":"En cas de maladie de longue dur\u00e9e, vous pouvez faire appel aux aides suivantes :\r\n\r\n-l'allocation affection longue dur\u00e9e (ALD),\r\n-la majoration pour tierce personne,\r\n-l'allocation suppl\u00e9mentaire d'invalidit\u00e9 (ASI),\r\n-la pension d'invalidit\u00e9,\r\n-la prestation compl\u00e9mentaire pour recours \u00e0 une tierce personne (PCRTP)."},"4":{"question":"Puis-je b\u00e9n\u00e9ficier de l'ACS ?","answer":"L'ACS est destin\u00e9 aux personnes dont les revenus se situent au-dessus de celles du plafond de la CMU-C. Si vous \u00eates concern\u00e9, vous pouvez donc b\u00e9n\u00e9ficier de l'ACS."},"5":{"question":"Comment est-on pay\u00e9 en longue maladie ?","answer":"Lors d'arr\u00eat maladie, la CPAM peut vous verser des indemnit\u00e9s journali\u00e8res pour combler la perte de votre salaire. Elles repr\u00e9sentent 50% du salaire journalier de base et dues pour chaque jour calendaire d'interruption de travail. Elles sont vers\u00e9es tous les 14 jours."},"6":{"question":"Quel avantage en ALD ?","answer":"L\u2019allocation d\u2019affection longue dur\u00e9e (ALD) se traduit par une prise en charge totale par l\u2019Assurance maladie des soins que n\u00e9cessitent la maladie chronique. "},"7":{"question":"Quelles sont les maladies reconnues en longue maladie ?","answer":"30 maladies sont reconnues en longue maladie, parmi lesquelles :\r\n-Accident vasculaire c\u00e9r\u00e9bral invalidant,\r\n-Insuffisances m\u00e9dullaires et autres cytop\u00e9nies chroniques,\r\n-Art\u00e9riopathies chroniques avec manifestations isch\u00e9miques,\r\n-Bilharziose compliqu\u00e9e,\r\n-Insuffisance cardiaque grave, troubles du rythme graves, cardiopathies valvulaires graves, cardiopathies cong\u00e9nitales graves,\r\n-Maladies chroniques actives du foie et cirrhoses,\r\n-D\u00e9ficit immunitaire primitif grave n\u00e9cessitant un traitement prolong\u00e9, infection par le virus de l'immuno-d\u00e9ficience humaine (VIH),\r\n-Diab\u00e8te de type 1 et diab\u00e8te de type 2\r\n-Formes graves des affections neurologiques et musculaires (dont myopathie), \u00e9pilepsie grave."},"8":{"question":"Quelles sont les conditions pour \u00eatre reconnu invalide ?","answer":"Pour \u00eatre reconnu invalide, il faut ne pas avoir atteint l'\u00e2ge de la retraite (entre 60 et 62 ans) et d'avoir perdu 2\/3 de sa capacit\u00e9 de travail ou de gain."},"9":{"question":"","answer":""},"10":{"question":"","answer":""},"11":{"question":"","answer":""},"12":{"question":"","answer":""},"13":{"question":"","answer":""},"14":{"question":"","answer":""},"15":{"question":"","answer":""},"16":{"question":"","answer":""}}},"_links":{"self":[{"href":"https:\/\/www.mes-allocs.fr\/guides\/wp-json\/wp\/v2\/posts\/6168","targetHints":{"allow":["GET"]}}],"collection":[{"href":"https:\/\/www.mes-allocs.fr\/guides\/wp-json\/wp\/v2\/posts"}],"about":[{"href":"https:\/\/www.mes-allocs.fr\/guides\/wp-json\/wp\/v2\/types\/post"}],"author":[{"embeddable":true,"href":"https:\/\/www.mes-allocs.fr\/guides\/wp-json\/wp\/v2\/users\/7"}],"replies":[{"embeddable":true,"href":"https:\/\/www.mes-allocs.fr\/guides\/wp-json\/wp\/v2\/comments?post=6168"}],"version-history":[{"count":51,"href":"https:\/\/www.mes-allocs.fr\/guides\/wp-json\/wp\/v2\/posts\/6168\/revisions"}],"predecessor-version":[{"id":96037,"href":"https:\/\/www.mes-allocs.fr\/guides\/wp-json\/wp\/v2\/posts\/6168\/revisions\/96037"}],"wp:featuredmedia":[{"embeddable":true,"href":"https:\/\/www.mes-allocs.fr\/guides\/wp-json\/wp\/v2\/media\/6879"}],"wp:attachment":[{"href":"https:\/\/www.mes-allocs.fr\/guides\/wp-json\/wp\/v2\/media?parent=6168"}],"wp:term":[{"taxonomy":"category","embeddable":true,"href":"https:\/\/www.mes-allocs.fr\/guides\/wp-json\/wp\/v2\/categories?post=6168"},{"taxonomy":"post_tag","embeddable":true,"href":"https:\/\/www.mes-allocs.fr\/guides\/wp-json\/wp\/v2\/tags?post=6168"}],"curies":[{"name":"wp","href":"https:\/\/api.w.org\/{rel}","templated":true}]}}