{"id":6165,"date":"2020-05-20T14:10:37","date_gmt":"2020-05-20T14:10:37","guid":{"rendered":"https:\/\/www.mes-allocs.fr\/guides\/?p=6165"},"modified":"2026-02-26T18:13:20","modified_gmt":"2026-02-26T17:13:20","slug":"aide-sociale-enfance-paris","status":"publish","type":"post","link":"https:\/\/www.mes-allocs.fr\/guides\/aides-sociales\/aide-sociale-enfance\/aide-sociale-enfance-paris\/","title":{"rendered":"L&rsquo;aide sociale \u00e0 l&rsquo;enfance de Paris"},"content":{"rendered":"<p style=\"text-align: justify;\"><a href=\"https:\/\/www.mes-allocs.fr\/guides\/wp-content\/uploads\/2020\/05\/Laide-sociale-a\u0300-lenfance-de-Paris-e1589488266746.jpg\"><img loading=\"lazy\" decoding=\"async\" class=\"aligncenter size-full wp-image-6654\" src=\"https:\/\/www.mes-allocs.fr\/guides\/wp-content\/uploads\/2020\/05\/Laide-sociale-a\u0300-lenfance-de-Paris-e1589488266746.jpg\" alt=\"L'aide sociale a\u0300 l'enfance de Paris\" width=\"1280\" height=\"294\" srcset=\"https:\/\/www.mes-allocs.fr\/guides\/wp-content\/uploads\/2020\/05\/Laide-sociale-a\u0300-lenfance-de-Paris-e1589488266746.jpg 1280w, https:\/\/www.mes-allocs.fr\/guides\/wp-content\/uploads\/2020\/05\/Laide-sociale-a\u0300-lenfance-de-Paris-e1589488266746-300x69.jpg 300w, https:\/\/www.mes-allocs.fr\/guides\/wp-content\/uploads\/2020\/05\/Laide-sociale-a\u0300-lenfance-de-Paris-e1589488266746-1024x235.jpg 1024w, https:\/\/www.mes-allocs.fr\/guides\/wp-content\/uploads\/2020\/05\/Laide-sociale-a\u0300-lenfance-de-Paris-e1589488266746-768x176.jpg 768w, https:\/\/www.mes-allocs.fr\/guides\/wp-content\/uploads\/2020\/05\/Laide-sociale-a\u0300-lenfance-de-Paris-e1589488266746-600x138.jpg 600w\" sizes=\"auto, (max-width: 1280px) 100vw, 1280px\" \/><\/a>[Mis \u00e0 jour le 26\/02\/2026] <strong>En France, des <a href=\"https:\/\/www.mes-allocs.fr\/guides\/aides-sociales\/\">aides sociales<\/a> existent. L&rsquo;aide sociale \u00e0 l&rsquo;enfance de Paris est bas\u00e9e dans l&rsquo;ensemble de la capitale, \u00e0 travers plusieurs sites. L&rsquo;ASE oeuvre pour la protection de l&rsquo;enfance, g\u00e9n\u00e9ralement de la naissance \u00e0 la majorit\u00e9.<br \/>\n<\/strong><\/p>\n<div class='cta-block'><div class='text'>Simulez toutes vos aides en 2 min.<\/div><a href='https:\/\/www.mes-allocs.fr\/ab-app?origin=guides\/wp-json\/wp\/v2\/posts\/6165' class='app-button fit'>Simulation gratuite<\/a><\/div>\n<div class=\"page\" title=\"Page 3\">\n<div class=\"section\">\n<div class=\"section\">\n<div class=\"layoutArea\">\n<div class=\"column\">\n<h1>Qu&rsquo;est-ce que l&rsquo;aide sociale \u00e0 l&rsquo;enfance (ASE) ?<\/h1>\n<h2>D\u00e9finition g\u00e9n\u00e9rale de l&rsquo;aide sociale \u00e0 l&rsquo;enfance<\/h2>\n<\/div>\n<\/div>\n<\/div>\n<\/div>\n<\/div>\n<p style=\"text-align: justify;\">L&rsquo;aide sociale \u00e0 l&rsquo;enfance ASE s&rsquo;expriment par un ensemble de missions de protection cens\u00e9es pr\u00e9venir et soutenir les enfants et les familles en difficult\u00e9s psycho-sociales. Elle prend \u00e9galement en charge les mineurs (totalement ou partiellement) qui ne peuvent plus rester dans leur famille.<\/p>\n<p style=\"text-align: justify;\">Par ailleurs, elle peut venir en aide aux jeunes majeurs (jusqu&rsquo;\u00e0 21 ans) qui rencontrent des difficult\u00e9s d&rsquo;insertion. Les bureaux de l&rsquo;ASE peuvent accueillir les parents et\/ou les enfants en difficult\u00e9s \u00e9ducatives, afin de les orienter vers la solution la plus adapt\u00e9e.<\/p>\n<p style=\"text-align: justify;\">L&rsquo;aide sociale \u00e0 l&rsquo;enfance (ASE) est d\u00e9finie par les articles L221-1 et suivants du code de l\u2019Action sociale et des familles. Elle rel\u00e8ve de la comp\u00e9tence du pr\u00e9sident du conseil d\u00e9partemental.<\/p>\n<h2>Fonctionnement de l&rsquo;aide sociale \u00e0 l&rsquo;enfance<\/h2>\n<h3>L&rsquo;ASE en 3 points<\/h3>\n<p>L&rsquo;ASE s&rsquo;organise en trois volets :<\/p>\n<ul>\n<li>Un programme de sensibilisation destin\u00e9 \u00e0 informer les personnes concern\u00e9es par des mineurs en danger ou qui risquent de l&rsquo;\u00eatre. Il s&rsquo;agit de missions pr\u00e9ventives \u00e0 l&rsquo;encontre des mineurs et de leurs familles ;<\/li>\n<li>Un signalement \u00e0 l&rsquo;autorit\u00e9 judiciaire ;<\/li>\n<li>La mise en place d&rsquo;une action sociale (protection de l&rsquo;enfance, soutien\u00a0mat\u00e9riel, \u00e9ducatif et psychologique etc) visant \u00e0 pourvoir aux besoins des mineurs concern\u00e9es, qu&rsquo;il s&rsquo;agisse d&rsquo;enfants plac\u00e9s ou de jeune majeurs.<\/li>\n<\/ul>\n<p>Le pr\u00e9sident du conseil d\u00e9partemental est tenu de recueillir toutes les informations\u00a0pr\u00e9occupantes relatives \u00e0 la\u00a0situation\u00a0d&rsquo;un mineur. Ces informations ont pour but d&rsquo;\u00e9valuer la\u00a0situation du mineur et le d\u00e9ploiement d&rsquo;\u00e9ventuelles actions en sa faveur.<\/p>\n<h3>Les actions propos\u00e9es<\/h3>\n<p>Il existe deux types d&rsquo;action :<\/p>\n<ul>\n<li>l\u2019aide \u00e0 domicile met en place des interventions \u00e0 domicile ainsi que des aides financi\u00e8res.<\/li>\n<li style=\"text-align: justify;\">la prise en charge mat\u00e9rielle correspond \u00e0 des mesures de placement en dehors du milieu familial. C&rsquo;est en cela que les aides sociales \u00e0 l&rsquo;enfance d\u00e9pendent des pouvoirs administratifs et judiciaires.<\/li>\n<\/ul>\n<h1>L&rsquo;aide sociale \u00e0 l&rsquo;enfance \u00e0 Paris<\/h1>\n<h2>De quoi s&rsquo;agit-il ?<\/h2>\n<p>Actuellement, \u00e0 Paris, environ 26 000 enfants et leur famille sont suivis au titre de l\u2019Aide sociale \u00e0 l\u2019enfance et de la pr\u00e9vention (soit 10,8 jeunes sur 1000 de moins de 20 ans contre 7,8 sur 1000 au plan national).<\/p>\n<p>\u00c0 cause de la crise \u00e9conomique, les interventions sociales et \u00e9ducatives se multiplient. Elles concernent principalement les publics suivants :<\/p>\n<ul>\n<li>jeunes en situation de rupture familiale;<\/li>\n<li>familles pr\u00e9caires (12% de familles pauvres) ;<\/li>\n<li>familles monoparentale, tr\u00e8s nombreuses \u00e0 Paris (27 % contre 17 % au plan national) ;<\/li>\n<li>mineurs \u00e9trangers isol\u00e9s, sont de plus en plus nombreux dans la capitale.<\/li>\n<\/ul>\n<p>En 2007, Paris a mis en place une <strong>cellule de recueil, de traitement et d\u2019\u00e9valuation des informations pr\u00e9occupantes.\u00a0<\/strong>Il s&rsquo;agit d&rsquo;un outil central \u00e0 mobiliser pour les enfants et les jeunes en situation ou risque de danger, que cela concerne sa sant\u00e9, sa s\u00e9curit\u00e9, sa moralit\u00e9 ou encore son \u00e9ducation.<\/p>\n<p>En effet, les informations sont transmises par le 119 (num\u00e9ro vert enfance en danger) aux services sociaux, m\u00e9dico-sociaux, sanitaires, de police ou scolaires. Depuis 2006, cette initiative prouve son efficacit\u00e9 : on assiste \u00e0<strong> une progression de 81% des signalements d\u2019enfants en difficult\u00e9.<br \/>\n<\/strong><\/p>\n<h2>O\u00f9 se situe l&rsquo;ASE Paris ?<\/h2>\n<p>Le service de l&rsquo;aide sociale \u00e0 l&rsquo;enfance de Paris dispose de trois sites : un bureau central et deux bureaux d\u00e9concentr\u00e9s. Vous devez vous adresser au secteur qui correspond \u00e0 l&rsquo;arrondissement de votre r\u00e9sidence.<\/p>\n<p style=\"text-align: justify;\"><strong>Les sites de l&rsquo;ASE Paris :<\/strong><\/p>\n\n<div class=\"wpdt-c row wpDataTableContainerSimpleTable wpDataTables wpDataTablesWrapper\n\"\n    >\n    <table id=\"wpdtSimpleTable-396\"\n           class=\"wpdtSimpleTable wpDataTable\"\n           data-column=\"2\"\n           data-rows=\"7\"\n           data-wpID=\"396\"\n           data-responsive=\"0\"\n           data-has-header=\"1\">\n\n                    <thead>        <tr class=\"wpdt-cell-row \" >\n                            <th class=\"wpdt-cell wpdt-bc-F3F9FE\"\n                                    data-cell-id=\"A1\"\n                data-col-index=\"0\"\n                data-row-index=\"0\"\n                style=\" width:46.042003231018%;                padding:10px;\"\n                >\n                                Adresses des sites                <\/th>\n                                            <th class=\"wpdt-cell wpdt-bc-F3F9FE\"\n                                    data-cell-id=\"B1\"\n                data-col-index=\"1\"\n                data-row-index=\"0\"\n                style=\" width:53.957996768982%;                padding:10px;\"\n                >\n                                Arrondissements concern\u00e9s                <\/th>\n                                        <\/tr>\n                    <tbody>        <tr class=\"wpdt-cell-row \" >\n                            <td class=\"wpdt-cell \"\n                                    data-cell-id=\"A2\"\n                data-col-index=\"0\"\n                data-row-index=\"1\"\n                style=\"                padding:10px;\"\n                >\n                                94-96 quai de la Rap\u00e9e 75012 Paris                <\/td>\n                                            <td class=\"wpdt-cell \"\n                                    data-cell-id=\"B2\"\n                data-col-index=\"1\"\n                data-row-index=\"1\"\n                style=\"                padding:10px;\"\n                >\n                                1er, 2e, 3e, 4e, 6e, 7e, 8e, 9e, 10e, 14e, 15e, 16e, 17e arrondissements                <\/td>\n                                        <\/tr>\n                            <tr class=\"wpdt-cell-row \" >\n                            <td class=\"wpdt-cell \"\n                                    data-cell-id=\"A3\"\n                data-col-index=\"0\"\n                data-row-index=\"2\"\n                style=\"                padding:10px;\"\n                >\n                                76-78 rue de Reuilly 75012 Paris                <\/td>\n                                            <td class=\"wpdt-cell \"\n                                    data-cell-id=\"B3\"\n                data-col-index=\"1\"\n                data-row-index=\"2\"\n                style=\"                padding:10px;\"\n                >\n                                11e et 12e arrondissements                <\/td>\n                                        <\/tr>\n                            <tr class=\"wpdt-cell-row \" >\n                            <td class=\"wpdt-cell \"\n                                    data-cell-id=\"A4\"\n                data-col-index=\"0\"\n                data-row-index=\"3\"\n                style=\"                padding:10px;\"\n                >\n                                163 avenue d\u2019Italie 75013 Paris                <\/td>\n                                            <td class=\"wpdt-cell \"\n                                    data-cell-id=\"B4\"\n                data-col-index=\"1\"\n                data-row-index=\"3\"\n                style=\"                padding:10px;\"\n                >\n                                5e et 13e arrondissements                <\/td>\n                                        <\/tr>\n                            <tr class=\"wpdt-cell-row \" >\n                            <td class=\"wpdt-cell \"\n                                    data-cell-id=\"A5\"\n                data-col-index=\"0\"\n                data-row-index=\"4\"\n                style=\"                padding:10px;\"\n                >\n                                183 rue Ordener 75018 Paris                <\/td>\n                                            <td class=\"wpdt-cell \"\n                                    data-cell-id=\"B5\"\n                data-col-index=\"1\"\n                data-row-index=\"4\"\n                style=\"                padding:10px;\"\n                >\n                                18e arrondissement (2 secteurs)                <\/td>\n                                        <\/tr>\n                            <tr class=\"wpdt-cell-row \" >\n                            <td class=\"wpdt-cell \"\n                                    data-cell-id=\"A6\"\n                data-col-index=\"0\"\n                data-row-index=\"5\"\n                style=\"                padding:10px;\"\n                >\n                                4 rue David-d\u2019Angers 75019                <\/td>\n                                            <td class=\"wpdt-cell \"\n                                    data-cell-id=\"B6\"\n                data-col-index=\"1\"\n                data-row-index=\"5\"\n                style=\"                padding:10px;\"\n                >\n                                19e arrondissement (3 secteurs)                <\/td>\n                                        <\/tr>\n                            <tr class=\"wpdt-cell-row \" >\n                            <td class=\"wpdt-cell \"\n                                    data-cell-id=\"A7\"\n                data-col-index=\"0\"\n                data-row-index=\"6\"\n                style=\"                padding:10px;\"\n                >\n                                119 rue de M\u00e9nilmontant 75020 Paris                <\/td>\n                                            <td class=\"wpdt-cell \"\n                                    data-cell-id=\"B7\"\n                data-col-index=\"1\"\n                data-row-index=\"6\"\n                style=\"                padding:10px;\"\n                >\n                                20e arrondissement (2 secteurs)                <\/td>\n                                        <\/tr>\n                    <\/table>\n<\/div><style id='wpdt-custom-style-396'>\ntable#wpdtSimpleTable-396{ table-layout: fixed !important; }\n.wpdt-bc-F3F9FE { background-color: #F3F9FE !important;}\n<\/style>\n\n<div class='cta-block'><div class='text'>Simulez toutes vos aides en 2 min.<\/div><a href='https:\/\/www.mes-allocs.fr\/ab-app?origin=guides\/wp-json\/wp\/v2\/posts\/6165' class='app-button fit'>Simulation gratuite<\/a><\/div>\n<div class=\"paris-container paris-container-components\">\n<div class=\"blocks\">\n<h1 class=\"title is-level-3\">Quand faut-il signaler un enfant en danger ?<\/h1>\n<h2>Les signes qui doivent alerter<\/h2>\n<p>Si vous constatez l&rsquo;un des signes suivantes chez un enfant ou un adolescent, appelez-le 119 :<\/p>\n<ul class=\"list\">\n<li data-controller=\"list\">\n<div data-target=\"list.liContainer\">Marques corporelles (traces de coups, br\u00fblures, fractures, scarifications);<\/div>\n<\/li>\n<li data-controller=\"list\">\n<div data-target=\"list.liContainer\">Probl\u00e8mes de sant\u00e9 : maladies r\u00e9p\u00e9t\u00e9es, fatigue, p\u00e2leur;<\/div>\n<\/li>\n<li data-controller=\"list\">\n<div data-target=\"list.liContainer\">\u00c9nur\u00e9sie, encopr\u00e9sie;<\/div>\n<\/li>\n<li data-controller=\"list\">\n<div data-target=\"list.liContainer\">Arr\u00eat du d\u00e9veloppement physique ou intellectuel;<\/div>\n<\/li>\n<li data-controller=\"list\">\n<div data-target=\"list.liContainer\">Ob\u00e9sit\u00e9, maigreur;<\/div>\n<\/li>\n<li data-controller=\"list\">\n<div data-target=\"list.liContainer\">Hygi\u00e8ne d\u00e9fectueuse;<\/div>\n<\/li>\n<li data-controller=\"list\">\n<div data-target=\"list.liContainer\">Violence ou agressivit\u00e9;<\/div>\n<\/li>\n<li data-controller=\"list\">\n<div data-target=\"list.liContainer\">Mutisme, inhibition, repli sur soi;<\/div>\n<\/li>\n<li data-controller=\"list\">\n<div data-target=\"list.liContainer\">Qu\u00eate affective syst\u00e9matique;<\/div>\n<\/li>\n<li data-controller=\"list\">\n<div data-target=\"list.liContainer\">Fugues r\u00e9p\u00e9titives;<\/div>\n<\/li>\n<li data-controller=\"list\">\n<div data-target=\"list.liContainer\">Peurs inexpliqu\u00e9es;<\/div>\n<\/li>\n<li data-controller=\"list\">\n<div data-target=\"list.liContainer\">Prise de risque (fugue, conduites addictives\u2026);<\/div>\n<\/li>\n<li data-controller=\"list\">\n<div data-target=\"list.liContainer\">D\u00e9sordres alimentaires (anorexie, boulimie, vomissements r\u00e9p\u00e9t\u00e9s);<\/div>\n<\/li>\n<li data-controller=\"list\">\n<div data-target=\"list.liContainer\">Accidents domestiques \u00e0 r\u00e9p\u00e9tition;<\/div>\n<\/li>\n<li data-controller=\"list\">\n<div data-target=\"list.liContainer\">Difficult\u00e9s scolaires (absent\u00e9isme important, d\u00e9sinvestissement, \u00e9chec);<\/div>\n<\/li>\n<li data-controller=\"list\">\n<div data-target=\"list.liContainer\">\u00c9vitement de certaines situations scolaires ou sportives;<\/div>\n<\/li>\n<li data-controller=\"list\">\n<div data-target=\"list.liContainer\">Comportement ou langage sexuel inadapt\u00e9s \u00e0 son \u00e2ge.<\/div>\n<\/li>\n<\/ul>\n<h2>Les changements de comportement et autres signes de maltraitance<\/h2>\n<ol>\n<li><strong>Changements comportementaux :<\/strong> si l&rsquo;enfant pr\u00e9sente des changements marqu\u00e9s dans son comportement, son humeur ou ses performances \u00e0 l&rsquo;\u00e9cole, cela peut \u00eatre un signe de maltraitance. Cela inclut la r\u00e9gression (retour \u00e0 des comportements plus jeunes), l&rsquo;agressivit\u00e9 accrue, la d\u00e9pression, l&rsquo;anxi\u00e9t\u00e9 ou le retrait social.<\/li>\n<li><strong>T\u00e9moignage de l&rsquo;enfant :<\/strong> si l&rsquo;enfant vous confie avoir \u00e9t\u00e9 maltrait\u00e9, abus\u00e9 ou n\u00e9glig\u00e9 d&rsquo;une mani\u00e8re ou d&rsquo;une autre, il est essentiel de prendre ces d\u00e9clarations au s\u00e9rieux.<\/li>\n<li><strong>T\u00e9moignages de tiers :<\/strong> si d&rsquo;autres personnes, comme des enseignants, des professionnels de la sant\u00e9, des voisins ou des membres de la famille, signalent des pr\u00e9occupations concernant l&rsquo;enfant.<\/li>\n<li><strong>Dysfonction familiale :<\/strong> lorsque vous observez un environnement familial o\u00f9 la violence, les abus de substances, les conflits violents ou d&rsquo;autres probl\u00e8mes cr\u00e9ent un environnement dangereux pour l&rsquo;enfant.<\/li>\n<\/ol>\n<p>Il est essentiel de ne pas minimiser les signes de maltraitance potentielle. Les services de protection de l&rsquo;enfance ou les autorit\u00e9s comp\u00e9tentes sont form\u00e9s pour \u00e9valuer ces situations et prendre les mesures n\u00e9cessaires pour prot\u00e9ger l&rsquo;enfant. Signaler un enfant en danger peut \u00eatre crucial pour sa s\u00e9curit\u00e9 et son bien-\u00eatre<\/p>\n<\/div>\n<\/div>\n<h1 class=\"title is-level-3\">\u00c0 quelles associations faire appel en cas de difficult\u00e9s \u00e9ducatives ?<\/h1>\n<h2 class=\"title is-level-4\">La Colline aux enfants<\/h2>\n<p>Il s&rsquo;agit d&rsquo;une structure qui accompagnent les parents dans l\u2019\u00e9ducation de leurs enfants. Elle a pour objectif de r\u00e9duire l\u2019isolement et favoriser le lien social.<\/p>\n<p>La Colline aux enfants re\u00e7oit les parents <strong>et <\/strong>les enfants, de la naissance \u00e0 10 ans. Elle propose une \u00e9coute, un accompagnement \u00e9ducatif, social, psychologique. \u00c0 cela s&rsquo;ajoute, si n\u00e9cessaire, une orientation vers une aide plus renforc\u00e9e.<\/p>\n<h2 class=\"title is-level-4\">Le Fil d\u2019Ariane<\/h2>\n<div class=\"text\" data-controller=\"text\">\n<div data-target=\"text.textContainer\">L\u2019association Le Fil d&rsquo;Ariane entoure particuli\u00e8rement les parents d\u2019enfants plac\u00e9s (notamment dans des familles d&rsquo;accueil) au titre de l\u2019Aide sociale \u00e0 l\u2019enfance. Un r\u00e9seau d&rsquo;\u00e9coute est mis en place pour conseiller, orienter et guider les parents dans leurs d\u00e9marches aupr\u00e8s des intervenants sociaux. Ceci, dans la perspective d\u2019un retour au domicile de l\u2019enfant dans de bonnes conditions. Par ailleurs, un espace Entraide est mis en place pour les parents. Il est anim\u00e9 par une psychologue et permet d\u2019\u00e9changer sur l\u2019exp\u00e9rience du placement.<\/div>\n<\/div>\n<div data-target=\"text.textContainer\"><\/div>\n<div data-target=\"text.textContainer\"><iframe loading=\"lazy\" src=\"\/\/www.youtube.com\/embed\/MfDoGweq-e0?pp=0gcJCU8JAYcqIYzv\" width=\"560\" height=\"314\" allowfullscreen=\"allowfullscreen\"><\/iframe><\/div>\n<h1 class=\"title is-level-4\">Enfance et Familles d&rsquo;Adoption (EFA)<\/h1>\n<div class=\"text\" data-controller=\"text\">\n<div data-target=\"text.textContainer\">L\u2019association EFA guident et conseillent les couples engag\u00e9s dans une d\u00e9marche d\u2019adoption. Mais aussi ceux qui ont d\u00e9j\u00e0 adopt\u00e9.<\/div>\n<div data-target=\"text.textContainer\"><\/div>\n<div data-target=\"text.textContainer\">Elle assure des r\u00e9unions d\u2019information pour les candidats \u00e0 l\u2019adoption. \u00c0 cela s&rsquo;ajoute des rencontres entre candidats et familles ayant adopt\u00e9, afin d\u2019\u00e9changer des conseils sur l\u2019adoption.<\/div>\n<div data-target=\"text.textContainer\"><\/div>\n<div data-target=\"text.textContainer\">L\u2019association organise aussi des groupes de parole th\u00e9matiques, sur les questions difficiles auxquelles les parents font face : la r\u00e9v\u00e9lation de l\u2019adoption \u00e0 l\u2019enfant, l\u2019accueil d\u2019un enfant \u00e9tranger, etc.<\/div>\n<\/div>\n<h2 class=\"title is-level-4\">Ligar\u00e9-L\u2019Arbre Vert<\/h2>\n<p>Cette association est tourn\u00e9e vers les familles adoptantes. Elles les orientent au niveau psychologique et \u00e9ducatif, avant ou apr\u00e8s l\u2019adoption.<\/p>\n<div class=\"text\" data-controller=\"text\">\n<div data-target=\"text.textContainer\">Plus pr\u00e9cis\u00e9ment, deux psychologues sp\u00e9cialis\u00e9s re\u00e7oivent en consultations les familles et les enfants adopt\u00e9s, dans le cadre d\u2019entretiens individuels.<\/div>\n<\/div>\n<h2 class=\"title is-level-4\">Enfance et Partage<\/h2>\n<div class=\"text\" data-controller=\"text\">\n<div data-target=\"text.textContainer\">L&rsquo;association Enfance et Partage offre aux parents divers services t\u00e9l\u00e9phoniques \u00e0 leur \u00e9coute.<\/div>\n<\/div>\n<h3 data-target=\"list.liContainer\">Allo Parents B\u00e9b\u00e9<\/h3>\n<div data-target=\"list.liContainer\">C&rsquo;est un num\u00e9ro vert qui a pour mission d&rsquo;\u00e9couter, de soutenir et d&rsquo;orienter les parents inquiets d\u00e8s la grossesse et jusqu&rsquo;aux trois ans de l&rsquo;enfant.<\/div>\n<div data-target=\"list.liContainer\"><\/div>\n<div data-target=\"list.liContainer\">Ce service d&rsquo;\u00e9coute et de soutien \u00e0 la parentalit\u00e9 lie une \u00e9quipe de psychologues et une pu\u00e9ricultrice avec les jeunes parents. Une ligne de soutien suivi peut \u00e9galement \u00eatre d\u00e9velopp\u00e9e par la suite.<\/div>\n<h3 data-target=\"list.liContainer\">D\u00e9fense des victimes et l&rsquo;accompagnement des familles<\/h3>\n<div data-target=\"list.liContainer\">Ce num\u00e9ro vert vous permet d&rsquo;obtenir des conseils anonymes et gratuits, une orientation pour les mineurs victimes de violence, ainsi qu&rsquo;un accompagnement juridique (suivi de dossiers et conseils juridiques).<\/div>\n<h3 data-target=\"list.liContainer\">Accompagnement psychologique des victimes<\/h3>\n<div data-target=\"list.liContainer\">Il s&rsquo;agit d&rsquo;un accompagnement psychologique des victimes par t\u00e9l\u00e9phone. Vous avez aussi la possibilit\u00e9 d&rsquo;acc\u00e9der \u00e0 une prise en charge du suivi psychoth\u00e9rapeutique des mineurs victimes. Et ce, par le biais d&rsquo;un r\u00e9seau de 30 psychologues cliniciens r\u00e9partis sur le territoire national.<\/div>\n<div data-target=\"text.textContainer\">\n<h1 id=\"etre-parent-d-un-enfant-confie-a-l-aide-sociale-a-l-enfance\" class=\"title in-toc is-level-2\" tabindex=\"-1\">\u00catre parent d\u2019un enfant confi\u00e9 \u00e0 l\u2019ASE<\/h1>\n<h2>Prendre connaissance de vos droits<\/h2>\n<div class=\"text\" data-controller=\"text\">\n<div data-target=\"text.textContainer\">Si votre enfant a \u00e9t\u00e9 confi\u00e9 \u00e0 l&rsquo;enfance parce que vous ou un juge en avez fait la demande, vous devez conna\u00eetre vos droits en tant que parent de l\u2019aide sociale \u00e0 l\u2019enfance. Cela vous aidera \u00e0 vivre la s\u00e9paration temporaire dans les meilleures conditions possibles. Pour vous, comme pour votre enfant.<\/div>\n<\/div>\n<\/div>\n<h2 data-target=\"text.textContainer\">Enfant de l&rsquo;ASE : comment acc\u00e9der \u00e0 mon dossier ?<\/h2>\n<p>Depuis la loi du 17 juillet 1978, les enfants pris en charge par l&rsquo;ASE peuvent consulter leur dossier. Il retrace le parcours de l&rsquo;enfant, les raisons de son placement, le nom de descendants ou d&rsquo;ascendants etc.<\/p>\n<p>Il suffit pour cela de t\u00e9l\u00e9charger la demande sur le site de l&rsquo;ASE.<\/p>\n<div class='cta-block'><div class='text'>Simulez toutes vos aides en 2 min.<\/div><a href='https:\/\/www.mes-allocs.fr\/ab-app?origin=guides\/wp-json\/wp\/v2\/posts\/6165' class='app-button fit'>Simulation gratuite<\/a><\/div>\n","protected":false},"excerpt":{"rendered":"<p>[Mis \u00e0 jour le 26\/02\/2026] En France, des aides sociales existent. L&rsquo;aide sociale \u00e0 l&rsquo;enfance de Paris est bas\u00e9e dans l&rsquo;ensemble de la capitale, \u00e0 travers plusieurs sites. L&rsquo;ASE oeuvre pour la protection de l&rsquo;enfance, g\u00e9n\u00e9ralement de la naissance \u00e0 la majorit\u00e9. Qu&rsquo;est-ce que l&rsquo;aide sociale \u00e0 l&rsquo;enfance (ASE) ? D\u00e9finition g\u00e9n\u00e9rale de l&rsquo;aide sociale [&hellip;]<\/p>\n","protected":false},"author":7,"featured_media":6654,"comment_status":"open","ping_status":"open","sticky":false,"template":"","format":"standard","meta":{"amp_status":"","footnotes":""},"categories":[35547,1411],"tags":[],"class_list":["post-6165","post","type-post","status-publish","format-standard","has-post-thumbnail","hentry","category-aide-sociale-enfance","category-aides-sociales"],"yoast_head":"<!-- This site is optimized with the Yoast SEO plugin v14.9 - https:\/\/yoast.com\/wordpress\/plugins\/seo\/ -->\n<title>L&#039;aide sociale \u00e0 l&#039;enfance de Paris | Mes-Allocs.fr<\/title>\n<meta name=\"description\" content=\"L&#039;aide sociale \u00e0 l&#039;enfance de Paris est bas\u00e9e dans l&#039;ensemble de la capitale. L&#039;ASE oeuvre pour la protection de l&#039;enfance.\" \/>\n<meta name=\"robots\" content=\"index, follow, max-snippet:-1, max-image-preview:large, max-video-preview:-1\" \/>\n<link rel=\"canonical\" href=\"https:\/\/www.mes-allocs.fr\/guides\/aides-sociales\/aide-sociale-enfance\/aide-sociale-enfance-paris\/\" \/>\n<meta property=\"og:locale\" content=\"fr_FR\" \/>\n<meta property=\"og:type\" content=\"article\" \/>\n<meta property=\"og:title\" content=\"L&#039;aide sociale \u00e0 l&#039;enfance de Paris | Mes-Allocs.fr\" \/>\n<meta property=\"og:description\" content=\"L&#039;aide sociale \u00e0 l&#039;enfance de Paris est bas\u00e9e dans l&#039;ensemble de la capitale. L&#039;ASE oeuvre pour la protection de l&#039;enfance.\" \/>\n<meta property=\"og:url\" content=\"https:\/\/www.mes-allocs.fr\/guides\/aides-sociales\/aide-sociale-enfance\/aide-sociale-enfance-paris\/\" \/>\n<meta property=\"og:site_name\" content=\"Mes-Allocs.fr\" \/>\n<meta property=\"article:published_time\" content=\"2020-05-20T14:10:37+00:00\" \/>\n<meta property=\"article:modified_time\" content=\"2026-02-26T17:13:20+00:00\" \/>\n<meta property=\"og:image\" content=\"https:\/\/www.mes-allocs.fr\/guides\/wp-content\/uploads\/2020\/05\/Laide-sociale-a\u0300-lenfance-de-Paris-e1589488266746.jpg?wsr\" \/>\n\t<meta property=\"og:image:width\" content=\"1280\" \/>\n\t<meta property=\"og:image:height\" content=\"294\" \/>\n<meta name=\"twitter:card\" content=\"summary_large_image\" \/>\n<script type=\"application\/ld+json\" class=\"yoast-schema-graph\">{\"@context\":\"https:\/\/schema.org\",\"@graph\":[{\"@type\":\"WebSite\",\"@id\":\"https:\/\/www.mes-allocs.fr\/guides\/#website\",\"url\":\"https:\/\/www.mes-allocs.fr\/guides\/\",\"name\":\"Mes-Allocs.fr\",\"description\":\"\",\"potentialAction\":[{\"@type\":\"SearchAction\",\"target\":\"https:\/\/www.mes-allocs.fr\/guides\/?s={search_term_string}\",\"query-input\":\"required name=search_term_string\"}],\"inLanguage\":\"fr-FR\"},{\"@type\":\"ImageObject\",\"@id\":\"https:\/\/www.mes-allocs.fr\/guides\/aides-sociales\/aide-sociale-enfance\/aide-sociale-enfance-paris\/#primaryimage\",\"inLanguage\":\"fr-FR\",\"url\":\"https:\/\/www.mes-allocs.fr\/guides\/wp-content\/uploads\/2020\/05\/Laide-sociale-a\\u0300-lenfance-de-Paris-e1589488266746.jpg?wsr\",\"width\":1280,\"height\":294,\"caption\":\"Laide sociale a\\u0300 lenfance de Paris e1589488266746\"},{\"@type\":\"WebPage\",\"@id\":\"https:\/\/www.mes-allocs.fr\/guides\/aides-sociales\/aide-sociale-enfance\/aide-sociale-enfance-paris\/#webpage\",\"url\":\"https:\/\/www.mes-allocs.fr\/guides\/aides-sociales\/aide-sociale-enfance\/aide-sociale-enfance-paris\/\",\"name\":\"L'aide sociale \\u00e0 l'enfance de Paris | Mes-Allocs.fr\",\"isPartOf\":{\"@id\":\"https:\/\/www.mes-allocs.fr\/guides\/#website\"},\"primaryImageOfPage\":{\"@id\":\"https:\/\/www.mes-allocs.fr\/guides\/aides-sociales\/aide-sociale-enfance\/aide-sociale-enfance-paris\/#primaryimage\"},\"datePublished\":\"2020-05-20T14:10:37+00:00\",\"dateModified\":\"2026-02-26T17:13:20+00:00\",\"author\":{\"@id\":\"https:\/\/www.mes-allocs.fr\/guides\/#\/schema\/person\/1c4837d5703727cb02ce84583b5a44aa\"},\"description\":\"L'aide sociale \\u00e0 l'enfance de Paris est bas\\u00e9e dans l'ensemble de la capitale. L'ASE oeuvre pour la protection de l'enfance.\",\"inLanguage\":\"fr-FR\"},{\"@type\":\"Person\",\"@id\":\"https:\/\/www.mes-allocs.fr\/guides\/#\/schema\/person\/1c4837d5703727cb02ce84583b5a44aa\",\"name\":\"Fabiola\",\"image\":{\"@type\":\"ImageObject\",\"@id\":\"https:\/\/www.mes-allocs.fr\/guides\/#personlogo\",\"inLanguage\":\"fr-FR\",\"url\":\"https:\/\/www.mes-allocs.fr\/guides\/wp-content\/uploads\/2021\/06\/fabiola-150x150.png\",\"caption\":\"Fabiola\"},\"description\":\"Fabiola est r\\u00e9dactrice au sein de l'\\u00e9quipe Mes Allocs, sp\\u00e9cialis\\u00e9e en sciences politiques et affaires publiques. Dipl\\u00f4m\\u00e9e de l'HEIP, elle rejoint Mes Allocs apr\\u00e8s une premi\\u00e8re exp\\u00e9rience \\u00e0 l'Assembl\\u00e9e Nationale.\",\"sameAs\":[\"https:\/\/www.linkedin.com\/in\/cecilia-philippe-b-8a8085195\"]}]}<\/script>\n<!-- \/ Yoast SEO plugin. -->","amp_validity":null,"acf":{"faq":{"1":{"question":"Comment fonctionne l'aide sociale \u00e0 l'enfance ?","answer":"L'ASE s'organise en trois volets :\r\n\r\n- Un programme de sensibilisation destin\u00e9 \u00e0 informer les personnes concern\u00e9es par des mineurs en danger ou qui risquent de l'\u00eatre. Il s'agit d'actions de pr\u00e9vention \u00e0 l'encontre des mineurs et de leurs familles ;\r\n\r\n- Un signalement \u00e0 l'autorit\u00e9 judiciaire ;\r\n\r\n- La mise en place d'une action sociale (mesures de protection, soutien\u00a0mat\u00e9riel, \u00e9ducatif et psychologique etc) visant \u00e0 pourvoir aux besoins des mineurs concern\u00e9es, qu'il s'agisse d'enfants plac\u00e9s ou de jeune majeurs.\r\n\r\nIl existe deux types d'action :\r\n\r\n- l\u2019aide \u00e0 domicile met en place des interventions \u00e0 domicile ainsi qu'une aide financi\u00e8re.\r\n- la prise en charge mat\u00e9rielle correspond \u00e0 des mesures de placement en dehors du milieu familial. C'est en cela que les aides sociales \u00e0 l'enfance d\u00e9pendent des pouvoirs administratifs et judiciaires."},"2":{"question":"Qui g\u00e8re l'aide sociale \u00e0 l'enfance ?","answer":" L\u2019Aide Sociale \u00e0 l\u2019Enfance (ASE) est un dispositif du d\u00e9partement, r\u00e9gi par l'article L. 221-1 al.1 Code de l\u2019Action Sociale et des Famille). Il rel\u00e8ve de l\u2019autorit\u00e9 du pr\u00e9sident du conseil g\u00e9n\u00e9ral.\r\n\r\n\r\n"},"3":{"question":"C'est quoi un foyer de l'enfance ?","answer":"Les foyers de l\u2019enfance accueillent les mineurs en difficult\u00e9 ou en danger, qui ont \u00e9t\u00e9 confi\u00e9s par leur famille ou par mesure judiciaire au service de l'Aide Sociale \u00e0 l'Enfance.\r\n\r\nLe placement en foyer de l'enfance sert \u00e0 assurer, la s\u00e9curit\u00e9, la sant\u00e9, l'\u00e9ducation et le d\u00e9veloppement social et culturel."},"4":{"question":"C'est quoi le foyer socio \u00e9ducatif ?","answer":"Le foyer socio-\u00e9ducatif (FSE) est une association fond\u00e9e au sein des lyc\u00e9es et coll\u00e8ges en France. Elle participe \u00e0 l'\u00e9ducation des \u00e9l\u00e8ves en instaurant diverses activit\u00e9s."},"5":{"question":"C'est quoi un OPP ?","answer":"L'ordonnance de placement provisoire (OPP) est une mesure autorisant le juge des enfants \u00e0 placer un mineur dans une structure capable de l'accueillir, peu importe le statut de cette structure (judiciaire, social, m\u00e9dicosocial ou sanitaire)."},"6":{"question":"Quel est le r\u00f4le de la protection de l'enfance ?","answer":"Le r\u00f4le de la protection de l'enfance est de garantir la prise en compte des besoins fondamentaux de l'enfant :\r\n \r\n- soutenir son d\u00e9veloppement physique, affectif, intellectuel et social\r\n- pr\u00e9server sa sant\u00e9, sa s\u00e9curit\u00e9, sa moralit\u00e9 et son \u00e9ducation."},"7":{"question":"Quelles sont les missions de l'ASE ?","answer":"L'ASE a deux missions principales bas\u00e9e sur un service de protection et de pr\u00e9vention : accompagner et soutien les enfants et leurs parents au domicile (via un soutien \u00e9ducatif et\/ou financier). Mais aussi accueillir et prendre en charge les enfants plac\u00e9s par leurs parents ou un juge.\r\n"},"8":{"question":"Qu'est-ce que la protection administrative ?","answer":"La protection administrative, d\u00e9pend du d\u00e9partement contrairement \u00e0 la protection judiciaire, qui est port\u00e9e par le procureur de la r\u00e9publique.\r\n\r\nIl s'agit du premier degr\u00e9 de protection de l'enfance."},"9":{"question":"","answer":""},"10":{"question":"","answer":""},"11":{"question":"","answer":""},"12":{"question":"","answer":""},"13":{"question":"","answer":""},"14":{"question":"","answer":""},"15":{"question":"","answer":""},"16":{"question":"","answer":""}}},"_links":{"self":[{"href":"https:\/\/www.mes-allocs.fr\/guides\/wp-json\/wp\/v2\/posts\/6165","targetHints":{"allow":["GET"]}}],"collection":[{"href":"https:\/\/www.mes-allocs.fr\/guides\/wp-json\/wp\/v2\/posts"}],"about":[{"href":"https:\/\/www.mes-allocs.fr\/guides\/wp-json\/wp\/v2\/types\/post"}],"author":[{"embeddable":true,"href":"https:\/\/www.mes-allocs.fr\/guides\/wp-json\/wp\/v2\/users\/7"}],"replies":[{"embeddable":true,"href":"https:\/\/www.mes-allocs.fr\/guides\/wp-json\/wp\/v2\/comments?post=6165"}],"version-history":[{"count":27,"href":"https:\/\/www.mes-allocs.fr\/guides\/wp-json\/wp\/v2\/posts\/6165\/revisions"}],"predecessor-version":[{"id":109870,"href":"https:\/\/www.mes-allocs.fr\/guides\/wp-json\/wp\/v2\/posts\/6165\/revisions\/109870"}],"wp:featuredmedia":[{"embeddable":true,"href":"https:\/\/www.mes-allocs.fr\/guides\/wp-json\/wp\/v2\/media\/6654"}],"wp:attachment":[{"href":"https:\/\/www.mes-allocs.fr\/guides\/wp-json\/wp\/v2\/media?parent=6165"}],"wp:term":[{"taxonomy":"category","embeddable":true,"href":"https:\/\/www.mes-allocs.fr\/guides\/wp-json\/wp\/v2\/categories?post=6165"},{"taxonomy":"post_tag","embeddable":true,"href":"https:\/\/www.mes-allocs.fr\/guides\/wp-json\/wp\/v2\/tags?post=6165"}],"curies":[{"name":"wp","href":"https:\/\/api.w.org\/{rel}","templated":true}]}}