{"id":60621,"date":"2023-01-18T20:19:13","date_gmt":"2023-01-18T18:19:13","guid":{"rendered":"https:\/\/www.mes-allocs.fr\/guides\/?p=60621"},"modified":"2026-03-11T16:41:28","modified_gmt":"2026-03-11T15:41:28","slug":"conditions-fsl","status":"publish","type":"post","link":"https:\/\/www.mes-allocs.fr\/guides\/fsl\/conditions-fsl\/","title":{"rendered":"Quelles sont les conditions pour b\u00e9n\u00e9ficier de l&rsquo;aide FSL ?"},"content":{"rendered":"<p><img loading=\"lazy\" decoding=\"async\" class=\"alignnone wp-image-60866 size-full\" title=\"Conditions FSL\" src=\"https:\/\/www.mes-allocs.fr\/guides\/wp-content\/uploads\/2023\/01\/pexels-pixabay-256467-scaled-e1674065532353.jpg\" alt=\"Conditions FSL\" width=\"2560\" height=\"332\" srcset=\"https:\/\/www.mes-allocs.fr\/guides\/wp-content\/uploads\/2023\/01\/pexels-pixabay-256467-scaled-e1674065532353.jpg 2560w, https:\/\/www.mes-allocs.fr\/guides\/wp-content\/uploads\/2023\/01\/pexels-pixabay-256467-scaled-e1674065532353-300x39.jpg 300w, https:\/\/www.mes-allocs.fr\/guides\/wp-content\/uploads\/2023\/01\/pexels-pixabay-256467-scaled-e1674065532353-1024x133.jpg 1024w, https:\/\/www.mes-allocs.fr\/guides\/wp-content\/uploads\/2023\/01\/pexels-pixabay-256467-scaled-e1674065532353-768x100.jpg 768w, https:\/\/www.mes-allocs.fr\/guides\/wp-content\/uploads\/2023\/01\/pexels-pixabay-256467-scaled-e1674065532353-1536x199.jpg 1536w, https:\/\/www.mes-allocs.fr\/guides\/wp-content\/uploads\/2023\/01\/pexels-pixabay-256467-scaled-e1674065532353-2048x266.jpg 2048w, https:\/\/www.mes-allocs.fr\/guides\/wp-content\/uploads\/2023\/01\/pexels-pixabay-256467-scaled-e1674065532353-600x78.jpg 600w\" sizes=\"auto, (max-width: 2560px) 100vw, 2560px\" \/><\/p>\n<p><strong>L&rsquo;aide du <a href=\"https:\/\/www.mes-allocs.fr\/guides\/fsl\/\">Fond de Solidarit\u00e9 au Logement<\/a> (FSL) <\/strong><strong>permet la prise en charge des d\u00e9penses li\u00e9es au logement pour les personnes en difficult\u00e9 financi\u00e8re.<\/strong>\u00a0<strong>Locataire, sous-locataire d\u2019un logement meubl\u00e9 ou non et m\u00eame propri\u00e9taire, tous peuvent faire une demande d&rsquo;aide du FSL. Pour en b\u00e9n\u00e9ficier, il faut respecter des conditions d&rsquo;attribution fix\u00e9es par le Conseil d\u00e9partemental de votre lieu de r\u00e9sidence.<\/strong><\/p>\n<p><span style=\"color: #333333;\"><div class='cta-block'><div class='text'>Simulez vos aides en 2 min.<\/div><a href='https:\/\/www.mes-allocs.fr\/ab-app?origin=guides\/wp-json\/wp\/v2\/posts\/60621' class='app-button fit'>Simulation gratuite<\/a><\/div><\/span><\/p>\n<h1><span id=\"Laide_du_FSL_quest-ce_que_cest\">L\u2019aide du FSL : qu\u2019est-ce que c\u2019est ?<\/span><\/h1>\n<p class=\"amp-wp-7d27179\" data-amp-original-style=\"text-align: justify;\">Le\u00a0fonds de solidarit\u00e9 logement fait partie des\u00a0aides au logement. Il concerne les personnes rencontrant des probl\u00e8mes pour financer des frais li\u00e9s \u00e0 l\u2019acc\u00e8s dans un logement (frais d\u2019 agence, caution, frais de d\u00e9m\u00e9nagement, \u2026) ou au maintien dans le logement (dette de loyer, facture d\u2019\u00e9nergie, frais d\u2019huissier\u2026).<\/p>\n<h1><strong>Quelles sont les conditions \u00e0 respecter pour b\u00e9n\u00e9ficier de l\u2019aide FSL ?<\/strong><\/h1>\n<h2><strong>Les conditions d&rsquo;attribution du FSL<\/strong><\/h2>\n<p>Chaque d\u00e9partement dispose de son propre fonds de solidarit\u00e9 pour le logement. De ce fait, le montant des aides et les\u00a0conditions d\u2019attribution du FSL\u00a0varient d\u2019un d\u00e9partement \u00e0 l\u2019autre.<\/p>\n<h3><strong>Conditions d&rsquo;\u00e9ligibilit\u00e9 et de recevabilit\u00e9\u00a0<\/strong><\/h3>\n<p>Pour \u00eatre \u00e9ligible \u00e0 l\u2019aide FSL, il faut :<\/p>\n<ul>\n<li>Respecter les conditions de r\u00e9sidence fix\u00e9es par votre Conseil d\u00e9partemental<\/li>\n<li>Avoir un r\u00e9el motif de relogement (\u00e0 l\u2019exception de convenances personnelles)<\/li>\n<\/ul>\n<p>A noter : aucune condition pr\u00e9alable n\u2019est exig\u00e9e pour solliciter une aide du FSL du Pas-de-Calais.<\/p>\n<p>Pour \u00eatre recevable \u00e0 l\u2019aide FSL, il faut\u00a0:<\/p>\n<ul>\n<li>Avoir d\u00e9poser des demandes pr\u00e9alables de relogement<\/li>\n<li>D\u00e9poser la demande d\u2019aide financi\u00e8re au plus tard dans le mois qui suit le relogement<\/li>\n<li>Obtenir un logement adapt\u00e9 aux ressources et \u00e0 la composition familiale<\/li>\n<li>Disposer d\u2019un logement conforme aux normes d\u2019habitabilit\u00e9<\/li>\n<li>Justifier du paiement de l\u2019allocation logement en tiers payant<\/li>\n<\/ul>\n<h3>Conditions de r\u00e9sidence du FSL<\/h3>\n<p>L\u2019offre est attribuable aux :<\/p>\n<ul>\n<li>Locataires ou sous-locataires d\u2019un logement meubl\u00e9 ou non<\/li>\n<li>Propri\u00e9taires occupants<\/li>\n<li>Personnes h\u00e9berg\u00e9es \u00e0 titre gratuit<\/li>\n<li><span class=\"amp-wp-fe3f5cc\" data-amp-original-style=\"font-weight: 400;\">R\u00e9sidents d\u2019un logement-foyer<\/span><\/li>\n<\/ul>\n<p>Les jeunes de moins de 26 ans peuvent en b\u00e9n\u00e9ficier sous r\u00e9serve :<\/p>\n<ul>\n<li>D\u2019\u00eatre en rupture familiale, isol\u00e9 ou d\u00e9cohabit\u00e9<\/li>\n<li>D\u2019\u00eatre dans un parcours postscolaire d\u2019insertion professionnelle<\/li>\n<\/ul>\n<h3><strong>Conditions de ressources pour b\u00e9n\u00e9ficier du FSL\u00a0<\/strong><\/h3>\n<p>Le <a href=\"https:\/\/www.mes-allocs.fr\/guides\/fsl\/fsl-montant\/\">montant de l&rsquo;aide FSL<\/a> \u00e9volue en fonction du niveau de difficult\u00e9 financi\u00e8re de chaque foyer. Les ressources de toutes les personnes occupant le foyer sont prises en compte, <strong>\u00e0 l\u2019exception de :<\/strong><\/p>\n<ul>\n<li>L\u2019aide personnelle au logement<\/li>\n<li>L\u2019allocation de logement<\/li>\n<li>L\u2019allocation de rentr\u00e9e scolaire<\/li>\n<li>L\u2019allocation d\u2019\u00e9ducation sp\u00e9ciale et de ses compl\u00e9ments<\/li>\n<li>L\u2019allocation et prestations \u00e0 caract\u00e8re gracieux<\/li>\n<\/ul>\n<p><strong>Le loyer et les charges locatives doivent \u00eatre proportionnels \u00e0 vos revenus.<\/strong> En r\u00e8gle g\u00e9n\u00e9rale, ils doivent repr\u00e9senter 33% des revenus du foyer. Si votre loyer est nettement au-dessus, le FSL risque de vous \u00eatre refus\u00e9.<\/p>\n<p class=\"amp-wp-7d27179\" data-amp-original-style=\"text-align: justify;\"><strong>\u00c0 noter :<\/strong> L\u2019attribution d\u2019une aide du FSL n\u2019est pas syst\u00e9matique. En effet, ce fonds s\u2019adresse aux personnes en difficult\u00e9 ponctuellement. Donc, par principe, le dispositif n\u2019intervient qu\u2019une seule fois. N\u00e9anmoins, une nouvelle aide peut \u00eatre accord\u00e9e cinq ans apr\u00e8s la premi\u00e8re, sous conditions de ressource.<\/p>\n<h2><strong>Le crit\u00e8re du quotient familial<\/strong><\/h2>\n<p>Le\u00a0quotient familial de r\u00e9f\u00e9rence entre dans le calcul du montant de votre aide. 2 possibilit\u00e9s pour d\u00e9poser votre demande :<\/p>\n<ul>\n<li>Si votre quotient familial est inf\u00e9rieur ou \u00e9gal aux valeurs suivantes, vous pouvez d\u00e9poser vous-m\u00eame votre demande (demande directe)<\/li>\n<li>S\u2019il est sup\u00e9rieur, il est n\u00e9cessaire de se rapprocher d\u2019un Travailleur Social (assistante sociale)<\/li>\n<\/ul>\n<p>R\u00e8gle de calcul du quotient familial:<\/p>\n<p><strong>(Ressources + Allocation logement- loyer hors charges) \u00f7 Nombre de personnes<\/strong><\/p>\n\n<div class=\"wpdt-c row wpDataTableContainerSimpleTable wpDataTables wpDataTablesWrapper\n\"\n    >\n    <table id=\"wpdtSimpleTable-122\"\n           class=\"wpdtSimpleTable wpDataTable\"\n           data-column=\"6\"\n           data-rows=\"2\"\n           data-wpID=\"122\"\n           data-responsive=\"0\"\n           data-has-header=\"1\">\n\n                    <thead>        <tr class=\"wpdt-cell-row \" >\n                            <th class=\"wpdt-cell  wpdt-empty-cell \"\n                                    data-cell-id=\"A1\"\n                data-col-index=\"0\"\n                data-row-index=\"0\"\n                style=\" width:13.2802124834%;                padding:10px;\"\n                >\n                                                <\/th>\n                                            <th class=\"wpdt-cell \"\n                                    data-cell-id=\"B1\"\n                data-col-index=\"1\"\n                data-row-index=\"0\"\n                style=\" width:13.2802124834%;                padding:10px;\"\n                >\n                                Isol\u00e9                <\/th>\n                                            <th class=\"wpdt-cell \"\n                                    data-cell-id=\"C1\"\n                data-col-index=\"2\"\n                data-row-index=\"0\"\n                style=\" width:19.123505976096%;                padding:10px;\"\n                >\n                                Couple sans enfant                <\/th>\n                                            <th class=\"wpdt-cell \"\n                                    data-cell-id=\"D1\"\n                data-col-index=\"3\"\n                data-row-index=\"0\"\n                style=\" width:18.59229747676%;                padding:10px;\"\n                >\n                                M\u00e9nage avec 1 enfant                <\/th>\n                                            <th class=\"wpdt-cell \"\n                                    data-cell-id=\"E1\"\n                data-col-index=\"4\"\n                data-row-index=\"0\"\n                style=\" width:17.795484727756%;                padding:10px;\"\n                >\n                                M\u00e9nage avec 2 enfants                <\/th>\n                                            <th class=\"wpdt-cell \"\n                                    data-cell-id=\"F1\"\n                data-col-index=\"5\"\n                data-row-index=\"0\"\n                style=\" width:17.92828685259%;                padding:10px;\"\n                >\n                                M\u00e9nage avec 3 enfants ou plus                <\/th>\n                                        <\/tr>\n                    <tbody>        <tr class=\"wpdt-cell-row \" >\n                            <td class=\"wpdt-cell \"\n                                    data-cell-id=\"A2\"\n                data-col-index=\"0\"\n                data-row-index=\"1\"\n                style=\"                padding:10px;\"\n                >\n                                Quotient familial maximal                <\/td>\n                                            <td class=\"wpdt-cell \"\n                                    data-cell-id=\"B2\"\n                data-col-index=\"1\"\n                data-row-index=\"1\"\n                style=\"                padding:10px;\"\n                >\n                                600\u20ac                <\/td>\n                                            <td class=\"wpdt-cell \"\n                                    data-cell-id=\"C2\"\n                data-col-index=\"2\"\n                data-row-index=\"1\"\n                style=\"                padding:10px;\"\n                >\n                                460\u20ac                <\/td>\n                                            <td class=\"wpdt-cell \"\n                                    data-cell-id=\"D2\"\n                data-col-index=\"3\"\n                data-row-index=\"1\"\n                style=\"                padding:10px;\"\n                >\n                                530\u20ac                <\/td>\n                                            <td class=\"wpdt-cell \"\n                                    data-cell-id=\"E2\"\n                data-col-index=\"4\"\n                data-row-index=\"1\"\n                style=\"                padding:10px;\"\n                >\n                                460\u20ac                <\/td>\n                                            <td class=\"wpdt-cell \"\n                                    data-cell-id=\"F2\"\n                data-col-index=\"5\"\n                data-row-index=\"1\"\n                style=\"                padding:10px;\"\n                >\n                                420\u20ac                <\/td>\n                                        <\/tr>\n                    <\/table>\n<\/div><style id='wpdt-custom-style-122'>\ntable#wpdtSimpleTable-122{ table-layout: fixed !important; }\n<\/style>\n\n<p><em>Exemple : \u00e0 Lyon, le seuil du quotient familial est fix\u00e9 \u00e0 860 euros et dans quelques rares cas \u00e0 1000 euros.<\/em><\/p>\n<p><iframe loading=\"lazy\" title=\"Le FSL\" width=\"500\" height=\"281\" src=\"https:\/\/www.youtube.com\/embed\/51nEjgBrSxc?feature=oembed\" frameborder=\"0\" allow=\"accelerometer; autoplay; clipboard-write; encrypted-media; gyroscope; picture-in-picture; web-share\" referrerpolicy=\"strict-origin-when-cross-origin\" allowfullscreen><\/iframe><\/p>\n<h1><strong>Qui peut saisir l&rsquo;aide du FSL ?<\/strong><\/h1>\n<p>La <a href=\"https:\/\/www.mes-allocs.fr\/guides\/fsl\/demande-fsl\/\">demande d\u2019une aide FSL<\/a> d\u2019un locataire ne peut \u00eatre conditionn\u00e9e \u00e0 l\u2019accord du bailleur (loi ALUR).<\/p>\n<p>Peuvent saisir l\u2019aide du FSL pour <strong>une premi\u00e8re demande d\u2019acc\u00e8s<\/strong> et de FSL \u00e9nergie et eau\u00a0:<\/p>\n<ul>\n<li>L\u2019usager dans le cadre d\u2019une saisine directe<\/li>\n<li>Tous travailleurs sociaux institutionnels ou associatifs (services sociaux)<\/li>\n<\/ul>\n<p>Pour u<strong>ne <a href=\"https:\/\/www.mes-allocs.fr\/guides\/fsl\/fsl-maintien\/\">demande de maintien du logement<\/a><\/strong> et \u00e0 partir d\u2019une deuxi\u00e8me demande de FSL\u00a0\u00e9nergie et eau :<\/p>\n<ul>\n<li>Le travailleur social en charge de l\u2019accompagnement de la famille ou de l\u2019usager (ou conseill\u00e8re en \u00e9conomie sociale et familiale). Vous pouvez en rencontrer au service social de votre mairie.<\/li>\n<\/ul>\n<p>L\u2019\u00e9quipe de Mes-Allocs, vous propose de vous accompagner dans vos d\u00e9marches et dans leur suivi. Commencez par <a href=\"https:\/\/www.mes-allocs.fr\/guides\/fsl\/simulation-fsl\/\">simuler vos droits au FSL<\/a>.<\/p>\n<div class='cta-block'><div class='text'>Simulez toutes vos aides en 2 min.<\/div><a href='https:\/\/www.mes-allocs.fr\/ab-app?origin=guides\/wp-json\/wp\/v2\/posts\/60621' class='app-button fit'>Simulation gratuite<\/a><\/div>\n<h1><strong>Est-il possible de cumuler l\u2019aide FSL avec d\u2019autres aides ? <\/strong><\/h1>\n<p>Il est possible de cumuler l&rsquo;aide FSL avec d&rsquo;autres aides de logement, lesquelles sont :<\/p>\n<ul>\n<li>Les aides au logement (APL, ALS)<\/li>\n<li>L\u2019allocation de rentr\u00e9e scolaire (ARS)<\/li>\n<li>L\u2019allocation d\u2019\u00e9ducation de l\u2019enfant handicap\u00e9 (AEEH)<\/li>\n<\/ul>\n<p><em>Exemple : \u00e0 Lyon, un m\u00e9nage pourra \u00eatre aid\u00e9 deux fois par an pour un montant maximum cumul\u00e9 de 500\u20ac. Le montant maximum pour une aide relative \u00e0 une facture d\u2019eau ou \u00e9margeant au fonds \u00ab autres \u00e9nergies \u00bb est de 400\u20ac maximum par an.<\/em><\/p>\n<h1><strong>Une demande de FSL peut-elle \u00eatre refus\u00e9e ?<\/strong><\/h1>\n<h2>Pourquoi un refus ?<\/h2>\n<p>Le FSL Fonds de solidarit\u00e9 est un dispositif qui fixe des crit\u00e8res d\u2019attribution et d\u00e9livre une r\u00e9ponse positive ou n\u00e9gative apr\u00e8s \u00e9tude de la situation personnelle des demandeurs. Il est donc possible de voir refuser une demande de FSL si toutes les conditions ne sont pas r\u00e9unies.<\/p>\n<p>Pour pouvoir b\u00e9n\u00e9ficier du\u00a0fonds social logement, vous devez avoir un loyer et des charges locatives proportionnels \u00e0 vos revenus.<\/p>\n<p>En r\u00e8gle g\u00e9n\u00e9rale, ils doivent repr\u00e9senter 33% des revenus du foyer. Si votre loyer est nettement au-dessus, le FSL risque de vous \u00eatre refus\u00e9.<\/p>\n<p><strong>A noter<\/strong> : vous pouvez b\u00e9n\u00e9ficier d&rsquo;un accompagnement social pour comprendre davantage le refus de votre demande et \u00e9ventuellement contester ce refus. Pour cela, n&rsquo;h\u00e9sitez pas \u00e0 <a href=\"https:\/\/www.mes-allocs.fr\/souscription\">faire appel \u00e0 un de nos experts<\/a>.<\/p>\n<h2><strong>Les motifs de rejet de l&rsquo;aide FSL<\/strong><\/h2>\n<p>La liste des motifs des rejets est longue et non exhaustive. Elle va d\u00e9pendre du r\u00e8glement int\u00e9rieur fix\u00e9 par votre Conseil d\u00e9partemental. Les principaux motifs de rejet sont les suivants :<\/p>\n<ul>\n<li>La dette n\u2019est pas prise en compte par le dispositif FSL<\/li>\n<li>Le demandeur n\u2019est pas titulaire du contrat ou le contrat est r\u00e9sili\u00e9<\/li>\n<li>Le quotient familial est jug\u00e9 trop \u00e9lev\u00e9 par rapport au bar\u00e8me fix\u00e9<\/li>\n<li>Le m\u00e9nage a atteint le plafond d\u2019aide pour l\u2019ann\u00e9e<\/li>\n<li>Les ressources du m\u00e9nage permettent le r\u00e8glement de la dette<\/li>\n<li>Le m\u00e9nage justifie d\u2019une situation de surendettement qu\u2019il convient de traiter pr\u00e9alablement avant de mettre en place une \u00e9ventuelle intervention du FSL (il est dans ce cas, invit\u00e9 \u00e0 s\u2019inscrire dans le cadre d\u2019une mesure d\u2019aide \u00e0 la gestion du budget)<\/li>\n<\/ul>\n<h1><strong>Cas particuliers<\/strong><\/h1>\n<h2><strong>Pour les anciens combattants<\/strong><\/h2>\n<p>Pour d\u00e9terminer le montant de l\u2019aide du FSL, le m\u00e9decin-conseil de la caisse primaire d&rsquo;assurance maladie (CPAM) ou la mutuelle sociale agricole (MSA) d\u00e9termine votre cat\u00e9gorie d&rsquo;invalidit\u00e9.<\/p>\n<h2>Pour les i<strong>nvalides<\/strong><\/h2>\n<p>Le FSL calcule la pension d\u2019invalidit\u00e9 <strong>sur la base d&rsquo;un salaire annuel moyen<\/strong>. Elle est obtenue \u00e0 partir de vos 10 meilleures ann\u00e9es de salaire (salaires soumis \u00e0 cotisations dans la limite du plafond annuel de la S\u00e9curit\u00e9 sociale, soit\u00a0<strong>3\u00a0666\u00a0\u20ac<\/strong>\u00a0par mois en 2021).<\/p>\n<p>La pension est calcul\u00e9e en tenant compte de la cat\u00e9gorie d&rsquo;invalidit\u00e9, dans les conditions suivantes\u00a0:<\/p>\n\n<div class=\"wpdt-c row wpDataTableContainerSimpleTable wpDataTables wpDataTablesWrapper\n\"\n    >\n    <table id=\"wpdtSimpleTable-123\"\n           class=\"wpdtSimpleTable wpDataTable\"\n           data-column=\"4\"\n           data-rows=\"4\"\n           data-wpID=\"123\"\n           data-responsive=\"0\"\n           data-has-header=\"1\">\n\n                    <thead>        <tr class=\"wpdt-cell-row \" >\n                            <th class=\"wpdt-cell \"\n                                    data-cell-id=\"A1\"\n                data-col-index=\"0\"\n                data-row-index=\"0\"\n                style=\" width:24.360902255639%;                padding:10px;\"\n                >\n                                Cat\u00e9gorie d'invalidit\u00e9                <\/th>\n                                            <th class=\"wpdt-cell \"\n                                    data-cell-id=\"B1\"\n                data-col-index=\"1\"\n                data-row-index=\"0\"\n                style=\" width:29.022556390977%;                padding:10px;\"\n                >\n                                Pourcentage du salaire annuel moyen                <\/th>\n                                            <th class=\"wpdt-cell \"\n                                    data-cell-id=\"C1\"\n                data-col-index=\"2\"\n                data-row-index=\"0\"\n                style=\" width:23.308270676692%;                padding:10px;\"\n                >\n                                Montant mensuel minimum de la pension d'invalidit\u00e9                <\/th>\n                                            <th class=\"wpdt-cell \"\n                                    data-cell-id=\"D1\"\n                data-col-index=\"3\"\n                data-row-index=\"0\"\n                style=\" width:23.308270676692%;                padding:10px;\"\n                >\n                                Montant mensuel maximum de la pension d'invalidit\u00e9                <\/th>\n                                        <\/tr>\n                    <tbody>        <tr class=\"wpdt-cell-row \" >\n                            <td class=\"wpdt-cell \"\n                                    data-cell-id=\"A2\"\n                data-col-index=\"0\"\n                data-row-index=\"1\"\n                style=\"                padding:10px;\"\n                >\n                                1\u00e8re cat\u00e9gorie                <\/td>\n                                            <td class=\"wpdt-cell \"\n                                    data-cell-id=\"B2\"\n                data-col-index=\"1\"\n                data-row-index=\"1\"\n                style=\"                padding:10px;\"\n                >\n                                30%                <\/td>\n                                            <td class=\"wpdt-cell \"\n                                    data-cell-id=\"C2\"\n                data-col-index=\"2\"\n                data-row-index=\"1\"\n                style=\"                padding:10px;\"\n                >\n                                297,20\u20ac                <\/td>\n                                            <td class=\"wpdt-cell \"\n                                    data-cell-id=\"D2\"\n                data-col-index=\"3\"\n                data-row-index=\"1\"\n                style=\"                padding:10px;\"\n                >\n                                1 099,80\u20ac                <\/td>\n                                        <\/tr>\n                            <tr class=\"wpdt-cell-row \" >\n                            <td class=\"wpdt-cell \"\n                                    data-cell-id=\"A3\"\n                data-col-index=\"0\"\n                data-row-index=\"2\"\n                style=\"                padding:10px;\"\n                >\n                                2\u00e8me cat\u00e9gorie                <\/td>\n                                            <td class=\"wpdt-cell \"\n                                    data-cell-id=\"B3\"\n                data-col-index=\"1\"\n                data-row-index=\"2\"\n                style=\"                padding:10px;\"\n                >\n                                50%                <\/td>\n                                            <td class=\"wpdt-cell \"\n                                    data-cell-id=\"C3\"\n                data-col-index=\"2\"\n                data-row-index=\"2\"\n                style=\"                padding:10px;\"\n                >\n                                297,20\u20ac                <\/td>\n                                            <td class=\"wpdt-cell \"\n                                    data-cell-id=\"D3\"\n                data-col-index=\"3\"\n                data-row-index=\"2\"\n                style=\"                padding:10px;\"\n                >\n                                1 833,00\u20ac                <\/td>\n                                        <\/tr>\n                            <tr class=\"wpdt-cell-row \" >\n                            <td class=\"wpdt-cell \"\n                                    data-cell-id=\"A4\"\n                data-col-index=\"0\"\n                data-row-index=\"3\"\n                style=\"                padding:10px;\"\n                >\n                                3\u00e8me cat\u00e9gorie                <\/td>\n                                            <td class=\"wpdt-cell \"\n                                    data-cell-id=\"B4\"\n                data-col-index=\"1\"\n                data-row-index=\"3\"\n                style=\"                padding:10px;\"\n                >\n                                50%, major\u00e9 de 40% par la majoration pour tierce personne                <\/td>\n                                            <td class=\"wpdt-cell \"\n                                    data-cell-id=\"C4\"\n                data-col-index=\"2\"\n                data-row-index=\"3\"\n                style=\"                padding:10px;\"\n                >\n                                1 489,76\u20ac                <\/td>\n                                            <td class=\"wpdt-cell \"\n                                    data-cell-id=\"D4\"\n                data-col-index=\"3\"\n                data-row-index=\"3\"\n                style=\"                padding:10px;\"\n                >\n                                3 025,56\u20ac                <\/td>\n                                        <\/tr>\n                    <\/table>\n<\/div><style id='wpdt-custom-style-123'>\ntable#wpdtSimpleTable-123{ table-layout: fixed !important; }\n<\/style>\n\n<p><span style=\"color: #333333;\"><div class='cta-block'><div class='text'>Simulez vos aides en 2 min.<\/div><a href='https:\/\/www.mes-allocs.fr\/ab-app?origin=guides\/wp-json\/wp\/v2\/posts\/60621' class='app-button fit'>Simulation gratuite<\/a><\/div><\/span><\/p>\n","protected":false},"excerpt":{"rendered":"<p>L&rsquo;aide du Fond de Solidarit\u00e9 au Logement (FSL) permet la prise en charge des d\u00e9penses li\u00e9es au logement pour les personnes en difficult\u00e9 financi\u00e8re.\u00a0Locataire, sous-locataire d\u2019un logement meubl\u00e9 ou non et m\u00eame propri\u00e9taire, tous peuvent faire une demande d&rsquo;aide du FSL. Pour en b\u00e9n\u00e9ficier, il faut respecter des conditions d&rsquo;attribution fix\u00e9es par le Conseil d\u00e9partemental [&hellip;]<\/p>\n","protected":false},"author":24,"featured_media":60650,"comment_status":"closed","ping_status":"open","sticky":false,"template":"","format":"standard","meta":{"amp_status":"","footnotes":""},"categories":[5276],"tags":[],"class_list":["post-60621","post","type-post","status-publish","format-standard","has-post-thumbnail","hentry","category-fsl"],"yoast_head":"<!-- This site is optimized with the Yoast SEO plugin v14.9 - https:\/\/yoast.com\/wordpress\/plugins\/seo\/ -->\n<title>Quelles sont les conditions pour b\u00e9n\u00e9ficier de l&#039;aide FSL?<\/title>\n<meta name=\"description\" content=\"D\u00e9couvrez les conditions \u00e0 respecter pour b\u00e9n\u00e9ficier de l&#039;aide FSL, et faites votre demande au plus vite en ligne !\" \/>\n<meta name=\"robots\" content=\"index, follow, max-snippet:-1, max-image-preview:large, max-video-preview:-1\" \/>\n<link rel=\"canonical\" href=\"https:\/\/www.mes-allocs.fr\/guides\/fsl\/conditions-fsl\/\" \/>\n<meta property=\"og:locale\" content=\"fr_FR\" \/>\n<meta property=\"og:type\" content=\"article\" \/>\n<meta property=\"og:title\" content=\"Quelles sont les conditions pour b\u00e9n\u00e9ficier de l&#039;aide FSL?\" \/>\n<meta property=\"og:description\" content=\"D\u00e9couvrez les conditions \u00e0 respecter pour b\u00e9n\u00e9ficier de l&#039;aide FSL, et faites votre demande au plus vite en ligne !\" \/>\n<meta property=\"og:url\" content=\"https:\/\/www.mes-allocs.fr\/guides\/fsl\/conditions-fsl\/\" \/>\n<meta property=\"og:site_name\" content=\"Mes-Allocs.fr\" \/>\n<meta property=\"article:published_time\" content=\"2023-01-18T18:19:13+00:00\" \/>\n<meta property=\"article:modified_time\" content=\"2026-03-11T15:41:28+00:00\" \/>\n<meta property=\"og:image\" content=\"https:\/\/www.mes-allocs.fr\/guides\/wp-content\/uploads\/2023\/01\/istockphoto-1352938039-612x612-1.jpg?wsr\" \/>\n\t<meta property=\"og:image:width\" content=\"612\" \/>\n\t<meta property=\"og:image:height\" content=\"408\" \/>\n<meta name=\"twitter:card\" content=\"summary_large_image\" \/>\n<script type=\"application\/ld+json\" class=\"yoast-schema-graph\">{\"@context\":\"https:\/\/schema.org\",\"@graph\":[{\"@type\":\"WebSite\",\"@id\":\"https:\/\/www.mes-allocs.fr\/guides\/#website\",\"url\":\"https:\/\/www.mes-allocs.fr\/guides\/\",\"name\":\"Mes-Allocs.fr\",\"description\":\"\",\"potentialAction\":[{\"@type\":\"SearchAction\",\"target\":\"https:\/\/www.mes-allocs.fr\/guides\/?s={search_term_string}\",\"query-input\":\"required name=search_term_string\"}],\"inLanguage\":\"fr-FR\"},{\"@type\":\"ImageObject\",\"@id\":\"https:\/\/www.mes-allocs.fr\/guides\/fsl\/conditions-fsl\/#primaryimage\",\"inLanguage\":\"fr-FR\",\"url\":\"https:\/\/www.mes-allocs.fr\/guides\/wp-content\/uploads\/2023\/01\/istockphoto-1352938039-612x612-1.jpg?wsr\",\"width\":612,\"height\":408,\"caption\":\"fsl simulation\"},{\"@type\":\"WebPage\",\"@id\":\"https:\/\/www.mes-allocs.fr\/guides\/fsl\/conditions-fsl\/#webpage\",\"url\":\"https:\/\/www.mes-allocs.fr\/guides\/fsl\/conditions-fsl\/\",\"name\":\"Quelles sont les conditions pour b\\u00e9n\\u00e9ficier de l'aide FSL?\",\"isPartOf\":{\"@id\":\"https:\/\/www.mes-allocs.fr\/guides\/#website\"},\"primaryImageOfPage\":{\"@id\":\"https:\/\/www.mes-allocs.fr\/guides\/fsl\/conditions-fsl\/#primaryimage\"},\"datePublished\":\"2023-01-18T18:19:13+00:00\",\"dateModified\":\"2026-03-11T15:41:28+00:00\",\"author\":{\"@id\":\"https:\/\/www.mes-allocs.fr\/guides\/#\/schema\/person\/99515cce9c88676c012398dee5d9e95a\"},\"description\":\"D\\u00e9couvrez les conditions \\u00e0 respecter pour b\\u00e9n\\u00e9ficier de l'aide FSL, et faites votre demande au plus vite en ligne !\",\"inLanguage\":\"fr-FR\"},{\"@type\":\"Person\",\"@id\":\"https:\/\/www.mes-allocs.fr\/guides\/#\/schema\/person\/99515cce9c88676c012398dee5d9e95a\",\"name\":\"Clo\\u00e9 Giroudi\\u00e8re\",\"image\":{\"@type\":\"ImageObject\",\"@id\":\"https:\/\/www.mes-allocs.fr\/guides\/#personlogo\",\"inLanguage\":\"fr-FR\",\"url\":\"https:\/\/www.mes-allocs.fr\/guides\/wp-content\/uploads\/2023\/01\/245034208_406012077598379_7451500537271173379_n-150x150.jpg\",\"caption\":\"Clo\\u00e9 Giroudi\\u00e8re\"},\"description\":\"Clo\\u00e9 est r\\u00e9dactrice sp\\u00e9cialis\\u00e9 sur les sujets juridiques et sociaux. Elle rejoint Mes Allocs apr\\u00e8s une premi\\u00e8re exp\\u00e9rience en journalisme. Elle est dipl\\u00f4m\\u00e9e de l'ISFJ et d'une licence de droit de l'universit\\u00e9 Lumi\\u00e8re Lyon II.\",\"sameAs\":[\"https:\/\/www.linkedin.com\/in\/clo\\u00e9-giroudi\\u00e8re-461a14244\/\"]}]}<\/script>\n<!-- \/ Yoast SEO plugin. -->","amp_validity":null,"acf":{"faq":{"1":{"question":"Quel plafond pour le FSL ?","answer":"Le plafonds annuel de l'aide FSL se rattache \u00e0 votre d\u00e9partement. Pour le conna\u00eetre, vous devez vous saisir du r\u00e9glement int\u00e9rieur FSL fix\u00e9 par le Conseil d\u00e9partemental."},"2":{"question":"Quelles sont les pi\u00e8ces \u00e0 fournir pour une demande de FSL ?","answer":"Pi\u00e8ces \u00e0 fournir pour les aides \u00e0 l\u2019acc\u00e8s (demandeur) : \r\n- Volet \u00ab Bailleur ACCES \u00bb d\u00fbment compl\u00e9t\u00e9\r\n- Copie du bail du nouveau logement\r\n (pr\u00e9cisant : adresse du logement, dur\u00e9e du bail, nombre de pi\u00e8ces du logement, montant du loyer, de la caution, des charges, date d\u2019entr\u00e9e dans les lieux.)\r\n- Copie de l\u2019\u00e9tat des lieux \u00e0 l\u2019entr\u00e9e dans le logement\r\n- Estimation du montant CAF d\u2019AL ou APL\r\n-Notification de tiers payant\r\n-Fiche diagnostic du logement aid\u00e9 (fiche PRASE)\r\n- Attestation de l\u2019assurance habitation\r\n- RIB du bailleur du nouveau logement (si bailleur priv\u00e9)\r\n- RIB du demandeur\r\n- Volet \u00ab bailleur MAINTIEN \u00bb d\u00fbment compl\u00e9t\u00e9\r\n- Relev\u00e9 de compte client bailleur depuis le d\u00e9but de l\u2019impay\u00e9\r\n- Derni\u00e8re quittance\r\n- RIB du bailleur (bailleur priv\u00e9 uniquement)\r\n"},"3":{"question":"Qui peut m'aider \u00e0 payer mon loyer ? ","answer":"Il est recommand\u00e9 de contacter un travailleur social afin qu'il vous indique l'ensemble des aides auxquelles vous pourriez \u00eatre \u00e9ligible. "},"4":{"question":"Quel quotient familial pour le FSL ? ","answer":"Le quotien familial peut \u00eatre un crit\u00e8re d'attribution de l'aide FSL. Chaque quotient familial est fix\u00e9 selon votre zone g\u00e9ographique. Par exemple, \u00e0 Lyon vous pourrez b\u00e9n\u00e9ficier du FSL si votre quotient familial est inf\u00e9rieur ou \u00e9gal \u00e0 860\u20ac par mois."},"5":{"question":"Comment est calcul\u00e9 le quotient familial ?","answer":"Le quotient familial est calcul\u00e9 par la CAF avec la formule suivante : Quotient familial = Revenu net imposable \/ nombre de parts fiscales"},"6":{"question":"","answer":""},"7":{"question":"","answer":""},"8":{"question":"","answer":""},"9":{"question":"","answer":""},"10":{"question":"","answer":""},"11":{"question":"","answer":""},"12":{"question":"","answer":""},"13":{"question":"","answer":""},"14":{"question":"","answer":""},"15":{"question":"","answer":""},"16":{"question":"","answer":""}}},"_links":{"self":[{"href":"https:\/\/www.mes-allocs.fr\/guides\/wp-json\/wp\/v2\/posts\/60621","targetHints":{"allow":["GET"]}}],"collection":[{"href":"https:\/\/www.mes-allocs.fr\/guides\/wp-json\/wp\/v2\/posts"}],"about":[{"href":"https:\/\/www.mes-allocs.fr\/guides\/wp-json\/wp\/v2\/types\/post"}],"author":[{"embeddable":true,"href":"https:\/\/www.mes-allocs.fr\/guides\/wp-json\/wp\/v2\/users\/24"}],"replies":[{"embeddable":true,"href":"https:\/\/www.mes-allocs.fr\/guides\/wp-json\/wp\/v2\/comments?post=60621"}],"version-history":[{"count":30,"href":"https:\/\/www.mes-allocs.fr\/guides\/wp-json\/wp\/v2\/posts\/60621\/revisions"}],"predecessor-version":[{"id":110393,"href":"https:\/\/www.mes-allocs.fr\/guides\/wp-json\/wp\/v2\/posts\/60621\/revisions\/110393"}],"wp:featuredmedia":[{"embeddable":true,"href":"https:\/\/www.mes-allocs.fr\/guides\/wp-json\/wp\/v2\/media\/60650"}],"wp:attachment":[{"href":"https:\/\/www.mes-allocs.fr\/guides\/wp-json\/wp\/v2\/media?parent=60621"}],"wp:term":[{"taxonomy":"category","embeddable":true,"href":"https:\/\/www.mes-allocs.fr\/guides\/wp-json\/wp\/v2\/categories?post=60621"},{"taxonomy":"post_tag","embeddable":true,"href":"https:\/\/www.mes-allocs.fr\/guides\/wp-json\/wp\/v2\/tags?post=60621"}],"curies":[{"name":"wp","href":"https:\/\/api.w.org\/{rel}","templated":true}]}}