{"id":6027,"date":"2020-05-19T09:45:34","date_gmt":"2020-05-19T09:45:34","guid":{"rendered":"https:\/\/www.mes-allocs.fr\/guides\/?p=6027"},"modified":"2025-07-03T09:57:15","modified_gmt":"2025-07-03T07:57:15","slug":"aide-financiere-pour-s-occuper-parent-age","status":"publish","type":"post","link":"https:\/\/www.mes-allocs.fr\/guides\/aide-aux-familles\/aidant-familial\/aide-financiere-pour-s-occuper-parent-age\/","title":{"rendered":"Les aides financi\u00e8res pour s&rsquo;occuper d&rsquo;un parent ag\u00e9"},"content":{"rendered":"<p><a href=\"https:\/\/www.mes-allocs.fr\/guides\/wp-content\/uploads\/2020\/05\/Toutes-les-aides-financie\u0300res-pour-soccuper-dun-parent-age\u0301-e1589209284823.jpg\"><img loading=\"lazy\" decoding=\"async\" class=\"alignright wp-image-6390 size-full\" src=\"https:\/\/www.mes-allocs.fr\/guides\/wp-content\/uploads\/2020\/05\/Toutes-les-aides-financie\u0300res-pour-soccuper-dun-parent-age\u0301-e1589209284823.jpg\" alt=\"Toutes les aides financie\u0300res pour s'occuper d'un parent age\u0301\" width=\"2560\" height=\"614\" srcset=\"https:\/\/www.mes-allocs.fr\/guides\/wp-content\/uploads\/2020\/05\/Toutes-les-aides-financie\u0300res-pour-soccuper-dun-parent-age\u0301-e1589209284823.jpg 2560w, https:\/\/www.mes-allocs.fr\/guides\/wp-content\/uploads\/2020\/05\/Toutes-les-aides-financie\u0300res-pour-soccuper-dun-parent-age\u0301-e1589209284823-300x72.jpg 300w, https:\/\/www.mes-allocs.fr\/guides\/wp-content\/uploads\/2020\/05\/Toutes-les-aides-financie\u0300res-pour-soccuper-dun-parent-age\u0301-e1589209284823-1024x246.jpg 1024w, https:\/\/www.mes-allocs.fr\/guides\/wp-content\/uploads\/2020\/05\/Toutes-les-aides-financie\u0300res-pour-soccuper-dun-parent-age\u0301-e1589209284823-768x184.jpg 768w, https:\/\/www.mes-allocs.fr\/guides\/wp-content\/uploads\/2020\/05\/Toutes-les-aides-financie\u0300res-pour-soccuper-dun-parent-age\u0301-e1589209284823-1536x368.jpg 1536w, https:\/\/www.mes-allocs.fr\/guides\/wp-content\/uploads\/2020\/05\/Toutes-les-aides-financie\u0300res-pour-soccuper-dun-parent-age\u0301-e1589209284823-2048x491.jpg 2048w, https:\/\/www.mes-allocs.fr\/guides\/wp-content\/uploads\/2020\/05\/Toutes-les-aides-financie\u0300res-pour-soccuper-dun-parent-age\u0301-e1589209284823-600x144.jpg 600w\" sizes=\"auto, (max-width: 2560px) 100vw, 2560px\" \/><\/a><\/p>\n<p style=\"text-align: justify;\"><strong>Si vous souhaitez vous occuper d&rsquo;un parent \u00e2g\u00e9 en tant qu&rsquo;aidant familial, de multiples aides financi\u00e8res sont accessibles pour vous soutenir.<\/strong><\/p>\n<div class='cta-block'><div class='text'>Simulez toutes vos aides en 2 min.<\/div><a href='https:\/\/www.mes-allocs.fr\/ab-app?origin=guides\/wp-json\/wp\/v2\/posts\/6027' class='app-button fit'>Simulation gratuite<\/a><\/div>\n<h1>Quelles sont les aides financi\u00e8res pour s&rsquo;occuper d&rsquo;un parent malade ?<\/h1>\n<h2>L\u2019aide-m\u00e9nag\u00e8re \u00e0 domicile<\/h2>\n<div class=\"content-fiche\">\n<div class=\"tab-content\">\n<div id=\"situation1\" class=\"tab-pane active\">\n<div class=\"fiche-bloc bloc-principal\" data-toggle-scope=\"\">\n<div class=\"fiche-item\">\n<div class=\"fiche-item\">\n<div class=\"fiche-item\">\n<div class=\"fiche-item\">\n<div id=\"fiche-item-6situation1\" class=\"fiche-item-content collapse in\" aria-hidden=\"false\">\n<div class=\"fiche-item\">\n<div id=\"toc_container\" class=\"toc_white no_bullets contracted\">\n<h3 id=\"anchor1\">Quelles sont les conditions pour b\u00e9n\u00e9ficier d&rsquo;une aide m\u00e9nag\u00e8re \u00e0 domicile ?<\/h3>\n<ul>\n<li><strong>\u00catre \u00e2g\u00e9 d&rsquo;au moins 65 ans<\/strong> (ou 60 ans pour les personnes reconnues inaptes au travail) ;<\/li>\n<li><strong>Avoir des difficult\u00e9s pour effectuer les principales t\u00e2ches m\u00e9nag\u00e8res ;<\/strong><\/li>\n<li><strong>Ne pas b\u00e9n\u00e9ficier de <\/strong>l&rsquo;APA (allocation personnalis\u00e9e d&rsquo;autonomie) <strong>et<\/strong> ne pas y \u00eatre \u00e9ligible ;<\/li>\n<li><strong>Disposer de ressources mensuelles inf\u00e9rieures \u00e0 1 012,02\u00a0\u20ac <b>pour<\/b> une personne seule et \u00e0 1 571,16 \u20ac <b>pour <\/b>un couple.<\/strong><\/li>\n<\/ul>\n<h2 id=\"anchor2\">Quel est le montant de l\u2019aide ?<\/h2>\n<p>Il est estim\u00e9 en fonction des revenus du b\u00e9n\u00e9ficiaire, \u00e0 qui il peut \u00eatre demand\u00e9 de participer financi\u00e8rement au montant de cette aide.<\/p>\n<\/div>\n<div class=\"toc_white no_bullets contracted\">\n<p>C&rsquo;est le conseil d\u00e9partemental qui verse ce financement.<\/p>\n<h1 id=\"anchor3\">Quelles sont les d\u00e9marches \u00e0 effectuer pour obtenir l&rsquo;aide-m\u00e9nag\u00e8re ?<\/h1>\n<h2><strong>La pr\u00e9paration et la documentation<\/strong><\/h2>\n<ol>\n<li><strong>\u00c9valuation des besoins :<\/strong> avant de commencer les d\u00e9marches, il est essentiel de d\u00e9terminer vos besoins en mati\u00e8re d&rsquo;aide-m\u00e9nag\u00e8re. R\u00e9fl\u00e9chissez \u00e0 quelles t\u00e2ches m\u00e9nag\u00e8res vous avez besoin d&rsquo;aide, \u00e0 quelle fr\u00e9quence, et pendant combien de temps par jour ou par semaine.<\/li>\n<li><strong>Contactez un organisme d&rsquo;aide \u00e0 domicile :<\/strong> recherchez des organismes locaux ou des associations qui proposent des services d&rsquo;aide-m\u00e9nag\u00e8re \u00e0 domicile. Vous pouvez obtenir des recommandations de votre m\u00e9decin, de votre assistante sociale ou de vos proches.<\/li>\n<li><strong>Pr\u00e9parez les documents :<\/strong> rassemblez les documents n\u00e9cessaires, tels que votre pi\u00e8ce d&rsquo;identit\u00e9, votre justificatif de domicile, votre relev\u00e9 de ressources (retraites, pensions, prestations sociales), et \u00e9ventuellement des certificats m\u00e9dicaux si votre \u00e9tat de sant\u00e9 le n\u00e9cessite.<\/li>\n<\/ol>\n<h2>La demande officielle<\/h2>\n<ol start=\"4\">\n<li><strong>Prenez rendez-vous :<\/strong> contactez l&rsquo;organisme d&rsquo;aide \u00e0 domicile de votre choix pour prendre rendez-vous. Lors de cette rencontre, vous pourrez expliquer vos besoins et discuter des modalit\u00e9s de l&rsquo;aide-m\u00e9nag\u00e8re.<\/li>\n<li><strong>\u00c9valuation des besoins par l&rsquo;organisme :<\/strong> un professionnel de l&rsquo;organisme se rendra chez vous pour \u00e9valuer vos besoins et \u00e9laborer un plan d&rsquo;intervention. Cela permettra de d\u00e9terminer le nombre d&rsquo;heures d&rsquo;aide-m\u00e9nag\u00e8re n\u00e9cessaires.<\/li>\n<li><strong>D\u00e9livrance d&rsquo;un devis :<\/strong> une fois que l&rsquo;\u00e9valuation est termin\u00e9e, l&rsquo;organisme vous fournira un devis pr\u00e9cisant le co\u00fbt de l&rsquo;aide-m\u00e9nag\u00e8re en fonction du nombre d&rsquo;heures et des t\u00e2ches \u00e0 r\u00e9aliser.<\/li>\n<li><strong>Validation et signature du contrat :<\/strong> Si le devis vous convient, vous pouvez signer un contrat avec l&rsquo;organisme. Assurez-vous de bien comprendre les termes du contrat, y compris les modalit\u00e9s de paiement.<\/li>\n<li><strong>Mise en place du service :<\/strong> une fois le contrat sign\u00e9, l&rsquo;organisme mettra en place le service d&rsquo;aide-m\u00e9nag\u00e8re \u00e0 votre domicile. Vous aurez ainsi acc\u00e8s \u00e0 l&rsquo;aide dont vous avez besoin.<\/li>\n<li><strong>Suivi et \u00e9valuation :<\/strong> tout au long de la prestation, il est important de maintenir un dialogue avec l&rsquo;organisme pour ajuster les services en fonction de vos besoins changeants.<\/li>\n<\/ol>\n<h2 id=\"anchor4\">Comment l\u2019aide est-elle vers\u00e9e\u00a0?<\/h2>\n<p>L&rsquo;aide est vers\u00e9e directement au service d&rsquo;aide \u00e0 domicile, choisi par la personne. Ce service \u00e0 domicile doit \u00eatre habilit\u00e9 \u00e0 recevoir l&rsquo;aide social par le conseil d\u00e9partemental.<\/p>\n<p>De plus, une somme d&rsquo;argent peut \u00eatre vers\u00e9 directement \u00e0 la personne dans les cas suivants :<\/p>\n<ul>\n<li>absence de service d\u2019aide \u00e0 domicile dans sa commune,<\/li>\n<li>si la personne pr\u00e9f\u00e8re faire appel \u00e0 un salari\u00e9 qu&rsquo;elle emploie elle-m\u00eame.<\/li>\n<\/ul>\n<p>Dans ce dernier cas de figure, la personne doit fournir les justificatifs de d\u00e9pense des montants per\u00e7us.<\/p>\n<div id=\"\u00catre-un-aidant-familial-salari\u00e9\" class=\"ancres\" data-identifier=\"paragraph-3\">\n<h1 class=\"ff-tt-rubrique c-dark fs-xxxl fs-m@lg mt-1 mb-1\">L&rsquo;aidant familial salari\u00e9<\/h1>\n<h2>Le principe de l&rsquo;aidant familial<\/h2>\n<p>L&rsquo;allocation personnalis\u00e9e d&rsquo;autonomie (APA) donne la possibilit\u00e9 \u00e0 la personne \u00e2g\u00e9e b\u00e9n\u00e9ficiaire de vous employer. Et ce, m\u00eame si vous \u00eates en cong\u00e9 de soutien familial sauf si vous \u00eates :<\/p>\n<ul>\n<li>Son conjoint,<\/li>\n<li>Concubin,<\/li>\n<li><strong>ou <\/strong>Partenaire de pacs.<\/li>\n<\/ul>\n<\/div>\n<p data-identifier=\"paragraph-5\">Le b\u00e9n\u00e9ficiaire est \u00e9ligible \u00e0 la r\u00e9duction d&rsquo;imp\u00f4t \u00e9gal \u00e0 50% des d\u00e9penses engag\u00e9s, retenues dans la limite de 12.000\u20ac (major\u00e9s de 1.500\u20ac par enfant ou personne de plus de 65 ans \u00e0 charge, dans la limite de deux personnes). Il est toutefois impossible de d\u00e9passer 15.000\u20ac.<\/p>\n<p data-identifier=\"paragraph-6\">Plus pr\u00e9cis\u00e9ment, ces plafonds s&rsquo;\u00e9l\u00e8vent \u00e0 :<\/p>\n<ul>\n<li>15.000\u20ac l&rsquo;ann\u00e9e de l&#8217;embauche, sans pouvoir d\u00e9passer 18.000\u20ac avec les majorations,<\/li>\n<li>20.000\u20ac, si la personne \u00e2g\u00e9e a besoin de l&rsquo;aide d&rsquo;une tierce personne.<\/li>\n<\/ul>\n<div id=\"Des-exon\u00e9rations-de-cotisations-sociales\" class=\"ancres\" data-identifier=\"paragraph-8\">\n<h2 class=\"ff-tt-rubrique c-dark fs-xxxl fs-m@lg mt-1 mb-1\">Les exon\u00e9rations de cotisations sociales<\/h2>\n<p>La r\u00e9mun\u00e9ration de l&rsquo;aidant familial est exon\u00e9r\u00e9 des cotisations patronales de la S\u00e9curit\u00e9 sociale si :<\/p>\n<ul>\n<li>La personne aid\u00e9e touche l&rsquo;APA,<\/li>\n<li>Si elle est \u00e2g\u00e9e d&rsquo;au moins 70 ans,<\/li>\n<li><strong>Ou <\/strong>si elle est \u00e2g\u00e9e d&rsquo;au moins 60 ans, vit seule et doit faire appel \u00e0 une tierce personne pour les gestes de la vie courante.<\/li>\n<\/ul>\n<p><iframe loading=\"lazy\" title=\"Tout Savoir sur les Allocations Familiales !\" width=\"500\" height=\"281\" src=\"https:\/\/www.youtube.com\/embed\/XEX_FdLLYMo?feature=oembed\" frameborder=\"0\" allow=\"accelerometer; autoplay; clipboard-write; encrypted-media; gyroscope; picture-in-picture; web-share\" referrerpolicy=\"strict-origin-when-cross-origin\" allowfullscreen><\/iframe><\/p>\n<\/div>\n<div id=\"Quelle-diff\u00e9rence-entre-\u00eatre-d\u00e9dommag\u00e9-et-\u00eatre-salari\u00e9-par-l'aidant-?\" class=\"ancres\" data-identifier=\"paragraph-15\">\n<h1 class=\"ff-tt-rubrique c-dark fs-xxxl fs-m@lg mt-1 mb-1\">Quelle diff\u00e9rence entre \u00eatre d\u00e9dommag\u00e9 et \u00eatre salari\u00e9 par l&rsquo;aidant ?<\/h1>\n<p>La prestation de compensation vous permet de d\u00e9dommager un proche que vous ne pouvez pas salarier, qu&rsquo;il s&rsquo;agisse de votre :<\/p>\n<ul>\n<li>conjoint,<\/li>\n<li>concubin,<\/li>\n<li>partenaire de pacs,<\/li>\n<li>etc.<\/li>\n<\/ul>\n<p>Le d\u00e9dommagement attribu\u00e9 est limit\u00e9 \u00e0 4,69 \u20ac par heure (voire 7,04 \u20ac, si l&rsquo;aidant a d\u00fb cesser son activit\u00e9 professionnelle).<\/p>\n<\/div>\n<p>Par ailleurs, ces sommes doivent \u00eatre d\u00e9clar\u00e9es aux imp\u00f4ts au titre des \u00ab\u00a0b\u00e9n\u00e9fices non commerciaux\u00a0\u00bb. En outre, leur b\u00e9n\u00e9ficiaire doit s&rsquo;inscrire aupr\u00e8s de l&rsquo;Urssaf et r\u00e9gler des cotisations de S\u00e9curit\u00e9 sociale.<\/p>\n<div id=\"Peut-on-cumuler-salaire-et-d\u00e9dommagement-?\" class=\"ancres\" data-identifier=\"paragraph-18\">\n<h2 class=\"ff-tt-rubrique c-dark fs-xxxl fs-m@lg mt-1 mb-1\">Peut-on cumuler salaire et d\u00e9dommagement ?<\/h2>\n<p>En tant qu&rsquo;aidant, il vous est possible d&rsquo;exercer une activit\u00e9 professionnelle \u00e0 temps partiel. Par cons\u00e9quent, vous pouvez cumuler salaire et d\u00e9dommagement.<\/p>\n<p>De plus, vous pouvez \u00eatre salari\u00e9 du proche que vous aidez <strong>et<\/strong> percevoir un d\u00e9dommagement de cette m\u00eame personne.<\/p>\n<p><strong>\u00c0 noter que le d\u00e9dommagement n&rsquo;est pas un salaire. Aucun pr\u00e9compte des cotisations \u00e0 la S\u00e9curit\u00e9 sociale n&rsquo;est effectu\u00e9. Si son statut correspond aux conditions fix\u00e9es, l&rsquo;aidant est \u00e9ligible \u00e0 l&rsquo;assurance- vieillesse des personnes au foyer.<\/strong><\/p>\n<\/div>\n<p data-identifier=\"paragraph-24\"><div class='cta-block'><div class='text'>Simulez toutes vos aides en 2 min.<\/div><a href='https:\/\/www.mes-allocs.fr\/ab-app?origin=guides\/wp-json\/wp\/v2\/posts\/6027' class='app-button fit'>Simulation gratuite<\/a><\/div><\/p>\n<div id=\"Le-droit-au-ch\u00f4mage-pour-l'aidant\" class=\"ancres\" data-identifier=\"paragraph-25\">\n<h2 class=\"ff-tt-rubrique c-dark fs-xxxl fs-m@lg mt-1 mb-1\">Le droit au ch\u00f4mage pour l&rsquo;aidant<\/h2>\n<p>Si l&rsquo;aidant familial n&rsquo;\u00e9tait pas salari\u00e9 avant de s&rsquo;occuper d&rsquo;un proche, il est \u00e9ligible au droit au ch\u00f4mage. La relation entre lui et le proche doit alors relever d&rsquo;un contrat de travail. Il doit \u00e9galement remplir des conditions pr\u00e9cises :<\/p>\n<ul>\n<li>dur\u00e9e de cotisation,<\/li>\n<li>inscription comme demandeur d&#8217;emploi, etc.<\/li>\n<\/ul>\n<\/div>\n<\/div>\n<h1 id=\"la-prestation-de-compensation-du-handicap-pch\">La prestation de compensation du handicap (PCH)<\/h1>\n<h2>De quoi s&rsquo;agit-il ?<\/h2>\n<p>La prestation de compensation du handicap (PCH) s&rsquo;adresse aux personnes handicap\u00e9es vivant \u00e0 domicile ou chez un aidant familial.<\/p>\n<p>Elle est vers\u00e9e par le d\u00e9partement et attribu\u00e9e par le CDAPH, \u00e0 vie sur l&rsquo;\u00e9tat du b\u00e9n\u00e9ficiaire ne s&rsquo;am\u00e9liore pas. La PCH regroupe en r\u00e9alit\u00e9 6 prestations :<\/p>\n<ul>\n<li>L\u2019aide humaine;<\/li>\n<li>L\u2019aide technique;<\/li>\n<li>L\u2019aide \u00e0 l\u2019am\u00e9nagement du logement;<\/li>\n<li>L\u2019aide au transport;<\/li>\n<li>Les aides sp\u00e9cifiques ou exceptionnelles;<\/li>\n<li>L\u2019aide animali\u00e8re<\/li>\n<\/ul>\n<p>Pour chacune d&rsquo;entre elles, la prise en charge peut \u00eatre effectu\u00e9e \u00e0 taux plein ou \u00e0 taux partiel.<\/p>\n<h2>L&rsquo;aide humaine<\/h2>\n\n<div class=\"wpdt-c row wpDataTableContainerSimpleTable wpDataTables wpDataTablesWrapper\n wdtscroll\"\n    >\n    <table id=\"wpdtSimpleTable-109\"\n           class=\"wpdtSimpleTable wpDataTable\"\n           data-column=\"3\"\n           data-rows=\"5\"\n           data-wpID=\"109\"\n           data-responsive=\"0\"\n           data-has-header=\"1\">\n\n                    <thead>        <tr class=\"wpdt-cell-row \" >\n                            <th class=\"wpdt-cell wpdt-bc-F3F9FE wpdt-bold\"\n                                    data-cell-id=\"A1\"\n                data-col-index=\"0\"\n                data-row-index=\"0\"\n                style=\" width:208px;                padding:10px;\"\n                >\n                                Aides concern\u00e9es                <\/th>\n                                            <th class=\"wpdt-cell wpdt-bc-F3F9FE wpdt-wrap-text wpdt-bold\"\n                                    data-cell-id=\"B1\"\n                data-col-index=\"1\"\n                data-row-index=\"0\"\n                style=\" width:332px;                padding:10px;\"\n                >\n                                Prise en charge \u00e0 taux plein                <\/th>\n                                            <th class=\"wpdt-cell wpdt-bc-F3F9FE wpdt-wrap-text wpdt-bold\"\n                                    data-cell-id=\"C1\"\n                data-col-index=\"2\"\n                data-row-index=\"0\"\n                style=\" width:353px;                padding:10px;\"\n                >\n                                Prise en charge \u00e0 taux partiel                <\/th>\n                                        <\/tr>\n                    <tbody>        <tr class=\"wpdt-cell-row \" >\n                            <td class=\"wpdt-cell wpdt-align-center wpdt-valign-middle wpdt-wrap-text\"\n                                    data-cell-id=\"A2\"\n                data-col-index=\"0\"\n                data-row-index=\"1\"\n                style=\"                padding:10px;\"\n                >\n                                Emploi direct d'une tierce personne                <\/td>\n                                            <td class=\"wpdt-cell wpdt-bc-FFFFFF\"\n                                    data-cell-id=\"B2\"\n                data-col-index=\"1\"\n                data-row-index=\"1\"\n                style=\"                padding:10px;\"\n                >\n                                100 % dans la limite de 18,96 \u20ac l'heure ou 19,71 \u20ac en cas de soins ou d'aspirations indo-trach\u00e9ales                <\/td>\n                                            <td class=\"wpdt-cell \"\n                                    data-cell-id=\"C2\"\n                data-col-index=\"2\"\n                data-row-index=\"1\"\n                style=\"                padding:10px;\"\n                >\n                                80 % dans la limite de 18,96 \u20ac l'heure ou 19,71 \u20ac en cas de soins ou d'aspirations indo-trach\u00e9ales                <\/td>\n                                        <\/tr>\n                            <tr class=\"wpdt-cell-row \" >\n                            <td class=\"wpdt-cell \"\n                                    data-cell-id=\"A3\"\n                data-col-index=\"0\"\n                data-row-index=\"2\"\n                style=\"                padding:10px;\"\n                >\n                                Recours \u00e0 un service mandataire                <\/td>\n                                            <td class=\"wpdt-cell \"\n                                    data-cell-id=\"B3\"\n                data-col-index=\"1\"\n                data-row-index=\"2\"\n                style=\"                padding:10px;\"\n                >\n                                100 % dans la limite de 20,86 \u20ac ou 21,68 \u20ac en cas de soins ou d'aspirations indo-trach\u00e9ales                <\/td>\n                                            <td class=\"wpdt-cell \"\n                                    data-cell-id=\"C3\"\n                data-col-index=\"2\"\n                data-row-index=\"2\"\n                style=\"                padding:10px;\"\n                >\n                                80 % dans la limite de 20,86 \u20ac ou 21,68 \u20ac en cas de soins ou d'aspirations indo-trach\u00e9ales                <\/td>\n                                        <\/tr>\n                            <tr class=\"wpdt-cell-row \" >\n                            <td class=\"wpdt-cell \"\n                                    data-cell-id=\"A4\"\n                data-col-index=\"0\"\n                data-row-index=\"3\"\n                style=\"                padding:10px;\"\n                >\n                                Service prestataire agr\u00e9\u00e9                <\/td>\n                                            <td class=\"wpdt-cell \"\n                                    data-cell-id=\"B4\"\n                data-col-index=\"1\"\n                data-row-index=\"3\"\n                style=\"                padding:10px;\"\n                >\n                                100 % dans la limite de 24,58 \u20ac l'heure ou dans la limite du montant fix\u00e9 entre le service prestataire et le d\u00e9partement                <\/td>\n                                            <td class=\"wpdt-cell \"\n                                    data-cell-id=\"C4\"\n                data-col-index=\"2\"\n                data-row-index=\"3\"\n                style=\"                padding:10px;\"\n                >\n                                80 % dans la limite 24,58 \u20ac l'heure ou dans la limite du montant fix\u00e9 entre le service prestataire et le d\u00e9partement                <\/td>\n                                        <\/tr>\n                            <tr class=\"wpdt-cell-row \" >\n                            <td class=\"wpdt-cell \"\n                                    data-cell-id=\"A5\"\n                data-col-index=\"0\"\n                data-row-index=\"4\"\n                style=\"                padding:10px;\"\n                >\n                                 Accueillant familial                <\/td>\n                                            <td class=\"wpdt-cell \"\n                                    data-cell-id=\"B5\"\n                data-col-index=\"1\"\n                data-row-index=\"4\"\n                style=\"                padding:10px;\"\n                >\n                                D\u00e9dommagement \u00e0 hauteur de 4,69 \u20ac l'heure ou 7,04 \u20ac\u00a0par heure,\u00a0si l'aidant r\u00e9duit ou abandonne son activit\u00e9 professionnelle                <\/td>\n                                            <td class=\"wpdt-cell \"\n                                    data-cell-id=\"C5\"\n                data-col-index=\"2\"\n                data-row-index=\"4\"\n                style=\"                padding:10px;\"\n                >\n                                80 % et d\u00e9dommagement \u00e0 hauteur de 4,69 \u20ac l'heure ou 7,04 \u20ac\u00a0par heure\u00a0si l'aidant r\u00e9duit ou abandonne son activit\u00e9 professionnelle                <\/td>\n                                        <\/tr>\n                    <\/table>\n<\/div><style id='wpdt-custom-style-109'>\n.wpdt-bc-F3F9FE { background-color: #F3F9FE !important;}\n.wpdt-bc-FFFFFF { background-color: #FFFFFF !important;}\n<\/style>\n\n<p>Cette aide humaine inclut le recours \u00e0 un proche aidant, selon deux modalit\u00e9s : le salariat et le d\u00e9dommagement.<\/p>\n<p>Ainsi, la PCH peut permettre d&#8217;employer en tant que salari\u00e9 toute personne aidant le malade. N\u00e9anmoins, pour employer son conjoint (\u00e9poux, partenaire de PACS ou concubin) ou un parent tr\u00e8s proche, il est imp\u00e9ratif que l&rsquo;\u00e9tat de la personne en situation de handicap exige :<\/p>\n<ul>\n<li>une aide totale pour la majorit\u00e9 des actes essentiels,<\/li>\n<li>une pr\u00e9sence constante (ou quasi-constante) due \u00e0 un besoin de soins ou d&rsquo;aide pour les gestes de la vie quotidienne.<\/li>\n<\/ul>\n<div id=\"toc_container\" class=\"toc_white no_bullets contracted\">\n<h2>Quelles sont les conditions pour employer ou d\u00e9dommager un aidant ?<\/h2>\n<p>Afin d&#8217;employer un aidant familial qui n&rsquo;est ni le conjoint, ni l&rsquo;un des enfants du malde, il faut que cet aidant :<\/p>\n<ul>\n<li>ne soit pas retrait\u00e9,<\/li>\n<li>ait renonc\u00e9 \u00e0 travailler totalement ou partiellement afin d&rsquo;assurer la prise en charge de son proche malade.<\/li>\n<\/ul>\n<div class=\"custom\">\n<div class=\"inner-padding\">\n<h1 id=\"Aide_pour_s\u2019occuper_d\u2019un_proche_invalide_:_la_Majoration_Tierce_Personne\">La majoration tierce personne (MTP)<\/h1>\n<h2>Qui peut faire appel \u00e0 la majoration ?<\/h2>\n<p>Une personne invalide peut faire appel \u00e0 une majoration de leur pension d&rsquo;invalidit\u00e9. Seule condition : elles doivent avoir besoin d&rsquo;une tierce personne pour effectuer les gestes de la vie quotidienne.<\/p>\n<h2>\u00c0 quoi sert la majoration ?<\/h2>\n<p>Cette majoration peut alors tout \u00e0 fait servir \u00e0 r\u00e9mun\u00e9rer un proche aidant. Elle s\u2019\u00e9l\u00e8ve \u00e0 1.210,90\u20ac par mois et n\u2019est pas imposable (cette somme est revaloris\u00e9e tous les ans).<\/p>\n<p>Concernant les d\u00e9marches, vous devez faire la demande de la MTP aupr\u00e8s de votre caisse primaire d&rsquo;assurance maladie (CPAM). C&rsquo;est elle qui d\u00e9termine si le proche aid\u00e9 peut en b\u00e9n\u00e9ficier.<\/p>\n<\/div>\n<\/div>\n<h1>\u00catre aidant et salari\u00e9 : quelles cong\u00e9s solliciter ?<\/h1>\n<p>Si vous \u00eates \u00e0 la fois aidant et salari\u00e9, il vous est possible d&rsquo;interrompre momentan\u00e9ment leur activit\u00e9 professionnelle, gr\u00e2ce \u00e0 deux types de cong\u00e9s. Attention, l\u2019attribution de ces cong\u00e9s est soumise \u00e0 des conditions.<\/p>\n<h2>Le cong\u00e9 de soutien familial<\/h2>\n<p>Ce cong\u00e9 n&rsquo;est pas r\u00e9mun\u00e9r\u00e9. Il vous offre la possibilit\u00e9 de vous occuper d&rsquo;un proche handicap\u00e9 ou en perte d&rsquo;autonomie grave de sa famille. Il dure 3 mois et est renouvelable pour une dur\u00e9e maximale d&rsquo;un an, sur l&rsquo;ensemble de la carri\u00e8re professionnelle.<\/p>\n<p><strong>Dans ce cas, le contrat de travail est suspendu pendant le cong\u00e9.<\/strong><\/p>\n<h2>L<strong>e cong\u00e9 de solidarit\u00e9 familiale<\/strong><\/h2>\n<p><strong>Ce cong\u00e9 vous permet d&rsquo;accompagner un proche dont le pronostic vital est engag\u00e9.<\/strong> Il dure 3 mois maximum et peut \u00eatre renouvel\u00e9 une fois.<\/p>\n<p>Vous pouvez avoir recours \u00e0 ce cong\u00e9 en continu ou en p\u00e9riode d&rsquo;activit\u00e9 \u00e0 temps partiel. Le contrat de travail est alors suspendu.<\/p>\n<\/div>\n<div class=\"custom\">\n<div class=\"inner-padding\">\n<h2 id=\"Le_cong\u00e9_de_pr\u00e9sence_parentale_pour_enfant_malade_ou_handicap\u00e9\">Le cong\u00e9 de pr\u00e9sence parentale pour enfant malade ou handicap\u00e9<\/h2>\n<p><strong>Les salari\u00e9s du secteur priv\u00e9 et les fonctionnaires<\/strong> sont \u00e9ligibles \u00e0 cette aide, s&rsquo;ils doivent s&rsquo;occuper d&rsquo;un enfant de moins de 20 ans, dont l&rsquo;\u00e9tat de sant\u00e9 exige une pr\u00e9sence constante.<\/p>\n<p>Ce cong\u00e9 dure maximum 310 jours ouvr\u00e9s par enfant et par maladie, accident ou handicap.<\/p>\n<p><strong>Le salari\u00e9 concern\u00e9 par cette aide n&rsquo;est pas r\u00e9mun\u00e9r\u00e9 pendant le cong\u00e9<\/strong>. Il peut n\u00e9anmoins percevoir l&rsquo;allocation journali\u00e8re de pr\u00e9sence parentale (AJPP).<\/p>\n<div class='cta-block'><div class='text'>Simulez toutes vos aides en 2 min.<\/div><a href='https:\/\/www.mes-allocs.fr\/ab-app?origin=guides\/wp-json\/wp\/v2\/posts\/6027' class='app-button fit'>Simulation gratuite<\/a><\/div>\n<\/div>\n<\/div>\n<\/div>\n<\/div>\n<\/div>\n<\/div>\n<\/div>\n<\/div>\n<\/div>\n<\/div>\n<\/div>\n<\/div>\n","protected":false},"excerpt":{"rendered":"<p>Si vous souhaitez vous occuper d&rsquo;un parent \u00e2g\u00e9 en tant qu&rsquo;aidant familial, de multiples aides financi\u00e8res sont accessibles pour vous soutenir. Quelles sont les aides financi\u00e8res pour s&rsquo;occuper d&rsquo;un parent malade ? L\u2019aide-m\u00e9nag\u00e8re \u00e0 domicile Quelles sont les conditions pour b\u00e9n\u00e9ficier d&rsquo;une aide m\u00e9nag\u00e8re \u00e0 domicile ? \u00catre \u00e2g\u00e9 d&rsquo;au moins 65 ans (ou 60 [&hellip;]<\/p>\n","protected":false},"author":7,"featured_media":6390,"comment_status":"open","ping_status":"open","sticky":false,"template":"","format":"standard","meta":{"amp_status":"","footnotes":""},"categories":[35802,16053],"tags":[],"class_list":["post-6027","post","type-post","status-publish","format-standard","has-post-thumbnail","hentry","category-aidant-familial","category-aide-aux-familles"],"yoast_head":"<!-- This site is optimized with the Yoast SEO plugin v14.9 - https:\/\/yoast.com\/wordpress\/plugins\/seo\/ -->\n<title>Toutes les aides financi\u00e8res pour s&#039;occuper d&#039;un parent ag\u00e9<\/title>\n<meta name=\"description\" content=\"Si vous souhaitez vous occuper d&#039;un parent \u00e2g\u00e9e, en tant qu&#039;aidant familial, de multiples aides financi\u00e8res sont accessibles pour vous soutenir.\" \/>\n<meta name=\"robots\" content=\"index, follow, max-snippet:-1, max-image-preview:large, max-video-preview:-1\" \/>\n<link rel=\"canonical\" href=\"https:\/\/www.mes-allocs.fr\/guides\/aide-aux-familles\/aidant-familial\/aide-financiere-pour-s-occuper-parent-age\/\" \/>\n<meta property=\"og:locale\" content=\"fr_FR\" \/>\n<meta property=\"og:type\" content=\"article\" \/>\n<meta property=\"og:title\" content=\"Toutes les aides financi\u00e8res pour s&#039;occuper d&#039;un parent ag\u00e9\" \/>\n<meta property=\"og:description\" content=\"Si vous souhaitez vous occuper d&#039;un parent \u00e2g\u00e9e, en tant qu&#039;aidant familial, de multiples aides financi\u00e8res sont accessibles pour vous soutenir.\" \/>\n<meta property=\"og:url\" content=\"https:\/\/www.mes-allocs.fr\/guides\/aide-aux-familles\/aidant-familial\/aide-financiere-pour-s-occuper-parent-age\/\" \/>\n<meta property=\"og:site_name\" content=\"Mes-Allocs.fr\" \/>\n<meta property=\"article:published_time\" content=\"2020-05-19T09:45:34+00:00\" \/>\n<meta property=\"article:modified_time\" content=\"2025-07-03T07:57:15+00:00\" \/>\n<meta property=\"og:image\" content=\"https:\/\/www.mes-allocs.fr\/guides\/wp-content\/uploads\/2020\/05\/Toutes-les-aides-financie\u0300res-pour-soccuper-dun-parent-age\u0301-e1589209284823.jpg?wsr\" \/>\n\t<meta property=\"og:image:width\" content=\"2560\" \/>\n\t<meta property=\"og:image:height\" content=\"614\" \/>\n<meta name=\"twitter:card\" content=\"summary_large_image\" \/>\n<script type=\"application\/ld+json\" class=\"yoast-schema-graph\">{\"@context\":\"https:\/\/schema.org\",\"@graph\":[{\"@type\":\"WebSite\",\"@id\":\"https:\/\/www.mes-allocs.fr\/guides\/#website\",\"url\":\"https:\/\/www.mes-allocs.fr\/guides\/\",\"name\":\"Mes-Allocs.fr\",\"description\":\"\",\"potentialAction\":[{\"@type\":\"SearchAction\",\"target\":\"https:\/\/www.mes-allocs.fr\/guides\/?s={search_term_string}\",\"query-input\":\"required name=search_term_string\"}],\"inLanguage\":\"fr-FR\"},{\"@type\":\"ImageObject\",\"@id\":\"https:\/\/www.mes-allocs.fr\/guides\/aide-aux-familles\/aidant-familial\/aide-financiere-pour-s-occuper-parent-age\/#primaryimage\",\"inLanguage\":\"fr-FR\",\"url\":\"https:\/\/www.mes-allocs.fr\/guides\/wp-content\/uploads\/2020\/05\/Toutes-les-aides-financie\\u0300res-pour-soccuper-dun-parent-age\\u0301-e1589209284823.jpg?wsr\",\"width\":2560,\"height\":614,\"caption\":\"Toutes les aides financie\\u0300res pour soccuper dun parent age\\u0301 e1589209284823\"},{\"@type\":\"WebPage\",\"@id\":\"https:\/\/www.mes-allocs.fr\/guides\/aide-aux-familles\/aidant-familial\/aide-financiere-pour-s-occuper-parent-age\/#webpage\",\"url\":\"https:\/\/www.mes-allocs.fr\/guides\/aide-aux-familles\/aidant-familial\/aide-financiere-pour-s-occuper-parent-age\/\",\"name\":\"Toutes les aides financi\\u00e8res pour s'occuper d'un parent ag\\u00e9\",\"isPartOf\":{\"@id\":\"https:\/\/www.mes-allocs.fr\/guides\/#website\"},\"primaryImageOfPage\":{\"@id\":\"https:\/\/www.mes-allocs.fr\/guides\/aide-aux-familles\/aidant-familial\/aide-financiere-pour-s-occuper-parent-age\/#primaryimage\"},\"datePublished\":\"2020-05-19T09:45:34+00:00\",\"dateModified\":\"2025-07-03T07:57:15+00:00\",\"author\":{\"@id\":\"https:\/\/www.mes-allocs.fr\/guides\/#\/schema\/person\/1c4837d5703727cb02ce84583b5a44aa\"},\"description\":\"Si vous souhaitez vous occuper d'un parent \\u00e2g\\u00e9e, en tant qu'aidant familial, de multiples aides financi\\u00e8res sont accessibles pour vous soutenir.\",\"inLanguage\":\"fr-FR\"},{\"@type\":\"Person\",\"@id\":\"https:\/\/www.mes-allocs.fr\/guides\/#\/schema\/person\/1c4837d5703727cb02ce84583b5a44aa\",\"name\":\"Fabiola\",\"image\":{\"@type\":\"ImageObject\",\"@id\":\"https:\/\/www.mes-allocs.fr\/guides\/#personlogo\",\"inLanguage\":\"fr-FR\",\"url\":\"https:\/\/www.mes-allocs.fr\/guides\/wp-content\/uploads\/2021\/06\/fabiola-150x150.png\",\"caption\":\"Fabiola\"},\"description\":\"Fabiola est r\\u00e9dactrice au sein de l'\\u00e9quipe Mes Allocs, sp\\u00e9cialis\\u00e9e en sciences politiques et affaires publiques. Dipl\\u00f4m\\u00e9e de l'HEIP, elle rejoint Mes Allocs apr\\u00e8s une premi\\u00e8re exp\\u00e9rience \\u00e0 l'Assembl\\u00e9e Nationale.\",\"sameAs\":[\"https:\/\/www.linkedin.com\/in\/cecilia-philippe-b-8a8085195\"]}]}<\/script>\n<!-- \/ Yoast SEO plugin. -->","amp_validity":null,"acf":{"faq":{"1":{"question":"Quel est le salaire d'un aidant familial ?","answer":"Le salaire d'un aidant familial d\u00e9pend de l'aide attribu\u00e9e.\r\n\r\nPour la PCH, on parle alors de d\u00e9dommagement. Son montant est calcul\u00e9 sur la base de 50 % du Smic horaire net applicable aux emplois familiaux, soit 4,69 \u20ac de l'heure ou 7,04 \u20ac si l'aidant familial r\u00e9duit ou abandonne son activit\u00e9 professionnelle."},"2":{"question":"Quelles sont les aides financi\u00e8res pour les aidants ?","answer":"Les aidants peuvent pr\u00e9tendre aux aides financi\u00e8res suivantes :\r\n\r\n- les allocations ch\u00f4mage\r\n- la r\u00e9mun\u00e9ration de la majoration tierce personne (MTP)\r\n- l'aide humaine de la prestation de compensation au handicap (PCH)"},"3":{"question":"Qui peut devenir aidant familial ?","answer":" Les \u00e9poux, conjoints, concubins et partenaires de PACS ne peuvent pas pr\u00e9tendre au statut d'aidant familial.\r\n\r\nPar contre, les fr\u00e8res, les s\u0153urs, les enfants, les neveux ou les ni\u00e8ces peuvent devenir aidant familial. De m\u00eame pour les parents d\u2019un enfant handicap\u00e9."},"4":{"question":"Quels sont les droits des aidants ?","answer":"Les aidants disposent des droits suivants :\r\n\r\n- droit au repos (cong\u00e9 de soutien familial, cong\u00e9 de solidarit\u00e9 familiale etc)\r\n- avantages fiscaux (cr\u00e9dit d\u2019imp\u00f4t \u00e0 50 %,  d\u00e9duction forfaitaire etc)\r\n- retraite (AVPF, retraite \u00e0 taux plein etc)\r\n- droit \u00e0 la formation (gestes de premiers secours, soins corporels, psychomotricit\u00e9 etc)"},"5":{"question":"Comment b\u00e9n\u00e9ficier d'une aide \u00e0 domicile ?","answer":"Pour b\u00e9n\u00e9ficier d'une aide \u00e0 domicile, il faut se tourner vers sa mairie ou son CCAS. Il faut aussi remplir les conditions suivantes :\r\n\r\n- \u00catre \u00e2g\u00e9 d'au moins 65 ans (ou 60 ans pour les personnes reconnues inaptes au travail) ;\r\n- Avoir des difficult\u00e9s pour effectuer les principales t\u00e2ches m\u00e9nag\u00e8res ;\r\n- Ne pas b\u00e9n\u00e9ficier de l'APA (allocation personnalis\u00e9e d'autonomie) et ne pas y \u00eatre \u00e9ligible ;\r\n- Disposer de ressources mensuelles inf\u00e9rieures \u00e0 868,20 \u20ac pour une personne seule et \u00e0 1 347,88 \u20ac pour un couple."},"6":{"question":"Quelle aide pour s'occuper d'un parent \u00e2g\u00e9 ?","answer":"Plusieurs aides vous permettent de vous occuper d'un parent \u00e2g\u00e9 :\r\n\r\n- l'aide-m\u00e9nag\u00e8re \u00e0 domicile;\r\n- la prestation de compensation au handicap (PCH);\r\n- le droit au ch\u00f4mage pour l'aidant familial ;\r\n- la majoration tierce personne (MTP)."},"7":{"question":"Qu'est-ce qu'un aidant proche ?","answer":"La loi stipule que \"est consid\u00e9r\u00e9 comme proche aidant d'une personne \u00e2g\u00e9e son conjoint, le partenaire avec qui elle a conclu un pacte civil de solidarit\u00e9 ou son concubin, un parent ou un alli\u00e9, d\u00e9finis comme aidants familiaux, ou une personne r\u00e9sidant avec elle ou entretenant avec elle des liens \u00e9troits et stables, qui lui vient en aide, de mani\u00e8re r\u00e9guli\u00e8re et fr\u00e9quente, \u00e0 titre non professionnel, pour accomplir tout ou partie des actes ou des activit\u00e9s de la vie quotidienne\"."},"8":{"question":"\ud83e\udd37\u200d\u2640\ufe0f Quelle retraite pour les aidants familiaux ?","answer":"Plusieurs dispositifs assurent une retraite aux aidants familiaux, notamment :\r\n\r\n- l'affiliation gratuite \u00e0 l\u2019assurance vieillesse (AVPF), qui permet de disposer de trimestres de retraire suppl\u00e9mentaires;\r\n- la majoration de dur\u00e9e d\u2019assurance correspond \u00e0 l'attribution d'un trimestre de retraite par p\u00e9riode de 30 mois de prise en charge permanente;\r\n- la retraite \u00e0 taux plein \u00e0 65 ans pour les aidants qui ont arr\u00eat\u00e9s de travailler durant au moins 30 mois d\u2019affil\u00e9e pour assister la personne, b\u00e9n\u00e9ficiaire de la PCH. "},"9":{"question":"","answer":""},"10":{"question":"","answer":""},"11":{"question":"","answer":""},"12":{"question":"","answer":""},"13":{"question":"","answer":""},"14":{"question":"","answer":""},"15":{"question":"","answer":""},"16":{"question":"","answer":""}}},"_links":{"self":[{"href":"https:\/\/www.mes-allocs.fr\/guides\/wp-json\/wp\/v2\/posts\/6027","targetHints":{"allow":["GET"]}}],"collection":[{"href":"https:\/\/www.mes-allocs.fr\/guides\/wp-json\/wp\/v2\/posts"}],"about":[{"href":"https:\/\/www.mes-allocs.fr\/guides\/wp-json\/wp\/v2\/types\/post"}],"author":[{"embeddable":true,"href":"https:\/\/www.mes-allocs.fr\/guides\/wp-json\/wp\/v2\/users\/7"}],"replies":[{"embeddable":true,"href":"https:\/\/www.mes-allocs.fr\/guides\/wp-json\/wp\/v2\/comments?post=6027"}],"version-history":[{"count":36,"href":"https:\/\/www.mes-allocs.fr\/guides\/wp-json\/wp\/v2\/posts\/6027\/revisions"}],"predecessor-version":[{"id":101526,"href":"https:\/\/www.mes-allocs.fr\/guides\/wp-json\/wp\/v2\/posts\/6027\/revisions\/101526"}],"wp:featuredmedia":[{"embeddable":true,"href":"https:\/\/www.mes-allocs.fr\/guides\/wp-json\/wp\/v2\/media\/6390"}],"wp:attachment":[{"href":"https:\/\/www.mes-allocs.fr\/guides\/wp-json\/wp\/v2\/media?parent=6027"}],"wp:term":[{"taxonomy":"category","embeddable":true,"href":"https:\/\/www.mes-allocs.fr\/guides\/wp-json\/wp\/v2\/categories?post=6027"},{"taxonomy":"post_tag","embeddable":true,"href":"https:\/\/www.mes-allocs.fr\/guides\/wp-json\/wp\/v2\/tags?post=6027"}],"curies":[{"name":"wp","href":"https:\/\/api.w.org\/{rel}","templated":true}]}}