{"id":5982,"date":"2020-05-20T09:33:35","date_gmt":"2020-05-20T09:33:35","guid":{"rendered":"https:\/\/www.mes-allocs.fr\/guides\/?p=5982"},"modified":"2025-04-16T13:36:39","modified_gmt":"2025-04-16T11:36:39","slug":"aide-financiere-cpam","status":"publish","type":"post","link":"https:\/\/www.mes-allocs.fr\/guides\/assurance-maladie\/cpam\/aide-financiere-cpam\/","title":{"rendered":"L&rsquo;aide financi\u00e8re CPAM : comment \u00e7a marche ?"},"content":{"rendered":"<p><a href=\"https:\/\/www.mes-allocs.fr\/guides\/wp-content\/uploads\/2020\/05\/aide-financiere-cpam-1.jpg\"><img loading=\"lazy\" decoding=\"async\" class=\"aligncenter size-full wp-image-7190\" src=\"https:\/\/www.mes-allocs.fr\/guides\/wp-content\/uploads\/2020\/05\/aide-financiere-cpam-1.jpg\" alt=\"aide-financiere-cpam\" width=\"1280\" height=\"396\" srcset=\"https:\/\/www.mes-allocs.fr\/guides\/wp-content\/uploads\/2020\/05\/aide-financiere-cpam-1.jpg 1280w, https:\/\/www.mes-allocs.fr\/guides\/wp-content\/uploads\/2020\/05\/aide-financiere-cpam-1-300x93.jpg 300w, https:\/\/www.mes-allocs.fr\/guides\/wp-content\/uploads\/2020\/05\/aide-financiere-cpam-1-1024x317.jpg 1024w, https:\/\/www.mes-allocs.fr\/guides\/wp-content\/uploads\/2020\/05\/aide-financiere-cpam-1-768x238.jpg 768w, https:\/\/www.mes-allocs.fr\/guides\/wp-content\/uploads\/2020\/05\/aide-financiere-cpam-1-600x186.jpg 600w\" sizes=\"auto, (max-width: 1280px) 100vw, 1280px\" \/><\/a><\/p>\n<p><b>Si vous disposez de revenus modestes, vous pouvez tr\u00e8s s\u00fbrement b\u00e9n\u00e9ficier de la Compl\u00e9mentaire sant\u00e9 solidaire propos\u00e9e par votre CPAM. En plus de cette aide, si une situation vous est rendue difficile par votre \u00e9tat de sant\u00e9, d\u2019autres aides adapt\u00e9es \u00e0 votre situation sont possibles. Dans cet article, nous vous pr\u00e9senterons la marche \u00e0 suivre pour b\u00e9n\u00e9ficier de la Compl\u00e9mentaire sant\u00e9 solidaire, sans oublier d\u2019\u00e9voquer pour vous l\u2019ensemble des autres <a href=\"https:\/\/www.mes-allocs.fr\/guides\/aides-par-situation\/\">aides financi\u00e8res<\/a> existantes.<\/b><\/p>\n<hr \/>\n<h1>Quel est le r\u00f4le d\u2019une CPAM ?<\/h1>\n<p>La Caisse Primaire d\u2019Assurance Maladie (CPAM) est un organisme local du r\u00e9gime g\u00e9n\u00e9ral.<\/p>\n<p>Elle rembourse notamment :<\/p>\n<ul>\n<li>Les arr\u00eats de travail ;<\/li>\n<li>Les prestations maladies ;<\/li>\n<li>Les prestations maternit\u00e9 ;<\/li>\n<li>Etc.<\/li>\n<\/ul>\n<p>Depuis sa cr\u00e9ation en 1945, elle est le coeur du syst\u00e8me de couverture maladie en France et comprend quatre r\u00e9gimes, organis\u00e9s eux-m\u00eames en branches autonomes.<\/p>\n<p>Par exemple, lors d\u2019une visite chez un professionnel de sant\u00e9, vous pr\u00e9sentez votre Carte Vitale qui t\u00e9l\u00e9transmet directement votre visite \u00e0 la S\u00e9curit\u00e9 Sociale. L\u2019Assurance Maladie vous rembourse une partie du tarif de convention, et le ticket mod\u00e9rateur est transmis \u00e0 votre compl\u00e9mentaire sant\u00e9 si vous en avez une.<\/p>\n<h1>Qu\u2019est-ce que la Compl\u00e9mentaire sant\u00e9 solidaire ?<\/h1>\n<p>Si vos ressources sont modestes, vous pouvez b\u00e9n\u00e9ficier de la Compl\u00e9mentaire sant\u00e9 solidaire, qui vous aide \u00e0 faire face aux d\u00e9penses li\u00e9es \u00e0 la sant\u00e9 et peut couvrir l\u2019ensemble de votre foyer.<\/p>\n<p>Cette aide financi\u00e8re vous permet de ne pas payer :<\/p>\n<ul>\n<li>Le dentiste ;<\/li>\n<li>L\u2019h\u00f4pital ;<\/li>\n<li>L\u2019infirmier ;<\/li>\n<li>Le kin\u00e9sith\u00e9rapeute ;<\/li>\n<li>Le m\u00e9decin ;<\/li>\n<li>Vos m\u00e9dicaments.<\/li>\n<\/ul>\n<p>Dans la plupart des cas, vous ne devrez pas r\u00e9gler vos frais de proth\u00e8ses auditives ou dentaires, vos lunettes et vos dispositifs m\u00e9dicaux.<\/p>\n<p>Selon vos ressources :<\/p>\n<ul>\n<li>Cette aide ne vous co\u00fbtera rien ;<\/li>\n<li>Elle vous co\u00fbtera 1 \u20ac par jour.<\/li>\n<\/ul>\n<p><iframe loading=\"lazy\" title=\"L&#039;Assurance Maladie\" width=\"500\" height=\"281\" src=\"https:\/\/www.youtube.com\/embed\/MdiYHpnlAvg?feature=oembed\" frameborder=\"0\" allow=\"accelerometer; autoplay; clipboard-write; encrypted-media; gyroscope; picture-in-picture; web-share\" referrerpolicy=\"strict-origin-when-cross-origin\" allowfullscreen><\/iframe><\/p>\n<h1>Quelles sont les conditions pour b\u00e9n\u00e9ficier de cette aide ?<\/h1>\n<p>Pour b\u00e9n\u00e9ficier de la Compl\u00e9mentaire sant\u00e9 solidaire, vous devez :<\/p>\n<ul>\n<li>B\u00e9n\u00e9ficier de l\u2019Assurance Maladie ;<\/li>\n<li>Ne pas d\u00e9passer la limite maximum de ressources.<\/li>\n<\/ul>\n<h2>A qui s\u2019adresse-t-elle ?<\/h2>\n<p>Vous devez savoir que cette aide ne peut \u00eatre demand\u00e9e qu\u2019une seule fois par foyer.<\/p>\n<p>L\u2019ensemble d\u2019un foyer se compose :<\/p>\n<ul>\n<li>De vous-m\u00eame ;<\/li>\n<li>De votre conjoint ;<\/li>\n<li>De toute personne \u00e0 charge de moins de vingt-cinq ans.<\/li>\n<\/ul>\n<p>Cependant, une demande individuelle est possible dans certains cas particuliers, comme pour les \u00e9tudiants isol\u00e9s, les conjoints s\u00e9par\u00e9s ou les mineurs de plus de seize ans ayant rompu leurs liens familiaux.<\/p>\n<p>La Compl\u00e9mentaire sant\u00e9 solidaire ne s\u2019applique pas \u00e0 Mayotte, Wallis-et-Futuna, en Polyn\u00e9sie fran\u00e7aise, en Nouvelle-Cal\u00e9donie et \u00e0 Saint-Pierre-et-Miquelon.<\/p>\n<h2>Quel est le plafond de ressources ?<\/h2>\n<p>Le droit \u00e0 cette aide financi\u00e8re d\u00e9pend des ressources de l\u2019ensemble du foyer durant les douze derniers mois pr\u00e9c\u00e9dant votre demande.<\/p>\n<p>Les ressources comprennent :<\/p>\n<ul>\n<li>Les aides financi\u00e8res ;<\/li>\n<li>Les gains ;<\/li>\n<li>Les pensions alimentaires ;<\/li>\n<li>Les revenus ;<\/li>\n<li>Les ventes.<\/li>\n<\/ul>\n<div itemscope itemtype=\"http:\/\/schema.org\/Table\"><p itemprop=\"about\">Voici en tableau les plafonds de ressources applicables au 1er janvier 2025 :<\/p>\n<table style=\"border-collapse: collapse; width: 100.664%; height: 177px;\">\n<tbody>\n<tr style=\"height: 48px;\">\n<td style=\"width: 12.1474%; height: 48px; background-color: #d8e6f2; border: 1px solid black; text-align: center;\"><b>Nombre de personnes composant le foyer<\/b><\/td>\n<td style=\"width: 23.2481%; height: 48px; background-color: #d8e6f2; border: 1px solid black; text-align: center;\"><b>Plafond annuel Compl\u00e9mentaire sant\u00e9 solidaire sans participation financi\u00e8re<\/b><\/td>\n<td style=\"width: 23.2481%; background-color: #d8e6f2; border: 1px solid black; text-align: center; height: 48px;\"><b>Plafond annuel Compl\u00e9mentaire sant\u00e9 solidaire avec participation financi\u00e8re<\/b><\/td>\n<\/tr>\n<tr style=\"height: 24px;\">\n<td style=\"width: 12.1474%; height: 10px; border: 1px solid black; text-align: center;\"><span style=\"font-weight: 400;\">1<\/span><\/td>\n<td style=\"width: 23.2481%; height: 10px;\">\n<p style=\"text-align: center;\">10\u00a0339\u00a0\u20ac<\/p>\n<\/td>\n<td style=\"width: 23.2481%; border: 1px solid black; text-align: center; height: 10px;\">13 957 \u20ac<\/td>\n<\/tr>\n<tr style=\"height: 24px;\">\n<td style=\"width: 12.1474%; border: 1px solid black; text-align: center; height: 24px;\">2<\/td>\n<td style=\"width: 23.2481%; border: 1px solid black; text-align: center; height: 24px;\">15 508 \u20ac<\/td>\n<td style=\"width: 23.2481%; border: 1px solid black; text-align: center; height: 24px;\">20 936 \u20ac<\/td>\n<\/tr>\n<tr style=\"height: 24px;\">\n<td style=\"width: 12.1474%; height: 23px; border: 1px solid black; text-align: center;\"><span style=\"font-weight: 400;\">3<\/span><\/td>\n<td style=\"width: 23.2481%; height: 23px; border: 1px solid black; text-align: center;\">18 609 \u20ac<\/td>\n<td style=\"width: 23.2481%; border: 1px solid black; text-align: center; height: 23px;\">25 123 \u20ac<\/td>\n<\/tr>\n<tr style=\"height: 24px;\">\n<td style=\"width: 12.1474%; border: 1px solid black; text-align: center; height: 24px;\"><span style=\"font-weight: 400;\">\u00a04<\/span><\/td>\n<td style=\"width: 23.2481%; border: 1px solid black; text-align: center; height: 24px;\">21 711 \u20ac<\/td>\n<td style=\"width: 23.2481%; border: 1px solid black; text-align: center; height: 24px;\">29 311 \u20ac<\/td>\n<\/tr>\n<tr style=\"height: 48px;\">\n<td style=\"width: 12.1474%; border: 1px solid black; text-align: center; height: 48px;\"><span style=\"font-weight: 400;\">Au-del\u00e0 de 4<\/span><\/td>\n<td style=\"width: 23.2481%; border: 1px solid black; text-align: center; height: 48px;\">+ 4 135 \u20ac par personne suppl\u00e9mentaire<\/td>\n<td style=\"width: 23.2481%; border: 1px solid black; text-align: center; height: 48px;\">+ 5 583 \u20ac par personne suppl\u00e9mentaire<br \/>\n<\/div><\/td>\n<\/tr>\n<\/tbody>\n<\/table>\n<p>Si vous percevez le RSA, vous et les membres de votre foyer avez droit \u00e0 la Compl\u00e9mentaire sant\u00e9 solidaire sans participation financi\u00e8re.<\/p>\n<h2>Comment calculer la participation financi\u00e8re ?<\/h2>\n<p>Si vos ressources d\u00e9passent le plafond annuel sans participation, vous devrez payer chaque mois une somme inf\u00e9rieure \u00e0 1 \u20ac par jour et par personne.<\/p>\n<p>Ce montant est calcul\u00e9 selon l\u2019\u00e2ge de chacun des membres du foyer demandeur.<\/p>\n<div itemscope itemtype=\"http:\/\/schema.org\/Table\"><p itemprop=\"about\">Voici en tableau la participation financi\u00e8re selon l\u2019\u00e2ge de l\u2019assur\u00e9 :<\/p>\n<table style=\"border-collapse: collapse; width: 100.664%; height: 169px;\">\n<tbody>\n<tr style=\"height: 48px;\">\n<td style=\"width: 30.4606%; height: 48px; background-color: #d8e6f2; border: 1px solid black; text-align: center;\"><b>\u00c2ge au 1er janvier de l\u2019ann\u00e9e d\u2019attribution de la Compl\u00e9mentaire sant\u00e9 solidaire<\/b><\/td>\n<td style=\"width: 28.183%; height: 48px; background-color: #d8e6f2; border: 1px solid black; text-align: center;\"><b>Montant mensuel de la participation financi\u00e8re<\/b><\/td>\n<\/tr>\n<tr style=\"height: 24px;\">\n<td style=\"width: 30.4606%; height: 26px; border: 1px solid black; text-align: center;\">29 ans et moins<\/td>\n<td style=\"width: 28.183%; height: 26px; border: 1px solid black; text-align: center;\"><span style=\"font-weight: 400;\">8 \u20ac<\/span><\/td>\n<\/tr>\n<tr style=\"height: 24px;\">\n<td style=\"width: 30.4606%; border: 1px solid black; text-align: center; height: 24px;\">De 30 \u00e0 49 ans<\/td>\n<td style=\"width: 28.183%; border: 1px solid black; text-align: center; height: 24px;\"><span style=\"font-weight: 400;\">14 \u20ac\u00a0<\/span><\/td>\n<\/tr>\n<tr style=\"height: 24px;\">\n<td style=\"width: 30.4606%; height: 23px; border: 1px solid black; text-align: center;\">De 50 \u00e0 59 ans<\/td>\n<td style=\"width: 28.183%; height: 23px; border: 1px solid black; text-align: center;\">21 \u20ac<\/td>\n<\/tr>\n<tr style=\"height: 24px;\">\n<td style=\"width: 30.4606%; border: 1px solid black; text-align: center; height: 24px;\"><span style=\"font-weight: 400;\"> De 60 \u00e0 69 ans<\/span><\/td>\n<td style=\"width: 28.183%; border: 1px solid black; text-align: center; height: 24px;\"><span style=\"font-weight: 400;\"> 25 \u20ac<\/span><\/td>\n<\/tr>\n<tr style=\"height: 24px;\">\n<td style=\"width: 30.4606%; border: 1px solid black; text-align: center; height: 24px;\"><span style=\"font-weight: 400;\">70 ans et plus<\/span><\/td>\n<td style=\"width: 28.183%; border: 1px solid black; text-align: center; height: 24px;\"><span style=\"font-weight: 400;\">30 \u20ac<\/span><\/td>\n<\/tr>\n<\/tbody>\n<\/table>\n<p><span style=\"font-weight: 400;\"><\/div><\/span><\/p>\n<h1>Comment demander la Compl\u00e9mentaire sant\u00e9 solidaire ?<\/h1>\n<p>Avec les avanc\u00e9es technologiques, vous pouvez effectuer votre demande de Compl\u00e9mentaire sant\u00e9 solidaire directement via Internet.<\/p>\n<p>Dans la rubrique \u201cd\u00e9marches\u201d de votre compte Ameli, vous trouverez le formulaire de demande.<\/p>\n<p>Il vous faudra alors :<\/p>\n<ul>\n<li>Renseigner votre num\u00e9ro d\u2019allocataire CAF ;<\/li>\n<li>Confirmer ou modifier la composition de votre foyer ;<\/li>\n<li>Scanner les justificatifs n\u00e9cessaires selon votre situation (avis d\u2019imposition, avis de taxe fonci\u00e8re, attestation de ressources, etc.) et les joindre ;<\/li>\n<li>Choisir l\u2019organisme gestionnaire de la Compl\u00e9mentaire sant\u00e9 solidaire ;<\/li>\n<li>Valider le formulaire.<\/li>\n<\/ul>\n<p>\u00c0 la fin de la demande, vous recevrez un accus\u00e9 de r\u00e9ception \u00e9lectronique.<\/p>\n<p>\u00c0 r\u00e9ception du dossier complet, votre CPAM \u00e9tudie votre demande dans un d\u00e9lai de deux mois et vous informe de sa d\u00e9cision. Votre attestation de droits sera ensuite disponible dans votre compte ameli.<\/p>\n<p>En cas d\u2019erreur, si celle-ci est commise de bonne foi et pour la premi\u00e8re fois, vous pourrez la rectifier.<\/p>\n<p>Pour \u00e9viter une rupture de vos droits, pensez bien \u00e0 effectuer une demande de renouvellement au plus tard deux mois avant la fin de vos droits, car le renouvellement n\u2019est pas automatique.<\/p>\n<h1>Quelles sont les autres aides possibles de la CPAM ?<\/h1>\n<p>Vous pouvez b\u00e9n\u00e9ficier d\u2019une aide financi\u00e8re ponctuelle, gr\u00e2ce \u00e0 l\u2019action sanitaire et sociale de l\u2019Assurance Maladie.<\/p>\n<p>Cette aide sociale est vers\u00e9e en compl\u00e9ment des prestations \u201chabituelles\u201d, comme :<\/p>\n<ul>\n<li>Les indemnit\u00e9s journali\u00e8res ;<\/li>\n<li>Le remboursement des soins ;<\/li>\n<li>Etc.<\/li>\n<\/ul>\n<p>Chaque CPAM dispose d\u2019un budget sp\u00e9cifiquement d\u00e9di\u00e9 \u00e0 la distribution de ces \u201cprestations suppl\u00e9mentaires\u201d ou \u201csecours exceptionnels\u201d.<\/p>\n<p>L\u2019action sanitaire et sociale intervient notamment dans :<\/p>\n<ul>\n<li>L\u2019acc\u00e8s aux soins ;<\/li>\n<li>Le financement d&rsquo;une couverture compl\u00e9mentaire sant\u00e9 ;<\/li>\n<li>La perte de salaire ;<\/li>\n<li>Un retour et maintien \u00e0 domicile ;<\/li>\n<li>Une insertion \u00e0 domicile des personnes en situation de handicap ;<\/li>\n<li>Une r\u00e9insertion professionnelle.<\/li>\n<\/ul>\n<p>Si vous avez des frais d\u2019optique trop \u00e9lev\u00e9s, un d\u00e9s\u00e9quilibre dans votre budget \u00e0 cause d\u2019une baisse de salaire engendr\u00e9e par un accident du travail, ou encore que vous \u00eates en situation de r\u00e9insertion professionnelle durant un arr\u00eat de travail, vous pouvez b\u00e9n\u00e9ficier de l\u2019action sanitaire et sociale.<\/p>\n<p>Selon son budget d\u2019action sanitaire et sociale, ainsi que le contexte local, votre CPAM peut vous accorder des aides financi\u00e8res dans d\u2019autres situations. Pour en savoir plus, prenez contact avec votre Assurance Maladie.<\/p>\n<h1>Comment demander une aide financi\u00e8re ?<\/h1>\n<p>Pour demander une de ces aides financi\u00e8res, vous devrez constituer un dossier de demande et l&rsquo;adresser \u00e0 votre CPAM.<\/p>\n<p>Votre situation sera examin\u00e9e par une commission qui se r\u00e9unit r\u00e9guli\u00e8rement et vous avertira de sa d\u00e9cision. Comme ces aides sont facultatives, leurs refus ne peut \u00eatre contest\u00e9.<\/p>\n<p>Si votre dossier est accept\u00e9, les aides vous seront vers\u00e9es soit \u00e0 vous-m\u00eame, soit directement au tiers (association d&rsquo;aides \u00e0 domicile, organisme compl\u00e9mentaire, professionnel de sant\u00e9, etc.) afin de vous pr\u00e9venir de avance de frais.<\/p>\n<p>Pour en savoir plus sur les aides vers\u00e9es par votre CPAM et les documents \u00e0 fournir pour votre dossier de demande, contactez votre CPAM.<\/p>\n<p>En cas de besoin d\u2019accompagnement lors de vos d\u00e9marches, nos experts Mes-Allocs sont disponibles du lundi au vendredi, de 10h \u00e0 19h. Contactez-les par t\u00e9l\u00e9phone au 01.84.80.37.31.<\/p>\n<p>&nbsp;<\/p>\n<p>&nbsp;<\/p>\n<div class=\"content-fiche\">\n<div class=\"tab-content\">\n<div id=\"situation1\" class=\"tab-pane active\">\n<div class=\"fiche-bloc bloc-principal\" data-toggle-scope=\"\">\n<div class=\"fiche-item\">\n<div class=\"fiche-item\">\n<div class=\"fiche-item\">\n<div class=\"fiche-item\">\n<div id=\"fiche-item-6situation1\" class=\"fiche-item-content collapse in\" aria-hidden=\"false\">\n<div>\n<div class=\"fiche-item\">\n<div id=\"toc_container\" class=\"toc_white no_bullets contracted\">\n<p>&nbsp;<\/p>\n<\/div>\n<\/div>\n<\/div>\n<\/div>\n<\/div>\n<\/div>\n<\/div>\n<\/div>\n<\/div>\n<\/div>\n<\/div>\n<\/div>\n","protected":false},"excerpt":{"rendered":"<p>Si vous disposez de revenus modestes, vous pouvez tr\u00e8s s\u00fbrement b\u00e9n\u00e9ficier de la Compl\u00e9mentaire sant\u00e9 solidaire propos\u00e9e par votre CPAM. En plus de cette aide, si une situation vous est rendue difficile par votre \u00e9tat de sant\u00e9, d\u2019autres aides adapt\u00e9es \u00e0 votre situation sont possibles. Dans cet article, nous vous pr\u00e9senterons la marche \u00e0 suivre [&hellip;]<\/p>\n","protected":false},"author":7,"featured_media":7190,"comment_status":"open","ping_status":"open","sticky":false,"template":"","format":"standard","meta":{"amp_status":"","footnotes":""},"categories":[1411,21657,35809],"tags":[],"class_list":["post-5982","post","type-post","status-publish","format-standard","has-post-thumbnail","hentry","category-aides-sociales","category-assurance-maladie","category-cpam"],"yoast_head":"<!-- This site is optimized with the Yoast SEO plugin v14.9 - https:\/\/yoast.com\/wordpress\/plugins\/seo\/ -->\n<title>L\u2019aide financi\u00e8re CPAM : comment \u00e7a marche ? | Mes-Allocs.fr<\/title>\n<meta name=\"description\" content=\"Si une situation vous est rendue difficile par votre \u00e9tat de sant\u00e9, d\u2019autres aides adapt\u00e9es \u00e0 votre situation sont possibles.\" \/>\n<meta name=\"robots\" content=\"index, follow, max-snippet:-1, max-image-preview:large, max-video-preview:-1\" \/>\n<link rel=\"canonical\" href=\"https:\/\/www.mes-allocs.fr\/guides\/assurance-maladie\/cpam\/aide-financiere-cpam\/\" \/>\n<meta property=\"og:locale\" content=\"fr_FR\" \/>\n<meta property=\"og:type\" content=\"article\" \/>\n<meta property=\"og:title\" content=\"L\u2019aide financi\u00e8re CPAM : comment \u00e7a marche ? | Mes-Allocs.fr\" \/>\n<meta property=\"og:description\" content=\"Si une situation vous est rendue difficile par votre \u00e9tat de sant\u00e9, d\u2019autres aides adapt\u00e9es \u00e0 votre situation sont possibles.\" \/>\n<meta property=\"og:url\" content=\"https:\/\/www.mes-allocs.fr\/guides\/assurance-maladie\/cpam\/aide-financiere-cpam\/\" \/>\n<meta property=\"og:site_name\" content=\"Mes-Allocs.fr\" \/>\n<meta property=\"article:published_time\" content=\"2020-05-20T09:33:35+00:00\" \/>\n<meta property=\"article:modified_time\" content=\"2025-04-16T11:36:39+00:00\" \/>\n<meta property=\"og:image\" content=\"https:\/\/www.mes-allocs.fr\/guides\/wp-content\/uploads\/2020\/05\/aide-financiere-cpam-1.jpg?wsr\" \/>\n\t<meta property=\"og:image:width\" content=\"1280\" \/>\n\t<meta property=\"og:image:height\" content=\"396\" \/>\n<meta name=\"twitter:card\" content=\"summary_large_image\" \/>\n<script type=\"application\/ld+json\" class=\"yoast-schema-graph\">{\"@context\":\"https:\/\/schema.org\",\"@graph\":[{\"@type\":\"WebSite\",\"@id\":\"https:\/\/www.mes-allocs.fr\/guides\/#website\",\"url\":\"https:\/\/www.mes-allocs.fr\/guides\/\",\"name\":\"Mes-Allocs.fr\",\"description\":\"\",\"potentialAction\":[{\"@type\":\"SearchAction\",\"target\":\"https:\/\/www.mes-allocs.fr\/guides\/?s={search_term_string}\",\"query-input\":\"required name=search_term_string\"}],\"inLanguage\":\"fr-FR\"},{\"@type\":\"ImageObject\",\"@id\":\"https:\/\/www.mes-allocs.fr\/guides\/assurance-maladie\/cpam\/aide-financiere-cpam\/#primaryimage\",\"inLanguage\":\"fr-FR\",\"url\":\"https:\/\/www.mes-allocs.fr\/guides\/wp-content\/uploads\/2020\/05\/aide-financiere-cpam-1.jpg?wsr\",\"width\":1280,\"height\":396,\"caption\":\"aide financiere cpam 1\"},{\"@type\":\"WebPage\",\"@id\":\"https:\/\/www.mes-allocs.fr\/guides\/assurance-maladie\/cpam\/aide-financiere-cpam\/#webpage\",\"url\":\"https:\/\/www.mes-allocs.fr\/guides\/assurance-maladie\/cpam\/aide-financiere-cpam\/\",\"name\":\"L\\u2019aide financi\\u00e8re CPAM : comment \\u00e7a marche ? | Mes-Allocs.fr\",\"isPartOf\":{\"@id\":\"https:\/\/www.mes-allocs.fr\/guides\/#website\"},\"primaryImageOfPage\":{\"@id\":\"https:\/\/www.mes-allocs.fr\/guides\/assurance-maladie\/cpam\/aide-financiere-cpam\/#primaryimage\"},\"datePublished\":\"2020-05-20T09:33:35+00:00\",\"dateModified\":\"2025-04-16T11:36:39+00:00\",\"author\":{\"@id\":\"https:\/\/www.mes-allocs.fr\/guides\/#\/schema\/person\/1c4837d5703727cb02ce84583b5a44aa\"},\"description\":\"Si une situation vous est rendue difficile par votre \\u00e9tat de sant\\u00e9, d\\u2019autres aides adapt\\u00e9es \\u00e0 votre situation sont possibles.\",\"inLanguage\":\"fr-FR\"},{\"@type\":\"Person\",\"@id\":\"https:\/\/www.mes-allocs.fr\/guides\/#\/schema\/person\/1c4837d5703727cb02ce84583b5a44aa\",\"name\":\"Fabiola\",\"image\":{\"@type\":\"ImageObject\",\"@id\":\"https:\/\/www.mes-allocs.fr\/guides\/#personlogo\",\"inLanguage\":\"fr-FR\",\"url\":\"https:\/\/www.mes-allocs.fr\/guides\/wp-content\/uploads\/2021\/06\/fabiola-150x150.png\",\"caption\":\"Fabiola\"},\"description\":\"Fabiola est r\\u00e9dactrice au sein de l'\\u00e9quipe Mes Allocs, sp\\u00e9cialis\\u00e9e en sciences politiques et affaires publiques. Dipl\\u00f4m\\u00e9e de l'HEIP, elle rejoint Mes Allocs apr\\u00e8s une premi\\u00e8re exp\\u00e9rience \\u00e0 l'Assembl\\u00e9e Nationale.\",\"sameAs\":[\"https:\/\/www.linkedin.com\/in\/cecilia-philippe-b-8a8085195\"]}]}<\/script>\n<!-- \/ Yoast SEO plugin. -->","amp_validity":null,"acf":{"faq":{"1":{"question":"\ud83e\udd14 Quelles aides en cas de longue maladie ?","answer":"En cas de longue maladie, les patients souffrants de ces maladies ont droit \u00e0 une prise en charge \u00e0 100 % de leurs soins et traitements li\u00e9s \u00e0 leur pathologie. Si la maladie est d'origine professionnelle, le salari\u00e9 peut pr\u00e9tendre \u00e0 b\u00e9n\u00e9ficier d'une rente d'incapacit\u00e9 permanente."},"2":{"question":"\ud83d\udcca Comment avoir une aide financi\u00e8re d'urgence ?","answer":"Pour obtenir une aide financi\u00e8re d'urgence, le Centre Communal d\u2019Action Sociale (CCAS) attribue des petits cr\u00e9dits d\u2019urgence qui permettent de faire face aux factures les plus pressantes. Ce pr\u00eat compl\u00e8te d\u2019autres dispositifs d\u2019aide, en attendant un retour \u00e0 la normale."},"3":{"question":"\ud83e\udd1d O\u00f9 demander de l'aide financi\u00e8re ?","answer":"Vous pouvez demander des aides financi\u00e8res \u00e0 un certain nombre d'organismes, \u00e0 commencer par votre CAF ou MSA qui accordent la grande majorit\u00e9 de ces aides. Vous pouvez \u00e9galement solliciter votre CPAM, entreprise, des banques ou organismes de cr\u00e9dit selon votre besoin."},"4":{"question":"\ud83c\udfc6 Quel est l'avantage d'\u00eatre en affection longue dur\u00e9e ?","answer":"Les personnes souffrant de maladies graves ou chroniques peuvent am\u00e9liorer la prise en charge de leurs frais de sant\u00e9 en \u00e9tant reconnues en ALD. Si certains redoutent d'\u00eatre p\u00e9nalis\u00e9s dans leur carri\u00e8re, l'int\u00e9r\u00eat de se d\u00e9clarer est important."},"5":{"question":"\ud83d\udcb0 Comment est-on pay\u00e9 en longue maladie ?","answer":"Un arr\u00eat de travail de plus de six mois est consid\u00e9r\u00e9 comme un arr\u00eat longue maladie. En tant que salari\u00e9, vous pouvez b\u00e9n\u00e9ficier de 360 indemnit\u00e9s journali\u00e8res sur une p\u00e9riode maximale de trois ans."},"6":{"question":"\u2753 Qui peut \u00eatre en longue maladie ?","answer":"Tous les salari\u00e9s, les travailleurs ind\u00e9pendants et les demandeurs d'emploi peuvent faire la demande de cong\u00e9 pour longue maladie si leur \u00e9tat de sant\u00e9 le n\u00e9cessite. Les prises en charge sont tr\u00e8s diverses pour les professions lib\u00e9rales."},"7":{"question":"\ud83e\uddd0 Quelles sont les maladies reconnues en longue maladie ?","answer":"Les maladies reconnues en longue maladie sont : l'aplasie m\u00e9dullaire et autres cytop\u00e9nies chroniques ; les art\u00e9riopathies chroniques avec manifestations isch\u00e9miques ; la bilharziose compliqu\u00e9e ; l'insuffisance cardiaque grave ; les cardiopathies valvulaires graves ; les troubles du rythme graves et les cardiopathies cong\u00e9nitales graves."},"8":{"question":"\ud83d\udd0e Quelle diff\u00e9rence entre longue maladie et invalidit\u00e9 ?","answer":"La longue maladie est attribu\u00e9e lorsque vous souffrez d'une maladie chronique n\u00e9cessitant un traitement co\u00fbteux de longue dur\u00e9e. L'invalidit\u00e9 est attribu\u00e9e lorsque votre capacit\u00e9 de travail est r\u00e9duite d'au moins 2\/3. "},"9":{"question":"","answer":""},"10":{"question":"","answer":""},"11":{"question":"","answer":""},"12":{"question":"","answer":""},"13":{"question":"","answer":""},"14":{"question":"","answer":""},"15":{"question":"","answer":""},"16":{"question":"","answer":""}}},"_links":{"self":[{"href":"https:\/\/www.mes-allocs.fr\/guides\/wp-json\/wp\/v2\/posts\/5982","targetHints":{"allow":["GET"]}}],"collection":[{"href":"https:\/\/www.mes-allocs.fr\/guides\/wp-json\/wp\/v2\/posts"}],"about":[{"href":"https:\/\/www.mes-allocs.fr\/guides\/wp-json\/wp\/v2\/types\/post"}],"author":[{"embeddable":true,"href":"https:\/\/www.mes-allocs.fr\/guides\/wp-json\/wp\/v2\/users\/7"}],"replies":[{"embeddable":true,"href":"https:\/\/www.mes-allocs.fr\/guides\/wp-json\/wp\/v2\/comments?post=5982"}],"version-history":[{"count":19,"href":"https:\/\/www.mes-allocs.fr\/guides\/wp-json\/wp\/v2\/posts\/5982\/revisions"}],"predecessor-version":[{"id":98573,"href":"https:\/\/www.mes-allocs.fr\/guides\/wp-json\/wp\/v2\/posts\/5982\/revisions\/98573"}],"wp:featuredmedia":[{"embeddable":true,"href":"https:\/\/www.mes-allocs.fr\/guides\/wp-json\/wp\/v2\/media\/7190"}],"wp:attachment":[{"href":"https:\/\/www.mes-allocs.fr\/guides\/wp-json\/wp\/v2\/media?parent=5982"}],"wp:term":[{"taxonomy":"category","embeddable":true,"href":"https:\/\/www.mes-allocs.fr\/guides\/wp-json\/wp\/v2\/categories?post=5982"},{"taxonomy":"post_tag","embeddable":true,"href":"https:\/\/www.mes-allocs.fr\/guides\/wp-json\/wp\/v2\/tags?post=5982"}],"curies":[{"name":"wp","href":"https:\/\/api.w.org\/{rel}","templated":true}]}}