{"id":59590,"date":"2022-12-09T19:56:15","date_gmt":"2022-12-09T17:56:15","guid":{"rendered":"https:\/\/www.mes-allocs.fr\/guides\/?p=59590"},"modified":"2026-04-03T15:18:33","modified_gmt":"2026-04-03T14:18:33","slug":"rsa-taxe-habitation","status":"publish","type":"post","link":"https:\/\/www.mes-allocs.fr\/guides\/rsa\/rsa-exoneration\/impots-locaux-rsa\/rsa-taxe-habitation\/","title":{"rendered":"RSA : ai-je droit \u00e0 un d\u00e9gr\u00e8vement de la taxe d&rsquo;habitation ?"},"content":{"rendered":"<p><img loading=\"lazy\" decoding=\"async\" class=\"aligncenter wp-image-59595\" title=\"rsa degrevement taxe habitation\" src=\"https:\/\/www.mes-allocs.fr\/guides\/wp-content\/uploads\/2022\/12\/image_2022-12-09_185534876.png\" alt=\"rsa degrevement taxe habitation\" width=\"1200\" height=\"238\" srcset=\"https:\/\/www.mes-allocs.fr\/guides\/wp-content\/uploads\/2022\/12\/image_2022-12-09_185534876.png 1024w, https:\/\/www.mes-allocs.fr\/guides\/wp-content\/uploads\/2022\/12\/image_2022-12-09_185534876-300x59.png 300w, https:\/\/www.mes-allocs.fr\/guides\/wp-content\/uploads\/2022\/12\/image_2022-12-09_185534876-768x152.png 768w, https:\/\/www.mes-allocs.fr\/guides\/wp-content\/uploads\/2022\/12\/image_2022-12-09_185534876-600x119.png 600w\" sizes=\"auto, (max-width: 1200px) 100vw, 1200px\" \/><\/p>\n<p style=\"text-align: justify;\">[Mis \u00e0 jour le 03\/04\/2026] Si vous n&rsquo;avez pas ou de faibles revenus, vous pouvez b\u00e9n\u00e9ficier du <a href=\"https:\/\/www.mes-allocs.fr\/guides\/rsa\">RSA<\/a>. Il s&rsquo;agit d&rsquo;une aide financi\u00e8re pour vous aider dans votre quotidien. Si vous b\u00e9n\u00e9ficiez du RSA, vous pouvez \u00eatre exon\u00e9r\u00e9 de la taxe d&rsquo;habitation. On vous en dit plus ici.<\/p>\n<div class='cta-block'><div class='text'>Simulez vos aides en 2 min.<\/div><a href='https:\/\/www.mes-allocs.fr\/ab-app?origin=guides\/wp-json\/wp\/v2\/posts\/59590' class='app-button fit'>Simulation gratuite<\/a><\/div>\n<h1 style=\"text-align: justify;\">RSA : un d\u00e9gr\u00e8vement de taxe d&rsquo;habitation possible ?<\/h1>\n<p style=\"text-align: justify;\">Le RSA est donc une aide financi\u00e8re. \u00c9tant donn\u00e9 que cette aide est relativement faible, vous pouvez \u00eatre exon\u00e9r\u00e9 de certaines taxes. Voici quelques explications.<\/p>\n<h2 style=\"text-align: justify;\"><span id=\"La_taxe_dhabitation\">D\u00e9gr\u00e8vement de la taxe d&rsquo;habitation<\/span><\/h2>\n<p style=\"text-align: justify;\">La taxe d\u2019habitation est un imp\u00f4t local vers\u00e9 par les particuliers \u00e0 l\u2019\u00e9tat. Le montant de cette taxe d\u00e9pend des caract\u00e9ristiques de votre logement, de sa localisation et de votre situation personnelle. L\u2019obligation de la payer est effective si vous \u00eates propri\u00e9taire, locataire ou occupant \u00e0 titre gratuit de votre habitation principale. Si vous disposez aussi d\u2019une r\u00e9sidence secondaire, vous devez aussi payer cette taxe.<\/p>\n<p style=\"text-align: justify;\">Dans certains cas, il est possible de b\u00e9n\u00e9ficier d\u2019un d\u00e9gr\u00e8vement. Vous \u00eates exon\u00e9r\u00e9 de cette taxe si votre revenu fiscal de r\u00e9f\u00e9rence n\u2019exc\u00e8de pas un certain seuil. Si tel est le cas, vous pouvez b\u00e9n\u00e9ficier d&rsquo;un d\u00e9gr\u00e8vement total de la taxe d\u2019habitation. Votre revenu fiscal de r\u00e9f\u00e9rence (RFR) se trouve sur votre avis d\u2019imposition.<\/p>\n<p style=\"text-align: justify;\">La <a href=\"https:\/\/www.mes-allocs.fr\/guides\/rsa\/demande-de-rsa\">demande<\/a> de d\u00e9gr\u00e8vement de la taxe d&rsquo;habitation doit \u00eatre \u00e9tablie aupr\u00e8s du centre des finances publiques rattach\u00e9 \u00e0 la localisation du logement. Certaines pi\u00e8ces justificatives peuvent \u00eatre exig\u00e9es pour pouvoir r\u00e9aliser cette demande.<\/p>\n<h2 style=\"text-align: justify;\"><span id=\"La_taxe_dhabitation\">D\u00e9gr\u00e8vement de<\/span>s autres taxes<\/h2>\n<h3 style=\"text-align: justify;\"><span id=\"Impot_sur_le_revenu\">L&rsquo;imp\u00f4t sur le revenu<\/span><\/h3>\n<p class=\"fig-paragraph\" style=\"text-align: justify;\">En 2017, la France comptait pr\u00e8s 38 millions de foyers, dont 16,4 millions de foyers sont imposables et 21,5 millions qui ne le sont pas. Le taux de foyers impos\u00e9s dans l\u2019Hexagone \u00e9tait donc de 43,1\u2009% en 2017. Via ces chiffres, on voit donc que plus de la moiti\u00e9 des foyers en France ne sont pas imposables.<\/p>\n<p class=\"fig-paragraph\" style=\"text-align: justify;\">Dans cette cat\u00e9gorie, on retrouve les b\u00e9n\u00e9ficiaires du RSA. En effet, si vous b\u00e9n\u00e9ficiez du RSA, vous \u00eates exon\u00e9r\u00e9 d\u2019imp\u00f4t sur le revenu.<\/p>\n<h3 style=\"text-align: justify;\"><span id=\"La_redevance_audiovisuelle\">La redevance audiovisuelle<\/span><\/h3>\n<p style=\"text-align: justify;\">La redevance audiovisuelle est une taxe qui est pr\u00e9lev\u00e9e aupr\u00e8s des auditeurs et des\u00a0t\u00e9l\u00e9spectateurs. Le but de cette redevance TV est de financer partiellement ou principalement les diff\u00e9rentes antennes publiques de diffusion radio et de t\u00e9l\u00e9vision. Cette taxe existe dans de nombreux pays europ\u00e9en dont la France.<\/p>\n<p style=\"text-align: justify;\">Les b\u00e9n\u00e9ficiaires du RSA ne sont pas automatiquement exon\u00e9r\u00e9s de la contribution \u00e0 l\u2019audiovisuel public. Ils ne le sont que s\u2019ils sont exon\u00e9r\u00e9s de taxe d\u2019habitation. Pour \u00eatre exon\u00e9r\u00e9 de taxe d\u2019habitation, il leur faut ne disposer d\u2019aucune ressource imposable, en dehors du RSA non imposable. Le d\u00e9gr\u00e8vement de la taxe d\u2019habitation se fait selon les diff\u00e9rents plafonds de la CAF.<\/p>\n<h3 style=\"text-align: justify;\"><span id=\"La_taxe_fonciere\">La taxe d&rsquo;habitation<\/span><\/h3>\n<p style=\"text-align: justify;\">Concernant la taxe d&rsquo;habitation sur les propri\u00e9t\u00e9s b\u00e2ties, un dispositif de plafonnement de la taxe permet aux titulaires du RSA de b\u00e9n\u00e9ficier, pour leur r\u00e9sidence principale et sur r\u00e9clamation et sous certaines conditions de revenus, d\u2019un d\u00e9gr\u00e8vement de la fraction de leur cotisation de taxe d&rsquo;habitation sup\u00e9rieure \u00e0 50 % de leurs revenus annuels.<\/p>\n<h2 style=\"text-align: justify;\">RSA et fiscalit\u00e9<\/h2>\n<p class=\"amp-wp-7d27179 amp-wp-7d27179\" style=\"text-align: justify;\" data-amp-original-style=\"text-align: justify;\">En parall\u00e8le du d\u00e9gr\u00e8vement, il est important de connaitre quelque points de fiscalit\u00e9 pour le RSA. En effet, il peut arriver que vous soyez face \u00e0 une saisie de revenus. \u00c9tant donn\u00e9 que le RSA est une faille source de revenu, s&rsquo;il venait \u00e0 \u00eatre saisi, vous vous retrouveriez en grande difficult\u00e9.<\/p>\n<p class=\"amp-wp-7d27179 amp-wp-7d27179\" style=\"text-align: justify;\" data-amp-original-style=\"text-align: justify;\">Pour prot\u00e9ger les particuliers, en th\u00e9orie, la saisie du Revenu de Solidarit\u00e9 Active (RSA) est impossible. En effet, dans un premier temps, lorsqu\u2019il y a une dette, les prestations vers\u00e9es ne peuvent \u00eatre saisies. Ces aides peuvent seulement \u00eatre saisis dans ces circonstances :<\/p>\n<ul class=\"amp-wp-7d27179 amp-wp-7d27179\" style=\"text-align: justify;\" data-amp-original-style=\"text-align: justify;\">\n<li>Des impay\u00e9s li\u00e9s \u00e0 l\u2019alimentation ou l\u2019entretien comme des frais de cantine ou \u00e0 des frais d\u2019hospitalisation d\u2019un enfant par exemple (voir ci-dessous),<\/li>\n<li>Le recouvrement de prestations familiales vers\u00e9es de fa\u00e7on illicite.<\/li>\n<\/ul>\n<p class=\"amp-wp-7d27179 amp-wp-7d27179\" style=\"text-align: justify;\" data-amp-original-style=\"text-align: justify;\">Deuxi\u00e8mement, m\u00eame s\u2019il y a retenue de montant du solde bancaire sur votre compte, la loi pr\u00e9voit de laisser au minimum 646,52 euros sur le compte. Cette somme correspond au RSA pour une personne seule. De fait, votre RSA est insaisissable en th\u00e9orie.<\/p>\n<div class=\"cta-block amp-wp-7d27179\" style=\"text-align: justify;\" data-amp-original-style=\"text-align: justify;\">Au-del\u00e0 du RSA, voici ce que l\u2019huissier ne peut saisir en terme financier :<\/div>\n<div style=\"text-align: justify;\">\n<ul class=\"list-1 amp-wp-7d27179\" data-amp-original-style=\"text-align: justify;\">\n<li class=\"amp-wp-7d27179\" data-amp-original-style=\"text-align: justify;\">Vos contrats de retraite compl\u00e9mentaire et d\u2019assurance-vie<\/li>\n<li class=\"amp-wp-7d27179\" data-amp-original-style=\"text-align: justify;\">Vos allocations familiales avec certaines exceptions<\/li>\n<li class=\"amp-wp-7d27179\" data-amp-original-style=\"text-align: justify;\">Vos pensions alimentaires<\/li>\n<li class=\"amp-wp-7d27179\" data-amp-original-style=\"text-align: justify;\">Votre RSA pour une personne seule<\/li>\n<li class=\"amp-wp-7d27179\" data-amp-original-style=\"text-align: justify;\">Votre prime d\u2019activit\u00e9<\/li>\n<li class=\"amp-wp-7d27179\" data-amp-original-style=\"text-align: justify;\">Votre allocation aux adultes handicap\u00e9s (l\u2019AAH) et votre majoration pour la vie autonome (MVA)<\/li>\n<\/ul>\n<\/div>\n<h1 class=\"amp-wp-7d27179 amp-wp-7d27179\" style=\"text-align: justify;\" data-amp-original-style=\"text-align: justify;\"><span id=\"Le_RSA_definition_et_conditions_dacces\">Le RSA : d\u00e9finition et conditions d\u2019acc\u00e8s<\/span><\/h1>\n<h2 class=\"amp-wp-7d27179 amp-wp-7d27179\" style=\"text-align: justify;\" data-amp-original-style=\"text-align: justify;\"><span id=\"Definition\">D\u00e9finition<\/span><\/h2>\n<p class=\"amp-wp-7d27179 amp-wp-7d27179\" style=\"text-align: justify;\" data-amp-original-style=\"text-align: justify;\">Le Revenu de Solidarit\u00e9 Active (RSA) est une prestation de nature financi\u00e8re qui est vers\u00e9e par la Caisse d\u2019Allocations Familiales. Elle permet aux personnes ayant un faible revenu ou n\u2019ayant pas de revenu de b\u00e9n\u00e9ficier d\u2019un compl\u00e9ment qui lui garantira un revenu minimal pour vivre.<\/p>\n<p class=\"amp-wp-7d27179 amp-wp-7d27179\" style=\"text-align: justify;\" data-amp-original-style=\"text-align: justify;\">Au niveau de la gestion, c\u2019est le conseil d\u00e9partemental de votre d\u00e9partement qui s\u2019en charge. Le RSA est vers\u00e9 par la CAF ou la Mutualit\u00e9 Sociale Agricole (MSA). En contrepartie de cette somme vers\u00e9e aux allocataires, ils ont une obligation de chercher une activit\u00e9 professionnelle.<\/p>\n<p class=\"amp-wp-7d27179 amp-wp-7d27179\" style=\"text-align: justify;\" data-amp-original-style=\"text-align: justify;\">Cette activit\u00e9 professionnelle peut correspondre \u00e0 la recherche d\u2019un emploi, \u00e0 une formation ou un stage. Le RSA, dans le cadre des politiques sociales en France s\u2019inscrit dans les aides solidaires.<\/p>\n<p class=\"amp-wp-7d27179 amp-wp-7d27179\" style=\"text-align: justify;\" data-amp-original-style=\"text-align: justify;\">La prime d&rsquo;activit\u00e9 remplace\u00a0le RSA activit\u00e9 et la prime pour l\u2019emploi depuis janvier 2016. Ce qu\u2019il reste du RSA, c\u2019est le \u201cRSA socle\u201d qui \u00e9tait la deuxi\u00e8me composante du RSA jusqu\u2019en 2016.\u00a0<sup id=\"cite_ref-4\" class=\"reference\"><\/sup><\/p>\n<h2 class=\"amp-wp-7d27179 amp-wp-7d27179\" style=\"text-align: justify;\" data-amp-original-style=\"text-align: justify;\"><span id=\"Conditions_dattribution\">Conditions d\u2019attribution<\/span><\/h2>\n<p class=\"amp-wp-7d27179 amp-wp-7d27179\" style=\"text-align: justify;\" data-amp-original-style=\"text-align: justify;\">Comme pour toutes les aides sociales de la CAF, elles sont attribu\u00e9es selon certaines conditions. Premi\u00e8rement, les b\u00e9n\u00e9ficiaires du RSA doivent \u00eatre \u00e2g\u00e9s de plus de 25 ans. Une d\u00e9rogation est faite si vous \u00eates enceintes ou que vous avez un enfant \u00e0 charge.<\/p>\n<p class=\"amp-wp-7d27179 amp-wp-7d27179\" style=\"text-align: justify;\" data-amp-original-style=\"text-align: justify;\">Si vous avez entre 18 et 25 ans, vous pouvez aussi en b\u00e9n\u00e9ficier. Seulement, il faut que sur les trois derni\u00e8res ann\u00e9es, vous ayez exerc\u00e9 une activit\u00e9 \u00e0 plein temps sur deux ans minimums. Cette sp\u00e9cificit\u00e9 est nomm\u00e9e le RSA Jeune.<\/p>\n<p class=\"amp-wp-7d27179 amp-wp-7d27179\" style=\"text-align: justify;\" data-amp-original-style=\"text-align: justify;\">Au-del\u00e0 de ces sp\u00e9cialit\u00e9s, voici les conditions d\u2019attribution :<\/p>\n<ul class=\"amp-wp-7d27179 amp-wp-7d27179\" style=\"text-align: justify;\" data-amp-original-style=\"text-align: justify;\">\n<li class=\"amp-wp-7d27179\" data-amp-original-style=\"text-align: justify;\"><span class=\"amp-wp-fe3f5cc\" data-amp-original-style=\"font-weight: 400;\">Vous habitez en France de fa\u00e7on stable, plus de 6 mois par an<\/span><\/li>\n<li class=\"amp-wp-7d27179\" data-amp-original-style=\"text-align: justify;\"><span class=\"amp-wp-fe3f5cc\" data-amp-original-style=\"font-weight: 400;\">Vous \u00eates fran\u00e7ais, citoyen de l\u2019Espace \u00c9conomique Europ\u00e9en (EEE), suisse tout en vous justifiant d\u2019un droit de s\u00e9jour, ou enfin, vous \u00eates ressortissant d\u2019un autre pays et vous r\u00e9sidez en France depuis 5 ans\u00a0<\/span><\/li>\n<li class=\"amp-wp-7d27179\" data-amp-original-style=\"text-align: justify;\"><span class=\"amp-wp-fe3f5cc\" data-amp-original-style=\"font-weight: 400;\">Les ressources mensuelles moyennes de votre foyer pendant les 3 mois qui pr\u00e9c\u00e8dent votre demande ne doivent pas d\u00e9passer un certain seuil (voir le montant plus bas).\u00a0<\/span><\/li>\n<li class=\"amp-wp-7d27179\" data-amp-original-style=\"text-align: justify;\"><span class=\"amp-wp-fe3f5cc\" data-amp-original-style=\"font-weight: 400;\">Vous devez avoir fait valoir vos droits concernant toute autre prestation sociale (comme l\u2019allocation ch\u00f4mage, la retraite) \u00e0 laquelle vous pouvez pr\u00e9tendre. Autrement dit, vous ne pouvez percevoir le RSA que si vous n\u2019avez pas ou plus le droit \u00e0 une autre aide, par exemple \u00e0 la fin de votre p\u00e9riode d\u2019indemnisation de ch\u00f4mage.<\/span><\/li>\n<\/ul>\n<p><strong>\u00c0 noter : <\/strong>depuis janvier 2025, chaque personne percevant le RSA est automatiquement inscrite \u00e0 France Travail et doit signer un contrat d&rsquo;engagement comportant un plan d&rsquo;actions pr\u00e9cisant ses objectifs d&rsquo;insertion sociale et professionnelle. De plus, il est d\u00e9sormais requis d&rsquo;effectuer entre <strong>15 et 20 heures d&rsquo;activit\u00e9s par semaine<\/strong>\u00a0pour continuer \u00e0 percevoir l&rsquo;allocation.<\/p>\n<p>&nbsp;<\/p>\n<p style=\"text-align: center;\"><iframe loading=\"lazy\" src=\"\/\/www.youtube.com\/embed\/2aMlunSI1-U?t=32s\" width=\"560\" height=\"314\" allowfullscreen=\"allowfullscreen\" data-mce-fragment=\"1\"><\/iframe><\/p>\n<p>&nbsp;<\/p>\n<h2 class=\"amp-wp-7d27179 amp-wp-7d27179\" style=\"text-align: justify;\" data-amp-original-style=\"text-align: justify;\"><span id=\"Montant_du_RSA\">Montant du RSA<\/span><\/h2>\n<p><span class=\"amp-wp-fe3f5cc\" style=\"text-align: justify;\" data-amp-original-style=\"font-weight: 400;\"><a href=\"https:\/\/www.mes-allocs.fr\/guides\/rsa\/montant-rsa\">Le montant du RSA<\/a> est variable d\u2019une personne \u00e0 une autre. Il est calcul\u00e9 selon vos ressources. Dans les faits, le RSA est en r\u00e9alit\u00e9\u00a0<\/span><span style=\"text-align: justify;\">la diff\u00e9rence entre le montant maximum du RSA et vos revenus moyens des 3 derniers mois pr\u00e9c\u00e9dant votre demande<\/span><span class=\"amp-wp-fe3f5cc\" style=\"text-align: justify;\" data-amp-original-style=\"font-weight: 400;\">, incluant les prestations familiales. Attention, certaines prestations familiales ne sont pas prises en compte dans le calcul.<\/span><\/p>\n<p class=\"amp-wp-7d27179 amp-wp-7d27179 amp-wp-7d27179\" style=\"text-align: justify;\" data-amp-original-style=\"text-align: justify;\"><span class=\"amp-wp-fe3f5cc\" data-amp-original-style=\"font-weight: 400;\">L\u2019aide ne sera pas per\u00e7ue si elle se r\u00e9v\u00e8le \u00eatre inf\u00e9rieure \u00e0 6\u00ad \u20ac par mois. Dans le d\u00e9tail, voici le montant du RSA en moyenne et selon les situations. Ces montants sont appliqu\u00e9s <strong>jusqu&rsquo;au 31 mars 2027<\/strong> et seront revaloris\u00e9s le 1er avril 2027.<\/span><\/p>\n<p style=\"text-align: justify;\">Vous \u00eates une personne seule, voici les montants de votre RSA:<\/p>\n<p style=\"text-align: justify;\">\n<div class=\"wpdt-c row wpDataTableContainerSimpleTable wpDataTables wpDataTablesWrapper\n\"\n    >\n    <table id=\"wpdtSimpleTable-3\"\n           class=\"wpdtSimpleTable wpDataTable\"\n           data-column=\"2\"\n           data-rows=\"5\"\n           data-wpID=\"3\"\n           data-responsive=\"0\"\n           data-has-header=\"1\">\n\n                    <thead>        <tr class=\"wpdt-cell-row \" >\n                            <th class=\"wpdt-cell wpdt-bc-F3F9FE wpdt-bold\"\n                                    data-cell-id=\"A1\"\n                data-col-index=\"0\"\n                data-row-index=\"0\"\n                style=\" width:48.571428571429%;                padding:10px;\"\n                >\n                                Situation familiale                <\/th>\n                                            <th class=\"wpdt-cell wpdt-bc-F3F9FE wpdt-bold\"\n                                    data-cell-id=\"B1\"\n                data-col-index=\"1\"\n                data-row-index=\"0\"\n                style=\" width:51.428571428571%;                padding:10px;\"\n                >\n                                Montant pour une personne seule avant d\u00e9duction du forfait logement                <\/th>\n                                        <\/tr>\n                    <tbody>        <tr class=\"wpdt-cell-row \" >\n                            <td class=\"wpdt-cell \"\n                                    data-cell-id=\"A2\"\n                data-col-index=\"0\"\n                data-row-index=\"1\"\n                style=\"                padding:10px;\"\n                >\n                                Personne seule sans enfant                <\/td>\n                                            <td class=\"wpdt-cell \"\n                                    data-cell-id=\"B2\"\n                data-col-index=\"1\"\n                data-row-index=\"1\"\n                style=\"                padding:10px;\"\n                >\n                                651,69 \u20ac                <\/td>\n                                        <\/tr>\n                            <tr class=\"wpdt-cell-row \" >\n                            <td class=\"wpdt-cell \"\n                                    data-cell-id=\"A3\"\n                data-col-index=\"0\"\n                data-row-index=\"2\"\n                style=\"                padding:10px;\"\n                >\n                                Personne seule avec 1 enfant                <\/td>\n                                            <td class=\"wpdt-cell \"\n                                    data-cell-id=\"B3\"\n                data-col-index=\"1\"\n                data-row-index=\"2\"\n                style=\"                padding:10px;\"\n                >\n                                977,54 \u20ac                <\/td>\n                                        <\/tr>\n                            <tr class=\"wpdt-cell-row \" >\n                            <td class=\"wpdt-cell \"\n                                    data-cell-id=\"A4\"\n                data-col-index=\"0\"\n                data-row-index=\"3\"\n                style=\"                padding:10px;\"\n                >\n                                Personne seule avec 2 enfants                <\/td>\n                                            <td class=\"wpdt-cell \"\n                                    data-cell-id=\"B4\"\n                data-col-index=\"1\"\n                data-row-index=\"3\"\n                style=\"                padding:10px;\"\n                >\n                                1 173,05 \u20ac                <\/td>\n                                        <\/tr>\n                            <tr class=\"wpdt-cell-row \" >\n                            <td class=\"wpdt-cell \"\n                                    data-cell-id=\"A5\"\n                data-col-index=\"0\"\n                data-row-index=\"4\"\n                style=\"                padding:10px;\"\n                >\n                                Par enfant suppl\u00e9mentaire                <\/td>\n                                            <td class=\"wpdt-cell \"\n                                    data-cell-id=\"B5\"\n                data-col-index=\"1\"\n                data-row-index=\"4\"\n                style=\"                padding:10px;\"\n                >\n                                + 260,68 \u20ac                <\/td>\n                                        <\/tr>\n                    <\/table>\n<\/div><style id='wpdt-custom-style-3'>\ntable#wpdtSimpleTable-3{ table-layout: fixed !important; }\n.wpdt-bc-F3F9FE { background-color: #F3F9FE !important;}\n<\/style>\n<\/p>\n<p style=\"text-align: justify;\">Voici le montant du RSA pour les personnes en couple<\/p>\n<p style=\"text-align: justify;\">\n<div class=\"wpdt-c row wpDataTableContainerSimpleTable wpDataTables wpDataTablesWrapper\n\"\n    >\n    <table id=\"wpdtSimpleTable-4\"\n           class=\"wpdtSimpleTable wpDataTable\"\n           data-column=\"2\"\n           data-rows=\"5\"\n           data-wpID=\"4\"\n           data-responsive=\"0\"\n           data-has-header=\"1\">\n\n                    <thead>        <tr class=\"wpdt-cell-row \" >\n                            <th class=\"wpdt-cell wpdt-bc-F3F9FE wpdt-bold\"\n                                    data-cell-id=\"A1\"\n                data-col-index=\"0\"\n                data-row-index=\"0\"\n                style=\" width:48.571428571429%;                padding:10px;\"\n                >\n                                Situation familiale                <\/th>\n                                            <th class=\"wpdt-cell wpdt-bc-F3F9FE wpdt-bold\"\n                                    data-cell-id=\"B1\"\n                data-col-index=\"1\"\n                data-row-index=\"0\"\n                style=\" width:51.428571428571%;                padding:10px;\"\n                >\n                                Montant pour un couple avant d\u00e9duction du forfait logement                <\/th>\n                                        <\/tr>\n                    <tbody>        <tr class=\"wpdt-cell-row \" >\n                            <td class=\"wpdt-cell \"\n                                    data-cell-id=\"A2\"\n                data-col-index=\"0\"\n                data-row-index=\"1\"\n                style=\"                padding:10px;\"\n                >\n                                Couple sans enfant                <\/td>\n                                            <td class=\"wpdt-cell \"\n                                    data-cell-id=\"B2\"\n                data-col-index=\"1\"\n                data-row-index=\"1\"\n                style=\"                padding:10px;\"\n                >\n                                977,54 \u20ac                <\/td>\n                                        <\/tr>\n                            <tr class=\"wpdt-cell-row \" >\n                            <td class=\"wpdt-cell \"\n                                    data-cell-id=\"A3\"\n                data-col-index=\"0\"\n                data-row-index=\"2\"\n                style=\"                padding:10px;\"\n                >\n                                Couple avec 1 enfant                <\/td>\n                                            <td class=\"wpdt-cell \"\n                                    data-cell-id=\"B3\"\n                data-col-index=\"1\"\n                data-row-index=\"2\"\n                style=\"                padding:10px;\"\n                >\n                                1 173,05 \u20ac                <\/td>\n                                        <\/tr>\n                            <tr class=\"wpdt-cell-row \" >\n                            <td class=\"wpdt-cell \"\n                                    data-cell-id=\"A4\"\n                data-col-index=\"0\"\n                data-row-index=\"3\"\n                style=\"                padding:10px;\"\n                >\n                                Couple avec 2 enfants                <\/td>\n                                            <td class=\"wpdt-cell \"\n                                    data-cell-id=\"B4\"\n                data-col-index=\"1\"\n                data-row-index=\"3\"\n                style=\"                padding:10px;\"\n                >\n                                1 368,56 \u20ac                <\/td>\n                                        <\/tr>\n                            <tr class=\"wpdt-cell-row \" >\n                            <td class=\"wpdt-cell \"\n                                    data-cell-id=\"A5\"\n                data-col-index=\"0\"\n                data-row-index=\"4\"\n                style=\"                padding:10px;\"\n                >\n                                Par enfant suppl\u00e9mentaire                <\/td>\n                                            <td class=\"wpdt-cell \"\n                                    data-cell-id=\"B5\"\n                data-col-index=\"1\"\n                data-row-index=\"4\"\n                style=\"                padding:10px;\"\n                >\n                                + 260,68 \u20ac                <\/td>\n                                        <\/tr>\n                    <\/table>\n<\/div><style id='wpdt-custom-style-4'>\ntable#wpdtSimpleTable-4{ table-layout: fixed !important; }\ntable#wpdtSimpleTable-4 td, table.wpdtSimpleTable4 th { white-space: normal !important; }\n.wpdt-bc-F3F9FE { background-color: #F3F9FE !important;}\n<\/style>\n<\/p>\n<p>Depuis <strong data-start=\"7\" data-end=\"26\">mars 2025<\/strong>, la <strong data-start=\"277\" data-end=\"321\">d\u00e9claration trimestrielle est simplifi\u00e9e<\/strong> gr\u00e2ce \u00e0 un <strong data-start=\"333\" data-end=\"358\">formulaire pr\u00e9-rempli<\/strong>, int\u00e9grant automatiquement certains revenus avec la possibilit\u00e9 de corrections. Par ailleurs, les <strong data-start=\"457\" data-end=\"495\">p\u00e9riodes de d\u00e9claration ont chang\u00e9<\/strong>: depuis mars, il faut d\u00e9clarer les revenus de <strong data-start=\"543\" data-end=\"576\">novembre, d\u00e9cembre et janvier<\/strong>, au lieu de <strong data-start=\"589\" data-end=\"621\">d\u00e9cembre, janvier et f\u00e9vrier <\/strong>auparavant. Cette modification vise \u00e0 <strong data-start=\"660\" data-end=\"723\">r\u00e9duire les erreurs et acc\u00e9l\u00e9rer le traitement des dossiers <\/strong>pour un versement plus fluide.<\/p>\n<div style=\"text-align: justify;\">\n<div class='cta-block'><div class='text'>Simulez vos aides en 2 min.<\/div><a href='https:\/\/www.mes-allocs.fr\/ab-app?origin=guides\/wp-json\/wp\/v2\/posts\/59590' class='app-button fit'>Simulation gratuite<\/a><\/div>\n<\/div>\n","protected":false},"excerpt":{"rendered":"<p>[Mis \u00e0 jour le 03\/04\/2026] Si vous n&rsquo;avez pas ou de faibles revenus, vous pouvez b\u00e9n\u00e9ficier du RSA. Il s&rsquo;agit d&rsquo;une aide financi\u00e8re pour vous aider dans votre quotidien. Si vous b\u00e9n\u00e9ficiez du RSA, vous pouvez \u00eatre exon\u00e9r\u00e9 de la taxe d&rsquo;habitation. On vous en dit plus ici. RSA : un d\u00e9gr\u00e8vement de taxe d&rsquo;habitation [&hellip;]<\/p>\n","protected":false},"author":20,"featured_media":59595,"comment_status":"closed","ping_status":"open","sticky":false,"template":"","format":"standard","meta":{"amp_status":"","footnotes":""},"categories":[38129,14,16136],"tags":[],"class_list":["post-59590","post","type-post","status-publish","format-standard","has-post-thumbnail","hentry","category-impots-locaux-rsa","category-rsa","category-rsa-exoneration"],"yoast_head":"<!-- This site is optimized with the Yoast SEO plugin v14.9 - https:\/\/yoast.com\/wordpress\/plugins\/seo\/ -->\n<title>RSA : ai-je droit \u00e0 un d\u00e9gr\u00e8vement de la taxe d&#039;habitation ?<\/title>\n<meta name=\"description\" content=\"Si vous b\u00e9n\u00e9ficiez du RSA, vous pouvez \u00eatre exon\u00e9r\u00e9 de la taxe d&#039;habitation. Mes Allocs vous explique les crit\u00e8res \u00e0 remplir en 2026.\" \/>\n<meta name=\"robots\" content=\"index, follow, max-snippet:-1, max-image-preview:large, max-video-preview:-1\" \/>\n<link rel=\"canonical\" href=\"https:\/\/www.mes-allocs.fr\/guides\/rsa\/rsa-exoneration\/impots-locaux-rsa\/rsa-taxe-habitation\/\" \/>\n<meta property=\"og:locale\" content=\"fr_FR\" \/>\n<meta property=\"og:type\" content=\"article\" \/>\n<meta property=\"og:title\" content=\"RSA : ai-je droit \u00e0 un d\u00e9gr\u00e8vement de la taxe d&#039;habitation ?\" \/>\n<meta property=\"og:description\" content=\"Si vous b\u00e9n\u00e9ficiez du RSA, vous pouvez \u00eatre exon\u00e9r\u00e9 de la taxe d&#039;habitation. Mes Allocs vous explique les crit\u00e8res \u00e0 remplir en 2026.\" \/>\n<meta property=\"og:url\" content=\"https:\/\/www.mes-allocs.fr\/guides\/rsa\/rsa-exoneration\/impots-locaux-rsa\/rsa-taxe-habitation\/\" \/>\n<meta property=\"og:site_name\" content=\"Mes-Allocs.fr\" \/>\n<meta property=\"article:published_time\" content=\"2022-12-09T17:56:15+00:00\" \/>\n<meta property=\"article:modified_time\" content=\"2026-04-03T14:18:33+00:00\" \/>\n<meta property=\"og:image\" content=\"https:\/\/www.mes-allocs.fr\/guides\/wp-content\/uploads\/2022\/12\/image_2022-12-09_185534876.png?wsr\" \/>\n\t<meta property=\"og:image:width\" content=\"1024\" \/>\n\t<meta property=\"og:image:height\" content=\"203\" \/>\n<meta name=\"twitter:card\" content=\"summary_large_image\" \/>\n<script type=\"application\/ld+json\" class=\"yoast-schema-graph\">{\"@context\":\"https:\/\/schema.org\",\"@graph\":[{\"@type\":\"WebSite\",\"@id\":\"https:\/\/www.mes-allocs.fr\/guides\/#website\",\"url\":\"https:\/\/www.mes-allocs.fr\/guides\/\",\"name\":\"Mes-Allocs.fr\",\"description\":\"\",\"potentialAction\":[{\"@type\":\"SearchAction\",\"target\":\"https:\/\/www.mes-allocs.fr\/guides\/?s={search_term_string}\",\"query-input\":\"required name=search_term_string\"}],\"inLanguage\":\"fr-FR\"},{\"@type\":\"ImageObject\",\"@id\":\"https:\/\/www.mes-allocs.fr\/guides\/rsa\/rsa-exoneration\/impots-locaux-rsa\/rsa-taxe-habitation\/#primaryimage\",\"inLanguage\":\"fr-FR\",\"url\":\"https:\/\/www.mes-allocs.fr\/guides\/wp-content\/uploads\/2022\/12\/image_2022-12-09_185534876.png?wsr\",\"width\":1024,\"height\":203,\"caption\":\"rsa degrevement taxe habitation\"},{\"@type\":\"WebPage\",\"@id\":\"https:\/\/www.mes-allocs.fr\/guides\/rsa\/rsa-exoneration\/impots-locaux-rsa\/rsa-taxe-habitation\/#webpage\",\"url\":\"https:\/\/www.mes-allocs.fr\/guides\/rsa\/rsa-exoneration\/impots-locaux-rsa\/rsa-taxe-habitation\/\",\"name\":\"RSA : ai-je droit \\u00e0 un d\\u00e9gr\\u00e8vement de la taxe d'habitation ?\",\"isPartOf\":{\"@id\":\"https:\/\/www.mes-allocs.fr\/guides\/#website\"},\"primaryImageOfPage\":{\"@id\":\"https:\/\/www.mes-allocs.fr\/guides\/rsa\/rsa-exoneration\/impots-locaux-rsa\/rsa-taxe-habitation\/#primaryimage\"},\"datePublished\":\"2022-12-09T17:56:15+00:00\",\"dateModified\":\"2026-04-03T14:18:33+00:00\",\"author\":{\"@id\":\"https:\/\/www.mes-allocs.fr\/guides\/#\/schema\/person\/eca732c2727a3765a4c66d5449689eae\"},\"description\":\"Si vous b\\u00e9n\\u00e9ficiez du RSA, vous pouvez \\u00eatre exon\\u00e9r\\u00e9 de la taxe d'habitation. Mes Allocs vous explique les crit\\u00e8res \\u00e0 remplir en 2026.\",\"inLanguage\":\"fr-FR\"},{\"@type\":\"Person\",\"@id\":\"https:\/\/www.mes-allocs.fr\/guides\/#\/schema\/person\/eca732c2727a3765a4c66d5449689eae\",\"name\":\"Sandrine Tonton\",\"image\":{\"@type\":\"ImageObject\",\"@id\":\"https:\/\/www.mes-allocs.fr\/guides\/#personlogo\",\"inLanguage\":\"fr-FR\",\"url\":\"https:\/\/www.mes-allocs.fr\/guides\/wp-content\/uploads\/2022\/11\/IMG_20220508_002153_306-1-150x150.jpg\",\"caption\":\"Sandrine Tonton\"},\"description\":\"Sandrine est une r\\u00e9dactrice sp\\u00e9cialis\\u00e9e sur le th\\u00e8me du pouvoir d'achat. Elle rejoint l'\\u00e9quipe Mes Allocs en novembre 2022 afin de simplifier l'acc\\u00e8s \\u00e0 l'information sur les aides en g\\u00e9n\\u00e9ral.\",\"sameAs\":[\"https:\/\/www.linkedin.com\/in\/sandrine-tonton\/\"]}]}<\/script>\n<!-- \/ Yoast SEO plugin. -->","amp_validity":null,"acf":{"faq":{"1":{"question":"Comment b\u00e9n\u00e9ficier du RSA de la part de la CAF ?","answer":"Pour b\u00e9n\u00e9ficier de cette aide de la CAF, il faut au pr\u00e9alable remplir les conditions d'attribution. Puis, il faut se rapprocher de votre caisse d\u00e9partementale.\r\n"},"2":{"question":"Les exon\u00e9rations sont-elles cumulables ?","answer":"En r\u00e8gle g\u00e9n\u00e9rale, les exon\u00e9rations sont cumulables pour un b\u00e9n\u00e9ficiaire du RSA."},"3":{"question":"Le montant du RSA peut-il \u00e9voluer ?","answer":"Oui, le montant du RSA \u00e9volue en fonction de votre situation.\r\n<br> <a href=\u201chttps:\/\/www.mes-allocs.fr\/guides\/rsa\/montant-rsa\u201d>Lire la suite<\/a>"},"4":{"question":" Existe-t-il des plafonds concernant les exon\u00e9rations ?","answer":"Oui, pour la taxe d'habitation et la taxe fonci\u00e8re, il existe des plafonds \u00e0 ne pas d\u00e9passer."},"5":{"question":"La CAF est-elle en droit de me demander mon relev\u00e9 bancaire pour un contr\u00f4le ?","answer":"Oui, au niveau l\u00e9gal, la CAF est en droit de vous le demander."},"6":{"question":"Est-il possible d'\u00eatre exon\u00e9r\u00e9 d'imp\u00f4t sur le revenu ?","answer":"Oui, en tant que b\u00e9n\u00e9ficiaire du RSA, vous pouvez \u00eatre exon\u00e9r\u00e9 d'imp\u00f4t sur le revenu."},"7":{"question":"","answer":""},"8":{"question":"","answer":""},"9":{"question":"","answer":""},"10":{"question":"","answer":""},"11":{"question":"","answer":""},"12":{"question":"","answer":""},"13":{"question":"","answer":""},"14":{"question":"","answer":""},"15":{"question":"","answer":""},"16":{"question":"","answer":""}}},"_links":{"self":[{"href":"https:\/\/www.mes-allocs.fr\/guides\/wp-json\/wp\/v2\/posts\/59590","targetHints":{"allow":["GET"]}}],"collection":[{"href":"https:\/\/www.mes-allocs.fr\/guides\/wp-json\/wp\/v2\/posts"}],"about":[{"href":"https:\/\/www.mes-allocs.fr\/guides\/wp-json\/wp\/v2\/types\/post"}],"author":[{"embeddable":true,"href":"https:\/\/www.mes-allocs.fr\/guides\/wp-json\/wp\/v2\/users\/20"}],"replies":[{"embeddable":true,"href":"https:\/\/www.mes-allocs.fr\/guides\/wp-json\/wp\/v2\/comments?post=59590"}],"version-history":[{"count":16,"href":"https:\/\/www.mes-allocs.fr\/guides\/wp-json\/wp\/v2\/posts\/59590\/revisions"}],"predecessor-version":[{"id":111581,"href":"https:\/\/www.mes-allocs.fr\/guides\/wp-json\/wp\/v2\/posts\/59590\/revisions\/111581"}],"wp:featuredmedia":[{"embeddable":true,"href":"https:\/\/www.mes-allocs.fr\/guides\/wp-json\/wp\/v2\/media\/59595"}],"wp:attachment":[{"href":"https:\/\/www.mes-allocs.fr\/guides\/wp-json\/wp\/v2\/media?parent=59590"}],"wp:term":[{"taxonomy":"category","embeddable":true,"href":"https:\/\/www.mes-allocs.fr\/guides\/wp-json\/wp\/v2\/categories?post=59590"},{"taxonomy":"post_tag","embeddable":true,"href":"https:\/\/www.mes-allocs.fr\/guides\/wp-json\/wp\/v2\/tags?post=59590"}],"curies":[{"name":"wp","href":"https:\/\/api.w.org\/{rel}","templated":true}]}}