{"id":59316,"date":"2022-12-05T20:07:38","date_gmt":"2022-12-05T18:07:38","guid":{"rendered":"https:\/\/www.mes-allocs.fr\/guides\/?p=59316"},"modified":"2026-04-10T16:10:10","modified_gmt":"2026-04-10T15:10:10","slug":"offre-coupe-de-pouce-orange","status":"publish","type":"post","link":"https:\/\/www.mes-allocs.fr\/guides\/aides-sociales\/reduction-sociale-telephonique\/offre-coupe-de-pouce-orange\/","title":{"rendered":"Quelle est l&rsquo;offre Coup de Pouce Orange ?"},"content":{"rendered":"<p><strong><img loading=\"lazy\" decoding=\"async\" class=\"aligncenter wp-image-59319 size-full\" title=\"orange offre rsa\" src=\"https:\/\/www.mes-allocs.fr\/guides\/wp-content\/uploads\/2022\/12\/image_2022-12-05_185955872-e1681485971107.png\" alt=\"orange offre rsa\" width=\"1029\" height=\"97\" srcset=\"https:\/\/www.mes-allocs.fr\/guides\/wp-content\/uploads\/2022\/12\/image_2022-12-05_185955872-e1681485971107.png 1029w, https:\/\/www.mes-allocs.fr\/guides\/wp-content\/uploads\/2022\/12\/image_2022-12-05_185955872-e1681485971107-300x28.png 300w, https:\/\/www.mes-allocs.fr\/guides\/wp-content\/uploads\/2022\/12\/image_2022-12-05_185955872-e1681485971107-1024x97.png 1024w, https:\/\/www.mes-allocs.fr\/guides\/wp-content\/uploads\/2022\/12\/image_2022-12-05_185955872-e1681485971107-768x72.png 768w, https:\/\/www.mes-allocs.fr\/guides\/wp-content\/uploads\/2022\/12\/image_2022-12-05_185955872-e1681485971107-600x57.png 600w\" sizes=\"auto, (max-width: 1029px) 100vw, 1029px\" \/><\/strong><\/p>\n<p>[Mis \u00e0 jour le 10\/04\/2026] <b>Si vous b\u00e9n\u00e9ficiez des <a href=\"https:\/\/www.mes-allocs.fr\/guides\/aides-sociales\/\">aides sociales<\/a> de la CAF, de la MSA ou bien de l&rsquo;ASPA, vous \u00eates peut-\u00eatre \u00e9ligible \u00e0 l&rsquo;offre Coup de Pouce ! En effet, Orange a mis en place un forfait Internet-Tv-T\u00e9l\u00e9phone pour seulement 15,99\u20ac par mois. Mais pour l&rsquo;obtenir, il faut respecter certaines conditions. D\u00e9couvrez dans cet article l&rsquo;offre Coup de Pouce Orange et d&rsquo;autres aides t\u00e9l\u00e9phoniques.<\/b><\/p>\n<div class='cta-block'><div class='text'>Simulez toutes vos aides en 2 min. Gratuit.<\/div><a href='https:\/\/www.mes-allocs.fr\/ab-app?origin=guides\/wp-json\/wp\/v2\/posts\/59316' class='app-button fit'>Simulation gratuite<\/a><\/div>\n<h1><strong>Orange : offre Coup de Pouce Internet 2026<\/strong><\/h1>\n<h2>Quelle est l&rsquo;offre Coup de Pouce d&rsquo;Orange ?<\/h2>\n<p>Orange a lanc\u00e9 son offre Internet destin\u00e9e aux personnes b\u00e9n\u00e9ficiaires de l&rsquo;ASPA et \u00e0 celles qui ont des revenus modestes. Cette offre se concr\u00e9tise par un <strong>acc\u00e8s Internet-TV-T\u00e9l\u00e9phone fixe, sans engagement<\/strong>. Ainsi, l&rsquo;offre Coup de Pouce permet :<\/p>\n<ul>\n<li><strong>Un acc\u00e8s Internet<\/strong> en fibre ou ADSL (jusqu&rsquo;\u00e0 500 Mbit\/s en d\u00e9bit descendant et 500 Mbit\/s en d\u00e9bit montant)<\/li>\n<li><strong>Des appels illimit\u00e9s<\/strong> vers les t\u00e9l\u00e9phones fixes en France, DOM et dans 110 destinations<\/li>\n<li><strong>Jusqu&rsquo;\u00e0 140 cha\u00eenes TV<\/strong> avec le d\u00e9codeur Orange<\/li>\n<\/ul>\n<p>L&rsquo;offre Coup de Pouce est au prix fixe de <strong>15,99\u20ac par mois<\/strong>.<\/p>\n<h2>Quelles sont les conditions pour obtenir l&rsquo;offre Coup de Pouce ?<\/h2>\n<p>Pour \u00eatre \u00e9ligible \u00e0 l&rsquo;offre Coup de Pouce, vous devez vous trouver dans l&rsquo;une des situations suivantes :<\/p>\n<ul>\n<li><strong>Vous d\u00e9tenez un quotient familial CAF ou MSA inf\u00e9rieur ou \u00e9gal \u00e0 700\u20ac<\/strong><\/li>\n<li><strong>Vous \u00eates b\u00e9n\u00e9ficiaire de l&rsquo;ASPA<\/strong> (pour le prouver, vous devez fournir l&rsquo;attestation ASPA)<\/li>\n<\/ul>\n<p>Cette offre est renouvelable une fois par an. Si vous \u00eates \u00e9ligible \u00e0 cette offre, vous pouvez \u00e9galement b\u00e9n\u00e9ficier des \u00e9l\u00e9ments suivants :<\/p>\n<ul>\n<li><strong>Un accompagnement num\u00e9rique gratuit mis \u00e0 disposition par Orange<\/strong><\/li>\n<li><strong>Un ordinateur portable reconditionn\u00e9 \u00e0 169\u20ac<\/strong><\/li>\n<\/ul>\n<p style=\"text-align: center;\"><iframe loading=\"lazy\" src=\"\/\/www.youtube.com\/embed\/2aMlunSI1-U?t=32s\" width=\"560\" height=\"314\" allowfullscreen=\"allowfullscreen\" data-mce-fragment=\"1\"><\/iframe><\/p>\n<div class='cta-block'><div class='text'> Simulez vos aides sociales en 2 min. Gratuit.<\/div><a href='https:\/\/www.mes-allocs.fr\/ab-app?origin=guides\/wp-json\/wp\/v2\/posts\/59316' class='app-button fit'>Simulation gratuite<\/a><\/div>\n<h1>Le point sur l&rsquo;aide t\u00e9l\u00e9phonique<\/h1>\n<h2>Qu\u2019est-ce que l\u2019aide t\u00e9l\u00e9phonique ?<\/h2>\n<p>L\u2019aide t\u00e9l\u00e9phonique est une aide qui permet \u00e0 leurs b\u00e9n\u00e9ficiaires d\u2019avoir une prise en charge de leurs factures t\u00e9l\u00e9phoniques. Cette aide est r\u00e9serv\u00e9e aux b\u00e9n\u00e9ficiaires des minima sociaux : le RSA, l\u2019AAH et l\u2019ASS.<\/p>\n<p>Cette aide existe depuis 1999 avec le d\u00e9cret d\u2019application n\u00b0 99-162 du 8 mars. Elle existe sous deux formes :<\/p>\n<ul>\n<li aria-level=\"1\"><strong>Une r\u00e9duction de l\u2019abonnement mensuel<\/strong><\/li>\n<li aria-level=\"1\"><strong>Une aide financi\u00e8re pour r\u00e9gler les factures impay\u00e9es.<\/strong><\/li>\n<\/ul>\n<p>La r\u00e9duction de l\u2019abonnement mensuel concerne principalement le t\u00e9l\u00e9phone fixe.<\/p>\n<p>En plus de cette r\u00e9duction, il est possible de b\u00e9n\u00e9ficier d\u2019une aide concernant internet. Cette aide s\u2019adresse aux personnes qui habitent dans des communes n\u2019ayant pas de r\u00e9seau filaire. Le montant de l\u2019aide s\u2019\u00e9l\u00e8ve \u00e0 150 euros.<\/p>\n<h2>Conditions d\u2019acc\u00e8s<\/h2>\n<p>Pour b\u00e9n\u00e9ficier de l\u2019aide t\u00e9l\u00e9phonique sous toutes ses formes, il faut que vous soyez dans l\u2019une de ces situations :<\/p>\n<ul>\n<li aria-level=\"1\"><strong>B\u00e9n\u00e9ficiaires du RSA socle <\/strong>(les b\u00e9n\u00e9ficiaires de la prime activit\u00e9 ne peuvent pas b\u00e9n\u00e9ficier de la r\u00e9duction sociale t\u00e9l\u00e9phonique)<\/li>\n<li aria-level=\"1\"><strong>B\u00e9n\u00e9ficiaires de l\u2019ASS<\/strong> : l\u2019allocation de solidarit\u00e9 sp\u00e9cifique<\/li>\n<li aria-level=\"1\"><strong>B\u00e9n\u00e9ficiaires de l\u2019Allocation Adulte Handicap\u00e9 (AAH)<\/strong><\/li>\n<li aria-level=\"1\"><strong>Invalides de guerre<\/strong><\/li>\n<\/ul>\n<h1>Quelles sont les autres aides disponibles ?<\/h1>\n<h2>La r\u00e9duction de l\u2019abonnement t\u00e9l\u00e9phonique<\/h2>\n<p>Concernant la r\u00e9duction du forfait mobile, la demande est assez simple. Si vous \u00eates b\u00e9n\u00e9ficiaire du RSA, c&rsquo;est \u00e0 la CAF qu&rsquo;il faut vous adresser. Vous aurez un document \u00e0 remplir avec votre num\u00e9ro de compte, votre quotient familial CAF et d&rsquo;autres informations.<\/p>\n<p>Apr\u00e8s avoir rempli le document, <strong>il faudra le retourner \u00e0 l\u2019adresse que votre organisme vous communiquera.<\/strong><\/p>\n<p>Dans certains cas, il arrive que ce document ne vous soit pas donn\u00e9 directement. Dans ce cas, il vous faudra faire une demande par courrier pour votre organisme.<\/p>\n<p>La r\u00e9duction de l\u2019abonnement t\u00e9l\u00e9phonique est appliqu\u00e9e sous un \u00e0 deux mois apr\u00e8s l\u2019envoi du document. Cette r\u00e9duction s\u2019\u00e9tale sur un an. Apr\u00e8s cette p\u00e9riode de validit\u00e9, <strong>le renouvellement se fait sur \u00e9tudes des droits.<\/strong><\/p>\n<h2>L&rsquo;aide pour les factures impay\u00e9es<\/h2>\n<p>Pour b\u00e9n\u00e9ficier de la prise en charge des factures de vos abonnements mensuels, il faut effectuer la demande aupr\u00e8s de votre conseil r\u00e9gional. Pour ce faire, il faut aussi envoyer un courrier recommand\u00e9. <strong>En compl\u00e9ment de cette lettre, il faut envoyer des documents qui montrent vos ressources ainsi que la nature et le montant des dettes t\u00e9l\u00e9phoniques.<\/strong><\/p>\n<p>Apr\u00e8s \u00e9tude des ressources et des conditions familiales, le fonds de solidarit\u00e9 pour le logement d\u00e9cide d\u2019attribuer ces aides exceptionnelles permettant de r\u00e9gulariser les charges ayant attrait au logement (internet, t\u00e9l\u00e9phone fixe). En cas de saisie du FSL, la ligne t\u00e9l\u00e9phonique est automatiquement restreinte.<\/p>\n<p>Les conseillers Mes Allocs se tiennent <a href=\"https:\/\/www.mes-allocs.fr\/souscription\" target=\"_blank\" rel=\"noopener\">\u00e0 votre disposition<\/a> pour effectuer ces d\u00e9marches administratives \u00e0 votre place.<\/p>\n<p>&nbsp;<\/p>\n<div class='cta-block'><div class='text'> Simulez vos aides sociales en 2 min. Gratuit.<\/div><a href='https:\/\/www.mes-allocs.fr\/ab-app?origin=guides\/wp-json\/wp\/v2\/posts\/59316' class='app-button fit'>Simulation gratuite<\/a><\/div>\n<h1><\/h1>\n","protected":false},"excerpt":{"rendered":"<p>[Mis \u00e0 jour le 10\/04\/2026] Si vous b\u00e9n\u00e9ficiez des aides sociales de la CAF, de la MSA ou bien de l&rsquo;ASPA, vous \u00eates peut-\u00eatre \u00e9ligible \u00e0 l&rsquo;offre Coup de Pouce ! En effet, Orange a mis en place un forfait Internet-Tv-T\u00e9l\u00e9phone pour seulement 15,99\u20ac par mois. Mais pour l&rsquo;obtenir, il faut respecter certaines conditions. D\u00e9couvrez [&hellip;]<\/p>\n","protected":false},"author":20,"featured_media":59319,"comment_status":"closed","ping_status":"open","sticky":false,"template":"","format":"standard","meta":{"amp_status":"","footnotes":""},"categories":[1411,38038],"tags":[],"class_list":["post-59316","post","type-post","status-publish","format-standard","has-post-thumbnail","hentry","category-aides-sociales","category-reduction-sociale-telephonique"],"yoast_head":"<!-- This site is optimized with the Yoast SEO plugin v14.9 - https:\/\/yoast.com\/wordpress\/plugins\/seo\/ -->\n<title>Quelle est l&#039;offre Coup de Pouce Orange ? | Mes-Allocs.fr<\/title>\n<meta name=\"description\" content=\"L&#039;Offre Coup de Pouce d&#039;Orange permet d&#039;acc\u00e9der \u00e0 un forfait Internet-Tv-T\u00e9l\u00e9phone \u00e0 seulement 15,99\u20ac par mois. Mes Allocs vous explique tout.\" \/>\n<meta name=\"robots\" content=\"index, follow, max-snippet:-1, max-image-preview:large, max-video-preview:-1\" \/>\n<link rel=\"canonical\" href=\"https:\/\/www.mes-allocs.fr\/guides\/aides-sociales\/reduction-sociale-telephonique\/offre-coupe-de-pouce-orange\/\" \/>\n<meta property=\"og:locale\" content=\"fr_FR\" \/>\n<meta property=\"og:type\" content=\"article\" \/>\n<meta property=\"og:title\" content=\"Quelle est l&#039;offre Coup de Pouce Orange ? | Mes-Allocs.fr\" \/>\n<meta property=\"og:description\" content=\"L&#039;Offre Coup de Pouce d&#039;Orange permet d&#039;acc\u00e9der \u00e0 un forfait Internet-Tv-T\u00e9l\u00e9phone \u00e0 seulement 15,99\u20ac par mois. Mes Allocs vous explique tout.\" \/>\n<meta property=\"og:url\" content=\"https:\/\/www.mes-allocs.fr\/guides\/aides-sociales\/reduction-sociale-telephonique\/offre-coupe-de-pouce-orange\/\" \/>\n<meta property=\"og:site_name\" content=\"Mes-Allocs.fr\" \/>\n<meta property=\"article:published_time\" content=\"2022-12-05T18:07:38+00:00\" \/>\n<meta property=\"article:modified_time\" content=\"2026-04-10T15:10:10+00:00\" \/>\n<meta property=\"og:image\" content=\"https:\/\/www.mes-allocs.fr\/guides\/wp-content\/uploads\/2022\/12\/image_2022-12-05_185955872-e1681485971107.png?wsr\" \/>\n\t<meta property=\"og:image:width\" content=\"1029\" \/>\n\t<meta property=\"og:image:height\" content=\"97\" \/>\n<meta name=\"twitter:card\" content=\"summary_large_image\" \/>\n<script type=\"application\/ld+json\" class=\"yoast-schema-graph\">{\"@context\":\"https:\/\/schema.org\",\"@graph\":[{\"@type\":\"WebSite\",\"@id\":\"https:\/\/www.mes-allocs.fr\/guides\/#website\",\"url\":\"https:\/\/www.mes-allocs.fr\/guides\/\",\"name\":\"Mes-Allocs.fr\",\"description\":\"\",\"potentialAction\":[{\"@type\":\"SearchAction\",\"target\":\"https:\/\/www.mes-allocs.fr\/guides\/?s={search_term_string}\",\"query-input\":\"required name=search_term_string\"}],\"inLanguage\":\"fr-FR\"},{\"@type\":\"ImageObject\",\"@id\":\"https:\/\/www.mes-allocs.fr\/guides\/aides-sociales\/reduction-sociale-telephonique\/offre-coupe-de-pouce-orange\/#primaryimage\",\"inLanguage\":\"fr-FR\",\"url\":\"https:\/\/www.mes-allocs.fr\/guides\/wp-content\/uploads\/2022\/12\/image_2022-12-05_185955872-e1681485971107.png?wsr\",\"width\":1029,\"height\":97,\"caption\":\"orange offre rsa\"},{\"@type\":\"WebPage\",\"@id\":\"https:\/\/www.mes-allocs.fr\/guides\/aides-sociales\/reduction-sociale-telephonique\/offre-coupe-de-pouce-orange\/#webpage\",\"url\":\"https:\/\/www.mes-allocs.fr\/guides\/aides-sociales\/reduction-sociale-telephonique\/offre-coupe-de-pouce-orange\/\",\"name\":\"Quelle est l'offre Coup de Pouce Orange ? | Mes-Allocs.fr\",\"isPartOf\":{\"@id\":\"https:\/\/www.mes-allocs.fr\/guides\/#website\"},\"primaryImageOfPage\":{\"@id\":\"https:\/\/www.mes-allocs.fr\/guides\/aides-sociales\/reduction-sociale-telephonique\/offre-coupe-de-pouce-orange\/#primaryimage\"},\"datePublished\":\"2022-12-05T18:07:38+00:00\",\"dateModified\":\"2026-04-10T15:10:10+00:00\",\"author\":{\"@id\":\"https:\/\/www.mes-allocs.fr\/guides\/#\/schema\/person\/eca732c2727a3765a4c66d5449689eae\"},\"description\":\"L'Offre Coup de Pouce d'Orange permet d'acc\\u00e9der \\u00e0 un forfait Internet-Tv-T\\u00e9l\\u00e9phone \\u00e0 seulement 15,99\\u20ac par mois. Mes Allocs vous explique tout.\",\"inLanguage\":\"fr-FR\"},{\"@type\":\"Person\",\"@id\":\"https:\/\/www.mes-allocs.fr\/guides\/#\/schema\/person\/eca732c2727a3765a4c66d5449689eae\",\"name\":\"Sandrine Tonton\",\"image\":{\"@type\":\"ImageObject\",\"@id\":\"https:\/\/www.mes-allocs.fr\/guides\/#personlogo\",\"inLanguage\":\"fr-FR\",\"url\":\"https:\/\/www.mes-allocs.fr\/guides\/wp-content\/uploads\/2022\/11\/IMG_20220508_002153_306-1-150x150.jpg\",\"caption\":\"Sandrine Tonton\"},\"description\":\"Sandrine est une r\\u00e9dactrice sp\\u00e9cialis\\u00e9e sur le th\\u00e8me du pouvoir d'achat. Elle rejoint l'\\u00e9quipe Mes Allocs en novembre 2022 afin de simplifier l'acc\\u00e8s \\u00e0 l'information sur les aides en g\\u00e9n\\u00e9ral.\",\"sameAs\":[\"https:\/\/www.linkedin.com\/in\/sandrine-tonton\/\"]}]}<\/script>\n<!-- \/ Yoast SEO plugin. -->","amp_validity":null,"acf":{"faq":{"1":{"question":"Tous les op\u00e9rateurs font-ils des tarifs avantageux ?","answer":"Non, tous les op\u00e9rateurs ne font pas de tarifs avantageux. Il faut vous renseigner aupr\u00e8s du v\u00f4tre pour le savoir. \r\n<br> <a href=\"https:\/\/www.mes-allocs.fr\/guides\/aide-logement\/orange-offre-rsa\/\">Lire la suite<\/a>"},"2":{"question":"L'aide t\u00e9l\u00e9phonique est-elle disponible pour tous ?","answer":"L'aide t\u00e9l\u00e9phonique est r\u00e9serv\u00e9 principalement aux personnes touchant les minima sociaux. Pour en b\u00e9n\u00e9ficier, il faut remplir les conditions d'attribution.\r\n<br> <a href=\"https:\/\/www.mes-allocs.fr\/guides\/aide-logement\/orange-offre-rsa\/\">Lire la suite<\/a>"},"3":{"question":"Existe-t-il une aide pour les factures impay\u00e9es ?","answer":"Oui, il faut faire la demande aupr\u00e8s de votre conseil r\u00e9gional.\r\n<br> <a href=\"https:\/\/www.mes-allocs.fr\/guides\/aide-logement\/orange-offre-rsa\/\">Lire la suite<\/a>"},"4":{"question":"Le montant de l'aide est-il variable ?","answer":"Le montant des aides est fixe, mais il d\u00e9pend de votre abonnement personnel. Il varie donc selon votre op\u00e9rateur. "},"5":{"question":"Ces offres sont-elles cumulables avec d'autres aides ?","answer":"Oui absolument. Ces aides ne sont pas exclusives. Vous pouvez b\u00e9n\u00e9ficier des autres aides librement."},"6":{"question":"","answer":""},"7":{"question":"","answer":""},"8":{"question":"","answer":""},"9":{"question":"","answer":""},"10":{"question":"","answer":""},"11":{"question":"","answer":""},"12":{"question":"","answer":""},"13":{"question":"","answer":""},"14":{"question":"","answer":""},"15":{"question":"","answer":""},"16":{"question":"","answer":""}}},"_links":{"self":[{"href":"https:\/\/www.mes-allocs.fr\/guides\/wp-json\/wp\/v2\/posts\/59316","targetHints":{"allow":["GET"]}}],"collection":[{"href":"https:\/\/www.mes-allocs.fr\/guides\/wp-json\/wp\/v2\/posts"}],"about":[{"href":"https:\/\/www.mes-allocs.fr\/guides\/wp-json\/wp\/v2\/types\/post"}],"author":[{"embeddable":true,"href":"https:\/\/www.mes-allocs.fr\/guides\/wp-json\/wp\/v2\/users\/20"}],"replies":[{"embeddable":true,"href":"https:\/\/www.mes-allocs.fr\/guides\/wp-json\/wp\/v2\/comments?post=59316"}],"version-history":[{"count":18,"href":"https:\/\/www.mes-allocs.fr\/guides\/wp-json\/wp\/v2\/posts\/59316\/revisions"}],"predecessor-version":[{"id":112043,"href":"https:\/\/www.mes-allocs.fr\/guides\/wp-json\/wp\/v2\/posts\/59316\/revisions\/112043"}],"wp:featuredmedia":[{"embeddable":true,"href":"https:\/\/www.mes-allocs.fr\/guides\/wp-json\/wp\/v2\/media\/59319"}],"wp:attachment":[{"href":"https:\/\/www.mes-allocs.fr\/guides\/wp-json\/wp\/v2\/media?parent=59316"}],"wp:term":[{"taxonomy":"category","embeddable":true,"href":"https:\/\/www.mes-allocs.fr\/guides\/wp-json\/wp\/v2\/categories?post=59316"},{"taxonomy":"post_tag","embeddable":true,"href":"https:\/\/www.mes-allocs.fr\/guides\/wp-json\/wp\/v2\/tags?post=59316"}],"curies":[{"name":"wp","href":"https:\/\/api.w.org\/{rel}","templated":true}]}}