{"id":58944,"date":"2022-11-29T13:08:28","date_gmt":"2022-11-29T11:08:28","guid":{"rendered":"https:\/\/www.mes-allocs.fr\/guides\/?p=58944"},"modified":"2025-12-04T17:54:44","modified_gmt":"2025-12-04T16:54:44","slug":"conditions-prime-de-noel","status":"publish","type":"post","link":"https:\/\/www.mes-allocs.fr\/guides\/prime-de-noel\/conditions-prime-de-noel\/","title":{"rendered":"Qui a droit \u00e0 la prime de No\u00ebl en 2025 ?"},"content":{"rendered":"<p><span style=\"font-weight: 400;\"><img loading=\"lazy\" decoding=\"async\" class=\"aligncenter size-full wp-image-104261\" title=\"droit prime noel\" src=\"https:\/\/www.mes-allocs.fr\/guides\/wp-content\/uploads\/2022\/11\/droit-prime-noel.png\" alt=\"droit prime noel\" width=\"1920\" height=\"310\" srcset=\"https:\/\/www.mes-allocs.fr\/guides\/wp-content\/uploads\/2022\/11\/droit-prime-noel.png 1920w, https:\/\/www.mes-allocs.fr\/guides\/wp-content\/uploads\/2022\/11\/droit-prime-noel-300x48.png 300w, https:\/\/www.mes-allocs.fr\/guides\/wp-content\/uploads\/2022\/11\/droit-prime-noel-1024x165.png 1024w, https:\/\/www.mes-allocs.fr\/guides\/wp-content\/uploads\/2022\/11\/droit-prime-noel-768x124.png 768w, https:\/\/www.mes-allocs.fr\/guides\/wp-content\/uploads\/2022\/11\/droit-prime-noel-1536x248.png 1536w, https:\/\/www.mes-allocs.fr\/guides\/wp-content\/uploads\/2022\/11\/droit-prime-noel-600x97.png 600w\" sizes=\"auto, (max-width: 1920px) 100vw, 1920px\" \/><\/span><\/p>\n<p>[Mis \u00e0 jour le 04\/12\/2025] Chaque mois de d\u00e9cembre, la <a href=\"https:\/\/www.mes-allocs.fr\/guides\/prime-de-noel\/\">prime de No\u00ebl<\/a>\u00a0vient apporter un coup de pouce financier \u00e0 des millions de foyers aux revenus modestes. Mise en place en 1998, cette aide exceptionnelle concerne environ 2,2 millions de m\u00e9nages.\u00a0Mais attention : tout le monde n\u2019y a pas droit. La prime de No\u00ebl est r\u00e9serv\u00e9e aux b\u00e9n\u00e9ficiaires de certains minima sociaux et son versement d\u00e9pend de l\u2019organisme dont vous relevez : la CAF, la MSA pour les agriculteurs, ou encore France Travail (anciennement P\u00f4le emploi). Mes Allocs vous explique en d\u00e9tail <strong>qui a droit \u00e0 la prime de No\u00ebl<\/strong> et quelles sont les conditions \u00e0 remplir.<\/p>\n<div class='cta-block'><div class='text'>Simulez votre prime de No\u00ebl en 2 min.<\/div><a href='https:\/\/www.mes-allocs.fr\/ab-app?origin=guides\/wp-json\/wp\/v2\/posts\/58944' class='app-button fit'>Simulation gratuite<\/a><\/div>\n<h1>Qui est \u00e9ligible \u00e0 la prime de No\u00ebl en 2025 ?<\/h1>\n<p>La prime de No\u00ebl est attribu\u00e9e aux personnes qui sont dans l\u2019une des situations suivantes au mois de novembre ou \u00e0 d\u00e9faut au mois de d\u00e9cembre :<\/p>\n<ul>\n<li aria-level=\"1\">b\u00e9n\u00e9ficiaire du <b>Revenu de Solidarit\u00e9 Active socle<\/b> (RSA)<\/li>\n<li aria-level=\"1\">b\u00e9n\u00e9ficiaire du <b>RSA socle et de la prime d\u2019activit\u00e9 <\/b>si les ressources du foyer ne d\u00e9passent pas le montant du RSA socle en fonction de la composition de la famille<\/li>\n<li aria-level=\"1\">b\u00e9n\u00e9ficiaire de l\u2019<b>Allocation de Solidarit\u00e9 Sp\u00e9cifique<\/b> (ASS), \u00e0 taux major\u00e9 ou non<\/li>\n<li aria-level=\"1\">b\u00e9n\u00e9ficiaire de<b> l\u2019ACCRE<\/b> (aide \u00e0 la cr\u00e9ation d\u2019entreprise) seulement si vous \u00e9tiez \u00e0 l\u2019ASS auparavant<\/li>\n<li aria-level=\"1\">b\u00e9n\u00e9ficiaire de la <b>Prime Transitoire de Solidarit\u00e9<\/b> (PTS, qui remplace l\u2019allocation transitoire de solidarit\u00e9 depuis 2015)<\/li>\n<li aria-level=\"1\">b\u00e9n\u00e9ficiaire de l\u2019<b>Allocation \u00c9quivalent Retraite<\/b> (AER) ;<\/li>\n<li aria-level=\"1\">b\u00e9n\u00e9ficiaire de la <b>prime forfaitaire pour reprise d\u2019activit\u00e9<\/b>.<\/li>\n<\/ul>\n<p><iframe loading=\"lazy\" title=\"La prime de No\u00ebl\" width=\"500\" height=\"281\" src=\"https:\/\/www.youtube.com\/embed\/JSd0X11Muig?feature=oembed\" frameborder=\"0\" allow=\"accelerometer; autoplay; clipboard-write; encrypted-media; gyroscope; picture-in-picture; web-share\" referrerpolicy=\"strict-origin-when-cross-origin\" allowfullscreen><\/iframe><\/p>\n<h1>Qui a le droit \u00e0 la prime de No\u00ebl vers\u00e9e par la CAF ou la MSA ?<\/h1>\n<h2>Vous \u00eates au RSA ?<\/h2>\n<p>Le RSA, ou revenu de solidarit\u00e9 active, est une allocation qui est destin\u00e9e aux personnes les plus pr\u00e9caires. Pour en b\u00e9n\u00e9ficier, il faut \u00eatre \u00e2g\u00e9 de plus de 25 ans et toucher tr\u00e8s peu de ressources. Le montant de la prime de No\u00ebl pour une personne seule est de 152,45 \u20ac euros pour les b\u00e9n\u00e9ficiaires du RSA.<\/p>\n<p>Si vous percevez le RSA, les montants de la prime de No\u00ebl que vous pouvez toucher sont les suivants :<\/p>\n\n<div class=\"wpdt-c row wpDataTableContainerSimpleTable wpDataTables wpDataTablesWrapper\n wdtscroll\"\n    >\n    <table id=\"wpdtSimpleTable-33\"\n           class=\"wpdtSimpleTable wpDataTable\"\n           data-column=\"3\"\n           data-rows=\"8\"\n           data-wpID=\"33\"\n           data-responsive=\"0\"\n           data-has-header=\"0\">\n\n                    <tbody>        <tr class=\"wpdt-cell-row \" >\n                            <td class=\"wpdt-cell wpdt-bc-F3F9FE wpdt-bold\"\n                                    data-cell-id=\"A1\"\n                data-col-index=\"0\"\n                data-row-index=\"0\"\n                style=\" width:260px;                padding:10px;\"\n                >\n                                Nombre d\u2019enfant(s)                <\/td>\n                                            <td class=\"wpdt-cell wpdt-bc-F3F9FE wpdt-bold\"\n                                    data-cell-id=\"B1\"\n                data-col-index=\"1\"\n                data-row-index=\"0\"\n                style=\" width:228px;                padding:10px;\"\n                >\n                                Personne seule                <\/td>\n                                            <td class=\"wpdt-cell wpdt-bc-F3F9FE wpdt-bold\"\n                                    data-cell-id=\"C1\"\n                data-col-index=\"2\"\n                data-row-index=\"0\"\n                style=\" width:217px;                padding:10px;\"\n                >\n                                En couple                <\/td>\n                                        <\/tr>\n                            <tr class=\"wpdt-cell-row \" >\n                            <td class=\"wpdt-cell wpdt-bold\"\n                                    data-cell-id=\"A2\"\n                data-col-index=\"0\"\n                data-row-index=\"1\"\n                style=\"                padding:10px;\"\n                >\n                                Sans enfant                <\/td>\n                                            <td class=\"wpdt-cell \"\n                                    data-cell-id=\"B2\"\n                data-col-index=\"1\"\n                data-row-index=\"1\"\n                style=\"                padding:10px;\"\n                >\n                                152,45 \u20ac                <\/td>\n                                            <td class=\"wpdt-cell \"\n                                    data-cell-id=\"C2\"\n                data-col-index=\"2\"\n                data-row-index=\"1\"\n                style=\"                padding:10px;\"\n                >\n                                228,68 \u20ac                <\/td>\n                                        <\/tr>\n                            <tr class=\"wpdt-cell-row \" >\n                            <td class=\"wpdt-cell wpdt-bold\"\n                                    data-cell-id=\"A3\"\n                data-col-index=\"0\"\n                data-row-index=\"2\"\n                style=\"                padding:10px;\"\n                >\n                                1 enfant                <\/td>\n                                            <td class=\"wpdt-cell \"\n                                    data-cell-id=\"B3\"\n                data-col-index=\"1\"\n                data-row-index=\"2\"\n                style=\"                padding:10px;\"\n                >\n                                228,68 \u20ac                <\/td>\n                                            <td class=\"wpdt-cell \"\n                                    data-cell-id=\"C3\"\n                data-col-index=\"2\"\n                data-row-index=\"2\"\n                style=\"                padding:10px;\"\n                >\n                                274,41 \u20ac                <\/td>\n                                        <\/tr>\n                            <tr class=\"wpdt-cell-row \" >\n                            <td class=\"wpdt-cell wpdt-bold\"\n                                    data-cell-id=\"A4\"\n                data-col-index=\"0\"\n                data-row-index=\"3\"\n                style=\"                padding:10px;\"\n                >\n                                2 enfants                <\/td>\n                                            <td class=\"wpdt-cell \"\n                                    data-cell-id=\"B4\"\n                data-col-index=\"1\"\n                data-row-index=\"3\"\n                style=\"                padding:10px;\"\n                >\n                                274,41 \u20ac                <\/td>\n                                            <td class=\"wpdt-cell \"\n                                    data-cell-id=\"C4\"\n                data-col-index=\"2\"\n                data-row-index=\"3\"\n                style=\"                padding:10px;\"\n                >\n                                320,15 \u20ac                <\/td>\n                                        <\/tr>\n                            <tr class=\"wpdt-cell-row \" >\n                            <td class=\"wpdt-cell wpdt-bold\"\n                                    data-cell-id=\"A5\"\n                data-col-index=\"0\"\n                data-row-index=\"4\"\n                style=\"                padding:10px;\"\n                >\n                                3 enfants                <\/td>\n                                            <td class=\"wpdt-cell \"\n                                    data-cell-id=\"B5\"\n                data-col-index=\"1\"\n                data-row-index=\"4\"\n                style=\"                padding:10px;\"\n                >\n                                335,39 \u20ac                <\/td>\n                                            <td class=\"wpdt-cell \"\n                                    data-cell-id=\"C5\"\n                data-col-index=\"2\"\n                data-row-index=\"4\"\n                style=\"                padding:10px;\"\n                >\n                                381,13 \u20ac                <\/td>\n                                        <\/tr>\n                            <tr class=\"wpdt-cell-row \" >\n                            <td class=\"wpdt-cell wpdt-bold\"\n                                    data-cell-id=\"A6\"\n                data-col-index=\"0\"\n                data-row-index=\"5\"\n                style=\"                padding:10px;\"\n                >\n                                4 enfants                <\/td>\n                                            <td class=\"wpdt-cell \"\n                                    data-cell-id=\"B6\"\n                data-col-index=\"1\"\n                data-row-index=\"5\"\n                style=\"                padding:10px;\"\n                >\n                                396,37 \u20ac                <\/td>\n                                            <td class=\"wpdt-cell \"\n                                    data-cell-id=\"C6\"\n                data-col-index=\"2\"\n                data-row-index=\"5\"\n                style=\"                padding:10px;\"\n                >\n                                442,11 \u20ac                <\/td>\n                                        <\/tr>\n                            <tr class=\"wpdt-cell-row \" >\n                            <td class=\"wpdt-cell wpdt-bold\"\n                                    data-cell-id=\"A7\"\n                data-col-index=\"0\"\n                data-row-index=\"6\"\n                style=\"                padding:10px;\"\n                >\n                                5 enfants                <\/td>\n                                            <td class=\"wpdt-cell \"\n                                    data-cell-id=\"B7\"\n                data-col-index=\"1\"\n                data-row-index=\"6\"\n                style=\"                padding:10px;\"\n                >\n                                457,35 \u20ac                <\/td>\n                                            <td class=\"wpdt-cell \"\n                                    data-cell-id=\"C7\"\n                data-col-index=\"2\"\n                data-row-index=\"6\"\n                style=\"                padding:10px;\"\n                >\n                                503,09 \u20ac                <\/td>\n                                        <\/tr>\n                            <tr class=\"wpdt-cell-row \" >\n                            <td class=\"wpdt-cell wpdt-bold\"\n                                    data-cell-id=\"A8\"\n                data-col-index=\"0\"\n                data-row-index=\"7\"\n                style=\"                padding:10px;\"\n                >\n                                Par enfant(s) suppl\u00e9mentaire                <\/td>\n                                            <td class=\"wpdt-cell \"\n                                    data-cell-id=\"B8\"\n                data-col-index=\"1\"\n                data-row-index=\"7\"\n                style=\"                padding:10px;\"\n                >\n                                +60,98 \u20ac                <\/td>\n                                            <td class=\"wpdt-cell \"\n                                    data-cell-id=\"C8\"\n                data-col-index=\"2\"\n                data-row-index=\"7\"\n                style=\"                padding:10px;\"\n                >\n                                +60,98 \u20ac                <\/td>\n                                        <\/tr>\n                    <\/table>\n<\/div><style id='wpdt-custom-style-33'>\n.wpdt-bc-F3F9FE { background-color: #F3F9FE !important;}\n<\/style>\n\n<p><em>(Montants officiels en vigueur au 03\/12\/2025)<\/em><\/p>\n<h2>Vous \u00eates en situation de handicap ?<\/h2>\n<p>Si vous percevez l\u2019AAH (Allocation aux Adultes Handicap\u00e9s), vous devez savoir que cette prestation <strong>n\u2019ouvre pas droit \u00e0 la prime de No\u00ebl<\/strong>. En effet, l\u2019AAH ne fait pas partie des allocations list\u00e9es par l\u2019\u00c9tat pour b\u00e9n\u00e9ficier de cette aide exceptionnelle de fin d\u2019ann\u00e9e.<\/p>\n<p>Toutefois, si votre situation vous permet \u00e9galement de b\u00e9n\u00e9ficier du RSA, c\u2019est-\u00e0-dire si vous remplissez les conditions du RSA en parall\u00e8le, vous pourriez alors entrer dans le champ d\u2019\u00e9ligibilit\u00e9 de la prime de No\u00ebl. Cela dit, cette possibilit\u00e9 n\u2019est pas explicitement confirm\u00e9e dans les textes officiels. Pour \u00eatre certain d&rsquo;\u00eatre \u00e9ligible, nous vous conseillons d&rsquo;effectuer une simulation sur Mes-Allocs.fr.<\/p>\n<h1>Qui a le droit \u00e0 la prime de No\u00ebl vers\u00e9e par France Travail ?<\/h1>\n<p>Bien que France Travail fasse partie des organismes qui versent la prime de No\u00ebl, <strong>tous les demandeurs d\u2019emploi ne la touchent pas automatiquement<\/strong>. Cette aide exceptionnelle ne concerne qu\u2019une partie des inscrits, en fonction de leur situation et des allocations qu\u2019ils per\u00e7oivent.<\/p>\n<p>Concr\u00e8tement, pour recevoir la prime de No\u00ebl en 2025, il faut d\u2019abord \u00eatre inscrit comme demandeur d\u2019emploi aupr\u00e8s de France Travail. Ensuite, vous devez percevoir en novembre ou d\u00e9cembre l\u2019une des allocations sp\u00e9cifiques qui ouvrent droit \u00e0 la prime, comme l\u2019ASS, l\u2019ACCRE, l\u2019AER, la Prime Transitoire de Solidarit\u00e9 ou encore la prime forfaitaire pour reprise d\u2019activit\u00e9. En revanche, <strong>si vous touchez l\u2019Allocation d\u2019aide au Retour \u00e0 l\u2019Emploi (ARE)<\/strong>, vous ne pourrez pas en b\u00e9n\u00e9ficier.<\/p>\n<h2>Vous percevez l&rsquo;ASS ?<\/h2>\n<p>L\u2019ASS, ou allocation de solidarit\u00e9 sp\u00e9cifique, est une allocation ch\u00f4mage qui concerne les personnes au ch\u00f4mage en fin de droit. Pour b\u00e9n\u00e9ficier de cette aide, il faut avoir exerc\u00e9 une activit\u00e9 professionnelle pendant cinq ans au cours des dix derni\u00e8res ann\u00e9es. Il y a \u00e9galement des conditions de ressources.<\/p>\n<p>Les b\u00e9n\u00e9ficiaires de l&rsquo;ASS sont \u00e9ligibles \u00e0 la prime de No\u00ebl. Le montant qu&rsquo;ils peuvent toucher est forfaitaire : il est de 152,45 \u20ac peu importe la composition du foyer.<\/p>\n<h2>Vous percevez l&rsquo;AER ?<\/h2>\n<p>L\u2019AER, ou Allocation \u00c9quivalent Retraite, est une allocation ch\u00f4mage qui concerne les demandeurs d\u2019emplois n\u2019ayant pas encore atteint l\u2019\u00e2ge l\u00e9gal de la retraite, mais pouvant justifier des trimestres requis pour b\u00e9n\u00e9ficier d\u2019une retraite \u00e0 taux plein.<\/p>\n<p>Les b\u00e9n\u00e9ficiaires de l&rsquo;AER sont \u00e9ligibles \u00e0 la prime de No\u00ebl. Le montant qu&rsquo;ils peuvent toucher est forfaitaire : il est de 152,45 \u20ac peu importe la composition du foyer.<\/p>\n<h2>Vous percevez la prime forfaitaire pour reprise d&rsquo;activit\u00e9 ?<\/h2>\n<p>Il s\u2019agit d\u2019une aide de France Travail qui est destin\u00e9e \u00e0 aider les personnes b\u00e9n\u00e9ficiaires de l\u2019ASS, afin qu\u2019elles puissent retourner sur le march\u00e9 du travail.<\/p>\n<p>Les b\u00e9n\u00e9ficiaires de la prime forfaitaire pour reprise d&rsquo;activit\u00e9 sont \u00e9ligibles \u00e0 la prime de No\u00ebl. Le montant qu&rsquo;ils peuvent toucher est forfaitaire : il est de 152,45 \u20ac peu importe la composition du foyer.<\/p>\n<div class='cta-block'><div class='text'>Simulez votre prime de No\u00ebl en 2 min.<\/div><a href='https:\/\/www.mes-allocs.fr\/ab-app?origin=guides\/wp-json\/wp\/v2\/posts\/58944' class='app-button fit'>Simulation gratuite<\/a><\/div>\n<h1 class=\"p-rich_text_section\">Conditions pour b\u00e9n\u00e9ficier de la prime de No\u00ebl : existe-t-il des statuts particuliers ?<\/h1>\n<p>Il existe plusieurs statuts particuliers qui sont \u00e9ligibles, ou non, \u00e0 la prime de No\u00ebl.<\/p>\n<h2>La prime de No\u00ebl pour les jeunes<\/h2>\n<p>Si vous \u00eates \u00e9tudiant, le statut d\u2019\u00e9tudiant n&rsquo;est pas une raison valable pour b\u00e9n\u00e9ficier de la prime de No\u00ebl. Cependant, vous pouvez tr\u00e8s bien b\u00e9n\u00e9ficier de la <a href=\"https:\/\/www.mes-allocs.fr\/guides\/prime-de-noel\/conditions-prime-de-noel\/prime-de-noel-etudiant\/\">prime de No\u00ebl en \u00e9tant \u00e9tudiant<\/a> si vous \u00eates b\u00e9n\u00e9ficiaire de l\u2019une des aides suivantes :<\/p>\n<ul>\n<li>RSA jeune<\/li>\n<li>RSA parent isol\u00e9<\/li>\n<\/ul>\n<p>Si vous \u00eates alternant, vous n\u2019\u00eates pas \u00e9ligible \u00e0 la prime de No\u00ebl vers\u00e9e par la CAF ou la MSA. Toutefois, vous pouvez potentiellement b\u00e9n\u00e9ficier d\u2019une\u00a0prime de fin d\u2019ann\u00e9e vers\u00e9e par votre entreprise.<\/p>\n<h2>La prime de No\u00ebl pour les retrait\u00e9s<\/h2>\n<p>En g\u00e9n\u00e9ral, la <a href=\"https:\/\/www.mes-allocs.fr\/guides\/prime-de-noel\/conditions-prime-de-noel\/prime-de-noel-retraite\/\">prime de No\u00ebl pour les retrait\u00e9s<\/a> n&rsquo;est pas accord\u00e9e. Cependant, il est possible que certains agents hospitaliers \u00e0 la retraite puissent percevoir une prime en fin d\u2019ann\u00e9e. En effet, la prestation de No\u00ebl CGOS pourra \u00eatre accord\u00e9e \u00e0 une condition : il faut avoir au moins 1 enfant \u00e0 charge. Cet enfant doit \u00eatre \u00e2g\u00e9 entre 1 an et 14 ans.<\/p>\n<p>Les personnes qui per\u00e7oivent l\u2019AER (Allocation Equivalent Retraite) ont la possibilit\u00e9 de profiter de la prime de No\u00ebl.<\/p>\n<h2>La prime de No\u00ebl pour les statuts particuliers de travailleurs : auto entrepreneurs, fonctionnaires, agriculteurs<\/h2>\n<ul>\n<li><strong>Si vous \u00eates auto entrepreneur<\/strong>, vous pouvez b\u00e9n\u00e9ficier de la <a href=\"https:\/\/www.mes-allocs.fr\/guides\/prime-de-noel\/conditions-prime-de-noel\/prime-de-noel-auto-entrepreneur\/\">prime de No\u00ebl sous le statut d&rsquo;auto-entrepreneur<\/a>, mais sous certaines conditions. En effet, le fait que vous soyez auto entrepreneur ne vous diff\u00e9rencie pas des autres personnes au niveau de cette prime. Avec votre auto entreprise, vous \u00eates soumis aux m\u00eames conditions d\u2019\u00e9ligibilit\u00e9 qu\u2019un autre demandeur.<\/li>\n<li><strong>Si vous \u00eates fonctionnaire<\/strong>, il n&rsquo;existe malheureusement pas de <a href=\"https:\/\/www.mes-allocs.fr\/guides\/prime-de-noel\/conditions-prime-de-noel\/prime-de-noel-fonctionnaire\/\">prime de No\u00ebl r\u00e9serv\u00e9e aux fonctionnaires<\/a>.<\/li>\n<li><strong>Si vous \u00eates agriculteur<\/strong>, vous pouvez tout \u00e0 fait pr\u00e9tendre \u00e0 la prime de No\u00ebl. Cependant, l&rsquo;organisme verseur de la prime de No\u00ebl pour les agriculteurs sera la MSA, qui a la m\u00eame vocation que la CAF.<\/li>\n<\/ul>\n<h2>La prime de No\u00ebl en cas d&rsquo;arr\u00eat maladie<\/h2>\n<p>Vous devez savoir que l&rsquo;arr\u00eat maladie n\u2019est pas un facteur qui emp\u00eache le droit \u00e0 la prime de No\u00ebl CAF ou MSA. Le seul crit\u00e8re qui rentre en compte est l\u2019allocation ou non \u00e0 une des aides \u00e9ligibles.<\/p>\n<p>Ce qui signifie que la <a href=\"https:\/\/www.mes-allocs.fr\/guides\/prime-de-noel\/conditions-prime-de-noel\/prime-de-noel-arret-maladie\/\">prime de No\u00ebl en arr\u00eat maladie<\/a> est vers\u00e9e au cas par cas. Certaines situations vont permettre le versement de la prime de No\u00ebl tandis que d\u2019autres vont l\u2019emp\u00eacher.<\/p>\n<h2>La prime de No\u00ebl selon la composition du foyer<\/h2>\n<p>Le montant de la prime de No\u00ebl d\u00e9pend de la composition de votre foyer (nombre d&rsquo;enfants \u00e0 charge) et de votre situation matrimoniale (en couple, c\u00e9libataire, garde altern\u00e9e ou parent isol\u00e9). Ce qui signifie qu&rsquo;il est important de bien d\u00e9clarer ses informations aupr\u00e8s de votre organisme verseur !<\/p>\n<p>Mais attention, cela vaut seulement pour la prime de No\u00ebl CAF ou MSA. France Travail, lui, ne prend pas en compte cet \u00e9l\u00e9ment puisque le montant de la prime est forfaitaire.<\/p>\n<h2>Les cas des familles monoparentales<\/h2>\n<p>Pendant de nombreuses ann\u00e9es, les parents isol\u00e9s b\u00e9n\u00e9ficiaient d\u2019une <strong>majoration<\/strong> sp\u00e9cifique de la prime de No\u00ebl, qui repr\u00e9sentait un suppl\u00e9ment de 35 % du montant vers\u00e9 par la CAF ou la MSA. Ce coup de pouce suppl\u00e9mentaire visait \u00e0 compenser les charges plus lourdes auxquelles doivent faire face les familles monoparentales.<\/p>\n<p>Cependant, cette majoration a \u00e9t\u00e9 supprim\u00e9e \u00e0 partir de d\u00e9cembre 2024. En 2025, les familles monoparentales per\u00e7oivent donc la prime de No\u00ebl dans les m\u00eames conditions que les autres foyers b\u00e9n\u00e9ficiaires. Le montant <strong>d\u00e9pend d\u00e9sormais uniquement de la composition familiale<\/strong> (nombre d\u2019enfants \u00e0 charge, situation matrimoniale), mais plus du statut de parent isol\u00e9.<\/p>\n<h1>Les exclusions : qui n\u2019a pas droit \u00e0 la prime de No\u00ebl ?<\/h1>\n<p>M\u00eame si plus de 2,2 millions de m\u00e9nages per\u00e7oivent chaque ann\u00e9e la prime de No\u00ebl, certains statuts en sont exclus. Cela concerne notamment :<\/p>\n<ul>\n<li>Les demandeurs d\u2019emploi qui per\u00e7oivent l\u2019Allocation d\u2019aide au Retour \u00e0 l\u2019Emploi (ARE)<\/li>\n<li>Les b\u00e9n\u00e9ficiaires de l\u2019Allocation aux Adultes Handicap\u00e9s (AAH)<\/li>\n<li>Les retrait\u00e9s qui touchent l\u2019ASPA (minimum vieillesse), sauf cas particuliers li\u00e9s \u00e0 l\u2019AER (Allocation \u00e9quivalent retraite)<\/li>\n<li>Les salari\u00e9s qui ne rel\u00e8vent pas d\u2019un dispositif contractuel ou conventionnel dans leur entreprise (dans le cas de la prime de No\u00ebl vers\u00e9e par l&#8217;employeur)<\/li>\n<\/ul>\n<h1>Pourquoi des conditions sont \u00e0 remplir pour b\u00e9n\u00e9ficier de la prime de No\u00ebl ?<\/h1>\n<p data-sourcepos=\"5:1-5:302\">La prime de No\u00ebl est une aide financi\u00e8re exceptionnelle qui a pour but de soutenir les m\u00e9nages les plus modestes durant les p\u00e9riodes de f\u00eates. <strong>L&rsquo;objectif principal de cette prime de No\u00ebl est donc de permettre \u00e0 ces foyers de faire face aux d\u00e9penses suppl\u00e9mentaires li\u00e9es \u00e0 No\u00ebl tout en maintenant un niveau de vie d\u00e9cent.<\/strong><\/p>\n<p data-sourcepos=\"7:1-7:241\"><strong>C&rsquo;est pourquoi l&rsquo;acc\u00e8s \u00e0 cette aide est conditionn\u00e9 \u00e0 certains crit\u00e8res sociaux et \u00e9conomiques.<\/strong> En effet, si la prime de No\u00ebl \u00e9tait ouverte \u00e0 tous, cela pourrait compromettre sa capacit\u00e9 \u00e0 atteindre son objectif premier.<\/p>\n<h1>Quelles sont les conditions pour toucher le montant maximum de la prime de No\u00ebl ?<\/h1>\n<p>Le montant de la prime de No\u00ebl varie en fonction de plusieurs crit\u00e8res :<\/p>\n<ul>\n<li>La situation familiale (nombre d&rsquo;enfants \u00e0 charge)<\/li>\n<li>La situation matrimoniale (couple ou seul(e))<\/li>\n<\/ul>\n<p>Pour toucher le montant maximal de cette prime, il est n\u00e9cessaire de r\u00e9unir un ensemble de conditions sp\u00e9cifiques. Un foyer avec un nombre \u00e9lev\u00e9 d&rsquo;enfants \u00e0 charge aura droit \u00e0 un montant de prime plus \u00e9lev\u00e9. Les ressources du foyer ne doivent pas d\u00e9passer un certain plafond pour pr\u00e9tendre au montant maximal.<\/p>\n<p>Ce qui veut dire que pour toucher le montant maximal de la prime de No\u00ebl, il faut avoir une situation familiale avec un nombre d&rsquo;enfants important et des revenus modestes.<\/p>\n<h1>Comment s&rsquo;assurer de respecter les conditions pour b\u00e9n\u00e9ficier de la prime de No\u00ebl ?<\/h1>\n<h2>Comprendre les conditions d&rsquo;\u00e9ligibilit\u00e9<\/h2>\n<p>Tout d&rsquo;abord, nous vous conseillons fortement de bien comprendre les conditions d&rsquo;\u00e9ligibilit\u00e9 car celles-ci peuvent \u00eatre subtiles dans certains cas. Le plus judicieux est donc de se renseigner au maximum sur tous les cas possibles et sur celui qui vous concerne personnellement.<\/p>\n<h2>Faire une simulation sur Mes Allocs<\/h2>\n<p>Nous vous conseillons tout de m\u00eame de faire une simulation gr\u00e2ce \u00e0 notre<strong> simulateur gratuit<\/strong> pour vous assurer de ne pas faire d&rsquo;erreurs. En effet, notre simulateur vous donnera un <strong>r\u00e9sultat fiable en seulement quelques minutes<\/strong>. De plus, un de nos conseillers sera ravi de vous accompagner dans vos d\u00e9marches d&rsquo;aides.<\/p>\n<div class='cta-block'><div class='text'>Simulez votre prime de No\u00ebl en 2 min.<\/div><a href='https:\/\/www.mes-allocs.fr\/ab-app?origin=guides\/wp-json\/wp\/v2\/posts\/58944' class='app-button fit'>Simulation gratuite<\/a><\/div>\n","protected":false},"excerpt":{"rendered":"<p>[Mis \u00e0 jour le 04\/12\/2025] Chaque mois de d\u00e9cembre, la prime de No\u00ebl\u00a0vient apporter un coup de pouce financier \u00e0 des millions de foyers aux revenus modestes. Mise en place en 1998, cette aide exceptionnelle concerne environ 2,2 millions de m\u00e9nages.\u00a0Mais attention : tout le monde n\u2019y a pas droit. La prime de No\u00ebl est [&hellip;]<\/p>\n","protected":false},"author":20,"featured_media":58950,"comment_status":"closed","ping_status":"open","sticky":false,"template":"","format":"standard","meta":{"amp_status":"","footnotes":""},"categories":[31],"tags":[],"class_list":["post-58944","post","type-post","status-publish","format-standard","has-post-thumbnail","hentry","category-prime-de-noel"],"yoast_head":"<!-- This site is optimized with the Yoast SEO plugin v14.9 - https:\/\/yoast.com\/wordpress\/plugins\/seo\/ -->\n<title>Qui a droit \u00e0 la prime de No\u00ebl en 2025 ? | Mes-Allocs.fr<\/title>\n<meta name=\"description\" content=\"Vous pensez \u00eatre \u00e9ligible \u00e0 la prime de No\u00ebl ? D\u00e9couvrez qui a droit \u00e0 cette aide de fin d&#039;ann\u00e9e, et quelles sont les conditions en 2025.\" \/>\n<meta name=\"robots\" content=\"index, follow, max-snippet:-1, max-image-preview:large, max-video-preview:-1\" \/>\n<link rel=\"canonical\" href=\"https:\/\/www.mes-allocs.fr\/guides\/prime-de-noel\/conditions-prime-de-noel\/\" \/>\n<meta property=\"og:locale\" content=\"fr_FR\" \/>\n<meta property=\"og:type\" content=\"article\" \/>\n<meta property=\"og:title\" content=\"Qui a droit \u00e0 la prime de No\u00ebl en 2025 ? | Mes-Allocs.fr\" \/>\n<meta property=\"og:description\" content=\"Vous pensez \u00eatre \u00e9ligible \u00e0 la prime de No\u00ebl ? D\u00e9couvrez qui a droit \u00e0 cette aide de fin d&#039;ann\u00e9e, et quelles sont les conditions en 2025.\" \/>\n<meta property=\"og:url\" content=\"https:\/\/www.mes-allocs.fr\/guides\/prime-de-noel\/conditions-prime-de-noel\/\" \/>\n<meta property=\"og:site_name\" content=\"Mes-Allocs.fr\" \/>\n<meta property=\"article:published_time\" content=\"2022-11-29T11:08:28+00:00\" \/>\n<meta property=\"article:modified_time\" content=\"2025-12-04T16:54:44+00:00\" \/>\n<meta property=\"og:image\" content=\"https:\/\/www.mes-allocs.fr\/guides\/wp-content\/uploads\/2022\/11\/image_2022-11-29_114156345.png?wsr\" \/>\n\t<meta property=\"og:image:width\" content=\"1018\" \/>\n\t<meta property=\"og:image:height\" content=\"304\" \/>\n<meta name=\"twitter:card\" content=\"summary_large_image\" \/>\n<script type=\"application\/ld+json\" class=\"yoast-schema-graph\">{\"@context\":\"https:\/\/schema.org\",\"@graph\":[{\"@type\":\"WebSite\",\"@id\":\"https:\/\/www.mes-allocs.fr\/guides\/#website\",\"url\":\"https:\/\/www.mes-allocs.fr\/guides\/\",\"name\":\"Mes-Allocs.fr\",\"description\":\"\",\"potentialAction\":[{\"@type\":\"SearchAction\",\"target\":\"https:\/\/www.mes-allocs.fr\/guides\/?s={search_term_string}\",\"query-input\":\"required name=search_term_string\"}],\"inLanguage\":\"fr-FR\"},{\"@type\":\"ImageObject\",\"@id\":\"https:\/\/www.mes-allocs.fr\/guides\/prime-de-noel\/conditions-prime-de-noel\/#primaryimage\",\"inLanguage\":\"fr-FR\",\"url\":\"https:\/\/www.mes-allocs.fr\/guides\/wp-content\/uploads\/2022\/11\/image_2022-11-29_114156345.png?wsr\",\"width\":1018,\"height\":304,\"caption\":\"conditions prime de noel\"},{\"@type\":\"WebPage\",\"@id\":\"https:\/\/www.mes-allocs.fr\/guides\/prime-de-noel\/conditions-prime-de-noel\/#webpage\",\"url\":\"https:\/\/www.mes-allocs.fr\/guides\/prime-de-noel\/conditions-prime-de-noel\/\",\"name\":\"Qui a droit \\u00e0 la prime de No\\u00ebl en 2025 ? | Mes-Allocs.fr\",\"isPartOf\":{\"@id\":\"https:\/\/www.mes-allocs.fr\/guides\/#website\"},\"primaryImageOfPage\":{\"@id\":\"https:\/\/www.mes-allocs.fr\/guides\/prime-de-noel\/conditions-prime-de-noel\/#primaryimage\"},\"datePublished\":\"2022-11-29T11:08:28+00:00\",\"dateModified\":\"2025-12-04T16:54:44+00:00\",\"author\":{\"@id\":\"https:\/\/www.mes-allocs.fr\/guides\/#\/schema\/person\/eca732c2727a3765a4c66d5449689eae\"},\"description\":\"Vous pensez \\u00eatre \\u00e9ligible \\u00e0 la prime de No\\u00ebl ? D\\u00e9couvrez qui a droit \\u00e0 cette aide de fin d'ann\\u00e9e, et quelles sont les conditions en 2025.\",\"inLanguage\":\"fr-FR\"},{\"@type\":\"Person\",\"@id\":\"https:\/\/www.mes-allocs.fr\/guides\/#\/schema\/person\/eca732c2727a3765a4c66d5449689eae\",\"name\":\"Sandrine Tonton\",\"image\":{\"@type\":\"ImageObject\",\"@id\":\"https:\/\/www.mes-allocs.fr\/guides\/#personlogo\",\"inLanguage\":\"fr-FR\",\"url\":\"https:\/\/www.mes-allocs.fr\/guides\/wp-content\/uploads\/2022\/11\/IMG_20220508_002153_306-1-150x150.jpg\",\"caption\":\"Sandrine Tonton\"},\"description\":\"Sandrine est une r\\u00e9dactrice sp\\u00e9cialis\\u00e9e sur le th\\u00e8me du pouvoir d'achat. Elle rejoint l'\\u00e9quipe Mes Allocs en novembre 2022 afin de simplifier l'acc\\u00e8s \\u00e0 l'information sur les aides en g\\u00e9n\\u00e9ral.\",\"sameAs\":[\"https:\/\/www.linkedin.com\/in\/sandrine-tonton\/\"]}]}<\/script>\n<!-- \/ Yoast SEO plugin. -->","amp_validity":null,"acf":{"faq":{"1":{"question":"Qu'est-ce que la prime de No\u00ebl ? ","answer":"La prime de No\u00ebl est une aide sociale vers\u00e9e d\u00e8s le 16 d\u00e9cembre 2025 aux b\u00e9n\u00e9ficiaires des minima sociaux. Faites <a href=\"https:\/\/www.mes-allocs.fr\/simulation-aides\">la simulation gratuite<\/a> de prime de No\u00ebl directement sur le site de Mes Allocs."},"2":{"question":"Quelles sont les conditions li\u00e9es \u00e0 la prime de No\u00ebl ?","answer":"Les conditions li\u00e9es \u00e0 la prime de No\u00ebl peuvent varier en fonction de votre situation personnelle. La m\u00e9thode rapide pour conna\u00eetre votre \u00e9ligibilit\u00e9 est de faire <a href=\"https:\/\/www.mes-allocs.fr\/simulation-aides\">la simulation gratuite<\/a> de prime de No\u00ebl directement sur le site de Mes Allocs."},"3":{"question":"Comment demander la prime de No\u00ebl ?","answer":"La demande de la prime de No\u00ebl est prise en compte par la CAF, la MSA ou P\u00f4le Emploi. Pour conna\u00eetre le montant de votre prime de No\u00ebl, faites <a href=\"https:\/\/www.mes-allocs.fr\/simulation-aides\">une simulation gratuite de prime de No\u00ebl<\/a> sur le site de Mes Allocs."},"4":{"question":"Comment faire une simulation prime de No\u00ebl ?","answer":"Le plus simple pour savoir si vous \u00eates \u00e9ligible \u00e0 une aide sociale comme la prime de No\u00ebl, en fonction de votre situation, est de faire <a href=\"https:\/\/www.mes-allocs.fr\/simulation-aides\">la simulation gratuite<\/a> de prime de No\u00ebl directement sur le site de Mes Allocs."},"5":{"question":"Qui a droit \u00e0 la prime de No\u00ebl P\u00f4le Emploi ?","answer":"Pour avoir le droit \u00e0 la prime de No\u00ebl 2025, vous devez simplement b\u00e9n\u00e9ficier de l'un des minima sociaux ci-dessous durant le mois de novembre et\/ou d\u00e9cembre 2025."},"6":{"question":"Les ch\u00f4meurs ont-ils droit \u00e0 la prime de No\u00ebl ?","answer":"Si vous touchez l'Allocation de Retour \u00e0 l'Emploi (l'ARE c'est \u00e0 dire les allocations ch\u00f4mage), l'Allocation Adulte Handicap\u00e9 (l'AAH) ou encore le minimum vieillesse, vous n'avez malheureusement pas droit \u00e0 la prime de no\u00ebl."},"7":{"question":"","answer":""},"8":{"question":"","answer":""},"9":{"question":"","answer":""},"10":{"question":"","answer":""},"11":{"question":"","answer":""},"12":{"question":"","answer":""},"13":{"question":"","answer":""},"14":{"question":"","answer":""},"15":{"question":"","answer":""},"16":{"question":"","answer":""}}},"_links":{"self":[{"href":"https:\/\/www.mes-allocs.fr\/guides\/wp-json\/wp\/v2\/posts\/58944","targetHints":{"allow":["GET"]}}],"collection":[{"href":"https:\/\/www.mes-allocs.fr\/guides\/wp-json\/wp\/v2\/posts"}],"about":[{"href":"https:\/\/www.mes-allocs.fr\/guides\/wp-json\/wp\/v2\/types\/post"}],"author":[{"embeddable":true,"href":"https:\/\/www.mes-allocs.fr\/guides\/wp-json\/wp\/v2\/users\/20"}],"replies":[{"embeddable":true,"href":"https:\/\/www.mes-allocs.fr\/guides\/wp-json\/wp\/v2\/comments?post=58944"}],"version-history":[{"count":43,"href":"https:\/\/www.mes-allocs.fr\/guides\/wp-json\/wp\/v2\/posts\/58944\/revisions"}],"predecessor-version":[{"id":106386,"href":"https:\/\/www.mes-allocs.fr\/guides\/wp-json\/wp\/v2\/posts\/58944\/revisions\/106386"}],"wp:featuredmedia":[{"embeddable":true,"href":"https:\/\/www.mes-allocs.fr\/guides\/wp-json\/wp\/v2\/media\/58950"}],"wp:attachment":[{"href":"https:\/\/www.mes-allocs.fr\/guides\/wp-json\/wp\/v2\/media?parent=58944"}],"wp:term":[{"taxonomy":"category","embeddable":true,"href":"https:\/\/www.mes-allocs.fr\/guides\/wp-json\/wp\/v2\/categories?post=58944"},{"taxonomy":"post_tag","embeddable":true,"href":"https:\/\/www.mes-allocs.fr\/guides\/wp-json\/wp\/v2\/tags?post=58944"}],"curies":[{"name":"wp","href":"https:\/\/api.w.org\/{rel}","templated":true}]}}