{"id":57963,"date":"2022-11-14T16:38:27","date_gmt":"2022-11-14T14:38:27","guid":{"rendered":"https:\/\/www.mes-allocs.fr\/guides\/?p=57963"},"modified":"2025-08-29T11:16:53","modified_gmt":"2025-08-29T09:16:53","slug":"salaire-comptable","status":"publish","type":"post","link":"https:\/\/www.mes-allocs.fr\/guides\/reconversion-professionnelle\/aide-recherche-emploi\/recherche-emploi-comptable\/salaire-comptable\/","title":{"rendered":"Quel est le salaire d&rsquo;un comptable ?"},"content":{"rendered":"<p style=\"text-align: justify;\"><b><span class=\"sw\"><img loading=\"lazy\" decoding=\"async\" class=\"alignnone wp-image-57972 size-full\" title=\"salaire comptable\" src=\"https:\/\/www.mes-allocs.fr\/guides\/wp-content\/uploads\/2022\/11\/Quel-est-le-salaire-dans-la-comptabilite--e1668436629635.jpeg\" alt=\"salaire comptable\" width=\"1560\" height=\"358\" srcset=\"https:\/\/www.mes-allocs.fr\/guides\/wp-content\/uploads\/2022\/11\/Quel-est-le-salaire-dans-la-comptabilite--e1668436629635.jpeg 1560w, https:\/\/www.mes-allocs.fr\/guides\/wp-content\/uploads\/2022\/11\/Quel-est-le-salaire-dans-la-comptabilite--e1668436629635-300x69.jpeg 300w, https:\/\/www.mes-allocs.fr\/guides\/wp-content\/uploads\/2022\/11\/Quel-est-le-salaire-dans-la-comptabilite--e1668436629635-1024x235.jpeg 1024w, https:\/\/www.mes-allocs.fr\/guides\/wp-content\/uploads\/2022\/11\/Quel-est-le-salaire-dans-la-comptabilite--e1668436629635-768x176.jpeg 768w, https:\/\/www.mes-allocs.fr\/guides\/wp-content\/uploads\/2022\/11\/Quel-est-le-salaire-dans-la-comptabilite--e1668436629635-1536x352.jpeg 1536w, https:\/\/www.mes-allocs.fr\/guides\/wp-content\/uploads\/2022\/11\/Quel-est-le-salaire-dans-la-comptabilite--e1668436629635-600x138.jpeg 600w\" sizes=\"auto, (max-width: 1560px) 100vw, 1560px\" \/>Au sein de chaque\u00a0<\/span><span class=\"sw\">organisation, le comptable enregistre quotidiennement les d\u00e9penses, les recettes et les investissements financiers de l&rsquo;entreprise. La comptabilit\u00e9 offre de nombreuses opportunit\u00e9s, notamment dans le cadre d&rsquo;une <a href=\"https:\/\/www.mes-allocs.fr\/guides\/reconversion-professionnelle\/\">reconversion professionnelle<\/a>. Mais quel est le salaire du comptable ? Mes Allocs fait le point dans cet article.<\/span><\/b><\/p>\n<div class='cta-block'><div class='text'>Coaching \u00e0 distance pay\u00e9 par vos aides formation.<\/div><a href='https:\/\/www.formademia.fr\/formulaire\/coaching' class='app-button fit'>V\u00e9rifier votre \u00e9ligibilit\u00e9<\/a><\/div>\n<h1 style=\"text-align: justify;\">Rappel : en quoi consiste la comptabilit\u00e9 ?<\/h1>\n<h2>Quels sont les m\u00e9tiers du secteur de la comptabilit\u00e9<\/h2>\n<p style=\"text-align: justify;\"><b>Le\u00a0secteur de la comptabilit\u00e9 regroupe plusieurs m\u00e9tiers, dont le plus notable est celui de comptable. <\/b>Ce dernier est\u00a0essentiel au sein de toutes les entreprises.<\/p>\n<p style=\"text-align: justify;\"><b><span class=\"sw\">Dans<\/span> <span class=\"sw\">une<\/span> <span class=\"sw\">petite<\/span> <span class=\"sw\">entreprise,<\/span> <span class=\"sw\">un<\/span> <span class=\"sw\">seul<\/span> <span class=\"sw\">comptable<\/span> <span class=\"sw\">couvre<\/span> <span class=\"sw\">tous<\/span> <span class=\"sw\">les<\/span> <span class=\"sw\">domaines.<\/span> <\/b><span class=\"sw\">Il<\/span>\u00a0r\u00e9alise<span class=\"sw\"> la cl\u00f4ture des comptes des r\u00e9sultats annuels \u00e0 v\u00e9rifier par l&rsquo;expert comptable et \u00e0 faire certifier par le commissaire aux comptes. En\u00a0outre, il pr\u00e9pare les fiches de\u00a0paie des salari\u00e9s et les cotisations salariales,\u00a0fiscales et sociales.<\/span><\/p>\n<p>Vous souhaitez d\u00e9couvrir tous les m\u00e9tiers qui existent dans la comptabilit\u00e9 ? Faites-vous <a href=\"https:\/\/www.mes-allocs.fr\/guides\/reconversion-professionnelle\/aide-recherche-emploi\/\">accompagner dans votre recherche d\u2019emploi<\/a>\u00a0; des organismes sont l\u00e0 pour vous aider.<\/p>\n<h2>Dans quelle entreprise exerce le comptable ?<\/h2>\n<p class=\"amp-wp-7d27179\" data-amp-original-style=\"text-align: justify;\"><span class=\"sw\">Pour <a href=\"https:\/\/www.mes-allocs.fr\/guides\/reconversion-professionnelle\/aide-recherche-emploi\/recherche-emploi-comptable\/\">trouver un emploi de comptable<\/a><\/span><span class=\"sw\"> rapidement et r\u00e9int\u00e9grer le monde professionnel plus facilement, vous devez \u00eatre en mesure d&rsquo;identifier les entreprises qui sont susceptibles de rechercher un comptable.\u00a0<\/span><\/p>\n<p style=\"text-align: justify;\"><span class=\"sw\"><b>Au sein d&rsquo;une grande entreprise, le comptable exerce dans une \u00e9quipe et est sp\u00e9cialis\u00e9 (comptabilit\u00e9 clients ou fournisseurs, charg\u00e9 des paies,\u00a0comptable analytique, etc.).<\/b> Le\u00a0<\/span>professionnel travaille sous la responsabilit\u00e9 du chef comptable.<\/p>\n<p style=\"text-align: justify;\"><b><span class=\"sw\">Dans<\/span> <span class=\"sw\">un<\/span> <span class=\"sw\">cabinet<\/span> <span class=\"sw\">d&rsquo;expertise-<\/span><span class=\"sw\">comptable,<\/span> <span class=\"sw\">il<\/span> <span class=\"sw\">est<\/span> <span class=\"sw\">en<\/span> <span class=\"sw\">charge<\/span> <span class=\"sw\">de<\/span> <span class=\"sw\">divers<\/span> <\/b><span class=\"sw\"><b>dossiers d&rsquo;entreprises, en tant que collaborateur, sous la responsabilit\u00e9 de l&rsquo;expert-comptable.<\/b> Il peut aussi mener une action de conseil et une action commerciale de d\u00e9veloppement de son portefeuille clients.\u00a0<\/span><\/p>\n<p style=\"text-align: justify;\"><b>La profession <span class=\"sw\">comporte<\/span> <span class=\"sw\">des<\/span> <\/b><span class=\"sw\"><b>p\u00e9riodes charg\u00e9es et parfois stressantes, mais qui recrute r\u00e9guli\u00e8rement.<\/b> Une premi\u00e8re exp\u00e9rience est souvent exig\u00e9e.\u00a0<\/span><\/p>\n<p><iframe loading=\"lazy\" title=\"La reconversion professionnelle\" width=\"500\" height=\"281\" src=\"https:\/\/www.youtube.com\/embed\/EiVUthswxl0?feature=oembed\" frameborder=\"0\" allow=\"accelerometer; autoplay; clipboard-write; encrypted-media; gyroscope; picture-in-picture; web-share\" referrerpolicy=\"strict-origin-when-cross-origin\" allowfullscreen><\/iframe><\/p>\n<h1 style=\"text-align: justify;\">Quelle est la r\u00e9mun\u00e9ration du comptable ?<\/h1>\n<p style=\"text-align: justify;\">Le salaire d&rsquo;un comptable diff\u00e8re en fonction du statut professionnel.<\/p>\n<h2 style=\"text-align: justify;\">Le salaire d&rsquo;un comptable salari\u00e9<\/h2>\n<p style=\"text-align: justify;\">La r\u00e9mun\u00e9ration <span class=\"sw\">d&rsquo;un<\/span> <span class=\"sw\">comptable qui exerce en tant que salari\u00e9 dans le secteur priv\u00e9 est tr\u00e8s variable selon sa sp\u00e9cialisation m\u00e9tier, \u00e0 savoir comptable fiscaliste, comptable analytique, comptable bancaire, etc.\u00a0<\/span><\/p>\n<p style=\"text-align: justify;\"><b>Le comptable g\u00e9n\u00e9ral, employ\u00e9 dans <span class=\"sw\">tous<\/span>\u00a0<span class=\"sw\">type<\/span>\u00a0<span class=\"sw\">d&rsquo;entreprise, touche 2 330 euros brut par mois (1 817 euros nets) au d\u00e9but de sa carri\u00e8re.<\/span>\u00a0Apr\u00e8s plusieurs ann\u00e9es d&rsquo;exp\u00e9rience, la r\u00e9mun\u00e9ration mensuelle brute <span class=\"sw\">est<\/span> <span class=\"sw\">d&rsquo;environ<\/span> <span class=\"sw\">3<\/span> <span class=\"sw\">660<\/span>\u00a0euros\u00a0<span class=\"sw\">(2<\/span> <span class=\"sw\">855<\/span>\u00a0euros\u00a0<span class=\"sw\">nets).<\/span> <span class=\"sw\">En<\/span> <span class=\"sw\">tant<\/span> <span class=\"sw\">que<\/span> <span class=\"sw\">senior,<\/span> <span class=\"sw\">le<\/span> <span class=\"sw\">comptable<\/span> <span class=\"sw\">peut<\/span> <span class=\"sw\">toucher<\/span> <span class=\"sw\">un<\/span> <span class=\"sw\">salaire<\/span> <span class=\"sw\">total<\/span> <span class=\"sw\">de<\/span> <span class=\"sw\">5<\/span> <span class=\"sw\">000<\/span>\u00a0euros <span class=\"sw\">par<\/span> <span class=\"sw\">mois<\/span> <span class=\"sw\">(3<\/span> <span class=\"sw\">900<\/span>\u00a0euros\u00a0<span class=\"sw\">nets),<\/span> <span class=\"sw\">surtout<\/span> <span class=\"sw\">s&rsquo;il<\/span> <span class=\"sw\">travaille<\/span> <span class=\"sw\">pour<\/span> <span class=\"sw\">un grand\u00a0<\/span><span class=\"sw\">groupe.\u00a0<\/span><\/b><\/p>\n<p style=\"text-align: justify;\"><span class=\"sw\">Il<\/span> <span class=\"sw\">convient<\/span> <span class=\"sw\">de<\/span> <span class=\"sw\">noter<\/span> <span class=\"sw\">qu&rsquo;il<\/span> <span class=\"sw\">existe<\/span> <span class=\"sw\">une<\/span> <span class=\"sw\">grande<\/span> <span class=\"sw\">variation<\/span> <span class=\"sw\">dans<\/span> <span class=\"sw\">le<\/span> <span class=\"sw\">salaire<\/span> <span class=\"sw\">de<\/span> <span class=\"sw\">la<\/span> <span class=\"sw\">profession<\/span> <span class=\"sw\">comptable<\/span> <span class=\"sw\">selon<\/span> <span class=\"sw\">l&rsquo;endroit<\/span> d\u2019exercice. Un professionnel de la comptabilit\u00e9 avec 2 \u00e0 4 ann\u00e9es d\u2019exp\u00e9rience en cabinet re\u00e7oit un salaire 30 % plus \u00e9lev\u00e9 \u00e0 Paris et en \u00cele-de-France qu\u2019en province.<\/p>\n<p style=\"text-align: justify;\">La taille de l\u2019entreprise a \u00e9galement un r\u00f4le essentiel <span class=\"sw\">dans<\/span> <span class=\"sw\">la<\/span> <span class=\"sw\">r\u00e9mun\u00e9ration<\/span> <span class=\"sw\">du<\/span> <span class=\"sw\">comptable. <b>En effet, au sein d&rsquo;un cabinet de moins de 20 salari\u00e9s, un comptable ayant 2 \u00e0 4 ans d&rsquo;exp\u00e9rience per\u00e7oit au total 2 500\u00a0euros par mois (1 950\u00a0euros\u00a0nets) en\u00a0tant que d\u00e9butant \u00e0 Paris. Ce salaire s&rsquo;\u00e9l\u00e8ve \u00e0 2 750 euros de\u00a0salaire\u00a0brut par mois (2 145\u00a0euros de salaire net) pour un d\u00e9butant\u00a0dans la capitale dans une entreprise de plus de 50 salari\u00e9s.\u00a0<\/b><\/span><\/p>\n<p style=\"text-align: justify;\"><b>En plus de la r\u00e9mun\u00e9ration fixe, il est possible de b\u00e9n\u00e9ficier de <span class=\"sw\">primes<\/span> <span class=\"sw\">et<\/span> <span class=\"sw\">d&rsquo;avantages<\/span> <span class=\"sw\">tels<\/span> <span class=\"sw\">que<\/span> <span class=\"sw\">:\u00a0<\/span><\/b><\/p>\n<ul>\n<li style=\"text-align: justify;\">La prime de r\u00e9sultat, prime sur objectifs, bonus ;<\/li>\n<li style=\"text-align: justify;\">L&rsquo;int\u00e9ressement et participation aux b\u00e9n\u00e9fices de l\u2019entreprise ;<\/li>\n<li style=\"text-align: justify;\">La compl\u00e9mentaire retraite ;<\/li>\n<li style=\"text-align: justify;\">L&rsquo;abondement patronal sur son Plan \u00c9pargne Entreprise (PEE) ;<\/li>\n<li style=\"text-align: justify;\">Le compl\u00e9ment de salaire durant ses cong\u00e9s maladie ;<\/li>\n<li style=\"text-align: justify;\">Le cr\u00e9dit de temps pour \u00e9tudier ;<\/li>\n<li style=\"text-align: justify;\">Les bons d\u2019achat de son Comit\u00e9 d\u2019Entreprise (CE) ;<\/li>\n<li style=\"text-align: justify;\">La r\u00e9duction sur les produits con\u00e7us par l\u2019entreprise ;<\/li>\n<li style=\"text-align: justify;\">Les avantages en nature : logement, repas, t\u00e9l\u00e9phone, voiture, etc.<\/li>\n<\/ul>\n<p style=\"text-align: justify;\"><span class=\"sw\">Les<\/span> <span class=\"sw\">droits<\/span> <span class=\"sw\">professionnels<\/span> <span class=\"sw\">des<\/span> <span class=\"sw\">comptables<\/span> <span class=\"sw\">sont<\/span> <span class=\"sw\">r\u00e9gis<\/span> <span class=\"sw\">par<\/span> <span class=\"sw\">la Convention collective des Associations de gestion et de comptabilit\u00e9. Dans ce cadre, le comptable a droit \u00e0 2 jours et demi de cong\u00e9s pay\u00e9s par mois et profite aussi des jours f\u00e9ri\u00e9s.\u00a0<\/span><\/p>\n<p style=\"text-align: justify;\"><b>Vous pouvez \u00e9galement avoir des jours de cong\u00e9s suppl\u00e9mentaires dans les cas suivants :<\/b><\/p>\n<ul>\n<li style=\"text-align: justify;\">Mariage \/ PACS : 4 jours ;<\/li>\n<li style=\"text-align: justify;\">Naissance ou adoption : 3 jours ;<\/li>\n<li style=\"text-align: justify;\">Enfant malade : 3 jours non pay\u00e9s ;<\/li>\n<li style=\"text-align: justify;\">Etc.<\/li>\n<\/ul>\n<p style=\"text-align: justify;\"><span class=\"sw\">Les<\/span> <span class=\"sw\">heures<\/span> <span class=\"sw\">suppl\u00e9mentaires<\/span> <span class=\"sw\">du<\/span> <span class=\"sw\">comptable<\/span> <span class=\"sw\">sont<\/span> <span class=\"sw\">r\u00e9mun\u00e9r\u00e9es<\/span> <span class=\"sw\">ou<\/span> <span class=\"sw\">r\u00e9cup\u00e9r\u00e9es<\/span> <span class=\"sw\">par<\/span> <span class=\"sw\">un<\/span> <span class=\"sw\">repos<\/span> <span class=\"sw\">compensatoire.<\/span><\/p>\n<h2 style=\"text-align: justify;\">La r\u00e9mun\u00e9ration d&rsquo;un comptable ind\u00e9pendant<\/h2>\n<p style=\"text-align: justify;\"><span class=\"sw\">Pour <\/span><span class=\"sw\">calculer le salaire\u00a0du comptable en freelance, il faut prendre en compte les tarifs qu\u2019il propose et sa capacit\u00e9 \u00e0 trouver une client\u00e8le.<\/span><\/p>\n<p style=\"text-align: justify;\"><b><span class=\"sw\">Les<\/span> <span class=\"sw\">honoraires<\/span> <span class=\"sw\">journaliers<\/span> <span class=\"sw\">d&rsquo;un<\/span> <span class=\"sw\">comptable<\/span> <span class=\"sw\">ind\u00e9pendant<\/span> <span class=\"sw\">vont<\/span> <span class=\"sw\">de<\/span> <span class=\"sw\">125<\/span>\u00a0euros\u00a0<span class=\"sw\">\u00e0<\/span> <span class=\"sw\">400<\/span>\u00a0euros\u00a0<span class=\"sw\">par<\/span> <\/b><span class=\"sw\"><b>jour. <\/b>Elles diff\u00e8rent selon l&rsquo;exp\u00e9rience, de la sp\u00e9cialisation m\u00e9tier et de la r\u00e9putation sur le march\u00e9 du freelance.<\/span><\/p>\n<p style=\"text-align: justify;\"><b>Le tarif journalier du comptable freelance repr\u00e9sente son Chiffre d\u2019Affaires (CA) et pas sa r\u00e9mun\u00e9ration nette.<\/b> <span class=\"sw\">Il<\/span> <span class=\"sw\">est,\u00a0<\/span><span class=\"sw\">en<\/span> <span class=\"sw\">effet,<\/span> <span class=\"sw\">tenu<\/span> <span class=\"sw\">de<\/span> <span class=\"sw\">verser<\/span> <span class=\"sw\">des<\/span> <span class=\"sw\">cotisations<\/span> <span class=\"sw\">sociales<\/span> <span class=\"sw\">\u00e0<\/span> <span class=\"sw\">son<\/span> <span class=\"sw\">Centre de Formalit\u00e9s des Entreprises (CFE) et peut supporter des frais de fonctionnement (ordinateur, fauteuil, imprimante, logiciels de comptabilit\u00e9, etc.) dont il reste enti\u00e8rement responsable tant qu&rsquo;il ne facture pas la TVA (port\u00e9e \u00e0 72 600\u00a0euros\u00a0de chiffre d&rsquo;affaires annuel).\u00a0<\/span><\/p>\n<p style=\"text-align: justify;\"><b><span class=\"sw\">Lorsque<\/span> <span class=\"sw\">le<\/span> <span class=\"sw\">comptable<\/span> <span class=\"sw\">choisit<\/span> <span class=\"sw\">le<\/span> <span class=\"sw\">statut<\/span> <span class=\"sw\">de<\/span> <span class=\"sw\">micro-entrepreneur (ex auto-entrepreneur), il peut percevoir 60 % \u00e0 70 % de son chiffre d\u2019affaires. Au d\u00e9but de l&rsquo;activit\u00e9, il peut pr\u00e9tendre \u00e0 une r\u00e9duction de cotisations sociales pouvant aller jusqu&rsquo;\u00e0 50 %.\u00a0<\/span><\/b><\/p>\n<p style=\"text-align: justify;\">Si le comptable <span class=\"sw\">ind\u00e9pendant<\/span>\u00a0d\u00e9sire s<span class=\"sw\">\u2019associer, il doit privil\u00e9gier la SARL ou la SAS. Ces statuts juridiques permettent de b\u00e9n\u00e9ficier d&rsquo;une d\u00e9duction forfaitaire de 10 % des frais de fonctionnement en contrepartie des\u00a0d\u00e9penses professionnelles courantes (d\u00e9placements, repas, \u00e9lectricit\u00e9, petit mat\u00e9riel, etc.). Il facture la TVA, mais il peut la r\u00e9cup\u00e9rer partiellement aupr\u00e8s de l&rsquo;administration fiscale.\u00a0<\/span><\/p>\n<p style=\"text-align: justify;\"><b>En soit, <span class=\"sw\">un<\/span> <span class=\"sw\">comptable<\/span> <span class=\"sw\">ind\u00e9pendant<\/span> <span class=\"sw\">exp\u00e9riment\u00e9<\/span> <span class=\"sw\">peut<\/span> <span class=\"sw\">toucher<\/span> <span class=\"sw\">un<\/span> <span class=\"sw\">salaire<\/span> <span class=\"sw\">mensuel<\/span> <span class=\"sw\">de<\/span> <span class=\"sw\">5<\/span> <span class=\"sw\">780<\/span>\u00a0euros\u00a0<span class=\"sw\">net<\/span> <span class=\"sw\">par<\/span> <span class=\"sw\">mois<\/span> <span class=\"sw\">ou<\/span> <span class=\"sw\">plus,<\/span> <span class=\"sw\">selon<\/span> <span class=\"sw\">le volume d&rsquo;horaire<\/span>\u00a0<span class=\"sw\">travaill\u00e9.<\/span><\/b><\/p>\n<h2 style=\"text-align: justify;\">La r\u00e9mun\u00e9ration d&rsquo;un comptable dans la Fonction Publique<\/h2>\n<p style=\"text-align: justify;\"><b>Le salaire <span class=\"sw\">d&rsquo;un<\/span> <span class=\"sw\">fonctionnaire<\/span> <span class=\"sw\">est<\/span> <span class=\"sw\">d\u00e9termin\u00e9<\/span>\u00a0<span class=\"sw\">par<\/span> <span class=\"sw\">une grille indiciaire oscillant selon le grade auquel appartient le travailleur. Chaque grille comporte diff\u00e9rents \u00e9chelons, que le fonctionnaire gravit au fil des ann\u00e9es. \u00a0<\/span><\/b><\/p>\n<p style=\"text-align: justify;\">Au sein de la fonction publique, le professionnel appartient au grade d\u2019agent comptable d\u2019\u00c9tablissement Public \u00e0 Caract\u00e8re Scientifique, Culturel et Professionnel (EPCSCP).<\/p>\n<p style=\"text-align: justify;\"><b><span class=\"sw\">La<\/span> <span class=\"sw\">r\u00e9mun\u00e9ration<\/span> <span class=\"sw\">du<\/span> <span class=\"sw\">comptable<\/span> <span class=\"sw\">varie<\/span> <span class=\"sw\">selon<\/span> <span class=\"sw\">l&rsquo;\u00e9tablissement<\/span> <span class=\"sw\">dans<\/span> <span class=\"sw\">lequel<\/span> <span class=\"sw\">il<\/span> <span class=\"sw\">travaille.<\/span> <span class=\"sw\">En<\/span> <span class=\"sw\">effet,<\/span> <span class=\"sw\">les<\/span> <span class=\"sw\">\u00e9tablissements<\/span> <span class=\"sw\">publics<\/span> <span class=\"sw\">o\u00f9 exercent les comptables sont organis\u00e9s en quatre groupes, chacun avec une grille diff\u00e9rente :\u00a0<\/span><\/b><\/p>\n<ul>\n<li style=\"text-align: justify;\">Groupe III : l&rsquo;agent touche entre 2 769 euros et 3\u00a0889 euros brut par mois ;<\/li>\n<li style=\"text-align: justify;\">Groupe II : le comptable per\u00e7oit entre 2 943 euros et 4 555 euros bruts mensuels ;<\/li>\n<li style=\"text-align: justify;\">Groupe I : le professionnel gagne entre 3 126 euros et 5 000 euros bruts par mois ;<\/li>\n<li style=\"text-align: justify;\">Groupe sup\u00e9rieur : le comptable touche entre 3 374 euros et 5 267 euros brut par mois.<\/li>\n<\/ul>\n<p style=\"text-align: justify;\"><b><span class=\"sw\">Son<\/span> <span class=\"sw\">statut<\/span> <span class=\"sw\">de<\/span> <span class=\"sw\">fonctionnaire<\/span> <span class=\"sw\">lui<\/span> <span class=\"sw\">permet<\/span> <span class=\"sw\">\u00e9galement<\/span> <span class=\"sw\">de<\/span> <span class=\"sw\">percevoir<\/span> <span class=\"sw\">un<\/span> <span class=\"sw\">certain<\/span> <span class=\"sw\">nombre<\/span> <span class=\"sw\">de<\/span> <span class=\"sw\">primes<\/span> <span class=\"sw\">et<\/span> <span class=\"sw\">indemnit\u00e9s<\/span> <span class=\"sw\">selon<\/span>\u00a0la\u00a0<span class=\"sw\">situation, \u00e0 savoir<\/span> <span class=\"sw\">:<\/span><\/b><\/p>\n<ul>\n<li style=\"text-align: justify;\">L\u2019Indemnit\u00e9 de Fonctions, Suj\u00e9tions et d\u2019Expertise \u2013 Agent Comptable (IFSE \u2013 AC) ;<\/li>\n<li style=\"text-align: justify;\">La Garantie Individuelle du Pouvoir d\u2019Achat (GIPA) : mais attention, en 2025, cette indemnit\u00e9 n&rsquo;est pas reconduite ;<\/li>\n<li style=\"text-align: justify;\">Le Compl\u00e9ment Indemnitaire de Restructuration (CIR) ;<\/li>\n<li style=\"text-align: justify;\">Le Suppl\u00e9ment Familial de Traitement (SFT) ;<\/li>\n<li style=\"text-align: justify;\">L\u2019Indemnit\u00e9 de R\u00e9sidence (IR) ;<\/li>\n<li style=\"text-align: justify;\">Etc.<\/li>\n<\/ul>\n<p>Pour aller plus loin, d\u00e9couvrez la <a href=\"https:\/\/www.mes-allocs.fr\/guides\/reconversion-professionnelle\/aide-recherche-emploi\/recherche-emploi-comptable\/fiche-metier-comptable\/\">fiche m\u00e9tier du comptable<\/a> !<\/p>\n<div class='cta-block'><div class='text'>Coaching \u00e0 distance pay\u00e9 par vos aides formation.<\/div><a href='https:\/\/www.formademia.fr\/formulaire\/coaching' class='app-button fit'>V\u00e9rifier votre \u00e9ligibilit\u00e9<\/a><\/div>\n","protected":false},"excerpt":{"rendered":"<p>Au sein de chaque\u00a0organisation, le comptable enregistre quotidiennement les d\u00e9penses, les recettes et les investissements financiers de l&rsquo;entreprise. La comptabilit\u00e9 offre de nombreuses opportunit\u00e9s, notamment dans le cadre d&rsquo;une reconversion professionnelle. Mais quel est le salaire du comptable ? Mes Allocs fait le point dans cet article. Rappel : en quoi consiste la comptabilit\u00e9 ? [&hellip;]<\/p>\n","protected":false},"author":14,"featured_media":57970,"comment_status":"closed","ping_status":"open","sticky":false,"template":"","format":"standard","meta":{"amp_status":"","footnotes":""},"categories":[8789,17709,5081],"tags":[],"class_list":["post-57963","post","type-post","status-publish","format-standard","has-post-thumbnail","hentry","category-aide-recherche-emploi","category-recherche-emploi-comptable","category-reconversion-professionnelle"],"yoast_head":"<!-- This site is optimized with the Yoast SEO plugin v14.9 - https:\/\/yoast.com\/wordpress\/plugins\/seo\/ -->\n<title>Quel est le salaire d&#039;un comptable ? | Mes-Allocs.fr<\/title>\n<meta name=\"description\" content=\"Le comptable enregistre quotidiennement les d\u00e9penses, les recettes et les investissements de l&#039;entreprise. Mais quel est son salaire ?\" \/>\n<meta name=\"robots\" content=\"index, follow, max-snippet:-1, max-image-preview:large, max-video-preview:-1\" \/>\n<link rel=\"canonical\" href=\"https:\/\/www.mes-allocs.fr\/guides\/reconversion-professionnelle\/aide-recherche-emploi\/recherche-emploi-comptable\/salaire-comptable\/\" \/>\n<meta property=\"og:locale\" content=\"fr_FR\" \/>\n<meta property=\"og:type\" content=\"article\" \/>\n<meta property=\"og:title\" content=\"Quel est le salaire d&#039;un comptable ? | Mes-Allocs.fr\" \/>\n<meta property=\"og:description\" content=\"Le comptable enregistre quotidiennement les d\u00e9penses, les recettes et les investissements de l&#039;entreprise. Mais quel est son salaire ?\" \/>\n<meta property=\"og:url\" content=\"https:\/\/www.mes-allocs.fr\/guides\/reconversion-professionnelle\/aide-recherche-emploi\/recherche-emploi-comptable\/salaire-comptable\/\" \/>\n<meta property=\"og:site_name\" content=\"Mes-Allocs.fr\" \/>\n<meta property=\"article:published_time\" content=\"2022-11-14T14:38:27+00:00\" \/>\n<meta property=\"article:modified_time\" content=\"2025-08-29T09:16:53+00:00\" \/>\n<meta property=\"og:image\" content=\"https:\/\/www.mes-allocs.fr\/guides\/wp-content\/uploads\/2022\/11\/Quel-est-le-salaire-dans-la-comptabilite-2.jpeg?wsr\" \/>\n\t<meta property=\"og:image:width\" content=\"612\" \/>\n\t<meta property=\"og:image:height\" content=\"408\" \/>\n<meta name=\"twitter:card\" content=\"summary_large_image\" \/>\n<script type=\"application\/ld+json\" class=\"yoast-schema-graph\">{\"@context\":\"https:\/\/schema.org\",\"@graph\":[{\"@type\":\"WebSite\",\"@id\":\"https:\/\/www.mes-allocs.fr\/guides\/#website\",\"url\":\"https:\/\/www.mes-allocs.fr\/guides\/\",\"name\":\"Mes-Allocs.fr\",\"description\":\"\",\"potentialAction\":[{\"@type\":\"SearchAction\",\"target\":\"https:\/\/www.mes-allocs.fr\/guides\/?s={search_term_string}\",\"query-input\":\"required name=search_term_string\"}],\"inLanguage\":\"fr-FR\"},{\"@type\":\"ImageObject\",\"@id\":\"https:\/\/www.mes-allocs.fr\/guides\/reconversion-professionnelle\/aide-recherche-emploi\/recherche-emploi-comptable\/salaire-comptable\/#primaryimage\",\"inLanguage\":\"fr-FR\",\"url\":\"https:\/\/www.mes-allocs.fr\/guides\/wp-content\/uploads\/2022\/11\/Quel-est-le-salaire-dans-la-comptabilite-2.jpeg?wsr\",\"width\":612,\"height\":408,\"caption\":\"salaire comptable\"},{\"@type\":\"WebPage\",\"@id\":\"https:\/\/www.mes-allocs.fr\/guides\/reconversion-professionnelle\/aide-recherche-emploi\/recherche-emploi-comptable\/salaire-comptable\/#webpage\",\"url\":\"https:\/\/www.mes-allocs.fr\/guides\/reconversion-professionnelle\/aide-recherche-emploi\/recherche-emploi-comptable\/salaire-comptable\/\",\"name\":\"Quel est le salaire d'un comptable ? | Mes-Allocs.fr\",\"isPartOf\":{\"@id\":\"https:\/\/www.mes-allocs.fr\/guides\/#website\"},\"primaryImageOfPage\":{\"@id\":\"https:\/\/www.mes-allocs.fr\/guides\/reconversion-professionnelle\/aide-recherche-emploi\/recherche-emploi-comptable\/salaire-comptable\/#primaryimage\"},\"datePublished\":\"2022-11-14T14:38:27+00:00\",\"dateModified\":\"2025-08-29T09:16:53+00:00\",\"author\":{\"@id\":\"https:\/\/www.mes-allocs.fr\/guides\/#\/schema\/person\/a3de97298fd0ffc005ebdd5628b03ca8\"},\"description\":\"Le comptable enregistre quotidiennement les d\\u00e9penses, les recettes et les investissements de l'entreprise. Mais quel est son salaire ?\",\"inLanguage\":\"fr-FR\"},{\"@type\":\"Person\",\"@id\":\"https:\/\/www.mes-allocs.fr\/guides\/#\/schema\/person\/a3de97298fd0ffc005ebdd5628b03ca8\",\"name\":\"Marina Ada Ondo\",\"image\":{\"@type\":\"ImageObject\",\"@id\":\"https:\/\/www.mes-allocs.fr\/guides\/#personlogo\",\"inLanguage\":\"fr-FR\",\"url\":\"https:\/\/www.mes-allocs.fr\/guides\/wp-content\/uploads\/2022\/02\/Photo-de-profil-150x150.png\",\"caption\":\"Marina Ada Ondo\"},\"description\":\"Marina est r\\u00e9dactrice au sein de l'\\u00e9quipe Mes Allocs, sp\\u00e9cialis\\u00e9e sur les aides aux jeunes. Dipl\\u00f4m\\u00e9e de l'ISFJ, elle rejoint Mes Allocs apr\\u00e8s une premi\\u00e8re exp\\u00e9rience en communication chez Little Africa, une agence de communication \\u00e0 Paris. Sur son temps libre, Marina lit beaucoup et passe ses dimanches au mus\\u00e9e.\",\"sameAs\":[\"https:\/\/www.linkedin.com\/in\/marinaadaondo\/\"]}]}<\/script>\n<!-- \/ Yoast SEO plugin. -->","amp_validity":null,"acf":{"faq":{"1":{"question":"Quel salaire avec un BTS comptabilit\u00e9 ?","answer":"Apr\u00e8s 3 \u00e0 5 ans d'exp\u00e9rience, le salaire avec un BTS comptabilit\u00e9 gestion (anciennement appel\u00e9 BTS CGO) d'un comptable est d'environ 37 000 \u20ac brut par an."},"2":{"question":"Quel est le comptable qui gagne le plus ?","answer":"Parmi tous les hauts de la finance et de la comptabilit\u00e9, le salaire du Directeur Administratif et Financier est celui qui est le plus cons\u00e9quent. "},"3":{"question":"Quel est le salaire d'une RH ?","answer":"Le salaire moyen d'un charg\u00e9 de ressources humaines est g\u00e9n\u00e9ralement compris entre 2 500 et 3 000 euros par mois. "},"4":{"question":"Quel dipl\u00f4me pour devenir comptable ?","answer":"Il faut 2 ans pour obtenir le BTS comptabilit\u00e9 et gestion ; 3 ans pour le BUT gestion des entreprises et des administrations, parcours gestion comptable fiscale et financi\u00e8re, une licence professionnelle ou le DCG (dipl\u00f4me de comptabilit\u00e9 et gestion)."},"5":{"question":"Quel bac pour la comptabilit\u00e9 ?","answer":"Pour devenir comptable, il est plut\u00f4t conseill\u00e9 de faire un bac g\u00e9n\u00e9ral (sp\u00e9cialit\u00e9s math\u00e9matiques ou sciences \u00e9conomiques et sociales, par exemple) ou un bac technologique STMG (sciences et technologies du management et de la gestion)."},"6":{"question":"Quel est le salaire moyen d'un banquier ?","answer":"Le salaire moyen d'un banquier est de 1 930 euros net environ."},"7":{"question":"","answer":""},"8":{"question":"","answer":""},"9":{"question":"","answer":""},"10":{"question":"","answer":""},"11":{"question":"","answer":""},"12":{"question":"","answer":""},"13":{"question":"","answer":""},"14":{"question":"","answer":""},"15":{"question":"","answer":""},"16":{"question":"","answer":""}}},"_links":{"self":[{"href":"https:\/\/www.mes-allocs.fr\/guides\/wp-json\/wp\/v2\/posts\/57963","targetHints":{"allow":["GET"]}}],"collection":[{"href":"https:\/\/www.mes-allocs.fr\/guides\/wp-json\/wp\/v2\/posts"}],"about":[{"href":"https:\/\/www.mes-allocs.fr\/guides\/wp-json\/wp\/v2\/types\/post"}],"author":[{"embeddable":true,"href":"https:\/\/www.mes-allocs.fr\/guides\/wp-json\/wp\/v2\/users\/14"}],"replies":[{"embeddable":true,"href":"https:\/\/www.mes-allocs.fr\/guides\/wp-json\/wp\/v2\/comments?post=57963"}],"version-history":[{"count":10,"href":"https:\/\/www.mes-allocs.fr\/guides\/wp-json\/wp\/v2\/posts\/57963\/revisions"}],"predecessor-version":[{"id":103542,"href":"https:\/\/www.mes-allocs.fr\/guides\/wp-json\/wp\/v2\/posts\/57963\/revisions\/103542"}],"wp:featuredmedia":[{"embeddable":true,"href":"https:\/\/www.mes-allocs.fr\/guides\/wp-json\/wp\/v2\/media\/57970"}],"wp:attachment":[{"href":"https:\/\/www.mes-allocs.fr\/guides\/wp-json\/wp\/v2\/media?parent=57963"}],"wp:term":[{"taxonomy":"category","embeddable":true,"href":"https:\/\/www.mes-allocs.fr\/guides\/wp-json\/wp\/v2\/categories?post=57963"},{"taxonomy":"post_tag","embeddable":true,"href":"https:\/\/www.mes-allocs.fr\/guides\/wp-json\/wp\/v2\/tags?post=57963"}],"curies":[{"name":"wp","href":"https:\/\/api.w.org\/{rel}","templated":true}]}}