{"id":57936,"date":"2022-11-10T17:15:17","date_gmt":"2022-11-10T15:15:17","guid":{"rendered":"https:\/\/www.mes-allocs.fr\/guides\/?p=57936"},"modified":"2025-07-18T16:26:55","modified_gmt":"2025-07-18T14:26:55","slug":"diplome-esthetique","status":"publish","type":"post","link":"https:\/\/www.mes-allocs.fr\/guides\/reconversion-professionnelle\/aide-recherche-emploi\/recherche-emploi-estheticienne\/diplome-esthetique\/","title":{"rendered":"Quels sont les dipl\u00f4mes d&rsquo;esth\u00e9tique ?"},"content":{"rendered":"<p style=\"text-align: justify;\"><b><img loading=\"lazy\" decoding=\"async\" class=\"alignnone wp-image-57957 size-full\" title=\"diplome esthetique\" src=\"https:\/\/www.mes-allocs.fr\/guides\/wp-content\/uploads\/2022\/11\/Esthetique-quels-etudes-pour-devenir-estheticienne--e1668093247104.jpeg\" alt=\"diplome esthetique\" width=\"1560\" height=\"339\" srcset=\"https:\/\/www.mes-allocs.fr\/guides\/wp-content\/uploads\/2022\/11\/Esthetique-quels-etudes-pour-devenir-estheticienne--e1668093247104.jpeg 1560w, https:\/\/www.mes-allocs.fr\/guides\/wp-content\/uploads\/2022\/11\/Esthetique-quels-etudes-pour-devenir-estheticienne--e1668093247104-300x65.jpeg 300w, https:\/\/www.mes-allocs.fr\/guides\/wp-content\/uploads\/2022\/11\/Esthetique-quels-etudes-pour-devenir-estheticienne--e1668093247104-1024x223.jpeg 1024w, https:\/\/www.mes-allocs.fr\/guides\/wp-content\/uploads\/2022\/11\/Esthetique-quels-etudes-pour-devenir-estheticienne--e1668093247104-768x167.jpeg 768w, https:\/\/www.mes-allocs.fr\/guides\/wp-content\/uploads\/2022\/11\/Esthetique-quels-etudes-pour-devenir-estheticienne--e1668093247104-1536x334.jpeg 1536w, https:\/\/www.mes-allocs.fr\/guides\/wp-content\/uploads\/2022\/11\/Esthetique-quels-etudes-pour-devenir-estheticienne--e1668093247104-600x130.jpeg 600w\" sizes=\"auto, (max-width: 1560px) 100vw, 1560px\" \/>Depuis plusieurs ann\u00e9es, les femmes, mais aussi les hommes,\u00a0<span class=\"sw\">utilisent<\/span> <span class=\"sw\">l&rsquo;esth\u00e9tique<\/span> <span class=\"sw\">pour<\/span> <span class=\"sw\">prendre<\/span> <span class=\"sw\">soin<\/span> <span class=\"sw\">de<\/span>\u00a0leurs\u00a0<span class=\"sw\">corps. Profession souvent n\u00e9glig\u00e9e, c\u2019est pourtant gr\u00e2ce aux professionnelles de l\u2019esth\u00e9tique que ces petits plaisirs sont rendus possibles. Vous aimez prendre soin des autres et souhaitez r\u00e9aliser une <a href=\"https:\/\/www.mes-allocs.fr\/guides\/reconversion-professionnelle\/\">reconversion\u00a0professionnelle<\/a> dans le domaine de l&rsquo;esth\u00e9tique ? D\u00e9couvrez quels sont les dipl\u00f4mes d&rsquo;esth\u00e9tique \u00e0 obtenir.\u00a0<\/span><\/b><\/p>\n<div class='cta-block'><div class='text'>Coaching \u00e0 distance pay\u00e9 par vos aides formation.<\/div><a href='https:\/\/www.formademia.fr\/formulaire\/coaching' class='app-button fit'>V\u00e9rifier votre \u00e9ligibilit\u00e9<\/a><\/div>\n<h1 style=\"text-align: justify;\">Quelques mots sur l&rsquo;esth\u00e9tique<\/h1>\n<h2>Pourquoi avoir recours \u00e0 une esth\u00e9ticienne ?<\/h2>\n<p style=\"text-align: justify;\"><b><span class=\"sw\">De<\/span> <span class=\"sw\">nombreuses<\/span> <span class=\"sw\">personnes<\/span> <span class=\"sw\">utilisent<\/span> <span class=\"sw\">les<\/span> <span class=\"sw\">services<\/span> <span class=\"sw\">d&rsquo;une<\/span> <\/b><span class=\"sw\"><b>esth\u00e9ticienne afin de s&rsquo;entretenir, s&#8217;embellir ou encore mettre en valeur son visage et corps.<\/b> Habituellement exerc\u00e9s par les femmes, les m\u00e9tiers de l&rsquo;esth\u00e9tique ne sont absolument pas ferm\u00e9s aux hommes. \u00a0<\/span><\/p>\n<p style=\"text-align: justify;\"><b>Ainsi, l&rsquo;esth\u00e9ticienne est une <span class=\"sw\">experte<\/span> <span class=\"sw\">dans<\/span> <span class=\"sw\">le<\/span> <span class=\"sw\">domaine<\/span> <span class=\"sw\">des<\/span> <span class=\"sw\">soins<\/span>\u00a0de beaut\u00e9. Elle\u00a0<span class=\"sw\">peut<\/span> <span class=\"sw\">\u00eatre<\/span> <span class=\"sw\">amen\u00e9e<\/span> <span class=\"sw\">\u00e0<\/span> <span class=\"sw\">effectuer<\/span>\u00a0divers\u00a0types de soins, \u00e0 savoir\u00a0<span class=\"sw\">:<\/span><\/b><\/p>\n<ul>\n<li style=\"text-align: justify;\">Des \u00e9pilations ;<\/li>\n<li style=\"text-align: justify;\">Des maquillages ;<\/li>\n<li style=\"text-align: justify;\">Des massages relaxant (thalasso, etc.)<\/li>\n<li style=\"text-align: justify;\">Des soins esth\u00e9tiques (visage, corps, mains, pieds, etc.)<\/li>\n<li style=\"text-align: justify;\">Etc.<\/li>\n<\/ul>\n<p style=\"text-align: justify;\">En plus de ces t\u00e2ches, la professionnelle a aussi un r\u00f4le de conseil sur le choix des soins et des produits, <span class=\"sw\">afin<\/span> <span class=\"sw\">d&rsquo;apporter<\/span> \u00e0 chaque\u00a0client ce qui lui convient le mieux. <b><span class=\"sw\">Par<\/span> <span class=\"sw\">cons\u00e9quent, l<\/span>&lsquo;esth\u00e9ticienne doit poss\u00e9der <span class=\"sw\">une<\/span> <span class=\"sw\">connaissance<\/span> <span class=\"sw\">approfondie<\/span> <span class=\"sw\">des<\/span> <span class=\"sw\">produits<\/span> <span class=\"sw\">de<\/span> <\/b><span class=\"sw\"><b>beaut\u00e9 qu&rsquo;elle utilise, et ceux dont elle ne sert pas.<\/b>\u00a0<\/span><span class=\"sw\">Afin<\/span> <span class=\"sw\">de<\/span> <span class=\"sw\">conseiller<\/span> <span class=\"sw\">au<\/span> <span class=\"sw\">mieux<\/span> <span class=\"sw\">ses<\/span> <span class=\"sw\">clients, elle doit garder un \u0153il sur les derni\u00e8res tendances et tout savoir sur les nouveaux services susceptibles de plaire \u00e0 sa\u00a0client\u00e8le.<\/span><\/p>\n<div class=\"elementor-element elementor-element-5461f1f elementor-widget elementor-widget-heading\" data-id=\"5461f1f\" data-element_type=\"widget\" data-widget_type=\"heading.default\">\n<div class=\"elementor-widget-container\">\n<p>Vous souhaitez savoir si ce m\u00e9tier est celui qui vous correspond ? Faites-vous <a href=\"https:\/\/www.mes-allocs.fr\/guides\/reconversion-professionnelle\/aide-recherche-emploi\/\">aider dans votre recherche d\u2019emploi<\/a> ; des organismes sont l\u00e0 pour vous.<\/p>\n<p><iframe loading=\"lazy\" title=\"La reconversion professionnelle\" width=\"500\" height=\"281\" src=\"https:\/\/www.youtube.com\/embed\/EiVUthswxl0?feature=oembed\" frameborder=\"0\" allow=\"accelerometer; autoplay; clipboard-write; encrypted-media; gyroscope; picture-in-picture; web-share\" referrerpolicy=\"strict-origin-when-cross-origin\" allowfullscreen><\/iframe><\/p>\n<\/div>\n<\/div>\n<h2>Quelles sont les missions d&rsquo;une esth\u00e9ticienne ?<\/h2>\n<p style=\"text-align: justify;\"><span class=\"sw\">En esth\u00e9tique, vous assurerez certaines missions. Il est n\u00e9cessaire de les connaitre pour <a href=\"https:\/\/www.mes-allocs.fr\/guides\/reconversion-professionnelle\/aide-recherche-emploi\/recherche-emploi-estheticienne\/\">trouver un emploi d\u2019esth\u00e9ticienne<\/a><\/span><span class=\"sw\"> rapidement et r\u00e9int\u00e9grer le monde professionnel plus facilement.<\/span><\/p>\n<p style=\"text-align: justify;\"><b><span class=\"sw\">Les<\/span> <span class=\"sw\">missions<\/span> <span class=\"sw\">de<\/span> <span class=\"sw\">l&rsquo;esth\u00e9ticienne\u00a0cosm\u00e9ticienne<\/span> <span class=\"sw\">sont<\/span> <span class=\"sw\">extr\u00eamement <\/span><\/b><span class=\"sw\"><b>diverses.<\/b> En effet, au quotidien, elle s&rsquo;assure \u00e9galement de la propret\u00e9 de l\u2019institut de beaut\u00e9 dans lequel elle exerce, pr\u00e9pare le mat\u00e9riel pour les clients du jour et consulte r\u00e9guli\u00e8rement son planning.\u00a0<\/span><\/p>\n<p style=\"text-align: justify;\"><b>Pour exercer au mieux le m\u00e9tier d\u2019esth\u00e9ticienne, <span class=\"sw\">il<\/span> <span class=\"sw\">faut<\/span> <span class=\"sw\">\u00eatre<\/span> <span class=\"sw\">patient, avoir le sens du relationnel, de l\u2019\u00e9coute et surtout \u00eatre passionn\u00e9 par l&rsquo;industrie du bien-\u00eatre.\u00a0<\/span><\/b><\/p>\n<h1 style=\"text-align: justify;\">Quelles \u00e9tudes pour exercer dans l&rsquo;esth\u00e9tique ?<\/h1>\n<p style=\"text-align: justify;\">L\u2019esth\u00e9ticienne travaille <span class=\"sw\">principalement<\/span> <span class=\"sw\">dans<\/span> <span class=\"sw\">les<\/span> <span class=\"sw\">salons<\/span> <span class=\"sw\">de<\/span> <span class=\"sw\">beaut\u00e9,<\/span> <span class=\"sw\">mais<\/span> <span class=\"sw\">peut<\/span> <span class=\"sw\">aussi<\/span>\u00a0<span class=\"sw\">se<\/span> <span class=\"sw\">rendre<\/span> <span class=\"sw\">au<\/span> <span class=\"sw\">domicile<\/span> <span class=\"sw\">des<\/span> <span class=\"sw\">clients. <\/span><\/p>\n<p style=\"text-align: justify;\"><span class=\"sw\"><b>Cependant, afin de valoriser son profil sur le march\u00e9 de l&#8217;emploi, d\u2019\u00e9voluer plus vite ou de simplifier une reconversion, il est recommand\u00e9 de poursuivre\u00a0les\u00a0\u00e9tudes apr\u00e8s le CAP. Pour ce faire, 2 parcours sont accessibles, \u00e0 savoir :\u00a0<\/b><\/span><\/p>\n<ul>\n<li style=\"text-align: justify;\">Le cursus acad\u00e9mique : le Baccalaur\u00e9at Professionnel et le BTS Esth\u00e9tique Cosm\u00e9tique ;<\/li>\n<li style=\"text-align: justify;\">Le cursus artisanal : le Brevet Professionnel et le Brevet de Ma\u00eetrise Esth\u00e9tique Cosm\u00e9tique.<\/li>\n<\/ul>\n<p style=\"text-align: justify;\"><b>Le CAP (ou le Bac Pro) et le Brevet Pro permettent de former des techniciennes performantes qui peuvent effectuer tous les types de soins (visage, etc.), de conseiller et vendre des services et des produits adapt\u00e9s aux diff\u00e9rents types de peau, ainsi que de g\u00e9rer l\u2019organisation d\u2019un institut.<\/b><\/p>\n<p style=\"text-align: justify;\">Le BTS et le Brevet de Ma\u00eetrise <span class=\"sw\">permettent<\/span> <span class=\"sw\">d&rsquo;acc\u00e9der<\/span> <span class=\"sw\">plus<\/span> <span class=\"sw\">rapidement<\/span> <span class=\"sw\">\u00e0<\/span> <span class=\"sw\">des<\/span> <span class=\"sw\">emplois\u00a0<\/span><span class=\"sw\">\u00e0 haute responsabilit\u00e9 et \u00e0 des fonctions plus commerciales.<\/span><\/p>\n<h2 style=\"text-align: justify;\">CAP Esth\u00e9tique Cosm\u00e9tique<\/h2>\n<p style=\"text-align: justify;\"><b>Le CAP se pr\u00e9pare en lyc\u00e9e, en CFA ou en \u00e9cole priv\u00e9e :<\/b><\/p>\n<ul>\n<li style=\"text-align: justify;\">En 2 ans, si le candidat a termin\u00e9 sa classe de 3\u00e8me ;<\/li>\n<li style=\"text-align: justify;\">En 1 an, lorsque le candidat est titulaire d&rsquo;un dipl\u00f4me (\u00e0 partir du CAP\/BEP).<\/li>\n<\/ul>\n<p style=\"text-align: justify;\"><b>La formation peut \u00eatre suivie en format scolaire ou en alternance, ainsi :<\/b><\/p>\n<ul>\n<li style=\"text-align: justify;\">Les \u00e9tudiants en parcours initial <span class=\"sw\">effectuent<\/span> <span class=\"sw\">12<\/span> <span class=\"sw\">semaines<\/span> <span class=\"sw\">de<\/span> <span class=\"sw\">stage<\/span>\u00a0<span class=\"sw\">dans<\/span> <span class=\"sw\">un<\/span> <span class=\"sw\">institut ;<\/span><\/li>\n<li style=\"text-align: justify;\">Les apprentis <span class=\"sw\">partagent<\/span> <span class=\"sw\">leur<\/span> <span class=\"sw\">temps<\/span> <span class=\"sw\">entre<\/span> <span class=\"sw\">l&rsquo;\u00e9cole<\/span> <span class=\"sw\">et<\/span> <span class=\"sw\">l&rsquo;institut<\/span> <span class=\"sw\">qui<\/span> <span class=\"sw\">les<\/span> <span class=\"sw\">emploie. <\/span><\/li>\n<\/ul>\n<p style=\"text-align: justify;\"><span class=\"sw\">Si l&rsquo;apprenant est \u00e2g\u00e9 de moins de 25 ans, il peut signer un contrat d&rsquo;apprentissage ou un contrat de professionnalisation. \u00c0 partir de 26 ans, un contrat de professionnalisation doit \u00eatre sign\u00e9 pour \u00eatre admis en formation s&rsquo;il est demandeur d&#8217;emploi ou\u00a0b\u00e9n\u00e9ficiaire\u00a0du RSA.\u00a0<\/span><b>En alternance, la formation <span class=\"sw\">est<\/span> <span class=\"sw\">prise<\/span> <span class=\"sw\">en<\/span> <span class=\"sw\">charge<\/span> <span class=\"sw\">par<\/span> <span class=\"sw\">l&rsquo;entreprise,<\/span> <span class=\"sw\">en<\/span> <span class=\"sw\">fonction<\/span> <span class=\"sw\">du<\/span> <span class=\"sw\">statut<\/span> <span class=\"sw\">et<\/span> <span class=\"sw\">de l&rsquo;alternant.\u00a0<\/span><\/b><\/p>\n<p style=\"text-align: justify;\"><span class=\"sw\">Tout<\/span> <span class=\"sw\">au<\/span> <span class=\"sw\">long<\/span> <span class=\"sw\">du<\/span> <span class=\"sw\">cursus,<\/span> <span class=\"sw\">les<\/span> <span class=\"sw\">\u00e9tudiants<\/span> <span class=\"sw\">suivent<\/span> <span class=\"sw\">des<\/span> <span class=\"sw\">cours<\/span> <span class=\"sw\">g\u00e9n\u00e9raux<\/span> <span class=\"sw\">et<\/span> <span class=\"sw\">professionnels.\u00a0<\/span><b>La candidate\u00a0passe\u00a0des\u00a0<span class=\"sw\">\u00e9preuves<\/span> <span class=\"sw\">\u00e9crites<\/span> <span class=\"sw\">et<\/span>\u00a0des\u00a0<span class=\"sw\">examen<\/span> <span class=\"sw\">oraux<\/span>\u00a0<span class=\"sw\">\u00e0<\/span> <span class=\"sw\">la<\/span> <span class=\"sw\">fin<\/span> <span class=\"sw\">de<\/span> <span class=\"sw\">la<\/span> <span class=\"sw\">formation<\/span> <span class=\"sw\">pour<\/span> <span class=\"sw\">obtenir<\/span>\u00a0le\u00a0<\/b><span class=\"sw\"><b>dipl\u00f4me. <\/b>Apr\u00e8s l&rsquo;obtention du CAP, la laur\u00e9ate peut exercer dans un institut ou \u00e0 domicile en tant qu\u2019esth\u00e9ticienne. <b>Elle peut aussi d\u00e9cider de poursuivre ses \u00e9tudes pour perfectionner sa technique et apprendre \u00e0 g\u00e9rer un institut.<\/b><\/span><\/p>\n<h2 style=\"text-align: justify;\">Baccalaur\u00e9at Professionnel Esth\u00e9tique Cosm\u00e9tique<\/h2>\n<p style=\"text-align: justify;\"><b><span class=\"sw\">Directement<\/span> <span class=\"sw\">accessible<\/span> <span class=\"sw\">apr\u00e8s<\/span> <\/b><span class=\"sw\"><b>la 3e, le baccalaur\u00e9at professionnel dure 3 ans et donne acc\u00e8s au niveau d\u2019\u00e9tude du baccalaur\u00e9at, si vous souhaitez continuer les \u00e9tudes ou se r\u00e9orienter ult\u00e9rieurement.<\/b> Le cursus est accessible en format scolaire et en alternance (apprentissage ou professionnalisation) aux jeunes et aux adultes. N\u00e9anmoins, seuls les adultes demandeurs d\u2019emploi ou b\u00e9n\u00e9ficiaires d\u2019un minima social (RSA, ASS, etc.) peuvent signer un contrat de professionnalisation.\u00a0<\/span><\/p>\n<p style=\"text-align: justify;\"><b>Si la candidate <span class=\"sw\">est<\/span> <span class=\"sw\">d\u00e9j\u00e0<\/span> <span class=\"sw\">titulaire<\/span> <span class=\"sw\">d&rsquo;un<\/span> <span class=\"sw\">CAP,<\/span>\u00a0elle\u00a0<span class=\"sw\">peut<\/span> <span class=\"sw\">suivre<\/span> <span class=\"sw\">une<\/span> <span class=\"sw\">formation<\/span> <span class=\"sw\">en<\/span> <span class=\"sw\">deuxi\u00e8me<\/span> <span class=\"sw\">ann\u00e9e<\/span> <span class=\"sw\">(en<\/span>\u00a0<span class=\"sw\">classe de premi\u00e8re<\/span> <\/b><span class=\"sw\"><b>professionnelle). <\/b>Les enseignements g\u00e9n\u00e9raux et professionnels sont similaires, mais plus avanc\u00e9s que le CAP, et sont compl\u00e9t\u00e9s par un module d&rsquo;enseignement d&rsquo;\u00e9conomie et de gestion.\u00a0<\/span><\/p>\n<h1>Les formations qui pr\u00e9parent les esth\u00e9ticiennes<\/h1>\n<h2 style=\"text-align: justify;\">Brevet Professionnel (BP) Esth\u00e9tique Cosm\u00e9tique parfumerie<\/h2>\n<p style=\"text-align: justify;\"><b>Il s&rsquo;agit d&rsquo;une formation qui pr\u00e9pare des esth\u00e9ticiennes hautement qualifi\u00e9es. <\/b>Accessible apr\u00e8s le CAP, en alternance, en contrat d\u2019apprentissage ou de professionnalisation, les alternantes sont aussi r\u00e9mun\u00e9r\u00e9s pendant leur formation.<\/p>\n<p style=\"text-align: justify;\"><b><span class=\"sw\">Le<\/span> <span class=\"sw\">cursus<\/span> <span class=\"sw\">approfondit<\/span> <span class=\"sw\">les<\/span> <span class=\"sw\">techniques<\/span> <span class=\"sw\">de<\/span> <span class=\"sw\">soins<\/span> <span class=\"sw\">et<\/span> <span class=\"sw\">dispense<\/span> <span class=\"sw\">\u00e9galement<\/span> <span class=\"sw\">une<\/span> <span class=\"sw\">formation<\/span> <span class=\"sw\">aux<\/span> <span class=\"sw\">techniques<\/span> <span class=\"sw\">de<\/span> <span class=\"sw\">vente,<\/span> <span class=\"sw\">\u00e0<\/span> <span class=\"sw\">la<\/span> <span class=\"sw\">gestion<\/span> <span class=\"sw\">commerciale<\/span> <span class=\"sw\">et<\/span> <span class=\"sw\">\u00e0<\/span> <span class=\"sw\">la<\/span> <span class=\"sw\">comptabilit\u00e9<\/span> <span class=\"sw\">d&rsquo;un<\/span> <span class=\"sw\">institut<\/span> <span class=\"sw\">et<\/span> <span class=\"sw\">de<\/span> <span class=\"sw\">son<\/span> <\/b><span class=\"sw\"><b>personnel. <\/b>L\u2019esth\u00e9ticienne dipl\u00f4m\u00e9e d&rsquo;un Brevet Professionnel poss\u00e8de une parfaite connaissance\u00a0pour g\u00e9rer un \u00e9tablissement. Son niveau d&rsquo;\u00e9tude est \u00e9quivalent \u00e0 celui du baccalaur\u00e9at \u00e0 sa sortie d&rsquo;\u00e9cole.\u00a0<\/span><\/p>\n<h2 style=\"text-align: justify;\">BTS M\u00e9tiers de l\u2019Esth\u00e9tique Cosm\u00e9tique Parfumerie<\/h2>\n<p style=\"text-align: justify;\"><b><span class=\"sw\">Accessible<\/span> <span class=\"sw\">apr\u00e8s<\/span> <span class=\"sw\">le<\/span> <span class=\"sw\">bac,<\/span> <span class=\"sw\">le<\/span> <span class=\"sw\">brevet<\/span> <span class=\"sw\">de<\/span> <span class=\"sw\">technicien<\/span> <span class=\"sw\">sup\u00e9rieur<\/span> <span class=\"sw\">permet<\/span> <span class=\"sw\">aux<\/span> <span class=\"sw\">\u00e9l\u00e8ves<\/span> <span class=\"sw\">de<\/span> <span class=\"sw\">parfaire<\/span> <span class=\"sw\">les<\/span> <span class=\"sw\">techniques<\/span> <span class=\"sw\">esth\u00e9tiques<\/span> <span class=\"sw\">apprises<\/span> <span class=\"sw\">en<\/span> <span class=\"sw\">CAP<\/span> <span class=\"sw\">et<\/span>\u00a0bac\u00a0<\/b><span class=\"sw\"><b>Pro.<\/b> L\u2019obtention du BTS permet d\u2019avoir un niveau d\u2019\u00e9tude bac +2. <b>Afin de g\u00e9rer tous les aspects d\u2019un institut, en particulier lors du choix de l&rsquo;option management :\u00a0<\/b><\/span><\/p>\n<ul>\n<li style=\"text-align: justify;\">Gestion (tr\u00e9sorerie, stock, ressources humaines) ;<\/li>\n<li style=\"text-align: justify;\">Vente et op\u00e9rations commerciales ;<\/li>\n<li style=\"text-align: justify;\">Strat\u00e9gie de communication ;<\/li>\n<li style=\"text-align: justify;\">Service client et fid\u00e9lisation.<\/li>\n<\/ul>\n<p style=\"text-align: justify;\"><b>L\u2019\u00e9l\u00e8ve suit \u00e9galement des enseignements scientifiques, \u00e0 savoir :<\/b><\/p>\n<ul>\n<li style=\"text-align: justify;\">Physique et chimie ;<\/li>\n<li style=\"text-align: justify;\">Biochimie et biologie,<\/li>\n<li style=\"text-align: justify;\">Cosm\u00e9tologie.<\/li>\n<\/ul>\n<p style=\"text-align: justify;\">La formation dure 2 ans et peut \u00eatre suivie en alternance.<b> Il existe trois sp\u00e9cialisations possibles\u00a0:<\/b><\/p>\n<ul>\n<li style=\"text-align: justify;\">Management : les \u00e9l\u00e8ves sont form\u00e9s pour devenir des managers et g\u00e9rer un institut ;<\/li>\n<li style=\"text-align: justify;\">Cosm\u00e9tique : les \u00e9tudiants peuvent devenir des techniciens (recherche et d\u00e9veloppement, assistant chef de produit, etc.) ;<\/li>\n<li style=\"text-align: justify;\">Formation-marques : les apprenants sont sp\u00e9cialis\u00e9s dans l\u2019expertise des produits (animatrice, conseill\u00e8re, formatrice).<\/li>\n<\/ul>\n<h2 style=\"text-align: justify;\">Brevet de Ma\u00eetrise Esth\u00e9tique Cosm\u00e9tique<\/h2>\n<p style=\"text-align: justify;\">C&rsquo;est une formation accessible \u00e0 la suite d\u2019un BTS ou d&rsquo;un Brevet Pro. <b>\u00c0 l&rsquo;instar de ce dernier, cette formation artisanale se pr\u00e9pare en alternance dans les Chambres des M\u00e9tiers, dans des \u00e9coles priv\u00e9es soutenues par une chambre des m\u00e9tiers ou dans un CFA.\u00a0<\/b><\/p>\n<p style=\"text-align: justify;\"><b>Elle comprend diff\u00e9rents modules d&rsquo;enseignement.<\/b><\/p>\n<p style=\"text-align: justify;\"><b>Enseignements g\u00e9n\u00e9raux\u00a0:<\/b><\/p>\n<ul>\n<li style=\"text-align: justify;\">Entrepreneuriat ;<\/li>\n<li style=\"text-align: justify;\">Commerce ;<\/li>\n<li style=\"text-align: justify;\">Gestion \u00e9conomique et financi\u00e8re d\u2019une entreprise artisanale ;<\/li>\n<li style=\"text-align: justify;\">Gestion des ressources humaines ;<\/li>\n<li style=\"text-align: justify;\">Langues vivantes.<\/li>\n<\/ul>\n<p style=\"text-align: justify;\"><b>Enseignements professionnels\u00a0:<\/b><\/p>\n<ul>\n<li style=\"text-align: justify;\">Pratique esth\u00e9tique ;<\/li>\n<li style=\"text-align: justify;\">L\u00e9gislation ;<\/li>\n<li style=\"text-align: justify;\">Vente et achat ;<\/li>\n<li style=\"text-align: justify;\">Cosm\u00e9tologie ;<\/li>\n<li style=\"text-align: justify;\">Biologie, anatomie et biochimie ;<\/li>\n<li style=\"text-align: justify;\">Physique et chimie.<\/li>\n<\/ul>\n<p>Parcourez la\u00a0<a href=\"https:\/\/www.mes-allocs.fr\/guides\/reconversion-professionnelle\/aide-recherche-emploi\/recherche-emploi-estheticienne\/fiche-metier-estheticienne\/\">fiche m\u00e9tier<\/a> pour aller plus loin !<\/p>\n<div class='cta-block'><div class='text'>Coaching \u00e0 distance pay\u00e9 par vos aides formation.<\/div><a href='https:\/\/www.formademia.fr\/formulaire\/coaching' class='app-button fit'>V\u00e9rifier votre \u00e9ligibilit\u00e9<\/a><\/div>\n","protected":false},"excerpt":{"rendered":"<p>Depuis plusieurs ann\u00e9es, les femmes, mais aussi les hommes,\u00a0utilisent l&rsquo;esth\u00e9tique pour prendre soin de\u00a0leurs\u00a0corps. Profession souvent n\u00e9glig\u00e9e, c\u2019est pourtant gr\u00e2ce aux professionnelles de l\u2019esth\u00e9tique que ces petits plaisirs sont rendus possibles. Vous aimez prendre soin des autres et souhaitez r\u00e9aliser une reconversion\u00a0professionnelle dans le domaine de l&rsquo;esth\u00e9tique ? D\u00e9couvrez quels sont les dipl\u00f4mes d&rsquo;esth\u00e9tique \u00e0 [&hellip;]<\/p>\n","protected":false},"author":14,"featured_media":57955,"comment_status":"closed","ping_status":"open","sticky":false,"template":"","format":"standard","meta":{"amp_status":"","footnotes":""},"categories":[8789,13094,5081],"tags":[],"class_list":["post-57936","post","type-post","status-publish","format-standard","has-post-thumbnail","hentry","category-aide-recherche-emploi","category-recherche-emploi-estheticienne","category-reconversion-professionnelle"],"yoast_head":"<!-- This site is optimized with the Yoast SEO plugin v14.9 - https:\/\/yoast.com\/wordpress\/plugins\/seo\/ -->\n<title>Quels sont les dipl\u00f4mes d&#039;esth\u00e9tique ? | Mes-Allocs.fr<\/title>\n<meta name=\"description\" content=\"Les professionnels de l\u2019esth\u00e9tique prennent soin du corps. Mais savez-vous quels sont les dipl\u00f4mes d&#039;esth\u00e9tique ?\" \/>\n<meta name=\"robots\" content=\"index, follow, max-snippet:-1, max-image-preview:large, max-video-preview:-1\" \/>\n<link rel=\"canonical\" href=\"https:\/\/www.mes-allocs.fr\/guides\/reconversion-professionnelle\/aide-recherche-emploi\/recherche-emploi-estheticienne\/diplome-esthetique\/\" \/>\n<meta property=\"og:locale\" content=\"fr_FR\" \/>\n<meta property=\"og:type\" content=\"article\" \/>\n<meta property=\"og:title\" content=\"Quels sont les dipl\u00f4mes d&#039;esth\u00e9tique ? | Mes-Allocs.fr\" \/>\n<meta property=\"og:description\" content=\"Les professionnels de l\u2019esth\u00e9tique prennent soin du corps. Mais savez-vous quels sont les dipl\u00f4mes d&#039;esth\u00e9tique ?\" \/>\n<meta property=\"og:url\" content=\"https:\/\/www.mes-allocs.fr\/guides\/reconversion-professionnelle\/aide-recherche-emploi\/recherche-emploi-estheticienne\/diplome-esthetique\/\" \/>\n<meta property=\"og:site_name\" content=\"Mes-Allocs.fr\" \/>\n<meta property=\"article:published_time\" content=\"2022-11-10T15:15:17+00:00\" \/>\n<meta property=\"article:modified_time\" content=\"2025-07-18T14:26:55+00:00\" \/>\n<meta property=\"og:image\" content=\"https:\/\/www.mes-allocs.fr\/guides\/wp-content\/uploads\/2022\/11\/Esthetique-quels-etudes-pour-devenir-estheticienne-2.jpeg?wsr\" \/>\n\t<meta property=\"og:image:width\" content=\"612\" \/>\n\t<meta property=\"og:image:height\" content=\"408\" \/>\n<meta name=\"twitter:card\" content=\"summary_large_image\" \/>\n<script type=\"application\/ld+json\" class=\"yoast-schema-graph\">{\"@context\":\"https:\/\/schema.org\",\"@graph\":[{\"@type\":\"WebSite\",\"@id\":\"https:\/\/www.mes-allocs.fr\/guides\/#website\",\"url\":\"https:\/\/www.mes-allocs.fr\/guides\/\",\"name\":\"Mes-Allocs.fr\",\"description\":\"\",\"potentialAction\":[{\"@type\":\"SearchAction\",\"target\":\"https:\/\/www.mes-allocs.fr\/guides\/?s={search_term_string}\",\"query-input\":\"required name=search_term_string\"}],\"inLanguage\":\"fr-FR\"},{\"@type\":\"ImageObject\",\"@id\":\"https:\/\/www.mes-allocs.fr\/guides\/reconversion-professionnelle\/aide-recherche-emploi\/recherche-emploi-estheticienne\/diplome-esthetique\/#primaryimage\",\"inLanguage\":\"fr-FR\",\"url\":\"https:\/\/www.mes-allocs.fr\/guides\/wp-content\/uploads\/2022\/11\/Esthetique-quels-etudes-pour-devenir-estheticienne-2.jpeg?wsr\",\"width\":612,\"height\":408,\"caption\":\"Diplome esthetique\"},{\"@type\":\"WebPage\",\"@id\":\"https:\/\/www.mes-allocs.fr\/guides\/reconversion-professionnelle\/aide-recherche-emploi\/recherche-emploi-estheticienne\/diplome-esthetique\/#webpage\",\"url\":\"https:\/\/www.mes-allocs.fr\/guides\/reconversion-professionnelle\/aide-recherche-emploi\/recherche-emploi-estheticienne\/diplome-esthetique\/\",\"name\":\"Quels sont les dipl\\u00f4mes d'esth\\u00e9tique ? | Mes-Allocs.fr\",\"isPartOf\":{\"@id\":\"https:\/\/www.mes-allocs.fr\/guides\/#website\"},\"primaryImageOfPage\":{\"@id\":\"https:\/\/www.mes-allocs.fr\/guides\/reconversion-professionnelle\/aide-recherche-emploi\/recherche-emploi-estheticienne\/diplome-esthetique\/#primaryimage\"},\"datePublished\":\"2022-11-10T15:15:17+00:00\",\"dateModified\":\"2025-07-18T14:26:55+00:00\",\"author\":{\"@id\":\"https:\/\/www.mes-allocs.fr\/guides\/#\/schema\/person\/a3de97298fd0ffc005ebdd5628b03ca8\"},\"description\":\"Les professionnels de l\\u2019esth\\u00e9tique prennent soin du corps. Mais savez-vous quels sont les dipl\\u00f4mes d'esth\\u00e9tique ?\",\"inLanguage\":\"fr-FR\"},{\"@type\":\"Person\",\"@id\":\"https:\/\/www.mes-allocs.fr\/guides\/#\/schema\/person\/a3de97298fd0ffc005ebdd5628b03ca8\",\"name\":\"Marina Ada Ondo\",\"image\":{\"@type\":\"ImageObject\",\"@id\":\"https:\/\/www.mes-allocs.fr\/guides\/#personlogo\",\"inLanguage\":\"fr-FR\",\"url\":\"https:\/\/www.mes-allocs.fr\/guides\/wp-content\/uploads\/2022\/02\/Photo-de-profil-150x150.png\",\"caption\":\"Marina Ada Ondo\"},\"description\":\"Marina est r\\u00e9dactrice au sein de l'\\u00e9quipe Mes Allocs, sp\\u00e9cialis\\u00e9e sur les aides aux jeunes. Dipl\\u00f4m\\u00e9e de l'ISFJ, elle rejoint Mes Allocs apr\\u00e8s une premi\\u00e8re exp\\u00e9rience en communication chez Little Africa, une agence de communication \\u00e0 Paris. Sur son temps libre, Marina lit beaucoup et passe ses dimanches au mus\\u00e9e.\",\"sameAs\":[\"https:\/\/www.linkedin.com\/in\/marinaadaondo\/\"]}]}<\/script>\n<!-- \/ Yoast SEO plugin. -->","amp_validity":null,"acf":{"faq":{"1":{"question":"Quel est le salaire d'une esth\u00e9ticienne ?","answer":"Le salaire moyen d'une esth\u00e9ticienne en d\u00e9but de carri\u00e8re est compris entre 1 500 et 1 800 euros bruts par mois. Pour une personne pr\u00e9sentant un profil senior, avec plusieurs ann\u00e9es d'exp\u00e9rience, il sera possible de pr\u00e9tendre \u00e0 une r\u00e9mun\u00e9ration brute mensuelle d'environ 2 000 \u00e0 2 500 euros."},"2":{"question":"Comment devenir esth\u00e9ticienne apr\u00e8s le bac ?","answer":"Pour devenir esth\u00e9ticienne, vous devez obligatoirement avoir un CAP Esth\u00e9tique Cosm\u00e9tique et Parfumerie. "},"3":{"question":"Quels sont les inconv\u00e9nients du m\u00e9tier d'esth\u00e9ticienne ?","answer":"Les clients peuvent \u00eatre d'humeur difficile, surtout pendant les soins d'\u00e9pilation. Horaires irr\u00e9guliers. Le travail dans la station debout peut causer des probl\u00e8mes de dos et des probl\u00e8mes circulatoires."},"4":{"question":"Quel bac pro pour devenir esth\u00e9ticienne ?","answer":"Le titulaire du bac pro esth\u00e9tique cosm\u00e9tique parfumerie r\u00e9alise des soins esth\u00e9tiques et vend des services et des produits de parfumerie. "},"5":{"question":"Quel est le profil d'une esth\u00e9ticienne ?","answer":"L'esth\u00e9ticienne ma\u00eetrise parfaitement les techniques de soins du corps, les produits de beaut\u00e9, sans oublier les cosm\u00e9tiques qui mettront en valeur ses clients et clientes. Elle offre \u00e9galement astuces et conseils \u00e0 ses clients sur le choix des produits qu'ils doivent utiliser."},"6":{"question":"Qui peut ouvrir un salon d'esth\u00e9tique ?","answer":"Pour ouvrir un salon de beaut\u00e9, le dirigeant de la soci\u00e9t\u00e9 doit \u00eatre titulaire : d'un CPA, BEP dans le domaine de l'esth\u00e9tique. d'un BP (brevet professionnel) ou d'un BM (brevet de ma\u00eetrise dans le domaine de l'esth\u00e9tique."},"7":{"question":"","answer":""},"8":{"question":"","answer":""},"9":{"question":"","answer":""},"10":{"question":"","answer":""},"11":{"question":"","answer":""},"12":{"question":"","answer":""},"13":{"question":"","answer":""},"14":{"question":"","answer":""},"15":{"question":"","answer":""},"16":{"question":"","answer":""}}},"_links":{"self":[{"href":"https:\/\/www.mes-allocs.fr\/guides\/wp-json\/wp\/v2\/posts\/57936","targetHints":{"allow":["GET"]}}],"collection":[{"href":"https:\/\/www.mes-allocs.fr\/guides\/wp-json\/wp\/v2\/posts"}],"about":[{"href":"https:\/\/www.mes-allocs.fr\/guides\/wp-json\/wp\/v2\/types\/post"}],"author":[{"embeddable":true,"href":"https:\/\/www.mes-allocs.fr\/guides\/wp-json\/wp\/v2\/users\/14"}],"replies":[{"embeddable":true,"href":"https:\/\/www.mes-allocs.fr\/guides\/wp-json\/wp\/v2\/comments?post=57936"}],"version-history":[{"count":8,"href":"https:\/\/www.mes-allocs.fr\/guides\/wp-json\/wp\/v2\/posts\/57936\/revisions"}],"predecessor-version":[{"id":102770,"href":"https:\/\/www.mes-allocs.fr\/guides\/wp-json\/wp\/v2\/posts\/57936\/revisions\/102770"}],"wp:featuredmedia":[{"embeddable":true,"href":"https:\/\/www.mes-allocs.fr\/guides\/wp-json\/wp\/v2\/media\/57955"}],"wp:attachment":[{"href":"https:\/\/www.mes-allocs.fr\/guides\/wp-json\/wp\/v2\/media?parent=57936"}],"wp:term":[{"taxonomy":"category","embeddable":true,"href":"https:\/\/www.mes-allocs.fr\/guides\/wp-json\/wp\/v2\/categories?post=57936"},{"taxonomy":"post_tag","embeddable":true,"href":"https:\/\/www.mes-allocs.fr\/guides\/wp-json\/wp\/v2\/tags?post=57936"}],"curies":[{"name":"wp","href":"https:\/\/api.w.org\/{rel}","templated":true}]}}