{"id":57771,"date":"2022-11-08T17:27:15","date_gmt":"2022-11-08T15:27:15","guid":{"rendered":"https:\/\/www.mes-allocs.fr\/guides\/?p=57771"},"modified":"2026-03-20T11:16:53","modified_gmt":"2026-03-20T10:16:53","slug":"pension-alimentaire","status":"publish","type":"post","link":"https:\/\/www.mes-allocs.fr\/guides\/impot-sur-le-revenu\/deduction-dimpot\/pension-alimentaire\/","title":{"rendered":"Pensions alimentaires : quelle d\u00e9duction d&rsquo;imp\u00f4t en 2026 ?"},"content":{"rendered":"<p style=\"text-align: justify;\">[Mis \u00e0 jour le 13\/03\/2026] Si vous versez ou recevez une <strong>pension alimentaire<\/strong> en 2026, vous devez le d\u00e9clarer aux imp\u00f4ts. Une pension alimentaire <span class=\"sw\">peut<\/span> <span class=\"sw\">\u00eatre<\/span> <span class=\"sw\">consid\u00e9r\u00e9e<\/span>\u00a0<span class=\"sw\">comme<\/span> <span class=\"sw\">faisant<\/span> <span class=\"sw\">partie<\/span> <span class=\"sw\">de<\/span> <span class=\"sw\">vos<\/span> <span class=\"sw\">revenus<\/span> <span class=\"sw\">ou<\/span> <span class=\"sw\">inversement, permettant de b\u00e9n\u00e9ficier d&rsquo;une <a href=\"https:\/\/www.mes-allocs.fr\/guides\/impot-sur-le-revenu\/deduction-dimpot\/\">d\u00e9duction fiscale<\/a>. Mes Allocs vous explique quelles pensions alimentaires vous pouvez d\u00e9duire de vos imp\u00f4ts en 2026.<\/span><\/p>\n<div class='cta-block'><div class='text'>Simulez votre imp\u00f4t sur le revenu.<\/div><a href='https:\/\/www.mes-allocs.fr\/simulation-impots?origin=guides\/wp-json\/wp\/v2\/posts\/57771' class='app-button fit'>Simulation gratuite<\/a><\/div>\n<h1 style=\"text-align: justify;\">Quelles sont les pensions alimentaires d\u00e9ductibles d\u2019imp\u00f4t ?<\/h1>\n<p style=\"text-align: justify;\"><b><span class=\"sw\">Il<\/span> <span class=\"sw\">existe<\/span> <span class=\"sw\">de<\/span> <span class=\"sw\">nombreuses<\/span> <span class=\"sw\">situations<\/span> <span class=\"sw\">diff\u00e9rentes<\/span>\u00a0impliquant le versement d\u2019une <a href=\"https:\/\/www.mes-allocs.fr\/guides\/aide-alimentaire\/quelle-aide-pour-le-calcul-de-la-pension-alimentaire\/\">pension alimentaire<\/a>.<\/b> En effet, il y a l&rsquo;obligation alimentaire envers les enfants mineurs, les enfants majeurs se trouvant dans le besoin ainsi que l&rsquo;aide \u00e0 ex-\u00e9poux\/\u00e9pouse. <b>Les montants vers\u00e9s permettent une d\u00e9duction du revenu global pour la personne qui les paie.<\/b><\/p>\n<p style=\"text-align: justify;\"><b><span class=\"sw\">Le<\/span> <span class=\"sw\">montant<\/span> <span class=\"sw\">de<\/span> <span class=\"sw\">la<\/span> <span class=\"sw\">pension<\/span> <span class=\"sw\">alimentaire<\/span> <span class=\"sw\">pour<\/span> <span class=\"sw\">enfant<\/span> <span class=\"sw\">mineur<\/span> <span class=\"sw\">ou<\/span> <span class=\"sw\">ex-conjoint<\/span> <span class=\"sw\">est<\/span> <span class=\"sw\">d\u00e9termin\u00e9<\/span> <span class=\"sw\">en<\/span> <span class=\"sw\">fonction<\/span> <span class=\"sw\">des<\/span> <span class=\"sw\">ressources<\/span> <span class=\"sw\">disponibles et du niveau de besoin du b\u00e9n\u00e9ficiaire. \u00a0<\/span><\/b><\/p>\n<h2 style=\"text-align: justify;\">La pension alimentaire pour enfant mineur<\/h2>\n<p style=\"text-align: justify;\"><b><span class=\"sw\">En<\/span> <span class=\"sw\">cas<\/span> <span class=\"sw\">de<\/span> <span class=\"sw\">divorce<\/span> <span class=\"sw\">ou<\/span> <span class=\"sw\">de<\/span> <\/b><span class=\"sw\"><b><a href=\"https:\/\/www.mes-allocs.fr\/guides\/allocations-familiales\/caf\/declarer-separation-caf\/\">s\u00e9paration<\/a> des parents, il est possible de lui payer une pension alimentaire pour r\u00e9pondre aux besoins fondamentaux de l&rsquo;enfant.<\/b> Le repr\u00e9sentant l\u00e9gal de l&rsquo;enfant, \u00e0 savoir\u00a0celui qui a\u00a0la garde exclusive de l&rsquo;enfant,\u00a0<\/span>per\u00e7oit le montant convenu. <b>Celle-ci peut avoir \u00e9t\u00e9 \u00e9tablie sur d\u00e9cision de justice ou <span class=\"sw\">a<\/span> <span class=\"sw\">\u00e9t\u00e9<\/span> <span class=\"sw\">jug\u00e9<\/span> <span class=\"sw\">\u00e0<\/span> <span class=\"sw\">l&rsquo;amiable<\/span> <span class=\"sw\">entre<\/span> <span class=\"sw\">2<\/span> <\/b><span class=\"sw\"><b>parents.<\/b> Il faut conserver la preuve du versement de ces pensions, car l&rsquo;administration fiscale a le pouvoir de vous les demander.<\/span><\/p>\n<p style=\"text-align: justify;\"><span class=\"sw\">Vous<\/span> <span class=\"sw\">pouvez<\/span> <span class=\"sw\">d\u00e9duire\u00a0<\/span><span class=\"sw\">le<\/span> <span class=\"sw\">montant<\/span> <span class=\"sw\">de<\/span> <span class=\"sw\">la<\/span> <span class=\"sw\">pension vers\u00e9e au cours de l\u2019ann\u00e9e d\u2019<a href=\"https:\/\/www.mes-allocs.fr\/guides\/prime-a-la-conversion\/avis-dimposition-prime-a-la-conversion\/\">imposition<\/a>\u00a0du\u00a0revenu imposable. <b>La nature de la d\u00e9duction d\u00e9pend du type de pension, \u00e0 savoir :<\/b><\/span><\/p>\n<ul>\n<li style=\"text-align: justify;\"><span class=\"sw\">Si<\/span> <span class=\"sw\">la<\/span> <span class=\"sw\">pension<\/span> <span class=\"sw\">est<\/span> <span class=\"sw\">vers\u00e9e<\/span> <span class=\"sw\">en argent (ch\u00e8que, virement, esp\u00e8ce, etc.) pour l&rsquo;entretien et la garde\u00a0de l&rsquo;enfant, elle est enti\u00e8rement d\u00e9ductible ;<\/span><\/li>\n<li style=\"text-align: justify;\"><span class=\"sw\">Si<\/span> <span class=\"sw\">la<\/span> <span class=\"sw\">pension<\/span> <span class=\"sw\">est<\/span> <span class=\"sw\">sous<\/span> <span class=\"sw\">forme<\/span> <span class=\"sw\">de<\/span> <span class=\"sw\">rente, le plafond de la d\u00e9duction d&rsquo;imp\u00f4t est fix\u00e9 \u00e0 2 700 euros par enfant et par an.\u00a0<\/span><\/li>\n<\/ul>\n<p style=\"text-align: justify;\"><b>En cas de garde altern\u00e9e, il n&rsquo;est pas possible d&rsquo;\u00eatre \u00e9ligible \u00e0 la d\u00e9duction de la pension alimentaire, car <span class=\"sw\">vous<\/span> <span class=\"sw\">avez<\/span> <span class=\"sw\">b\u00e9n\u00e9fici\u00e9<\/span> d\u2019une majoration du nombre de parts du quotient familial.<\/b> En revanche, les frais en lien au droit de visite <span class=\"sw\">ne<\/span> <span class=\"sw\">sont<\/span> <span class=\"sw\">affect\u00e9s<\/span> <span class=\"sw\">par<\/span> <span class=\"sw\">aucune<\/span> <span class=\"sw\">de<\/span> <span class=\"sw\">ses<\/span> <span class=\"sw\">d\u00e9ductions<\/span> <span class=\"sw\">fiscales.\u00a0<\/span><\/p>\n<h2 style=\"text-align: justify;\">La pension alimentaire pour enfant majeur<\/h2>\n<p style=\"text-align: justify;\">Concernant le versement d\u2019une pension alimentaire \u00e0 un enfant majeur, <b><span class=\"sw\">la<\/span> <span class=\"sw\">d\u00e9duction<\/span><\/b><span class=\"sw\">est<\/span><b><span class=\"sw\">limit\u00e9e<\/span> <span class=\"sw\">\u00e0<\/span> 6 855\u20ac<\/b> si vous ajoutez<b> ses frais de scolarit\u00e9 \u00e0 la pension alimentaire que vous versez. <\/b>Ce plafond est applicable si<b> vous h\u00e9bergez votre enfant.<\/b><\/p>\n<p style=\"text-align: justify;\">Vous pouvez d\u00e9duire la somme forfaitaire de<b> 4 039\u20ac <\/b>par\u00a0enfant au titre du logement et de la nourriture<b> (8 079\u20ac\u00a0 <\/b>s\u2019il est mari\u00e9 ou pacs\u00e9), sans avoir \u00e0 fournir de justificatifs. Ce plafond est applicable si\u00a0 <b>vous h\u00e9bergez votre enfant.\u00a0<\/b><\/p>\n<p style=\"text-align: justify;\">En cas d&rsquo;h\u00e9bergement de l&rsquo;enfant qu\u2019une partie de l\u2019ann\u00e9e, ce montant <span class=\"sw\">est<\/span> <span class=\"sw\">calcul\u00e9<\/span> <span class=\"sw\">au<\/span> <span class=\"sw\">prorata<\/span> <span class=\"sw\">du<\/span> <span class=\"sw\">nombre<\/span> <span class=\"sw\">de<\/span> <span class=\"sw\">mois<\/span> <span class=\"sw\">concern\u00e9s,<\/span> <span class=\"sw\">quel<\/span> <span class=\"sw\">que<\/span> <span class=\"sw\">soit<\/span> <span class=\"sw\">le<\/span> <span class=\"sw\">mois<\/span> <span class=\"sw\">qui<\/span> <span class=\"sw\">commence<\/span> <span class=\"sw\">\u00e0<\/span> <span class=\"sw\">\u00eatre<\/span> <span class=\"sw\">d\u00fb. <b>Cette d\u00e9duction doit \u00eatre mentionn\u00e9e dans la rubrique \u00ab Charges d\u00e9ductibles pr\u00e9vues par l\u2019article 156 et 156 bis \u00bb de la d\u00e9claration de revenus.\u00a0<\/b><\/span><\/p>\n<p>Si votre enfant n&rsquo;habite pas chez vous, vous pouvez d\u00e9clarer diff\u00e9rents montants de pension alimentaire en fonction de sa situation :<\/p>\n<ul>\n<li style=\"text-align: justify;\">Vous pouvez d\u00e9duire un montant forfaitaire de<b> 8 6855\u20ac <\/b>si votre enfant et c\u00e9libataire,<\/li>\n<li>Si votre enfant est c\u00e9libataire ou pacs\u00e9, vous pouvez d\u00e9duire<strong> 13 710\u20ac<\/strong> de vos imp\u00f4ts s&rsquo;il ne b\u00e9n\u00e9ficie pas d&rsquo;un soutien financier de ses beaux-parents.<\/li>\n<li>Dans le cas contraire, vous pouvez d\u00e9clarer <strong>un montant inf\u00e9rieur ou \u00e9gal \u00e0 6 855\u20ac.<\/strong><\/li>\n<\/ul>\n<p style=\"text-align: justify;\"><b>La pension <span class=\"sw\">alimentaire<\/span> <span class=\"sw\">peut<\/span> <\/b><span class=\"sw\"><b>\u00eatre d\u00e9termin\u00e9e par un juge aux affaires familiales ou d&rsquo;un commun accord entre les parents.<\/b> En effet, il est de la responsabilit\u00e9 du parent si ce dernier n&rsquo;est plus en mesure de subvenir \u00e0 ses besoins (\u00e9tudiant, ch\u00f4meur, en situation pr\u00e9caire, etc.).\u00a0<\/span><\/p>\n<p><iframe loading=\"lazy\" title=\"Cr\u00e9dit d&#039;imp\u00f4t, r\u00e9duction d&#039;imp\u00f4t, d\u00e9duction fisca\" width=\"500\" height=\"281\" src=\"https:\/\/www.youtube.com\/embed\/4xKJ479ijpY?feature=oembed\" frameborder=\"0\" allow=\"accelerometer; autoplay; clipboard-write; encrypted-media; gyroscope; picture-in-picture; web-share\" referrerpolicy=\"strict-origin-when-cross-origin\" allowfullscreen><\/iframe><\/p>\n<h2 style=\"text-align: justify;\">La pension alimentaire pour l&rsquo;ex-partenaire<\/h2>\n<p style=\"text-align: justify;\"><b><span class=\"sw\">Il<\/span> <span class=\"sw\">est<\/span> <span class=\"sw\">possible<\/span> <span class=\"sw\">de<\/span> <\/b><span class=\"sw\"><b>d\u00e9duire des revenus pris en compte par l\u2019administration fiscale, le montant des pensions vers\u00e9es \u00e0 l&rsquo;\u00e9poux(se) ou \u00e0 l&rsquo;ex-\u00e9poux(se). <\/b>Selon les cas, il peut s&rsquo;agir d&rsquo;une pension alimentaire, d\u2019une pension compensatoire ou de frais li\u00e9s aux charges de mariage.\u00a0<\/span><\/p>\n<p style=\"text-align: justify;\"><b><span class=\"sw\">Pour<\/span> <span class=\"sw\">\u00eatre<\/span> <span class=\"sw\">d\u00e9ductibles,<\/span> <span class=\"sw\">ces<\/span> <span class=\"sw\">pensions<\/span> <span class=\"sw\">doivent<\/span> <span class=\"sw\">r\u00e9pondre<\/span> <span class=\"sw\">\u00e0<\/span> <span class=\"sw\">un<\/span> <span class=\"sw\">certain<\/span> <span class=\"sw\">nombre<\/span> <span class=\"sw\">de<\/span> <\/b><span class=\"sw\"><b>conditions. <\/b>Vous et la personne concern\u00e9e par le versement de pensions \u00eatre divorc\u00e9, s\u00e9par\u00e9\u00a0ou en instance de s\u00e9paration ou de divorce. Vous devez \u00e9galement\u00a0\u00eatre impos\u00e9 s\u00e9par\u00e9ment. Enfin, la pension vers\u00e9e doit entrer dans le contexte d\u2019une d\u00e9cision de justice et doit avoir un but alimentaire.\u00a0<\/span><\/p>\n<p style=\"text-align: justify;\"><b>\u00c0 contrario, les montants <span class=\"sw\">vers\u00e9s<\/span> <span class=\"sw\">\u00e0<\/span> <span class=\"sw\">titre<\/span> <span class=\"sw\">de dommages et int\u00e9r\u00eats ou dans le cadre d&rsquo;un r\u00e8glement \u00e0 l&rsquo;amiable, c&rsquo;est-\u00e0-dire non soumises \u00e0 une d\u00e9cision de justice, ne sont pas d\u00e9ductibles de votre imp\u00f4t sur le revenu.\u00a0<\/span><\/b><\/p>\n<p>D\u00e9couvrez notre article complet sur les <a href=\"https:\/\/www.mes-allocs.fr\/guides\/impot-sur-le-revenu\/deduction-dimpot\/pension-alimentaire\/plafond-pension-alimentaire-impots\/\">plafonds de d\u00e9duction de la pension alimentaire<\/a>.<\/p>\n<div class='cta-block'><div class='text'>Simulez votre imp\u00f4t sur le revenu.<\/div><a href='https:\/\/www.mes-allocs.fr\/simulation-impots?origin=guides\/wp-json\/wp\/v2\/posts\/57771' class='app-button fit'>Simulation gratuite<\/a><\/div>\n<h1 style=\"text-align: justify;\">O\u00f9 d\u00e9clarer la pension alimentaire vers\u00e9e ?<\/h1>\n<p style=\"text-align: justify;\"><b><span class=\"sw\">Pour<\/span> <span class=\"sw\">b\u00e9n\u00e9ficier<\/span> <span class=\"sw\">d&rsquo;une<\/span> <span class=\"sw\">d\u00e9duction<\/span> <span class=\"sw\">fiscale<\/span> <span class=\"sw\">\u00e0<\/span> <span class=\"sw\">l&rsquo;occasion<\/span> <span class=\"sw\">du<\/span> <span class=\"sw\">paiement<\/span> <span class=\"sw\">d&rsquo;une<\/span> <span class=\"sw\">pension<\/span> <\/b><span class=\"sw\"><b>alimentaire, il faut la d\u00e9clarer dans la rubrique des \u201cCharges d\u00e9ductibles\u201d. Lors de la\u00a0r\u00e9alisation de la d\u00e9claration de revenus en ligne, il faut renseigner les champs suivants :<\/b><\/span><\/p>\n<ul>\n<li style=\"text-align: justify;\">Les cases 6GI 6 GJ pour les pensions vers\u00e9es \u00e0 des enfants majeurs sous d\u00e9cision de justice avant 2006 ;<\/li>\n<li style=\"text-align: justify;\">Les cases 6EL et 6EM pour les autres pensions vers\u00e9es \u00e0 des enfants majeurs ;<\/li>\n<li style=\"text-align: justify;\">La case 6GP pour les autres pensions alimentaires vers\u00e9es \u00e0 des enfants mineurs sous d\u00e9cision de justice avant 2006 ;<\/li>\n<li style=\"text-align: justify;\">La case 6GU pour les autres pensions alimentaires vers\u00e9es \u00e0 des enfants mineurs ou \u00e0 des ascendants.<\/li>\n<\/ul>\n<p style=\"text-align: justify;\"><b>Outre les pensions alimentaires, qui sont consid\u00e9r\u00e9es comme des charges par le FISC, il faut savoir que vous avez \u00e9galement la possibilit\u00e9 de d\u00e9duire d\u2019autres types de d\u00e9penses permettant de b\u00e9n\u00e9ficier d&rsquo;une r\u00e9duction d&rsquo;imp\u00f4t.<\/b><\/p>\n<p><b>Nouveau <\/b><span style=\"font-weight: 400;\">: Le jeudi 9 avril 2026, les contribuables pourront d\u00e9buter leur d\u00e9claration de revenus. La date limite n\u2019\u00e9tant pas encore connue, il est pr\u00e9f\u00e9rable d\u2019anticiper les d\u00e9marches.<\/span><span style=\"font-weight: 400;\"><br \/>\n<\/span><\/p>\n<h1 style=\"text-align: justify;\">Comment d\u00e9clarer la pension alimentaire per\u00e7ue ?<\/h1>\n<p style=\"text-align: justify;\">En tant que b\u00e9n\u00e9ficiaire d&rsquo;une pension alimentaire, sachez qu\u2019une pension alimentaire est <span class=\"sw\">impos\u00e9e<\/span> <span class=\"sw\">de<\/span> <span class=\"sw\">la<\/span> <span class=\"sw\">m\u00eame<\/span> <span class=\"sw\">mani\u00e8re<\/span> <span class=\"sw\">que<\/span> <span class=\"sw\">les<\/span> <span class=\"sw\">autres<\/span> <span class=\"sw\">revenus. <b>Il faut d\u00e9clarer le montant per\u00e7u lors de la d\u00e9claration de revenus en ligne. Pour ce faire, vous devez vous r\u00e9f\u00e9rer \u00e0 la section \u00abPensions alimentaires per\u00e7ues\u00bb.\u00a0<\/b><\/span><\/p>\n<p style=\"text-align: justify;\"><b>Lorsque vous percevez une pension alimentaire, vous devez la <span class=\"sw\">d\u00e9clarer<\/span> <span class=\"sw\">dans<\/span> <span class=\"sw\">la<\/span> <span class=\"sw\">case<\/span> <span class=\"sw\">1AO<\/span> <span class=\"sw\">ou<\/span> <span class=\"sw\">1BO.<\/span>\u00a0Quand la d\u00e9cision vient de la justice pour un enfant majeur, il faut inscrire\u00a0le montant per\u00e7u \u00e0 la case 1CO ou 1DO.<\/b><\/p>\n<p style=\"text-align: justify;\">\u00c0 noter \u00e9galement qu&rsquo;il est possible de b\u00e9n\u00e9ficier d\u2019un abattement de 10 % appliqu\u00e9 par l\u2019administration fiscale au titre de pensions alimentaires per\u00e7ues.<\/p>\n<h1 style=\"text-align: justify;\">Pension alimentaire : est-il possible de d\u00e9clarer sans justificatif ?<\/h1>\n<p style=\"text-align: justify;\">Dans la majorit\u00e9 des cas, il est requis de conserver les <span class=\"sw\">pi\u00e8ces<\/span> <span class=\"sw\">justificatives<\/span> <span class=\"sw\">concernant<\/span> <span class=\"sw\">le<\/span> <span class=\"sw\">paiement<\/span> <span class=\"sw\">de<\/span> <span class=\"sw\">la<\/span> <span class=\"sw\">pension<\/span> <span class=\"sw\">alimentaire.<\/span> <b><span class=\"sw\">Cependant,<\/span> <span class=\"sw\">il<\/span> <span class=\"sw\">n&rsquo;est<\/span> <span class=\"sw\">pas<\/span> <span class=\"sw\">n\u00e9cessaire<\/span> <span class=\"sw\">de<\/span> <span class=\"sw\">fournir ces documents lors de\u00a0la\u00a0d\u00e9claration\u00a0en\u00a0ligne\u00a0ou\u00a0de\u00a0les\u00a0joindre\u00a0en\u00a0cas\u00a0de\u00a0d\u00e9claration\u00a0papier.\u00a0<\/span><\/b><\/p>\n<p style=\"text-align: justify;\">N\u00e9anmoins, il est fortement conseill\u00e9 de les conserver comme toutes les charges et les frais d\u00e9clar\u00e9s <span class=\"sw\">pendant<\/span> <span class=\"sw\">une<\/span> <span class=\"sw\">p\u00e9riode<\/span> <span class=\"sw\">de<\/span>\u00a03\u00a0<span class=\"sw\">ans<\/span> <span class=\"sw\">afin<\/span> <span class=\"sw\">qu&rsquo;ils<\/span> <span class=\"sw\">puissent<\/span> <span class=\"sw\">\u00eatre<\/span> <span class=\"sw\">pr\u00e9sent\u00e9s<\/span> <span class=\"sw\">\u00e0<\/span> <span class=\"sw\">l&rsquo;administration<\/span> <span class=\"sw\">fiscale<\/span> <span class=\"sw\">en<\/span> <span class=\"sw\">cas<\/span> <span class=\"sw\">de<\/span> <span class=\"sw\">contr\u00f4le.\u00a0<\/span><\/p>\n<h1 style=\"text-align: justify;\">Quel changement avec le pr\u00e9l\u00e8vement \u00e0 la source ?<\/h1>\n<p style=\"text-align: justify;\">\u00c0 l&rsquo;instar des autres revenus et des salaires, les pensions alimentaires per\u00e7ues <span class=\"sw\">sont<\/span> <span class=\"sw\">\u00e9galement<\/span> <span class=\"sw\">soumises<\/span> <span class=\"sw\">\u00e0<\/span> <span class=\"sw\">une<\/span> <span class=\"sw\">retenue<\/span> <span class=\"sw\">\u00e0<\/span> <span class=\"sw\">la<\/span> <span class=\"sw\">source par les services des imp\u00f4ts. Le montant de pr\u00e9l\u00e8vement est calcul\u00e9 sur la base des informations connues de l\u2019administration fiscale.\u00a0<\/span><\/p>\n<p style=\"text-align: justify;\"><b>Concernant le versement d\u2019une pension alimentaire, il est possible de continuer \u00e0 d\u00e9duire des revenus les pensions alimentaires vers\u00e9es dans les m\u00eames conditions qu\u2019avant l&rsquo;application du pr\u00e9l\u00e8vement \u00e0 la source en 2019.<\/b><\/p>\n<div class=\"c-message__message_blocks c-message__message_blocks--rich_text\" data-qa=\"message-text\">\n<div class=\"p-block_kit_renderer\" data-qa=\"block-kit-renderer\">\n<div class=\"p-block_kit_renderer__block_wrapper p-block_kit_renderer__block_wrapper--first\">\n<div class=\"p-rich_text_block\" dir=\"auto\">\n<div class=\"p-rich_text_section\"><div class='cta-block'><div class='text'>Simulez votre imp\u00f4t sur le revenu.<\/div><a href='https:\/\/www.mes-allocs.fr\/simulation-impots?origin=guides\/wp-json\/wp\/v2\/posts\/57771' class='app-button fit'>Simulation gratuite<\/a><\/div><\/div>\n<\/div>\n<\/div>\n<\/div>\n<\/div>\n","protected":false},"excerpt":{"rendered":"<p>[Mis \u00e0 jour le 13\/03\/2026] Si vous versez ou recevez une pension alimentaire en 2026, vous devez le d\u00e9clarer aux imp\u00f4ts. Une pension alimentaire peut \u00eatre consid\u00e9r\u00e9e\u00a0comme faisant partie de vos revenus ou inversement, permettant de b\u00e9n\u00e9ficier d&rsquo;une d\u00e9duction fiscale. Mes Allocs vous explique quelles pensions alimentaires vous pouvez d\u00e9duire de vos imp\u00f4ts en 2026. [&hellip;]<\/p>\n","protected":false},"author":14,"featured_media":57897,"comment_status":"closed","ping_status":"open","sticky":false,"template":"","format":"standard","meta":{"amp_status":"","footnotes":""},"categories":[23607,2994],"tags":[],"class_list":["post-57771","post","type-post","status-publish","format-standard","has-post-thumbnail","hentry","category-deduction-dimpot","category-impot-sur-le-revenu"],"yoast_head":"<!-- This site is optimized with the Yoast SEO plugin v14.9 - https:\/\/yoast.com\/wordpress\/plugins\/seo\/ -->\n<title>Pensions alimentaires : quelle d\u00e9duction d&#039;imp\u00f4t en 2026 ? | Mes-Allocs.fr<\/title>\n<meta name=\"description\" content=\"Vous devez d\u00e9clarer aupr\u00e8s des imp\u00f4ts tout versement ou r\u00e9ception de pension alimentaire. Mes Allocs vous explique comment le faire.\" \/>\n<meta name=\"robots\" content=\"index, follow, max-snippet:-1, max-image-preview:large, max-video-preview:-1\" \/>\n<link rel=\"canonical\" href=\"https:\/\/www.mes-allocs.fr\/guides\/impot-sur-le-revenu\/deduction-dimpot\/pension-alimentaire\/\" \/>\n<meta property=\"og:locale\" content=\"fr_FR\" \/>\n<meta property=\"og:type\" content=\"article\" \/>\n<meta property=\"og:title\" content=\"Pensions alimentaires : quelle d\u00e9duction d&#039;imp\u00f4t en 2026 ? | Mes-Allocs.fr\" \/>\n<meta property=\"og:description\" content=\"Vous devez d\u00e9clarer aupr\u00e8s des imp\u00f4ts tout versement ou r\u00e9ception de pension alimentaire. Mes Allocs vous explique comment le faire.\" \/>\n<meta property=\"og:url\" content=\"https:\/\/www.mes-allocs.fr\/guides\/impot-sur-le-revenu\/deduction-dimpot\/pension-alimentaire\/\" \/>\n<meta property=\"og:site_name\" content=\"Mes-Allocs.fr\" \/>\n<meta property=\"article:published_time\" content=\"2022-11-08T15:27:15+00:00\" \/>\n<meta property=\"article:modified_time\" content=\"2026-03-20T10:16:53+00:00\" \/>\n<meta property=\"og:image\" content=\"https:\/\/www.mes-allocs.fr\/guides\/wp-content\/uploads\/2022\/11\/Pensions-alimentaires-3.jpeg?wsr\" \/>\n\t<meta property=\"og:image:width\" content=\"612\" \/>\n\t<meta property=\"og:image:height\" content=\"408\" \/>\n<meta name=\"twitter:card\" content=\"summary_large_image\" \/>\n<script type=\"application\/ld+json\" class=\"yoast-schema-graph\">{\"@context\":\"https:\/\/schema.org\",\"@graph\":[{\"@type\":\"WebSite\",\"@id\":\"https:\/\/www.mes-allocs.fr\/guides\/#website\",\"url\":\"https:\/\/www.mes-allocs.fr\/guides\/\",\"name\":\"Mes-Allocs.fr\",\"description\":\"\",\"potentialAction\":[{\"@type\":\"SearchAction\",\"target\":\"https:\/\/www.mes-allocs.fr\/guides\/?s={search_term_string}\",\"query-input\":\"required name=search_term_string\"}],\"inLanguage\":\"fr-FR\"},{\"@type\":\"ImageObject\",\"@id\":\"https:\/\/www.mes-allocs.fr\/guides\/impot-sur-le-revenu\/deduction-dimpot\/pension-alimentaire\/#primaryimage\",\"inLanguage\":\"fr-FR\",\"url\":\"https:\/\/www.mes-allocs.fr\/guides\/wp-content\/uploads\/2022\/11\/Pensions-alimentaires-3.jpeg?wsr\",\"width\":612,\"height\":408,\"caption\":\"Pensions alimentaires\"},{\"@type\":\"WebPage\",\"@id\":\"https:\/\/www.mes-allocs.fr\/guides\/impot-sur-le-revenu\/deduction-dimpot\/pension-alimentaire\/#webpage\",\"url\":\"https:\/\/www.mes-allocs.fr\/guides\/impot-sur-le-revenu\/deduction-dimpot\/pension-alimentaire\/\",\"name\":\"Pensions alimentaires : quelle d\\u00e9duction d'imp\\u00f4t en 2026 ? | Mes-Allocs.fr\",\"isPartOf\":{\"@id\":\"https:\/\/www.mes-allocs.fr\/guides\/#website\"},\"primaryImageOfPage\":{\"@id\":\"https:\/\/www.mes-allocs.fr\/guides\/impot-sur-le-revenu\/deduction-dimpot\/pension-alimentaire\/#primaryimage\"},\"datePublished\":\"2022-11-08T15:27:15+00:00\",\"dateModified\":\"2026-03-20T10:16:53+00:00\",\"author\":{\"@id\":\"https:\/\/www.mes-allocs.fr\/guides\/#\/schema\/person\/a3de97298fd0ffc005ebdd5628b03ca8\"},\"description\":\"Vous devez d\\u00e9clarer aupr\\u00e8s des imp\\u00f4ts tout versement ou r\\u00e9ception de pension alimentaire. Mes Allocs vous explique comment le faire.\",\"inLanguage\":\"fr-FR\"},{\"@type\":\"Person\",\"@id\":\"https:\/\/www.mes-allocs.fr\/guides\/#\/schema\/person\/a3de97298fd0ffc005ebdd5628b03ca8\",\"name\":\"Marina Ada Ondo\",\"image\":{\"@type\":\"ImageObject\",\"@id\":\"https:\/\/www.mes-allocs.fr\/guides\/#personlogo\",\"inLanguage\":\"fr-FR\",\"url\":\"https:\/\/www.mes-allocs.fr\/guides\/wp-content\/uploads\/2022\/02\/Photo-de-profil-150x150.png\",\"caption\":\"Marina Ada Ondo\"},\"description\":\"Marina est r\\u00e9dactrice au sein de l'\\u00e9quipe Mes Allocs, sp\\u00e9cialis\\u00e9e sur les aides aux jeunes. Dipl\\u00f4m\\u00e9e de l'ISFJ, elle rejoint Mes Allocs apr\\u00e8s une premi\\u00e8re exp\\u00e9rience en communication chez Little Africa, une agence de communication \\u00e0 Paris. Sur son temps libre, Marina lit beaucoup et passe ses dimanches au mus\\u00e9e.\",\"sameAs\":[\"https:\/\/www.linkedin.com\/in\/marinaadaondo\/\"]}]}<\/script>\n<!-- \/ Yoast SEO plugin. -->","amp_validity":null,"acf":{"faq":{"1":{"question":"\ud83e\udd37\ud83c\udffd\u200d\u2640\ufe0fQuel est le montant maximal que peut d\u00e9duire un foyer fiscal lorsqu'une pension alimentaire est vers\u00e9e \u00e0 un enfant non rattach\u00e9 \u00e0 ce foyer ?","answer":"Les sommes sont d\u00e9ductibles de vos revenus dans certaines limites. Par exemple, en 2026, la d\u00e9duction est limit\u00e9e \u00e0 6 855\u20ac par enfant, si vous ne l'h\u00e9bergez pas."},"2":{"question":"\ud83c\udfafQuel est le montant maximum de la pension alimentaire ?","answer":"En France, la moyenne maximale d'une pension alimentaire enfant avoisine les 200 euros. Toutefois, aucun texte l\u00e9gal ne fixe r\u00e9ellement de plafond maximum. Calcul\u00e9e au cas par cas, cette obligation alimentaire prend en compte les int\u00e9r\u00eats de chacun."},"3":{"question":"\ud83e\udd14Est-ce que je peux verser la pension alimentaire sur le compte de ma fille majeur ?","answer":"L'enfant majeur peut \u00e9galement b\u00e9n\u00e9ficier d'une pension alimentaire lorsqu'elle lui a \u00e9t\u00e9 accord\u00e9e par le juge aux affaires familiales (Jaf). Dans ces cas, il est donc possible de lui verser directement, en tout ou partie, une pension alimentaire."},"4":{"question":"\ud83e\udd13Quelles sont les charges d\u00e9ductibles des imp\u00f4ts sur le revenu ?","answer":"Parmi les d\u00e9penses d\u00e9ductibles, on peut citer les pensions alimentaires, les d\u00e9ficits fonciers ou encore les sommes vers\u00e9es sur votre plan \u00e9pargne retraite. Nouveaut\u00e9 de l'ann\u00e9e 2021 : la d\u00e9ductibilit\u00e9 des frais li\u00e9s au t\u00e9l\u00e9travail dans le cadre de la crise sanitaire."},"5":{"question":"\ud83e\udd1dQuel \u00e2ge limite pour pension alimentaire ?","answer":"Les juges consid\u00e8rent qu'\u00e0 partir de 30 ans environ, la pension alimentaire cesse d'\u00eatre due, sauf si l'enfant prouve qu'il poursuit s\u00e9rieusement et avec assiduit\u00e9 des \u00e9tudes sup\u00e9rieures particuli\u00e8rement longues, comme la poursuite d'une th\u00e8se de Doctorat ou une sp\u00e9cialisation en m\u00e9decine."},"6":{"question":"\ud83e\uddd0Quels sont les revenus pris en compte pour le calcul d'une pension alimentaire ?","answer":"Sont pris en compte les ressources imposables et les revenus de remplacement (allocations ch\u00f4mage, prestations de l'Assurance-maladie, pensions de retraite) apr\u00e8s d\u00e9duction d'un minimum vital \u00e9quivalent au montant du RSA, c'est-\u00e0-dire 646,52 \u20ac au en 2026."},"7":{"question":"","answer":""},"8":{"question":"","answer":""},"9":{"question":"","answer":""},"10":{"question":"","answer":""},"11":{"question":"","answer":""},"12":{"question":"","answer":""},"13":{"question":"","answer":""},"14":{"question":"","answer":""},"15":{"question":"","answer":""},"16":{"question":"","answer":""}}},"_links":{"self":[{"href":"https:\/\/www.mes-allocs.fr\/guides\/wp-json\/wp\/v2\/posts\/57771","targetHints":{"allow":["GET"]}}],"collection":[{"href":"https:\/\/www.mes-allocs.fr\/guides\/wp-json\/wp\/v2\/posts"}],"about":[{"href":"https:\/\/www.mes-allocs.fr\/guides\/wp-json\/wp\/v2\/types\/post"}],"author":[{"embeddable":true,"href":"https:\/\/www.mes-allocs.fr\/guides\/wp-json\/wp\/v2\/users\/14"}],"replies":[{"embeddable":true,"href":"https:\/\/www.mes-allocs.fr\/guides\/wp-json\/wp\/v2\/comments?post=57771"}],"version-history":[{"count":17,"href":"https:\/\/www.mes-allocs.fr\/guides\/wp-json\/wp\/v2\/posts\/57771\/revisions"}],"predecessor-version":[{"id":110798,"href":"https:\/\/www.mes-allocs.fr\/guides\/wp-json\/wp\/v2\/posts\/57771\/revisions\/110798"}],"wp:featuredmedia":[{"embeddable":true,"href":"https:\/\/www.mes-allocs.fr\/guides\/wp-json\/wp\/v2\/media\/57897"}],"wp:attachment":[{"href":"https:\/\/www.mes-allocs.fr\/guides\/wp-json\/wp\/v2\/media?parent=57771"}],"wp:term":[{"taxonomy":"category","embeddable":true,"href":"https:\/\/www.mes-allocs.fr\/guides\/wp-json\/wp\/v2\/categories?post=57771"},{"taxonomy":"post_tag","embeddable":true,"href":"https:\/\/www.mes-allocs.fr\/guides\/wp-json\/wp\/v2\/tags?post=57771"}],"curies":[{"name":"wp","href":"https:\/\/api.w.org\/{rel}","templated":true}]}}