{"id":57756,"date":"2022-11-10T16:44:45","date_gmt":"2022-11-10T14:44:45","guid":{"rendered":"https:\/\/www.mes-allocs.fr\/guides\/?p=57756"},"modified":"2025-07-18T16:26:47","modified_gmt":"2025-07-18T14:26:47","slug":"estheticienne-salaire","status":"publish","type":"post","link":"https:\/\/www.mes-allocs.fr\/guides\/reconversion-professionnelle\/aide-recherche-emploi\/recherche-emploi-estheticienne\/estheticienne-salaire\/","title":{"rendered":"Quel est le salaire d&rsquo;une esth\u00e9ticienne ?"},"content":{"rendered":"<p style=\"text-align: justify;\"><b><span class=\"sw\"><img loading=\"lazy\" decoding=\"async\" class=\"alignnone wp-image-57800 size-full\" title=\"estheticienne salaire\" src=\"https:\/\/www.mes-allocs.fr\/guides\/wp-content\/uploads\/2022\/11\/Quel-est-le-salaire-dans-lesthetique--e1667667127865.jpeg\" alt=\"estheticienne salaire\" width=\"1560\" height=\"276\" srcset=\"https:\/\/www.mes-allocs.fr\/guides\/wp-content\/uploads\/2022\/11\/Quel-est-le-salaire-dans-lesthetique--e1667667127865.jpeg 1560w, https:\/\/www.mes-allocs.fr\/guides\/wp-content\/uploads\/2022\/11\/Quel-est-le-salaire-dans-lesthetique--e1667667127865-300x53.jpeg 300w, https:\/\/www.mes-allocs.fr\/guides\/wp-content\/uploads\/2022\/11\/Quel-est-le-salaire-dans-lesthetique--e1667667127865-1024x181.jpeg 1024w, https:\/\/www.mes-allocs.fr\/guides\/wp-content\/uploads\/2022\/11\/Quel-est-le-salaire-dans-lesthetique--e1667667127865-768x136.jpeg 768w, https:\/\/www.mes-allocs.fr\/guides\/wp-content\/uploads\/2022\/11\/Quel-est-le-salaire-dans-lesthetique--e1667667127865-1536x272.jpeg 1536w, https:\/\/www.mes-allocs.fr\/guides\/wp-content\/uploads\/2022\/11\/Quel-est-le-salaire-dans-lesthetique--e1667667127865-600x106.jpeg 600w\" sizes=\"auto, (max-width: 1560px) 100vw, 1560px\" \/>Une<\/span> <span class=\"sw\">esth\u00e9ticienne<\/span> <span class=\"sw\">r\u00e9alise<\/span> <span class=\"sw\">des<\/span> <span class=\"sw\">soins<\/span> <span class=\"sw\">de<\/span> <span class=\"sw\">beaut\u00e9<\/span>\u00a0<span class=\"sw\">du<\/span> <span class=\"sw\">corps<\/span> <span class=\"sw\">et<\/span> <span class=\"sw\">du<\/span> <span class=\"sw\">visage<\/span> <span class=\"sw\">pour<\/span> <span class=\"sw\">ses<\/span> <span class=\"sw\">clients. Il s&rsquo;agit d&rsquo;une profession qui offre de nombreuses opportunit\u00e9s notamment dans le cadre d&rsquo;une <a href=\"https:\/\/www.mes-allocs.fr\/guides\/reconversion-professionnelle\/\">reconversion professionnelle<\/a>. Mais quel est le salaire d&rsquo;une esth\u00e9ticienne ? Mes Allocs r\u00e9pond \u00e0 toutes vos questions dans cet article.<\/span><\/b><\/p>\n<div class='cta-block'><div class='text'>Coaching \u00e0 distance pay\u00e9 par vos aides formation.<\/div><a href='https:\/\/www.formademia.fr\/formulaire\/coaching' class='app-button fit'>V\u00e9rifier votre \u00e9ligibilit\u00e9<\/a><\/div>\n<h1 style=\"text-align: justify;\">Esth\u00e9tique : rappel sur le m\u00e9tier d&rsquo;esth\u00e9ticienne<\/h1>\n<h2>Qu&rsquo;est-ce qu&rsquo;une esth\u00e9ticienne ?<\/h2>\n<p style=\"text-align: justify;\"><b>L\u2019esth\u00e9ticienne est une experte de la beaut\u00e9 <span class=\"sw\">avec<\/span> <span class=\"sw\">une<\/span> <span class=\"sw\">ma\u00eetrise<\/span> <span class=\"sw\">irr\u00e9prochable<\/span> <span class=\"sw\">des<\/span> <span class=\"sw\">techniques<\/span> <span class=\"sw\">de<\/span> <span class=\"sw\">soins<\/span> <span class=\"sw\">et<\/span> <span class=\"sw\">une<\/span> <span class=\"sw\">bonne<\/span> <span class=\"sw\">connaissance<\/span> <span class=\"sw\">des<\/span> <span class=\"sw\">produits<\/span> <span class=\"sw\">cosm\u00e9tiques.<\/span><\/b> <span class=\"sw\">Elle<\/span> <span class=\"sw\">propose \u00e0 sa client\u00e8le des soins\u00a0du visage, du corps, des mains et des pieds, pratique des \u00e9pilations, des maquillages (ongles et visage), des s\u00e9ances UV, des cours d\u2019auto-maquillage, etc. Soign\u00e9e et d\u00e9licate, elle manipule avec pr\u00e9caution le mat\u00e9riel et les produits.\u00a0<\/span><\/p>\n<div class=\"elementor-element elementor-element-5461f1f elementor-widget elementor-widget-heading\" data-id=\"5461f1f\" data-element_type=\"widget\" data-widget_type=\"heading.default\">\n<div class=\"elementor-widget-container\">\n<p>Vous souhaitez savoir si les missions sont faites pour vous ? Faites-vous\u00a0<a href=\"https:\/\/www.mes-allocs.fr\/guides\/reconversion-professionnelle\/aide-recherche-emploi\/\">accompagner dans votre recherche d\u2019emploi<\/a>\u00a0; des organismes sont l\u00e0 pour vous aider.<\/p>\n<\/div>\n<\/div>\n<h2>Le professionnalisme d&rsquo;une esth\u00e9ticienne<\/h2>\n<p>Comme dans tous les m\u00e9tiers, des qualit\u00e9s sont requises. Il est n\u00e9cessaire de les connaitre pour <a href=\"https:\/\/www.mes-allocs.fr\/guides\/reconversion-professionnelle\/aide-recherche-emploi\/recherche-emploi-estheticienne\/\">trouver un emploi d\u2019esth\u00e9ticienne<\/a> rapidement et r\u00e9int\u00e9grer le monde professionnel plus facilement.\u00a0<b>La professionnelle <span class=\"sw\">doit<\/span>\u00a0<span class=\"sw\">\u00eatre<\/span> <span class=\"sw\">une<\/span> <span class=\"sw\">bonne<\/span> <span class=\"sw\">conseill\u00e8re<\/span> <span class=\"sw\">aupr\u00e8s<\/span> <span class=\"sw\">de<\/span> <span class=\"sw\">ses<\/span> <\/b><span class=\"sw\"><b>clients en les accompagnant sur les produits adapt\u00e9s \u00e0 leur type de peau, sur la mani\u00e8re de faire des soins \u00e0 domicile, etc.<\/b> Elle vend \u00e9galement des produits de beaut\u00e9 en expliquant comment les utiliser aux clients.\u00a0<\/span><b>Il est essentiel pour une esth\u00e9ticienne de se renseigner \u00e0 propos des nouveaux produits et les nouvelles techniques tendances de soins\u00a0esth\u00e9tiques afin de pouvoir jouer son r\u00f4le de conseil dans l&rsquo;achat et l&rsquo;utilisation des produits.<\/b> Elle doit faire preuve d&rsquo;\u00e9coute\u00a0lui permettant d&rsquo;instaurer un climat de confiance afin de s&rsquo;adapter aux demandes de chaque client.<\/p>\n<p style=\"text-align: justify;\"><span class=\"sw\">Le<\/span> <span class=\"sw\">domaine<\/span> <span class=\"sw\">de l\u2019esth\u00e9tique se d\u00e9veloppe de plus en plus avec de nombreux m\u00e9tiers \u00e0 la sortie. <b>Il existe plus de 8 500 instituts de beaut\u00e9 en France et ce nombre ne cesse de cro\u00eetre chaque ann\u00e9e.<\/b> Les offres d&#8217;emploi sont tr\u00e8s importantes.\u00a0<\/span><\/p>\n<p><iframe loading=\"lazy\" title=\"La reconversion professionnelle\" width=\"500\" height=\"281\" src=\"https:\/\/www.youtube.com\/embed\/EiVUthswxl0?feature=oembed\" frameborder=\"0\" allow=\"accelerometer; autoplay; clipboard-write; encrypted-media; gyroscope; picture-in-picture; web-share\" referrerpolicy=\"strict-origin-when-cross-origin\" allowfullscreen><\/iframe><\/p>\n<h1 style=\"text-align: justify;\">Quelle est le salaire d&rsquo;une esth\u00e9ticienne ?<\/h1>\n<p style=\"text-align: justify;\">L&rsquo;esth\u00e9ticienne peut \u00eatre une salari\u00e9e, exercer \u00e0 son compte ou ouvrir son institut.<\/p>\n<h2 style=\"text-align: justify;\">Le salaire d&rsquo;une esth\u00e9ticienne en tant que salari\u00e9e<\/h2>\n<p style=\"text-align: justify;\"><b>Le revenu minimum des esth\u00e9ticiennes est fix\u00e9 par la Convention Collective Nationale (CCN) de l\u2019esth\u00e9tique-cosm\u00e9tique. <\/b>Il s&rsquo;agit d&rsquo;un document r\u00e9gissant les <span class=\"sw\">conditions<\/span> <span class=\"sw\">de<\/span> <span class=\"sw\">travail<\/span> <span class=\"sw\">des<\/span> <span class=\"sw\">esth\u00e9ticiennes qui sont salari\u00e9es, \u00e0 savoir temps de travail, cong\u00e9, heures suppl\u00e9mentaires, maladie, etc.\u00a0<\/span><b>L&rsquo;experte est r\u00e9mun\u00e9r\u00e9e d\u00e8s son entr\u00e9e en formation. <\/b>En effet, elle re\u00e7oit entre 27 % et 100 % du SMIC <span class=\"sw\">pendant<\/span>\u00a0l&rsquo;<span class=\"sw\">apprentissage,<\/span> <span class=\"sw\">selon l&rsquo;<\/span><span class=\"sw\">\u00e2ge<\/span> <span class=\"sw\">et<\/span>\u00a0l&rsquo;<span class=\"sw\">ann\u00e9e<\/span> <span class=\"sw\">d&rsquo;\u00e9tudes.\u00a0<\/span><\/p>\n<p style=\"text-align: justify;\"><b>Lors de la signature du premier contrat de travail, l&rsquo;esth\u00e9ticienne salari\u00e9e per\u00e7oit un salaire r\u00e9el minimum qui \u00e9quivaut au SMIC en vigueur. <span class=\"sw\">Apr\u00e8s<\/span> <span class=\"sw\">5<\/span> <span class=\"sw\">ans<\/span> <span class=\"sw\">d&rsquo;exp\u00e9rience,<\/span> <span class=\"sw\">l&rsquo;esth\u00e9ticienne<\/span> <span class=\"sw\">titulaire<\/span>\u00a0brevet professionnel ou\u00a0bac professionnel esth\u00e9tique cosm\u00e9tique\u00a0peut constater une hausse de salaire pouvant atteindre 1 556 euros brut par mois (1 214 euros net).\u00a0<\/b>\u00c0 exp\u00e9rience \u00e9gale, une esth\u00e9ticienne dipl\u00f4m\u00e9e d\u2019un BTS ou d\u2019un Brevet de Ma\u00eetrise per\u00e7oit une r\u00e9mun\u00e9ration totale de 1 626 euros brut par mois (1 268 euros de salaire net).<\/p>\n<p style=\"text-align: justify;\"><b>La professionnelle\u00a0esth\u00e9tique cosm\u00e9tique ayant obtenu un <a href=\"https:\/\/www.mes-allocs.fr\/guides\/reconversion-professionnelle\/aide-recherche-emploi\/recherche-emploi-estheticienne\/diplome-esthetique\/\">dipl\u00f4me<\/a> de niveau 4 ou 5 et qui occupe le poste d&rsquo;adjointe de la manager ou de la cheffe d\u2019entreprise touche 1 695 euros brut par mois (1 322 euros net).\u00a0<\/b><span class=\"sw\">Au<\/span> <span class=\"sw\">bout<\/span> <span class=\"sw\">de<\/span> <span class=\"sw\">quelques<\/span> <span class=\"sw\">ann\u00e9es, son salaire passe \u00e0 un total de 1 899\u00a0euros\u00a0par mois (1 481\u00a0euros\u00a0net) puisqu&rsquo;elle\u00a0assure la fonction d&rsquo;animation commerciale de l\u2019institut de beaut\u00e9 qui l\u2019emploie, en plus des\u00a0t\u00e2ches techniques et manag\u00e9riales.<\/span><\/p>\n<p style=\"text-align: justify;\"><b>Une <span class=\"sw\">esth\u00e9ticienne<\/span> <span class=\"sw\">dipl\u00f4m\u00e9e<\/span> <span class=\"sw\">de<\/span> <span class=\"sw\">niveau<\/span> <span class=\"sw\">4<\/span> <span class=\"sw\">ou<\/span> <\/b><span class=\"sw\"><b>5 voit son salaire \u00e9voluer de 1 899 euros brut par mois (1 499 euros net) \u00e0 3.308 euros brut par mois (2 580 euros net) dans le coup elle devienne manager.<\/b> Elle est consid\u00e9r\u00e9e comme \u00e9tant autonome dans la gestion du salon\/centre de soins. \u00a0\u00a0<\/span><\/p>\n<p style=\"text-align: justify;\"><b>La salari\u00e9e peut recevoir des primes dans le\u00a0secteur priv\u00e9, en plus de ce salaire de base, \u00e0 savoir :<\/b><\/p>\n<ul>\n<li style=\"text-align: justify;\">Prime d\u2019anciennet\u00e9 : de 38 euros brut par mois \u00e0 200 euros de salaire brut par mois ;<\/li>\n<li style=\"text-align: justify;\">Prime sur l&rsquo;objectif : elle est d\u00e9termin\u00e9e par l\u2019employeur sur la base d\u2019un pourcentage du chiffre d\u2019affaires (CA) r\u00e9alis\u00e9 par la salari\u00e9e ;<\/li>\n<li style=\"text-align: justify;\">Prime de repas : elle s&rsquo;\u00e9l\u00e8ve \u00e0 6,40 euros par repas si l\u2019esth\u00e9ticienne est dans l\u2019obligation de d\u00e9jeuner sur son lieu de travail.<\/li>\n<\/ul>\n<p style=\"text-align: justify;\">En cas d&rsquo;heures suppl\u00e9mentaires, g\u00e9n\u00e9ralement, elles sont r\u00e9cup\u00e9r\u00e9es sous forme d&rsquo;un repos, mais elles peuvent aussi \u00eatre r\u00e9mun\u00e9r\u00e9es.\u00a0<b>Dans ce cas, une majoration s\u2019applique ainsi :<\/b><\/p>\n<ul>\n<li style=\"text-align: justify;\">De 36 \u00e0 43 heures : 125 % du taux horaire de base ;<\/li>\n<li style=\"text-align: justify;\">\u00c0 partir de 44 heures : 150 % du taux horaire de base.<\/li>\n<\/ul>\n<h2 style=\"text-align: justify;\">Le salaire d&rsquo;une esth\u00e9ticienne ind\u00e9pendante<\/h2>\n<p style=\"text-align: justify;\">\u00c0 la suite de plusieurs ann\u00e9es de carri\u00e8re <span class=\"sw\">comme<\/span> <span class=\"sw\">salari\u00e9e<\/span> <span class=\"sw\">d&rsquo;un<\/span> <span class=\"sw\">institut<\/span> <span class=\"sw\">ou<\/span> <span class=\"sw\">d&rsquo;un<\/span> <span class=\"sw\">spa, une esth\u00e9ticienne peut faire le choix de se mettre \u00e0 son compte pour devenir ind\u00e9pendante.\u00a0<\/span><\/p>\n<p style=\"text-align: justify;\"><b>La r\u00e9mun\u00e9ration d\u00e9pend alors des tarifs pratiqu\u00e9s, de la r\u00e9putation, du lieu d&rsquo;exercice et du nombre d\u2019heures qu\u2019elle travaille.<\/b><\/p>\n<p style=\"text-align: justify;\">La plupart des ind\u00e9pendantes juniors <span class=\"sw\">n&rsquo;arrivent<\/span> <span class=\"sw\">pas<\/span> <span class=\"sw\">\u00e0<\/span> <span class=\"sw\">toucher<\/span> <span class=\"sw\">le<\/span> <span class=\"sw\">salaire<\/span> <span class=\"sw\">minimum.<\/span> <b><span class=\"sw\">Cependant,<\/span> <span class=\"sw\">en<\/span> <span class=\"sw\">mettant<\/span> <span class=\"sw\">en<\/span> <span class=\"sw\">place<\/span> <span class=\"sw\">quelques<\/span> <span class=\"sw\">actions de communication (r\u00e9seaux sociaux) et par le bouche \u00e0 oreille, une esth\u00e9ticienne \u00e0 son compte peut se r\u00e9mun\u00e9rer au SMIC.\u00a0<\/span><\/b><\/p>\n<p style=\"text-align: justify;\">Lorsqu&rsquo;elle remplit son carnet de rendez-vous, elle peut gagner davantage qu\u2019en institut.<\/p>\n<h2 style=\"text-align: justify;\">Le salaire d&rsquo;une esth\u00e9ticienne qui a son institut<\/h2>\n<p style=\"text-align: justify;\"><b><span class=\"sw\">Il<\/span> <span class=\"sw\">n&rsquo;y<\/span> <span class=\"sw\">a<\/span> <span class=\"sw\">pas<\/span> <span class=\"sw\">de<\/span> <span class=\"sw\">sources<\/span> <span class=\"sw\">qui<\/span> <span class=\"sw\">donnent<\/span> <span class=\"sw\">un<\/span> <span class=\"sw\">revenu<\/span> <span class=\"sw\">moyen<\/span> <span class=\"sw\">pour<\/span> <span class=\"sw\">les<\/span> <span class=\"sw\">salons<\/span> <span class=\"sw\">de<\/span> <span class=\"sw\">beaut\u00e9<\/span> <span class=\"sw\">en<\/span> <\/b><span class=\"sw\"><b>France.<\/b>\u00a0<\/span><span class=\"sw\">La<\/span> <span class=\"sw\">propri\u00e9taire<\/span> <span class=\"sw\">d&rsquo;un<\/span> <span class=\"sw\">institut<\/span> <span class=\"sw\">de<\/span> <span class=\"sw\">beaut\u00e9<\/span> <span class=\"sw\">peut<\/span> <span class=\"sw\">avoir<\/span> <span class=\"sw\">du<\/span> <span class=\"sw\">mal<\/span> <span class=\"sw\">\u00e0<\/span> <span class=\"sw\">vivre<\/span> <span class=\"sw\">de<\/span> <span class=\"sw\">son<\/span> <span class=\"sw\">m\u00e9tier,<\/span> <span class=\"sw\">ou<\/span> <span class=\"sw\">\u00e0<\/span> <span class=\"sw\">g\u00e9n\u00e9rer un chiffre d\u2019affaires de plusieurs milliers d\u2019euros.<\/span><\/p>\n<p style=\"text-align: justify;\"><b><span class=\"sw\">Le<\/span> <span class=\"sw\">succ\u00e8s<\/span> <span class=\"sw\">d&rsquo;une<\/span> <span class=\"sw\">esth\u00e9ticienne<\/span> <span class=\"sw\">qui<\/span> <span class=\"sw\">ouvre<\/span> <span class=\"sw\">un<\/span> <span class=\"sw\">salon<\/span> <span class=\"sw\">d\u00e9pend<\/span> <span class=\"sw\">de<\/span> <span class=\"sw\">nombreux<\/span> <span class=\"sw\">\u00e9l\u00e9ments, soit l&rsquo;exp\u00e9rience professionnelle, le rapport entre l\u2019offre et la demande dans le secteur g\u00e9ographique concern\u00e9, etc.\u00a0<\/span><\/b><\/p>\n<p style=\"text-align: justify;\"><span class=\"sw\">L&rsquo;ouverture<\/span> <span class=\"sw\">d&rsquo;un<\/span> <span class=\"sw\">institut requiert un investissement financier important, \u00e0 savoir l&rsquo;achat du mat\u00e9riel, la d\u00e9coration du local, le paiement des loyers, etc. <b>N\u00e9anmoins, si elle met en place un concept innovant, dans une ville dynamique et emploie un personnel qualifi\u00e9 prodiguant des soins de qualit\u00e9, il est possible qu&rsquo;elle\u00a0gagne tr\u00e8s bien sa vie.\u00a0<\/b><\/span><\/p>\n<p style=\"text-align: justify;\"><span class=\"sw\">Actuellement, les instituts de beaut\u00e9\u00a0disposant des offres de soins sur des produits biologiques et des pratiques \u00ab zen \u00bb,\u00a0comme le massage ayurv\u00e9dique, tib\u00e9tain, su\u00e9dois, etc.,\u00a0sont tr\u00e8s recherch\u00e9s par les clients. Tout ce qui touche \u00e0 la sant\u00e9 et \u00e0 la minceur rencontre \u00e9galement un grand succ\u00e8s en institut comme le soin \u00e9nergisant ou relaxant, drainage lymphatique, soin di\u00e9t\u00e9tique, etc.\u00a0<\/span><\/p>\n<p>Parcourez la <a href=\"https:\/\/www.mes-allocs.fr\/guides\/reconversion-professionnelle\/aide-recherche-emploi\/recherche-emploi-estheticienne\/fiche-metier-estheticienne\/\">fiche m\u00e9tier<\/a> pour aller plus loin !<\/p>\n<div class=\"c-message__message_blocks c-message__message_blocks--rich_text\" data-qa=\"message-text\">\n<div class=\"p-block_kit_renderer\" data-qa=\"block-kit-renderer\">\n<div class=\"p-block_kit_renderer__block_wrapper p-block_kit_renderer__block_wrapper--first\">\n<div class=\"p-rich_text_block\" dir=\"auto\">\n<div class=\"p-rich_text_section\" style=\"text-align: justify;\"><div class='cta-block'><div class='text'>Coaching \u00e0 distance pay\u00e9 par vos aides formation.<\/div><a href='https:\/\/www.formademia.fr\/formulaire\/coaching' class='app-button fit'>V\u00e9rifier votre \u00e9ligibilit\u00e9<\/a><\/div><\/div>\n<\/div>\n<\/div>\n<\/div>\n<\/div>\n","protected":false},"excerpt":{"rendered":"<p>Une esth\u00e9ticienne r\u00e9alise des soins de beaut\u00e9\u00a0du corps et du visage pour ses clients. Il s&rsquo;agit d&rsquo;une profession qui offre de nombreuses opportunit\u00e9s notamment dans le cadre d&rsquo;une reconversion professionnelle. Mais quel est le salaire d&rsquo;une esth\u00e9ticienne ? Mes Allocs r\u00e9pond \u00e0 toutes vos questions dans cet article. Esth\u00e9tique : rappel sur le m\u00e9tier d&rsquo;esth\u00e9ticienne [&hellip;]<\/p>\n","protected":false},"author":14,"featured_media":57802,"comment_status":"closed","ping_status":"open","sticky":false,"template":"","format":"standard","meta":{"amp_status":"","footnotes":""},"categories":[8789,13094,5081],"tags":[],"class_list":["post-57756","post","type-post","status-publish","format-standard","has-post-thumbnail","hentry","category-aide-recherche-emploi","category-recherche-emploi-estheticienne","category-reconversion-professionnelle"],"yoast_head":"<!-- This site is optimized with the Yoast SEO plugin v14.9 - https:\/\/yoast.com\/wordpress\/plugins\/seo\/ -->\n<title>Quel est le salaire d&#039;une esth\u00e9ticienne ? | Mes-Allocs.fr<\/title>\n<meta name=\"description\" content=\"L&#039;esth\u00e9tique est un domaine qui offre de nombreuses opportunit\u00e9s. Mais connaissez-vous le salaire d&#039;une esth\u00e9ticienne ? On vous r\u00e9pond.\" \/>\n<meta name=\"robots\" content=\"index, follow, max-snippet:-1, max-image-preview:large, max-video-preview:-1\" \/>\n<link rel=\"canonical\" href=\"https:\/\/www.mes-allocs.fr\/guides\/reconversion-professionnelle\/aide-recherche-emploi\/recherche-emploi-estheticienne\/estheticienne-salaire\/\" \/>\n<meta property=\"og:locale\" content=\"fr_FR\" \/>\n<meta property=\"og:type\" content=\"article\" \/>\n<meta property=\"og:title\" content=\"Quel est le salaire d&#039;une esth\u00e9ticienne ? | Mes-Allocs.fr\" \/>\n<meta property=\"og:description\" content=\"L&#039;esth\u00e9tique est un domaine qui offre de nombreuses opportunit\u00e9s. Mais connaissez-vous le salaire d&#039;une esth\u00e9ticienne ? On vous r\u00e9pond.\" \/>\n<meta property=\"og:url\" content=\"https:\/\/www.mes-allocs.fr\/guides\/reconversion-professionnelle\/aide-recherche-emploi\/recherche-emploi-estheticienne\/estheticienne-salaire\/\" \/>\n<meta property=\"og:site_name\" content=\"Mes-Allocs.fr\" \/>\n<meta property=\"article:published_time\" content=\"2022-11-10T14:44:45+00:00\" \/>\n<meta property=\"article:modified_time\" content=\"2025-07-18T14:26:47+00:00\" \/>\n<meta property=\"og:image\" content=\"https:\/\/www.mes-allocs.fr\/guides\/wp-content\/uploads\/2022\/11\/Quel-est-le-salaire-dans-lesthetique-3.jpeg?wsr\" \/>\n\t<meta property=\"og:image:width\" content=\"612\" \/>\n\t<meta property=\"og:image:height\" content=\"407\" \/>\n<meta name=\"twitter:card\" content=\"summary_large_image\" \/>\n<script type=\"application\/ld+json\" class=\"yoast-schema-graph\">{\"@context\":\"https:\/\/schema.org\",\"@graph\":[{\"@type\":\"WebSite\",\"@id\":\"https:\/\/www.mes-allocs.fr\/guides\/#website\",\"url\":\"https:\/\/www.mes-allocs.fr\/guides\/\",\"name\":\"Mes-Allocs.fr\",\"description\":\"\",\"potentialAction\":[{\"@type\":\"SearchAction\",\"target\":\"https:\/\/www.mes-allocs.fr\/guides\/?s={search_term_string}\",\"query-input\":\"required name=search_term_string\"}],\"inLanguage\":\"fr-FR\"},{\"@type\":\"ImageObject\",\"@id\":\"https:\/\/www.mes-allocs.fr\/guides\/reconversion-professionnelle\/aide-recherche-emploi\/recherche-emploi-estheticienne\/estheticienne-salaire\/#primaryimage\",\"inLanguage\":\"fr-FR\",\"url\":\"https:\/\/www.mes-allocs.fr\/guides\/wp-content\/uploads\/2022\/11\/Quel-est-le-salaire-dans-lesthetique-3.jpeg?wsr\",\"width\":612,\"height\":407,\"caption\":\"estheticienne salaire\"},{\"@type\":\"WebPage\",\"@id\":\"https:\/\/www.mes-allocs.fr\/guides\/reconversion-professionnelle\/aide-recherche-emploi\/recherche-emploi-estheticienne\/estheticienne-salaire\/#webpage\",\"url\":\"https:\/\/www.mes-allocs.fr\/guides\/reconversion-professionnelle\/aide-recherche-emploi\/recherche-emploi-estheticienne\/estheticienne-salaire\/\",\"name\":\"Quel est le salaire d'une esth\\u00e9ticienne ? | Mes-Allocs.fr\",\"isPartOf\":{\"@id\":\"https:\/\/www.mes-allocs.fr\/guides\/#website\"},\"primaryImageOfPage\":{\"@id\":\"https:\/\/www.mes-allocs.fr\/guides\/reconversion-professionnelle\/aide-recherche-emploi\/recherche-emploi-estheticienne\/estheticienne-salaire\/#primaryimage\"},\"datePublished\":\"2022-11-10T14:44:45+00:00\",\"dateModified\":\"2025-07-18T14:26:47+00:00\",\"author\":{\"@id\":\"https:\/\/www.mes-allocs.fr\/guides\/#\/schema\/person\/a3de97298fd0ffc005ebdd5628b03ca8\"},\"description\":\"L'esth\\u00e9tique est un domaine qui offre de nombreuses opportunit\\u00e9s. Mais connaissez-vous le salaire d'une esth\\u00e9ticienne ? On vous r\\u00e9pond.\",\"inLanguage\":\"fr-FR\"},{\"@type\":\"Person\",\"@id\":\"https:\/\/www.mes-allocs.fr\/guides\/#\/schema\/person\/a3de97298fd0ffc005ebdd5628b03ca8\",\"name\":\"Marina Ada Ondo\",\"image\":{\"@type\":\"ImageObject\",\"@id\":\"https:\/\/www.mes-allocs.fr\/guides\/#personlogo\",\"inLanguage\":\"fr-FR\",\"url\":\"https:\/\/www.mes-allocs.fr\/guides\/wp-content\/uploads\/2022\/02\/Photo-de-profil-150x150.png\",\"caption\":\"Marina Ada Ondo\"},\"description\":\"Marina est r\\u00e9dactrice au sein de l'\\u00e9quipe Mes Allocs, sp\\u00e9cialis\\u00e9e sur les aides aux jeunes. Dipl\\u00f4m\\u00e9e de l'ISFJ, elle rejoint Mes Allocs apr\\u00e8s une premi\\u00e8re exp\\u00e9rience en communication chez Little Africa, une agence de communication \\u00e0 Paris. Sur son temps libre, Marina lit beaucoup et passe ses dimanches au mus\\u00e9e.\",\"sameAs\":[\"https:\/\/www.linkedin.com\/in\/marinaadaondo\/\"]}]}<\/script>\n<!-- \/ Yoast SEO plugin. -->","amp_validity":null,"acf":{"faq":{"1":{"question":"Quel m\u00e9tier paye bien dans l'esth\u00e9tique ?","answer":"Un des m\u00e9tiers de l'esth\u00e9tique le mieux pay\u00e9 est celui de chirurgien esth\u00e9tique. Cette profession du domaine de la m\u00e9decine et de l'esth\u00e9tique permet de gagner entre 4 000\u20ac (pour un d\u00e9butant) et 11 000\u20ac bruts (pour un praticien renomm\u00e9) par mois auxquels s'ajoutent diverses primes et indemnit\u00e9s. "},"2":{"question":"Quel est le salaire d'une esth\u00e9ticienne d\u00e9butante ?","answer":"En d\u00e9but de carri\u00e8re, la r\u00e9mun\u00e9ration d'une esth\u00e9ticienne peut partir de 1 200 \u20ac net par mois. "},"3":{"question":"Quel est le salaire d'une esth\u00e9ticienne au Qu\u00e9bec ?","answer":"Les esth\u00e9ticiennes, \u00e9lectrolystes et personnel assimil\u00e9 gagnent habituellement entre 12,50 $ par heure et 25,00 $ par heure au Canada."},"4":{"question":"Est-ce qu'une esth\u00e9ticienne gagne bien sa vie ?","answer":"En moyenne, une esth\u00e9ticienne qui exerce en institut gagne une r\u00e9mun\u00e9ration \u00e9quivalente au Smic, soit environ 1.500\u20ac brut par mois."},"5":{"question":"Quel est le salaire net d'une coiffeuse ?","answer":"Le salaire moyen d'une coiffeuse est de 1 550 \u20ac net par mois. "},"6":{"question":"Quel dipl\u00f4me pour ouvrir un salon de beaut\u00e9 ?","answer":"Pour ouvrir un salon de beaut\u00e9, le dirigeant de la soci\u00e9t\u00e9 doit \u00eatre titulaire : d'un CPA, BEP dans le domaine de l'esth\u00e9tique. d'un BP (brevet professionnel) ou d'un BM (brevet de ma\u00eetrise dans le domaine de l'esth\u00e9tique."},"7":{"question":"","answer":""},"8":{"question":"","answer":""},"9":{"question":"","answer":""},"10":{"question":"","answer":""},"11":{"question":"","answer":""},"12":{"question":"","answer":""},"13":{"question":"","answer":""},"14":{"question":"","answer":""},"15":{"question":"","answer":""},"16":{"question":"","answer":""}}},"_links":{"self":[{"href":"https:\/\/www.mes-allocs.fr\/guides\/wp-json\/wp\/v2\/posts\/57756","targetHints":{"allow":["GET"]}}],"collection":[{"href":"https:\/\/www.mes-allocs.fr\/guides\/wp-json\/wp\/v2\/posts"}],"about":[{"href":"https:\/\/www.mes-allocs.fr\/guides\/wp-json\/wp\/v2\/types\/post"}],"author":[{"embeddable":true,"href":"https:\/\/www.mes-allocs.fr\/guides\/wp-json\/wp\/v2\/users\/14"}],"replies":[{"embeddable":true,"href":"https:\/\/www.mes-allocs.fr\/guides\/wp-json\/wp\/v2\/comments?post=57756"}],"version-history":[{"count":9,"href":"https:\/\/www.mes-allocs.fr\/guides\/wp-json\/wp\/v2\/posts\/57756\/revisions"}],"predecessor-version":[{"id":102769,"href":"https:\/\/www.mes-allocs.fr\/guides\/wp-json\/wp\/v2\/posts\/57756\/revisions\/102769"}],"wp:featuredmedia":[{"embeddable":true,"href":"https:\/\/www.mes-allocs.fr\/guides\/wp-json\/wp\/v2\/media\/57802"}],"wp:attachment":[{"href":"https:\/\/www.mes-allocs.fr\/guides\/wp-json\/wp\/v2\/media?parent=57756"}],"wp:term":[{"taxonomy":"category","embeddable":true,"href":"https:\/\/www.mes-allocs.fr\/guides\/wp-json\/wp\/v2\/categories?post=57756"},{"taxonomy":"post_tag","embeddable":true,"href":"https:\/\/www.mes-allocs.fr\/guides\/wp-json\/wp\/v2\/tags?post=57756"}],"curies":[{"name":"wp","href":"https:\/\/api.w.org\/{rel}","templated":true}]}}