{"id":57279,"date":"2022-11-09T17:31:00","date_gmt":"2022-11-09T15:31:00","guid":{"rendered":"https:\/\/www.mes-allocs.fr\/guides\/?p=57279"},"modified":"2025-06-03T10:30:05","modified_gmt":"2025-06-03T08:30:05","slug":"recharge-voiture-electrique-impact-sur-votre-facture","status":"publish","type":"post","link":"https:\/\/www.mes-allocs.fr\/guides\/aide-energie\/aide-panneaux-solaires\/panneaux-solaires-economies-denergie\/recharge-voiture-electrique-impact-sur-votre-facture\/","title":{"rendered":"Quel est l&rsquo;impact de la recharge d&rsquo;une voiture \u00e9lectrique sur votre facture ?"},"content":{"rendered":"<p style=\"text-align: justify;\"><b><span class=\"sw\"><img loading=\"lazy\" decoding=\"async\" class=\"alignnone wp-image-57819 size-full\" title=\"Recharge Voiture Electrique impact sur votre facture\" src=\"https:\/\/www.mes-allocs.fr\/guides\/wp-content\/uploads\/2022\/11\/Recharge-Voiture-Electrique-impact-sur-votre-facture--e1667672239398.jpeg\" alt=\"Recharge Voiture Electrique impact sur votre facture\" width=\"1560\" height=\"206\" srcset=\"https:\/\/www.mes-allocs.fr\/guides\/wp-content\/uploads\/2022\/11\/Recharge-Voiture-Electrique-impact-sur-votre-facture--e1667672239398.jpeg 1560w, https:\/\/www.mes-allocs.fr\/guides\/wp-content\/uploads\/2022\/11\/Recharge-Voiture-Electrique-impact-sur-votre-facture--e1667672239398-300x40.jpeg 300w, https:\/\/www.mes-allocs.fr\/guides\/wp-content\/uploads\/2022\/11\/Recharge-Voiture-Electrique-impact-sur-votre-facture--e1667672239398-1024x135.jpeg 1024w, https:\/\/www.mes-allocs.fr\/guides\/wp-content\/uploads\/2022\/11\/Recharge-Voiture-Electrique-impact-sur-votre-facture--e1667672239398-768x101.jpeg 768w, https:\/\/www.mes-allocs.fr\/guides\/wp-content\/uploads\/2022\/11\/Recharge-Voiture-Electrique-impact-sur-votre-facture--e1667672239398-1536x203.jpeg 1536w, https:\/\/www.mes-allocs.fr\/guides\/wp-content\/uploads\/2022\/11\/Recharge-Voiture-Electrique-impact-sur-votre-facture--e1667672239398-600x79.jpeg 600w\" sizes=\"auto, (max-width: 1560px) 100vw, 1560px\" \/>Dans<\/span>\u00a0une\u00a0<span class=\"sw\">logique<\/span> <span class=\"sw\">de<\/span>\u00a0<span class=\"sw\">transition<\/span> <span class=\"sw\">\u00e9nerg\u00e9tique,<\/span> <span class=\"sw\">la<\/span> <span class=\"sw\">voiture<\/span> <span class=\"sw\">\u00e9lectrique<\/span> <span class=\"sw\">est<\/span> <span class=\"sw\">probablement<\/span> <span class=\"sw\">le<\/span> <span class=\"sw\">v\u00e9hicule<\/span> <span class=\"sw\">du<\/span> <span class=\"sw\">futur. Mes Allocs fait un point sur la\u00a0<\/span>consommation <span class=\"sw\">d&rsquo;<a href=\"https:\/\/www.mes-allocs.fr\/guides\/aide-energie\/\">\u00e9nergie<\/a><\/span> <span class=\"sw\">d&rsquo;une<\/span> <span class=\"sw\">seule<\/span> <span class=\"sw\">recharge<\/span> <span class=\"sw\">et vous explique\u00a0<\/span><span class=\"sw\">comment<\/span> <span class=\"sw\">r\u00e9duire<\/span> <span class=\"sw\">les<\/span> <span class=\"sw\">co\u00fbts sur la facture d&rsquo;\u00e9lectricit\u00e9.<\/span><\/b><\/p>\n<p><span style=\"font-weight: 400;\"><div class='cta-block'><div class='text'>Simulez toutes vos Aides en 2 min.<\/div><a href='' class='app-button fit'>Simulation gratuite<\/a><\/div><\/span><\/p>\n<h1 style=\"text-align: justify;\">Quelle est la consommation moyenne d\u2019une recharge de voiture \u00e9lectrique ?<\/h1>\n<p style=\"text-align: justify;\">M\u00eame si vous d\u00e9sirez participer \u00e0 l&rsquo;effort collectif pour l&rsquo;environnement, il faut savoir qu&rsquo;opter pour une voiture <a href=\"https:\/\/www.mes-allocs.fr\/guides\/prime-a-la-conversion\/la-prime-a-la-conversion-electrique\/\">\u00e9lectrique<\/a> engendre certains frais, dont la recharge fait partie.<\/p>\n<h2 style=\"text-align: justify;\">Prix d&rsquo;\u00e9lectricit\u00e9 d\u2019une recharge \u00e0 domicile<\/h2>\n<p style=\"text-align: justify;\"><b>La mani\u00e8re la plus courante et la plus \u00e9conomique de recharger un v\u00e9hicule \u00e9lectrique est la recharge \u00e0 domicile, participant \u00e0 l&rsquo;augmentation de la consommation d\u2019\u00e9nergie du logement.<\/b><\/p>\n<p style=\"text-align: justify;\"><span class=\"sw\">Avec<\/span> <span class=\"sw\">un<\/span> <span class=\"sw\">abonnement<\/span> <span class=\"sw\">standard<\/span> <span class=\"sw\">aupr\u00e8s<\/span> <span class=\"sw\">d&rsquo;un<\/span> <span class=\"sw\">fournisseur<\/span> <span class=\"sw\">d&rsquo;\u00e9lectricit\u00e9<\/span> <span class=\"sw\">comme<\/span> <span class=\"sw\"><a href=\"https:\/\/www.mes-allocs.fr\/guides\/aide-energie\/edf-obligation-d-achat\/\">EDF<\/a>,<\/span> <span class=\"sw\">Engie<\/span> <span class=\"sw\">ou<\/span> <span class=\"sw\">TotalEnergies, la voiture se recharge en cycles lents, qui peuvent durer de 10 \u00e0 30 heures.\u00a0<b>Habituellement, il ne faut la recharger que jusqu\u2019\u00e0 80 % de sa capacit\u00e9, pour pr\u00e9server son autonomie dans le temps.\u00a0<\/b><\/span><\/p>\n<p style=\"text-align: justify;\">Il est <span class=\"sw\">\u00e9galement<\/span> <span class=\"sw\">possible<\/span> <span class=\"sw\">de<\/span> <span class=\"sw\">choisir<\/span> <span class=\"sw\">un<\/span> <span class=\"sw\">cycle<\/span> <span class=\"sw\">de<\/span> <span class=\"sw\">charge<\/span> <span class=\"sw\">plus<\/span> <span class=\"sw\">rapide.<\/span> <span class=\"sw\">Cette<\/span> <span class=\"sw\">derni\u00e8re<\/span> <span class=\"sw\">est<\/span> <span class=\"sw\">r\u00e9alis\u00e9e<\/span> <span class=\"sw\">par<\/span> <span class=\"sw\">une<\/span> <span class=\"sw\">prise<\/span> <span class=\"sw\">renforc\u00e9e<\/span> <span class=\"sw\">type<\/span> <span class=\"sw\">\u00ab<\/span> <span class=\"sw\">Wall<\/span> <span class=\"sw\">Box<\/span> <span class=\"sw\">\u00bb,<\/span> <span class=\"sw\">leur<\/span> <span class=\"sw\">installation<\/span> <span class=\"sw\">est<\/span> <span class=\"sw\">r\u00e9alis\u00e9e<\/span> <span class=\"sw\">par<\/span> <span class=\"sw\">un<\/span> <span class=\"sw\">\u00e9lectricien.<\/span>\u00a0Elle peut\u00a0<span class=\"sw\">supporter<\/span>\u00a0une\u00a0<span class=\"sw\">charge<\/span>\u00a0<span class=\"sw\">plus<\/span> <span class=\"sw\">importante<\/span>\u00a0<span class=\"sw\">et<\/span> <span class=\"sw\">r\u00e9dui<\/span>t\u00a0<span class=\"sw\">le<\/span> <span class=\"sw\">temps<\/span> <span class=\"sw\">de<\/span> <span class=\"sw\">moiti\u00e9, \u00e0 l&rsquo;instar de\u00a0<\/span><span class=\"sw\">10<\/span> <span class=\"sw\">heures<\/span> <span class=\"sw\">au<\/span> <span class=\"sw\">lieu<\/span> <span class=\"sw\">de<\/span> <span class=\"sw\">20<\/span> <span class=\"sw\">heures.\u00a0<\/span><\/p>\n<p style=\"text-align: justify;\"><b>Afin de d\u00e9terminer la consommation moyenne d\u2019une recharge de voiture \u00e9lectrique \u00e0 domicile et son co\u00fbt, <span class=\"sw\">plusieurs<\/span> <span class=\"sw\">crit\u00e8res<\/span> <span class=\"sw\">sont<\/span> <span class=\"sw\">\u00e0<\/span> <span class=\"sw\">prendre<\/span> <span class=\"sw\">en<\/span> <span class=\"sw\">compte<\/span> <span class=\"sw\">:<\/span><\/b><\/p>\n<ul style=\"text-align: justify;\">\n<li style=\"text-align: justify;\">La <span class=\"sw\">voiture<\/span> <span class=\"sw\">consomme<\/span> <span class=\"sw\">de<\/span> <span class=\"sw\">l&rsquo;\u00e9lectricit\u00e9<\/span> <span class=\"sw\">tous<\/span> <span class=\"sw\">les<\/span> <span class=\"sw\">100<\/span> <span class=\"sw\">km.<\/span> <span class=\"sw\">Ici,<\/span> <span class=\"sw\">on<\/span> <span class=\"sw\">consid\u00e8re<\/span>\u00a03\u00a0<span class=\"sw\">types<\/span> <span class=\"sw\">de<\/span> <span class=\"sw\">consommation<\/span> <span class=\"sw\">:<\/span> <span class=\"sw\">basse<\/span> <span class=\"sw\">(12<\/span> <span class=\"sw\">kWh\/100<\/span> <span class=\"sw\">km),<\/span> <span class=\"sw\">moyenne<\/span> <span class=\"sw\">(15<\/span> <span class=\"sw\">kWh\/100<\/span> <span class=\"sw\">km)<\/span> <span class=\"sw\">et<\/span> <span class=\"sw\">haute<\/span> <span class=\"sw\">(20<\/span> <span class=\"sw\">kWh\/100<\/span> <span class=\"sw\">km) ;<\/span><\/li>\n<li style=\"text-align: justify;\">La\u00a0<span class=\"sw\">capacit\u00e9<\/span> <span class=\"sw\">moyenne<\/span> <span class=\"sw\">de<\/span> <span class=\"sw\">la<\/span> <span class=\"sw\"><a href=\"https:\/\/www.mes-allocs.fr\/guides\/aide-energie\/batteries-panneaux-solaire\/\">batterie<\/a>,<\/span> <span class=\"sw\">estim\u00e9e<\/span> <span class=\"sw\">ici<\/span> <span class=\"sw\">est<\/span> <span class=\"sw\">de<\/span> <span class=\"sw\">60<\/span> <span class=\"sw\">kWh<\/span> <span class=\"sw\">;<\/span><\/li>\n<li style=\"text-align: justify;\">Le prix du kWh.<\/li>\n<\/ul>\n<p style=\"text-align: justify;\"><b>Le co\u00fbt d&rsquo;une recharge est semblable pour les 3 mod\u00e8les, car\u00a0<span class=\"sw\">leurs<\/span> <span class=\"sw\">batteries<\/span> <span class=\"sw\">ont<\/span> <span class=\"sw\">la<\/span> <span class=\"sw\">m\u00eame<\/span> <span class=\"sw\">capacit\u00e9<\/span> <span class=\"sw\">de<\/span> <span class=\"sw\">60<\/span> <span class=\"sw\">kWh.<\/span> <\/b><span class=\"sw\">Simplement,<\/span> <span class=\"sw\">celui<\/span> <span class=\"sw\">qui<\/span> <span class=\"sw\">consomme<\/span> <span class=\"sw\">le<\/span> <span class=\"sw\">plus<\/span> <span class=\"sw\">aura<\/span> <span class=\"sw\">moins<\/span> <span class=\"sw\">d&rsquo;autonomie<\/span> <span class=\"sw\">et<\/span> <span class=\"sw\">devra<\/span> <span class=\"sw\">\u00eatre<\/span> <span class=\"sw\">recharg\u00e9<\/span> <span class=\"sw\">plus<\/span> <span class=\"sw\">souvent. Ainsi, les frais annuels seront plus \u00e9lev\u00e9s.\u00a0<\/span><\/p>\n<h2 style=\"text-align: justify;\">C<span class=\"sw\">o\u00fbt<\/span> <span class=\"sw\">moyen<\/span> <span class=\"sw\">de<\/span> <span class=\"sw\">recharge<\/span> <span class=\"sw\">\u00e0<\/span> <span class=\"sw\">une<\/span> <span class=\"sw\">borne<\/span> <span class=\"sw\">publique<\/span><\/h2>\n<p style=\"text-align: justify;\"><span class=\"sw\">La<\/span> <span class=\"sw\">consommation<\/span> <span class=\"sw\">d&rsquo;une<\/span> <span class=\"sw\">seule<\/span> <span class=\"sw\">charge<\/span> <span class=\"sw\">d&rsquo;une<\/span> <span class=\"sw\">voiture<\/span> <span class=\"sw\">\u00e9lectrique<\/span>\u00a0en r\u00e9sidence\u00a0<span class=\"sw\">est<\/span> <span class=\"sw\">la<\/span> <span class=\"sw\">m\u00eame<\/span> <span class=\"sw\">que<\/span> <span class=\"sw\">celle<\/span> <span class=\"sw\">d&rsquo;une<\/span> <span class=\"sw\">borne<\/span> <span class=\"sw\">publique,<\/span> <span class=\"sw\">parce<\/span> <span class=\"sw\">que<\/span> <span class=\"sw\">la<\/span> <span class=\"sw\">capacit\u00e9<\/span> <span class=\"sw\">de<\/span> <span class=\"sw\">la<\/span> <span class=\"sw\">batterie<\/span> <span class=\"sw\">ne<\/span> <span class=\"sw\">change<\/span> <span class=\"sw\">pas<\/span> <span class=\"sw\">et<\/span> <span class=\"sw\">que<\/span> <span class=\"sw\">la<\/span> <span class=\"sw\">quantit\u00e9<\/span> <span class=\"sw\">d&rsquo;\u00e9lectricit\u00e9<\/span> <span class=\"sw\">\u00e0<\/span> <span class=\"sw\">recharger<\/span> <span class=\"sw\">est<\/span>\u00a0pareille.<\/p>\n<p style=\"text-align: justify;\"><b><span class=\"sw\">Par<\/span> <span class=\"sw\">contre,<\/span> <span class=\"sw\">le<\/span> <span class=\"sw\">co\u00fbt<\/span> <span class=\"sw\">de<\/span> <span class=\"sw\">la<\/span> <span class=\"sw\">recharge<\/span> <span class=\"sw\">n&rsquo;est<\/span> <span class=\"sw\">pas<\/span> <span class=\"sw\">le<\/span> <span class=\"sw\">m\u00eame<\/span> <span class=\"sw\">\u00e0<\/span> <span class=\"sw\">la<\/span> <span class=\"sw\">borne<\/span> <span class=\"sw\">publique que l&rsquo;<a href=\"https:\/\/www.beev.co\/blog\/borne-de-recharge\/installation-borne-de-recharge-a-domicile\/\">installation d&rsquo;une borne\u00a0<\/a><\/span><span class=\"sw\">\u00e0<\/span> <span class=\"sw\">la<\/span> <\/b><span class=\"sw\"><b>maison. En effet, en borne publique, la facturation peut se faire de 3 mani\u00e8res diff\u00e9rentes :<\/b><\/span><\/p>\n<ul style=\"text-align: justify;\">\n<li style=\"text-align: justify;\">Le paiement au kWh : <span class=\"sw\">le<\/span> <span class=\"sw\">prix<\/span> <span class=\"sw\">moyen<\/span> <span class=\"sw\">estim\u00e9<\/span> <span class=\"sw\">est<\/span> <span class=\"sw\">de<\/span> <span class=\"sw\">0,50<\/span>\u00a0euro\u00a0<span class=\"sw\">;\u00a0<\/span><\/li>\n<li style=\"text-align: justify;\">Le paiement \u00e0 la minute ou \u00e0 l\u2019heure : concernant une recharge <span class=\"sw\">compl\u00e8te<\/span> <span class=\"sw\">et<\/span> <span class=\"sw\">rapide,<\/span> <span class=\"sw\">le<\/span> <span class=\"sw\">temps<\/span> <span class=\"sw\">moyen<\/span> <span class=\"sw\">en<\/span> <span class=\"sw\">borne<\/span> <span class=\"sw\">est<\/span> <span class=\"sw\">de<\/span> <span class=\"sw\">3<\/span> <span class=\"sw\">heures<\/span> <span class=\"sw\">et<\/span> <span class=\"sw\">le<\/span> <span class=\"sw\">tarif<\/span> <span class=\"sw\">est<\/span> <span class=\"sw\">de<\/span> <span class=\"sw\">0,30<\/span>\u00a0euro\u00a0<span class=\"sw\">la<\/span> <span class=\"sw\">minute<\/span> <span class=\"sw\">;<\/span><\/li>\n<li style=\"text-align: justify;\">Le paiement forfaitaire : il est possible d&rsquo;avoir un prix fixe pour une recharge de 20 h \u00e0 8 h par exemple. <span class=\"sw\">Le<\/span> <span class=\"sw\">montant<\/span> <span class=\"sw\">moyen<\/span> <span class=\"sw\">est<\/span> <span class=\"sw\">de<\/span> <span class=\"sw\">10<\/span> <span class=\"sw\">euros<\/span> <span class=\"sw\">;<\/span><\/li>\n<\/ul>\n<p style=\"text-align: justify;\"><b>Selon les 3 formules, vous pouvez obtenir <span class=\"sw\">les<\/span> <span class=\"sw\">tarifs<\/span> <span class=\"sw\">suivants<\/span> <span class=\"sw\">:\u00a0<\/span><\/b><\/p>\n\n<div class=\"wpdt-c row wpDataTableContainerSimpleTable wpDataTables wpDataTablesWrapper\n\"\n    >\n    <table id=\"wpdtSimpleTable-91\"\n           class=\"wpdtSimpleTable wpDataTable\"\n           data-column=\"6\"\n           data-rows=\"4\"\n           data-wpID=\"91\"\n           data-responsive=\"0\"\n           data-has-header=\"1\">\n\n                    <thead>        <tr class=\"wpdt-cell-row \" >\n                            <th class=\"wpdt-cell wpdt-bc-F3F9FE\"\n                                    data-cell-id=\"A1\"\n                data-col-index=\"0\"\n                data-row-index=\"0\"\n                style=\" width:11.678115799804%;                padding:10px;\"\n                >\n                                Consommation de la voiture \u00e9lectrique                <\/th>\n                                            <th class=\"wpdt-cell wpdt-bc-F3F9FE wpdt-wrap-text\"\n                                    data-cell-id=\"B1\"\n                data-col-index=\"1\"\n                data-row-index=\"0\"\n                style=\" width:17.664376840039%;                padding:10px;\"\n                >\n                                kWh consomm\u00e9s pour une recharge                <\/th>\n                                            <th class=\"wpdt-cell wpdt-bc-F3F9FE\"\n                                    data-cell-id=\"C1\"\n                data-col-index=\"2\"\n                data-row-index=\"0\"\n                style=\" width:17.664376840039%;                padding:10px;\"\n                >\n                                Prix d'une recharge avec facturation au kWh                <\/th>\n                                            <th class=\"wpdt-cell wpdt-bc-F3F9FE\"\n                                    data-cell-id=\"D1\"\n                data-col-index=\"3\"\n                data-row-index=\"0\"\n                style=\" width:17.664376840039%;                padding:10px;\"\n                >\n                                Prix d'une recharge avec facturation \u00e0 l'heure (borne rapide)                <\/th>\n                                            <th class=\"wpdt-cell wpdt-bc-F3F9FE\"\n                                    data-cell-id=\"E1\"\n                data-col-index=\"4\"\n                data-row-index=\"0\"\n                style=\" width:17.664376840039%;                padding:10px;\"\n                >\n                                Prix d'une recharge avec facturation au forfait                <\/th>\n                                            <th class=\"wpdt-cell wpdt-bc-F3F9FE\"\n                                    data-cell-id=\"F1\"\n                data-col-index=\"5\"\n                data-row-index=\"0\"\n                style=\" width:17.664376840039%;                padding:10px;\"\n                >\n                                Co\u00fbt annuel                <\/th>\n                                        <\/tr>\n                    <tbody>        <tr class=\"wpdt-cell-row \" >\n                            <td class=\"wpdt-cell wpdt-bold\"\n                                    data-cell-id=\"A2\"\n                data-col-index=\"0\"\n                data-row-index=\"1\"\n                style=\"                padding:10px;\"\n                >\n                                12 kWh\/100 km                <\/td>\n                                            <td class=\"wpdt-cell wpdt-bc-FFFFFF\"\n                                    data-cell-id=\"B2\"\n                data-col-index=\"1\"\n                data-row-index=\"1\"\n                style=\"                padding:10px;\"\n                >\n                                60                <\/td>\n                                            <td class=\"wpdt-cell \"\n                                    data-cell-id=\"C2\"\n                data-col-index=\"2\"\n                data-row-index=\"1\"\n                style=\"                padding:10px;\"\n                >\n                                30,00 euros                <\/td>\n                                            <td class=\"wpdt-cell \"\n                                    data-cell-id=\"D2\"\n                data-col-index=\"3\"\n                data-row-index=\"1\"\n                style=\"                padding:10px;\"\n                >\n                                54                <\/td>\n                                            <td class=\"wpdt-cell \"\n                                    data-cell-id=\"E2\"\n                data-col-index=\"4\"\n                data-row-index=\"1\"\n                style=\"                padding:10px;\"\n                >\n                                10,00 euros                <\/td>\n                                            <td class=\"wpdt-cell \"\n                                    data-cell-id=\"F2\"\n                data-col-index=\"5\"\n                data-row-index=\"1\"\n                style=\"                padding:10px;\"\n                >\n                                Entre 400 et 2 160 euros                <\/td>\n                                        <\/tr>\n                            <tr class=\"wpdt-cell-row \" >\n                            <td class=\"wpdt-cell wpdt-bold\"\n                                    data-cell-id=\"A3\"\n                data-col-index=\"0\"\n                data-row-index=\"2\"\n                style=\"                padding:10px;\"\n                >\n                                15 kWh\/100 km                <\/td>\n                                            <td class=\"wpdt-cell \"\n                                    data-cell-id=\"B3\"\n                data-col-index=\"1\"\n                data-row-index=\"2\"\n                style=\"                padding:10px;\"\n                >\n                                60                <\/td>\n                                            <td class=\"wpdt-cell \"\n                                    data-cell-id=\"C3\"\n                data-col-index=\"2\"\n                data-row-index=\"2\"\n                style=\"                padding:10px;\"\n                >\n                                30,00 euros                <\/td>\n                                            <td class=\"wpdt-cell \"\n                                    data-cell-id=\"D3\"\n                data-col-index=\"3\"\n                data-row-index=\"2\"\n                style=\"                padding:10px;\"\n                >\n                                54                <\/td>\n                                            <td class=\"wpdt-cell \"\n                                    data-cell-id=\"E3\"\n                data-col-index=\"4\"\n                data-row-index=\"2\"\n                style=\"                padding:10px;\"\n                >\n                                10,00 euros                <\/td>\n                                            <td class=\"wpdt-cell \"\n                                    data-cell-id=\"F3\"\n                data-col-index=\"5\"\n                data-row-index=\"2\"\n                style=\"                padding:10px;\"\n                >\n                                Entre 500 et 2 700 euros                <\/td>\n                                        <\/tr>\n                            <tr class=\"wpdt-cell-row \" >\n                            <td class=\"wpdt-cell wpdt-bold\"\n                                    data-cell-id=\"A4\"\n                data-col-index=\"0\"\n                data-row-index=\"3\"\n                style=\"                padding:10px;\"\n                >\n                                20 kWh\/100 km                <\/td>\n                                            <td class=\"wpdt-cell wpdt-bc-FFFFFF\"\n                                    data-cell-id=\"B4\"\n                data-col-index=\"1\"\n                data-row-index=\"3\"\n                style=\"                padding:10px;\"\n                >\n                                60                <\/td>\n                                            <td class=\"wpdt-cell \"\n                                    data-cell-id=\"C4\"\n                data-col-index=\"2\"\n                data-row-index=\"3\"\n                style=\"                padding:10px;\"\n                >\n                                30,00 euros                <\/td>\n                                            <td class=\"wpdt-cell \"\n                                    data-cell-id=\"D4\"\n                data-col-index=\"3\"\n                data-row-index=\"3\"\n                style=\"                padding:10px;\"\n                >\n                                54                <\/td>\n                                            <td class=\"wpdt-cell \"\n                                    data-cell-id=\"E4\"\n                data-col-index=\"4\"\n                data-row-index=\"3\"\n                style=\"                padding:10px;\"\n                >\n                                10,00 euros                <\/td>\n                                            <td class=\"wpdt-cell \"\n                                    data-cell-id=\"F4\"\n                data-col-index=\"5\"\n                data-row-index=\"3\"\n                style=\"                padding:10px;\"\n                >\n                                Entre 670 et 3 620 euros                <\/td>\n                                        <\/tr>\n                    <\/table>\n<\/div><style id='wpdt-custom-style-91'>\ntable#wpdtSimpleTable-91{ table-layout: fixed !important; }\n.wpdt-bc-F3F9FE { background-color: #F3F9FE !important;}\n.wpdt-bc-FFFFFF { background-color: #FFFFFF !important;}\n<\/style>\n\n<p style=\"text-align: justify;\"><b><span class=\"sw\">En majorit\u00e9, les<\/span> <span class=\"sw\">bornes<\/span> <span class=\"sw\">publiques<\/span>\u00a0offrent\u00a0<span class=\"sw\">une<\/span>\u00a0rec<span class=\"sw\">harge<\/span> <span class=\"sw\">normale et relativement\u00a0<\/span><\/b><span class=\"sw\"><b>rapide.<\/b>\u00a0<\/span><span class=\"sw\">Certaines<\/span> <span class=\"sw\">vitesses<\/span> <span class=\"sw\">de<\/span> <span class=\"sw\">chargement<\/span> <span class=\"sw\">ne<\/span> <span class=\"sw\">sont<\/span> <span class=\"sw\">compatibles<\/span> <span class=\"sw\">qu&rsquo;avec<\/span> <span class=\"sw\">certaines voitures<\/span>\u00a0<span class=\"sw\">\u00e9lectriques,<\/span> <span class=\"sw\">comme<\/span> <span class=\"sw\">les<\/span> <span class=\"sw\">mod\u00e8les<\/span> <span class=\"sw\">Tesla<\/span> <span class=\"sw\">ou<\/span> <span class=\"sw\">Renault<\/span> <span class=\"sw\">ZOE,<\/span> <span class=\"sw\">qui<\/span> <span class=\"sw\">sont<\/span> <span class=\"sw\">les<\/span> <span class=\"sw\">plus<\/span>\u00a0pl\u00e9biscit\u00e9s par les\u00a0<span class=\"sw\">utilisateurs.<\/span><\/p>\n<p style=\"text-align: justify;\"><b>Le tarif annuel \u00e9voqu\u00e9 pr\u00e9c\u00e9demment est \u00e0 titre indicatif.<\/b> Concr\u00e8tement, <span class=\"sw\">tr\u00e8s<\/span> <span class=\"sw\">peu<\/span> <span class=\"sw\">de<\/span> <span class=\"sw\">propri\u00e9taires<\/span> <span class=\"sw\">de<\/span> <span class=\"sw\">v\u00e9hicules<\/span> <span class=\"sw\">\u00e9lectriques<\/span> <span class=\"sw\">se<\/span> <span class=\"sw\">contentent<\/span> <span class=\"sw\">de<\/span> <span class=\"sw\">le<\/span> <span class=\"sw\">recharger<\/span> <span class=\"sw\">sur<\/span> <span class=\"sw\">une<\/span> <span class=\"sw\">borne<\/span> <span class=\"sw\">publique.<\/span> <b><span class=\"sw\">En<\/span> <span class=\"sw\">effet,<\/span> <span class=\"sw\">pr\u00e8s<\/span> <span class=\"sw\">de<\/span> <span class=\"sw\">90<\/span> <span class=\"sw\">%<\/span> <span class=\"sw\">des<\/span>\u00a0personnes poss\u00e9dant un v\u00e9hicule \u00e9lectrique le rechargent \u00e0 domicile.<\/b><\/p>\n<h1 style=\"text-align: justify;\"><span class=\"sw\">Comment<\/span> <span class=\"sw\">calculer<\/span> <span class=\"sw\">la<\/span> <span class=\"sw\">consommation<\/span> <span class=\"sw\">d&rsquo;une<\/span> <span class=\"sw\">recharge<\/span> <span class=\"sw\">de<\/span> <span class=\"sw\">voiture<\/span> <span class=\"sw\">\u00e9lectrique<\/span> <span class=\"sw\">?<\/span><\/h1>\n<p style=\"text-align: justify;\">Afin de conna\u00eetre la consommation de votre v\u00e9hicule, plusieurs m\u00e9thodes sont applicables.<\/p>\n<h2 style=\"text-align: justify;\"><span class=\"sw\">Calcul<\/span> <span class=\"sw\">de<\/span> <span class=\"sw\">la<\/span> <span class=\"sw\">consommation<\/span> <span class=\"sw\">en<\/span> <span class=\"sw\">kWh\u00a0<\/span><\/h2>\n<p style=\"text-align: justify;\"><span class=\"sw\">Les<\/span> <span class=\"sw\">donn\u00e9es<\/span> <span class=\"sw\">pr\u00e9sent\u00e9es<\/span> <span class=\"sw\">ci-dessus<\/span> <span class=\"sw\">sont<\/span> <span class=\"sw\">des<\/span> <span class=\"sw\">moyennes.<\/span> <b><span class=\"sw\">Par<\/span> <span class=\"sw\">cons\u00e9quent,<\/span> <span class=\"sw\">les<\/span> <span class=\"sw\">donn\u00e9es<\/span> <span class=\"sw\">de<\/span> <span class=\"sw\">votre<\/span> <span class=\"sw\">v\u00e9hicule<\/span> <span class=\"sw\">\u00e9lectrique<\/span> <span class=\"sw\">peuvent diff\u00e9rer\u00a0consid\u00e9rablement.\u00a0<\/span><\/b><\/p>\n<p style=\"text-align: justify;\"><b>Pour calculer <span class=\"sw\">la<\/span> <span class=\"sw\">consommation<\/span> <span class=\"sw\">d&rsquo;une<\/span> <span class=\"sw\">seule<\/span> <span class=\"sw\">recharge<\/span> <span class=\"sw\">de<\/span>\u00a0voiture, il est requis de conna\u00eetre la <span class=\"sw\">capacit\u00e9<\/span> <span class=\"sw\">de<\/span> <span class=\"sw\">la<\/span> <span class=\"sw\">batterie<\/span> <span class=\"sw\">en<\/span> <span class=\"sw\">kWh<\/span> <\/b><span class=\"sw\"><b>uniquement.<\/b> Si c&rsquo;est 70 kWh, cela signifie que chaque fois que vous la rechargez totalement, vous utilisez 70 kWh d&rsquo;\u00e9lectricit\u00e9. Si vous ne chargez qu&rsquo;\u00e0 80 %, comme recommand\u00e9, vous multiplierez simplement la capacit\u00e9 de la batterie en kWh par 0,8.<\/span><\/p>\n<p style=\"text-align: justify;\"><span class=\"sw\">Pour<\/span> <span class=\"sw\">conna\u00eetre<\/span> <span class=\"sw\">le<\/span> <span class=\"sw\">nombre<\/span> <span class=\"sw\">de<\/span> <span class=\"sw\">kWh<\/span> <span class=\"sw\">consomm\u00e9s<\/span> <span class=\"sw\">par<\/span> <span class=\"sw\">une<\/span> <span class=\"sw\">voiture<\/span> <span class=\"sw\">en<\/span> <span class=\"sw\">un<\/span> <span class=\"sw\">an,<\/span> <span class=\"sw\">il<\/span> <span class=\"sw\">faut<\/span> <span class=\"sw\">conna\u00eetre<\/span> <span class=\"sw\">la<\/span> <span class=\"sw\">consommation<\/span> <span class=\"sw\">du<\/span> <span class=\"sw\">v\u00e9hicule<\/span> <span class=\"sw\">aux<\/span> <span class=\"sw\">100<\/span> <span class=\"sw\">km<\/span> <span class=\"sw\">et<\/span> <span class=\"sw\">le<\/span> <span class=\"sw\">nombre<\/span> <span class=\"sw\">de<\/span> <span class=\"sw\">kilom\u00e8tres<\/span> <span class=\"sw\">parcourus<\/span> <span class=\"sw\">dans<\/span> <span class=\"sw\">l&rsquo;ann\u00e9e.<\/span>\u00a0<b>Ainsi, l<span class=\"sw\">e<\/span> <span class=\"sw\">calcul<\/span> <span class=\"sw\">sera<\/span> <span class=\"sw\">le<\/span> <span class=\"sw\">suivant<\/span> <span class=\"sw\">: c<\/span><\/b><b>onsommation en kWh\/100 km x nombre de km parcourus par an \/ 100 km<\/b><\/p>\n<p style=\"text-align: justify;\"><b><iframe loading=\"lazy\" src=\"\/\/www.youtube.com\/embed\/NoGjShMmCaM\" width=\"560\" height=\"314\" allowfullscreen=\"allowfullscreen\"><\/iframe><\/b><\/p>\n<h2>Calcul de la consommation en euros<\/h2>\n<p style=\"text-align: justify;\">Afin de savoir le co\u00fbt en euros <span class=\"sw\">de<\/span> <span class=\"sw\">la<\/span> <span class=\"sw\">consommation<\/span> <span class=\"sw\">du\u00a0<\/span><span class=\"sw\">v\u00e9hicule<\/span> <span class=\"sw\">\u00e9lectrique,<\/span>\u00a0le calcul est diff\u00e9rent dans le cas o\u00f9 vous rechargeriez <span class=\"sw\">sur<\/span> <span class=\"sw\">une<\/span> <span class=\"sw\">borne<\/span> <span class=\"sw\">publique<\/span> <span class=\"sw\">ou<\/span> <span class=\"sw\">\u00e0<\/span> <span class=\"sw\">domicile,<\/span> <span class=\"sw\">avec<\/span> <span class=\"sw\">une<\/span> <span class=\"sw\">prise<\/span> <span class=\"sw\">Wallbox<\/span> <span class=\"sw\">par<\/span> <span class=\"sw\">exemple.<\/span> <b><span class=\"sw\">Chez<\/span> <span class=\"sw\">vous,<\/span> <span class=\"sw\">il<\/span> <span class=\"sw\">vous<\/span> <span class=\"sw\">suffit<\/span> <span class=\"sw\">de<\/span> <span class=\"sw\">faire<\/span> <span class=\"sw\">le<\/span> <span class=\"sw\">calcul<\/span> <span class=\"sw\">suivant<\/span> <span class=\"sw\">: c<\/span><\/b><strong>onsommation en kWh x prix du kWh pay\u00e9 au fournisseur<\/strong><\/p>\n<p style=\"text-align: justify;\"><span class=\"sw\">Typiquement,<\/span> <span class=\"sw\">le<\/span> <span class=\"sw\">co\u00fbt<\/span> <span class=\"sw\">mensuel<\/span> <span class=\"sw\">li\u00e9<\/span>\u00a0aux\u00a0<span class=\"sw\">recharges<\/span> <span class=\"sw\">de<\/span> <span class=\"sw\">votre<\/span> <span class=\"sw\">v\u00e9hicule<\/span> <span class=\"sw\">ne<\/span> <span class=\"sw\">doit<\/span> <span class=\"sw\">pas<\/span> <span class=\"sw\">d\u00e9passer<\/span> <span class=\"sw\">le<\/span> <span class=\"sw\">co\u00fbt<\/span> <span class=\"sw\">du<\/span> <span class=\"sw\">chauffage<\/span> <span class=\"sw\">\u00e9lectrique,<\/span> <span class=\"sw\">surtout<\/span> <span class=\"sw\">si<\/span> <span class=\"sw\">vous<\/span> <span class=\"sw\">\u00eates<\/span> <span class=\"sw\">\u00e9quip\u00e9<\/span> <span class=\"sw\">de<\/span>\u00a0<span class=\"sw\">radiateurs<\/span> <span class=\"sw\">basse\u00a0<\/span><span class=\"sw\">consommation.<\/span><\/p>\n<p style=\"text-align: justify;\"><b>En optant pour les bornes de recharge, le calcul sera plus compliqu\u00e9, car il d\u00e9pend de plusieurs \u00e9l\u00e9ments :<\/b><\/p>\n<ul style=\"text-align: justify;\">\n<li>L&rsquo;op\u00e9rateur de la borne de recharge (Total, Ionity, Corridor CNR, ou encore Superchargeurs Tesla par exemple) ;<\/li>\n<li>L&rsquo;abonnement : le prix est moins \u00e9lev\u00e9 si vous n&rsquo;\u00eates abonn\u00e9 qu&rsquo;en tant que simple utilisateur occasionnel ;<\/li>\n<li>Le mode de recharge : les co\u00fbts des recharges rapides sont plus chers que ceux des recharges standards ;<\/li>\n<li>Les frais de connexion : ils comprennent <span class=\"sw\">g\u00e9n\u00e9ralement<\/span> <span class=\"sw\">une<\/span> <span class=\"sw\">heure<\/span> <span class=\"sw\">de<\/span> <span class=\"sw\">recharge<\/span> <span class=\"sw\">;\u00a0<\/span><\/li>\n<li>Le mode de facturation : il g\u00e9n\u00e8re un <span class=\"sw\">autre<\/span> <span class=\"sw\">co\u00fbt<\/span> <span class=\"sw\">(prix<\/span> <span class=\"sw\">de<\/span> <span class=\"sw\">la<\/span> <span class=\"sw\">minute\/heure<\/span> <span class=\"sw\">suppl\u00e9mentaire,<\/span> <span class=\"sw\">forfait<\/span> <span class=\"sw\">ou<\/span> <span class=\"sw\">encore<\/span> <span class=\"sw\">du<\/span> <span class=\"sw\">kWh)<\/span> <span class=\"sw\">;\u00a0<\/span><\/li>\n<\/ul>\n<p style=\"text-align: justify;\"><b>Ainsi, afin d&rsquo;obtenir <span class=\"sw\">le<\/span> <span class=\"sw\">co\u00fbt<\/span> <span class=\"sw\">de<\/span> <span class=\"sw\">la<\/span> <span class=\"sw\">recharge<\/span> <span class=\"sw\">de<\/span> <span class=\"sw\">votre<\/span> <span class=\"sw\">v\u00e9hicule<\/span> <span class=\"sw\">\u00e9lectrique,<\/span> <span class=\"sw\">le<\/span> <span class=\"sw\">calcul<\/span> <span class=\"sw\">le<\/span> <span class=\"sw\">plus<\/span> <span class=\"sw\">classique est<\/span>\u00a0<span class=\"sw\">le<\/span> <span class=\"sw\">suivant<\/span> <span class=\"sw\">: \u00a0<\/span><\/b><b>(Nombre d\u2019heures &#8211; 1) x co\u00fbt d\u2019une heure + co\u00fbt de connexion<\/b><\/p>\n<h1 style=\"text-align: justify;\"><span class=\"sw\">Comment<\/span> <span class=\"sw\">r\u00e9duire<\/span> <span class=\"sw\">la<\/span> <span class=\"sw\">consommation<\/span> <span class=\"sw\">d&rsquo;une<\/span> <span class=\"sw\">voiture<\/span> <span class=\"sw\">\u00e9lectrique<\/span> <span class=\"sw\">?<\/span><\/h1>\n<p style=\"text-align: justify;\"><span class=\"sw\">La<\/span> <span class=\"sw\">voiture<\/span> <span class=\"sw\">\u00e9lectrique<\/span> <span class=\"sw\">est<\/span> <span class=\"sw\">un<\/span> <span class=\"sw\">appareil<\/span> <span class=\"sw\">qui<\/span> <span class=\"sw\">consomme<\/span> <span class=\"sw\">beaucoup<\/span> <span class=\"sw\">d&rsquo;\u00e9nergie.<\/span> <b><span class=\"sw\">Il<\/span> <span class=\"sw\">existe<\/span> <span class=\"sw\">des<\/span> <span class=\"sw\">moyens<\/span> <span class=\"sw\">de<\/span> <span class=\"sw\">r\u00e9duire<\/span> <span class=\"sw\">sa<\/span> <span class=\"sw\">consommation<\/span> <span class=\"sw\">et<\/span> <span class=\"sw\">le<\/span> <span class=\"sw\">co\u00fbt<\/span> <span class=\"sw\">de<\/span> <span class=\"sw\">son<\/span> <span class=\"sw\">utilisation.<\/span><\/b><\/p>\n<h2 style=\"text-align: justify;\">V\u00e9hicule <span class=\"sw\">performant,\u00a0<\/span><span class=\"sw\">\u00e9conome<\/span> <span class=\"sw\">en<\/span> <span class=\"sw\">\u00e9nergie<\/span>\u00a0et adapt\u00e9 \u00e0 la conduite<\/h2>\n<p style=\"text-align: justify;\"><b>Comme un frigo, un ordinateur ou une\u00a0machine \u00e0 laver, en choisissant <span class=\"sw\">de<\/span> <span class=\"sw\">placer<\/span> <span class=\"sw\">votre<\/span> <span class=\"sw\">investissement<\/span> <span class=\"sw\">initial<\/span> <span class=\"sw\">dans<\/span> <span class=\"sw\">un<\/span> <span class=\"sw\">v\u00e9hicule<\/span> <span class=\"sw\">performant<\/span> <span class=\"sw\">et<\/span> <span class=\"sw\">\u00e9co-\u00e9nerg\u00e9tique,<\/span> <span class=\"sw\">il<\/span> <span class=\"sw\">est<\/span> <span class=\"sw\">rentable<\/span> <span class=\"sw\">avec<\/span> <span class=\"sw\">le<\/span> <\/b><span class=\"sw\"><b>temps.<\/b> En tant que voiture import\u00e9e de la c\u00e9l\u00e8bre marque Tesla, la Tesla Model 3 a une consommation assez faible (de 14 \u00e0 16 kWh\/100 km), une autonomie plus \u00e9lev\u00e9e que la moyenne (environ 500 km) et une batterie d\u2019une capacit\u00e9 de 55 kWh. Ces caract\u00e9ristiques en font l&rsquo;une des voitures les plus comp\u00e9titives du march\u00e9.\u00a0<\/span><\/p>\n<p style=\"text-align: justify;\"><b><span class=\"sw\">En<\/span> <span class=\"sw\">adoptant<\/span> <span class=\"sw\">l&rsquo;\u00e9co-conduite,<\/span> <span class=\"sw\">vous<\/span> <span class=\"sw\">pouvez<\/span> <span class=\"sw\">\u00e9galement<\/span> <span class=\"sw\">prolonger<\/span> <span class=\"sw\">la<\/span> <span class=\"sw\">dur\u00e9e<\/span> <span class=\"sw\">d&rsquo;utilisation<\/span>\u00a0<span class=\"sw\">de<\/span> <span class=\"sw\">votre<\/span> <span class=\"sw\">voiture<\/span> <span class=\"sw\">avant<\/span> <span class=\"sw\">qu&rsquo;elle<\/span> <span class=\"sw\">ne<\/span> <span class=\"sw\">doive<\/span> <span class=\"sw\">\u00eatre<\/span> <span class=\"sw\">recharg\u00e9e.\u00a0<\/span><\/b><\/p>\n<h2 style=\"text-align: justify;\">Les bornes de recharge publiques gratuites<\/h2>\n<p style=\"text-align: justify;\"><b><span class=\"sw\">En<\/span> <span class=\"sw\">France,<\/span> <span class=\"sw\">il<\/span> <span class=\"sw\">est<\/span> <span class=\"sw\">tr\u00e8s<\/span> <span class=\"sw\">cher<\/span> <span class=\"sw\">de<\/span> <span class=\"sw\">recharger<\/span> <span class=\"sw\">sa<\/span> <span class=\"sw\">voiture<\/span>\u00a0en borne, sauf quand cette derni\u00e8re est gratuite.<\/b> Elle\u00a0<span class=\"sw\">ne<\/span> <span class=\"sw\">facture<\/span>\u00a0<span class=\"sw\">g\u00e9n\u00e9ralement<\/span> <span class=\"sw\">que<\/span> <span class=\"sw\">des<\/span> <span class=\"sw\">frais<\/span> <span class=\"sw\">de<\/span> <span class=\"sw\">stationnement.<\/span> <b><span class=\"sw\">Ils<\/span> <span class=\"sw\">sont<\/span> <span class=\"sw\">g\u00e9n\u00e9ralement<\/span> <span class=\"sw\">situ\u00e9s<\/span> <span class=\"sw\">dans<\/span> <span class=\"sw\">des<\/span> <span class=\"sw\">centres<\/span> <span class=\"sw\">commerciaux<\/span> <span class=\"sw\">ou<\/span> <span class=\"sw\">dans<\/span> <span class=\"sw\">des<\/span> <span class=\"sw\">parkings<\/span> <span class=\"sw\">publics.<\/span><\/b> <span class=\"sw\">Cependant,<\/span> <span class=\"sw\">\u00e0<\/span> <span class=\"sw\">mesure<\/span> <span class=\"sw\">que<\/span> <span class=\"sw\">les<\/span> <span class=\"sw\">v\u00e9hicules<\/span> <span class=\"sw\">\u00e9lectriques<\/span> <span class=\"sw\">deviennent<\/span> <span class=\"sw\">plus<\/span> <span class=\"sw\">courants,<\/span> <span class=\"sw\">ils<\/span> <span class=\"sw\">se<\/span> <span class=\"sw\">font<\/span> <span class=\"sw\">de<\/span> <span class=\"sw\">plus<\/span> <span class=\"sw\">en<\/span> <span class=\"sw\">plus<\/span> <span class=\"sw\">rares.\u00a0<\/span><\/p>\n<p style=\"text-align: justify;\">Toutefois, il ne faut pas h\u00e9siter \u00e0 rep\u00e9rer ces\u00a0points de recharge afin de pouvoir les utiliser et faire des \u00e9conomies.<\/p>\n<h2 style=\"text-align: justify;\">La recharge \u00e0 domicile en heures creuses<\/h2>\n<p style=\"text-align: justify;\"><b><span class=\"sw\">Comme<\/span> <span class=\"sw\">le<\/span> <span class=\"sw\">montrent<\/span> <span class=\"sw\">les<\/span> <span class=\"sw\">r\u00e9sultats<\/span> <span class=\"sw\">moyens,<\/span> <span class=\"sw\">il<\/span> <span class=\"sw\">est<\/span> <span class=\"sw\">beaucoup<\/span> <span class=\"sw\">moins<\/span> <span class=\"sw\">co\u00fbteux<\/span> <span class=\"sw\">de<\/span> <span class=\"sw\">recharger<\/span> <span class=\"sw\">sa<\/span> <span class=\"sw\">voiture<\/span> <span class=\"sw\">\u00e9lectrique<\/span> <span class=\"sw\">\u00e0<\/span> <span class=\"sw\">domicile<\/span> <span class=\"sw\">que<\/span> <span class=\"sw\">d&rsquo;utiliser<\/span> <span class=\"sw\">une<\/span> <span class=\"sw\">borne<\/span> <span class=\"sw\">publique.<\/span><\/b> <span class=\"sw\">Par<\/span> <span class=\"sw\">cons\u00e9quent, il faut prioriser ce\u00a0moyen afin que votre utilisation du v\u00e9hicule soit la plus pratique possible.\u00a0\u00a0<\/span><\/p>\n<p style=\"text-align: justify;\"><b><span class=\"sw\">De<\/span> <span class=\"sw\">plus,<\/span> <span class=\"sw\">si<\/span> <span class=\"sw\">vous<\/span> <span class=\"sw\">avez<\/span> <span class=\"sw\">souscrit<\/span> <span class=\"sw\">\u00e0<\/span> <span class=\"sw\">une<\/span> <span class=\"sw\">offre<\/span> <\/b><span class=\"sw\"><b>d&rsquo;\u00e9lectricit\u00e9 en option\u00a0tarifaire de base, vous pouvez b\u00e9n\u00e9ficier d&rsquo;un passage \u00e0 un abonnement Heure Pleine\/Heure Basse.<\/b> Cette option tarifaire offre un prix du kilowattheure beaucoup plus avantageux la nuit et un v\u00e9hicule \u00e9lectrique n&rsquo;a g\u00e9n\u00e9ralement pas besoin d&rsquo;\u00eatre recharg\u00e9 plus d&rsquo;une fois par jour.<\/span><\/p>\n<p>&nbsp;<\/p>\n<p>&nbsp;<\/p>\n<p>&nbsp;<\/p>\n<div class=\"c-message__message_blocks c-message__message_blocks--rich_text\" data-qa=\"message-text\">\n<div class=\"p-block_kit_renderer\" data-qa=\"block-kit-renderer\">\n<div class=\"p-block_kit_renderer__block_wrapper p-block_kit_renderer__block_wrapper--first\">\n<div class=\"p-rich_text_block\" dir=\"auto\">\n<div class=\"p-rich_text_section\"><div class='cta-block'><div class='text'>Simulez vos aides pour la transition \u00e9nerg\u00e9tique en\u00a0<span class=\"c-mrkdwn__highlight\">2<\/span>\u00a0<span class=\"c-mrkdwn__highlight\">min<\/span>.<\/div><a href='\u201chttps:\/\/www.mes-allocs.fr\/ab-app\u201d?origin=guides\/wp-json\/wp\/v2\/posts\/57279' class='app-button fit'>\u201cSimulation<\/a><\/div><\/div>\n<\/div>\n<\/div>\n<\/div>\n<\/div>\n","protected":false},"excerpt":{"rendered":"<p>Dans\u00a0une\u00a0logique de\u00a0transition \u00e9nerg\u00e9tique, la voiture \u00e9lectrique est probablement le v\u00e9hicule du futur. Mes Allocs fait un point sur la\u00a0consommation d&rsquo;\u00e9nergie d&rsquo;une seule recharge et vous explique\u00a0comment r\u00e9duire les co\u00fbts sur la facture d&rsquo;\u00e9lectricit\u00e9. Quelle est la consommation moyenne d\u2019une recharge de voiture \u00e9lectrique ? M\u00eame si vous d\u00e9sirez participer \u00e0 l&rsquo;effort collectif pour l&rsquo;environnement, il [&hellip;]<\/p>\n","protected":false},"author":14,"featured_media":57817,"comment_status":"closed","ping_status":"open","sticky":false,"template":"","format":"standard","meta":{"amp_status":"","footnotes":""},"categories":[5515,22651],"tags":[],"class_list":["post-57279","post","type-post","status-publish","format-standard","has-post-thumbnail","hentry","category-aide-energie","category-panneaux-solaires-economies-denergie"],"yoast_head":"<!-- This site is optimized with the Yoast SEO plugin v14.9 - https:\/\/yoast.com\/wordpress\/plugins\/seo\/ -->\n<title>Recharge voiture \u00e9lectrique : quel impact sur la facture d&#039;\u00e9lectricit\u00e9 ?<\/title>\n<meta name=\"description\" content=\"Mes Allocs fait un point sur la\u00a0consommation d&#039;\u00e9nergie d&#039;une seule recharge et vous explique comment r\u00e9duire les co\u00fbts engendr\u00e9s.\" \/>\n<meta name=\"robots\" content=\"index, follow, max-snippet:-1, max-image-preview:large, max-video-preview:-1\" \/>\n<link rel=\"canonical\" href=\"https:\/\/www.mes-allocs.fr\/guides\/aide-energie\/aide-panneaux-solaires\/panneaux-solaires-economies-denergie\/recharge-voiture-electrique-impact-sur-votre-facture\/\" \/>\n<meta property=\"og:locale\" content=\"fr_FR\" \/>\n<meta property=\"og:type\" content=\"article\" \/>\n<meta property=\"og:title\" content=\"Recharge voiture \u00e9lectrique : quel impact sur la facture d&#039;\u00e9lectricit\u00e9 ?\" \/>\n<meta property=\"og:description\" content=\"Mes Allocs fait un point sur la\u00a0consommation d&#039;\u00e9nergie d&#039;une seule recharge et vous explique comment r\u00e9duire les co\u00fbts engendr\u00e9s.\" \/>\n<meta property=\"og:url\" content=\"https:\/\/www.mes-allocs.fr\/guides\/aide-energie\/aide-panneaux-solaires\/panneaux-solaires-economies-denergie\/recharge-voiture-electrique-impact-sur-votre-facture\/\" \/>\n<meta property=\"og:site_name\" content=\"Mes-Allocs.fr\" \/>\n<meta property=\"article:published_time\" content=\"2022-11-09T15:31:00+00:00\" \/>\n<meta property=\"article:modified_time\" content=\"2025-06-03T08:30:05+00:00\" \/>\n<meta property=\"og:image\" content=\"https:\/\/www.mes-allocs.fr\/guides\/wp-content\/uploads\/2022\/11\/Recharge-Voiture-Electrique-impact-sur-votre-facture-2.jpeg?wsr\" \/>\n\t<meta property=\"og:image:width\" content=\"612\" \/>\n\t<meta property=\"og:image:height\" content=\"408\" \/>\n<meta name=\"twitter:card\" content=\"summary_large_image\" \/>\n<script type=\"application\/ld+json\" class=\"yoast-schema-graph\">{\"@context\":\"https:\/\/schema.org\",\"@graph\":[{\"@type\":\"WebSite\",\"@id\":\"https:\/\/www.mes-allocs.fr\/guides\/#website\",\"url\":\"https:\/\/www.mes-allocs.fr\/guides\/\",\"name\":\"Mes-Allocs.fr\",\"description\":\"\",\"potentialAction\":[{\"@type\":\"SearchAction\",\"target\":\"https:\/\/www.mes-allocs.fr\/guides\/?s={search_term_string}\",\"query-input\":\"required name=search_term_string\"}],\"inLanguage\":\"fr-FR\"},{\"@type\":\"ImageObject\",\"@id\":\"https:\/\/www.mes-allocs.fr\/guides\/aide-energie\/aide-panneaux-solaires\/panneaux-solaires-economies-denergie\/recharge-voiture-electrique-impact-sur-votre-facture\/#primaryimage\",\"inLanguage\":\"fr-FR\",\"url\":\"https:\/\/www.mes-allocs.fr\/guides\/wp-content\/uploads\/2022\/11\/Recharge-Voiture-Electrique-impact-sur-votre-facture-2.jpeg?wsr\",\"width\":612,\"height\":408,\"caption\":\"Recharge Voiture Electrique impact sur votre facture\"},{\"@type\":\"WebPage\",\"@id\":\"https:\/\/www.mes-allocs.fr\/guides\/aide-energie\/aide-panneaux-solaires\/panneaux-solaires-economies-denergie\/recharge-voiture-electrique-impact-sur-votre-facture\/#webpage\",\"url\":\"https:\/\/www.mes-allocs.fr\/guides\/aide-energie\/aide-panneaux-solaires\/panneaux-solaires-economies-denergie\/recharge-voiture-electrique-impact-sur-votre-facture\/\",\"name\":\"Recharge voiture \\u00e9lectrique : quel impact sur la facture d'\\u00e9lectricit\\u00e9 ?\",\"isPartOf\":{\"@id\":\"https:\/\/www.mes-allocs.fr\/guides\/#website\"},\"primaryImageOfPage\":{\"@id\":\"https:\/\/www.mes-allocs.fr\/guides\/aide-energie\/aide-panneaux-solaires\/panneaux-solaires-economies-denergie\/recharge-voiture-electrique-impact-sur-votre-facture\/#primaryimage\"},\"datePublished\":\"2022-11-09T15:31:00+00:00\",\"dateModified\":\"2025-06-03T08:30:05+00:00\",\"author\":{\"@id\":\"https:\/\/www.mes-allocs.fr\/guides\/#\/schema\/person\/a3de97298fd0ffc005ebdd5628b03ca8\"},\"description\":\"Mes Allocs fait un point sur la\\u00a0consommation d'\\u00e9nergie d'une seule recharge et vous explique comment r\\u00e9duire les co\\u00fbts engendr\\u00e9s.\",\"inLanguage\":\"fr-FR\"},{\"@type\":\"Person\",\"@id\":\"https:\/\/www.mes-allocs.fr\/guides\/#\/schema\/person\/a3de97298fd0ffc005ebdd5628b03ca8\",\"name\":\"Marina Ada Ondo\",\"image\":{\"@type\":\"ImageObject\",\"@id\":\"https:\/\/www.mes-allocs.fr\/guides\/#personlogo\",\"inLanguage\":\"fr-FR\",\"url\":\"https:\/\/www.mes-allocs.fr\/guides\/wp-content\/uploads\/2022\/02\/Photo-de-profil-150x150.png\",\"caption\":\"Marina Ada Ondo\"},\"description\":\"Marina est r\\u00e9dactrice au sein de l'\\u00e9quipe Mes Allocs, sp\\u00e9cialis\\u00e9e sur les aides aux jeunes. Dipl\\u00f4m\\u00e9e de l'ISFJ, elle rejoint Mes Allocs apr\\u00e8s une premi\\u00e8re exp\\u00e9rience en communication chez Little Africa, une agence de communication \\u00e0 Paris. Sur son temps libre, Marina lit beaucoup et passe ses dimanches au mus\\u00e9e.\",\"sameAs\":[\"https:\/\/www.linkedin.com\/in\/marinaadaondo\/\"]}]}<\/script>\n<!-- \/ Yoast SEO plugin. -->","amp_validity":null,"acf":{"faq":{"1":{"question":"O\u00f9 sont les bornes de recharge ?","answer":"Le service ChargeMap permet de localiser les bornes de recharge sur une carte et d'effectuer une recherche \u00e0 partir d'une adresse. ChargeMap est accessible sur Internet via le site fr.chargemap.com ou via une application mobile.\r\n<br> <a href=\"https:\/\/www.mes-allocs.fr\/guides\/aide-energie\/aide-panneaux-solaires\/panneaux-solaires-economies-denergie\/recharge-voiture-electrique-impact-sur-votre-facture\/\">Lire la suite<\/a> "},"2":{"question":"Puis-je recharger ma voiture \u00e9lectrique au travail ?","answer":"Contrairement aux habitants d'un immeuble collectif, les salari\u00e9s d'une entreprise ne disposent pas d'un droit \u00e0 la prise leur permettant de recharger leur v\u00e9hicule \u00e9lectrique sur le lieu de travail.\r\n<br> <a href=\"https:\/\/www.mes-allocs.fr\/guides\/aide-energie\/aide-panneaux-solaires\/panneaux-solaires-economies-denergie\/recharge-voiture-electrique-impact-sur-votre-facture\/\">Lire la suite<\/a> "},"3":{"question":"Quel est le prix d'une recharge \u00e9lectrique sur autoroute ?","answer":"Le co\u00fbt moyen estim\u00e9 est d'environ 18 \u20ac TTC.\r\n<br> <a href=\"https:\/\/www.mes-allocs.fr\/guides\/aide-energie\/aide-panneaux-solaires\/panneaux-solaires-economies-denergie\/recharge-voiture-electrique-impact-sur-votre-facture\/\">Lire la suite<\/a> "},"4":{"question":"Quel est l'entretien d'une voiture \u00e9lectrique ?","answer":"Il est conseill\u00e9 de proc\u00e9der \u00e0 la r\u00e9vision d'une voiture \u00e9lectrique tous les 30 000 kilom\u00e8tres, contre en moyenne 15 000 kilom\u00e8tres pour une voiture \u00e0 moteur essence et 20 000 kilom\u00e8tres pour un diesel."},"5":{"question":"Comment recharger une Zo\u00e9 \u00e0 la maison ?","answer":"Pour recharger une Zo\u00e9 \u00e0 domicile il faut soit la brancher sur une prise Green-Up Access soit sur une wallbox pr\u00e9alablement install\u00e9e \u00e0 la maison ou dans un parking d'appartement. La solution la plus simple pour faire le plein de la Zo\u00e9 \u00e0 domicile, est de faire installer par un professionnel la prise Green-Up Access."},"6":{"question":"Quel est le prix du kilowatt ?","answer":"Le prix du kWh d'\u00e9lectricit\u00e9 en France est de 0.1740 \u20ac en octobre 2022. "},"7":{"question":"","answer":""},"8":{"question":"","answer":""},"9":{"question":"","answer":""},"10":{"question":"","answer":""},"11":{"question":"","answer":""},"12":{"question":"","answer":""},"13":{"question":"","answer":""},"14":{"question":"","answer":""},"15":{"question":"","answer":""},"16":{"question":"","answer":""}}},"_links":{"self":[{"href":"https:\/\/www.mes-allocs.fr\/guides\/wp-json\/wp\/v2\/posts\/57279","targetHints":{"allow":["GET"]}}],"collection":[{"href":"https:\/\/www.mes-allocs.fr\/guides\/wp-json\/wp\/v2\/posts"}],"about":[{"href":"https:\/\/www.mes-allocs.fr\/guides\/wp-json\/wp\/v2\/types\/post"}],"author":[{"embeddable":true,"href":"https:\/\/www.mes-allocs.fr\/guides\/wp-json\/wp\/v2\/users\/14"}],"replies":[{"embeddable":true,"href":"https:\/\/www.mes-allocs.fr\/guides\/wp-json\/wp\/v2\/comments?post=57279"}],"version-history":[{"count":11,"href":"https:\/\/www.mes-allocs.fr\/guides\/wp-json\/wp\/v2\/posts\/57279\/revisions"}],"predecessor-version":[{"id":99812,"href":"https:\/\/www.mes-allocs.fr\/guides\/wp-json\/wp\/v2\/posts\/57279\/revisions\/99812"}],"wp:featuredmedia":[{"embeddable":true,"href":"https:\/\/www.mes-allocs.fr\/guides\/wp-json\/wp\/v2\/media\/57817"}],"wp:attachment":[{"href":"https:\/\/www.mes-allocs.fr\/guides\/wp-json\/wp\/v2\/media?parent=57279"}],"wp:term":[{"taxonomy":"category","embeddable":true,"href":"https:\/\/www.mes-allocs.fr\/guides\/wp-json\/wp\/v2\/categories?post=57279"},{"taxonomy":"post_tag","embeddable":true,"href":"https:\/\/www.mes-allocs.fr\/guides\/wp-json\/wp\/v2\/tags?post=57279"}],"curies":[{"name":"wp","href":"https:\/\/api.w.org\/{rel}","templated":true}]}}