{"id":57040,"date":"2022-10-31T20:38:29","date_gmt":"2022-10-31T18:38:29","guid":{"rendered":"https:\/\/www.mes-allocs.fr\/guides\/?p=57040"},"modified":"2025-11-12T17:46:39","modified_gmt":"2025-11-12T16:46:39","slug":"edf-obligation-d-achat","status":"publish","type":"post","link":"https:\/\/www.mes-allocs.fr\/guides\/aide-energie\/aide-panneaux-solaires\/prix-panneaux-solaires\/edf-obligation-d-achat\/","title":{"rendered":"L&rsquo;obligation d&rsquo;achat EDF : conditions, montants"},"content":{"rendered":"<p style=\"text-align: justify;\"><b><img loading=\"lazy\" decoding=\"async\" class=\"wp-image-57594 size-full aligncenter\" title=\"Tout savoir sur EDF Obligation dachat\" src=\"https:\/\/www.mes-allocs.fr\/guides\/wp-content\/uploads\/2022\/10\/Tout-savoir-sur-EDF-Obligation-dachat-e1667241410547.jpeg\" alt=\"Tout savoir sur EDF Obligation dachat\" width=\"1560\" height=\"253\" srcset=\"https:\/\/www.mes-allocs.fr\/guides\/wp-content\/uploads\/2022\/10\/Tout-savoir-sur-EDF-Obligation-dachat-e1667241410547.jpeg 1560w, https:\/\/www.mes-allocs.fr\/guides\/wp-content\/uploads\/2022\/10\/Tout-savoir-sur-EDF-Obligation-dachat-e1667241410547-300x49.jpeg 300w, https:\/\/www.mes-allocs.fr\/guides\/wp-content\/uploads\/2022\/10\/Tout-savoir-sur-EDF-Obligation-dachat-e1667241410547-1024x166.jpeg 1024w, https:\/\/www.mes-allocs.fr\/guides\/wp-content\/uploads\/2022\/10\/Tout-savoir-sur-EDF-Obligation-dachat-e1667241410547-768x125.jpeg 768w, https:\/\/www.mes-allocs.fr\/guides\/wp-content\/uploads\/2022\/10\/Tout-savoir-sur-EDF-Obligation-dachat-e1667241410547-1536x249.jpeg 1536w, https:\/\/www.mes-allocs.fr\/guides\/wp-content\/uploads\/2022\/10\/Tout-savoir-sur-EDF-Obligation-dachat-e1667241410547-600x97.jpeg 600w\" sizes=\"auto, (max-width: 1560px) 100vw, 1560px\" \/><\/b><\/p>\n<p style=\"text-align: justify;\"><b>En cas de pose de panneaux photovolta\u00efques sur le toit, <span class=\"sw\">il<\/span> <span class=\"sw\">est<\/span> <span class=\"sw\">essentiel de se demander quoi faire de l&rsquo;\u00e9lectricit\u00e9 produite. En effet, il est possible de la consommer, mais aussi de la revendre \u00e0 un fournisseur d&rsquo;\u00e9lectricit\u00e9.\u00a0C&rsquo;est ce qui se nomme \u00ab\u00a0EDF Obligation d\u2019Achat \u00bb. Mes Allocs d\u00e9taille cette <a href=\"https:\/\/www.mes-allocs.fr\/guides\/aide-energie\/\">aide\u00a0\u00e9nergie<\/a> et les diff\u00e9rentes possibilit\u00e9s qui s&rsquo;offrent \u00e0 vous lors de la souscription d&rsquo;un contrat EDF OA.<\/span><\/b><\/p>\n<div class='cta-block'><div class='text'>Simulez toutes vos aides en 2 min.<\/div><a href='https:\/\/www.mes-allocs.fr\/ab-app?origin=guides\/wp-json\/wp\/v2\/posts\/57040' class='app-button fit'>Simulation gratuite<\/a><\/div>\n<h1 style=\"text-align: justify;\">Qu&rsquo;est-ce qu&rsquo;EDF obligation d\u2019achat\u2009?<\/h1>\n<h2>D\u00e9finition de l&rsquo;EDF obligation d&rsquo;achat<\/h2>\n<p style=\"text-align: justify;\">En France, en 2018, les \u00e9nergies renouvelables repr\u00e9sentaient 16 % dans la consommation totale, dont 2,7 % <span class=\"sw\">produites<\/span> <span class=\"sw\">par<\/span> <span class=\"sw\">le<\/span> <span class=\"sw\">solaire<\/span> <span class=\"sw\">photovolta\u00efque. La loi relative \u00e0 la transition \u00e9nerg\u00e9tique pour la croissance verte (LTECV), vot\u00e9e en ao\u00fbt 2015, vise \u00e0 porter ce ratio \u00e0 32 % d&rsquo;ici 2030.<\/span><\/p>\n<p style=\"text-align: justify;\">Afin d&rsquo;atteindre ces objectifs, et <span class=\"sw\">notamment<\/span> <span class=\"sw\">pour<\/span> <span class=\"sw\">accro\u00eetre<\/span> <span class=\"sw\">l&rsquo;utilisation<\/span> <span class=\"sw\">de<\/span> <span class=\"sw\">l&rsquo;\u00e9nergie<\/span> <span class=\"sw\">solaire,<\/span> <span class=\"sw\">la<\/span> <span class=\"sw\">France a mis en place plusieurs soutiens financiers aux installations photovolta\u00efques,\u00a0tels que \u00ab l&rsquo;Obligation d&rsquo;Achat\u00a0\u00bb.\u00a0<\/span><\/p>\n<h2>Que pr\u00e9voit la loi ?<\/h2>\n<p style=\"text-align: justify;\"><b>Les articles du code de l\u2019\u00e9nergie <span class=\"sw\">pr\u00e9voient<\/span> <span class=\"sw\">que<\/span> <span class=\"sw\">certaines<\/span> <span class=\"sw\">installations<\/span> <span class=\"sw\">de<\/span> <span class=\"sw\">production<\/span> <span class=\"sw\">d&rsquo;\u00e9nergie<\/span> <span class=\"sw\">renouvelable<\/span> <span class=\"sw\">(\u00e9olienne,<\/span> <span class=\"sw\">photovolta\u00efque,<\/span> <span class=\"sw\">hydraulique)<\/span> <span class=\"sw\">peuvent<\/span> <span class=\"sw\">revendre<\/span> <span class=\"sw\">le<\/span> <span class=\"sw\">surplus<\/span> <span class=\"sw\">ou<\/span> <span class=\"sw\">la<\/span> <span class=\"sw\">totalit\u00e9<\/span> <\/b><span class=\"sw\"><b>de la totalit\u00e9 de la production \u00e0 EDF ou aux Entreprises Locales de Distribution, qui sont soumises \u00e0 des Obligations d\u2019Achat (OA).<\/b> Depuis f\u00e9vrier 2000, EDF et ELD sont donc l\u00e9galement tenus de racheter l&rsquo;\u00e9nergie\u00a0solaire\u00a0produite par certaines installations.<\/span><\/p>\n<h1 style=\"text-align: justify;\">Quel choix entre\u00a0l\u2019autoconsommation avec vente du surplus et la vente totale ?<\/h1>\n<p style=\"text-align: justify;\"><span class=\"sw\">En<\/span> <span class=\"sw\">tant<\/span> <span class=\"sw\">que<\/span> <span class=\"sw\">particulier,<\/span> <span class=\"sw\">vous<\/span> <span class=\"sw\">pouvez<\/span> <span class=\"sw\">choisir<\/span> <span class=\"sw\">entre<\/span> <span class=\"sw\">vendre<\/span> <span class=\"sw\">la<\/span> <span class=\"sw\">totalit\u00e9<\/span> <span class=\"sw\">de<\/span> <span class=\"sw\">votre<\/span> <span class=\"sw\">production<\/span> <span class=\"sw\">solaire<\/span> <span class=\"sw\">ou<\/span> <span class=\"sw\">n&rsquo;en<\/span> <span class=\"sw\">vendre<\/span> <span class=\"sw\">qu&rsquo;une<\/span> <span class=\"sw\">partie uniquement et consommer le reste.\u00a0<\/span><\/p>\n<h2 style=\"text-align: justify;\">L&rsquo;autoconsommation avec revente de surplus<\/h2>\n<p style=\"text-align: justify;\"><b>Si vous faites le choix de <a href=\"https:\/\/www.mes-allocs.fr\/guides\/aide-energie\/aides-etat-subvention-panneaux-solaires-tout-savoir-sur-les-panneaux-solaires\/fonctionnement-panneaux-solaires\/autoconsommation-du-panneau-solaire\/\" target=\"_blank\" rel=\"noopener\">l&rsquo;autoconsommation<\/a> avec revente de surplus, vous consommez l\u2019\u00e9lectricit\u00e9 produite\u00a0par les panneaux solaires.<\/b> <span class=\"sw\">En<\/span> <span class=\"sw\">cons\u00e9quence,<\/span>\u00a0cela permet de faire des <a href=\"https:\/\/www.mes-allocs.fr\/guides\/aide-energie\/prix-panneaux-solaires\/rentabilite-panneau-solaire\/\" target=\"_blank\" rel=\"noopener\">\u00e9conomies importantes<\/a> sur les factures d&rsquo;\u00e9lectricit\u00e9 et d&rsquo;utiliser une \u00e9lectricit\u00e9 verte, afin faire fonctionner les appareils \u00e9lectroniques.<\/p>\n<p style=\"text-align: justify;\"><b>Toutefois, il peut \u00eatre complexe\u00a0<span class=\"sw\">d&rsquo;atteindre<\/span> <span class=\"sw\">100 %<\/span> <span class=\"sw\">d&rsquo;autonomie<\/span> <span class=\"sw\">d&rsquo;un<\/span> <span class=\"sw\">point<\/span> <span class=\"sw\">de<\/span> <span class=\"sw\">vue<\/span> <span class=\"sw\">\u00e9nerg\u00e9tique<\/span> <span class=\"sw\">avec<\/span> <span class=\"sw\">une<\/span> <span class=\"sw\">seule<\/span> <span class=\"sw\">installation<\/span> <span class=\"sw\">photovolta\u00efque.<\/span><\/b>\u00a0Ainsi, en se raccordant au r\u00e9seau, il est possible d&rsquo;acheter <span class=\"sw\">le<\/span> <span class=\"sw\">suppl\u00e9ment<\/span> <span class=\"sw\">aupr\u00e8s<\/span> <span class=\"sw\">du<\/span>\u00a0<span class=\"sw\">fournisseur<\/span> <span class=\"sw\">d&rsquo;\u00e9lectricit\u00e9.<\/span>\u00a0<b>En revanche, <span class=\"sw\">lorsque<\/span> <span class=\"sw\">la<\/span>\u00a0production est sup\u00e9rieure aux besoins, vous pouvez vendre l&rsquo;exc\u00e9dent \u00e0 EDF OA. Le prix est fixe pour une dur\u00e9e de 20 ans.<\/b><\/p>\n<h2 style=\"text-align: justify;\">La vente totale<\/h2>\n<p style=\"text-align: justify;\"><b>Il reste la possibilit\u00e9 de vendre la totalit\u00e9 de la production \u00e9lectrique. <span class=\"sw\">En<\/span> <span class=\"sw\">cons\u00e9quence,<\/span> <span class=\"sw\">vous<\/span> <span class=\"sw\">n&rsquo;utilisez<\/span> <span class=\"sw\">pas<\/span> <span class=\"sw\">du<\/span> <span class=\"sw\">tout<\/span> <span class=\"sw\">l&rsquo;\u00e9lectricit\u00e9<\/span> <span class=\"sw\">que<\/span> <span class=\"sw\">vous<\/span> <span class=\"sw\">produisez,<\/span> <span class=\"sw\">elle<\/span> <span class=\"sw\">est<\/span> <span class=\"sw\">enti\u00e8rement<\/span> <span class=\"sw\">inject\u00e9e<\/span> <span class=\"sw\">dans<\/span> <span class=\"sw\">le<\/span> <span class=\"sw\">r\u00e9seau.<\/span><\/b><\/p>\n<p style=\"text-align: justify;\"><span class=\"sw\">Cette<\/span> <span class=\"sw\">possibilit\u00e9<\/span> <span class=\"sw\">a<\/span> <span class=\"sw\">longtemps<\/span> <span class=\"sw\">\u00e9t\u00e9 privil\u00e9gi\u00e9e par les particuliers et certains professionnels, car les tarifs \u00e9taient plus avantageux. <b>Aujourd&rsquo;hui, il est g\u00e9n\u00e9ralement plus rentable de choisir l&rsquo;autoconsommation avec vente de surplus, sauf s\u2019il s\u2019agit d\u2019une r\u00e9sidence secondaire ou d\u2019un logement tr\u00e8s peu consommateur d&rsquo;\u00e9lectricit\u00e9.<\/b><\/span><\/p>\n<h1 style=\"text-align: justify;\">Quel est le tarif de rachat de l&rsquo;\u00e9lectricit\u00e9 par EDF Obligation d\u2019achat ?<\/h1>\n<p style=\"text-align: justify;\">Le co\u00fbt d&rsquo;achat de l&rsquo;\u00e9lectricit\u00e9 <span class=\"sw\">est<\/span> <span class=\"sw\">fix\u00e9<\/span> <span class=\"sw\">par<\/span> <span class=\"sw\">la<\/span> <span class=\"sw\">Commission<\/span> de R\u00e9gulation de l\u2019\u00c9nergie (CRE). <b>Ces tarifs \u00e9voluent tous les trimestres, g\u00e9n\u00e9ralement \u00e0 la baisse.<\/b> Par ailleurs, apr\u00e8s une augmentation de 2 % en moyenne au deuxi\u00e8me semestre 2022 pour la vente totale, au 3e semestre 2022, les tarifs marquent une augmentation de plus de 10 %.<\/p>\n<p style=\"text-align: justify;\"><b>En cas de signature d&rsquo;une demande de raccordement de panneaux solaires, <span class=\"sw\">le<\/span> <span class=\"sw\">prix<\/span> <span class=\"sw\">d&rsquo;achat<\/span> <span class=\"sw\">aupr\u00e8s<\/span> <span class=\"sw\">d&rsquo;EDF<\/span> <span class=\"sw\">est<\/span> <span class=\"sw\">fix\u00e9<\/span> <span class=\"sw\">pour<\/span> <span class=\"sw\">20<\/span> <span class=\"sw\">ans<\/span>.<\/b> Il n&rsquo;est plus impact\u00e9 par la d\u00e9gressivit\u00e9 trimestrielle. Pour rappel, la dur\u00e9e de vie des panneaux solaires exc\u00e8de g\u00e9n\u00e9ralement les 30 ans.<\/p>\n<h2 style=\"text-align: justify;\">Le co\u00fbt EDF OA en autoconsommation avec revente de surplus<\/h2>\n<p style=\"text-align: justify;\">Les tarifs de rachat permettent donc <span class=\"sw\">un<\/span> <span class=\"sw\">amortissement<\/span> <span class=\"sw\">plus<\/span> <span class=\"sw\">rapide<\/span> <span class=\"sw\">des<\/span> <span class=\"sw\">panneaux<\/span> <span class=\"sw\">solaires,<\/span> <span class=\"sw\">par<\/span> <span class=\"sw\">rapport<\/span> <span class=\"sw\">au<\/span> <span class=\"sw\">co\u00fbt<\/span> <span class=\"sw\">des<\/span> <span class=\"sw\">installations<\/span> <span class=\"sw\">photovolta\u00efques.<\/span> <b><span class=\"sw\">Pour<\/span> <span class=\"sw\">encourager<\/span> <span class=\"sw\">davantage<\/span> <span class=\"sw\">les<\/span> <span class=\"sw\">installations<\/span> <span class=\"sw\">en<\/span> <span class=\"sw\">autoconsommation,<\/span> <span class=\"sw\">le<\/span> <span class=\"sw\">d\u00e9cret<\/span> <span class=\"sw\">du<\/span> <span class=\"sw\">9<\/span> <span class=\"sw\">mai<\/span> <span class=\"sw\">2017<\/span> <span class=\"sw\">pr\u00e9voit<\/span> <span class=\"sw\">une<\/span> <span class=\"sw\">prime<\/span> <span class=\"sw\">\u00e0<\/span> <span class=\"sw\">l&rsquo;investissement<\/span> <span class=\"sw\">pour<\/span> <span class=\"sw\">les<\/span> <span class=\"sw\">installations<\/span> <span class=\"sw\">photovolta\u00efques<\/span> <span class=\"sw\">inf\u00e9rieures<\/span> <span class=\"sw\">\u00e0<\/span> <span class=\"sw\">100<\/span> <span class=\"sw\">kWc,<\/span> <span class=\"sw\">pour<\/span> <span class=\"sw\">les<\/span> <span class=\"sw\">particuliers<\/span> <span class=\"sw\">et<\/span> <span class=\"sw\">les<\/span> <span class=\"sw\">entreprises.<\/span><\/b><\/p>\n<p style=\"text-align: justify;\"><b><span class=\"sw\">Cette<\/span> <span class=\"sw\">prime<\/span> <span class=\"sw\">est<\/span> <span class=\"sw\">vers\u00e9e<\/span> <span class=\"sw\">par<\/span> <span class=\"sw\">EDF<\/span> <\/b><span class=\"sw\"><b>OA au producteur sur 5 ann\u00e9es.<\/b>\u00a0<\/span>Le tarif fixe d\u2019achat solaire varie en fonction de la puissance de l&rsquo;installation. <b>Voici le montant de la prime \u00e0 l\u2019autoconsommation ainsi que celui des tarifs de rachat photovolta\u00efque en 2024 :<\/b><\/p>\n\n<div class=\"wpdt-c row wpDataTableContainerSimpleTable wpDataTables wpDataTablesWrapper\n\"\n    >\n    <table id=\"wpdtSimpleTable-85\"\n           class=\"wpdtSimpleTable wpDataTable\"\n           data-column=\"3\"\n           data-rows=\"5\"\n           data-wpID=\"85\"\n           data-responsive=\"0\"\n           data-has-header=\"1\">\n\n                    <thead>        <tr class=\"wpdt-cell-row \" >\n                            <th class=\"wpdt-cell wpdt-bc-F3F9FE\"\n                                    data-cell-id=\"A1\"\n                data-col-index=\"0\"\n                data-row-index=\"0\"\n                style=\" width:32.692307692308%;                padding:10px;\"\n                >\n                                Puissance de l\u2019installation                <\/th>\n                                            <th class=\"wpdt-cell wpdt-bc-F3F9FE\"\n                                    data-cell-id=\"B1\"\n                data-col-index=\"1\"\n                data-row-index=\"0\"\n                style=\" width:34.615384615385%;                padding:10px;\"\n                >\n                                Montant de la prime en 2024                <\/th>\n                                            <th class=\"wpdt-cell wpdt-bc-F3F9FE\"\n                                    data-cell-id=\"C1\"\n                data-col-index=\"2\"\n                data-row-index=\"0\"\n                style=\" width:32.692307692308%;                padding:10px;\"\n                >\n                                Montant de la prime en 2025                <\/th>\n                                        <\/tr>\n                    <tbody>        <tr class=\"wpdt-cell-row \" >\n                            <td class=\"wpdt-cell \"\n                                    data-cell-id=\"A2\"\n                data-col-index=\"0\"\n                data-row-index=\"1\"\n                style=\"                padding:10px;\"\n                >\n                                Inf\u00e9rieure ou \u00e9gale \u00e0 3 kWc                <\/td>\n                                            <td class=\"wpdt-cell wpdt-bc-FFFFFF\"\n                                    data-cell-id=\"B2\"\n                data-col-index=\"1\"\n                data-row-index=\"1\"\n                style=\"                padding:10px;\"\n                >\n                                0,43 \u20ac\/Wc                <\/td>\n                                            <td class=\"wpdt-cell wpdt-bc-FFFFFF\"\n                                    data-cell-id=\"C2\"\n                data-col-index=\"2\"\n                data-row-index=\"1\"\n                style=\"                padding:10px;\"\n                >\n                                0,16 \u20ac \/ Wc                <\/td>\n                                        <\/tr>\n                            <tr class=\"wpdt-cell-row \" >\n                            <td class=\"wpdt-cell \"\n                                    data-cell-id=\"A3\"\n                data-col-index=\"0\"\n                data-row-index=\"2\"\n                style=\"                padding:10px;\"\n                >\n                                Entre 3 et 9 kWc                <\/td>\n                                            <td class=\"wpdt-cell \"\n                                    data-cell-id=\"B3\"\n                data-col-index=\"1\"\n                data-row-index=\"2\"\n                style=\"                padding:10px;\"\n                >\n                                0,32 \u20ac\/Wc                <\/td>\n                                            <td class=\"wpdt-cell wpdt-bc-FFFFFF\"\n                                    data-cell-id=\"C3\"\n                data-col-index=\"2\"\n                data-row-index=\"2\"\n                style=\"                padding:10px;\"\n                >\n                                0,16 \u20ac \/ Wc                <\/td>\n                                        <\/tr>\n                            <tr class=\"wpdt-cell-row \" >\n                            <td class=\"wpdt-cell \"\n                                    data-cell-id=\"A4\"\n                data-col-index=\"0\"\n                data-row-index=\"3\"\n                style=\"                padding:10px;\"\n                >\n                                Entre 9 et 36 kWc                <\/td>\n                                            <td class=\"wpdt-cell \"\n                                    data-cell-id=\"B4\"\n                data-col-index=\"1\"\n                data-row-index=\"3\"\n                style=\"                padding:10px;\"\n                >\n                                0,18 \u20ac\/Wc                <\/td>\n                                            <td class=\"wpdt-cell wpdt-bc-FFFFFF\"\n                                    data-cell-id=\"C4\"\n                data-col-index=\"2\"\n                data-row-index=\"3\"\n                style=\"                padding:10px;\"\n                >\n                                0,19 \u20ac \/ Wc                <\/td>\n                                        <\/tr>\n                            <tr class=\"wpdt-cell-row \" >\n                            <td class=\"wpdt-cell \"\n                                    data-cell-id=\"A5\"\n                data-col-index=\"0\"\n                data-row-index=\"4\"\n                style=\"                padding:10px;\"\n                >\n                                Entre 36 et 100 kWc                <\/td>\n                                            <td class=\"wpdt-cell \"\n                                    data-cell-id=\"B5\"\n                data-col-index=\"1\"\n                data-row-index=\"4\"\n                style=\"                padding:10px;\"\n                >\n                                0,09 \u20ac\/Wc                <\/td>\n                                            <td class=\"wpdt-cell wpdt-bc-FFFFFF\"\n                                    data-cell-id=\"C5\"\n                data-col-index=\"2\"\n                data-row-index=\"4\"\n                style=\"                padding:10px;\"\n                >\n                                0,10 \u20ac \/ Wc                <\/td>\n                                        <\/tr>\n                    <\/table>\n<\/div><style id='wpdt-custom-style-85'>\ntable#wpdtSimpleTable-85{ table-layout: fixed !important; }\n.wpdt-bc-F3F9FE { background-color: #F3F9FE !important;}\n.wpdt-bc-FFFFFF { background-color: #FFFFFF !important;}\n<\/style>\n\n<p><span data-sheets-value=\"{&quot;1&quot;:2,&quot;2&quot;:&quot;\n&lt;div class=&quot;wpdt-c row wpDataTableContainerSimpleTable wpDataTables wpDataTablesWrapper\n&quot;\n    &gt;\n    &lt;table id=&quot;wpdtSimpleTable-86&quot;\n           class=&quot;wpdtSimpleTable wpDataTable&quot;\n           data-column=&quot;2&quot;\n           data-rows=&quot;4&quot;\n           data-wpID=&quot;86&quot;\n           data-responsive=&quot;0&quot;\n           data-has-header=&quot;1&quot;&gt;\n\n                    &lt;thead&gt;        &lt;tr class=&quot;wpdt-cell-row &quot; &gt;\n                            &lt;th class=&quot;wpdt-cell wpdt-bc-F3F9FE&quot;\n                                    data-cell-id=&quot;A1&quot;\n                data-col-index=&quot;0&quot;\n                data-row-index=&quot;0&quot;\n                style=&quot; width:48.571428571429%;                padding:10px;&quot;\n                &gt;\n                                Puissance (kWc)                &lt;\/th&gt;\n                                            &lt;th class=&quot;wpdt-cell wpdt-bc-F3F9FE&quot;\n                                    data-cell-id=&quot;B1&quot;\n                data-col-index=&quot;1&quot;\n                data-row-index=&quot;0&quot;\n                style=&quot; width:51.428571428571%;                padding:10px;&quot;\n                &gt;\n                                Prix de Rachat par kWh                &lt;\/th&gt;\n                                        &lt;\/tr&gt;\n                    &lt;tbody&gt;        &lt;tr class=&quot;wpdt-cell-row &quot; &gt;\n                            &lt;td class=&quot;wpdt-cell &quot;\n                                    data-cell-id=&quot;A2&quot;\n                data-col-index=&quot;0&quot;\n                data-row-index=&quot;1&quot;\n                style=&quot;                padding:10px;&quot;\n                &gt;\n                                de 9 \u00e0 36 kWc                &lt;\/td&gt;\n                                            &lt;td class=&quot;wpdt-cell wpdt-bc-FFFFFF&quot;\n                                    data-cell-id=&quot;B2&quot;\n                data-col-index=&quot;1&quot;\n                data-row-index=&quot;1&quot;\n                style=&quot;                padding:10px;&quot;\n                &gt;\n                                0,04 c\u20ac\/kWh                &lt;\/td&gt;\n                                        &lt;\/tr&gt;\n                            &lt;tr class=&quot;wpdt-cell-row &quot; &gt;\n                            &lt;td class=&quot;wpdt-cell &quot;\n                                    data-cell-id=&quot;A3&quot;\n                data-col-index=&quot;0&quot;\n                data-row-index=&quot;2&quot;\n                style=&quot;                padding:10px;&quot;\n                &gt;\n                                de 36 \u00e0 100 kWc                &lt;\/td&gt;\n                                            &lt;td class=&quot;wpdt-cell &quot;\n                                    data-cell-id=&quot;B3&quot;\n                data-col-index=&quot;1&quot;\n                data-row-index=&quot;2&quot;\n                style=&quot;                padding:10px;&quot;\n                &gt;\n                                7,61  c\u20ac\/kWh                &lt;\/td&gt;\n                                        &lt;\/tr&gt;\n                            &lt;tr class=&quot;wpdt-cell-row &quot; &gt;\n                            &lt;td class=&quot;wpdt-cell &quot;\n                                    data-cell-id=&quot;A4&quot;\n                data-col-index=&quot;0&quot;\n                data-row-index=&quot;3&quot;\n                style=&quot;                padding:10px;&quot;\n                &gt;\n                                de 100 \u00e0 500 kWc                &lt;\/td&gt;\n                                            &lt;td class=&quot;wpdt-cell wpdt-bc-FFFFFF&quot;\n                                    data-cell-id=&quot;B4&quot;\n                data-col-index=&quot;1&quot;\n                data-row-index=&quot;3&quot;\n                style=&quot;                padding:10px;&quot;\n                &gt;\n                                7,61  c\u20ac\/kWh                &lt;\/td&gt;\n                                        &lt;\/tr&gt;\n                    &lt;\/table&gt;\n&lt;\/div&gt;&lt;style id=&#039;wpdt-custom-style-86&#039;&gt;\ntable#wpdtSimpleTable-86{ table-layout: fixed !important; }\n.wpdt-bc-F3F9FE { background-color: #F3F9FE !important;}\n.wpdt-bc-FFFFFF { background-color: #FFFFFF !important;}\n&lt;\/style&gt;\n&quot;}\" data-sheets-userformat=\"{&quot;2&quot;:637,&quot;3&quot;:{&quot;1&quot;:0},&quot;5&quot;:{&quot;1&quot;:[{&quot;1&quot;:2,&quot;2&quot;:0,&quot;5&quot;:{&quot;1&quot;:2,&quot;2&quot;:0}},{&quot;1&quot;:0,&quot;2&quot;:0,&quot;3&quot;:3},{&quot;1&quot;:1,&quot;2&quot;:0,&quot;4&quot;:1}]},&quot;6&quot;:{&quot;1&quot;:[{&quot;1&quot;:2,&quot;2&quot;:0,&quot;5&quot;:{&quot;1&quot;:2,&quot;2&quot;:0}},{&quot;1&quot;:0,&quot;2&quot;:0,&quot;3&quot;:3},{&quot;1&quot;:1,&quot;2&quot;:0,&quot;4&quot;:1}]},&quot;7&quot;:{&quot;1&quot;:[{&quot;1&quot;:2,&quot;2&quot;:0,&quot;5&quot;:{&quot;1&quot;:2,&quot;2&quot;:0}},{&quot;1&quot;:0,&quot;2&quot;:0,&quot;3&quot;:3},{&quot;1&quot;:1,&quot;2&quot;:0,&quot;4&quot;:1}]},&quot;8&quot;:{&quot;1&quot;:[{&quot;1&quot;:2,&quot;2&quot;:0,&quot;5&quot;:{&quot;1&quot;:2,&quot;2&quot;:0}},{&quot;1&quot;:0,&quot;2&quot;:0,&quot;3&quot;:3},{&quot;1&quot;:1,&quot;2&quot;:0,&quot;4&quot;:1}]},&quot;9&quot;:1,&quot;12&quot;:0}\">\n<div class=\"wpdt-c row wpDataTableContainerSimpleTable wpDataTables wpDataTablesWrapper\n\"\n    >\n    <table id=\"wpdtSimpleTable-86\"\n           class=\"wpdtSimpleTable wpDataTable\"\n           data-column=\"2\"\n           data-rows=\"4\"\n           data-wpID=\"86\"\n           data-responsive=\"0\"\n           data-has-header=\"1\">\n\n                    <thead>        <tr class=\"wpdt-cell-row \" >\n                            <th class=\"wpdt-cell wpdt-bc-F3F9FE\"\n                                    data-cell-id=\"A1\"\n                data-col-index=\"0\"\n                data-row-index=\"0\"\n                style=\" width:48.571428571429%;                padding:10px;\"\n                >\n                                Puissance (kWc)                <\/th>\n                                            <th class=\"wpdt-cell wpdt-bc-F3F9FE\"\n                                    data-cell-id=\"B1\"\n                data-col-index=\"1\"\n                data-row-index=\"0\"\n                style=\" width:51.428571428571%;                padding:10px;\"\n                >\n                                Prix de Rachat par kWh                <\/th>\n                                        <\/tr>\n                    <tbody>        <tr class=\"wpdt-cell-row \" >\n                            <td class=\"wpdt-cell \"\n                                    data-cell-id=\"A2\"\n                data-col-index=\"0\"\n                data-row-index=\"1\"\n                style=\"                padding:10px;\"\n                >\n                                de 9 \u00e0 36 kWc                <\/td>\n                                            <td class=\"wpdt-cell wpdt-bc-FFFFFF\"\n                                    data-cell-id=\"B2\"\n                data-col-index=\"1\"\n                data-row-index=\"1\"\n                style=\"                padding:10px;\"\n                >\n                                0,04 c\u20ac\/kWh                <\/td>\n                                        <\/tr>\n                            <tr class=\"wpdt-cell-row \" >\n                            <td class=\"wpdt-cell \"\n                                    data-cell-id=\"A3\"\n                data-col-index=\"0\"\n                data-row-index=\"2\"\n                style=\"                padding:10px;\"\n                >\n                                de 36 \u00e0 100 kWc                <\/td>\n                                            <td class=\"wpdt-cell \"\n                                    data-cell-id=\"B3\"\n                data-col-index=\"1\"\n                data-row-index=\"2\"\n                style=\"                padding:10px;\"\n                >\n                                7,61  c\u20ac\/kWh                <\/td>\n                                        <\/tr>\n                            <tr class=\"wpdt-cell-row \" >\n                            <td class=\"wpdt-cell \"\n                                    data-cell-id=\"A4\"\n                data-col-index=\"0\"\n                data-row-index=\"3\"\n                style=\"                padding:10px;\"\n                >\n                                de 100 \u00e0 500 kWc                <\/td>\n                                            <td class=\"wpdt-cell wpdt-bc-FFFFFF\"\n                                    data-cell-id=\"B4\"\n                data-col-index=\"1\"\n                data-row-index=\"3\"\n                style=\"                padding:10px;\"\n                >\n                                7,61  c\u20ac\/kWh                <\/td>\n                                        <\/tr>\n                    <\/table>\n<\/div><style id='wpdt-custom-style-86'>\ntable#wpdtSimpleTable-86{ table-layout: fixed !important; }\n.wpdt-bc-F3F9FE { background-color: #F3F9FE !important;}\n.wpdt-bc-FFFFFF { background-color: #FFFFFF !important;}\n<\/style>\n<\/span><\/p>\n<p style=\"text-align: justify;\"><b>Pour les installations dont la puissance est sup\u00e9rieure \u00e0 500 kWc, il n\u2019est pas possible de b\u00e9n\u00e9ficier de ce dispositif et il faut <span class=\"sw\">passer<\/span> <span class=\"sw\">par<\/span> <span class=\"sw\">un<\/span> <span class=\"sw\">processus<\/span> <span class=\"sw\">concurrentiel<\/span> <span class=\"sw\">et<\/span> <span class=\"sw\">d&rsquo;appel<\/span> <span class=\"sw\">d&rsquo;offres.<\/span><\/b><\/p>\n<h2 style=\"text-align: justify;\">Le prix EDF OA en vente totale<\/h2>\n<p style=\"text-align: justify;\"><b><span class=\"sw\">Vendre<\/span> <span class=\"sw\">la<\/span> <span class=\"sw\">totalit\u00e9<\/span> <span class=\"sw\">de<\/span> <span class=\"sw\">l&rsquo;\u00e9lectricit\u00e9<\/span> <span class=\"sw\">produite<\/span> <span class=\"sw\">\u00e0<\/span> <span class=\"sw\">partir<\/span> <span class=\"sw\">des<\/span>\u00a0<span class=\"sw\">installations<\/span> <span class=\"sw\">solaires<\/span> <span class=\"sw\">donne<\/span> <span class=\"sw\">droit<\/span> <span class=\"sw\">\u00e0<\/span>\u00a0des tarifs\u00a0<span class=\"sw\">plus<\/span> <span class=\"sw\">\u00e9lev\u00e9s<\/span> <span class=\"sw\">que<\/span> <span class=\"sw\">l&rsquo;autoconsommation<\/span> <span class=\"sw\">avec<\/span> <span class=\"sw\">un<\/span> <span class=\"sw\">surplus<\/span> <span class=\"sw\">de<\/span> <\/b><span class=\"sw\"><b>vente.<\/b> Cependant, cela ne signifie pas que vous devez toujours choisir ce type d&rsquo;installation, tout d\u00e9pend de vos besoins de consommation. <b>Comme pour l&rsquo;autoconsommation partielle, seuls les \u00e9quipements install\u00e9s entre 0 et 500 kWc peuvent b\u00e9n\u00e9ficier de ces\u00a0prix. Au-del\u00e0, il faut passer par un appel d&rsquo;offres. \u00a0<\/b><\/span><\/p>\n<div class='cta-block'><div class='text'>Simulez vos aides pour la transition \u00e9nerg\u00e9tique en 2 min.<\/div><a href='\u201chttps:\/\/www.mes-allocs.fr\/ab-app\u201d?origin=guides\/wp-json\/wp\/v2\/posts\/57040' class='app-button fit'>\u201cSimulation<\/a><\/div>\n<p>&nbsp;<\/p>\n<p><iframe loading=\"lazy\" src=\"\/\/www.youtube.com\/embed\/NoGjShMmCaM\" width=\"560\" height=\"314\" allowfullscreen=\"allowfullscreen\"><\/iframe><\/p>\n<p>&nbsp;<\/p>\n<h1 style=\"text-align: justify;\">Comment b\u00e9n\u00e9ficier du dispositif EDF OA ?<\/h1>\n<p style=\"text-align: justify;\"><b>L&rsquo;installation de panneaux solaires sur le toit de son logement est un projet de\u00a0<span class=\"sw\">longue<\/span> <span class=\"sw\">haleine<\/span> <span class=\"sw\">qui<\/span>\u00a0requiert\u00a0<span class=\"sw\">un<\/span> <span class=\"sw\">investissement<\/span> <\/b><span class=\"sw\"><b>financier<\/b>. Les tarifs de rachat solaire EDF OA permettent\u00a0de r\u00e9duire le prix de l\u2019installation de panneaux solaires plus vite, entre autres.\u00a0<\/span><\/p>\n<h2 style=\"text-align: justify;\">Les conditions d\u2019\u00e9ligibilit\u00e9<\/h2>\n<p style=\"text-align: justify;\"><b><span class=\"sw\">Pour<\/span> <span class=\"sw\">que<\/span>\u00a0l&rsquo;<span class=\"sw\">installation<\/span> <span class=\"sw\">puisse<\/span> <span class=\"sw\">vendre<\/span> <span class=\"sw\">sa\u00a0<\/span>production\u00a0<span class=\"sw\">\u00e0<\/span> <span class=\"sw\">EDF<\/span> <span class=\"sw\">OA,<\/span> <span class=\"sw\">elle<\/span> <span class=\"sw\">doit<\/span>\u00a0d&rsquo;abord\u00a0<span class=\"sw\">remplir<\/span> <span class=\"sw\">certains crit\u00e8res, \u00e0 savoir :\u00a0<\/span><\/b><\/p>\n<ul>\n<li style=\"text-align: justify;\">Il faut s&rsquo;assurer que l&rsquo;installation a \u00e9t\u00e9 r\u00e9alis\u00e9e par un installateur photovolta\u00efque labellis\u00e9 RGE (Reconnu Garant de l\u2019Environnement). <span class=\"sw\">Cette<\/span> <span class=\"sw\">certification<\/span> <span class=\"sw\">distingue<\/span> <span class=\"sw\">les<\/span> <span class=\"sw\">artisans<\/span> <span class=\"sw\">ayant<\/span> <span class=\"sw\">les<\/span> <span class=\"sw\">comp\u00e9tences<\/span> <span class=\"sw\">n\u00e9cessaires<\/span> <span class=\"sw\">dans<\/span> <span class=\"sw\">leurs<\/span> <span class=\"sw\">secteurs<\/span> <span class=\"sw\">d&rsquo;activit\u00e9. \u00c0 d\u00e9faut, il n&rsquo;est pas possible de b\u00e9n\u00e9ficier des tarifs EDF OA, ni de la prime \u00e0 l\u2019autoconsommation.<\/span><\/li>\n<li style=\"text-align: justify;\">L&rsquo;installation ne doit pas exc\u00e9der les 100 kWc de puissance. Au-del\u00e0, <span class=\"sw\">vous<\/span> <span class=\"sw\">devrez<\/span> <span class=\"sw\">passer<\/span> <span class=\"sw\">par<\/span> <span class=\"sw\">une<\/span> <span class=\"sw\">proc\u00e9dure<\/span> <span class=\"sw\">d&rsquo;appel<\/span> <span class=\"sw\">d&rsquo;offres.<\/span><\/li>\n<li style=\"text-align: justify;\">L&rsquo;installation <span class=\"sw\">doit<\/span> <span class=\"sw\">r\u00e9pondre<\/span> <span class=\"sw\">\u00e0<\/span> <span class=\"sw\">certaines<\/span> <span class=\"sw\">contraintes<\/span> techniques d\u2019implantation, soit\u00a0<span class=\"sw\">le<\/span> <span class=\"sw\">syst\u00e8me<\/span> <span class=\"sw\">doit<\/span> <span class=\"sw\">\u00eatre<\/span> <span class=\"sw\">install\u00e9<\/span> <span class=\"sw\">en<\/span> <span class=\"sw\">toiture<\/span> <span class=\"sw\">et<\/span> <span class=\"sw\">parall\u00e8lement<\/span> <span class=\"sw\">au<\/span> <span class=\"sw\">plan<\/span> <span class=\"sw\">OU<\/span> <span class=\"sw\">sur<\/span> <span class=\"sw\">une<\/span> <span class=\"sw\">toiture<\/span> <span class=\"sw\">plate<\/span> <span class=\"sw\">OU<\/span> <span class=\"sw\">remplir<\/span> <span class=\"sw\">les<\/span> <span class=\"sw\">fonctions<\/span> <span class=\"sw\">d&rsquo;all\u00e8ge, de bardage, de brise-soleil, de garde-corps, d&rsquo;ombri\u00e8re, de pergolas ou de mur-rideau. Il ne peut donc pas s&rsquo;agir d&rsquo;un panneau solaire\u00a0pos\u00e9\u00a0sol.<\/span><\/li>\n<\/ul>\n<h2 style=\"text-align: justify;\">Les d\u00e9marches administratives<\/h2>\n<p style=\"text-align: justify;\"><b><span class=\"sw\">Apr\u00e8s<\/span> <span class=\"sw\">avoir<\/span> <span class=\"sw\">pris<\/span> <span class=\"sw\">connaissance<\/span> <span class=\"sw\">des<\/span> <span class=\"sw\">conditions<\/span> <span class=\"sw\">d&rsquo;\u00e9ligibilit\u00e9,<\/span> <span class=\"sw\">vous<\/span> <span class=\"sw\">devez<\/span> <span class=\"sw\">adresser<\/span> <span class=\"sw\">une<\/span> <span class=\"sw\">demande<\/span> <span class=\"sw\">de<\/span> <span class=\"sw\">rachat<\/span> <span class=\"sw\">\u00e0<\/span> <span class=\"sw\">EDF<\/span> <span class=\"sw\">OA.<\/span><\/b> <span class=\"sw\">Depuis<\/span> <span class=\"sw\">l&rsquo;entr\u00e9e<\/span> <span class=\"sw\">en<\/span> <span class=\"sw\">vigueur<\/span> <span class=\"sw\">du<\/span> <span class=\"sw\">d\u00e9cret<\/span> <span class=\"sw\">en<\/span> <span class=\"sw\">mai<\/span> <span class=\"sw\">2017,<\/span> <span class=\"sw\">le<\/span> <span class=\"sw\">contrat<\/span> <span class=\"sw\">liant le producteur \u00e0 EDF OA a une dur\u00e9e de 20 ans.\u00a0<\/span><\/p>\n<p style=\"text-align: justify;\"><span class=\"sw\">Cette<\/span> <span class=\"sw\">nouvelle<\/span> <span class=\"sw\">r\u00e9glementation<\/span> <span class=\"sw\">garantit<\/span> <span class=\"sw\">un revenu compl\u00e9mentaire permanent aux propri\u00e9taires de panneaux photovolta\u00efques, m\u00eame s&rsquo;ils doivent toujours s&rsquo;acquitter de la taxe sur le tarif d\u2019Utilisation des R\u00e9seaux Publics d\u2019Electricit\u00e9 (TURPE). Cette derni\u00e8re fait \u00e9galement partie des diff\u00e9rentes taxes\u00a0indiqu\u00e9es sur une facture d\u2019\u00e9lectricit\u00e9. Dans le cas du rachat d\u2019\u00e9lectricit\u00e9 par EDF OA, le montant s&rsquo;\u00e9l\u00e8ve \u00e0 environ 20 euros par an.<\/span><\/p>\n<p style=\"text-align: justify;\"><b><span class=\"sw\">Pour<\/span> <span class=\"sw\">faire<\/span> <span class=\"sw\">une<\/span> <span class=\"sw\">demande<\/span> <span class=\"sw\">de<\/span> <span class=\"sw\">rachat,<\/span> <span class=\"sw\">il<\/span> <span class=\"sw\">vous<\/span> <span class=\"sw\">suffit<\/span> <span class=\"sw\">de<\/span> <span class=\"sw\">soumettre<\/span> <span class=\"sw\">une<\/span> <span class=\"sw\">demande<\/span> <\/b><span class=\"sw\"><b>de raccordement au r\u00e9seau.<\/b> En effet, ce document fait office de demande de contrat d\u2019achat et de prime \u00e0 l\u2019autoconsommation, en cas d&rsquo;autoconsommation avec vente de surplus. Cette demande doit \u00eatre faite aupr\u00e8s d&rsquo;Enedis.<b><\/b><\/span><\/p>\n<p style=\"text-align: justify;\"><span class=\"sw\"><b>Pour cela, plusieurs documents doivent \u00eatre\u00a0fournis, dont :<\/b><\/span><\/p>\n<ul>\n<li style=\"text-align: justify;\">L&rsquo;autorisation d\u2019urbanisme : <span class=\"sw\">si<\/span> <span class=\"sw\">vous<\/span> <span class=\"sw\">allez<\/span> <span class=\"sw\">installer<\/span> <span class=\"sw\">des<\/span> <span class=\"sw\">panneaux<\/span> <span class=\"sw\">photovolta\u00efques<\/span> <span class=\"sw\">sur<\/span> <span class=\"sw\">votre<\/span> <span class=\"sw\">toiture,<\/span> <span class=\"sw\">vous<\/span> <span class=\"sw\">devez<\/span> <span class=\"sw\">d\u00e9clarer<\/span> <span class=\"sw\">au<\/span> <span class=\"sw\">pr\u00e9alable<\/span> <span class=\"sw\">les<\/span> <span class=\"sw\">travaux<\/span> <span class=\"sw\">\u00e0<\/span> <span class=\"sw\">votre<\/span> <span class=\"sw\">mairie,<\/span> <span class=\"sw\">qui<\/span> <span class=\"sw\">pourra<\/span> <span class=\"sw\">vous<\/span> <span class=\"sw\">d\u00e9livrer un certificat de non opposition, si vous en faites la demande ;<\/span><\/li>\n<li style=\"text-align: justify;\">Le plan de masse du projet : <span class=\"sw\">ce<\/span> <span class=\"sw\">document<\/span> <span class=\"sw\">reprend<\/span> <span class=\"sw\">les<\/span> <span class=\"sw\">dimensions<\/span> <span class=\"sw\">de<\/span> <span class=\"sw\">votre<\/span> <span class=\"sw\">installation<\/span> <span class=\"sw\">ainsi<\/span> <span class=\"sw\">qu&rsquo;un plan de votre terrain ;\u00a0<\/span><\/li>\n<li style=\"text-align: justify;\">Une copie du certificat de qualification de l\u2019entreprise photovolta\u00efque choisie ;<\/li>\n<li style=\"text-align: justify;\">Le titre de propri\u00e9t\u00e9 du b\u00e2timent d\u2019implantation.<\/li>\n<\/ul>\n<p style=\"text-align: justify;\"><b>Il faut \u00e9galement t<span class=\"sw\">ransmettre<\/span> <span class=\"sw\">\u00e0<\/span> <span class=\"sw\">Enedis<\/span> <span class=\"sw\">des renseignements sur le type d&rsquo;installation d\u00e9sir\u00e9 (vente totale ou autoconsommation partielle) ainsi que sur la puissance \u00e9lectrique maximale. \u00a0<\/span><\/b><\/p>\n<p style=\"text-align: justify;\"><b>Une fois communiqu\u00e9 et valid\u00e9, <span class=\"sw\">ce<\/span> <span class=\"sw\">document<\/span> <span class=\"sw\">est<\/span> <span class=\"sw\">transmis<\/span> <span class=\"sw\">\u00e0<\/span> <span class=\"sw\">EDF<\/span> <span class=\"sw\">OA<\/span> <span class=\"sw\">et<\/span> <span class=\"sw\">vaut<\/span>\u00a0pour\u00a0<span class=\"sw\">contrat<\/span> <span class=\"sw\">d&rsquo;obligation<\/span> <span class=\"sw\">d&rsquo;achat.<\/span> <span class=\"sw\">EDF<\/span> <span class=\"sw\">OA<\/span> <span class=\"sw\">vous<\/span> <span class=\"sw\">enverra<\/span> <span class=\"sw\">une<\/span> <\/b><span class=\"sw\"><b>attestation sur l&rsquo;honneur de conformit\u00e9 qu\u2019il conviendra de retourner sign\u00e9e.<\/b> Vous effectuez ensuite la cr\u00e9ation de\u00a0l&rsquo;espace producteur sur lequel il est possible de t\u00e9l\u00e9charger et d&rsquo;imprimer le contrat en 2 exemplaires, qui doivent \u00eatre sign\u00e9s \u00e0 EDF OA avec l\u2019attestation sur l\u2019honneur de conformit\u00e9.\u00a0<\/span><\/p>\n<p style=\"text-align: justify;\"><span class=\"sw\">Une<\/span> <span class=\"sw\">fois<\/span> <span class=\"sw\">tout<\/span> <span class=\"sw\">cela<\/span> <span class=\"sw\">fait,<\/span> <span class=\"sw\">il<\/span>\u00a0<span class=\"sw\">reste<\/span>\u00a0<span class=\"sw\">\u00e0<\/span> <span class=\"sw\">installer<\/span>\u00a0les\u00a0<span class=\"sw\">panneaux<\/span> <span class=\"sw\">solaires,<\/span> <span class=\"sw\">raccorder<\/span> <span class=\"sw\">l&rsquo;installation,<\/span> <span class=\"sw\">v\u00e9rifier<\/span> <span class=\"sw\">sa<\/span> <span class=\"sw\">conformit\u00e9<\/span> <span class=\"sw\">aux<\/span> <span class=\"sw\">normes<\/span> <span class=\"sw\">\u00e9lectriques,\u00a0<\/span><span class=\"sw\">pour<\/span> <span class=\"sw\">recevoir<\/span> <span class=\"sw\">le<\/span> <span class=\"sw\">certificat<\/span> <span class=\"sw\">de<\/span> <span class=\"sw\">conformit\u00e9<\/span> <span class=\"sw\">CONSUEL, et effectuer la la mise en service de l\u2019installation.\u00a0<\/span><\/p>\n<h1 style=\"text-align: justify;\">Comment acc\u00e9der \u00e0 son espace personnel EDF OA ?<\/h1>\n<h2>Le portail d&rsquo;EDF<\/h2>\n<p style=\"text-align: justify;\"><b>Le portail d\u2019EDF OA r\u00e9pertorie toutes les activit\u00e9s de rachat d\u2019\u00e9nergies renouvelables du fournisseur. <\/b>Tous les producteurs <span class=\"sw\">auxquels<\/span> <span class=\"sw\">EDF<\/span> <span class=\"sw\">OA<\/span>\u00a0rach\u00e8te l\u2019\u00e9lectricit\u00e9 peuvent se connecter \u00e0 leur espace personnel pour suivre leur production et g\u00e9rer leurs paiements.<\/p>\n<p style=\"text-align: justify;\"><b><span class=\"sw\">Chaque<\/span> <span class=\"sw\">ann\u00e9e,<\/span> <span class=\"sw\">via<\/span> <span class=\"sw\">cette<\/span> <span class=\"sw\">plateforme,<\/span> <span class=\"sw\">vous<\/span> <span class=\"sw\">pouvez<\/span> <span class=\"sw\">soumettre<\/span>\u00a0la\u00a0<span class=\"sw\">facture<\/span> <span class=\"sw\">de<\/span> <span class=\"sw\">production<\/span> <span class=\"sw\">d&rsquo;\u00e9lectricit\u00e9<\/span> <span class=\"sw\">ou<\/span>\u00a0de l&rsquo;exc\u00e9dent\u00a0<span class=\"sw\">inutilis\u00e9<\/span> <span class=\"sw\">dans<\/span> <span class=\"sw\">le<\/span> <span class=\"sw\">cadre<\/span> <span class=\"sw\">de<\/span>\u00a0l&rsquo;autoconsommation.<\/b> Les\u00a0identifiants\u00a0permettent de <span class=\"sw\">suivre<\/span> <span class=\"sw\">tous<\/span> <span class=\"sw\">les<\/span> <span class=\"sw\">achats<\/span> <span class=\"sw\">d&rsquo;\u00e9lectricit\u00e9<\/span> <span class=\"sw\">d&rsquo;EDF<\/span> <span class=\"sw\">OA, de retrouver l&rsquo;historique des factures transmises et de modifier vos donn\u00e9es personnelles.\u00a0<\/span><\/p>\n<h2>Quelles sont les informations \u00e0 fournir ?<\/h2>\n<p style=\"text-align: justify;\"><b>Afin d&rsquo;acc\u00e9der \u00e0 l&rsquo;espace personnel, <span class=\"sw\">vous<\/span> <span class=\"sw\">devez<\/span> <span class=\"sw\">d&rsquo;abord<\/span> <span class=\"sw\">le<\/span> <span class=\"sw\">cr\u00e9er.<\/span> <\/b><span class=\"sw\">Pour<\/span> <span class=\"sw\">cela, il faut se rendre sur l\u2019espace producteur du site EDF OA. \u00c0 partir de l\u00e0, vous pouvez commencer \u00e0 cr\u00e9er\u00a0l&rsquo;espace personnel. <b>Pour ce faire, il fait transmettre les informations suivantes :\u00a0<\/b><\/span><\/p>\n<ul>\n<li style=\"text-align: justify;\">Le titulaire du contrat ;<\/li>\n<li style=\"text-align: justify;\">Le num\u00e9ro du contrat commen\u00e7ant par BO, BTO ou BTA ;<\/li>\n<li style=\"text-align: justify;\">Le\u00a0num\u00e9ro de Contrat de Raccordement d\u2019Acc\u00e8s au r\u00e9seau et d\u2019Exploitation ;<\/li>\n<li style=\"text-align: justify;\">L&rsquo;adresse e-mail ;<\/li>\n<li style=\"text-align: justify;\">Le code postal du site de production.<\/li>\n<\/ul>\n<p style=\"text-align: justify;\"><b><span class=\"sw\">Une<\/span> <span class=\"sw\">fois<\/span> <span class=\"sw\">tous<\/span> <span class=\"sw\">ces<\/span> <span class=\"sw\">\u00e9l\u00e9ments<\/span>\u00a0renseign\u00e9s<span class=\"sw\">,<\/span> <span class=\"sw\">vous<\/span> <span class=\"sw\">aurez<\/span> <span class=\"sw\">acc\u00e8s<\/span> <span class=\"sw\">\u00e0<\/span> <span class=\"sw\">votre<\/span> <span class=\"sw\">espace personnel EDF OA.\u00a0<\/span><\/b><\/p>\n<p style=\"text-align: justify;\"><div class='cta-block'><div class='text'>Simulez vos aides pour la transition \u00e9nerg\u00e9tique en 2 min.<\/div><a href='\u201chttps:\/\/www.mes-allocs.fr\/ab-app\u201d?origin=guides\/wp-json\/wp\/v2\/posts\/57040' class='app-button fit'>\u201cSimulation<\/a><\/div><\/p>\n","protected":false},"excerpt":{"rendered":"<p>En cas de pose de panneaux photovolta\u00efques sur le toit, il est essentiel de se demander quoi faire de l&rsquo;\u00e9lectricit\u00e9 produite. En effet, il est possible de la consommer, mais aussi de la revendre \u00e0 un fournisseur d&rsquo;\u00e9lectricit\u00e9.\u00a0C&rsquo;est ce qui se nomme \u00ab\u00a0EDF Obligation d\u2019Achat \u00bb. Mes Allocs d\u00e9taille cette aide\u00a0\u00e9nergie et les diff\u00e9rentes possibilit\u00e9s [&hellip;]<\/p>\n","protected":false},"author":14,"featured_media":57593,"comment_status":"closed","ping_status":"open","sticky":false,"template":"","format":"standard","meta":{"amp_status":"","footnotes":""},"categories":[5515,22684],"tags":[],"class_list":["post-57040","post","type-post","status-publish","format-standard","has-post-thumbnail","hentry","category-aide-energie","category-prix-panneaux-solaires"],"yoast_head":"<!-- This site is optimized with the Yoast SEO plugin v14.9 - https:\/\/yoast.com\/wordpress\/plugins\/seo\/ -->\n<title>L&#039;obligation d&#039;achat EDF : conditions, montants | Mes-Allocs.fr<\/title>\n<meta name=\"description\" content=\"Il est possible de la consommer, mais aussi le revendre au fournisseur d&#039;\u00e9lectricit\u00e9.\u00a0C&#039;est ce qui se nomme \u00ab\u00a0EDF Obligation d\u2019Achat \u00bb.\" \/>\n<meta name=\"robots\" content=\"index, follow, max-snippet:-1, max-image-preview:large, max-video-preview:-1\" \/>\n<link rel=\"canonical\" href=\"https:\/\/www.mes-allocs.fr\/guides\/aide-energie\/aide-panneaux-solaires\/prix-panneaux-solaires\/edf-obligation-d-achat\/\" \/>\n<meta property=\"og:locale\" content=\"fr_FR\" \/>\n<meta property=\"og:type\" content=\"article\" \/>\n<meta property=\"og:title\" content=\"L&#039;obligation d&#039;achat EDF : conditions, montants | Mes-Allocs.fr\" \/>\n<meta property=\"og:description\" content=\"Il est possible de la consommer, mais aussi le revendre au fournisseur d&#039;\u00e9lectricit\u00e9.\u00a0C&#039;est ce qui se nomme \u00ab\u00a0EDF Obligation d\u2019Achat \u00bb.\" \/>\n<meta property=\"og:url\" content=\"https:\/\/www.mes-allocs.fr\/guides\/aide-energie\/aide-panneaux-solaires\/prix-panneaux-solaires\/edf-obligation-d-achat\/\" \/>\n<meta property=\"og:site_name\" content=\"Mes-Allocs.fr\" \/>\n<meta property=\"article:published_time\" content=\"2022-10-31T18:38:29+00:00\" \/>\n<meta property=\"article:modified_time\" content=\"2025-11-12T16:46:39+00:00\" \/>\n<meta property=\"og:image\" content=\"https:\/\/www.mes-allocs.fr\/guides\/wp-content\/uploads\/2022\/10\/Tout-savoir-sur-EDF-Obligation-dachat-2.jpeg?wsr\" \/>\n\t<meta property=\"og:image:width\" content=\"612\" \/>\n\t<meta property=\"og:image:height\" content=\"408\" \/>\n<meta name=\"twitter:card\" content=\"summary_large_image\" \/>\n<script type=\"application\/ld+json\" class=\"yoast-schema-graph\">{\"@context\":\"https:\/\/schema.org\",\"@graph\":[{\"@type\":\"WebSite\",\"@id\":\"https:\/\/www.mes-allocs.fr\/guides\/#website\",\"url\":\"https:\/\/www.mes-allocs.fr\/guides\/\",\"name\":\"Mes-Allocs.fr\",\"description\":\"\",\"potentialAction\":[{\"@type\":\"SearchAction\",\"target\":\"https:\/\/www.mes-allocs.fr\/guides\/?s={search_term_string}\",\"query-input\":\"required name=search_term_string\"}],\"inLanguage\":\"fr-FR\"},{\"@type\":\"ImageObject\",\"@id\":\"https:\/\/www.mes-allocs.fr\/guides\/aide-energie\/aide-panneaux-solaires\/prix-panneaux-solaires\/edf-obligation-d-achat\/#primaryimage\",\"inLanguage\":\"fr-FR\",\"url\":\"https:\/\/www.mes-allocs.fr\/guides\/wp-content\/uploads\/2022\/10\/Tout-savoir-sur-EDF-Obligation-dachat-2.jpeg?wsr\",\"width\":612,\"height\":408,\"caption\":\"Tout savoir sur EDF Obligation dachat\"},{\"@type\":\"WebPage\",\"@id\":\"https:\/\/www.mes-allocs.fr\/guides\/aide-energie\/aide-panneaux-solaires\/prix-panneaux-solaires\/edf-obligation-d-achat\/#webpage\",\"url\":\"https:\/\/www.mes-allocs.fr\/guides\/aide-energie\/aide-panneaux-solaires\/prix-panneaux-solaires\/edf-obligation-d-achat\/\",\"name\":\"L'obligation d'achat EDF : conditions, montants | Mes-Allocs.fr\",\"isPartOf\":{\"@id\":\"https:\/\/www.mes-allocs.fr\/guides\/#website\"},\"primaryImageOfPage\":{\"@id\":\"https:\/\/www.mes-allocs.fr\/guides\/aide-energie\/aide-panneaux-solaires\/prix-panneaux-solaires\/edf-obligation-d-achat\/#primaryimage\"},\"datePublished\":\"2022-10-31T18:38:29+00:00\",\"dateModified\":\"2025-11-12T16:46:39+00:00\",\"author\":{\"@id\":\"https:\/\/www.mes-allocs.fr\/guides\/#\/schema\/person\/a3de97298fd0ffc005ebdd5628b03ca8\"},\"description\":\"Il est possible de la consommer, mais aussi le revendre au fournisseur d'\\u00e9lectricit\\u00e9.\\u00a0C'est ce qui se nomme \\u00ab\\u00a0EDF Obligation d\\u2019Achat \\u00bb.\",\"inLanguage\":\"fr-FR\"},{\"@type\":\"Person\",\"@id\":\"https:\/\/www.mes-allocs.fr\/guides\/#\/schema\/person\/a3de97298fd0ffc005ebdd5628b03ca8\",\"name\":\"Marina Ada Ondo\",\"image\":{\"@type\":\"ImageObject\",\"@id\":\"https:\/\/www.mes-allocs.fr\/guides\/#personlogo\",\"inLanguage\":\"fr-FR\",\"url\":\"https:\/\/www.mes-allocs.fr\/guides\/wp-content\/uploads\/2022\/02\/Photo-de-profil-150x150.png\",\"caption\":\"Marina Ada Ondo\"},\"description\":\"Marina est r\\u00e9dactrice au sein de l'\\u00e9quipe Mes Allocs, sp\\u00e9cialis\\u00e9e sur les aides aux jeunes. Dipl\\u00f4m\\u00e9e de l'ISFJ, elle rejoint Mes Allocs apr\\u00e8s une premi\\u00e8re exp\\u00e9rience en communication chez Little Africa, une agence de communication \\u00e0 Paris. Sur son temps libre, Marina lit beaucoup et passe ses dimanches au mus\\u00e9e.\",\"sameAs\":[\"https:\/\/www.linkedin.com\/in\/marinaadaondo\/\"]}]}<\/script>\n<!-- \/ Yoast SEO plugin. -->","amp_validity":null,"acf":{"faq":{"1":{"question":"Comment obtenir une aide Energie 2025 ?","answer":"Il existe plusieurs aides \u00e9nergies. Les moyens de les obtenir varient d'une aide \u00e0 l'autre. Le ch\u00e8que \u00e9nergie par exemple, est attribu\u00e9 par l'administration fiscale. Les aides d'Action Logement sont accord\u00e9es sur dossier."},"2":{"question":"Qu'est-ce que l'obligation d'achat ?","answer":"L'obligation d'achat est un m\u00e9canisme qui oblige un op\u00e9rateur de r\u00e9seau \u00e0 acheter l'\u00e9lectricit\u00e9 de producteurs d'\u00e9nergie \u00e0 un tarif fix\u00e9 par arr\u00eat\u00e9. Il s'agit d'un moyen mis en place par le gouvernement pour soutenir la production d'\u00e9nergies renouvelables."},"3":{"question":"Quel est le prix de rachat de l'\u00e9lectricit\u00e9 par EDF ?","answer":"Le montant de rachat d\u00e9pend du type et de la puissance de votre installation solaire. En vente totale, il est compris entre 0,1070 \u20ac et 0,2022 \u20ac par kWh. En vente de surplus, il est compris entre 0,06 \u20ac et 0,10 \u20ac par kWh."},"4":{"question":"Quel est l'int\u00e9r\u00eat d'acheter des obligations ?","answer":"Leur rendement fixe est sans doute le principal atout des obligations. Dans la plupart des cas, l'investisseur qui ach\u00e8te une obligation conna\u00eet le rendement qui lui sera attribu\u00e9 chaque ann\u00e9e. Ce principe poss\u00e8de toutefois un certain nombre d'exceptions."},"5":{"question":"Est-il possible de revendre de l'\u00e9lectricit\u00e9 ?","answer":"Vendre une partie ou l'int\u00e9gralit\u00e9 de sa production d'\u00e9lectricit\u00e9 est possible si vous disposez de panneaux photovolta\u00efques (panneaux solaires) ou d'\u00e9oliennes. En fonction de vos usages, vous pouvez d\u00e9cider de vendre le surplus de votre consommation d'\u00e9lectricit\u00e9 ou toute l'\u00e9lectricit\u00e9 que vous produisez."},"6":{"question":"Quel est le prix au m2 des panneaux solaires ?","answer":"Il faut compter entre 200 \u20ac et 300 \u20ac\/m\u00b2 pour un panneau solaire photovolta\u00efque ; entre 200 \u20ac et 600 \u20ac\/m\u00b2 pour un panneau solaire thermique ; entre 700 \u20ac et 1000 \u20ac\/m\u00b2 pour un panneau solaire hybride. \r\n"},"7":{"question":"","answer":""},"8":{"question":"","answer":""},"9":{"question":"","answer":""},"10":{"question":"","answer":""},"11":{"question":"","answer":""},"12":{"question":"","answer":""},"13":{"question":"","answer":""},"14":{"question":"","answer":""},"15":{"question":"","answer":""},"16":{"question":"","answer":""}}},"_links":{"self":[{"href":"https:\/\/www.mes-allocs.fr\/guides\/wp-json\/wp\/v2\/posts\/57040","targetHints":{"allow":["GET"]}}],"collection":[{"href":"https:\/\/www.mes-allocs.fr\/guides\/wp-json\/wp\/v2\/posts"}],"about":[{"href":"https:\/\/www.mes-allocs.fr\/guides\/wp-json\/wp\/v2\/types\/post"}],"author":[{"embeddable":true,"href":"https:\/\/www.mes-allocs.fr\/guides\/wp-json\/wp\/v2\/users\/14"}],"replies":[{"embeddable":true,"href":"https:\/\/www.mes-allocs.fr\/guides\/wp-json\/wp\/v2\/comments?post=57040"}],"version-history":[{"count":13,"href":"https:\/\/www.mes-allocs.fr\/guides\/wp-json\/wp\/v2\/posts\/57040\/revisions"}],"predecessor-version":[{"id":105694,"href":"https:\/\/www.mes-allocs.fr\/guides\/wp-json\/wp\/v2\/posts\/57040\/revisions\/105694"}],"wp:featuredmedia":[{"embeddable":true,"href":"https:\/\/www.mes-allocs.fr\/guides\/wp-json\/wp\/v2\/media\/57593"}],"wp:attachment":[{"href":"https:\/\/www.mes-allocs.fr\/guides\/wp-json\/wp\/v2\/media?parent=57040"}],"wp:term":[{"taxonomy":"category","embeddable":true,"href":"https:\/\/www.mes-allocs.fr\/guides\/wp-json\/wp\/v2\/categories?post=57040"},{"taxonomy":"post_tag","embeddable":true,"href":"https:\/\/www.mes-allocs.fr\/guides\/wp-json\/wp\/v2\/tags?post=57040"}],"curies":[{"name":"wp","href":"https:\/\/api.w.org\/{rel}","templated":true}]}}