{"id":56664,"date":"2022-10-27T11:50:39","date_gmt":"2022-10-27T09:50:39","guid":{"rendered":"https:\/\/www.mes-allocs.fr\/guides\/?p=56664"},"modified":"2025-11-12T17:23:43","modified_gmt":"2025-11-12T16:23:43","slug":"aide-panneaux-solaires","status":"publish","type":"post","link":"https:\/\/www.mes-allocs.fr\/guides\/aide-energie\/aide-panneaux-solaires\/","title":{"rendered":"Aide panneaux solaires : conditions, montant, d\u00e9marches"},"content":{"rendered":"<p style=\"text-align: justify;\"><b><img loading=\"lazy\" decoding=\"async\" class=\"alignnone wp-image-56727 size-full\" title=\"Aide panneaux solaires\" src=\"https:\/\/www.mes-allocs.fr\/guides\/wp-content\/uploads\/2022\/10\/Aide-panneaux-solaires--e1664983356284.jpeg\" alt=\"Aide panneaux solaires\" width=\"1560\" height=\"300\" srcset=\"https:\/\/www.mes-allocs.fr\/guides\/wp-content\/uploads\/2022\/10\/Aide-panneaux-solaires--e1664983356284.jpeg 1560w, https:\/\/www.mes-allocs.fr\/guides\/wp-content\/uploads\/2022\/10\/Aide-panneaux-solaires--e1664983356284-300x58.jpeg 300w, https:\/\/www.mes-allocs.fr\/guides\/wp-content\/uploads\/2022\/10\/Aide-panneaux-solaires--e1664983356284-1024x197.jpeg 1024w, https:\/\/www.mes-allocs.fr\/guides\/wp-content\/uploads\/2022\/10\/Aide-panneaux-solaires--e1664983356284-768x148.jpeg 768w, https:\/\/www.mes-allocs.fr\/guides\/wp-content\/uploads\/2022\/10\/Aide-panneaux-solaires--e1664983356284-1536x295.jpeg 1536w, https:\/\/www.mes-allocs.fr\/guides\/wp-content\/uploads\/2022\/10\/Aide-panneaux-solaires--e1664983356284-600x115.jpeg 600w\" sizes=\"auto, (max-width: 1560px) 100vw, 1560px\" \/>En 2025, de plus en plus de personnes s&rsquo;orientent vers <span class=\"sw\">l&rsquo;\u00e9nergie<\/span> <span class=\"sw\">solaire pour r\u00e9duire leurs factures d&rsquo;\u00e9lectricit\u00e9 et d&rsquo;eau tout en se joignant \u00e0 un effort collectif pour restreindre\u00a0l&rsquo;impact n\u00e9gatif de l&rsquo;humain sur\u00a0<\/span>l&rsquo;environnement. <\/b><\/p>\n<p style=\"text-align: justify;\"><b><span class=\"sw\">Peu importe le type de panneaux solaires, son co\u00fbt\u00a0<\/span>d&rsquo;installation est cons\u00e9quent et il est important de savoir que\u00a0plusieurs <a href=\"https:\/\/www.mes-allocs.fr\/guides\/aide-energie\/\">aides \u00e9nergie<\/a> sont disponibles.\u00a0<span class=\"sw\">En<\/span> <span class=\"sw\">mati\u00e8re<\/span> <span class=\"sw\">d&rsquo;installations<\/span> <span class=\"sw\">solaires,<\/span> <span class=\"sw\">il<\/span> <span class=\"sw\">est<\/span> <span class=\"sw\">indispensable<\/span> <span class=\"sw\">de<\/span> <span class=\"sw\">distinguer<\/span> <span class=\"sw\">les<\/span> <span class=\"sw\">dispositifs<\/span> <span class=\"sw\">existants : le panneau solaire photovolta\u00efque et le panneau solaire thermique.<\/span><\/b><\/p>\n<div class='cta-block'><div class='text'>Simulez votre Ch\u00e8que \u00c9nergie en 2 min.<\/div><a href='https:\/\/www.mes-allocs.fr\/ab-app?origin=guides\/wp-json\/wp\/v2\/posts\/56664' class='app-button fit'>Simulation gratuite<\/a><\/div>\n<h1 style=\"text-align: justify;\">Panneaux photovolta\u00efques : quelles sont subventions attribu\u00e9es ?<\/h1>\n<p style=\"text-align: justify;\"><b>Les panneaux photovolta\u00efques captent l\u2019\u00e9nergie solaire afin de la transformer en \u00e9lectricit\u00e9.<\/b> Il s\u2019agit d\u2019une solution visant \u00e0\u00a0faire des \u00e9conomies, en plus d\u2019\u00eatre respectueuse de l\u2019environnement avec des\u00a0\u00e9conomies d&rsquo;\u00e9nergie.<\/p>\n<h2 style=\"text-align: justify;\">La prime photovolta\u00efque<\/h2>\n<p style=\"text-align: justify;\"><b><span class=\"sw\">Accord\u00e9e<\/span> <span class=\"sw\">par<\/span> <span class=\"sw\">l&rsquo;<a href=\"https:\/\/www.mes-allocs.fr\/guides\/aide-energie\/aide-etat-travaux-economie-d-energie\/\">\u00c9tat<\/a><\/span> <span class=\"sw\">pour<\/span> <span class=\"sw\">faciliter<\/span> <span class=\"sw\">la<\/span> <span class=\"sw\">transition<\/span> <span class=\"sw\">vers<\/span> <span class=\"sw\">les<\/span> \u00e9nergies renouvelables<\/b><span class=\"sw\"><b>, la prime \u00e0 l\u2019autoconsommation permet de r\u00e9duire le prix d&rsquo;achat\u00a0des panneaux solaires photovolta\u00efques.<\/b> La prime s&rsquo;adresse aussi bien aux particuliers qu&rsquo;aux professionnels qui choisissent l\u2019autoconsommation avec vente du surplus d&rsquo;\u00e9lectricit\u00e9 solaire.\u00a0<\/span><\/p>\n<h3 style=\"text-align: justify;\">Les conditions d&rsquo;attribution<\/h3>\n<p style=\"text-align: justify;\"><b><span class=\"sw\">L&rsquo;arr\u00eat\u00e9<\/span> <span class=\"sw\">tarifaire<\/span> <span class=\"sw\">du<\/span> <span class=\"sw\">6<\/span> <span class=\"sw\">octobre<\/span> <span class=\"sw\">2021<\/span> <span class=\"sw\">pr\u00e9cise<\/span> <span class=\"sw\">les<\/span> <span class=\"sw\">nouvelles<\/span> <span class=\"sw\">conditions<\/span> <span class=\"sw\">pour<\/span> <span class=\"sw\">b\u00e9n\u00e9ficier<\/span> <span class=\"sw\">de<\/span> <span class=\"sw\">cette<\/span> <span class=\"sw\">aide<\/span> <span class=\"sw\"><a href=\"https:\/\/www.mes-allocs.fr\/guides\/aide-energie\/aide-gouvernementale-energie-renouvelable\/\">gouvernementale<\/a> :\u00a0<\/span><\/b><\/p>\n<ul style=\"text-align: justify;\">\n<li>Installer des panneaux solaires sur le toit (m\u00eame plat) ou une structure de type pergola\u00a0;<\/li>\n<li>Choisir un\u00a0professionnel reconnu garant de l\u2019environnement (RGE) ;<\/li>\n<li>S&rsquo;engager \u00e0 vendre le surplus de votre production d\u2019\u00e9lectricit\u00e9 \u00e0 EDF ou un autre fournisseur.<\/li>\n<\/ul>\n<p style=\"text-align: justify;\"><b>Si vous d\u00e9sirez consommer la totalit\u00e9 de l\u2019\u00e9lectricit\u00e9 produite ou si vous optez pour une vente totale de votre production d\u2019\u00e9lectricit\u00e9 au r\u00e9seau public, il n&rsquo;est pas possible de b\u00e9n\u00e9ficier de la subvention.<\/b><\/p>\n<h3 style=\"text-align: justify;\">Le montant de l&rsquo;aide<\/h3>\n<p style=\"text-align: justify;\">Le montant de la prime \u00e0 l\u2019investissement\u00a0est d\u00e9gressive, \u00e0 savoir qu&rsquo;il varie tous les trimestres.\u00a0<b>N\u00e9anmoins, lorsque la somme est accord\u00e9e, elle reste fixe. <\/b>Le versement est \u00e9chelonn\u00e9 sur 5 ans, donc chaque ann\u00e9e, vous percevez un cinqui\u00e8me de la prime.<\/p>\n<p style=\"text-align: justify;\">\n<div class=\"wpdt-c row wpDataTableContainerSimpleTable wpDataTables wpDataTablesWrapper\n\"\n    >\n    <table id=\"wpdtSimpleTable-85\"\n           class=\"wpdtSimpleTable wpDataTable\"\n           data-column=\"3\"\n           data-rows=\"5\"\n           data-wpID=\"85\"\n           data-responsive=\"0\"\n           data-has-header=\"1\">\n\n                    <thead>        <tr class=\"wpdt-cell-row \" >\n                            <th class=\"wpdt-cell wpdt-bc-F3F9FE\"\n                                    data-cell-id=\"A1\"\n                data-col-index=\"0\"\n                data-row-index=\"0\"\n                style=\" width:32.692307692308%;                padding:10px;\"\n                >\n                                Puissance de l\u2019installation                <\/th>\n                                            <th class=\"wpdt-cell wpdt-bc-F3F9FE\"\n                                    data-cell-id=\"B1\"\n                data-col-index=\"1\"\n                data-row-index=\"0\"\n                style=\" width:34.615384615385%;                padding:10px;\"\n                >\n                                Montant de la prime en 2024                <\/th>\n                                            <th class=\"wpdt-cell wpdt-bc-F3F9FE\"\n                                    data-cell-id=\"C1\"\n                data-col-index=\"2\"\n                data-row-index=\"0\"\n                style=\" width:32.692307692308%;                padding:10px;\"\n                >\n                                Montant de la prime en 2025                <\/th>\n                                        <\/tr>\n                    <tbody>        <tr class=\"wpdt-cell-row \" >\n                            <td class=\"wpdt-cell \"\n                                    data-cell-id=\"A2\"\n                data-col-index=\"0\"\n                data-row-index=\"1\"\n                style=\"                padding:10px;\"\n                >\n                                Inf\u00e9rieure ou \u00e9gale \u00e0 3 kWc                <\/td>\n                                            <td class=\"wpdt-cell wpdt-bc-FFFFFF\"\n                                    data-cell-id=\"B2\"\n                data-col-index=\"1\"\n                data-row-index=\"1\"\n                style=\"                padding:10px;\"\n                >\n                                0,43 \u20ac\/Wc                <\/td>\n                                            <td class=\"wpdt-cell wpdt-bc-FFFFFF\"\n                                    data-cell-id=\"C2\"\n                data-col-index=\"2\"\n                data-row-index=\"1\"\n                style=\"                padding:10px;\"\n                >\n                                0,16 \u20ac \/ Wc                <\/td>\n                                        <\/tr>\n                            <tr class=\"wpdt-cell-row \" >\n                            <td class=\"wpdt-cell \"\n                                    data-cell-id=\"A3\"\n                data-col-index=\"0\"\n                data-row-index=\"2\"\n                style=\"                padding:10px;\"\n                >\n                                Entre 3 et 9 kWc                <\/td>\n                                            <td class=\"wpdt-cell \"\n                                    data-cell-id=\"B3\"\n                data-col-index=\"1\"\n                data-row-index=\"2\"\n                style=\"                padding:10px;\"\n                >\n                                0,32 \u20ac\/Wc                <\/td>\n                                            <td class=\"wpdt-cell wpdt-bc-FFFFFF\"\n                                    data-cell-id=\"C3\"\n                data-col-index=\"2\"\n                data-row-index=\"2\"\n                style=\"                padding:10px;\"\n                >\n                                0,16 \u20ac \/ Wc                <\/td>\n                                        <\/tr>\n                            <tr class=\"wpdt-cell-row \" >\n                            <td class=\"wpdt-cell \"\n                                    data-cell-id=\"A4\"\n                data-col-index=\"0\"\n                data-row-index=\"3\"\n                style=\"                padding:10px;\"\n                >\n                                Entre 9 et 36 kWc                <\/td>\n                                            <td class=\"wpdt-cell \"\n                                    data-cell-id=\"B4\"\n                data-col-index=\"1\"\n                data-row-index=\"3\"\n                style=\"                padding:10px;\"\n                >\n                                0,18 \u20ac\/Wc                <\/td>\n                                            <td class=\"wpdt-cell wpdt-bc-FFFFFF\"\n                                    data-cell-id=\"C4\"\n                data-col-index=\"2\"\n                data-row-index=\"3\"\n                style=\"                padding:10px;\"\n                >\n                                0,19 \u20ac \/ Wc                <\/td>\n                                        <\/tr>\n                            <tr class=\"wpdt-cell-row \" >\n                            <td class=\"wpdt-cell \"\n                                    data-cell-id=\"A5\"\n                data-col-index=\"0\"\n                data-row-index=\"4\"\n                style=\"                padding:10px;\"\n                >\n                                Entre 36 et 100 kWc                <\/td>\n                                            <td class=\"wpdt-cell \"\n                                    data-cell-id=\"B5\"\n                data-col-index=\"1\"\n                data-row-index=\"4\"\n                style=\"                padding:10px;\"\n                >\n                                0,09 \u20ac\/Wc                <\/td>\n                                            <td class=\"wpdt-cell wpdt-bc-FFFFFF\"\n                                    data-cell-id=\"C5\"\n                data-col-index=\"2\"\n                data-row-index=\"4\"\n                style=\"                padding:10px;\"\n                >\n                                0,10 \u20ac \/ Wc                <\/td>\n                                        <\/tr>\n                    <\/table>\n<\/div><style id='wpdt-custom-style-85'>\ntable#wpdtSimpleTable-85{ table-layout: fixed !important; }\n.wpdt-bc-F3F9FE { background-color: #F3F9FE !important;}\n.wpdt-bc-FFFFFF { background-color: #FFFFFF !important;}\n<\/style>\n<\/p>\n<h3 style=\"text-align: justify;\">La d\u00e9marche pour en b\u00e9n\u00e9ficier<\/h3>\n<p style=\"text-align: justify;\">Le montant est fix\u00e9 lorsque la demande de raccordement est effectu\u00e9e.<b> Ainsi, pour b\u00e9n\u00e9ficier de cette aide financi\u00e8re, il faut :<\/b><\/p>\n<ul style=\"text-align: justify;\">\n<li>Faire le choix d\u2019un installateur qualifi\u00e9 ou ayant une certification professionnelle : cela est obligatoire pour b\u00e9n\u00e9ficier ensuite de l\u2019obligation d\u2019achat.<\/li>\n<li>Faire une demande d\u2019autorisation aupr\u00e8s de votre mairie : il s&rsquo;agit \u00e9galement d&rsquo;une \u00e9tape obligatoire. Comme dans le cas de travaux de construction sur votre habitation, une\u00a0d\u00e9claration pr\u00e9alable de travaux (DP) doit \u00eatre effectu\u00e9e lorsque vous installez des panneaux photovolta\u00efques sur votre toit.<\/li>\n<li>Faire une demande de raccordement de votre installation aupr\u00e8s du gestionnaire de r\u00e9seau de distribution d\u2019\u00e9lectricit\u00e9 que vous avez choisi (Enedis, EDF, etc.).<\/li>\n<\/ul>\n<p style=\"text-align: justify;\"><b>La prime est <span class=\"amp-wp-d3b3636\" data-amp-original-style=\"color: #993366;\">automatiquement revers\u00e9e<\/span> par l\u2019entit\u00e9 qui ach\u00e8te l\u2019\u00e9lectricit\u00e9.<\/b><\/p>\n<h2 style=\"text-align: justify;\"><span class=\"h3-style\">Les tarifs d\u2019achat photovolta\u00efque<\/span><\/h2>\n<p style=\"text-align: justify;\">En cas d&rsquo;installation de panneaux solaires pour une consommation propre d&rsquo;\u00e9lectricit\u00e9 et de vente du surplus non consomm\u00e9, il est possible de b\u00e9n\u00e9ficier\u00a0automatiquement <span class=\"sw\">d&rsquo;un<\/span><b> r<span class=\"sw\">achat<\/span> <span class=\"sw\">pour<\/span> <span class=\"sw\">le<\/span> <span class=\"sw\">surplus<\/span> <span class=\"sw\">non<\/span><\/b><span class=\"sw\"><b>autoconsomm\u00e9 d&rsquo;\u00e9nergie produite par vos panneaux.<\/b> Par ailleurs, le fournisseur a l&rsquo;obligation d&rsquo;accepter\u00a0la demande de rachat puis de r\u00e9injecter\u00a0le\u00a0surplus dans le r\u00e9seau.\u00a0<\/span><\/p>\n<p style=\"text-align: justify;\">Les tarifs sont formul\u00e9s afin de diminuer chaque trimestre \u00e0 un rythme variable. En outre, ils sont effectifs apr\u00e8s la mise en service de votre installation et la signature de votre contrat d\u2019achat. Les prix sont index\u00e9s annuellement durant toute la dur\u00e9e de votre contrat d\u2019achat.<\/p>\n<p style=\"text-align: justify;\"><b><span class=\"sw\">Int\u00e9ressants,\u00a0<\/span><span class=\"sw\">car<\/span> <span class=\"sw\">fix\u00e9s<\/span> <span class=\"sw\">\u00e0<\/span> <span class=\"sw\">un<\/span> <span class=\"sw\">prix<\/span> <span class=\"sw\">sup\u00e9rieur<\/span> <span class=\"sw\">au<\/span> <span class=\"sw\">march\u00e9<\/span> <span class=\"sw\">de<\/span> <span class=\"sw\">l&rsquo;\u00e9lectricit\u00e9, ces tarifs sont destin\u00e9s \u00e0 permettre de couvrir les frais d&rsquo;installation ainsi qu&rsquo;\u00e0 assurer une rentabilit\u00e9 normale du projet sur une dur\u00e9e de 10 \u00e0 20 ans.\u00a0<\/span><\/b>Ainsi, cela signifie que votre installation photovolta\u00efque peut vous permettre de g\u00e9n\u00e9rer des revenus suppl\u00e9mentaires non-imposables.<\/p>\n<h3 style=\"text-align: justify;\">Le montant de l&rsquo;aide<\/h3>\n<p style=\"text-align: justify;\">Les tarifs de rachat de l\u2019\u00e9lectricit\u00e9 photovolta\u00efque apr\u00e8s autoconsommation <span class=\"sw\">varient\u00a0<\/span><span class=\"sw\">d&rsquo;un<\/span> <span class=\"sw\">trimestre<\/span> <span class=\"sw\">\u00e0<\/span> <span class=\"sw\">l&rsquo;autre. <b>Les prix applicables du 1er ao\u00fbt au 31 octobre 2023 sont :\u00a0<\/b><\/span><\/p>\n\n<div class=\"wpdt-c row wpDataTableContainerSimpleTable wpDataTables wpDataTablesWrapper\n\"\n    >\n    <table id=\"wpdtSimpleTable-86\"\n           class=\"wpdtSimpleTable wpDataTable\"\n           data-column=\"2\"\n           data-rows=\"4\"\n           data-wpID=\"86\"\n           data-responsive=\"0\"\n           data-has-header=\"1\">\n\n                    <thead>        <tr class=\"wpdt-cell-row \" >\n                            <th class=\"wpdt-cell wpdt-bc-F3F9FE\"\n                                    data-cell-id=\"A1\"\n                data-col-index=\"0\"\n                data-row-index=\"0\"\n                style=\" width:48.571428571429%;                padding:10px;\"\n                >\n                                Puissance (kWc)                <\/th>\n                                            <th class=\"wpdt-cell wpdt-bc-F3F9FE\"\n                                    data-cell-id=\"B1\"\n                data-col-index=\"1\"\n                data-row-index=\"0\"\n                style=\" width:51.428571428571%;                padding:10px;\"\n                >\n                                Prix de Rachat par kWh                <\/th>\n                                        <\/tr>\n                    <tbody>        <tr class=\"wpdt-cell-row \" >\n                            <td class=\"wpdt-cell \"\n                                    data-cell-id=\"A2\"\n                data-col-index=\"0\"\n                data-row-index=\"1\"\n                style=\"                padding:10px;\"\n                >\n                                de 9 \u00e0 36 kWc                <\/td>\n                                            <td class=\"wpdt-cell wpdt-bc-FFFFFF\"\n                                    data-cell-id=\"B2\"\n                data-col-index=\"1\"\n                data-row-index=\"1\"\n                style=\"                padding:10px;\"\n                >\n                                0,04 c\u20ac\/kWh                <\/td>\n                                        <\/tr>\n                            <tr class=\"wpdt-cell-row \" >\n                            <td class=\"wpdt-cell \"\n                                    data-cell-id=\"A3\"\n                data-col-index=\"0\"\n                data-row-index=\"2\"\n                style=\"                padding:10px;\"\n                >\n                                de 36 \u00e0 100 kWc                <\/td>\n                                            <td class=\"wpdt-cell \"\n                                    data-cell-id=\"B3\"\n                data-col-index=\"1\"\n                data-row-index=\"2\"\n                style=\"                padding:10px;\"\n                >\n                                7,61  c\u20ac\/kWh                <\/td>\n                                        <\/tr>\n                            <tr class=\"wpdt-cell-row \" >\n                            <td class=\"wpdt-cell \"\n                                    data-cell-id=\"A4\"\n                data-col-index=\"0\"\n                data-row-index=\"3\"\n                style=\"                padding:10px;\"\n                >\n                                de 100 \u00e0 500 kWc                <\/td>\n                                            <td class=\"wpdt-cell wpdt-bc-FFFFFF\"\n                                    data-cell-id=\"B4\"\n                data-col-index=\"1\"\n                data-row-index=\"3\"\n                style=\"                padding:10px;\"\n                >\n                                7,61  c\u20ac\/kWh                <\/td>\n                                        <\/tr>\n                    <\/table>\n<\/div><style id='wpdt-custom-style-86'>\ntable#wpdtSimpleTable-86{ table-layout: fixed !important; }\n.wpdt-bc-F3F9FE { background-color: #F3F9FE !important;}\n.wpdt-bc-FFFFFF { background-color: #FFFFFF !important;}\n<\/style>\n\n<h3 style=\"text-align: justify;\">La d\u00e9marche pour la percevoir<\/h3>\n<p style=\"text-align: justify;\"><b><span class=\"sw\">Il<\/span> <span class=\"sw\">n&rsquo;y<\/span> <span class=\"sw\">a<\/span> <span class=\"sw\">donc<\/span> <span class=\"sw\">pas<\/span> <span class=\"sw\">de<\/span> <span class=\"sw\">proc\u00e9dure<\/span> <span class=\"sw\">particuli\u00e8re<\/span> <span class=\"sw\">\u00e0<\/span> <span class=\"sw\">suivre<\/span> <span class=\"sw\">pour<\/span> <span class=\"sw\">b\u00e9n\u00e9ficier<\/span> <span class=\"sw\">de<\/span> <span class=\"sw\">ces<\/span> <span class=\"sw\">taux<\/span> <span class=\"sw\">de<\/span> <\/b><span class=\"sw\"><b>subvention. <\/b>Il suffit de\u00a0se\u00a0r\u00e9f\u00e9rer au tarif en vigueur au moment de votre demande de raccordement.<\/span><\/p>\n<h2 style=\"text-align: justify;\">Le\u00a0taux de TVA r\u00e9duit pour un panneau photovolta\u00efque<\/h2>\n<p style=\"text-align: justify;\"><span class=\"sw\">Les<\/span> <span class=\"sw\">installations<\/span> <span class=\"sw\">solaires<\/span> <span class=\"sw\">d&rsquo;une<\/span> <span class=\"sw\">capacit\u00e9<\/span> <span class=\"sw\">maximale<\/span> <span class=\"sw\">de<\/span> 9 <span class=\"sw\">kWc<\/span> <span class=\"sw\">peuvent<\/span> <span class=\"sw\">faire<\/span> <span class=\"sw\">l&rsquo;objet<\/span> <span class=\"sw\">d&rsquo;une<\/span> <span class=\"sw\">r\u00e9duction<\/span> <span class=\"sw\">de<\/span>\u00a0la\u00a0<span class=\"sw\">TVA. <b>Dans ce cas, le taux appliqu\u00e9 aux travaux est de 15 %. Pour toutes les installations de panneaux photovolta\u00efques d&rsquo;une puissance sup\u00e9rieure \u00e0 9 kWc, le taux de la taxe sur la valeur ajout\u00e9e est de 20 %.\u00a0<\/b><\/span><\/p>\n<h2 style=\"text-align: justify;\">Les aides locales<\/h2>\n<p style=\"text-align: justify;\"><b>En plus des aides de l\u2019\u00c9tat, <span class=\"sw\">vous<\/span> <span class=\"sw\">pouvez<\/span> <span class=\"sw\">b\u00e9n\u00e9ficier<\/span>\u00a0des subventions publiques des collectivit\u00e9s territoriales.<\/b> Elles diff\u00e8rent d&rsquo;un territoire \u00e0 l\u2019autre.<b> Pour savoir \u00e0 quelles aides pr\u00e9tendre, vous pouvez prendre contact avec :<\/b><\/p>\n<ul style=\"text-align: justify;\">\n<li>La mairie ;<\/li>\n<li>Le conseil d\u00e9partemental ;<\/li>\n<li>Le conseil r\u00e9gional ;<\/li>\n<li>L\u2019espace Info-Energie le plus proche de la r\u00e9sidence ;<\/li>\n<li>L&rsquo;Agence D\u00e9partementale d\u2019Information sur le Logement (ADIL) ;<\/li>\n<li>L\u2019ADEME<\/li>\n<\/ul>\n<p style=\"text-align: justify;\"><b>Il faut savoir qu&rsquo;en installant des panneaux solaires photovolta\u00efques, vous ne pouvez pas b\u00e9n\u00e9ficier de l\u2019Eco-Pr\u00eat \u00e0 taux z\u00e9ro.<\/b> En effet, celui-ci est valable pour les panneaux solaires thermiques seulement.<\/p>\n<p style=\"text-align: justify;\"><div class='cta-block'><div class='text'>Simulez vos aides sociales en 2 min.<\/div><a href='\u201chttps:\/\/www.mes-allocs.fr\/ab-app\u201d?origin=guides\/wp-json\/wp\/v2\/posts\/56664' class='app-button fit'>\u201cSimulation<\/a><\/div><\/p>\n<p>&nbsp;<\/p>\n<p><iframe loading=\"lazy\" src=\"\/\/www.youtube.com\/embed\/NoGjShMmCaM\" width=\"560\" height=\"314\" allowfullscreen=\"allowfullscreen\"><\/iframe><\/p>\n<h1 style=\"text-align: justify;\">Panneaux solaires : quelles sont les aides pour le thermique ?<\/h1>\n<p style=\"text-align: justify;\">Lorsque que le syst\u00e8me de chauffage de l\u2019habitation fonctionne avec une circulation d\u2019eau chaude dans les radiateurs, il est conseill\u00e9 <span class=\"sw\">d&rsquo;installer<\/span> des panneaux thermiques<b>. Il va concentrer la chaleur des rayons du soleil et permettre <span class=\"sw\">de<\/span> <span class=\"sw\">chauffer<\/span> <span class=\"sw\">l&rsquo;eau<\/span> <span class=\"sw\">conditionn\u00e9e<\/span> <span class=\"sw\">dans<\/span> <span class=\"sw\">un<\/span> <span class=\"sw\">ballon.<\/span><\/b><\/p>\n<p style=\"text-align: justify;\"><b><span class=\"sw\">Tout<\/span> <span class=\"sw\">d&rsquo;abord,<\/span> <span class=\"sw\">il<\/span> <span class=\"sw\">est<\/span> <span class=\"sw\">important<\/span> <span class=\"sw\">de<\/span> <span class=\"sw\">savoir<\/span> <span class=\"sw\">que<\/span> <span class=\"sw\">pour<\/span> <span class=\"sw\">pouvoir<\/span> <span class=\"sw\">b\u00e9n\u00e9ficier<\/span> <span class=\"sw\">d&rsquo;une<\/span> <span class=\"sw\">aide,<\/span> <span class=\"sw\">les<\/span> <span class=\"sw\">travaux<\/span> <span class=\"sw\">d&rsquo;installation<\/span> <span class=\"sw\">de<\/span> <span class=\"sw\">chauffage<\/span> <span class=\"sw\">solaire<\/span> <span class=\"sw\">doivent<\/span> <span class=\"sw\">\u00eatre<\/span> <span class=\"sw\">combin\u00e9s avec un autre dispositif :\u00a0<\/span><\/b><\/p>\n<ul style=\"text-align: justify;\">\n<li>Couplage avec un chauffe-eau solaire : <span class=\"sw\">pr\u00e9sence<\/span> <span class=\"sw\">d&rsquo;un<\/span> <span class=\"sw\">syst\u00e8me<\/span> <span class=\"sw\">solaire<\/span> <span class=\"sw\">combin\u00e9<\/span>\u00a0(<span class=\"sw\">SSC) ;<\/span><\/li>\n<li>En association avec des capteurs solaires photovolta\u00efques : le syst\u00e8me est alors mixte.<\/li>\n<\/ul>\n<h2 style=\"text-align: justify;\">MaPrimeR\u00e9nov : soutien de l&rsquo;ANAH<\/h2>\n<p style=\"text-align: justify;\"><b>Il s&rsquo;agit d&rsquo;une aide financi\u00e8re <span class=\"sw\">accessible<\/span> <span class=\"sw\">\u00e0<\/span> <span class=\"sw\">la<\/span> <span class=\"sw\">plupart<\/span> <span class=\"sw\">des<\/span> <span class=\"sw\">personnes<\/span> <span class=\"sw\">se<\/span> <span class=\"sw\">lan\u00e7ant<\/span> <span class=\"sw\">dans l\u2019installation d\u2019un chauffage solaire combin\u00e9.<\/span><\/b><\/p>\n<p style=\"text-align: justify;\"><span class=\"sw\">Si la prime est accord\u00e9e sans aucune condition de revenus, les ressources sont prises en compte pour d\u00e9terminer le montant. <b>Ainsi, le montant dont vous pourriez b\u00e9n\u00e9ficier est d\u00e9termin\u00e9 <\/b><\/span><span class=\"sw\"><b>\u00e0 partir du\u00a0revenu fiscal de r\u00e9f\u00e9rence sur le dernier avis d\u2019imposition.<\/b>\u00a0<\/span>\u00c0 noter que les plafonds de ressources <span class=\"sw\">\u00e9ligibles<\/span> <span class=\"sw\">\u00e0<\/span> <span class=\"sw\">cette<\/span> <span class=\"sw\">aide<\/span> <span class=\"sw\">varient<\/span>\u00a0en fonction de la zone g\u00e9ographique du logement (\u00cele-de-France ou en province).<\/p>\n<h2 style=\"text-align: justify;\">L\u2019emprunt travaux taux z\u00e9ro<\/h2>\n<p style=\"text-align: justify;\"><b>L\u2019\u00e9co-pr\u00eat \u00e0 taux z\u00e9ro, Eco-PTZ, est un pr\u00eat bancaire sans int\u00e9r\u00eat permettant de financer des <span class=\"sw\">r\u00e9novations<\/span> <\/b><span class=\"sw\"><b>\u00e9nerg\u00e9tiques.<\/b> Il s&rsquo;agit d&rsquo;un cr\u00e9dit gratuit \u00e0 l\u2019usage des propri\u00e9taires occupants ou bailleurs. Lorsque le logement est lou\u00e9, il doit s&rsquo;agir du logement principal. Vous avez l&rsquo;obligation de faire appel \u00e0 un sp\u00e9cialiste RGE pour effectuer les travaux d&rsquo;installation de chauffage solaire.<\/span><\/p>\n<p style=\"text-align: justify;\">Le montant du pr\u00eat accord\u00e9 a pour but de couvrir le solde des travaux d\u2019installation thermique solaire apr\u00e8s d\u00e9duction de MaPrimeR\u00e9nov. <b><span class=\"sw\">Si<\/span> <span class=\"sw\">les<\/span> <span class=\"sw\">travaux<\/span> <span class=\"sw\">concernent<\/span> <span class=\"sw\">un<\/span> <span class=\"sw\">syst\u00e8me<\/span> <span class=\"sw\">solaire<\/span> <span class=\"sw\">combin\u00e9, la somme maximale<\/span>\u00a0<span class=\"sw\">du<\/span> <span class=\"sw\">PTZ<\/span> <span class=\"sw\">est<\/span> <span class=\"sw\">de<\/span> <span class=\"sw\">25<\/span> <span class=\"sw\">000<\/span>\u00a0euros<span class=\"sw\">.<\/span> Le plafond du pr\u00eat s&rsquo;\u00e9l\u00e8ve \u00e0 50 000 euros si d\u2019autres travaux ciblant la r\u00e9duction de l\u2019impact \u00e9nerg\u00e9tique coexistent.<br \/>\n<\/b><\/p>\n<p style=\"text-align: justify;\"><span class=\"sw\">La<\/span> <span class=\"sw\">dur\u00e9e<\/span> <span class=\"sw\">maximale actuelle de l\u2019\u00e9co-PTZ est de 15 ans. Elle peut durer 20 ans pour certains biens\u00a0mobiliers dits \u00ab\u00a0passoires \u00e9nerg\u00e9tiques \u00bb.\u00a0<\/span><\/p>\n<h2 style=\"text-align: justify;\">La prime solaire CEE<\/h2>\n<p style=\"text-align: justify;\"><b>La subvention des <span class=\"sw\">distributeurs<\/span> <span class=\"sw\">d&rsquo;\u00e9nergie\u00a0<\/span>est accessible \u00e0 condition d&rsquo;alli\u00e9 le syst\u00e8me de chauffage solaire avec un chauffe-eau solaire. <\/b>L&rsquo;installation <span class=\"sw\">combin\u00e9e<\/span> <span class=\"sw\">permet<\/span> <span class=\"sw\">tout<\/span> <span class=\"sw\">d&rsquo;abord<\/span> <span class=\"sw\">de<\/span> <span class=\"sw\">r\u00e9duire<\/span> <span class=\"sw\">la<\/span> <span class=\"sw\">consommation<\/span> <span class=\"sw\">d&rsquo;eau<\/span> <span class=\"sw\">chaude du r\u00e9seau classique. <b>En plus de r\u00e9aliser des \u00e9conomies\u00a0de consommation, vous \u00eates \u00e9galement \u00e9ligible \u00e0 la prime CEE utilisable pour r\u00e9duire votre facture de travaux.<\/b><\/span><\/p>\n<p style=\"text-align: justify;\"><b>Vous disposez d&rsquo;un d\u00e9lai de 6 mois <span class=\"sw\">pour<\/span> <span class=\"sw\">demander<\/span> <span class=\"sw\">une<\/span> <span class=\"sw\">prime<\/span> <\/b><span class=\"sw\"><b>\u00e9nergie apr\u00e8s la fin des travaux.<\/b> Ce montant, qui est un remboursement,\u00a0est ensuite vers\u00e9 par virement bancaire.\u00a0\u00a0<\/span><\/p>\n<h2 style=\"text-align: justify;\">La prime Coup de pouce chauffage<\/h2>\n<p style=\"text-align: justify;\"><b><span class=\"sw\">Cette<\/span> <span class=\"sw\">aide<\/span> <span class=\"sw\">financi\u00e8re<\/span> <span class=\"sw\">consiste<\/span> <span class=\"sw\">\u00e0<\/span> <span class=\"sw\">\u00e9quiper<\/span> <span class=\"sw\">et<\/span>\u00a0\u00e0\u00a0<span class=\"sw\">installer<\/span> <span class=\"sw\">un<\/span> <span class=\"sw\">nouveau<\/span> <span class=\"sw\">syst\u00e8me<\/span> <span class=\"sw\">solaire<\/span> <span class=\"sw\">hybride<\/span> <span class=\"sw\">pour<\/span> <span class=\"sw\">remplacer<\/span> <span class=\"sw\">une<\/span> <span class=\"sw\">chaudi\u00e8re<\/span> <span class=\"sw\">\u00e0<\/span> <span class=\"sw\">charbon,<\/span> <span class=\"sw\">fioul<\/span> <span class=\"sw\">ou<\/span> <span class=\"sw\">gaz<\/span> <span class=\"sw\">dans<\/span> <span class=\"sw\">une<\/span> <span class=\"sw\">maison<\/span> <\/b><span class=\"sw\"><b>individuelle. <\/b>La somme maximale accord\u00e9e est de 4 000\u00a0euros\u00a0et varie selon les ressources du candidat.\u00a0<\/span>Il faut savoir que les capteurs solaires hybrides producteurs de chaleur et d\u2019\u00e9lectricit\u00e9 <span class=\"sw\">sont<\/span> <span class=\"sw\">exclus<\/span> <span class=\"sw\">de<\/span> <span class=\"sw\">cette<\/span> <span class=\"sw\">aide.<\/span><\/p>\n<h2 style=\"text-align: justify;\">Une r\u00e9duction de la TVA<\/h2>\n<p><span style=\"font-weight: 400;\"><strong>Nouveaut\u00e9 2025 :<\/strong> Depuis 2025, la TVA sur l\u2019achat et l\u2019installation des chaudi\u00e8res \u00e0 gaz a \u00e9t\u00e9 port\u00e9e \u00e0 20 %, dans le respect de la l\u00e9gislation europ\u00e9enne, en remplacement des anciens taux r\u00e9duits de 5,5 % ou 10 %. Les travaux de maintenance et de r\u00e9paration sur les chaudi\u00e8res existantes b\u00e9n\u00e9ficient encore des taux r\u00e9duits.<\/span><\/p>\n<p style=\"text-align: justify;\"><b>La livraison et la pose d\u2019une installation de panneaux solaires photovolta\u00efques\u00a0b\u00e9n\u00e9ficie d\u2019une TVA r\u00e9duite \u00e0 5,5 % depuis le 1er octobre 2025. <\/b>Cette derni\u00e8re <span class=\"sw\">est<\/span> <span class=\"sw\">appliqu\u00e9e<\/span> <span class=\"sw\">directement<\/span> <span class=\"sw\">sur<\/span> <span class=\"sw\">les<\/span> <span class=\"sw\">mat\u00e9riaux<\/span> <span class=\"sw\">et<\/span> <span class=\"sw\">la<\/span> <span class=\"sw\">main-d&rsquo;\u0153uvre<\/span> <span class=\"sw\">de<\/span> <span class=\"sw\">l&rsquo;entreprise<\/span> <span class=\"sw\">ex\u00e9cutant<\/span> <span class=\"sw\">les<\/span> <span class=\"sw\">travaux.\u00a0<\/span><span class=\"sw\">Vous<\/span> <span class=\"sw\">n&rsquo;avez<\/span> <span class=\"sw\">aucune<\/span> <span class=\"sw\">d\u00e9marche<\/span> <span class=\"sw\">particuli\u00e8re<\/span> <span class=\"sw\">\u00e0<\/span> <span class=\"sw\">faire.<\/span><\/p>\n<p>Voici les conditions pour b\u00e9n\u00e9ficier d&rsquo;une TVA r\u00e9duite \u00e0 5,5 % :<\/p>\n<ul>\n<li aria-level=\"1\">Une empreinte carbone inf\u00e9rieure \u00e0 530 kgCO\u2082eq\/kWc ;<\/li>\n<li aria-level=\"1\">Teneur limit\u00e9e en m\u00e9taux lourds (argent &lt; 14 mg\/W, plomb &lt; 0,1 %, cadmium &lt; 0,01 %) ;<\/li>\n<li aria-level=\"1\">La pr\u00e9sence d\u2019un syst\u00e8me de gestion de l\u2019\u00e9nergie (EMS), pour synchroniser la production solaire avec la consommation du logement (chauffage, eau chaude, borne de recharge\u2026) ;<\/li>\n<li aria-level=\"1\">Une certification obligatoire par un organisme accr\u00e9dit\u00e9 selon les normes europ\u00e9ennes (EN ISO 17065 et EN ISO 17025).<\/li>\n<li aria-level=\"1\">Une puissance inf\u00e9rieure ou \u00e9gale \u00e0 9 kWc.<\/li>\n<\/ul>\n<h2 style=\"text-align: justify;\">Le ch\u00e8que \u00e9nergie<\/h2>\n<p style=\"text-align: justify;\"><b>Il est possible d&rsquo;utiliser ce dispositif pour financer des travaux d\u2019installation d\u2019un chauffage solaire. Cette aide variant de 48 euros \u00e0 277 euros, est attribu\u00e9e sous conditions de ressources.<\/b> Aucune d\u00e9marche n&rsquo;est n\u00e9cessaire. <span class=\"sw\">Les<\/span> <span class=\"sw\">autorit\u00e9s<\/span> <span class=\"sw\">fiscales<\/span> <span class=\"sw\">dressent<\/span> <span class=\"sw\">une<\/span> <span class=\"sw\">liste<\/span> <span class=\"sw\">des<\/span> <span class=\"sw\">personnes<\/span> <span class=\"sw\">\u00e9ligibles<\/span> <span class=\"sw\">sur<\/span> <span class=\"sw\">la<\/span> <span class=\"sw\">base<\/span> <span class=\"sw\">des<\/span> <span class=\"sw\">d\u00e9clarations<\/span> <span class=\"sw\">de<\/span> <span class=\"sw\">revenus. Voici les montants selon la composition du foyer :\u00a0<\/span><\/p>\n<ul>\n<li data-start=\"2742\" data-end=\"2893\"><strong data-start=\"2744\" data-end=\"2762\">Personne seule<\/strong>\n<ul data-start=\"2770\" data-end=\"2893\">\n<li data-start=\"2770\" data-end=\"2823\">194 \u20ac si le revenu fiscal est inf\u00e9rieur \u00e0 5 700 \u20ac<\/li>\n<li data-start=\"2829\" data-end=\"2893\">48 \u20ac si le revenu fiscal est compris entre 7 850 et 11 000 \u20ac<\/li>\n<\/ul>\n<\/li>\n<li data-start=\"2897\" data-end=\"3038\"><strong data-start=\"2899\" data-end=\"2926\">Foyer de deux personnes<\/strong>\n<ul data-start=\"2934\" data-end=\"3038\">\n<li data-start=\"2934\" data-end=\"2978\">240 \u20ac pour un revenu inf\u00e9rieur \u00e0 5 700 \u20ac<\/li>\n<li data-start=\"2984\" data-end=\"3038\">63 \u20ac si le revenu se situe entre 7 850 et 11 000 \u20ac<\/li>\n<\/ul>\n<\/li>\n<li data-start=\"3042\" data-end=\"3192\"><strong data-start=\"3044\" data-end=\"3080\">Foyer de trois personnes ou plus<\/strong>\n<ul data-start=\"3088\" data-end=\"3192\">\n<li data-start=\"3088\" data-end=\"3136\">277 \u20ac pour les revenus en dessous de 5 700 \u20ac<\/li>\n<li data-start=\"3142\" data-end=\"3192\">76 \u20ac pour ceux compris entre 7 850 et 11 000 \u20ac<\/li>\n<\/ul>\n<\/li>\n<\/ul>\n<p style=\"text-align: justify;\">En tant que b\u00e9n\u00e9ficiaire, vous recevez <a href=\"https:\/\/www.mes-allocs.fr\/guides\/aide-energie\/aide-cheque-energie\/\" target=\"_blank\" rel=\"noopener\">le ch\u00e8que \u00e9nergie<\/a> directement au domicile et vous pouvez payer une partie des travaux de chauffage solaire <span class=\"sw\">\u00e0<\/span> <span class=\"sw\">condition<\/span> <span class=\"sw\">qu&rsquo;ils<\/span> <span class=\"sw\">soient r\u00e9alis\u00e9s par une entreprise RGE.\u00a0<\/span><\/p>\n<p><strong>Nouveaut\u00e9 2025 :<\/strong> En 2025, les b\u00e9n\u00e9ficiaires du ch\u00e8que \u00e9nergie continueront de le recevoir automatiquement. Son versement est pr\u00e9vu pour le second semestre. Cependant, \u00e0 partir de cette date, il ne pourra plus \u00eatre utilis\u00e9 pour financer des travaux de r\u00e9novation \u00e9nerg\u00e9tique. Il servira uniquement \u00e0 payer les factures d\u2019\u00e9lectricit\u00e9, de gaz, fioul et bois.<\/p>\n<h2 style=\"text-align: justify;\">Les dispositifs locaux pour les panneaux solaires<\/h2>\n<p style=\"text-align: justify;\"><b>En plus des <a href=\"https:\/\/www.mes-allocs.fr\/guides\/aide-energie\/\" target=\"_blank\" rel=\"noopener\">aides de l\u2019\u00c9tat<\/a>, <span class=\"sw\">vous<\/span> <span class=\"sw\">pouvez<\/span> <span class=\"sw\">b\u00e9n\u00e9ficier<\/span>\u00a0des subventions publiques des collectivit\u00e9s territoriales. <\/b>Elles diff\u00e8rent d&rsquo;un territoire \u00e0 l\u2019autre. <b>Pour savoir \u00e0 quelles aides pr\u00e9tendre, vous pouvez prendre contact avec :<\/b><\/p>\n<ul>\n<li style=\"text-align: justify;\">La mairie ;<\/li>\n<li style=\"text-align: justify;\">Le conseil d\u00e9partemental ;<\/li>\n<li style=\"text-align: justify;\">Le conseil r\u00e9gional ;<\/li>\n<li style=\"text-align: justify;\">L\u2019espace Info-Energie le plus proche de la r\u00e9sidence ;<\/li>\n<li style=\"text-align: justify;\">L&rsquo;Agence D\u00e9partementale d\u2019Information sur le Logement (ADIL) ;<\/li>\n<li style=\"text-align: justify;\">L\u2019ADEME.<\/li>\n<\/ul>\n<h1>Aide panneaux solaires 2025<\/h1>\n<p>En 2023, les aides pour l&rsquo;achat et la pose de panneaux solaires diff\u00e8rent en fonction de si vous choisissez des panneaux solaires photovolta\u00efques ou thermiques.<\/p>\n<h2>Les aides pour les panneaux solaires photovolta\u00efques en 2025<\/h2>\n<p>En ce qui concerne le\u00a0photovolta\u00efque, vous avez le droit \u00e0 diff\u00e9rentes aides de l&rsquo;Etat :<\/p>\n<ul>\n<li>La prime photovolta\u00efque<\/li>\n<li>Les tarifs d\u2019achat photovolta\u00efque<\/li>\n<li>Le\u00a0taux de TVA r\u00e9duit pour un panneau photovolta\u00efque<\/li>\n<\/ul>\n<h2>Les aides pour les panneaux solaires thermiques en 2025<\/h2>\n<p>En ce qui concerne le photovolta\u00efque, vous avez le droit \u00e0 diff\u00e9rentes aides de l&rsquo;Etat et d&rsquo;autres organismes au niveau national :<\/p>\n<ul>\n<li>MaPrimeR\u00e9nov : soutien de l&rsquo;ANAH<\/li>\n<li>L\u2019emprunt travaux taux z\u00e9ro, aussi appel\u00e9 l\u2019\u00e9co-PTZ<\/li>\n<li>La prime solaire CEE<\/li>\n<li>La prime Coup de pouce chauffage<\/li>\n<li>Une r\u00e9duction de la TVA<\/li>\n<li>Le ch\u00e8que \u00e9nergie<\/li>\n<\/ul>\n<h2>Les aides locales pour les panneaux solaires photovolta\u00efques et thermiques en 2025<\/h2>\n<p>Que ce soit pour la pose et l&rsquo;installation de panneaux solaires photovolta\u00efques ou thermiques, vous avez aussi droit \u00e0 des aides locales, de votre r\u00e9gion ou de votre d\u00e9partement. Pour connaitre ces aides, adressez-vous :<\/p>\n<ul style=\"text-align: justify;\">\n<li>\u00e0 la mairie de votre commune ;<\/li>\n<li>au conseil d\u00e9partemental ;<\/li>\n<li>au conseil r\u00e9gional ;<\/li>\n<li>\u00e0 l&rsquo;espace Info-Energie le plus proche de votre r\u00e9sidence ;<\/li>\n<li>\u00e0 L&rsquo;Agence D\u00e9partementale d\u2019Information sur le Logement (ADIL) ;<\/li>\n<li>\u00e0 L\u2019ADEME<\/li>\n<\/ul>\n","protected":false},"excerpt":{"rendered":"<p>En 2025, de plus en plus de personnes s&rsquo;orientent vers l&rsquo;\u00e9nergie solaire pour r\u00e9duire leurs factures d&rsquo;\u00e9lectricit\u00e9 et d&rsquo;eau tout en se joignant \u00e0 un effort collectif pour restreindre\u00a0l&rsquo;impact n\u00e9gatif de l&rsquo;humain sur\u00a0l&rsquo;environnement. Peu importe le type de panneaux solaires, son co\u00fbt\u00a0d&rsquo;installation est cons\u00e9quent et il est important de savoir que\u00a0plusieurs aides \u00e9nergie sont disponibles.\u00a0En [&hellip;]<\/p>\n","protected":false},"author":14,"featured_media":56729,"comment_status":"closed","ping_status":"open","sticky":false,"template":"","format":"standard","meta":{"amp_status":"","footnotes":""},"categories":[5515],"tags":[],"class_list":["post-56664","post","type-post","status-publish","format-standard","has-post-thumbnail","hentry","category-aide-energie"],"yoast_head":"<!-- This site is optimized with the Yoast SEO plugin v14.9 - https:\/\/yoast.com\/wordpress\/plugins\/seo\/ -->\n<title>Aide panneaux solaires : conditions, montant, d\u00e9marches | Mes-Allocs.fr<\/title>\n<meta name=\"description\" content=\"Peu importe le type de panneaux solaires, son co\u00fbt\u00a0d&#039;installation est cons\u00e9quent, mais vous pouvez b\u00e9n\u00e9ficier d&#039;aides financi\u00e8res.\" \/>\n<meta name=\"robots\" content=\"index, follow, max-snippet:-1, max-image-preview:large, max-video-preview:-1\" \/>\n<link rel=\"canonical\" href=\"https:\/\/www.mes-allocs.fr\/guides\/aide-energie\/aide-panneaux-solaires\/\" \/>\n<meta property=\"og:locale\" content=\"fr_FR\" \/>\n<meta property=\"og:type\" content=\"article\" \/>\n<meta property=\"og:title\" content=\"Aide panneaux solaires : conditions, montant, d\u00e9marches | Mes-Allocs.fr\" \/>\n<meta property=\"og:description\" content=\"Peu importe le type de panneaux solaires, son co\u00fbt\u00a0d&#039;installation est cons\u00e9quent, mais vous pouvez b\u00e9n\u00e9ficier d&#039;aides financi\u00e8res.\" \/>\n<meta property=\"og:url\" content=\"https:\/\/www.mes-allocs.fr\/guides\/aide-energie\/aide-panneaux-solaires\/\" \/>\n<meta property=\"og:site_name\" content=\"Mes-Allocs.fr\" \/>\n<meta property=\"article:published_time\" content=\"2022-10-27T09:50:39+00:00\" \/>\n<meta property=\"article:modified_time\" content=\"2025-11-12T16:23:43+00:00\" \/>\n<meta property=\"og:image\" content=\"https:\/\/www.mes-allocs.fr\/guides\/wp-content\/uploads\/2022\/10\/Aide-panneaux-solaires-3.jpeg?wsr\" \/>\n\t<meta property=\"og:image:width\" content=\"612\" \/>\n\t<meta property=\"og:image:height\" content=\"334\" \/>\n<meta name=\"twitter:card\" content=\"summary_large_image\" \/>\n<script type=\"application\/ld+json\" class=\"yoast-schema-graph\">{\"@context\":\"https:\/\/schema.org\",\"@graph\":[{\"@type\":\"WebSite\",\"@id\":\"https:\/\/www.mes-allocs.fr\/guides\/#website\",\"url\":\"https:\/\/www.mes-allocs.fr\/guides\/\",\"name\":\"Mes-Allocs.fr\",\"description\":\"\",\"potentialAction\":[{\"@type\":\"SearchAction\",\"target\":\"https:\/\/www.mes-allocs.fr\/guides\/?s={search_term_string}\",\"query-input\":\"required name=search_term_string\"}],\"inLanguage\":\"fr-FR\"},{\"@type\":\"ImageObject\",\"@id\":\"https:\/\/www.mes-allocs.fr\/guides\/aide-energie\/aide-panneaux-solaires\/#primaryimage\",\"inLanguage\":\"fr-FR\",\"url\":\"https:\/\/www.mes-allocs.fr\/guides\/wp-content\/uploads\/2022\/10\/Aide-panneaux-solaires-3.jpeg?wsr\",\"width\":612,\"height\":334,\"caption\":\"Aide panneaux solaires\"},{\"@type\":\"WebPage\",\"@id\":\"https:\/\/www.mes-allocs.fr\/guides\/aide-energie\/aide-panneaux-solaires\/#webpage\",\"url\":\"https:\/\/www.mes-allocs.fr\/guides\/aide-energie\/aide-panneaux-solaires\/\",\"name\":\"Aide panneaux solaires : conditions, montant, d\\u00e9marches | Mes-Allocs.fr\",\"isPartOf\":{\"@id\":\"https:\/\/www.mes-allocs.fr\/guides\/#website\"},\"primaryImageOfPage\":{\"@id\":\"https:\/\/www.mes-allocs.fr\/guides\/aide-energie\/aide-panneaux-solaires\/#primaryimage\"},\"datePublished\":\"2022-10-27T09:50:39+00:00\",\"dateModified\":\"2025-11-12T16:23:43+00:00\",\"author\":{\"@id\":\"https:\/\/www.mes-allocs.fr\/guides\/#\/schema\/person\/a3de97298fd0ffc005ebdd5628b03ca8\"},\"description\":\"Peu importe le type de panneaux solaires, son co\\u00fbt\\u00a0d'installation est cons\\u00e9quent, mais vous pouvez b\\u00e9n\\u00e9ficier d'aides financi\\u00e8res.\",\"inLanguage\":\"fr-FR\"},{\"@type\":\"Person\",\"@id\":\"https:\/\/www.mes-allocs.fr\/guides\/#\/schema\/person\/a3de97298fd0ffc005ebdd5628b03ca8\",\"name\":\"Marina Ada Ondo\",\"image\":{\"@type\":\"ImageObject\",\"@id\":\"https:\/\/www.mes-allocs.fr\/guides\/#personlogo\",\"inLanguage\":\"fr-FR\",\"url\":\"https:\/\/www.mes-allocs.fr\/guides\/wp-content\/uploads\/2022\/02\/Photo-de-profil-150x150.png\",\"caption\":\"Marina Ada Ondo\"},\"description\":\"Marina est r\\u00e9dactrice au sein de l'\\u00e9quipe Mes Allocs, sp\\u00e9cialis\\u00e9e sur les aides aux jeunes. Dipl\\u00f4m\\u00e9e de l'ISFJ, elle rejoint Mes Allocs apr\\u00e8s une premi\\u00e8re exp\\u00e9rience en communication chez Little Africa, une agence de communication \\u00e0 Paris. Sur son temps libre, Marina lit beaucoup et passe ses dimanches au mus\\u00e9e.\",\"sameAs\":[\"https:\/\/www.linkedin.com\/in\/marinaadaondo\/\"]}]}<\/script>\n<!-- \/ Yoast SEO plugin. -->","amp_validity":null,"acf":{"faq":{"1":{"question":"Quel sont les aides pour les panneaux solaires ?","answer":"Afin de conna\u00eetre les aides pour les panneaux solaires, il est possible de consulter notre article d\u00e9di\u00e9. "},"2":{"question":"Est-il encore int\u00e9ressant d'installer des panneaux photovolta\u00efques ?","answer":"En 2022, il est rentable d'investir dans des panneaux solaires pour produire de l'\u00e9lectricit\u00e9. \u00c0 condition toutefois d'opter pour la bonne installation et de r\u00e9pondre \u00e0 certains crit\u00e8res (inclinaison de la toiture, formes des tuiles, taux d'ensoleillement, trop de zones ombrag\u00e9es, etc.)"},"3":{"question":"Quels sont les inconv\u00e9nients des panneaux photovolta\u00efques ?","answer":"Ils ne peuvent \u00e9quiper toutes les maisons, car ils n\u00e9cessitent une certaine exposition pour fonctionner pleinement et leur dur\u00e9e de vie est d\u2019environ 20 ans, mais seulement d\u2019une dizaine d\u2019ann\u00e9es pour l\u2019ondulateur."},"4":{"question":"Quel est le co\u00fbt d'une installation photovolta\u00efque ?","answer":"Le prix \u00e0 l'achat des panneaux solaires photovolta\u00efques a beaucoup baiss\u00e9 ces derni\u00e8res ann\u00e9es. Aujourd'hui, pour une installation de taille moyenne avec une puissance de 9 kWc, il faut compter entre 9 000 euros et 15 000 euros."},"5":{"question":"Quelle est la dur\u00e9e de vie d'une installation solaire ?","answer":"Lorsqu'ils sont conformes aux normes fran\u00e7aises et europ\u00e9ennes, les panneaux ont une dur\u00e9e de vie de 30 ans en moyenne."},"6":{"question":"Quelle est la diff\u00e9rence entre un panneau solaire et un panneau photovolta\u00efque ?","answer":"Un panneau solaire transforme l'\u00e9nergie solaire en chaleur. On l'utilise pour avoir de l'eau chaude sanitaire et pour certains cas de chauffage domestique. Un panneau photovolta\u00efque transforme la lumi\u00e8re du soleil en \u00e9lectricit\u00e9."},"7":{"question":"","answer":""},"8":{"question":"","answer":""},"9":{"question":"","answer":""},"10":{"question":"","answer":""},"11":{"question":"","answer":""},"12":{"question":"","answer":""},"13":{"question":"","answer":""},"14":{"question":"","answer":""},"15":{"question":"","answer":""},"16":{"question":"","answer":""}}},"_links":{"self":[{"href":"https:\/\/www.mes-allocs.fr\/guides\/wp-json\/wp\/v2\/posts\/56664","targetHints":{"allow":["GET"]}}],"collection":[{"href":"https:\/\/www.mes-allocs.fr\/guides\/wp-json\/wp\/v2\/posts"}],"about":[{"href":"https:\/\/www.mes-allocs.fr\/guides\/wp-json\/wp\/v2\/types\/post"}],"author":[{"embeddable":true,"href":"https:\/\/www.mes-allocs.fr\/guides\/wp-json\/wp\/v2\/users\/14"}],"replies":[{"embeddable":true,"href":"https:\/\/www.mes-allocs.fr\/guides\/wp-json\/wp\/v2\/comments?post=56664"}],"version-history":[{"count":23,"href":"https:\/\/www.mes-allocs.fr\/guides\/wp-json\/wp\/v2\/posts\/56664\/revisions"}],"predecessor-version":[{"id":105673,"href":"https:\/\/www.mes-allocs.fr\/guides\/wp-json\/wp\/v2\/posts\/56664\/revisions\/105673"}],"wp:featuredmedia":[{"embeddable":true,"href":"https:\/\/www.mes-allocs.fr\/guides\/wp-json\/wp\/v2\/media\/56729"}],"wp:attachment":[{"href":"https:\/\/www.mes-allocs.fr\/guides\/wp-json\/wp\/v2\/media?parent=56664"}],"wp:term":[{"taxonomy":"category","embeddable":true,"href":"https:\/\/www.mes-allocs.fr\/guides\/wp-json\/wp\/v2\/categories?post=56664"},{"taxonomy":"post_tag","embeddable":true,"href":"https:\/\/www.mes-allocs.fr\/guides\/wp-json\/wp\/v2\/tags?post=56664"}],"curies":[{"name":"wp","href":"https:\/\/api.w.org\/{rel}","templated":true}]}}