{"id":565,"date":"2019-07-17T12:24:33","date_gmt":"2019-07-17T12:24:33","guid":{"rendered":"https:\/\/www.mes-allocs.fr\/guides\/?p=565"},"modified":"2025-06-25T18:30:15","modified_gmt":"2025-06-25T16:30:15","slug":"acs-mutuelle","status":"publish","type":"post","link":"https:\/\/www.mes-allocs.fr\/guides\/aides-sante\/acs\/acs-mutuelle\/","title":{"rendered":"ACS &#038; mutuelle : comment le dispositif fonctionne-t-il ?"},"content":{"rendered":"<p style=\"text-align: justify;\"><img loading=\"lazy\" decoding=\"async\" class=\"alignnone wp-image-567 size-full\" src=\"https:\/\/www.mes-allocs.fr\/guides\/wp-content\/uploads\/2019\/07\/mutuelle-001-e1563554874831.jpg\" alt=\"acs et mutuelle\" width=\"1280\" height=\"387\" srcset=\"https:\/\/www.mes-allocs.fr\/guides\/wp-content\/uploads\/2019\/07\/mutuelle-001-e1563554874831.jpg 1280w, https:\/\/www.mes-allocs.fr\/guides\/wp-content\/uploads\/2019\/07\/mutuelle-001-e1563554874831-300x91.jpg 300w, https:\/\/www.mes-allocs.fr\/guides\/wp-content\/uploads\/2019\/07\/mutuelle-001-e1563554874831-768x232.jpg 768w, https:\/\/www.mes-allocs.fr\/guides\/wp-content\/uploads\/2019\/07\/mutuelle-001-e1563554874831-1024x310.jpg 1024w, https:\/\/www.mes-allocs.fr\/guides\/wp-content\/uploads\/2019\/07\/mutuelle-001-e1563554874831-600x181.jpg 600w\" sizes=\"auto, (max-width: 1280px) 100vw, 1280px\" \/><span style=\"font-size: 12pt;\">L\u2019aide \u00e0 la Compl\u00e9mentaire Sant\u00e9 (ACS) est une <a href=\"https:\/\/www.mes-allocs.fr\/guides\/aides-sante\">aide \u00e0 la sant\u00e9<\/a> qui vous est vers\u00e9e par la Caisse d\u2019Assurance Maladie, pour vous permettre de b\u00e9n\u00e9ficier d\u2019une mutuelle. Mais comment le dispositif fonctionne-t-il ? Explications.<\/span><\/p>\n<p style=\"text-align: justify;\"><strong>Mise \u00e0 jour 15\/06\/2022 : l&rsquo;ACS a \u00e9t\u00e9 supprim\u00e9e et remplac\u00e9e par la Compl\u00e9mentaire Sant\u00e9 Solidaire (CSS).<\/strong><\/p>\n<div class='cta-block'><div class='text'>Simulez toutes vos Aides Sociales en 2 min. Gratuit.<\/div><a href='https:\/\/www.mes-allocs.fr\/ab-app?origin=guides\/wp-json\/wp\/v2\/posts\/565' class='app-button fit'>Simulation gratuite<\/a><\/div>\n<h1 style=\"text-align: justify;\"><b>Comment se manifeste l\u2019ACS pour votre mutuelle ?<\/b><\/h1>\n<p style=\"text-align: justify;\"><span style=\"font-weight: 400;\">L\u2019ACS est une aide au paiement des d\u00e9penses de sant\u00e9. Elle est en r\u00e9alit\u00e9 une <\/span><b>attestation-ch\u00e8que<\/b><span style=\"font-weight: 400;\">. Celle-ci, qui s&rsquo;\u00e9l\u00e8ve au montant d\u2019ACS, auquel vous pouvez pr\u00e9tendre, est \u00e0 remettre \u00e0 votre mutuelle ou \u00e0 celle que vous choisissez. Cependant, cette mutuelle n\u2019est pas \u00e0 choisir au hasard : vous devez opter pour une mutuelle qui fait partie des <\/span><b>contrats homologu\u00e9s<\/b><span style=\"font-weight: 400;\"> s\u00e9lectionn\u00e9es par l\u2019\u00c9tat. <\/span><\/p>\n<p style=\"text-align: justify;\"><span style=\"font-weight: 400;\">Ces compl\u00e9mentaires sant\u00e9 sont choisies selon le rapport qualit\u00e9\/prix qu\u2019elles proposent.<\/span><\/p>\n<p style=\"text-align: justify;\"><span style=\"font-weight: 400;\">Si vous avez d\u00e9j\u00e0 une mutuelle et que votre contrat n\u2019est pas sur la liste des contrats homologu\u00e9s de l\u2019\u00c9tat, vous pouvez le faire \u00e9voluer en contrat homologu\u00e9 si votre mutuelle le propose. Sinon, vous devez r\u00e9silier votre contrat et choisir une compl\u00e9mentaire sant\u00e9 parmi les contrats homologu\u00e9s.<\/span><\/p>\n<p style=\"text-align: justify;\"><span style=\"font-weight: 400;\">L\u2019ACS \u00e9tant destin\u00e9e \u00e0 vous aider dans le paiement d&rsquo;une compl\u00e9mentaire sant\u00e9, elle n\u2019est pas vers\u00e9e pour votre foyer tout entier, mais bien \u00e0 <\/span><b>chaque membre de votre m\u00e9nage<\/b><span style=\"font-weight: 400;\">. Ainsi, la personne avec laquelle vous vivez en couple, vos enfants, ou encore toute autre personne \u00e2g\u00e9e de moins de 25 ans \u00e0 charge (sous certaines conditions) peut percevoir l\u2019ACS. Le montant de l\u2019ACS varie selon votre \u00e2ge.<\/span><\/p>\n<h1>Montant de l&rsquo;ACS<\/h1>\n<p style=\"text-align: justify;\"><span style=\"font-weight: 400;\">Montant de l\u2019ACS en fonction de l\u2019\u00e2ge :<\/span><\/p>\n<table style=\"border-collapse: collapse; width: 44.214%;\">\n<tbody>\n<tr style=\"height: 80px;\">\n<td style=\"height: 80px; width: 22.8166%; text-align: center; background-color: #d8e6f2; border: 1px solid black;\"><strong>Age du b\u00e9n\u00e9ficiaire<\/strong><\/td>\n<td style=\"height: 80px; width: 21.2882%; text-align: center; background-color: #d8e6f2; border: 1px solid black;\"><strong>Montant de l\u2019aide<\/strong><\/td>\n<\/tr>\n<tr style=\"height: 56px;\">\n<td style=\"height: 56px; width: 22.8166%; text-align: center; border: 1px solid black;\"><span style=\"font-weight: 400;\">Moins de 16 ans<\/span><\/td>\n<td style=\"height: 56px; width: 21.2882%; text-align: center; border: 1px solid black;\"><span style=\"font-weight: 400;\">100 \u20ac<\/span><\/td>\n<\/tr>\n<tr style=\"height: 56px;\">\n<td style=\"height: 56px; width: 22.8166%; text-align: center; border: 1px solid black;\"><span style=\"font-weight: 400;\">De 16 \u00e0 49 ans<\/span><\/td>\n<td style=\"height: 56px; width: 21.2882%; text-align: center; border: 1px solid black;\"><span style=\"font-weight: 400;\">200 \u20ac<\/span><\/td>\n<\/tr>\n<tr style=\"height: 56px;\">\n<td style=\"height: 56px; width: 22.8166%; text-align: center; border: 1px solid black;\"><span style=\"font-weight: 400;\">De 50 \u00e0 59 ans<\/span><\/td>\n<td style=\"height: 56px; width: 21.2882%; text-align: center; border: 1px solid black;\"><span style=\"font-weight: 400;\">350 \u20ac<\/span><\/td>\n<\/tr>\n<tr style=\"height: 56px;\">\n<td style=\"height: 56px; width: 22.8166%; text-align: center; border: 1px solid black;\"><span style=\"font-weight: 400;\">60 ans et plus<\/span><\/td>\n<td style=\"height: 56px; width: 21.2882%; text-align: center; border: 1px solid black;\"><span style=\"font-weight: 400;\">550 \u20ac<\/span><\/td>\n<\/tr>\n<\/tbody>\n<\/table>\n<p style=\"text-align: justify;\"><span style=\"font-weight: 400;\">En pratique, chacun re\u00e7oit l\u2019ACS sous forme d\u2019attestation-ch\u00e8que \u00e0 hauteur du montant auquel vous \u00eates \u00e9ligible. Cette attestation-ch\u00e8que est \u00e0 remettre \u00e0 un organisme compl\u00e9mentaire.<\/span><span style=\"font-weight: 400;\">\u00a0<\/span><\/p>\n<p style=\"text-align: justify;\"><span style=\"font-weight: 400;\">La d\u00e9marche varie quelque peu si vous avez d\u00e9j\u00e0 une mutuelle, ou si vous souhaitez en acqu\u00e9rir une :<\/span><\/p>\n<ul style=\"text-align: justify;\">\n<li style=\"font-weight: 400;\"><span style=\"font-weight: 400;\">Si vous <\/span><b>avez d\u00e9j\u00e0 une mutuelle<\/b><span style=\"font-weight: 400;\">, vous avez <\/span><b>6 mois<\/b><span style=\"font-weight: 400;\"> pour remettre l\u2019attestation-ch\u00e8que de l\u2019ACS \u00e0 votre mutuelle (organisme compl\u00e9mentaire).<\/span><\/li>\n<li style=\"font-weight: 400;\"><span style=\"font-weight: 400;\">Si vous n\u2019ave<\/span><b>z pas de mutuelle<\/b><span style=\"font-weight: 400;\">, vous avez <\/span><b>6 mois<\/b><span style=\"font-weight: 400;\"> pour remettre l\u2019attestation-ch\u00e8que \u00e0 un organisme compl\u00e9mentaire. Vous devez choisir une mutuelle proposant un contrat homologu\u00e9.<\/span><\/li>\n<\/ul>\n<p style=\"text-align: justify;\"><span style=\"font-weight: 400;\"> <iframe loading=\"lazy\" src=\"\/\/www.youtube.com\/embed\/pDAq1hv_k-4\" width=\"560\" height=\"314\" allowfullscreen=\"allowfullscreen\"><\/iframe><\/span><\/p>\n<div class='cta-block'><div class='text'>Simulez toutes vos Aides Sociales en 2 min. Gratuit.<\/div><a href='https:\/\/www.mes-allocs.fr\/ab-app?origin=guides\/wp-json\/wp\/v2\/posts\/565' class='app-button fit'>Simulation gratuite<\/a><\/div>\n<h1 style=\"text-align: justify;\"><b>Pouvez-vous b\u00e9n\u00e9ficier de l\u2019ACS ?<\/b><\/h1>\n<h2 style=\"text-align: justify;\"><b>Les conditions de ressources pour b\u00e9n\u00e9ficier de l\u2019ACS<\/b><\/h2>\n<div id=\"attachment_568\" style=\"width: 339px\" class=\"wp-caption alignright\"><img loading=\"lazy\" decoding=\"async\" aria-describedby=\"caption-attachment-568\" class=\" wp-image-568\" src=\"https:\/\/www.mes-allocs.fr\/guides\/wp-content\/uploads\/2019\/07\/euros.jpg\" alt=\"acs mutuelle\" width=\"329\" height=\"208\" srcset=\"https:\/\/www.mes-allocs.fr\/guides\/wp-content\/uploads\/2019\/07\/euros.jpg 871w, https:\/\/www.mes-allocs.fr\/guides\/wp-content\/uploads\/2019\/07\/euros-300x189.jpg 300w, https:\/\/www.mes-allocs.fr\/guides\/wp-content\/uploads\/2019\/07\/euros-768x485.jpg 768w, https:\/\/www.mes-allocs.fr\/guides\/wp-content\/uploads\/2019\/07\/euros-600x379.jpg 600w\" sizes=\"auto, (max-width: 329px) 100vw, 329px\" \/><p id=\"caption-attachment-568\" class=\"wp-caption-text\">Attention aux plafonds de ressources !<\/p><\/div>\n<p style=\"text-align: justify;\"><span style=\"font-weight: 400;\">Les b\u00e9n\u00e9ficiaires de l&rsquo; ACS sont soumis \u00e0 des conditions de ressources. Vos ressources ne doivent d\u00e9passer certains <\/span><a href=\"https:\/\/www.mes-allocs.fr\/guides\/aides-sante\/acs\/plafond-acs\"><span style=\"font-weight: 400;\">plafonds <\/span><\/a><span style=\"font-weight: 400;\">qui varient selon la composition de votre foyer. Les ressources calcul\u00e9es sont celles des 12 mois pr\u00e9c\u00e9dent la demande.<\/span><\/p>\n<p style=\"text-align: justify;\"><i><span style=\"font-weight: 400;\">Exemple : si vous effectuez une demande d\u2019ACS le 27 novembre 2019, les ressources \u00e9valu\u00e9es sont celles allant du 1<\/span><\/i><i><span style=\"font-weight: 400;\">er<\/span><\/i><i><span style=\"font-weight: 400;\"> novembre 2018 au 31 octobre 2019.<\/span><\/i><\/p>\n<p style=\"text-align: justify;\"><b>Attention<\/b><span style=\"font-weight: 400;\"> : les revenus de vos capitaux et qui soumis \u00e0 l\u2019imp\u00f4t sur le revenu sont \u00e9valu\u00e9s sur l\u2019avant-derni\u00e8re ann\u00e9e civile seront pris en compte.<\/span><\/p>\n<p style=\"text-align: justify;\"><i><span style=\"font-weight: 400;\">Exemple : pour la m\u00eame demande d\u2019ACS, le 20 septembre 2019, les revenus procur\u00e9s par vos capitaux pris en compte seront ceux de l\u2019ann\u00e9e civile (du 1<\/span><\/i><i><span style=\"font-weight: 400;\">er<\/span><\/i><i><span style=\"font-weight: 400;\"> janvier au 31 d\u00e9cembre) 2017.<\/span><\/i><\/p>\n<p style=\"text-align: justify;\"><i><span style=\"font-weight: 400;\">\u00a0<\/span><\/i><\/p>\n<p style=\"text-align: justify;\"><i><span style=\"font-weight: 400;\">\u00a0<\/span><\/i><\/p>\n<p style=\"text-align: justify;\"><i><span style=\"font-weight: 400;\">\u00a0<\/span><\/i><\/p>\n<h2 style=\"text-align: justify;\"><b>Plafonds de l\u2019ACS 2019<\/b><\/h2>\n<p style=\"text-align: justify;\"><span style=\"font-weight: 400;\">L\u2019attribution de l\u2019ACS d\u00e9pend de vos ressources qui, doivent respecter certains plafonds. Ceux-ci \u00e9voluent selon la composition de votre foyer.<\/span><span style=\"font-weight: 400;\">\u00a0<\/span><\/p>\n<p style=\"text-align: justify;\"><span style=\"font-weight: 400;\">Plafonds de ressources pour l\u2019attribution de l\u2019ACS :<\/span><\/p>\n<table style=\"border-collapse: collapse; width: 71.3974%; height: 204px;\">\n<tbody>\n<tr style=\"height: 24px;\">\n<td style=\"width: 25%; text-align: center; background-color: #d8e6f2; border: 1px solid black; height: 84px;\" rowspan=\"2\"><strong>Foyer (nombre de personnes)<\/strong><\/td>\n<td style=\"width: 46.3435%; text-align: center; background-color: #d8e6f2; border: 1px solid black; height: 40px;\" colspan=\"2\"><strong>Plafond annuel de ressources<\/strong><\/td>\n<\/tr>\n<tr style=\"height: 24px;\">\n<td style=\"width: 23.9569%; text-align: center; background-color: #d8e6f2; border: 1px solid black; height: 44px;\"><strong>M\u00e9tropole<\/strong><\/td>\n<td style=\"width: 22.3866%; text-align: center; background-color: #d8e6f2; border: 1px solid black; height: 44px;\"><strong>DOM<\/strong><\/td>\n<\/tr>\n<tr style=\"height: 24px;\">\n<td style=\"width: 25%; text-align: center; border: 1px solid black; height: 24px;\"><span style=\"font-weight: 400;\">1 personne<\/span><\/td>\n<td style=\"width: 23.9569%; text-align: center; border: 1px solid black; height: 24px;\"><span style=\"font-weight: 400;\">12 084 \u20ac<\/span><\/td>\n<td style=\"width: 22.3866%; text-align: center; border: 1px solid black; height: 24px;\"><span style=\"font-weight: 400;\">13 449 \u20ac<\/span><\/td>\n<\/tr>\n<tr style=\"height: 24px;\">\n<td style=\"width: 25%; text-align: center; border: 1px solid black; height: 24px;\"><span style=\"font-weight: 400;\">2 personnes<\/span><\/td>\n<td style=\"width: 23.9569%; text-align: center; border: 1px solid black; height: 24px;\"><span style=\"font-weight: 400;\">18 126 \u20ac<\/span><\/td>\n<td style=\"width: 22.3866%; text-align: center; border: 1px solid black; height: 24px;\"><span style=\"font-weight: 400;\">20 174 \u20ac<\/span><\/td>\n<\/tr>\n<tr style=\"height: 24px;\">\n<td style=\"width: 25%; text-align: center; border: 1px solid black; height: 24px;\"><span style=\"font-weight: 400;\">3 personnes<\/span><\/td>\n<td style=\"width: 23.9569%; text-align: center; border: 1px solid black; height: 24px;\"><span style=\"font-weight: 400;\">21 751 \u20ac<\/span><\/td>\n<td style=\"width: 22.3866%; text-align: center; border: 1px solid black; height: 24px;\"><span style=\"font-weight: 400;\">28 244 \u20ac<\/span><\/td>\n<\/tr>\n<tr style=\"height: 24px;\">\n<td style=\"width: 25%; text-align: center; border: 1px solid black; height: 24px;\"><span style=\"font-weight: 400;\">4 personnes<\/span><\/td>\n<td style=\"width: 23.9569%; text-align: center; border: 1px solid black; height: 24px;\"><span style=\"font-weight: 400;\">25 376 \u20ac<\/span><\/td>\n<td style=\"width: 22.3866%; text-align: center; border: 1px solid black; height: 24px;\"><span style=\"font-weight: 400;\">28 244 \u20ac<\/span><\/td>\n<\/tr>\n<tr style=\"height: 24px;\">\n<td style=\"width: 25%; text-align: center; border: 1px solid black; height: 24px;\"><span style=\"font-weight: 400;\">Par personne suppl\u00e9mentaire<\/span><\/td>\n<td style=\"width: 23.9569%; text-align: center; border: 1px solid black; height: 24px;\"><span style=\"font-weight: 400;\">4<\/span><span style=\"font-weight: 400;\">\u00a0 <\/span><span style=\"font-weight: 400;\">834 \u20ac<\/span><\/td>\n<td style=\"width: 22.3866%; text-align: center; border: 1px solid black; height: 24px;\"><span style=\"font-weight: 400;\">5 380 \u20ac<\/span><\/td>\n<\/tr>\n<\/tbody>\n<\/table>\n<p style=\"text-align: justify;\"><span style=\"font-weight: 400;\">\u00a0<\/span><\/p>\n<p style=\"text-align: justify;\"><span style=\"font-weight: 400;\">\u00a0<\/span><\/p>\n<h2 style=\"text-align: justify;\"><b>Les conditions de r\u00e9sidence pour b\u00e9n\u00e9ficier de l\u2019ACS<\/b><\/h2>\n<p style=\"text-align: justify;\"><span style=\"font-weight: 400;\">Pour \u00eatre \u00e9ligible \u00e0 l\u2019Aide pour une Compl\u00e9mentaire Sant\u00e9, vous devez <\/span><b>r\u00e9sider en France de mani\u00e8re ininterrompue depuis plus de 3 mois<\/b><span style=\"font-weight: 400;\">. Notez que ce d\u00e9lai ne vous est plus impos\u00e9 si :<\/span><\/p>\n<ul style=\"text-align: justify;\">\n<li style=\"font-weight: 400;\"><span style=\"font-weight: 400;\">Vous \u00eates affili\u00e9 \u00e0 un <\/span><b>r\u00e9gime obligatoire de s\u00e9curit\u00e9 sociale<\/b><span style=\"font-weight: 400;\"> au regard d&rsquo;une <\/span><b>activit\u00e9 professionnelle en France de plus de 3 mois<\/b><\/li>\n<li style=\"font-weight: 400;\"><span style=\"font-weight: 400;\">Vous \u00eates inscrit dans un <\/span><b>\u00e9tablissement d&rsquo;enseignement fran\u00e7ais<\/b><span style=\"font-weight: 400;\">, ou si vous effectuez un stage en France (dans le cadre d&rsquo;accords entre \u00e9tablissements), ou bien si vous \u00eates inscrit \u00e0 un stage de formation professionnelle qui dure plus de 3 mois<\/span><\/li>\n<li style=\"font-weight: 400;\"><span style=\"font-weight: 400;\">Ou vous percevez certaines prestations, telles que les allocations familiales, les allocations aux personnes \u00e2g\u00e9es, les aides au logement.<\/span><\/li>\n<li style=\"font-weight: 400;\"><span style=\"font-weight: 400;\">Ou vous justifiez d\u2019une exp\u00e9rience de volontariat international \u00e0 l&rsquo;\u00e9tranger et vous n\u2019avez droit \u00e0 aucun autre titre \u00e0 l&rsquo;assurance maladie.<\/span><\/li>\n<\/ul>\n<p style=\"text-align: justify;\"><span style=\"font-weight: 400;\">Si vous \u00eates <\/span><b>\u00e9tranger<\/b><span style=\"font-weight: 400;\">, vous devez \u00e9galement <\/span><b>r\u00e9sider en France de mani\u00e8re r\u00e9guli\u00e8re<\/b><span style=\"font-weight: 400;\"> et ininterrompue depuis au moins 3 mois avant votre demande.<\/span><\/p>\n<h1 style=\"text-align: justify;\"><b>Comment faire votre demande d\u2019ACS?<\/b><\/h1>\n<p style=\"text-align: justify;\"><span style=\"font-weight: 400;\">Pour <\/span><a href=\"https:\/\/www.mes-allocs.fr\/guides\/aides-sante\/acs\/demande-acs\"><span style=\"font-weight: 400;\">demander l\u2019ACS<\/span><\/a><span style=\"font-weight: 400;\">, vous devez constituer un dossier et l\u2019envoyer \u00e0 votre Caisse d\u2019Assurance Maladie. Pas d\u2019inqui\u00e9tude,<\/span><a href=\"https:\/\/www.mes-allocs.fr\/signature\"><span style=\"font-weight: 400;\"> Mes Allocs s&rsquo;en charge \u00e0 votre place !<\/span><\/a><\/p>\n<h1>Les autres aides \u00e0 la sant\u00e9<\/h1>\n<h2>La compl\u00e9mentaire sant\u00e9 solidaire<\/h2>\n<p>Elle remplace la couverture maladie universelle compl\u00e9mentaire (CMU-C) et l&rsquo;ACS depuis le 1er novembre 2019. Elle fait une prise en charge des frais de m\u00e9dicaux (m\u00e9decin, dentiste). Et vous ne payez pas dans la plupart des cas :<\/p>\n<ul>\n<li>Vos proth\u00e8ses dentaires ;<\/li>\n<li>Vos lunettes ;<\/li>\n<li>Et vos proth\u00e8ses auditives ;<\/li>\n<li>Et aussi vos dispositifs m\u00e9dicaux.<\/li>\n<\/ul>\n<p>\u00c0 partir du 1<sup>er<\/sup> avril 2025, le montant du plafond de ressources de la CSS est fix\u00e9 \u00e0<span class=\"prix\"><br \/>\n10 339 \u20ac<\/span>\u00a0 par an pour une personne seule.<\/p>\n<p>Vous pouvez faire une demande de Compl\u00e9mentaire sant\u00e9 solidaire (CSS) sur Am\u00e9li, le site d&rsquo;Assurance Maladie.<\/p>\n<h3>Participation financi\u00e8re<\/h3>\n<p>Une participation financi\u00e8re peut vous \u00eatre demand\u00e9e. Son montant d\u00e9pend de votre \u00e2ge :<\/p>\n<ul>\n<li>Assur\u00e9 \u00e2g\u00e9 de 29 ans et moins : 8 euros ;<\/li>\n<li>Assur\u00e9 \u00e2g\u00e9 de 30 \u00e0 49 ans : 14 euros ;<\/li>\n<li>50 \u00e0 59 ans : 21 euros ;<\/li>\n<li>60 \u00e0 69 ans : 25 euros ;<\/li>\n<li>Assur\u00e9 \u00e2g\u00e9 de 70 ans et plus : 30 euros.<\/li>\n<\/ul>\n<h3>Qui peut b\u00e9n\u00e9ficier de la CSS ?<\/h3>\n<p>Vous pouvez toucher la Compl\u00e9mentaire sant\u00e9 solidaire :<\/p>\n<ul>\n<li>si vous b\u00e9n\u00e9ficiez de la prise en charge de vos frais de sant\u00e9 par l&rsquo;Assurance Maladie. Cette prise en charge s&rsquo;est fa\u00eete en raison de votre activit\u00e9 professionnelle ou de votre r\u00e9sidence stable et r\u00e9guli\u00e8re en France ;<\/li>\n<li>et\u00a0si vos ressources sont inf\u00e9rieures \u00e0 un certain montant qui d\u00e9pend de la composition de votre foyer.<\/li>\n<\/ul>\n<h2>L&rsquo;ASI<\/h2>\n<p class=\"amp-wp-7d27179\" data-amp-original-style=\"text-align: justify;\">L\u2019<a href=\"https:\/\/www.mes-allocs.fr\/guides\/aides-sante\/asi\">Allocation Suppl\u00e9mentaire d\u2019Invalidit\u00e9<\/a> peut vous \u00eatre accord\u00e9e si vous souffrez d\u2019invalidit\u00e9 et que vous \u00eates \u00e2g\u00e9 de moins de 62 ans (au-del\u00e0, vous pouvez percevoir l\u2019Allocation de Solidarit\u00e9 aux Personnes \u00c2g\u00e9es).<\/p>\n<p class=\"amp-wp-7d27179\" data-amp-original-style=\"text-align: justify;\"><span class=\"amp-wp-fe3f5cc\" data-amp-original-style=\"font-weight: 400;\">L\u2019ASI est une prestation mensuelle qui vous est accord\u00e9e si vous \u00eates invalide et que vous disposez de faibles ressources. Elle est vers\u00e9e par la s\u00e9curit\u00e9 sociale ou la MSA (Mutuelle Sociale Agricole) si vous d\u00e9pendez du r\u00e9gime agricole. Elle vient compl\u00e9ter vos revenus mensuels.<\/span><\/p>\n<p class=\"amp-wp-7d27179\" data-amp-original-style=\"text-align: justify;\">Vous devez \u00eatre atteint d\u2019une invalidit\u00e9 g\u00e9n\u00e9rale qui r\u00e9duit votre capacit\u00e9 de travail ou de gain (comprenez de revenus potentiels) d\u2019au moins deux tiers.<\/p>\n<h3 class=\"amp-wp-7d27179\" data-amp-original-style=\"text-align: justify;\"><span id=\"Age\"><b>\u00c2ge<\/b><\/span><\/h3>\n<p class=\"amp-wp-7d27179\" data-amp-original-style=\"text-align: justify;\"><span class=\"amp-wp-fe3f5cc\" data-amp-original-style=\"font-weight: 400;\">Il n\u2019y a pas d\u2019\u00e2ge minimum pour percevoir l\u2019ASI, mais d\u00e8s que vous atteignez l\u2019\u00e2ge minimum pour percevoir l\u2019Allocation de Solidarit\u00e9 aux Personnes \u00c2g\u00e9es (ASPA), \u00e0 savoir 62 ans, vous ne pouvez plus pr\u00e9tendre \u00e0 l\u2019ASI.<\/span><\/p>\n<h3 class=\"amp-wp-7d27179\" data-amp-original-style=\"text-align: justify;\"><span id=\"Pension_versee_par_la_securite_sociale\"><b>Pension vers\u00e9e par la s\u00e9curit\u00e9 sociale<\/b><\/span><\/h3>\n<p class=\"amp-wp-7d27179\" data-amp-original-style=\"text-align: justify;\"><span class=\"amp-wp-fe3f5cc\" data-amp-original-style=\"font-weight: 400;\">Vous devez b\u00e9n\u00e9ficier d\u2019au moins une de ces pensions suivantes pour b\u00e9n\u00e9ficier de l\u2019ASI :<\/span><\/p>\n<ul>\n<li class=\"amp-wp-7d27179\" data-amp-original-style=\"text-align: justify;\"><span class=\"amp-wp-fe3f5cc\" data-amp-original-style=\"font-weight: 400;\">Pension d\u2019invalidit\u00e9<\/span><\/li>\n<li class=\"amp-wp-7d27179\" data-amp-original-style=\"text-align: justify;\"><span class=\"amp-wp-fe3f5cc\" data-amp-original-style=\"font-weight: 400;\">Pension de r\u00e9version (vers\u00e9e en cas de d\u00e9c\u00e8s de votre conjoint ou parent restant, si ce-dernier \u00e9tait fonctionnaire)<\/span><\/li>\n<li class=\"amp-wp-7d27179\" data-amp-original-style=\"text-align: justify;\"><span class=\"amp-wp-fe3f5cc\" data-amp-original-style=\"font-weight: 400;\">Ou la Pension d\u2019invalidit\u00e9 de veuf ou veuve<\/span><\/li>\n<li class=\"amp-wp-7d27179\" data-amp-original-style=\"text-align: justify;\"><span class=\"amp-wp-fe3f5cc\" data-amp-original-style=\"font-weight: 400;\">Pension de retraite anticip\u00e9e pour handicap, longue carri\u00e8re ou p\u00e9nibilit\u00e9 (conditions de travail p\u00e9nibles).<\/span><\/li>\n<\/ul>\n<div class=\"abo-agenda\"><div class='cta-block'><div class='text'>Simulez toutes vos Aides Sociales en 2 min. Gratuit.<\/div><a href='https:\/\/www.mes-allocs.fr\/ab-app?origin=guides\/wp-json\/wp\/v2\/posts\/565' class='app-button fit'>Simulation gratuite<\/a><\/div><\/div>\n","protected":false},"excerpt":{"rendered":"<p>L\u2019aide \u00e0 la Compl\u00e9mentaire Sant\u00e9 (ACS) est une aide \u00e0 la sant\u00e9 qui vous est vers\u00e9e par la Caisse d\u2019Assurance Maladie, pour vous permettre de b\u00e9n\u00e9ficier d\u2019une mutuelle. Mais comment le dispositif fonctionne-t-il ? Explications. Mise \u00e0 jour 15\/06\/2022 : l&rsquo;ACS a \u00e9t\u00e9 supprim\u00e9e et remplac\u00e9e par la Compl\u00e9mentaire Sant\u00e9 Solidaire (CSS). Comment se manifeste [&hellip;]<\/p>\n","protected":false},"author":7,"featured_media":567,"comment_status":"open","ping_status":"open","sticky":false,"template":"","format":"standard","meta":{"amp_status":"","footnotes":""},"categories":[25,24],"tags":[],"class_list":["post-565","post","type-post","status-publish","format-standard","has-post-thumbnail","hentry","category-acs","category-aides-sante"],"yoast_head":"<!-- This site is optimized with the Yoast SEO plugin v14.9 - https:\/\/yoast.com\/wordpress\/plugins\/seo\/ -->\n<title>ACS &amp; Mutuelle : comment le dispositif fonctionne-il ? | Mes-Allocs.fr<\/title>\n<meta name=\"description\" content=\"Tout savoir sur l&#039;ACS &amp; la Mutuelle, d\u00e9couvrez comment fonctionne le dispositif avec Mes-Allocs.fr.\" \/>\n<meta name=\"robots\" content=\"index, follow, max-snippet:-1, max-image-preview:large, max-video-preview:-1\" \/>\n<link rel=\"canonical\" href=\"https:\/\/www.mes-allocs.fr\/guides\/aides-sante\/acs\/acs-mutuelle\/\" \/>\n<meta property=\"og:locale\" content=\"fr_FR\" \/>\n<meta property=\"og:type\" content=\"article\" \/>\n<meta property=\"og:title\" content=\"ACS &amp; Mutuelle : comment le dispositif fonctionne-il ? | Mes-Allocs.fr\" \/>\n<meta property=\"og:description\" content=\"Tout savoir sur l&#039;ACS &amp; la Mutuelle, d\u00e9couvrez comment fonctionne le dispositif avec Mes-Allocs.fr.\" \/>\n<meta property=\"og:url\" content=\"https:\/\/www.mes-allocs.fr\/guides\/aides-sante\/acs\/acs-mutuelle\/\" \/>\n<meta property=\"og:site_name\" content=\"Mes-Allocs.fr\" \/>\n<meta property=\"article:published_time\" content=\"2019-07-17T12:24:33+00:00\" \/>\n<meta property=\"article:modified_time\" content=\"2025-06-25T16:30:15+00:00\" \/>\n<meta property=\"og:image\" content=\"https:\/\/www.mes-allocs.fr\/guides\/wp-content\/uploads\/2019\/07\/mutuelle-001-e1563554874831.jpg?wsr\" \/>\n\t<meta property=\"og:image:width\" content=\"1280\" \/>\n\t<meta property=\"og:image:height\" content=\"387\" \/>\n<meta name=\"twitter:card\" content=\"summary_large_image\" \/>\n<script type=\"application\/ld+json\" class=\"yoast-schema-graph\">{\"@context\":\"https:\/\/schema.org\",\"@graph\":[{\"@type\":\"WebSite\",\"@id\":\"https:\/\/www.mes-allocs.fr\/guides\/#website\",\"url\":\"https:\/\/www.mes-allocs.fr\/guides\/\",\"name\":\"Mes-Allocs.fr\",\"description\":\"\",\"potentialAction\":[{\"@type\":\"SearchAction\",\"target\":\"https:\/\/www.mes-allocs.fr\/guides\/?s={search_term_string}\",\"query-input\":\"required name=search_term_string\"}],\"inLanguage\":\"fr-FR\"},{\"@type\":\"ImageObject\",\"@id\":\"https:\/\/www.mes-allocs.fr\/guides\/aides-sante\/acs\/acs-mutuelle\/#primaryimage\",\"inLanguage\":\"fr-FR\",\"url\":\"https:\/\/www.mes-allocs.fr\/guides\/wp-content\/uploads\/2019\/07\/mutuelle-001-e1563554874831.jpg?wsr\",\"width\":1280,\"height\":387,\"caption\":\"mon espace sant\\u00e9\"},{\"@type\":\"WebPage\",\"@id\":\"https:\/\/www.mes-allocs.fr\/guides\/aides-sante\/acs\/acs-mutuelle\/#webpage\",\"url\":\"https:\/\/www.mes-allocs.fr\/guides\/aides-sante\/acs\/acs-mutuelle\/\",\"name\":\"ACS & Mutuelle : comment le dispositif fonctionne-il ? | Mes-Allocs.fr\",\"isPartOf\":{\"@id\":\"https:\/\/www.mes-allocs.fr\/guides\/#website\"},\"primaryImageOfPage\":{\"@id\":\"https:\/\/www.mes-allocs.fr\/guides\/aides-sante\/acs\/acs-mutuelle\/#primaryimage\"},\"datePublished\":\"2019-07-17T12:24:33+00:00\",\"dateModified\":\"2025-06-25T16:30:15+00:00\",\"author\":{\"@id\":\"https:\/\/www.mes-allocs.fr\/guides\/#\/schema\/person\/1c4837d5703727cb02ce84583b5a44aa\"},\"description\":\"Tout savoir sur l'ACS & la Mutuelle, d\\u00e9couvrez comment fonctionne le dispositif avec Mes-Allocs.fr.\",\"inLanguage\":\"fr-FR\"},{\"@type\":\"Person\",\"@id\":\"https:\/\/www.mes-allocs.fr\/guides\/#\/schema\/person\/1c4837d5703727cb02ce84583b5a44aa\",\"name\":\"Fabiola\",\"image\":{\"@type\":\"ImageObject\",\"@id\":\"https:\/\/www.mes-allocs.fr\/guides\/#personlogo\",\"inLanguage\":\"fr-FR\",\"url\":\"https:\/\/www.mes-allocs.fr\/guides\/wp-content\/uploads\/2021\/06\/fabiola-150x150.png\",\"caption\":\"Fabiola\"},\"description\":\"Fabiola est r\\u00e9dactrice au sein de l'\\u00e9quipe Mes Allocs, sp\\u00e9cialis\\u00e9e en sciences politiques et affaires publiques. Dipl\\u00f4m\\u00e9e de l'HEIP, elle rejoint Mes Allocs apr\\u00e8s une premi\\u00e8re exp\\u00e9rience \\u00e0 l'Assembl\\u00e9e Nationale.\",\"sameAs\":[\"https:\/\/www.linkedin.com\/in\/cecilia-philippe-b-8a8085195\"]}]}<\/script>\n<!-- \/ Yoast SEO plugin. -->","amp_validity":null,"acf":{"faq":{"1":{"question":"\ud83e\udd14Qu'est ce que L\u2019Aide Compl\u00e9mentaire Sant\u00e9 (ACS) ?","answer":"L\u2019Aide pour une Compl\u00e9mentaire Sant\u00e9 (ACS) est une aide \u00e0 la sant\u00e9 qui vous aide \u00e0 payer une compl\u00e9mentaire sant\u00e9 (mutuelle). Cette prestation fait partie du vaste dispositif des aides \u00e0 la sant\u00e9."},"2":{"question":"\ud83d\udd0dQuelles sont les conditions li\u00e9es aux Aides \u00e0 la Sant\u00e9 ? ","answer":"Les conditions d'\u00e9ligibilit\u00e9 pour obtenir les aides \u00e0 la sant\u00e9 peuvent varier en fonction de vos ressources, votre \u00e2ge et de votre situation. Faites <a href=\"https:\/\/www.mes-allocs.fr\/simulation-aides\">la simulation gratuite<\/a> directement sur le site de Mes Allocs pour conna\u00eetre tous vos droits d'\u00e9ligibilit\u00e9s."},"3":{"question":" \ud83d\udccaQu'est ce qu'une mutuelle ?","answer":"Une mutuelle sant\u00e9 a pour but de prendre en charge une partie ou l'int\u00e9gralit\u00e9 de vos d\u00e9penses de sant\u00e9 qui ne sont pas couvertes par votre assurance maladie obligatoire."},"4":{"question":"\ud83c\udfc6Comment demander les Aides \u00e0 la Sant\u00e9 ?","answer":"Le plus simple pour savoir si vous \u00eates \u00e9ligible aux Aides \u00e0 la Sant\u00e9 en fonction de vos revenus et de votre situation, est de faire <a href=\"https:\/\/www.mes-allocs.fr\/simulation-aides\">la simulation gratuite<\/a> de Mes Allocs."},"5":{"question":"\ud83d\udccaQuel plafond pour obtenir ACS ?","answer":"Une aide destin\u00e9e \u00e0 payer une compl\u00e9mentaire sant\u00e9 est vers\u00e9e \u00e0 ceux dont les ressources annuelles ne d\u00e9passent pas 11 507 \u20ac pour une personne seule et 17 260 \u20ac pour un couple, au 1er avril 2025."},"6":{"question":"\ud83d\udcd9Comment \u00e7a marche l'ACS ?","answer":"Si l'ACS est accord\u00e9e, votre caisse d'assurance maladie vous adresse : - une attestation de tiers payant sur la part prise en charge par l'assurance maladie obligatoire. Cette attestation vous dispense de payer le montant des soins rembours\u00e9 par l'assurance maladie \u00e0 votre m\u00e9decin."},"7":{"question":"\ud83e\udd14Qui peut b\u00e9n\u00e9ficier de ACS ?","answer":"Si vous avez de faibles ressources, qui d\u00e9passent n\u00e9anmoins le plafond permettant de b\u00e9n\u00e9ficier de la Couverture maladie universelle compl\u00e9mentaire (CMU-C), vous pouvez b\u00e9n\u00e9ficier d'une Aide \u00e0 l'acquisition d'une compl\u00e9mentaire sant\u00e9 (ACS)."},"8":{"question":"\u262f\ufe0fQuelle est la diff\u00e9rence entre la CMU et l'ACS ?","answer":"La CMU-C est apparent\u00e9e \u00e0 une mutuelle sant\u00e9 gratuite. L'ACS est une aide qui prend en charge une partie ou la totalit\u00e9 de la cotisation annuelle d'une mutuelle sant\u00e9"},"9":{"question":"","answer":""},"10":{"question":"","answer":""},"11":{"question":"","answer":""},"12":{"question":"","answer":""},"13":{"question":"","answer":""},"14":{"question":"","answer":""},"15":{"question":"","answer":""},"16":{"question":"","answer":""}}},"_links":{"self":[{"href":"https:\/\/www.mes-allocs.fr\/guides\/wp-json\/wp\/v2\/posts\/565","targetHints":{"allow":["GET"]}}],"collection":[{"href":"https:\/\/www.mes-allocs.fr\/guides\/wp-json\/wp\/v2\/posts"}],"about":[{"href":"https:\/\/www.mes-allocs.fr\/guides\/wp-json\/wp\/v2\/types\/post"}],"author":[{"embeddable":true,"href":"https:\/\/www.mes-allocs.fr\/guides\/wp-json\/wp\/v2\/users\/7"}],"replies":[{"embeddable":true,"href":"https:\/\/www.mes-allocs.fr\/guides\/wp-json\/wp\/v2\/comments?post=565"}],"version-history":[{"count":23,"href":"https:\/\/www.mes-allocs.fr\/guides\/wp-json\/wp\/v2\/posts\/565\/revisions"}],"predecessor-version":[{"id":101135,"href":"https:\/\/www.mes-allocs.fr\/guides\/wp-json\/wp\/v2\/posts\/565\/revisions\/101135"}],"wp:featuredmedia":[{"embeddable":true,"href":"https:\/\/www.mes-allocs.fr\/guides\/wp-json\/wp\/v2\/media\/567"}],"wp:attachment":[{"href":"https:\/\/www.mes-allocs.fr\/guides\/wp-json\/wp\/v2\/media?parent=565"}],"wp:term":[{"taxonomy":"category","embeddable":true,"href":"https:\/\/www.mes-allocs.fr\/guides\/wp-json\/wp\/v2\/categories?post=565"},{"taxonomy":"post_tag","embeddable":true,"href":"https:\/\/www.mes-allocs.fr\/guides\/wp-json\/wp\/v2\/tags?post=565"}],"curies":[{"name":"wp","href":"https:\/\/api.w.org\/{rel}","templated":true}]}}