{"id":56480,"date":"2022-10-28T12:33:38","date_gmt":"2022-10-28T10:33:38","guid":{"rendered":"https:\/\/www.mes-allocs.fr\/guides\/?p=56480"},"modified":"2025-10-23T18:08:44","modified_gmt":"2025-10-23T16:08:44","slug":"accre-salarie","status":"publish","type":"post","link":"https:\/\/www.mes-allocs.fr\/guides\/aide-par-situation\/aide-salarie\/accre-salarie\/","title":{"rendered":"L&rsquo;ACCRE salari\u00e9 : comment \u00e7a fonctionne ?"},"content":{"rendered":"<p><img loading=\"lazy\" decoding=\"async\" class=\"alignnone wp-image-57532 size-full\" title=\"accre salari\u00e9\" src=\"https:\/\/www.mes-allocs.fr\/guides\/wp-content\/uploads\/2022\/10\/eric-wang-umD2Bj4FmMU-unsplash-e1666953172921.jpg\" alt=\"accre salari\u00e9\" width=\"1920\" height=\"235\" srcset=\"https:\/\/www.mes-allocs.fr\/guides\/wp-content\/uploads\/2022\/10\/eric-wang-umD2Bj4FmMU-unsplash-e1666953172921.jpg 1920w, https:\/\/www.mes-allocs.fr\/guides\/wp-content\/uploads\/2022\/10\/eric-wang-umD2Bj4FmMU-unsplash-e1666953172921-300x37.jpg 300w, https:\/\/www.mes-allocs.fr\/guides\/wp-content\/uploads\/2022\/10\/eric-wang-umD2Bj4FmMU-unsplash-e1666953172921-1024x125.jpg 1024w, https:\/\/www.mes-allocs.fr\/guides\/wp-content\/uploads\/2022\/10\/eric-wang-umD2Bj4FmMU-unsplash-e1666953172921-768x94.jpg 768w, https:\/\/www.mes-allocs.fr\/guides\/wp-content\/uploads\/2022\/10\/eric-wang-umD2Bj4FmMU-unsplash-e1666953172921-1536x188.jpg 1536w, https:\/\/www.mes-allocs.fr\/guides\/wp-content\/uploads\/2022\/10\/eric-wang-umD2Bj4FmMU-unsplash-e1666953172921-600x73.jpg 600w\" sizes=\"auto, (max-width: 1920px) 100vw, 1920px\" \/><strong>Il existe une aide aux ch\u00f4meurs cr\u00e9ateurs et repreneurs d\u2019 entreprise : ACRE. C&rsquo;est un dispositif d\u2019 exon\u00e9ration des cotisations sociales. Depuis le 1<sup>er<\/sup> janvier 2019, il est devenu l\u2019ACRE (Aide aux Cr\u00e9ateurs et Repreneurs d\u2019Entreprise).\u00a0<\/strong><strong>Mes Allocs vous explique tout sur ce dispositif qui est une <a href=\"https:\/\/www.mes-allocs.fr\/guides\/aides-par-situation\/\" target=\"_blank\" rel=\"noopener\">aide par situation<\/a>.\u00a0<\/strong><\/p>\n<hr \/>\n<h1 style=\"text-align: justify;\"><span id=\"Quest-ce_que_laccre\">Qu\u2019est-ce que l&rsquo;ACRE ?<\/span><\/h1>\n<p style=\"text-align: justify;\">L&rsquo;ACRE est une exon\u00e9ration de d\u00e9but d\u2019activit\u00e9. Cela signifie que c&rsquo;est une exon\u00e9ration des charges sociales pendant 12 mois.<\/p>\n<p style=\"text-align: justify;\">Cette p\u00e9riode de 12 mois va \u00eatre \u00e0 prendre en compte \u00e0 partir de la date de l\u2019affiliation au r\u00e9gime des travailleurs non-salari\u00e9s. Cependant, elle peut \u00e9galement \u00eatre prise en compte \u00e0 partir de la date du d\u00e9but d\u2019activit\u00e9 d\u2019entreprise dans le cas o\u00f9 la personne est affili\u00e9e au r\u00e9gime des assimil\u00e9s-salari\u00e9s.<\/p>\n<p><iframe loading=\"lazy\" title=\"L&#039;ACRE\" width=\"500\" height=\"281\" src=\"https:\/\/www.youtube.com\/embed\/8bcid53zd-0?feature=oembed\" frameborder=\"0\" allow=\"accelerometer; autoplay; clipboard-write; encrypted-media; gyroscope; picture-in-picture; web-share\" referrerpolicy=\"strict-origin-when-cross-origin\" allowfullscreen><\/iframe><\/p>\n<h1 style=\"text-align: justify;\"><span id=\"Beneficier_de_laccre_et_de_lacre\">Qui peut b\u00e9n\u00e9ficier de l&rsquo;ACRE ?\u00a0<\/span><\/h1>\n<h3 style=\"text-align: justify;\"><span id=\"Createurs_et_repreneurs_dentreprise\">Les cr\u00e9ateurs et repreneurs d\u2019entreprise<\/span><\/h3>\n<p style=\"text-align: justify;\">Depuis le 1<sup>er<\/sup> janvier 2019, les cr\u00e9ateurs et repreneurs d\u2019entreprise ont la possibilit\u00e9 de b\u00e9n\u00e9ficier de l\u2019ACRE. Cela peut se faire peu importe\u00a0qu\u2019ils soient salari\u00e9s ou en recherche d\u2019emploi.<\/p>\n<h3 style=\"text-align: justify;\"><span id=\"Avant_le_1er_janvier_2019\">La situation avant le 1<sup>er<\/sup>\u00a0janvier 2019<\/span><\/h3>\n<p style=\"text-align: justify;\">Afin d\u2019acc\u00e9der \u00e0 l&rsquo;ACRE, la personne qui reprend l\u2019entreprise ou alors le cr\u00e9ateur d\u2019entreprise devra \u00eatre dans l\u2019un des cas cit\u00e9s ci-dessous :<\/p>\n<ul style=\"text-align: justify;\">\n<li>demandeur d\u2019emploi indemnis\u00e9 ou pouvant \u00eatre indemnis\u00e9<\/li>\n<li>demandeur d\u2019emploi non indemnis\u00e9 et inscrit \u00e0 P\u00f4le emploi au moins 6 mois durant les derniers 18 mois<\/li>\n<li>recevant le revenu de solidarit\u00e9 active ou RSA<\/li>\n<li>recevant l\u2019allocation de solidarit\u00e9 sp\u00e9cifique ou ASS<\/li>\n<li>ou encore recevant la prestation partag\u00e9e de l\u2019\u00e9ducation de l\u2019enfant ou PreParE<\/li>\n<li>une personne ayant entre 18 et 26 ans<\/li>\n<li>personne ayant moins de 30 ans handicap\u00e9e ou non indemnis\u00e9e<\/li>\n<li>personne salari\u00e9e ou licenci\u00e9e d\u2019une entreprise en difficult\u00e9 et qui reprend tout ou partie d\u2019une entreprise. Par exemple une entreprise en liquidation judiciaire.<\/li>\n<li>un cr\u00e9ateur ou repreneur d\u2019entreprise dans un quartier prioritaire de la ville<\/li>\n<\/ul>\n<div class='cta-block'><div class='text'>Simulez toutes vos Aides en 2 min.<\/div><a href='https:\/\/www.mes-allocs.fr\/ab-app?origin=guides\/wp-json\/wp\/v2\/posts\/56480' class='app-button fit'>Simulation gratuite<\/a><\/div>\n<h2 style=\"text-align: justify;\"><span id=\"Les_conditions_a_remplir_pour_beneficier_de_lacre\">Les conditions \u00e0 remplir pour b\u00e9n\u00e9ficier de l&rsquo;ACRE <img loading=\"lazy\" decoding=\"async\" class=\" wp-image-57531 alignright\" title=\"accre salari\u00e9\" src=\"https:\/\/www.mes-allocs.fr\/guides\/wp-content\/uploads\/2022\/10\/bruce-mars-8YG31Xn4dSw-unsplash-e1666890819949-300x200.jpg\" alt=\"accre salari\u00e9\" width=\"347\" height=\"231\" srcset=\"https:\/\/www.mes-allocs.fr\/guides\/wp-content\/uploads\/2022\/10\/bruce-mars-8YG31Xn4dSw-unsplash-e1666890819949-300x200.jpg 300w, https:\/\/www.mes-allocs.fr\/guides\/wp-content\/uploads\/2022\/10\/bruce-mars-8YG31Xn4dSw-unsplash-e1666890819949-1024x683.jpg 1024w, https:\/\/www.mes-allocs.fr\/guides\/wp-content\/uploads\/2022\/10\/bruce-mars-8YG31Xn4dSw-unsplash-e1666890819949-768x512.jpg 768w, https:\/\/www.mes-allocs.fr\/guides\/wp-content\/uploads\/2022\/10\/bruce-mars-8YG31Xn4dSw-unsplash-e1666890819949-1536x1024.jpg 1536w, https:\/\/www.mes-allocs.fr\/guides\/wp-content\/uploads\/2022\/10\/bruce-mars-8YG31Xn4dSw-unsplash-e1666890819949-600x400.jpg 600w, https:\/\/www.mes-allocs.fr\/guides\/wp-content\/uploads\/2022\/10\/bruce-mars-8YG31Xn4dSw-unsplash-e1666890819949.jpg 1920w\" sizes=\"auto, (max-width: 347px) 100vw, 347px\" \/><\/span><\/h2>\n<p style=\"text-align: justify;\">Les conditions doivent \u00eatre appliqu\u00e9es en d\u00e9pit de la date de cr\u00e9ation ou de reprise d\u2019entreprise.<\/p>\n<h3 style=\"text-align: justify;\"><span id=\"Controler_la_societe_de_maniere_effective\">Le contr\u00f4le de la soci\u00e9t\u00e9 de mani\u00e8re effective<\/span><\/h3>\n<p style=\"text-align: justify;\">Lorsque la soci\u00e9t\u00e9 est une SARL, SAS etc., le cr\u00e9ateur ou repreneur d\u2019entreprise doit remplir l\u2019une de ces conditions :<\/p>\n<ul style=\"text-align: justify;\">\n<li>poss\u00e9der lui-m\u00eame ou en partage avec sa famille (conjoint, concubin, ascendants ou descendants) plus de 50 % du capital social dont 35 % \u00e0 titre personnel<\/li>\n<li>\u00eatre dirigeant de la soci\u00e9t\u00e9 et poss\u00e9der lui-m\u00eame ou en partage avec sa famille au moins 1\/3 du capital social dont au moins 25 % \u00e0 titre personnel. De plus, aucun associ\u00e9 n\u2019\u00e9tant pas un membre de sa famille ne doit d\u00e9tenir plus de 50 % du capital<\/li>\n<li>poss\u00e9der en association avec d\u2019autres b\u00e9n\u00e9ficiaires de l\u2019acre ou d\u2019autres demandeurs d\u2019accre, plus de 50 % du capital de la soci\u00e9t\u00e9. De plus, au moins l\u2019un des demandeurs doit \u00eatre le dirigeant et chaque demandeur doit poss\u00e9der une part du capital de la soci\u00e9t\u00e9 correspondant \u00e0 au moins 10 % de la part d\u00e9tenue par l\u2019actionnaire principal.<\/li>\n<\/ul>\n<p style=\"text-align: justify;\">Il est possible pour plusieurs individus de b\u00e9n\u00e9ficier s\u00e9par\u00e9ment de l\u2019aide pour un seul et m\u00eame projet.<\/p>\n<p style=\"text-align: justify;\">Pour cela, il faut rentrer dans l&rsquo;une de ces situations :<\/p>\n<ul style=\"text-align: justify;\">\n<li>poss\u00e9der de mani\u00e8re collective plus de 50% du capital<\/li>\n<li>que l\u2019un d\u2019eux OU plusieurs d\u2019entre eux aient la qualit\u00e9 de dirigeant(s)<\/li>\n<li>que chaque demandeur d\u2019acre poss\u00e8de au moins un dixi\u00e8me de la part du capital poss\u00e9d\u00e9e par l\u2019associ\u00e9 majoritaire<\/li>\n<\/ul>\n<h3 style=\"text-align: justify;\"><span id=\"Ne_pas_avoir_beneficie_de_laccre_dans_les_trois_annees_precedentes\">La condition de ne pas avoir b\u00e9n\u00e9fici\u00e9 de l&rsquo;ACRE dans les trois ann\u00e9es pr\u00e9c\u00e9dentes<\/span><\/h3>\n<p style=\"text-align: justify;\">Depuis le 1<sup>er<\/sup> janvier 2019, le d\u00e9lai est comptabilis\u00e9 \u00e0 partir de l\u2019arr\u00eat du b\u00e9n\u00e9fice de l&rsquo;ACCRE au titre d\u2019une activit\u00e9 pass\u00e9e.<\/p>\n<p style=\"text-align: justify;\">Cependant, avant le 1<sup>er<\/sup> janvier 2019, le d\u00e9lai s\u2019appr\u00e9ciait \u00e0 partir de l\u2019arr\u00eat de la pr\u00e9c\u00e9dente d\u00e9cision d\u2019attribuer l&rsquo;ACRE.<\/p>\n<h3 style=\"text-align: justify;\"><span id=\"Refuser_lacre\">Est-il possible de refuser l&rsquo;ACRE ?<\/span><\/h3>\n<p style=\"text-align: justify;\">Refuser l&rsquo;ACRE est une possibilit\u00e9. Pour cela, il faut que le cr\u00e9ateur ou le repreneur d\u2019entreprise r\u00e9dige un courrier (en lettre recommand\u00e9e) avant de l\u2019envoyer \u00e0 l\u2019URSSAF. Dans ce courrier, il doit indiquer son d\u00e9sir de ne pas b\u00e9n\u00e9ficier de l&rsquo;ACRE.<\/p>\n<h2 style=\"text-align: justify;\"><span id=\"Formalites_pour_beneficier_de_laccre_et_de_lacre\">Les formalit\u00e9s afin de b\u00e9n\u00e9ficier de l&rsquo;ACRE<\/span><\/h2>\n<p style=\"text-align: justify;\">Il est n\u00e9cessaire d&rsquo;accomplir certaines formalit\u00e9s afin d&rsquo;\u00eatre en mesure de b\u00e9n\u00e9ficier de l&rsquo;ACRE.<\/p>\n<h3 style=\"text-align: justify;\"><span id=\"Createurs_ou_repreneurs_dentreprise_a_partir_du_1er_janvier_2019\">Les formalit\u00e9s pour les cr\u00e9ateurs ou repreneurs d\u2019entreprise depuis le 1<sup>er<\/sup>\u00a0janvier 2019<\/span><\/h3>\n<p style=\"text-align: justify;\">L\u2019URSSAF ou l\u2019Union de Recouvrement pour la S\u00e9curit\u00e9 Sociale et les Allocations Familiales donneront automatiquement l&rsquo;ACRE aux cr\u00e9ateurs ou repreneurs d\u2019entreprise dans les cas o\u00f9 ils remplissent les conditions.<\/p>\n<p style=\"text-align: justify;\">Pour obtenir l&rsquo;ACRE, il n&rsquo;y a aucun dossier \u00e0 constituer.<\/p>\n<p style=\"text-align: justify;\">L\u2019URSSAF poss\u00e8de le droit de proc\u00e9der \u00e0 des v\u00e9rifications (dans le cadre d\u2019une proc\u00e9dure de contr\u00f4le par exemple) afin de s\u2019assurer que toutes les conditions sont bien remplies.<\/p>\n<h3 style=\"text-align: justify;\"><span id=\"Createurs_ou_repreneurs_dentreprise_avant_le_1er_janvier_2019\">Les formalit\u00e9s pour les cr\u00e9ateurs ou repreneurs d\u2019entreprise avant le 1<sup>er<\/sup>\u00a0janvier 2019<\/span><\/h3>\n<p style=\"text-align: justify;\">Les cr\u00e9ateurs ou repreneurs d\u2019entreprise devaient mettre en place un dossier qui justifiait de leur situation.<\/p>\n<p style=\"text-align: justify;\">Ce dossier devait \u00eatre remis au CFE (Centre de Formalit\u00e9s des Entreprises) dont ils d\u00e9pendaient.<\/p>\n<h4 style=\"text-align: justify;\"><span id=\"Pieces_justificatives\">Les pi\u00e8ces justificatives<\/span><\/h4>\n<p style=\"text-align: justify;\">En plus du formulaire, plusieurs pi\u00e8ces justificatives sont \u00e0 ajouter au dossier.<\/p>\n<h5 style=\"text-align: justify;\"><span id=\"Si_lexercice_de_lactivite_est_sous_forme_de_societe\">Dans le cas o\u00f9 l\u2019exercice de l\u2019activit\u00e9 est sous forme de soci\u00e9t\u00e9<\/span><\/h5>\n<p style=\"text-align: justify;\">Il faudra alors fournir :<\/p>\n<ul style=\"text-align: justify;\">\n<li>une copie des statuts de la soci\u00e9t\u00e9. Ceux-ci devront inclure la r\u00e9partition des parts sociales ou actions sign\u00e9s par tous les associ\u00e9s ou actionnaires. Si la r\u00e9partition des parts sociales ou actions ne figure pas sur les statuts, il faudra une copie de la liste des souscripteurs o\u00f9 figure le nombre d\u2019actions souscrites<\/li>\n<li>une copie de l\u2019acte de nomination du ou des dirigeants<\/li>\n<li>dans le cas o\u00f9 la personne demandant l&rsquo;ACRE contr\u00f4le la soci\u00e9t\u00e9 avec sa famille, il faudra fournir une copie du livret de famille ou tout autre document qui pourra justifier le lien de parent\u00e9<\/li>\n<\/ul>\n<h5 style=\"text-align: justify;\"><span id=\"Si_vous_etes_demandeur_demploi_indemnise_ou_indemnisable\">Dans le cas o\u00f9 vous \u00eates demandeur d\u2019emploi indemnis\u00e9 ou indemnisable<\/span><\/h5>\n<p style=\"text-align: justify;\">Il faudra alors fournir :<\/p>\n<ul style=\"text-align: justify;\">\n<li>pour une personne indemnis\u00e9e par l\u2019ARE (Aide au Retour \u00e0 l\u2019Emploi) :\n<ul>\n<li>une copie de la notification d\u2019ouverture de droit \u00e0 l\u2019indemnit\u00e9 ch\u00f4mage ou une copie du dernier titre de paiement<\/li>\n<\/ul>\n<\/li>\n<li>pour une personne indemnisable par l\u2019ARE:\n<ul>\n<li>une copie de la lettre de licenciement et une copie des bulletins de salaire des 4 derniers mois<\/li>\n<\/ul>\n<\/li>\n<li>si une personne b\u00e9n\u00e9ficie d\u2019un CSP (Contrat de S\u00e9curisation professionnelle) :\n<ul>\n<li>une copie du bulletin d\u2019acceptation du CSP<\/li>\n<\/ul>\n<\/li>\n<li>dans le cas o\u00f9 une personne a sign\u00e9 une rupture conventionnelle :\n<ul>\n<li>une copie de la notification de l\u2019acceptation de l\u2019homologation ou l\u2019accus\u00e9 de r\u00e9ception de la demande d\u2019homologation<\/li>\n<\/ul>\n<\/li>\n<\/ul>\n<h5 style=\"text-align: justify;\"><span id=\"Si_vous_etes_demandeur_demploi_non_indemnise_inscrit_a_Pole_Emploi_6_mois_au_cours_des_18_derniers_mois\">Dans le cas o\u00f9 vous \u00eates demandeur d\u2019emploi non indemnis\u00e9 inscrit \u00e0 P\u00f4le Emploi 6 mois au cours des 18 derniers mois<\/span><\/h5>\n<p style=\"text-align: justify;\">Il faudra alors fournir une copie de l\u2019historique du demandeur d\u2019emploi sur 18 mois donn\u00e9 par P\u00f4le Emploi.<\/p>\n<h5 style=\"text-align: justify;\"><span id=\"Si_vous_avez_moins_de_26_ans\">Dans le cas o\u00f9 vous avez moins de 26 ans<\/span><\/h5>\n<p style=\"text-align: justify;\">Il faudra fournir une copie d\u2019une pi\u00e8ce d\u2019identit\u00e9 avec la date de naissance qui devra y figurer.<\/p>\n<h2 style=\"text-align: justify;\"><span id=\"Modalites_de_lexoneration\" style=\"color: #000000;\">Les modalit\u00e9s de l\u2019exon\u00e9ration <img loading=\"lazy\" decoding=\"async\" class=\" wp-image-57532 alignright\" title=\"accre salari\u00e9\" src=\"https:\/\/www.mes-allocs.fr\/guides\/wp-content\/uploads\/2022\/10\/eric-wang-umD2Bj4FmMU-unsplash-e1666890865662-300x169.jpg\" alt=\"accre salari\u00e9\" width=\"415\" height=\"234\" \/><\/span><\/h2>\n<h3 style=\"text-align: justify;\"><span id=\"Exoneration_des_cotisations\">L&rsquo;exon\u00e9ration des cotisations<\/span><\/h3>\n<p style=\"text-align: justify;\">L\u2019exon\u00e9ration des cotisations sont assur\u00e9es aux cr\u00e9ateurs ou repreneurs d\u2019entreprise si leur revenu professionnel annuel ne d\u00e9passe pas un certain seuil. Les cotisations concern\u00e9es par cela sont les suivantes pendant 1 an (depuis le 1er janvier 2020) :<\/p>\n<ul style=\"text-align: justify;\">\n<li>assurance-maladie<\/li>\n<li>assurance-maternit\u00e9<\/li>\n<li>allocations familiales<\/li>\n<li>retraite de base<\/li>\n<li>vieillesse<\/li>\n<li>invalidit\u00e9<\/li>\n<li>d\u00e9c\u00e8s<\/li>\n<\/ul>\n<div class='cta-block'><div class='text'>Simulez toutes vos Aides en 2 min.<\/div><a href='https:\/\/www.mes-allocs.fr\/ab-app?origin=guides\/wp-json\/wp\/v2\/posts\/56480' class='app-button fit'>Simulation gratuite<\/a><\/div>\n<h3 style=\"text-align: justify;\"><span id=\"Duree_totale_de_lexoneration\">La dur\u00e9e totale de l\u2019exon\u00e9ration<\/span><\/h3>\n<p style=\"text-align: justify;\">Il existe deux situations qui sont possibles pour le cr\u00e9ateur et pour le repreneur d\u2019entreprise en ce qui concerne l\u2019exon\u00e9ration des cotisations. Celle-ci dure 12 mois \u00e0 partir de la date d\u2019affiliation du cr\u00e9ateur ou repreneur d\u2019entreprise au r\u00e9gime des TNS ou travailleurs non salari\u00e9s.<\/p>\n<p style=\"text-align: justify;\">Ou alors, elle dure \u00e9galement 12 mois \u00e0 partir de la date du d\u00e9but d\u2019activit\u00e9 de la soci\u00e9t\u00e9 dans le cas o\u00f9 le cr\u00e9ateur ou repreneur d\u2019entreprise d\u00e9pend du r\u00e9gime g\u00e9n\u00e9ral de la s\u00e9curit\u00e9 sociale.<\/p>\n<p style=\"text-align: justify;\">Dans le cas o\u00f9 la personne rel\u00e8ve du r\u00e9gime de la micro-entreprise, (micro entrepreneur ou auto entrepreneur), il a droit \u00e0 une exon\u00e9ration d\u2019une dur\u00e9e de 24 \u00e0 36 mois.<\/p>\n","protected":false},"excerpt":{"rendered":"<p>Il existe une aide aux ch\u00f4meurs cr\u00e9ateurs et repreneurs d\u2019 entreprise : ACRE. C&rsquo;est un dispositif d\u2019 exon\u00e9ration des cotisations sociales. Depuis le 1er janvier 2019, il est devenu l\u2019ACRE (Aide aux Cr\u00e9ateurs et Repreneurs d\u2019Entreprise).\u00a0Mes Allocs vous explique tout sur ce dispositif qui est une aide par situation.\u00a0 Qu\u2019est-ce que l&rsquo;ACRE ? L&rsquo;ACRE est [&hellip;]<\/p>\n","protected":false},"author":13,"featured_media":57530,"comment_status":"closed","ping_status":"open","sticky":false,"template":"","format":"standard","meta":{"amp_status":"","footnotes":""},"categories":[14320,16630],"tags":[],"class_list":["post-56480","post","type-post","status-publish","format-standard","has-post-thumbnail","hentry","category-aide-par-situation","category-aide-salarie"],"yoast_head":"<!-- This site is optimized with the Yoast SEO plugin v14.9 - https:\/\/yoast.com\/wordpress\/plugins\/seo\/ -->\n<title>L&#039;ACCRE salari\u00e9 : comment \u00e7a fonctionne ? | Mes-Allocs.fr<\/title>\n<meta name=\"description\" content=\"Il existe une aide aux ch\u00f4meurs cr\u00e9ateurs et repreneurs d\u2019 entreprise : ACRE. C&#039;est un dispositif d\u2019 exon\u00e9ration des cotisations sociales.\" \/>\n<meta name=\"robots\" content=\"index, follow, max-snippet:-1, max-image-preview:large, max-video-preview:-1\" \/>\n<link rel=\"canonical\" href=\"https:\/\/www.mes-allocs.fr\/guides\/aide-par-situation\/aide-salarie\/accre-salarie\/\" \/>\n<meta property=\"og:locale\" content=\"fr_FR\" \/>\n<meta property=\"og:type\" content=\"article\" \/>\n<meta property=\"og:title\" content=\"L&#039;ACCRE salari\u00e9 : comment \u00e7a fonctionne ? | Mes-Allocs.fr\" \/>\n<meta property=\"og:description\" content=\"Il existe une aide aux ch\u00f4meurs cr\u00e9ateurs et repreneurs d\u2019 entreprise : ACRE. C&#039;est un dispositif d\u2019 exon\u00e9ration des cotisations sociales.\" \/>\n<meta property=\"og:url\" content=\"https:\/\/www.mes-allocs.fr\/guides\/aide-par-situation\/aide-salarie\/accre-salarie\/\" \/>\n<meta property=\"og:site_name\" content=\"Mes-Allocs.fr\" \/>\n<meta property=\"article:published_time\" content=\"2022-10-28T10:33:38+00:00\" \/>\n<meta property=\"article:modified_time\" content=\"2025-10-23T16:08:44+00:00\" \/>\n<meta property=\"og:image\" content=\"https:\/\/www.mes-allocs.fr\/guides\/wp-content\/uploads\/2022\/10\/josh-olalde-X1P1_EDNnok-unsplash.jpg?wsr\" \/>\n\t<meta property=\"og:image:width\" content=\"1920\" \/>\n\t<meta property=\"og:image:height\" content=\"1280\" \/>\n<meta name=\"twitter:card\" content=\"summary_large_image\" \/>\n<script type=\"application\/ld+json\" class=\"yoast-schema-graph\">{\"@context\":\"https:\/\/schema.org\",\"@graph\":[{\"@type\":\"WebSite\",\"@id\":\"https:\/\/www.mes-allocs.fr\/guides\/#website\",\"url\":\"https:\/\/www.mes-allocs.fr\/guides\/\",\"name\":\"Mes-Allocs.fr\",\"description\":\"\",\"potentialAction\":[{\"@type\":\"SearchAction\",\"target\":\"https:\/\/www.mes-allocs.fr\/guides\/?s={search_term_string}\",\"query-input\":\"required name=search_term_string\"}],\"inLanguage\":\"fr-FR\"},{\"@type\":\"ImageObject\",\"@id\":\"https:\/\/www.mes-allocs.fr\/guides\/aide-par-situation\/aide-salarie\/accre-salarie\/#primaryimage\",\"inLanguage\":\"fr-FR\",\"url\":\"https:\/\/www.mes-allocs.fr\/guides\/wp-content\/uploads\/2022\/10\/josh-olalde-X1P1_EDNnok-unsplash.jpg?wsr\",\"width\":1920,\"height\":1280,\"caption\":\"accre salari\\u00e9\"},{\"@type\":\"WebPage\",\"@id\":\"https:\/\/www.mes-allocs.fr\/guides\/aide-par-situation\/aide-salarie\/accre-salarie\/#webpage\",\"url\":\"https:\/\/www.mes-allocs.fr\/guides\/aide-par-situation\/aide-salarie\/accre-salarie\/\",\"name\":\"L'ACCRE salari\\u00e9 : comment \\u00e7a fonctionne ? | Mes-Allocs.fr\",\"isPartOf\":{\"@id\":\"https:\/\/www.mes-allocs.fr\/guides\/#website\"},\"primaryImageOfPage\":{\"@id\":\"https:\/\/www.mes-allocs.fr\/guides\/aide-par-situation\/aide-salarie\/accre-salarie\/#primaryimage\"},\"datePublished\":\"2022-10-28T10:33:38+00:00\",\"dateModified\":\"2025-10-23T16:08:44+00:00\",\"author\":{\"@id\":\"https:\/\/www.mes-allocs.fr\/guides\/#\/schema\/person\/c22c1269332026958a3b5505f80b5404\"},\"description\":\"Il existe une aide aux ch\\u00f4meurs cr\\u00e9ateurs et repreneurs d\\u2019 entreprise : ACRE. C'est un dispositif d\\u2019 exon\\u00e9ration des cotisations sociales.\",\"inLanguage\":\"fr-FR\"},{\"@type\":\"Person\",\"@id\":\"https:\/\/www.mes-allocs.fr\/guides\/#\/schema\/person\/c22c1269332026958a3b5505f80b5404\",\"name\":\"Flavien Fritz\",\"image\":{\"@type\":\"ImageObject\",\"@id\":\"https:\/\/www.mes-allocs.fr\/guides\/#personlogo\",\"inLanguage\":\"fr-FR\",\"url\":\"https:\/\/www.mes-allocs.fr\/guides\/wp-content\/uploads\/2021\/11\/Flavien-1-150x150.png\",\"caption\":\"Flavien Fritz\"},\"description\":\"Flavien est r\\u00e9dacteur au sein de l'\\u00e9quipe Mes Allocs, sp\\u00e9cialis\\u00e9 en droit priv\\u00e9. Dipl\\u00f4m\\u00e9 de l'Institut Catholique de Vend\\u00e9e, il rejoint Mes Allocs apr\\u00e8s une premi\\u00e8re exp\\u00e9rience entrepreneuriale.\",\"sameAs\":[\"https:\/\/fr.linkedin.com\/in\/flavienfritz\"]}]}<\/script>\n<!-- \/ Yoast SEO plugin. -->","amp_validity":null,"acf":{"faq":{"1":{"question":"\ud83e\udd1dQu'est-ce que l'ACRE ?","answer":"L'ACRE est une exon\u00e9ration de d\u00e9but d\u2019activit\u00e9. Cela signifie que c'est une exon\u00e9ration des charges sociales pendant 12 mois.\r\n<br> <a href=\"https:\/\/www.mes-allocs.fr\/guides\/aide-par-situation\/aide-salarie\/accre-salarie\/\">Lire la suite<\/a>\r\n"},"2":{"question":"\ud83e\udd13Y a t'il des formalit\u00e9s \u00e0 accomplir pour obtenir l'ACRE ?","answer":"Il est n\u00e9cessaire d'accomplir certaines formalit\u00e9s afin d'\u00eatre en mesure de b\u00e9n\u00e9ficier de l'ACRE.\r\n<br> <a href=\"https:\/\/www.mes-allocs.fr\/guides\/aide-par-situation\/aide-salarie\/accre-salarie\/\">Lire la suite<\/a>\r\n"},"3":{"question":"\ud83e\uddd0Existe t'il une exon\u00e9ration des cotisations ?","answer":"L\u2019exon\u00e9ration des cotisations sont assur\u00e9es aux cr\u00e9ateurs ou repreneurs d\u2019entreprise si leur revenu professionnel annuel ne d\u00e9passe pas un certain seuil.\r\n<br> <a href=\"https:\/\/www.mes-allocs.fr\/guides\/aide-par-situation\/aide-salarie\/accre-salarie\/\">Lire la suite<\/a>\r\n"},"4":{"question":"\ud83c\udfafPeut-on refuser l'ACRE ?","answer":"Refuser l'ACRE est une possibilit\u00e9.\r\n<br> <a href=\"https:\/\/www.mes-allocs.fr\/guides\/aide-par-situation\/aide-salarie\/accre-salarie\/\">Lire la suite<\/a> \r\n"},"5":{"question":"","answer":""},"6":{"question":"","answer":""},"7":{"question":"","answer":""},"8":{"question":"","answer":""},"9":{"question":"","answer":""},"10":{"question":"","answer":""},"11":{"question":"","answer":""},"12":{"question":"","answer":""},"13":{"question":"","answer":""},"14":{"question":"","answer":""},"15":{"question":"","answer":""},"16":{"question":"","answer":""}}},"_links":{"self":[{"href":"https:\/\/www.mes-allocs.fr\/guides\/wp-json\/wp\/v2\/posts\/56480","targetHints":{"allow":["GET"]}}],"collection":[{"href":"https:\/\/www.mes-allocs.fr\/guides\/wp-json\/wp\/v2\/posts"}],"about":[{"href":"https:\/\/www.mes-allocs.fr\/guides\/wp-json\/wp\/v2\/types\/post"}],"author":[{"embeddable":true,"href":"https:\/\/www.mes-allocs.fr\/guides\/wp-json\/wp\/v2\/users\/13"}],"replies":[{"embeddable":true,"href":"https:\/\/www.mes-allocs.fr\/guides\/wp-json\/wp\/v2\/comments?post=56480"}],"version-history":[{"count":9,"href":"https:\/\/www.mes-allocs.fr\/guides\/wp-json\/wp\/v2\/posts\/56480\/revisions"}],"predecessor-version":[{"id":104876,"href":"https:\/\/www.mes-allocs.fr\/guides\/wp-json\/wp\/v2\/posts\/56480\/revisions\/104876"}],"wp:featuredmedia":[{"embeddable":true,"href":"https:\/\/www.mes-allocs.fr\/guides\/wp-json\/wp\/v2\/media\/57530"}],"wp:attachment":[{"href":"https:\/\/www.mes-allocs.fr\/guides\/wp-json\/wp\/v2\/media?parent=56480"}],"wp:term":[{"taxonomy":"category","embeddable":true,"href":"https:\/\/www.mes-allocs.fr\/guides\/wp-json\/wp\/v2\/categories?post=56480"},{"taxonomy":"post_tag","embeddable":true,"href":"https:\/\/www.mes-allocs.fr\/guides\/wp-json\/wp\/v2\/tags?post=56480"}],"curies":[{"name":"wp","href":"https:\/\/api.w.org\/{rel}","templated":true}]}}