{"id":56404,"date":"2022-11-18T17:42:10","date_gmt":"2022-11-18T15:42:10","guid":{"rendered":"https:\/\/www.mes-allocs.fr\/guides\/?p=56404"},"modified":"2025-03-18T18:05:50","modified_gmt":"2025-03-18T16:05:50","slug":"comment-savoir-de-quelle-caisse-d-assurance-maladie-on-depend","status":"publish","type":"post","link":"https:\/\/www.mes-allocs.fr\/guides\/assurance-maladie\/comment-assurance-maladie\/comment-savoir-de-quelle-caisse-d-assurance-maladie-on-depend\/","title":{"rendered":"Comment conna\u00eetre sa caisse d&rsquo;Assurance Maladie ?"},"content":{"rendered":"<p><img loading=\"lazy\" decoding=\"async\" class=\"aligncenter wp-image-58248\" title=\"comment savoir de quelle caisse d assurance maladie on d\u00e9pend\" src=\"https:\/\/www.mes-allocs.fr\/guides\/wp-content\/uploads\/2022\/11\/image_2022-11-18_163135281-e1668785540335.png\" alt=\"comment savoir de quelle caisse d assurance maladie on d\u00e9pend\" width=\"1200\" height=\"311\" srcset=\"https:\/\/www.mes-allocs.fr\/guides\/wp-content\/uploads\/2022\/11\/image_2022-11-18_163135281-e1668785540335.png 960w, https:\/\/www.mes-allocs.fr\/guides\/wp-content\/uploads\/2022\/11\/image_2022-11-18_163135281-e1668785540335-300x78.png 300w, https:\/\/www.mes-allocs.fr\/guides\/wp-content\/uploads\/2022\/11\/image_2022-11-18_163135281-e1668785540335-768x199.png 768w, https:\/\/www.mes-allocs.fr\/guides\/wp-content\/uploads\/2022\/11\/image_2022-11-18_163135281-e1668785540335-600x156.png 600w\" sizes=\"auto, (max-width: 1200px) 100vw, 1200px\" \/><\/p>\n<p>&nbsp;<\/p>\n<p style=\"text-align: justify;\"><strong>L&rsquo;organisme de s\u00e9curit\u00e9 sociale auquel vous \u00eates rattach\u00e9 en mati\u00e8re d&rsquo;assurance maladie va d\u00e9pendre de votre activit\u00e9 professionnelle. En effet, c&rsquo;est le seul \u00e9l\u00e9ment qui va \u00eatre pris en compte pour comment savoir de quelle caisse d&rsquo;assurance maladie on d\u00e9pend.\u00a0\u00a0<\/strong><\/p>\n<p style=\"text-align: justify;\"><strong>Mes Allocs vous les d\u00e9taille juste ici.\u00a0<\/strong><\/p>\n<hr \/>\n<h1 style=\"text-align: justify;\">Les diff\u00e9rents secteurs d&rsquo;activit\u00e9 et leur assurance maladie<\/h1>\n<h2 style=\"text-align: justify;\">Les salari\u00e9s du priv\u00e9<\/h2>\n<p style=\"text-align: justify;\">Parmi les salari\u00e9s du priv\u00e9, on retrouve diff\u00e9rentes activit\u00e9s, dont les principales sont les suivantes :<\/p>\n<ul class=\"sp-item-list\" style=\"text-align: justify;\">\n<li>salari\u00e9 du secteur priv\u00e9<\/li>\n<li>agent non titulaire du secteur public<\/li>\n<li>employ\u00e9 d&rsquo;h\u00f4tel, caf\u00e9, restaurant<\/li>\n<li>assistant maternel<\/li>\n<li>journaliste professionnel pigiste<\/li>\n<li>personne ayant souscrit un service civique<\/li>\n<li>voyageur et repr\u00e9sentant de commerce (VRP)<\/li>\n<li>artiste du spectacle et mannequin<\/li>\n<li>travailleur ou vendeur \u00e0 domicile<\/li>\n<li>ouvreur de th\u00e9\u00e2tre, cin\u00e9ma, et autres \u00e9tablissements de spectacles<\/li>\n<\/ul>\n<p style=\"text-align: justify;\">Vous \u00eates alors rattach\u00e9 au r\u00e9gime g\u00e9n\u00e9ral de la s\u00e9curit\u00e9 sociale, sauf dans le cas o\u00f9 votre activit\u00e9 est de nature agricole.<\/p>\n<p style=\"text-align: justify;\">Vous devrez alors vous adresser \u00e0 la CPAM (Caisse Primaire d&rsquo;Assurance Maladie) de votre lieu de <span class=\"tool-tip\" tabindex=\"0\" title=\"\" data-toggle=\"tooltip\" data-definition=\"R46546\" data-original-title=\"Lieu o\u00f9 la personne r\u00e9side le plus longtemps durant l'ann\u00e9e\">r\u00e9sidence habituelle<\/span>.<\/p>\n<h2 style=\"text-align: justify;\">Les travailleurs ind\u00e9pendants<\/h2>\n<p style=\"text-align: justify;\">Pour les travailleurs ind\u00e9pendants, les principaux secteurs d&rsquo;activit\u00e9 concern\u00e9s vont \u00eatre : les artisans, les commer\u00e7ants, les professions lib\u00e9rales et les professions industrielles.<\/p>\n<p style=\"text-align: justify;\">Si vous \u00eates dans cette situation, vous \u00eates rattach\u00e9 \u00e0 la s\u00e9curit\u00e9 sociale des ind\u00e9pendants <strong>jusqu&rsquo;\u00e0 votre int\u00e9gration au r\u00e9gime g\u00e9n\u00e9ral<\/strong>.<\/p>\n<p style=\"text-align: justify;\">Afin de conna\u00eetre le moment o\u00f9 vous avez int\u00e9gr\u00e9 ce r\u00e9gime g\u00e9n\u00e9ral, vous recevrez un mail ou un courrier. Lors de la r\u00e9ception de ce courrier ou mail, le nouvel interlocuteur vers lequel vous devrez vous adresser pour votre sant\u00e9 sera la CPAM de votre lieu de r\u00e9sidence.<\/p>\n<h2 style=\"text-align: justify;\">Le secteur agricole <img loading=\"lazy\" decoding=\"async\" class=\" wp-image-56415 alignright\" title=\"comment savoir de quelle caisse d assurance maladie on d\u00e9pend\" src=\"https:\/\/www.mes-allocs.fr\/guides\/wp-content\/uploads\/2022\/09\/steven-weeks-DUPFowqI6oI-unsplash-e1663604369313-300x200.jpg\" alt=\"comment savoir de quelle caisse d assurance maladie on d\u00e9pend\" width=\"467\" height=\"311\" srcset=\"https:\/\/www.mes-allocs.fr\/guides\/wp-content\/uploads\/2022\/09\/steven-weeks-DUPFowqI6oI-unsplash-e1663604369313-300x200.jpg 300w, https:\/\/www.mes-allocs.fr\/guides\/wp-content\/uploads\/2022\/09\/steven-weeks-DUPFowqI6oI-unsplash-e1663604369313-1024x683.jpg 1024w, https:\/\/www.mes-allocs.fr\/guides\/wp-content\/uploads\/2022\/09\/steven-weeks-DUPFowqI6oI-unsplash-e1663604369313-768x512.jpg 768w, https:\/\/www.mes-allocs.fr\/guides\/wp-content\/uploads\/2022\/09\/steven-weeks-DUPFowqI6oI-unsplash-e1663604369313-1536x1024.jpg 1536w, https:\/\/www.mes-allocs.fr\/guides\/wp-content\/uploads\/2022\/09\/steven-weeks-DUPFowqI6oI-unsplash-e1663604369313-600x400.jpg 600w, https:\/\/www.mes-allocs.fr\/guides\/wp-content\/uploads\/2022\/09\/steven-weeks-DUPFowqI6oI-unsplash-e1663604369313.jpg 1920w\" sizes=\"auto, (max-width: 467px) 100vw, 467px\" \/><\/h2>\n<p style=\"text-align: justify;\">Si vous exercez une activit\u00e9 agricole, vous \u00eates automatiquement rattach\u00e9 au r\u00e9gime agricole.<\/p>\n<p style=\"text-align: justify;\">Cela signifie que votre interlocuteur n&rsquo;est autre que votre caisse de la <strong>Mutualit\u00e9 Sociale Agricole<\/strong> (MSA).<\/p>\n<h2 style=\"text-align: justify;\">Les fonctionnaires<\/h2>\n<p style=\"text-align: justify;\">En tant que fonctionnaire, vous \u00eates rattach\u00e9 au r\u00e9gime sp\u00e9cial des <strong>fonctionnaires<\/strong>.<\/p>\n<p style=\"text-align: justify;\">De plus, la personne \u00e0 qui vous adresser varie selon que vous \u00eates fonctionnaire d&rsquo;\u00c9tat, fonctionnaire territorial ou fonctionnaire hospitalier.<\/p>\n<h2 style=\"text-align: justify;\">Les militaires<\/h2>\n<p style=\"text-align: justify;\">Si vous \u00eates militaire, vous serez rattach\u00e9 au r\u00e9gime sp\u00e9cial des militaires.<\/p>\n<p style=\"text-align: justify;\">Pour plus d&rsquo;informations et de renseignements, il faudra alors vous adresser \u00e0 la <strong>Caisse Nationale Militaire de S\u00e9curit\u00e9 Sociale<\/strong> (CNMSS).<\/p>\n<p><iframe loading=\"lazy\" title=\"L&#039;Assurance Maladie\" width=\"500\" height=\"281\" src=\"https:\/\/www.youtube.com\/embed\/MdiYHpnlAvg?feature=oembed\" frameborder=\"0\" allow=\"accelerometer; autoplay; clipboard-write; encrypted-media; gyroscope; picture-in-picture; web-share\" referrerpolicy=\"strict-origin-when-cross-origin\" allowfullscreen><\/iframe><\/p>\n<h2 style=\"text-align: justify;\">Le secteur des activit\u00e9s ambulantes<\/h2>\n<p style=\"text-align: justify;\">Vous \u00eates concern\u00e9 par ce secteur d&rsquo;activit\u00e9 dans le cas o\u00f9 vous \u00eates salari\u00e9, sans <span class=\"tool-tip\" tabindex=\"0\" title=\"\" data-toggle=\"tooltip\" data-definition=\"R14609\" data-original-title=\"Lieu d'habitation officiel et habituel\">domicile <\/span>ni\u00a0<span class=\"tool-tip\" tabindex=\"0\" title=\"\" data-toggle=\"tooltip\" data-definition=\"R18579\" data-original-title=\"Lieu o\u00f9 une personne habite effectivement et de fa\u00e7on stable mais qui n'est pas forc\u00e9ment son domicile\">r\u00e9sidence.<\/span><\/p>\n<p style=\"text-align: justify;\">Cela signifie que g\u00e9n\u00e9ralement, vous \u00eates employ\u00e9 par un marchand forain, un cirque ambulant ou une organisation de tourn\u00e9e th\u00e9\u00e2trale.<\/p>\n<p style=\"text-align: justify;\">Dans votre situation, vous allez \u00eatre affili\u00e9 de diff\u00e9rentes mani\u00e8res :<\/p>\n<ul>\n<li style=\"text-align: justify;\">Dans le cas o\u00f9 les d\u00e9placements s&rsquo;effectuent \u00e0 partir d&rsquo;un point fixe, alors vous serez <strong>d\u00e9pendant de la CPAM<\/strong> dont d\u00e9pend ce point.<\/li>\n<li style=\"text-align: justify;\">Si les d\u00e9placements s&rsquo;effectuent habituellement dans une r\u00e9gion, vous serez alors <strong>d\u00e9pendant de la Caisse Primaire d&rsquo;Assurance Maladie<\/strong> dont d\u00e9pend le centre de cette r\u00e9gion.<\/li>\n<li style=\"text-align: justify;\">Enfin, dans le cas o\u00f9 vos d\u00e9placements ont lieu \u00e0 travers l&rsquo;ensemble du territoire, vous serez <strong>affili\u00e9 \u00e0 la CPAM de Paris<\/strong>.<\/li>\n<\/ul>\n<p style=\"text-align: justify;\"><span style=\"font-weight: 400;\"><div class='cta-block'><div class='text'>Simulez toutes vos Aides en 2 min.<\/div><a href='' class='app-button fit'>Simulation gratuite<\/a><\/div><\/span><\/p>\n<h2 style=\"text-align: justify;\">Les statuts particuliers<\/h2>\n<div id=\"wpdt-shortcode-container\" class=\"pull-right\"><span id=\"wdt-last-table-shortcode-id\">\n<div class=\"wpdt-c row wpDataTableContainerSimpleTable wpDataTables wpDataTablesWrapper\n\"\n    >\n    <table id=\"wpdtSimpleTable-80\"\n           class=\"wpdtSimpleTable wpDataTable\"\n           data-column=\"2\"\n           data-rows=\"11\"\n           data-wpID=\"80\"\n           data-responsive=\"0\"\n           data-has-header=\"1\">\n\n                    <thead>        <tr class=\"wpdt-cell-row \" >\n                            <th class=\"wpdt-cell wpdt-bc-F3F9FE\"\n                                    data-cell-id=\"A1\"\n                data-col-index=\"0\"\n                data-row-index=\"0\"\n                style=\" width:48.571428571429%;                padding:10px;\"\n                >\n                                Domaine d'activit\u00e9 ou entreprise                <\/th>\n                                            <th class=\"wpdt-cell wpdt-bc-F3F9FE\"\n                                    data-cell-id=\"B1\"\n                data-col-index=\"1\"\n                data-row-index=\"0\"\n                style=\" width:51.428571428571%;                padding:10px;\"\n                >\n                                Organisme comp\u00e9tent en mati\u00e8re d'assurance maladie                <\/th>\n                                        <\/tr>\n                    <tbody>        <tr class=\"wpdt-cell-row \" >\n                            <td class=\"wpdt-cell \"\n                                    data-cell-id=\"A2\"\n                data-col-index=\"0\"\n                data-row-index=\"1\"\n                style=\"                padding:10px;\"\n                >\n                                Marin                <\/td>\n                                            <td class=\"wpdt-cell \"\n                                    data-cell-id=\"B2\"\n                data-col-index=\"1\"\n                data-row-index=\"1\"\n                style=\"                padding:10px;\"\n                >\n                                \u00c9tablissement national des invalides de la marine (Enim)                <\/td>\n                                        <\/tr>\n                            <tr class=\"wpdt-cell-row \" >\n                            <td class=\"wpdt-cell \"\n                                    data-cell-id=\"A3\"\n                data-col-index=\"0\"\n                data-row-index=\"2\"\n                style=\"                padding:10px;\"\n                >\n                                Personnel des mines                <\/td>\n                                            <td class=\"wpdt-cell \"\n                                    data-cell-id=\"B3\"\n                data-col-index=\"1\"\n                data-row-index=\"2\"\n                style=\"                padding:10px;\"\n                >\n                                Caisse autonome nationale de s\u00e9curit\u00e9 sociale dans les mines (CANSSM)                <\/td>\n                                        <\/tr>\n                            <tr class=\"wpdt-cell-row \" >\n                            <td class=\"wpdt-cell \"\n                                    data-cell-id=\"A4\"\n                data-col-index=\"0\"\n                data-row-index=\"3\"\n                style=\"                padding:10px;\"\n                >\n                                Personnel du Port autonome de Bordeaux                <\/td>\n                                            <td class=\"wpdt-cell \"\n                                    data-cell-id=\"B4\"\n                data-col-index=\"1\"\n                data-row-index=\"3\"\n                style=\"                padding:10px;\"\n                >\n                                Caisse de pr\u00e9voyance du personnel titulaire du port autonome de Bordeaux                <\/td>\n                                        <\/tr>\n                            <tr class=\"wpdt-cell-row \" >\n                            <td class=\"wpdt-cell \"\n                                    data-cell-id=\"A5\"\n                data-col-index=\"0\"\n                data-row-index=\"4\"\n                style=\"                padding:10px;\"\n                >\n                                Personnel de la SNCF                <\/td>\n                                            <td class=\"wpdt-cell \"\n                                    data-cell-id=\"B5\"\n                data-col-index=\"1\"\n                data-row-index=\"4\"\n                style=\"                padding:10px;\"\n                >\n                                Caisse de pr\u00e9voyance et de retraite de la SNCF (CPR SNCF)                <\/td>\n                                        <\/tr>\n                            <tr class=\"wpdt-cell-row \" >\n                            <td class=\"wpdt-cell \"\n                                    data-cell-id=\"A6\"\n                data-col-index=\"0\"\n                data-row-index=\"5\"\n                style=\"                padding:10px;\"\n                >\n                                Personnel de la RATP                <\/td>\n                                            <td class=\"wpdt-cell \"\n                                    data-cell-id=\"B6\"\n                data-col-index=\"1\"\n                data-row-index=\"5\"\n                style=\"                padding:10px;\"\n                >\n                                Union d\u00e9centralis\u00e9e de protection sociale de la r\u00e9gie autonome des transports parisiens (RATP)                <\/td>\n                                        <\/tr>\n                            <tr class=\"wpdt-cell-row \" >\n                            <td class=\"wpdt-cell \"\n                                    data-cell-id=\"A7\"\n                data-col-index=\"0\"\n                data-row-index=\"6\"\n                style=\"                padding:10px;\"\n                >\n                                Personnel d'EDF\/GDF                <\/td>\n                                            <td class=\"wpdt-cell \"\n                                    data-cell-id=\"B7\"\n                data-col-index=\"1\"\n                data-row-index=\"6\"\n                style=\"                padding:10px;\"\n                >\n                                Caisse d'assurance maladie des industries \u00e9lectriques et gazi\u00e8res (Camieg)                <\/td>\n                                        <\/tr>\n                            <tr class=\"wpdt-cell-row \" >\n                            <td class=\"wpdt-cell \"\n                                    data-cell-id=\"A8\"\n                data-col-index=\"0\"\n                data-row-index=\"7\"\n                style=\"                padding:10px;\"\n                >\n                                Personnel du Port autonome de Bordeaux                <\/td>\n                                            <td class=\"wpdt-cell \"\n                                    data-cell-id=\"B8\"\n                data-col-index=\"1\"\n                data-row-index=\"7\"\n                style=\"                padding:10px;\"\n                >\n                                Personnel de la SNCF                <\/td>\n                                        <\/tr>\n                            <tr class=\"wpdt-cell-row \" >\n                            <td class=\"wpdt-cell \"\n                                    data-cell-id=\"A9\"\n                data-col-index=\"0\"\n                data-row-index=\"8\"\n                style=\"                padding:10px;\"\n                >\n                                Personnel de la RATP                <\/td>\n                                            <td class=\"wpdt-cell \"\n                                    data-cell-id=\"B9\"\n                data-col-index=\"1\"\n                data-row-index=\"8\"\n                style=\"                padding:10px;\"\n                >\n                                Marin                <\/td>\n                                        <\/tr>\n                            <tr class=\"wpdt-cell-row \" >\n                            <td class=\"wpdt-cell \"\n                                    data-cell-id=\"A10\"\n                data-col-index=\"0\"\n                data-row-index=\"9\"\n                style=\"                padding:10px;\"\n                >\n                                Personnel des mines                <\/td>\n                                            <td class=\"wpdt-cell \"\n                                    data-cell-id=\"B10\"\n                data-col-index=\"1\"\n                data-row-index=\"9\"\n                style=\"                padding:10px;\"\n                >\n                                Personnel du Port autonome de Bordeaux                <\/td>\n                                        <\/tr>\n                            <tr class=\"wpdt-cell-row \" >\n                            <td class=\"wpdt-cell \"\n                                    data-cell-id=\"A11\"\n                data-col-index=\"0\"\n                data-row-index=\"10\"\n                style=\"                padding:10px;\"\n                >\n                                Personnel de la Banque de France                <\/td>\n                                            <td class=\"wpdt-cell \"\n                                    data-cell-id=\"B11\"\n                data-col-index=\"1\"\n                data-row-index=\"10\"\n                style=\"                padding:10px;\"\n                >\n                                Caisse de pr\u00e9voyance maladie de la Banque de France (CPM Banque de France)                <\/td>\n                                        <\/tr>\n                    <\/table>\n<\/div><style id='wpdt-custom-style-80'>\ntable#wpdtSimpleTable-80{ table-layout: fixed !important; }\n.wpdt-bc-F3F9FE { background-color: #F3F9FE !important;}\n<\/style>\n<\/span><\/div>\n<h1 style=\"text-align: justify;\">Dans une autre situation : de quelle assurance maladie je d\u00e9pend ?<\/h1>\n<div style=\"text-align: justify;\" data-toggle-scope-seeall=\"chapters\">\n<div class=\"sp-chapter\">\n<div id=\"fiche-item-8\" class=\"fiche-item-content sp-chapter-collapse collapse show\" aria-labelledby=\"fiche-item-aria-8\" aria-hidden=\"false\">\n<div class=\"sp-chapter-content\">\n<p>Dans le cas o\u00f9 vous ne relevez d&rsquo;aucun r\u00e9gime professionnel, il vous est possible, d&rsquo;\u00eatre affili\u00e9 au r\u00e9gime g\u00e9n\u00e9ral sur crit\u00e8re de r\u00e9sidence.<\/p>\n<h2 style=\"text-align: justify;\">Le r\u00e9gime g\u00e9n\u00e9ral<\/h2>\n<p style=\"text-align: justify;\">Le r\u00e9gime g\u00e9n\u00e9ral est le premier r\u00e9gime de la S\u00e9curit\u00e9 sociale. C&rsquo;est le r\u00e9gime qui concerne l\u2019ensemble des salari\u00e9s et assimil\u00e9s. On y retrouve \u00e9galement les travailleurs ind\u00e9pendants non-soumis \u00e0 un r\u00e9gime particulier.<\/p>\n<p style=\"text-align: justify;\">Au niveau national, le r\u00e9gime g\u00e9n\u00e9ral va comporter plusieurs \u00e9tablissements publics nationaux \u00e0 caract\u00e8re administratif.<\/p>\n<p style=\"text-align: justify;\">Cependant, au niveau r\u00e9gional, ce r\u00e9gime g\u00e9n\u00e9ral va se caract\u00e9riser par des organismes de droit priv\u00e9 charg\u00e9s d\u2019une mission de service public.<\/p>\n<p style=\"text-align: justify;\">Le\u00a0r\u00e9gime g\u00e9n\u00e9ral\u00a0se divise en plusieurs branches distinctes\u00a0:<\/p>\n<ul style=\"text-align: justify;\">\n<li>la branche <strong>maladie<\/strong><\/li>\n<li>la branche <strong>accidents du travail<\/strong> et <strong>maladies professionnelles<\/strong><\/li>\n<li>la branche <strong>vieillesse<\/strong><\/li>\n<li>la branche <strong>famille<\/strong><\/li>\n<li>la branche <strong>recouvrement<\/strong><\/li>\n<\/ul>\n<p style=\"text-align: justify;\">Pour pouvoir g\u00e9rer ces diff\u00e9rentes branches, il y a 4 organismes diff\u00e9rents qui ont \u00e9t\u00e9 mis en place :<\/p>\n<ul style=\"text-align: justify;\">\n<li>la Caisse Nationale d\u2019Assurance Maladie des Travailleurs Salari\u00e9s (CNAMTS)<\/li>\n<li>la Caisse Nationale d\u2019Assurance Vieillesse des Travailleurs Salari\u00e9s (CNAVTS)<\/li>\n<li><a href=\"https:\/\/www.urssaf.fr\/portail\/home\/particulier-espace.html\" target=\"_blank\" rel=\"noopener\">l\u2019URSSAF<\/a><\/li>\n<li>la Caisse Nationale des Allocations Familiales (CNAF)<\/li>\n<\/ul>\n<\/div>\n<\/div>\n<\/div>\n<\/div>\n<h2 style=\"text-align: justify;\">Le changement de situation professionnelle <img loading=\"lazy\" decoding=\"async\" class=\" wp-image-56416 alignright\" title=\"comment savoir de quelle caisse d assurance maladie on d\u00e9pend\" src=\"https:\/\/www.mes-allocs.fr\/guides\/wp-content\/uploads\/2022\/09\/avi-richards-Z3ownETsdNQ-unsplash-e1663604511541-300x225.jpg\" alt=\"comment savoir de quelle caisse d assurance maladie on d\u00e9pend\" width=\"392\" height=\"294\" srcset=\"https:\/\/www.mes-allocs.fr\/guides\/wp-content\/uploads\/2022\/09\/avi-richards-Z3ownETsdNQ-unsplash-e1663604511541-300x225.jpg 300w, https:\/\/www.mes-allocs.fr\/guides\/wp-content\/uploads\/2022\/09\/avi-richards-Z3ownETsdNQ-unsplash-e1663604511541-1024x768.jpg 1024w, https:\/\/www.mes-allocs.fr\/guides\/wp-content\/uploads\/2022\/09\/avi-richards-Z3ownETsdNQ-unsplash-e1663604511541-768x576.jpg 768w, https:\/\/www.mes-allocs.fr\/guides\/wp-content\/uploads\/2022\/09\/avi-richards-Z3ownETsdNQ-unsplash-e1663604511541-1536x1152.jpg 1536w, https:\/\/www.mes-allocs.fr\/guides\/wp-content\/uploads\/2022\/09\/avi-richards-Z3ownETsdNQ-unsplash-e1663604511541-600x450.jpg 600w, https:\/\/www.mes-allocs.fr\/guides\/wp-content\/uploads\/2022\/09\/avi-richards-Z3ownETsdNQ-unsplash-e1663604511541.jpg 1920w\" sizes=\"auto, (max-width: 392px) 100vw, 392px\" \/><\/h2>\n<p style=\"text-align: justify;\">En cas de changement de situation professionnelle, vous devrez prendre contact avec votre organisme de s\u00e9curit\u00e9 sociale afin de conna\u00eetre les <strong>d\u00e9marches \u00e0 effectuer<\/strong>.<\/p>\n<p style=\"text-align: justify;\">Dans le cas o\u00f9 vous changez d&rsquo;organisme assurant votre prise en charge des frais de sant\u00e9, c&rsquo;est \u00e0 l&rsquo;ancien organisme de continuer d&rsquo;assurer la prise en charge jusqu&rsquo;\u00e0 ce que le nouvel organisme se mette en place.<\/p>\n<p style=\"text-align: justify;\">Dans le cas o\u00f9 vous \u00eates rattach\u00e9 \u00e0 un nouvel organisme, celui-ci doit alors <strong>effectuer le changement au moyen d&rsquo;un t\u00e9l\u00e9service ou d&rsquo;un formulaire<\/strong>.<\/p>\n<p style=\"text-align: justify;\">Vous recevez l&rsquo;information de votre nouveau rattachement dans un <strong>d\u00e9lai d&rsquo;un mois<\/strong>.<\/p>\n<p>&nbsp;<\/p>\n<h1 style=\"text-align: justify;\">Un point sur la Carte Vitale<\/h1>\n<h2 style=\"text-align: justify;\">Qui va d\u00e9livrer la Carte Vitale ?<\/h2>\n<p style=\"text-align: justify;\">La Carte Vitale va \u00eatre d\u00e9livr\u00e9e d\u00e8s l\u2019\u00e2ge de <strong>16 ans<\/strong> par la Caisse d\u2019Assurance maladie dont vous d\u00e9pendez en tant qu&rsquo;assur\u00e9.<\/p>\n<h2 style=\"text-align: justify;\">\u00c0 quoi sert la Carte Vitale ?<\/h2>\n<p style=\"text-align: justify;\">Cette carte va permettre un processus de remboursement d\u00e9mat\u00e9rialis\u00e9.<\/p>\n<p style=\"text-align: justify;\">Pour r\u00e9sumer, gr\u00e2ce \u00e0 cette carte, il n&rsquo;y a plus besoin de feuilles de soins, \u00e0 partir du moment o\u00f9 la carte est pr\u00e9sent\u00e9e \u00e0 un professionnel de sant\u00e9. Ce professionnel de sant\u00e9 doit obligatoirement \u00eatre reli\u00e9 au r\u00e9seau Sesam-Vitale.<\/p>\n<p style=\"text-align: justify;\">La Carte Vitale ne comporte aucune information m\u00e9dicale sur son d\u00e9tenteur. En effet, son but est seulement d&rsquo;effectuer des \u00e9l\u00e9ments d\u2019ordre administratif qui vont \u00eatre n\u00e9cessaires aux remboursements des soins.<\/p>\n<p style=\"text-align: justify;\">La Carte Vitale ne fonctionne <strong>que sur le territoire fran\u00e7ais<\/strong>.<\/p>\n<h2 style=\"text-align: justify;\">Le compte Ameli pour le r\u00e9gime g\u00e9n\u00e9ral<\/h2>\n<p class=\"amp-wp-7d27179\" style=\"text-align: justify;\" data-amp-original-style=\"text-align: justify;\">Le site internet de la Caisse Primaire d\u2019Assurance Maladie \u00ab\u00a0ameli.fr\u00a0\u00bb va permettre aux affili\u00e9s d&rsquo;avoir acc\u00e8s \u00e0 <strong>toutes les informations concernant leur compte<\/strong>.<\/p>\n<p style=\"text-align: justify;\" data-amp-original-style=\"text-align: justify;\">Cette plateforme internet est accessible pour toutes les personnes affili\u00e9es \u00e0 une CPAM.<\/p>\n<p style=\"text-align: justify;\" data-amp-original-style=\"text-align: justify;\">Cela signifie que la plateforme est disponible pour tous les salari\u00e9s et non-salari\u00e9s qui sont affili\u00e9s au r\u00e9gime g\u00e9n\u00e9ral ou \u00e0 des r\u00e9gimes partenaires.<\/p>\n<p class=\"amp-wp-7d27179\" style=\"text-align: justify;\" data-amp-original-style=\"text-align: justify;\">Gr\u00e2ce \u00e0 votre compte Ameli, vous pouvez :<\/p>\n<ul>\n<li class=\"amp-wp-7d27179\" style=\"text-align: justify;\" data-amp-original-style=\"text-align: justify;\">suivre vos remboursements ou vos indemnit\u00e9s journali\u00e8res,<\/li>\n<li class=\"amp-wp-7d27179\" style=\"text-align: justify;\" data-amp-original-style=\"text-align: justify;\">suivre l\u2019impression de vos attestations,<\/li>\n<li class=\"amp-wp-7d27179\" style=\"text-align: justify;\" data-amp-original-style=\"text-align: justify;\">voir les d\u00e9clarations de votre m\u00e9decin traitant,<\/li>\n<li style=\"text-align: justify;\" data-amp-original-style=\"text-align: justify;\">prendre contact avec votre CPAM.<\/li>\n<\/ul>\n<p>&nbsp;<\/p>\n<p data-amp-original-style=\"text-align: justify;\"><span style=\"font-weight: 400;\"><div class='cta-block'><div class='text'>Simulez toutes vos Aides en 2 min.<\/div><a href='' class='app-button fit'><\/a><\/div><\/span><\/p>\n","protected":false},"excerpt":{"rendered":"<p>&nbsp; L&rsquo;organisme de s\u00e9curit\u00e9 sociale auquel vous \u00eates rattach\u00e9 en mati\u00e8re d&rsquo;assurance maladie va d\u00e9pendre de votre activit\u00e9 professionnelle. En effet, c&rsquo;est le seul \u00e9l\u00e9ment qui va \u00eatre pris en compte pour comment savoir de quelle caisse d&rsquo;assurance maladie on d\u00e9pend.\u00a0\u00a0 Mes Allocs vous les d\u00e9taille juste ici.\u00a0 Les diff\u00e9rents secteurs d&rsquo;activit\u00e9 et leur assurance [&hellip;]<\/p>\n","protected":false},"author":20,"featured_media":58247,"comment_status":"closed","ping_status":"open","sticky":false,"template":"","format":"standard","meta":{"amp_status":"","footnotes":""},"categories":[21657,22552],"tags":[],"class_list":["post-56404","post","type-post","status-publish","format-standard","has-post-thumbnail","hentry","category-assurance-maladie","category-comment-assurance-maladie"],"yoast_head":"<!-- This site is optimized with the Yoast SEO plugin v14.9 - https:\/\/yoast.com\/wordpress\/plugins\/seo\/ -->\n<title>Comment conna\u00eetre sa caisse d&#039;Assurance Maladie ? | Mes-Allocs.fr<\/title>\n<meta name=\"description\" content=\"L&#039;organisme de s\u00e9curit\u00e9 sociale auquel vous \u00eates rattach\u00e9 va d\u00e9pendre de votre activit\u00e9 professionnelle. D\u00e9couvrez laquelle est la votre.\" \/>\n<meta name=\"robots\" content=\"index, follow, max-snippet:-1, max-image-preview:large, max-video-preview:-1\" \/>\n<link rel=\"canonical\" href=\"https:\/\/www.mes-allocs.fr\/guides\/assurance-maladie\/comment-assurance-maladie\/comment-savoir-de-quelle-caisse-d-assurance-maladie-on-depend\/\" \/>\n<meta property=\"og:locale\" content=\"fr_FR\" \/>\n<meta property=\"og:type\" content=\"article\" \/>\n<meta property=\"og:title\" content=\"Comment conna\u00eetre sa caisse d&#039;Assurance Maladie ? | Mes-Allocs.fr\" \/>\n<meta property=\"og:description\" content=\"L&#039;organisme de s\u00e9curit\u00e9 sociale auquel vous \u00eates rattach\u00e9 va d\u00e9pendre de votre activit\u00e9 professionnelle. D\u00e9couvrez laquelle est la votre.\" \/>\n<meta property=\"og:url\" content=\"https:\/\/www.mes-allocs.fr\/guides\/assurance-maladie\/comment-assurance-maladie\/comment-savoir-de-quelle-caisse-d-assurance-maladie-on-depend\/\" \/>\n<meta property=\"og:site_name\" content=\"Mes-Allocs.fr\" \/>\n<meta property=\"article:published_time\" content=\"2022-11-18T15:42:10+00:00\" \/>\n<meta property=\"article:modified_time\" content=\"2025-03-18T16:05:50+00:00\" \/>\n<meta property=\"og:image\" content=\"https:\/\/www.mes-allocs.fr\/guides\/wp-content\/uploads\/2022\/11\/image_2022-11-18_162828533-e1668785329255.png?wsr\" \/>\n\t<meta property=\"og:image:width\" content=\"705\" \/>\n\t<meta property=\"og:image:height\" content=\"595\" \/>\n<meta name=\"twitter:card\" content=\"summary_large_image\" \/>\n<script type=\"application\/ld+json\" class=\"yoast-schema-graph\">{\"@context\":\"https:\/\/schema.org\",\"@graph\":[{\"@type\":\"WebSite\",\"@id\":\"https:\/\/www.mes-allocs.fr\/guides\/#website\",\"url\":\"https:\/\/www.mes-allocs.fr\/guides\/\",\"name\":\"Mes-Allocs.fr\",\"description\":\"\",\"potentialAction\":[{\"@type\":\"SearchAction\",\"target\":\"https:\/\/www.mes-allocs.fr\/guides\/?s={search_term_string}\",\"query-input\":\"required name=search_term_string\"}],\"inLanguage\":\"fr-FR\"},{\"@type\":\"ImageObject\",\"@id\":\"https:\/\/www.mes-allocs.fr\/guides\/assurance-maladie\/comment-assurance-maladie\/comment-savoir-de-quelle-caisse-d-assurance-maladie-on-depend\/#primaryimage\",\"inLanguage\":\"fr-FR\",\"url\":\"https:\/\/www.mes-allocs.fr\/guides\/wp-content\/uploads\/2022\/11\/image_2022-11-18_162828533-e1668785329255.png?wsr\",\"width\":705,\"height\":595,\"caption\":\"comment savoir de quelle caisse d assurance maladie on d\\u00e9pend\"},{\"@type\":\"WebPage\",\"@id\":\"https:\/\/www.mes-allocs.fr\/guides\/assurance-maladie\/comment-assurance-maladie\/comment-savoir-de-quelle-caisse-d-assurance-maladie-on-depend\/#webpage\",\"url\":\"https:\/\/www.mes-allocs.fr\/guides\/assurance-maladie\/comment-assurance-maladie\/comment-savoir-de-quelle-caisse-d-assurance-maladie-on-depend\/\",\"name\":\"Comment conna\\u00eetre sa caisse d'Assurance Maladie ? | Mes-Allocs.fr\",\"isPartOf\":{\"@id\":\"https:\/\/www.mes-allocs.fr\/guides\/#website\"},\"primaryImageOfPage\":{\"@id\":\"https:\/\/www.mes-allocs.fr\/guides\/assurance-maladie\/comment-assurance-maladie\/comment-savoir-de-quelle-caisse-d-assurance-maladie-on-depend\/#primaryimage\"},\"datePublished\":\"2022-11-18T15:42:10+00:00\",\"dateModified\":\"2025-03-18T16:05:50+00:00\",\"author\":{\"@id\":\"https:\/\/www.mes-allocs.fr\/guides\/#\/schema\/person\/eca732c2727a3765a4c66d5449689eae\"},\"description\":\"L'organisme de s\\u00e9curit\\u00e9 sociale auquel vous \\u00eates rattach\\u00e9 va d\\u00e9pendre de votre activit\\u00e9 professionnelle. D\\u00e9couvrez laquelle est la votre.\",\"inLanguage\":\"fr-FR\"},{\"@type\":\"Person\",\"@id\":\"https:\/\/www.mes-allocs.fr\/guides\/#\/schema\/person\/eca732c2727a3765a4c66d5449689eae\",\"name\":\"Sandrine Tonton\",\"image\":{\"@type\":\"ImageObject\",\"@id\":\"https:\/\/www.mes-allocs.fr\/guides\/#personlogo\",\"inLanguage\":\"fr-FR\",\"url\":\"https:\/\/www.mes-allocs.fr\/guides\/wp-content\/uploads\/2022\/11\/IMG_20220508_002153_306-1-150x150.jpg\",\"caption\":\"Sandrine Tonton\"},\"description\":\"Sandrine est une r\\u00e9dactrice sp\\u00e9cialis\\u00e9e sur le th\\u00e8me du pouvoir d'achat. Elle rejoint l'\\u00e9quipe Mes Allocs en novembre 2022 afin de simplifier l'acc\\u00e8s \\u00e0 l'information sur les aides en g\\u00e9n\\u00e9ral.\",\"sameAs\":[\"https:\/\/www.linkedin.com\/in\/sandrine-tonton\/\"]}]}<\/script>\n<!-- \/ Yoast SEO plugin. -->","amp_validity":null,"acf":{"faq":{"1":{"question":"","answer":""},"2":{"question":"","answer":""},"3":{"question":"","answer":""},"4":{"question":"","answer":""},"5":{"question":"","answer":""},"6":{"question":"","answer":""},"7":{"question":"","answer":""},"8":{"question":"","answer":""},"9":{"question":"","answer":""},"10":{"question":"","answer":""},"11":{"question":"","answer":""},"12":{"question":"","answer":""},"13":{"question":"","answer":""},"14":{"question":"","answer":""},"15":{"question":"","answer":""},"16":{"question":"","answer":""}}},"_links":{"self":[{"href":"https:\/\/www.mes-allocs.fr\/guides\/wp-json\/wp\/v2\/posts\/56404","targetHints":{"allow":["GET"]}}],"collection":[{"href":"https:\/\/www.mes-allocs.fr\/guides\/wp-json\/wp\/v2\/posts"}],"about":[{"href":"https:\/\/www.mes-allocs.fr\/guides\/wp-json\/wp\/v2\/types\/post"}],"author":[{"embeddable":true,"href":"https:\/\/www.mes-allocs.fr\/guides\/wp-json\/wp\/v2\/users\/20"}],"replies":[{"embeddable":true,"href":"https:\/\/www.mes-allocs.fr\/guides\/wp-json\/wp\/v2\/comments?post=56404"}],"version-history":[{"count":14,"href":"https:\/\/www.mes-allocs.fr\/guides\/wp-json\/wp\/v2\/posts\/56404\/revisions"}],"predecessor-version":[{"id":96048,"href":"https:\/\/www.mes-allocs.fr\/guides\/wp-json\/wp\/v2\/posts\/56404\/revisions\/96048"}],"wp:featuredmedia":[{"embeddable":true,"href":"https:\/\/www.mes-allocs.fr\/guides\/wp-json\/wp\/v2\/media\/58247"}],"wp:attachment":[{"href":"https:\/\/www.mes-allocs.fr\/guides\/wp-json\/wp\/v2\/media?parent=56404"}],"wp:term":[{"taxonomy":"category","embeddable":true,"href":"https:\/\/www.mes-allocs.fr\/guides\/wp-json\/wp\/v2\/categories?post=56404"},{"taxonomy":"post_tag","embeddable":true,"href":"https:\/\/www.mes-allocs.fr\/guides\/wp-json\/wp\/v2\/tags?post=56404"}],"curies":[{"name":"wp","href":"https:\/\/api.w.org\/{rel}","templated":true}]}}