{"id":56365,"date":"2022-11-18T18:25:53","date_gmt":"2022-11-18T16:25:53","guid":{"rendered":"https:\/\/www.mes-allocs.fr\/guides\/?p=56365"},"modified":"2026-02-18T16:10:38","modified_gmt":"2026-02-18T15:10:38","slug":"complement-familial-fonction-publique-hospitaliere","status":"publish","type":"post","link":"https:\/\/www.mes-allocs.fr\/guides\/allocations-familiales\/complement-familial\/conditions-complement-familial\/complement-familial-fonction-publique-hospitaliere\/","title":{"rendered":"Le compl\u00e9ment familial dans la fonction publique hospitali\u00e8re"},"content":{"rendered":"<p><img loading=\"lazy\" decoding=\"async\" class=\"aligncenter wp-image-58260 \" title=\"compl\u00e9ment familial fonction publique hospitali\u00e8re\" src=\"https:\/\/www.mes-allocs.fr\/guides\/wp-content\/uploads\/2022\/11\/image_2022-11-18_172223804-e1686567924839.png\" alt=\"compl\u00e9ment familial fonction publique hospitali\u00e8re\" width=\"1381\" height=\"244\" srcset=\"https:\/\/www.mes-allocs.fr\/guides\/wp-content\/uploads\/2022\/11\/image_2022-11-18_172223804-e1686567924839.png 1035w, https:\/\/www.mes-allocs.fr\/guides\/wp-content\/uploads\/2022\/11\/image_2022-11-18_172223804-e1686567924839-300x53.png 300w, https:\/\/www.mes-allocs.fr\/guides\/wp-content\/uploads\/2022\/11\/image_2022-11-18_172223804-e1686567924839-1024x181.png 1024w, https:\/\/www.mes-allocs.fr\/guides\/wp-content\/uploads\/2022\/11\/image_2022-11-18_172223804-e1686567924839-768x136.png 768w, https:\/\/www.mes-allocs.fr\/guides\/wp-content\/uploads\/2022\/11\/image_2022-11-18_172223804-e1686567924839-600x106.png 600w\" sizes=\"auto, (max-width: 1381px) 100vw, 1381px\" \/><\/p>\n<p style=\"text-align: justify;\">[Mis \u00e0 jour le 18\/02\/2026] Le compl\u00e9ment familial est un compl\u00e9ment de ressources que l&rsquo;on retrouve parmi les <a href=\"https:\/\/www.mes-allocs.fr\/guides\/allocations-familiales\/\" target=\"_blank\" rel=\"noopener\">allocations familiales<\/a>. C&rsquo;est une prestation de la Caisse d\u2019Allocations Familiales (CAF) ou de la Mutualit\u00e9 Sociale Agricole (MSA). Cette prestation sociale est disponible si vous \u00eates une famille nombreuse, et que vos revenus sont modestes.<\/p>\n<p style=\"text-align: justify;\">Mes Allocs vous explique tout concernant cette aide pour la fonction publique hospitali\u00e8re.<\/p>\n<hr \/>\n<h1 style=\"text-align: justify;\">Qu&rsquo;est-ce que le compl\u00e9ment familial ?<\/h1>\n<p style=\"text-align: justify;\">Le compl\u00e9ment familial est une prestation familiale de la PAJE (Prestation d\u2019Accueil du Jeune Enfant).<\/p>\n<p class=\"c-darker c-link ff-header fs-m w-100 p-r mb-2 fs-sm@lg\" style=\"text-align: justify;\">Ce compl\u00e9ment est destin\u00e9 aux parents isol\u00e9s et aux couples qui ne disposent pas de ressources suffisantes. Pour cela, il faut avoir au moins trois enfants \u00e2g\u00e9s de plus de 3 ans \u00e0 charge et de moins de 21 ans. Le compl\u00e9ment familial est accord\u00e9 par la CAF ou la MSA (Mutualit\u00e9 Sociale Agricole) dans le cas o\u00f9 vous d\u00e9pendez du r\u00e9gime agricole.<\/p>\n<h2 style=\"text-align: justify;\">Les conditions pour obtenir le compl\u00e9ment familial<\/h2>\n<p style=\"text-align: justify;\">Le compl\u00e9ment familial va \u00eatre vers\u00e9 sous conditions.<\/p>\n<h3 style=\"text-align: justify;\">Les conditions li\u00e9es \u00e0 la famille<\/h3>\n<div style=\"text-align: justify;\">\n<p>Vous devez avoir au moins 3\u00a0enfants \u00e0 charge. Ils doivent \u00eatre\u00a0\u00e2g\u00e9s de plus de 3 ans et de moins de 21 ans.<\/p>\n<\/div>\n<h3 style=\"text-align: justify;\"><span id=\"Conditions_liees_a_la_residence\">Les conditions li\u00e9es \u00e0 la r\u00e9sidence<\/span><\/h3>\n<p style=\"text-align: justify;\">Le compl\u00e9ment familial est accord\u00e9 aux personnes qui r\u00e9sident en France. Pour les ressortissants de l\u2019Union europ\u00e9enne, de l\u2019Espace \u00c9conomique Europ\u00e9en ou de la Suisse, il faudra remplir les conditions de droit au s\u00e9jour.<\/p>\n<p style=\"text-align: justify;\">Les \u00e9trangers non ressortissants de l\u2019Union europ\u00e9enne, de l\u2019Espace \u00c9conomique Europ\u00e9en ou de la Suisse devront disposer d\u2019un titre de s\u00e9jour en cours de validit\u00e9. Ils devront aussi attester de leur situation r\u00e9guli\u00e8re en France et justifier de l\u2019entr\u00e9e r\u00e9guli\u00e8re en France des enfants n\u00e9s \u00e0 l\u2019\u00e9tranger.<\/p>\n<p style=\"text-align: justify;\">Concernant les personnes sans domicile stable, elles devront \u00e9lire domicile aupr\u00e8s d\u2019un Centre Communal d\u2019Action Sociale (CCAS) ou d\u2019un organisme agr\u00e9\u00e9.<\/p>\n<p><span style=\"font-weight: 400;\"><div class='cta-block'><div class='text'>Simulez toutes vos Aides en 2 min.<\/div><a href='' class='app-button fit'>Simulation gratuite<\/a><\/div><\/span><\/p>\n<h3 style=\"text-align: justify;\"><span id=\"Conditions_de_ressources\">Les conditions de ressources<\/span><\/h3>\n<p style=\"text-align: justify;\">Pour obtenir cette prestation, il faut \u00e9galement respecter certaines conditions de ressources. Cela signifie que pour pouvoir en b\u00e9n\u00e9ficier, il est imp\u00e9ratif que vous respectiez les plafonds de ressources. Pour l\u2019ann\u00e9e 2026, ce sont vos revenus de l&rsquo;ann\u00e9e N-2, soit 2024 qui seront pris en compte. C\u2019est le revenu net cat\u00e9goriel qui est pris en compte.<\/p>\n<p style=\"text-align: justify;\">Ces crit\u00e8res de ressources sont \u00e9tablis selon la composition de votre foyer.<\/p>\n<h1 style=\"text-align: justify;\" data-amp-original-style=\"text-align: justify;\">Le Suppl\u00e9ment Familial de Traitement (SFT)<\/h1>\n<p style=\"text-align: justify;\">Le Suppl\u00e9ment Familial de Traitement (SFT) est un compl\u00e9ment de r\u00e9mun\u00e9ration vers\u00e9 \u00e0 tout agent public qui a au moins 1\u00a0enfant\u00a0de\u00a0moins de 20 ans\u00a0\u00e0 charge.<\/p>\n<h2 style=\"text-align: justify;\">Lorsque les deux parents sont des agents de la fonction publique <img loading=\"lazy\" decoding=\"async\" class=\" wp-image-57744 alignright\" title=\"compl\u00e9ment familial fonction publique hospitali\u00e8re\" src=\"https:\/\/www.mes-allocs.fr\/guides\/wp-content\/uploads\/2022\/11\/jimmy-dean-Qngdf0kgGB4-unsplash-e1667489732873-300x201.jpg\" alt=\"compl\u00e9ment familial fonction publique hospitali\u00e8re\" width=\"372\" height=\"249\" srcset=\"https:\/\/www.mes-allocs.fr\/guides\/wp-content\/uploads\/2022\/11\/jimmy-dean-Qngdf0kgGB4-unsplash-e1667489732873-300x201.jpg 300w, https:\/\/www.mes-allocs.fr\/guides\/wp-content\/uploads\/2022\/11\/jimmy-dean-Qngdf0kgGB4-unsplash-e1667489732873-1024x685.jpg 1024w, https:\/\/www.mes-allocs.fr\/guides\/wp-content\/uploads\/2022\/11\/jimmy-dean-Qngdf0kgGB4-unsplash-e1667489732873-768x514.jpg 768w, https:\/\/www.mes-allocs.fr\/guides\/wp-content\/uploads\/2022\/11\/jimmy-dean-Qngdf0kgGB4-unsplash-e1667489732873-1536x1027.jpg 1536w, https:\/\/www.mes-allocs.fr\/guides\/wp-content\/uploads\/2022\/11\/jimmy-dean-Qngdf0kgGB4-unsplash-e1667489732873-600x401.jpg 600w, https:\/\/www.mes-allocs.fr\/guides\/wp-content\/uploads\/2022\/11\/jimmy-dean-Qngdf0kgGB4-unsplash-e1667489732873.jpg 1920w\" sizes=\"auto, (max-width: 372px) 100vw, 372px\" \/><\/h2>\n<p style=\"text-align: justify;\">Dans le cas o\u00f9 les deux parents sont agents publics, le SFT n&rsquo;est vers\u00e9 qu&rsquo;\u00e0 un seul d&rsquo;entre eux. Il est vers\u00e9 sur la base d&rsquo;une d\u00e9claration commune de choix du b\u00e9n\u00e9ficiaire.<\/p>\n<p style=\"text-align: justify;\">Apr\u00e8s un d\u00e9lai d&rsquo;un an, le b\u00e9n\u00e9ficiaire peut \u00eatre modifi\u00e9.<\/p>\n<h2 style=\"text-align: justify;\">En cas de s\u00e9paration des parents qui sont tous les 2 agents publics<\/h2>\n<p style=\"text-align: justify;\">Dans le cas o\u00f9 l&rsquo;un des parents a la garde de tous les enfants, le SFT va \u00eatre calcul\u00e9 sur la base de l&rsquo;indice major\u00e9 du parent qui a la garde.<\/p>\n<p style=\"text-align: justify;\">Mais dans le cas o\u00f9 chacun des parents a la garde d&rsquo;un ou plusieurs enfants, chacun d&rsquo;eux percevra un SFT qui sera calcul\u00e9 selon l&rsquo;indice et le nombre d&rsquo;enfants \u00e0 sa charge.<\/p>\n<p style=\"text-align: justify;\">Dans les 2 cas, il est possible de demander que le SFT soit calcul\u00e9 selon l&rsquo;indice de l&rsquo;ex-conjoint de l&rsquo;agent public. Cela peut se faire si l&rsquo;indice est plus \u00e9lev\u00e9, en prenant en compte tous les enfants dont il a la charge.<\/p>\n<p style=\"text-align: justify;\">Pour cela, il faut en faire la demande par \u00e9crit au service gestionnaire de l&rsquo;ex-conjoint.<\/p>\n<h2 style=\"text-align: justify;\">En cas de divorce des parents avec un seul agent public<\/h2>\n<h3 style=\"text-align: justify;\">Droit de garde accord\u00e9 \u00e0 un seul parent<\/h3>\n<p style=\"text-align: justify;\">Le SFT va \u00eatre calcul\u00e9 en prenant en compte tous les enfants dont l&rsquo;agent public est le parent ou a la charge. Le SFT est calcul\u00e9 \u00e9galement en fonction de son indice.<\/p>\n<p style=\"text-align: justify;\">Le SFT va \u00eatre vers\u00e9 \u00e0 chaque ex-conjoint proportionnellement au nombre d&rsquo;enfants \u00e0 charge.<\/p>\n<p style=\"text-align: justify;\">Si le parent non-agent public a la garde de tous les enfants, c&rsquo;est alors lui qui per\u00e7oit la totalit\u00e9 du SFT.<\/p>\n<h1 style=\"text-align: justify;\">Comment faire la demande de SFT ?<\/h1>\n<p style=\"text-align: justify;\">Il faut en faire la demande directement par \u00e9crit \u00e0 votre direction des ressources humaines.<\/p>\n<h1 style=\"text-align: justify;\">Le versement du SFT<\/h1>\n<p style=\"text-align: justify;\">Le SFT est vers\u00e9 chaque mois. Il est vers\u00e9 \u00e0 partir du 1<sup>er<\/sup>\u00a0jour du mois suivant celui au cours duquel les conditions pour en b\u00e9n\u00e9ficier sont remplies.<\/p>\n<p style=\"text-align: justify;\">Le versement s&rsquo;arr\u00eate d\u00e8s le 1<sup>er<\/sup>\u00a0jour du mois au cours duquel les conditions ne sont plus remplies.<\/p>\n<h1 style=\"text-align: justify;\">Le montant du SFT<\/h1>\n<p style=\"text-align: justify;\">Le montant du\u00a0SFT d\u00e9pend du nombre d&rsquo;enfants \u00e0 votre charge et de votre\u00a0traitement indiciaire brut.<\/p>\n<p style=\"text-align: justify;\">Le montant du SFT comprend un \u00e9l\u00e9ment fixe. Cet \u00e9l\u00e9ment fixe va d\u00e9pendre du nombre d&rsquo;enfants \u00e0 votre charge et un \u00e9l\u00e9ment proportionnel \u00e0 votre traitement indiciaire brut.<\/p>\n<p style=\"text-align: justify;\">Dans le cas o\u00f9 vous percevez une Nouvelle Bonification Indiciaire (NBI), celle-ci va s&rsquo;ajouter \u00e0 votre traitement indiciaire pour le calcul du SFT.<\/p>\n<p style=\"text-align: justify;\">Le montant minimum du SFT est le SFT qui va correspondre \u00e0 l&rsquo;indice major\u00e9 454 et le montant maximum est le SFT qui correspond \u00e0 l&rsquo;indice major\u00e9 722.<\/p>\n<h2 style=\"text-align: justify;\">Le traitement indiciaire brut<\/h2>\n<p style=\"text-align: justify;\">La r\u00e9mun\u00e9ration d&rsquo;un agent de la fonction publique se compose notamment d&rsquo;un traitement indiciaire. Ce traitement indiciaire d\u00e9pend du grade et de l&rsquo;\u00e9chelon d\u00e9tenu dans ce grade.<\/p>\n<p style=\"text-align: justify;\">Chaque grade comprend un nombre d&rsquo;\u00e9chelons fix\u00e9 par d\u00e9cret. A\u00a0chaque \u00e9chelon correspond un indice brut (IB).<\/p>\n<p style=\"text-align: justify;\">Ensuite, \u00e0 chaque indice brut, correspond un indice major\u00e9 (IM) selon un bar\u00e8me d\u00e9fini par d\u00e9cret.<\/p>\n<p style=\"text-align: justify;\">Les indices bruts vont s&rsquo;\u00e9chelonner de 100 \u00e0 1 027. Les indices major\u00e9s, eux, vont s&rsquo;\u00e9chelonner de 203 \u00e0 830.<\/p>\n<p style=\"text-align: justify;\">Concernant le calcul du traitement indiciaire, c&rsquo;est l&rsquo;indice major\u00e9 (IM) qui est pris en compte.<\/p>\n<p><span style=\"font-weight: 400;\"><div class='cta-block'><div class='text'>Simulez toutes vos Aides en 2 min.<\/div><a href='' class='app-button fit'>Simulation gratuite<\/a><\/div><\/span><\/p>\n<h3 style=\"text-align: justify;\">Le calcul du traitement indiciaire brut<\/h3>\n<p style=\"text-align: justify;\">Le traitement indiciaire brut va \u00eatre calcul\u00e9 en fonction de la valeur du traitement indiciaire brut annuel. Celui-ci correspond \u00e0 l&rsquo;indice major\u00e9 100.<\/p>\n<p style=\"text-align: justify;\">Cette valeur est fix\u00e9e par un d\u00e9cret.<\/p>\n<h4 style=\"text-align: justify;\">Le traitement indiciaire brut minimum<\/h4>\n<p style=\"text-align: justify;\">Dans le cas o\u00f9 vous occupez un emploi \u00e0 temps complet, votre traitement indiciaire brut ne peut pas \u00eatre inf\u00e9rieur au traitement indiciaire brut qui va correspondre \u00e0 l&rsquo;indice major\u00e9 352.<\/p>\n<p style=\"text-align: justify;\">Dans le cas o\u00f9 vous occupez un emploi \u00e0 temps partiel, le montant du traitement minimum va \u00eatre r\u00e9duit proportionnellement \u00e0 votre dur\u00e9e de travail.<\/p>\n","protected":false},"excerpt":{"rendered":"<p>[Mis \u00e0 jour le 18\/02\/2026] Le compl\u00e9ment familial est un compl\u00e9ment de ressources que l&rsquo;on retrouve parmi les allocations familiales. C&rsquo;est une prestation de la Caisse d\u2019Allocations Familiales (CAF) ou de la Mutualit\u00e9 Sociale Agricole (MSA). Cette prestation sociale est disponible si vous \u00eates une famille nombreuse, et que vos revenus sont modestes. Mes Allocs [&hellip;]<\/p>\n","protected":false},"author":20,"featured_media":57743,"comment_status":"closed","ping_status":"open","sticky":false,"template":"","format":"standard","meta":{"amp_status":"","footnotes":""},"categories":[10,13216,17024],"tags":[],"class_list":["post-56365","post","type-post","status-publish","format-standard","has-post-thumbnail","hentry","category-allocations-familiales","category-complement-familial","category-conditions-complement-familial"],"yoast_head":"<!-- This site is optimized with the Yoast SEO plugin v14.9 - https:\/\/yoast.com\/wordpress\/plugins\/seo\/ -->\n<title>Le compl\u00e9ment familial dans la fonction publique hospitali\u00e8re<\/title>\n<meta name=\"description\" content=\"Cette prestation sociale est disponible si vous \u00eates une famille nombreuse, et que vos revenus sont modestes.\" \/>\n<meta name=\"robots\" content=\"index, follow, max-snippet:-1, max-image-preview:large, max-video-preview:-1\" \/>\n<link rel=\"canonical\" href=\"https:\/\/www.mes-allocs.fr\/guides\/allocations-familiales\/complement-familial\/conditions-complement-familial\/complement-familial-fonction-publique-hospitaliere\/\" \/>\n<meta property=\"og:locale\" content=\"fr_FR\" \/>\n<meta property=\"og:type\" content=\"article\" \/>\n<meta property=\"og:title\" content=\"Le compl\u00e9ment familial dans la fonction publique hospitali\u00e8re\" \/>\n<meta property=\"og:description\" content=\"Cette prestation sociale est disponible si vous \u00eates une famille nombreuse, et que vos revenus sont modestes.\" \/>\n<meta property=\"og:url\" content=\"https:\/\/www.mes-allocs.fr\/guides\/allocations-familiales\/complement-familial\/conditions-complement-familial\/complement-familial-fonction-publique-hospitaliere\/\" \/>\n<meta property=\"og:site_name\" content=\"Mes-Allocs.fr\" \/>\n<meta property=\"article:published_time\" content=\"2022-11-18T16:25:53+00:00\" \/>\n<meta property=\"article:modified_time\" content=\"2026-02-18T15:10:38+00:00\" \/>\n<meta property=\"og:image\" content=\"https:\/\/www.mes-allocs.fr\/guides\/wp-content\/uploads\/2022\/11\/sarah-medina-KmHBlHFAtms-unsplash.jpg?wsr\" \/>\n\t<meta property=\"og:image:width\" content=\"1920\" \/>\n\t<meta property=\"og:image:height\" content=\"1280\" \/>\n<meta name=\"twitter:card\" content=\"summary_large_image\" \/>\n<script type=\"application\/ld+json\" class=\"yoast-schema-graph\">{\"@context\":\"https:\/\/schema.org\",\"@graph\":[{\"@type\":\"WebSite\",\"@id\":\"https:\/\/www.mes-allocs.fr\/guides\/#website\",\"url\":\"https:\/\/www.mes-allocs.fr\/guides\/\",\"name\":\"Mes-Allocs.fr\",\"description\":\"\",\"potentialAction\":[{\"@type\":\"SearchAction\",\"target\":\"https:\/\/www.mes-allocs.fr\/guides\/?s={search_term_string}\",\"query-input\":\"required name=search_term_string\"}],\"inLanguage\":\"fr-FR\"},{\"@type\":\"ImageObject\",\"@id\":\"https:\/\/www.mes-allocs.fr\/guides\/allocations-familiales\/complement-familial\/conditions-complement-familial\/complement-familial-fonction-publique-hospitaliere\/#primaryimage\",\"inLanguage\":\"fr-FR\",\"url\":\"https:\/\/www.mes-allocs.fr\/guides\/wp-content\/uploads\/2022\/11\/sarah-medina-KmHBlHFAtms-unsplash.jpg?wsr\",\"width\":1920,\"height\":1280,\"caption\":\"compl\\u00e9ment familial fonction publique hospitali\\u00e8re\"},{\"@type\":\"WebPage\",\"@id\":\"https:\/\/www.mes-allocs.fr\/guides\/allocations-familiales\/complement-familial\/conditions-complement-familial\/complement-familial-fonction-publique-hospitaliere\/#webpage\",\"url\":\"https:\/\/www.mes-allocs.fr\/guides\/allocations-familiales\/complement-familial\/conditions-complement-familial\/complement-familial-fonction-publique-hospitaliere\/\",\"name\":\"Le compl\\u00e9ment familial dans la fonction publique hospitali\\u00e8re\",\"isPartOf\":{\"@id\":\"https:\/\/www.mes-allocs.fr\/guides\/#website\"},\"primaryImageOfPage\":{\"@id\":\"https:\/\/www.mes-allocs.fr\/guides\/allocations-familiales\/complement-familial\/conditions-complement-familial\/complement-familial-fonction-publique-hospitaliere\/#primaryimage\"},\"datePublished\":\"2022-11-18T16:25:53+00:00\",\"dateModified\":\"2026-02-18T15:10:38+00:00\",\"author\":{\"@id\":\"https:\/\/www.mes-allocs.fr\/guides\/#\/schema\/person\/eca732c2727a3765a4c66d5449689eae\"},\"description\":\"Cette prestation sociale est disponible si vous \\u00eates une famille nombreuse, et que vos revenus sont modestes.\",\"inLanguage\":\"fr-FR\"},{\"@type\":\"Person\",\"@id\":\"https:\/\/www.mes-allocs.fr\/guides\/#\/schema\/person\/eca732c2727a3765a4c66d5449689eae\",\"name\":\"Sandrine Tonton\",\"image\":{\"@type\":\"ImageObject\",\"@id\":\"https:\/\/www.mes-allocs.fr\/guides\/#personlogo\",\"inLanguage\":\"fr-FR\",\"url\":\"https:\/\/www.mes-allocs.fr\/guides\/wp-content\/uploads\/2022\/11\/IMG_20220508_002153_306-1-150x150.jpg\",\"caption\":\"Sandrine Tonton\"},\"description\":\"Sandrine est une r\\u00e9dactrice sp\\u00e9cialis\\u00e9e sur le th\\u00e8me du pouvoir d'achat. Elle rejoint l'\\u00e9quipe Mes Allocs en novembre 2022 afin de simplifier l'acc\\u00e8s \\u00e0 l'information sur les aides en g\\u00e9n\\u00e9ral.\",\"sameAs\":[\"https:\/\/www.linkedin.com\/in\/sandrine-tonton\/\"]}]}<\/script>\n<!-- \/ Yoast SEO plugin. -->","amp_validity":null,"acf":{"faq":{"1":{"question":"De qui vient le compl\u00e9ment familial ?","answer":"Le compl\u00e9ment familial est une prestation familiale de la PAJE (Prestation d\u2019Accueil du Jeune Enfant).\r\n<br> <a href=\"https:\/\/www.mes-allocs.fr\/guides\/allocations-familiales\/complement-familial\/complement-familial-pour-qui\/complement-famil\u2026que-hospitaliere\/\">Lire la suite<\/a>\r\n"},"2":{"question":"Qu'est-ce que le SFT ?","answer":"Le Suppl\u00e9ment Familial de Traitement (SFT) est un compl\u00e9ment de r\u00e9mun\u00e9ration vers\u00e9 \u00e0 tout agent public qui a au moins 1\u00a0enfant\u00a0de\u00a0moins de 20 ans\u00a0\u00e0 charge.\r\n<br> <a href=\"https:\/\/www.mes-allocs.fr\/guides\/allocations-familiales\/complement-familial\/complement-familial-pour-qui\/complement-famil\u2026que-hospitaliere\/\">Lire la suite<\/a>\r\n"},"3":{"question":"Comment faire la demande de SFT ?","answer":"Il faut en faire la demande directement par \u00e9crit \u00e0 votre direction des ressources humaines.\r\n<br> <a href=\"https:\/\/www.mes-allocs.fr\/guides\/allocations-familiales\/complement-familial\/complement-familial-pour-qui\/complement-famil\u2026que-hospitaliere\/\">Lire la suite<\/a>\r\n"},"4":{"question":"Quel est le montant du SFT ?","answer":"Le montant du\u00a0SFT d\u00e9pend du nombre d'enfants \u00e0 votre charge et de votre\u00a0traitement indiciaire brut.\r\n<br> <a href=\"https:\/\/www.mes-allocs.fr\/guides\/allocations-familiales\/complement-familial\/complement-familial-pour-qui\/complement-famil\u2026que-hospitaliere\/\">Lire la suite<\/a>\r\n"},"5":{"question":"Quelles sont les conditions li\u00e9es au compl\u00e9ment familial ?","answer":"Pour percevoir le compl\u00e9ment familial, vous devez tout d\u2019abord remplir les crit\u00e8res li\u00e9s aux enfants : vous devez avoir plus de 3 enfants \u00e0 charge \u00e2g\u00e9s de plus de 3 ans (inclus) et de moins de 21 ans (exclu). Faites la simulation gratuite directement sur le site de Mes Allocs pour conna\u00eetre tous vos droits d'\u00e9ligibilit\u00e9s."},"6":{"question":"Quand prend fin le versement du suppl\u00e9ment familial de traitement ?","answer":"Quand prend fin le versement du suppl\u00e9ment familial de traitement ?\r\nLe versement cesse au 1er jour du mois au cours duquel les conditions ne sont plus remplies. Le versement du SFT cesse \u00e9galement \u00e0 partir du 1er juin pour un enfant qui atteint l'\u00e2ge de 20 ans le 27 juin.\r\n<br> <a href=\u201chttps:\/\/www.mes-allocs.fr\/guides\/allocations-familiales\/complement-familial\/complement-familial-de-traitement\/\u201d>Lire la suite<\/a>"},"7":{"question":"","answer":""},"8":{"question":"","answer":""},"9":{"question":"","answer":""},"10":{"question":"","answer":""},"11":{"question":"","answer":""},"12":{"question":"","answer":""},"13":{"question":"","answer":""},"14":{"question":"","answer":""},"15":{"question":"","answer":""},"16":{"question":"","answer":""}}},"_links":{"self":[{"href":"https:\/\/www.mes-allocs.fr\/guides\/wp-json\/wp\/v2\/posts\/56365","targetHints":{"allow":["GET"]}}],"collection":[{"href":"https:\/\/www.mes-allocs.fr\/guides\/wp-json\/wp\/v2\/posts"}],"about":[{"href":"https:\/\/www.mes-allocs.fr\/guides\/wp-json\/wp\/v2\/types\/post"}],"author":[{"embeddable":true,"href":"https:\/\/www.mes-allocs.fr\/guides\/wp-json\/wp\/v2\/users\/20"}],"replies":[{"embeddable":true,"href":"https:\/\/www.mes-allocs.fr\/guides\/wp-json\/wp\/v2\/comments?post=56365"}],"version-history":[{"count":14,"href":"https:\/\/www.mes-allocs.fr\/guides\/wp-json\/wp\/v2\/posts\/56365\/revisions"}],"predecessor-version":[{"id":109180,"href":"https:\/\/www.mes-allocs.fr\/guides\/wp-json\/wp\/v2\/posts\/56365\/revisions\/109180"}],"wp:featuredmedia":[{"embeddable":true,"href":"https:\/\/www.mes-allocs.fr\/guides\/wp-json\/wp\/v2\/media\/57743"}],"wp:attachment":[{"href":"https:\/\/www.mes-allocs.fr\/guides\/wp-json\/wp\/v2\/media?parent=56365"}],"wp:term":[{"taxonomy":"category","embeddable":true,"href":"https:\/\/www.mes-allocs.fr\/guides\/wp-json\/wp\/v2\/categories?post=56365"},{"taxonomy":"post_tag","embeddable":true,"href":"https:\/\/www.mes-allocs.fr\/guides\/wp-json\/wp\/v2\/tags?post=56365"}],"curies":[{"name":"wp","href":"https:\/\/api.w.org\/{rel}","templated":true}]}}