{"id":561,"date":"2019-07-17T12:14:11","date_gmt":"2019-07-17T12:14:11","guid":{"rendered":"https:\/\/www.mes-allocs.fr\/guides\/?p=561"},"modified":"2025-06-25T17:05:24","modified_gmt":"2025-06-25T15:05:24","slug":"plafond-acs","status":"publish","type":"post","link":"https:\/\/www.mes-allocs.fr\/guides\/aides-sante\/acs\/plafond-acs\/","title":{"rendered":"Plafonds de l\u2019ACS : quels sont les montants ?"},"content":{"rendered":"<p style=\"text-align: justify;\"><span style=\"font-weight: 400;\"><img loading=\"lazy\" decoding=\"async\" class=\"aligncenter wp-image-562 size-full\" src=\"https:\/\/www.mes-allocs.fr\/guides\/wp-content\/uploads\/2019\/07\/11152303_ml-e1563549306546.jpg\" alt=\"plafond acs\" width=\"1680\" height=\"680\" srcset=\"https:\/\/www.mes-allocs.fr\/guides\/wp-content\/uploads\/2019\/07\/11152303_ml-e1563549306546.jpg 1680w, https:\/\/www.mes-allocs.fr\/guides\/wp-content\/uploads\/2019\/07\/11152303_ml-e1563549306546-300x121.jpg 300w, https:\/\/www.mes-allocs.fr\/guides\/wp-content\/uploads\/2019\/07\/11152303_ml-e1563549306546-768x311.jpg 768w, https:\/\/www.mes-allocs.fr\/guides\/wp-content\/uploads\/2019\/07\/11152303_ml-e1563549306546-1024x414.jpg 1024w, https:\/\/www.mes-allocs.fr\/guides\/wp-content\/uploads\/2019\/07\/11152303_ml-e1563549306546-600x243.jpg 600w\" sizes=\"auto, (max-width: 1680px) 100vw, 1680px\" \/><\/span><\/p>\n<p style=\"text-align: justify;\"><span style=\"font-size: 12pt;\">L\u2019Aide \u00e0 la Compl\u00e9mentaire Sant\u00e9 (ACS) est une <a href=\"https:\/\/www.mes-allocs.fr\/guides\/aides-sante\/\">aide \u00e0 la sant\u00e9<\/a> qui vous permet de payer une compl\u00e9mentaire sant\u00e9 (mutuelle). Vous pouvez en b\u00e9n\u00e9ficier si vos ressources sont trop \u00e9lev\u00e9es pour respecter les plafonds de la Couverture Maladie Universelle Compl\u00e9mentaire (CMU-C). L\u2019ACS vous est vers\u00e9e par votre Caisse d\u2019Assurance Maladie. <\/span><span style=\"font-size: 12pt;\">Cependant, il existe \u00e9galement des <strong>plafonds d\u2019ACS<\/strong>. Cet article vous les d\u00e9taille.<\/span><\/p>\n<p style=\"text-align: justify;\"><strong>Mise \u00e0 jour 1\/11\/2019 : l&rsquo;ACS a \u00e9t\u00e9 supprim\u00e9e et remplac\u00e9e par la <a href=\"https:\/\/www.mes-allocs.fr\/guides\/aides-sante\/complementaire-sante-solidaire\/\">Compl\u00e9mentaire Sant\u00e9 Solidaire<\/a> (CSS).<\/strong><\/p>\n<div class='cta-block'><div class='text'>Simulez toutes vos Aides Sociales en 2 min. Gratuit.<\/div><a href='https:\/\/www.mes-allocs.fr\/ab-app?origin=guides\/wp-json\/wp\/v2\/posts\/561' class='app-button fit'>Simulation gratuite<\/a><\/div>\n<h1 style=\"text-align: justify;\"><b>Quel sont les plafonds de l\u2019ACS en 2021 ?<\/b><\/h1>\n<p style=\"text-align: justify;\"><span style=\"font-weight: 400;\">Les plafonds de ressources de l\u2019ACS varient selon la composition de votre foyer, mais \u00e9galement le lieu o\u00f9 vous r\u00e9sidez : ils ne sont pas les m\u00eames en m\u00e9tropole et dans les DOM.<\/span><span style=\"font-weight: 400;\">\u00a0<\/span><\/p>\n<p style=\"text-align: justify;\"><span style=\"font-weight: 400;\">Plafonds de ressources pour l\u2019attribution de l\u2019ACS :<\/span><\/p>\n<table style=\"border-collapse: collapse; width: 100.983%; height: 196px;\">\n<tbody>\n<tr style=\"height: 36px;\">\n<td style=\"width: 26.0652%; text-align: center; background-color: #d8e6f2; border: 1px solid black; height: 76px;\" rowspan=\"2\"><strong>Foyer (nombre de personnes)<\/strong><\/td>\n<td style=\"width: 99.587%; text-align: center; background-color: #d8e6f2; border: 1px solid black; height: 36px;\" colspan=\"2\"><strong>Plafond annuel de ressources<\/strong><\/td>\n<\/tr>\n<tr style=\"height: 40px;\">\n<td style=\"width: 36.6163%; text-align: center; background-color: #d8e6f2; border: 1px solid black; height: 40px;\"><strong>M\u00e9tropole<\/strong><\/td>\n<td style=\"width: 62.9707%; text-align: center; background-color: #d8e6f2; border: 1px solid black; height: 40px;\"><strong>DOM<\/strong><\/td>\n<\/tr>\n<tr style=\"height: 24px;\">\n<td style=\"width: 26.0652%; text-align: center; border: 1px solid black; height: 24px;\"><span style=\"font-weight: 400;\">1 personne<\/span><\/td>\n<td style=\"width: 36.6163%; text-align: center; border: 1px solid black; height: 24px;\"><span style=\"font-weight: 400;\">12 084 \u20ac<\/span><\/td>\n<td style=\"width: 62.9707%; text-align: center; border: 1px solid black; height: 24px;\"><span style=\"font-weight: 400;\">13 449 \u20ac<\/span><\/td>\n<\/tr>\n<tr style=\"height: 24px;\">\n<td style=\"width: 26.0652%; text-align: center; border: 1px solid black; height: 24px;\"><span style=\"font-weight: 400;\">2 personnes<\/span><\/td>\n<td style=\"width: 36.6163%; text-align: center; border: 1px solid black; height: 24px;\"><span style=\"font-weight: 400;\">18 126 \u20ac<\/span><\/td>\n<td style=\"width: 62.9707%; text-align: center; border: 1px solid black; height: 24px;\"><span style=\"font-weight: 400;\">20 174 \u20ac<\/span><\/td>\n<\/tr>\n<tr style=\"height: 24px;\">\n<td style=\"width: 26.0652%; text-align: center; border: 1px solid black; height: 24px;\"><span style=\"font-weight: 400;\">3 personnes<\/span><\/td>\n<td style=\"width: 36.6163%; text-align: center; border: 1px solid black; height: 24px;\"><span style=\"font-weight: 400;\">21 751 \u20ac<\/span><\/td>\n<td style=\"width: 62.9707%; text-align: center; border: 1px solid black; height: 24px;\"><span style=\"font-weight: 400;\">28 244 \u20ac<\/span><\/td>\n<\/tr>\n<tr style=\"height: 24px;\">\n<td style=\"width: 26.0652%; text-align: center; border: 1px solid black; height: 24px;\"><span style=\"font-weight: 400;\">4 personnes<\/span><\/td>\n<td style=\"width: 36.6163%; text-align: center; border: 1px solid black; height: 24px;\"><span style=\"font-weight: 400;\">25 376 \u20ac<\/span><\/td>\n<td style=\"width: 62.9707%; text-align: center; border: 1px solid black; height: 24px;\"><span style=\"font-weight: 400;\">28 244 \u20ac<\/span><\/td>\n<\/tr>\n<tr style=\"height: 24px;\">\n<td style=\"width: 26.0652%; text-align: center; border: 1px solid black; height: 24px;\"><span style=\"font-weight: 400;\">Par personne suppl\u00e9mentaire<\/span><\/td>\n<td style=\"width: 36.6163%; text-align: center; border: 1px solid black; height: 24px;\"><span style=\"font-weight: 400;\">4<\/span><span style=\"font-weight: 400;\">\u00a0 <\/span><span style=\"font-weight: 400;\">834 \u20ac<\/span><\/td>\n<td style=\"width: 62.9707%; text-align: center; border: 1px solid black; height: 24px;\"><span style=\"font-weight: 400;\">5 380 \u20ac<\/span><\/td>\n<\/tr>\n<\/tbody>\n<\/table>\n<p style=\"text-align: justify;\"><span style=\"font-weight: 400;\">Vos ressources \u00e9valu\u00e9es pour v\u00e9rifier que vous respectez le plafond qui vous concerne sont les suivantes :<\/span><\/p>\n<ul style=\"text-align: justify;\">\n<li style=\"font-weight: 400;\"><span style=\"font-weight: 400;\">Vos salaires<\/span><\/li>\n<li style=\"font-weight: 400;\"><span style=\"font-weight: 400;\">Vos allocations ch\u00f4mage<\/span><\/li>\n<li style=\"font-weight: 400;\"><span style=\"font-weight: 400;\">Votre Allocation de Solidarit\u00e9 Sp\u00e9cifique<\/span><\/li>\n<li style=\"font-weight: 400;\"><span style=\"font-weight: 400;\">Votre retraite<\/span><\/li>\n<li style=\"font-weight: 400;\"><span style=\"font-weight: 400;\">Vos pensions d\u2019invalidit\u00e9<\/span><\/li>\n<li style=\"font-weight: 400;\"><span style=\"font-weight: 400;\">Votre Allocation Adulte Handicap\u00e9 (AAH)<\/span><\/li>\n<li style=\"font-weight: 400;\"><span style=\"font-weight: 400;\">Vos allocations familiales<\/span><\/li>\n<li style=\"font-weight: 400;\"><span style=\"font-weight: 400;\">Vos pensions alimentaires<\/span><\/li>\n<li style=\"font-weight: 400;\"><span style=\"font-weight: 400;\">Vos bourses de l\u2019enseignement sup\u00e9rieur<\/span><\/li>\n<li style=\"font-weight: 400;\"><span style=\"font-weight: 400;\">Vos int\u00e9r\u00eats (de compte et de placement) lorsqu\u2019ils sont imposables.<\/span><\/li>\n<\/ul>\n<p style=\"text-align: justify;\"><span style=\"font-weight: 400;\">Les ressources calcul\u00e9es sont celles des <\/span><b>12 mois pr\u00e9c\u00e9dant la demande<\/b><span style=\"font-weight: 400;\">. En ce qui concerne les revenus procur\u00e9s par vos <\/span><b>capitaux<\/b><span style=\"font-weight: 400;\"> et soumis \u00e0 l\u2019imp\u00f4t sur le revenu, seuls ceux per\u00e7us sur <\/span><b>l\u2019avant-derni\u00e8re ann\u00e9e civile<\/b><span style=\"font-weight: 400;\"> seront pris en compte.<\/span><span style=\"font-weight: 400;\">\u00a0<\/span><\/p>\n<p style=\"text-align: justify;\"><i><span style=\"font-weight: 400;\">Exemple : si vous effectuez une demande d\u2019ACS le 1er novembre 2019, les ressources \u00e9valu\u00e9es sont celles allant du 1<\/span><\/i><i><span style=\"font-weight: 400;\">er<\/span><\/i><i><span style=\"font-weight: 400;\"> octobre 2018 au 30 septembre 2019. Pour la m\u00eame demande d\u2019ACS, le 18 octobre 2019, les revenus procur\u00e9s par vos capitaux pris en compte seront ceux de l\u2019ann\u00e9e civile (du 1<\/span><\/i><i><span style=\"font-weight: 400;\">er<\/span><\/i><i><span style=\"font-weight: 400;\"> janvier au 31 d\u00e9cembre) 2017.<\/span><\/i><span style=\"font-weight: 400;\">\u00a0<\/span><\/p>\n<p><iframe loading=\"lazy\" src=\"\/\/www.youtube.com\/embed\/pDAq1hv_k-4\" width=\"560\" height=\"314\" allowfullscreen=\"allowfullscreen\"><\/iframe><\/p>\n<h1 style=\"text-align: justify;\"><b>Quels sont les plafonds de la CMU-C en 2021 ?<\/b><\/h1>\n<p style=\"text-align: justify;\"><span style=\"font-weight: 400;\">Vous ne pouvez b\u00e9n\u00e9ficier de l\u2019Aide \u00e0 la Compl\u00e9mentaire Sant\u00e9 que si vos revenus sont trop importants pour vous rendre \u00e9ligible \u00e0 la Couverture Maladie Universelle Compl\u00e9mentaire (CMU-C). Les plafonds de cette derni\u00e8re varient \u00e9galement selon la composition de votre foyer et selon si vous r\u00e9sidez en France ou \u00e0 l\u2019\u00e9tranger :<\/span><\/p>\n<table style=\"border-collapse: collapse; width: 100.655%; height: 200px;\">\n<tbody>\n<tr style=\"height: 42px;\">\n<td style=\"width: 28.2674%; text-align: center; background-color: #d8e6f2; border: 1px solid black; height: 80px;\" rowspan=\"2\"><strong>Composition de votre foyer<\/strong><\/td>\n<td style=\"width: 99.4996%; text-align: center; background-color: #d8e6f2; border: 1px solid black; height: 42px;\" colspan=\"2\"><strong>Plafond annuel de ressources<\/strong><\/td>\n<\/tr>\n<tr style=\"height: 38px;\">\n<td style=\"width: 33.4037%; text-align: center; background-color: #d8e6f2; border: 1px solid black; height: 38px;\"><strong>M\u00e9tropole<\/strong><\/td>\n<td style=\"width: 66.0959%; text-align: center; background-color: #d8e6f2; border: 1px solid black; height: 38px;\"><strong>DOM<\/strong><\/td>\n<\/tr>\n<tr style=\"height: 24px;\">\n<td style=\"width: 28.2674%; text-align: center; border: 1px solid black; height: 24px;\"><span style=\"font-weight: 400;\">1 personne<\/span><\/td>\n<td style=\"width: 33.4037%; text-align: center; border: 1px solid black; height: 24px;\"><span style=\"font-weight: 400;\">8 810 \u20ac<\/span><\/td>\n<td style=\"width: 66.0959%; text-align: center; border: 1px solid black; height: 24px;\"><span style=\"font-weight: 400;\">9 806 \u20ac<\/span><\/td>\n<\/tr>\n<tr style=\"height: 24px;\">\n<td style=\"width: 28.2674%; text-align: center; border: 1px solid black; height: 24px;\"><span style=\"font-weight: 400;\">2 personnes<\/span><\/td>\n<td style=\"width: 33.4037%; text-align: center; border: 1px solid black; height: 24px;\"><span style=\"font-weight: 400;\">13 215 \u20ac<\/span><\/td>\n<td style=\"width: 66.0959%; text-align: center; border: 1px solid black; height: 24px;\"><span style=\"font-weight: 400;\">14 709 \u20ac<\/span><\/td>\n<\/tr>\n<tr style=\"height: 24px;\">\n<td style=\"width: 28.2674%; text-align: center; border: 1px solid black; height: 24px;\"><span style=\"font-weight: 400;\">3 personnes<\/span><\/td>\n<td style=\"width: 33.4037%; text-align: center; border: 1px solid black; height: 24px;\"><span style=\"font-weight: 400;\">15 858 \u20ac<\/span><\/td>\n<td style=\"width: 66.0959%; text-align: center; border: 1px solid black; height: 24px;\"><span style=\"font-weight: 400;\">17 650 \u20ac<\/span><\/td>\n<\/tr>\n<tr style=\"height: 24px;\">\n<td style=\"width: 28.2674%; text-align: center; border: 1px solid black; height: 24px;\"><span style=\"font-weight: 400;\">4 personnes<\/span><\/td>\n<td style=\"width: 33.4037%; text-align: center; border: 1px solid black; height: 24px;\"><span style=\"font-weight: 400;\">18 501 \u20ac<\/span><\/td>\n<td style=\"width: 66.0959%; text-align: center; border: 1px solid black; height: 24px;\"><span style=\"font-weight: 400;\">20 592\u20ac<\/span><\/td>\n<\/tr>\n<tr style=\"height: 24px;\">\n<td style=\"width: 28.2674%; text-align: center; border: 1px solid black; height: 24px;\"><span style=\"font-weight: 400;\">Pour chaque personne suppl\u00e9mentaire<\/span><\/td>\n<td style=\"width: 33.4037%; text-align: center; border: 1px solid black; height: 24px;\"><span style=\"font-weight: 400;\">+ 3 524 \u20ac<\/span><\/td>\n<td style=\"width: 66.0959%; text-align: center; border: 1px solid black; height: 24px;\"><span style=\"font-weight: 400;\">+ 3 922 \u20ac<\/span><\/td>\n<\/tr>\n<\/tbody>\n<\/table>\n<h1 style=\"text-align: justify;\"><b>Quelles sont les autres conditions pour b\u00e9n\u00e9ficier de l\u2019ACS ?<\/b><\/h1>\n<div id=\"attachment_563\" style=\"width: 255px\" class=\"wp-caption alignright\"><img loading=\"lazy\" decoding=\"async\" aria-describedby=\"caption-attachment-563\" class=\" wp-image-563\" src=\"https:\/\/www.mes-allocs.fr\/guides\/wp-content\/uploads\/2019\/07\/FranceFlag_svg_400x400.png\" alt=\"plafond acs\" width=\"245\" height=\"245\" srcset=\"https:\/\/www.mes-allocs.fr\/guides\/wp-content\/uploads\/2019\/07\/FranceFlag_svg_400x400.png 400w, https:\/\/www.mes-allocs.fr\/guides\/wp-content\/uploads\/2019\/07\/FranceFlag_svg_400x400-150x150.png 150w, https:\/\/www.mes-allocs.fr\/guides\/wp-content\/uploads\/2019\/07\/FranceFlag_svg_400x400-300x300.png 300w\" sizes=\"auto, (max-width: 245px) 100vw, 245px\" \/><p id=\"caption-attachment-563\" class=\"wp-caption-text\">La condition de r\u00e9sidence demeure primordiale.<\/p><\/div>\n<p style=\"text-align: justify;\"><span style=\"font-weight: 400;\">Pour b\u00e9n\u00e9ficier de l\u2019Aide \u00e0 la Compl\u00e9mentaire Sant\u00e9, vous devez vivre en sur le <\/span><b>territoire fran\u00e7ais<\/b><span style=\"font-weight: 400;\"> de mani\u00e8re <\/span><b>ininterrompue depuis plus de 3 mois<\/b><span style=\"font-weight: 400;\">. Cependant, vous pouvez vous affranchir de ce d\u00e9lai si vous vous trouvez dans l\u2019une des situations suivantes :<\/span><\/p>\n<ul style=\"text-align: justify;\">\n<li style=\"font-weight: 400;\"><span style=\"font-weight: 400;\">Vous \u00eates affili\u00e9 \u00e0 un <\/span><b>r\u00e9gime obligatoire de s\u00e9curit\u00e9 sociale<\/b><span style=\"font-weight: 400;\"> pour raison d\u2019exercice d\u2019une activit\u00e9 professionnelle en France de plus de 3 mois et b\u00e9n\u00e9ficiez du tiers payant<\/span><\/li>\n<li style=\"font-weight: 400;\"><span style=\"font-weight: 400;\">Vous \u00eates inscrit dans un \u00e9tablissement d&rsquo;enseignement fran\u00e7ais, vous effectuez un stage en France dans le cadre d&rsquo;accords de coop\u00e9ration ou vous \u00eates inscrit \u00e0 un stage de formation professionnelle d&rsquo;une dur\u00e9e sup\u00e9rieure \u00e0 3 mois<\/span><\/li>\n<li style=\"font-weight: 400;\"><span style=\"font-weight: 400;\">Vous \u00eates <\/span><b>b\u00e9n\u00e9ficiaire de certaines prestations<\/b><span style=\"font-weight: 400;\">, comme les prestations familiales, les allocations aux personnes \u00e2g\u00e9es, ou les aides au logement par exemple<\/span><\/li>\n<li style=\"font-weight: 400;\"><span style=\"font-weight: 400;\">Vous justifiez d\u2019une <\/span><b>exp\u00e9rience de volontariat international<\/b><span style=\"font-weight: 400;\"> \u00e0 l&rsquo;\u00e9tranger et vous n\u2019avez droit \u00e0 aucun autre titre \u00e0 l&rsquo;assurance maladie.<\/span><\/li>\n<\/ul>\n<h1 style=\"text-align: justify;\"><b>Montant de l\u2019ACS<\/b><\/h1>\n<p style=\"text-align: justify;\"><span style=\"font-weight: 400;\">L\u2019ACS \u00e9tant une aide financi\u00e8re pour payer une compl\u00e9mentaire sant\u00e9, chaque membre de votre foyer peut en b\u00e9n\u00e9ficier. Ainsi, la personne avec qui vous vivez en couple, vos enfants, et tout autre personne \u00e2g\u00e9e de moins de 25 ans \u00e0 votre charge (sous certaines conditions) peut percevoir un montant ACS mutuelle de sant\u00e9.<\/span><\/p>\n<p style=\"text-align: justify;\"><span style=\"font-weight: 400;\">Montant annuel de l\u2019ACS en fonction de l\u2019\u00e2ge :<\/span><\/p>\n<table style=\"border-collapse: collapse; width: 101.294%; height: 154px;\">\n<tbody>\n<tr style=\"height: 58px;\">\n<td style=\"width: 52.3457%; text-align: center; background-color: #d8e6f2; border: 1px solid black; height: 58px;\"><strong>Age du b\u00e9n\u00e9ficiaire<\/strong><\/td>\n<td style=\"width: 167.902%; text-align: center; background-color: #d8e6f2; border: 1px solid black; height: 58px;\"><strong>Montant de l\u2019aide<\/strong><\/td>\n<\/tr>\n<tr style=\"height: 24px;\">\n<td style=\"width: 52.3457%; text-align: center; border: 1px solid black; height: 24px;\"><span style=\"font-weight: 400;\">Moins de 16 ans<\/span><\/td>\n<td style=\"width: 167.902%; text-align: center; border: 1px solid black; height: 24px;\"><span style=\"font-weight: 400;\">100 \u20ac<\/span><\/td>\n<\/tr>\n<tr style=\"height: 24px;\">\n<td style=\"width: 52.3457%; text-align: center; border: 1px solid black; height: 24px;\"><span style=\"font-weight: 400;\">De 16 \u00e0 49 ans<\/span><\/td>\n<td style=\"width: 167.902%; text-align: center; border: 1px solid black; height: 24px;\"><span style=\"font-weight: 400;\">200 \u20ac<\/span><\/td>\n<\/tr>\n<tr style=\"height: 24px;\">\n<td style=\"width: 52.3457%; text-align: center; border: 1px solid black; height: 24px;\"><span style=\"font-weight: 400;\">De 50 \u00e0 59 ans<\/span><\/td>\n<td style=\"width: 167.902%; text-align: center; border: 1px solid black; height: 24px;\"><span style=\"font-weight: 400;\">350 \u20ac<\/span><\/td>\n<\/tr>\n<tr style=\"height: 24px;\">\n<td style=\"width: 52.3457%; text-align: center; border: 1px solid black; height: 24px;\"><span style=\"font-weight: 400;\">60 ans et plus<\/span><\/td>\n<td style=\"width: 167.902%; text-align: center; border: 1px solid black; height: 24px;\"><span style=\"font-weight: 400;\">550 \u20ac<\/span><\/td>\n<\/tr>\n<\/tbody>\n<\/table>\n<div class='cta-block'><div class='text'>Simulez toutes vos Aides Sociales en 2 min. Gratuit.<\/div><a href='https:\/\/www.mes-allocs.fr\/ab-app?origin=guides\/wp-json\/wp\/v2\/posts\/561' class='app-button fit'>Simulation gratuite<\/a><\/div>\n<h1 style=\"text-align: justify;\"><b>Comment utiliser l\u2019attestation-ch\u00e8que de l\u2019ACS ?<\/b><\/h1>\n<p style=\"text-align: justify;\"><span style=\"font-weight: 400;\">La proc\u00e9dure varie si <\/span><span style=\"font-weight: 400;\">vous avez une <a href=\"https:\/\/www.mes-allocs.fr\/guides\/aides-sante\/acs\/acs-mutuelle\">mutuelle<\/a><\/span><span style=\"font-weight: 400;\"> ou non :<\/span><\/p>\n<ul>\n<li style=\"font-weight: 400;\"><span style=\"font-weight: 400;\">Si vous <\/span><b>avez d\u00e9j\u00e0 une mutuelle<\/b><span style=\"font-weight: 400;\"> (organisme compl\u00e9mentaire), vous disposez d\u2019une p\u00e9riode de <\/span><b>6 mois<\/b><span style=\"font-weight: 400;\"> pour remettre l\u2019attestation-ch\u00e8que \u00e0 celle-ci. Votre contrat de mutuelle doit faire partie de la liste des contrats homologu\u00e9s, qui est une<\/span> <span style=\"font-weight: 400;\">liste de compl\u00e9mentaires sant\u00e9 s\u00e9lectionn\u00e9es par l&rsquo;\u00c9tat pour leur rapport qualit\u00e9\/prix. Si ce n\u2019est pas le cas, vous pouvez :<\/span>\n<ul>\n<li style=\"text-align: justify;\"><span style=\"font-weight: 400;\">Faire \u00e9voluer votre contrat en contrat homologu\u00e9 si votre mutuelle propose ce service,<\/span><\/li>\n<li style=\"text-align: justify;\"><span style=\"font-weight: 400;\">Ou bien r\u00e9silier votre contrat et choisir une compl\u00e9mentaire sant\u00e9 parmi les contrats homologu\u00e9s.<\/span><\/li>\n<\/ul>\n<\/li>\n<li style=\"font-weight: 400;\"><span style=\"font-weight: 400;\">Si vous <\/span><b>n\u2019avez pas de mutuelle<\/b><span style=\"font-weight: 400;\">, vous avez <\/span><b>6 mois<\/b><span style=\"font-weight: 400;\"> pour remettre l\u2019attestation-ch\u00e8que \u00e0 un organisme compl\u00e9mentaire. Vous devez choisir une mutuelle proposant un contrat homologu\u00e9.<\/span><\/li>\n<\/ul>\n<h1 style=\"text-align: justify;\"><b>Comment faire votre demande ?<\/b><\/h1>\n<p style=\"text-align: justify;\"><span style=\"font-weight: 400;\">Vous pouvez effectuer votre <\/span><a href=\"https:\/\/www.mes-allocs.fr\/guides\/aides-sante\/acs\/demande-acs\"><span style=\"font-weight: 400;\">demande d\u2019ACS<\/span><\/a><span style=\"font-weight: 400;\"> aupr\u00e8s de votre caisse d\u2019assurance maladie, en ligne comme par courrier. Vous devez alors constituer un dossier. Pour ce faire, vous devez remplir un formulaire et y joindre les pi\u00e8ces justificatives demand\u00e9es. Si vous le souhaitez, <\/span><a href=\"https:\/\/www.mes-allocs.fr\/signature\"><span style=\"font-weight: 400;\">Mes Allocs s\u2019occupe de tout pour vous !<\/span><\/a><\/p>\n<p>\u00c0 noter : dans certains cas il est possible de la cumuler avec la prime d&rsquo;activit\u00e9.<\/p>\n<h1><strong>ACS et la prise en charge de la t\u00e9l\u00e9-assistance<\/strong><\/h1>\n<p><span style=\"font-weight: 400;\">La t\u00e9l\u00e9-assistance m\u00e9dicalis\u00e9e est un \u00e9quipement particulier \u00e0 installer au domicile. Ce dispositif permet d\u2019alerter les services d\u2019urgence en cas de probl\u00e8me (chute, malaise, etc.) et rassurer les proches et les familles des personnes concern\u00e9es <\/span><a href=\"https:\/\/www.tele-assistance-senior.fr\/\"><span style=\"font-weight: 400;\">pour le maintien \u00e0 domicile des personnes \u00e2g\u00e9es<\/span><\/a><span style=\"font-weight: 400;\">, fragiles ou handicap\u00e9es, tout en offrant la possibilit\u00e9 de demeurer plus longtemps \u00e0 son domicile en toute s\u00e9curit\u00e9.<\/span><\/p>\n<p><span style=\"font-weight: 400;\">Ce service d\u2019assistance \u00e0 domicile fonctionne comme un abonnement aupr\u00e8s de sa compl\u00e9mentaire sant\u00e9. Lorsque vous d\u00e9cidez de vous \u00e9quiper de cet appareil vous devrez payer des frais d\u2019installation et d\u2019\u00e9quipement en plus de l\u2019abonnement. <\/span><\/p>\n<p><span style=\"font-weight: 400;\">La compl\u00e9mentaire sant\u00e9 fournit le service de t\u00e9l\u00e9-assistance, celui-ci est g\u00e9n\u00e9ralement compos\u00e9 d\u2019un bo\u00eetier communiquant branch\u00e9 au t\u00e9l\u00e9phone fixe ou box internet ADSL, et d\u2019un bracelet ou m\u00e9daillon dot\u00e9 d&rsquo;un bouton d&rsquo;appel.\u00a0 Le tarif varie de 30 \u00e0 40\u20ac par mois, par personne, mais peut atteindre 60\u20ac si des options sont ajout\u00e9es : d\u00e9tecteur de pr\u00e9sence au lit, contr\u00f4le de temp\u00e9rature ambiante.<\/span><\/p>\n<p><span style=\"font-weight: 400;\">Toutefois, si votre mutuelle ne prend pas en charge l\u2019abonnement \u00e0 ce service, sachez qu\u2019il existe des aides. Si vous payez l\u2019imp\u00f4t sur le revenu, vous pouvez d\u00e9duire de votre imp\u00f4t 50% de vos d\u00e9penses. Les frais peuvent aussi \u00eatre couverts par le Conseil G\u00e9n\u00e9ral ou le Centre Communal d&rsquo;Action Sociale (CCAS), par l&rsquo;Allocation Personnalis\u00e9e d&rsquo;Autonomie.<\/span><\/p>\n<h1 style=\"text-align: justify;\"><b>Dur\u00e9e de versement et renouvellement de l\u2019ACS<\/b><span style=\"font-weight: 400;\">\u00a0<\/span><\/h1>\n<p style=\"text-align: justify;\"><span style=\"font-weight: 400;\">Si votre demande est accept\u00e9e, l\u2019Aide \u00e0 la Compl\u00e9mentaire Sant\u00e9 (ACS) vous est accord\u00e9e pendant un an.<\/span><\/p>\n<p style=\"text-align: justify;\"><b>Attention<\/b><span style=\"font-weight: 400;\"> : son renouvellement n\u2019est pas automatique, sauf si vous \u00eates b\u00e9n\u00e9ficiaire de l\u2019Allocation de Solidarit\u00e9 aux Personnes \u00c2g\u00e9es (ASPA). Si vous ne l\u2019\u00eates pas, vous devez constituer un nouveau dossier de demande, sauf si vous choisissez le service d\u2019accompagnement <\/span><span style=\"font-weight: 400;\">Mes Allocs <\/span><span style=\"font-weight: 400;\">! En effet, nous prenons toutes vos d\u00e9marches en charge, vous n\u2019avez rien \u00e0 faire ! Nous vous assurons d\u2019un suivi personnalis\u00e9 et permanent, qui prend naturellement en compte toutes les nouvelles demandes, afin de vous garantir un renouvellement sans cessation de paiement.<\/span><\/p>\n<p style=\"text-align: justify;\"><span style=\"font-weight: 400;\">En cas de refus du renouvellement de l\u2019ACS, votre organisme compl\u00e9mentaire doit vous proposer de prolonger votre contrat pendant 1 an. Vous pouvez \u00e9galement souscrire un nouveau contrat parmi ceux homologu\u00e9s offerts par votre organisme.<\/span><\/p>\n<div class='cta-block'><div class='text'>Simulez toutes vos Aides Sociales en 2 min. Gratuit.<\/div><a href='https:\/\/www.mes-allocs.fr\/ab-app?origin=guides\/wp-json\/wp\/v2\/posts\/561' class='app-button fit'>Simulation gratuite<\/a><\/div>\n","protected":false},"excerpt":{"rendered":"<p>L\u2019Aide \u00e0 la Compl\u00e9mentaire Sant\u00e9 (ACS) est une aide \u00e0 la sant\u00e9 qui vous permet de payer une compl\u00e9mentaire sant\u00e9 (mutuelle). Vous pouvez en b\u00e9n\u00e9ficier si vos ressources sont trop \u00e9lev\u00e9es pour respecter les plafonds de la Couverture Maladie Universelle Compl\u00e9mentaire (CMU-C). L\u2019ACS vous est vers\u00e9e par votre Caisse d\u2019Assurance Maladie. Cependant, il existe \u00e9galement [&hellip;]<\/p>\n","protected":false},"author":7,"featured_media":562,"comment_status":"open","ping_status":"open","sticky":false,"template":"","format":"standard","meta":{"amp_status":"","footnotes":""},"categories":[25,24],"tags":[],"class_list":["post-561","post","type-post","status-publish","format-standard","has-post-thumbnail","hentry","category-acs","category-aides-sante"],"yoast_head":"<!-- This site is optimized with the Yoast SEO plugin v14.9 - https:\/\/yoast.com\/wordpress\/plugins\/seo\/ -->\n<title>Plafond de l&#039;ACS : quels sont les montants ? | Mes-Allocs.fr<\/title>\n<meta name=\"description\" content=\"Tout savoir sur le plafond de l&#039;ACS. Comprendre les montants et les conditions d&#039;attribution avec Mes-Allocs.fr.\" \/>\n<meta name=\"robots\" content=\"index, follow, max-snippet:-1, max-image-preview:large, max-video-preview:-1\" \/>\n<link rel=\"canonical\" href=\"https:\/\/www.mes-allocs.fr\/guides\/aides-sante\/acs\/plafond-acs\/\" \/>\n<meta property=\"og:locale\" content=\"fr_FR\" \/>\n<meta property=\"og:type\" content=\"article\" \/>\n<meta property=\"og:title\" content=\"Plafond de l&#039;ACS : quels sont les montants ? | Mes-Allocs.fr\" \/>\n<meta property=\"og:description\" content=\"Tout savoir sur le plafond de l&#039;ACS. Comprendre les montants et les conditions d&#039;attribution avec Mes-Allocs.fr.\" \/>\n<meta property=\"og:url\" content=\"https:\/\/www.mes-allocs.fr\/guides\/aides-sante\/acs\/plafond-acs\/\" \/>\n<meta property=\"og:site_name\" content=\"Mes-Allocs.fr\" \/>\n<meta property=\"article:published_time\" content=\"2019-07-17T12:14:11+00:00\" \/>\n<meta property=\"article:modified_time\" content=\"2025-06-25T15:05:24+00:00\" \/>\n<meta property=\"og:image\" content=\"https:\/\/www.mes-allocs.fr\/guides\/wp-content\/uploads\/2019\/07\/11152303_ml-e1563549306546.jpg?wsr\" \/>\n\t<meta property=\"og:image:width\" content=\"1680\" \/>\n\t<meta property=\"og:image:height\" content=\"680\" \/>\n<meta name=\"twitter:card\" content=\"summary_large_image\" \/>\n<script type=\"application\/ld+json\" class=\"yoast-schema-graph\">{\"@context\":\"https:\/\/schema.org\",\"@graph\":[{\"@type\":\"WebSite\",\"@id\":\"https:\/\/www.mes-allocs.fr\/guides\/#website\",\"url\":\"https:\/\/www.mes-allocs.fr\/guides\/\",\"name\":\"Mes-Allocs.fr\",\"description\":\"\",\"potentialAction\":[{\"@type\":\"SearchAction\",\"target\":\"https:\/\/www.mes-allocs.fr\/guides\/?s={search_term_string}\",\"query-input\":\"required name=search_term_string\"}],\"inLanguage\":\"fr-FR\"},{\"@type\":\"ImageObject\",\"@id\":\"https:\/\/www.mes-allocs.fr\/guides\/aides-sante\/acs\/plafond-acs\/#primaryimage\",\"inLanguage\":\"fr-FR\",\"url\":\"https:\/\/www.mes-allocs.fr\/guides\/wp-content\/uploads\/2019\/07\/11152303_ml-e1563549306546.jpg?wsr\",\"width\":1680,\"height\":680,\"caption\":\"11152303 ml e1563549306546\"},{\"@type\":\"WebPage\",\"@id\":\"https:\/\/www.mes-allocs.fr\/guides\/aides-sante\/acs\/plafond-acs\/#webpage\",\"url\":\"https:\/\/www.mes-allocs.fr\/guides\/aides-sante\/acs\/plafond-acs\/\",\"name\":\"Plafond de l'ACS : quels sont les montants ? | Mes-Allocs.fr\",\"isPartOf\":{\"@id\":\"https:\/\/www.mes-allocs.fr\/guides\/#website\"},\"primaryImageOfPage\":{\"@id\":\"https:\/\/www.mes-allocs.fr\/guides\/aides-sante\/acs\/plafond-acs\/#primaryimage\"},\"datePublished\":\"2019-07-17T12:14:11+00:00\",\"dateModified\":\"2025-06-25T15:05:24+00:00\",\"author\":{\"@id\":\"https:\/\/www.mes-allocs.fr\/guides\/#\/schema\/person\/1c4837d5703727cb02ce84583b5a44aa\"},\"description\":\"Tout savoir sur le plafond de l'ACS. Comprendre les montants et les conditions d'attribution avec Mes-Allocs.fr.\",\"inLanguage\":\"fr-FR\"},{\"@type\":\"Person\",\"@id\":\"https:\/\/www.mes-allocs.fr\/guides\/#\/schema\/person\/1c4837d5703727cb02ce84583b5a44aa\",\"name\":\"Fabiola\",\"image\":{\"@type\":\"ImageObject\",\"@id\":\"https:\/\/www.mes-allocs.fr\/guides\/#personlogo\",\"inLanguage\":\"fr-FR\",\"url\":\"https:\/\/www.mes-allocs.fr\/guides\/wp-content\/uploads\/2021\/06\/fabiola-150x150.png\",\"caption\":\"Fabiola\"},\"description\":\"Fabiola est r\\u00e9dactrice au sein de l'\\u00e9quipe Mes Allocs, sp\\u00e9cialis\\u00e9e en sciences politiques et affaires publiques. Dipl\\u00f4m\\u00e9e de l'HEIP, elle rejoint Mes Allocs apr\\u00e8s une premi\\u00e8re exp\\u00e9rience \\u00e0 l'Assembl\\u00e9e Nationale.\",\"sameAs\":[\"https:\/\/www.linkedin.com\/in\/cecilia-philippe-b-8a8085195\"]}]}<\/script>\n<!-- \/ Yoast SEO plugin. -->","amp_validity":null,"acf":{"faq":{"1":{"question":"\ud83e\udd14Qu'est ce que L\u2019Aide Compl\u00e9mentaire Sant\u00e9 (ACS) ?","answer":"L\u2019Aide pour une Compl\u00e9mentaire Sant\u00e9 (ACS) est une aide \u00e0 la sant\u00e9 qui vous aide \u00e0 payer une compl\u00e9mentaire sant\u00e9 (mutuelle). Cette prestation fait partie du vaste dispositif des aides \u00e0 la sant\u00e9."},"2":{"question":"\ud83e\udd37\u200d\u2640\ufe0f Quelles sont les conditions li\u00e9es aux Aides \u00e0 la Sant\u00e9 ? ","answer":"Les conditions d'\u00e9ligibilit\u00e9 pour obtenir les aides \u00e0 la sant\u00e9 peuvent varier en fonction de vos ressources, votre \u00e2ge et de votre situation. Faites <a href=\"https:\/\/www.mes-allocs.fr\/simulation-aides\">la simulation gratuite<\/a> directement sur le site de Mes Allocs pour conna\u00eetre tous vos droits d'\u00e9ligibilit\u00e9s."},"3":{"question":"\ud83e\udd1d Comment demander les Aides \u00e0 la Sant\u00e9 ?","answer":"Vous devez monter un dossier \u00e0 destination de la Caisse d\u2019Allocations Familiales. Vous pouvez aussi demander \u00e0 Mes Allocs de faire <a href=\"https:\/\/www.mes-allocs.fr\/signature\">toutes les d\u00e9marches administratives<\/a> \u00e0 votre place."},"4":{"question":"\ud83e\udd14  Comment faire une simulation d'Aides \u00e0 la Sant\u00e9 ?","answer":"Le plus simple pour savoir si vous \u00eates \u00e9ligible aux Aides \u00e0 la Sant\u00e9 en fonction de vos revenus et de votre situation, est de faire <a href=\"https:\/\/www.mes-allocs.fr\/simulation-aides\">la simulation gratuite<\/a> de Mes Allocs."},"5":{"question":"\ud83e\udd37\u200d\u2640\ufe0f Quel plafond pour obtenir ACS ?","answer":"Une aide destin\u00e9e \u00e0 payer une compl\u00e9mentaire sant\u00e9 est vers\u00e9e \u00e0 ceux dont les ressources annuelles ne d\u00e9passent pas 11 507 \u20ac pour une personne seule et 17 260 \u20ac pour un couple, au 1er avril 2025."},"6":{"question":"\ud83e\udd1d Comment \u00e7a marche l'ACS ?","answer":"Si l'ACS est accord\u00e9e, votre caisse d'assurance maladie vous adresse : - une attestation de tiers payant sur la part prise en charge par l'assurance maladie obligatoire. Cette attestation vous dispense de payer le montant des soins rembours\u00e9 par l'assurance maladie \u00e0 votre m\u00e9decin."},"7":{"question":"\ud83e\udd14 Qui peut b\u00e9n\u00e9ficier de ACS ?","answer":"Si vous avez de faibles ressources, qui d\u00e9passent n\u00e9anmoins le plafond permettant de b\u00e9n\u00e9ficier de la Couverture maladie universelle compl\u00e9mentaire (CMU-C), vous pouvez b\u00e9n\u00e9ficier d'une Aide \u00e0 l'acquisition d'une compl\u00e9mentaire sant\u00e9 (ACS)."},"8":{"question":"\ud83e\udd37\u200d\u2640\ufe0f Quelle est la diff\u00e9rence entre la CMU et l'ACS ?","answer":"La CMU-C est apparent\u00e9e \u00e0 une mutuelle sant\u00e9 gratuite. L'ACS est une aide qui prend en charge une partie ou la totalit\u00e9 de la cotisation annuelle d'une mutuelle sant\u00e9"},"9":{"question":"","answer":""},"10":{"question":"","answer":""},"11":{"question":"","answer":""},"12":{"question":"","answer":""},"13":{"question":"","answer":""},"14":{"question":"","answer":""},"15":{"question":"","answer":""},"16":{"question":"","answer":""}}},"_links":{"self":[{"href":"https:\/\/www.mes-allocs.fr\/guides\/wp-json\/wp\/v2\/posts\/561","targetHints":{"allow":["GET"]}}],"collection":[{"href":"https:\/\/www.mes-allocs.fr\/guides\/wp-json\/wp\/v2\/posts"}],"about":[{"href":"https:\/\/www.mes-allocs.fr\/guides\/wp-json\/wp\/v2\/types\/post"}],"author":[{"embeddable":true,"href":"https:\/\/www.mes-allocs.fr\/guides\/wp-json\/wp\/v2\/users\/7"}],"replies":[{"embeddable":true,"href":"https:\/\/www.mes-allocs.fr\/guides\/wp-json\/wp\/v2\/comments?post=561"}],"version-history":[{"count":23,"href":"https:\/\/www.mes-allocs.fr\/guides\/wp-json\/wp\/v2\/posts\/561\/revisions"}],"predecessor-version":[{"id":101121,"href":"https:\/\/www.mes-allocs.fr\/guides\/wp-json\/wp\/v2\/posts\/561\/revisions\/101121"}],"wp:featuredmedia":[{"embeddable":true,"href":"https:\/\/www.mes-allocs.fr\/guides\/wp-json\/wp\/v2\/media\/562"}],"wp:attachment":[{"href":"https:\/\/www.mes-allocs.fr\/guides\/wp-json\/wp\/v2\/media?parent=561"}],"wp:term":[{"taxonomy":"category","embeddable":true,"href":"https:\/\/www.mes-allocs.fr\/guides\/wp-json\/wp\/v2\/categories?post=561"},{"taxonomy":"post_tag","embeddable":true,"href":"https:\/\/www.mes-allocs.fr\/guides\/wp-json\/wp\/v2\/tags?post=561"}],"curies":[{"name":"wp","href":"https:\/\/api.w.org\/{rel}","templated":true}]}}