{"id":56089,"date":"2022-10-20T19:21:57","date_gmt":"2022-10-20T17:21:57","guid":{"rendered":"https:\/\/www.mes-allocs.fr\/guides\/?p=56089"},"modified":"2025-03-18T18:05:28","modified_gmt":"2025-03-18T16:05:28","slug":"comment-assurance-maladie","status":"publish","type":"post","link":"https:\/\/www.mes-allocs.fr\/guides\/assurance-maladie\/comment-assurance-maladie\/","title":{"rendered":"Comment fonctionne l&rsquo;assurance maladie ?"},"content":{"rendered":"<p style=\"text-align: justify;\"><img loading=\"lazy\" decoding=\"async\" class=\"alignnone wp-image-56837 size-full\" title=\"assurance maladie\" src=\"https:\/\/www.mes-allocs.fr\/guides\/wp-content\/uploads\/2022\/09\/assurance-maladie-e1666285933890.jpeg\" alt=\"assurance maladie\" width=\"1560\" height=\"148\" srcset=\"https:\/\/www.mes-allocs.fr\/guides\/wp-content\/uploads\/2022\/09\/assurance-maladie-e1666285933890.jpeg 1560w, https:\/\/www.mes-allocs.fr\/guides\/wp-content\/uploads\/2022\/09\/assurance-maladie-e1666285933890-300x28.jpeg 300w, https:\/\/www.mes-allocs.fr\/guides\/wp-content\/uploads\/2022\/09\/assurance-maladie-e1666285933890-1024x97.jpeg 1024w, https:\/\/www.mes-allocs.fr\/guides\/wp-content\/uploads\/2022\/09\/assurance-maladie-e1666285933890-768x73.jpeg 768w, https:\/\/www.mes-allocs.fr\/guides\/wp-content\/uploads\/2022\/09\/assurance-maladie-e1666285933890-1536x146.jpeg 1536w, https:\/\/www.mes-allocs.fr\/guides\/wp-content\/uploads\/2022\/09\/assurance-maladie-e1666285933890-600x57.jpeg 600w\" sizes=\"auto, (max-width: 1560px) 100vw, 1560px\" \/><b>L\u2019Assurance Maladie est le mod\u00e8le d&rsquo;organisation du syst\u00e8me de sant\u00e9 en France. L&rsquo;Assurance Maladie permet d&rsquo;englober l\u2019ensemble des dispositifs qui vont permettre d&rsquo;assurer un individu face \u00e0 des risques li\u00e9s \u00e0 la maladie.\u00a0Mes Allocs vous explique juste ici comment fonctionne l&rsquo;Assurance Maladie.\u00a0<\/b><\/p>\n<hr style=\"text-align: justify;\" \/>\n<h1 style=\"text-align: justify;\">Comment est organis\u00e9e l&rsquo;assurance maladie ?<\/h1>\n<p style=\"text-align: justify;\">L\u2019Assurance Maladie est financ\u00e9e par des cotisations sur les salaires.\u00a0Cette Assurance Maladie se divise en deux parties.<\/p>\n<p style=\"text-align: justify;\">Il y a tout d&rsquo;abord l\u2019Assurance Maladie Obligatoire (AMO). C&rsquo;est la branche de la <a href=\"https:\/\/www.mes-allocs.fr\/guides\/aides-sante\/comment-demander-lallocation-veuvage-securite-sociale\/\">S\u00e9curit\u00e9 sociale<\/a> qui couvre tout ou partie des risques li\u00e9s \u00e0 :<\/p>\n<ul style=\"text-align: justify;\">\n<li>La maladie,<\/li>\n<li>La maternit\u00e9,<\/li>\n<li>Les accidents de la vie priv\u00e9e et professionnelle,<\/li>\n<li>Les maladies professionnelles,<\/li>\n<li>Les invalidit\u00e9s.<\/li>\n<\/ul>\n<p style=\"text-align: justify;\">Cette Assurance Maladie Obligatoire est compos\u00e9e d\u2019un r\u00e9gime g\u00e9n\u00e9ral et de nombreux <a href=\"https:\/\/www.mes-allocs.fr\/guides\/retraite\/retraite-de-reversion\/\">r\u00e9gimes<\/a> sp\u00e9ciaux.\u00a0Ensuite, il y a l\u2019Assurance Maladie Compl\u00e9mentaire (AMC). Celle-ci va correspondre \u00e0 l\u2019ensemble des garanties propos\u00e9es par des organismes priv\u00e9s.<\/p>\n<p style=\"text-align: justify;\">Ces garanties peuvent \u00eatre \u00e0 titre individuel ou collectif. Elles peuvent s&rsquo;adresser \u00e0 une personne, mais \u00e9galement \u00e0 sa famille. Cette AMC est en compl\u00e9ment ou en suppl\u00e9ment des prestations de l\u2019Assurance Maladie Obligatoire.<\/p>\n<p style=\"text-align: justify;\"><span style=\"font-weight: 400;\"><div class='cta-block'><div class='text'>Simulez toutes vos Aides en 2 min.<\/div><a href='' class='app-button fit'>Simulation gratuite<\/a><\/div><\/span><\/p>\n<h1 style=\"text-align: justify;\">L&rsquo;Assurance Maladie Obligatoire<\/h1>\n<p style=\"text-align: justify;\">L\u2019AMO d\u00e9signe les trois r\u00e9gimes de protection sociale que sont : le r\u00e9gime g\u00e9n\u00e9ral, le r\u00e9gime <a href=\"https:\/\/www.mes-allocs.fr\/guides\/aide-mobilite\/aide-a-l-installation-agricole\/\">agricole<\/a> et les r\u00e9gimes sp\u00e9ciaux. Selon le statut professionnel, un individu va appartenir \u00e0 l\u2019un de ces r\u00e9gimes obligatoires.<\/p>\n<h2 style=\"text-align: justify;\">Le r\u00e9gime g\u00e9n\u00e9ral<\/h2>\n<p style=\"text-align: justify;\">Le\u00a0r\u00e9gime g\u00e9n\u00e9ral\u00a0est le premier r\u00e9gime de la\u00a0S\u00e9curit\u00e9 sociale.\u00a0C&rsquo;est celui qui concerne l\u2019ensemble des salari\u00e9s et assimil\u00e9s. Il concerne \u00e9galement les travailleurs ind\u00e9pendants non-soumis \u00e0 un r\u00e9gime particulier.<\/p>\n<p style=\"text-align: justify;\">Au niveau national, le r\u00e9gime g\u00e9n\u00e9ral se compose de plusieurs \u00e9tablissements publics nationaux \u00e0 caract\u00e8re administratif.\u00a0Mais, au niveau r\u00e9gional, ce r\u00e9gime g\u00e9n\u00e9ral se caract\u00e9rise par des organismes de droit priv\u00e9 charg\u00e9s d\u2019une mission de service public.<\/p>\n<p style=\"text-align: justify;\">Le\u00a0r\u00e9gime g\u00e9n\u00e9ral\u00a0se divise en plusieurs branches distinctes\u00a0:<\/p>\n<ul style=\"text-align: justify;\">\n<li>La branche maladie<\/li>\n<li>La branche accidents du travail et maladies professionnelles<\/li>\n<li>La branche vieillesse<\/li>\n<li>La branche famille<\/li>\n<li>La branche recouvrement<\/li>\n<\/ul>\n<p style=\"text-align: justify;\">Afin de g\u00e9rer ces diff\u00e9rentes branches, il existe 4 organismes diff\u00e9rents :<\/p>\n<ul style=\"text-align: justify;\">\n<li>La Caisse Nationale d\u2019Assurance Maladie des Travailleurs Salari\u00e9s (CNAMTS)<\/li>\n<li>La Caisse Nationale d\u2019Assurance Vieillesse des Travailleurs Salari\u00e9s (CNAVTS)<\/li>\n<li><a href=\"https:\/\/www.urssaf.fr\/portail\/home\/particulier-espace.html\" target=\"_blank\" rel=\"noopener\">L\u2019URSSAF<\/a><\/li>\n<li>La Caisse Nationale des Allocations Familiales (CNAF)<\/li>\n<\/ul>\n<h2 style=\"text-align: justify;\">Le r\u00e9gime agricole<\/h2>\n<h1><img loading=\"lazy\" decoding=\"async\" class=\" wp-image-56082 alignright\" style=\"text-align: justify;\" title=\"comment assurance maladie\" src=\"https:\/\/www.mes-allocs.fr\/guides\/wp-content\/uploads\/2022\/09\/online-marketing-hIgeoQjS_iE-unsplash-e1662472164489-300x169.jpg\" alt=\"comment assurance maladie\" width=\"388\" height=\"219\" srcset=\"https:\/\/www.mes-allocs.fr\/guides\/wp-content\/uploads\/2022\/09\/online-marketing-hIgeoQjS_iE-unsplash-e1662472164489-300x169.jpg 300w, https:\/\/www.mes-allocs.fr\/guides\/wp-content\/uploads\/2022\/09\/online-marketing-hIgeoQjS_iE-unsplash-e1662472164489-1024x576.jpg 1024w, https:\/\/www.mes-allocs.fr\/guides\/wp-content\/uploads\/2022\/09\/online-marketing-hIgeoQjS_iE-unsplash-e1662472164489-768x432.jpg 768w, https:\/\/www.mes-allocs.fr\/guides\/wp-content\/uploads\/2022\/09\/online-marketing-hIgeoQjS_iE-unsplash-e1662472164489-1536x864.jpg 1536w, https:\/\/www.mes-allocs.fr\/guides\/wp-content\/uploads\/2022\/09\/online-marketing-hIgeoQjS_iE-unsplash-e1662472164489-600x338.jpg 600w, https:\/\/www.mes-allocs.fr\/guides\/wp-content\/uploads\/2022\/09\/online-marketing-hIgeoQjS_iE-unsplash-e1662472164489.jpg 1920w\" sizes=\"auto, (max-width: 388px) 100vw, 388px\" \/><\/h1>\n<p style=\"text-align: justify;\">Le r\u00e9gime agricole est g\u00e9r\u00e9 par la Mutualit\u00e9 Sociale Agricole (MSA).\u00a0C&rsquo;est l\u2019organisme mutualiste qui va g\u00e9rer le r\u00e9gime obligatoire de protection sociale du monde agricole et rural.<\/p>\n<p style=\"text-align: justify;\">Les personnes affili\u00e9es \u00e0 la MSA vont \u00eatre les :<\/p>\n<div class=\"content_container\" style=\"text-align: justify;\">\n<div class=\"ce_text block\">\n<ul>\n<li>Salari\u00e9s agricoles<\/li>\n<li>Agriculteurs<\/li>\n<li>Personnes exer\u00e7ant des professions agricoles annexes<\/li>\n<li>Professionnels agricoles non-salari\u00e9s<\/li>\n<li>Retrait\u00e9s du secteur agricole<\/li>\n<li>Ayants droit<\/li>\n<\/ul>\n<p>Les ayants droit sont les personnes, autre que l\u2019assur\u00e9, qui vont pouvoir b\u00e9n\u00e9ficier des prestations vers\u00e9es par les diff\u00e9rents organismes de S\u00e9curit\u00e9 sociale ou d\u2019assurance.<\/p>\n<p>La majeure partie du temps, les ayants droit\u00a0sont par exemple le conjoint et les enfants.<\/p>\n<h2>Les r\u00e9gimes sp\u00e9ciaux<\/h2>\n<p>Les\u00a0r\u00e9gimes sp\u00e9ciaux\u00a0sont des r\u00e9gimes de\u00a0S\u00e9curit\u00e9 sociale qui ne suivent pas les m\u00eames r\u00e8gles que le r\u00e9gime g\u00e9n\u00e9ral. Il existe une vingtaine de r\u00e9gimes sp\u00e9ciaux.<\/p>\n<p>Environ 5 millions de personnes sont aujourd&rsquo;hui couvertes par ces r\u00e9gimes sp\u00e9ciaux.\u00a0Selon le corps de m\u00e9tier auquel vous appartenez, le fonctionnement des r\u00e9gimes sp\u00e9ciaux va varier.<\/p>\n<p>Certains r\u00e9gimes sp\u00e9ciaux vont prendre en charge une couverture globale de protection sociale. Mais les autres r\u00e9gimes sp\u00e9ciaux vont se contenter d\u2019une assurance partielle.\u00a0La grande majorit\u00e9 d\u2019entre eux prennent en charge le\u00a0risque vieillesse.<\/p>\n<h3>L&rsquo;Assurance Vieillesse<\/h3>\n<p>L\u2019Assurance Vieillesse est la\u00a0branche de la S\u00e9curit\u00e9 sociale\u00a0qui g\u00e8re le risque vieillesse.\u00a0Son r\u00f4le va \u00eatre d&rsquo;assurer, gr\u00e2ce \u00e0 un syst\u00e8me par r\u00e9partition, une retraite aux personnes qui vont \u00eatre en \u00e2ge de partir \u00e0 la retraite et qui auront assez cotis\u00e9.\u00a0Au sein de l\u2019Assurance Vieillesse, on retrouve diff\u00e9rents r\u00e9gimes qui permettent de regrouper les assur\u00e9s sociaux selon leur activit\u00e9 professionnelle.<\/p>\n<p>Il y a tout d&rsquo;abord le r\u00e9gime g\u00e9n\u00e9ral qui est g\u00e9r\u00e9 par l\u2019Assurance <a href=\"https:\/\/www.mes-allocs.fr\/guides\/wp-admin\/post.php?post=46979&amp;action=edit\" target=\"_blank\" rel=\"noopener\">Retraite<\/a> pour les salari\u00e9s de l&rsquo;industrie, du commerce et des services. Ce r\u00e9gime g\u00e9n\u00e9ral s&rsquo;applique \u00e9galement pour les travailleurs ind\u00e9pendants.\u00a0Ensuite, il y a les r\u00e9gimes sp\u00e9ciaux des fonctionnaires et ses salari\u00e9s du secteur public. Ceux-ci vont \u00eatre g\u00e9r\u00e9s par diff\u00e9rentes caisses de retraite.\u00a0Enfin, il y a le r\u00e9gime des non-salari\u00e9s agricoles. Celui-ci est g\u00e9r\u00e9 par la Mutualit\u00e9 sociale agricole (MSA).<\/p>\n<h1>L&rsquo;Assurance Maladie Compl\u00e9mentaire<\/h1>\n<div class=\"content_container\">\n<div class=\"ce_text block\">\n<p>L\u2019Assurance Maladie Compl\u00e9mentaire (AMC) va correspondre \u00e0 l\u2019ensemble des garanties propos\u00e9es par des organismes priv\u00e9s. Ces garanties peuvent \u00eatre \u00e0 titre individuel ou collectif.<\/p>\n<p>Elles peuvent s&rsquo;adresser \u00e0 une personne, mais \u00e9galement \u00e0 sa famille. Cette AMC est en compl\u00e9ment ou en suppl\u00e9ment des prestations de l\u2019Assurance Maladie Obligatoire.<\/p>\n<p><iframe loading=\"lazy\" title=\"L&#039;Assurance Maladie\" width=\"500\" height=\"281\" src=\"https:\/\/www.youtube.com\/embed\/MdiYHpnlAvg?feature=oembed\" frameborder=\"0\" allow=\"accelerometer; autoplay; clipboard-write; encrypted-media; gyroscope; picture-in-picture; web-share\" referrerpolicy=\"strict-origin-when-cross-origin\" allowfullscreen><\/iframe><\/p>\n<h1>L&rsquo;objectif de la protection d&rsquo;assurance maladie<\/h1>\n<p>Depuis le 1er janvier 2016, gr\u00e2ce \u00e0 la Protection Universelle Maladie (PUMa), toute personne qui travaille ou r\u00e9side en France de mani\u00e8re stable et r\u00e9guli\u00e8re peut avoir droit \u00e0 la prise en charge de ses frais de sant\u00e9.\u00a0Cela signifie que les conditions d&rsquo;ouverture de droits vont \u00eatre simplifi\u00e9es.<\/p>\n<p>Tout d&rsquo;abord, les salari\u00e9s et assimil\u00e9s n&rsquo;ont plus \u00e0 justifier d&rsquo;une activit\u00e9 minimale. En effet, seul l&rsquo;exercice d&rsquo;une activit\u00e9 professionnelle va \u00eatre pris en compte.\u00a0Ensuite, les travailleurs ind\u00e9pendants (artisans, commer\u00e7ants, professions lib\u00e9rales, micro-entrepreneurs&#8230;) vont \u00e9galement avoir droit \u00e0 la prise en charge de leurs frais de sant\u00e9. Et ce, d\u00e8s le d\u00e9but de leur activit\u00e9 professionnelle.<\/p>\n<p>Concernant les personnes sans activit\u00e9 professionnelle, celles-ci vont pouvoir b\u00e9n\u00e9ficier de la prise en charge de leurs frais de sant\u00e9 au seul titre de leur r\u00e9sidence stable et r\u00e9guli\u00e8re en France.<\/p>\n<div class=\"content_container\" style=\"text-align: justify;\">\n<div class=\"ce_text block\">\n<h1>La Carte Vitale<\/h1>\n<\/div>\n<\/div>\n<p style=\"text-align: justify;\">La Carte Vitale va \u00eatre d\u00e9livr\u00e9e d\u00e8s l\u2019\u00e2ge de 16 ans par la Caisse d\u2019Assurance maladie dont vous d\u00e9pendez en tant qu&rsquo;assur\u00e9.<\/p>\n<p style=\"text-align: justify;\">Cette carte va permettre un processus de remboursement d\u00e9mat\u00e9rialis\u00e9. Cela signifie qu&rsquo;il n&rsquo;y a plus besoin de feuilles de soins, \u00e0 partir du moment o\u00f9 elle est pr\u00e9sent\u00e9e \u00e0 un professionnel de sant\u00e9. Ce professionnel de sant\u00e9 doit \u00e9galement \u00eatre reli\u00e9 au r\u00e9seau Sesam-Vitale.<\/p>\n<p style=\"text-align: justify;\">Le r\u00e9seau Sesam-Vitale est un programme qui permet aux m\u00e9decins de consulter les droits de leurs assur\u00e9s. Il permet \u00e9galement de t\u00e9l\u00e9-transmettre les feuilles de soins aux caisses de S\u00e9curit\u00e9 sociale.<\/p>\n<p style=\"text-align: justify;\">Une feuille de soins est un document papier ou num\u00e9rique qui va \u00eatre donn\u00e9 au patient par un professionnel de sant\u00e9 suite \u00e0 un acte m\u00e9dical. Ce document va servir tout d&rsquo;abord de facture, mais \u00e9galement de preuve de l\u2019acte m\u00e9dical effectu\u00e9 par le professionnel.<\/p>\n<p style=\"text-align: justify;\">La\u00a0carte vitale ne comporte aucune information m\u00e9dicale sur son d\u00e9tenteur. Elle permet seulement d&rsquo;effectuer des \u00e9l\u00e9ments d\u2019ordre administratif qui vont \u00eatre n\u00e9cessaires aux remboursements des soins.\u00a0La Carte Vitale ne fonctionne que sur le territoire national.<\/p>\n<h2 style=\"text-align: justify;\">Que faire en cas d&rsquo;oubli de la Carte Vitale ?<\/h2>\n<p style=\"text-align: justify;\">Si vous n&rsquo;avez pas votre carte vitale en votre possession, il existe le principe de l&rsquo;attestation vitale.<\/p>\n<p style=\"text-align: justify;\">L\u2019attestation vitale, \u00e9galement appel\u00e9e attestation de carte Vitale ou attestation des droits, est un document papier qui va reproduire toutes les informations que l&rsquo;on peut retrouver sur la puce \u00e9lectronique de la carte Vitale.<\/p>\n<p style=\"text-align: justify;\">Cette attestation peut \u00eatre pr\u00e9sent\u00e9e aux professionnels de sant\u00e9 en cas d\u2019oubli de la carte Vitale.<\/p>\n<h1>Comment contacter l&rsquo;Assurance Maladie ? <img loading=\"lazy\" decoding=\"async\" class=\" wp-image-56081 alignright\" title=\"comment assurance maladie\" src=\"https:\/\/www.mes-allocs.fr\/guides\/wp-content\/uploads\/2022\/09\/jeshoots-com-LtNvQHdKkmw-unsplash-e1662471997438-300x200.jpg\" alt=\"comment assurance maladie\" width=\"362\" height=\"241\" srcset=\"https:\/\/www.mes-allocs.fr\/guides\/wp-content\/uploads\/2022\/09\/jeshoots-com-LtNvQHdKkmw-unsplash-e1662471997438-300x200.jpg 300w, https:\/\/www.mes-allocs.fr\/guides\/wp-content\/uploads\/2022\/09\/jeshoots-com-LtNvQHdKkmw-unsplash-e1662471997438-1024x683.jpg 1024w, https:\/\/www.mes-allocs.fr\/guides\/wp-content\/uploads\/2022\/09\/jeshoots-com-LtNvQHdKkmw-unsplash-e1662471997438-768x512.jpg 768w, https:\/\/www.mes-allocs.fr\/guides\/wp-content\/uploads\/2022\/09\/jeshoots-com-LtNvQHdKkmw-unsplash-e1662471997438-1536x1024.jpg 1536w, https:\/\/www.mes-allocs.fr\/guides\/wp-content\/uploads\/2022\/09\/jeshoots-com-LtNvQHdKkmw-unsplash-e1662471997438-600x400.jpg 600w, https:\/\/www.mes-allocs.fr\/guides\/wp-content\/uploads\/2022\/09\/jeshoots-com-LtNvQHdKkmw-unsplash-e1662471997438.jpg 1920w\" sizes=\"auto, (max-width: 362px) 100vw, 362px\" \/><\/h1>\n<h2>Le courrier<\/h2>\n<p>Il vous est possible d&rsquo;envoyer vos feuilles de soins et vos arr\u00eats de travail par courrier \u00e0 la CPAM.\u00a0Cela va permettre de b\u00e9n\u00e9ficier des remboursements ou des indemnit\u00e9s journali\u00e8res.<\/p>\n<p>Cette solution du courrier existe pour les personnes qui rencontrent des probl\u00e8mes sur leur compte Ameli. Le mode du courrier permet \u00e9galement de garder une trace des \u00e9changes effectu\u00e9s avec votre CPAM.<\/p>\n<p>Pour pouvoir communiquer avec la CPAM par courrier, il est recommand\u00e9 d&rsquo;\u00e9crire \u00e0 la CPAM d\u00e9partementale de votre caisse d&rsquo;assurance maladie.<\/p>\n<h2 data-amp-original-style=\"text-align: justify;\">La plateforme Ameli<\/h2>\n<p class=\"amp-wp-7d27179\" data-amp-original-style=\"text-align: justify;\">Le site internet de la Caisse Primaire d\u2019Assurance Maladie ameli.fr vous permet d\u2019acc\u00e9der \u00e0 toutes les informations concernant votre compte.\u00a0Cette plateforme s\u2019adresse \u00e0 toutes les personnes affili\u00e9es \u00e0 une CPAM. Cela signifie qu&rsquo;elle concerne tous les salari\u00e9s et non-salari\u00e9s qui d\u00e9pendent du r\u00e9gime g\u00e9n\u00e9ral ou des r\u00e9gimes partenaires.<\/p>\n<p class=\"amp-wp-7d27179\" data-amp-original-style=\"text-align: justify;\">Il va vous permettre de suivre vos remboursements ou vos indemnit\u00e9s journali\u00e8res, l\u2019impression de vos attestations ou encore les d\u00e9clarations de votre m\u00e9decin traitant.\u00a0Gr\u00e2ce \u00e0 votre compte Ameli, il vous sera \u00e9galement possible de prendre contact avec votre CPAM.<\/p>\n<h1>Comment trouver son num\u00e9ro de s\u00e9curit\u00e9 sociale ?<\/h1>\n<p>Le num\u00e9ro de s\u00e9curit\u00e9 sociale est inscrit sur votre carte Vitale. Il se trouve \u00e9galement sur votre attestation de droits ou vos bulletins de salaire.\u00a0Il est \u00e9galement possible de le retrouver sur des documents envoy\u00e9s par la mutuelle, la caisse de retraite ou les h\u00f4pitaux.<\/p>\n<h2>Sur la carte Vitale<\/h2>\n<div class=\"field_ameli_paragraphs_blocks entity_reference_revisions\">\n<div class=\"paragraph paragraph--type--field-ameli-paragraph-accordeon paragraph--view-mode--full\">\n<div id=\"collapse11870\" class=\"collapse show\">\n<div class=\"field_ameli_paragraph_body text_with_summary\">\n<p>Votre num\u00e9ro de s\u00e9curit\u00e9 sociale figure en caract\u00e8res visibles sur votre\u00a0carte Vitale.\u00a0De plus, on le retrouve inscrit dans la puce de la carte. Il pourra \u00eatre facilement transmis par voie \u00e9lectronique.<\/p>\n<h2>Sur l&rsquo;attestation de droits<\/h2>\n<p>On retrouve \u00e9galement le num\u00e9ro de s\u00e9curit\u00e9 sociale inscrit sur l&rsquo;attestation de droits.\u00a0Celle-ci peut \u00eatre obtenue sur votre compte Ameli.<\/p>\n<p>L&rsquo;attestation de droits est un document qui contient les m\u00eames informations que la Carte Vitale.<\/p>\n<h3>L&rsquo;attestation de droits<\/h3>\n<p style=\"text-align: justify;\">L\u2019attestation vitale, \u00e9galement appel\u00e9e attestation de carte Vitale ou attestation des droits, est un document papier qui va reproduire toutes les informations que l&rsquo;on peut retrouver sur la puce \u00e9lectronique de la carte Vitale.<\/p>\n<p style=\"text-align: justify;\">Cette attestation peut \u00eatre pr\u00e9sent\u00e9e aux professionnels de sant\u00e9 en cas d\u2019oubli de la carte Vitale.<\/p>\n<h2>Sur le bulletin de salaire<\/h2>\n<div class=\"field_ameli_paragraphs_blocks entity_reference_revisions\">\n<div class=\"paragraph paragraph--type--field-ameli-paragraph-accordeon paragraph--view-mode--full\">\n<div id=\"collapse68724\" class=\"collapse show\">\n<div class=\"field_ameli_paragraph_body text_with_summary\">\n<p>Dans le cas o\u00f9 vous auriez d\u00e9j\u00e0 travaill\u00e9 en France, votre num\u00e9ro de s\u00e9curit\u00e9 sociale sera \u00e9galement inscrit sur tous vos bulletins de salaire.<\/p>\n<p><span style=\"font-weight: 400;\"><div class='cta-block'><div class='text'>Simulez toutes vos Aides en 2 min.<\/div><a href='' class='app-button fit'>Simulation gratuite<\/a><\/div><\/span><\/p>\n<\/div>\n<\/div>\n<\/div>\n<\/div>\n<\/div>\n<\/div>\n<\/div>\n<\/div>\n<div class=\"field_ameli_paragraphs_blocks entity_reference_revisions\">\n<div id=\"text_68718\" class=\"paragraph paragraph--type--field-ameli-paragraph-titre-sect paragraph--view-mode--full\">\n<h1 class=\"field_ameli_paragraph_title string\">\u00c0 quoi sert le num\u00e9ro de s\u00e9curit\u00e9 sociale ?<\/h1>\n<p>Le num\u00e9ro de s\u00e9curit\u00e9 sociale est unique et personnel.\u00a0Celui-ci vous sert \u00e0 vous identifier simplement aupr\u00e8s de votre caisse primaire d&rsquo;assurance maladie. Il permet \u00e9galement de vous identifier aupr\u00e8s de tous les organismes de s\u00e9curit\u00e9 sociale.<\/p>\n<\/div>\n<\/div>\n<div class=\"field_ameli_paragraphs_blocks entity_reference_revisions\">\n<div id=\"text_11865\" class=\"paragraph paragraph--type--field-ameli-paragraph-simple paragraph--view-mode--full\">\n<div class=\"field_ameli_paragraph_body text_with_summary\">\n<p>Votre employeur utilise aussi votre num\u00e9ro de s\u00e9curit\u00e9 sociale. En effet, c&rsquo;est un \u00e9l\u00e9ment indispensable pour :<\/p>\n<ul>\n<li>Rembourser vos frais de sant\u00e9,<\/li>\n<li>Percevoir vos indemnit\u00e9s journali\u00e8res,<\/li>\n<li>Verser vos allocations familiales,<\/li>\n<li>Calculer votre retraite.<\/li>\n<\/ul>\n<p>De plus, le num\u00e9ro de s\u00e9curit\u00e9 sociale va servir d&rsquo;identifiant afin de cr\u00e9er un compte Ameli et pouvoir s&rsquo;y connecter.<\/p>\n<\/div>\n<\/div>\n<\/div>\n<\/div>\n<\/div>\n<\/div>\n<\/div>\n","protected":false},"excerpt":{"rendered":"<p>L\u2019Assurance Maladie est le mod\u00e8le d&rsquo;organisation du syst\u00e8me de sant\u00e9 en France. L&rsquo;Assurance Maladie permet d&rsquo;englober l\u2019ensemble des dispositifs qui vont permettre d&rsquo;assurer un individu face \u00e0 des risques li\u00e9s \u00e0 la maladie.\u00a0Mes Allocs vous explique juste ici comment fonctionne l&rsquo;Assurance Maladie.\u00a0 Comment est organis\u00e9e l&rsquo;assurance maladie ? L\u2019Assurance Maladie est financ\u00e9e par des cotisations [&hellip;]<\/p>\n","protected":false},"author":13,"featured_media":56081,"comment_status":"closed","ping_status":"open","sticky":false,"template":"","format":"standard","meta":{"amp_status":"","footnotes":""},"categories":[21657],"tags":[],"class_list":["post-56089","post","type-post","status-publish","format-standard","has-post-thumbnail","hentry","category-assurance-maladie"],"yoast_head":"<!-- This site is optimized with the Yoast SEO plugin v14.9 - https:\/\/yoast.com\/wordpress\/plugins\/seo\/ -->\n<title>Comment fonctionne l&#039;assurance maladie ? | Mes-Allocs.fr<\/title>\n<meta name=\"description\" content=\"L&#039;Assurance Maladie englobe l\u2019ensemble des dispositifs qui vont permettre d&#039;assurer un individu face \u00e0 des risques li\u00e9s \u00e0 la maladie.\" \/>\n<meta name=\"robots\" content=\"index, follow, max-snippet:-1, max-image-preview:large, max-video-preview:-1\" \/>\n<link rel=\"canonical\" href=\"https:\/\/www.mes-allocs.fr\/guides\/assurance-maladie\/comment-assurance-maladie\/\" \/>\n<meta property=\"og:locale\" content=\"fr_FR\" \/>\n<meta property=\"og:type\" content=\"article\" \/>\n<meta property=\"og:title\" content=\"Comment fonctionne l&#039;assurance maladie ? | Mes-Allocs.fr\" \/>\n<meta property=\"og:description\" content=\"L&#039;Assurance Maladie englobe l\u2019ensemble des dispositifs qui vont permettre d&#039;assurer un individu face \u00e0 des risques li\u00e9s \u00e0 la maladie.\" \/>\n<meta property=\"og:url\" content=\"https:\/\/www.mes-allocs.fr\/guides\/assurance-maladie\/comment-assurance-maladie\/\" \/>\n<meta property=\"og:site_name\" content=\"Mes-Allocs.fr\" \/>\n<meta property=\"article:published_time\" content=\"2022-10-20T17:21:57+00:00\" \/>\n<meta property=\"article:modified_time\" content=\"2025-03-18T16:05:28+00:00\" \/>\n<meta property=\"og:image\" content=\"https:\/\/www.mes-allocs.fr\/guides\/wp-content\/uploads\/2022\/09\/jeshoots-com-LtNvQHdKkmw-unsplash-e1662471997438.jpg?wsr\" \/>\n\t<meta property=\"og:image:width\" content=\"1920\" \/>\n\t<meta property=\"og:image:height\" content=\"1280\" \/>\n<meta name=\"twitter:card\" content=\"summary_large_image\" \/>\n<script type=\"application\/ld+json\" class=\"yoast-schema-graph\">{\"@context\":\"https:\/\/schema.org\",\"@graph\":[{\"@type\":\"WebSite\",\"@id\":\"https:\/\/www.mes-allocs.fr\/guides\/#website\",\"url\":\"https:\/\/www.mes-allocs.fr\/guides\/\",\"name\":\"Mes-Allocs.fr\",\"description\":\"\",\"potentialAction\":[{\"@type\":\"SearchAction\",\"target\":\"https:\/\/www.mes-allocs.fr\/guides\/?s={search_term_string}\",\"query-input\":\"required name=search_term_string\"}],\"inLanguage\":\"fr-FR\"},{\"@type\":\"ImageObject\",\"@id\":\"https:\/\/www.mes-allocs.fr\/guides\/assurance-maladie\/comment-assurance-maladie\/#primaryimage\",\"inLanguage\":\"fr-FR\",\"url\":\"https:\/\/www.mes-allocs.fr\/guides\/wp-content\/uploads\/2022\/09\/jeshoots-com-LtNvQHdKkmw-unsplash-e1662471997438.jpg?wsr\",\"width\":1920,\"height\":1280,\"caption\":\"comment assurance maladie\"},{\"@type\":\"WebPage\",\"@id\":\"https:\/\/www.mes-allocs.fr\/guides\/assurance-maladie\/comment-assurance-maladie\/#webpage\",\"url\":\"https:\/\/www.mes-allocs.fr\/guides\/assurance-maladie\/comment-assurance-maladie\/\",\"name\":\"Comment fonctionne l'assurance maladie ? | Mes-Allocs.fr\",\"isPartOf\":{\"@id\":\"https:\/\/www.mes-allocs.fr\/guides\/#website\"},\"primaryImageOfPage\":{\"@id\":\"https:\/\/www.mes-allocs.fr\/guides\/assurance-maladie\/comment-assurance-maladie\/#primaryimage\"},\"datePublished\":\"2022-10-20T17:21:57+00:00\",\"dateModified\":\"2025-03-18T16:05:28+00:00\",\"author\":{\"@id\":\"https:\/\/www.mes-allocs.fr\/guides\/#\/schema\/person\/c22c1269332026958a3b5505f80b5404\"},\"description\":\"L'Assurance Maladie englobe l\\u2019ensemble des dispositifs qui vont permettre d'assurer un individu face \\u00e0 des risques li\\u00e9s \\u00e0 la maladie.\",\"inLanguage\":\"fr-FR\"},{\"@type\":\"Person\",\"@id\":\"https:\/\/www.mes-allocs.fr\/guides\/#\/schema\/person\/c22c1269332026958a3b5505f80b5404\",\"name\":\"Flavien Fritz\",\"image\":{\"@type\":\"ImageObject\",\"@id\":\"https:\/\/www.mes-allocs.fr\/guides\/#personlogo\",\"inLanguage\":\"fr-FR\",\"url\":\"https:\/\/www.mes-allocs.fr\/guides\/wp-content\/uploads\/2021\/11\/Flavien-1-150x150.png\",\"caption\":\"Flavien Fritz\"},\"description\":\"Flavien est r\\u00e9dacteur au sein de l'\\u00e9quipe Mes Allocs, sp\\u00e9cialis\\u00e9 en droit priv\\u00e9. Dipl\\u00f4m\\u00e9 de l'Institut Catholique de Vend\\u00e9e, il rejoint Mes Allocs apr\\u00e8s une premi\\u00e8re exp\\u00e9rience entrepreneuriale.\",\"sameAs\":[\"https:\/\/fr.linkedin.com\/in\/flavienfritz\"]}]}<\/script>\n<!-- \/ Yoast SEO plugin. -->","amp_validity":null,"acf":{"faq":{"1":{"question":"\ud83e\udd1dQu'est-ce que l'Assurance Maladie Obligatoire ?","answer":"L\u2019AMO d\u00e9signe les trois r\u00e9gimes de protection sociale que sont : le r\u00e9gime g\u00e9n\u00e9ral, le r\u00e9gime agricole et les r\u00e9gimes sp\u00e9ciaux.\r\n<br> <a href=\"https:\/\/www.mes-allocs.fr\/guides\/assurance-maladie\/comment-assurance-maladie\/\">Lire la suite<\/a>\r\n"},"2":{"question":"\ud83e\udd13Qu'est-ce que l'AMC ?","answer":"L\u2019Assurance Maladie Compl\u00e9mentaire (AMC) va correspondre \u00e0 l\u2019ensemble des garanties propos\u00e9es par des organismes priv\u00e9s. Ces garanties peuvent \u00eatre \u00e0 titre individuel ou collectif.\r\n<br> <a href=\"https:\/\/www.mes-allocs.fr\/guides\/assurance-maladie\/comment-assurance-maladie\/\">Lire la suite<\/a>\r\n"},"3":{"question":"\ud83e\uddd0Comment trouver le num\u00e9ro de s\u00e9curit\u00e9 sociale ?","answer":"Le num\u00e9ro de s\u00e9curit\u00e9 sociale est inscrit sur votre carte Vitale. Il se trouve \u00e9galement sur votre attestation de droits ou vos bulletins de salaire.\r\n<br> <a href=\"https:\/\/www.mes-allocs.fr\/guides\/assurance-maladie\/comment-assurance-maladie\/\">Lire la suite<\/a>\r\n"},"4":{"question":"\ud83e\udd13\u00c0 quoi sert le num\u00e9ro de s\u00e9curit\u00e9 sociale ?","answer":"Celui-ci vous sert \u00e0 vous identifier simplement aupr\u00e8s de votre caisse primaire d'assurance maladie. Il permet \u00e9galement de vous identifier aupr\u00e8s de tous les organismes de s\u00e9curit\u00e9 sociale.\r\n<br> <a href=\"https:\/\/www.mes-allocs.fr\/guides\/assurance-maladie\/comment-assurance-maladie\/\">Lire la suite<\/a>\r\n"},"5":{"question":"","answer":""},"6":{"question":"","answer":""},"7":{"question":"","answer":""},"8":{"question":"","answer":""},"9":{"question":"","answer":""},"10":{"question":"","answer":""},"11":{"question":"","answer":""},"12":{"question":"","answer":""},"13":{"question":"","answer":""},"14":{"question":"","answer":""},"15":{"question":"","answer":""},"16":{"question":"","answer":""}}},"_links":{"self":[{"href":"https:\/\/www.mes-allocs.fr\/guides\/wp-json\/wp\/v2\/posts\/56089","targetHints":{"allow":["GET"]}}],"collection":[{"href":"https:\/\/www.mes-allocs.fr\/guides\/wp-json\/wp\/v2\/posts"}],"about":[{"href":"https:\/\/www.mes-allocs.fr\/guides\/wp-json\/wp\/v2\/types\/post"}],"author":[{"embeddable":true,"href":"https:\/\/www.mes-allocs.fr\/guides\/wp-json\/wp\/v2\/users\/13"}],"replies":[{"embeddable":true,"href":"https:\/\/www.mes-allocs.fr\/guides\/wp-json\/wp\/v2\/comments?post=56089"}],"version-history":[{"count":8,"href":"https:\/\/www.mes-allocs.fr\/guides\/wp-json\/wp\/v2\/posts\/56089\/revisions"}],"predecessor-version":[{"id":96047,"href":"https:\/\/www.mes-allocs.fr\/guides\/wp-json\/wp\/v2\/posts\/56089\/revisions\/96047"}],"wp:featuredmedia":[{"embeddable":true,"href":"https:\/\/www.mes-allocs.fr\/guides\/wp-json\/wp\/v2\/media\/56081"}],"wp:attachment":[{"href":"https:\/\/www.mes-allocs.fr\/guides\/wp-json\/wp\/v2\/media?parent=56089"}],"wp:term":[{"taxonomy":"category","embeddable":true,"href":"https:\/\/www.mes-allocs.fr\/guides\/wp-json\/wp\/v2\/categories?post=56089"},{"taxonomy":"post_tag","embeddable":true,"href":"https:\/\/www.mes-allocs.fr\/guides\/wp-json\/wp\/v2\/tags?post=56089"}],"curies":[{"name":"wp","href":"https:\/\/api.w.org\/{rel}","templated":true}]}}