{"id":56068,"date":"2022-10-18T19:48:59","date_gmt":"2022-10-18T17:48:59","guid":{"rendered":"https:\/\/www.mes-allocs.fr\/guides\/?p=56068"},"modified":"2026-03-17T18:16:33","modified_gmt":"2026-03-17T17:16:33","slug":"rsi-retraite","status":"publish","type":"post","link":"https:\/\/www.mes-allocs.fr\/guides\/retraite\/caisses-de-retraite\/rsi-retraite\/","title":{"rendered":"S\u00e9curit\u00e9 sociale pour les ind\u00e9pendants : le nouveau RSI"},"content":{"rendered":"<p style=\"text-align: justify;\"><b><img loading=\"lazy\" decoding=\"async\" class=\"alignnone wp-image-57072 size-full\" title=\"RSI retraite\" src=\"https:\/\/www.mes-allocs.fr\/guides\/wp-content\/uploads\/2022\/10\/RSI-la-retraite-des-travailleurs-independants-e1665588091864.jpeg\" alt=\"RSI retraite\" width=\"1560\" height=\"222\" srcset=\"https:\/\/www.mes-allocs.fr\/guides\/wp-content\/uploads\/2022\/10\/RSI-la-retraite-des-travailleurs-independants-e1665588091864.jpeg 1560w, https:\/\/www.mes-allocs.fr\/guides\/wp-content\/uploads\/2022\/10\/RSI-la-retraite-des-travailleurs-independants-e1665588091864-300x43.jpeg 300w, https:\/\/www.mes-allocs.fr\/guides\/wp-content\/uploads\/2022\/10\/RSI-la-retraite-des-travailleurs-independants-e1665588091864-1024x146.jpeg 1024w, https:\/\/www.mes-allocs.fr\/guides\/wp-content\/uploads\/2022\/10\/RSI-la-retraite-des-travailleurs-independants-e1665588091864-768x109.jpeg 768w, https:\/\/www.mes-allocs.fr\/guides\/wp-content\/uploads\/2022\/10\/RSI-la-retraite-des-travailleurs-independants-e1665588091864-1536x219.jpeg 1536w, https:\/\/www.mes-allocs.fr\/guides\/wp-content\/uploads\/2022\/10\/RSI-la-retraite-des-travailleurs-independants-e1665588091864-600x85.jpeg 600w\" sizes=\"auto, (max-width: 1560px) 100vw, 1560px\" \/><\/b><\/p>\n<p><span style=\"font-weight: 400;\">[Mis \u00e0 jour le 17\/03\/2026] Le<\/span><b> r\u00e9gime de la retraite des travailleurs ind\u00e9pendants <\/b><span style=\"font-weight: 400;\">a subi des transformations importantes ces derni\u00e8res ann\u00e9es. Auparavant g\u00e9r\u00e9 par le<\/span><b> R\u00e9gime Social des Ind\u00e9pendants (RSI)<\/b><span style=\"font-weight: 400;\">, la gestion de la <a href=\"https:\/\/www.mes-allocs.fr\/guides\/retraite\/\">retraite<\/a> des ind\u00e9pendants a \u00e9t\u00e9 r\u00e9form\u00e9e pour \u00eatre int\u00e9gr\u00e9e au r\u00e9gime g\u00e9n\u00e9ral des salari\u00e9s. D\u00e9sormais, ce r\u00e9gime est connu sous le nom de S\u00e9curit\u00e9 sociale des ind\u00e9pendants. Comment fonctionne cette r\u00e9forme et quel est son impact sur la retraite des travailleurs ind\u00e9pendants ? Cet article vous guide \u00e0 travers les diff\u00e9rents aspects de cette \u00e9volution.<\/span><\/p>\n<div class='cta-block'><div class='text'>Simulez votre retraite en 2 min.<\/div><a href='https:\/\/www.mes-allocs.fr\/formulaire\/retraite?utm_source=seo&origin=guides\/wp-json\/wp\/v2\/posts\/56068' class='app-button fit'>Simulation gratuite<\/a><\/div>\n<h1><strong>Qu\u2019est-ce que le RSI et comment fonctionne la retraite des ind\u00e9pendants ?<\/strong><\/h1>\n<p><span style=\"font-weight: 400;\">Le<\/span><b> R\u00e9gime Social des Ind\u00e9pendants (RSI) <\/b><span style=\"font-weight: 400;\">a \u00e9t\u00e9 cr\u00e9\u00e9 en <\/span><b>2006<\/b><span style=\"font-weight: 400;\">, \u00e0 la suite de la fusion de plusieurs caisses de s\u00e9curit\u00e9 sociale. Il a assur\u00e9 la gestion des cotisations et prestations de retraite pour les travailleurs ind\u00e9pendants tels que les <\/span><b>artisans<\/b><span style=\"font-weight: 400;\">, <\/span><b>commer\u00e7ants <\/b><span style=\"font-weight: 400;\">et <\/span><b>professions lib\u00e9rales<\/b><span style=\"font-weight: 400;\"> non affili\u00e9es \u00e0 d\u2019autres caisses sp\u00e9cifiques. En 2018, il a \u00e9t\u00e9 supprim\u00e9 et remplac\u00e9 par la <\/span><b>S\u00e9curit\u00e9 Sociale des Ind\u00e9pendants (SSI)<\/b><span style=\"font-weight: 400;\">. Ce changement visait \u00e0 simplifier la gestion et \u00e0 int\u00e9grer les travailleurs ind\u00e9pendants dans le r\u00e9gime g\u00e9n\u00e9ral des salari\u00e9s.<\/span><\/p>\n<h2><strong>Depuis quand le RSI a-t-il \u00e9t\u00e9 remplac\u00e9 ?<\/strong><\/h2>\n<p><span style=\"font-weight: 400;\">Le R\u00e9gime Social des Ind\u00e9pendants (RSI) a \u00e9t\u00e9 fusionn\u00e9 avec le r\u00e9gime g\u00e9n\u00e9ral des salari\u00e9s en 2018, dans le cadre d&rsquo;une r\u00e9forme visant \u00e0 simplifier la gestion des cotisations sociales pour les travailleurs ind\u00e9pendants. Ce changement a entra\u00een\u00e9 l\u2019apparition de <\/span><b>l\u2019Agence de S\u00e9curit\u00e9 sociale des ind\u00e9pendants (SSI),<\/b><span style=\"font-weight: 400;\"> qui prend d\u00e9sormais en charge la protection sociale des ind\u00e9pendants, y compris leur retraite.<\/span><\/p>\n<h2><strong>Qu&rsquo;est-ce que la s\u00e9curit\u00e9 sociale des ind\u00e9pendants ?<\/strong><\/h2>\n<p><span style=\"font-weight: 400;\">La S\u00e9curit\u00e9 sociale des ind\u00e9pendants, ou SSI, remplace le syst\u00e8me du RSI, mais conserve les m\u00eames principes de <\/span><b>cotisation <\/b><span style=\"font-weight: 400;\">et de <\/span><b>calcul de la retraite de base<\/b><span style=\"font-weight: 400;\">. Ce syst\u00e8me est d\u00e9sormais int\u00e9gr\u00e9 au r\u00e9gime g\u00e9n\u00e9ral, ce qui permet aux travailleurs ind\u00e9pendants de b\u00e9n\u00e9ficier d\u2019une meilleure simplification administrative, ainsi que d\u2019un acc\u00e8s \u00e0 une couverture sociale comparable \u00e0 celle des salari\u00e9s.<\/span><\/p>\n<h2><strong>Qui est concern\u00e9 par la retraite de la S\u00e9curit\u00e9 sociale des ind\u00e9pendants (ancien RSI) ?<\/strong><\/h2>\n<p><span style=\"font-weight: 400;\">Les travailleurs concern\u00e9s par la retraite de la SSI sont principalement les <\/span><b>artisans, commer\u00e7ants et industriels<\/b><span style=\"font-weight: 400;\">. Les professions lib\u00e9rales, quant \u00e0 elles, peuvent \u00eatre affili\u00e9es \u00e0 la CIPAV ou \u00e0 d\u2019autres caisses sp\u00e9cifiques, mais elles restent \u00e9galement couvertes par la r\u00e9forme.<\/span><\/p>\n<p><iframe loading=\"lazy\" title=\"Comment bien pr\u00e9parer sa retraite ?\" width=\"500\" height=\"281\" src=\"https:\/\/www.youtube.com\/embed\/nZ79Bmawt_M?feature=oembed\" frameborder=\"0\" allow=\"accelerometer; autoplay; clipboard-write; encrypted-media; gyroscope; picture-in-picture; web-share\" referrerpolicy=\"strict-origin-when-cross-origin\" allowfullscreen><\/iframe><\/p>\n<h1><strong>Comment fonctionne la retraite de base des ind\u00e9pendants ?<\/strong><\/h1>\n<h2><strong>R\u00e8gles de cotisation en 2026<\/strong><\/h2>\n<p><span style=\"font-weight: 400;\">Depuis 2025, les ind\u00e9pendants cotisent pour leur retraite de base de la m\u00eame mani\u00e8re que les salari\u00e9s, bien que les termes soient adapt\u00e9s \u00e0 leur statut. La cotisation retraite de base est de <\/span><b>17,75 %<\/b><span style=\"font-weight: 400;\"> sur les revenus inf\u00e9rieurs au plafond de la S\u00e9curit\u00e9 sociale <\/span><b>(48 060 \u20ac en 2026)<\/b><span style=\"font-weight: 400;\">, et de <\/span><b>0,60 %<\/b><span style=\"font-weight: 400;\"> sur les revenus sup\u00e9rieurs \u00e0 ce plafond. Cependant, il n\u2019existe pas de cotisation patronale, car les ind\u00e9pendants sont leur propre employeur. Le montant minimum de cotisation retraite est fix\u00e9 \u00e0<\/span><b> 1 289 \u20ac en 2026 <\/b>pour valider<b> 4 trimestres.<\/b><\/p>\n<h2><strong>Conditions pour toucher la retraite de la S\u00e9curit\u00e9 sociale des ind\u00e9pendants<\/strong><\/h2>\n<p><span style=\"font-weight: 400;\">Pour b\u00e9n\u00e9ficier de la retraite de base \u00e0 taux plein, il est n\u00e9cessaire d&rsquo;avoir atteint l&rsquo;\u00e2ge l\u00e9gal de d\u00e9part \u00e0 la retraite, soit<\/span><b> 62 ans<\/b><span style=\"font-weight: 400;\">, et d\u2019avoir cotis\u00e9 un nombre suffisant de trimestres. Selon l\u2019ann\u00e9e de naissance, ce nombre varie entre<\/span><b> 166 et 172 trimestres.<\/b><span style=\"font-weight: 400;\"> Toutefois, si la retraite est demand\u00e9e apr\u00e8s l&rsquo;\u00e2ge de <\/span><b>67 ans<\/b><span style=\"font-weight: 400;\">, le retrait\u00e9 peut obtenir le taux plein sans avoir atteint le nombre de trimestres requis.<\/span><\/p>\n<h2><strong>M\u00e9thode de calcul de la pension de base<\/strong><\/h2>\n<p><span style=\"font-weight: 400;\">Le calcul de la pension de base repose sur le<\/span><b> revenu annuel moyen<\/b><span style=\"font-weight: 400;\">, calcul\u00e9 sur les 25 meilleures ann\u00e9es de revenus professionnels. La formule utilis\u00e9e est : <\/span><i><span style=\"font-weight: 400;\">RPM (revenu moyen) \u00d7 taux de pension \u00d7 dur\u00e9e d\u2019assurance \/ dur\u00e9e d\u2019assurance requise<\/span><\/i><span style=\"font-weight: 400;\">. Par exemple, un ind\u00e9pendant ayant cotis\u00e9 140 trimestres sur 166 requis verra sa pension calcul\u00e9e sur un montant proratis\u00e9. Il peut \u00eatre r\u00e9duit \u00e0 environ 84 % de la pension \u00e0 taux plein, en fonction des trimestres valid\u00e9s.<\/span><\/p>\n<h1><span style=\"font-weight: 400;\"><strong>Retraite compl\u00e9mentaire : comment \u00e7a<\/strong> <strong>marche pour les ind\u00e9pendants ?<\/strong><\/span><\/h1>\n<h2><strong>Conditions d\u2019acc\u00e8s \u00e0 la retraite compl\u00e9mentaire pour les ind\u00e9pendants<\/strong><\/h2>\n<p><span style=\"font-weight: 400;\">La <\/span><b>retraite compl\u00e9mentaire pour les travailleurs ind\u00e9pendants<\/b><span style=\"font-weight: 400;\"> est \u00e9galement r\u00e9gie par des r\u00e8gles pr\u00e9cises. Pour b\u00e9n\u00e9ficier de cette retraite compl\u00e9mentaire, il faut avoir valid\u00e9 des trimestres suffisants pour la retraite de base et \u00eatre \u00e0 jour dans le paiement des cotisations. De plus, la pension de base doit \u00eatre liquid\u00e9e avant la retraite compl\u00e9mentaire.<\/span><\/p>\n<h2><strong>Montant et calcul de la pension compl\u00e9mentaire<\/strong><\/h2>\n<p><span style=\"font-weight: 400;\">Le montant de la pension compl\u00e9mentaire d\u00e9pend du nombre de points acquis tout au long de la carri\u00e8re de l&rsquo;ind\u00e9pendant, ainsi que de la valeur du point au moment de la liquidation. Les cotisations retraite compl\u00e9mentaire sont calcul\u00e9es sur un pourcentage des revenus, \u00e0 savoir<\/span><b> 8 %<\/b><span style=\"font-weight: 400;\"> sur les revenus compris entre<\/span><b> 48 060 \u20ac <\/b><span style=\"font-weight: 400;\">et <\/span><b>192 240\u20ac<\/b><span style=\"font-weight: 400;\"> et<\/span><b> 7 %<\/b><span style=\"font-weight: 400;\"> pour les revenus inf\u00e9rieurs \u00e0 <\/span><b>48 060\u20ac<\/b><span style=\"font-weight: 400;\">.<\/span><\/p>\n<h2><span style=\"font-weight: 400;\">Comment optimiser sa retraite en tant qu\u2019ind\u00e9pendant ?<\/span><\/h2>\n<p><span style=\"font-weight: 400;\">L\u2019optimisation de la retraite pour un travailleur ind\u00e9pendant passe par une<\/span><b> gestion efficace des cotisations<\/b><span style=\"font-weight: 400;\"> et une<\/span><b> planification pr\u00e9coce de la liquidation de ses droits<\/b><span style=\"font-weight: 400;\">. Certaines strat\u00e9gies peuvent inclure :<\/span><\/p>\n<ul>\n<li style=\"font-weight: 400;\" aria-level=\"1\"><span style=\"font-weight: 400;\">Le paiement volontaire de cotisations suppl\u00e9mentaires pour racheter des trimestres et \u00e9viter une d\u00e9cote sur la pension.<\/span><\/li>\n<li style=\"font-weight: 400;\" aria-level=\"1\"><span style=\"font-weight: 400;\">Le choix du moment de la retraite : partir apr\u00e8s<\/span><b> 67 ans<\/b><span style=\"font-weight: 400;\"> permet de b\u00e9n\u00e9ficier du taux plein sans subir de d\u00e9cote, bien que la pension soit proratis\u00e9e.<\/span><\/li>\n<\/ul>\n<p><span style=\"font-weight: 400;\">Les travailleurs ind\u00e9pendants peuvent aussi se tourner vers des dispositifs d\u2019\u00e9pargne retraite compl\u00e9mentaires, tels que le<\/span><b> Plan d\u2019\u00c9pargne Retraite (PER),<\/b><span style=\"font-weight: 400;\"> pour maximiser leurs revenus \u00e0 la retraite.<\/span><\/p>\n<h1><strong>Conclusion<\/strong><\/h1>\n<p><span style=\"font-weight: 400;\">La transformation du RSI en S\u00e9curit\u00e9 sociale des ind\u00e9pendants a simplifi\u00e9 l\u2019acc\u00e8s \u00e0 la retraite pour les travailleurs ind\u00e9pendants tout en int\u00e9grant le r\u00e9gime \u00e0 celui des salari\u00e9s. Bien que les r\u00e8gles de cotisation et de calcul de la pension soient similaires, il reste essentiel pour chaque travailleur ind\u00e9pendant de bien comprendre ces m\u00e9canismes et d&rsquo;optimiser ses cotisations pour garantir une retraite sereine. Il est fortement recommand\u00e9 de se tenir inform\u00e9 des nouvelles r\u00e8gles et des opportunit\u00e9s d\u2019\u00e9pargne afin d&rsquo;assurer sa s\u00e9curit\u00e9 financi\u00e8re \u00e0 long terme.<\/span><\/p>\n<p style=\"text-align: justify;\"><div class='cta-block'><div class='text'>Simulez votre retraite en 2 min.<\/div><a href='https:\/\/www.mes-allocs.fr\/formulaire\/retraite?utm_source=seo&origin=guides\/wp-json\/wp\/v2\/posts\/56068' class='app-button fit'>Simulation gratuite<\/a><\/div><\/p>\n","protected":false},"excerpt":{"rendered":"<p>[Mis \u00e0 jour le 17\/03\/2026] Le r\u00e9gime de la retraite des travailleurs ind\u00e9pendants a subi des transformations importantes ces derni\u00e8res ann\u00e9es. Auparavant g\u00e9r\u00e9 par le R\u00e9gime Social des Ind\u00e9pendants (RSI), la gestion de la retraite des ind\u00e9pendants a \u00e9t\u00e9 r\u00e9form\u00e9e pour \u00eatre int\u00e9gr\u00e9e au r\u00e9gime g\u00e9n\u00e9ral des salari\u00e9s. D\u00e9sormais, ce r\u00e9gime est connu sous le [&hellip;]<\/p>\n","protected":false},"author":14,"featured_media":57071,"comment_status":"closed","ping_status":"open","sticky":false,"template":"","format":"standard","meta":{"amp_status":"","footnotes":""},"categories":[22793,19177],"tags":[],"class_list":["post-56068","post","type-post","status-publish","format-standard","has-post-thumbnail","hentry","category-caisses-de-retraite","category-retraite"],"yoast_head":"<!-- This site is optimized with the Yoast SEO plugin v14.9 - https:\/\/yoast.com\/wordpress\/plugins\/seo\/ -->\n<title>S\u00e9curit\u00e9 sociale pour les ind\u00e9pendants : le nouveau RSI | Mes-Allocs.fr<\/title>\n<meta name=\"description\" content=\"La RSI a \u00e9t\u00e9 remplac\u00e9 par la S\u00e9curit\u00e9 sociale des Ind\u00e9pendants (SSI), qui assure de verser la retraite de base mais aussi compl\u00e9mentaire.\" \/>\n<meta name=\"robots\" content=\"index, follow, max-snippet:-1, max-image-preview:large, max-video-preview:-1\" \/>\n<link rel=\"canonical\" href=\"https:\/\/www.mes-allocs.fr\/guides\/retraite\/caisses-de-retraite\/rsi-retraite\/\" \/>\n<meta property=\"og:locale\" content=\"fr_FR\" \/>\n<meta property=\"og:type\" content=\"article\" \/>\n<meta property=\"og:title\" content=\"S\u00e9curit\u00e9 sociale pour les ind\u00e9pendants : le nouveau RSI | Mes-Allocs.fr\" \/>\n<meta property=\"og:description\" content=\"La RSI a \u00e9t\u00e9 remplac\u00e9 par la S\u00e9curit\u00e9 sociale des Ind\u00e9pendants (SSI), qui assure de verser la retraite de base mais aussi compl\u00e9mentaire.\" \/>\n<meta property=\"og:url\" content=\"https:\/\/www.mes-allocs.fr\/guides\/retraite\/caisses-de-retraite\/rsi-retraite\/\" \/>\n<meta property=\"og:site_name\" content=\"Mes-Allocs.fr\" \/>\n<meta property=\"article:published_time\" content=\"2022-10-18T17:48:59+00:00\" \/>\n<meta property=\"article:modified_time\" content=\"2026-03-17T17:16:33+00:00\" \/>\n<meta property=\"og:image\" content=\"https:\/\/www.mes-allocs.fr\/guides\/wp-content\/uploads\/2022\/10\/RSI-la-retraite-des-travailleurs-independants-3.jpeg?wsr\" \/>\n\t<meta property=\"og:image:width\" content=\"612\" \/>\n\t<meta property=\"og:image:height\" content=\"408\" \/>\n<meta name=\"twitter:card\" content=\"summary_large_image\" \/>\n<script type=\"application\/ld+json\" class=\"yoast-schema-graph\">{\"@context\":\"https:\/\/schema.org\",\"@graph\":[{\"@type\":\"WebSite\",\"@id\":\"https:\/\/www.mes-allocs.fr\/guides\/#website\",\"url\":\"https:\/\/www.mes-allocs.fr\/guides\/\",\"name\":\"Mes-Allocs.fr\",\"description\":\"\",\"potentialAction\":[{\"@type\":\"SearchAction\",\"target\":\"https:\/\/www.mes-allocs.fr\/guides\/?s={search_term_string}\",\"query-input\":\"required name=search_term_string\"}],\"inLanguage\":\"fr-FR\"},{\"@type\":\"ImageObject\",\"@id\":\"https:\/\/www.mes-allocs.fr\/guides\/retraite\/caisses-de-retraite\/rsi-retraite\/#primaryimage\",\"inLanguage\":\"fr-FR\",\"url\":\"https:\/\/www.mes-allocs.fr\/guides\/wp-content\/uploads\/2022\/10\/RSI-la-retraite-des-travailleurs-independants-3.jpeg?wsr\",\"width\":612,\"height\":408,\"caption\":\"RSI retraite\"},{\"@type\":\"WebPage\",\"@id\":\"https:\/\/www.mes-allocs.fr\/guides\/retraite\/caisses-de-retraite\/rsi-retraite\/#webpage\",\"url\":\"https:\/\/www.mes-allocs.fr\/guides\/retraite\/caisses-de-retraite\/rsi-retraite\/\",\"name\":\"S\\u00e9curit\\u00e9 sociale pour les ind\\u00e9pendants : le nouveau RSI | Mes-Allocs.fr\",\"isPartOf\":{\"@id\":\"https:\/\/www.mes-allocs.fr\/guides\/#website\"},\"primaryImageOfPage\":{\"@id\":\"https:\/\/www.mes-allocs.fr\/guides\/retraite\/caisses-de-retraite\/rsi-retraite\/#primaryimage\"},\"datePublished\":\"2022-10-18T17:48:59+00:00\",\"dateModified\":\"2026-03-17T17:16:33+00:00\",\"author\":{\"@id\":\"https:\/\/www.mes-allocs.fr\/guides\/#\/schema\/person\/a3de97298fd0ffc005ebdd5628b03ca8\"},\"description\":\"La RSI a \\u00e9t\\u00e9 remplac\\u00e9 par la S\\u00e9curit\\u00e9 sociale des Ind\\u00e9pendants (SSI), qui assure de verser la retraite de base mais aussi compl\\u00e9mentaire.\",\"inLanguage\":\"fr-FR\"},{\"@type\":\"Person\",\"@id\":\"https:\/\/www.mes-allocs.fr\/guides\/#\/schema\/person\/a3de97298fd0ffc005ebdd5628b03ca8\",\"name\":\"Marina Ada Ondo\",\"image\":{\"@type\":\"ImageObject\",\"@id\":\"https:\/\/www.mes-allocs.fr\/guides\/#personlogo\",\"inLanguage\":\"fr-FR\",\"url\":\"https:\/\/www.mes-allocs.fr\/guides\/wp-content\/uploads\/2022\/02\/Photo-de-profil-150x150.png\",\"caption\":\"Marina Ada Ondo\"},\"description\":\"Marina est r\\u00e9dactrice au sein de l'\\u00e9quipe Mes Allocs, sp\\u00e9cialis\\u00e9e sur les aides aux jeunes. Dipl\\u00f4m\\u00e9e de l'ISFJ, elle rejoint Mes Allocs apr\\u00e8s une premi\\u00e8re exp\\u00e9rience en communication chez Little Africa, une agence de communication \\u00e0 Paris. Sur son temps libre, Marina lit beaucoup et passe ses dimanches au mus\\u00e9e.\",\"sameAs\":[\"https:\/\/www.linkedin.com\/in\/marinaadaondo\/\"]}]}<\/script>\n<!-- \/ Yoast SEO plugin. -->","amp_validity":null,"acf":{"faq":{"1":{"question":"\ud83e\udd14Comment contacter le RSI pour la retraite ?","answer":"Vous pouvez joindre un conseiller au 3698 (Service gratuit + prix d'un appel) de 9h \u00e0 17h."},"2":{"question":"\ud83e\udd37\u200d\u2642\ufe0fQuel est le nouveau nom du RSI ?","answer":"Le RSI se nomme d\u00e9sormais la S\u00e9curit\u00e9 sociale des Ind\u00e9pendants (SSI). "},"3":{"question":"\ud83c\udfafO\u00f9 envoyer sa demande de retraite RSI ?","answer":"Il faut se rendre sur le site lassuranceretraite.fr pour remplir le formulaire qui sera \u00e0 envoyer \u00e0 la caisse de retraite de sa derni\u00e8re activit\u00e9."},"4":{"question":"\ud83e\udd13Quelle est la diff\u00e9rence entre la CARSAT et l'assurance retraite ?","answer":"L'assurance retraite, qui concerne 90 % des travailleurs, est le gestionnaire du r\u00e9gime de base obligatoire. Sa mise en \u0153uvre est assur\u00e9e par la Cnav (Caisse nationale d'assurance vieillesse), elle-m\u00eame subdivis\u00e9e en Carsat (Caisse d'assurance retraite et de sant\u00e9 au travail)."},"5":{"question":"\ud83e\udd1dPourquoi le RSI a \u00e9t\u00e9 supprim\u00e9 ?","answer":" L'objectif \u00e9tait de permettre aux travailleurs ind\u00e9pendants de b\u00e9n\u00e9ficier d'un syst\u00e8me de S\u00e9curit\u00e9 sociale aussi efficace et rapide que celui des salari\u00e9s."},"6":{"question":"\ud83e\uddd0Quelle est la diff\u00e9rence entre le RSI et l'Urssaf ?","answer":"L'URSSAF et le RSI sont tous deux des organismes collecteurs de charges sociales. La principale diff\u00e9rence que l'on rel\u00e8ve imm\u00e9diatement est que l'URSSAF s'adresse aux salari\u00e9s et le RSI aux ind\u00e9pendants. "},"7":{"question":"","answer":""},"8":{"question":"","answer":""},"9":{"question":"","answer":""},"10":{"question":"","answer":""},"11":{"question":"","answer":""},"12":{"question":"","answer":""},"13":{"question":"","answer":""},"14":{"question":"","answer":""},"15":{"question":"","answer":""},"16":{"question":"","answer":""}}},"_links":{"self":[{"href":"https:\/\/www.mes-allocs.fr\/guides\/wp-json\/wp\/v2\/posts\/56068","targetHints":{"allow":["GET"]}}],"collection":[{"href":"https:\/\/www.mes-allocs.fr\/guides\/wp-json\/wp\/v2\/posts"}],"about":[{"href":"https:\/\/www.mes-allocs.fr\/guides\/wp-json\/wp\/v2\/types\/post"}],"author":[{"embeddable":true,"href":"https:\/\/www.mes-allocs.fr\/guides\/wp-json\/wp\/v2\/users\/14"}],"replies":[{"embeddable":true,"href":"https:\/\/www.mes-allocs.fr\/guides\/wp-json\/wp\/v2\/comments?post=56068"}],"version-history":[{"count":18,"href":"https:\/\/www.mes-allocs.fr\/guides\/wp-json\/wp\/v2\/posts\/56068\/revisions"}],"predecessor-version":[{"id":110626,"href":"https:\/\/www.mes-allocs.fr\/guides\/wp-json\/wp\/v2\/posts\/56068\/revisions\/110626"}],"wp:featuredmedia":[{"embeddable":true,"href":"https:\/\/www.mes-allocs.fr\/guides\/wp-json\/wp\/v2\/media\/57071"}],"wp:attachment":[{"href":"https:\/\/www.mes-allocs.fr\/guides\/wp-json\/wp\/v2\/media?parent=56068"}],"wp:term":[{"taxonomy":"category","embeddable":true,"href":"https:\/\/www.mes-allocs.fr\/guides\/wp-json\/wp\/v2\/categories?post=56068"},{"taxonomy":"post_tag","embeddable":true,"href":"https:\/\/www.mes-allocs.fr\/guides\/wp-json\/wp\/v2\/tags?post=56068"}],"curies":[{"name":"wp","href":"https:\/\/api.w.org\/{rel}","templated":true}]}}