{"id":56002,"date":"2022-10-20T19:53:32","date_gmt":"2022-10-20T17:53:32","guid":{"rendered":"https:\/\/www.mes-allocs.fr\/guides\/?p=56002"},"modified":"2024-03-20T11:37:23","modified_gmt":"2024-03-20T09:37:23","slug":"diplome-estheticienne","status":"publish","type":"post","link":"https:\/\/www.mes-allocs.fr\/guides\/reconversion-professionnelle\/aide-recherche-emploi\/recherche-emploi-estheticienne\/diplome-estheticienne\/","title":{"rendered":"Quel dipl\u00f4me pour travailler dans l&rsquo;esth\u00e9tique ?"},"content":{"rendered":"<p style=\"text-align: justify;\"><b><img loading=\"lazy\" decoding=\"async\" class=\"alignnone wp-image-56047 size-full\" title=\"diplome esthetique\" src=\"https:\/\/www.mes-allocs.fr\/guides\/wp-content\/uploads\/2022\/09\/diplome-esthetique--e1662399843554.jpeg\" alt=\"diplome esthetique\" width=\"1560\" height=\"210\" srcset=\"https:\/\/www.mes-allocs.fr\/guides\/wp-content\/uploads\/2022\/09\/diplome-esthetique--e1662399843554.jpeg 1560w, https:\/\/www.mes-allocs.fr\/guides\/wp-content\/uploads\/2022\/09\/diplome-esthetique--e1662399843554-300x40.jpeg 300w, https:\/\/www.mes-allocs.fr\/guides\/wp-content\/uploads\/2022\/09\/diplome-esthetique--e1662399843554-1024x138.jpeg 1024w, https:\/\/www.mes-allocs.fr\/guides\/wp-content\/uploads\/2022\/09\/diplome-esthetique--e1662399843554-768x103.jpeg 768w, https:\/\/www.mes-allocs.fr\/guides\/wp-content\/uploads\/2022\/09\/diplome-esthetique--e1662399843554-1536x207.jpeg 1536w, https:\/\/www.mes-allocs.fr\/guides\/wp-content\/uploads\/2022\/09\/diplome-esthetique--e1662399843554-600x81.jpeg 600w\" sizes=\"auto, (max-width: 1560px) 100vw, 1560px\" \/>En France, le domaine de l&rsquo;esth\u00e9tique est pl\u00e9biscit\u00e9 en <a href=\"https:\/\/www.mes-allocs.fr\/guides\/reconversion-professionnelle\/\">reconversion professionnelle<\/a>, car il offre de nombreuses possibilit\u00e9s d&rsquo;\u00e9volution. L&rsquo;esth\u00e9ticienne est la sp\u00e9cialiste des soins du corps et du visage, qu&rsquo;elle entretient, embellit ou met en valeur.\u00a0Il existe diff\u00e9rents parcours pour acc\u00e9der au m\u00e9tier en formation initiale ou continue. Dipl\u00f4me esth\u00e9ticienne : Mes Allocs fait le point.<\/b><\/p>\n<h1 style=\"text-align: justify;\">Esth\u00e9tique : en quoi consiste le m\u00e9tier d&rsquo;esth\u00e9ticienne ?<\/h1>\n<h2>Qu&rsquo;est-ce q&rsquo;une esth\u00e9ticienne ?<\/h2>\n<p style=\"text-align: justify;\">Aussi appel\u00e9e esth\u00e9ticienne-cosm\u00e9ticienne, la professionnelle assure des soins de beaut\u00e9. <b>Elle soigne et entretient l&rsquo;\u00e9piderme de sa client\u00e8le afin de retarder l&rsquo;apparition des rides et pr\u00e9server la jeunesse et la beaut\u00e9 du visage et du corps.<\/b> Une esth\u00e9ticienne r\u00e9alise des \u00e9pilations, des maquillages, des massages relaxants, des soins du visage, du corps entier, des mains ou des pieds, etc.<\/p>\n<p style=\"text-align: justify;\"><b>Elle agit \u00e9galement \u00e0 titre de conseill\u00e8re sur le choix des soins <a href=\"https:\/\/www.mes-allocs.fr\/guides\/reconversion-professionnelle\/recherche-emploi-esthetique\/\">esth\u00e9tiques<\/a> et des produits cosm\u00e9tiques \u00e0 utiliser par les personnes selon leurs types de peau et leurs pr\u00e9f\u00e9rences. <\/b>L&rsquo;expert de la beaut\u00e9 doit savoir diversifier ses activit\u00e9s et se tenir au courant des nouveaut\u00e9s pour fid\u00e9liser sa client\u00e8le.<\/p>\n<p style=\"text-align: justify;\"><b>Les comp\u00e9tences\u00a0essentielles afin d&rsquo;exercer cette\u00a0profession sont la douceur, le\u00a0sens de l&rsquo;\u00e9coute et qualit\u00e9s relationnelles.<\/b> De plus, une esth\u00e9ticienne doit souvent faire preuve d\u2019un sens aigu de la psychologie f\u00e9minine.<\/p>\n<p style=\"text-align: justify;\"><b>Elle travaille souvent dans des instituts de beaut\u00e9, mais aussi au <a href=\"https:\/\/www.mes-allocs.fr\/guides\/attestation\/attestation-de-domicile\/\">domicile<\/a> de ses clientes.<\/b><\/p>\n<h2 style=\"text-align: justify;\">Quelles sont les missions d&rsquo;une esth\u00e9ticienne ?<\/h2>\n<p style=\"text-align: justify;\"><b>Lorsqu&rsquo;elle arrive au sein de la structure, la professionnelle s&rsquo;assure que tout est soign\u00e9, propre et fonctionnel,\u00a0avant de prendre connaissance du planning du jour. <\/b>Avant chaque client, elle doit pr\u00e9parer le mat\u00e9riel et la salle de soins.<\/p>\n<p style=\"text-align: justify;\"><b>Si le client ou la cliente le souhaite, durant le soin, elle fournit des d\u00e9tails concernant la prestation et les produits adapt\u00e9s.<\/b> Si l&rsquo;esth\u00e9ticienne a du temps entre 2 rendez-vous, elle nettoie, d\u00e9sinfecte, et remplace les protections jetables. En outre, elle v\u00e9rifie les stocks et le\u00a0r\u00e9approvisionnement des produits de beaut\u00e9 et passe les commandes.<\/p>\n<p style=\"text-align: justify;\">Dans les grands instituts, il n&rsquo;est pas rare que les\u00a0esth\u00e9ticiennes se sp\u00e9cialisent dans chaque type de soins. <b>En revanche, travailler \u00e0 domicile se limite aux proc\u00e9dures cosm\u00e9tiques les plus simples et les plus rentables. \u00c9videmment, elle doit aussi assumer des t\u00e2ches administratives et <a href=\"https:\/\/www.mes-allocs.fr\/guides\/reconversion-professionnelle\/fiche-metier-comptabilite-2\/\">comptables<\/a>, de marketing et de communication pour faire conna\u00eetre son entreprise et accro\u00eetre sa client\u00e8le.<\/b><\/p>\n<p style=\"text-align: justify;\"><div class='cta-block'><div class='text'>Coaching \u00e0 distance pay\u00e9 par vos aides formation.<\/div><a href='\u201chttps:\/\/www.mes-allocs.fr\/simulation-eligibilite-coaching\u201d?origin=guides\/wp-json\/wp\/v2\/posts\/56002' class='app-button fit'>\u201cV\u00e9rifier<\/a><\/div><\/p>\n<h1 style=\"text-align: justify;\">Quel dipl\u00f4me pour travailler dans l&rsquo;esth\u00e9tique ?<\/h1>\n<div id=\"etudes-formation\" class=\"job-single-bloc\">\n<p style=\"text-align: justify;\"><b>Les formations pour devenir esth\u00e9ticienne-cosm\u00e9ticienne vont du CAP au bac +2.<\/b> Toutefois, si vous souhaitez \u00eatre ind\u00e9pendante ou avoir plus de responsabilit\u00e9s, un\u00a0niveau du dipl\u00f4me plus \u00e9lev\u00e9 est n\u00e9cessaire. En France, plusieurs \u00e9coles priv\u00e9es proposent leurs propres dipl\u00f4mes d\u2019esth\u00e9tique.<\/p>\n<h2 style=\"text-align: justify;\">Formation initiale<\/h2>\n<p style=\"text-align: justify;\"><b>Niveau CAP<\/b><\/p>\n<ul>\n<li style=\"text-align: justify;\">CAP Esth\u00e9tique Cosm\u00e9tique Parfumerie : dipl\u00f4me d\u2019acc\u00e8s \u00e0 la profession<\/li>\n<li style=\"text-align: justify;\">Bac pro Esth\u00e9tique Cosm\u00e9tique Parfumerie : 2 ans apr\u00e8s le CAP, en alternance<\/li>\n<\/ul>\n<p style=\"text-align: justify;\"><b>Niveau bac<\/b><\/p>\n<ul>\n<li style=\"text-align: justify;\">Baccalaur\u00e9at Professionnel Esth\u00e9tique Cosm\u00e9tique Parfumerie<\/li>\n<\/ul>\n<p style=\"text-align: justify;\"><b>Niveau bac +2<\/b><\/p>\n<ul>\n<li style=\"text-align: justify;\">BTS MECP Esth\u00e9tique Cosm\u00e9tique Parfumerie<\/li>\n<li style=\"text-align: justify;\">BM esth\u00e9ticienne-cosm\u00e9ticienne<\/li>\n<\/ul>\n<\/div>\n<h2 style=\"text-align: justify;\">Formation continue en esth\u00e9tique<\/h2>\n<p style=\"text-align: justify;\"><b>Dans le cadre d\u2019une \u00e9volution ou d\u2019une r\u00e9orientation professionnelle, il est possible de devenir esth\u00e9ticienne par la voie de la formation continue en pr\u00e9parant les dipl\u00f4mes cit\u00e9s ci-dessus.<\/b><\/p>\n<p style=\"text-align: justify;\"><b>Afin de diversifier vos activit\u00e9s et valoriser votre profil sur le march\u00e9 de l&#8217;emploi, vous pouvez vous sp\u00e9cialiser.<\/b> Ainsi, de nombreux centres proposent ainsi des formations compl\u00e9mentaires pour travailler dans les spa ou bien encore aupr\u00e8s d\u2019une client\u00e8le \u00e2g\u00e9e, mais aussi pour acqu\u00e9rir de nouvelles comp\u00e9tences en coiffure, en proth\u00e9sie ongulaire, maquillage, etc. <b>Il est possible d&rsquo;obtenir les certificat de qualification professionnelle (CQP) suivants :<\/b><\/p>\n<ul>\n<li style=\"text-align: justify;\">CQP conseiller en dermo-cosm\u00e9tique, qui est principalement ax\u00e9 sur le conseil en soins et beaut\u00e9. Il permet aussi d&rsquo;animer des ateliers (maquillage notamment) ;<\/li>\n<li style=\"text-align: justify;\">CQP maquilleur conseil amateur qui est bas\u00e9 sur les soins du visage ;<\/li>\n<li style=\"text-align: justify;\">CQP dermocosm\u00e9tique pharmaceutique qui se concentre sur le conseil et la vente de produits d&rsquo;hygi\u00e8ne et de soin, en plus de pr\u00e9vention dans le domaine dermo-cosm\u00e9tique. Il est accessible apr\u00e8s un BP de pr\u00e9parateur en pharmacie.<\/li>\n<\/ul>\n<h2 style=\"text-align: justify;\">Financement de la formation esth\u00e9tique<\/h2>\n<p style=\"text-align: justify;\"><b>Il existe de nombreux dispositifs en fonction de votre situation afin de financer une formation en esth\u00e9tique, \u00e0 savoir :<\/b><\/p>\n<ul>\n<li style=\"text-align: justify;\">Le Compte Personnel de Formation (CPF)<\/li>\n<li style=\"text-align: justify;\">Le Plan de D\u00e9veloppement des Comp\u00e9tences (PDC)<\/li>\n<li style=\"text-align: justify;\">Le CPF de transition professionnelle (ancien CIF)<\/li>\n<li style=\"text-align: justify;\">Le reconversion ou promotion par l&rsquo;alternance (Pro-A)<\/li>\n<li style=\"text-align: justify;\">L&rsquo;Aide de Retour \u00e0 l\u2019Emploi Formation (AREF)<\/li>\n<li style=\"text-align: justify;\">La r\u00e9mun\u00e9ration des Formations de P\u00f4le Emploi (RFPE)<\/li>\n<li style=\"text-align: justify;\">L&rsquo;Action de Formation Pr\u00e9alable au Recrutement (AFPR)<\/li>\n<li style=\"text-align: justify;\">La Pr\u00e9paration Op\u00e9rationnelle \u00e0 l\u2019Emploi Individuelle (POEI)<\/li>\n<li style=\"text-align: justify;\">L&rsquo;Actions de Formation Conventionn\u00e9es (AFC)<\/li>\n<li style=\"text-align: justify;\">L&rsquo;Aide Individuelle \u00e0 la Formation (AIF)<\/li>\n<li style=\"text-align: justify;\">La Pr\u00e9paration Op\u00e9rationnelle \u00e0 l&rsquo;Emploi Collective (POEC)<\/li>\n<li style=\"text-align: justify;\">La R\u00e9mun\u00e9ration de Fin de Formation (RFF)<\/li>\n<li style=\"text-align: justify;\">Le Cong\u00e9 de Formation Professionnelle (CFP)<\/li>\n<li style=\"text-align: justify;\">La p\u00e9riode de professionnalisation (FPH)<\/li>\n<li style=\"text-align: justify;\">Le cong\u00e9 de formation-mobilit\u00e9 des fonctionnaires de l\u2019\u00c9tat<\/li>\n<\/ul>\n<h1 style=\"text-align: justify;\">Quel est le salaire d&rsquo;une esth\u00e9ticienne ?<\/h1>\n<h2>Un salaire variable<\/h2>\n<p style=\"text-align: justify;\">Le salaire d&rsquo;une esth\u00e9ticienne est variable. Si elle est salari\u00e9e, son salaire d\u00e9pend de son anciennet\u00e9. <b>Ainsi, en d\u00e9but de carri\u00e8re, elle peut gagner pr\u00e8s de 1 300 euros par mois. La professionnelle peut toucher\u00a0entre 1 800 euros et 2 000 euros en milieu et fin de carri\u00e8re.\u00a0<\/b>Les entreprises de l\u2019esth\u00e9tique sont r\u00e9glement\u00e9es par la CCN de l\u2019esth\u00e9tique-cosm\u00e9tique.<\/p>\n<p style=\"text-align: justify;\"><b>Avec un statut ind\u00e9pendant, la r\u00e9mun\u00e9ration d&rsquo;une esth\u00e9ticienne d\u00e9pend de sa capacit\u00e9 \u00e0 fid\u00e9liser une client\u00e8le ainsi que de la concurrence. Elle peut gagner entre 1 200 euros \u00e0 2 200 euros par mois.<\/b><\/p>\n<h2 style=\"text-align: justify;\">Quels sont les d\u00e9bouch\u00e9s dans l&rsquo;esth\u00e9tique ?<\/h2>\n<p style=\"text-align: justify;\">L&rsquo;esth\u00e9ticienne peut exercer au sein de nombreuses structures, \u00e0 savoir dans un salon de coiffure, une parfumerie, une parapharmacie, un spa.<\/p>\n<p style=\"text-align: justify;\">Elle peut se sp\u00e9cialiser dans d&rsquo;autres domaines de la beaut\u00e9 et du bien-\u00eatre \u00e0 l&rsquo;aide de formations courtes\u00a0: relookage, parfumerie, cabine UV, manucure, thalasso, spa, etc. <b>Apr\u00e8s quelques ann\u00e9es, il est possible d&rsquo;\u00e9voluer vers d&rsquo;autres structures, cr\u00e9er\u00a0son propre institut ou devenir g\u00e9rante.<\/b> Dans ce cas, le BP esth\u00e9tique-cosm\u00e9tique-parfumerie ou le BTS\u00a0esth\u00e9tique-cosm\u00e9tique-parfumerie\u00a0sont indispensables.<\/p>\n<p style=\"text-align: justify;\"><b>Une esth\u00e9ticienne peut \u00eatre employ\u00e9e comme technicienne en esth\u00e9tique-cosm\u00e9tique (fabrication) ou technico-commercial (vente) dans un laboratoire cosm\u00e9tique.<\/b> Dans ce cas, le niveau BTS est indispensable.<\/p>\n","protected":false},"excerpt":{"rendered":"<p>En France, le domaine de l&rsquo;esth\u00e9tique est pl\u00e9biscit\u00e9 en reconversion professionnelle, car il offre de nombreuses possibilit\u00e9s d&rsquo;\u00e9volution. L&rsquo;esth\u00e9ticienne est la sp\u00e9cialiste des soins du corps et du visage, qu&rsquo;elle entretient, embellit ou met en valeur.\u00a0Il existe diff\u00e9rents parcours pour acc\u00e9der au m\u00e9tier en formation initiale ou continue. Dipl\u00f4me esth\u00e9ticienne : Mes Allocs fait le [&hellip;]<\/p>\n","protected":false},"author":14,"featured_media":56048,"comment_status":"closed","ping_status":"open","sticky":false,"template":"","format":"standard","meta":{"amp_status":"","footnotes":""},"categories":[8789,13094,5081],"tags":[],"class_list":["post-56002","post","type-post","status-publish","format-standard","has-post-thumbnail","hentry","category-aide-recherche-emploi","category-recherche-emploi-estheticienne","category-reconversion-professionnelle"],"yoast_head":"<!-- This site is optimized with the Yoast SEO plugin v14.9 - https:\/\/yoast.com\/wordpress\/plugins\/seo\/ -->\n<title>Quel dipl\u00f4me pour travailler dans l&#039;esth\u00e9tique ? | Mes-Allocs.fr<\/title>\n<meta name=\"description\" content=\"Lee domaine de l&#039;esth\u00e9tique est pl\u00e9biscit\u00e9 en reconversion professionnelle, car il offre des possibilit\u00e9s de recrutement dans les structures.\" \/>\n<meta name=\"robots\" content=\"index, follow, max-snippet:-1, max-image-preview:large, max-video-preview:-1\" \/>\n<link rel=\"canonical\" href=\"https:\/\/www.mes-allocs.fr\/guides\/reconversion-professionnelle\/aide-recherche-emploi\/recherche-emploi-esthetique\/diplome-estheticienne\/\" \/>\n<meta property=\"og:locale\" content=\"fr_FR\" \/>\n<meta property=\"og:type\" content=\"article\" \/>\n<meta property=\"og:title\" content=\"Quel dipl\u00f4me pour travailler dans l&#039;esth\u00e9tique ? | Mes-Allocs.fr\" \/>\n<meta property=\"og:description\" content=\"Lee domaine de l&#039;esth\u00e9tique est pl\u00e9biscit\u00e9 en reconversion professionnelle, car il offre des possibilit\u00e9s de recrutement dans les structures.\" \/>\n<meta property=\"og:url\" content=\"https:\/\/www.mes-allocs.fr\/guides\/reconversion-professionnelle\/aide-recherche-emploi\/recherche-emploi-esthetique\/diplome-estheticienne\/\" \/>\n<meta property=\"og:site_name\" content=\"Mes-Allocs.fr\" \/>\n<meta property=\"article:published_time\" content=\"2022-10-20T17:53:32+00:00\" \/>\n<meta property=\"article:modified_time\" content=\"2024-03-20T09:37:23+00:00\" \/>\n<meta property=\"og:image\" content=\"https:\/\/www.mes-allocs.fr\/guides\/wp-content\/uploads\/2022\/09\/diplome-esthetique-2.jpeg?wsr\" \/>\n\t<meta property=\"og:image:width\" content=\"612\" \/>\n\t<meta property=\"og:image:height\" content=\"408\" \/>\n<meta name=\"twitter:card\" content=\"summary_large_image\" \/>\n<script type=\"application\/ld+json\" class=\"yoast-schema-graph\">{\"@context\":\"https:\/\/schema.org\",\"@graph\":[{\"@type\":\"WebSite\",\"@id\":\"https:\/\/www.mes-allocs.fr\/guides\/#website\",\"url\":\"https:\/\/www.mes-allocs.fr\/guides\/\",\"name\":\"Mes-Allocs.fr\",\"description\":\"\",\"potentialAction\":[{\"@type\":\"SearchAction\",\"target\":\"https:\/\/www.mes-allocs.fr\/guides\/?s={search_term_string}\",\"query-input\":\"required name=search_term_string\"}],\"inLanguage\":\"fr-FR\"},{\"@type\":\"ImageObject\",\"@id\":\"https:\/\/www.mes-allocs.fr\/guides\/reconversion-professionnelle\/aide-recherche-emploi\/recherche-emploi-esthetique\/diplome-estheticienne\/#primaryimage\",\"inLanguage\":\"fr-FR\",\"url\":\"https:\/\/www.mes-allocs.fr\/guides\/wp-content\/uploads\/2022\/09\/diplome-esthetique-2.jpeg?wsr\",\"width\":612,\"height\":408,\"caption\":\"diplome esthetique\"},{\"@type\":\"WebPage\",\"@id\":\"https:\/\/www.mes-allocs.fr\/guides\/reconversion-professionnelle\/aide-recherche-emploi\/recherche-emploi-esthetique\/diplome-estheticienne\/#webpage\",\"url\":\"https:\/\/www.mes-allocs.fr\/guides\/reconversion-professionnelle\/aide-recherche-emploi\/recherche-emploi-esthetique\/diplome-estheticienne\/\",\"name\":\"Quel dipl\\u00f4me pour travailler dans l'esth\\u00e9tique ? | Mes-Allocs.fr\",\"isPartOf\":{\"@id\":\"https:\/\/www.mes-allocs.fr\/guides\/#website\"},\"primaryImageOfPage\":{\"@id\":\"https:\/\/www.mes-allocs.fr\/guides\/reconversion-professionnelle\/aide-recherche-emploi\/recherche-emploi-esthetique\/diplome-estheticienne\/#primaryimage\"},\"datePublished\":\"2022-10-20T17:53:32+00:00\",\"dateModified\":\"2024-03-20T09:37:23+00:00\",\"author\":{\"@id\":\"https:\/\/www.mes-allocs.fr\/guides\/#\/schema\/person\/a3de97298fd0ffc005ebdd5628b03ca8\"},\"description\":\"Lee domaine de l'esth\\u00e9tique est pl\\u00e9biscit\\u00e9 en reconversion professionnelle, car il offre des possibilit\\u00e9s de recrutement dans les structures.\",\"inLanguage\":\"fr-FR\"},{\"@type\":\"Person\",\"@id\":\"https:\/\/www.mes-allocs.fr\/guides\/#\/schema\/person\/a3de97298fd0ffc005ebdd5628b03ca8\",\"name\":\"Marina Ada Ondo\",\"image\":{\"@type\":\"ImageObject\",\"@id\":\"https:\/\/www.mes-allocs.fr\/guides\/#personlogo\",\"inLanguage\":\"fr-FR\",\"url\":\"https:\/\/www.mes-allocs.fr\/guides\/wp-content\/uploads\/2022\/02\/Photo-de-profil-150x150.png\",\"caption\":\"Marina Ada Ondo\"},\"description\":\"Marina est r\\u00e9dactrice au sein de l'\\u00e9quipe Mes Allocs, sp\\u00e9cialis\\u00e9e sur les aides aux jeunes. Dipl\\u00f4m\\u00e9e de l'ISFJ, elle rejoint Mes Allocs apr\\u00e8s une premi\\u00e8re exp\\u00e9rience en communication chez Little Africa, une agence de communication \\u00e0 Paris. Sur son temps libre, Marina lit beaucoup et passe ses dimanches au mus\\u00e9e.\",\"sameAs\":[\"https:\/\/www.linkedin.com\/in\/marinaadaondo\/\"]}]}<\/script>\n<!-- \/ Yoast SEO plugin. -->","amp_validity":null,"acf":{"faq":{"1":{"question":"Quel dipl\u00f4me pour l'esth\u00e9tique ?","answer":"Il existe diff\u00e9rents dipl\u00f4mes pour acc\u00e9der \u00e0 ce secteur, \u00e0 savoir le CAP esth\u00e9tique, le brevet professionnel esth\u00e9tique-cosm\u00e9tique-parfumerie, le Bac Pro esth\u00e9tique, le BTS esth\u00e9tique - cosm\u00e9tique - parfumerie, etc. "},"2":{"question":"Comment faire une formation en esth\u00e9tique ?","answer":"La formation se pr\u00e9pare en centre de formation des apprentis (CFA), dans un lyc\u00e9e professionnel ou dans une \u00e9cole d'esth\u00e9tique. Vous pourrez assez souvent suivre cette formation en alternance afin de travailler parall\u00e8lement et ainsi accentuer votre exp\u00e9rience professionnelle."},"3":{"question":"Quel est le salaire d'une esth\u00e9ticienne ?","answer":"En moyenne, une esth\u00e9ticienne qui exerce en institut gagne une r\u00e9mun\u00e9ration \u00e9quivalente au SMIC, soit environ 1 500\u20ac brut par mois."},"4":{"question":"Comment devenir esth\u00e9ticienne sans dipl\u00f4me ?","answer":"Il n'est pas possible de devenir esth\u00e9ticienne sans dipl\u00f4me. Si vous exercez sans formation ad\u00e9quate, vous vous exposerez \u00e0 des sanctions p\u00e9nales. "},"5":{"question":"Comment se reconvertir dans l'esth\u00e9tique ?","answer":"Pour devenir esth\u00e9ticienne, il faut \u00eatre au minimum titulaire du CAP Esth\u00e9tique Cosm\u00e9tique Parfumerie qui est accessible tant dans le cadre de la formation initiale que dans celui de la formation continue permettant ais\u00e9ment une reconversion professionnelle en tant qu'esth\u00e9ticienne."},"6":{"question":"Quel dipl\u00f4me pour ouvrir un salon de beaut\u00e9 ?","answer":"Pour ouvrir un salon de beaut\u00e9, le dirigeant de la soci\u00e9t\u00e9 doit \u00eatre titulaire : d'un CPA, BEP dans le domaine de l'esth\u00e9tique. d'un BP (brevet professionnel) ou d'un BM (brevet de ma\u00eetrise dans le domaine de l'esth\u00e9tique."},"7":{"question":"","answer":""},"8":{"question":"","answer":""},"9":{"question":"","answer":""},"10":{"question":"","answer":""},"11":{"question":"","answer":""},"12":{"question":"","answer":""},"13":{"question":"","answer":""},"14":{"question":"","answer":""},"15":{"question":"","answer":""},"16":{"question":"","answer":""}}},"_links":{"self":[{"href":"https:\/\/www.mes-allocs.fr\/guides\/wp-json\/wp\/v2\/posts\/56002","targetHints":{"allow":["GET"]}}],"collection":[{"href":"https:\/\/www.mes-allocs.fr\/guides\/wp-json\/wp\/v2\/posts"}],"about":[{"href":"https:\/\/www.mes-allocs.fr\/guides\/wp-json\/wp\/v2\/types\/post"}],"author":[{"embeddable":true,"href":"https:\/\/www.mes-allocs.fr\/guides\/wp-json\/wp\/v2\/users\/14"}],"replies":[{"embeddable":true,"href":"https:\/\/www.mes-allocs.fr\/guides\/wp-json\/wp\/v2\/comments?post=56002"}],"version-history":[{"count":6,"href":"https:\/\/www.mes-allocs.fr\/guides\/wp-json\/wp\/v2\/posts\/56002\/revisions"}],"predecessor-version":[{"id":70767,"href":"https:\/\/www.mes-allocs.fr\/guides\/wp-json\/wp\/v2\/posts\/56002\/revisions\/70767"}],"wp:featuredmedia":[{"embeddable":true,"href":"https:\/\/www.mes-allocs.fr\/guides\/wp-json\/wp\/v2\/media\/56048"}],"wp:attachment":[{"href":"https:\/\/www.mes-allocs.fr\/guides\/wp-json\/wp\/v2\/media?parent=56002"}],"wp:term":[{"taxonomy":"category","embeddable":true,"href":"https:\/\/www.mes-allocs.fr\/guides\/wp-json\/wp\/v2\/categories?post=56002"},{"taxonomy":"post_tag","embeddable":true,"href":"https:\/\/www.mes-allocs.fr\/guides\/wp-json\/wp\/v2\/tags?post=56002"}],"curies":[{"name":"wp","href":"https:\/\/api.w.org\/{rel}","templated":true}]}}