{"id":55960,"date":"2022-10-21T19:15:30","date_gmt":"2022-10-21T17:15:30","guid":{"rendered":"https:\/\/www.mes-allocs.fr\/guides\/?p=55960"},"modified":"2026-01-08T17:29:45","modified_gmt":"2026-01-08T16:29:45","slug":"simulation-retraite","status":"publish","type":"post","link":"https:\/\/www.mes-allocs.fr\/guides\/retraite\/simulation-retraite\/","title":{"rendered":"Simulation retraite 2026 : estimez l&rsquo;\u00e2ge de d\u00e9part et le montant"},"content":{"rendered":"<p style=\"text-align: justify;\"><b><img loading=\"lazy\" decoding=\"async\" class=\"alignnone wp-image-55984 size-full\" title=\"simulation retraite\" src=\"https:\/\/www.mes-allocs.fr\/guides\/wp-content\/uploads\/2022\/09\/simulation-retraite--e1662050250664.jpeg\" alt=\"simulation retraite\" width=\"1560\" height=\"195\" srcset=\"https:\/\/www.mes-allocs.fr\/guides\/wp-content\/uploads\/2022\/09\/simulation-retraite--e1662050250664.jpeg 1560w, https:\/\/www.mes-allocs.fr\/guides\/wp-content\/uploads\/2022\/09\/simulation-retraite--e1662050250664-300x38.jpeg 300w, https:\/\/www.mes-allocs.fr\/guides\/wp-content\/uploads\/2022\/09\/simulation-retraite--e1662050250664-1024x128.jpeg 1024w, https:\/\/www.mes-allocs.fr\/guides\/wp-content\/uploads\/2022\/09\/simulation-retraite--e1662050250664-768x96.jpeg 768w, https:\/\/www.mes-allocs.fr\/guides\/wp-content\/uploads\/2022\/09\/simulation-retraite--e1662050250664-1536x192.jpeg 1536w, https:\/\/www.mes-allocs.fr\/guides\/wp-content\/uploads\/2022\/09\/simulation-retraite--e1662050250664-600x75.jpeg 600w\" sizes=\"auto, (max-width: 1560px) 100vw, 1560px\" \/><\/b>[Mis \u00e0 jour le 08\/01\/2026]Un d\u00e9part \u00e0 la <a href=\"https:\/\/www.mes-allocs.fr\/guides\/retraite\/\">retraite<\/a> peut s&rsquo;av\u00e9rer complexe. En effet, il existe pr\u00e8s de 42 r\u00e9gimes de retraite diff\u00e9rents, sans compter l&rsquo;\u00e2ge de d\u00e9part et le mode de calcul qui varient en fonction des r\u00e9formes. Afin d&rsquo;estimer le montant de la pension de retraite que vous allez toucher en 2026, nous vous conseillons d&rsquo;effectuer une <strong>simulation retraite<\/strong> en ligne. Mes Allocs vous explique la d\u00e9marche pour r\u00e9aliser cette estimation.<\/p>\n<div class='cta-block'><div class='text'>Simulez votre retraite en 2 min.<\/div><a href='https:\/\/www.mes-allocs.fr\/formulaire\/retraite?utm_source=seo&origin=guides\/wp-json\/wp\/v2\/posts\/55960' class='app-button fit'>Simulation gratuite<\/a><\/div>\n<h1>Pourquoi r\u00e9aliser une simulation retraite en 2026 ?<\/h1>\n<p><span style=\"font-weight: 400;\">En France, il est possible d\u2019effectuer une <\/span><b>simulation retraite<\/b><span style=\"font-weight: 400;\"> directement en ligne. C&rsquo;est d&rsquo;ailleurs ce que nous vous proposons sur Mes Allocs. En seulement 2 minutes, le simulateur vous permet de conna\u00eetre :\u00a0<\/span><\/p>\n<ul>\n<li style=\"font-weight: 400;\" aria-level=\"1\"><b>l&rsquo;\u00e2ge l\u00e9gal \u00e0 partir <\/b>duquel il vous est possible de prendre votre retraite au taux maximum<\/li>\n<li style=\"font-weight: 400;\" aria-level=\"1\"><strong>le montant<\/strong> de votre future pension retraite qui vous sera vers\u00e9e par vos r\u00e9gimes de retraite (de base et compl\u00e9mentaire)<\/li>\n<\/ul>\n<p><span style=\"font-weight: 400;\">Rapide et gratuite, notre simulation s&rsquo;adapte \u00e0 tous.<\/span> <span style=\"font-weight: 400;\">L&rsquo;estimation est personnalis\u00e9e et bas\u00e9e sur les donn\u00e9es collect\u00e9es tout au long de votre carri\u00e8re.\u00a0<\/span><\/p>\n<h1>Simulation retraite 2026 : comment \u00e7a fonctionne concr\u00e8tement ?<\/h1>\n<h2>Les donn\u00e9es n\u00e9cessaires pour simuler votre retraite<\/h2>\n<p><b>Le syst\u00e8me de retraite est construit sur 3 niveaux. \u00c0 savoir :<\/b><\/p>\n<ul>\n<li style=\"font-weight: 400;\" aria-level=\"1\"><span style=\"font-weight: 400;\">La<\/span> <a href=\"https:\/\/www.mes-allocs.fr\/guides\/retraite\/retraite-de-base\/\"><span style=\"font-weight: 400;\">retraite de base<\/span><\/a><span style=\"font-weight: 400;\">, qui est obligatoire et repose sur un dispositif de solidarit\u00e9 interg\u00e9n\u00e9rationnelle ;<\/span><\/li>\n<li style=\"font-weight: 400;\" aria-level=\"1\"><span style=\"font-weight: 400;\">La<\/span> <a href=\"https:\/\/www.mes-allocs.fr\/guides\/retraite\/retraite-complementaire\/\"><span style=\"font-weight: 400;\">retraite compl\u00e9mentaire<\/span><\/a><span style=\"font-weight: 400;\"> qui est aussi obligatoire et s&rsquo;appuie sur un m\u00e9canisme de r\u00e9partition ;<\/span><\/li>\n<li style=\"font-weight: 400;\" aria-level=\"1\"><span style=\"font-weight: 400;\">La retraite suppl\u00e9mentaire qui se base sur des cotisations volontaires vers\u00e9es sur les plans d\u2019\u00e9pargne salariale ou les dispositifs d\u2019\u00e9pargne individuelle.<\/span><\/li>\n<\/ul>\n<p><b>Les \u00e9l\u00e9ments pris en compte pour le calcul de vos droits \u00e0 la retraite sont :<\/b><\/p>\n<ul>\n<li style=\"font-weight: 400;\" aria-level=\"1\"><span style=\"font-weight: 400;\">Les<\/span> <a href=\"https:\/\/www.mes-allocs.fr\/guides\/retraite\/cotisation-retraite\/\"><span style=\"font-weight: 400;\">cotisations retraite<\/span><\/a><span style=\"font-weight: 400;\"> : lors de l&rsquo;exercice d&rsquo;activit\u00e9 professionnelle, les salari\u00e9s cotisent obligatoirement pour la retraite de base et\/ou compl\u00e9mentaire et cumulent des trimestres et\/ou des points. Ainsi, au moment de la retraite, le nombre de trimestres et de points sont convertis en euros pour conna\u00eetre le montant de votre retraite.<\/span><\/li>\n<li style=\"font-weight: 400;\" aria-level=\"1\"><span style=\"font-weight: 400;\">L&rsquo;<\/span><a href=\"https:\/\/www.mes-allocs.fr\/guides\/retraite\/age-retraite\/\"><span style=\"font-weight: 400;\">\u00e2ge de d\u00e9part<\/span><\/a><span style=\"font-weight: 400;\"> : l&rsquo;ann\u00e9e de naissance d\u00e9termine le nombre de trimestres \u00e0 atteindre pour profiter d\u2019une retraite \u00e0 taux plein. L&rsquo;\u00e2ge de d\u00e9part est g\u00e9n\u00e9ralement entre 64 ans et 67 ans. Toutefois, vous pouvez prendre votre retraite \u00e0 55 ans pour carri\u00e8re longue par exemple.<\/span><\/li>\n<li style=\"font-weight: 400;\" aria-level=\"1\"><span style=\"font-weight: 400;\">Le<\/span> <a href=\"https:\/\/www.mes-allocs.fr\/guides\/retraite\/categorie-socio-professionnelle-retraite\/\"><span style=\"font-weight: 400;\">secteur d&rsquo;activit\u00e9<\/span><\/a><span style=\"font-weight: 400;\"> : en fonction du statut de fonctionnaire, salari\u00e9 dans le priv\u00e9 ou encore travailleur ind\u00e9pendant, le calcul de la retraite diff\u00e8re et le taux varie.<\/span><\/li>\n<\/ul>\n<h2>Un calcul prenant en compte la derni\u00e8re r\u00e9forme<\/h2>\n<p><span style=\"font-weight: 400;\">Le simulateur retraite de <\/span><b>Mes Allocs<\/b><span style=\"font-weight: 400;\"> prend en compte les derni\u00e8res modifications introduites par la r\u00e9forme des retraites de 2023. Il int\u00e8gre notamment l\u2019\u00e9volution de l\u2019\u00e2ge l\u00e9gal de d\u00e9part, la dur\u00e9e de cotisation requise et les sp\u00e9cificit\u00e9s selon votre statut professionnel. Gr\u00e2ce \u00e0 cet outil \u00e0 jour, vous b\u00e9n\u00e9ficiez d\u2019une estimation fiable et personnalis\u00e9e de votre pension, en phase avec les r\u00e8gles actuelles du syst\u00e8me de retraite.<\/span><\/p>\n<h1>Simulation retraite 2026 : les \u00e9tapes \u00e0 suivre pour obtenir votre estimation<\/h1>\n<h2>\u00c9tape 1 : Acc\u00e9der au simulateur de retraite en ligne<\/h2>\n<p><span style=\"font-weight: 400;\">Pour proc\u00e9der \u00e0 votre simulation, vous devez cliquer sur \u00ab\u00a0Simulation gratuite\u00a0\u00bb :<\/span><\/p>\n<p><span style=\"font-weight: 400;\"><div class='cta-block'><div class='text'>Simulez votre retraite en 2 min.<\/div><a href='https:\/\/www.mes-allocs.fr\/formulaire\/retraite?utm_source=seo&origin=guides\/wp-json\/wp\/v2\/posts\/55960' class='app-button fit'>Simulation gratuite<\/a><\/div><\/span><\/p>\n<h2>\u00c9tape 2 : Renseigner votre profil personnel et professionnel<\/h2>\n<p><b>\u00c0 cette \u00e9tape, il est n\u00e9cessaire de communiquer plusieurs types d&rsquo;informations. Cela concerne principalement :<\/b><\/p>\n<ul>\n<li style=\"font-weight: 400;\" aria-level=\"1\"><span style=\"font-weight: 400;\">Votre situation personnelle et familiale : \u00e2ge, nationalit\u00e9, composition du foyer (nombre d&rsquo;enfants)<\/span><\/li>\n<li style=\"font-weight: 400;\" aria-level=\"1\"><span style=\"font-weight: 400;\">Votre situation professionnelle actuelle, votre taux d\u2019activit\u00e9 (\u00e0 savoir le temps de travail : 100 %, 80 %, mi-temps, etc.) et le montant de vos revenus mensuels actuels.<\/span><\/li>\n<li style=\"font-weight: 400;\" aria-level=\"1\"><span style=\"font-weight: 400;\">Des p\u00e9riodes de ch\u00f4mage ou encore d&rsquo;arr\u00eat maladie pourront \u00e9galement \u00eatre renseign\u00e9es.<\/span><\/li>\n<\/ul>\n<h2>\u00c9tape 3 : Analyser les r\u00e9sultats de votre simulation retraite<\/h2>\n<p><b>Lorsque le formulaire est valid\u00e9, le simulateur donne acc\u00e8s \u00e0 :<\/b><\/p>\n<ul>\n<li style=\"font-weight: 400;\" aria-level=\"1\"><span style=\"font-weight: 400;\">L\u2019\u00e2ge \u00e0 partir duquel vous pourrez partir \u00e0 la retraite ;<\/span><\/li>\n<li style=\"font-weight: 400;\" aria-level=\"1\"><span style=\"font-weight: 400;\">Le nombre de trimestres \u00e0 atteindre ;<\/span><\/li>\n<li style=\"font-weight: 400;\" aria-level=\"1\"><span style=\"font-weight: 400;\">Une estimation du montant mensuel auquel vous pourriez pr\u00e9tendre.<\/span><\/li>\n<\/ul>\n<p><span style=\"font-weight: 400;\">Il est possible d&rsquo;obtenir une explication plus pr\u00e9cise des r\u00e9sultats donn\u00e9s par le simulateur ou m\u00eame de personnaliser votre simulation en modifiant certaines donn\u00e9es. Mais attention, certaines sp\u00e9cificit\u00e9s li\u00e9es \u00e0 votre situation professionnelle ou \u00e0 votre parcours professionnel ne peuvent \u00eatre prises en compte par le simulateur. C&rsquo;est pourquoi nous vous conseillons, apr\u00e8s votre simulation, de prendre contact avec l&rsquo;un de conseillers qui pourra faire le point avec vous sur votre situation.<\/span><\/p>\n<h1>Taux de retraite, d\u00e9cote et surcote : ce que vous devez savoir<\/h1>\n<h2>Qu\u2019est-ce que le taux de liquidation ?<\/h2>\n<p><span style=\"font-weight: 400;\">En France, le taux de retraite ou de liquidation est le pourcentage de votre salaire appliqu\u00e9 lors de votre d\u00e9part en retraite. <\/span><b>I<\/b>l permet de calculer le montant de<b> votre rente de base <\/b>et varie selon deux facteurs principaux :<\/p>\n<ul>\n<li style=\"font-weight: 400;\" aria-level=\"1\"><span style=\"font-weight: 400;\"><strong>Le nombre de trimestres atteint :<\/strong> selon votre ann\u00e9e de naissance, un certain nombre de trimestres est requis. Il s&rsquo;agit de trimestres travaill\u00e9s ou obtenus pendant des p\u00e9riodes pr\u00e9cises comme la maternit\u00e9, le service militaire ou les p\u00e9riodes de ch\u00f4mage. Lorsque le nombre de trimestres requis est atteint, on parle de taux maximum ou plein.<\/span><\/li>\n<li style=\"font-weight: 400;\" aria-level=\"1\"><span style=\"font-weight: 400;\"><strong>Le secteur d\u2019activit\u00e9 <\/strong>dans lequel vous avez travaill\u00e9<strong> :<\/strong> concernant les salari\u00e9s du priv\u00e9 et les travailleurs ind\u00e9pendants, le maximum est de<strong> 50 %<\/strong> du salaire annuel moyen. Pour les fonctionnaires, la retraite \u00e0 taux plein est \u00e9gale \u00e0<strong> 75 %<\/strong> de leur dernier traitement indiciaire brut.<\/span><\/li>\n<\/ul>\n<h2>Comprendre la d\u00e9cote<\/h2>\n<p><b>Si l&rsquo;\u00e2ge l\u00e9gal de d\u00e9part \u00e0 la retraite est atteint <\/b>et que vous souhaitez quitter la vie active alors que vous n&rsquo;avez pas suffisamment cotis\u00e9, vous b\u00e9n\u00e9ficiez d&rsquo;une d\u00e9cote qui s&rsquo;applique par trimestre manquant et le taux de retraite diminue.<span style=\"font-weight: 400;\"> Elle d\u00e9pend de l\u2019ann\u00e9e de naissance ainsi que du nombre de trimestres manquants.<\/span><\/p>\n<h2>La surcote : travailler plus longtemps pour gagner plus<\/h2>\n<p>En revanche, en cas de <b>d\u00e9passement du nombre de trimestres requis,<\/b> le taux de retraite est major\u00e9. Ainsi, vous profitez d\u2019une surcote. <span style=\"font-weight: 400;\">\u00c0 savoir que depuis ceux qui ont atteint l&rsquo;\u00e2ge l\u00e9gal de la retraite et qui continuent \u00e0 travailler m\u00eame apr\u00e8s avoir valid\u00e9 un nombre de trimestres ont droit \u00e0 une surcote de 1,25 % pour chaque trimestre suppl\u00e9mentaire apr\u00e8s 65 ans.<\/span><\/p>\n<h1>Simulation retraite 2026 : nos conseils pour affiner votre estimation<\/h1>\n<h2>Utiliser votre relev\u00e9 de carri\u00e8re \u00e0 bon escient<\/h2>\n<p><span style=\"font-weight: 400;\"><strong>Le relev\u00e9 de carri\u00e8re <\/strong>est un document cl\u00e9 pour estimer avec pr\u00e9cision votre future retraite. Il r\u00e9capitule l\u2019ensemble des droits que vous avez acquis tout au long de votre vie professionnelle : salaires, trimestres valid\u00e9s, r\u00e9gimes auxquels vous avez cotis\u00e9\u2026 Pour affiner votre simulation, commencez par consulter ce relev\u00e9 disponible sur votre espace personnel du site Info retraite.\u00a0<\/span><\/p>\n<p><span style=\"font-weight: 400;\">Prenez le temps de le <strong>v\u00e9rifier en d\u00e9tail<\/strong> : une erreur ou un oubli (comme un emploi non enregistr\u00e9, un cong\u00e9 maternit\u00e9 mal pris en compte, ou un service civique oubli\u00e9) peut fausser vos droits. En cas d\u2019anomalie, vous pouvez demander une r\u00e9gularisation aupr\u00e8s de votre caisse de retraite. Ce travail de v\u00e9rification, bien qu\u2019un peu fastidieux, est essentiel pour \u00e9viter les mauvaises surprises au moment du d\u00e9part \u00e0 la retraite.<\/span><\/p>\n<h2>Se faire accompagner par un conseiller retraite<\/h2>\n<p><span style=\"font-weight: 400;\">\u00a0Chez <\/span><b>Mes Allocs<\/b><span style=\"font-weight: 400;\">, nous vous proposons un accompagnement personnalis\u00e9 pour faire le point sur votre situation, v\u00e9rifier vos droits et optimiser votre d\u00e9part \u00e0 la retraite.<\/span><\/p>\n<p><span style=\"font-weight: 400;\">Nos <strong>conseillers retraite<\/strong> vous aident \u00e0 d\u00e9crypter vos documents, comprendre les r\u00e8gles parfois complexes des diff\u00e9rents r\u00e9gimes, et envisager des strat\u00e9gies adapt\u00e9es \u00e0 votre profil. Que vous soyez salari\u00e9, ind\u00e9pendant, fonctionnaire ou pluriactif, un accompagnement sur mesure peut faire toute la diff\u00e9rence.<\/span><\/p>\n<h2>Mettre \u00e0 jour r\u00e9guli\u00e8rement votre simulation retraite<\/h2>\n<p><span style=\"font-weight: 400;\">La simulation de votre retraite ne doit pas \u00eatre un exercice ponctuel, mais un outil que vous consultez et <strong>ajustez tout au long de votre parcours professionnel<\/strong>. En effet, votre <strong>situation<\/strong> \u00e9volue : changements d\u2019employeur, p\u00e9riodes de ch\u00f4mage, cong\u00e9s parentaux, reconversion\u2026 Autant d\u2019\u00e9v\u00e9nements qui peuvent impacter vos droits \u00e0 la retraite.<\/span><\/p>\n<div class='cta-block'><div class='text'>Simulez votre retraite en 2 min.<\/div><a href='https:\/\/www.mes-allocs.fr\/formulaire\/retraite?utm_source=seo&origin=guides\/wp-json\/wp\/v2\/posts\/55960' class='app-button fit'>Simulation gratuite<\/a><\/div>\n","protected":false},"excerpt":{"rendered":"<p>[Mis \u00e0 jour le 08\/01\/2026]Un d\u00e9part \u00e0 la retraite peut s&rsquo;av\u00e9rer complexe. En effet, il existe pr\u00e8s de 42 r\u00e9gimes de retraite diff\u00e9rents, sans compter l&rsquo;\u00e2ge de d\u00e9part et le mode de calcul qui varient en fonction des r\u00e9formes. Afin d&rsquo;estimer le montant de la pension de retraite que vous allez toucher en 2026, nous [&hellip;]<\/p>\n","protected":false},"author":14,"featured_media":55986,"comment_status":"closed","ping_status":"open","sticky":false,"template":"","format":"standard","meta":{"amp_status":"","footnotes":""},"categories":[19177],"tags":[],"class_list":["post-55960","post","type-post","status-publish","format-standard","has-post-thumbnail","hentry","category-retraite"],"yoast_head":"<!-- This site is optimized with the Yoast SEO plugin v14.9 - https:\/\/yoast.com\/wordpress\/plugins\/seo\/ -->\n<title>Simulation retraite 2026 : estimez l&#039;\u00e2ge de d\u00e9part et le montant<\/title>\n<meta name=\"description\" content=\"Vous envisagez de partir \u00e0 la retraite en 2026 ? Faites une simulation pour connaitre votre \u00e2ge de d\u00e9part et le montant de votre pension.\" \/>\n<meta name=\"robots\" content=\"index, follow, max-snippet:-1, max-image-preview:large, max-video-preview:-1\" \/>\n<link rel=\"canonical\" href=\"https:\/\/www.mes-allocs.fr\/guides\/retraite\/simulation-retraite\/\" \/>\n<meta property=\"og:locale\" content=\"fr_FR\" \/>\n<meta property=\"og:type\" content=\"article\" \/>\n<meta property=\"og:title\" content=\"Simulation retraite 2026 : estimez l&#039;\u00e2ge de d\u00e9part et le montant\" \/>\n<meta property=\"og:description\" content=\"Vous envisagez de partir \u00e0 la retraite en 2026 ? Faites une simulation pour connaitre votre \u00e2ge de d\u00e9part et le montant de votre pension.\" \/>\n<meta property=\"og:url\" content=\"https:\/\/www.mes-allocs.fr\/guides\/retraite\/simulation-retraite\/\" \/>\n<meta property=\"og:site_name\" content=\"Mes-Allocs.fr\" \/>\n<meta property=\"article:published_time\" content=\"2022-10-21T17:15:30+00:00\" \/>\n<meta property=\"article:modified_time\" content=\"2026-01-08T16:29:45+00:00\" \/>\n<meta property=\"og:image\" content=\"https:\/\/www.mes-allocs.fr\/guides\/wp-content\/uploads\/2022\/09\/simulation-retraite-3.jpeg?wsr\" \/>\n\t<meta property=\"og:image:width\" content=\"612\" \/>\n\t<meta property=\"og:image:height\" content=\"408\" \/>\n<meta name=\"twitter:card\" content=\"summary_large_image\" \/>\n<script type=\"application\/ld+json\" class=\"yoast-schema-graph\">{\"@context\":\"https:\/\/schema.org\",\"@graph\":[{\"@type\":\"WebSite\",\"@id\":\"https:\/\/www.mes-allocs.fr\/guides\/#website\",\"url\":\"https:\/\/www.mes-allocs.fr\/guides\/\",\"name\":\"Mes-Allocs.fr\",\"description\":\"\",\"potentialAction\":[{\"@type\":\"SearchAction\",\"target\":\"https:\/\/www.mes-allocs.fr\/guides\/?s={search_term_string}\",\"query-input\":\"required name=search_term_string\"}],\"inLanguage\":\"fr-FR\"},{\"@type\":\"ImageObject\",\"@id\":\"https:\/\/www.mes-allocs.fr\/guides\/retraite\/simulation-retraite\/#primaryimage\",\"inLanguage\":\"fr-FR\",\"url\":\"https:\/\/www.mes-allocs.fr\/guides\/wp-content\/uploads\/2022\/09\/simulation-retraite-3.jpeg?wsr\",\"width\":612,\"height\":408,\"caption\":\"simulation retraite\"},{\"@type\":\"WebPage\",\"@id\":\"https:\/\/www.mes-allocs.fr\/guides\/retraite\/simulation-retraite\/#webpage\",\"url\":\"https:\/\/www.mes-allocs.fr\/guides\/retraite\/simulation-retraite\/\",\"name\":\"Simulation retraite 2026 : estimez l'\\u00e2ge de d\\u00e9part et le montant\",\"isPartOf\":{\"@id\":\"https:\/\/www.mes-allocs.fr\/guides\/#website\"},\"primaryImageOfPage\":{\"@id\":\"https:\/\/www.mes-allocs.fr\/guides\/retraite\/simulation-retraite\/#primaryimage\"},\"datePublished\":\"2022-10-21T17:15:30+00:00\",\"dateModified\":\"2026-01-08T16:29:45+00:00\",\"author\":{\"@id\":\"https:\/\/www.mes-allocs.fr\/guides\/#\/schema\/person\/a3de97298fd0ffc005ebdd5628b03ca8\"},\"description\":\"Vous envisagez de partir \\u00e0 la retraite en 2026 ? Faites une simulation pour connaitre votre \\u00e2ge de d\\u00e9part et le montant de votre pension.\",\"inLanguage\":\"fr-FR\"},{\"@type\":\"Person\",\"@id\":\"https:\/\/www.mes-allocs.fr\/guides\/#\/schema\/person\/a3de97298fd0ffc005ebdd5628b03ca8\",\"name\":\"Marina Ada Ondo\",\"image\":{\"@type\":\"ImageObject\",\"@id\":\"https:\/\/www.mes-allocs.fr\/guides\/#personlogo\",\"inLanguage\":\"fr-FR\",\"url\":\"https:\/\/www.mes-allocs.fr\/guides\/wp-content\/uploads\/2022\/02\/Photo-de-profil-150x150.png\",\"caption\":\"Marina Ada Ondo\"},\"description\":\"Marina est r\\u00e9dactrice au sein de l'\\u00e9quipe Mes Allocs, sp\\u00e9cialis\\u00e9e sur les aides aux jeunes. Dipl\\u00f4m\\u00e9e de l'ISFJ, elle rejoint Mes Allocs apr\\u00e8s une premi\\u00e8re exp\\u00e9rience en communication chez Little Africa, une agence de communication \\u00e0 Paris. Sur son temps libre, Marina lit beaucoup et passe ses dimanches au mus\\u00e9e.\",\"sameAs\":[\"https:\/\/www.linkedin.com\/in\/marinaadaondo\/\"]}]}<\/script>\n<!-- \/ Yoast SEO plugin. -->","amp_validity":null,"acf":{"faq":{"1":{"question":"Quelle ann\u00e9e de naissance est concern\u00e9e par la r\u00e9forme des retraites ?","answer":"La r\u00e9forme des retraites est pour l'instant suspendu, la loi finances n'ayant pas \u00e9t\u00e9 vot\u00e9e fin 2025."},"2":{"question":"Est-ce que les p\u00e9riodes de ch\u00f4mage comptent pour la retraite ?","answer":"Toutes les p\u00e9riodes de ch\u00f4mage, indemnis\u00e9es ou non, sont prises en compte par l'Assurance retraite de la S\u00e9curit\u00e9 sociale dans le calcul de votre dur\u00e9e d'assurance retraite. 1 trimestre est valid\u00e9 tous les 50 jours de ch\u00f4mage, dans la limite de 4 trimestres par ann\u00e9e civile : Du 1er janvier au 31 d\u00e9cembre."},"3":{"question":"Pourquoi vaut-il mieux prendre sa retraite en fin d'ann\u00e9e ?","answer":"Partir \u00e0 la retraite en plein milieu de l'ann\u00e9e n'est pas forc\u00e9ment une bonne id\u00e9e. Attendre la fin de l'ann\u00e9e ou le d\u00e9but de l'ann\u00e9e prochaine peut s'av\u00e9rer b\u00e9n\u00e9fique en termes de dur\u00e9e d'assurance, de calcul de la pension ou encore de fiscalit\u00e9."},"4":{"question":"Est-ce que le ch\u00f4mage donne des points Arrco ?","answer":"Pendant une p\u00e9riode de ch\u00f4mage indemnis\u00e9, il peut \u00eatre attribu\u00e9 des points \u00e0 condition que vous ayez cotis\u00e9 aupr\u00e8s d'une caisse de retraite compl\u00e9mentaire avant la rupture de son contrat de travail. Si c'est le cas, vous pourrez obtenir des points pour chaque jour indemnis\u00e9 par P\u00f4le Emploi."},"5":{"question":"C'est quoi une petite retraite ?","answer":"On parle de petite retraite lorsque son montant mensuel est inf\u00e9rieur \u00e0 1 367,51 \u20ac (toutes pensions confondues (r\u00e9gime de base et compl\u00e9mentaire), dans le secteur priv\u00e9 et public)."},"6":{"question":"Qui d\u00e9cide de la date de d\u00e9part \u00e0 la retraite ?","answer":"Le cotisant choisit la date \u00e0 partir de laquelle il veut percevoir sa pension de retraite, mais il peut arriver que ce d\u00e9lai ne soit pas respect\u00e9. Selon les p\u00e9riodes (fin d'ann\u00e9e par exemple), les gestionnaires retraite sont surcharg\u00e9s de travail et un d\u00e9calage de perception des pensions reste possible."},"7":{"question":"","answer":""},"8":{"question":"","answer":""},"9":{"question":"","answer":""},"10":{"question":"","answer":""},"11":{"question":"","answer":""},"12":{"question":"","answer":""},"13":{"question":"","answer":""},"14":{"question":"","answer":""},"15":{"question":"","answer":""},"16":{"question":"","answer":""}}},"_links":{"self":[{"href":"https:\/\/www.mes-allocs.fr\/guides\/wp-json\/wp\/v2\/posts\/55960","targetHints":{"allow":["GET"]}}],"collection":[{"href":"https:\/\/www.mes-allocs.fr\/guides\/wp-json\/wp\/v2\/posts"}],"about":[{"href":"https:\/\/www.mes-allocs.fr\/guides\/wp-json\/wp\/v2\/types\/post"}],"author":[{"embeddable":true,"href":"https:\/\/www.mes-allocs.fr\/guides\/wp-json\/wp\/v2\/users\/14"}],"replies":[{"embeddable":true,"href":"https:\/\/www.mes-allocs.fr\/guides\/wp-json\/wp\/v2\/comments?post=55960"}],"version-history":[{"count":17,"href":"https:\/\/www.mes-allocs.fr\/guides\/wp-json\/wp\/v2\/posts\/55960\/revisions"}],"predecessor-version":[{"id":107228,"href":"https:\/\/www.mes-allocs.fr\/guides\/wp-json\/wp\/v2\/posts\/55960\/revisions\/107228"}],"wp:featuredmedia":[{"embeddable":true,"href":"https:\/\/www.mes-allocs.fr\/guides\/wp-json\/wp\/v2\/media\/55986"}],"wp:attachment":[{"href":"https:\/\/www.mes-allocs.fr\/guides\/wp-json\/wp\/v2\/media?parent=55960"}],"wp:term":[{"taxonomy":"category","embeddable":true,"href":"https:\/\/www.mes-allocs.fr\/guides\/wp-json\/wp\/v2\/categories?post=55960"},{"taxonomy":"post_tag","embeddable":true,"href":"https:\/\/www.mes-allocs.fr\/guides\/wp-json\/wp\/v2\/tags?post=55960"}],"curies":[{"name":"wp","href":"https:\/\/api.w.org\/{rel}","templated":true}]}}