{"id":55915,"date":"2022-10-31T12:15:33","date_gmt":"2022-10-31T10:15:33","guid":{"rendered":"https:\/\/www.mes-allocs.fr\/guides\/?p=55915"},"modified":"2026-02-18T15:58:28","modified_gmt":"2026-02-18T14:58:28","slug":"complement-familial-famille-nombreuse","status":"publish","type":"post","link":"https:\/\/www.mes-allocs.fr\/guides\/allocations-familiales\/complement-familial\/conditions-complement-familial\/complement-familial-famille-nombreuse\/","title":{"rendered":"Le compl\u00e9ment familial pour les familles nombreuses"},"content":{"rendered":"<p><img loading=\"lazy\" decoding=\"async\" class=\"alignnone wp-image-57555 size-full\" title=\"compl\u00e9ment familial famille nombreuse\" src=\"https:\/\/www.mes-allocs.fr\/guides\/wp-content\/uploads\/2022\/10\/michal-balog-66NaCdBrkCs-unsplash-e1667211266166.jpg\" alt=\"compl\u00e9ment familial famille nombreuse\" width=\"1920\" height=\"268\" srcset=\"https:\/\/www.mes-allocs.fr\/guides\/wp-content\/uploads\/2022\/10\/michal-balog-66NaCdBrkCs-unsplash-e1667211266166.jpg 1920w, https:\/\/www.mes-allocs.fr\/guides\/wp-content\/uploads\/2022\/10\/michal-balog-66NaCdBrkCs-unsplash-e1667211266166-300x42.jpg 300w, https:\/\/www.mes-allocs.fr\/guides\/wp-content\/uploads\/2022\/10\/michal-balog-66NaCdBrkCs-unsplash-e1667211266166-1024x143.jpg 1024w, https:\/\/www.mes-allocs.fr\/guides\/wp-content\/uploads\/2022\/10\/michal-balog-66NaCdBrkCs-unsplash-e1667211266166-768x107.jpg 768w, https:\/\/www.mes-allocs.fr\/guides\/wp-content\/uploads\/2022\/10\/michal-balog-66NaCdBrkCs-unsplash-e1667211266166-1536x214.jpg 1536w, https:\/\/www.mes-allocs.fr\/guides\/wp-content\/uploads\/2022\/10\/michal-balog-66NaCdBrkCs-unsplash-e1667211266166-600x84.jpg 600w\" sizes=\"auto, (max-width: 1920px) 100vw, 1920px\" \/>[Mis \u00e0 jour le 18\/02\/2026] Le compl\u00e9ment familial est un compl\u00e9ment de ressources que l&rsquo;on retrouve parmi les <a href=\"https:\/\/www.mes-allocs.fr\/guides\/allocations-familiales\/\" target=\"_blank\" rel=\"noopener\">allocations familiales<\/a>. Ce compl\u00e9ment est une prestation de la Caisse d\u2019Allocations Familiales (CAF) ou de la Mutualit\u00e9 Sociale Agricole (MSA). Le compl\u00e9ment familial est disponible si vous \u00eates une famille nombreuse, et que vos revenus sont modestes.\u00a0Mes Allocs vous d\u00e9taille tout dans cet article.<\/p>\n<hr \/>\n<h1 style=\"text-align: justify;\">Qu&rsquo;est-ce que le compl\u00e9ment familial ?<\/h1>\n<p style=\"text-align: justify;\">Le compl\u00e9ment familial est une prestation familiale de la PAJE (Prestation d\u2019Accueil du Jeune Enfant).<\/p>\n<p class=\"c-darker c-link ff-header fs-m w-100 p-r mb-2 fs-sm@lg\" style=\"text-align: justify;\">Ce compl\u00e9ment est destin\u00e9 aux parents isol\u00e9s et aux couples qui ne disposent pas de ressources suffisantes. Pour cela, il faut avoir au moins trois enfants \u00e2g\u00e9s de plus de 3 ans \u00e0 charge et de moins de 21 ans. Le compl\u00e9ment familial est accord\u00e9 par la CAF ou la MSA (Mutualit\u00e9 Sociale Agricole) dans le cas o\u00f9 vous d\u00e9pendez du r\u00e9gime agricole.<\/p>\n<p style=\"text-align: justify;\"><span style=\"font-weight: 400;\"><div class='cta-block'><div class='text'>Simulez toutes vos Aides en 2 min.<\/div><a href='' class='app-button fit'>Simulation gratuite<\/a><\/div><\/span><\/p>\n<h1 style=\"text-align: justify;\">Quel est le montant du compl\u00e9ment familial ?<\/h1>\n<p style=\"text-align: justify;\">Le montant de base du compl\u00e9ment familial est de 196,59 \u20ac.<\/p>\n<p style=\"text-align: justify;\">C&rsquo;est ce montant qui est en place jusqu&rsquo;au 1er avril 2026. Il sera donc maintenu jusqu&rsquo;au 31 mars 2026. Le montant est identique, peu importe que vous ayez 3 enfants ou plus.<\/p>\n<p style=\"text-align: justify;\">Cependant, ce montant va varier en fonction de vos revenus.<\/p>\n<h2 style=\"text-align: justify;\">Le compl\u00e9ment familial major\u00e9<\/h2>\n<p class=\"niv1\" style=\"text-align: justify;\">Pour les m\u00e9nages aux faibles ressources qui ne d\u00e9passent pas certains plafonds de revenus, ils pourront \u00e9galement b\u00e9n\u00e9ficier d\u2019une revalorisation exceptionnelle. Cette revalorisation est appel\u00e9e le \u00ab\u00a0Compl\u00e9ment Familial Major\u00e9\u00a0\u00bb.<\/p>\n<h2 style=\"text-align: justify;\">Montant du compl\u00e9ment familial major\u00e9<\/h2>\n<p style=\"text-align: justify;\">Le montant du compl\u00e9ment familial major\u00e9 a augment\u00e9 pour la derni\u00e8re fois le 1er avril 2026.<\/p>\n<p style=\"text-align: justify;\">Depuis cette date, il est de 289,98 euros par mois, et ce jusqu\u2019au 31 mars 2026.<\/p>\n<p style=\"text-align: justify;\"><iframe loading=\"lazy\" src=\"\/\/www.youtube.com\/embed\/B8v3Dr_b7Hc\" width=\"560\" height=\"314\" allowfullscreen=\"allowfullscreen\" data-mce-fragment=\"1\"><\/iframe><\/p>\n<h1 style=\"text-align: justify;\">Comment b\u00e9n\u00e9ficier du compl\u00e9ment familial ?<\/h1>\n<p style=\"text-align: justify;\">Le compl\u00e9ment familial va \u00eatre vers\u00e9 sous conditions.<\/p>\n<h2 style=\"text-align: justify;\">Les conditions li\u00e9es \u00e0 la famille <img loading=\"lazy\" decoding=\"async\" class=\" wp-image-57554 alignright\" title=\"compl\u00e9ment familial famille nombreuse\" src=\"https:\/\/www.mes-allocs.fr\/guides\/wp-content\/uploads\/2022\/10\/jonathan-borba-DUrU_bZV8So-unsplash-e1666970972610-300x200.jpg\" alt=\"compl\u00e9ment familial famille nombreuse\" width=\"381\" height=\"254\" srcset=\"https:\/\/www.mes-allocs.fr\/guides\/wp-content\/uploads\/2022\/10\/jonathan-borba-DUrU_bZV8So-unsplash-e1666970972610-300x200.jpg 300w, https:\/\/www.mes-allocs.fr\/guides\/wp-content\/uploads\/2022\/10\/jonathan-borba-DUrU_bZV8So-unsplash-e1666970972610-1024x683.jpg 1024w, https:\/\/www.mes-allocs.fr\/guides\/wp-content\/uploads\/2022\/10\/jonathan-borba-DUrU_bZV8So-unsplash-e1666970972610-768x512.jpg 768w, https:\/\/www.mes-allocs.fr\/guides\/wp-content\/uploads\/2022\/10\/jonathan-borba-DUrU_bZV8So-unsplash-e1666970972610-1536x1024.jpg 1536w, https:\/\/www.mes-allocs.fr\/guides\/wp-content\/uploads\/2022\/10\/jonathan-borba-DUrU_bZV8So-unsplash-e1666970972610-600x400.jpg 600w, https:\/\/www.mes-allocs.fr\/guides\/wp-content\/uploads\/2022\/10\/jonathan-borba-DUrU_bZV8So-unsplash-e1666970972610.jpg 1920w\" sizes=\"auto, (max-width: 381px) 100vw, 381px\" \/><\/h2>\n<div style=\"text-align: justify;\">\n<p>Vous devez avoir au moins 3\u00a0enfants \u00e0 charge. Ils doivent \u00eatre\u00a0\u00e2g\u00e9s de plus de 3 ans et de moins de 21 ans.<\/p>\n<\/div>\n<h2 style=\"text-align: justify;\"><span id=\"Conditions_liees_a_la_residence\">Les conditions li\u00e9es \u00e0 la r\u00e9sidence<\/span><\/h2>\n<p style=\"text-align: justify;\">Le compl\u00e9ment familial est accord\u00e9 aux personnes qui r\u00e9sident en France. Pour les ressortissants de l\u2019Union europ\u00e9enne, de l\u2019Espace Economique Europ\u00e9en ou de la Suisse, il faudra remplir les conditions de droit au s\u00e9jour.<\/p>\n<p style=\"text-align: justify;\">Les \u00e9trangers non ressortissants de l\u2019Union europ\u00e9enne, de l\u2019Espace Economique Europ\u00e9en ou de la Suisse devront disposer d\u2019un titre de s\u00e9jour en cours de validit\u00e9, attester de leur situation r\u00e9guli\u00e8re en France et justifier de l\u2019entr\u00e9e r\u00e9guli\u00e8re en France des enfants n\u00e9s \u00e0 l\u2019\u00e9tranger.<\/p>\n<p style=\"text-align: justify;\">Concernant les personnes sans domicile stable, elles devront \u00e9lire domicile aupr\u00e8s d\u2019un Centre Communal d\u2019Action Sociale (CCAS) ou d\u2019un organisme agr\u00e9\u00e9.<\/p>\n<p style=\"text-align: justify;\"><span style=\"font-weight: 400;\"><div class='cta-block'><div class='text'>Simulez toutes vos Aides en 2 min.<\/div><a href='' class='app-button fit'>Simulation gratuite<\/a><\/div><\/span><\/p>\n<h2 style=\"text-align: justify;\"><span id=\"Conditions_de_ressources\">Les conditions de ressources<\/span><\/h2>\n<p style=\"text-align: justify;\">Pour obtenir cette prestation, il faut \u00e9galement respecter certaines conditions de ressources. Cela signifie que pour pouvoir en b\u00e9n\u00e9ficier, il est imp\u00e9ratif que vous respectiez les plafonds de ressources. Pour l\u2019ann\u00e9e 2025, ce sont vos revenus de l&rsquo;ann\u00e9e N-2, soit 2023 qui seront pris en compte. C\u2019est le revenu net cat\u00e9goriel qui est pris en compte.<\/p>\n<p style=\"text-align: justify;\">Ces crit\u00e8res de ressources sont \u00e9tablis selon la composition de votre foyer.<\/p>\n<h3 style=\"text-align: justify;\">Le plafond de ressources<\/h3>\n<p style=\"text-align: justify;\">Il y a un certain plafond de ressources annuel \u00e0 ne pas d\u00e9passer selon la composition de votre foyer, et le nombre d\u2019enfants \u00e0 charge, pour pouvoir percevoir le compl\u00e9ment familial.<\/p>\n<p style=\"text-align: justify;\"><b>Plafonds de l&rsquo;aide :\u00a0<\/b><\/p>\n\n<div class=\"wpdt-c row wpDataTableContainerSimpleTable wpDataTables wpDataTablesWrapper\n\"\n    >\n    <table id=\"wpdtSimpleTable-258\"\n           class=\"wpdtSimpleTable wpDataTable\"\n           data-column=\"3\"\n           data-rows=\"3\"\n           data-wpID=\"258\"\n           data-responsive=\"0\"\n           data-has-header=\"1\">\n\n                    <thead>        <tr class=\"wpdt-cell-row \" >\n                            <th class=\"wpdt-cell wpdt-bc-F3F9FE\"\n                                    data-cell-id=\"A1\"\n                data-col-index=\"0\"\n                data-row-index=\"0\"\n                style=\" width:31.372549019608%;                padding:10px;\"\n                >\n                                Nombre d'enfants \u00e0 charge entre 3 ans et moins de 21 ans                <\/th>\n                                            <th class=\"wpdt-cell wpdt-bc-F3F9FE\"\n                                    data-cell-id=\"B1\"\n                data-col-index=\"1\"\n                data-row-index=\"0\"\n                style=\" width:32.897603485839%;                padding:10px;\"\n                >\n                                Couple avec un seul revenu d\u2019activit\u00e9 (N-2)                <\/th>\n                                            <th class=\"wpdt-cell wpdt-bc-F3F9FE\"\n                                    data-cell-id=\"C1\"\n                data-col-index=\"2\"\n                data-row-index=\"0\"\n                style=\" width:35.729847494553%;                padding:10px;\"\n                >\n                                Parent isol\u00e9 ou couple avec 2 revenus d'activit\u00e9 (N-2)                <\/th>\n                                        <\/tr>\n                    <tbody>        <tr class=\"wpdt-cell-row \" >\n                            <td class=\"wpdt-cell wpdt-bc-FFFFFF\"\n                                    data-cell-id=\"A2\"\n                data-col-index=\"0\"\n                data-row-index=\"1\"\n                style=\"                padding:10px;\"\n                >\n                                3                <\/td>\n                                            <td class=\"wpdt-cell wpdt-bc-FFFFFF\"\n                                    data-cell-id=\"B2\"\n                data-col-index=\"1\"\n                data-row-index=\"1\"\n                style=\"                padding:10px;\"\n                >\n                                Entre 22 372 \u20ac  et 44 735 \u20ac                <\/td>\n                                            <td class=\"wpdt-cell wpdt-bc-FFFFFF\"\n                                    data-cell-id=\"C2\"\n                data-col-index=\"2\"\n                data-row-index=\"1\"\n                style=\"                padding:10px;\"\n                >\n                                Entre 27 367 \u20ac et 54 724 \u20ac                <\/td>\n                                        <\/tr>\n                            <tr class=\"wpdt-cell-row \" >\n                            <td class=\"wpdt-cell wpdt-bc-FFFFFF\"\n                                    data-cell-id=\"A3\"\n                data-col-index=\"0\"\n                data-row-index=\"2\"\n                style=\"                padding:10px;\"\n                >\n                                4                <\/td>\n                                            <td class=\"wpdt-cell wpdt-bc-FFFFFF\"\n                                    data-cell-id=\"B3\"\n                data-col-index=\"1\"\n                data-row-index=\"2\"\n                style=\"                padding:10px;\"\n                >\n                                Entre 26 101 \u20ac et 52 191 \u20ac                <\/td>\n                                            <td class=\"wpdt-cell wpdt-bc-FFFFFF\"\n                                    data-cell-id=\"C3\"\n                data-col-index=\"2\"\n                data-row-index=\"2\"\n                style=\"                padding:10px;\"\n                >\n                                Entre 31 096 \u20ac et 62 180 \u20ac                <\/td>\n                                        <\/tr>\n                    <\/table>\n<\/div><style id='wpdt-custom-style-258'>\ntable#wpdtSimpleTable-258{ table-layout: fixed !important; }\n.wpdt-bc-F3F9FE { background-color: #F3F9FE !important;}\n.wpdt-bc-FFFFFF { background-color: #FFFFFF !important;}\n<\/style>\n\n<p><b>Plafonds de l&rsquo;aide major\u00e9e :\u00a0<\/b><\/p>\n\n<div class=\"wpdt-c row wpDataTableContainerSimpleTable wpDataTables wpDataTablesWrapper\n\"\n    >\n    <table id=\"wpdtSimpleTable-259\"\n           class=\"wpdtSimpleTable wpDataTable\"\n           data-column=\"3\"\n           data-rows=\"3\"\n           data-wpID=\"259\"\n           data-responsive=\"0\"\n           data-has-header=\"1\">\n\n                    <thead>        <tr class=\"wpdt-cell-row \" >\n                            <th class=\"wpdt-cell wpdt-bc-F3F9FE\"\n                                    data-cell-id=\"A1\"\n                data-col-index=\"0\"\n                data-row-index=\"0\"\n                style=\" width:29.120323559151%;                padding:10px;\"\n                >\n                                Nombre d'enfants \u00e0 charge entre 3 ans et moins de 21 ans                <\/th>\n                                            <th class=\"wpdt-cell wpdt-bc-F3F9FE\"\n                                    data-cell-id=\"B1\"\n                data-col-index=\"1\"\n                data-row-index=\"0\"\n                style=\" width:30.535894843276%;                padding:10px;\"\n                >\n                                Couple avec un seul revenu d\u2019activit\u00e9 (N-2)                <\/th>\n                                            <th class=\"wpdt-cell wpdt-bc-F3F9FE\"\n                                    data-cell-id=\"C1\"\n                data-col-index=\"2\"\n                data-row-index=\"0\"\n                style=\" width:40.343781597573%;                padding:10px;\"\n                >\n                                Parent isol\u00e9 ou couple avec 2 revenus d'activit\u00e9 (N-2)                <\/th>\n                                        <\/tr>\n                    <tbody>        <tr class=\"wpdt-cell-row \" >\n                            <td class=\"wpdt-cell wpdt-bc-FFFFFF\"\n                                    data-cell-id=\"A2\"\n                data-col-index=\"0\"\n                data-row-index=\"1\"\n                style=\"                padding:10px;\"\n                >\n                                3 enfants                <\/td>\n                                            <td class=\"wpdt-cell wpdt-bc-FFFFFF\"\n                                    data-cell-id=\"B2\"\n                data-col-index=\"1\"\n                data-row-index=\"1\"\n                style=\"                padding:10px;\"\n                >\n                                22 372 \u20ac                <\/td>\n                                            <td class=\"wpdt-cell wpdt-bc-FFFFFF\"\n                                    data-cell-id=\"C2\"\n                data-col-index=\"2\"\n                data-row-index=\"1\"\n                style=\"                padding:10px;\"\n                >\n                                27 367 \u20ac                <\/td>\n                                        <\/tr>\n                            <tr class=\"wpdt-cell-row \" >\n                            <td class=\"wpdt-cell wpdt-bc-FFFFFF\"\n                                    data-cell-id=\"A3\"\n                data-col-index=\"0\"\n                data-row-index=\"2\"\n                style=\"                padding:10px;\"\n                >\n                                4 enfants                <\/td>\n                                            <td class=\"wpdt-cell wpdt-bc-FFFFFF\"\n                                    data-cell-id=\"B3\"\n                data-col-index=\"1\"\n                data-row-index=\"2\"\n                style=\"                padding:10px;\"\n                >\n                                26 101 \u20ac                <\/td>\n                                            <td class=\"wpdt-cell wpdt-bc-FFFFFF\"\n                                    data-cell-id=\"C3\"\n                data-col-index=\"2\"\n                data-row-index=\"2\"\n                style=\"                padding:10px;\"\n                >\n                                31 096 \u20ac                <\/td>\n                                        <\/tr>\n                    <\/table>\n<\/div><style id='wpdt-custom-style-259'>\ntable#wpdtSimpleTable-259{ table-layout: fixed !important; }\n.wpdt-bc-F3F9FE { background-color: #F3F9FE !important;}\n.wpdt-bc-FFFFFF { background-color: #FFFFFF !important;}\n<\/style>\n\n<p class=\"amp-wp-7d27179\" style=\"text-align: justify;\" data-amp-original-style=\"text-align: justify;\"><span class=\"amp-wp-fe3f5cc\" data-amp-original-style=\"font-weight: 400;\">Pour consid\u00e9rer que vous b\u00e9n\u00e9ficiez de deux revenus dans le couple, il faut que vous <\/span><span class=\"amp-wp-fe3f5cc\" data-amp-original-style=\"font-weight: 400;\">exerciez tous les deux une activit\u00e9 professionnelle productrice de revenus, ou des indemnit\u00e9s journali\u00e8res suite \u00e0 un accident du travail ou d\u2019une maladie dite professionnelle.<\/span><\/p>\n<h1 style=\"text-align: justify;\">Comment se fait le versement du compl\u00e9ment familial ?<\/h1>\n<p style=\"text-align: justify;\">Le compl\u00e9ment familial vous sera vers\u00e9 \u00e0 partir du 3\u00e8me anniversaire de votre plus jeune enfant.<\/p>\n<p style=\"text-align: justify;\">Cette aide vous sera vers\u00e9e chaque mois.<\/p>\n<p style=\"text-align: justify;\">Le versement de l&rsquo;aide prend fin dans le cas d&rsquo;une des 3 conditions :<\/p>\n<ul style=\"text-align: justify;\">\n<li>lorsqu\u2019il vous reste moins de 3 enfants de moins de 21 ans \u00e0 charge<\/li>\n<li>le mois suivant l\u2019arriv\u00e9e d\u2019un nouvel enfant de moins de 3\u00a0ans\u00a0;<\/li>\n<li>lorsque vous percevez une prestation de la PAJE telle que l\u2019allocation de base ou la prestation partag\u00e9e d\u2019\u00e9ducation de l\u2019enfant.<\/li>\n<\/ul>\n<h1 style=\"text-align: justify;\">Le compl\u00e9ment familial en cas de changement de situation<\/h1>\n<h2 style=\"text-align: justify;\">Le changement de situation familiale<\/h2>\n<h3 style=\"text-align: justify;\">Aupr\u00e8s de la CAF<\/h3>\n<p style=\"text-align: justify;\">Dans le cas o\u00f9 vous d\u00e9pendez de la CAF et que votre situation familiale change, vous devrez rapidement mettre \u00e0 jour les informations sur le site internet de la CAF.<\/p>\n<h3 style=\"text-align: justify;\">Aupr\u00e8s de la MSA<\/h3>\n<p style=\"text-align: justify;\">Concernant la MSA, le proc\u00e9d\u00e9 est le m\u00eame. Il faut rapidement d\u00e9clarer tout changement de situation familiale.<\/p>\n<h2 style=\"text-align: justify;\">Le changement de domicile<\/h2>\n<h3 style=\"text-align: justify;\">Aupr\u00e8s de la CAF<\/h3>\n<p style=\"text-align: justify;\">Il est important de signaler tout changement de domicile aupr\u00e8s de la CAF.<\/p>\n<h3 style=\"text-align: justify;\">Aupr\u00e8s de la MSA<\/h3>\n<p style=\"text-align: justify;\">Il faut signaler tout changement de domicile aupr\u00e8s de la MSA.<\/p>\n<p style=\"text-align: justify;\">De plus, dans le cas o\u00f9 vous changez de d\u00e9partement, la MSA de votre d\u00e9partement de domicile de d\u00e9part s&rsquo;occupera automatiquement du transfert du dossier vers votre nouvelle caisse. Le transfert sera effectu\u00e9 d\u00e8s l&rsquo;enregistrement de votre nouvelle adresse.<\/p>\n<p style=\"text-align: justify;\"><span style=\"font-weight: 400;\"><div class='cta-block'><div class='text'>Simulez toutes vos Aides en 2 min.<\/div><a href='' class='app-button fit'>Simulation gratuite<\/a><\/div><\/span><\/p>\n<h2 style=\"text-align: justify;\"><\/h2>\n<h1 style=\"text-align: justify;\">Les autres aides pour les familles nombreuses<\/h1>\n<h2 style=\"text-align: justify;\"><span id=\"La_carte_famille_nombreuse\">La carte SNCF famille nombreuse<\/span><\/h2>\n<p class=\"amp-wp-7d27179\" style=\"text-align: justify;\" data-amp-original-style=\"text-align: justify;\">La carte famille nombreuse permet d\u2019avoir des r\u00e9ductions sur les voyages en train en fonction de la composition du foyer. Elle permet \u00e9galement d\u2019obtenir des remises avec de nombreux partenaires. Cette carte s\u2019adresse aux familles ayant au moins 3 enfants \u00e0 charge. Les d\u00e9ductions vont de 30% \u00e0 75%.<\/p>\n<p style=\"text-align: justify;\" data-amp-original-style=\"text-align: justify;\">La carte est valable pendant 3 ans et est au prix de 19\u20ac. \u00a0La demande se fait en partie en ligne sur\u00a0le site de la SNCF.<\/p>\n<h2 style=\"text-align: justify;\" data-amp-original-style=\"text-align: justify;\">L&rsquo;aide au d\u00e9m\u00e9nagement pour familles nombreuses <img loading=\"lazy\" decoding=\"async\" class=\" wp-image-57555 alignright\" title=\"compl\u00e9ment familial famille nombreuse\" src=\"https:\/\/www.mes-allocs.fr\/guides\/wp-content\/uploads\/2022\/10\/michal-balog-66NaCdBrkCs-unsplash-e1666971026836-300x200.jpg\" alt=\"compl\u00e9ment familial famille nombreuse\" width=\"366\" height=\"244\" \/><\/h2>\n<p style=\"text-align: justify;\">L\u2019aide au d\u00e9m\u00e9nagement permet de soulager le budget des familles nombreuses au moment d&rsquo;un d\u00e9m\u00e9nagement. Cette aide va \u00eatre vers\u00e9e soit par la CAF, soit par la MSA.<\/p>\n<p style=\"text-align: justify;\">Afin de pouvoir l&rsquo;obtenir, il va falloir \u00eatre allocataire et d\u00e9j\u00e0 percevoir au moins une aide au logement. Pour obtenir cette aide, il faut cependant que ce d\u00e9m\u00e9nagement soit effectu\u00e9 avant le 2<sup>e<\/sup> anniversaire de votre dernier enfant.<\/p>\n<p style=\"text-align: justify;\">Il vous sera alors possible de demander le remboursement des d\u00e9penses engag\u00e9es dans les 6 mois qui suivent votre d\u00e9m\u00e9nagement.<\/p>\n<p style=\"text-align: justify;\">Le montant de l&rsquo;aide d\u00e9m\u00e9nagement d\u00e9pend du nombre d&rsquo;enfants \u00e0 charge. Le montant maximum est de <strong>1 138,49 \u20ac<\/strong><\/p>\n<h2 style=\"text-align: justify;\">L&rsquo;aide m\u00e9nag\u00e8re pour famille nombreuse<\/h2>\n<p style=\"text-align: justify;\">Il est possible pour certains allocataires d&rsquo;obtenir une aide m\u00e9nag\u00e8re \u00e0 domicile. Cette aide a pour objectif de vous soutenir ponctuellement dans votre quotidien de famille nombreuse. Elle est vers\u00e9e par certaines CAF. Ce n&rsquo;est pas la CAF qui est \u00e0 l&rsquo;origine de cette aide, mais des associations conventionn\u00e9es.<\/p>\n<h2 style=\"text-align: justify;\">La prime m\u00e9daill\u00e9e de la famille<\/h2>\n<p style=\"text-align: justify;\">La M\u00e9daille de la Famille est un titre honorifique qui est d\u00e9livr\u00e9 par la Pr\u00e9fecture. Celle-ci est offerte aux familles qui ont notamment \u00e9lev\u00e9 au moins 4 enfants, et dont l&rsquo;a\u00een\u00e9 vient d&rsquo;atteindre l&rsquo;\u00e2ge de 16 ans.<\/p>\n<p style=\"text-align: justify;\">Afin de recevoir cette aide, il faut en faire la candidature. Cette candidature se fait \u00e0 la mairie de votre domicile.<\/p>\n<p style=\"text-align: justify;\"><span style=\"font-weight: 400;\"><div class='cta-block'><div class='text'>Simulez toutes vos Aides en 2 min.<\/div><a href='' class='app-button fit'>Simulation gratuite<\/a><\/div><\/span><\/p>\n<blockquote class=\"wp-embedded-content\" data-secret=\"5wlPCWU38Z\"><p><a href=\"https:\/\/www.aide-sociale.fr\/aides-famille-nombreuse\/\">Guide sur les aides pour famille nombreuse : quels sont les dispositifs pour les familles avec 3 enfants ou plus ?<\/a><\/p><\/blockquote>\n<p><iframe loading=\"lazy\" class=\"wp-embedded-content\" sandbox=\"allow-scripts\" security=\"restricted\" style=\"position: absolute; visibility: hidden;\" title=\"\u00ab\u00a0Guide sur les aides pour famille nombreuse : quels sont les dispositifs pour les familles avec 3 enfants ou plus ?\u00a0\u00bb &#8212; Aide-Sociale.fr\" src=\"https:\/\/www.aide-sociale.fr\/aides-famille-nombreuse\/embed\/#?secret=QbZlV6FY3o#?secret=5wlPCWU38Z\" data-secret=\"5wlPCWU38Z\" width=\"500\" height=\"282\" frameborder=\"0\" marginwidth=\"0\" marginheight=\"0\" scrolling=\"no\"><\/iframe><\/p>\n","protected":false},"excerpt":{"rendered":"<p>[Mis \u00e0 jour le 18\/02\/2026] Le compl\u00e9ment familial est un compl\u00e9ment de ressources que l&rsquo;on retrouve parmi les allocations familiales. Ce compl\u00e9ment est une prestation de la Caisse d\u2019Allocations Familiales (CAF) ou de la Mutualit\u00e9 Sociale Agricole (MSA). Le compl\u00e9ment familial est disponible si vous \u00eates une famille nombreuse, et que vos revenus sont modestes.\u00a0Mes [&hellip;]<\/p>\n","protected":false},"author":13,"featured_media":57553,"comment_status":"closed","ping_status":"open","sticky":false,"template":"","format":"standard","meta":{"amp_status":"","footnotes":""},"categories":[10,13216,17024],"tags":[],"class_list":["post-55915","post","type-post","status-publish","format-standard","has-post-thumbnail","hentry","category-allocations-familiales","category-complement-familial","category-conditions-complement-familial"],"yoast_head":"<!-- This site is optimized with the Yoast SEO plugin v14.9 - https:\/\/yoast.com\/wordpress\/plugins\/seo\/ -->\n<title>Le compl\u00e9ment familial pour les familles nombreuses | Mes-Allocs.fr<\/title>\n<meta name=\"description\" content=\"Le compl\u00e9ment familial est un compl\u00e9ment de ressources qui peut \u00eatre accord\u00e9 pour une famille nombreuse. D\u00e9couvrez si vous \u00eates \u00e9ligible.\" \/>\n<meta name=\"robots\" content=\"index, follow, max-snippet:-1, max-image-preview:large, max-video-preview:-1\" \/>\n<link rel=\"canonical\" href=\"https:\/\/www.mes-allocs.fr\/guides\/allocations-familiales\/complement-familial\/conditions-complement-familial\/complement-familial-famille-nombreuse\/\" \/>\n<meta property=\"og:locale\" content=\"fr_FR\" \/>\n<meta property=\"og:type\" content=\"article\" \/>\n<meta property=\"og:title\" content=\"Le compl\u00e9ment familial pour les familles nombreuses | Mes-Allocs.fr\" \/>\n<meta property=\"og:description\" content=\"Le compl\u00e9ment familial est un compl\u00e9ment de ressources qui peut \u00eatre accord\u00e9 pour une famille nombreuse. D\u00e9couvrez si vous \u00eates \u00e9ligible.\" \/>\n<meta property=\"og:url\" content=\"https:\/\/www.mes-allocs.fr\/guides\/allocations-familiales\/complement-familial\/conditions-complement-familial\/complement-familial-famille-nombreuse\/\" \/>\n<meta property=\"og:site_name\" content=\"Mes-Allocs.fr\" \/>\n<meta property=\"article:published_time\" content=\"2022-10-31T10:15:33+00:00\" \/>\n<meta property=\"article:modified_time\" content=\"2026-02-18T14:58:28+00:00\" \/>\n<meta property=\"og:image\" content=\"https:\/\/www.mes-allocs.fr\/guides\/wp-content\/uploads\/2022\/10\/tyler-nix-V3dHmb1MOXM-unsplash-e1666970924900.jpg?wsr\" \/>\n\t<meta property=\"og:image:width\" content=\"1920\" \/>\n\t<meta property=\"og:image:height\" content=\"384\" \/>\n<meta name=\"twitter:card\" content=\"summary_large_image\" \/>\n<script type=\"application\/ld+json\" class=\"yoast-schema-graph\">{\"@context\":\"https:\/\/schema.org\",\"@graph\":[{\"@type\":\"WebSite\",\"@id\":\"https:\/\/www.mes-allocs.fr\/guides\/#website\",\"url\":\"https:\/\/www.mes-allocs.fr\/guides\/\",\"name\":\"Mes-Allocs.fr\",\"description\":\"\",\"potentialAction\":[{\"@type\":\"SearchAction\",\"target\":\"https:\/\/www.mes-allocs.fr\/guides\/?s={search_term_string}\",\"query-input\":\"required name=search_term_string\"}],\"inLanguage\":\"fr-FR\"},{\"@type\":\"ImageObject\",\"@id\":\"https:\/\/www.mes-allocs.fr\/guides\/allocations-familiales\/complement-familial\/conditions-complement-familial\/complement-familial-famille-nombreuse\/#primaryimage\",\"inLanguage\":\"fr-FR\",\"url\":\"https:\/\/www.mes-allocs.fr\/guides\/wp-content\/uploads\/2022\/10\/tyler-nix-V3dHmb1MOXM-unsplash-e1666970924900.jpg?wsr\",\"width\":1920,\"height\":384,\"caption\":\"difference entre ave et avf\"},{\"@type\":\"WebPage\",\"@id\":\"https:\/\/www.mes-allocs.fr\/guides\/allocations-familiales\/complement-familial\/conditions-complement-familial\/complement-familial-famille-nombreuse\/#webpage\",\"url\":\"https:\/\/www.mes-allocs.fr\/guides\/allocations-familiales\/complement-familial\/conditions-complement-familial\/complement-familial-famille-nombreuse\/\",\"name\":\"Le compl\\u00e9ment familial pour les familles nombreuses | Mes-Allocs.fr\",\"isPartOf\":{\"@id\":\"https:\/\/www.mes-allocs.fr\/guides\/#website\"},\"primaryImageOfPage\":{\"@id\":\"https:\/\/www.mes-allocs.fr\/guides\/allocations-familiales\/complement-familial\/conditions-complement-familial\/complement-familial-famille-nombreuse\/#primaryimage\"},\"datePublished\":\"2022-10-31T10:15:33+00:00\",\"dateModified\":\"2026-02-18T14:58:28+00:00\",\"author\":{\"@id\":\"https:\/\/www.mes-allocs.fr\/guides\/#\/schema\/person\/c22c1269332026958a3b5505f80b5404\"},\"description\":\"Le compl\\u00e9ment familial est un compl\\u00e9ment de ressources qui peut \\u00eatre accord\\u00e9 pour une famille nombreuse. D\\u00e9couvrez si vous \\u00eates \\u00e9ligible.\",\"inLanguage\":\"fr-FR\"},{\"@type\":\"Person\",\"@id\":\"https:\/\/www.mes-allocs.fr\/guides\/#\/schema\/person\/c22c1269332026958a3b5505f80b5404\",\"name\":\"Flavien Fritz\",\"image\":{\"@type\":\"ImageObject\",\"@id\":\"https:\/\/www.mes-allocs.fr\/guides\/#personlogo\",\"inLanguage\":\"fr-FR\",\"url\":\"https:\/\/www.mes-allocs.fr\/guides\/wp-content\/uploads\/2021\/11\/Flavien-1-150x150.png\",\"caption\":\"Flavien Fritz\"},\"description\":\"Flavien est r\\u00e9dacteur au sein de l'\\u00e9quipe Mes Allocs, sp\\u00e9cialis\\u00e9 en droit priv\\u00e9. Dipl\\u00f4m\\u00e9 de l'Institut Catholique de Vend\\u00e9e, il rejoint Mes Allocs apr\\u00e8s une premi\\u00e8re exp\\u00e9rience entrepreneuriale.\",\"sameAs\":[\"https:\/\/fr.linkedin.com\/in\/flavienfritz\"]}]}<\/script>\n<!-- \/ Yoast SEO plugin. -->","amp_validity":null,"acf":{"faq":{"1":{"question":"Qu'est-ce que le compl\u00e9ment familial ?","answer":"Ce compl\u00e9ment est destin\u00e9 aux parents isol\u00e9s et aux couples qui ne disposent pas de ressources suffisantes.\r\n<br> <a href=\"https:\/\/www.mes-allocs.fr\/guides\/allocations-familiales\/complement-familial\/complement-familial-pour-qui\/complement-familial-familles-nombreuses\/\/\">Lire la suite<\/a>\r\n"},"2":{"question":"Quel est le montant de base du compl\u00e9ment familial ?","answer":"Le montant de base du compl\u00e9ment familial est de 196,59 \u20ac.\r\n<br> <a href=\"https:\/\/www.mes-allocs.fr\/guides\/allocations-familiales\/complement-familial\/complement-familial-pour-qui\/complement-familial-familles-nombreuses\/\/\">Lire la suite<\/a>\r\n"},"3":{"question":"Comment obtenir le compl\u00e9ment familial ?","answer":"Le compl\u00e9ment familial va \u00eatre vers\u00e9 sous conditions.\r\n<br> <a href=\"https:\/\/www.mes-allocs.fr\/guides\/allocations-familiales\/complement-familial\/complement-familial-pour-qui\/complement-familial-familles-nombreuses\/\/\">Lire la suite<\/a>\r\n"},"4":{"question":"Comment est vers\u00e9 le compl\u00e9ment familial ?","answer":"Le compl\u00e9ment familial vous sera vers\u00e9 \u00e0 partir du 3\u00e8me anniversaire de votre plus jeune enfant.\r\n<br> <a href=\"https:\/\/www.mes-allocs.fr\/guides\/allocations-familiales\/complement-familial\/complement-familial-pour-qui\/complement-familial-familles-nombreuses\/\/\">Lire la suite<\/a>\r\n"},"5":{"question":"Quand prend fin le versement du suppl\u00e9ment familial de traitement ?","answer":"Le versement cesse au 1er jour du mois au cours duquel les conditions ne sont plus remplies. Le versement du SFT cesse \u00e9galement \u00e0 partir du 1er juin pour un enfant qui atteint l'\u00e2ge de 20 ans le 27 juin.\r\n<br> <a href=\u201chttps:\/\/www.mes-allocs.fr\/guides\/allocations-familiales\/complement-familial\/complement-familial-de-traitement\/\u201d>Lire la suite<\/a>"},"6":{"question":"Comment conna\u00eetre le montant de son compl\u00e9ment familial ?","answer":"Nous vous invitons \u00e0 proc\u00e9der votre simulation <a href=\"https:\/\/www.mes-allocs.fr\/simulation-aides\">la simulation gratuite<\/a> directement sur le site de Mes Allocs pour conna\u00eetre tous vos droits d'\u00e9ligibilit\u00e9s.. C'est rapide et gratuit."},"7":{"question":"","answer":""},"8":{"question":"","answer":""},"9":{"question":"","answer":""},"10":{"question":"","answer":""},"11":{"question":"","answer":""},"12":{"question":"","answer":""},"13":{"question":"","answer":""},"14":{"question":"","answer":""},"15":{"question":"","answer":""},"16":{"question":"","answer":""}}},"_links":{"self":[{"href":"https:\/\/www.mes-allocs.fr\/guides\/wp-json\/wp\/v2\/posts\/55915","targetHints":{"allow":["GET"]}}],"collection":[{"href":"https:\/\/www.mes-allocs.fr\/guides\/wp-json\/wp\/v2\/posts"}],"about":[{"href":"https:\/\/www.mes-allocs.fr\/guides\/wp-json\/wp\/v2\/types\/post"}],"author":[{"embeddable":true,"href":"https:\/\/www.mes-allocs.fr\/guides\/wp-json\/wp\/v2\/users\/13"}],"replies":[{"embeddable":true,"href":"https:\/\/www.mes-allocs.fr\/guides\/wp-json\/wp\/v2\/comments?post=55915"}],"version-history":[{"count":17,"href":"https:\/\/www.mes-allocs.fr\/guides\/wp-json\/wp\/v2\/posts\/55915\/revisions"}],"predecessor-version":[{"id":109172,"href":"https:\/\/www.mes-allocs.fr\/guides\/wp-json\/wp\/v2\/posts\/55915\/revisions\/109172"}],"wp:featuredmedia":[{"embeddable":true,"href":"https:\/\/www.mes-allocs.fr\/guides\/wp-json\/wp\/v2\/media\/57553"}],"wp:attachment":[{"href":"https:\/\/www.mes-allocs.fr\/guides\/wp-json\/wp\/v2\/media?parent=55915"}],"wp:term":[{"taxonomy":"category","embeddable":true,"href":"https:\/\/www.mes-allocs.fr\/guides\/wp-json\/wp\/v2\/categories?post=55915"},{"taxonomy":"post_tag","embeddable":true,"href":"https:\/\/www.mes-allocs.fr\/guides\/wp-json\/wp\/v2\/tags?post=55915"}],"curies":[{"name":"wp","href":"https:\/\/api.w.org\/{rel}","templated":true}]}}