{"id":55893,"date":"2022-10-19T19:34:30","date_gmt":"2022-10-19T17:34:30","guid":{"rendered":"https:\/\/www.mes-allocs.fr\/guides\/?p=55893"},"modified":"2025-07-18T16:15:11","modified_gmt":"2025-07-18T14:15:11","slug":"fiche-metier-ambulancier","status":"publish","type":"post","link":"https:\/\/www.mes-allocs.fr\/guides\/reconversion-professionnelle\/aide-recherche-emploi\/recherche-emploi-ambulancier\/fiche-metier-ambulancier\/","title":{"rendered":"Fiche m\u00e9tier de l&rsquo;ambulancier : missions, salaire, formations"},"content":{"rendered":"<p style=\"text-align: justify;\"><b><img loading=\"lazy\" decoding=\"async\" class=\"alignnone wp-image-55941 size-full\" title=\"Fiche metier ambulancier\" src=\"https:\/\/www.mes-allocs.fr\/guides\/wp-content\/uploads\/2022\/08\/DESCRIPTION-AMBULANCIER--e1661962793586.png\" alt=\"Fiche metier ambulancier\" width=\"1560\" height=\"218\" srcset=\"https:\/\/www.mes-allocs.fr\/guides\/wp-content\/uploads\/2022\/08\/DESCRIPTION-AMBULANCIER--e1661962793586.png 1560w, https:\/\/www.mes-allocs.fr\/guides\/wp-content\/uploads\/2022\/08\/DESCRIPTION-AMBULANCIER--e1661962793586-300x42.png 300w, https:\/\/www.mes-allocs.fr\/guides\/wp-content\/uploads\/2022\/08\/DESCRIPTION-AMBULANCIER--e1661962793586-1024x143.png 1024w, https:\/\/www.mes-allocs.fr\/guides\/wp-content\/uploads\/2022\/08\/DESCRIPTION-AMBULANCIER--e1661962793586-768x107.png 768w, https:\/\/www.mes-allocs.fr\/guides\/wp-content\/uploads\/2022\/08\/DESCRIPTION-AMBULANCIER--e1661962793586-1536x215.png 1536w, https:\/\/www.mes-allocs.fr\/guides\/wp-content\/uploads\/2022\/08\/DESCRIPTION-AMBULANCIER--e1661962793586-600x84.png 600w\" sizes=\"auto, (max-width: 1560px) 100vw, 1560px\" \/>En France, le m\u00e9tier d&rsquo;ambulancier fait partie des professions les plus choisies en termes de <a href=\"https:\/\/www.mes-allocs.fr\/guides\/reconversion-professionnelle\/\">reconversion professionnelle<\/a> dans le domaine de la sant\u00e9. D\u00e9couvrez la fiche m\u00e9tier de l&rsquo;ambulancier !<\/b><\/p>\n<div class='cta-block'><div class='text'>Coaching \u00e0 distance pay\u00e9 par vos aides formation.<\/div><a href='https:\/\/www.formademia.fr\/formulaire\/coaching' class='app-button fit'>V\u00e9rifier votre \u00e9ligibilit\u00e9<\/a><\/div>\n<h1 style=\"text-align: justify;\">En quoi consiste le m\u00e9tier d&rsquo;ambulancier ?<\/h1>\n<p style=\"text-align: justify;\">Environ 2 000 personnes sont form\u00e9es chaque ann\u00e9e au m\u00e9tier d&rsquo;ambulancier. Par cons\u00e9quent, il s&rsquo;agit d&rsquo;un m\u00e9tier qui ne conna\u00eet pas de p\u00e9nurie, notamment depuis la crise sanitaire.\u00a0<b>Ce professionnel peut exercer dans une structure publique, associative ou priv\u00e9e, de jour comme de nuit et peut \u00eatre amen\u00e9 \u00e0 travailler le week-end et les jours f\u00e9ri\u00e9s.<\/b> Toutefois, il ne faut pas le confondre avec le brancardier.<\/p>\n<p style=\"text-align: justify;\"><b>L&rsquo;ambulancier est principalement charg\u00e9 du transport des personnes n\u00e9cessitant des soins, \u00e0 savoir bless\u00e9s, personnes handicap\u00e9es, malades, personnes \u00e2g\u00e9es, etc., en direction les centres m\u00e9dicaux (h\u00f4pitaux, cliniques, centres m\u00e9dicaux, etc.).<\/b> Ainsi, il est responsable de la patient\u00e8le du domicile, lieu d\u2019accident ou centre de soins jusqu\u2019au v\u00e9hicule. <b>Pendant ce trajet, il assure le confort du patient et est pr\u00eat \u00e0 prodiguer les premiers soins en cas de besoins.<\/b><\/p>\n<p style=\"text-align: justify;\"><b>En plus de conduire, il doit assurer des divers documents administratifs (hospitaliers, S\u00e9curit\u00e9 sociale&#8230;), percevoir la recette et conna\u00eetre les principaux itin\u00e9raires \u00e0 parcourir.<\/b>\u00a0Si l&rsquo;ambulancier d\u00e9tient les permis C ou D, il peut lui \u00eatre demand\u00e9 de conduire des engins comme les fourgons en plus des v\u00e9hicules sanitaires l\u00e9gers (VSL). <b>Enfin, le professionnel est responsable de l\u2019entretien de ce v\u00e9hicule, du strict respect des r\u00e8gles d\u2019hygi\u00e8ne et de la st\u00e9rilisation du mat\u00e9riel.<\/b><\/p>\n<p>Vous n\u2019\u00eates pas certain(e) que ce domaine soit fait pour vous ? D\u00e9couvrez les aides des <a href=\"https:\/\/www.mes-allocs.fr\/guides\/reconversion-professionnelle\/aide-recherche-emploi\/\">organismes sp\u00e9cialis\u00e9s dans l\u2019orientation professionnelle<\/a>.<\/p>\n<p><iframe loading=\"lazy\" title=\"La reconversion professionnelle\" width=\"500\" height=\"281\" src=\"https:\/\/www.youtube.com\/embed\/EiVUthswxl0?feature=oembed\" frameborder=\"0\" allow=\"accelerometer; autoplay; clipboard-write; encrypted-media; gyroscope; picture-in-picture; web-share\" referrerpolicy=\"strict-origin-when-cross-origin\" allowfullscreen><\/iframe><\/p>\n<h2 style=\"text-align: justify;\">Quelles sont les missions de l&rsquo;ambulancier ?<\/h2>\n<p style=\"text-align: justify;\"><b>M\u00e9tier exigeant de la polyvalence, les missions sont diverses et vari\u00e9es. \u00c0 savoir :<img loading=\"lazy\" decoding=\"async\" class=\"alignright wp-image-55942 size-medium\" title=\"Fiche metier ambulancier\" src=\"https:\/\/www.mes-allocs.fr\/guides\/wp-content\/uploads\/2022\/08\/DESCRIPTION-AMBULANCIER-2-300x200.jpeg\" alt=\"Fiche metier ambulancier\" width=\"300\" height=\"200\" srcset=\"https:\/\/www.mes-allocs.fr\/guides\/wp-content\/uploads\/2022\/08\/DESCRIPTION-AMBULANCIER-2-300x200.jpeg 300w, https:\/\/www.mes-allocs.fr\/guides\/wp-content\/uploads\/2022\/08\/DESCRIPTION-AMBULANCIER-2-600x400.jpeg 600w, https:\/\/www.mes-allocs.fr\/guides\/wp-content\/uploads\/2022\/08\/DESCRIPTION-AMBULANCIER-2.jpeg 612w\" sizes=\"auto, (max-width: 300px) 100vw, 300px\" \/><\/b><\/p>\n<ul>\n<li style=\"text-align: justify;\">Assurer le transport de personnes bless\u00e9es ou malades jusqu&rsquo;\u00e0 l&rsquo;h\u00f4pital ;<\/li>\n<li style=\"text-align: justify;\">Veiller \u00e0 leur confort et \u00e0 leur \u00e9tat de sant\u00e9 ;<\/li>\n<li style=\"text-align: justify;\">Ma\u00eetriser les appareils d&rsquo;assistance m\u00e9dicale ;<\/li>\n<li style=\"text-align: justify;\">Savoir conduire rapidement, mais s\u00fbrement ;<\/li>\n<li style=\"text-align: justify;\">Prodiguer les premiers gestes de secours en cas de besoin ;<\/li>\n<li style=\"text-align: justify;\">Entretenir son v\u00e9hicule ;<\/li>\n<li style=\"text-align: justify;\">Remplir les documents administratifs.<\/li>\n<\/ul>\n<h2 style=\"text-align: justify;\">Quelles sont les comp\u00e9tences requises ?<\/h2>\n<p class=\"amp-wp-7d27179\" data-amp-original-style=\"text-align: justify;\"><b>Avant de<span class=\"sw\">\u00a0<a href=\"https:\/\/www.mes-allocs.fr\/guides\/reconversion-professionnelle\/aide-recherche-emploi\/recherche-emploi-ambulancier\/\">trouver un poste d&rsquo;ambulancier<\/a><\/span>, vous devez vous assurer d\u2019avoir toutes les comp\u00e9tences n\u00e9cessaires. En effet, l<\/b><b>a profession d&rsquo;ambulancier n\u00e9cessite de nombreuses qualit\u00e9s, relationnelles, humaines et administratives.<\/b> Dans un premier temps, vous devez \u00eatre\u00a0bon conducteur afin de pouvoir vous adapter \u00e0 l\u2019\u00e9tat de sant\u00e9 de la personne transport\u00e9e. Cela peut \u00eatre une conduite souple et lente ou une conduite d\u2019urgence avec utilisation de gyrophare.<\/p>\n<p style=\"text-align: justify;\"><b>Il s&rsquo;agit d&rsquo;un m\u00e9tier qui se pratique dans l\u2019urgence, ainsi, il faut savoir faire preuve de sang-froid, de r\u00e9activit\u00e9 et de vigilance tout en sachant rassurer et r\u00e9conforter les patients.<\/b><\/p>\n<p style=\"text-align: justify;\">En outre, avec un rythme de travail soutenu, une bonne r\u00e9sistance physique et mentale est primordiale.<\/p>\n<h1 style=\"text-align: justify;\">Comment devenir ambulancier ?<\/h1>\n<p style=\"text-align: justify;\"><b>Afin d&rsquo;acc\u00e9der au m\u00e9tier d&rsquo;ambulancier, il est obligatoire de suivre une <a href=\"https:\/\/www.mes-allocs.fr\/guides\/reconversion-professionnelle\/aide-recherche-emploi\/recherche-emploi-ambulancier\/diplome-ambulancier\/\">formation dipl\u00f4mante<\/a> pour acqu\u00e9rir les connaissances de base. <\/b>Plusieurs cursus s&rsquo;offrent \u00e0 vous, tant dans le cadre de la formation initiale que dans celui de la formation continue. Cela permet de faciliter la reconversion professionnelle dans le domaine.<\/p>\n<h2 style=\"text-align: justify;\">Formation initiale<\/h2>\n<p style=\"text-align: justify;\">Les formations d&rsquo;ambulancier dipl\u00f4m\u00e9 d&rsquo;Etat et d&rsquo;auxiliaire ambulancier sont payantes, mais vous pouvez obtenir des financements.<\/p>\n<h3 style=\"text-align: justify;\">Le dipl\u00f4me d&rsquo;\u00c9tat d&rsquo;ambulancier (DEA)<\/h3>\n<p style=\"text-align: justify;\"><b>Pour devenir ambulancier en France, un\u00a0dipl\u00f4me d&rsquo;\u00c9tat d&rsquo;ambulancier (DEA), obtenu en validant une formation d&rsquo;environ 2 \u00e0 4 mois, est obligatoire. <\/b>Pendant ce temps, vous suivez 8\u00a0modules, comprenant les gestes et soins d&rsquo;urgence, l\u2019hygi\u00e8ne, la s\u00e9curit\u00e9 du transport sanitaire.<\/p>\n<p style=\"text-align: justify;\">Accessible avec un niveau 3\u00e8me, cette formation payante est dispens\u00e9e par des centres priv\u00e9s ou publics homologu\u00e9s par l\u2019Etat. <b>Toutefois, l&rsquo;acc\u00e8s au m\u00e9tier est conditionn\u00e9 au permis de conduire B depuis au moins 3 ans, un certificat m\u00e9dical de vaccination \u00e0 jour, ainsi qu&rsquo;une attestation pr\u00e9fectorale d&rsquo;aptitude \u00e0 la conduite d&rsquo;une ambulance.\u00a0<\/b>En outre, vous devez passer des \u00e9preuves \u00e9crites et un oral d&rsquo;admission.<\/p>\n<h3 style=\"text-align: justify;\">La formation d&rsquo;auxiliaire ambulancier<\/h3>\n<p style=\"text-align: justify;\"><b>Il est \u00e9galement possible de devenir ambulancier en suivant une formation de 10 jours (70 heures) dispos\u00e9e par les Instituts de Formation Ambulanciers (IFA). <\/b>La formation couvre l\u2019hygi\u00e8ne, la d\u00e9ontologie, les r\u00e8gles du transport sanitaire ou encore les gestes et soins d&rsquo;urgence (AFGSU niveau 2). Cependant, le nombre de place est limit\u00e9.<\/p>\n<h2 style=\"text-align: justify;\">Formation continue<\/h2>\n<p style=\"text-align: justify;\"><b>Dans le cadre d&rsquo;une reconversion ou \u00e9volution professionnelle, vous pouvez devenir ambulancier par la voie de la formation continue en pr\u00e9parant le dipl\u00f4me d\u2019\u00c9tat d\u2019ambulancier.<\/b><\/p>\n<p style=\"text-align: justify;\">En outre, les professionnels en activit\u00e9 peuvent \u00e9galement \u00e9voluer gr\u00e2ce \u00e0 ces formations en choisissant par exemple un type de public particulier (p\u00e9diatrie, psychiatrie). <b>Vous pouvez \u00e9galement suivre des\u00a0formations compl\u00e9mentaires pour rejoindre un service mobile d\u2019urgence et de r\u00e9animation (SMUR).<\/b><\/p>\n<p style=\"text-align: justify;\">Enfin, les ambulanciers souhaitant\u00a0se reconvertir dans le m\u00e9tier d&rsquo;aide-soignant sont dispens\u00e9s du concours d&rsquo;entr\u00e9e et de certains cr\u00e9dits p\u00e9dagogiques de formation.<\/p>\n<h1 style=\"text-align: justify;\">Quel est le salaire d&rsquo;un ambulancier ?<\/h1>\n<p style=\"text-align: justify;\"><b>Un ambulancier junior peut pr\u00e9tendre au SMIC afin d&rsquo;atteindre au fil des ann\u00e9es d&rsquo;exp\u00e9riences 2 000 euros bruts. <\/b>Toutefois, ce montant peut fortement varier selon les organismes d&rsquo;exercice.<\/p>\n<p style=\"text-align: justify;\"><b>\u00c0 son compte, un ambulancier peut esp\u00e9rer une <a href=\"https:\/\/www.mes-allocs.fr\/guides\/reconversion-professionnelle\/aide-recherche-emploi\/recherche-emploi-ambulancier\/salaire-ambulancier\/\">r\u00e9mun\u00e9ration<\/a> sup\u00e9rieure, mais il doit subventionner un v\u00e9hicule conforme aux exigences de la profession.<\/b><\/p>\n<h1 style=\"text-align: justify;\">Quels sont les d\u00e9bouch\u00e9s possibles ?<\/h1>\n<p style=\"text-align: justify;\"><b><img loading=\"lazy\" decoding=\"async\" class=\"alignright wp-image-55943\" title=\"fiche metier ambulancier\" src=\"https:\/\/www.mes-allocs.fr\/guides\/wp-content\/uploads\/2022\/08\/DESCRIPTION-AMBULANCIER-3-300x200.jpeg\" alt=\"fiche metier ambulancier\" width=\"272\" height=\"181\" srcset=\"https:\/\/www.mes-allocs.fr\/guides\/wp-content\/uploads\/2022\/08\/DESCRIPTION-AMBULANCIER-3-300x200.jpeg 300w, https:\/\/www.mes-allocs.fr\/guides\/wp-content\/uploads\/2022\/08\/DESCRIPTION-AMBULANCIER-3-600x400.jpeg 600w, https:\/\/www.mes-allocs.fr\/guides\/wp-content\/uploads\/2022\/08\/DESCRIPTION-AMBULANCIER-3.jpeg 612w\" sizes=\"auto, (max-width: 272px) 100vw, 272px\" \/><\/b>Ce professionnel de la sant\u00e9 a la possibilit\u00e9 de travailler dans le priv\u00e9 et dans le public,\u00a0que ce soit en h\u00f4pital, en clinique ou encore dans les maisons de retraite.<\/p>\n<p style=\"text-align: justify;\"><b>En tant qu&rsquo;ambulancier, vous pouvez \u00e9voluer vers l\u2019encadrement d\u2019une \u00e9quipe, l\u2019organisation de plans d\u2019action sur le terrain pour des op\u00e9rations \u00e0 grandes \u00e9chelles ou la r\u00e9gulation d&rsquo;une structure de soins.<\/b> Cependant, les missions diff\u00e8rent, car il g\u00e8re les d\u00e9placements d&rsquo;une \u00e9quipe, \u00e9tablit les emplois du temps de chacun et se charge des appels et des demandes d&rsquo;intervention.<\/p>\n<p>&nbsp;<\/p>\n<div class='cta-block'><div class='text'>Coaching \u00e0 distance pay\u00e9 par vos aides formation.<\/div><a href='https:\/\/www.formademia.fr\/formulaire\/coaching' class='app-button fit'>V\u00e9rifier votre \u00e9ligibilit\u00e9<\/a><\/div>\n","protected":false},"excerpt":{"rendered":"<p>En France, le m\u00e9tier d&rsquo;ambulancier fait partie des professions les plus choisies en termes de reconversion professionnelle dans le domaine de la sant\u00e9. D\u00e9couvrez la fiche m\u00e9tier de l&rsquo;ambulancier ! En quoi consiste le m\u00e9tier d&rsquo;ambulancier ? Environ 2 000 personnes sont form\u00e9es chaque ann\u00e9e au m\u00e9tier d&rsquo;ambulancier. Par cons\u00e9quent, il s&rsquo;agit d&rsquo;un m\u00e9tier qui [&hellip;]<\/p>\n","protected":false},"author":14,"featured_media":37617,"comment_status":"closed","ping_status":"open","sticky":false,"template":"","format":"standard","meta":{"amp_status":"","footnotes":""},"categories":[8789,14253,5081],"tags":[],"class_list":["post-55893","post","type-post","status-publish","format-standard","has-post-thumbnail","hentry","category-aide-recherche-emploi","category-recherche-emploi-ambulancier","category-reconversion-professionnelle"],"yoast_head":"<!-- This site is optimized with the Yoast SEO plugin v14.9 - https:\/\/yoast.com\/wordpress\/plugins\/seo\/ -->\n<title>Fiche m\u00e9tier de l&#039;ambulancier : missions, salaire, formations<\/title>\n<meta name=\"description\" content=\"Le m\u00e9tier d&#039;ambulancier fait partie des professions les plus choisies en termes de reconversion professionnelle dans le domaine de la sant\u00e9.\" \/>\n<meta name=\"robots\" content=\"index, follow, max-snippet:-1, max-image-preview:large, max-video-preview:-1\" \/>\n<link rel=\"canonical\" href=\"https:\/\/www.mes-allocs.fr\/guides\/reconversion-professionnelle\/aide-recherche-emploi\/recherche-emploi-ambulancier\/fiche-metier-ambulancier\/\" \/>\n<meta property=\"og:locale\" content=\"fr_FR\" \/>\n<meta property=\"og:type\" content=\"article\" \/>\n<meta property=\"og:title\" content=\"Fiche m\u00e9tier de l&#039;ambulancier : missions, salaire, formations\" \/>\n<meta property=\"og:description\" content=\"Le m\u00e9tier d&#039;ambulancier fait partie des professions les plus choisies en termes de reconversion professionnelle dans le domaine de la sant\u00e9.\" \/>\n<meta property=\"og:url\" content=\"https:\/\/www.mes-allocs.fr\/guides\/reconversion-professionnelle\/aide-recherche-emploi\/recherche-emploi-ambulancier\/fiche-metier-ambulancier\/\" \/>\n<meta property=\"og:site_name\" content=\"Mes-Allocs.fr\" \/>\n<meta property=\"article:published_time\" content=\"2022-10-19T17:34:30+00:00\" \/>\n<meta property=\"article:modified_time\" content=\"2025-07-18T14:15:11+00:00\" \/>\n<meta property=\"og:image\" content=\"https:\/\/www.mes-allocs.fr\/guides\/wp-content\/uploads\/2021\/09\/Tout-savoir-sur-la-recherche-emploi-ambulancier-2.jpg?wsr\" \/>\n\t<meta property=\"og:image:width\" content=\"1280\" \/>\n\t<meta property=\"og:image:height\" content=\"853\" \/>\n<meta name=\"twitter:card\" content=\"summary_large_image\" \/>\n<script type=\"application\/ld+json\" class=\"yoast-schema-graph\">{\"@context\":\"https:\/\/schema.org\",\"@graph\":[{\"@type\":\"WebSite\",\"@id\":\"https:\/\/www.mes-allocs.fr\/guides\/#website\",\"url\":\"https:\/\/www.mes-allocs.fr\/guides\/\",\"name\":\"Mes-Allocs.fr\",\"description\":\"\",\"potentialAction\":[{\"@type\":\"SearchAction\",\"target\":\"https:\/\/www.mes-allocs.fr\/guides\/?s={search_term_string}\",\"query-input\":\"required name=search_term_string\"}],\"inLanguage\":\"fr-FR\"},{\"@type\":\"ImageObject\",\"@id\":\"https:\/\/www.mes-allocs.fr\/guides\/reconversion-professionnelle\/aide-recherche-emploi\/recherche-emploi-ambulancier\/fiche-metier-ambulancier\/#primaryimage\",\"inLanguage\":\"fr-FR\",\"url\":\"https:\/\/www.mes-allocs.fr\/guides\/wp-content\/uploads\/2021\/09\/Tout-savoir-sur-la-recherche-emploi-ambulancier-2.jpg?wsr\",\"width\":1280,\"height\":853,\"caption\":\"fiche metier ambulancier\"},{\"@type\":\"WebPage\",\"@id\":\"https:\/\/www.mes-allocs.fr\/guides\/reconversion-professionnelle\/aide-recherche-emploi\/recherche-emploi-ambulancier\/fiche-metier-ambulancier\/#webpage\",\"url\":\"https:\/\/www.mes-allocs.fr\/guides\/reconversion-professionnelle\/aide-recherche-emploi\/recherche-emploi-ambulancier\/fiche-metier-ambulancier\/\",\"name\":\"Fiche m\\u00e9tier de l'ambulancier : missions, salaire, formations\",\"isPartOf\":{\"@id\":\"https:\/\/www.mes-allocs.fr\/guides\/#website\"},\"primaryImageOfPage\":{\"@id\":\"https:\/\/www.mes-allocs.fr\/guides\/reconversion-professionnelle\/aide-recherche-emploi\/recherche-emploi-ambulancier\/fiche-metier-ambulancier\/#primaryimage\"},\"datePublished\":\"2022-10-19T17:34:30+00:00\",\"dateModified\":\"2025-07-18T14:15:11+00:00\",\"author\":{\"@id\":\"https:\/\/www.mes-allocs.fr\/guides\/#\/schema\/person\/a3de97298fd0ffc005ebdd5628b03ca8\"},\"description\":\"Le m\\u00e9tier d'ambulancier fait partie des professions les plus choisies en termes de reconversion professionnelle dans le domaine de la sant\\u00e9.\",\"inLanguage\":\"fr-FR\"},{\"@type\":\"Person\",\"@id\":\"https:\/\/www.mes-allocs.fr\/guides\/#\/schema\/person\/a3de97298fd0ffc005ebdd5628b03ca8\",\"name\":\"Marina Ada Ondo\",\"image\":{\"@type\":\"ImageObject\",\"@id\":\"https:\/\/www.mes-allocs.fr\/guides\/#personlogo\",\"inLanguage\":\"fr-FR\",\"url\":\"https:\/\/www.mes-allocs.fr\/guides\/wp-content\/uploads\/2022\/02\/Photo-de-profil-150x150.png\",\"caption\":\"Marina Ada Ondo\"},\"description\":\"Marina est r\\u00e9dactrice au sein de l'\\u00e9quipe Mes Allocs, sp\\u00e9cialis\\u00e9e sur les aides aux jeunes. Dipl\\u00f4m\\u00e9e de l'ISFJ, elle rejoint Mes Allocs apr\\u00e8s une premi\\u00e8re exp\\u00e9rience en communication chez Little Africa, une agence de communication \\u00e0 Paris. Sur son temps libre, Marina lit beaucoup et passe ses dimanches au mus\\u00e9e.\",\"sameAs\":[\"https:\/\/www.linkedin.com\/in\/marinaadaondo\/\"]}]}<\/script>\n<!-- \/ Yoast SEO plugin. -->","amp_validity":null,"acf":{"faq":{"1":{"question":"\ud83e\udd37\ud83c\udffd\u200d\u2640\ufe0fQuelles sont les t\u00e2ches d'un ambulancier ?","answer":"Les missions principales de l'ambulancier sont les suivantes :\r\nInstallation du patient en prenant en compte son \u00e9tat de sant\u00e9 et sa condition physique (malade, bless\u00e9, femme enceinte) ;\r\nConduite du v\u00e9hicule ;\r\nTransport des patients ;\r\nDiagnostic de l'\u00e9tat de sant\u00e9 du patient ;\r\nDivulguer les premiers soins si besoin, etc. "},"2":{"question":"\ud83c\udfafQui est dans une ambulance ?","answer":"L'ambulancier est celui qui est charg\u00e9 de conduire le v\u00e9hicule, et il y a \u00e9galement un m\u00e9decin qui se charge d'appliquer les premiers secours sur le bless\u00e9, et d'un infirmier, qui assiste le m\u00e9decin."},"3":{"question":"\ud83e\udd37\ud83c\udffd\u200d\u2640\ufe0fComment \u00eatre un bon ambulancier ?","answer":"Il doit avoir une bonne r\u00e9sistance physique et nerveuse car les interventions peuvent s'av\u00e9rer longues et \u00e9prouvantes. Il doit \u00eatre capable de travailler la nuit et les weekends. L'ambulancier doit savoir \u00eatre \u00e0 l'\u00e9coute et doit pouvoir rassurer les patients inquiets."},"4":{"question":"\ud83e\udd1dQuel est le salaire d'un DEA ?","answer":"Un conducteur d'ambulance qui vient juste d'obtenir son dipl\u00f4me d'\u00c9tat d'Ambulancier (DEA) apr\u00e8s l'acquisition de son baccalaur\u00e9at sera pay\u00e9 au SMIC (1480,27 \u20ac brut). Ce salaire diff\u00e8re selon son statut : salari\u00e9 d'entreprise, fonctionnaire, en lib\u00e9ral. Apr\u00e8s quelques ann\u00e9es, il peut s'\u00e9lever \u00e0 1 640 \u20ac brut."},"5":{"question":"\ud83e\udd13Comment s'appelle le dipl\u00f4me d'ambulancier ?","answer":"Le dipl\u00f4me d'ambulancier s'appelle le dipl\u00f4me d'\u00e9tat ambulancier (DEA). "},"6":{"question":"\ud83e\uddd0C'est quoi un auxiliaire ambulancier ?","answer":"L'auxiliaire ambulancier ou l'auxiliaire ambulanci\u00e8re assure sur prescription m\u00e9dicale le transport de malades dans un v\u00e9hicule sanitaire l\u00e9ger (VSL). Dans une ambulance, il ou elle assiste l'ambulancier."},"7":{"question":"","answer":""},"8":{"question":"","answer":""},"9":{"question":"","answer":""},"10":{"question":"","answer":""},"11":{"question":"","answer":""},"12":{"question":"","answer":""},"13":{"question":"","answer":""},"14":{"question":"","answer":""},"15":{"question":"","answer":""},"16":{"question":"","answer":""}}},"_links":{"self":[{"href":"https:\/\/www.mes-allocs.fr\/guides\/wp-json\/wp\/v2\/posts\/55893","targetHints":{"allow":["GET"]}}],"collection":[{"href":"https:\/\/www.mes-allocs.fr\/guides\/wp-json\/wp\/v2\/posts"}],"about":[{"href":"https:\/\/www.mes-allocs.fr\/guides\/wp-json\/wp\/v2\/types\/post"}],"author":[{"embeddable":true,"href":"https:\/\/www.mes-allocs.fr\/guides\/wp-json\/wp\/v2\/users\/14"}],"replies":[{"embeddable":true,"href":"https:\/\/www.mes-allocs.fr\/guides\/wp-json\/wp\/v2\/comments?post=55893"}],"version-history":[{"count":7,"href":"https:\/\/www.mes-allocs.fr\/guides\/wp-json\/wp\/v2\/posts\/55893\/revisions"}],"predecessor-version":[{"id":102718,"href":"https:\/\/www.mes-allocs.fr\/guides\/wp-json\/wp\/v2\/posts\/55893\/revisions\/102718"}],"wp:featuredmedia":[{"embeddable":true,"href":"https:\/\/www.mes-allocs.fr\/guides\/wp-json\/wp\/v2\/media\/37617"}],"wp:attachment":[{"href":"https:\/\/www.mes-allocs.fr\/guides\/wp-json\/wp\/v2\/media?parent=55893"}],"wp:term":[{"taxonomy":"category","embeddable":true,"href":"https:\/\/www.mes-allocs.fr\/guides\/wp-json\/wp\/v2\/categories?post=55893"},{"taxonomy":"post_tag","embeddable":true,"href":"https:\/\/www.mes-allocs.fr\/guides\/wp-json\/wp\/v2\/tags?post=55893"}],"curies":[{"name":"wp","href":"https:\/\/api.w.org\/{rel}","templated":true}]}}