{"id":5584,"date":"2020-04-27T16:15:47","date_gmt":"2020-04-27T16:15:47","guid":{"rendered":"https:\/\/www.mes-allocs.fr\/guides\/?p=5584"},"modified":"2026-01-06T15:33:15","modified_gmt":"2026-01-06T14:33:15","slug":"assistance-sociale-aide-au-logement","status":"publish","type":"post","link":"https:\/\/www.mes-allocs.fr\/guides\/aide-logement\/assistance-sociale-aide-au-logement\/","title":{"rendered":"Aide au logement : faire appel \u00e0 un assistant social"},"content":{"rendered":"<p><a href=\"https:\/\/www.mes-allocs.fr\/guides\/wp-content\/uploads\/2020\/04\/Aide-au-logement-faire-appel-a\u0300-un-assistant-social-scaled-e1588703114522.jpg\"><img loading=\"lazy\" decoding=\"async\" class=\"aligncenter wp-image-6074 size-full\" src=\"https:\/\/www.mes-allocs.fr\/guides\/wp-content\/uploads\/2020\/04\/Aide-au-logement-faire-appel-a\u0300-un-assistant-social-scaled-e1588703114522.jpg\" alt=\"Aide au logement faire appel \u00e0 un assistant social\" width=\"1200\" height=\"405\" srcset=\"https:\/\/www.mes-allocs.fr\/guides\/wp-content\/uploads\/2020\/04\/Aide-au-logement-faire-appel-a\u0300-un-assistant-social-scaled-e1588703114522.jpg 1200w, https:\/\/www.mes-allocs.fr\/guides\/wp-content\/uploads\/2020\/04\/Aide-au-logement-faire-appel-a\u0300-un-assistant-social-scaled-e1588703114522-300x101.jpg 300w, https:\/\/www.mes-allocs.fr\/guides\/wp-content\/uploads\/2020\/04\/Aide-au-logement-faire-appel-a\u0300-un-assistant-social-scaled-e1588703114522-1024x346.jpg 1024w, https:\/\/www.mes-allocs.fr\/guides\/wp-content\/uploads\/2020\/04\/Aide-au-logement-faire-appel-a\u0300-un-assistant-social-scaled-e1588703114522-768x259.jpg 768w, https:\/\/www.mes-allocs.fr\/guides\/wp-content\/uploads\/2020\/04\/Aide-au-logement-faire-appel-a\u0300-un-assistant-social-scaled-e1588703114522-600x203.jpg 600w\" sizes=\"auto, (max-width: 1200px) 100vw, 1200px\" \/><\/a>[Mis \u00e0 jour le 06\/01\/2026] Les assistants de service social vous guident notamment dans vos d\u00e9marches d&rsquo;<a href=\"https:\/\/www.mes-allocs.fr\/guides\/aide-logement\">aides au logement<\/a> et pour obtenir des allocations familiales. Lisez cet article afin d&rsquo;en savoir plus.<\/p>\n<div class='cta-block'><div class='text'>Simulez toutes vos aides en 2 min.<\/div><a href='https:\/\/www.mes-allocs.fr\/ab-app?origin=guides\/wp-json\/wp\/v2\/posts\/5584' class='app-button fit'>Simulation gratuite<\/a><\/div>\n<h1>Quel est le r\u00f4le d&rsquo;un assistant social ?<\/h1>\n<div id=\"Faire-appel-aux-services-sociaux-pour-payer-son-loyer\" class=\"ancres\" data-identifier=\"paragraph-15\">\n<header>Lorsque vous sollicitez des aides sociales, il peut \u00eatre utile d&rsquo;\u00eatre accompagn\u00e9 d&rsquo;un <a href=\"https:\/\/www.mes-allocs.fr\/guides\/aides-sociales\/assistant-social-aide\/\">assistant de service social<\/a>. Il vous aide \u00e0 faire valoir vos droits et \u00e0 d\u00e9poser vos dossiers de demande d&rsquo;aide. Davantage d\u00e9sign\u00e9 au f\u00e9minin, du fait de l&rsquo;omnipr\u00e9sence de femmes exer\u00e7ant ce m\u00e9tier, l&rsquo;assistant social aide les personnes en difficult\u00e9 \u00e9conomique, sociale ou psychologique.<\/header>\n<header><\/header>\n<header>Prenant en compte votre situation personnelle, il rep\u00e8re les solutions possibles pour vous venir en aide avant de vous orienter vers le service le plus adapt\u00e9. Il vous informe \u00e9galement sur vos droits et peut vous aider \u00e0 remplir vos dossiers administratifs.<\/header>\n<div class=\"e-content\">\n<div class=\"mf-contenu-principale\">\n<div>\n<h1 id=\"anchor2\">Quelles sont les aides au logement propos\u00e9es par les services sociaux ?<\/h1>\n<p>La plupart du temps, l&rsquo;assistant social travaille au sein des conseils d\u00e9partementaux pour vous aider \u00e0 obtenir des primes ou trouver un logement.<\/p>\n<p>L&rsquo;aide sociale et les solidarit\u00e9s sont en effet des composantes essentielles des missions des d\u00e9partements.<\/p>\n<p>Vous pouvez \u00e9galement trouver dans les CCAS des grandes villes une assistante social pour :<\/p>\n<ul>\n<li>faire une demande d\u2019aide-m\u00e9nag\u00e8re \u00e0 domicile,<\/li>\n<li>une demande d\u2019ASH (aide sociale \u00e0 l\u2019h\u00e9bergement).<\/li>\n<\/ul>\n<p>Plus pr\u00e9cis\u00e9ment, les CCAS m\u00e8nent l\u2019instruction des demandes d\u2019aides sociales, avant de les transmettre aux services comp\u00e9tents qui proposeront des solutions adapt\u00e9es. Ainsi, dans le cadre d&rsquo;une demande d&rsquo;ASH, le CCAS transmet le dossier au conseil d\u00e9partemental.<\/p>\n<p>Les CCAS participent \u00e0 l\u2019instruction des demandes d\u2019aides sociales et les transmettent aux organismes comp\u00e9tents. Par exemple, dans le cadre d\u2019une demande d\u2019ASH, le CCAS envoie le dossier au conseil d\u00e9partemental.<\/p>\n<p>Outre cet accompagnement social, vous pouvez \u00e9galement vous diriger vers des organismes tels que Action Logement pour obtenir des aides au logement.<\/p>\n<p><iframe loading=\"lazy\" title=\"Comment faire sa demande de logement social ?\" width=\"500\" height=\"281\" src=\"https:\/\/www.youtube.com\/embed\/3EXGYjdwxSY?feature=oembed\" frameborder=\"0\" allow=\"accelerometer; autoplay; clipboard-write; encrypted-media; gyroscope; picture-in-picture; web-share\" referrerpolicy=\"strict-origin-when-cross-origin\" allowfullscreen><\/iframe><\/p>\n<header id=\"headerPage\">\n<h2 data-test=\"titre-page\">L&rsquo;aide sociale \u00e0 l&rsquo;h\u00e9bergement (ASH)<a href=\"https:\/\/www.mes-allocs.fr\/guides\/wp-content\/uploads\/2020\/04\/Laide-sociale-a\u0300-lhe\u0301bergement-ASH.jpg\"><img loading=\"lazy\" decoding=\"async\" class=\"alignright wp-image-6136\" src=\"https:\/\/www.mes-allocs.fr\/guides\/wp-content\/uploads\/2020\/04\/Laide-sociale-a\u0300-lhe\u0301bergement-ASH-300x149.jpg\" alt=\"L'aide sociale a\u0300 l'he\u0301bergement (ASH)\" width=\"540\" height=\"268\" srcset=\"https:\/\/www.mes-allocs.fr\/guides\/wp-content\/uploads\/2020\/04\/Laide-sociale-a\u0300-lhe\u0301bergement-ASH-300x149.jpg 300w, https:\/\/www.mes-allocs.fr\/guides\/wp-content\/uploads\/2020\/04\/Laide-sociale-a\u0300-lhe\u0301bergement-ASH-768x382.jpg 768w, https:\/\/www.mes-allocs.fr\/guides\/wp-content\/uploads\/2020\/04\/Laide-sociale-a\u0300-lhe\u0301bergement-ASH-600x298.jpg 600w, https:\/\/www.mes-allocs.fr\/guides\/wp-content\/uploads\/2020\/04\/Laide-sociale-a\u0300-lhe\u0301bergement-ASH.jpg 855w\" sizes=\"auto, (max-width: 540px) 100vw, 540px\" \/><\/a><\/h2>\n<p class=\"date\" data-test=\"date-maj\">L&rsquo;aide sociale \u00e0 l&rsquo;h\u00e9bergement (ASH) correspond \u00e0 la prise en charge d&rsquo;une partie des frais (ou de leur totalit\u00e9) d&rsquo;h\u00e9bergement d&rsquo;une personne \u00e2g\u00e9e. Elle peut \u00eatre plac\u00e9e en \u00e9tablissement ou chez un accueillant familial. Elle est vers\u00e9e par le d\u00e9partement.<\/p>\n<\/header>\n<div class=\"content-fiche\">\n<div class=\"tab-content\">\n<div id=\"situation1\" class=\"tab-pane active\">\n<div class=\"fiche-bloc bloc-principal\" data-toggle-scope=\"\">\n<div class=\"fiche-item\">\n<div id=\"fiche-item-1situation1\" class=\"fiche-item-content collapse in\" aria-hidden=\"false\">\n<h3>Quels sont les types d&rsquo;\u00e9tablissement concern\u00e9s ?<\/h3>\n<\/div>\n<\/div>\n<div class=\"fiche-item\">\n<div id=\"fiche-item-2situation1\" class=\"fiche-item-content collapse in\" aria-hidden=\"false\">\n<ul>\n<li>Les\u00a0\u00e9tablissements d&rsquo;h\u00e9bergement pour personnes \u00e2g\u00e9es d\u00e9pendantes (\u00c9hpad),<\/li>\n<li>Les r\u00e9sidences autonomie (ex logement-foyer),<\/li>\n<li>Les unit\u00e9s de soins de longue dur\u00e9e (USLD),<\/li>\n<li>Le foyer d&rsquo;un\u00a0accueillant familial, disposant d&rsquo;un\u00a0agr\u00e9ment par les services du d\u00e9partement.<\/li>\n<\/ul>\n<p>L&rsquo;ASH est octroy\u00e9e si l&rsquo;\u00e9tablissement en charge de l&rsquo;h\u00e9bergement dispose de places destin\u00e9es aux pensionnaires b\u00e9n\u00e9ficiaires d&rsquo;aides sociales.<\/p>\n<h3>Quelles sont les conditions \u00e0 respecter ?<\/h3>\n<div class=\"fiche-bloc bloc-principal\" data-toggle-scope=\"\">\n<div class=\"fiche-item\">\n<div id=\"fiche-item-1situation1\" class=\"fiche-item-content collapse in\" aria-hidden=\"false\">\n<ul>\n<li>\u00catre \u00e2g\u00e9 de plus de 65 ans (ou plus de 60 ans, si vous \u00eates reconnu inapte au travail)<\/li>\n<li>R\u00e9sider en France de fa\u00e7on stable et r\u00e9guli\u00e8re : de mani\u00e8re ininterrompue depuis plus de 3 mois (si la personne \u00e2g\u00e9e est \u00e9trang\u00e8re, elle doit avoir un titre de s\u00e9jour en cours de validit\u00e9),<\/li>\n<li>Avoir des ressources inf\u00e9rieures au montant des frais d&rsquo;h\u00e9bergement.<\/li>\n<\/ul>\n<p>Si la personne \u00e2g\u00e9e b\u00e9n\u00e9ficiaire souffre d&rsquo;une perte d&rsquo;autonomie, vous pouvez avoir recours \u00e0 l&rsquo;aide personnalis\u00e9e \u00e0 l&rsquo;autonomie (APA) mais des conditions suppl\u00e9mentaires s&rsquo;appliquent :<\/p>\n<ul>\n<li>Avoir un taux d&rsquo;incapacit\u00e9 d&rsquo;au moins 80 % reconnu avant l&rsquo;\u00e2ge de 65 ans.<\/li>\n<li>Ou avoir \u00e9t\u00e9 prise en charge par une structure pour adultes handicap\u00e9s avant de r\u00e9sider en maison de retraite.<\/li>\n<\/ul>\n<p><strong>Attention :<\/strong> si la personne \u00e2g\u00e9e a \u00e9t\u00e9 h\u00e9berg\u00e9e en \u00e9tablissement pendant 5 ans sans toucher l&rsquo;ASH et souhaite d\u00e9sormais l&rsquo;obtenir, sachez que c&rsquo;est tout \u00e0 fait possible. Et ce, m\u00eame si l&rsquo;\u00e9tablissement d&rsquo;accueil ne dispose pas de place r\u00e9serv\u00e9e \u00e0 l&rsquo;ASH.<\/p>\n<\/div>\n<\/div>\n<\/div>\n<h3>O\u00f9 faire la demande d&rsquo;ASH ?<\/h3>\n<p>Le dossier de demande d&rsquo;ASH peut \u00eatre retir\u00e9 aupr\u00e8s de la mairie ou du centre\u00a0communal d&rsquo;action sociale (CCAS) de la commune o\u00f9 la personne \u00e2g\u00e9e demeure. Vous pouvez avoir acc\u00e8s aux coordonn\u00e9es des CCAS en mairie.<\/p>\n<\/div>\n<\/div>\n<div class=\"fiche-item\">\n<div id=\"fiche-item-3situation1\" class=\"fiche-item-content collapse in\" aria-hidden=\"false\">\n<div id=\"ou-s-adresser-bloc-5803663025738102906\" class=\"perso-geo\" data-ou-s-adresser=\"\">\n<div class=\"autocomplete select-a11y\">\n<form id=\"geoSearchForm58036630257381029061\" class=\"autocomplete-search\" action=\"https:\/\/www.service-public.fr\/geo\/rechercheJson\" method=\"post\" data-persogeo-idform=\"58036630257381029061\" data-application=\"geoSearchForm\">\n<p class=\"geo-perso-item-title\">Ensuite, la mairie (ou le CCAS) envoie votre dossier aux services du d\u00e9partement Ces derniers ont 2 mois pour r\u00e9pondre \u00e0 votre courrier.<\/p>\n<p>En cas d&rsquo;attribution, la d\u00e9cision est notifi\u00e9e \u00e0 la personne \u00e2g\u00e9e ou \u00e0 son repr\u00e9sentant l\u00e9gal.<\/p>\n<\/form>\n<\/div>\n<\/div>\n<\/div>\n<div class=\"fiche-item\">\n<div class=\"fiche-item\">\n<div id=\"fiche-item-5situation1\" class=\"fiche-item-content collapse in\" aria-hidden=\"false\">\n<div id=\"ou-s-adresser-bloc-776644290669270370\" class=\"perso-geo\" data-ou-s-adresser=\"\">\n<h3 id=\"Montant_et_versement_de_l\u2019aide_pour_maison_de_retraite\u00a0\">Quel est le montant de l&rsquo;ASH ?<\/h3>\n<p>L&rsquo;ASH ne correspond pas \u00e0 une somme pr\u00e9cise vers\u00e9e chaque mois. Il s&rsquo;agit d&rsquo;une prise en charge des frais d\u2019h\u00e9bergement non couverts par les revenus du b\u00e9n\u00e9ficiaire.<\/p>\n<p>L&rsquo;ASH fonctionne comme un versement compl\u00e9mentaire \u00e0 la partie des revenus du b\u00e9n\u00e9ficiaire qui servent \u00e0 payer l&rsquo;\u00e9tablissement (90% de ces revenus). Le montant de l&rsquo;ASH d\u00e9pend de plusieurs facturs, notamment le co\u00fbt des frais d&rsquo;h\u00e9bergement, le revenus du b\u00e9n\u00e9ficiaire et les ressources des oblig\u00e9s alimentaires.<\/p>\n<p>En 2026, l&rsquo;aide sociale \u00e0 l&rsquo;h\u00e9bergement (ASH) assure aux personnes \u00e2g\u00e9es de conserver au moins 10% de leurs revenus mensuels, avec un plancher de 125\u20ac garanti chaque mois.<\/p>\n<\/div>\n<\/div>\n<\/div>\n<\/div>\n<\/div>\n<\/div>\n<\/div>\n<\/div>\n<\/div>\n<div class=\"fiche-item\">\n<h2>L&rsquo;allocation personnalis\u00e9e d&rsquo;autonomie (APA)<\/h2>\n<h3>Peut-on solliciter l&rsquo;APA au sein d&rsquo;une structure du service public ?<\/h3>\n<p>Vous pouvez avoir acc\u00e8s \u00e0 l&rsquo;APA \u00e0 travers l&rsquo;h\u00f4pital. En effet, il dispose aussi de son propre service social. La t\u00e2che des assistants de service social y est d&rsquo;informer et d&rsquo;orienter les patients et leur famille.<\/p>\n<ul>\n<li>Ils permettent l&rsquo;acc\u00e8s aux soins et aux droits,<\/li>\n<li>Ils organisent les conditions de sortie du patient et de continuit\u00e9 des soins.<\/li>\n<\/ul>\n<p>Les assistants travaillent en collaboration avec divers organismes et structures localis\u00e9s hors de l&rsquo;h\u00f4pital, afin d&rsquo;assurer les relais n\u00e9cessaires suite \u00e0 une hospitalisation.<\/p>\n<p>Ils peuvent vous guider pour trouver un \u00e9tablissement d\u2019h\u00e9bergement temporaire, suite \u00e0 une hospitalisation. Et ce, plus particuli\u00e8rement, si vous \u00eates dans l&rsquo;impossibilit\u00e9 de repartir chez vous. Dans ce cas, l&rsquo;assistant social peut initier la demande d&rsquo;allocation personnalis\u00e9e d&rsquo;autonomie (APA).<\/p>\n<h3>Quelles sont les conditions d&rsquo;attribution de l&rsquo;APA ?<\/h3>\n<p>L&rsquo;allocation personnalis\u00e9e d&rsquo;autonomie (APA) est \u00e9galement d\u00e9livr\u00e9e par le d\u00e9partement. Elle sert \u00e0 payer (en totalit\u00e9 ou en partie) les frais vous permettant de rester \u00e0 domicile. \u00c0 cela s&rsquo;ajoute le paiement du tarif d\u00e9pendance de l&rsquo;\u00e9tablissement m\u00e9dico-social\u00a0 (Ehpad, par exemple), o\u00f9 vous \u00eates log\u00e9 (APA en \u00e9tablissement).<\/p>\n<p><strong>Afin d&rsquo;en b\u00e9n\u00e9ficier, vous devez \u00eatre \u00e2g\u00e9 d&rsquo;au moins 60 ans, \u00eatre de nationalit\u00e9 ou avoir un titre de s\u00e9jour valide. Vous devez \u00eatre aussi dans une situation de perte d&rsquo;autonomie : avoir besoin d&rsquo;aide pour effectuer des gestes de la vie quotidienne, votre sant\u00e9 n\u00e9cessite une surveillance constante etc.<\/strong><\/p>\n<p>Cette perte d&rsquo;autonomie est \u00e9valu\u00e9e \u00e0 travers la grille Aggir. Elle fixe plusieurs degr\u00e9s d&rsquo;autonomie, compris entre le Gir 1 et le Gir 6 (perte d&rsquo;autonomie allant de la plus forte \u00e0 la plus faible). Les b\u00e9n\u00e9ficiaires de l&rsquo;APA sont ceux dont l&rsquo;\u00e9tat se situe au Gir 1, Gir 2, Gir 3 ou Gir 4.<\/p>\n<\/div>\n<p>Par ailleurs, vous devez aussi r\u00e9sider en France de mani\u00e8re stable et r\u00e9guli\u00e8re :<\/p>\n<ul>\n<li>\u00e0 votre domicile<\/li>\n<li>au domicile d&rsquo;un proche qui vous h\u00e9berge<\/li>\n<li>chez un accueillant familial<\/li>\n<li>dans une r\u00e9sidence autonomie (auparavant appel\u00e9e <span class=\"expression\">foyer-logement<\/span>)<\/li>\n<\/ul>\n<div class=\"fiche-item\">\n<p>\u00c0 noter que la personne qui touche la prestation compl\u00e9mentaire pour recours \u00e0 tierce personne (PCRTP) peut faire sa demande d&rsquo;APA 2 mois avant son 60<sup>e<\/sup> anniversaire.<\/p>\n<p>En 2026, le montant maximal de l&rsquo;APA peut atteindre 2 080,33 \u20ac par mois pour le GIR 1.<\/p>\n<p><a href=\"https:\/\/www.mes-allocs.fr\/guides\/wp-content\/uploads\/2020\/04\/Le-fonds-de-solidarite\u0301-logement-CAF-scaled-e1588715938263.jpg\"><img loading=\"lazy\" decoding=\"async\" class=\"alignright wp-image-6137\" src=\"https:\/\/www.mes-allocs.fr\/guides\/wp-content\/uploads\/2020\/04\/Le-fonds-de-solidarite\u0301-logement-CAF-300x200.jpg\" alt=\"\" width=\"423\" height=\"282\" \/><\/a><\/p>\n<\/div>\n<h2 id=\"En_quoi_consistent_les_fonds_de_solidarit\u00e9_logement_CAF_?\">Le fonds de solidarit\u00e9 logement (CAF)<\/h2>\n<p>La caisse d&rsquo;allocations familiales (CAF) met \u00e0 disposition de ses allocataires des assistants de service social. Ils vous \u00e9paulent dans vos d\u00e9marches relatives \u00e0 la famille ou \u00e0 un acc\u00e8s au logement. Parmi elles, le <strong>fonds de solidarit\u00e9 logement, qui permet de r\u00e9duire les d\u00e9penses li\u00e9es au logement.<\/strong><\/p>\n<p>Il s&rsquo;adresse aux personnes en difficult\u00e9s financi\u00e8res qui n&rsquo;arrivent \u00e0 se stabiliser face aux d\u00e9penses du logement ou qui peinent \u00e0 y acc\u00e9der. L&rsquo;aide FSL est octroy\u00e9, sous conditions de ressources :<\/p>\n<ul>\n<li>pour les logements priv\u00e9s<\/li>\n<li>pour les logements publics, meubl\u00e9s ou non.<\/li>\n<\/ul>\n<p>Son montant varie d&rsquo;un d\u00e9partement \u00e0 l&rsquo;autre. Le FSL couvre des d\u00e9penses comme le paiement de la caution, les frais d&rsquo;agence etc.<\/p>\n<p><strong>Vous pouvez percevoir cette aide, m\u00eame si vous touchez d\u00e9j\u00e0 des allocations logement.<\/strong><\/p>\n<div>\n<div>\n<h2>La prestation de compensation du handicap (PCH)<\/h2>\n<p>La prestation est destin\u00e9e aux personnes handicap\u00e9es sans limite d&rsquo;\u00e2ge sup\u00e9rieure, \u00e0 condition que le handicap ait \u00e9t\u00e9 reconnu avant l&rsquo;\u00e2ge de 60 ans. La PCH est vers\u00e9e par le conseil d\u00e9partemental, principalement sous conditions de niveau de handicap et de r\u00e9sidence.<\/p>\n<p>Les conditions de ressources ne d\u00e9terminent pas l&rsquo;\u00e9ligibilit\u00e9, mais influencent le taux de prise en charge. En 2026, ce taux est de 100% pour les revenus annuels inf\u00e9rieurs ou \u00e9gaux \u00e0 30 915,30 euros, et de 80% pour les revenus sup\u00e9rieurs.<\/p>\n<p>La demande de PCH se fait aupr\u00e8s de la MDPH (Maison D\u00e9partementale pour les Personnes Handicap\u00e9es). Des assistants de service social y sont pr\u00e9sents pour vous informer sur vos droits et vous accompagner dans vos d\u00e9marches. Il est important de remplir soigneusement le dossier MDPH, en d\u00e9taillant vos besoins quotidiens et les difficult\u00e9s rencontr\u00e9es.<\/p>\n<\/div>\n<\/div>\n<h1>O\u00f9 peut-on trouver un assistant social ?<\/h1>\n<p>Outre la <a href=\"http:\/\/caf.fr\">CAF<\/a> et la MDPH (voir ci-dessus), d&rsquo;autres structures assurent la mise en place de travailleurs sociaux.<\/p>\n<h2>Les missions locales<\/h2>\n<p>Les missions locales accueillent des jeunes \u00e2g\u00e9s de 16 \u00e0 25 ans, afin de favoriser leur insertion professionnelle et sociale, notamment s&rsquo;ils sont demandeurs d&#8217;emploi.<\/p>\n<h2>Les CROUS<\/h2>\n<p>Les CROUS (Centre R\u00e9gional des \u0152uvres Universitaires et Scolaires) oeuvrent pour l&rsquo;am\u00e9lioration des conditions de vie et de travail des \u00e9tudiants. Les travailleurs sociaux qui y travaillent vous accueillent, vous conseillent et vous orientent en cas de difficult\u00e9. En cas d&rsquo;urgence, elles peuvent vous accompagner, pour solliciter des aides financi\u00e8res (fonds national d&rsquo;aide urgente) et vous proposer un domicile fixe.<\/p>\n<h2>Les caisses de retraite<\/h2>\n<\/div>\n<p>Les caisses de retraite mettent \u00e0 disposition des assistants de service social afin d&rsquo;aider les personnes \u00e2g\u00e9es. Cette aide inclut la pr\u00e9vention de risque de perte d\u2019autonomie (aides financi\u00e8res, aides mat\u00e9rielles, etc).<\/p>\n<h2><strong>Les \u00e9tablissements p\u00e9nitentiaires <\/strong><\/h2>\n<p>Dans ces lieux, les assistants de service social rel\u00e8vent du Minist\u00e8re de la Justice, outre les services ext\u00e9rieurs habituels (commune, r\u00e9gion, etc.). Ils s&rsquo;occupent des d\u00e9marches n\u00e9cessaires \u00e0 la r\u00e9insertion du d\u00e9tenu, aux c\u00f4t\u00e9s de sa famille.<\/p>\n<p>Pendant la p\u00e9riode de d\u00e9tention, ils sont en charge des questions administratives li\u00e9es aux proc\u00e9dures de lib\u00e9ration provisoire ou conditionnelle. Ils peuvent \u00e9galement intervenir dans le cadre de l\u2019obtention de cong\u00e9s p\u00e9nitentiaires, sorties sp\u00e9ciales ou pour la mise en place d\u2019une surveillance \u00e9lectronique.<\/p>\n<p>Au sein des prisons, ils peuvent aussi mener diverses d\u00e9marches d&rsquo;aides sociales, telles que les demandes d\u2019allocations familiales.<\/p>\n<h2><strong>Les \u00e9tablissements scolaires<\/strong><\/h2>\n<p>Coll\u00e8ges et lyc\u00e9es disposent d&rsquo;assistants de service social. Ils accompagnement les jeunes et leurs familles dans les \u00e9tablissements publics du second degr\u00e9. Ils sont \u00e9galement susceptibles de participer aux actions sociales communales et d\u00e9partementales.<\/p>\n<p>Afin de prendre rendez-vous avec un ASS, il faut se tourner vers le secr\u00e9tariat de l\u2019\u00e9tablissement scolaire concern\u00e9. Cela vous permettra de conna\u00eetre ses jours de pr\u00e9sence.<\/p>\n<div class='cta-block'><div class='text'>Simulez toutes vos aides en 2 min.<\/div><a href='https:\/\/www.mes-allocs.fr\/ab-app?origin=guides\/wp-json\/wp\/v2\/posts\/5584' class='app-button fit'>Simulation gratuite<\/a><\/div>\n<\/div>\n<\/div>\n<\/div>\n","protected":false},"excerpt":{"rendered":"<p>[Mis \u00e0 jour le 06\/01\/2026] Les assistants de service social vous guident notamment dans vos d\u00e9marches d&rsquo;aides au logement et pour obtenir des allocations familiales. Lisez cet article afin d&rsquo;en savoir plus. Quel est le r\u00f4le d&rsquo;un assistant social ? Lorsque vous sollicitez des aides sociales, il peut \u00eatre utile d&rsquo;\u00eatre accompagn\u00e9 d&rsquo;un assistant de [&hellip;]<\/p>\n","protected":false},"author":10,"featured_media":6140,"comment_status":"open","ping_status":"open","sticky":false,"template":"","format":"standard","meta":{"amp_status":"","footnotes":""},"categories":[1],"tags":[],"class_list":["post-5584","post","type-post","status-publish","format-standard","has-post-thumbnail","hentry","category-aide-logement"],"yoast_head":"<!-- This site is optimized with the Yoast SEO plugin v14.9 - https:\/\/yoast.com\/wordpress\/plugins\/seo\/ -->\n<title>Aide au logement : faites appel \u00e0 l&#039;assistance sociale | Mes-Allocs.fr<\/title>\n<meta name=\"description\" content=\"Les assistants de service social vous guident notamment dans vos d\u00e9marches d&#039;aides au logement et pour obtenir des allocations familiales.\" \/>\n<meta name=\"robots\" content=\"index, follow, max-snippet:-1, max-image-preview:large, max-video-preview:-1\" \/>\n<link rel=\"canonical\" href=\"https:\/\/www.mes-allocs.fr\/guides\/aide-logement\/assistance-sociale-aide-au-logement\/\" \/>\n<meta property=\"og:locale\" content=\"fr_FR\" \/>\n<meta property=\"og:type\" content=\"article\" \/>\n<meta property=\"og:title\" content=\"Aide au logement : faites appel \u00e0 l&#039;assistance sociale | Mes-Allocs.fr\" \/>\n<meta property=\"og:description\" content=\"Les assistants de service social vous guident notamment dans vos d\u00e9marches d&#039;aides au logement et pour obtenir des allocations familiales.\" \/>\n<meta property=\"og:url\" content=\"https:\/\/www.mes-allocs.fr\/guides\/aide-logement\/assistance-sociale-aide-au-logement\/\" \/>\n<meta property=\"og:site_name\" content=\"Mes-Allocs.fr\" \/>\n<meta property=\"article:published_time\" content=\"2020-04-27T16:15:47+00:00\" \/>\n<meta property=\"article:modified_time\" content=\"2026-01-06T14:33:15+00:00\" \/>\n<meta property=\"og:image\" content=\"https:\/\/www.mes-allocs.fr\/guides\/wp-content\/uploads\/2020\/04\/Aide-au-logement-faire-appel-a\u0300-un-assistant-social-1-scaled-e1588716162125.jpg?wsr\" \/>\n\t<meta property=\"og:image:width\" content=\"1200\" \/>\n\t<meta property=\"og:image:height\" content=\"801\" \/>\n<meta name=\"twitter:card\" content=\"summary_large_image\" \/>\n<script type=\"application\/ld+json\" class=\"yoast-schema-graph\">{\"@context\":\"https:\/\/schema.org\",\"@graph\":[{\"@type\":\"WebSite\",\"@id\":\"https:\/\/www.mes-allocs.fr\/guides\/#website\",\"url\":\"https:\/\/www.mes-allocs.fr\/guides\/\",\"name\":\"Mes-Allocs.fr\",\"description\":\"\",\"potentialAction\":[{\"@type\":\"SearchAction\",\"target\":\"https:\/\/www.mes-allocs.fr\/guides\/?s={search_term_string}\",\"query-input\":\"required name=search_term_string\"}],\"inLanguage\":\"fr-FR\"},{\"@type\":\"ImageObject\",\"@id\":\"https:\/\/www.mes-allocs.fr\/guides\/aide-logement\/assistance-sociale-aide-au-logement\/#primaryimage\",\"inLanguage\":\"fr-FR\",\"url\":\"https:\/\/www.mes-allocs.fr\/guides\/wp-content\/uploads\/2020\/04\/Aide-au-logement-faire-appel-a\\u0300-un-assistant-social-1-scaled-e1588716162125.jpg?wsr\",\"width\":1200,\"height\":801,\"caption\":\"Aide au logement faire appel a\\u0300 un assistant social 1 scaled e1588716162125\"},{\"@type\":\"WebPage\",\"@id\":\"https:\/\/www.mes-allocs.fr\/guides\/aide-logement\/assistance-sociale-aide-au-logement\/#webpage\",\"url\":\"https:\/\/www.mes-allocs.fr\/guides\/aide-logement\/assistance-sociale-aide-au-logement\/\",\"name\":\"Aide au logement : faites appel \\u00e0 l'assistance sociale | Mes-Allocs.fr\",\"isPartOf\":{\"@id\":\"https:\/\/www.mes-allocs.fr\/guides\/#website\"},\"primaryImageOfPage\":{\"@id\":\"https:\/\/www.mes-allocs.fr\/guides\/aide-logement\/assistance-sociale-aide-au-logement\/#primaryimage\"},\"datePublished\":\"2020-04-27T16:15:47+00:00\",\"dateModified\":\"2026-01-06T14:33:15+00:00\",\"author\":{\"@id\":\"https:\/\/www.mes-allocs.fr\/guides\/#\/schema\/person\/8d47b912c0ad15f379df96b4e4e33f58\"},\"description\":\"Les assistants de service social vous guident notamment dans vos d\\u00e9marches d'aides au logement et pour obtenir des allocations familiales.\",\"inLanguage\":\"fr-FR\"},{\"@type\":\"Person\",\"@id\":\"https:\/\/www.mes-allocs.fr\/guides\/#\/schema\/person\/8d47b912c0ad15f379df96b4e4e33f58\",\"name\":\"Constance de Cagny\",\"image\":{\"@type\":\"ImageObject\",\"@id\":\"https:\/\/www.mes-allocs.fr\/guides\/#personlogo\",\"inLanguage\":\"fr-FR\",\"url\":\"https:\/\/www.mes-allocs.fr\/guides\/wp-content\/uploads\/2021\/06\/Constance.2e8ee0b.png\",\"caption\":\"Constance de Cagny\"},\"description\":\"Constance est r\\u00e9dactrice au sein de l'\\u00e9quipe Mes Allocs. Elle a l'habitude d'\\u00e9crire sur les sujets conso, bons plans et \\u00e9conomies. Dipl\\u00f4m\\u00e9e de l'ENACO, elle rejoint Mes Allocs apr\\u00e8s une premi\\u00e8re exp\\u00e9rience en cabinet notarial.\",\"sameAs\":[\"https:\/\/www.linkedin.com\/in\/constance-de-cagny-mayeur-bbb414135\"]}]}<\/script>\n<!-- \/ Yoast SEO plugin. -->","amp_validity":null,"acf":{"faq":{"1":{"question":"Comment fonctionne l'aide sociale \u00e0 l'enfance ?","answer":"L'aide sociale \u00e0 l'enfance  s'organise en trois volets :\r\n\r\n- Un programme de sensibilisation destin\u00e9 \u00e0 informer les personnes concern\u00e9es par des mineurs en danger ou qui risquent de l'\u00eatre. Il s'agit de missions pr\u00e9ventives \u00e0 l'encontre des mineurs et de leurs familles ;\r\n- Un signalement \u00e0 l'autorit\u00e9 judiciaire ;\r\n- La mise en place d'une action sociale (protection de l'enfance, soutien mat\u00e9riel, \u00e9ducatif et psychologique etc) visant \u00e0 pourvoir aux besoins des mineurs concern\u00e9es, qu'il s'agisse d'enfants plac\u00e9s ou de jeune majeurs.\r\n\r\nIl existe deux types d'action :\r\n\r\n- l\u2019aide \u00e0 domicile met en place des interventions \u00e0 domicile ainsi que des aides financi\u00e8res.\r\n- la prise en charge mat\u00e9rielle correspond \u00e0 des mesures de placement en dehors du milieu familial. C'est en cela que les aides sociales \u00e0 l'enfance d\u00e9pendent des pouvoirs administratifs et judiciaires."},"2":{"question":"Qui g\u00e8re l'aide sociale \u00e0 l'enfance ?","answer":" L\u2019Aide Sociale \u00e0 l\u2019Enfance (ASE) est un dispositif du d\u00e9partement, r\u00e9gi par l'article L. 221-1 al.1 Code de l\u2019Action Sociale et des Famille). Il rel\u00e8ve de l\u2019autorit\u00e9 du pr\u00e9sident du conseil g\u00e9n\u00e9ral."},"3":{"question":"Qu'est-ce que l'accueil provisoire ?","answer":"L'accueil provisoire d'un mineur est mis en place suite \u00e0 la demande des d\u00e9tenteurs de l'autorit\u00e9 parentale. \r\n\r\nIl s'agit d'une mesure administrative visant \u00e0 prendre en charge des mineurs au titre de l'ASE (Aide Sociale \u00e0 l'Enfance). "},"4":{"question":"Quel est le r\u00f4le de la protection de l'enfance ?","answer":"Le r\u00f4le de la protection de l'enfance est de garantir la prise en compte des besoins fondamentaux de l'enfant :\r\n \r\n- soutenir son d\u00e9veloppement physique, affectif, intellectuel et social\r\n- pr\u00e9server sa sant\u00e9, sa s\u00e9curit\u00e9, sa moralit\u00e9 et son \u00e9ducation."},"5":{"question":"C'est quoi un foyer de l'enfance ?","answer":"Les foyers de l\u2019enfance accueillent les mineurs en difficult\u00e9 ou en danger, qui ont \u00e9t\u00e9 confi\u00e9s par leur famille ou par mesure judiciaire, au service de l'Aide Sociale \u00e0 l'Enfance.\r\n\r\nLe placement en foyer de l'enfance sert \u00e0 assurer, la s\u00e9curit\u00e9, la sant\u00e9, l'\u00e9ducation et le d\u00e9veloppement social et culturel."},"6":{"question":"","answer":""},"7":{"question":"","answer":""},"8":{"question":"","answer":""},"9":{"question":"","answer":""},"10":{"question":"","answer":""},"11":{"question":"","answer":""},"12":{"question":"","answer":""},"13":{"question":"","answer":""},"14":{"question":"","answer":""},"15":{"question":"","answer":""},"16":{"question":"","answer":""}}},"_links":{"self":[{"href":"https:\/\/www.mes-allocs.fr\/guides\/wp-json\/wp\/v2\/posts\/5584","targetHints":{"allow":["GET"]}}],"collection":[{"href":"https:\/\/www.mes-allocs.fr\/guides\/wp-json\/wp\/v2\/posts"}],"about":[{"href":"https:\/\/www.mes-allocs.fr\/guides\/wp-json\/wp\/v2\/types\/post"}],"author":[{"embeddable":true,"href":"https:\/\/www.mes-allocs.fr\/guides\/wp-json\/wp\/v2\/users\/10"}],"replies":[{"embeddable":true,"href":"https:\/\/www.mes-allocs.fr\/guides\/wp-json\/wp\/v2\/comments?post=5584"}],"version-history":[{"count":55,"href":"https:\/\/www.mes-allocs.fr\/guides\/wp-json\/wp\/v2\/posts\/5584\/revisions"}],"predecessor-version":[{"id":106972,"href":"https:\/\/www.mes-allocs.fr\/guides\/wp-json\/wp\/v2\/posts\/5584\/revisions\/106972"}],"wp:featuredmedia":[{"embeddable":true,"href":"https:\/\/www.mes-allocs.fr\/guides\/wp-json\/wp\/v2\/media\/6140"}],"wp:attachment":[{"href":"https:\/\/www.mes-allocs.fr\/guides\/wp-json\/wp\/v2\/media?parent=5584"}],"wp:term":[{"taxonomy":"category","embeddable":true,"href":"https:\/\/www.mes-allocs.fr\/guides\/wp-json\/wp\/v2\/categories?post=5584"},{"taxonomy":"post_tag","embeddable":true,"href":"https:\/\/www.mes-allocs.fr\/guides\/wp-json\/wp\/v2\/tags?post=5584"}],"curies":[{"name":"wp","href":"https:\/\/api.w.org\/{rel}","templated":true}]}}