{"id":5583,"date":"2020-04-27T16:17:57","date_gmt":"2020-04-27T16:17:57","guid":{"rendered":"https:\/\/www.mes-allocs.fr\/guides\/?p=5583"},"modified":"2025-11-10T18:22:47","modified_gmt":"2025-11-10T17:22:47","slug":"aide-ehpad","status":"publish","type":"post","link":"https:\/\/www.mes-allocs.fr\/guides\/aide-par-situation\/aide-personne-agee\/aide-ehpad\/","title":{"rendered":"Le guide de l&rsquo;aide sociale en EHPAD"},"content":{"rendered":"<p style=\"text-align: justify;\"><a href=\"https:\/\/www.mes-allocs.fr\/guides\/wp-content\/uploads\/2020\/04\/Le-guide-de-laide-social-en-Ephad-scaled-e1588706160763.jpg\"><img loading=\"lazy\" decoding=\"async\" class=\"aligncenter wp-image-6097 size-full\" src=\"https:\/\/www.mes-allocs.fr\/guides\/wp-content\/uploads\/2020\/04\/Le-guide-de-laide-social-en-Ephad-scaled-e1588706185119.jpg\" alt=\"le guide de l'aide social ehpad\" width=\"1200\" height=\"372\" srcset=\"https:\/\/www.mes-allocs.fr\/guides\/wp-content\/uploads\/2020\/04\/Le-guide-de-laide-social-en-Ephad-scaled-e1588706185119.jpg 1200w, https:\/\/www.mes-allocs.fr\/guides\/wp-content\/uploads\/2020\/04\/Le-guide-de-laide-social-en-Ephad-scaled-e1588706185119-300x93.jpg 300w, https:\/\/www.mes-allocs.fr\/guides\/wp-content\/uploads\/2020\/04\/Le-guide-de-laide-social-en-Ephad-scaled-e1588706185119-1024x317.jpg 1024w, https:\/\/www.mes-allocs.fr\/guides\/wp-content\/uploads\/2020\/04\/Le-guide-de-laide-social-en-Ephad-scaled-e1588706185119-768x238.jpg 768w, https:\/\/www.mes-allocs.fr\/guides\/wp-content\/uploads\/2020\/04\/Le-guide-de-laide-social-en-Ephad-scaled-e1588706185119-600x186.jpg 600w\" sizes=\"auto, (max-width: 1200px) 100vw, 1200px\" \/><\/a><strong>De nombreuses aides existent en France et sont attribu\u00e9es en fonction de votre <a href=\"https:\/\/www.mes-allocs.fr\/guides\/aides-par-situation\/\">situation<\/a>. <\/strong><strong>Les aides sociales EHPAD (\u00e9tablissements d\u2019h\u00e9bergement pour personnes \u00e2g\u00e9es d\u00e9pendantes) offrent de nombreuses aides sociales aux personnes \u00e2g\u00e9es souhaitant y r\u00e9sider. Mes Allocs vous en dit plus.<\/strong><\/p>\n<div class='cta-block'><div class='text'>Simulez toutes vos aides en 2 min.<\/div><a href='https:\/\/www.mes-allocs.fr\/ab-app?origin=guides\/wp-json\/wp\/v2\/posts\/5583' class='app-button fit'>Simulation gratuite<\/a><\/div>\n<header id=\"headerPage\">\n<div class=\"content_gray\">\n<h1>Les EHPAD (\u00e9tablissements d\u2019h\u00e9bergement pour personnes \u00e2g\u00e9es d\u00e9pendantes)<\/h1>\n<p style=\"text-align: justify;\">Un EHPAD (\u00e9tablissements d\u2019h\u00e9bergement pour personnes \u00e2g\u00e9es d\u00e9pendantes) est une maison de retraite m\u00e9dicalis\u00e9e. Il s&rsquo;agit d&rsquo;un \u00e9tablissement mettant \u00e0 disposition des pensionnaires un accueil en chambre.<\/p>\n<div>\n<h2 id=\"anchor1\">Qui peut \u00eatre h\u00e9berg\u00e9 en EHPAD ?<\/h2>\n<p style=\"text-align: justify;\">Les personnes \u00e2g\u00e9es de plus de 60 ans, ayant besoin d&rsquo;aide et de soins quotidiennement peuvent \u00eatre h\u00e9berg\u00e9es en EHPAD. Elles peuvent \u00eatre partiellement ou totalement d\u00e9pendantes de l&rsquo;aide de quelqu&rsquo;un pour accomplir les gestes de la vie quotidienne. Et ce, pour des raisons physiques ou morales.<\/p>\n<p style=\"text-align: justify;\">Les EHPAD peuvent accueillir \u00e9galement des personnages \u00e2g\u00e9es atteintes de maladie d&rsquo; d\u2019Alzheimer et de maladies apparent\u00e9es.<\/p>\n<h2 id=\"anchor2\" style=\"text-align: justify;\">Comment fonctionnent les EHPAD ?<\/h2>\n<p>Les EHPAD accueillent environ entre 50 et 120 r\u00e9sidents. Les EHPAD de petite taille, accueillent eux moins de 25 personnes.<\/p>\n<p>Dans ces \u00e9tablissements, les pensionnaires sont totalement pris en charge. Les proches n&rsquo;ont pas besoin d&rsquo;intervenir dans la vie quotidienne.<\/p>\n<h2 id=\"anchor3\">De quelles prestations b\u00e9n\u00e9ficient les r\u00e9sidents en EHPAD ?<\/h2>\n<p>Les prestations offertes par les EHPAD sont fix\u00e9es par la loi :<\/p>\n<ul>\n<li><strong>Prestations d&rsquo;administration,<\/strong><\/li>\n<li><strong>Prestations d&rsquo;accueil h\u00f4telier <\/strong>(Entretien et nettoyage des chambres, acc\u00e8s \u00e0 Internet, maintenance des b\u00e2timents etc),<\/li>\n<li><strong>Mais aussi prestations de restauration,<\/strong><\/li>\n<li><strong>Prestations de blanchissage,<\/strong><\/li>\n<li><strong>Et prestations d&rsquo;animation de la vie sociale <\/strong>(organisations d&rsquo;activit\u00e9s collectives au sein de l&rsquo;\u00e9tablissement).<\/li>\n<\/ul>\n<h2 id=\"anchor5\">Quel est le montant d&rsquo;un h\u00e9bergement en EHPAD ?<\/h2>\n<p>Le co\u00fbt total de l&rsquo;h\u00e9bergement en EHPAD inclut :<\/p>\n<ul>\n<li><strong>un prix h\u00e9bergement,<\/strong><\/li>\n<li><strong>un tarif d\u00e9pendance<\/strong>.<\/li>\n<\/ul>\n<p>Pour le tarif d\u00e9pendance, l&rsquo;\u00e9chelon GIR 5-6<strong>* (voir APA)<\/strong> est le plus souvent appliqu\u00e9. Et ce, peu importe le niveau GIR \u00ab\u00a0r\u00e9el\u00a0\u00bb du b\u00e9n\u00e9ficiaire. Il s&rsquo;applique ainsi aux r\u00e9sidents disposant d&rsquo;un revenu mensuel inf\u00e9rieur \u00e0 2 486,89 \u20ac.<\/p>\n<p>Pour ceux disposant d&rsquo;un revenu sup\u00e9rieur \u00e0 ce seuil, le tarif appliqu\u00e9 d\u00e9pend alors du niveau de d\u00e9pendance de la personne.<\/p>\n<p><strong>Quant aux soins prodigu\u00e9s et une partie du mat\u00e9riel m\u00e9dical, ils sont pris en charge par l\u2019Assurance maladie. Ainsi, pour ces services, les r\u00e9sidents n&rsquo;ont rien \u00e0 d\u00e9bourser.<\/strong><\/p>\n<h2 id=\"anchor6\">Quelles aides sociales sont accessibles en EHPAD ?<\/h2>\n<p>Trois aides sociales peuvent aider le b\u00e9n\u00e9ficiaire \u00e0 s&rsquo;acquitter des frais de tarif d\u00e9pendance et des frais li\u00e9s \u00e0 l&rsquo;h\u00e9bergement.<\/p>\n<ul>\n<li>l\u2019ASH (aide sociale \u00e0 l\u2019h\u00e9bergement)<\/li>\n<li>l\u2019APA (allocation personnalis\u00e9e d&rsquo;autonomie)<\/li>\n<li>les aides au logement (l&rsquo;aide personnalis\u00e9e au logement, APL et l&rsquo;allocation de logement sociale, ALS), qui s\u2019appliquent sur la partie de la facture relative au tarif h\u00e9bergement.<\/li>\n<\/ul>\n<p><strong>Il est tout \u00e0 fait possible de cumuler ces aides. <\/strong>Elles sont estim\u00e9es en fonction :<\/p>\n<ul>\n<li><strong>des ressources et niveau de perte d\u2019autonomie pour l\u2019APA,<\/strong><\/li>\n<li><strong>des ressources pour l\u2019aide au logement et l\u2019ASH.<\/strong><\/li>\n<\/ul>\n<h2 id=\"anchor7\">Quelles sont les d\u00e9marches \u00e0 effectuer ?<\/h2>\n<p>L&rsquo;ensemble des \u00e9tablissements ont d\u00e9sormais recours au <strong><a href=\"http:\/\/vosdroits.service-public.fr\/particuliers\/R17461.xhtml\" target=\"_blank\" rel=\"noopener noreferrer\">dossier national unique d\u2019admission en EHPAD<\/a>.\u00a0<\/strong>Il concerne aussi bien les EHPAD qui accueille un grand nombre de r\u00e9sidents, que les petites unit\u00e9s. Il peut aussi \u00eatre utilis\u00e9 pour l&rsquo;h\u00e9bergement temporaire.<\/p>\n<div class='cta-block'><div class='text'>Simulez toutes vos aides en 2 min.<\/div><a href='https:\/\/www.mes-allocs.fr\/ab-app?origin=guides\/wp-json\/wp\/v2\/posts\/5583' class='app-button fit'>Simulation gratuite<\/a><\/div>\n<\/div>\n<\/div>\n<h1 data-test=\"titre-page\">L&rsquo;aide sociale \u00e0 l&rsquo;h\u00e9bergement (ASH)<\/h1>\n<p class=\"date\" data-test=\"date-maj\">L&rsquo;aide sociale \u00e0 l&rsquo;h\u00e9bergement (ASH) correspond \u00e0 la prise en charge d&rsquo;une partie des frais (ou de leur totalit\u00e9) d&rsquo;h\u00e9bergement d&rsquo;une personne \u00e2g\u00e9e. Elle peut \u00eatre plac\u00e9e en \u00e9tablissement ou chez un accueillant familial. Elle est vers\u00e9e par le d\u00e9partement.<\/p>\n<\/header>\n<div class=\"content-fiche\">\n<div class=\"tab-content\">\n<div id=\"situation1\" class=\"tab-pane active\">\n<div class=\"fiche-bloc bloc-principal\" data-toggle-scope=\"\">\n<div class=\"fiche-item\">\n<div id=\"fiche-item-2situation1\" class=\"fiche-item-content collapse in\" aria-hidden=\"false\">\n<p>L&rsquo;ASH est octroy\u00e9e si l&rsquo;Ehpad destin\u00e9 \u00e0 h\u00e9berger la personne \u00e2g\u00e9e dispose de places pour b\u00e9n\u00e9ficiaires d&rsquo;aides sociales.<\/p>\n<h2>Quelles sont les conditions \u00e0 respecter ?<\/h2>\n<div class=\"fiche-bloc bloc-principal\" data-toggle-scope=\"\">\n<div class=\"fiche-item\">\n<div id=\"fiche-item-1situation1\" class=\"fiche-item-content collapse in\" aria-hidden=\"false\">\n<ul>\n<li>\u00catre \u00e2g\u00e9 de plus de 65 ans (ou plus de 60 ans, si vous \u00eates reconnu inapte au travail)<\/li>\n<li>R\u00e9sider en France de fa\u00e7on stable et r\u00e9guli\u00e8re : de mani\u00e8re ininterrompue depuis plus de 3 mois (si la personne \u00e2g\u00e9e est \u00e9trang\u00e8re, elle doit avoir un titre de s\u00e9jour en cours de validit\u00e9),<\/li>\n<li>Avoir des ressources inf\u00e9rieures au montant des frais d&rsquo;h\u00e9bergement.<\/li>\n<\/ul>\n<p>En effet, si le demandeur dispose de faibles ressources (montant de la retraite trop faible pour payer la facture de la maison de retraite), il est aussi \u00e9ligible \u00e0 l&rsquo;ASH.<\/p>\n<p><strong>Attention :<\/strong> si la personne \u00e2g\u00e9e a \u00e9t\u00e9 h\u00e9berg\u00e9e en \u00e9tablissement pendant 5 ans sans toucher l&rsquo;ASH et souhaite d\u00e9sormais l&rsquo;obtenir, sachez que c&rsquo;est tout \u00e0 fait possible. Et ce, m\u00eame si l&rsquo;\u00e9tablissement d&rsquo;accueil ne dispose pas de place r\u00e9serv\u00e9e \u00e0 l&rsquo;ASH.<\/p>\n<\/div>\n<\/div>\n<\/div>\n<h2>O\u00f9 faire la demande d&rsquo;ASH ?<\/h2>\n<p style=\"text-align: justify;\">Le dossier de demande d&rsquo; ASH peut \u00eatre retir\u00e9 aupr\u00e8s du CCAS (centre communal d&rsquo;action sociale) ou de la mairie de la commune o\u00f9 la personne \u00e2g\u00e9e demeure. Vous pouvez avoir acc\u00e8s aux coordonn\u00e9es des CCAS en mairie.<\/p>\n<\/div>\n<\/div>\n<div class=\"fiche-item\">\n<div id=\"fiche-item-3situation1\" class=\"fiche-item-content collapse in\" aria-hidden=\"false\">\n<div id=\"ou-s-adresser-bloc-5803663025738102906\" class=\"perso-geo\" data-ou-s-adresser=\"\">\n<div class=\"autocomplete select-a11y\">\n<form id=\"geoSearchForm58036630257381029061\" class=\"autocomplete-search\" action=\"https:\/\/www.service-public.fr\/geo\/rechercheJson\" method=\"post\" data-persogeo-idform=\"58036630257381029061\" data-application=\"geoSearchForm\">\n<p class=\"geo-perso-item-title\" style=\"text-align: justify;\">Ensuite, la mairie (ou le CCAS) envoie votre dossier aux services du d\u00e9partement Ces derniers ont 2 mois pour r\u00e9pondre \u00e0 votre courrier.<\/p>\n<p style=\"text-align: justify;\">En cas d&rsquo;attribution, la d\u00e9cision est notifi\u00e9e \u00e0 la personne \u00e2g\u00e9e ou \u00e0 son repr\u00e9sentant l\u00e9gal.<\/p>\n<\/form>\n<\/div>\n<h2>Comment fonctionne le versement de l&rsquo;ASH ?<\/h2>\n<\/div>\n<\/div>\n<div class=\"fiche-item\">\n<div class=\"fiche-item\">\n<div id=\"fiche-item-5situation1\" class=\"fiche-item-content collapse in\" aria-hidden=\"false\">\n<p>L&rsquo;ASH est vers\u00e9e par le d\u00e9partement, mais chaque d\u00e9partement fixe les r\u00e8gles de cette aide sociale.<\/p>\n<p>Les services du d\u00e9partement d\u00e9terminent le montant de l&rsquo;ASH en fonction des ressources\u00a0:<\/p>\n<ul>\n<li>de la personne \u00e2g\u00e9e concern\u00e9e, y compris les biens immobiliers, \u00e0 l&rsquo;exception de la retraite du combattant et des pensions attach\u00e9es aux distinctions honorifiques (L\u00e9gion d&rsquo;honneur),<\/li>\n<li>de la personne avec laquelle elle vit en couple,<\/li>\n<li>et de ses charges alimentaires (enfants, petits-enfants, gendres ou belles-filles).<\/li>\n<\/ul>\n<p>La personne \u00e2g\u00e9e touchant l&rsquo;ASH doit verser 90 % de ses revenus (allocation logement inclue) \u00e0 l&rsquo;\u00e9tablissement qui l&rsquo;accueille. Elle b\u00e9n\u00e9ficie des 10% restants. \u00c0 noter que cette somme doit \u00eatre au minimum de 124\u20ac par mois.<\/p>\n<p>Dans le cas o\u00f9 la personne \u00e2g\u00e9e b\u00e9n\u00e9ficiaire de la personne \u00e2g\u00e9e est en couple avec une personne, qui elle, est rest\u00e9e au domicile, un montant minimal lui sera allou\u00e9 pour vivre. Ce montant s&rsquo;\u00e9l\u00e8ve \u00e0 \u00a01 034,28<span class=\"prix\">\u00a0\u20ac<\/span> minimum par mois.<\/p>\n<div id=\"ou-s-adresser-bloc-776644290669270370\" class=\"perso-geo\" data-ou-s-adresser=\"\">\n<h2 id=\"Montant_et_versement_de_l\u2019aide_pour_maison_de_retraite\u00a0\">Quel est le montant de l&rsquo;ASH ?<\/h2>\n<p style=\"text-align: justify;\">L&rsquo;ASH ne correspond pas \u00e0 une somme pr\u00e9cise vers\u00e9e chaque mois. Il s&rsquo;agit d&rsquo;une prise en charge des frais d\u2019h\u00e9bergement non couverts par les revenus du b\u00e9n\u00e9ficiaire.<\/p>\n<p style=\"text-align: justify;\">L&rsquo;ASH fonctionne comme un versement compl\u00e9mentaire \u00e0 la partie des revenus du b\u00e9n\u00e9ficiaire qui servent \u00e0 payer l&rsquo;\u00e9tablissement (90% de ces revenus). Ce sont ces deux \u00e9l\u00e9ments qui forment le prix total de l&rsquo;h\u00e9bergement.<\/p>\n<p style=\"text-align: justify;\"><strong>90% des revenus du b\u00e9n\u00e9ficiaire + 10% d&rsquo;aide sociale \u00e0 l&rsquo;h\u00e9bergement = prix total de l&rsquo;h\u00e9bergement<br \/>\n<\/strong><\/p>\n<div id=\"fiche-item-5situation1\" class=\"fiche-item-content collapse in\" aria-hidden=\"false\">\n<div id=\"ou-s-adresser-bloc-776644290669270370\" class=\"perso-geo\" data-ou-s-adresser=\"\">\n<h2 id=\"Remboursement_de_l\u2019aide_sociale_maison_de_retraite\">L&rsquo;aide sociale \u00e0 l&rsquo;h\u00e9bergement peut-elle \u00eatre rembours\u00e9e ?<\/h2>\n<p>Le d\u00e9partement est en mesure de r\u00e9cup\u00e9rer les sommes vers\u00e9es du vivant et au d\u00e9c\u00e8s de la personne \u00e2g\u00e9e. Et ce, dans les cas suivants :<\/p>\n<\/div>\n<\/div>\n<div class=\"fiche-item\">\n<div id=\"fiche-item-6situation1\" class=\"fiche-item-content collapse in\" aria-hidden=\"false\">\n<ul>\n<li>sur la succession de la personne \u00e2g\u00e9e (sur le patrimoine transmis par la personne \u00e2g\u00e9e \u00e0 ses h\u00e9ritiers),<\/li>\n<li>si la situation financi\u00e8re de la personne \u00e2g\u00e9e s&rsquo;am\u00e9liore (en cas d&rsquo;h\u00e9ritage, par exemple),<\/li>\n<li>sur donation, faite par la personne \u00e2g\u00e9e, dans les 10 ans pr\u00e9c\u00e9dant la demande d&rsquo;ASH ou apr\u00e8s celle-ci.<\/li>\n<\/ul>\n<div class=\"intro\">\n<p>Pour \u00e9viter un maintien \u00e0 domicile contraint par des raisons financi\u00e8res, l\u2019ASH (aide sociale \u00e0 l\u2019h\u00e9bergement) peut \u00eatre demand\u00e9e aupr\u00e8s du conseil d\u00e9partemental par les personnes \u00e2g\u00e9es h\u00e9berg\u00e9es en \u00e9tablissement.<\/p>\n<\/div>\n<div>\n<p>Le conseil d\u00e9partemental paie la diff\u00e9rence entre le montant de la facture et la contribution de la personne, voire de ses oblig\u00e9s alimentaires.<\/p>\n<\/div>\n<\/div>\n<\/div>\n<\/div>\n<div id=\"ou-s-adresser-bloc-776644290669270370\" class=\"perso-geo\" data-ou-s-adresser=\"\">\n<h2 id=\"Montant_de_l\u2019aide_pour_un_h\u00e9bergement_chez_un_accueillant_familial\">Quel est le montant de l&rsquo;ASH pour un h\u00e9bergement chez un accueillant familial ?<\/h2>\n<p style=\"text-align: justify;\">Si la personne \u00e2g\u00e9e est log\u00e9e chez un accueillant familial, c&rsquo;est le service d\u00e9partement qui fixe la petite des ressources dont elle doit b\u00e9n\u00e9ficier. Ces ressources incluent les charges suivantes :<\/p>\n<ul style=\"text-align: justify;\">\n<li>Au minimum 124\u20ac pour subvenir \u00e0 ses besoins personnels (soit 10% du montant de l\u2019ASPA, l\u2019allocation de solidarit\u00e9 aux personnes \u00e2g\u00e9es)<\/li>\n<li>Les cotisations dues \u00e0 l\u2019Urssaf, afin d&rsquo;assurer la r\u00e9mun\u00e9ration de l&rsquo;accueillant familial<\/li>\n<li>Les cotisations de l\u2019assurance responsabilit\u00e9 civile, qui doit obligatoirement \u00eatre souscrite<\/li>\n<li>Mais aussi les frais de cotisation \u00e0 une mutuelle<\/li>\n<li>Les frais\u00a0vestimentaires<\/li>\n<\/ul>\n<p style=\"text-align: justify;\">Le montant de l\u2019ASH octroy\u00e9 s&rsquo;applique au prix de l\u2019accueillant familial, \u00e0 savoir les ressources du b\u00e9n\u00e9ficiaire qui doivent lui \u00eatre laiss\u00e9es. Apr\u00e8s avoir effectu\u00e9 ce calcul, le service d\u00e9partemental verse au demandeur l\u2019ASH.<\/p>\n<\/div>\n<\/div>\n<div class=\"fiche-item\">\n<div id=\"fiche-item-6situation1\" class=\"fiche-item-content collapse in\" aria-hidden=\"false\">\n<h2>L&rsquo;ASH pour les personnes handicap\u00e9es<\/h2>\n<p>Les personnes handicap\u00e9es h\u00e9berg\u00e9es en maison de retraite sont \u00e9ligibles au r\u00e9gime ASH qui leur est sp\u00e9cifiquement adapt\u00e9.<\/p>\n<p>Cette aide sociale donne droit aux \u00e9tablissements similaires \u00e0 l&rsquo;ASH \u00ab\u00a0classique\u00a0\u00bb. Ces \u00e9tablissements doivent aussi \u00eatre \u00e9quip\u00e9s en place pour personnes handicap\u00e9es.<\/p>\n<p>Elle aide est attribu\u00e9e sous conditions :<\/p>\n<ul>\n<li>Le demandeur doit avoir <strong>\u00e9t\u00e9 accueilli dans un \u00e9tablissement\u00a0ou accompagn\u00e9 par un dispositif pour personnes handicap\u00e9es adultes*, avant de pouvoir pr\u00e9tendre \u00e0 un \u00e9tablissement pour personnes \u00e2g\u00e9es ;<\/strong><\/li>\n<li><strong>Avoir un taux d\u2019incapacit\u00e9 au moins \u00e9gal \u00e0 80\u00a0% et reconnu avant l\u2019\u00e2ge de 65 ans<\/strong>.<\/li>\n<\/ul>\n<p>Sont comptabilis\u00e9s comme dispositifs les \u00e9tablissements suivants :<\/p>\n<ul>\n<li>foyer d\u2019h\u00e9bergement,<\/li>\n<li>foyer de vie<\/li>\n<li>FAM (foyer d\u2019accueil m\u00e9dicalis\u00e9),<\/li>\n<li>MAS (maison d\u2019accueil sp\u00e9cialis\u00e9e),<\/li>\n<li>SAVS (service d\u2019accompagnement \u00e0 la vie sociale),<\/li>\n<li>SAMSAH (service d\u2019accompagnement m\u00e9dico-social pour adulte handicap\u00e9),<\/li>\n<li>SSIAD (service de soins infirmiers \u00e0 domicile),<\/li>\n<li>Service d\u2019aide et d\u2019accompagnement \u00e0 domicile.<\/li>\n<\/ul>\n<p>Si le demandeur a travaill\u00e9 en ESAT (\u00e9tablissement et service d\u2019aide par le travail) ou a \u00e9t\u00e9 accueilli en IME (institut m\u00e9dico-\u00e9ducatif), sans avoir \u00e9t\u00e9 accompagn\u00e9 par d\u2019autres \u00e9tablissements ou services pour personnes handicap\u00e9es, elle ne pourra pas b\u00e9n\u00e9ficier de l&rsquo;aide.<\/p>\n<div class=\"fiche-item\">\n<h1>L&rsquo;allocation personnalis\u00e9e d&rsquo;autonomie (APA)<\/h1>\n<p>L&rsquo;allocation personnalis\u00e9e d&rsquo;autonomie (APA) est \u00e9galement d\u00e9livr\u00e9e par le d\u00e9partement. Elle sert \u00e0 payer (en totalit\u00e9 ou en partie) les frais vous permettant de rester \u00e0 domicile. \u00c0 cela s&rsquo;ajoute le paiement du tarif d\u00e9pendance de l&rsquo;\u00e9tablissement m\u00e9dico-social\u00a0 (Ehpad, par exemple), o\u00f9 vous \u00eates log\u00e9 (APA en \u00e9tablissement).<\/p>\n<p><strong>Afin d&rsquo;en b\u00e9n\u00e9ficier, vous devez \u00eatre \u00e2g\u00e9 d&rsquo;au moins 60 ans. Vous devez \u00eatre aussi dans une situation de perte d&rsquo;autonomie : avoir besoin d&rsquo;aide pour effectuer des gestes de la vie quotidienne, votre sant\u00e9 n\u00e9cessite une surveillance constante etc.<\/strong><\/p>\n<p>Cette perte d&rsquo;autonomie est \u00e9valu\u00e9e \u00e0 travers la grille Aggir. Elle fixe plusieurs degr\u00e9s d&rsquo;autonomie, compris entre le Gir 1 et le Gir 6 (perte d&rsquo;autonomie allant de la plus forte \u00e0 la plus faible). Les b\u00e9n\u00e9ficiaires de l&rsquo;APA sont ceux dont l&rsquo;\u00e9tat se situe au Gir 1, Gir 2, Gir 3 ou Gir 4.<\/p>\n<\/div>\n<p>Par ailleurs, vous devez aussi r\u00e9sider en France de mani\u00e8re stable et r\u00e9guli\u00e8re :<\/p>\n<ul>\n<li>\u00e0 votre domicile<\/li>\n<li>au domicile d&rsquo;un proche qui vous h\u00e9berge<\/li>\n<li>chez un accueillant familial<\/li>\n<li>dans une r\u00e9sidence autonomie (auparavant appel\u00e9e <span class=\"expression\">foyer-logement<\/span>)<\/li>\n<\/ul>\n<div class=\"fiche-item\">\n<p>\u00c0 noter que la personne qui touche la prestation compl\u00e9mentaire pour recours \u00e0 tierce personne (PCRTP) peut faire sa demande d&rsquo;APA 2 mois avant son 60<sup>e<\/sup> anniversaire.<\/p>\n<p><iframe loading=\"lazy\" title=\"L&#039;APA\" width=\"500\" height=\"281\" src=\"https:\/\/www.youtube.com\/embed\/4gLOrCfAF64?feature=oembed\" frameborder=\"0\" allow=\"accelerometer; autoplay; clipboard-write; encrypted-media; gyroscope; picture-in-picture; web-share\" referrerpolicy=\"strict-origin-when-cross-origin\" allowfullscreen><\/iframe><\/p>\n<h1 id=\"anchor2\">L&rsquo;aide personnalis\u00e9e au logement (APL) et l&rsquo;allocation de logement sociale (ALS)<\/h1>\n<p>Parmi les aides au logement \u00ab\u00a0classiques\u00a0\u00bb accessibles en EHPAD, on trouve l&rsquo;APL et l&rsquo;ALS.<br \/>\n<strong>\u00c0 noter que ces deux aides ne sont pas cumulables.<\/strong><\/p>\n<ul>\n<li>L\u2019APL est vers\u00e9e uniquement si l&rsquo;\u00e9tablissement est conventionn\u00e9,<\/li>\n<li>L\u2019ALS est vers\u00e9e dans les autres cas.<\/li>\n<\/ul>\n<h2 id=\"anchor3\">Sous quelles conditions sont-elles attribu\u00e9es ?<\/h2>\n<ul>\n<li><strong>\u00catre en situation r\u00e9guli\u00e8re sur le territoire fran\u00e7ais<\/strong>,<\/li>\n<li><strong>Il n&rsquo;y a pas de limite d&rsquo;\u00e2ge.<\/strong><\/li>\n<\/ul>\n<h2 id=\"anchor4\">Comment ces aides sont-elles calcul\u00e9es ?<\/h2>\n<p>Pour le calcul de ces aides, les \u00e9l\u00e9ments suivants sont pris en compte :<\/p>\n<ul>\n<li>ressources du r\u00e9sident,<\/li>\n<li>co\u00fbt de l\u2019h\u00e9bergement,<\/li>\n<li>localisation de l\u2019\u00e9tablissement.<\/li>\n<\/ul>\n<p>D&rsquo;ailleurs, \u00e0 montants vers\u00e9s et revenus \u00e9gaux, le montant de l&rsquo;APL sera sup\u00e9rieur au montant de l\u2019ALS.<\/p>\n<h2 id=\"anchor5\">Comment les aides au logement sont-elles vers\u00e9es\u00a0?<\/h2>\n<p>L&rsquo;aide au logement est vers\u00e9e tous les mois. Parfois, directement \u00e0 l\u2019\u00e9tablissement. Dans ce cas, le montant factur\u00e9 sera diminu\u00e9 du montant de cette aide.<\/p>\n<h2 id=\"anchor6\">Comment faire sa demande\u00a0?<\/h2>\n<p>Les demandes d&rsquo; aides au logement se font aupr\u00e8s de la CAF (caisse d\u2019allocations familiales). Pour les retrait\u00e9s qui rel\u00e8vent de la MSA (mutualit\u00e9 sociale agricole), c&rsquo;est aupr\u00e8s de ce r\u00e9gime de protection sociale que la demande s&rsquo;effectue.<\/p>\n<div class='cta-block'><div class='text'>Simulez toutes vos aides en 2 min.<\/div><a href='https:\/\/www.mes-allocs.fr\/ab-app?origin=guides\/wp-json\/wp\/v2\/posts\/5583' class='app-button fit'>Simulation gratuite<\/a><\/div>\n<\/div>\n<\/div>\n<\/div>\n<\/div>\n<\/div>\n<\/div>\n<\/div>\n<\/div>\n<\/div>\n<\/div>\n","protected":false},"excerpt":{"rendered":"<p>De nombreuses aides existent en France et sont attribu\u00e9es en fonction de votre situation. Les aides sociales EHPAD (\u00e9tablissements d\u2019h\u00e9bergement pour personnes \u00e2g\u00e9es d\u00e9pendantes) offrent de nombreuses aides sociales aux personnes \u00e2g\u00e9es souhaitant y r\u00e9sider. Mes Allocs vous en dit plus. Les EHPAD (\u00e9tablissements d\u2019h\u00e9bergement pour personnes \u00e2g\u00e9es d\u00e9pendantes) Un EHPAD (\u00e9tablissements d\u2019h\u00e9bergement pour personnes [&hellip;]<\/p>\n","protected":false},"author":10,"featured_media":105626,"comment_status":"open","ping_status":"open","sticky":false,"template":"","format":"standard","meta":{"amp_status":"","footnotes":""},"categories":[14320,35588],"tags":[],"class_list":["post-5583","post","type-post","status-publish","format-standard","has-post-thumbnail","hentry","category-aide-par-situation","category-aide-personne-agee"],"yoast_head":"<!-- This site is optimized with the Yoast SEO plugin v14.9 - https:\/\/yoast.com\/wordpress\/plugins\/seo\/ -->\n<title>Le guide des aides sociales en EHPAD | Mes-Allocs.fr<\/title>\n<meta name=\"description\" content=\"Les EHPAD offrent de nombreuses aides sociales aux personnes \u00e2g\u00e9es souhaitant y r\u00e9sider. Notre \u00e9quipe vous explique en d\u00e9tail.\" \/>\n<meta name=\"robots\" content=\"index, follow, max-snippet:-1, max-image-preview:large, max-video-preview:-1\" \/>\n<link rel=\"canonical\" href=\"https:\/\/www.mes-allocs.fr\/guides\/aide-par-situation\/aide-personne-agee\/aide-ehpad\/\" \/>\n<meta property=\"og:locale\" content=\"fr_FR\" \/>\n<meta property=\"og:type\" content=\"article\" \/>\n<meta property=\"og:title\" content=\"Le guide des aides sociales en EHPAD | Mes-Allocs.fr\" \/>\n<meta property=\"og:description\" content=\"Les EHPAD offrent de nombreuses aides sociales aux personnes \u00e2g\u00e9es souhaitant y r\u00e9sider. Notre \u00e9quipe vous explique en d\u00e9tail.\" \/>\n<meta property=\"og:url\" content=\"https:\/\/www.mes-allocs.fr\/guides\/aide-par-situation\/aide-personne-agee\/aide-ehpad\/\" \/>\n<meta property=\"og:site_name\" content=\"Mes-Allocs.fr\" \/>\n<meta property=\"article:published_time\" content=\"2020-04-27T16:17:57+00:00\" \/>\n<meta property=\"article:modified_time\" content=\"2025-11-10T17:22:47+00:00\" \/>\n<meta property=\"og:image\" content=\"https:\/\/www.mes-allocs.fr\/guides\/wp-content\/uploads\/2020\/04\/aide-ehpad.jpg?wsr\" \/>\n\t<meta property=\"og:image:width\" content=\"1280\" \/>\n\t<meta property=\"og:image:height\" content=\"853\" \/>\n<meta name=\"twitter:card\" content=\"summary_large_image\" \/>\n<script type=\"application\/ld+json\" class=\"yoast-schema-graph\">{\"@context\":\"https:\/\/schema.org\",\"@graph\":[{\"@type\":\"WebSite\",\"@id\":\"https:\/\/www.mes-allocs.fr\/guides\/#website\",\"url\":\"https:\/\/www.mes-allocs.fr\/guides\/\",\"name\":\"Mes-Allocs.fr\",\"description\":\"\",\"potentialAction\":[{\"@type\":\"SearchAction\",\"target\":\"https:\/\/www.mes-allocs.fr\/guides\/?s={search_term_string}\",\"query-input\":\"required name=search_term_string\"}],\"inLanguage\":\"fr-FR\"},{\"@type\":\"ImageObject\",\"@id\":\"https:\/\/www.mes-allocs.fr\/guides\/aide-par-situation\/aide-personne-agee\/aide-ehpad\/#primaryimage\",\"inLanguage\":\"fr-FR\",\"url\":\"https:\/\/www.mes-allocs.fr\/guides\/wp-content\/uploads\/2020\/04\/aide-ehpad.jpg?wsr\",\"width\":1280,\"height\":853,\"caption\":\"aide ehpad\"},{\"@type\":\"WebPage\",\"@id\":\"https:\/\/www.mes-allocs.fr\/guides\/aide-par-situation\/aide-personne-agee\/aide-ehpad\/#webpage\",\"url\":\"https:\/\/www.mes-allocs.fr\/guides\/aide-par-situation\/aide-personne-agee\/aide-ehpad\/\",\"name\":\"Le guide des aides sociales en EHPAD | Mes-Allocs.fr\",\"isPartOf\":{\"@id\":\"https:\/\/www.mes-allocs.fr\/guides\/#website\"},\"primaryImageOfPage\":{\"@id\":\"https:\/\/www.mes-allocs.fr\/guides\/aide-par-situation\/aide-personne-agee\/aide-ehpad\/#primaryimage\"},\"datePublished\":\"2020-04-27T16:17:57+00:00\",\"dateModified\":\"2025-11-10T17:22:47+00:00\",\"author\":{\"@id\":\"https:\/\/www.mes-allocs.fr\/guides\/#\/schema\/person\/8d47b912c0ad15f379df96b4e4e33f58\"},\"description\":\"Les EHPAD offrent de nombreuses aides sociales aux personnes \\u00e2g\\u00e9es souhaitant y r\\u00e9sider. Notre \\u00e9quipe vous explique en d\\u00e9tail.\",\"inLanguage\":\"fr-FR\"},{\"@type\":\"Person\",\"@id\":\"https:\/\/www.mes-allocs.fr\/guides\/#\/schema\/person\/8d47b912c0ad15f379df96b4e4e33f58\",\"name\":\"Constance de Cagny\",\"image\":{\"@type\":\"ImageObject\",\"@id\":\"https:\/\/www.mes-allocs.fr\/guides\/#personlogo\",\"inLanguage\":\"fr-FR\",\"url\":\"https:\/\/www.mes-allocs.fr\/guides\/wp-content\/uploads\/2021\/06\/Constance.2e8ee0b.png\",\"caption\":\"Constance de Cagny\"},\"description\":\"Constance est r\\u00e9dactrice au sein de l'\\u00e9quipe Mes Allocs. Elle a l'habitude d'\\u00e9crire sur les sujets conso, bons plans et \\u00e9conomies. Dipl\\u00f4m\\u00e9e de l'ENACO, elle rejoint Mes Allocs apr\\u00e8s une premi\\u00e8re exp\\u00e9rience en cabinet notarial.\",\"sameAs\":[\"https:\/\/www.linkedin.com\/in\/constance-de-cagny-mayeur-bbb414135\"]}]}<\/script>\n<!-- \/ Yoast SEO plugin. -->","amp_validity":null,"acf":{"faq":{"1":{"question":"Comment fonctionne l'aide sociale \u00e0 l'enfance ?","answer":"L'aide sociale \u00e0 l'enfance  s'organise en trois volets :\r\n\r\n- Un programme de sensibilisation destin\u00e9 \u00e0 informer les personnes concern\u00e9es par des mineurs en danger ou qui risquent de l'\u00eatre. Il s'agit de missions pr\u00e9ventives \u00e0 l'encontre des mineurs et de leurs familles ;\r\n- Un signalement \u00e0 l'autorit\u00e9 judiciaire ;\r\n- La mise en place d'une action sociale (protection de l'enfance, soutien mat\u00e9riel, \u00e9ducatif et psychologique etc) visant \u00e0 pourvoir aux besoins des mineurs concern\u00e9es, qu'il s'agisse d'enfants plac\u00e9s ou de jeune majeurs.\r\n\r\nIl existe deux types d'action :\r\n\r\n- l\u2019aide \u00e0 domicile met en place des interventions \u00e0 domicile ainsi que des aides financi\u00e8res.\r\n- la prise en charge mat\u00e9rielle correspond \u00e0 des mesures de placement en dehors du milieu familial. C'est en cela que les aides sociales \u00e0 l'enfance d\u00e9pendent des pouvoirs administratifs et judiciaires."},"2":{"question":"Qui g\u00e8re l'aide sociale \u00e0 l'enfance ?","answer":" L\u2019Aide Sociale \u00e0 l\u2019Enfance (ASE) est un dispositif du d\u00e9partement, r\u00e9gi par l'article L. 221-1 al.1 Code de l\u2019Action Sociale et des Famille). Il rel\u00e8ve de l\u2019autorit\u00e9 du pr\u00e9sident du conseil g\u00e9n\u00e9ral."},"3":{"question":"Qu'est-ce que l'accueil provisoire ?","answer":"L'accueil provisoire d'un mineur est mis en place suite \u00e0 la demande des d\u00e9tenteurs de l'autorit\u00e9 parentale. \r\n\r\nIl s'agit d'une mesure administrative visant \u00e0 prendre en charge des mineurs au titre de l'ASE (Aide Sociale \u00e0 l'Enfance). "},"4":{"question":"Quel est le r\u00f4le de la protection de l'enfance ?","answer":"Le r\u00f4le de la protection de l'enfance est de garantir la prise en compte des besoins fondamentaux de l'enfant :\r\n \r\n- soutenir son d\u00e9veloppement physique, affectif, intellectuel et social\r\n- pr\u00e9server sa sant\u00e9, sa s\u00e9curit\u00e9, sa moralit\u00e9 et son \u00e9ducation."},"5":{"question":"C'est quoi un foyer de l'enfance ?","answer":"Les foyers de l\u2019enfance accueillent les mineurs en difficult\u00e9 ou en danger, qui ont \u00e9t\u00e9 confi\u00e9s par leur famille ou par mesure judiciaire, au service de l'Aide Sociale \u00e0 l'Enfance.\r\n\r\nLe placement en foyer de l'enfance sert \u00e0 assurer, la s\u00e9curit\u00e9, la sant\u00e9, l'\u00e9ducation et le d\u00e9veloppement social et culturel."},"6":{"question":"","answer":""},"7":{"question":"","answer":""},"8":{"question":"","answer":""},"9":{"question":"","answer":""},"10":{"question":"","answer":""},"11":{"question":"","answer":""},"12":{"question":"","answer":""},"13":{"question":"","answer":""},"14":{"question":"","answer":""},"15":{"question":"","answer":""},"16":{"question":"","answer":""}}},"_links":{"self":[{"href":"https:\/\/www.mes-allocs.fr\/guides\/wp-json\/wp\/v2\/posts\/5583","targetHints":{"allow":["GET"]}}],"collection":[{"href":"https:\/\/www.mes-allocs.fr\/guides\/wp-json\/wp\/v2\/posts"}],"about":[{"href":"https:\/\/www.mes-allocs.fr\/guides\/wp-json\/wp\/v2\/types\/post"}],"author":[{"embeddable":true,"href":"https:\/\/www.mes-allocs.fr\/guides\/wp-json\/wp\/v2\/users\/10"}],"replies":[{"embeddable":true,"href":"https:\/\/www.mes-allocs.fr\/guides\/wp-json\/wp\/v2\/comments?post=5583"}],"version-history":[{"count":49,"href":"https:\/\/www.mes-allocs.fr\/guides\/wp-json\/wp\/v2\/posts\/5583\/revisions"}],"predecessor-version":[{"id":93837,"href":"https:\/\/www.mes-allocs.fr\/guides\/wp-json\/wp\/v2\/posts\/5583\/revisions\/93837"}],"wp:featuredmedia":[{"embeddable":true,"href":"https:\/\/www.mes-allocs.fr\/guides\/wp-json\/wp\/v2\/media\/105626"}],"wp:attachment":[{"href":"https:\/\/www.mes-allocs.fr\/guides\/wp-json\/wp\/v2\/media?parent=5583"}],"wp:term":[{"taxonomy":"category","embeddable":true,"href":"https:\/\/www.mes-allocs.fr\/guides\/wp-json\/wp\/v2\/categories?post=5583"},{"taxonomy":"post_tag","embeddable":true,"href":"https:\/\/www.mes-allocs.fr\/guides\/wp-json\/wp\/v2\/tags?post=5583"}],"curies":[{"name":"wp","href":"https:\/\/api.w.org\/{rel}","templated":true}]}}