{"id":55803,"date":"2022-10-10T19:53:03","date_gmt":"2022-10-10T17:53:03","guid":{"rendered":"https:\/\/www.mes-allocs.fr\/guides\/?p=55803"},"modified":"2026-01-06T17:01:46","modified_gmt":"2026-01-06T16:01:46","slug":"apl-locataire","status":"publish","type":"post","link":"https:\/\/www.mes-allocs.fr\/guides\/aide-logement\/apl\/apl-locataire\/","title":{"rendered":"L&rsquo;APL pour les locataires"},"content":{"rendered":"<p style=\"text-align: justify;\"><img loading=\"lazy\" decoding=\"async\" class=\"alignnone wp-image-55813 size-full\" title=\"apl locataire\" src=\"https:\/\/www.mes-allocs.fr\/guides\/wp-content\/uploads\/2022\/08\/sidekix-media-WgkA3CSFrjc-unsplash-e1661757598629.jpg\" alt=\"apl locataire\" width=\"1920\" height=\"465\" srcset=\"https:\/\/www.mes-allocs.fr\/guides\/wp-content\/uploads\/2022\/08\/sidekix-media-WgkA3CSFrjc-unsplash-e1661757598629.jpg 1920w, https:\/\/www.mes-allocs.fr\/guides\/wp-content\/uploads\/2022\/08\/sidekix-media-WgkA3CSFrjc-unsplash-e1661757598629-300x73.jpg 300w, https:\/\/www.mes-allocs.fr\/guides\/wp-content\/uploads\/2022\/08\/sidekix-media-WgkA3CSFrjc-unsplash-e1661757598629-1024x248.jpg 1024w, https:\/\/www.mes-allocs.fr\/guides\/wp-content\/uploads\/2022\/08\/sidekix-media-WgkA3CSFrjc-unsplash-e1661757598629-768x186.jpg 768w, https:\/\/www.mes-allocs.fr\/guides\/wp-content\/uploads\/2022\/08\/sidekix-media-WgkA3CSFrjc-unsplash-e1661757598629-1536x372.jpg 1536w, https:\/\/www.mes-allocs.fr\/guides\/wp-content\/uploads\/2022\/08\/sidekix-media-WgkA3CSFrjc-unsplash-e1661757598629-600x145.jpg 600w\" sizes=\"auto, (max-width: 1920px) 100vw, 1920px\" \/><\/p>\n<p style=\"text-align: justify;\">[Mis \u00e0 jour le 06\/01\/2026] L\u2019<a href=\"https:\/\/www.mes-allocs.fr\/guides\/aide-logement\/apl\/\">APL<\/a> est une aide financi\u00e8re vers\u00e9e par la Caisse d\u2019Allocations Familiales (CAF) ou la Mutualit\u00e9 Sociale Agricole (MSA). Cette aide par situation est disponible pour toute personne qui loue ou r\u00e9side dans un foyer. Mes Allocs vous explique tout juste ici.<\/p>\n<hr style=\"text-align: justify;\" \/>\n<h1 style=\"text-align: justify;\"><span id=\"Quest-ce_que_lAPL\">Qu\u2019est-ce que l\u2019APL ?<\/span><\/h1>\n<p style=\"text-align: justify;\"><span class=\"amp-wp-fe3f5cc\" data-amp-original-style=\"font-weight: 400;\"><b>L\u2019<a href=\"https:\/\/www.mes-allocs.fr\/guides\/aide-par-situation\/apl-couple\/\">APL<\/a> repr\u00e9sente trois aides financi\u00e8res diff\u00e9rentes. <\/b><\/span><span class=\"amp-wp-fe3f5cc\" data-amp-original-style=\"font-weight: 400;\">Celles-ci sont :<\/span><\/p>\n<ul style=\"text-align: justify;\">\n<li style=\"text-align: justify;\"><span class=\"amp-wp-fe3f5cc\" data-amp-original-style=\"font-weight: 400;\">L\u2019<\/span><span class=\"amp-wp-fe3f5cc\" data-amp-original-style=\"font-weight: 400;\">Aide Personnalis\u00e9e au Logement<\/span><span class=\"amp-wp-fe3f5cc\" data-amp-original-style=\"font-weight: 400;\">, <\/span><\/li>\n<li style=\"text-align: justify;\"><span class=\"amp-wp-fe3f5cc\" data-amp-original-style=\"font-weight: 400;\">L\u2019<\/span><span class=\"amp-wp-fe3f5cc\" data-amp-original-style=\"font-weight: 400;\">Allocation de Logement Social<\/span><span class=\"amp-wp-fe3f5cc\" data-amp-original-style=\"font-weight: 400;\"> (<a href=\"https:\/\/www.mes-allocs.fr\/guides\/aide-logement\/als\/\">ALS<\/a>)<\/span><\/li>\n<li style=\"text-align: justify;\"><span class=\"amp-wp-fe3f5cc\" data-amp-original-style=\"font-weight: 400;\">L\u2019<\/span><span class=\"amp-wp-fe3f5cc\" data-amp-original-style=\"font-weight: 400;\">Allocation de Logement Familial<\/span><span class=\"amp-wp-fe3f5cc\" data-amp-original-style=\"font-weight: 400;\"> (<a href=\"https:\/\/www.mes-allocs.fr\/guides\/aide-logement\/alf\/\">ALF<\/a>)<\/span><\/li>\n<\/ul>\n<p style=\"text-align: justify;\"><span class=\"amp-wp-fe3f5cc\" data-amp-original-style=\"font-weight: 400;\"><b>Cela signifie que pour effectuer une estimation logement APL, il faut estimer le montant de l\u2019aide au logement dont vous pouvez b\u00e9n\u00e9ficier pour les personnes acc\u00e9dant \u00e0 la propri\u00e9t\u00e9. <\/b><\/span><span class=\"amp-wp-fe3f5cc\" data-amp-original-style=\"font-weight: 400;\">Les droits estim\u00e9s varient selon la situation personnelle de chaque demandeur.<\/span><\/p>\n<p style=\"text-align: justify;\"><span style=\"font-size: 16px;\">Les conditions d&rsquo;attribution de l&rsquo;APL<\/span><\/p>\n<h1 style=\"text-align: justify;\"><img loading=\"lazy\" decoding=\"async\" class=\" wp-image-55816 alignright\" style=\"text-align: center;\" title=\"apl locataire\" src=\"https:\/\/www.mes-allocs.fr\/guides\/wp-content\/uploads\/2022\/08\/romain-dancre-doplSDELX7E-unsplash-e1661758276603-300x225.jpg\" alt=\"apl locataire\" width=\"479\" height=\"359\" srcset=\"https:\/\/www.mes-allocs.fr\/guides\/wp-content\/uploads\/2022\/08\/romain-dancre-doplSDELX7E-unsplash-e1661758276603-300x225.jpg 300w, https:\/\/www.mes-allocs.fr\/guides\/wp-content\/uploads\/2022\/08\/romain-dancre-doplSDELX7E-unsplash-e1661758276603-1024x768.jpg 1024w, https:\/\/www.mes-allocs.fr\/guides\/wp-content\/uploads\/2022\/08\/romain-dancre-doplSDELX7E-unsplash-e1661758276603-768x576.jpg 768w, https:\/\/www.mes-allocs.fr\/guides\/wp-content\/uploads\/2022\/08\/romain-dancre-doplSDELX7E-unsplash-e1661758276603-1536x1152.jpg 1536w, https:\/\/www.mes-allocs.fr\/guides\/wp-content\/uploads\/2022\/08\/romain-dancre-doplSDELX7E-unsplash-e1661758276603-600x450.jpg 600w, https:\/\/www.mes-allocs.fr\/guides\/wp-content\/uploads\/2022\/08\/romain-dancre-doplSDELX7E-unsplash-e1661758276603.jpg 1920w\" sizes=\"auto, (max-width: 479px) 100vw, 479px\" \/><\/h1>\n<p style=\"text-align: justify;\"><span class=\"amp-wp-fe3f5cc\" data-amp-original-style=\"font-weight: 400;\"><b>Afin de b\u00e9n\u00e9ficier de l&rsquo;aide, les conditions d\u2019attribution retenues pour les APL en 2025 sont principalement les suivantes :<\/b><\/span><\/p>\n<ul style=\"text-align: justify;\">\n<li style=\"text-align: justify;\">La composition du foyer (personne seule, en couple, nombre d\u2019enfants \u00e0 charge, etc.)<\/li>\n<li style=\"text-align: justify;\">Les ressources de l\u2019ensemble du foyer<\/li>\n<li style=\"text-align: justify;\">Le patrimoine immobilier (hors r\u00e9sidence principale et biens professionnels)<\/li>\n<li style=\"text-align: justify;\">La situation professionnelle de l\u2019ensemble des personnes du foyer (salari\u00e9, demandeur d\u2019emploi indemnis\u00e9 ou non, etc.)<\/li>\n<li style=\"text-align: justify;\">La zone g\u00e9ographique du logement<\/li>\n<li style=\"text-align: justify;\">Le montant du loyer hors charges<\/li>\n<li style=\"text-align: justify;\">Le type de location (meubl\u00e9e, non meubl\u00e9e, etc.)<\/li>\n<\/ul>\n<p style=\"text-align: justify;\"><b><span class=\"amp-wp-fe3f5cc\" data-amp-original-style=\"font-weight: 400;\">Depuis la r\u00e9forme du gouvernement en Janvier 2021, l<\/span><span class=\"amp-wp-fe3f5cc\" data-amp-original-style=\"font-weight: 400;\">es revenus des 12 derniers mois sont pris en compte, et non plus ceux de l\u2019ann\u00e9e N-2.\u00a0\u00a0<\/span><\/b><\/p>\n<p style=\"text-align: justify;\"><span style=\"font-weight: 400;\"><div class='cta-block'><div class='text'>Simulez toutes vos Aides en 2 min.<\/div><a href='' class='app-button fit'>Simulation gratuite<\/a><\/div><\/span><\/p>\n<h2 class=\"amp-wp-7d27179\" style=\"text-align: justify;\" data-amp-original-style=\"text-align: justify;\"><span id=\"Conditions_liees_au_demandeur\"><b>Les conditions li\u00e9es au demandeur<\/b><\/span><\/h2>\n<p class=\"amp-wp-7d27179\" style=\"text-align: justify;\" data-amp-original-style=\"text-align: justify;\"><b><span class=\"amp-wp-fe3f5cc\" data-amp-original-style=\"font-weight: 400;\">Que vous soyez locataire,\u00a0<\/span><span class=\"amp-wp-fe3f5cc\" data-amp-original-style=\"font-weight: 400;\">colocataire<\/span><\/b><span class=\"amp-wp-fe3f5cc\" data-amp-original-style=\"font-weight: 400;\"><b>, sous-locataire, vous avez acc\u00e8s \u00e0 l\u2019Aide Personnalis\u00e9 au Logement.<\/b>\u00a0<\/span><span class=\"amp-wp-fe3f5cc\" data-amp-original-style=\"font-weight: 400;\">M\u00eame en cas de changement de situation, il n\u2019existe aucune condition d\u2019\u00e2ge pour percevoir les APL.<\/span><\/p>\n<h3 class=\"amp-wp-7d27179\" style=\"text-align: justify;\" data-amp-original-style=\"text-align: justify;\"><span class=\"amp-wp-fe3f5cc\" data-amp-original-style=\"font-weight: 400;\">Dans le cas o\u00f9 vous seriez sous-locataire (d\u00e9clar\u00e9 au propri\u00e9taire)<\/span><\/h3>\n<p class=\"amp-wp-7d27179\" style=\"text-align: justify;\" data-amp-original-style=\"text-align: justify;\"><span class=\"amp-wp-fe3f5cc\" data-amp-original-style=\"font-weight: 400;\">Dans ce cas, il y aura certaines conditions qui vont s&rsquo;imposer.\u00a0<\/span><\/p>\n<p class=\"amp-wp-7d27179\" style=\"text-align: justify;\" data-amp-original-style=\"text-align: justify;\"><span class=\"amp-wp-fe3f5cc\" data-amp-original-style=\"font-weight: 400;\"><b>En effet, il faut que vous soyez \u00e2g\u00e9 de 30 ans au moins, ou que vous soyez h\u00e9berg\u00e9 chez un accueillant familial.<\/b>\u00a0<\/span><span class=\"amp-wp-fe3f5cc\" data-amp-original-style=\"font-weight: 400;\">L&rsquo;h\u00e9bergeant familial va \u00eatre une personne seule ou en couple qui va vous accueillir dans le cas o\u00f9 vous seriez en situation de handicap ou si vous \u00eates une personne \u00e2g\u00e9e avec un taux d&rsquo;incapacit\u00e9. Celle-ci vous accueille en \u00e9change d&rsquo;une r\u00e9mun\u00e9ration.\u00a0\u00a0<\/span><\/p>\n<h3 class=\"amp-wp-7d27179\" style=\"text-align: justify;\" data-amp-original-style=\"text-align: justify;\"><span id=\"Si_vous_etes_resident_en_foyer_dhebergement\"><b>Dans le cas o\u00f9 vous seriez r\u00e9sident en foyer d\u2019h\u00e9bergement<\/b><\/span><\/h3>\n<p class=\"amp-wp-7d27179\" style=\"text-align: justify;\" data-amp-original-style=\"text-align: justify;\"><span class=\"amp-wp-fe3f5cc\" data-amp-original-style=\"font-weight: 400;\"><b>Il vous est possible de percevoir l\u2019Allocation Personnalis\u00e9e au Logement si vous r\u00e9sidez en foyer. <\/b>Ces foyers peuvent \u00eatre par exemple les EHPAD, les r\u00e9sidences autonomes, les r\u00e9sidences \u00e9tudiantes, ou les foyers de jeunes travailleurs.<\/span><\/p>\n<h3 class=\"amp-wp-7d27179\" style=\"text-align: justify;\" data-amp-original-style=\"text-align: justify;\"><span id=\"Si_vous_etes_proprietaire\"><b>Dans le cas o\u00f9 vous seriez propri\u00e9taire\u00a0<\/b><\/span><\/h3>\n<p class=\"amp-wp-7d27179\" style=\"text-align: justify;\" data-amp-original-style=\"text-align: justify;\">L\u2019APL accession est supprim\u00e9e pour les nouveaux b\u00e9n\u00e9ficiaires depuis 2020.<\/p>\n<p style=\"text-align: justify;\"><strong>Pour plus de d\u00e9tail concernant l&rsquo;APL propri\u00e9taire, Mes Allocs vous explique tout juste <a href=\"https:\/\/www.mes-allocs.fr\/guides\/aide-logement\/apl\/apl-proprietaire\/apl-proprietaire-2022-caf\/\" target=\"_blank\" rel=\"noopener\">ici<\/a>.\u00a0<\/strong><\/p>\n<p style=\"text-align: justify;\"><span style=\"font-size: 16px;\">Les conditions li\u00e9es au logement<\/span><\/p>\n<h2 style=\"text-align: justify;\"><img loading=\"lazy\" decoding=\"async\" class=\" wp-image-55814 alignright\" style=\"text-align: center;\" title=\"apl locataire\" src=\"https:\/\/www.mes-allocs.fr\/guides\/wp-content\/uploads\/2022\/08\/deborah-cortelazzi-gREquCUXQLI-unsplash-e1661757665801-300x200.jpg\" alt=\"apl locataire\" width=\"458\" height=\"305\" srcset=\"https:\/\/www.mes-allocs.fr\/guides\/wp-content\/uploads\/2022\/08\/deborah-cortelazzi-gREquCUXQLI-unsplash-e1661757665801-300x200.jpg 300w, https:\/\/www.mes-allocs.fr\/guides\/wp-content\/uploads\/2022\/08\/deborah-cortelazzi-gREquCUXQLI-unsplash-e1661757665801-1024x683.jpg 1024w, https:\/\/www.mes-allocs.fr\/guides\/wp-content\/uploads\/2022\/08\/deborah-cortelazzi-gREquCUXQLI-unsplash-e1661757665801-768x512.jpg 768w, https:\/\/www.mes-allocs.fr\/guides\/wp-content\/uploads\/2022\/08\/deborah-cortelazzi-gREquCUXQLI-unsplash-e1661757665801-1536x1024.jpg 1536w, https:\/\/www.mes-allocs.fr\/guides\/wp-content\/uploads\/2022\/08\/deborah-cortelazzi-gREquCUXQLI-unsplash-e1661757665801-600x400.jpg 600w, https:\/\/www.mes-allocs.fr\/guides\/wp-content\/uploads\/2022\/08\/deborah-cortelazzi-gREquCUXQLI-unsplash-e1661757665801.jpg 1920w\" sizes=\"auto, (max-width: 458px) 100vw, 458px\" \/><\/h2>\n<p class=\"amp-wp-7d27179\" style=\"text-align: justify;\" data-amp-original-style=\"text-align: justify;\"><span class=\"amp-wp-fe3f5cc\" data-amp-original-style=\"font-weight: 400;\">L\u2019APL ne peut vous \u00eatre accord\u00e9e que pour votre r\u00e9sidence principale sur le territoire fran\u00e7ais. <\/span><span class=\"amp-wp-fe3f5cc\" data-amp-original-style=\"font-weight: 400;\">Une r\u00e9sidence principale se d\u00e9finit par un logement que vous habitez au moins 8 mois par an.<\/span><\/p>\n<p class=\"amp-wp-7d27179\" style=\"text-align: justify;\" data-amp-original-style=\"text-align: justify;\"><span class=\"amp-wp-fe3f5cc\" data-amp-original-style=\"font-weight: 400;\"><b>Il faut que votre logement respecte certaines conditions de d\u00e9cence et d\u2019occupation : <\/b><\/span><\/p>\n<ul style=\"text-align: justify;\">\n<li class=\"amp-wp-7d27179\" style=\"text-align: justify;\" data-amp-original-style=\"text-align: justify;\"><span class=\"amp-wp-fe3f5cc\" data-amp-original-style=\"font-weight: 400;\">Une surface minimale de 9m\u00b2 pour une personne seule, 16m\u00b2 pour 2 personnes, et 7m\u00b2 additionnels,<\/span><\/li>\n<li class=\"amp-wp-7d27179\" style=\"text-align: justify;\" data-amp-original-style=\"text-align: justify;\"><span class=\"amp-wp-fe3f5cc\" data-amp-original-style=\"font-weight: 400;\">Aucune mise en danger pour celui qui l\u2019habite.<\/span><\/li>\n<\/ul>\n<p style=\"text-align: justify;\"><b>De plus, il faut que le logement soit conventionn\u00e9.<\/b>\u00a0Un logement conventionn\u00e9 signifie que le propri\u00e9taire du logement doit avoir pass\u00e9 un accord avec l\u2019\u00c9tat afin de pouvoir ouvrir le droit aux aides concernant le logement.<\/p>\n<h2 class=\"amp-wp-7d27179\" style=\"text-align: justify;\" data-amp-original-style=\"text-align: justify;\"><span id=\"Conditions_de_ressources\"><b>Les conditions de ressources<\/b><\/span><\/h2>\n<p style=\"text-align: justify;\">L\u2019aide pourra vous \u00eatre attribu\u00e9e selon vos ressources, conform\u00e9ment au plafond pr\u00e9vu par la loi.<\/p>\n<p style=\"text-align: justify;\"><b>Ce calcul va se faire selon la composition de votre foyer, et donc de votre situation familiale.\u00a0<\/b>De plus, le calcul est effectu\u00e9 selon la zone g\u00e9ographique de votre logement.<\/p>\n<p>Voici les plafonds de ressources pour pouvoir b\u00e9n\u00e9ficier des APL maximales en 2026.<br \/>\n\n<div class=\"wpdt-c row wpDataTableContainerSimpleTable wpDataTables wpDataTablesWrapper\n\"\n    >\n    <table id=\"wpdtSimpleTable-145\"\n           class=\"wpdtSimpleTable wpDataTable\"\n           data-column=\"2\"\n           data-rows=\"10\"\n           data-wpID=\"145\"\n           data-responsive=\"0\"\n           data-has-header=\"1\">\n\n                    <thead>        <tr class=\"wpdt-cell-row \" >\n                            <th class=\"wpdt-cell wpdt-bold wpdt-bc-F3F9FE\"\n                                    data-cell-id=\"A1\"\n                data-col-index=\"0\"\n                data-row-index=\"0\"\n                style=\" width:26.151930261519%;                padding:10px;\"\n                >\n                                Composition du foyer                <\/th>\n                                            <th class=\"wpdt-cell wpdt-bold wpdt-bc-F3F9FE\"\n                                    data-cell-id=\"B1\"\n                data-col-index=\"1\"\n                data-row-index=\"0\"\n                style=\" width:73.848069738481%;                padding:10px;\"\n                >\n                                Plafonds de ressources (en \u20ac) \u00e0 ne pas d\u00e9passer pour toucher le montant maximal d'APL en 2026                <\/th>\n                                        <\/tr>\n                    <tbody>        <tr class=\"wpdt-cell-row \" >\n                            <td class=\"wpdt-cell wpdt-bold wpdt-bc-F3F9FE\"\n                                    data-cell-id=\"A2\"\n                data-col-index=\"0\"\n                data-row-index=\"1\"\n                style=\"                padding:10px;\"\n                >\n                                Personne seule                <\/td>\n                                            <td class=\"wpdt-cell wpdt-bc-FFFFFF\"\n                                    data-cell-id=\"B2\"\n                data-col-index=\"1\"\n                data-row-index=\"1\"\n                style=\"                padding:10px;\"\n                >\n                                5 235                <\/td>\n                                        <\/tr>\n                            <tr class=\"wpdt-cell-row \" >\n                            <td class=\"wpdt-cell wpdt-bold wpdt-bc-F3F9FE\"\n                                    data-cell-id=\"A3\"\n                data-col-index=\"0\"\n                data-row-index=\"2\"\n                style=\"                padding:10px;\"\n                >\n                                Couple sans personne \u00e0 charge                <\/td>\n                                            <td class=\"wpdt-cell wpdt-bc-FFFFFF\"\n                                    data-cell-id=\"B3\"\n                data-col-index=\"1\"\n                data-row-index=\"2\"\n                style=\"                padding:10px;\"\n                >\n                                7 501                <\/td>\n                                        <\/tr>\n                            <tr class=\"wpdt-cell-row \" >\n                            <td class=\"wpdt-cell wpdt-bold wpdt-bc-F3F9FE\"\n                                    data-cell-id=\"A4\"\n                data-col-index=\"0\"\n                data-row-index=\"3\"\n                style=\"                padding:10px;\"\n                >\n                                Personne seule ou couple avec une personne \u00e0 charge                <\/td>\n                                            <td class=\"wpdt-cell wpdt-bc-FFFFFF\"\n                                    data-cell-id=\"B4\"\n                data-col-index=\"1\"\n                data-row-index=\"3\"\n                style=\"                padding:10px;\"\n                >\n                                8 947                <\/td>\n                                        <\/tr>\n                            <tr class=\"wpdt-cell-row \" >\n                            <td class=\"wpdt-cell wpdt-bold wpdt-bc-F3F9FE\"\n                                    data-cell-id=\"A5\"\n                data-col-index=\"0\"\n                data-row-index=\"4\"\n                style=\"                padding:10px;\"\n                >\n                                Personne seule ou couple ayant 2 personnes \u00e0 charge                <\/td>\n                                            <td class=\"wpdt-cell wpdt-bc-FFFFFF\"\n                                    data-cell-id=\"B5\"\n                data-col-index=\"1\"\n                data-row-index=\"4\"\n                style=\"                padding:10px;\"\n                >\n                                9 148                <\/td>\n                                        <\/tr>\n                            <tr class=\"wpdt-cell-row \" >\n                            <td class=\"wpdt-cell wpdt-bold wpdt-bc-F3F9FE\"\n                                    data-cell-id=\"A6\"\n                data-col-index=\"0\"\n                data-row-index=\"5\"\n                style=\"                padding:10px;\"\n                >\n                                Personne seule ou couple ayant 3 personnes \u00e0 charge                <\/td>\n                                            <td class=\"wpdt-cell wpdt-bc-FFFFFF\"\n                                    data-cell-id=\"B6\"\n                data-col-index=\"1\"\n                data-row-index=\"5\"\n                style=\"                padding:10px;\"\n                >\n                                9 498                <\/td>\n                                        <\/tr>\n                            <tr class=\"wpdt-cell-row \" >\n                            <td class=\"wpdt-cell wpdt-bold wpdt-bc-F3F9FE\"\n                                    data-cell-id=\"A7\"\n                data-col-index=\"0\"\n                data-row-index=\"6\"\n                style=\"                padding:10px;\"\n                >\n                                Personne seule ou couple ayant 4 personnes \u00e0 charge                <\/td>\n                                            <td class=\"wpdt-cell wpdt-bc-FFFFFF\"\n                                    data-cell-id=\"B7\"\n                data-col-index=\"1\"\n                data-row-index=\"6\"\n                style=\"                padding:10px;\"\n                >\n                                9 851                <\/td>\n                                        <\/tr>\n                            <tr class=\"wpdt-cell-row \" >\n                            <td class=\"wpdt-cell wpdt-bold wpdt-bc-F3F9FE\"\n                                    data-cell-id=\"A8\"\n                data-col-index=\"0\"\n                data-row-index=\"7\"\n                style=\"                padding:10px;\"\n                >\n                                Personne seule ou couple ayant 5 personnes \u00e0 charge                <\/td>\n                                            <td class=\"wpdt-cell wpdt-bc-FFFFFF\"\n                                    data-cell-id=\"B8\"\n                data-col-index=\"1\"\n                data-row-index=\"7\"\n                style=\"                padding:10px;\"\n                >\n                                10 202                <\/td>\n                                        <\/tr>\n                            <tr class=\"wpdt-cell-row \" >\n                            <td class=\"wpdt-cell wpdt-bold wpdt-bc-F3F9FE\"\n                                    data-cell-id=\"A9\"\n                data-col-index=\"0\"\n                data-row-index=\"8\"\n                style=\"                padding:10px;\"\n                >\n                                Personne seule ou couple ayant 6 personnes \u00e0 charge                <\/td>\n                                            <td class=\"wpdt-cell wpdt-bc-FFFFFF\"\n                                    data-cell-id=\"B9\"\n                data-col-index=\"1\"\n                data-row-index=\"8\"\n                style=\"                padding:10px;\"\n                >\n                                10 554                <\/td>\n                                        <\/tr>\n                            <tr class=\"wpdt-cell-row \" >\n                            <td class=\"wpdt-cell wpdt-bold wpdt-bc-F3F9FE\"\n                                    data-cell-id=\"A10\"\n                data-col-index=\"0\"\n                data-row-index=\"9\"\n                style=\"                padding:10px;\"\n                >\n                                Par personne \u00e0 charge suppl\u00e9mentaire                <\/td>\n                                            <td class=\"wpdt-cell wpdt-bc-FFFFFF\"\n                                    data-cell-id=\"B10\"\n                data-col-index=\"1\"\n                data-row-index=\"9\"\n                style=\"                padding:10px;\"\n                >\n                                + 346                <\/td>\n                                        <\/tr>\n                    <\/table>\n<\/div><style id='wpdt-custom-style-145'>\ntable#wpdtSimpleTable-145{ table-layout: fixed !important; }\n.wpdt-bc-F3F9FE { background-color: #F3F9FE !important;}\n.wpdt-bc-FFFFFF { background-color: #FFFFFF !important;}\n<\/style>\n<\/p>\n<p style=\"text-align: justify;\">La pension alimentaire compte \u00e9galement dans le calcul de l\u2019APL.<\/p>\n<p><iframe loading=\"lazy\" title=\"L&#039;APL\" width=\"500\" height=\"281\" src=\"https:\/\/www.youtube.com\/embed\/dfDRI2qg_z4?feature=oembed\" frameborder=\"0\" allow=\"accelerometer; autoplay; clipboard-write; encrypted-media; gyroscope; picture-in-picture; web-share\" referrerpolicy=\"strict-origin-when-cross-origin\" allowfullscreen><\/iframe><\/p>\n<h1 style=\"text-align: justify;\">Faire la demande d&rsquo;APL<\/h1>\n<p style=\"text-align: justify;\">Pour faire votre demande d\u2019APL, vous devez vous rendre sur le site de la CAF ou de la <a href=\"https:\/\/www.msa.fr\/lfp\" target=\"_blank\" rel=\"noopener\">MSA<\/a>. <b>Pour cela, rendez-vous dans votre espace personnel.<\/b>\u00a0La plupart des prestations sociales vers\u00e9es par ces organismes sont d\u00e9mat\u00e9rialis\u00e9es.<\/p>\n<h1 style=\"text-align: justify;\"><span id=\"Versement_de_laide\"><b>Le versement de l&rsquo;APL<\/b><\/span><\/h1>\n<p class=\"amp-wp-7d27179\" style=\"text-align: justify;\" data-amp-original-style=\"text-align: justify;\"><b>L\u2019Aide Personnalis\u00e9e au Logement est vers\u00e9e tous les mois.<\/b>\u00a0Dans le cas o\u00f9 vous seriez locataire, cette aide sera souvent vers\u00e9e directement au propri\u00e9taire de votre logement, ou au gestionnaire de celui-ci. Suite \u00e0 cela, il r\u00e9duira cette somme du montant de votre loyer.<\/p>\n<h1 style=\"text-align: justify;\" data-amp-original-style=\"text-align: justify;\">L&rsquo;APL jeune pour les \u00e9tudiants locataires<\/h1>\n<p style=\"text-align: justify;\"><span class=\"amp-wp-fe3f5cc\" data-amp-original-style=\"font-weight: 400;\"><b>L&rsquo;APL peut \u00eatre vers\u00e9e aux \u00e9tudiants\u00a0 qui sont locataires de leur logement.\u00a0<\/b><\/span><span class=\"amp-wp-fe3f5cc\" data-amp-original-style=\"font-weight: 400;\">Cette allocation est disponible peu importe qu\u2019il s\u2019agisse d\u2019une location aupr\u00e8s d\u2019un bailleur ou d&rsquo;une r\u00e9sidence \u00e9tudiante.<\/span><\/p>\n<p style=\"text-align: justify;\"><span style=\"font-weight: 400;\"><div class='cta-block'><div class='text'>Simulez toutes vos Aides en 2 min.<\/div><a href='' class='app-button fit'>Simulation gratuite<\/a><\/div><\/span><\/p>\n<h2 style=\"text-align: justify;\">Les conditions d&rsquo;obtention<\/h2>\n<p style=\"text-align: justify;\"><b>Il faut r\u00e9unir plusieurs conditions pour obtenir l&rsquo;APL en tant qu&rsquo;\u00e9tudiant :<\/b><\/p>\n<ul style=\"text-align: justify;\">\n<li style=\"text-align: justify;\"><span class=\"amp-wp-fe3f5cc\" data-amp-original-style=\"font-weight: 400;\">\u00catre de nationalit\u00e9 fran\u00e7aise ou \u00eatre \u00e9tranger en situation r\u00e9guli\u00e8re.<\/span><\/li>\n<li style=\"text-align: justify;\">\u00catre locataire, ou colocataire, sans que le propri\u00e9taire du logement ne soit un membre de votre famille. Il est \u00e9galement possible d&rsquo;\u00eatre sous-locataire, il faut pour cela avoir moins de 30 ans et\/ou \u00eatre en situation de handicap et h\u00e9berg\u00e9 par un accueillant familial<\/li>\n<li style=\"text-align: justify;\">La location soit situ\u00e9e en France<\/li>\n<li style=\"text-align: justify;\">La location doit \u00eatre la r\u00e9sidence principale du demandeur.<\/li>\n<li style=\"text-align: justify;\">Avoir des ressources inf\u00e9rieures aux plafonds<\/li>\n<li style=\"text-align: justify;\">Ne pas \u00eatre log\u00e9 gratuitement<\/li>\n<li style=\"text-align: justify;\">Ne pas \u00eatre b\u00e9n\u00e9ficiaire de l&rsquo;ALS ou de l&rsquo;ALF<\/li>\n<\/ul>\n<p style=\"text-align: justify;\"><span class=\"amp-wp-fe3f5cc\" data-amp-original-style=\"font-weight: 400;\">Il faut \u00e9galement que le logement r\u00e9ponde \u00e0 des crit\u00e8res de d\u00e9cence d\u00e9finis par le d\u00e9cret 2002-120 du 30 janvier 2002. <\/span><b><span class=\"amp-wp-fe3f5cc\" data-amp-original-style=\"font-weight: 400;\">Le logement doit \u00e9galement mesurer au minimum 9m\u00b2 pour une personne seule et 16m\u00b2 pour un couple.\u00a0<\/span><span class=\"amp-wp-fe3f5cc\" data-amp-original-style=\"font-weight: 400;\">Ce logement doit \u00e9galement \u00eatre occup\u00e9 au moins huit mois par an.<\/span><\/b><\/p>\n","protected":false},"excerpt":{"rendered":"<p>[Mis \u00e0 jour le 06\/01\/2026] L\u2019APL est une aide financi\u00e8re vers\u00e9e par la Caisse d\u2019Allocations Familiales (CAF) ou la Mutualit\u00e9 Sociale Agricole (MSA). Cette aide par situation est disponible pour toute personne qui loue ou r\u00e9side dans un foyer. Mes Allocs vous explique tout juste ici. Qu\u2019est-ce que l\u2019APL ? L\u2019APL repr\u00e9sente trois aides financi\u00e8res [&hellip;]<\/p>\n","protected":false},"author":13,"featured_media":55813,"comment_status":"closed","ping_status":"open","sticky":false,"template":"","format":"standard","meta":{"amp_status":"","footnotes":""},"categories":[1,4],"tags":[],"class_list":["post-55803","post","type-post","status-publish","format-standard","has-post-thumbnail","hentry","category-aide-logement","category-apl"],"yoast_head":"<!-- This site is optimized with the Yoast SEO plugin v14.9 - https:\/\/yoast.com\/wordpress\/plugins\/seo\/ -->\n<title>L&#039;APL pour les locataires | Mes-Allocs.fr<\/title>\n<meta name=\"description\" content=\"L\u2019APL est une aide financi\u00e8re vers\u00e9e par la Caisse d\u2019Allocations Familiales (CAF) ou la Mutualit\u00e9 Sociale Agricole (MSA).\" \/>\n<meta name=\"robots\" content=\"index, follow, max-snippet:-1, max-image-preview:large, max-video-preview:-1\" \/>\n<link rel=\"canonical\" href=\"https:\/\/www.mes-allocs.fr\/guides\/aide-logement\/apl\/apl-locataire\/\" \/>\n<meta property=\"og:locale\" content=\"fr_FR\" \/>\n<meta property=\"og:type\" content=\"article\" \/>\n<meta property=\"og:title\" content=\"L&#039;APL pour les locataires | Mes-Allocs.fr\" \/>\n<meta property=\"og:description\" content=\"L\u2019APL est une aide financi\u00e8re vers\u00e9e par la Caisse d\u2019Allocations Familiales (CAF) ou la Mutualit\u00e9 Sociale Agricole (MSA).\" \/>\n<meta property=\"og:url\" content=\"https:\/\/www.mes-allocs.fr\/guides\/aide-logement\/apl\/apl-locataire\/\" \/>\n<meta property=\"og:site_name\" content=\"Mes-Allocs.fr\" \/>\n<meta property=\"article:published_time\" content=\"2022-10-10T17:53:03+00:00\" \/>\n<meta property=\"article:modified_time\" content=\"2026-01-06T16:01:46+00:00\" \/>\n<meta property=\"og:image\" content=\"https:\/\/www.mes-allocs.fr\/guides\/wp-content\/uploads\/2022\/08\/sidekix-media-WgkA3CSFrjc-unsplash-e1661757598629.jpg?wsr\" \/>\n\t<meta property=\"og:image:width\" content=\"1920\" \/>\n\t<meta property=\"og:image:height\" content=\"465\" \/>\n<meta name=\"twitter:card\" content=\"summary_large_image\" \/>\n<script type=\"application\/ld+json\" class=\"yoast-schema-graph\">{\"@context\":\"https:\/\/schema.org\",\"@graph\":[{\"@type\":\"WebSite\",\"@id\":\"https:\/\/www.mes-allocs.fr\/guides\/#website\",\"url\":\"https:\/\/www.mes-allocs.fr\/guides\/\",\"name\":\"Mes-Allocs.fr\",\"description\":\"\",\"potentialAction\":[{\"@type\":\"SearchAction\",\"target\":\"https:\/\/www.mes-allocs.fr\/guides\/?s={search_term_string}\",\"query-input\":\"required name=search_term_string\"}],\"inLanguage\":\"fr-FR\"},{\"@type\":\"ImageObject\",\"@id\":\"https:\/\/www.mes-allocs.fr\/guides\/aide-logement\/apl\/apl-locataire\/#primaryimage\",\"inLanguage\":\"fr-FR\",\"url\":\"https:\/\/www.mes-allocs.fr\/guides\/wp-content\/uploads\/2022\/08\/sidekix-media-WgkA3CSFrjc-unsplash-e1661757598629.jpg?wsr\",\"width\":1920,\"height\":465,\"caption\":\"apl locataire\"},{\"@type\":\"WebPage\",\"@id\":\"https:\/\/www.mes-allocs.fr\/guides\/aide-logement\/apl\/apl-locataire\/#webpage\",\"url\":\"https:\/\/www.mes-allocs.fr\/guides\/aide-logement\/apl\/apl-locataire\/\",\"name\":\"L'APL pour les locataires | Mes-Allocs.fr\",\"isPartOf\":{\"@id\":\"https:\/\/www.mes-allocs.fr\/guides\/#website\"},\"primaryImageOfPage\":{\"@id\":\"https:\/\/www.mes-allocs.fr\/guides\/aide-logement\/apl\/apl-locataire\/#primaryimage\"},\"datePublished\":\"2022-10-10T17:53:03+00:00\",\"dateModified\":\"2026-01-06T16:01:46+00:00\",\"author\":{\"@id\":\"https:\/\/www.mes-allocs.fr\/guides\/#\/schema\/person\/c22c1269332026958a3b5505f80b5404\"},\"description\":\"L\\u2019APL est une aide financi\\u00e8re vers\\u00e9e par la Caisse d\\u2019Allocations Familiales (CAF) ou la Mutualit\\u00e9 Sociale Agricole (MSA).\",\"inLanguage\":\"fr-FR\"},{\"@type\":\"Person\",\"@id\":\"https:\/\/www.mes-allocs.fr\/guides\/#\/schema\/person\/c22c1269332026958a3b5505f80b5404\",\"name\":\"Flavien Fritz\",\"image\":{\"@type\":\"ImageObject\",\"@id\":\"https:\/\/www.mes-allocs.fr\/guides\/#personlogo\",\"inLanguage\":\"fr-FR\",\"url\":\"https:\/\/www.mes-allocs.fr\/guides\/wp-content\/uploads\/2021\/11\/Flavien-1-150x150.png\",\"caption\":\"Flavien Fritz\"},\"description\":\"Flavien est r\\u00e9dacteur au sein de l'\\u00e9quipe Mes Allocs, sp\\u00e9cialis\\u00e9 en droit priv\\u00e9. Dipl\\u00f4m\\u00e9 de l'Institut Catholique de Vend\\u00e9e, il rejoint Mes Allocs apr\\u00e8s une premi\\u00e8re exp\\u00e9rience entrepreneuriale.\",\"sameAs\":[\"https:\/\/fr.linkedin.com\/in\/flavienfritz\"]}]}<\/script>\n<!-- \/ Yoast SEO plugin. -->","amp_validity":null,"acf":{"faq":{"1":{"question":"\ud83e\udd14Qui peut obtenir l'APL ?","answer":"Que vous soyez locataire,\u00a0colocataire, sous-locataire, vous avez acc\u00e8s \u00e0 l\u2019Aide Personnalis\u00e9 au Logement.\r\n<br> <a href=\"https:\/\/www.mes-allocs.fr\/guides\/aide-par-situation\/aide-locataire\/apl-locataire\/\">Lire la suite<\/a>\r\n"},"2":{"question":"\ud83e\uddd0Peut-on obtenir l'APL pour plusieurs logements ?","answer":"L\u2019APL ne peut vous \u00eatre accord\u00e9e que pour votre r\u00e9sidence principale sur le territoire fran\u00e7ais.\r\n<br> <a href=\"https:\/\/www.mes-allocs.fr\/guides\/aide-par-situation\/aide-locataire\/apl-locataire\/\">Lire la suite<\/a>\r\n"},"3":{"question":"\ud83e\udd1dComment demander l'APL ?","answer":"Pour faire votre demande d\u2019APL, vous devez vous rendre sur le site de la CAF ou de la MSA.\r\n<br> <a href=\"https:\/\/www.mes-allocs.fr\/guides\/aide-par-situation\/aide-locataire\/apl-locataire\/\">Lire la suite<\/a>\r\n"},"4":{"question":"\ud83e\udd13Quand est vers\u00e9e l'APL ?","answer":"L\u2019Aide Personnalis\u00e9e au Logement est vers\u00e9e tous les mois.\r\n<br> <a href=\"https:\/\/www.mes-allocs.fr\/guides\/aide-par-situation\/aide-locataire\/apl-locataire\/\">Lire la suite<\/a>\r\n"},"5":{"question":"","answer":""},"6":{"question":"","answer":""},"7":{"question":"","answer":""},"8":{"question":"","answer":""},"9":{"question":"","answer":""},"10":{"question":"","answer":""},"11":{"question":"","answer":""},"12":{"question":"","answer":""},"13":{"question":"","answer":""},"14":{"question":"","answer":""},"15":{"question":"","answer":""},"16":{"question":"","answer":""}}},"_links":{"self":[{"href":"https:\/\/www.mes-allocs.fr\/guides\/wp-json\/wp\/v2\/posts\/55803","targetHints":{"allow":["GET"]}}],"collection":[{"href":"https:\/\/www.mes-allocs.fr\/guides\/wp-json\/wp\/v2\/posts"}],"about":[{"href":"https:\/\/www.mes-allocs.fr\/guides\/wp-json\/wp\/v2\/types\/post"}],"author":[{"embeddable":true,"href":"https:\/\/www.mes-allocs.fr\/guides\/wp-json\/wp\/v2\/users\/13"}],"replies":[{"embeddable":true,"href":"https:\/\/www.mes-allocs.fr\/guides\/wp-json\/wp\/v2\/comments?post=55803"}],"version-history":[{"count":17,"href":"https:\/\/www.mes-allocs.fr\/guides\/wp-json\/wp\/v2\/posts\/55803\/revisions"}],"predecessor-version":[{"id":107013,"href":"https:\/\/www.mes-allocs.fr\/guides\/wp-json\/wp\/v2\/posts\/55803\/revisions\/107013"}],"wp:featuredmedia":[{"embeddable":true,"href":"https:\/\/www.mes-allocs.fr\/guides\/wp-json\/wp\/v2\/media\/55813"}],"wp:attachment":[{"href":"https:\/\/www.mes-allocs.fr\/guides\/wp-json\/wp\/v2\/media?parent=55803"}],"wp:term":[{"taxonomy":"category","embeddable":true,"href":"https:\/\/www.mes-allocs.fr\/guides\/wp-json\/wp\/v2\/categories?post=55803"},{"taxonomy":"post_tag","embeddable":true,"href":"https:\/\/www.mes-allocs.fr\/guides\/wp-json\/wp\/v2\/tags?post=55803"}],"curies":[{"name":"wp","href":"https:\/\/api.w.org\/{rel}","templated":true}]}}