{"id":5572,"date":"2020-05-01T15:54:56","date_gmt":"2020-05-01T15:54:56","guid":{"rendered":"https:\/\/www.mes-allocs.fr\/guides\/?p=5572"},"modified":"2025-10-14T18:06:50","modified_gmt":"2025-10-14T16:06:50","slug":"aide-creation-entreprise","status":"publish","type":"post","link":"https:\/\/www.mes-allocs.fr\/guides\/aide-entreprise\/aide-creation-entreprise\/","title":{"rendered":"Toutes les aides financi\u00e8res disponibles \u00e0 la cr\u00e9ation d&rsquo;entreprise"},"content":{"rendered":"<p style=\"text-align: justify;\"><a href=\"https:\/\/www.mes-allocs.fr\/guides\/wp-content\/uploads\/2020\/05\/Toutes-les-aides-financie\u0300res-disponibles-a\u0300-la-creation-dentreprise-scaled-e1588707182168.jpg\"><img loading=\"lazy\" decoding=\"async\" class=\"aligncenter wp-image-6104 size-full\" src=\"https:\/\/www.mes-allocs.fr\/guides\/wp-content\/uploads\/2020\/05\/Toutes-les-aides-financie\u0300res-disponibles-a\u0300-la-creation-dentreprise-scaled-e1588707225106.jpg\" alt=\"Toutes les aides financi\u00e8res disponibles \u00e0 la creation d'entreprise\" width=\"1200\" height=\"318\" \/><\/a><strong>Il existe de multiples aides financi\u00e8res pour la cr\u00e9ation ou la reprise d&rsquo;une entreprise. Elles peuvent inclure des financements, voire des dispositifs d&rsquo;accompagnement cens\u00e9s assurer le d\u00e9veloppement de votre entreprise.<\/strong><\/p>\n<div class='cta-block'><div class='text'>Simulez toutes vos aides en 2 min.<\/div><a href='https:\/\/www.mes-allocs.fr\/ab-app?origin=guides\/wp-json\/wp\/v2\/posts\/5572' class='app-button fit'>Simulation gratuite<\/a><\/div>\n<h1>L&rsquo;aide \u00e0 la cr\u00e9ation ou \u00e0 la reprise d&rsquo;entreprise (ACRE)<\/h1>\n<h2>D\u00e9finition<\/h2>\n<header id=\"headerPage\">L&rsquo;ACRE est un dispositif favorisant la cr\u00e9ation et la reprise d&rsquo;entreprise, cr\u00e9\u00e9 en 2017. Elle ouvre la voie \u00e0 une <strong>exon\u00e9ration partielle des charges sociales, d\u00e8s le lancement <\/strong><strong>de l\u2019activit\u00e9<\/strong>. Ce dispositif est dit \u00ab\u00a0<span class=\"expression\">exon\u00e9ration de d\u00e9but d&rsquo;activit\u00e9<\/span>\u00ab\u00a0.<\/header>\n<header><\/header>\n<header><\/header>\n<header><\/header>\n<header><\/header>\n<header>En effet, l&rsquo;ann\u00e9e derni\u00e8re, les b\u00e9n\u00e9ficiaires de l&rsquo;Acre pouvaient pr\u00e9tendre \u00e0 une exon\u00e9ration allant de 75% pour la premi\u00e8re ann\u00e9e \u00e0 10% pour la troisi\u00e8me.<\/header>\n<header><\/header>\n<header><\/header>\n<header><\/header>\n<header><\/header>\n<header>Depuis le 1er janvier 2020, cette aide a \u00e9t\u00e9 r\u00e9vis\u00e9e. Le taux <strong>d\u2019exon\u00e9ration des charges sociales est d\u00e9sormais de 50% pour les b\u00e9n\u00e9ficiaires de l\u2019Acre<\/strong> : pour les quatre premiers trimestres d\u2019activit\u00e9. Par la suite, ces charges sont pr\u00e9lev\u00e9es au m\u00eame taux que les autres entrepreneurs.<\/header>\n<h2>Quelles sont les conditions d&rsquo;attribution ?<\/h2>\n<header>\n<div class=\"content-fiche\">\n<p>Les conditions d&rsquo;attribution d\u00e9pendent de votre date de souscription (avant le 1er janvier 2020 ou apr\u00e8s). N\u00e9anmoins, il existe des conditions g\u00e9n\u00e9rales, qui s&rsquo;appuient sur votre situation :<\/p>\n<\/div>\n<div class=\"fiche-item\">\n<div id=\"fiche-item-2situation1\" class=\"fiche-item-content collapse in\" aria-hidden=\"false\">\n<ul>\n<li>Demandeur d&#8217;emploi indemnis\u00e9,<\/li>\n<li>Demandeur d&#8217;emploi non indemnis\u00e9 (inscrit \u00e0 P\u00f4le emploi depuis plus de 6 mois au cours des 18 derniers mois),<\/li>\n<li>B\u00e9n\u00e9ficiaire de l&rsquo;allocation de solidarit\u00e9 sp\u00e9cifique (ASS) ou du revenu de solidarit\u00e9 active (RSA),<\/li>\n<li>Avoir entre 18 ans et moins de 26 ans,<\/li>\n<li>Cr\u00e9er ou reprendre une entreprise implant\u00e9e au sein d&rsquo;un quartier prioritaire de la ville (QPV),<\/li>\n<li>Avoir moins de 30 ans et \u00eatre reconnu handicap\u00e9,<\/li>\n<li>B\u00e9n\u00e9ficier de la prestation partag\u00e9e d&rsquo;\u00e9ducation de l&rsquo;enfant (PreParE)<\/li>\n<li>Avoir conclu un contrat d&rsquo;appui au projet d&rsquo;entreprise (Cape),<\/li>\n<li>\u00catre travailleur ind\u00e9pendant, sans relever du r\u00e9gime micro-social<\/li>\n<\/ul>\n<\/div>\n<\/div>\n<div class=\"fiche-item\">\n<div id=\"fiche-item-3situation1\" class=\"fiche-item-content collapse in\" aria-hidden=\"false\">\n<div class=\"fiche-item-demarche bloc-ressource\">\n<h2>O\u00f9 adresser ma demande d&rsquo;ACRE ?<\/h2>\n<\/div>\n<p>Votre demande doit \u00eatre envoy\u00e9e \u00e0 l&rsquo;Urssaf :<\/p>\n<ul>\n<li>au moment du d\u00e9p\u00f4t de votre dossier de cr\u00e9ation ou de reprise<\/li>\n<\/ul>\n<p><strong>ou<\/strong><\/p>\n<ul>\n<li>au plus tard dans les 45 jours suivants ce d\u00e9p\u00f4t<\/li>\n<\/ul>\n<h2>Comment fonctionne l&rsquo;exon\u00e9ration ?<\/h2>\n<\/div>\n<\/div>\n<div class=\"fiche-item\">\n<div id=\"fiche-item-4situation1\" class=\"fiche-item-content collapse in\" aria-hidden=\"false\">\n<p><strong>Votre exon\u00e9ration varie en fonction de vos revenus d&rsquo;activit\u00e9. La limite est fix\u00e9e \u00e0 35 325 \u20ac.<\/strong><\/p>\n<ul>\n<li><strong>Si vos revenus sont inf\u00e9rieurs \u00e0 ce seuil, l&rsquo;exon\u00e9ration est totale. Cela vaut pour l&rsquo;ann\u00e9e 2025.<\/strong><\/li>\n<\/ul>\n<p>Vous b\u00e9n\u00e9ficiez de l&rsquo;ACRE pendant une dur\u00e9e qui correspond \u00e0 des p\u00e9riodes.<\/p>\n<ul>\n<li><strong>Une p\u00e9riode = 4 trismestres civils.<\/strong><\/li>\n<\/ul>\n<div class=\"tab-content\">\n<div id=\"tab4403822668268322872-cas1\" class=\"tab-pane active\">\n<ul>\n<li><strong>La premi\u00e8re p\u00e9riode commence \u00e0 la date de cr\u00e9ation de votre activit\u00e9. Elle va jusqu&rsquo;\u00e0 la fin du troisi\u00e8me trimestre qui suit.<\/strong><\/li>\n<li><strong>Pendant cette premi\u00e8re p\u00e9riode, l&rsquo;exon\u00e9ration de cotisations sociales s&rsquo;\u00e9l\u00e8ve \u00e0 50%.<\/strong><\/li>\n<\/ul>\n<p>Le paiement des cotisations sociales est estim\u00e9 en appliquant au CA g\u00e9n\u00e9r\u00e9 par votre activt\u00e9, un taux variant selon votre secteur. Par cons\u00e9quent, le montant des cotisations est connu \u00e0 l&rsquo;avance.<\/p>\n<ul>\n<li><strong>Si vos revenus sont compris entre 35 325 \u20ac et 47 100 \u20ac<span class=\"prix\">, alors l&rsquo;exon\u00e9ration est d\u00e9gressive.<\/span><\/strong><\/li>\n<\/ul>\n<p>Ce montant d\u00e9gressif est calcul\u00e9 ainsi :<\/p>\n<p><strong>Montant de l\u2019exon\u00e9ration = (Cotisations dues pour 35 325<span class=\"prix\">\u00a0\u20ac<\/span> \/ <span class=\"prix\">10 998 \u20ac<\/span>) x (47 100<span class=\"prix\">\u00a0\u20ac<\/span> &#8211; revenu ou r\u00e9mun\u00e9ration).<\/strong><\/p>\n<p><iframe loading=\"lazy\" title=\"L&#039;ACRE\" width=\"500\" height=\"281\" src=\"https:\/\/www.youtube.com\/embed\/8bcid53zd-0?feature=oembed\" frameborder=\"0\" allow=\"accelerometer; autoplay; clipboard-write; encrypted-media; gyroscope; picture-in-picture; web-share\" referrerpolicy=\"strict-origin-when-cross-origin\" allowfullscreen><\/iframe><\/p>\n<\/div>\n<\/div>\n<\/div>\n<\/div>\n<h1>L&rsquo;aide \u00e0 la reprise et \u00e0 la cr\u00e9ation d\u2019entreprise (ARCE)<\/h1>\n<p style=\"text-align: justify;\">L&rsquo;ARCE est un dispositif de P\u00f4le Emploi qui permet aux demandeurs d\u2019emploi (et cr\u00e9ateurs d&rsquo;entreprise) de toucher leur allocation ch\u00f4mage, sous la forme de capital. Ces derniers ont aussi la possibilit\u00e9 de conserver leurs allocations pendant une p\u00e9riode d\u00e9finie.<\/p>\n<p style=\"text-align: justify;\">Si le cr\u00e9ateur d&rsquo;entreprise opte pour un versement sous forme de capital, il per\u00e7oit alors 45% des droits restants. Ils sont vers\u00e9s en deux fois, en six mois d&rsquo;intervalle.<\/p>\n<h1>L&rsquo;allocation d\u2019aide au retour \u00e0 l\u2019emploi (ARE)<\/h1>\n<p>Si vous avez un projet de cr\u00e9ation et que vous \u00eates inscrit \u00e0 P\u00f4le Emploi, vous pouvez conserver vos allocations ch\u00f4mage. Ce syst\u00e8me s&rsquo;adresse aux cr\u00e9ateurs ne souhaitant pas b\u00e9n\u00e9ficier du capital vers\u00e9 dans le cadre de l&rsquo;Arce.<\/p>\n<p>La continuit\u00e9 des versements est n\u00e9anmoins possibles et se fait en fonction du chiffres d&rsquo;affaires g\u00e9n\u00e9r\u00e9 par la nouvelle entreprise.<\/p>\n<div class='cta-block'><div class='text'>Simulez toutes vos aides en 2 min.<\/div><a href='https:\/\/www.mes-allocs.fr\/ab-app?origin=guides\/wp-json\/wp\/v2\/posts\/5572' class='app-button fit'>Simulation gratuite<\/a><\/div>\n<\/header>\n<h1><b>Le nouvel accompagnement pour la cr\u00e9ation ou la reprise d&rsquo;entreprise (NACRE)<\/b><\/h1>\n<p>L&rsquo;aide NACRE permet de cr\u00e9er son entreprise, \u00e0 l&rsquo;aide d&rsquo;un pr\u00eat \u00e0 taux z\u00e9ro. Elle prend trois formes :<\/p>\n<ul>\n<li>l&rsquo;\u00e9laboration du projet<\/li>\n<li>le financement (l&rsquo;octroi d&rsquo;un pr\u00eat \u00e0 taux z\u00e9ro)<\/li>\n<li>l&rsquo;accompagnement favorisant le d\u00e9veloppement de l&rsquo;entreprise (il est valable pendant 3 ans, suivant la cr\u00e9ation de l&rsquo;activit\u00e9)<\/li>\n<\/ul>\n<p>C&rsquo;est aupr\u00e8s d&rsquo;un organisme conventionn\u00e9 par l&rsquo;Etat (organisme d&rsquo;aide \u00e0 la cr\u00e9ation, association, CCI, expert-comptable, etc) que l&rsquo;aide NACRE est dispens\u00e9e.<\/p>\n<p>Elle s&rsquo;adresse aux personnes suivantes :<\/p>\n<ul>\n<li>demandeurs d&#8217;emploi,<\/li>\n<li>b\u00e9n\u00e9ficiaires du RSA,<\/li>\n<li>jeunes de moins 25 ans,<\/li>\n<li>salari\u00e9s d&rsquo;une entreprise en liquidation judiciaire,<\/li>\n<li>cr\u00e9ateurs d&rsquo;entreprise install\u00e9s dans un quartier prioritaire de la politique de la ville.<\/li>\n<\/ul>\n<h1>Activ\u2019Crea : la formation \u00e0 la cr\u00e9ation d\u2019entreprise de P\u00f4le Emploi<\/h1>\n<p>Depuis 2016, P\u00f4le Emploi met en place des formes d&rsquo;accompagnement collectives (ateliers, \u00e9changes, r\u00e9flexions communes) afin de guider ses b\u00e9n\u00e9ficiaires dans leur projet de cr\u00e9ation et reprise d\u2019entreprise.<\/p>\n<h1>Les aides \u00e0 la cr\u00e9ation d&rsquo;entreprise pour les femmes<\/h1>\n<p>Ces aides sont mises en place afin de pallier les difficult\u00e9s rencontr\u00e9es par les femmes dans le monde entrepreneurial :<\/p>\n<ul>\n<li>concilier vie professionnelle et familiale,<\/li>\n<li>int\u00e9grer un milieu traditionnellement masculin (le management, par exemple)<\/li>\n<\/ul>\n<p>Ces aides sont pens\u00e9es non pas stigmatiser les femmes, pour mais favoriser la parit\u00e9 dans le monde de l&rsquo;entreprise. Parmi elles, vous pouvez en solliciter deux types, qui concernent la cr\u00e9ation d\u2019entreprise :<\/p>\n<ul>\n<li>Les aides publiques, qui sont offertes par l\u2019Etat fran\u00e7ais ou par les collectivit\u00e9s territoriales,<\/li>\n<li>Les aides priv\u00e9es, dispens\u00e9es par des structures priv\u00e9es (par exemple, une association).<\/li>\n<\/ul>\n<p>Elles peuvent se traduire par des aides :<\/p>\n<ul>\n<li>financi\u00e8res (financement de votre projet)<\/li>\n<li>mat\u00e9rielles (accompagnement \u00e0 travers le d\u00e9veloppement de votre activit\u00e9)<\/li>\n<\/ul>\n<h2>La garantie \u00c9GALIT\u00c9<\/h2>\n<p>La garantie \u00c9GALIT\u00c9 (auparavant appel\u00e9e FGIG, fonds de garantie \u00e0 l\u2019initiative des femmes) a \u00e9t\u00e9 cr\u00e9\u00e9e par l\u2019organisme France Active.<\/p>\n<p>Elle a pour but de favoriser l&rsquo;acc\u00e8s des femmes au cr\u00e9dit, en vue de financer la cr\u00e9ation, la reprise ou le d\u00e9veloppement de leur entreprise. Et ce, en garantissant un ou plusieurs de vos pr\u00eats, peu importe votre statut, la forme juridique de votre entreprise et votre secteur d&rsquo;activit\u00e9.<\/p>\n<p>Plus exactement, elle garantit les pr\u00eats \u00e0 la cr\u00e9ation d&rsquo;entreprise, \u00e0 condition qu&rsquo;ils soient d&rsquo;au moins 24 mois (peu importe le montant). Afin de b\u00e9n\u00e9ficier de cette garantie, vous devez remplir deux conditions :<\/p>\n<ul>\n<li>La responsabilit\u00e9 de l\u2019entreprise doit \u00eatre assum\u00e9e en titre et en fait par une femme,<\/li>\n<li>Avoir cr\u00e9\u00e9 ou repris une entreprise depuis au moins 3 ans.<\/li>\n<\/ul>\n<p>Si votre demande de garantie \u00c9GALIT\u00c9 est accept\u00e9, vous b\u00e9n\u00e9ficierez alors des avantages suivants :<\/p>\n<ul>\n<li>Quotit\u00e9 garantie au maximum \u00e0 80 %,<\/li>\n<li>Montant garanti plafonn\u00e9 \u00e0 50.000 \u20ac (pass\u00e9 cette somme, vous n&rsquo;\u00eates plus \u00e9ligible \u00e0 la garantie),<\/li>\n<li>Absence de caution personnelle<\/li>\n<\/ul>\n<p><strong>En retour, vous devrez verser \u00e0 l\u2019organisme 2,5% du montant garanti.<\/strong><\/p>\n<h2><b>Les clubs locaux d\u2019\u00e9pargne pour les femmes qui entreprennent (CLEFE)<\/b><\/h2>\n<p style=\"text-align: justify;\">Mis en place par l\u2019association Racines, les clubs locaux d\u2019\u00e9pargnants offrent des pr\u00eats \u00e0 des cr\u00e9atrices d\u2019entreprise. \u00c0 cela s&rsquo;ajoute un r\u00e9seau d&rsquo;accompagnement qui met \u00e0 disposition de l&rsquo;entrepreneur des centres d&rsquo;appui et diverses personnes comp\u00e9tentes, ainsi qu&rsquo;un soutien psychologique.<b><br \/>\n<\/b><\/p>\n<p style=\"text-align: justify;\">Pour cela, les fonds regroupent 5 \u00e0 15 personnes qui effectuent des versements p\u00e9riodiques, selon le montant fix\u00e9 par les membres du CLEFE (entre 15 et 140\u20ac\/mois).<\/p>\n<p style=\"text-align: justify;\">Par rapport aux \u00e9tablissements financiers, les conditions de pr\u00eat sont plus favorables \u00e0 la femme entrepreneur.<\/p>\n<ul>\n<li style=\"text-align: justify;\">Pas de garantie, ni d\u2019apport personnel exig\u00e9,<\/li>\n<li>Taux d\u2019int\u00e9r\u00eats plus faibles et compr\u00e9hensifs, en cas de difficult\u00e9s.<\/li>\n<\/ul>\n<header>\n<h1>Quelles sont les aides fiscales accessibles pour cr\u00e9er ou reprendre une entreprise ?<\/h1>\n<p>Certaines entreprises peuvent b\u00e9n\u00e9ficier de r\u00e9duction ou d\u2019exon\u00e9ration d\u2019imp\u00f4ts, lors de leur cr\u00e9ation.<\/p>\n<h2>Exon\u00e9ration d\u2019imp\u00f4ts<\/h2>\n<p>Vous \u00eates \u00e9ligible \u00e0 l&rsquo;exon\u00e9ration d\u2019imp\u00f4ts, si vous implantez votre entreprise dans les lieux ci-dessous :<\/p>\n<ul>\n<li>Zone d&rsquo;aide \u00e0 finalit\u00e9 r\u00e9gionale (ZAFR),<\/li>\n<li>une zone franche urbaine (ZFU),<\/li>\n<li>une zone de revitalisation rurale (ZRR),<\/li>\n<li>un bassin d\u2019emploi \u00e0 redynamiser,<\/li>\n<li>un quartier prioritaire dans la ville (QPV),<\/li>\n<li>zone de restructuration de la d\u00e9fense (ZRD),<\/li>\n<\/ul>\n<p>Ces avantages fiscaux d\u00e9pend de la localisation de votre activit\u00e9.<\/p>\n<h2>Exon\u00e9ration de cotisation fonci\u00e8re des entreprises (CFE)<\/h2>\n<p>La CFE est due par l&rsquo;ensemble des entrepreneurs, sans distinction de statut ou de taille de leur entreprise.<\/p>\n<p>D&rsquo;ailleurs, les nouvelles entreprises sont concern\u00e9es par une exon\u00e9ration totale de CFE pour la premi\u00e8re ann\u00e9e. L&rsquo;ann\u00e9e suivante, la CFE sera r\u00e9duite de 50% de leur base d\u2019imposition.<\/p>\n<p><strong>Bon \u00e0 savoir : <\/strong>ce dispositif s&rsquo;applique automatiquement. Nul besoin d&rsquo;effectuer de d\u00e9marche sp\u00e9cifique.<\/p>\n<div class='cta-block'><div class='text'>Simulez toutes vos aides en 2 min.<\/div><a href='https:\/\/www.mes-allocs.fr\/ab-app?origin=guides\/wp-json\/wp\/v2\/posts\/5572' class='app-button fit'>Simulation gratuite<\/a><\/div>\n<\/header>\n","protected":false},"excerpt":{"rendered":"<p>Il existe de multiples aides financi\u00e8res pour la cr\u00e9ation ou la reprise d&rsquo;une entreprise. Elles peuvent inclure des financements, voire des dispositifs d&rsquo;accompagnement cens\u00e9s assurer le d\u00e9veloppement de votre entreprise. L&rsquo;aide \u00e0 la cr\u00e9ation ou \u00e0 la reprise d&rsquo;entreprise (ACRE) D\u00e9finition L&rsquo;ACRE est un dispositif favorisant la cr\u00e9ation et la reprise d&rsquo;entreprise, cr\u00e9\u00e9 en 2017. [&hellip;]<\/p>\n","protected":false},"author":10,"featured_media":6104,"comment_status":"open","ping_status":"open","sticky":false,"template":"","format":"standard","meta":{"amp_status":"","footnotes":""},"categories":[35853,1411],"tags":[],"class_list":["post-5572","post","type-post","status-publish","format-standard","has-post-thumbnail","hentry","category-aide-entreprise","category-aides-sociales"],"yoast_head":"<!-- This site is optimized with the Yoast SEO plugin v14.9 - https:\/\/yoast.com\/wordpress\/plugins\/seo\/ -->\n<title>Toutes les aides financi\u00e8res disponibles \u00e0 la cr\u00e9ation d&#039;entreprise<\/title>\n<meta name=\"description\" content=\"Ces aides financi\u00e8res incluent des financements et des dispositifs d&#039;accompagnement, cens\u00e9s favoriser le d\u00e9veloppement de votre entreprise.\u00a0\" \/>\n<meta name=\"robots\" content=\"index, follow, max-snippet:-1, max-image-preview:large, max-video-preview:-1\" \/>\n<link rel=\"canonical\" href=\"https:\/\/www.mes-allocs.fr\/guides\/aide-entreprise\/aide-creation-entreprise\/\" \/>\n<meta property=\"og:locale\" content=\"fr_FR\" \/>\n<meta property=\"og:type\" content=\"article\" \/>\n<meta property=\"og:title\" content=\"Toutes les aides financi\u00e8res disponibles \u00e0 la cr\u00e9ation d&#039;entreprise\" \/>\n<meta property=\"og:description\" content=\"Ces aides financi\u00e8res incluent des financements et des dispositifs d&#039;accompagnement, cens\u00e9s favoriser le d\u00e9veloppement de votre entreprise.\u00a0\" \/>\n<meta property=\"og:url\" content=\"https:\/\/www.mes-allocs.fr\/guides\/aide-entreprise\/aide-creation-entreprise\/\" \/>\n<meta property=\"og:site_name\" content=\"Mes-Allocs.fr\" \/>\n<meta property=\"article:published_time\" content=\"2020-05-01T15:54:56+00:00\" \/>\n<meta property=\"article:modified_time\" content=\"2025-10-14T16:06:50+00:00\" \/>\n<meta property=\"og:image\" content=\"https:\/\/www.mes-allocs.fr\/guides\/wp-content\/uploads\/2020\/05\/Toutes-les-aides-financie\u0300res-disponibles-a\u0300-la-creation-dentreprise-scaled.jpg?wsr\" \/>\n\t<meta property=\"og:image:width\" content=\"2560\" \/>\n\t<meta property=\"og:image:height\" content=\"1828\" \/>\n<meta name=\"twitter:card\" content=\"summary_large_image\" \/>\n<script type=\"application\/ld+json\" class=\"yoast-schema-graph\">{\"@context\":\"https:\/\/schema.org\",\"@graph\":[{\"@type\":\"WebSite\",\"@id\":\"https:\/\/www.mes-allocs.fr\/guides\/#website\",\"url\":\"https:\/\/www.mes-allocs.fr\/guides\/\",\"name\":\"Mes-Allocs.fr\",\"description\":\"\",\"potentialAction\":[{\"@type\":\"SearchAction\",\"target\":\"https:\/\/www.mes-allocs.fr\/guides\/?s={search_term_string}\",\"query-input\":\"required name=search_term_string\"}],\"inLanguage\":\"fr-FR\"},{\"@type\":\"ImageObject\",\"@id\":\"https:\/\/www.mes-allocs.fr\/guides\/aide-entreprise\/aide-creation-entreprise\/#primaryimage\",\"inLanguage\":\"fr-FR\",\"url\":\"https:\/\/www.mes-allocs.fr\/guides\/wp-content\/uploads\/2020\/05\/Toutes-les-aides-financie\\u0300res-disponibles-a\\u0300-la-creation-dentreprise-scaled.jpg?wsr\",\"width\":2560,\"height\":1828,\"caption\":\"Toutes les aides financie\\u0300res disponibles a\\u0300 la creation dentreprise scaled e1588707225106\"},{\"@type\":\"WebPage\",\"@id\":\"https:\/\/www.mes-allocs.fr\/guides\/aide-entreprise\/aide-creation-entreprise\/#webpage\",\"url\":\"https:\/\/www.mes-allocs.fr\/guides\/aide-entreprise\/aide-creation-entreprise\/\",\"name\":\"Toutes les aides financi\\u00e8res disponibles \\u00e0 la cr\\u00e9ation d'entreprise\",\"isPartOf\":{\"@id\":\"https:\/\/www.mes-allocs.fr\/guides\/#website\"},\"primaryImageOfPage\":{\"@id\":\"https:\/\/www.mes-allocs.fr\/guides\/aide-entreprise\/aide-creation-entreprise\/#primaryimage\"},\"datePublished\":\"2020-05-01T15:54:56+00:00\",\"dateModified\":\"2025-10-14T16:06:50+00:00\",\"author\":{\"@id\":\"https:\/\/www.mes-allocs.fr\/guides\/#\/schema\/person\/8d47b912c0ad15f379df96b4e4e33f58\"},\"description\":\"Ces aides financi\\u00e8res incluent des financements et des dispositifs d'accompagnement, cens\\u00e9s favoriser le d\\u00e9veloppement de votre entreprise.\\u00a0\",\"inLanguage\":\"fr-FR\"},{\"@type\":\"Person\",\"@id\":\"https:\/\/www.mes-allocs.fr\/guides\/#\/schema\/person\/8d47b912c0ad15f379df96b4e4e33f58\",\"name\":\"Constance de Cagny\",\"image\":{\"@type\":\"ImageObject\",\"@id\":\"https:\/\/www.mes-allocs.fr\/guides\/#personlogo\",\"inLanguage\":\"fr-FR\",\"url\":\"https:\/\/www.mes-allocs.fr\/guides\/wp-content\/uploads\/2021\/06\/Constance.2e8ee0b.png\",\"caption\":\"Constance de Cagny\"},\"description\":\"Constance est r\\u00e9dactrice au sein de l'\\u00e9quipe Mes Allocs. Elle a l'habitude d'\\u00e9crire sur les sujets conso, bons plans et \\u00e9conomies. Dipl\\u00f4m\\u00e9e de l'ENACO, elle rejoint Mes Allocs apr\\u00e8s une premi\\u00e8re exp\\u00e9rience en cabinet notarial.\",\"sameAs\":[\"https:\/\/www.linkedin.com\/in\/constance-de-cagny-mayeur-bbb414135\"]}]}<\/script>\n<!-- \/ Yoast SEO plugin. -->","amp_validity":null,"acf":{"faq":{"1":{"question":"Comment fonctionne l'aide sociale \u00e0 l'enfance ?","answer":"L'aide sociale \u00e0 l'enfance  s'organise en trois volets :\r\n\r\n- Un programme de sensibilisation destin\u00e9 \u00e0 informer les personnes concern\u00e9es par des mineurs en danger ou qui risquent de l'\u00eatre. Il s'agit de missions pr\u00e9ventives \u00e0 l'encontre des mineurs et de leurs familles ;\r\n- Un signalement \u00e0 l'autorit\u00e9 judiciaire ;\r\n- La mise en place d'une action sociale (protection de l'enfance, soutien mat\u00e9riel, \u00e9ducatif et psychologique etc) visant \u00e0 pourvoir aux besoins des mineurs concern\u00e9es, qu'il s'agisse d'enfants plac\u00e9s ou de jeune majeurs.\r\n\r\nIl existe deux types d'action :\r\n\r\n- l\u2019aide \u00e0 domicile met en place des interventions \u00e0 domicile ainsi que des aides financi\u00e8res.\r\n- la prise en charge mat\u00e9rielle correspond \u00e0 des mesures de placement en dehors du milieu familial. C'est en cela que les aides sociales \u00e0 l'enfance d\u00e9pendent des pouvoirs administratifs et judiciaires."},"2":{"question":"Qui g\u00e8re l'aide sociale \u00e0 l'enfance ?","answer":" L\u2019Aide Sociale \u00e0 l\u2019Enfance (ASE) est un dispositif du d\u00e9partement, r\u00e9gi par l'article L. 221-1 al.1 Code de l\u2019Action Sociale et des Famille). Il rel\u00e8ve de l\u2019autorit\u00e9 du pr\u00e9sident du conseil g\u00e9n\u00e9ral."},"3":{"question":"Qu'est-ce que l'accueil provisoire ?","answer":"L'accueil provisoire d'un mineur est mis en place suite \u00e0 la demande des d\u00e9tenteurs de l'autorit\u00e9 parentale. \r\n\r\nIl s'agit d'une mesure administrative permettant la prise en charge des mineurs au titre de l'ASE (Aide Sociale \u00e0 l'Enfance). "},"4":{"question":"Quel est le r\u00f4le de la protection de l'enfance ?","answer":"Le r\u00f4le de la protection de l'enfance est de garantir la prise en compte des besoins fondamentaux de l'enfant :\r\n \r\n- soutenir son d\u00e9veloppement physique, affectif, intellectuel et social\r\n- pr\u00e9server sa sant\u00e9, sa s\u00e9curit\u00e9, sa moralit\u00e9 et son \u00e9ducation."},"5":{"question":"C'est quoi un foyer de l'enfance ?","answer":"Les foyers de l\u2019enfance accueillent les mineurs en difficult\u00e9 ou en danger, qui ont \u00e9t\u00e9 confi\u00e9s par leur famille ou par mesure judiciaire, au service de l'Aide Sociale \u00e0 l'Enfance.\r\n\r\nLe placement en foyer de l'enfance sert \u00e0 assurer, la s\u00e9curit\u00e9, la sant\u00e9, l'\u00e9ducation et le d\u00e9veloppement social et culturel."},"6":{"question":"","answer":""},"7":{"question":"","answer":""},"8":{"question":"","answer":""},"9":{"question":"","answer":""},"10":{"question":"","answer":""},"11":{"question":"","answer":""},"12":{"question":"","answer":""},"13":{"question":"","answer":""},"14":{"question":"","answer":""},"15":{"question":"","answer":""},"16":{"question":"","answer":""}}},"_links":{"self":[{"href":"https:\/\/www.mes-allocs.fr\/guides\/wp-json\/wp\/v2\/posts\/5572","targetHints":{"allow":["GET"]}}],"collection":[{"href":"https:\/\/www.mes-allocs.fr\/guides\/wp-json\/wp\/v2\/posts"}],"about":[{"href":"https:\/\/www.mes-allocs.fr\/guides\/wp-json\/wp\/v2\/types\/post"}],"author":[{"embeddable":true,"href":"https:\/\/www.mes-allocs.fr\/guides\/wp-json\/wp\/v2\/users\/10"}],"replies":[{"embeddable":true,"href":"https:\/\/www.mes-allocs.fr\/guides\/wp-json\/wp\/v2\/comments?post=5572"}],"version-history":[{"count":42,"href":"https:\/\/www.mes-allocs.fr\/guides\/wp-json\/wp\/v2\/posts\/5572\/revisions"}],"predecessor-version":[{"id":95738,"href":"https:\/\/www.mes-allocs.fr\/guides\/wp-json\/wp\/v2\/posts\/5572\/revisions\/95738"}],"wp:featuredmedia":[{"embeddable":true,"href":"https:\/\/www.mes-allocs.fr\/guides\/wp-json\/wp\/v2\/media\/6104"}],"wp:attachment":[{"href":"https:\/\/www.mes-allocs.fr\/guides\/wp-json\/wp\/v2\/media?parent=5572"}],"wp:term":[{"taxonomy":"category","embeddable":true,"href":"https:\/\/www.mes-allocs.fr\/guides\/wp-json\/wp\/v2\/categories?post=5572"},{"taxonomy":"post_tag","embeddable":true,"href":"https:\/\/www.mes-allocs.fr\/guides\/wp-json\/wp\/v2\/tags?post=5572"}],"curies":[{"name":"wp","href":"https:\/\/api.w.org\/{rel}","templated":true}]}}