{"id":54872,"date":"2022-10-18T19:47:43","date_gmt":"2022-10-18T17:47:43","guid":{"rendered":"https:\/\/www.mes-allocs.fr\/guides\/?p=54872"},"modified":"2026-03-13T18:25:02","modified_gmt":"2026-03-13T17:25:02","slug":"carpimko-retraite","status":"publish","type":"post","link":"https:\/\/www.mes-allocs.fr\/guides\/retraite\/caisses-de-retraite\/carpimko-retraite\/","title":{"rendered":"CARPIMKO : retraite des auxiliaires m\u00e9dicaux"},"content":{"rendered":"<p style=\"text-align: justify;\"><b><img loading=\"lazy\" decoding=\"async\" class=\"alignnone wp-image-55939 size-full\" title=\"Carpimko retraite\" src=\"https:\/\/www.mes-allocs.fr\/guides\/wp-content\/uploads\/2022\/08\/CARPIMKO-e1661962315814.jpeg\" alt=\"Carpimko retraite\" width=\"1560\" height=\"273\" srcset=\"https:\/\/www.mes-allocs.fr\/guides\/wp-content\/uploads\/2022\/08\/CARPIMKO-e1661962315814.jpeg 1560w, https:\/\/www.mes-allocs.fr\/guides\/wp-content\/uploads\/2022\/08\/CARPIMKO-e1661962315814-300x53.jpeg 300w, https:\/\/www.mes-allocs.fr\/guides\/wp-content\/uploads\/2022\/08\/CARPIMKO-e1661962315814-1024x179.jpeg 1024w, https:\/\/www.mes-allocs.fr\/guides\/wp-content\/uploads\/2022\/08\/CARPIMKO-e1661962315814-768x134.jpeg 768w, https:\/\/www.mes-allocs.fr\/guides\/wp-content\/uploads\/2022\/08\/CARPIMKO-e1661962315814-1536x269.jpeg 1536w, https:\/\/www.mes-allocs.fr\/guides\/wp-content\/uploads\/2022\/08\/CARPIMKO-e1661962315814-600x105.jpeg 600w\" sizes=\"auto, (max-width: 1560px) 100vw, 1560px\" \/><\/b>[Mis \u00e0 jour le 13\/03\/2026] <b>En France, les travailleurs non-salari\u00e9s (TNS) ont l&rsquo;obligation d&rsquo;\u00eatre affili\u00e9s \u00e0 une caisse de <a href=\"https:\/\/www.mes-allocs.fr\/guides\/retraite\/\">retraite<\/a> obligatoire. Il existe une dizaine de caisse diff\u00e9rentes variables selon les professions. Ainsi, Carpimko est la caisse autonome de retraite et de pr\u00e9voyance des infirmiers, masseurs kin\u00e9sith\u00e9rapeutes, p\u00e9dicures-podologues, orthophonistes et orthoptistes. Mes Allocs r\u00e9pond \u00e0 toutes les questions sur la caisse de retraite Carpimko.<\/b><\/p>\n<div class='cta-block'><div class='text'>Simulez votre retraite en 2 min.<\/div><a href='https:\/\/www.mes-allocs.fr\/formulaire\/retraite?utm_source=seo&origin=guides\/wp-json\/wp\/v2\/posts\/54872' class='app-button fit'>Simulation gratuite<\/a><\/div>\n<h1 style=\"text-align: justify;\">Qu&rsquo;est-ce que c&rsquo;est Carpimko ?<\/h1>\n<p style=\"text-align: justify;\"><b>Depuis 1948, l&rsquo;organisme de la Carpimko est la <a href=\"https:\/\/www.mes-allocs.fr\/guides\/retraite\/caisse-de-retraite\/\">caisse de retraite<\/a> des auxiliaires m\u00e9dicaux lib\u00e9raux et des professionnels qui exercent en lib\u00e9ral. <\/b>Si d\u00e8s le d\u00e9part, seul un r\u00e9gime de base \u00e9tait mise en place, depuis lors deux autres r\u00e9gimes ont \u00e9t\u00e9 ajout\u00e9s \u00e0 la\u00a0CARPIMKO.<\/p>\n<p style=\"text-align: justify;\">Cet organismes permet aux assur\u00e9s d&rsquo;accumuler des points en cotisant pour leur propre retraite et pour celle des autres. <b>Ainsi, en cotisant \u00e0 la CARPIMKO, vous pouvez percevoir une retraite r\u00e9partie comme suit :<\/b><\/p>\n<ul style=\"text-align: justify;\">\n<li style=\"text-align: justify;\">Une retraite de base CNAVPL (Caisse Nationale d&rsquo;Assurance Vieillesse des Professions Lib\u00e9rales) ;<\/li>\n<li style=\"text-align: justify;\">Une retraite compl\u00e9mentaire CARPIMKO ;<\/li>\n<li>Un r\u00e9gime suppl\u00e9mentaire si vous \u00eates conventionn\u00e9, dit ASV (Avantage Social Vieillesse).<\/li>\n<\/ul>\n<h1 style=\"text-align: justify;\">Qui sont les affili\u00e9s de la\u00a0CARPIMKO ?<\/h1>\n<p style=\"text-align: justify;\">La structure est la caisse de retraite obligatoire des auxiliaires m\u00e9dicaux. <b>Ainsi, certains professionnels ont l&rsquo;obligation d&rsquo;adh\u00e9rer aupr\u00e8s de la Carpimko. \u00c0 savoir :<\/b><\/p>\n<ul style=\"text-align: justify;\">\n<li>Les infirmiers ;<\/li>\n<li>Les masseurs-kin\u00e9sith\u00e9rapeutes ;<\/li>\n<li>Les p\u00e9dicures-podologues ;<\/li>\n<li>Les orthophonistes ;<\/li>\n<li>Les orthoptistes.<\/li>\n<\/ul>\n<p style=\"text-align: justify;\"><b>Ces derniers doivent exercer en France et dans les d\u00e9partements d&rsquo;outre-mer \u00e0 titre lib\u00e9ral. Les auxiliaires m\u00e9dicaux lib\u00e9raux exer\u00e7ant une activit\u00e9 lib\u00e9rale en remplacement de leurs confr\u00e8res peuvent aussi s&rsquo;affilier \u00e0 la CARPIMKO.<\/b> Apr\u00e8s leur premier acte m\u00e9dical, ils disposent d&rsquo;un d\u00e9lai d&rsquo;un mois pour se se d\u00e9clarer \u00e0 la caisse de retraite.<\/p>\n<h1 style=\"text-align: justify;\">Comment fonctionne les cotisations Carpimko ?<\/h1>\n<p style=\"text-align: justify;\"><b>Le montant de la cotisation est calcul\u00e9 selon 2 tranches sur lesquelles sont appliqu\u00e9s des taux : 8.73 % sur les revenus de l\u2019ann\u00e9e pr\u00e9c\u00e9dente compris entre 0 et 1 PASS et 1.87 % sur les revenus compris entre 0 et 240 300 \u20ac.<\/b><\/p>\n<p style=\"text-align: justify;\">Pour la percevoir, il faut \u00eatre \u00e0 jour dans ses cotisations pour l&rsquo;ensemble des r\u00e9gimes de retraites auxquels vous \u00eates affili\u00e9.<\/p>\n<p style=\"text-align: justify;\">Les conditions sont les m\u00eames que pour le r\u00e9gime de base, mais la valeur du point diff\u00e8re. <b>Les cotisations sont calcul\u00e9es en fonction des revenus li\u00e9s \u00e0 l&rsquo;activit\u00e9 lib\u00e9rale exerc\u00e9e. <\/b>Ainsi, chaque ann\u00e9e, il faut d\u00e9clarer les revenus nets d&rsquo;activit\u00e9 non salari\u00e9e (apr\u00e8s avoir d\u00e9duit les frais professionnels).<\/p>\n<h1 style=\"text-align: justify;\">Carpimko : quelles sont les conditions de\u00a0d\u00e9part \u00e0 la retraite ?<\/h1>\n<p style=\"text-align: justify;\"><b>L\u2019\u00e2ge l\u00e9gal de d\u00e9part \u00e0 la retraite d\u00e9pend de l\u2019ann\u00e9e de naissance de l\u2019assur\u00e9 variant entre 62 et 64 ans.<\/b> En outre, l\u2019\u00e2ge de d\u00e9part \u00e0 taux plein varie entre 65 et 67 ans pour les affili\u00e9s au r\u00e9gime de retraite compl\u00e9mentaire de la CARPIMKO.<\/p>\n<p style=\"text-align: justify;\">Toutefois, vous pouvez percevoir une pension \u00e0 taux plein \u00e0 partir de l&rsquo;\u00e2ge l\u00e9gal de la retraite sous r\u00e9serve de justifier de la dur\u00e9e d&rsquo;assurance requise pour le taux plein dans le r\u00e9gime de base.<\/p>\n<p style=\"text-align: justify;\"><b>Il existe \u00e9galement des situations particuli\u00e8res o\u00f9 une pension peut \u00eatre liquid\u00e9e sans abattement\u00a0:<\/b><\/p>\n<ul style=\"text-align: justify;\">\n<li>Inaptitude au travail m\u00e9dicalement constat\u00e9e ;<\/li>\n<li>Il justifie (tous r\u00e9gimes confondus) de la dur\u00e9e d\u2019assurance requise ;<\/li>\n<li>Ancien intern\u00e9 ou d\u00e9port\u00e9 ;<\/li>\n<li>Ancien prisonnier de guerre ;<\/li>\n<li>Anciens combattants.<\/li>\n<\/ul>\n<h1 style=\"text-align: justify;\">Quel est le montant de la pension de retraite \u00e0 la Carpimko ?<\/h1>\n<p style=\"text-align: justify;\"><b>Comme \u00e9voqu\u00e9 pr\u00e9c\u00e9demment, le\u00a0montant de la retraite est compos\u00e9 de 3 parties, toutes g\u00e9r\u00e9es par votre caisse.<\/b> La retraite compl\u00e9mentaire compl\u00e8te la retraite de base. Elle est calcul\u00e9e sur syst\u00e8me de points.<\/p>\n<p style=\"text-align: justify;\">La formule \u00e0 appliquer est la suivante :<\/p>\n<p style=\"text-align: center;\"><strong>Valeur du point X Nombre de points X Taux de pension<\/strong><\/p>\n<p style=\"text-align: justify;\"><b>\u00c0 savoir que le taux de pension est de 100 % lorsque la pension ne subit pas de minoration, il est inf\u00e9rieur dans le cas contraire. La valeur du point est de 0,6599 euros en 2026.<\/b> Le nombre de points acquis est proportionnel aux cotisations de\u00a0l\u2019assur\u00e9, celle-ci \u00e9tant d\u00e9termin\u00e9e par ses revenus professionnels.<\/p>\n<p style=\"text-align: justify;\"><i>Exemple : Marie est n\u00e9e 1954 et part \u00e0 la retraite \u00e0 65 ans. En ayant accumul\u00e9 400 points de r\u00e9gime compl\u00e9mentaire, cette derni\u00e8re s&rsquo;\u00e9l\u00e8ve alors \u00e0 263,96 euros brut annuel (400 x 0,6599).\u00a0<\/i><\/p>\n<h2 style=\"text-align: justify;\">Les d\u00e9cotes et surcotes<\/h2>\n<p style=\"text-align: justify;\">Il est possible de percevoir une pension \u00e0 taux r\u00e9duit \u00e0 partir de 62 ans. <b>Une d\u00e9cote de 4 % par ann\u00e9e manquante s&rsquo;applique, compl\u00e9t\u00e9 par 0,25 % par trimestre manquant pour atteindre la dur\u00e9e l\u00e9gale d&rsquo;assurance (entre 166 et 172 trimestres suivant l&rsquo;ann\u00e9e de naissance) ou l&rsquo;\u00e2ge de 65 ans (on retient la dur\u00e9e la plus courte).<\/b> Des possibilit\u00e9s de rachat existent, pour r\u00e9duire l&rsquo;abattement.<\/p>\n<p style=\"text-align: justify;\"><b>Une surcote est appliqu\u00e9e lorsque vous continuez \u00e0 travailler apr\u00e8s l&rsquo;\u00e2ge l\u00e9gal de la retraite \u00e0 taux plein. vous b\u00e9n\u00e9ficiez d&rsquo;une surcote de 1,25\u00a0% par trimestre suppl\u00e9mentaire, dans la limite de 20 trimestres.<\/b>\u00a0Toutefois, seuls les trimestres travaill\u00e9s comptent apr\u00e8s le 1er janvier 2016. <b>En outre, la surcote s&rsquo;applique d\u00e8s lors que vous continuez de travailler apr\u00e8s l&rsquo;\u00e2ge l\u00e9gal de la retraite et avez donc cotis\u00e9 des trimestres suppl\u00e9mentaires.<\/b> Elle est de 0,75 % par trimestre en plus, depuis le 1er janvier 2004.<\/p>\n<h2 style=\"text-align: justify;\">Les cas de majoration<\/h2>\n<p style=\"text-align: justify;\">Il existe un certain nombre de majorations qui peuvent s&rsquo;appliquer sous certaines conditions \u00e0 la pension du r\u00e9gime de base depuis\u00a01er avril 2020. <b>Il s&rsquo;agit notamment \u00a0:<\/b><\/p>\n<ul style=\"text-align: justify;\">\n<li>D&rsquo;avoir eu un enfant ou de l&rsquo;avoir adopt\u00e9 ;<\/li>\n<li>D&rsquo;avoir eu ou \u00e9lev\u00e9 un enfant handicap\u00e9 ;<\/li>\n<li>D&rsquo;\u00eatre qualifi\u00e9 d&rsquo;aidant familial : depuis 2015, un trimestre est attribu\u00e9 pour chaque p\u00e9riode de prise en charge de 30 mois, ne pouvant exc\u00e9der 8 trimestres, en cas de cessation d&rsquo;activit\u00e9 afin de prendre en charge une personne atteinte d&rsquo;une incapacit\u00e9 permanente de 80 % en tant qu&rsquo;aidant familial ou de tierce personne, et selon certaines conditions.<\/li>\n<\/ul>\n<h1 style=\"text-align: justify;\">Comment\u00a0effectuer ma demande de retraite\u00a0?<\/h1>\n<p style=\"text-align: justify;\"><b>Il est possible de faire simplement votre demande de retraite directement sur le site www.info-retraite.fr ou par\u00a0courrier recommand\u00e9 indiquant la date de d\u00e9but de votre activit\u00e9 lib\u00e9rale. <\/b>Afin de vous affilier \u00e0 la CARPIMKO, vous devez compl\u00e9ter une d\u00e9claration d&rsquo;affiliation.\u00a0<b>Vous y devez joindre :<\/b><\/p>\n<ul style=\"text-align: justify;\">\n<li>Une copie de votre Carte de Professionnel de Sant\u00e9 ;<\/li>\n<li>Une attestation d\u2019inscription au r\u00e9pertoire ADELI si vous \u00eates infirmier, orthophoniste ou orthoptiste ;<\/li>\n<li>La notification d\u2019inscription au tableau de l\u2019ordre si vous \u00eates masseur-kin\u00e9sith\u00e9rapeute ou p\u00e9dicure-podologue ;<\/li>\n<li>Si vous effectuez des remplacements occasionnels, vous pouvez remplir l\u2019attestation \u00ab\u00a0Attestation de remplacement\u00a0\u00bb dans votre Espace Personnel ;<\/li>\n<li>Si votre conjoint est conjoint collaborateur : la d\u00e9claration faite au Centre de Formalit\u00e9s des Entreprises (CFE).<\/li>\n<\/ul>\n<p style=\"text-align: justify;\">En cas d\u2019exercice en soci\u00e9t\u00e9, les statuts de votre soci\u00e9t\u00e9 et le proc\u00e8s-verbal (ou autre justificatif) sur lequel figure la r\u00e9partition et la date d\u2019acquisition des parts du capital social.<\/p>\n<p style=\"text-align: justify;\"><b>Il est conseill\u00e9 de d\u00e9poser votre demande de retraite au moins 6 mois avant la date de prise d&rsquo;effet et d&rsquo;adresser \u00e0 la CARPIMKO toute validation de carri\u00e8re que vous poss\u00e9deriez d\u00e9j\u00e0.<\/b><\/p>\n<p><iframe loading=\"lazy\" title=\"Comment bien pr\u00e9parer sa retraite ?\" width=\"500\" height=\"281\" src=\"https:\/\/www.youtube.com\/embed\/nZ79Bmawt_M?feature=oembed\" frameborder=\"0\" allow=\"accelerometer; autoplay; clipboard-write; encrypted-media; gyroscope; picture-in-picture; web-share\" referrerpolicy=\"strict-origin-when-cross-origin\" allowfullscreen><\/iframe><\/p>\n<h1 style=\"text-align: justify;\">En quoi consiste l&rsquo;Allocation Suppl\u00e9mentaire de Vieillesse (ASV) ?<\/h1>\n<p style=\"text-align: justify;\"><b>Les praticiens et auxiliaires m\u00e9dicaux conventionn\u00e9s sont obligatoirement affili\u00e9s aux r\u00e9gimes des Allocations Suppl\u00e9mentaires de Vieillesse (ASV). <\/b>Les professionnels de sant\u00e9 dits \u00ab conventionn\u00e9s \u00bb ont adh\u00e9r\u00e9 \u00e0 la convention nationale conclue entre la S\u00e9curit\u00e9 sociale, le gouvernement et les principaux syndicats de leur profession.<\/p>\n<h2 style=\"text-align: justify;\">Quelles sont les cotisations du r\u00e9gime ASV ?<\/h2>\n<p style=\"text-align: justify;\"><b>Elles sont annuelles et sont divis\u00e9es en deux parts :<\/b><\/p>\n<ul style=\"text-align: justify;\">\n<li>Une part forfaitaire de 645 euros en 2026, dont 200 euros \u00e0 la charge du professionnel et le reste \u00e0 la charge de l&rsquo;assurance maladie.<\/li>\n<li>Une part proportionnelle de 0,4 % de revenus conventionn\u00e9s de l&rsquo;avant-derni\u00e8re ann\u00e9e, dans la limite de 5 fois le Plafond annuel de la S\u00e9curit\u00e9 sociale (PASS).\u00a060% du montant de la cotisation sont pris en charge par les caisses de retraite.<\/li>\n<\/ul>\n<h2 style=\"text-align: justify;\">Quelles sont les conditions de retraite ?<\/h2>\n<p style=\"text-align: justify;\"><b>\u00c0\u00a0partir de 65 ans, ou 60 ans en cas de r\u00e9gime invalidit\u00e9 ou incapacit\u00e9, \u00a0le professionnel peut en profiter.<\/b> Toutefois, une d\u00e9cote\u00a0de 5% est\u00a0appliqu\u00e9 par ann\u00e9e d&rsquo;anticipation \u00e0 partir de 60 ans.<\/p>\n<h2 style=\"text-align: justify;\">Comment calculer la pension de retraite ?<\/h2>\n<p style=\"text-align: justify;\">Comme pour les r\u00e9gime pr\u00e9c\u00e9dents, l\u2019ASV est un syst\u00e8me par points. <b>La formule de calcul est la suivante :<\/b><\/p>\n<p style=\"text-align: center;\"><b>Valeur du point x Nombre de points<\/b><\/p>\n<p style=\"text-align: justify;\">\u00c0 noter que les points n&rsquo;ont pas tous la m\u00eame valeur de liquidation, suivant la date de leur acquisition et de la<span class=\"Apple-converted-space\">\u00a0<\/span><span class=\"lexical-link\"><span class=\"lexical-word\">liquidation<\/span>. <b>En 2026, la valeur du point annuel est de 1,50 <\/b><\/span><span class=\"lexical-link\"><b>euros.<\/b><\/span><\/p>\n<p style=\"text-align: justify;\"><div class='cta-block'><div class='text'>Simulez votre retraite en 2 min.<\/div><a href='https:\/\/www.mes-allocs.fr\/formulaire\/retraite?utm_source=seo&origin=guides\/wp-json\/wp\/v2\/posts\/54872' class='app-button fit'>Simulation gratuite<\/a><\/div><\/p>\n","protected":false},"excerpt":{"rendered":"<p>[Mis \u00e0 jour le 13\/03\/2026] En France, les travailleurs non-salari\u00e9s (TNS) ont l&rsquo;obligation d&rsquo;\u00eatre affili\u00e9s \u00e0 une caisse de retraite obligatoire. Il existe une dizaine de caisse diff\u00e9rentes variables selon les professions. Ainsi, Carpimko est la caisse autonome de retraite et de pr\u00e9voyance des infirmiers, masseurs kin\u00e9sith\u00e9rapeutes, p\u00e9dicures-podologues, orthophonistes et orthoptistes. Mes Allocs r\u00e9pond \u00e0 [&hellip;]<\/p>\n","protected":false},"author":14,"featured_media":55938,"comment_status":"closed","ping_status":"open","sticky":false,"template":"","format":"standard","meta":{"amp_status":"","footnotes":""},"categories":[22793,19177],"tags":[],"class_list":["post-54872","post","type-post","status-publish","format-standard","has-post-thumbnail","hentry","category-caisses-de-retraite","category-retraite"],"yoast_head":"<!-- This site is optimized with the Yoast SEO plugin v14.9 - https:\/\/yoast.com\/wordpress\/plugins\/seo\/ -->\n<title>CARPIMKO : retraite des auxiliaires m\u00e9dicaux | Mes-Allocs.fr<\/title>\n<meta name=\"description\" content=\"Il existe une dizaine de caisses de retraite selon les professions. Carpimko prend en charge la retraite des auxiliaires m\u00e9dicaux lib\u00e9raux.\" \/>\n<meta name=\"robots\" content=\"index, follow, max-snippet:-1, max-image-preview:large, max-video-preview:-1\" \/>\n<link rel=\"canonical\" href=\"https:\/\/www.mes-allocs.fr\/guides\/retraite\/caisses-de-retraite\/carpimko-retraite\/\" \/>\n<meta property=\"og:locale\" content=\"fr_FR\" \/>\n<meta property=\"og:type\" content=\"article\" \/>\n<meta property=\"og:title\" content=\"CARPIMKO : retraite des auxiliaires m\u00e9dicaux | Mes-Allocs.fr\" \/>\n<meta property=\"og:description\" content=\"Il existe une dizaine de caisses de retraite selon les professions. Carpimko prend en charge la retraite des auxiliaires m\u00e9dicaux lib\u00e9raux.\" \/>\n<meta property=\"og:url\" content=\"https:\/\/www.mes-allocs.fr\/guides\/retraite\/caisses-de-retraite\/carpimko-retraite\/\" \/>\n<meta property=\"og:site_name\" content=\"Mes-Allocs.fr\" \/>\n<meta property=\"article:published_time\" content=\"2022-10-18T17:47:43+00:00\" \/>\n<meta property=\"article:modified_time\" content=\"2026-03-13T17:25:02+00:00\" \/>\n<meta property=\"og:image\" content=\"https:\/\/www.mes-allocs.fr\/guides\/wp-content\/uploads\/2022\/08\/CARPIMKO-3.jpeg?wsr\" \/>\n\t<meta property=\"og:image:width\" content=\"612\" \/>\n\t<meta property=\"og:image:height\" content=\"410\" \/>\n<meta name=\"twitter:card\" content=\"summary_large_image\" \/>\n<script type=\"application\/ld+json\" class=\"yoast-schema-graph\">{\"@context\":\"https:\/\/schema.org\",\"@graph\":[{\"@type\":\"WebSite\",\"@id\":\"https:\/\/www.mes-allocs.fr\/guides\/#website\",\"url\":\"https:\/\/www.mes-allocs.fr\/guides\/\",\"name\":\"Mes-Allocs.fr\",\"description\":\"\",\"potentialAction\":[{\"@type\":\"SearchAction\",\"target\":\"https:\/\/www.mes-allocs.fr\/guides\/?s={search_term_string}\",\"query-input\":\"required name=search_term_string\"}],\"inLanguage\":\"fr-FR\"},{\"@type\":\"ImageObject\",\"@id\":\"https:\/\/www.mes-allocs.fr\/guides\/retraite\/caisses-de-retraite\/carpimko-retraite\/#primaryimage\",\"inLanguage\":\"fr-FR\",\"url\":\"https:\/\/www.mes-allocs.fr\/guides\/wp-content\/uploads\/2022\/08\/CARPIMKO-3.jpeg?wsr\",\"width\":612,\"height\":410,\"caption\":\"Carpimko retraite\"},{\"@type\":\"WebPage\",\"@id\":\"https:\/\/www.mes-allocs.fr\/guides\/retraite\/caisses-de-retraite\/carpimko-retraite\/#webpage\",\"url\":\"https:\/\/www.mes-allocs.fr\/guides\/retraite\/caisses-de-retraite\/carpimko-retraite\/\",\"name\":\"CARPIMKO : retraite des auxiliaires m\\u00e9dicaux | Mes-Allocs.fr\",\"isPartOf\":{\"@id\":\"https:\/\/www.mes-allocs.fr\/guides\/#website\"},\"primaryImageOfPage\":{\"@id\":\"https:\/\/www.mes-allocs.fr\/guides\/retraite\/caisses-de-retraite\/carpimko-retraite\/#primaryimage\"},\"datePublished\":\"2022-10-18T17:47:43+00:00\",\"dateModified\":\"2026-03-13T17:25:02+00:00\",\"author\":{\"@id\":\"https:\/\/www.mes-allocs.fr\/guides\/#\/schema\/person\/a3de97298fd0ffc005ebdd5628b03ca8\"},\"description\":\"Il existe une dizaine de caisses de retraite selon les professions. Carpimko prend en charge la retraite des auxiliaires m\\u00e9dicaux lib\\u00e9raux.\",\"inLanguage\":\"fr-FR\"},{\"@type\":\"Person\",\"@id\":\"https:\/\/www.mes-allocs.fr\/guides\/#\/schema\/person\/a3de97298fd0ffc005ebdd5628b03ca8\",\"name\":\"Marina Ada Ondo\",\"image\":{\"@type\":\"ImageObject\",\"@id\":\"https:\/\/www.mes-allocs.fr\/guides\/#personlogo\",\"inLanguage\":\"fr-FR\",\"url\":\"https:\/\/www.mes-allocs.fr\/guides\/wp-content\/uploads\/2022\/02\/Photo-de-profil-150x150.png\",\"caption\":\"Marina Ada Ondo\"},\"description\":\"Marina est r\\u00e9dactrice au sein de l'\\u00e9quipe Mes Allocs, sp\\u00e9cialis\\u00e9e sur les aides aux jeunes. Dipl\\u00f4m\\u00e9e de l'ISFJ, elle rejoint Mes Allocs apr\\u00e8s une premi\\u00e8re exp\\u00e9rience en communication chez Little Africa, une agence de communication \\u00e0 Paris. Sur son temps libre, Marina lit beaucoup et passe ses dimanches au mus\\u00e9e.\",\"sameAs\":[\"https:\/\/www.linkedin.com\/in\/marinaadaondo\/\"]}]}<\/script>\n<!-- \/ Yoast SEO plugin. -->","amp_validity":null,"acf":{"faq":{"1":{"question":"Comment joindre la CARPIMKO ?","answer":"Vous pouvez la joindre par t\u00e9l\u00e9phone au 01 30 48 10 00 du lundi au vendredi de 8 h 45 \u00e0 12 h 45."},"2":{"question":"Qui cotise \u00e0 la CARPIMKO ?","answer":"L'affiliation est obligatoire pour tous les professionnels, infirmiers, masseurs- kin\u00e9sith\u00e9rapeutes, p\u00e9dicures-podologues, orthophonistes et orthoptistes, exer\u00e7ant une activit\u00e9 lib\u00e9rale, en France et dans les d\u00e9partements et r\u00e9gions d'outre-mer."},"3":{"question":"O\u00f9 trouver l'\u00e9ch\u00e9ancier CARPIMKO ?","answer":"Quelque soit les modalit\u00e9s de paiement choisies, un \u00e9ch\u00e9ancier figure sur l'appel de cotisation chaque ann\u00e9e."},"4":{"question":"Quand s'inscrire \u00e0 la CARPIMKO ?","answer":"L'affiliation prend effet le 1er jour du trimestre civil suivant le d\u00e9but d'activit\u00e9 lib\u00e9rale. Par exemple : si vous commencez le 3 avril, l'affiliation prendra effet le 1er juillet."},"5":{"question":"Comment cr\u00e9er un compte CARPIMKO ?","answer":"Pour cr\u00e9er votre espace personnel, rendez-vous sur www.carpimko.com et cliquez sur \u00ab Espace personnel \u00bb, en haut \u00e0 droite et suivre les instructions."},"6":{"question":"Quand s'inscrire \u00e0 l'URSSAF Idel ?","answer":"Vous devez vous inscrire \u00e0 l'URSSAF au maximum 8 jours apr\u00e8s le d\u00e9but de votre activit\u00e9 en tant que professionnel de sant\u00e9 lib\u00e9ral."},"7":{"question":"","answer":""},"8":{"question":"","answer":""},"9":{"question":"","answer":""},"10":{"question":"","answer":""},"11":{"question":"","answer":""},"12":{"question":"","answer":""},"13":{"question":"","answer":""},"14":{"question":"","answer":""},"15":{"question":"","answer":""},"16":{"question":"","answer":""}}},"_links":{"self":[{"href":"https:\/\/www.mes-allocs.fr\/guides\/wp-json\/wp\/v2\/posts\/54872","targetHints":{"allow":["GET"]}}],"collection":[{"href":"https:\/\/www.mes-allocs.fr\/guides\/wp-json\/wp\/v2\/posts"}],"about":[{"href":"https:\/\/www.mes-allocs.fr\/guides\/wp-json\/wp\/v2\/types\/post"}],"author":[{"embeddable":true,"href":"https:\/\/www.mes-allocs.fr\/guides\/wp-json\/wp\/v2\/users\/14"}],"replies":[{"embeddable":true,"href":"https:\/\/www.mes-allocs.fr\/guides\/wp-json\/wp\/v2\/comments?post=54872"}],"version-history":[{"count":17,"href":"https:\/\/www.mes-allocs.fr\/guides\/wp-json\/wp\/v2\/posts\/54872\/revisions"}],"predecessor-version":[{"id":110524,"href":"https:\/\/www.mes-allocs.fr\/guides\/wp-json\/wp\/v2\/posts\/54872\/revisions\/110524"}],"wp:featuredmedia":[{"embeddable":true,"href":"https:\/\/www.mes-allocs.fr\/guides\/wp-json\/wp\/v2\/media\/55938"}],"wp:attachment":[{"href":"https:\/\/www.mes-allocs.fr\/guides\/wp-json\/wp\/v2\/media?parent=54872"}],"wp:term":[{"taxonomy":"category","embeddable":true,"href":"https:\/\/www.mes-allocs.fr\/guides\/wp-json\/wp\/v2\/categories?post=54872"},{"taxonomy":"post_tag","embeddable":true,"href":"https:\/\/www.mes-allocs.fr\/guides\/wp-json\/wp\/v2\/tags?post=54872"}],"curies":[{"name":"wp","href":"https:\/\/api.w.org\/{rel}","templated":true}]}}