{"id":54802,"date":"2022-11-07T17:44:27","date_gmt":"2022-11-07T15:44:27","guid":{"rendered":"https:\/\/www.mes-allocs.fr\/guides\/?p=54802"},"modified":"2026-03-12T18:13:27","modified_gmt":"2026-03-12T17:13:27","slug":"carsat-retraite","status":"publish","type":"post","link":"https:\/\/www.mes-allocs.fr\/guides\/retraite\/caisses-de-retraite\/carsat-retraite\/","title":{"rendered":"Retraite Carsat : conditions, calcul, d\u00e9marches"},"content":{"rendered":"<p style=\"text-align: justify;\"><b><img loading=\"lazy\" decoding=\"async\" class=\"alignnone wp-image-57852 size-full\" title=\"carsat retraite\" src=\"https:\/\/www.mes-allocs.fr\/guides\/wp-content\/uploads\/2022\/11\/Tout-savoir-sur-la-caisse-de-retraite-Carsat-e1667835657648.jpeg\" alt=\"carsat retraite\" width=\"1560\" height=\"343\" srcset=\"https:\/\/www.mes-allocs.fr\/guides\/wp-content\/uploads\/2022\/11\/Tout-savoir-sur-la-caisse-de-retraite-Carsat-e1667835657648.jpeg 1560w, https:\/\/www.mes-allocs.fr\/guides\/wp-content\/uploads\/2022\/11\/Tout-savoir-sur-la-caisse-de-retraite-Carsat-e1667835657648-300x66.jpeg 300w, https:\/\/www.mes-allocs.fr\/guides\/wp-content\/uploads\/2022\/11\/Tout-savoir-sur-la-caisse-de-retraite-Carsat-e1667835657648-1024x225.jpeg 1024w, https:\/\/www.mes-allocs.fr\/guides\/wp-content\/uploads\/2022\/11\/Tout-savoir-sur-la-caisse-de-retraite-Carsat-e1667835657648-768x169.jpeg 768w, https:\/\/www.mes-allocs.fr\/guides\/wp-content\/uploads\/2022\/11\/Tout-savoir-sur-la-caisse-de-retraite-Carsat-e1667835657648-1536x338.jpeg 1536w, https:\/\/www.mes-allocs.fr\/guides\/wp-content\/uploads\/2022\/11\/Tout-savoir-sur-la-caisse-de-retraite-Carsat-e1667835657648-600x132.jpeg 600w\" sizes=\"auto, (max-width: 1560px) 100vw, 1560px\" \/><\/b>[Mis \u00e0 jour le 12\/03\/2026] <b>Depuis le 1er juillet 2021, la Carsat succ\u00e8de \u00e0 la Caisse R\u00e9gionale d&rsquo;Assurance Maladie (CRAM). L&rsquo;organisme intervient au niveau r\u00e9gional et se positionne comme le porte-parole des salari\u00e9s du r\u00e9gime g\u00e9n\u00e9ral de la s\u00e9curit\u00e9 sociale pour leur <a href=\"https:\/\/www.mes-allocs.fr\/guides\/retraite\/\">retraite<\/a>. Dans cet article, d\u00e9couvrez la retraite Carsat, la caisse d\u2019assurance retraite et de la sant\u00e9 au travail.<\/b><\/p>\n<div class='cta-block'><div class='text'>Simulez votre retraite en 2 min.<\/div><a href='https:\/\/www.mes-allocs.fr\/formulaire\/retraite?utm_source=seo&origin=guides\/wp-json\/wp\/v2\/posts\/54802' class='app-button fit'>Simulation gratuite<\/a><\/div>\n<h1><strong>Pr\u00e9sentation de la Caisse de retraite Carsat<\/strong><\/h1>\n<h2><strong>Qu\u2019est-ce que la Carsat et quel est son r\u00f4le ?<\/strong><\/h2>\n<p><span style=\"font-weight: 400;\">La<\/span><b> Caisse d\u2019Assurance Retraite et de la Sant\u00e9 au Travail (Carsat)<\/b><span style=\"font-weight: 400;\"> est un organisme public qui assure la gestion des r\u00e9gimes de retraite des salari\u00e9s du secteur priv\u00e9, ainsi que la couverture des risques professionnels. Cr\u00e9\u00e9e en remplacement des anciennes Cram (Caisses R\u00e9gionales d\u2019Assurance Maladie), la Carsat a pour mission de <\/span><b>g\u00e9rer les droits \u00e0 la retraite des assur\u00e9s<\/b><span style=\"font-weight: 400;\">, tout en prenant en charge les risques professionnels li\u00e9s \u00e0 l\u2019activit\u00e9 des travailleurs.\u00a0<\/span><\/p>\n<p><span style=\"font-weight: 400;\">Elle d\u00e9pend directement de la Caisse Nationale d&rsquo;Assurance Maladie (<\/span><b>CNAM<\/b><span style=\"font-weight: 400;\">) et de la Caisse Nationale de l&rsquo;Assurance Vieillesse des Travailleurs Salari\u00e9s (<\/span><b>CNAVTS<\/b><span style=\"font-weight: 400;\">).<\/span><\/p>\n<h2><strong>Qui peut \u00eatre affili\u00e9 \u00e0 la Carsat ?<\/strong><\/h2>\n<p><span style=\"font-weight: 400;\">La Carsat prend en charge<\/span><b> l\u2019ensemble des salari\u00e9s du r\u00e9gime g\u00e9n\u00e9ral de la S\u00e9curit\u00e9 sociale<\/b><span style=\"font-weight: 400;\">. Cela inclut les travailleurs du secteur priv\u00e9 cotisant pour leur retraite, ainsi que ceux qui b\u00e9n\u00e9ficient de la couverture des risques professionnels. En effet, bien que la gestion de la retraite se fasse au niveau national par la CNAV, la Carsat assure une gestion r\u00e9gionale, permettant un accompagnement plus personnalis\u00e9.<\/span><\/p>\n<p><span style=\"font-weight: 400;\">Elle offre aussi un suivi individuel, notamment pour l&rsquo;accompagnement des assur\u00e9s lors de leur d\u00e9part \u00e0 la retraite et l\u2019accompagnement li\u00e9 aux risques professionnels dans les entreprises.<\/span><\/p>\n<h1><strong>Quelles sont les conditions pour partir \u00e0 la retraite avec la Carsat ?<\/strong><\/h1>\n<p><span style=\"font-weight: 400;\">La retraite via la Carsat <\/span><b>n&rsquo;est pas attribu\u00e9e automatiquement<\/b><span style=\"font-weight: 400;\"> lorsque l\u2019\u00e2ge l\u00e9gal est atteint. Les assur\u00e9s doivent remplir certaines conditions pour pouvoir en b\u00e9n\u00e9ficier.<\/span><\/p>\n<h2><span style=\"font-weight: 400;\"><strong>\u00c2ge de d\u00e9part \u00e0 la retraite\u00a0<\/strong><\/span><\/h2>\n<p><span style=\"font-weight: 400;\">\u00a0Actuellement, l\u2019\u00e2ge l\u00e9gal de d\u00e9part \u00e0 la retraite varie<\/span><b> entre 62 et 9 mois et 64 ans<\/b><span style=\"font-weight: 400;\">, selon l&rsquo;ann\u00e9e de naissance de l&rsquo;assur\u00e9. Cependant, il est possible de partir plus t\u00f4t dans certains cas. Par exemple, les travailleurs ayant commenc\u00e9 leur carri\u00e8re plus jeunes ou ceux confront\u00e9s \u00e0 un handicap peuvent b\u00e9n\u00e9ficier d\u2019un d\u00e9part anticip\u00e9. Les salari\u00e9s ayant exerc\u00e9 un m\u00e9tier p\u00e9nible peuvent \u00e9galement obtenir un d\u00e9part anticip\u00e9 gr\u00e2ce \u00e0 la prise en compte de la p\u00e9nibilit\u00e9 de leur emploi.<\/span><\/p>\n<h2><strong>Le nombre de trimestres requis\u00a0<\/strong><\/h2>\n<p><span style=\"font-weight: 400;\">Pour b\u00e9n\u00e9ficier d\u2019une retraite \u00e0 taux plein, l\u2019assur\u00e9 doit avoir cotis\u00e9 le nombre de trimestres n\u00e9cessaires, qui varie selon l&rsquo;ann\u00e9e de naissance. Si le nombre de trimestres est insuffisant, il est possible de continuer \u00e0 travailler jusqu&rsquo;\u00e0<\/span><b> 65 ou 67 ans<\/b><span style=\"font-weight: 400;\"> pour compenser.<\/span><\/p>\n<p><iframe loading=\"lazy\" title=\"Comment bien pr\u00e9parer sa retraite ?\" width=\"500\" height=\"281\" src=\"https:\/\/www.youtube.com\/embed\/nZ79Bmawt_M?feature=oembed\" frameborder=\"0\" allow=\"accelerometer; autoplay; clipboard-write; encrypted-media; gyroscope; picture-in-picture; web-share\" referrerpolicy=\"strict-origin-when-cross-origin\" allowfullscreen><\/iframe><\/p>\n<h1><strong>Caisse de retraite Carsat : montants et taux de la pension de retraite<\/strong><\/h1>\n<h2><strong>Quels sont les taux de cotisation \u00e0 la Carsat ?<\/strong><\/h2>\n<p><span style=\"font-weight: 400;\">Les taux de cotisation \u00e0 la Carsat sont d\u00e9finis en fonction de plusieurs crit\u00e8res :<\/span><b> la taille de l\u2019entreprise<\/b><span style=\"font-weight: 400;\">, la <\/span><b>nature de son activit\u00e9<\/b><span style=\"font-weight: 400;\">, et les<\/span><b> risques professionnels<\/b><span style=\"font-weight: 400;\"> associ\u00e9s \u00e0 son secteur. Ces taux sont adapt\u00e9s chaque ann\u00e9e et sont r\u00e9glement\u00e9s au niveau national. Ils peuvent varier selon la cat\u00e9gorie de l&rsquo;entreprise, avec des taux sp\u00e9cifiques pour les entreprises de moins de 10 salari\u00e9s ou celles employant plus de 200 personnes.<\/span><\/p>\n<p><span style=\"font-weight: 400;\">En Alsace-Moselle, des r\u00e8gles particuli\u00e8res s\u2019appliquent en raison des sp\u00e9cificit\u00e9s juridiques li\u00e9es aux droits fran\u00e7ais et allemands.<\/span><\/p>\n<h2><strong>Comment est calcul\u00e9 le montant de votre retraite Carsat ?<\/strong><\/h2>\n<p><span style=\"font-weight: 400;\">Le montant de la retraite Carsat est calcul\u00e9 sur la base de plusieurs facteurs, dont la dur\u00e9e de cotisation, l\u2019\u00e2ge de d\u00e9part \u00e0 la retraite, et le revenu annuel moyen de l\u2019assur\u00e9. Pour d\u00e9terminer le montant de la pension, la Carsat applique une formule prenant en compte la moyenne des <\/span><b>25 meilleures ann\u00e9es de salaire<\/b><span style=\"font-weight: 400;\">.<\/span><\/p>\n<p><span style=\"font-weight: 400;\">La formule de calcul est la suivante :<\/span><span style=\"font-weight: 400;\"><br \/>\n<\/span> <b>Revenu annuel moyen x Taux x (Dur\u00e9e d\u2019assurance \/ Dur\u00e9e requise)<\/b><\/p>\n<p><span style=\"font-weight: 400;\">Le taux de remplacement, qui correspond \u00e0 la part du salaire de r\u00e9f\u00e9rence vers\u00e9e sous forme de retraite, peut atteindre jusqu\u2019\u00e0 50 % du salaire plafonn\u00e9 \u00e0 un seuil d\u00e9fini par la S\u00e9curit\u00e9 sociale, qui en 2026 est fix\u00e9 \u00e0 48 060\u20ac.<\/span><\/p>\n<p><span style=\"font-weight: 400;\">En cas de trimestres manquants pour obtenir une retraite \u00e0 taux plein, un coefficient de minoration est appliqu\u00e9, g\u00e9n\u00e9ralement de 1,25 % par trimestre manquant. Ce coefficient est plafonn\u00e9 \u00e0 25 % pour les assur\u00e9s n\u00e9s apr\u00e8s 1952.<\/span><\/p>\n<p><span style=\"font-weight: 400;\">\u00c0 l&rsquo;inverse, un salari\u00e9 qui continue \u00e0 travailler apr\u00e8s l\u2019\u00e2ge l\u00e9gal de la retraite et qui a cotis\u00e9 suffisamment d\u2019ann\u00e9es peut b\u00e9n\u00e9ficier d&rsquo;une surcote de 1,25 % par trimestre travaill\u00e9 au-del\u00e0 de l\u2019\u00e2ge l\u00e9gal.<\/span><\/p>\n<h1><strong>Comment faire une demande de retraite aupr\u00e8s de la Carsat ?<\/strong><\/h1>\n<p><span style=\"font-weight: 400;\">La demande de retraite doit \u00eatre effectu\u00e9e aupr\u00e8s de la Carsat <\/span><b>au moins 6 mois avant la date souhait\u00e9e de d\u00e9part<\/b><span style=\"font-weight: 400;\">. Cette d\u00e9marche est essentielle pour garantir que l\u2019assur\u00e9 per\u00e7oive ses droits \u00e0 temps et sans rupture de service. La demande peut \u00eatre faite en ligne sur le site officiel de l\u2019Assurance Retraite, via un espace personnel s\u00e9curis\u00e9.<\/span><\/p>\n<p><span style=\"font-weight: 400;\">Les \u00e9tapes \u00e0 suivre pour faire une demande de retraite sont les suivantes :<\/span><\/p>\n<ol>\n<li style=\"font-weight: 400;\" aria-level=\"1\"><span style=\"font-weight: 400;\">Se connecter \u00e0 l\u2019espace personnel sur le site de l\u2019Assurance Retraite via FranceConnect.<\/span><\/li>\n<li style=\"font-weight: 400;\" aria-level=\"1\"><span style=\"font-weight: 400;\">Demander la retraite pour tous les r\u00e9gimes de retraite (de base et compl\u00e9mentaire).<\/span><\/li>\n<li style=\"font-weight: 400;\" aria-level=\"1\"><span style=\"font-weight: 400;\">Fournir les pi\u00e8ces justificatives demand\u00e9es.<\/span><\/li>\n<li style=\"font-weight: 400;\" aria-level=\"1\"><span style=\"font-weight: 400;\">Un conseiller prendra contact avec le demandeur pour l\u2019informer de l\u2019avancement du dossier.<\/span><\/li>\n<\/ol>\n<p><span style=\"font-weight: 400;\">La demande de retraite peut concerner l\u2019ensemble des r\u00e9gimes de retraite, ce qui simplifie les d\u00e9marches.<\/span><\/p>\n<h1><strong>Quelles sont les modalit\u00e9s de paiement de la retraite Carsat ?<\/strong><\/h1>\n<p><span style=\"font-weight: 400;\">La pension de retraite est g\u00e9n\u00e9ralement vers\u00e9e <\/span><b>chaque mois<\/b><span style=\"font-weight: 400;\">, \u00e0 une date fixe, directement sur le compte bancaire de l\u2019assur\u00e9. Le montant exact de la retraite varie en fonction des cotisations et des trimestres valid\u00e9s par l\u2019assur\u00e9. Les assur\u00e9s peuvent consulter l\u2019\u00e9tat de leur dossier directement depuis leur espace personnel en ligne.<\/span><\/p>\n<p><span style=\"font-weight: 400;\">En cas de probl\u00e8me li\u00e9 au versement ou \u00e0 l\u2019\u00e9volution de la pension, il est recommand\u00e9 de contacter la Carsat pour obtenir des explications d\u00e9taill\u00e9es.<\/span><\/p>\n<h1><strong>Quels sont les droits du conjoint en cas de veuvage ?<\/strong><\/h1>\n<p><span style=\"font-weight: 400;\">Lorsqu&rsquo;un assur\u00e9 d\u00e9c\u00e8de, son conjoint ou ses enfants peuvent avoir droit \u00e0 une <\/span><b>pension de r\u00e9version<\/b><span style=\"font-weight: 400;\">. Cette pension est vers\u00e9e sous certaines conditions et permet au conjoint survivant de percevoir une partie de la pension de retraite de l\u2019assur\u00e9 d\u00e9c\u00e9d\u00e9. <\/span><b>Le conjoint doit \u00eatre \u00e2g\u00e9 d&rsquo;au moins 55 ans pour b\u00e9n\u00e9ficier de ce droit<\/b><span style=\"font-weight: 400;\">.<\/span><\/p>\n<p><span style=\"font-weight: 400;\">Pour faire une demande de pension de r\u00e9version, il est n\u00e9cessaire de <strong>notifier le d\u00e9c\u00e8s \u00e0 la Carsat,<\/strong> en envoyant un courrier avec les informations requises (<strong>nom, pr\u00e9nom, num\u00e9ro de s\u00e9curit\u00e9 sociale, et certificat de d\u00e9c\u00e8s si celui-ci a eu lieu \u00e0 l\u2019\u00e9tranger<\/strong>). La retraite du mois du d\u00e9c\u00e8s est enti\u00e8rement pay\u00e9e, et le versement des prestations est ensuite arr\u00eat\u00e9. Si des sommes restent dues, elles sont vers\u00e9es aux h\u00e9ritiers du d\u00e9funt sur pr\u00e9sentation d&rsquo;un justificatif.<\/span><\/p>\n<p><span style=\"font-weight: 400;\">La r\u00e9version est \u00e9galement accessible dans des situations sp\u00e9cifiques, comme la prise en charge d\u2019un enfant handicap\u00e9 ou la cohabitation avec le d\u00e9funt sous certaines conditions.<\/span><\/p>\n<p style=\"text-align: justify;\"><div class='cta-block'><div class='text'>Simulez votre retraite en 2 min.<\/div><a href='https:\/\/www.mes-allocs.fr\/formulaire\/retraite?utm_source=seo&origin=guides\/wp-json\/wp\/v2\/posts\/54802' class='app-button fit'>Simulation gratuite<\/a><\/div><\/p>\n","protected":false},"excerpt":{"rendered":"<p>[Mis \u00e0 jour le 12\/03\/2026] Depuis le 1er juillet 2021, la Carsat succ\u00e8de \u00e0 la Caisse R\u00e9gionale d&rsquo;Assurance Maladie (CRAM). L&rsquo;organisme intervient au niveau r\u00e9gional et se positionne comme le porte-parole des salari\u00e9s du r\u00e9gime g\u00e9n\u00e9ral de la s\u00e9curit\u00e9 sociale pour leur retraite. Dans cet article, d\u00e9couvrez la retraite Carsat, la caisse d\u2019assurance retraite et [&hellip;]<\/p>\n","protected":false},"author":14,"featured_media":57850,"comment_status":"closed","ping_status":"open","sticky":false,"template":"","format":"standard","meta":{"amp_status":"","footnotes":""},"categories":[22793,19177],"tags":[],"class_list":["post-54802","post","type-post","status-publish","format-standard","has-post-thumbnail","hentry","category-caisses-de-retraite","category-retraite"],"yoast_head":"<!-- This site is optimized with the Yoast SEO plugin v14.9 - https:\/\/yoast.com\/wordpress\/plugins\/seo\/ -->\n<title>Retraite Carsat : conditions, calcul, d\u00e9marches | Mes-Allocs.fr<\/title>\n<meta name=\"description\" content=\"La Carsat succ\u00e8de \u00e0 la CRAM pour la retraite. Mes Allocs vous explique comment faire votre retraite Carsat en 2026.\" \/>\n<meta name=\"robots\" content=\"index, follow, max-snippet:-1, max-image-preview:large, max-video-preview:-1\" \/>\n<link rel=\"canonical\" href=\"https:\/\/www.mes-allocs.fr\/guides\/retraite\/caisses-de-retraite\/carsat-retraite\/\" \/>\n<meta property=\"og:locale\" content=\"fr_FR\" \/>\n<meta property=\"og:type\" content=\"article\" \/>\n<meta property=\"og:title\" content=\"Retraite Carsat : conditions, calcul, d\u00e9marches | Mes-Allocs.fr\" \/>\n<meta property=\"og:description\" content=\"La Carsat succ\u00e8de \u00e0 la CRAM pour la retraite. Mes Allocs vous explique comment faire votre retraite Carsat en 2026.\" \/>\n<meta property=\"og:url\" content=\"https:\/\/www.mes-allocs.fr\/guides\/retraite\/caisses-de-retraite\/carsat-retraite\/\" \/>\n<meta property=\"og:site_name\" content=\"Mes-Allocs.fr\" \/>\n<meta property=\"article:published_time\" content=\"2022-11-07T15:44:27+00:00\" \/>\n<meta property=\"article:modified_time\" content=\"2026-03-12T17:13:27+00:00\" \/>\n<meta property=\"og:image\" content=\"https:\/\/www.mes-allocs.fr\/guides\/wp-content\/uploads\/2022\/11\/Tout-savoir-sur-la-caisse-de-retraite-Carsat-2.jpeg?wsr\" \/>\n\t<meta property=\"og:image:width\" content=\"612\" \/>\n\t<meta property=\"og:image:height\" content=\"408\" \/>\n<meta name=\"twitter:card\" content=\"summary_large_image\" \/>\n<script type=\"application\/ld+json\" class=\"yoast-schema-graph\">{\"@context\":\"https:\/\/schema.org\",\"@graph\":[{\"@type\":\"WebSite\",\"@id\":\"https:\/\/www.mes-allocs.fr\/guides\/#website\",\"url\":\"https:\/\/www.mes-allocs.fr\/guides\/\",\"name\":\"Mes-Allocs.fr\",\"description\":\"\",\"potentialAction\":[{\"@type\":\"SearchAction\",\"target\":\"https:\/\/www.mes-allocs.fr\/guides\/?s={search_term_string}\",\"query-input\":\"required name=search_term_string\"}],\"inLanguage\":\"fr-FR\"},{\"@type\":\"ImageObject\",\"@id\":\"https:\/\/www.mes-allocs.fr\/guides\/retraite\/caisses-de-retraite\/carsat-retraite\/#primaryimage\",\"inLanguage\":\"fr-FR\",\"url\":\"https:\/\/www.mes-allocs.fr\/guides\/wp-content\/uploads\/2022\/11\/Tout-savoir-sur-la-caisse-de-retraite-Carsat-2.jpeg?wsr\",\"width\":612,\"height\":408,\"caption\":\"carsat retraite\"},{\"@type\":\"WebPage\",\"@id\":\"https:\/\/www.mes-allocs.fr\/guides\/retraite\/caisses-de-retraite\/carsat-retraite\/#webpage\",\"url\":\"https:\/\/www.mes-allocs.fr\/guides\/retraite\/caisses-de-retraite\/carsat-retraite\/\",\"name\":\"Retraite Carsat : conditions, calcul, d\\u00e9marches | Mes-Allocs.fr\",\"isPartOf\":{\"@id\":\"https:\/\/www.mes-allocs.fr\/guides\/#website\"},\"primaryImageOfPage\":{\"@id\":\"https:\/\/www.mes-allocs.fr\/guides\/retraite\/caisses-de-retraite\/carsat-retraite\/#primaryimage\"},\"datePublished\":\"2022-11-07T15:44:27+00:00\",\"dateModified\":\"2026-03-12T17:13:27+00:00\",\"author\":{\"@id\":\"https:\/\/www.mes-allocs.fr\/guides\/#\/schema\/person\/a3de97298fd0ffc005ebdd5628b03ca8\"},\"description\":\"La Carsat succ\\u00e8de \\u00e0 la CRAM pour la retraite. Mes Allocs vous explique comment faire votre retraite Carsat en 2026.\",\"inLanguage\":\"fr-FR\"},{\"@type\":\"Person\",\"@id\":\"https:\/\/www.mes-allocs.fr\/guides\/#\/schema\/person\/a3de97298fd0ffc005ebdd5628b03ca8\",\"name\":\"Marina Ada Ondo\",\"image\":{\"@type\":\"ImageObject\",\"@id\":\"https:\/\/www.mes-allocs.fr\/guides\/#personlogo\",\"inLanguage\":\"fr-FR\",\"url\":\"https:\/\/www.mes-allocs.fr\/guides\/wp-content\/uploads\/2022\/02\/Photo-de-profil-150x150.png\",\"caption\":\"Marina Ada Ondo\"},\"description\":\"Marina est r\\u00e9dactrice au sein de l'\\u00e9quipe Mes Allocs, sp\\u00e9cialis\\u00e9e sur les aides aux jeunes. Dipl\\u00f4m\\u00e9e de l'ISFJ, elle rejoint Mes Allocs apr\\u00e8s une premi\\u00e8re exp\\u00e9rience en communication chez Little Africa, une agence de communication \\u00e0 Paris. Sur son temps libre, Marina lit beaucoup et passe ses dimanches au mus\\u00e9e.\",\"sameAs\":[\"https:\/\/www.linkedin.com\/in\/marinaadaondo\/\"]}]}<\/script>\n<!-- \/ Yoast SEO plugin. -->","amp_validity":null,"acf":{"faq":{"1":{"question":"Quel est le r\u00f4le de la CARSAT ?","answer":"La Carsat g\u00e8re le compte retraite des salari\u00e9s tout au long de leur vie professionnelle. Elle recueille aupr\u00e8s des entreprises de la r\u00e9gion les informations relatives \u00e0 leur carri\u00e8re. "},"2":{"question":"Quelle est la diff\u00e9rence entre la CARSAT et l'assurance retraite ?","answer":"De comp\u00e9tence r\u00e9gionale, la CARSAT est l'interlocuteur des salari\u00e9s du r\u00e9gime g\u00e9n\u00e9ral de la s\u00e9curit\u00e9 sociale pour leur retraite et leur pension de r\u00e9version. Au niveau national, la caisse de retraite des salari\u00e9s du r\u00e9gime g\u00e9n\u00e9ral de la s\u00e9curit\u00e9 sociale est la CNAV."},"3":{"question":"Quelle est la diff\u00e9rence entre la CARSAT et Agirc-Arrco ?","answer":"Il est g\u00e9r\u00e9 par la Caisse nationale d'assurance vieillesse (Cnav) et son r\u00e9seau r\u00e9gional (Carsat, CGSS). Le r\u00e9gime des salari\u00e9s agricole est g\u00e9r\u00e9 par la Mutualit\u00e9 sociale agricole et son r\u00e9seau r\u00e9gional (35 caisses MSA). La retraite compl\u00e9mentaire des salari\u00e9s du secteur priv\u00e9 rel\u00e8ve de l'Agirc-Arrco."},"4":{"question":"Quelles sont les valeurs de la CARSAT ?","answer":"Solidarit\u00e9, \u00e9galit\u00e9 d'acc\u00e8s et service sont les valeurs de la S\u00e9curit\u00e9 Sociale que la CARSAT met au c\u0153ur de ses activit\u00e9s."},"5":{"question":"Qui a le droit \u00e0 la CARSAT ?","answer":"Les aides de la Caisse nationale d'assurance vieillesse et CARSAT facilitent le maintien \u00e0 domicile des retrait\u00e9s du r\u00e9gime g\u00e9n\u00e9ral. Elles s'adressent aux personnes autonomes pr\u00e9sentant des fragilit\u00e9s li\u00e9es \u00e0 l'\u00e2ge, l'\u00e9tat de sant\u00e9, aux conditions de vie ou aux ressources."},"6":{"question":"C'est quoi l'assurance retraite ?","answer":"C'est la retraite de base des salari\u00e9s du secteur priv\u00e9, des travailleurs ind\u00e9pendants, des contractuels de droit public et des artistes-auteurs."},"7":{"question":"","answer":""},"8":{"question":"","answer":""},"9":{"question":"","answer":""},"10":{"question":"","answer":""},"11":{"question":"","answer":""},"12":{"question":"","answer":""},"13":{"question":"","answer":""},"14":{"question":"","answer":""},"15":{"question":"","answer":""},"16":{"question":"","answer":""}}},"_links":{"self":[{"href":"https:\/\/www.mes-allocs.fr\/guides\/wp-json\/wp\/v2\/posts\/54802","targetHints":{"allow":["GET"]}}],"collection":[{"href":"https:\/\/www.mes-allocs.fr\/guides\/wp-json\/wp\/v2\/posts"}],"about":[{"href":"https:\/\/www.mes-allocs.fr\/guides\/wp-json\/wp\/v2\/types\/post"}],"author":[{"embeddable":true,"href":"https:\/\/www.mes-allocs.fr\/guides\/wp-json\/wp\/v2\/users\/14"}],"replies":[{"embeddable":true,"href":"https:\/\/www.mes-allocs.fr\/guides\/wp-json\/wp\/v2\/comments?post=54802"}],"version-history":[{"count":15,"href":"https:\/\/www.mes-allocs.fr\/guides\/wp-json\/wp\/v2\/posts\/54802\/revisions"}],"predecessor-version":[{"id":110462,"href":"https:\/\/www.mes-allocs.fr\/guides\/wp-json\/wp\/v2\/posts\/54802\/revisions\/110462"}],"wp:featuredmedia":[{"embeddable":true,"href":"https:\/\/www.mes-allocs.fr\/guides\/wp-json\/wp\/v2\/media\/57850"}],"wp:attachment":[{"href":"https:\/\/www.mes-allocs.fr\/guides\/wp-json\/wp\/v2\/media?parent=54802"}],"wp:term":[{"taxonomy":"category","embeddable":true,"href":"https:\/\/www.mes-allocs.fr\/guides\/wp-json\/wp\/v2\/categories?post=54802"},{"taxonomy":"post_tag","embeddable":true,"href":"https:\/\/www.mes-allocs.fr\/guides\/wp-json\/wp\/v2\/tags?post=54802"}],"curies":[{"name":"wp","href":"https:\/\/api.w.org\/{rel}","templated":true}]}}