{"id":54589,"date":"2022-10-26T15:24:49","date_gmt":"2022-10-26T13:24:49","guid":{"rendered":"https:\/\/www.mes-allocs.fr\/guides\/?p=54589"},"modified":"2023-11-14T15:43:57","modified_gmt":"2023-11-14T13:43:57","slug":"description-esthetique","status":"publish","type":"post","link":"https:\/\/www.mes-allocs.fr\/guides\/reconversion-professionnelle\/aide-recherche-emploi\/recherche-emploi-estheticienne\/description-esthetique\/","title":{"rendered":"Description esth\u00e9tique : missions, salaire, dipl\u00f4mes"},"content":{"rendered":"<p style=\"text-align: justify;\"><b><img loading=\"lazy\" decoding=\"async\" class=\"alignnone wp-image-54610 size-full\" title=\"Description esthetique\" src=\"https:\/\/www.mes-allocs.fr\/guides\/wp-content\/uploads\/2022\/08\/Description-esthetique-e1659371743208.jpeg\" alt=\"Description esthetique\" width=\"1560\" height=\"206\" srcset=\"https:\/\/www.mes-allocs.fr\/guides\/wp-content\/uploads\/2022\/08\/Description-esthetique-e1659371743208.jpeg 1560w, https:\/\/www.mes-allocs.fr\/guides\/wp-content\/uploads\/2022\/08\/Description-esthetique-e1659371743208-300x40.jpeg 300w, https:\/\/www.mes-allocs.fr\/guides\/wp-content\/uploads\/2022\/08\/Description-esthetique-e1659371743208-1024x135.jpeg 1024w, https:\/\/www.mes-allocs.fr\/guides\/wp-content\/uploads\/2022\/08\/Description-esthetique-e1659371743208-768x101.jpeg 768w, https:\/\/www.mes-allocs.fr\/guides\/wp-content\/uploads\/2022\/08\/Description-esthetique-e1659371743208-1536x203.jpeg 1536w, https:\/\/www.mes-allocs.fr\/guides\/wp-content\/uploads\/2022\/08\/Description-esthetique-e1659371743208-600x79.jpeg 600w\" sizes=\"auto, (max-width: 1560px) 100vw, 1560px\" \/>Le secteur de la mise en beaut\u00e9 est un secteur qui offre de nombreuses opportunit\u00e9s, notamment dans le m\u00e9tier d&rsquo;esth\u00e9ticienne. Il est possible d&rsquo;exercer cette activit\u00e9 professionnelle au sein de diff\u00e9rentes structures. En outre, il s&rsquo;agit d&rsquo;un m\u00e9tier pris\u00e9 lors d&rsquo;une <a href=\"https:\/\/www.mes-allocs.fr\/guides\/reconversion-professionnelle\/\">reconversion professionnelle<\/a>. Description esth\u00e9tique, Mes Allocs fait le point.<\/b><\/p>\n<h1 style=\"text-align: justify;\">Description esth\u00e9ticienne : en quoi consiste ce m\u00e9tier de l&rsquo;esth\u00e9tique ?<\/h1>\n<p style=\"text-align: justify;\"><b>\u00c9galement nomm\u00e9e esth\u00e9ticienne-cosm\u00e9ticienne, la profession d&rsquo;esth\u00e9ticienne est celle envisag\u00e9e dans un premier temps en cas de reconversion dans le domaine de la beaut\u00e9 et du bien-\u00eatre.<\/b><\/p>\n<p style=\"text-align: justify;\">Il s&rsquo;agit d&rsquo;un m\u00e9tier majoritairement f\u00e9minin. En effet, on d\u00e9nombre moins d\u20191 % de professionnels masculins. L&rsquo;experte est sp\u00e9cialis\u00e9e dans les soins du visage et du corps. <b>Les services propos\u00e9s afin d&rsquo;am\u00e9liorer l&rsquo;apparence d&rsquo;une personne sont multiples : lutte contre l\u2019apparition des rides, soin de l\u2019\u00e9piderme, manucure, \u00e9pilation, <a href=\"https:\/\/www.mes-allocs.fr\/guides\/reconversion-professionnelle\/recherche-emploi-massage\/\">massage<\/a> relaxant ou encore maquillage, etc.<\/b> Elle peut aussi recourir \u00e0 des techniques comme l\u2019ionophor\u00e8se, l\u2019aromath\u00e9rapie, la baln\u00e9o-esth\u00e9tique ou encore les enveloppements pour embellir et rajeunir le corps.<\/p>\n<p style=\"text-align: justify;\"><b>En outre, l&rsquo;esth\u00e9ticienne occupe le statut de conseill\u00e8re aupr\u00e8s des clients en les orientant dans la s\u00e9lection de produits cosm\u00e9tiques en fonction de leur type de peau. <\/b>Elle peut donc avoir un aspect commercial, car elle doit vendre ces produits adapt\u00e9s.<\/p>\n<h2 style=\"text-align: justify;\">Les missions<\/h2>\n<p style=\"text-align: justify;\">Si vous d\u00e9sirez exercer un m\u00e9tier o\u00f9 la routine n&rsquo;existe pas, celui d&rsquo;esth\u00e9ticienne est peut \u00eatre fait pour vous. <b>En effet, la professionnelle peut travailler au sein de diff\u00e9rentes structures, telles qu&rsquo;un institut de beaut\u00e9, entreprise de vente et de fabrication de produits de beaut\u00e9, laboratoire en tant que technicienne en esth\u00e9tique-cosm\u00e9tique, parapharmacie, parfumerie ou en salon de beaut\u00e9, etc.<\/b> Dans certains cas, elle peut m\u00eame se d\u00e9placer \u00e0 domicile. <b>De ce fait, les <a href=\"https:\/\/www.mes-allocs.fr\/guides\/reconversion-professionnelle\/description-auxiliaire-de-puericulture\/\">missions<\/a> multiples et vari\u00e9es. Cela concerne :<\/b><\/p>\n<ul>\n<li style=\"text-align: justify;\">Effectuer des des soins de beaut\u00e9 et des nettoyages pour am\u00e9liorer la peau de ses clients \u00e0 l\u2019aide de produits ad\u00e9quats : masques, gommage, peeling\u2026 ;<\/li>\n<li style=\"text-align: justify;\">R\u00e9aliser des \u00e9pilations ;<\/li>\n<li style=\"text-align: justify;\">Faire des \u00e9pilations ;<\/li>\n<li style=\"text-align: justify;\" aria-level=\"1\">R\u00e9aliser des maquillages, des manucures et des p\u00e9dicures ;<\/li>\n<li style=\"text-align: justify;\">Conseiller la client\u00e8le concernant les produits et les soins \u00e0 utiliser ;<\/li>\n<li style=\"text-align: justify;\">Effectuer des ventes en d\u00e9montrant la pertinence des produits conseill\u00e9s.<\/li>\n<\/ul>\n<p style=\"text-align: justify;\"><b>Pour fid\u00e9liser les clients dans ce secteur o\u00f9 la concurrence est rude, l&rsquo;esth\u00e9ticienne \u00e0 l&rsquo;obligation de se diversifier et de rester \u00e0 jour concernant les nouveaut\u00e9s (m\u00e9thodes, produits, etc.).<\/b><\/p>\n<h2 style=\"text-align: justify;\">Les comp\u00e9tences requises dans l&rsquo;esth\u00e9tique<\/h2>\n<p style=\"text-align: justify;\"><b>Afin d&rsquo;exercer le m\u00e9tier d\u2019esth\u00e9ticienne, vous devez d\u00e9tenir un certain nombre de qualit\u00e9s\u00a0importantes.<\/b><\/p>\n<p style=\"text-align: justify;\">Tout d&rsquo;abord, l&rsquo;une des missions principales de l&rsquo;experte en beaut\u00e9 consiste \u00e0 faire passer du bon temps \u00e0 ses clients. Pour ce faire, il est n\u00e9cessaire de faire preuve de rigueur et le souci du d\u00e9tail. Ainsi, le go\u00fbt du travail bien fait est indispensable.<\/p>\n<p style=\"text-align: justify;\">Il est \u00e9galement essentiel d&rsquo;avoir le sens du contact, car la fid\u00e9lisation client\u00e8le est la cl\u00e9 du succ\u00e8s afin d&rsquo;augmenter le chiffre d\u2019affaires. Cela passe par une tenue impeccable, un sourire, de la politesse et savoir faire la conversation pour d&rsquo;atteindre cet objectif.<\/p>\n<p style=\"text-align: justify;\">Veiller aux nouvelles techniques de soins et cosm\u00e9tiques est aussi un atout \u00e0 avoir. Sans passion, une esth\u00e9ticienne ne peut pas \u00e9voluer. Il est donc recommand\u00e9 de toujours\u00a0s&rsquo;informer concernant les nouvelles techniques de soins esth\u00e9tiques.<\/p>\n<p style=\"text-align: justify;\"><b>De nombreuses autres comp\u00e9tences sont n\u00e9cessaires pour faire ce m\u00e9tier. \u00c0 savoir :<\/b><\/p>\n<ul>\n<li style=\"text-align: justify;\">Un sens artistique d\u00e9velopp\u00e9 ;<\/li>\n<li style=\"text-align: justify;\">Une habilet\u00e9 manuelle ;<\/li>\n<li style=\"text-align: justify;\"><i class=\"fa fa-check\"><\/i>De bonnes connaissances scientifiques de la peau ;<i class=\"fa fa-check\"><\/i><\/li>\n<li style=\"text-align: justify;\"><i class=\"fa fa-check\"><\/i>Bon sens de la communication ;<i class=\"fa fa-check\"><\/i><\/li>\n<li style=\"text-align: justify;\"><i class=\"fa fa-check\"><\/i>Connaissance des cosm\u00e9tiques ;<i class=\"fa fa-check\"><\/i><\/li>\n<li style=\"text-align: justify;\"><i class=\"fa fa-check\"><\/i>Sens de l\u2019organisation, etc.<\/li>\n<\/ul>\n<h1 style=\"text-align: justify;\">Comment devenir esth\u00e9ticienne ?<\/h1>\n<div id=\"diplomes\" class=\"MuiBox-root jss57 jss47\" style=\"text-align: justify;\"><b>Afin de travailler dans l&rsquo;esth\u00e9tique, il faut \u00eatre titulaire d&rsquo;un CAP Esth\u00e9tique Cosm\u00e9tique Parfumerie au minimum.<\/b> Ce dipl\u00f4me s&rsquo;acquiert en 2 ans apr\u00e8s la classe de 3\u00e8me en \u00e9tablissement priv\u00e9 ou lyc\u00e9e professionnel, mais \u00e9galement en formation en alternance avec une formation pratique r\u00e9alis\u00e9e en entreprise ou en contrat d&rsquo;apprentissage.<\/div>\n<p style=\"text-align: justify;\"><b>Toutefois, il est existe diff\u00e9rentes formations permettant d&rsquo;acc\u00e9der \u00e0 ce m\u00e9tier tant en formation initiale que formation continue.<\/b><\/p>\n<p style=\"text-align: justify;\"><div class='cta-block'><div class='text'>Coaching \u00e0 distance pay\u00e9 par vos aides formation.<\/div><a href='https:\/\/www.formademia.fr\/formulaire\/coaching' class='app-button fit'>V\u00e9rifier votre \u00e9ligibilit\u00e9<\/a><\/div><\/p>\n<h2 style=\"text-align: justify;\">La formation initiale<\/h2>\n<p style=\"text-align: justify;\"><b>Au niveau CAP :<\/b><\/p>\n<ul>\n<li style=\"text-align: justify;\" aria-level=\"1\">CAP Esth\u00e9tique Cosm\u00e9tique Parfumerie : il est accessible d\u00e8s la 3e et se pr\u00e9pare en 2 ans.<\/li>\n<li style=\"text-align: justify;\" aria-level=\"1\">Baccalaur\u00e9at\u00a0professionnel Esth\u00e9tique Cosm\u00e9tique Parfumerie : il est accessible apr\u00e8s un CAP Esth\u00e9tique, Cosm\u00e9tique Parfumerie en 2 ans.<\/li>\n<\/ul>\n<p style=\"text-align: justify;\"><b>Niveau baccalaur\u00e9at<\/b><\/p>\n<ul>\n<li style=\"text-align: justify;\">Baccalaur\u00e9at professionnel Esth\u00e9tique Cosm\u00e9tique Parfumerie : il est ouvert aux lyc\u00e9en(ne)s en fin de Premi\u00e8re ou de Terminale ainsi qu&rsquo;aux titulaires d&rsquo;un dipl\u00f4me de niveau 5 (BEP). Il se\u00a0d\u00e9roule en 2 ans et permet d&rsquo;acc\u00e9der au BTS Esth\u00e9tique Cosm\u00e9tique.<\/li>\n<\/ul>\n<p style=\"text-align: justify;\"><b>Niveau bac+2<\/b><\/p>\n<ul>\n<li>\n<p class=\"text-center\" style=\"text-align: justify;\">BTS Esth\u00e9tique Cosm\u00e9tique Parfumerie : il est accessible pour les titulaires d&rsquo;un BP Esth\u00e9tique Cosm\u00e9tique, ou d&rsquo;un Bac Professionnel Esth\u00e9tique Cosm\u00e9tique, ou du bac quelqu&rsquo;il soit. Il est \u00e9galement ouvert aux candidats de niveau bac (sur dossier et apr\u00e8s entretien) et\u00a0aux titulaires d&rsquo;une \u00e9quivalence professionnelle ou universitaire.<\/p>\n<\/li>\n<\/ul>\n<p style=\"text-align: justify;\"><b>\u00c0 noter que des \u00e9coles d&rsquo;esth\u00e9tique priv\u00e9es disposent de formations compl\u00e9mentaires g\u00e9n\u00e9rales pour approfondir les bases acquises, mais \u00e9galement \u00e9largir les comp\u00e9tences dans des domaines pr\u00e9cis notamment concernant les langues.<\/b> Ces formations sont dispens\u00e9es sur une ou deux ann\u00e9es suivant les \u00e9coles d&rsquo;esth\u00e9tique.<\/p>\n<h2 style=\"text-align: justify;\">La formation professionnelle en esth\u00e9tique<\/h2>\n<p style=\"text-align: justify;\"><b>Vous pouvez, \u00e0 tout \u00e2ge, \u00e9voluer ou vous r\u00e9orienter professionnellement pour devenir esth\u00e9ticienne gr\u00e2ce \u00e0 la formation continue. Ce type d&rsquo;enseignement vous permet d&rsquo;obtenir les m\u00eames dipl\u00f4mes que ceux accessibles en formations initiales.<\/b><\/p>\n<p style=\"text-align: justify;\">Afin de diversifier ses activit\u00e9s, de valoriser le profil et donc les opportunit\u00e9s de recrutement, il peut \u00eatre judicieux de se sp\u00e9cialiser. Ainsi, des formations sp\u00e9cifiques compl\u00e9mentaires sont dispens\u00e9es par plusieurs \u00e9coles d&rsquo;esth\u00e9tique et centres de Formation pour d&rsquo;approfondir des domaines comme le maquillage, les massages esth\u00e9tiques, les comp\u00e9tences en Spa et Thalassoth\u00e9rapie notamment.<\/p>\n<h1 style=\"text-align: justify;\">Quel est le salaire d&rsquo;une esth\u00e9ticienne ?<\/h1>\n<h2>La r\u00e9mun\u00e9ration dans le secteur esth\u00e9tique<\/h2>\n<div id=\"salaires\" class=\"job-single-bloc\">\n<p style=\"text-align: justify;\"><b>La r\u00e9mun\u00e9ration dans le secteur esth\u00e9tique prend en compte diff\u00e9rents param\u00e8tres, \u00e0 savoir le niveau d\u2019anciennet\u00e9, la cat\u00e9gorie, les primes, etc. Toutefois, une esth\u00e9ticienne junior salari\u00e9e peut pr\u00e9tendre au SMIC.<\/b><\/p>\n<p style=\"text-align: justify;\"><b>Une esth\u00e9ticienne exp\u00e9riment\u00e9e, en fonction de la structure d&rsquo;exercice et des dipl\u00f4mes,\u00a0peut avoir un revenu plus cons\u00e9quent. Ainsi, il peut atteindre 2 200 euros.<br \/>\n<\/b><\/p>\n<p style=\"text-align: justify;\">\u00c0 savoir que les entreprises d&rsquo;esth\u00e9tique sont r\u00e9glement\u00e9es par la Convention Collective Nationale (CCN) de l\u2019esth\u00e9tique-cosm\u00e9tique, qui est un accord sign\u00e9 entre une entreprise et un syndicat de salari\u00e9s. Ce document pr\u00e9voit des salaires minimums, des conditions de travail, d\u2019emploi, de d\u00e9mission, de remboursement de frais de sant\u00e9, la protection sociale des salari\u00e9s, etc.<\/p>\n<h2 style=\"text-align: justify;\">Quels sont les d\u00e9bouch\u00e9s du m\u00e9tier ?<\/h2>\n<p style=\"text-align: justify;\">Le domaine de l\u2019esth\u00e9tique est plus pl\u00e9biscit\u00e9 que jamais.<\/p>\n<p style=\"text-align: justify;\"><b>Ainsi, les instituts de beaut\u00e9 et les centres de thalassoth\u00e9rapie sont les d\u00e9bouch\u00e9s les plus courants pour les esth\u00e9ticiennes d\u00e9butantes.<\/b> Il est aussi possible de se diriger vers les maisons de retraite ainsi que certains h\u00f4pitaux pour devenir socio-esth\u00e9ticienne. Cependant, il y a moins de postes \u00e0 pourvoir.<\/p>\n<p style=\"text-align: justify;\"><b>L&rsquo;esth\u00e9ticienne peut \u00e9galement faire le choix de se sp\u00e9cialiser dans le relookage, la parfumerie, les UV, la manucure, etc.<\/b> Apr\u00e8s quelques ann\u00e9es d&rsquo;exp\u00e9rience, elle peut envisager d&rsquo;ouvrir son propre institut de beaut\u00e9 ou son magasin (BP Esth\u00e9tique Cosm\u00e9tique Parfumerie ou BTS Esth\u00e9tique Cosm\u00e9tique Parfumerie obligatoires).<\/p>\n<\/div>\n","protected":false},"excerpt":{"rendered":"<p>Le secteur de la mise en beaut\u00e9 est un secteur qui offre de nombreuses opportunit\u00e9s, notamment dans le m\u00e9tier d&rsquo;esth\u00e9ticienne. Il est possible d&rsquo;exercer cette activit\u00e9 professionnelle au sein de diff\u00e9rentes structures. En outre, il s&rsquo;agit d&rsquo;un m\u00e9tier pris\u00e9 lors d&rsquo;une reconversion professionnelle. Description esth\u00e9tique, Mes Allocs fait le point. Description esth\u00e9ticienne : en quoi [&hellip;]<\/p>\n","protected":false},"author":14,"featured_media":54609,"comment_status":"closed","ping_status":"open","sticky":false,"template":"","format":"standard","meta":{"amp_status":"","footnotes":""},"categories":[8789,13094,5081],"tags":[],"class_list":["post-54589","post","type-post","status-publish","format-standard","has-post-thumbnail","hentry","category-aide-recherche-emploi","category-recherche-emploi-estheticienne","category-reconversion-professionnelle"],"yoast_head":"<!-- This site is optimized with the Yoast SEO plugin v14.9 - https:\/\/yoast.com\/wordpress\/plugins\/seo\/ -->\n<title>Description esth\u00e9tique : missions, salaire, dipl\u00f4mes | Mes-Allocs.fr<\/title>\n<meta name=\"description\" content=\"Le secteur de l&#039;esth\u00e9tique offre de nombreuses opportunit\u00e9s, notamment pour le m\u00e9tier d&#039;esth\u00e9ticienne. Il est accessible d\u00e8s le baccalaur\u00e9at.\" \/>\n<meta name=\"robots\" content=\"index, follow, max-snippet:-1, max-image-preview:large, max-video-preview:-1\" \/>\n<link rel=\"canonical\" href=\"https:\/\/www.mes-allocs.fr\/guides\/reconversion-professionnelle\/aide-recherche-emploi\/recherche-emploi-esthetique\/description-esthetique\/\" \/>\n<meta property=\"og:locale\" content=\"fr_FR\" \/>\n<meta property=\"og:type\" content=\"article\" \/>\n<meta property=\"og:title\" content=\"Description esth\u00e9tique : missions, salaire, dipl\u00f4mes | Mes-Allocs.fr\" \/>\n<meta property=\"og:description\" content=\"Le secteur de l&#039;esth\u00e9tique offre de nombreuses opportunit\u00e9s, notamment pour le m\u00e9tier d&#039;esth\u00e9ticienne. Il est accessible d\u00e8s le baccalaur\u00e9at.\" \/>\n<meta property=\"og:url\" content=\"https:\/\/www.mes-allocs.fr\/guides\/reconversion-professionnelle\/aide-recherche-emploi\/recherche-emploi-esthetique\/description-esthetique\/\" \/>\n<meta property=\"og:site_name\" content=\"Mes-Allocs.fr\" \/>\n<meta property=\"article:published_time\" content=\"2022-10-26T13:24:49+00:00\" \/>\n<meta property=\"article:modified_time\" content=\"2023-11-14T13:43:57+00:00\" \/>\n<meta property=\"og:image\" content=\"https:\/\/www.mes-allocs.fr\/guides\/wp-content\/uploads\/2022\/08\/Description-esthetique-3.jpeg?wsr\" \/>\n\t<meta property=\"og:image:width\" content=\"612\" \/>\n\t<meta property=\"og:image:height\" content=\"408\" \/>\n<meta name=\"twitter:card\" content=\"summary_large_image\" \/>\n<script type=\"application\/ld+json\" class=\"yoast-schema-graph\">{\"@context\":\"https:\/\/schema.org\",\"@graph\":[{\"@type\":\"WebSite\",\"@id\":\"https:\/\/www.mes-allocs.fr\/guides\/#website\",\"url\":\"https:\/\/www.mes-allocs.fr\/guides\/\",\"name\":\"Mes-Allocs.fr\",\"description\":\"\",\"potentialAction\":[{\"@type\":\"SearchAction\",\"target\":\"https:\/\/www.mes-allocs.fr\/guides\/?s={search_term_string}\",\"query-input\":\"required name=search_term_string\"}],\"inLanguage\":\"fr-FR\"},{\"@type\":\"ImageObject\",\"@id\":\"https:\/\/www.mes-allocs.fr\/guides\/reconversion-professionnelle\/aide-recherche-emploi\/recherche-emploi-esthetique\/description-esthetique\/#primaryimage\",\"inLanguage\":\"fr-FR\",\"url\":\"https:\/\/www.mes-allocs.fr\/guides\/wp-content\/uploads\/2022\/08\/Description-esthetique-3.jpeg?wsr\",\"width\":612,\"height\":408,\"caption\":\"Description esthetique\"},{\"@type\":\"WebPage\",\"@id\":\"https:\/\/www.mes-allocs.fr\/guides\/reconversion-professionnelle\/aide-recherche-emploi\/recherche-emploi-esthetique\/description-esthetique\/#webpage\",\"url\":\"https:\/\/www.mes-allocs.fr\/guides\/reconversion-professionnelle\/aide-recherche-emploi\/recherche-emploi-esthetique\/description-esthetique\/\",\"name\":\"Description esth\\u00e9tique : missions, salaire, dipl\\u00f4mes | Mes-Allocs.fr\",\"isPartOf\":{\"@id\":\"https:\/\/www.mes-allocs.fr\/guides\/#website\"},\"primaryImageOfPage\":{\"@id\":\"https:\/\/www.mes-allocs.fr\/guides\/reconversion-professionnelle\/aide-recherche-emploi\/recherche-emploi-esthetique\/description-esthetique\/#primaryimage\"},\"datePublished\":\"2022-10-26T13:24:49+00:00\",\"dateModified\":\"2023-11-14T13:43:57+00:00\",\"author\":{\"@id\":\"https:\/\/www.mes-allocs.fr\/guides\/#\/schema\/person\/a3de97298fd0ffc005ebdd5628b03ca8\"},\"description\":\"Le secteur de l'esth\\u00e9tique offre de nombreuses opportunit\\u00e9s, notamment pour le m\\u00e9tier d'esth\\u00e9ticienne. Il est accessible d\\u00e8s le baccalaur\\u00e9at.\",\"inLanguage\":\"fr-FR\"},{\"@type\":\"Person\",\"@id\":\"https:\/\/www.mes-allocs.fr\/guides\/#\/schema\/person\/a3de97298fd0ffc005ebdd5628b03ca8\",\"name\":\"Marina Ada Ondo\",\"image\":{\"@type\":\"ImageObject\",\"@id\":\"https:\/\/www.mes-allocs.fr\/guides\/#personlogo\",\"inLanguage\":\"fr-FR\",\"url\":\"https:\/\/www.mes-allocs.fr\/guides\/wp-content\/uploads\/2022\/02\/Photo-de-profil-150x150.png\",\"caption\":\"Marina Ada Ondo\"},\"description\":\"Marina est r\\u00e9dactrice au sein de l'\\u00e9quipe Mes Allocs, sp\\u00e9cialis\\u00e9e sur les aides aux jeunes. Dipl\\u00f4m\\u00e9e de l'ISFJ, elle rejoint Mes Allocs apr\\u00e8s une premi\\u00e8re exp\\u00e9rience en communication chez Little Africa, une agence de communication \\u00e0 Paris. Sur son temps libre, Marina lit beaucoup et passe ses dimanches au mus\\u00e9e.\",\"sameAs\":[\"https:\/\/www.linkedin.com\/in\/marinaadaondo\/\"]}]}<\/script>\n<!-- \/ Yoast SEO plugin. -->","amp_validity":null,"acf":{"faq":{"1":{"question":"Comment se reconvertir dans l'esth\u00e9tique ?","answer":"Le BAC pro esth\u00e9tique, le BTS des m\u00e9tiers de l'esth\u00e9tique ou le CAP esth\u00e9tique (accessible jusqu'\u00e0 30 ans) constituent trois voies courantes pour pouvoir devenir esth\u00e9ticienne apr\u00e8s une reconversion professionnelle."},"2":{"question":"Quels sont les inconv\u00e9nients d'\u00eatre esth\u00e9ticienne ?","answer":"C\u2019est un m\u00e9tier physique o\u00f9 les bras et le dos sont tr\u00e8s sollicit\u00e9s et qui n\u00e9cessite d\u2019\u00eatre debout presque toute la journ\u00e9e. En plus, e travail le samedi est monnaie courante. L\u2019amplitude horaire peut \u00eatre importante (de 9h \u00e0 19h) voire au-del\u00e0 pour les professionnels \u00e0 leur compte."},"3":{"question":"Pourquoi se reconvertir dans l'esth\u00e9tique ?","answer":"Le secteur de l'esth\u00e9tique, c'est de nombreuses possibilit\u00e9s d'emploi, de sp\u00e9cialisation, d'\u00e9tablissement, mais aussi de l'\u00e9volution permanente dans le domaine des cosm\u00e9tiques et des techniques et technologie de soin et d'embellissement."},"4":{"question":"Quelles qualit\u00e9s pour \u00eatre esth\u00e9ticienne ?","answer":"En contact direct avec la client\u00e8le, l'esth\u00e9ticienne doit avoir le sens du relationnel, une bonne capacit\u00e9 d'\u00e9coute et beaucoup de tact. Elle se doit aussi d'\u00eatre toujours extr\u00eamement soign\u00e9e : maquillage impeccable, belle manucure et hygi\u00e8ne irr\u00e9prochable."},"5":{"question":"Quelles sont les perspectives d'emploi d'une esth\u00e9ticienne ?","answer":"Selon le barom\u00e8tre de P\u00f4le Emploi, le nombre de salons de beaut\u00e9 a augment\u00e9 au cours des derni\u00e8res ann\u00e9es. La consommation augmente et le march\u00e9 du travail pour les esth\u00e9ticiennes est positif."},"6":{"question":"Quel est le salaire d'une esth\u00e9ticienne \u00e0 domicile ?","answer":"Situ\u00e9 dans une fourchette moyenne entre 1 000 \u20ac et 1 500 \u20ac (apr\u00e8s paiement des charges auto-entrepreneur) pour 28h de travail hebdomadaire (activit\u00e9 principale), \u00eatre esth\u00e9ticienne \u00e0 domicile peut vous permettre de gagner plus qu'un SMIC. "},"7":{"question":"","answer":""},"8":{"question":"","answer":""},"9":{"question":"","answer":""},"10":{"question":"","answer":""},"11":{"question":"","answer":""},"12":{"question":"","answer":""},"13":{"question":"","answer":""},"14":{"question":"","answer":""},"15":{"question":"","answer":""},"16":{"question":"","answer":""}}},"_links":{"self":[{"href":"https:\/\/www.mes-allocs.fr\/guides\/wp-json\/wp\/v2\/posts\/54589","targetHints":{"allow":["GET"]}}],"collection":[{"href":"https:\/\/www.mes-allocs.fr\/guides\/wp-json\/wp\/v2\/posts"}],"about":[{"href":"https:\/\/www.mes-allocs.fr\/guides\/wp-json\/wp\/v2\/types\/post"}],"author":[{"embeddable":true,"href":"https:\/\/www.mes-allocs.fr\/guides\/wp-json\/wp\/v2\/users\/14"}],"replies":[{"embeddable":true,"href":"https:\/\/www.mes-allocs.fr\/guides\/wp-json\/wp\/v2\/comments?post=54589"}],"version-history":[{"count":6,"href":"https:\/\/www.mes-allocs.fr\/guides\/wp-json\/wp\/v2\/posts\/54589\/revisions"}],"predecessor-version":[{"id":70765,"href":"https:\/\/www.mes-allocs.fr\/guides\/wp-json\/wp\/v2\/posts\/54589\/revisions\/70765"}],"wp:featuredmedia":[{"embeddable":true,"href":"https:\/\/www.mes-allocs.fr\/guides\/wp-json\/wp\/v2\/media\/54609"}],"wp:attachment":[{"href":"https:\/\/www.mes-allocs.fr\/guides\/wp-json\/wp\/v2\/media?parent=54589"}],"wp:term":[{"taxonomy":"category","embeddable":true,"href":"https:\/\/www.mes-allocs.fr\/guides\/wp-json\/wp\/v2\/categories?post=54589"},{"taxonomy":"post_tag","embeddable":true,"href":"https:\/\/www.mes-allocs.fr\/guides\/wp-json\/wp\/v2\/tags?post=54589"}],"curies":[{"name":"wp","href":"https:\/\/api.w.org\/{rel}","templated":true}]}}