{"id":54542,"date":"2022-08-18T16:28:14","date_gmt":"2022-08-18T14:28:14","guid":{"rendered":"https:\/\/www.mes-allocs.fr\/guides\/?p=54542"},"modified":"2025-10-30T14:28:58","modified_gmt":"2025-10-30T13:28:58","slug":"css-retraite","status":"publish","type":"post","link":"https:\/\/www.mes-allocs.fr\/guides\/aide-par-situation\/aide-pour-retraite\/css-retraite\/","title":{"rendered":"La CSS pour les retrait\u00e9s"},"content":{"rendered":"<p><img loading=\"lazy\" decoding=\"async\" class=\"alignnone wp-image-55270\" title=\"ccs retrait\u00e9\" src=\"https:\/\/www.mes-allocs.fr\/guides\/wp-content\/uploads\/2022\/08\/dmitry-vechorko-GfTJ0ElQ-3U-unsplash-e1660830088917-300x59.jpg\" alt=\"ccs retrait\u00e9\" width=\"829\" height=\"163\" \/><\/p>\n<p style=\"text-align: justify;\"><strong>Aujourd\u2019hui, l&rsquo;acc\u00e8s aux soins est devenu plus facile pour les personnes aux ressources modestes. Il y a eu notamment l&rsquo;apparition d&rsquo;aide pour les seniors ayant une petite retraite. Parmi ces aides, on retrouve la Compl\u00e9mentaire Sant\u00e9 Solidaire.<\/strong><\/p>\n<p style=\"text-align: justify;\"><strong>MesAllocs vous d\u00e9taille tout juste ici.\u00a0<\/strong><\/p>\n<hr \/>\n<h1 style=\"text-align: justify;\">Qu&rsquo;est-ce que l&rsquo;ACS ?<\/h1>\n<p style=\"text-align: justify;\"><span class=\"amp-wp-fe3f5cc\" data-amp-original-style=\"font-weight: 400;\">L\u2019<\/span><span class=\"amp-wp-fe3f5cc\" data-amp-original-style=\"font-weight: 400;\">Aide pour une Compl\u00e9mentaire Sant\u00e9<\/span><span class=\"amp-wp-fe3f5cc\" data-amp-original-style=\"font-weight: 400;\">\u00a0(ACS) est une\u00a0aide \u00e0 la sant\u00e9\u00a0qui vous aide \u00e0 payer une compl\u00e9mentaire sant\u00e9 (mutuelle). Cette prestation fait partie du vaste dispositif des aides \u00e0 la sant\u00e9. Vous pouvez en b\u00e9n\u00e9ficiez quand vos ressources sont trop \u00e9lev\u00e9es pour vous rendre \u00e9ligible \u00e0 la\u00a0<\/span><span class=\"amp-wp-fe3f5cc\" data-amp-original-style=\"font-weight: 400;\">Couverture Maladie Universelle Compl\u00e9mentaire\u00a0(CMU-C).<\/span><\/p>\n<p style=\"text-align: justify;\"><strong>Cette aide a aujourd&rsquo;hui \u00e9t\u00e9 supprim\u00e9e et remplac\u00e9e par la Compl\u00e9mentaire Sant\u00e9 Solidaire (CSS).<\/strong><\/p>\n<h1 class=\"amp-wp-7d27179\" style=\"text-align: justify;\" data-amp-original-style=\"text-align: justify;\">Qu&rsquo;est-ce que la Compl\u00e9mentaire Sant\u00e9 Solidaire ?<\/h1>\n<p style=\"text-align: justify;\">La Compl\u00e9mentaire Sant\u00e9 Solidaire est une aide qui va vous servir \u00e0 payer vos d\u00e9penses de sant\u00e9. Selon vos ressources, soit la Compl\u00e9mentaire Sant\u00e9 Solidaire ne vous co\u00fbte rien, soit elle\u00a0vous co\u00fbte moins de 1 \u20ac par jour par personne.<\/p>\n<p style=\"text-align: justify;\">La Compl\u00e9mentaire Sant\u00e9 Solidaire peut couvrir l\u2019ensemble de votre foyer.<\/p>\n<h3 style=\"text-align: justify;\">Les aides de la Compl\u00e9mentaire Sant\u00e9 Solidaire<\/h3>\n<p style=\"text-align: justify;\">La Compl\u00e9mentaire Sant\u00e9 Solidaire va vous permettre de ne pas payer le m\u00e9decin, le dentiste, l\u2019infirmier, le kin\u00e9sith\u00e9rapeute, l\u2019h\u00f4pital, etc&#8230;<\/p>\n<p style=\"text-align: justify;\">Cette aide va \u00e9galement vous permettre de ne pas payer vos m\u00e9dicaments en pharmacie.<\/p>\n<p style=\"text-align: justify;\">Ensuite,\u00a0vous ne payez pas tous les \u00e9l\u00e9ments m\u00e9dicaux mis \u00e0 votre disposition, comme les pansements, les cannes ou les fauteuils roulants.<\/p>\n<p style=\"text-align: justify;\">Enfin, la CSS vous permet de ne pas payer une bonne partie de vos lunettes, de vos proth\u00e8ses dentaires ou des proth\u00e8ses auditives.<\/p>\n<p style=\"text-align: justify;\">Vos frais m\u00e9dicaux vont \u00e9galement \u00eatre pay\u00e9s par les organismes d&rsquo;assurance maladie obligatoire et l&rsquo;organisme que vous avez choisi pour g\u00e9rer la Compl\u00e9mentaire Sant\u00e9 Solidaire.<\/p>\n<p style=\"text-align: justify;\"><span style=\"font-weight: 400;\"><div class='cta-block'><div class='text'>Simulez toutes vos Aides en 2 min.<\/div><a href='' class='app-button fit'>Simulation gratuite<\/a><\/div><\/span><\/p>\n<h2 style=\"text-align: justify;\">Qui peut obtenir la Compl\u00e9mentaire Sant\u00e9 Solidaire ? <img loading=\"lazy\" decoding=\"async\" class=\" wp-image-55274 alignright\" title=\"ccs retrait\u00e9\" src=\"https:\/\/www.mes-allocs.fr\/guides\/wp-content\/uploads\/2022\/08\/artem-beliaikin-j5almO1E8rU-unsplash-e1660830935827-300x200.jpg\" alt=\"ccs retrait\u00e9\" width=\"356\" height=\"237\" srcset=\"https:\/\/www.mes-allocs.fr\/guides\/wp-content\/uploads\/2022\/08\/artem-beliaikin-j5almO1E8rU-unsplash-e1660830935827-300x200.jpg 300w, https:\/\/www.mes-allocs.fr\/guides\/wp-content\/uploads\/2022\/08\/artem-beliaikin-j5almO1E8rU-unsplash-e1660830935827-1024x683.jpg 1024w, https:\/\/www.mes-allocs.fr\/guides\/wp-content\/uploads\/2022\/08\/artem-beliaikin-j5almO1E8rU-unsplash-e1660830935827-768x512.jpg 768w, https:\/\/www.mes-allocs.fr\/guides\/wp-content\/uploads\/2022\/08\/artem-beliaikin-j5almO1E8rU-unsplash-e1660830935827-1536x1024.jpg 1536w, https:\/\/www.mes-allocs.fr\/guides\/wp-content\/uploads\/2022\/08\/artem-beliaikin-j5almO1E8rU-unsplash-e1660830935827-600x400.jpg 600w, https:\/\/www.mes-allocs.fr\/guides\/wp-content\/uploads\/2022\/08\/artem-beliaikin-j5almO1E8rU-unsplash-e1660830935827.jpg 1920w\" sizes=\"auto, (max-width: 356px) 100vw, 356px\" \/><\/h2>\n<p style=\"text-align: justify;\">Vous pourrez obtenir la Compl\u00e9mentaire Sant\u00e9 Solidaire dans le cas o\u00f9 vous b\u00e9n\u00e9ficiez de la prise en charge de vos frais de sant\u00e9 par l&rsquo;Assurance Maladie. Cette prise en charge doit se faire en raison de votre activit\u00e9 professionnelle ou de votre r\u00e9sidence stable et r\u00e9guli\u00e8re en France.<\/p>\n<p style=\"text-align: justify;\">Il vous sera \u00e9galement possible de la demander si vos ressources sont inf\u00e9rieures \u00e0 un montant. Ce montant va d\u00e9pendre de la composition de votre foyer.<\/p>\n<p style=\"text-align: justify;\">La Compl\u00e9mentaire Sant\u00e9 Solidaire va pouvoir \u00eatre obtenue par l&rsquo;ensemble du foyer. Elle ne peut \u00eatre demand\u00e9e qu\u2019une fois par foyer.<\/p>\n<p style=\"text-align: justify;\">Un foyer va se composer :<\/p>\n<ul style=\"text-align: justify;\">\n<li>de vous-m\u00eame ;<\/li>\n<li>du conjoint ou de votre partenaire dans le cadre d\u2019un Pacs (Pacte Civil de Solidarit\u00e9) ;<\/li>\n<li>les personnes \u00e0 votre charge qui ont moins de 25 ans.<\/li>\n<\/ul>\n<p style=\"text-align: justify;\">Il est possible de faire une demande individuelle dans certains cas :<\/p>\n<ul style=\"text-align: justify;\">\n<li>si un mineur de moins de 16 ans rel\u00e8ve de l&rsquo;aide sociale \u00e0 l&rsquo;enfance (ASE) ou de la protection judiciaire de la jeunesse (PJJ) par l&rsquo;interm\u00e9diaire de ces deux organismes ;<\/li>\n<li>pour les mineurs de plus de 16 ans qui ont rompu leurs liens familiaux ;<\/li>\n<li>les personnes de 18 \u00e0 25 ans qui n&rsquo;habitent plus sau m\u00eame endroit que leurs parents, et qui ont rempli une d\u00e9claration fiscale s\u00e9par\u00e9e. De plus, ils ne doivent pas percevoir de pension alimentaire donnant lieu \u00e0 d\u00e9duction fiscale ;<\/li>\n<li>les personnes de 18 \u00e0 25 ans, qui vivent sous le m\u00eame toit que leurs parents, dans le cas o\u00f9 ils sont eux-m\u00eames parents ou s&rsquo;ils vont le devenir ;<\/li>\n<li>les \u00e9tudiants isol\u00e9s, qui ont droit \u00e0 des aides annuelles d&rsquo;urgence vers\u00e9es par les CROUS ;<\/li>\n<li>les conjoints s\u00e9par\u00e9s.<\/li>\n<\/ul>\n<p><iframe loading=\"lazy\" src=\"\/\/www.youtube.com\/embed\/lH14Zho-tx4\" width=\"560\" height=\"314\" allowfullscreen=\"allowfullscreen\"><\/iframe><\/p>\n<h2 style=\"text-align: justify;\">Les conditions de ressources de la Compl\u00e9mentaire Sant\u00e9 Solidaire<\/h2>\n<p style=\"text-align: justify;\">Le droit \u00e0 la CSS va d\u00e9pendre de vos ressources et de celles de votre foyer que vous avez eues pendant les 12 mois pr\u00e9c\u00e9dant l&rsquo;avant-dernier mois de votre demande.<\/p>\n<p style=\"text-align: justify;\">Si vous y avez droit, cette aide ne vous co\u00fbte rien ou co\u00fbte moins de 1 euro par jour et par personne.<\/p>\n<h2 style=\"text-align: justify;\">Le cumul de la CSS et du RSA<\/h2>\n<p style=\"text-align: justify;\">Dans le cas o\u00f9 vous percevez le RSA, vous et les membres de votre foyer pouvez obtenir la Compl\u00e9mentaire Sant\u00e9 Solidaire, et ce sans participation financi\u00e8re.<\/p>\n<p style=\"text-align: justify;\">Depuis le 1er janvier 2022, cette attribution est automatique sauf en cas d&rsquo;opposition de votre part :<\/p>\n<p style=\"text-align: justify;\">En effet, d\u00e9sormais, lorsque vous demandez le RSA \u00e0 partir du site de la CAF, la demande de CSS est automatiquement transmise \u00e0 votre caisse d\u2019assurance maladie sauf opposition de votre part.<\/p>\n<p style=\"text-align: justify;\">Dans le cas o\u00f9 vous n\u2019avez pas utilis\u00e9 le service en ligne pour faire votre demande de RSA, votre caisse d\u2019assurance maladie reviendra vers vous lorsque le RSA vous aura \u00e9t\u00e9 accord\u00e9.<\/p>\n<p style=\"text-align: justify;\">Cela vous permettra de b\u00e9n\u00e9ficier de la Compl\u00e9mentaire Sant\u00e9 Solidaire.<\/p>\n<p style=\"text-align: justify;\">Dans le cas o\u00f9 vous \u00eates d\u00e9j\u00e0 b\u00e9n\u00e9ficiaire du RSA et que vous n\u2019avez jamais demand\u00e9 la CSS, vous pourrez transmettre \u00e0 votre caisse d\u2019assurance maladie le formulaire S3711.<\/p>\n<p style=\"text-align: justify;\">Avant cela, il faudra avoir :<\/p>\n<ul>\n<li>compl\u00e9t\u00e9 les informations concernant votre foyer ;<\/li>\n<li>compl\u00e9t\u00e9 la rubrique \u00ab\u00a0choix de l\u2019organisme compl\u00e9mentaire\u00a0\u00bb ;<\/li>\n<li>dat\u00e9 et sign\u00e9 le document.<\/li>\n<\/ul>\n<p style=\"text-align: justify;\">Vous n&rsquo;aurez pas besoin de remplir la d\u00e9claration de ressources.<\/p>\n<h2 style=\"text-align: justify;\">Le cumul de la CSS et de l&rsquo;ASPA<\/h2>\n<p style=\"text-align: justify;\">Depuis le 1er avril 2022, si vous percevez l\u2019allocation de solidarit\u00e9 aux personnes \u00e2g\u00e9es et que vous n\u2019avez pas exerc\u00e9 d\u2019activit\u00e9 professionnelle les 3\u00a0mois qui pr\u00e9c\u00e8dent votre demande, vous avez droit \u00e0 la Compl\u00e9mentaire sant\u00e9 solidaire avec participation financi\u00e8re.<\/p>\n<p style=\"text-align: justify;\">Vous devez en faire la demande avec le formulaire S3711 Demande de Compl\u00e9mentaire Sant\u00e9 Solidaire.<\/p>\n<p style=\"text-align: justify;\">Vous n\u2019avez pas \u00e0 remplir la d\u00e9claration de ressources. Il vous suffit\u00a0:<\/p>\n<ul style=\"text-align: justify;\">\n<li>de compl\u00e9ter les informations concernant votre foyer\u00a0;<\/li>\n<li>de compl\u00e9ter \u00e9galement la rubrique \u00ab Choix de l\u2019organisme compl\u00e9mentaire \u00bb ;<\/li>\n<li>de dater, de signer et d\u2019envoyer le formulaire \u00e0 votre caisse d\u2019assurance maladie.<\/li>\n<\/ul>\n<h1 style=\"text-align: justify;\">L&rsquo;Assurance Maladie<\/h1>\n<p style=\"text-align: justify;\">L\u2019Assurance Maladie est financ\u00e9e par des cotisations sur les salaires.<\/p>\n<p style=\"text-align: justify;\">Cette Assurance Maladie se divise en deux parties.<\/p>\n<p style=\"text-align: justify;\">Il y a tout d&rsquo;abord l\u2019Assurance Maladie Obligatoire (AMO). C&rsquo;est la branche de la S\u00e9curit\u00e9 sociale qui couvre tout ou partie des risques li\u00e9s \u00e0 :<\/p>\n<ul style=\"text-align: justify;\">\n<li>la maladie,<\/li>\n<li>la maternit\u00e9,<\/li>\n<li>les accidents de la vie priv\u00e9e et professionnelle,<\/li>\n<li>les maladies professionnelles,<\/li>\n<li>les invalidit\u00e9s.<\/li>\n<\/ul>\n<p style=\"text-align: justify;\">Cette Assurance Maladie Obligatoire est compos\u00e9 d\u2019un r\u00e9gime g\u00e9n\u00e9ral et de nombreux r\u00e9gimes sp\u00e9ciaux.<\/p>\n<p style=\"text-align: justify;\">Ensuite, il y a l\u2019Assurance Maladie Compl\u00e9mentaire (AMC). Celle-ci va correspondre \u00e0 l\u2019ensemble des garanties propos\u00e9es par des organismes priv\u00e9s.<\/p>\n<p style=\"text-align: justify;\">Ces garanties peuvent \u00eatre \u00e0 titre individuel ou collectif. Elles peuvent s&rsquo;adresser \u00e0 une personne mais \u00e9galement \u00e0 sa famille. Cette AMC est en compl\u00e9ment ou en suppl\u00e9ment des prestations de l\u2019Assurance Maladie Obligatoire.<\/p>\n<h2 style=\"text-align: justify;\">L&rsquo;Assurance Maladie Obligatoire<\/h2>\n<p style=\"text-align: justify;\">L\u2019AMO d\u00e9signe les trois r\u00e9gimes de protection sociale que sont : le r\u00e9gime g\u00e9n\u00e9ral, le r\u00e9gime agricole et les r\u00e9gimes sp\u00e9ciaux.<\/p>\n<div class=\"content_container\" style=\"text-align: justify;\">\n<div id=\"lassurance-maladie-obligatoire\" class=\"ce_text block\">\n<p>Selon le statut professionnel, un individu va appartenir \u00e0 l\u2019un de ces r\u00e9gimes obligatoires.<\/p>\n<\/div>\n<\/div>\n<h3 style=\"text-align: justify;\">Le r\u00e9gime g\u00e9n\u00e9ral<\/h3>\n<p style=\"text-align: justify;\">Le\u00a0r\u00e9gime g\u00e9n\u00e9ral\u00a0est le premier r\u00e9gime de la\u00a0S\u00e9curit\u00e9 sociale.<\/p>\n<p style=\"text-align: justify;\">C&rsquo;est celui qui concerne l\u2019ensemble des salari\u00e9s et assimil\u00e9s. Il concerne \u00e9galement les travailleurs ind\u00e9pendants non-soumis \u00e0 un r\u00e9gime particulier.<\/p>\n<p style=\"text-align: justify;\">Au niveau national, le r\u00e9gime g\u00e9n\u00e9ral se compose de plusieurs \u00e9tablissements publics nationaux \u00e0 caract\u00e8re administratif<\/p>\n<p style=\"text-align: justify;\">Mais au niveau r\u00e9gional, ce r\u00e9gime g\u00e9n\u00e9ral se caract\u00e9rise par des organismes de droit priv\u00e9 charg\u00e9s d\u2019une mission de service public.<\/p>\n<p style=\"text-align: justify;\">Le\u00a0r\u00e9gime g\u00e9n\u00e9ral\u00a0se divise en plusieurs branches distinctes\u00a0:<\/p>\n<ul style=\"text-align: justify;\">\n<li>la branche maladie<\/li>\n<li>la branche accidents du travail et maladies professionnelles<\/li>\n<li>la branche vieillesse<\/li>\n<li>la branche famille<\/li>\n<li>la branche recouvrement<\/li>\n<\/ul>\n<p style=\"text-align: justify;\">Afin de g\u00e9rer ces diff\u00e9rentes branches, il existe 4 organismes diff\u00e9rents :<\/p>\n<ul style=\"text-align: justify;\">\n<li>la Caisse Nationale d\u2019Assurance Maladie des Travailleurs Salari\u00e9s (CNAMTS)<\/li>\n<li>la Caisse Nationale d\u2019Assurance Vieillesse des Travailleurs Salari\u00e9s (CNAVTS)<\/li>\n<li><a href=\"https:\/\/www.urssaf.fr\/portail\/home\/particulier-espace.html\" target=\"_blank\" rel=\"noopener\">l\u2019URSSAF<\/a><\/li>\n<li>la Caisse Nationale des Allocations Familiales (CNAF)<\/li>\n<\/ul>\n<h3 style=\"text-align: justify;\">Le r\u00e9gime agricole<\/h3>\n<p style=\"text-align: justify;\">Le r\u00e9gime agricole est g\u00e9r\u00e9 par la Mutualit\u00e9 Sociale Agricole (MSA).<\/p>\n<p style=\"text-align: justify;\">C&rsquo;est l\u2019organisme mutualiste qui va g\u00e9rer le r\u00e9gime obligatoire de protection sociale du monde agricole et rural.<\/p>\n<p style=\"text-align: justify;\">Les personnes affili\u00e9s \u00e0 la MSA vont \u00eatre les :<\/p>\n<div class=\"content_container\" style=\"text-align: justify;\">\n<div class=\"ce_text block\">\n<ul style=\"text-align: justify;\">\n<li>salari\u00e9s agricoles<\/li>\n<li>agriculteurs<\/li>\n<li>personnes exer\u00e7ant des professions agricoles annexes<\/li>\n<li>professionnels agricoles non-salari\u00e9s<\/li>\n<li>retrait\u00e9s du secteur agricoles<\/li>\n<li>ayants droit<\/li>\n<\/ul>\n<p style=\"text-align: justify;\">Les ayants droit sont les personnes, autre que l\u2019assur\u00e9, qui vont pouvoir b\u00e9n\u00e9ficier des prestations vers\u00e9es par les diff\u00e9rents organismes de S\u00e9curit\u00e9 sociale ou d\u2019assurance.<\/p>\n<p style=\"text-align: justify;\">La majeure partie du temps, les ayants droit\u00a0sont par exemple le conjoint et les enfants.<\/p>\n<h3 style=\"text-align: justify;\">Les r\u00e9gimes sp\u00e9ciaux<\/h3>\n<p style=\"text-align: justify;\">Les\u00a0r\u00e9gimes sp\u00e9ciaux\u00a0sont des r\u00e9gimes de\u00a0S\u00e9curit\u00e9 sociale qui ne suivent pas les m\u00eames r\u00e8gles que ler\u00e9gime g\u00e9n\u00e9ral. Il existe une vingtaine de r\u00e9gimes sp\u00e9ciaux.<\/p>\n<p style=\"text-align: justify;\">Environ 5 millions de personnes sont aujourd&rsquo;hui couvertes par ces r\u00e9gimes sp\u00e9ciaux.<\/p>\n<p style=\"text-align: justify;\">Selon le corps de m\u00e9tier auquel vous appartenez, le fonctionnement des r\u00e9gimes sp\u00e9ciaux va varier.<\/p>\n<p style=\"text-align: justify;\">Certains r\u00e9gimes sp\u00e9ciaux vont prendre en charge une couverture globale de protection sociale. Mais les autres r\u00e9gimes sp\u00e9ciaux vont se contenter d\u2019une assurance partielle.<\/p>\n<p style=\"text-align: justify;\">La grande majorit\u00e9 d\u2019entre-eux prennent en charge le\u00a0risque vieillesse.<\/p>\n<h4 style=\"text-align: justify;\">L&rsquo;Assurance Vieillesse<\/h4>\n<p style=\"text-align: justify;\">L\u2019Assurance Vieillesse est la\u00a0branche de la S\u00e9curit\u00e9 sociale\u00a0qui g\u00e8re le risque vieillesse.<\/p>\n<p style=\"text-align: justify;\">Son r\u00f4le va \u00eatre d&rsquo;assurer, gr\u00e2ce \u00e0 un syst\u00e8me par r\u00e9partition, une retraite aux personnes qui vont \u00eatre en \u00e2ge de partir \u00e0 la retraite et qui auront assez cotis\u00e9.<\/p>\n<p style=\"text-align: justify;\">Au sein de l\u2019Assurance Vieillesse, on retrouve diff\u00e9rents r\u00e9gimes qui permettent de regrouper les assur\u00e9s sociaux selon leur activit\u00e9 professionnelle.<\/p>\n<p style=\"text-align: justify;\">Il y a tout d&rsquo;abord le r\u00e9gime g\u00e9n\u00e9ral qui est g\u00e9r\u00e9 par l\u2019Assurance <a href=\"https:\/\/www.mes-allocs.fr\/guides\/wp-admin\/post.php?post=46979&amp;action=edit\" target=\"_blank\" rel=\"noopener\">Retraite<\/a> pour les salari\u00e9s de l&rsquo;industrie, du commerce et des services. Ce r\u00e9gime g\u00e9n\u00e9ral s&rsquo;applique \u00e9galement pour les travailleurs ind\u00e9pendants.<\/p>\n<p style=\"text-align: justify;\">Ensuite, il y a les r\u00e9gimes sp\u00e9ciaux des fonctionnaires et ses salari\u00e9s du secteur public. Ceux-ci vont \u00eatre g\u00e9r\u00e9s par\u00a0 diff\u00e9rentes caisse de retraite.<\/p>\n<p style=\"text-align: justify;\">Enfin, il y a le r\u00e9gime des non-salari\u00e9s agricoles. Celui-ci est g\u00e9r\u00e9 par la Mutualit\u00e9 sociale agricole (MSA).<\/p>\n<h2 style=\"text-align: justify;\">L&rsquo;Assurance Maladie Compl\u00e9mentaire<\/h2>\n<div class=\"content_container\">\n<div class=\"ce_text block\">\n<p style=\"text-align: justify;\">L\u2019Assurance Maladie Compl\u00e9mentaire (AMC) va correspondre \u00e0 l\u2019ensemble des garanties propos\u00e9es par des organismes priv\u00e9s. Ces garanties peuvent \u00eatre \u00e0 titre individuel ou collectif.<\/p>\n<p style=\"text-align: justify;\">Elles peuvent s&rsquo;adresser \u00e0 une personne mais \u00e9galement \u00e0 sa famille. Cette AMC est en compl\u00e9ment ou en suppl\u00e9ment des prestations de l\u2019Assurance Maladie Obligatoire.<\/p>\n<p><span style=\"font-weight: 400;\"><amp-iframe \r\n           src=\"https:\/\/front.mes-allocs.fr\/shortcode-retraite.html\"\r\n           layout=\"responsive\"\r\n           frameborder=\"0\"\r\n           resizable\r\n           width=\"300px\" \r\n           height=\"300px\" \r\n           sandbox=\"allow-scripts allow-same-origin\">\r\n           <amp-img layout=\"fill\" src=\"https:\/\/images.assetsdelivery.com\/compings_v2\/coolvectorstock\/coolvectorstock1811\/coolvectorstock181107081.jpg\" \r\n           overflow placeholder><\/amp-img>\r\n           <\/amp-iframe><\/span><\/p>\n<h2 style=\"text-align: justify;\">Les consulations m\u00e9dicales<\/h2>\n<h3 style=\"text-align: justify;\">La consultation d&rsquo;un m\u00e9decin g\u00e9n\u00e9raliste<\/h3>\n<p style=\"text-align: justify;\">Le prix d&rsquo;une\u00a0consultation chez un m\u00e9decin g\u00e9n\u00e9raliste, mais \u00e9galement\u00a0le remboursement par l&rsquo;Assurance Maladie vont \u00eatre diff\u00e9rents selon plusieurs crit\u00e8res.<\/p>\n<p style=\"text-align: justify;\">Le premier crit\u00e8re est celui de savoir si le m\u00e9decin est le m\u00e9decin traitant du patient ou non.<\/p>\n<p style=\"text-align: justify;\">Ensuite, il faut savoir si le m\u00e9decin est conventionn\u00e9 de secteur 1 ou de secteur 2.<\/p>\n<p style=\"text-align: justify;\">Enfin, il faut savoir si le m\u00e9decin est non-conventionn\u00e9.<\/p>\n<p style=\"text-align: justify;\">Dans le cadre du\u00a0parcours de soins, un patient sera mieux rembours\u00e9 par la\u00a0S\u00e9curit\u00e9 sociale dans le cas o\u00f9 il passe par son m\u00e9decin traitant plut\u00f4t que de consulter un m\u00e9decin sp\u00e9cialiste.<\/p>\n<h4 style=\"text-align: justify;\">Le m\u00e9decin traitant<\/h4>\n<p style=\"text-align: justify;\">Le\u00a0m\u00e9decin traitant va \u00eatre le m\u00e9decin r\u00e9f\u00e9rent d\u2019un assur\u00e9 social. C&rsquo;est le m\u00e9decin qui est en charge de son suivi m\u00e9dical.<\/p>\n<p style=\"text-align: justify;\">C&rsquo;est le premier professionnel de sant\u00e9 vers lequel va se tourner un patient si il a des questions concernant sa sant\u00e9. Ce m\u00e9decin traitant va assurer les soins habituels et de pr\u00e9vention de ses patients.<\/p>\n<\/div>\n<\/div>\n<\/div>\n<\/div>\n","protected":false},"excerpt":{"rendered":"<p>Aujourd\u2019hui, l&rsquo;acc\u00e8s aux soins est devenu plus facile pour les personnes aux ressources modestes. Il y a eu notamment l&rsquo;apparition d&rsquo;aide pour les seniors ayant une petite retraite. Parmi ces aides, on retrouve la Compl\u00e9mentaire Sant\u00e9 Solidaire. MesAllocs vous d\u00e9taille tout juste ici.\u00a0 Qu&rsquo;est-ce que l&rsquo;ACS ? L\u2019Aide pour une Compl\u00e9mentaire Sant\u00e9\u00a0(ACS) est une\u00a0aide \u00e0 [&hellip;]<\/p>\n","protected":false},"author":13,"featured_media":55270,"comment_status":"closed","ping_status":"open","sticky":false,"template":"","format":"standard","meta":{"amp_status":"","footnotes":""},"categories":[14320,16676],"tags":[],"class_list":["post-54542","post","type-post","status-publish","format-standard","has-post-thumbnail","hentry","category-aide-par-situation","category-aide-pour-retraite"],"yoast_head":"<!-- This site is optimized with the Yoast SEO plugin v14.9 - https:\/\/yoast.com\/wordpress\/plugins\/seo\/ -->\n<title>La CSS pour les retrait\u00e9s | Mes-Allocs.fr<\/title>\n<meta name=\"description\" content=\"Aujourd\u2019hui, l&#039;acc\u00e8s aux soins est devenu plus facile pour les personnes aux ressources modestes. Parmi ces aides, on retrouve la CSS.\" \/>\n<meta name=\"robots\" content=\"index, follow, max-snippet:-1, max-image-preview:large, max-video-preview:-1\" \/>\n<link rel=\"canonical\" href=\"https:\/\/www.mes-allocs.fr\/guides\/aide-par-situation\/aide-pour-retraite\/css-retraite\/\" \/>\n<meta property=\"og:locale\" content=\"fr_FR\" \/>\n<meta property=\"og:type\" content=\"article\" \/>\n<meta property=\"og:title\" content=\"La CSS pour les retrait\u00e9s | Mes-Allocs.fr\" \/>\n<meta property=\"og:description\" content=\"Aujourd\u2019hui, l&#039;acc\u00e8s aux soins est devenu plus facile pour les personnes aux ressources modestes. Parmi ces aides, on retrouve la CSS.\" \/>\n<meta property=\"og:url\" content=\"https:\/\/www.mes-allocs.fr\/guides\/aide-par-situation\/aide-pour-retraite\/css-retraite\/\" \/>\n<meta property=\"og:site_name\" content=\"Mes-Allocs.fr\" \/>\n<meta property=\"article:published_time\" content=\"2022-08-18T14:28:14+00:00\" \/>\n<meta property=\"article:modified_time\" content=\"2025-10-30T13:28:58+00:00\" \/>\n<meta property=\"og:image\" content=\"https:\/\/www.mes-allocs.fr\/guides\/wp-content\/uploads\/2022\/08\/dmitry-vechorko-GfTJ0ElQ-3U-unsplash.jpg?wsr\" \/>\n\t<meta property=\"og:image:width\" content=\"1920\" \/>\n\t<meta property=\"og:image:height\" content=\"1280\" \/>\n<meta name=\"twitter:card\" content=\"summary_large_image\" \/>\n<script type=\"application\/ld+json\" class=\"yoast-schema-graph\">{\"@context\":\"https:\/\/schema.org\",\"@graph\":[{\"@type\":\"WebSite\",\"@id\":\"https:\/\/www.mes-allocs.fr\/guides\/#website\",\"url\":\"https:\/\/www.mes-allocs.fr\/guides\/\",\"name\":\"Mes-Allocs.fr\",\"description\":\"\",\"potentialAction\":[{\"@type\":\"SearchAction\",\"target\":\"https:\/\/www.mes-allocs.fr\/guides\/?s={search_term_string}\",\"query-input\":\"required name=search_term_string\"}],\"inLanguage\":\"fr-FR\"},{\"@type\":\"ImageObject\",\"@id\":\"https:\/\/www.mes-allocs.fr\/guides\/aide-par-situation\/aide-pour-retraite\/css-retraite\/#primaryimage\",\"inLanguage\":\"fr-FR\",\"url\":\"https:\/\/www.mes-allocs.fr\/guides\/wp-content\/uploads\/2022\/08\/dmitry-vechorko-GfTJ0ElQ-3U-unsplash.jpg?wsr\",\"width\":1920,\"height\":1280,\"caption\":\"ccs retrait\\u00e9\"},{\"@type\":\"WebPage\",\"@id\":\"https:\/\/www.mes-allocs.fr\/guides\/aide-par-situation\/aide-pour-retraite\/css-retraite\/#webpage\",\"url\":\"https:\/\/www.mes-allocs.fr\/guides\/aide-par-situation\/aide-pour-retraite\/css-retraite\/\",\"name\":\"La CSS pour les retrait\\u00e9s | Mes-Allocs.fr\",\"isPartOf\":{\"@id\":\"https:\/\/www.mes-allocs.fr\/guides\/#website\"},\"primaryImageOfPage\":{\"@id\":\"https:\/\/www.mes-allocs.fr\/guides\/aide-par-situation\/aide-pour-retraite\/css-retraite\/#primaryimage\"},\"datePublished\":\"2022-08-18T14:28:14+00:00\",\"dateModified\":\"2025-10-30T13:28:58+00:00\",\"author\":{\"@id\":\"https:\/\/www.mes-allocs.fr\/guides\/#\/schema\/person\/c22c1269332026958a3b5505f80b5404\"},\"description\":\"Aujourd\\u2019hui, l'acc\\u00e8s aux soins est devenu plus facile pour les personnes aux ressources modestes. Parmi ces aides, on retrouve la CSS.\",\"inLanguage\":\"fr-FR\"},{\"@type\":\"Person\",\"@id\":\"https:\/\/www.mes-allocs.fr\/guides\/#\/schema\/person\/c22c1269332026958a3b5505f80b5404\",\"name\":\"Flavien Fritz\",\"image\":{\"@type\":\"ImageObject\",\"@id\":\"https:\/\/www.mes-allocs.fr\/guides\/#personlogo\",\"inLanguage\":\"fr-FR\",\"url\":\"https:\/\/www.mes-allocs.fr\/guides\/wp-content\/uploads\/2021\/11\/Flavien-1-150x150.png\",\"caption\":\"Flavien Fritz\"},\"description\":\"Flavien est r\\u00e9dacteur au sein de l'\\u00e9quipe Mes Allocs, sp\\u00e9cialis\\u00e9 en droit priv\\u00e9. Dipl\\u00f4m\\u00e9 de l'Institut Catholique de Vend\\u00e9e, il rejoint Mes Allocs apr\\u00e8s une premi\\u00e8re exp\\u00e9rience entrepreneuriale.\",\"sameAs\":[\"https:\/\/fr.linkedin.com\/in\/flavienfritz\"]}]}<\/script>\n<!-- \/ Yoast SEO plugin. -->","amp_validity":null,"acf":{"faq":{"1":{"question":"Qu'est-ce que la CSS ?","answer":"La Compl\u00e9mentaire Sant\u00e9 Solidaire est une aide qui va vous servir \u00e0 payer vos d\u00e9penses de sant\u00e9.\r\n<br> <a href=\"https:\/\/www.mes-allocs.fr\/guides\/aide-par-situation\/aide-retraite\/css-retraite\/\">Lire la suite<\/a>\r\n"},"2":{"question":"Qui peut demander la CSS ?","answer":"Vous pourrez obtenir la Compl\u00e9mentaire Sant\u00e9 Solidaire dans le cas o\u00f9 vous b\u00e9n\u00e9ficiez de la prise en charge de vos frais de sant\u00e9 par l'Assurance Maladie.\r\n<br> <a href=\"https:\/\/www.mes-allocs.fr\/guides\/aide-par-situation\/aide-retraite\/css-retraite\/\">Lire la suite<\/a>\r\n"},"3":{"question":"Peut-on cumuler le CSS et le RSA ?","answer":"Dans le cas o\u00f9 vous percevez le RSA, vous et les membres de votre foyer pouvez obtenir la Compl\u00e9mentaire Sant\u00e9 Solidaire, et ce sans participation financi\u00e8re.\r\n<br> <a href=\"https:\/\/www.mes-allocs.fr\/guides\/aide-par-situation\/aide-retraite\/css-retraite\/\">Lire la suite<\/a>\r\n"},"4":{"question":"L'ACS existe t-elle encore aujourd'hui ?","answer":"Cette aide a aujourd'hui \u00e9t\u00e9 supprim\u00e9e et remplac\u00e9e par la Compl\u00e9mentaire Sant\u00e9 Solidaire (CSS).\r\n<br> <a href=\"https:\/\/www.mes-allocs.fr\/guides\/aide-par-situation\/aide-retraite\/css-retraite\/\">Lire la suite<\/a>\r\n"},"5":{"question":"","answer":""},"6":{"question":"","answer":""},"7":{"question":"","answer":""},"8":{"question":"","answer":""},"9":{"question":"","answer":""},"10":{"question":"","answer":""},"11":{"question":"","answer":""},"12":{"question":"","answer":""},"13":{"question":"","answer":""},"14":{"question":"","answer":""},"15":{"question":"","answer":""},"16":{"question":"","answer":""}}},"_links":{"self":[{"href":"https:\/\/www.mes-allocs.fr\/guides\/wp-json\/wp\/v2\/posts\/54542","targetHints":{"allow":["GET"]}}],"collection":[{"href":"https:\/\/www.mes-allocs.fr\/guides\/wp-json\/wp\/v2\/posts"}],"about":[{"href":"https:\/\/www.mes-allocs.fr\/guides\/wp-json\/wp\/v2\/types\/post"}],"author":[{"embeddable":true,"href":"https:\/\/www.mes-allocs.fr\/guides\/wp-json\/wp\/v2\/users\/13"}],"replies":[{"embeddable":true,"href":"https:\/\/www.mes-allocs.fr\/guides\/wp-json\/wp\/v2\/comments?post=54542"}],"version-history":[{"count":7,"href":"https:\/\/www.mes-allocs.fr\/guides\/wp-json\/wp\/v2\/posts\/54542\/revisions"}],"predecessor-version":[{"id":91166,"href":"https:\/\/www.mes-allocs.fr\/guides\/wp-json\/wp\/v2\/posts\/54542\/revisions\/91166"}],"wp:featuredmedia":[{"embeddable":true,"href":"https:\/\/www.mes-allocs.fr\/guides\/wp-json\/wp\/v2\/media\/55270"}],"wp:attachment":[{"href":"https:\/\/www.mes-allocs.fr\/guides\/wp-json\/wp\/v2\/media?parent=54542"}],"wp:term":[{"taxonomy":"category","embeddable":true,"href":"https:\/\/www.mes-allocs.fr\/guides\/wp-json\/wp\/v2\/categories?post=54542"},{"taxonomy":"post_tag","embeddable":true,"href":"https:\/\/www.mes-allocs.fr\/guides\/wp-json\/wp\/v2\/tags?post=54542"}],"curies":[{"name":"wp","href":"https:\/\/api.w.org\/{rel}","templated":true}]}}