{"id":54534,"date":"2022-08-18T18:43:23","date_gmt":"2022-08-18T16:43:23","guid":{"rendered":"https:\/\/www.mes-allocs.fr\/guides\/?p=54534"},"modified":"2026-01-27T16:14:37","modified_gmt":"2026-01-27T15:14:37","slug":"garantie-visale-retraite","status":"publish","type":"post","link":"https:\/\/www.mes-allocs.fr\/guides\/aide-logement\/garantie-visale\/garantie-visale-conditions\/garantie-visale-retraite\/","title":{"rendered":"Un retrait\u00e9 peut-il pr\u00e9tendre \u00e0 la garantie Visale en 2026 ?"},"content":{"rendered":"<p><img loading=\"lazy\" decoding=\"async\" class=\"aligncenter wp-image-60554\" title=\"visale retrait\u00e9\" src=\"https:\/\/www.mes-allocs.fr\/guides\/wp-content\/uploads\/2022\/08\/image_2023-01-11_154157929.png\" alt=\"visale retrait\u00e9\" width=\"1200\" height=\"282\" srcset=\"https:\/\/www.mes-allocs.fr\/guides\/wp-content\/uploads\/2022\/08\/image_2023-01-11_154157929.png 1132w, https:\/\/www.mes-allocs.fr\/guides\/wp-content\/uploads\/2022\/08\/image_2023-01-11_154157929-300x70.png 300w, https:\/\/www.mes-allocs.fr\/guides\/wp-content\/uploads\/2022\/08\/image_2023-01-11_154157929-1024x241.png 1024w, https:\/\/www.mes-allocs.fr\/guides\/wp-content\/uploads\/2022\/08\/image_2023-01-11_154157929-768x180.png 768w, https:\/\/www.mes-allocs.fr\/guides\/wp-content\/uploads\/2022\/08\/image_2023-01-11_154157929-600x141.png 600w\" sizes=\"auto, (max-width: 1200px) 100vw, 1200px\" \/><\/p>\n<p>[Mis \u00e0 jour le 27\/01\/2026] La garantie Visale est une garantie qui sert de caution en cas d\u2019impay\u00e9s de loyers et de charges. Cette <a href=\"https:\/\/www.mes-allocs.fr\/guides\/aide-logement\/\">aide au logement<\/a> est g\u00e9r\u00e9e par Action Logement. D\u00e9couvrez si la <strong>garantie Visale est accessible aux retrait\u00e9s<\/strong>.<\/p>\n<hr \/>\n<h1><span id=\"Qui_peut_y_pretendre\">Qui peut b\u00e9n\u00e9ficier de la garantie Visale ? <img loading=\"lazy\" decoding=\"async\" class=\"alignright wp-image-55298\" title=\"Qui peut b\u00e9n\u00e9ficier de la garantie Visale ?\" src=\"https:\/\/www.mes-allocs.fr\/guides\/wp-content\/uploads\/2022\/08\/artem-kniaz-myiOWorAbCE-unsplash-e1660839955252-300x200.jpg\" alt=\"Qui peut b\u00e9n\u00e9ficier de la garantie Visale ?\" width=\"383\" height=\"255\" srcset=\"https:\/\/www.mes-allocs.fr\/guides\/wp-content\/uploads\/2022\/08\/artem-kniaz-myiOWorAbCE-unsplash-e1660839955252-300x200.jpg 300w, https:\/\/www.mes-allocs.fr\/guides\/wp-content\/uploads\/2022\/08\/artem-kniaz-myiOWorAbCE-unsplash-e1660839955252-1024x683.jpg 1024w, https:\/\/www.mes-allocs.fr\/guides\/wp-content\/uploads\/2022\/08\/artem-kniaz-myiOWorAbCE-unsplash-e1660839955252-768x512.jpg 768w, https:\/\/www.mes-allocs.fr\/guides\/wp-content\/uploads\/2022\/08\/artem-kniaz-myiOWorAbCE-unsplash-e1660839955252-1536x1024.jpg 1536w, https:\/\/www.mes-allocs.fr\/guides\/wp-content\/uploads\/2022\/08\/artem-kniaz-myiOWorAbCE-unsplash-e1660839955252-600x400.jpg 600w, https:\/\/www.mes-allocs.fr\/guides\/wp-content\/uploads\/2022\/08\/artem-kniaz-myiOWorAbCE-unsplash-e1660839955252.jpg 1920w\" sizes=\"auto, (max-width: 383px) 100vw, 383px\" \/><\/span><\/h1>\n<h2>Une aide surtout destin\u00e9e aux jeunes<\/h2>\n<p>Cette aide est surtout destin\u00e9e aux <strong>jeunes de moins de 30 ans<\/strong>. Que vous soyez <strong>\u00e9tudiant<\/strong>, <strong>apprenti<\/strong>, <strong>salari\u00e9<\/strong>, ou <strong>fonctionnaire<\/strong>, vous pouvez y pr\u00e9tendre.<\/p>\n<h2>Conditions pour les plus de 30 ans<\/h2>\n<p>Les personnes de <strong>plus de 30 ans<\/strong> peuvent \u00e9galement b\u00e9n\u00e9ficier de Visale, mais <strong>\u00e0 condition qu\u2019ils justifient d\u2019un emploi<\/strong> (CDD, int\u00e9rim, CDI confirm\u00e9s, en p\u00e9riode d\u2019essai), qu\u2019ils soient en <strong>mutation professionnelle<\/strong> ou qu\u2019ils <strong>suivent une formation<\/strong>.<\/p>\n<h2>Un retrait\u00e9 peut-il pr\u00e9tendre \u00e0 la garantie Visale ?<\/h2>\n<div id=\"content\" class=\"site-content\">\n<section class=\"margin-bottom-medium\">\n<div class=\"wrapper--smaller\">\n<p><strong>Un retrait\u00e9 ne peut pas obtenir la garantie Visale, puisqu&rsquo;il faut pour cela exercer une activit\u00e9 salari\u00e9e.<\/strong><\/p>\n<p>N\u00e9anmoins, les retrait\u00e9s peuvent b\u00e9n\u00e9ficier d&rsquo;autres aides, dont nous parlerons plus loin dans l&rsquo;article.<\/p>\n<\/div>\n<\/section>\n<\/div>\n<h1><span id=\"Quest-ce_que_la_garantie_Visale\">Qu\u2019est-ce que la garantie Visale ?<\/span><\/h1>\n<p style=\"text-align: center;\"><iframe loading=\"lazy\" src=\"\/\/www.youtube.com\/embed\/B1BZZnKIoGo\" width=\"560\" height=\"314\" allowfullscreen=\"allowfullscreen\"><\/iframe><\/p>\n<h2>Les avantages de la garantie Visale<\/h2>\n<p>En France aujourd&rsquo;hui, il est courant pour la majorit\u00e9 des bailleurs de demander qu&rsquo;un tiers se porte garant ou caution pour le locataire du logement.<\/p>\n<p>Gr\u00e2ce \u00e0 la garantie Visale, il est<span style=\"color: #000000;\"> possible de b\u00e9n\u00e9ficier d&rsquo;un garant gratuitement.<\/span><\/p>\n<p><span style=\"color: #000000;\">Ce garant va permettre de :\u00a0<\/span><\/p>\n<ul>\n<li><span style=\"color: #000000;\"><strong>Renforcer votre dossier<\/strong> en tant que candidat locataire,<\/span><\/li>\n<li><span style=\"color: #000000;\"><strong>Couvrir votre loyer en cas de difficult\u00e9 de paiement<\/strong> pendant toute la dur\u00e9e du bail,<\/span><\/li>\n<li><span style=\"color: #000000;\"><strong>S\u00e9curiser les revenus locatifs des bailleurs priv\u00e9s<\/strong> pendant toute la dur\u00e9e du bail,<\/span><\/li>\n<li><span style=\"color: #000000;\"><strong>Assurer les bailleurs priv\u00e9s contre les d\u00e9gradations<\/strong> du logement.<\/span><\/li>\n<\/ul>\n<p><span style=\"font-weight: 400;\"><div class='cta-block'><div class='text'>Simulez toutes vos aides en 2 min.<\/div><a href='' class='app-button fit'>Simulation gratuite<\/a><\/div><\/span><\/p>\n<h2>Les caract\u00e9ristiques de la garantie Visale<\/h2>\n<p>La garantie Visale est un dispositif de <strong>caution gratuite qui a \u00e9t\u00e9 <\/strong>mis en place le 1er janvier 2016.\u00a0Gr\u00e2ce \u00e0 cette garantie, les locataires peuvent b\u00e9n\u00e9ficier d&rsquo;un garant gratuit aupr\u00e8s de leur bailleur.<\/p>\n<p>La garantie Visale permet de garantir le paiement des loyers sur toute la dur\u00e9e du contrat de location pour les propri\u00e9taires. Celle-ci se fait <strong>dans la limite de 36 loyers impay\u00e9s<\/strong> pour les logements du parc priv\u00e9. Pour les logements sociaux ou assimil\u00e9 qui sont lou\u00e9s \u00e0 un \u00e9tudiant, la limite est de <strong>9 mensualit\u00e9s<\/strong>.<\/p>\n<h2><strong>Les d\u00e9gradations locatives<\/strong><\/h2>\n<p>Ce dispositif a \u00e9t\u00e9 \u00e9largi en 2019, pour permettre aux propri\u00e9taires de se faire rembourser en cas de<strong> d\u00e9gradations locatives<\/strong>.\u00a0En effet, si le locataire est responsable, <strong>le bailleur va se faire rembourser directement par Action Logement<\/strong>.<\/p>\n<p>Cette nouvelle garantie de d\u00e9gradations locatives est limit\u00e9e \u00e0 un montant qui repr\u00e9sente <strong>deux mois de loyers et de charges<\/strong>.<\/p>\n<p>Les frais de remise en \u00e9tat du logement vont \u00eatre couverts en cas de d\u00e9gradations locatives imputables au locataire. Ne sont pas pris en compte les frais de remise en \u00e9tat du mobilier.<\/p>\n<p>Les d\u00e9gradations locatives vont alors \u00eatre constat\u00e9es au d\u00e9part du locataire par comparaison de l\u2019\u00e9tat des lieux d\u2019entr\u00e9e et de sortie \u00e9tablis par contrat ou par acte d\u2019huissier.<\/p>\n<div id=\"content\" class=\"site-content\">\n<section class=\"margin-bottom-medium\">\n<div class=\"wrapper--smaller\">\n<div>\n<h1><span style=\"font-size: 24pt;\">Quelles sont les autres aides accessibles aux retrait\u00e9s ? <img loading=\"lazy\" decoding=\"async\" class=\"alignright wp-image-55301\" title=\"Quelles sont les autres aides accessibles aux retrait\u00e9s ?\" src=\"https:\/\/www.mes-allocs.fr\/guides\/wp-content\/uploads\/2022\/08\/tingey-injury-law-firm-9SKhDFnw4c4-unsplash-e1660840779999-300x200.jpg\" alt=\"Quelles sont les autres aides accessibles aux retrait\u00e9s ?\" width=\"405\" height=\"270\" srcset=\"https:\/\/www.mes-allocs.fr\/guides\/wp-content\/uploads\/2022\/08\/tingey-injury-law-firm-9SKhDFnw4c4-unsplash-e1660840779999-300x200.jpg 300w, https:\/\/www.mes-allocs.fr\/guides\/wp-content\/uploads\/2022\/08\/tingey-injury-law-firm-9SKhDFnw4c4-unsplash-e1660840779999-1024x683.jpg 1024w, https:\/\/www.mes-allocs.fr\/guides\/wp-content\/uploads\/2022\/08\/tingey-injury-law-firm-9SKhDFnw4c4-unsplash-e1660840779999-768x512.jpg 768w, https:\/\/www.mes-allocs.fr\/guides\/wp-content\/uploads\/2022\/08\/tingey-injury-law-firm-9SKhDFnw4c4-unsplash-e1660840779999-1536x1024.jpg 1536w, https:\/\/www.mes-allocs.fr\/guides\/wp-content\/uploads\/2022\/08\/tingey-injury-law-firm-9SKhDFnw4c4-unsplash-e1660840779999-600x400.jpg 600w, https:\/\/www.mes-allocs.fr\/guides\/wp-content\/uploads\/2022\/08\/tingey-injury-law-firm-9SKhDFnw4c4-unsplash-e1660840779999.jpg 1920w\" sizes=\"auto, (max-width: 405px) 100vw, 405px\" \/><\/span><\/h1>\n<\/div>\n<\/div>\n<\/section>\n<\/div>\n<footer class=\"site-footer\">\n<div class=\"footer-level-1\">\n<div class=\"menu-menu-footer-pied-de-page-container\">\n<div class=\"custom\">\n<div class=\"inner-padding\">\n<h2><span id=\"Lallocation_personnalisee_dautonomie_APA\">L\u2019allocation personnalis\u00e9e d\u2019autonomie (APA)<\/span><\/h2>\n<p>L\u2019APA a pour but de couvrir une partie des d\u00e9penses li\u00e9es aux actes essentiels de la vie courante des personnes \u00e2g\u00e9es.<\/p>\n<p>Cette aide financi\u00e8re se d\u00e9cline en deux versions :<\/p>\n<ul>\n<li>\u00c0 domicile ;<\/li>\n<li>Ou en \u00e9tablissement.<\/li>\n<\/ul>\n<p>Pour en faire la demande, vous devrez vous procurer un dossier APA aupr\u00e8s des services du d\u00e9partement, d\u2019un CCAS ou directement aupr\u00e8s de l\u2019\u00e9tablissement o\u00f9 vous allez vivre.<\/p>\n<p>Pour toucher cette aide, vous devez remplir les conditions suivantes :<\/p>\n<ul>\n<li>L\u2019\u00e2ge du b\u00e9n\u00e9ficiaire ;<\/li>\n<li>Les revenus ;<\/li>\n<li>Le rattachement \u00e0 un groupe de la grille AGGIR.<\/li>\n<\/ul>\n<h2><span id=\"Lallocation_de_solidarite_aux_personnes_agees_ASPA\">L\u2019allocation de solidarit\u00e9 aux personnes \u00e2g\u00e9es (ASPA)<\/span><\/h2>\n<p>L\u2019ASPA a pour but d\u2019assurer un niveau minimum de ressources aux personnes \u00e2g\u00e9es disposant de faibles revenus.<\/p>\n<p>Pour votre demande, vous devrez :<\/p>\n<ul>\n<li>Avoir entre 60 et 65 ans ;<\/li>\n<li>ne pas d\u00e9passer les plafonds de ressources ;<\/li>\n<li>Renseigner votre situation familiale ;<\/li>\n<li>Respecter des crit\u00e8res de r\u00e9sidence.<\/li>\n<\/ul>\n<p>Le montant de l\u2019aide varie selon l\u2019ensemble de ces conditions et porte les ressources de l\u2019assur\u00e9 au montant du plafond de ressources, soit :<\/p>\n<ul>\n<li>1 043,59 \u20ac par mois pour une personne seule ;<\/li>\n<li>Et 1 620,18 \u20ac par mois pour un couple.<\/li>\n<\/ul>\n<h2><span id=\"Lallocation_supplementaire_dinvalidite_ASI\">L\u2019allocation suppl\u00e9mentaire d\u2019invalidit\u00e9 (ASI)<\/span><\/h2>\n<p>L\u2019ASI est vers\u00e9e aux personnes invalides titulaires de certaines pensions lorsque qu\u2019elles n\u2019ont pas encore atteint l\u2019\u00e2ge l\u00e9gal de d\u00e9part en retraite.<\/p>\n<p>Comme les pr\u00e9c\u00e9dentes allocations, le montant de l\u2019ASI varie selon la situation personnelle du demandeur.<\/p>\n<p>Dans tous les cas, pour b\u00e9n\u00e9ficier de cette aide, il vous faut :<\/p>\n<ul>\n<li>Percevoir une pension de retraite ou d\u2019invalidit\u00e9 :<\/li>\n<\/ul>\n<ul>\n<li>Respecter les conditions de r\u00e9sidence en France.<\/li>\n<\/ul>\n<h2><span id=\"La_prestation_de_compensation_handicap_PCH\">La prestation de compensation handicap (PCH)<\/span><\/h2>\n<p>La PCH s\u2019adresse aux personnes \u00e2g\u00e9es de moins de 75 ans en situation de handicap et dont ce dernier a \u00e9t\u00e9 diagnostiqu\u00e9 avant l\u2019\u00e2ge de 60 ans.<\/p>\n<p>Elle est vers\u00e9e par le d\u00e9partement et permet de financer :<\/p>\n<ul>\n<li>Des aides humaines ;<\/li>\n<li>Des aides techniques ;<\/li>\n<li>L\u2019adaptation du logement ;<\/li>\n<li>L\u2019adaptation du v\u00e9hicule.<\/li>\n<\/ul>\n<p>Si cette aide sociale n\u2019est pas soumise \u00e0 une condition de ressources, une participation \u00e0 cette derni\u00e8re vous est laiss\u00e9e \u00e0 charge selon vos revenus.<\/p>\n<\/div>\n<p><span style=\"font-weight: 400;\"><div class='cta-block'><div class='text'>Simulez toutes vos aides en 2 min.<\/div><a href='' class='app-button fit'>Simulation gratuite<\/a><\/div><\/span><\/p>\n<\/div>\n<\/div>\n<\/div>\n<\/footer>\n","protected":false},"excerpt":{"rendered":"<p>[Mis \u00e0 jour le 27\/01\/2026] La garantie Visale est une garantie qui sert de caution en cas d\u2019impay\u00e9s de loyers et de charges. Cette aide au logement est g\u00e9r\u00e9e par Action Logement. D\u00e9couvrez si la garantie Visale est accessible aux retrait\u00e9s. Qui peut b\u00e9n\u00e9ficier de la garantie Visale ? Une aide surtout destin\u00e9e aux jeunes [&hellip;]<\/p>\n","protected":false},"author":13,"featured_media":55298,"comment_status":"closed","ping_status":"open","sticky":false,"template":"","format":"standard","meta":{"amp_status":"","footnotes":""},"categories":[1,2833,4015],"tags":[],"class_list":["post-54534","post","type-post","status-publish","format-standard","has-post-thumbnail","hentry","category-aide-logement","category-garantie-visale","category-garantie-visale-conditions"],"yoast_head":"<!-- This site is optimized with the Yoast SEO plugin v14.9 - https:\/\/yoast.com\/wordpress\/plugins\/seo\/ -->\n<title>Garantie Visale pour retrait\u00e9s : pouvez-vous en b\u00e9n\u00e9ficier en 2026 ?<\/title>\n<meta name=\"description\" content=\"La Garantie Visale\u00a0sert de caution en cas d\u2019impay\u00e9s de loyers et de charges. D\u00e9couvrez si les retrait\u00e9s peuvent en b\u00e9n\u00e9ficier.\" \/>\n<meta name=\"robots\" content=\"index, follow, max-snippet:-1, max-image-preview:large, max-video-preview:-1\" \/>\n<link rel=\"canonical\" href=\"https:\/\/www.mes-allocs.fr\/guides\/aide-logement\/garantie-visale\/garantie-visale-conditions\/garantie-visale-retraite\/\" \/>\n<meta property=\"og:locale\" content=\"fr_FR\" \/>\n<meta property=\"og:type\" content=\"article\" \/>\n<meta property=\"og:title\" content=\"Garantie Visale pour retrait\u00e9s : pouvez-vous en b\u00e9n\u00e9ficier en 2026 ?\" \/>\n<meta property=\"og:description\" content=\"La Garantie Visale\u00a0sert de caution en cas d\u2019impay\u00e9s de loyers et de charges. D\u00e9couvrez si les retrait\u00e9s peuvent en b\u00e9n\u00e9ficier.\" \/>\n<meta property=\"og:url\" content=\"https:\/\/www.mes-allocs.fr\/guides\/aide-logement\/garantie-visale\/garantie-visale-conditions\/garantie-visale-retraite\/\" \/>\n<meta property=\"og:site_name\" content=\"Mes-Allocs.fr\" \/>\n<meta property=\"article:published_time\" content=\"2022-08-18T16:43:23+00:00\" \/>\n<meta property=\"article:modified_time\" content=\"2026-01-27T15:14:37+00:00\" \/>\n<meta property=\"og:image\" content=\"https:\/\/www.mes-allocs.fr\/guides\/wp-content\/uploads\/2022\/08\/artem-kniaz-myiOWorAbCE-unsplash-e1660839955252.jpg?wsr\" \/>\n\t<meta property=\"og:image:width\" content=\"1920\" \/>\n\t<meta property=\"og:image:height\" content=\"1280\" \/>\n<meta name=\"twitter:card\" content=\"summary_large_image\" \/>\n<script type=\"application\/ld+json\" class=\"yoast-schema-graph\">{\"@context\":\"https:\/\/schema.org\",\"@graph\":[{\"@type\":\"WebSite\",\"@id\":\"https:\/\/www.mes-allocs.fr\/guides\/#website\",\"url\":\"https:\/\/www.mes-allocs.fr\/guides\/\",\"name\":\"Mes-Allocs.fr\",\"description\":\"\",\"potentialAction\":[{\"@type\":\"SearchAction\",\"target\":\"https:\/\/www.mes-allocs.fr\/guides\/?s={search_term_string}\",\"query-input\":\"required name=search_term_string\"}],\"inLanguage\":\"fr-FR\"},{\"@type\":\"ImageObject\",\"@id\":\"https:\/\/www.mes-allocs.fr\/guides\/aide-logement\/garantie-visale\/garantie-visale-conditions\/garantie-visale-retraite\/#primaryimage\",\"inLanguage\":\"fr-FR\",\"url\":\"https:\/\/www.mes-allocs.fr\/guides\/wp-content\/uploads\/2022\/08\/artem-kniaz-myiOWorAbCE-unsplash-e1660839955252.jpg?wsr\",\"width\":1920,\"height\":1280,\"caption\":\"visale retrait\\u00e9\"},{\"@type\":\"WebPage\",\"@id\":\"https:\/\/www.mes-allocs.fr\/guides\/aide-logement\/garantie-visale\/garantie-visale-conditions\/garantie-visale-retraite\/#webpage\",\"url\":\"https:\/\/www.mes-allocs.fr\/guides\/aide-logement\/garantie-visale\/garantie-visale-conditions\/garantie-visale-retraite\/\",\"name\":\"Garantie Visale pour retrait\\u00e9s : pouvez-vous en b\\u00e9n\\u00e9ficier en 2026 ?\",\"isPartOf\":{\"@id\":\"https:\/\/www.mes-allocs.fr\/guides\/#website\"},\"primaryImageOfPage\":{\"@id\":\"https:\/\/www.mes-allocs.fr\/guides\/aide-logement\/garantie-visale\/garantie-visale-conditions\/garantie-visale-retraite\/#primaryimage\"},\"datePublished\":\"2022-08-18T16:43:23+00:00\",\"dateModified\":\"2026-01-27T15:14:37+00:00\",\"author\":{\"@id\":\"https:\/\/www.mes-allocs.fr\/guides\/#\/schema\/person\/c22c1269332026958a3b5505f80b5404\"},\"description\":\"La Garantie Visale\\u00a0sert de caution en cas d\\u2019impay\\u00e9s de loyers et de charges. D\\u00e9couvrez si les retrait\\u00e9s peuvent en b\\u00e9n\\u00e9ficier.\",\"inLanguage\":\"fr-FR\"},{\"@type\":\"Person\",\"@id\":\"https:\/\/www.mes-allocs.fr\/guides\/#\/schema\/person\/c22c1269332026958a3b5505f80b5404\",\"name\":\"Flavien Fritz\",\"image\":{\"@type\":\"ImageObject\",\"@id\":\"https:\/\/www.mes-allocs.fr\/guides\/#personlogo\",\"inLanguage\":\"fr-FR\",\"url\":\"https:\/\/www.mes-allocs.fr\/guides\/wp-content\/uploads\/2021\/11\/Flavien-1-150x150.png\",\"caption\":\"Flavien Fritz\"},\"description\":\"Flavien est r\\u00e9dacteur au sein de l'\\u00e9quipe Mes Allocs, sp\\u00e9cialis\\u00e9 en droit priv\\u00e9. Dipl\\u00f4m\\u00e9 de l'Institut Catholique de Vend\\u00e9e, il rejoint Mes Allocs apr\\u00e8s une premi\\u00e8re exp\\u00e9rience entrepreneuriale.\",\"sameAs\":[\"https:\/\/fr.linkedin.com\/in\/flavienfritz\"]}]}<\/script>\n<!-- \/ Yoast SEO plugin. -->","amp_validity":null,"acf":{"faq":{"1":{"question":"Qu'est-ce que la Garantie Visale ?","answer":"La garantie Visale est un dispositif de caution gratuite. Cette garantie est disponible par Action Logement.\r\n<br> <a href=\"https:\/\/www.mes-allocs.fr\/guides\/aide-par-situation\/aide-retraite\/visale-retraite\/\">Lire la suite<\/a>\r\n"},"2":{"question":"La garantie est-elle utilis\u00e9e en France ?","answer":"En France aujourd'hui, il est courant pour la majorit\u00e9 des bailleurs de demander qu'un tiers se porte garant ou caution pour le locataire du logement.\r\n<br> <a href=\"https:\/\/www.mes-allocs.fr\/guides\/aide-par-situation\/aide-retraite\/visale-retraite\/\">Lire la suite<\/a>\r\n"},"3":{"question":"Quel est le prix de cette garantie ?","answer":"La garantie Visale est gratuite.\r\n<br> <a href=\"https:\/\/www.mes-allocs.fr\/guides\/aide-par-situation\/aide-retraite\/visale-retraite\/\">Lire la suite<\/a>\r\n"},"4":{"question":"La garantie Visale est-elle disponible pour les retrait\u00e9s ?","answer":"Un retrait\u00e9 ne peut pas obtenir la garantie Visale.\r\n<br> <a href=\"https:\/\/www.mes-allocs.fr\/guides\/aide-par-situation\/aide-retraite\/visale-retraite\/\">Lire la suite<\/a>\r\n"},"5":{"question":"Quelles sont les autres aides accessibles aux retrait\u00e9s ?","answer":"Les autres aides accessibles aux retrait\u00e9s sont l'APA, l'ASPA, l'ASI et la PCH."},"6":{"question":"","answer":""},"7":{"question":"","answer":""},"8":{"question":"","answer":""},"9":{"question":"","answer":""},"10":{"question":"","answer":""},"11":{"question":"","answer":""},"12":{"question":"","answer":""},"13":{"question":"","answer":""},"14":{"question":"","answer":""},"15":{"question":"","answer":""},"16":{"question":"","answer":""}}},"_links":{"self":[{"href":"https:\/\/www.mes-allocs.fr\/guides\/wp-json\/wp\/v2\/posts\/54534","targetHints":{"allow":["GET"]}}],"collection":[{"href":"https:\/\/www.mes-allocs.fr\/guides\/wp-json\/wp\/v2\/posts"}],"about":[{"href":"https:\/\/www.mes-allocs.fr\/guides\/wp-json\/wp\/v2\/types\/post"}],"author":[{"embeddable":true,"href":"https:\/\/www.mes-allocs.fr\/guides\/wp-json\/wp\/v2\/users\/13"}],"replies":[{"embeddable":true,"href":"https:\/\/www.mes-allocs.fr\/guides\/wp-json\/wp\/v2\/comments?post=54534"}],"version-history":[{"count":22,"href":"https:\/\/www.mes-allocs.fr\/guides\/wp-json\/wp\/v2\/posts\/54534\/revisions"}],"predecessor-version":[{"id":108406,"href":"https:\/\/www.mes-allocs.fr\/guides\/wp-json\/wp\/v2\/posts\/54534\/revisions\/108406"}],"wp:featuredmedia":[{"embeddable":true,"href":"https:\/\/www.mes-allocs.fr\/guides\/wp-json\/wp\/v2\/media\/55298"}],"wp:attachment":[{"href":"https:\/\/www.mes-allocs.fr\/guides\/wp-json\/wp\/v2\/media?parent=54534"}],"wp:term":[{"taxonomy":"category","embeddable":true,"href":"https:\/\/www.mes-allocs.fr\/guides\/wp-json\/wp\/v2\/categories?post=54534"},{"taxonomy":"post_tag","embeddable":true,"href":"https:\/\/www.mes-allocs.fr\/guides\/wp-json\/wp\/v2\/tags?post=54534"}],"curies":[{"name":"wp","href":"https:\/\/api.w.org\/{rel}","templated":true}]}}