{"id":54529,"date":"2022-08-18T19:18:47","date_gmt":"2022-08-18T17:18:47","guid":{"rendered":"https:\/\/www.mes-allocs.fr\/guides\/?p=54529"},"modified":"2025-01-16T12:19:42","modified_gmt":"2025-01-16T10:19:42","slug":"assurance-maladie-retraite","status":"publish","type":"post","link":"https:\/\/www.mes-allocs.fr\/guides\/aide-par-situation\/aide-pour-retraite\/assurance-maladie-retraite\/","title":{"rendered":"Qu&rsquo;est-ce que l&rsquo;assurance maladie retrait\u00e9 ?"},"content":{"rendered":"<p><img loading=\"lazy\" decoding=\"async\" class=\"alignnone wp-image-55312\" title=\"assurance maladie retrait\u00e9\" src=\"https:\/\/www.mes-allocs.fr\/guides\/wp-content\/uploads\/2022\/08\/ozkan-guner-HpmMpQCOGng-unsplash-e1660842803322-300x79.jpg\" alt=\"assurance maladie retrait\u00e9\" width=\"824\" height=\"217\" srcset=\"https:\/\/www.mes-allocs.fr\/guides\/wp-content\/uploads\/2022\/08\/ozkan-guner-HpmMpQCOGng-unsplash-e1660842803322-300x79.jpg 300w, https:\/\/www.mes-allocs.fr\/guides\/wp-content\/uploads\/2022\/08\/ozkan-guner-HpmMpQCOGng-unsplash-e1660842803322-1024x269.jpg 1024w, https:\/\/www.mes-allocs.fr\/guides\/wp-content\/uploads\/2022\/08\/ozkan-guner-HpmMpQCOGng-unsplash-e1660842803322-768x202.jpg 768w, https:\/\/www.mes-allocs.fr\/guides\/wp-content\/uploads\/2022\/08\/ozkan-guner-HpmMpQCOGng-unsplash-e1660842803322-1536x403.jpg 1536w, https:\/\/www.mes-allocs.fr\/guides\/wp-content\/uploads\/2022\/08\/ozkan-guner-HpmMpQCOGng-unsplash-e1660842803322-600x158.jpg 600w, https:\/\/www.mes-allocs.fr\/guides\/wp-content\/uploads\/2022\/08\/ozkan-guner-HpmMpQCOGng-unsplash-e1660842803322.jpg 1920w\" sizes=\"auto, (max-width: 824px) 100vw, 824px\" \/><\/p>\n<p style=\"text-align: justify;\"><strong>Au moment de la retraite, l&rsquo;Assurance Maladie que nous connaissons subit quelques l\u00e9gers changements. Cela permet de continuer \u00e0 pouvoir recevoir le remboursement de vos soins.\u00a0<\/strong><\/p>\n<p style=\"text-align: justify;\"><strong>MesAllocs vous explique tout sur l&rsquo;Assurance Maladie pour les retrait\u00e9s.<\/strong><\/p>\n<hr \/>\n<h1 style=\"text-align: justify;\">Qu&rsquo;est-ce que l&rsquo;Assurance Maladie ?<\/h1>\n<p style=\"text-align: justify;\">L\u2019Assurance Maladie est financ\u00e9e par des cotisations sur les salaires.<\/p>\n<p style=\"text-align: justify;\">Cette Assurance Maladie se divise en deux parties.<\/p>\n<p style=\"text-align: justify;\">Il y a tout d&rsquo;abord l\u2019Assurance Maladie Obligatoire (AMO). C&rsquo;est la branche de la S\u00e9curit\u00e9 sociale qui couvre tout ou partie des risques li\u00e9s \u00e0 :<\/p>\n<ul style=\"text-align: justify;\">\n<li>la maladie,<\/li>\n<li>la maternit\u00e9,<\/li>\n<li>les accidents de la vie priv\u00e9e et professionnelle,<\/li>\n<li>les maladies professionnelles,<\/li>\n<li>les invalidit\u00e9s.<\/li>\n<\/ul>\n<p style=\"text-align: justify;\">Cette Assurance Maladie Obligatoire est compos\u00e9 d\u2019un r\u00e9gime g\u00e9n\u00e9ral et de nombreux r\u00e9gimes sp\u00e9ciaux.<\/p>\n<p style=\"text-align: justify;\">Ensuite, il y a l\u2019Assurance Maladie Compl\u00e9mentaire (AMC). Celle-ci va correspondre \u00e0 l\u2019ensemble des garanties propos\u00e9es par des organismes priv\u00e9s.<\/p>\n<p style=\"text-align: justify;\">Ces garanties peuvent \u00eatre \u00e0 titre individuel ou collectif. Elles peuvent s&rsquo;adresser \u00e0 une personne mais \u00e9galement \u00e0 sa famille. Cette AMC est en compl\u00e9ment ou en suppl\u00e9ment des prestations de l\u2019Assurance Maladie Obligatoire.<\/p>\n<h2 style=\"text-align: justify;\">L&rsquo;Assurance Maladie Obligatoire<\/h2>\n<p style=\"text-align: justify;\">L\u2019AMO d\u00e9signe les trois r\u00e9gimes de protection sociale que sont : le r\u00e9gime g\u00e9n\u00e9ral, le r\u00e9gime agricole et les r\u00e9gimes sp\u00e9ciaux.<\/p>\n<div class=\"content_container\" style=\"text-align: justify;\">\n<div id=\"lassurance-maladie-obligatoire\" class=\"ce_text block\">\n<p>Selon le statut professionnel, un individu va appartenir \u00e0 l\u2019un de ces r\u00e9gimes obligatoires.<\/p>\n<\/div>\n<\/div>\n<h3 style=\"text-align: justify;\">Le r\u00e9gime g\u00e9n\u00e9ral<\/h3>\n<p style=\"text-align: justify;\">Le\u00a0r\u00e9gime g\u00e9n\u00e9ral\u00a0est le premier r\u00e9gime de la\u00a0S\u00e9curit\u00e9 sociale.<\/p>\n<p style=\"text-align: justify;\">C&rsquo;est celui qui concerne l\u2019ensemble des salari\u00e9s et assimil\u00e9s. Il concerne \u00e9galement les travailleurs ind\u00e9pendants non-soumis \u00e0 un r\u00e9gime particulier.<\/p>\n<p style=\"text-align: justify;\">Au niveau national, le r\u00e9gime g\u00e9n\u00e9ral se compose de plusieurs \u00e9tablissements publics nationaux \u00e0 caract\u00e8re administratif<\/p>\n<p style=\"text-align: justify;\">Mais au niveau r\u00e9gional, ce r\u00e9gime g\u00e9n\u00e9ral se caract\u00e9rise par des organismes de droit priv\u00e9 charg\u00e9s d\u2019une mission de service public.<\/p>\n<p style=\"text-align: justify;\">Le\u00a0r\u00e9gime g\u00e9n\u00e9ral\u00a0se divise en plusieurs branches distinctes\u00a0:<\/p>\n<ul style=\"text-align: justify;\">\n<li>la branche maladie<\/li>\n<li>la branche accidents du travail et maladies professionnelles<\/li>\n<li>la branche vieillesse<\/li>\n<li>la branche famille<\/li>\n<li>la branche recouvrement<\/li>\n<\/ul>\n<p style=\"text-align: justify;\">Afin de g\u00e9rer ces diff\u00e9rentes branches, il existe 4 organismes diff\u00e9rents :<\/p>\n<ul style=\"text-align: justify;\">\n<li>la Caisse Nationale d\u2019Assurance Maladie des Travailleurs Salari\u00e9s (CNAMTS)<\/li>\n<li>la Caisse Nationale d\u2019Assurance Vieillesse des Travailleurs Salari\u00e9s (CNAVTS)<\/li>\n<li><a href=\"https:\/\/www.urssaf.fr\/portail\/home\/particulier-espace.html\" target=\"_blank\" rel=\"noopener\">l\u2019URSSAF<\/a><\/li>\n<li>la Caisse Nationale des Allocations Familiales (CNAF)<\/li>\n<\/ul>\n<p style=\"text-align: justify;\"><span style=\"font-weight: 400;\"><div class='cta-block'><div class='text'>Simulez toutes vos Aides en 2 min.<\/div><a href='' class='app-button fit'>Simulation gratuite<\/a><\/div><\/span><\/p>\n<h3 style=\"text-align: justify;\">Le r\u00e9gime agricole<\/h3>\n<p style=\"text-align: justify;\">Le r\u00e9gime agricole est g\u00e9r\u00e9 par la Mutualit\u00e9 Sociale Agricole (MSA).<\/p>\n<p style=\"text-align: justify;\">C&rsquo;est l\u2019organisme mutualiste qui va g\u00e9rer le r\u00e9gime obligatoire de protection sociale du monde agricole et rural.<\/p>\n<p style=\"text-align: justify;\">Les personnes affili\u00e9s \u00e0 la MSA vont \u00eatre les :<\/p>\n<div class=\"content_container\" style=\"text-align: justify;\">\n<div class=\"ce_text block\">\n<ul style=\"text-align: justify;\">\n<li>salari\u00e9s agricoles<\/li>\n<li>agriculteurs<\/li>\n<li>personnes exer\u00e7ant des professions agricoles annexes<\/li>\n<li>professionnels agricoles non-salari\u00e9s<\/li>\n<li>retrait\u00e9s du secteur agricoles<\/li>\n<li>ayants droit<\/li>\n<\/ul>\n<p style=\"text-align: justify;\">Les ayants droit sont les personnes, autre que l\u2019assur\u00e9, qui vont pouvoir b\u00e9n\u00e9ficier des prestations vers\u00e9es par les diff\u00e9rents organismes de S\u00e9curit\u00e9 sociale ou d\u2019assurance.<\/p>\n<p style=\"text-align: justify;\">La majeure partie du temps, les ayants droit\u00a0sont par exemple le conjoint et les enfants.<\/p>\n<h3 style=\"text-align: justify;\">Les r\u00e9gimes sp\u00e9ciaux<\/h3>\n<p style=\"text-align: justify;\">Les\u00a0r\u00e9gimes sp\u00e9ciaux\u00a0sont des r\u00e9gimes de\u00a0S\u00e9curit\u00e9 sociale qui ne suivent pas les m\u00eames r\u00e8gles que ler\u00e9gime g\u00e9n\u00e9ral. Il existe une vingtaine de r\u00e9gimes sp\u00e9ciaux.<\/p>\n<p style=\"text-align: justify;\">Environ 5 millions de personnes sont aujourd&rsquo;hui couvertes par ces r\u00e9gimes sp\u00e9ciaux.<\/p>\n<p style=\"text-align: justify;\">Selon le corps de m\u00e9tier auquel vous appartenez, le fonctionnement des r\u00e9gimes sp\u00e9ciaux va varier.<\/p>\n<p style=\"text-align: justify;\">Certains r\u00e9gimes sp\u00e9ciaux vont prendre en charge une couverture globale de protection sociale. Mais les autres r\u00e9gimes sp\u00e9ciaux vont se contenter d\u2019une assurance partielle.<\/p>\n<p style=\"text-align: justify;\">La grande majorit\u00e9 d\u2019entre-eux prennent en charge le\u00a0risque vieillesse.<\/p>\n<h4 style=\"text-align: justify;\">L&rsquo;Assurance Vieillesse<\/h4>\n<p style=\"text-align: justify;\">L\u2019Assurance Vieillesse est la\u00a0branche de la S\u00e9curit\u00e9 sociale\u00a0qui g\u00e8re le risque vieillesse.<\/p>\n<p style=\"text-align: justify;\">Son r\u00f4le va \u00eatre d&rsquo;assurer, gr\u00e2ce \u00e0 un syst\u00e8me par r\u00e9partition, une retraite aux personnes qui vont \u00eatre en \u00e2ge de partir \u00e0 la retraite et qui auront assez cotis\u00e9.<\/p>\n<p style=\"text-align: justify;\">Au sein de l\u2019Assurance Vieillesse, on retrouve diff\u00e9rents r\u00e9gimes qui permettent de regrouper les assur\u00e9s sociaux selon leur activit\u00e9 professionnelle.<\/p>\n<p style=\"text-align: justify;\">Il y a tout d&rsquo;abord le r\u00e9gime g\u00e9n\u00e9ral qui est g\u00e9r\u00e9 par l\u2019Assurance <a href=\"https:\/\/www.mes-allocs.fr\/guides\/wp-admin\/post.php?post=46979&amp;action=edit\" target=\"_blank\" rel=\"noopener\">Retraite<\/a> pour les salari\u00e9s de l&rsquo;industrie, du commerce et des services. Ce r\u00e9gime g\u00e9n\u00e9ral s&rsquo;applique \u00e9galement pour les travailleurs ind\u00e9pendants.<\/p>\n<p style=\"text-align: justify;\">Ensuite, il y a les r\u00e9gimes sp\u00e9ciaux des fonctionnaires et ses salari\u00e9s du secteur public. Ceux-ci vont \u00eatre g\u00e9r\u00e9s par\u00a0 diff\u00e9rentes caisse de retraite.<\/p>\n<p style=\"text-align: justify;\">Enfin, il y a le r\u00e9gime des non-salari\u00e9s agricoles. Celui-ci est g\u00e9r\u00e9 par la Mutualit\u00e9 sociale agricole (MSA).<\/p>\n<h2 style=\"text-align: justify;\">L&rsquo;Assurance Maladie Compl\u00e9mentaire<\/h2>\n<div class=\"content_container\">\n<div class=\"ce_text block\">\n<p style=\"text-align: justify;\">L\u2019Assurance Maladie Compl\u00e9mentaire (AMC) va correspondre \u00e0 l\u2019ensemble des garanties propos\u00e9es par des organismes priv\u00e9s. Ces garanties peuvent \u00eatre \u00e0 titre individuel ou collectif.<\/p>\n<p style=\"text-align: justify;\">Elles peuvent s&rsquo;adresser \u00e0 une personne mais \u00e9galement \u00e0 sa famille. Cette AMC est en compl\u00e9ment ou en suppl\u00e9ment des prestations de l\u2019Assurance Maladie Obligatoire.<\/p>\n<h2 style=\"text-align: justify;\">Les consulations m\u00e9dicales <img loading=\"lazy\" decoding=\"async\" class=\" wp-image-55310 alignright\" title=\"assurance maladie retrait\u00e9\" src=\"https:\/\/www.mes-allocs.fr\/guides\/wp-content\/uploads\/2022\/07\/etactics-inc-gnsjzu4_3xA-unsplash-e1660842031244-300x200.jpg\" alt=\"assurance maladie retrait\u00e9\" width=\"386\" height=\"257\" srcset=\"https:\/\/www.mes-allocs.fr\/guides\/wp-content\/uploads\/2022\/07\/etactics-inc-gnsjzu4_3xA-unsplash-e1660842031244-300x200.jpg 300w, https:\/\/www.mes-allocs.fr\/guides\/wp-content\/uploads\/2022\/07\/etactics-inc-gnsjzu4_3xA-unsplash-e1660842031244-1024x683.jpg 1024w, https:\/\/www.mes-allocs.fr\/guides\/wp-content\/uploads\/2022\/07\/etactics-inc-gnsjzu4_3xA-unsplash-e1660842031244-768x512.jpg 768w, https:\/\/www.mes-allocs.fr\/guides\/wp-content\/uploads\/2022\/07\/etactics-inc-gnsjzu4_3xA-unsplash-e1660842031244-1536x1024.jpg 1536w, https:\/\/www.mes-allocs.fr\/guides\/wp-content\/uploads\/2022\/07\/etactics-inc-gnsjzu4_3xA-unsplash-e1660842031244-600x400.jpg 600w, https:\/\/www.mes-allocs.fr\/guides\/wp-content\/uploads\/2022\/07\/etactics-inc-gnsjzu4_3xA-unsplash-e1660842031244.jpg 1920w\" sizes=\"auto, (max-width: 386px) 100vw, 386px\" \/><\/h2>\n<h3 style=\"text-align: justify;\">La consultation d&rsquo;un m\u00e9decin g\u00e9n\u00e9raliste<\/h3>\n<p style=\"text-align: justify;\">Le prix d&rsquo;une\u00a0consultation chez un m\u00e9decin g\u00e9n\u00e9raliste, mais \u00e9galement\u00a0le remboursement par l&rsquo;Assurance Maladie vont \u00eatre diff\u00e9rents selon plusieurs crit\u00e8res.<\/p>\n<p style=\"text-align: justify;\">Le premier crit\u00e8re est celui de savoir si le m\u00e9decin est le m\u00e9decin traitant du patient ou non.<\/p>\n<p style=\"text-align: justify;\">Ensuite, il faut savoir si le m\u00e9decin est conventionn\u00e9 de secteur 1 ou de secteur 2.<\/p>\n<p style=\"text-align: justify;\">Enfin, il faut savoir si le m\u00e9decin est non-conventionn\u00e9.<\/p>\n<p style=\"text-align: justify;\">Dans le cadre du\u00a0parcours de soins, un patient sera mieux rembours\u00e9 par la\u00a0S\u00e9curit\u00e9 sociale dans le cas o\u00f9 il passe par son m\u00e9decin traitant plut\u00f4t que de consulter un m\u00e9decin sp\u00e9cialiste.<\/p>\n<h4 style=\"text-align: justify;\">Le m\u00e9decin traitant<\/h4>\n<p style=\"text-align: justify;\">Le\u00a0m\u00e9decin traitant va \u00eatre le m\u00e9decin r\u00e9f\u00e9rent d\u2019un assur\u00e9 social. C&rsquo;est le m\u00e9decin qui est en charge de son suivi m\u00e9dical.<\/p>\n<p style=\"text-align: justify;\">C&rsquo;est le premier professionnel de sant\u00e9 vers lequel va se tourner un patient si il a des questions concernant sa sant\u00e9. Ce m\u00e9decin traitant va assurer les soins habituels et de pr\u00e9vention de ses patients.<\/p>\n<p><span style=\"font-weight: 400;\"><div class='cta-block'><div class='text'>Simulez toutes vos Aides en 2 min.<\/div><a href='' class='app-button fit'>Simulation gratuite<\/a><\/div><\/span><\/p>\n<h1 style=\"text-align: justify;\">Quelles sont les Caisses Primaires d&rsquo;Assurance Maladie (CPAM) ?<\/h1>\n<p style=\"text-align: justify;\">Les Caisses Primaires d&rsquo;Assurance Maladie (CPAM) vont g\u00e9rer le service d\u2019une partie des prestations qui sont confi\u00e9es \u00e0 la Caisse nationale de l&rsquo;assurance maladie (CNAM).<\/p>\n<p style=\"text-align: justify;\">Les CPAM g\u00e8rent ce service dans leur circonscription, qui sont en g\u00e9n\u00e9ral le d\u00e9partement.<\/p>\n<p style=\"text-align: justify;\">Les caisses vont tout d&rsquo;abord assurer\u00a0 le financement des assurances maladie, maternit\u00e9, invalidit\u00e9, d\u00e9c\u00e8s.<\/p>\n<p style=\"text-align: justify;\">Ensuite, ils vont assurer d&rsquo;une autre part, les accidents du travail et maladies professionnelles.<\/p>\n<p style=\"text-align: justify;\">Les CPAM ont pour objectif de maintenir l&rsquo;\u00e9quilibre financier de chacune de ces deux missions.<\/p>\n<p style=\"text-align: justify;\">Les Caisses Primaires d&rsquo;Assurance Maladie vont immatriculer et affilier les assujettis sociaux. Pour cela, ils exercent un contr\u00f4le sur les malades. De plus, ils vont mener des actions sanitaires et sociales.<\/p>\n<p style=\"text-align: justify;\">En France M\u00e9tropolitaine, il y a aujourd&rsquo;hui plus d\u2019une centaine de Caisses Primaires d&rsquo;Assurance Maladie. Elles se situent dans les d\u00e9partements et r\u00e9gions d&rsquo;outre-mer.<\/p>\n<h1 style=\"text-align: justify;\">L&rsquo;assurance maladie pour les retrait\u00e9s <img loading=\"lazy\" decoding=\"async\" class=\" wp-image-55313 alignright\" title=\"assurance maladie retrait\u00e9\" src=\"https:\/\/www.mes-allocs.fr\/guides\/wp-content\/uploads\/2022\/08\/jossuha-theophile-KshKxdrW45s-unsplash-e1660842902816-300x240.jpg\" alt=\"assurance maladie retrait\u00e9\" width=\"341\" height=\"273\" srcset=\"https:\/\/www.mes-allocs.fr\/guides\/wp-content\/uploads\/2022\/08\/jossuha-theophile-KshKxdrW45s-unsplash-e1660842902816-300x240.jpg 300w, https:\/\/www.mes-allocs.fr\/guides\/wp-content\/uploads\/2022\/08\/jossuha-theophile-KshKxdrW45s-unsplash-e1660842902816-1024x819.jpg 1024w, https:\/\/www.mes-allocs.fr\/guides\/wp-content\/uploads\/2022\/08\/jossuha-theophile-KshKxdrW45s-unsplash-e1660842902816-768x614.jpg 768w, https:\/\/www.mes-allocs.fr\/guides\/wp-content\/uploads\/2022\/08\/jossuha-theophile-KshKxdrW45s-unsplash-e1660842902816-1536x1229.jpg 1536w, https:\/\/www.mes-allocs.fr\/guides\/wp-content\/uploads\/2022\/08\/jossuha-theophile-KshKxdrW45s-unsplash-e1660842902816-600x480.jpg 600w, https:\/\/www.mes-allocs.fr\/guides\/wp-content\/uploads\/2022\/08\/jossuha-theophile-KshKxdrW45s-unsplash-e1660842902816.jpg 1920w\" sizes=\"auto, (max-width: 341px) 100vw, 341px\" \/><\/h1>\n<div class=\"field_ameli_paragraphs_blocks entity_reference_revisions\">\n<div id=\"text_547\" class=\"paragraph paragraph--type--field-ameli-paragraph-titre-sect paragraph--view-mode--full\">\n<h2 class=\"field_ameli_paragraph_title string\" style=\"text-align: justify;\">Dans le cas o\u00f9 vous \u00eates retrait\u00e9 d&rsquo;une activit\u00e9 salari\u00e9e<\/h2>\n<p style=\"text-align: justify;\">Si vous aviez une activit\u00e9 salari\u00e9e, vous pourrez alors obtenir une pension de retraite. De plus, il vous sera possible d&rsquo;obtenir le droit au remboursement de vos frais de sant\u00e9 si vous \u00eates malade lors de votre retraite.<\/p>\n<p style=\"text-align: justify;\">C&rsquo;est normalement la Caisse Nationale d&rsquo;Assurance Vieillesse qui va signaler le changement de votre situation aupr\u00e8s de votre Caisse d&rsquo;Assurance Maladie.<\/p>\n<p style=\"text-align: justify;\">Vous n&rsquo;aurez aucune d\u00e9marche \u00e0 faire, mais il vous faudra cependant mettre \u00e0 jour votre carte Vitale.<\/p>\n<p style=\"text-align: justify;\">Il peut cependant y avoir des probl\u00e8mes et dans ce cas, il faut contacter la Caisse d&rsquo;Assurance Maladie. Ces probl\u00e8mes peuvent \u00eatre lorsque vous percevez plusieurs pensions de retraite qui provienennent de diff\u00e9rents organismes, ou lorsque vous percevez le minimum de pension vieillesse.<\/p>\n<div class=\"content_container\" style=\"text-align: justify;\">\n<div class=\"ce_text block\">\n<h3>La Carte Vitale<\/h3>\n<\/div>\n<\/div>\n<p style=\"text-align: justify;\">La Carte Vitale va \u00eatre d\u00e9livr\u00e9e d\u00e8s l\u2019\u00e2ge de 16 ans par la Caisse d\u2019Assurance maladie dont vous d\u00e9pendez en tant qu&rsquo;assur\u00e9.<\/p>\n<p style=\"text-align: justify;\">Cette carte va permettre un processus de remboursement d\u00e9mat\u00e9rialis\u00e9. Cela signifie qu&rsquo;il n&rsquo;y a plus besoin de feuilles de soins, \u00e0 partir du moment o\u00f9 elle est pr\u00e9sent\u00e9e \u00e0 un professionnel de sant\u00e9. Ce professionnel de sant\u00e9 doit \u00e9galement \u00eatre reli\u00e9 au r\u00e9seau Sesam-Vitale.<\/p>\n<p style=\"text-align: justify;\">Le r\u00e9seau Sesam-Vitale est un programme qui permet aux m\u00e9decins de consulter les droits de leurs assur\u00e9s. Il permet \u00e9galement de t\u00e9l\u00e9transmettre les feuilles de soins aux caisses de S\u00e9curit\u00e9 sociale.<\/p>\n<p style=\"text-align: justify;\">Une feuille de soins est un document papier ou num\u00e9rique qui va \u00eatre donn\u00e9 au patient par un professionnel de sant\u00e9 suite \u00e0 un acte m\u00e9dical. Ce document va servir tout d&rsquo;abord de facture, mais \u00e9galement de preuve de l\u2019acte m\u00e9dical effectu\u00e9 par le professionnel.<\/p>\n<p style=\"text-align: justify;\">La\u00a0carte vitale ne comporte aucune informations m\u00e9dicales sur son d\u00e9tenteur. Elle permet seulement d&rsquo;effectuer des \u00e9l\u00e9ments d\u2019ordre administratif qui vont \u00eatre n\u00e9cessaires aux remboursements des soins.<\/p>\n<p style=\"text-align: justify;\">La Carte Vitale ne fonctionne que sur le territoire national.<\/p>\n<h4 style=\"text-align: justify;\">Que faire en cas d&rsquo;oubli de la Carte Vitale ?<\/h4>\n<p style=\"text-align: justify;\">Si vous n&rsquo;avez pas votre carte vitale en votre possession, il existe le principe de l&rsquo;attestation vitale.<\/p>\n<p style=\"text-align: justify;\">L\u2019attestation vitale, \u00e9galement appel\u00e9e attestation de carte Vitale ou attestation des droits, est un document papier qui va reproduire toutes les informations que l&rsquo;on peut retrouver sur la puce \u00e9lectronique de la carte Vitale.<\/p>\n<p style=\"text-align: justify;\">Cette attestation peut \u00eatre pr\u00e9sent\u00e9e aux professionnels de sant\u00e9 en cas d\u2019oubli de la carte Vitale.<\/p>\n<div class=\"field_ameli_paragraphs_blocks entity_reference_revisions\">\n<div id=\"text_549\" class=\"paragraph paragraph--type--field-ameli-paragraph-titre-sect paragraph--view-mode--full\">\n<h2 class=\"field_ameli_paragraph_title string\" style=\"text-align: justify;\">Dans le cas o\u00f9 vous \u00eates retrait\u00e9 pour p\u00e9nibilit\u00e9<\/h2>\n<p style=\"text-align: justify;\">Pour compenser la p\u00e9nibilit\u00e9 \u00e0 votre travail, la loi pr\u00e9voit une r\u00e9forme de la retraite avec une possibilit\u00e9 de d\u00e9part d\u00e8s l&rsquo;\u00e2ge de 60 ans, et cela \u00e0 taux plein. Ce taux plein est disponible peu importe votre dur\u00e9e d&rsquo;assurance.<\/p>\n<p style=\"text-align: justify;\">Cependant, votre taux d&rsquo;incapacit\u00e9 permanente d&rsquo;au minimum 10% doit \u00eatre reconnue soit au titre d&rsquo;une maladie professionnelle, soit au titre d&rsquo;un accident de travail qui a entra\u00een\u00e9 des l\u00e9sions semblables \u00e0 celles indemnis\u00e9es en cas de maladie professionnelle.<\/p>\n<p style=\"text-align: justify;\">Ce dispositif est disponible seulement pour les pensions de retraite qui ont pris effet \u00e0 partir du 1er Juillet 2011. Il faut cependant effectuer les d\u00e9marches aupr\u00e8s de votre caisse de retraite.<\/p>\n<p><span style=\"font-weight: 400;\"><amp-iframe \r\n           src=\"https:\/\/front.mes-allocs.fr\/shortcode-retraite.html\"\r\n           layout=\"responsive\"\r\n           frameborder=\"0\"\r\n           resizable\r\n           width=\"300px\" \r\n           height=\"300px\" \r\n           sandbox=\"allow-scripts allow-same-origin\">\r\n           <amp-img layout=\"fill\" src=\"https:\/\/images.assetsdelivery.com\/compings_v2\/coolvectorstock\/coolvectorstock1811\/coolvectorstock181107081.jpg\" \r\n           overflow placeholder><\/amp-img>\r\n           <\/amp-iframe><\/span><\/p>\n<h1 style=\"text-align: justify;\">L&rsquo;Assurance Maladie pour les polypension\u00e9s<\/h1>\n<h2 style=\"text-align: justify;\">Le r\u00e9gime de s\u00e9curit\u00e9 sociale comp\u00e9tent<\/h2>\n<p style=\"text-align: justify;\"><span style=\"color: #000000;\">Dans le cas o\u00f9 vous percevez plusieurs pensions de retraite en m\u00eame temps, vos frais de sant\u00e9 vont \u00eatre pris en charge par le r\u00e9gime de s\u00e9curit\u00e9 sociale.<\/span><\/p>\n<p style=\"text-align: justify;\">Ce sont les frais de sant\u00e9 dont vous releviez \u00e0 la date \u00e0 laquelle a d\u00e9but\u00e9 votre situation de cumul.<\/p>\n<p style=\"text-align: justify;\">Cela signifie qu&rsquo;il s&rsquo;agit du r\u00e9gime dont rel\u00e8ve la derni\u00e8re activit\u00e9 professionnelle que vous avez effectu\u00e9.<\/p>\n<p style=\"text-align: justify;\"><span style=\"color: #000000;\">Dans le cas o\u00f9 vous percevez des pensions de retraite de fa\u00e7on successive, vos frais de sant\u00e9 vont \u00eatre pris en charge par le r\u00e9gime de s\u00e9curit\u00e9 sociale qui vous a servi votre premi\u00e8re pension de retraite.<\/span><\/p>\n<p style=\"text-align: justify;\">Ces pensions de retraite successives signifiient qu&rsquo;elles poss\u00e8dent des dates d&rsquo;effets diff\u00e9rentes.<\/p>\n<p style=\"text-align: justify;\">Vous poss\u00e9dez tout de m\u00eame un droit d&rsquo;option concernant le choix d&rsquo;un autre r\u00e9gime parmi tous ceux qui vous versent une pension lors de la prise en charge de vos frais de sant\u00e9.<\/p>\n<h2 style=\"text-align: justify;\">Les diff\u00e9rents cas<\/h2>\n<h3 style=\"text-align: justify;\">Si vous \u00eates rattach\u00e9 \u00e0 un r\u00e9gime sp\u00e9cial<\/h3>\n<p style=\"text-align: justify;\">Si vous \u00eates rattach\u00e9 \u00e0 un r\u00e9gime sp\u00e9cial ou \u00e0 la MSA, et que vous souhaitez opter pour le r\u00e9gime g\u00e9n\u00e9ral comme nouveau r\u00e9gime qui prendra en charge vos frais de sant\u00e9, il faudra r\u00e9aliser quelques \u00e9tapes.<\/p>\n<p style=\"text-align: justify;\">Tout d&rsquo;abord, il faudra remplir un formulaire Droit d&rsquo;option aupr\u00e8s du r\u00e9gime comp\u00e9tent.<\/p>\n<p style=\"text-align: justify;\">Ce document est \u00e0 renvoyer \u00e0 la caisse d\u2019Assurance Maladie de votre lieu de r\u00e9sidence, accompagn\u00e9 des justificatifs qui sont demand\u00e9s.<\/p>\n<h3 style=\"text-align: justify;\">Si vous \u00eates rattach\u00e9 au r\u00e9gime g\u00e9n\u00e9ral<\/h3>\n<div class=\"field_ameli_paragraphs_blocks entity_reference_revisions\">\n<div id=\"text_28793\" class=\"paragraph paragraph--type--field-ameli-paragraph-simple paragraph--view-mode--full\">\n<div class=\"field_ameli_paragraph_body text_with_summary\">\n<p>Si vous \u00eates rattach\u00e9 au r\u00e9gime g\u00e9n\u00e9ral, et que vous souhaitez d\u00e9pendre d&rsquo;un autre r\u00e9gime qui prendra en charge vos frais de sant\u00e9, soit un r\u00e9gime sp\u00e9cial, soit la MSA, vous devrez la aussi effectuer une proc\u00e9dure.<\/p>\n<p>Il vous faudra la aussi remplir le formulaire Droit d&rsquo;option aupr\u00e8s du r\u00e9gime comp\u00e9tent et l&rsquo;envoyer au nouveau r\u00e9gime qui prendra en charge vos frais de sant\u00e9.<\/p>\n<\/div>\n<\/div>\n<\/div>\n<\/div>\n<\/div>\n<\/div>\n<\/div>\n<\/div>\n<\/div>\n<\/div>\n<\/div>\n","protected":false},"excerpt":{"rendered":"<p>Au moment de la retraite, l&rsquo;Assurance Maladie que nous connaissons subit quelques l\u00e9gers changements. Cela permet de continuer \u00e0 pouvoir recevoir le remboursement de vos soins.\u00a0 MesAllocs vous explique tout sur l&rsquo;Assurance Maladie pour les retrait\u00e9s. Qu&rsquo;est-ce que l&rsquo;Assurance Maladie ? L\u2019Assurance Maladie est financ\u00e9e par des cotisations sur les salaires. Cette Assurance Maladie se [&hellip;]<\/p>\n","protected":false},"author":13,"featured_media":55310,"comment_status":"closed","ping_status":"open","sticky":false,"template":"","format":"standard","meta":{"amp_status":"","footnotes":""},"categories":[14320,16676],"tags":[],"class_list":["post-54529","post","type-post","status-publish","format-standard","has-post-thumbnail","hentry","category-aide-par-situation","category-aide-pour-retraite"],"yoast_head":"<!-- This site is optimized with the Yoast SEO plugin v14.9 - https:\/\/yoast.com\/wordpress\/plugins\/seo\/ -->\n<title>Qu&#039;est-ce que l&#039;assurance maladie retrait\u00e9 ? | Mes-Allocs.fr<\/title>\n<meta name=\"description\" content=\"Au moment de la retraite, l&#039;Assurance Maladie que nous connaissons subit quelques l\u00e9gers changements et modifications.\" \/>\n<meta name=\"robots\" content=\"index, follow, max-snippet:-1, max-image-preview:large, max-video-preview:-1\" \/>\n<link rel=\"canonical\" href=\"https:\/\/www.mes-allocs.fr\/guides\/aide-par-situation\/aide-pour-retraite\/assurance-maladie-retraite\/\" \/>\n<meta property=\"og:locale\" content=\"fr_FR\" \/>\n<meta property=\"og:type\" content=\"article\" \/>\n<meta property=\"og:title\" content=\"Qu&#039;est-ce que l&#039;assurance maladie retrait\u00e9 ? | Mes-Allocs.fr\" \/>\n<meta property=\"og:description\" content=\"Au moment de la retraite, l&#039;Assurance Maladie que nous connaissons subit quelques l\u00e9gers changements et modifications.\" \/>\n<meta property=\"og:url\" content=\"https:\/\/www.mes-allocs.fr\/guides\/aide-par-situation\/aide-pour-retraite\/assurance-maladie-retraite\/\" \/>\n<meta property=\"og:site_name\" content=\"Mes-Allocs.fr\" \/>\n<meta property=\"article:published_time\" content=\"2022-08-18T17:18:47+00:00\" \/>\n<meta property=\"article:modified_time\" content=\"2025-01-16T10:19:42+00:00\" \/>\n<meta property=\"og:image\" content=\"https:\/\/www.mes-allocs.fr\/guides\/wp-content\/uploads\/2022\/07\/etactics-inc-gnsjzu4_3xA-unsplash-e1660842031244.jpg?wsr\" \/>\n\t<meta property=\"og:image:width\" content=\"1920\" \/>\n\t<meta property=\"og:image:height\" content=\"1280\" \/>\n<meta name=\"twitter:card\" content=\"summary_large_image\" \/>\n<script type=\"application\/ld+json\" class=\"yoast-schema-graph\">{\"@context\":\"https:\/\/schema.org\",\"@graph\":[{\"@type\":\"WebSite\",\"@id\":\"https:\/\/www.mes-allocs.fr\/guides\/#website\",\"url\":\"https:\/\/www.mes-allocs.fr\/guides\/\",\"name\":\"Mes-Allocs.fr\",\"description\":\"\",\"potentialAction\":[{\"@type\":\"SearchAction\",\"target\":\"https:\/\/www.mes-allocs.fr\/guides\/?s={search_term_string}\",\"query-input\":\"required name=search_term_string\"}],\"inLanguage\":\"fr-FR\"},{\"@type\":\"ImageObject\",\"@id\":\"https:\/\/www.mes-allocs.fr\/guides\/aide-par-situation\/aide-pour-retraite\/assurance-maladie-retraite\/#primaryimage\",\"inLanguage\":\"fr-FR\",\"url\":\"https:\/\/www.mes-allocs.fr\/guides\/wp-content\/uploads\/2022\/07\/etactics-inc-gnsjzu4_3xA-unsplash-e1660842031244.jpg?wsr\",\"width\":1920,\"height\":1280,\"caption\":\"assurance maladie retrait\\u00e9\"},{\"@type\":\"WebPage\",\"@id\":\"https:\/\/www.mes-allocs.fr\/guides\/aide-par-situation\/aide-pour-retraite\/assurance-maladie-retraite\/#webpage\",\"url\":\"https:\/\/www.mes-allocs.fr\/guides\/aide-par-situation\/aide-pour-retraite\/assurance-maladie-retraite\/\",\"name\":\"Qu'est-ce que l'assurance maladie retrait\\u00e9 ? | Mes-Allocs.fr\",\"isPartOf\":{\"@id\":\"https:\/\/www.mes-allocs.fr\/guides\/#website\"},\"primaryImageOfPage\":{\"@id\":\"https:\/\/www.mes-allocs.fr\/guides\/aide-par-situation\/aide-pour-retraite\/assurance-maladie-retraite\/#primaryimage\"},\"datePublished\":\"2022-08-18T17:18:47+00:00\",\"dateModified\":\"2025-01-16T10:19:42+00:00\",\"author\":{\"@id\":\"https:\/\/www.mes-allocs.fr\/guides\/#\/schema\/person\/c22c1269332026958a3b5505f80b5404\"},\"description\":\"Au moment de la retraite, l'Assurance Maladie que nous connaissons subit quelques l\\u00e9gers changements et modifications.\",\"inLanguage\":\"fr-FR\"},{\"@type\":\"Person\",\"@id\":\"https:\/\/www.mes-allocs.fr\/guides\/#\/schema\/person\/c22c1269332026958a3b5505f80b5404\",\"name\":\"Flavien Fritz\",\"image\":{\"@type\":\"ImageObject\",\"@id\":\"https:\/\/www.mes-allocs.fr\/guides\/#personlogo\",\"inLanguage\":\"fr-FR\",\"url\":\"https:\/\/www.mes-allocs.fr\/guides\/wp-content\/uploads\/2021\/11\/Flavien-1-150x150.png\",\"caption\":\"Flavien Fritz\"},\"description\":\"Flavien est r\\u00e9dacteur au sein de l'\\u00e9quipe Mes Allocs, sp\\u00e9cialis\\u00e9 en droit priv\\u00e9. Dipl\\u00f4m\\u00e9 de l'Institut Catholique de Vend\\u00e9e, il rejoint Mes Allocs apr\\u00e8s une premi\\u00e8re exp\\u00e9rience entrepreneuriale.\",\"sameAs\":[\"https:\/\/fr.linkedin.com\/in\/flavienfritz\"]}]}<\/script>\n<!-- \/ Yoast SEO plugin. -->","amp_validity":null,"acf":{"faq":{"1":{"question":"Que sont les CPAM ?","answer":"Les Caisses Primaires d'Assurance Maladie (CPAM) vont g\u00e9rer le service d\u2019une partie des prestations qui sont confi\u00e9es \u00e0 la Caisse nationale de l'assurance maladie (CNAM).\r\n<br> <a href=\"https:\/\/www.mes-allocs.fr\/guides\/aide-par-situation\/aide-retraite\/assurance-maladie-retraite\/\">Lire la suite<\/a>\r\n"},"2":{"question":"Quelle est l'assurance maladie des retrait\u00e9s ?","answer":"Si vous aviez une activit\u00e9 salari\u00e9e, vous pourrez alors obtenir une pension de retraite. De plus, il vous sera possible d'obtenir le droit au remboursement de vos frais de sant\u00e9 si vous \u00eates malade lors de votre retraite.\r\n<br> <a href=\"https:\/\/www.mes-allocs.fr\/guides\/aide-par-situation\/aide-retraite\/assurance-maladie-retraite\/\">Lire la suite<\/a>\r\n"},"3":{"question":"A quel \u00e2ge peut-on obtenir la Carte Vitale ?","answer":"La Carte Vitale va \u00eatre d\u00e9livr\u00e9e d\u00e8s l\u2019\u00e2ge de 16 ans par la Caisse d\u2019Assurance maladie dont vous d\u00e9pendez en tant qu'assur\u00e9.\r\n<br> <a href=\"https:\/\/www.mes-allocs.fr\/guides\/aide-par-situation\/aide-retraite\/assurance-maladie-retraite\/\">Lire la suite<\/a>\r\n"},"4":{"question":"Quelle assurance maladie pour les retrait\u00e9s polypension\u00e9s ?","answer":"Dans le cas o\u00f9 vous percevez plusieurs pensions de retraite en m\u00eame temps, vos frais de sant\u00e9 vont \u00eatre pris en charge par le r\u00e9gime de s\u00e9curit\u00e9 sociale.\r\n<br> <a href=\"https:\/\/www.mes-allocs.fr\/guides\/aide-par-situation\/aide-retraite\/assurance-maladie-retraite\/\">Lire la suite<\/a>   \r\n"},"5":{"question":"","answer":""},"6":{"question":"","answer":""},"7":{"question":"","answer":""},"8":{"question":"","answer":""},"9":{"question":"","answer":""},"10":{"question":"","answer":""},"11":{"question":"","answer":""},"12":{"question":"","answer":""},"13":{"question":"","answer":""},"14":{"question":"","answer":""},"15":{"question":"","answer":""},"16":{"question":"","answer":""}}},"_links":{"self":[{"href":"https:\/\/www.mes-allocs.fr\/guides\/wp-json\/wp\/v2\/posts\/54529","targetHints":{"allow":["GET"]}}],"collection":[{"href":"https:\/\/www.mes-allocs.fr\/guides\/wp-json\/wp\/v2\/posts"}],"about":[{"href":"https:\/\/www.mes-allocs.fr\/guides\/wp-json\/wp\/v2\/types\/post"}],"author":[{"embeddable":true,"href":"https:\/\/www.mes-allocs.fr\/guides\/wp-json\/wp\/v2\/users\/13"}],"replies":[{"embeddable":true,"href":"https:\/\/www.mes-allocs.fr\/guides\/wp-json\/wp\/v2\/comments?post=54529"}],"version-history":[{"count":3,"href":"https:\/\/www.mes-allocs.fr\/guides\/wp-json\/wp\/v2\/posts\/54529\/revisions"}],"predecessor-version":[{"id":91116,"href":"https:\/\/www.mes-allocs.fr\/guides\/wp-json\/wp\/v2\/posts\/54529\/revisions\/91116"}],"wp:featuredmedia":[{"embeddable":true,"href":"https:\/\/www.mes-allocs.fr\/guides\/wp-json\/wp\/v2\/media\/55310"}],"wp:attachment":[{"href":"https:\/\/www.mes-allocs.fr\/guides\/wp-json\/wp\/v2\/media?parent=54529"}],"wp:term":[{"taxonomy":"category","embeddable":true,"href":"https:\/\/www.mes-allocs.fr\/guides\/wp-json\/wp\/v2\/categories?post=54529"},{"taxonomy":"post_tag","embeddable":true,"href":"https:\/\/www.mes-allocs.fr\/guides\/wp-json\/wp\/v2\/tags?post=54529"}],"curies":[{"name":"wp","href":"https:\/\/api.w.org\/{rel}","templated":true}]}}