{"id":54484,"date":"2022-10-26T12:30:47","date_gmt":"2022-10-26T10:30:47","guid":{"rendered":"https:\/\/www.mes-allocs.fr\/guides\/?p=54484"},"modified":"2026-03-03T18:06:57","modified_gmt":"2026-03-03T17:06:57","slug":"invalidite-et-retraite","status":"publish","type":"post","link":"https:\/\/www.mes-allocs.fr\/guides\/retraite\/invalidite-et-retraite\/","title":{"rendered":"Invalidit\u00e9 et retraite : comment \u00e7a marche ?"},"content":{"rendered":"<p><b><img loading=\"lazy\" decoding=\"async\" title=\"invalidit\u00e9 et retraite\" src=\"https:\/\/www.mes-allocs.fr\/guides\/wp-content\/uploads\/2022\/07\/retraite-et-invalidite-handicap-AAH-e1658850545407.jpeg\" alt=\"invalidit\u00e9 et retraite\" width=\"1560\" height=\"261\" \/><\/b><\/p>\n<p>[Mis \u00e0 jour le 03\/03\/2026] La pension d\u2019invalidit\u00e9 et la <a href=\"https:\/\/www.mes-allocs.fr\/guides\/retraite\/\">retraite<\/a> sont deux dispositifs distincts de la s\u00e9curit\u00e9 sociale en France. La premi\u00e8re compense une incapacit\u00e9 \u00e0 travailler avant l\u2019\u00e2ge l\u00e9gal de d\u00e9part, tandis que la seconde prend le relais \u00e0 la retraite. Mais que se passe-t-il quand on approche de cet \u00e2ge tout en percevant une pension d\u2019invalidit\u00e9 ? Cet article fait le point sur les d\u00e9marches, les droits et les conditions de transition.<\/p>\n<div class='cta-block'><div class='text'>Simulez toutes vos aides en 2 min.<\/div><a href='https:\/\/www.mes-allocs.fr\/ab-app?origin=guides\/wp-json\/wp\/v2\/posts\/54484' class='app-button fit'>Simulation gratuite<\/a><\/div>\n<h1>Quelle est la diff\u00e9rence entre pension d\u2019invalidit\u00e9 et pension de retraite ?<\/h1>\n<h2>Qu\u2019est-ce que la pension d\u2019invalidit\u00e9 ?<\/h2>\n<p>La pension d\u2019invalidit\u00e9 est une prestation destin\u00e9e \u00e0 compenser la perte de revenus pour les travailleurs qui, en raison d\u2019une maladie ou d\u2019un accident non professionnel, ne peuvent plus exercer pleinement leur activit\u00e9. Elle est attribu\u00e9e aux assur\u00e9s sociaux en fonction de leur capacit\u00e9 \u00e0 travailler. On distingue trois cat\u00e9gories d\u2019invalidit\u00e9 :<\/p>\n<ul>\n<li aria-level=\"1\"><b>1\u00e8re cat\u00e9gorie<\/b> : le travailleur est encore capable de travailler, mais avec une r\u00e9duction significative de ses capacit\u00e9s.<\/li>\n<li aria-level=\"1\"><b>2\u00e8me cat\u00e9gorie<\/b> : le travailleur est reconnu totalement incapable d\u2019exercer toute activit\u00e9 professionnelle.<\/li>\n<li aria-level=\"1\"><b>3\u00e8me cat\u00e9gorie<\/b> : en plus d\u2019\u00eatre totalement inapte, la personne a besoin d\u2019une assistance quotidienne.<\/li>\n<\/ul>\n<p>Le montant de la pension d\u2019invalidit\u00e9 varie selon la cat\u00e9gorie, et elle est g\u00e9n\u00e9ralement compl\u00e9t\u00e9e par des prestations compl\u00e9mentaires.<\/p>\n<h2>Qu\u2019est-ce que la pension de retraite ?<\/h2>\n<p>La pension de retraite est une prestation per\u00e7ue par un travailleur ayant atteint l\u2019<a href=\"https:\/\/www.mes-allocs.fr\/guides\/retraite\/age-retraite\/\">\u00e2ge l\u00e9gal de d\u00e9part \u00e0 la retraite<\/a> et ayant cotis\u00e9 pendant une certaine dur\u00e9e. En France, l\u2019\u00e2ge l\u00e9gal est fix\u00e9 \u00e0 62 ans et 9 mois, mais pour obtenir une retraite \u00e0 taux plein, il faut avoir cotis\u00e9 un nombre d\u00e9termin\u00e9 de trimestres. Le montant de la retraite d\u00e9pend du salaire moyen per\u00e7u durant la carri\u00e8re, du nombre de trimestres cotis\u00e9s et de la l\u00e9gislation en vigueur au moment du d\u00e9part.<\/p>\n<p><iframe loading=\"lazy\" title=\"Comment bien pr\u00e9parer sa retraite ?\" width=\"500\" height=\"281\" src=\"https:\/\/www.youtube.com\/embed\/nZ79Bmawt_M?feature=oembed\" frameborder=\"0\" allow=\"accelerometer; autoplay; clipboard-write; encrypted-media; gyroscope; picture-in-picture; web-share\" referrerpolicy=\"strict-origin-when-cross-origin\" allowfullscreen><\/iframe><\/p>\n<div class='cta-block'><div class='text'>Simulez toutes vos aides en 2 min.<\/div><a href='https:\/\/www.mes-allocs.fr\/ab-app?origin=guides\/wp-json\/wp\/v2\/posts\/54484' class='app-button fit'>Simulation gratuite<\/a><\/div>\n<h1>Peut-on cumuler la pension d\u2019invalidit\u00e9 et la pension de retraite ?<\/h1>\n<p>Il n\u2019est <b>pas possible de cumuler<\/b> une <b>pension d\u2019invalidit\u00e9<\/b> avec une <a href=\"https:\/\/www.mes-allocs.fr\/guides\/retraite\/retraite-progressive\/\"><b>retraite progressive<\/b><\/a>, m\u00eame si vous continuez \u00e0 travailler \u00e0 temps partiel. En revanche, lorsque vous atteignez l\u2019\u00e2ge l\u00e9gal de d\u00e9part, votre pension d\u2019invalidit\u00e9 peut \u00eatre <b>convertie en pension de retraite pour inaptitude<\/b>. Ce dispositif permet alors un <b>cumul avec votre pension de retraite<\/b>, sous certaines conditions. Attention, cette transformation ne se fait <b>pas automatiquement<\/b> : il est n\u00e9cessaire d\u2019<b>adresser une demande<\/b> \u00e0 votre <b>caisse de retraite<\/b> pour en b\u00e9n\u00e9ficier.<\/p>\n<h1>Que se passe-t-il \u00e0 l\u2019\u00e2ge de la retraite avec une pension d\u2019invalidit\u00e9 ?<\/h1>\n<h2>Quand la pension d\u2019invalidit\u00e9 devient-elle une pension de retraite ?<\/h2>\n<p>\u00c0 partir de <b>62 ans et 9 mois<\/b>, l\u2019\u00e2ge l\u00e9gal de d\u00e9part \u00e0 la retraite, votre <b>pension d\u2019invalidit\u00e9<\/b> cesse g\u00e9n\u00e9ralement d\u2019\u00eatre vers\u00e9e. Elle est alors automatiquement remplac\u00e9e par une <b>pension de retraite pour inaptitude au travail<\/b>, sans qu\u2019un avis m\u00e9dical compl\u00e9mentaire ne soit n\u00e9cessaire. Ce <b>passage se fait en principe sans d\u00e9marche<\/b>, sauf si vous souhaitez continuer \u00e0 percevoir votre pension d\u2019invalidit\u00e9 dans des cas exceptionnels, comme en l\u2019absence de droits suffisants \u00e0 la retraite. Pour plus d\u2019informations, consultez la rubrique d\u00e9di\u00e9e \u00e0 la <b>retraite apr\u00e8s une pension d\u2019invalidit\u00e9<\/b>.<\/p>\n<h2>Comment est calcul\u00e9e la retraite apr\u00e8s une pension d\u2019invalidit\u00e9 ?<\/h2>\n<p>La <b>retraite apr\u00e8s une pension d\u2019invalidit\u00e9<\/b> est calcul\u00e9e en fonction de la <b>cat\u00e9gorie d\u2019invalidit\u00e9<\/b> reconnue avant vos 62 ans et 9 mois.<\/p>\n<p>On distingue trois niveaux :<\/p>\n<ul>\n<li aria-level=\"1\">En <b>1\u00e8re cat\u00e9gorie<\/b>, vous perceviez 30\u202f% de votre <b>revenu annuel moyen<\/b><\/li>\n<li aria-level=\"1\">En <b>2e cat\u00e9gorie<\/b>, vous perceviez 50\u202f%.<\/li>\n<li aria-level=\"1\">En <b>3e cat\u00e9gorie<\/b>, vous touchiez 50\u202f% plus une <b>majoration pour tierce personne<\/b> \u00e9quivalente \u00e0 40\u202f% suppl\u00e9mentaires.<\/li>\n<\/ul>\n<p>\u00c0 l\u2019\u00e2ge de la retraite, votre pension d\u2019invalidit\u00e9 est remplac\u00e9e par une <b>pension de retraite pour inaptitude<\/b>, souvent calcul\u00e9e de mani\u00e8re plus favorable qu\u2019une retraite classique, notamment gr\u00e2ce \u00e0 des <b>majorations<\/b> sp\u00e9cifiques.<\/p>\n<h2>Est-ce que la pension d\u2019invalidit\u00e9 compte pour la retraite ?<\/h2>\n<p>Oui, la <b>pension d\u2019invalidit\u00e9<\/b> ouvre des <b>droits \u00e0 la retraite<\/b>. Pendant toute la p\u00e9riode o\u00f9 vous percevez cette pension, vous continuez \u00e0 <b>valider des trimestres<\/b> de retraite comme si vous \u00e9tiez en activit\u00e9. Ces trimestres sont pris en compte dans le calcul de votre <b>dur\u00e9e d\u2019assurance<\/b>, ce qui peut vous permettre de <b>partir plus t\u00f4t \u00e0 la retraite<\/b> ou de b\u00e9n\u00e9ficier d\u2019un taux plein. En revanche, la pension d\u2019invalidit\u00e9 elle-m\u00eame <b>n\u2019est pas incluse<\/b> dans le calcul du montant de votre future <b>pension de retraite<\/b>.<\/p>\n<h1>Quelles d\u00e9marches lors du passage \u00e0 la retraite ?<\/h1>\n<h2>Quelles d\u00e9marches si vous continuez \u00e0 travailler ?<\/h2>\n<p>Si vous avez <b>62 ans<\/b> <strong>et 9 mois<\/strong> et poursuivez une <b>activit\u00e9 professionnelle<\/b>, voici ce que vous devez faire :<\/p>\n<ul>\n<li aria-level=\"1\"><b>Informez votre CPAM<\/b> (caisse d\u2019assurance maladie) de votre situation.<\/li>\n<li aria-level=\"1\"><b>Compl\u00e9tez votre d\u00e9claration de ressources<\/b>, indispensable pour continuer \u00e0 percevoir votre <b>pension d\u2019invalidit\u00e9<\/b>.<\/li>\n<\/ul>\n<p>Vous pouvez conserver cette pension <b>jusqu\u2019\u00e0 67 ans<\/b>, sauf si :<\/p>\n<ul>\n<li aria-level=\"1\">vous cessez votre activit\u00e9,<\/li>\n<li aria-level=\"1\">ou vous perdez la reconnaissance m\u00e9dicale de l\u2019invalidit\u00e9.<\/li>\n<\/ul>\n<p>Le <b>cumul<\/b> entre <b>pension d\u2019invalidit\u00e9<\/b> et <b>retraite progressive<\/b> n\u2019est <b>pas autoris\u00e9<\/b>.<\/p>\n<h2>Quelles d\u00e9marches si vous ne travaillez plus ?<\/h2>\n<p>Si vous \u00eates <b>sans emploi<\/b> \u00e0 62 ans et 9 mois :<\/p>\n<ul>\n<li aria-level=\"1\">Votre <b>pension d\u2019invalidit\u00e9 prend fin<\/b> et peut \u00eatre remplac\u00e9e par une <b>pension de retraite pour inaptitude au travail<\/b>.<\/li>\n<li aria-level=\"1\"><b>Faites votre demande 4 mois avant<\/b> votre d\u00e9part \u00e0 la retraite aupr\u00e8s de votre <a href=\"https:\/\/www.mes-allocs.fr\/guides\/retraite\/caisse-de-retraite\/\">caisse de retraite<\/a>.<\/li>\n<li aria-level=\"1\"><b>Pr\u00e9venez la CPAM<\/b> de votre projet de d\u00e9part en retraite.<\/li>\n<li aria-level=\"1\">Toutes les \u00e9tapes sont d\u00e9taill\u00e9es sur <b>lassuranceretraite.fr<\/b>.<\/li>\n<\/ul>\n<p>Attention, ce <b>remplacement n\u2019est pas automatique<\/b> : une demande est obligatoire.<\/p>\n<h2>Quelles d\u00e9marches si vous \u00eates au ch\u00f4mage ?<\/h2>\n<p>Vous avez <b>62 ans et 9 mois<\/b>, \u00eates <b>au ch\u00f4mage<\/b> et percevez une <b>allocation France Travail<\/b> :<\/p>\n<ul>\n<li aria-level=\"1\">Vous pouvez demander le <b>maintien de votre pension d\u2019invalidit\u00e9<\/b>, \u00e0 condition que vous exerciez encore une activit\u00e9 \u00e0 <b>61 ans et 6 mois<\/b>.<\/li>\n<li aria-level=\"1\">Faites la demande par <b>courrier \u00e0 votre CPAM<\/b>.<\/li>\n<\/ul>\n<p>Ensuite :<\/p>\n<ul>\n<li aria-level=\"1\">Si vous <b>retrouvez un emploi dans les 6 mois<\/b>, la pension peut continuer jusqu\u2019\u00e0 la fin de cette activit\u00e9 (et au plus tard <b>67 ans<\/b>).<\/li>\n<li aria-level=\"1\">Si vous <b>ne reprenez pas d\u2019activit\u00e9<\/b> dans les 6 mois : le <b>versement s\u2019arr\u00eate<\/b> \u00e0 l\u2019issue de ce d\u00e9lai.<\/li>\n<\/ul>\n<h1>La retraite anticip\u00e9e pour invalidit\u00e9<\/h1>\n<h2>Quelles sont les conditions ?<\/h2>\n<p>Le <a href=\"https:\/\/www.mes-allocs.fr\/guides\/retraite\/retraite-anticipee\/\">d\u00e9part en retraite anticip\u00e9e<\/a> pour invalidit\u00e9 est possible si vous remplissez les crit\u00e8res suivants :<\/p>\n<ul>\n<li aria-level=\"1\"><b>Radiation des cadres pour invalidit\u00e9<\/b> : cette radiation intervient apr\u00e8s reconnaissance de l\u2019impossibilit\u00e9 absolue et d\u00e9finitive d\u2019exercer vos fonctions.<\/li>\n<li aria-level=\"1\"><b>Origine de l\u2019invalidit\u00e9<\/b> : elle peut \u00eatre li\u00e9e \u00e0 une maladie, une blessure ou une infirmit\u00e9, qu\u2019elle soit d\u2019origine professionnelle ou non.<\/li>\n<li aria-level=\"1\"><b>Reconnaissance m\u00e9dicale<\/b> : un comit\u00e9 m\u00e9dical ou une commission de r\u00e9forme doit constater l\u2019invalidit\u00e9.<\/li>\n<\/ul>\n<p>Aucune condition d\u2019\u00e2ge ou de dur\u00e9e minimale de service n\u2019est exig\u00e9e pour ce type de d\u00e9part.<\/p>\n<h2>Comment est calcul\u00e9e la retraite anticip\u00e9e pour invalidit\u00e9 ?<\/h2>\n<p>La pension d\u2019invalidit\u00e9 est calcul\u00e9e selon les r\u00e8gles suivantes :<\/p>\n<ul>\n<li aria-level=\"1\">Si votre taux d\u2019invalidit\u00e9 est sup\u00e9rieur ou \u00e9gal \u00e0 60 %, la pension ne peut \u00eatre inf\u00e9rieure \u00e0 <b>50 % de votre traitement indiciaire brut<\/b>.<\/li>\n<li aria-level=\"1\"><b>Majoration tierce personne (MTP)<\/b> : elle peut \u00eatre vers\u00e9e si votre \u00e9tat n\u00e9cessite l\u2019assistance permanente d\u2019une tierce personne pour effectuer les actes essentiels de la vie.<br \/>\n<b>Rente viag\u00e8re d\u2019invalidit\u00e9 (RVI)<\/b> : en cas d\u2019invalidit\u00e9 <b>imputable au service<\/b>, vous pouvez b\u00e9n\u00e9ficier d\u2019une rente suppl\u00e9mentaire.<\/li>\n<li aria-level=\"1\"><b>Absence de d\u00e9cote<\/b> : contrairement aux d\u00e9parts classiques, <b>aucune d\u00e9cote<\/b> n\u2019est appliqu\u00e9e sur votre pension, m\u00eame si vous partez avant l\u2019\u00e2ge l\u00e9gal de la retraite.<\/li>\n<\/ul>\n<h2>Comment demander une retraite anticip\u00e9e pour invalidit\u00e9 ?<\/h2>\n<p>Voici les \u00e9tapes \u00e0 suivre :<\/p>\n<ol>\n<li aria-level=\"1\"><b>Saisissez le m\u00e9decin de pr\u00e9vention ou le service de sant\u00e9 au travail<\/b> pour faire constater votre inaptitude.<\/li>\n<li aria-level=\"1\"><b>Constitution du dossier m\u00e9dical<\/b> : le comit\u00e9 m\u00e9dical ou la commission de r\u00e9forme \u00e9value votre \u00e9tat de sant\u00e9.<\/li>\n<li aria-level=\"1\"><b>D\u00e9cision de radiation<\/b> : en cas d\u2019avis favorable, l\u2019administration proc\u00e8de \u00e0 votre radiation des cadres pour invalidit\u00e9.<\/li>\n<li aria-level=\"1\"><b>Demande de pension<\/b> : vous devez d\u00e9poser votre demande aupr\u00e8s du service de gestion des retraites (ex : SRE ou CNRACL selon votre corps).<\/li>\n<li aria-level=\"1\"><b>Examen du droit \u00e0 la RVI ou \u00e0 la MTP<\/b> : si applicable, vous pouvez en faire la demande \u00e0 ce moment-l\u00e0.<\/li>\n<\/ol>\n<h1>Peut-on cumuler la retraite avec d\u2019autres revenus ou aides ?<\/h1>\n<h2>Peut-on cumuler retraite et activit\u00e9 ?<\/h2>\n<p>Oui, il est possible de <b>cumuler une retraite avec une activit\u00e9 professionnelle<\/b>, sous certaines conditions. Si vous b\u00e9n\u00e9ficiez d\u2019une <b>retraite \u00e0 taux plein<\/b>, vous pouvez reprendre une activit\u00e9 sans plafond de revenus : c\u2019est le <b>cumul int\u00e9gral<\/b>. Sinon, vous \u00eates soumis \u00e0 un <b>cumul plafonn\u00e9<\/b>, o\u00f9 le total de vos revenus (retraite + salaire) ne doit pas d\u00e9passer un certain seuil. Ce seuil d\u00e9pend de votre <b>ancien salaire<\/b> ou de <b>1,6 fois le Smic<\/b>. Attention : si vous reprenez un emploi chez votre <b>dernier employeur<\/b>, vous devez attendre <b>6 mois<\/b> apr\u00e8s votre d\u00e9part \u00e0 la retraite.<\/p>\n<h2>Quelles aides peuvent compl\u00e9ter la retraite ?<\/h2>\n<p>Si votre <b>pension de retraite est faible<\/b>, plusieurs aides peuvent venir la compl\u00e9ter. L\u2019<b>Allocation de solidarit\u00e9 aux personnes \u00e2g\u00e9es (Aspa)<\/b> est la principale : elle garantit un <b>revenu minimum<\/b> aux retrait\u00e9s \u00e0 faibles ressources.<\/p>\n<p>Vous pouvez aussi b\u00e9n\u00e9ficier des <b>aides au logement<\/b> (APL, ALS), de <b>prestations sociales<\/b> vers\u00e9es par votre caisse de retraite ou d\u2019aides locales propos\u00e9es par votre commune. D\u2019autres dispositifs, comme le <b>ch\u00e8que \u00e9nergie<\/b>, peuvent aussi all\u00e9ger vos charges.<\/p>\n<div class='cta-block'><div class='text'>Simulez toutes vos aides en 2 min.<\/div><a href='https:\/\/www.mes-allocs.fr\/ab-app?origin=guides\/wp-json\/wp\/v2\/posts\/54484' class='app-button fit'>Simulation gratuite<\/a><\/div>\n","protected":false},"excerpt":{"rendered":"<p>[Mis \u00e0 jour le 03\/03\/2026] La pension d\u2019invalidit\u00e9 et la retraite sont deux dispositifs distincts de la s\u00e9curit\u00e9 sociale en France. La premi\u00e8re compense une incapacit\u00e9 \u00e0 travailler avant l\u2019\u00e2ge l\u00e9gal de d\u00e9part, tandis que la seconde prend le relais \u00e0 la retraite. Mais que se passe-t-il quand on approche de cet \u00e2ge tout en [&hellip;]<\/p>\n","protected":false},"author":14,"featured_media":54506,"comment_status":"closed","ping_status":"open","sticky":false,"template":"","format":"standard","meta":{"amp_status":"","footnotes":""},"categories":[19177],"tags":[],"class_list":["post-54484","post","type-post","status-publish","format-standard","has-post-thumbnail","hentry","category-retraite"],"yoast_head":"<!-- This site is optimized with the Yoast SEO plugin v14.9 - https:\/\/yoast.com\/wordpress\/plugins\/seo\/ -->\n<title>Invalidit\u00e9 et retraite : comment \u00e7a marche ? | Mes-Allocs.fr<\/title>\n<meta name=\"description\" content=\"Pouvez-vous cumuler pension d&#039;invalidit\u00e9 et retraite ? Comment se passe le passage \u00e0 la retraite en 2026 ? On vous explique.\" \/>\n<meta name=\"robots\" content=\"index, follow, max-snippet:-1, max-image-preview:large, max-video-preview:-1\" \/>\n<link rel=\"canonical\" href=\"https:\/\/www.mes-allocs.fr\/guides\/retraite\/invalidite-et-retraite\/\" \/>\n<meta property=\"og:locale\" content=\"fr_FR\" \/>\n<meta property=\"og:type\" content=\"article\" \/>\n<meta property=\"og:title\" content=\"Invalidit\u00e9 et retraite : comment \u00e7a marche ? | Mes-Allocs.fr\" \/>\n<meta property=\"og:description\" content=\"Pouvez-vous cumuler pension d&#039;invalidit\u00e9 et retraite ? Comment se passe le passage \u00e0 la retraite en 2026 ? On vous explique.\" \/>\n<meta property=\"og:url\" content=\"https:\/\/www.mes-allocs.fr\/guides\/retraite\/invalidite-et-retraite\/\" \/>\n<meta property=\"og:site_name\" content=\"Mes-Allocs.fr\" \/>\n<meta property=\"article:published_time\" content=\"2022-10-26T10:30:47+00:00\" \/>\n<meta property=\"article:modified_time\" content=\"2026-03-03T17:06:57+00:00\" \/>\n<meta property=\"og:image\" content=\"https:\/\/www.mes-allocs.fr\/guides\/wp-content\/uploads\/2022\/07\/retraite-et-invalidite-handicap-AAH-3.jpeg?wsr\" \/>\n\t<meta property=\"og:image:width\" content=\"612\" \/>\n\t<meta property=\"og:image:height\" content=\"406\" \/>\n<meta name=\"twitter:card\" content=\"summary_large_image\" \/>\n<script type=\"application\/ld+json\" class=\"yoast-schema-graph\">{\"@context\":\"https:\/\/schema.org\",\"@graph\":[{\"@type\":\"WebSite\",\"@id\":\"https:\/\/www.mes-allocs.fr\/guides\/#website\",\"url\":\"https:\/\/www.mes-allocs.fr\/guides\/\",\"name\":\"Mes-Allocs.fr\",\"description\":\"\",\"potentialAction\":[{\"@type\":\"SearchAction\",\"target\":\"https:\/\/www.mes-allocs.fr\/guides\/?s={search_term_string}\",\"query-input\":\"required name=search_term_string\"}],\"inLanguage\":\"fr-FR\"},{\"@type\":\"ImageObject\",\"@id\":\"https:\/\/www.mes-allocs.fr\/guides\/retraite\/invalidite-et-retraite\/#primaryimage\",\"inLanguage\":\"fr-FR\",\"url\":\"https:\/\/www.mes-allocs.fr\/guides\/wp-content\/uploads\/2022\/07\/retraite-et-invalidite-handicap-AAH-3.jpeg?wsr\",\"width\":612,\"height\":406,\"caption\":\"invalidit\\u00e9 et retraite\"},{\"@type\":\"WebPage\",\"@id\":\"https:\/\/www.mes-allocs.fr\/guides\/retraite\/invalidite-et-retraite\/#webpage\",\"url\":\"https:\/\/www.mes-allocs.fr\/guides\/retraite\/invalidite-et-retraite\/\",\"name\":\"Invalidit\\u00e9 et retraite : comment \\u00e7a marche ? | Mes-Allocs.fr\",\"isPartOf\":{\"@id\":\"https:\/\/www.mes-allocs.fr\/guides\/#website\"},\"primaryImageOfPage\":{\"@id\":\"https:\/\/www.mes-allocs.fr\/guides\/retraite\/invalidite-et-retraite\/#primaryimage\"},\"datePublished\":\"2022-10-26T10:30:47+00:00\",\"dateModified\":\"2026-03-03T17:06:57+00:00\",\"author\":{\"@id\":\"https:\/\/www.mes-allocs.fr\/guides\/#\/schema\/person\/a3de97298fd0ffc005ebdd5628b03ca8\"},\"description\":\"Pouvez-vous cumuler pension d'invalidit\\u00e9 et retraite ? Comment se passe le passage \\u00e0 la retraite en 2026 ? On vous explique.\",\"inLanguage\":\"fr-FR\"},{\"@type\":\"Person\",\"@id\":\"https:\/\/www.mes-allocs.fr\/guides\/#\/schema\/person\/a3de97298fd0ffc005ebdd5628b03ca8\",\"name\":\"Marina Ada Ondo\",\"image\":{\"@type\":\"ImageObject\",\"@id\":\"https:\/\/www.mes-allocs.fr\/guides\/#personlogo\",\"inLanguage\":\"fr-FR\",\"url\":\"https:\/\/www.mes-allocs.fr\/guides\/wp-content\/uploads\/2022\/02\/Photo-de-profil-150x150.png\",\"caption\":\"Marina Ada Ondo\"},\"description\":\"Marina est r\\u00e9dactrice au sein de l'\\u00e9quipe Mes Allocs, sp\\u00e9cialis\\u00e9e sur les aides aux jeunes. Dipl\\u00f4m\\u00e9e de l'ISFJ, elle rejoint Mes Allocs apr\\u00e8s une premi\\u00e8re exp\\u00e9rience en communication chez Little Africa, une agence de communication \\u00e0 Paris. Sur son temps libre, Marina lit beaucoup et passe ses dimanches au mus\\u00e9e.\",\"sameAs\":[\"https:\/\/www.linkedin.com\/in\/marinaadaondo\/\"]}]}<\/script>\n<!-- \/ Yoast SEO plugin. -->","amp_validity":null,"acf":{"faq":{"1":{"question":"Est-ce qu'on peut cumuler l'AAH et la retraite ?","answer":"Depuis 2017, vous pouvez cumuler AAH et retraite, si votre taux d'incapacit\u00e9 est sup\u00e9rieur \u00e0 80 %, au lieu de basculer sur le r\u00e9gime de l'Allocation de Solidarit\u00e9 aux personnes \u00c2g\u00e9es (ASPA). "},"2":{"question":"Est-ce que l'AAH est \u00e0 vie ?","answer":"Depuis le 1er janvier 2019, l'AAH est attribu\u00e9e \u00e0 vie aux personnes dont le handicap n'est pas susceptible d'\u00e9voluer. Si cette situation n'est pas stabilis\u00e9e, l'attribution de l'AAH est r\u00e9\u00e9valu\u00e9e tous les ans ou tous les 2 ans."},"3":{"question":"Qu'est-ce qui est cumulable avec l'AAH ?","answer":"Vous pouvez cumuler l'AAH avec la Prestation de Compensation du Handicap (PCH), la pension de retraite que vous percevez, l'Allocation d'\u00c9ducation de l'Enfant Handicap\u00e9 (AEEH) de votre enfant, etc."},"4":{"question":"Quel \u00e2ge pour arr\u00eater AAH ?","answer":"L'AAH est vers\u00e9e jusqu'\u00e0 l'\u00e2ge l\u00e9gal de d\u00e9part \u00e0 la retraite, soit 62 ans pour les personnes b\u00e9n\u00e9ficant d'un taux d'incapacit\u00e9 entre 50 et 79 % avec une restrictution substancielle et durable \u00e0 l'emploi."},"5":{"question":"Comment se passe un renouvellement de l'AAH ?","answer":"Pour faire une nouvelle demande d'AAH, vous devez monter un dossier de renouv\u00e8lement aupr\u00e8s de la Maison d\u00e9partementale des personnes handicap\u00e9es (MDPH). Il vous suffit pour cela de t\u00e9l\u00e9charger puis remplir le formulaire Cerfa n\u00b0 15692*01."},"6":{"question":"Est-ce que l'on peut cumuler RSA et AAH ?","answer":"Vous pouvez cumuler le revenu de solidarit\u00e9 active (RSA) et l'allocation aux adultes handicap\u00e9s (AAH) si vous remplissez les conditions requises. Cependant, si vous touchez l'AAH, vous ne pourrez pas percevoir le RSA dans son int\u00e9gralit\u00e9. Le montant du RSA sera r\u00e9duit du montant de l'AAH que vous percevrez."},"7":{"question":"","answer":""},"8":{"question":"","answer":""},"9":{"question":"","answer":""},"10":{"question":"","answer":""},"11":{"question":"","answer":""},"12":{"question":"","answer":""},"13":{"question":"","answer":""},"14":{"question":"","answer":""},"15":{"question":"","answer":""},"16":{"question":"","answer":""}}},"_links":{"self":[{"href":"https:\/\/www.mes-allocs.fr\/guides\/wp-json\/wp\/v2\/posts\/54484","targetHints":{"allow":["GET"]}}],"collection":[{"href":"https:\/\/www.mes-allocs.fr\/guides\/wp-json\/wp\/v2\/posts"}],"about":[{"href":"https:\/\/www.mes-allocs.fr\/guides\/wp-json\/wp\/v2\/types\/post"}],"author":[{"embeddable":true,"href":"https:\/\/www.mes-allocs.fr\/guides\/wp-json\/wp\/v2\/users\/14"}],"replies":[{"embeddable":true,"href":"https:\/\/www.mes-allocs.fr\/guides\/wp-json\/wp\/v2\/comments?post=54484"}],"version-history":[{"count":18,"href":"https:\/\/www.mes-allocs.fr\/guides\/wp-json\/wp\/v2\/posts\/54484\/revisions"}],"predecessor-version":[{"id":110029,"href":"https:\/\/www.mes-allocs.fr\/guides\/wp-json\/wp\/v2\/posts\/54484\/revisions\/110029"}],"wp:featuredmedia":[{"embeddable":true,"href":"https:\/\/www.mes-allocs.fr\/guides\/wp-json\/wp\/v2\/media\/54506"}],"wp:attachment":[{"href":"https:\/\/www.mes-allocs.fr\/guides\/wp-json\/wp\/v2\/media?parent=54484"}],"wp:term":[{"taxonomy":"category","embeddable":true,"href":"https:\/\/www.mes-allocs.fr\/guides\/wp-json\/wp\/v2\/categories?post=54484"},{"taxonomy":"post_tag","embeddable":true,"href":"https:\/\/www.mes-allocs.fr\/guides\/wp-json\/wp\/v2\/tags?post=54484"}],"curies":[{"name":"wp","href":"https:\/\/api.w.org\/{rel}","templated":true}]}}