{"id":54456,"date":"2022-10-26T15:17:42","date_gmt":"2022-10-26T13:17:42","guid":{"rendered":"https:\/\/www.mes-allocs.fr\/guides\/?p=54456"},"modified":"2026-03-17T18:07:45","modified_gmt":"2026-03-17T17:07:45","slug":"carmf-retraite","status":"publish","type":"post","link":"https:\/\/www.mes-allocs.fr\/guides\/retraite\/caisses-de-retraite\/carmf-retraite\/","title":{"rendered":"CARMF : la retraite compl\u00e9mentaire des m\u00e9decins"},"content":{"rendered":"<p style=\"text-align: justify;\"><b><img loading=\"lazy\" decoding=\"async\" class=\"alignnone wp-image-54619 size-full\" title=\"CARMF retraite\" src=\"https:\/\/www.mes-allocs.fr\/guides\/wp-content\/uploads\/2022\/08\/CARMF-e1659374017322.jpeg\" alt=\"CARMF retraite\" width=\"1560\" height=\"198\" srcset=\"https:\/\/www.mes-allocs.fr\/guides\/wp-content\/uploads\/2022\/08\/CARMF-e1659374017322.jpeg 1560w, https:\/\/www.mes-allocs.fr\/guides\/wp-content\/uploads\/2022\/08\/CARMF-e1659374017322-300x38.jpeg 300w, https:\/\/www.mes-allocs.fr\/guides\/wp-content\/uploads\/2022\/08\/CARMF-e1659374017322-1024x130.jpeg 1024w, https:\/\/www.mes-allocs.fr\/guides\/wp-content\/uploads\/2022\/08\/CARMF-e1659374017322-768x97.jpeg 768w, https:\/\/www.mes-allocs.fr\/guides\/wp-content\/uploads\/2022\/08\/CARMF-e1659374017322-1536x195.jpeg 1536w, https:\/\/www.mes-allocs.fr\/guides\/wp-content\/uploads\/2022\/08\/CARMF-e1659374017322-600x76.jpeg 600w\" sizes=\"auto, (max-width: 1560px) 100vw, 1560px\" \/><\/b>[Mis \u00e0 jour le 17\/03\/2026]<b> Les m\u00e9decins d\u00e9pendent de la Caisse nationale d&rsquo;assurance vieillesse des professions lib\u00e9rales (CNAVPL) pour leur <a href=\"https:\/\/www.mes-allocs.fr\/guides\/retraite\/\">retraite<\/a> de base. Concernant la retraite compl\u00e9mentaire, ils d\u00e9pendent de l&rsquo;une des 10sections de la CNAVPL, qui applique des r\u00e8gles sp\u00e9cifiques : CARMF. Retraite compl\u00e9mentaire des m\u00e9decins CARMF : tout ce qu&rsquo;il faut savoir.<\/b><\/p>\n<div class='cta-block'><div class='text'>Simulez votre retraite en 2 min.<\/div><a href='https:\/\/www.mes-allocs.fr\/formulaire\/retraite?utm_source=seo&origin=guides\/wp-json\/wp\/v2\/posts\/54456' class='app-button fit'>Simulation gratuite<\/a><\/div>\n<h1 style=\"text-align: justify;\">C&rsquo;est quoi la CARMF ?<\/h1>\n<p style=\"text-align: justify;\"><b>La CARMF est une <a href=\"https:\/\/www.mes-allocs.fr\/guides\/retraite\/caisse-de-retraite\/\">caisse de retraite<\/a> et elle d\u00e9signe la Caisse Autonome de Retraite des M\u00e9decins Fran\u00e7ais. Il s&rsquo;agit de l&rsquo;une des 10\u00a0sections professionnelles de la Caisse nationale d\u2019assurance vieillesse des professions lib\u00e9rales (CAVPL). Elle prend en charge les\u00a03\u00a0r\u00e9gimes de retraite des m\u00e9decins lib\u00e9raux, \u00e0 savoir la retraite de base, la retraite compl\u00e9mentaire et la retraite suppl\u00e9mentaire.<\/b><\/p>\n<p style=\"text-align: justify;\">Cr\u00e9\u00e9e en 1949, la CARMF regroupe environ\u00a0123\u00a0700\u00a0cotisants. Ainsi, le fonctionnement de la retraite compl\u00e9mentaire d\u00e9pend donc du m\u00e9tier exerc\u00e9, alors que la retraite de base est commune \u00e0 tous les professionnels lib\u00e9raux.<\/p>\n<h1 style=\"text-align: justify;\">Qui sont les affili\u00e9s de la CARMF ?<\/h1>\n<p style=\"text-align: justify;\"><b>Tous les m\u00e9decins dipl\u00f4m\u00e9s, inscrits au conseil de l&rsquo;ordre et qui exercent une activit\u00e9 lib\u00e9rale sont tenus d&rsquo;adh\u00e9rer \u00e0 la CARMF. Cela vaut \u00e9galement pour les m\u00e9decins :<\/b><\/p>\n<ul>\n<li style=\"text-align: justify;\">En\u00a0installation ;<\/li>\n<li style=\"text-align: justify;\">En remplacement ;<\/li>\n<li style=\"text-align: justify;\">En expertise pour les compagnies d\u2019assurance ou laboratoires priv\u00e9s ;<\/li>\n<li style=\"text-align: justify;\">Du secteur priv\u00e9 \u00e0 l\u2019h\u00f4pital ;<\/li>\n<li style=\"text-align: justify;\">En soci\u00e9t\u00e9 d\u2019exercice lib\u00e9ral ou toute autre activit\u00e9 r\u00e9mun\u00e9r\u00e9e sous forme d\u2019honoraires, m\u00eame s\u2019il ne s\u2019agit pas de la m\u00e9decine de soins.<\/li>\n<\/ul>\n<p style=\"text-align: justify;\"><b>Ainsi, l\u2019ensemble des m\u00e9decins, \u00e0 l\u2019exception de ceux travaillant dans les h\u00f4pitaux et les \u00e9tablissements publics, cotisent \u00e0 la CARMF.<\/b><\/p>\n<p style=\"text-align: justify;\"><b>Concernant les m\u00e9decins rempla\u00e7ants, il est possible de pr\u00e9tendre \u00e0 une exon\u00e9ration de cotisations, si vous \u00eates exon\u00e9r\u00e9 de Contributions \u00c9conomiques Territoriales (CET) et si vos revenus d&rsquo;activit\u00e9 ind\u00e9pendante sont inf\u00e9rieurs \u00e0 un certain plafond.<\/b><\/p>\n<p style=\"text-align: justify;\"><b>Un conjoint collaborateur de m\u00e9decin, \u00e0 savoir l&rsquo;\u00e9poux,\u00a0\u00e9pouse ou partenaire de pacs\u00e9, qui exerce\u00a0pour lui sans \u00eatre r\u00e9mun\u00e9r\u00e9 ni associ\u00e9 du cabinet peut \u00eatre affili\u00e9 \u00e0 la CARMF.<\/b> Pour ce faire, le praticien doit verser une cotisation facultative au nom de son conjoint collaborateur, bas\u00e9e sur son assiette de cotisation.<\/p>\n<h1 style=\"text-align: justify;\">Quel est le fonctionnement de la retraite compl\u00e9mentaire de la CARMF ?<\/h1>\n<p style=\"text-align: justify;\">Au m\u00eame titre que le r\u00e9gime de base, le r\u00e9gime compl\u00e9mentaire ici est un r\u00e9gime en points. <b>Un m\u00e9decin est exempt\u00e9 de cotisations compl\u00e9mentaires pendant les 2 premi\u00e8res ann\u00e9es d&rsquo;activit\u00e9 lib\u00e9rale, except\u00e9 s&rsquo;il est \u00e2g\u00e9 de 40 ans et plus lorsqu&rsquo;il devient ind\u00e9pendant.<\/b><\/p>\n<h2 style=\"text-align: justify;\">Les cotisations du r\u00e9gime compl\u00e9mentaire<\/h2>\n<p style=\"text-align: justify;\"><b>D\u00e8s la 3e ann\u00e9e d&#8217;emploi, en tant que m\u00e9decin, vous devez cotiser\u00a0au prorata\u00a0de vos revenus professionnels de l&rsquo;ann\u00e9e N-2 dans la limite de 3,5 fois le Plafond Annuel de la S\u00e9curit\u00e9\u00a0Sociale (PASS) de l&rsquo;ann\u00e9e N. <\/b>Le PASS a \u00e9t\u00e9 fix\u00e9 \u00e0 48 060\u00a0 euros au 1er janvier 2026.<\/p>\n<p style=\"text-align: justify;\"><b>Le taux de cotisation compl\u00e9mentaire \u00e9tant de 11,80 %, la cotisation maximale du programme atteint 168\u2009210\u20ac (3,5 fois le PASS) en 2026. Elle permet l\u2019attribution de 10 points dans l\u2019ann\u00e9e.<\/b><\/p>\n<h2 style=\"text-align: justify;\">CARMF : les r\u00e9ductions de cotisations<\/h2>\n<p style=\"text-align: justify;\"><b>Vous pouvez disposer de dispense de cotisation au r\u00e9gime compl\u00e9mentaire en cas de revenus insuffisants. Son calcul s&rsquo;appuie sur les revenus imposables du m\u00e9decin pour l\u2019ann\u00e9e N-1.<\/b><\/p>\n<p style=\"text-align: justify;\"><b>En 2026, la r\u00e9duction va de 100 % (montant total exon\u00e9r\u00e9) pour les m\u00e9decins dont les revenus en 2025 sont inf\u00e9rieurs \u00e0 6 000 \u00e0 0 % (cotisation normale) pour ceux qui gagnent plus de 32 000 euros pour l&rsquo;ann\u00e9e.<\/b> Ainsi, l&rsquo;abattement r\u00e9duit proportionnellement le nombre de points acquis.<\/p>\n<table style=\"border-collapse: collapse; width: 100%;\">\n<tbody>\n<tr>\n<td style=\"width: 50%; text-align: center; border-color: #000000; border-style: solid; background-color: #f7f0f0;\">Revenus imposables du m\u00e9decin de l\u2019ann\u00e9e 2026<\/td>\n<td style=\"width: 50%; text-align: center; border-color: #000000; border-style: solid; background-color: #f7f0f0;\">Taux de dispense<\/td>\n<\/tr>\n<tr>\n<td style=\"width: 50%; text-align: center; border-color: #000000; border-style: solid;\">Jusqu\u2019\u00e0 6 100\u20ac<\/td>\n<td style=\"width: 50%; text-align: center; border-color: #000000; border-style: solid;\">100 %<\/td>\n<\/tr>\n<tr>\n<td style=\"width: 50%; text-align: center; border-color: #000000; border-style: solid;\">de 6 101 \u20ac \u00e0 14 300 \u20ac<\/td>\n<td style=\"width: 50%; text-align: center; border-color: #000000; border-style: solid;\">75 %<\/td>\n<\/tr>\n<tr>\n<td style=\"width: 50%; text-align: center; border-color: #000000; border-style: solid;\">de 14 301 \u20ac \u00e0 23 100 \u20ac<\/td>\n<td style=\"width: 50%; text-align: center; border-color: #000000; border-style: solid;\">50 %<\/td>\n<\/tr>\n<tr>\n<td style=\"width: 50%; text-align: center; border-color: #000000; border-style: solid;\">de 23 101 \u20ac \u00e0 32 500 \u20ac<\/td>\n<td style=\"width: 50%; text-align: center; border-color: #000000; border-style: solid;\">25 %<\/td>\n<\/tr>\n<\/tbody>\n<\/table>\n<p>&nbsp;<\/p>\n<h2 style=\"text-align: justify;\">Les exon\u00e9rations de cotisations<\/h2>\n<p style=\"text-align: justify;\"><b>Il est possible de b\u00e9n\u00e9ficier de points compl\u00e9mentaires, sans cotisations, au titre de l\u2019incapacit\u00e9 et de la maternit\u00e9. Cela concerne :<\/b><\/p>\n<ul>\n<li style=\"text-align: justify;\">2 points pour un arr\u00eat de travail de trois mois cons\u00e9cutifs ;<\/li>\n<li style=\"text-align: justify;\">4 points pour un arr\u00eat de travail de six mois cons\u00e9cutifs ;<\/li>\n<li style=\"text-align: justify;\">2 points pour un cong\u00e9 maternit\u00e9 d\u2019au moins 90 jours.<\/li>\n<\/ul>\n<p><iframe loading=\"lazy\" title=\"Comment bien pr\u00e9parer sa retraite ?\" width=\"500\" height=\"281\" src=\"https:\/\/www.youtube.com\/embed\/nZ79Bmawt_M?feature=oembed\" frameborder=\"0\" allow=\"accelerometer; autoplay; clipboard-write; encrypted-media; gyroscope; picture-in-picture; web-share\" referrerpolicy=\"strict-origin-when-cross-origin\" allowfullscreen><\/iframe><\/p>\n<h1 style=\"text-align: justify;\">Comment partir \u00e0 la retraite avec la CARMF ?<\/h1>\n<p style=\"text-align: justify;\">Le versement des cotisations permet de constituer des droits au sein du r\u00e9gime compl\u00e9mentaire de la CARMF.<\/p>\n<h2 style=\"text-align: justify;\">Les conditions de d\u00e9part<\/h2>\n<p style=\"text-align: justify;\">Depuis 2017, l&rsquo;\u00e2ge de la retraite compl\u00e9mentaire est le m\u00eame que celui de la retraite de base, \u00e0 savoir entre 62 et 64<span class=\"nbsp\">\u00a0<\/span>ans selon l&rsquo;ann\u00e9e de naissance. <b>Ainsi, aucune d\u00e9cote n&rsquo;est appliqu\u00e9e, m\u00eame si la retraite de base est liquid\u00e9e \u00e0 taux r\u00e9duit.<\/b><\/p>\n<p style=\"text-align: justify;\"><b>En revanche, une surcote peut \u00eatre appliqu\u00e9e pour chaque trimestre travaill\u00e9 au-del\u00e0 de 64<span class=\"nbsp\">\u00a0<\/span>ans. Ainsi, elle s&rsquo;\u00e9l\u00e8ve \u00e0 1,25<span class=\"nbsp\">\u00a0<\/span>% pour les trimestres travaill\u00e9s entre 64 et 65<span class=\"nbsp\">\u00a0<\/span>ans, et \u00e0 0,75<span class=\"nbsp\">\u00a0<\/span>% pour les trimestres travaill\u00e9s entre 65 et 70<span class=\"nbsp\">\u00a0<\/span>ans.<\/b><\/p>\n<p style=\"text-align: justify;\"><b>Pour rappel, avant 2017, vous deviez avoir atteint 65 ans afin de percevoir une retraite \u00e0 taux plein.<\/b> N\u00e9anmoins, la retraite compl\u00e9mentaire pouvait \u00eatre liquid\u00e9e \u00e0 partir de l&rsquo;\u00e2ge l\u00e9gal de liquidation de la retraite de base avec 5 % de d\u00e9cote par ann\u00e9e manquante.<\/p>\n<h2 style=\"text-align: justify;\">Calculer le montant de la pension<\/h2>\n<p style=\"text-align: justify;\">Le montant de la retraite compl\u00e9mentaire de la CARMF est calcul\u00e9 de la fa\u00e7on suivante\u00a0:<\/p>\n<p style=\"text-align: center;\"><b>Valeur du point X Nombre de points X Taux de pension = Retraite compl\u00e9mentaire<\/b><\/p>\n<p style=\"text-align: justify;\">Il faut noter que le nombre de points que vous avez acquis au cours de votre carri\u00e8re professionnelle est indiqu\u00e9 sur l&rsquo;appel de cotisations. <b>Ainsi, un m\u00e9decin accumule 1 point par tranche de revenu de 15 089 euros en 2026, et ne peut pas accumuler plus de 10 points par an.<\/b><\/p>\n<p style=\"text-align: justify;\"><i>Exemple : Simon a un revenu annuel de 80 000 euros. Il a alors accumul\u00e9 6 points (80 000 \/ 15 089 = 5,3).\u00a0<\/i><\/p>\n<p style=\"text-align: justify;\"><b>La valeur du point est de 77,14 euros en 2026 et le taux de pension est \u00e0 minima de 100 %.<\/b><\/p>\n<p style=\"text-align: justify;\"><i>Exemple : Claire part \u00e0 la retraite \u00e0 62 ans, en ayant accumul\u00e9 240 points depuis le d\u00e9but de sa carri\u00e8re. Sa retraite compl\u00e9mentaire est alors de 240 x 70, 05 = 16 812 euros brut annuel.\u00a0<\/i><\/p>\n<p style=\"text-align: justify;\"><i>Exemple : Isaac part \u00e0 la retraite en \u00e0 65 ans. Il a exerc\u00e9 12 trimestres entre 62 et 65 ans. Sa retraite compl\u00e9mentaire est major\u00e9e de 15 % (pour rappel 1,25 par trimestre s\u00e9parant le 1er jour du trimestre civil suivant l\u2019\u00e2ge de 62 ans et la date de la retraite). Le taux de pension n&rsquo;est pas de 100 %, mais de 100 + 15 = 115 %. Sa pension compl\u00e9mentaire s&rsquo;\u00e9tablit \u00e0 230 x 70,05 x 115 % = 18 528,2 euros brut annuel.<\/i><\/p>\n<p style=\"text-align: justify;\"><b>Il existe une majoration de 10<span class=\"nbsp\">\u00a0<\/span>% pour les parents de 3<span class=\"nbsp\">\u00a0<\/span>enfants.<\/b><\/p>\n<p>En compl\u00e9ment de la retraite, la <a href=\"https:\/\/www.beam-prevoyance.fr\/prevoyance-medecins-regime-invalidite-deces-carmf\/\">pr\u00e9voyance m\u00e9decin lib\u00e9ral<\/a> constitue un \u00e9l\u00e9ment essentiel pour s\u00e9curiser son revenu en cas d&rsquo;arr\u00eat de travail, d&rsquo;invalidit\u00e9 ou de d\u00e9c\u00e8s. Ce dispositif, assur\u00e9 notamment par la CARMF, aide \u00e0 maintenir la stabilit\u00e9 financi\u00e8re des praticiens tout au long de leur carri\u00e8re. Il est vivement conseill\u00e9 de bien comprendre et anticiper ces garanties pour une protection optimale.<\/p>\n<h1 style=\"text-align: justify;\">Et la pension de r\u00e9version ?<\/h1>\n<p style=\"text-align: justify;\"><b>Les veufs et veuves de m\u00e9decins peuvent percevoir 60 % de la pension compl\u00e9mentaire que le praticien touchait ou aurait d\u00fb toucher s\u2019il \u00e9tait parti \u00e0 la retraite \u00e0 partir de 62 ans. Toutefois, cette prestation est r\u00e9serv\u00e9e aux conjoint(e)s survivant(e)s mari\u00e9(e)s, sans conditions de ressources \u00e0 respecter.\u00a0<\/b><\/p>\n<p style=\"text-align: justify;\">En revanche, dans ce cas, vous devez avoir \u00e9t\u00e9 mari\u00e9 pendant aux mois 2 ans avec l&rsquo;affili\u00e9 d\u00e9c\u00e9d\u00e9. <b>Si divorce ou remariage, la pension compl\u00e9mentaire de r\u00e9version est vers\u00e9e au prorata de la dur\u00e9e de mariage entre les conjoint(e)s survivant(e)s. En outre, si ce(tte) dernier(ere) se remarie, il\/elle n&rsquo;est plus en droit de b\u00e9n\u00e9ficier de la pension de r\u00e9version.<\/b><\/p>\n<h1 style=\"text-align: justify;\">M\u00e9decin et retrait\u00e9 : un cumul possible ?<\/h1>\n<p style=\"text-align: justify;\">Les m\u00e9decins ont le droit de cumuler l&rsquo;activit\u00e9 professionnelle avec la retraite compl\u00e9mentaire. <b>En effet, la CARMF n&rsquo;impose <\/b><b>pas de limite de revenu si le retrait\u00e9 remplit les conditions pour toucher sa retraite compl\u00e9mentaire \u00e0 taux plein. Dans le cas contraire, ce revenu est limit\u00e9 au Plafond de la S\u00e9curit\u00e9 sociale, avec diminution de la pension en cas de d\u00e9passement.<\/b><\/p>\n<p style=\"text-align: justify;\">La loi Sant\u00e9 de 2016 a relev\u00e9 progressivement l&rsquo;\u00e2ge limite pour effectuer des vacations dans des \u00e9tablissements de sant\u00e9 ou m\u00e9dico-sociaux, passant de 67<span class=\"nbsp\">\u00a0<\/span>ans \u00e0 72<span class=\"nbsp\">\u00a0<\/span>ans jusqu&rsquo;au 31<span class=\"nbsp\">\u00a0<\/span>d\u00e9cembre<span class=\"nbsp\">\u00a0<\/span>2022.<\/p>\n<h1 style=\"text-align: justify;\">Comment faire une demande de\u00a0retraite compl\u00e9mentaire \u00e0 la CARMF ?<\/h1>\n<p style=\"text-align: justify;\">La pension de retraite compl\u00e9mentaire de la CARMF\u00a0n&rsquo;est pas attribu\u00e9e automatiquement.<\/p>\n<p>&nbsp;<\/p>\n<p style=\"text-align: justify;\"><b>Il est n\u00e9cessaire de r\u00e9aliser la demande en ligne sur l\u2019espace personnel e-CARMF ou la demande \u00e9crite\u00a0au\u00a0:<\/b><\/p>\n<p style=\"text-align: center;\">Service allocataires de la CARMF<\/p>\n<p style=\"text-align: center;\">44 bis rue Saint-Ferdinand<\/p>\n<p style=\"text-align: center;\">75017 Paris<\/p>\n<p style=\"text-align: justify;\">Ensuite, l&rsquo;organisme vous renvoie un formulaire de demande de retraite \u00e0 remplir, signer et faire\u00a0viser par le Conseil de l\u2019Ordre des m\u00e9decins. <b>Il faut joindre au dossier les pi\u00e8ces justificatives suivantes :<\/b><\/p>\n<ul>\n<li style=\"text-align: justify;\">Une photocopie compl\u00e8te du livret de famille ou de carte d\u2019identit\u00e9 (pour les c\u00e9libataires) ;<\/li>\n<li style=\"text-align: justify;\">Une photocopie d\u2019actes de naissance des enfants ;<\/li>\n<li style=\"text-align: justify;\">Un Relev\u00e9 d&rsquo;Identit\u00e9 Bancaire (RIB) ;<\/li>\n<li style=\"text-align: justify;\">Une attestation de l\u2019employeur en cas d\u2019activit\u00e9 salari\u00e9e pr\u00e9cisant que la r\u00e9mun\u00e9ration fait l\u2019objet d\u2019une retenue de cotisations sociales ;<\/li>\n<li style=\"text-align: justify;\">Un relev\u00e9 de carri\u00e8re en cas d\u2019activit\u00e9 multiples.<\/li>\n<\/ul>\n<p style=\"text-align: justify;\"><b>La retraite prend effet le 1er jour du trimestre civil qui suit la demande.<\/b><\/p>\n<h1 style=\"text-align: justify;\">Un point sur la retraite suppl\u00e9mentaire<\/h1>\n<p style=\"text-align: justify;\"><b>Les m\u00e9decins \u00ab conventionn\u00e9s \u00bb, c\u2019est-\u00e0-dire signataires de la convention avec la S\u00e9curit\u00e9 sociale, sont obligatoirement affili\u00e9s au r\u00e9gime des allocations suppl\u00e9mentaires vieillesse (ASV) contrairement aux professionnels non \u00ab non conventionn\u00e9s \u00bb.<\/b><\/p>\n<h2 style=\"text-align: justify;\">Les cotisations de l&rsquo;ASV<\/h2>\n<p style=\"text-align: justify;\"><b>Les cotisations comportent une part forfaitaire peu importe le niveau de revenu et une part dit \u00ab d\u2019ajustement \u00bb, proportionnelle aux revenus professionnels.<\/b><\/p>\n<p style=\"text-align: justify;\">Ces deux parts sont prises en charge au deux-tiers par l\u2019Assurance maladie pour les m\u00e9decins conventionn\u00e9s de secteur 1,\u00a0qui appliquent les tarifs de la S\u00e9curit\u00e9 sociale. Les m\u00e9decins conventionn\u00e9s de secteur 2 (qui pratiquent des d\u00e9passements d\u2019honoraires) paient \u00e0 100 % les cotisations ASV forfaitaires et proportionnelles.<\/p>\n<p style=\"text-align: justify;\"><b>Ainsi, la part forfaitaire s\u2019\u00e9l\u00e8ve \u00e0 5 751\u20ac en 2026. Concernant la part d&rsquo;ajustement, elle est bas\u00e9e pour les deux premi\u00e8res ann\u00e9es civiles d\u2019affiliation, sur les m\u00eames bases forfaitaires retenues pour le r\u00e9gime de base (3 437\u20ac \u202fpour le secteur 1\u00a0 et 7 710\u202f\u20ac pour le secteur 2).<\/b><\/p>\n<h2 style=\"text-align: justify;\">Les conditions de la retraite<\/h2>\n<p style=\"text-align: justify;\">Les conditions pour percevoir la retraite du r\u00e9gime suppl\u00e9mentaire sont les m\u00eames que pour le r\u00e9gime compl\u00e9mentaire, \u00e0 l&rsquo;exception de la r\u00e9version dont le taux est de 50<span class=\"nbsp\">\u00a0<\/span>%. <b>La valeur du point s&rsquo;\u00e9l\u00e8ve \u00e0 13,59<span class=\"nbsp\">\u00a0euros<\/span>\u00a0au 1er<span class=\"nbsp\">\u00a0<\/span>janvier<span class=\"nbsp\">\u00a0<\/span>2026.<\/b><\/p>\n<div class='cta-block'><div class='text'>Simulez votre retraite en 2 min.<\/div><a href='https:\/\/www.mes-allocs.fr\/formulaire\/retraite?utm_source=seo&origin=guides\/wp-json\/wp\/v2\/posts\/54456' class='app-button fit'>Simulation gratuite<\/a><\/div>\n","protected":false},"excerpt":{"rendered":"<p>[Mis \u00e0 jour le 17\/03\/2026] Les m\u00e9decins d\u00e9pendent de la Caisse nationale d&rsquo;assurance vieillesse des professions lib\u00e9rales (CNAVPL) pour leur retraite de base. Concernant la retraite compl\u00e9mentaire, ils d\u00e9pendent de l&rsquo;une des 10sections de la CNAVPL, qui applique des r\u00e8gles sp\u00e9cifiques : CARMF. Retraite compl\u00e9mentaire des m\u00e9decins CARMF : tout ce qu&rsquo;il faut savoir. C&rsquo;est [&hellip;]<\/p>\n","protected":false},"author":14,"featured_media":54618,"comment_status":"closed","ping_status":"open","sticky":false,"template":"","format":"standard","meta":{"amp_status":"","footnotes":""},"categories":[22793,19177],"tags":[],"class_list":["post-54456","post","type-post","status-publish","format-standard","has-post-thumbnail","hentry","category-caisses-de-retraite","category-retraite"],"yoast_head":"<!-- This site is optimized with the Yoast SEO plugin v14.9 - https:\/\/yoast.com\/wordpress\/plugins\/seo\/ -->\n<title>CARMF : la retraite compl\u00e9mentaire des m\u00e9decins | Mes-Allocs.fr<\/title>\n<meta name=\"description\" content=\"Concernant la retraite compl\u00e9mentaire, les m\u00e9decins d\u00e9pendent de l&#039;une des 10\u00a0sections de la CNAVPL : CARMF.\" \/>\n<meta name=\"robots\" content=\"index, follow, max-snippet:-1, max-image-preview:large, max-video-preview:-1\" \/>\n<link rel=\"canonical\" href=\"https:\/\/www.mes-allocs.fr\/guides\/retraite\/caisses-de-retraite\/carmf-retraite\/\" \/>\n<meta property=\"og:locale\" content=\"fr_FR\" \/>\n<meta property=\"og:type\" content=\"article\" \/>\n<meta property=\"og:title\" content=\"CARMF : la retraite compl\u00e9mentaire des m\u00e9decins | Mes-Allocs.fr\" \/>\n<meta property=\"og:description\" content=\"Concernant la retraite compl\u00e9mentaire, les m\u00e9decins d\u00e9pendent de l&#039;une des 10\u00a0sections de la CNAVPL : CARMF.\" \/>\n<meta property=\"og:url\" content=\"https:\/\/www.mes-allocs.fr\/guides\/retraite\/caisses-de-retraite\/carmf-retraite\/\" \/>\n<meta property=\"og:site_name\" content=\"Mes-Allocs.fr\" \/>\n<meta property=\"article:published_time\" content=\"2022-10-26T13:17:42+00:00\" \/>\n<meta property=\"article:modified_time\" content=\"2026-03-17T17:07:45+00:00\" \/>\n<meta property=\"og:image\" content=\"https:\/\/www.mes-allocs.fr\/guides\/wp-content\/uploads\/2022\/08\/CARMF-3.jpeg?wsr\" \/>\n\t<meta property=\"og:image:width\" content=\"612\" \/>\n\t<meta property=\"og:image:height\" content=\"408\" \/>\n<meta name=\"twitter:card\" content=\"summary_large_image\" \/>\n<script type=\"application\/ld+json\" class=\"yoast-schema-graph\">{\"@context\":\"https:\/\/schema.org\",\"@graph\":[{\"@type\":\"WebSite\",\"@id\":\"https:\/\/www.mes-allocs.fr\/guides\/#website\",\"url\":\"https:\/\/www.mes-allocs.fr\/guides\/\",\"name\":\"Mes-Allocs.fr\",\"description\":\"\",\"potentialAction\":[{\"@type\":\"SearchAction\",\"target\":\"https:\/\/www.mes-allocs.fr\/guides\/?s={search_term_string}\",\"query-input\":\"required name=search_term_string\"}],\"inLanguage\":\"fr-FR\"},{\"@type\":\"ImageObject\",\"@id\":\"https:\/\/www.mes-allocs.fr\/guides\/retraite\/caisses-de-retraite\/carmf-retraite\/#primaryimage\",\"inLanguage\":\"fr-FR\",\"url\":\"https:\/\/www.mes-allocs.fr\/guides\/wp-content\/uploads\/2022\/08\/CARMF-3.jpeg?wsr\",\"width\":612,\"height\":408,\"caption\":\"CARMF retraite\"},{\"@type\":\"WebPage\",\"@id\":\"https:\/\/www.mes-allocs.fr\/guides\/retraite\/caisses-de-retraite\/carmf-retraite\/#webpage\",\"url\":\"https:\/\/www.mes-allocs.fr\/guides\/retraite\/caisses-de-retraite\/carmf-retraite\/\",\"name\":\"CARMF : la retraite compl\\u00e9mentaire des m\\u00e9decins | Mes-Allocs.fr\",\"isPartOf\":{\"@id\":\"https:\/\/www.mes-allocs.fr\/guides\/#website\"},\"primaryImageOfPage\":{\"@id\":\"https:\/\/www.mes-allocs.fr\/guides\/retraite\/caisses-de-retraite\/carmf-retraite\/#primaryimage\"},\"datePublished\":\"2022-10-26T13:17:42+00:00\",\"dateModified\":\"2026-03-17T17:07:45+00:00\",\"author\":{\"@id\":\"https:\/\/www.mes-allocs.fr\/guides\/#\/schema\/person\/a3de97298fd0ffc005ebdd5628b03ca8\"},\"description\":\"Concernant la retraite compl\\u00e9mentaire, les m\\u00e9decins d\\u00e9pendent de l'une des 10\\u00a0sections de la CNAVPL : CARMF.\",\"inLanguage\":\"fr-FR\"},{\"@type\":\"Person\",\"@id\":\"https:\/\/www.mes-allocs.fr\/guides\/#\/schema\/person\/a3de97298fd0ffc005ebdd5628b03ca8\",\"name\":\"Marina Ada Ondo\",\"image\":{\"@type\":\"ImageObject\",\"@id\":\"https:\/\/www.mes-allocs.fr\/guides\/#personlogo\",\"inLanguage\":\"fr-FR\",\"url\":\"https:\/\/www.mes-allocs.fr\/guides\/wp-content\/uploads\/2022\/02\/Photo-de-profil-150x150.png\",\"caption\":\"Marina Ada Ondo\"},\"description\":\"Marina est r\\u00e9dactrice au sein de l'\\u00e9quipe Mes Allocs, sp\\u00e9cialis\\u00e9e sur les aides aux jeunes. Dipl\\u00f4m\\u00e9e de l'ISFJ, elle rejoint Mes Allocs apr\\u00e8s une premi\\u00e8re exp\\u00e9rience en communication chez Little Africa, une agence de communication \\u00e0 Paris. Sur son temps libre, Marina lit beaucoup et passe ses dimanches au mus\\u00e9e.\",\"sameAs\":[\"https:\/\/www.linkedin.com\/in\/marinaadaondo\/\"]}]}<\/script>\n<!-- \/ Yoast SEO plugin. -->","amp_validity":null,"acf":{"faq":{"1":{"question":"Qui cotise \u00e0 la CARMF ?","answer":"L\u2019affiliation est obligatoire pour tout m\u00e9decin exer\u00e7ant une activit\u00e9 lib\u00e9rale (installation, remplacements, expertises pour les compagnies d\u2019assurance ou les laboratoires priv\u00e9s, secteur priv\u00e9 \u00e0 l\u2019h\u00f4pital, en soci\u00e9t\u00e9 d\u2019exercice lib\u00e9ral ou toute autre activit\u00e9 r\u00e9mun\u00e9r\u00e9e sous forme d\u2019honoraires, m\u00eame s\u2019il ne s\u2019agit pas de la m\u00e9decine de soins) ou \u00e9tudiant en m\u00e9decine effectuant des remplacements sous licence en France m\u00e9tropolitaine et dans les d\u00e9partements d\u2019Outre\u2011Mer ou \u00e0 Monaco."},"2":{"question":"Comment ne pas payer la CARMF ?","answer":"Vous ne devez pas \u00eatre assujetti \u00e0 la Contribution Economique Territoriale (CET) et votre revenu d'activit\u00e9 lib\u00e9rale net \u00e0 n-2 est inf\u00e9rieur \u00e0 12 500 \u20ac."},"3":{"question":"","answer":""},"4":{"question":"Quelle est la retraite moyenne d'un m\u00e9decin ?","answer":"Selon les chiffres de la Caisse de retraite des m\u00e9decins de France (Carmf), au mois de d\u00e9cembre 2026, 82 252 m\u00e9decins retrait\u00e9s ont per\u00e7u une pension moyenne de 2 703 \u20ac."},"5":{"question":"Comment payer la CARMF en ligne ?","answer":"Pour payer vos cotisations en ligne, vous devez disposer d'un compte personnel eCARMF. Si ce n'est pas d\u00e9j\u00e0 le cas, vous aurez besoin de votre num\u00e9ro de S\u00e9curit\u00e9 sociale, votre r\u00e9f\u00e9rence CARMF (num\u00e9ro de cotisant) et d'une adresse e-mail valide pour ouvrir votre compte eCARMF (voir le didacticiel \"comment s'inscrire\")."},"6":{"question":"O\u00f9 trouver son num\u00e9ro CARMF ?","answer":"L'identifiant CARMF se compose de 6 chiffres et 1 lettre cl\u00e9 qui doivent \u00eatre saisis sans espace. Ce num\u00e9ro figure en r\u00e9f\u00e9rence sur les appels de cotisations et les courriers de la CARMF. Un e-mail vous sera envoy\u00e9 sur l'adresse \u00e9lectronique associ\u00e9e \u00e0 votre compte eCARMF."},"7":{"question":"","answer":""},"8":{"question":"","answer":""},"9":{"question":"","answer":""},"10":{"question":"","answer":""},"11":{"question":"","answer":""},"12":{"question":"","answer":""},"13":{"question":"","answer":""},"14":{"question":"","answer":""},"15":{"question":"","answer":""},"16":{"question":"","answer":""}}},"_links":{"self":[{"href":"https:\/\/www.mes-allocs.fr\/guides\/wp-json\/wp\/v2\/posts\/54456","targetHints":{"allow":["GET"]}}],"collection":[{"href":"https:\/\/www.mes-allocs.fr\/guides\/wp-json\/wp\/v2\/posts"}],"about":[{"href":"https:\/\/www.mes-allocs.fr\/guides\/wp-json\/wp\/v2\/types\/post"}],"author":[{"embeddable":true,"href":"https:\/\/www.mes-allocs.fr\/guides\/wp-json\/wp\/v2\/users\/14"}],"replies":[{"embeddable":true,"href":"https:\/\/www.mes-allocs.fr\/guides\/wp-json\/wp\/v2\/comments?post=54456"}],"version-history":[{"count":19,"href":"https:\/\/www.mes-allocs.fr\/guides\/wp-json\/wp\/v2\/posts\/54456\/revisions"}],"predecessor-version":[{"id":110623,"href":"https:\/\/www.mes-allocs.fr\/guides\/wp-json\/wp\/v2\/posts\/54456\/revisions\/110623"}],"wp:featuredmedia":[{"embeddable":true,"href":"https:\/\/www.mes-allocs.fr\/guides\/wp-json\/wp\/v2\/media\/54618"}],"wp:attachment":[{"href":"https:\/\/www.mes-allocs.fr\/guides\/wp-json\/wp\/v2\/media?parent=54456"}],"wp:term":[{"taxonomy":"category","embeddable":true,"href":"https:\/\/www.mes-allocs.fr\/guides\/wp-json\/wp\/v2\/categories?post=54456"},{"taxonomy":"post_tag","embeddable":true,"href":"https:\/\/www.mes-allocs.fr\/guides\/wp-json\/wp\/v2\/tags?post=54456"}],"curies":[{"name":"wp","href":"https:\/\/api.w.org\/{rel}","templated":true}]}}