{"id":54453,"date":"2022-08-12T16:11:22","date_gmt":"2022-08-12T14:11:22","guid":{"rendered":"https:\/\/www.mes-allocs.fr\/guides\/?p=54453"},"modified":"2026-02-10T18:29:18","modified_gmt":"2026-02-10T17:29:18","slug":"retraite-du-combattant","status":"publish","type":"post","link":"https:\/\/www.mes-allocs.fr\/guides\/retraite\/retraite-par-metier\/retraite-du-combattant\/","title":{"rendered":"Retraite du combattant 2026 : conditions, montant, d\u00e9marches"},"content":{"rendered":"<p><b><img loading=\"lazy\" decoding=\"async\" title=\"Retraite du combattant\" src=\"https:\/\/www.mes-allocs.fr\/guides\/wp-content\/uploads\/2022\/07\/Retraite-ancien-combattant-e1659118096873.jpeg\" alt=\"Retraite du combattant\" width=\"1560\" height=\"234\" \/><\/b>[Mis \u00e0 jour le 10\/02\/2026] En France, certains salari\u00e9s rel\u00e8vent de\u00a0<a href=\"https:\/\/www.mes-allocs.fr\/guides\/retraite\/retraite-par-metier\/\">r\u00e9gimes de retraite sp\u00e9ciaux<\/a>, mis en place pour des professions particuli\u00e8res. En tant qu&rsquo;ancien militaire ou si vous avez servi la France lors d&rsquo;un conflit en tant que personne civile, il est possible de faire reconna\u00eetre le statut d&rsquo;ancien combattant. Ce statut permet de percevoir la <strong>retraite de l&rsquo;ancien combattant<\/strong>. Mes Allocs vous explique tout !<\/p>\n<div class='cta-block'><div class='text'>Simulez toutes vos aides en 2 min.<\/div><a href='https:\/\/www.mes-allocs.fr\/ab-app?origin=guides\/wp-json\/wp\/v2\/posts\/54453' class='app-button fit'>Simulation gratuite<\/a><\/div>\n<h1>Comprendre la retraite d\u2019ancien combattant<\/h1>\n<h2>C\u2019est quoi la retraite d\u2019ancien combattant ?<\/h2>\n<p>Certaines professions disposent d\u2019un r\u00e9gime de retraite sp\u00e9cifique. C\u2019est le cas des <b>anciens combattants<\/b>, qui per\u00e7oivent une <b>allocation<\/b> en reconnaissance des services rendus \u00e0 la Nation, \u00e0 condition d\u2019avoir la <b>carte du combattant<\/b>.<\/p>\n<p>Cette <b>retraite du combattant<\/b> est <b>distincte des retraites professionnelles<\/b> et peut \u00eatre <b>cumul\u00e9e<\/b> avec elles. Elle est <b>individuelle<\/b>, <b>incessible<\/b>, <b>non imposable<\/b>, <b>insaisissable<\/b> et <b>non prise en compte<\/b> dans le calcul des ressources pour les <b>aides sociales<\/b>.<\/p>\n<p><div class='shortcode read-more'><div class='title'>En savoir plus<\/div><div class='content'>D\u00e9couvrez \u00e9galement notre <a href=\"https:\/\/www.mes-allocs.fr\/guides\/retraite\/retraite-par-metier\/retraite-militaire\/\">guide sur la retraite des militaires<\/a> !<\/div><\/div> <!-- --> <!-- notionvc: bbf41246-61dc-4341-b78f-2a15c5ddc4f9 --><\/p>\n<h2>Qui peut percevoir la pension d\u2019ancien combattant ?<\/h2>\n<p><b>Afin de b\u00e9n\u00e9ficier de la retraite d\u2019ancien combattant, il est n\u00e9cessaire d\u2019\u00eatre titulaire d\u2019une carte du combattant.<\/b> Vous pouvez effectuer la demande en ligne par le formulaire suivant au service de l\u2019Office National des Anciens Combattants et des Victimes de Guerre (ONACVG) dont d\u00e9pend votre r\u00e9sidence principale.<\/p>\n<h2>Quel est l&rsquo;\u00e2ge l\u00e9gal pour partir \u00e0 la retraite ?<\/h2>\n<p>L\u2019\u00e2ge l\u00e9gal pour recevoir la pension d&rsquo;ancien combattant est de<b> 65 ans<\/b>.<\/p>\n<h2>Peut-on partir \u00e0 la retraite plus t\u00f4t en tant qu\u2019ancien combattant ?<\/h2>\n<p>Dans certains cas, la <b>retraite du combattant<\/b> peut \u00eatre vers\u00e9e d\u00e8s <b>60 ans<\/b>, si <b>au moins une<\/b> des conditions suivantes est remplie :<\/p>\n<ul>\n<li aria-level=\"1\">Vous percevez <b>l\u2019ASPA<\/b> (minimum vieillesse) ;<\/li>\n<li aria-level=\"1\">Vous touchez une <b>pension militaire d\u2019invalidit\u00e9<\/b> (au moins 50\u202f% d\u2019incapacit\u00e9) <b>et<\/b> recevez aussi l\u2019<b>AAH<\/b>, <b>ASV<\/b>, <b>AVTS<\/b> ou <b>ASPA<\/b> ;<\/li>\n<li aria-level=\"1\">Votre pension militaire d\u2019invalidit\u00e9 concerne des <b>blessures li\u00e9es \u00e0 une mission de guerre ou de maintien de l\u2019ordre \u00e0 l\u2019\u00e9tranger<\/b> ;<\/li>\n<li aria-level=\"1\">Vous r\u00e9sidez dans un <b>DROM-COM<\/b>.<\/li>\n<\/ul>\n<p><iframe loading=\"lazy\" title=\"Comment bien pr\u00e9parer sa retraite ?\" width=\"500\" height=\"281\" src=\"https:\/\/www.youtube.com\/embed\/nZ79Bmawt_M?feature=oembed\" frameborder=\"0\" allow=\"accelerometer; autoplay; clipboard-write; encrypted-media; gyroscope; picture-in-picture; web-share\" referrerpolicy=\"strict-origin-when-cross-origin\" allowfullscreen><\/iframe><\/p>\n<h1>Retraite d\u2019ancien combattant : calcul, montant, versement<\/h1>\n<h2>Comment est calcul\u00e9e la retraite d\u2019ancien combattant ?<\/h2>\n<p>La pension de retraite de l\u2019ancien combattant est fix\u00e9e et revaloris\u00e9e chaque ann\u00e9e par l\u2019\u00c9tat. <b>Le montant est \u00e9gale \u00e0 : 52 X la valeur du point d\u2019indice de la pension militaire d\u2019invalidit\u00e9 .<\/b><\/p>\n<h2>Quel est le montant de la retraite d\u2019ancien combattant ?<\/h2>\n<p><b>En 2026, la retraite du combattant s\u2019\u00e9l\u00e8ve \u00e0 835,64 euros pour l\u2019ann\u00e9e. Elle est vers\u00e9e deux fois par an, soit, tous les 6 mois jusqu\u2019au d\u00e9c\u00e8s du b\u00e9n\u00e9ficiaire contrairement \u00e0 la pension retraite classique vers\u00e9e mensuellement.<\/b> Ainsi, vous la recevez semestriellement \u00e0 terme \u00e9chu en fonction de votre date de naissance.<\/p>\n<p>La retraite d\u2019ancien combattant est<b> totalement exon\u00e9r\u00e9e d\u2019imp\u00f4t sur le revenu.<\/b><\/p>\n<h2>Cumul possible avec d\u2019autres pensions<\/h2>\n<p>La retraite d\u2019ancien combattant est cumulable avec d\u2019autres prestations, notamment la <b>pension de retraite professionnelle<\/b> ou la<b> pension militaire d\u2019invalidit\u00e9<\/b>. Elle peut \u00e9galement s\u2019ajouter \u00e0 certaines allocations sociales comme l\u2019Allocation de Solidarit\u00e9 aux Personnes \u00c2g\u00e9es (<b>ASPA<\/b>).<\/p>\n<h2>Calendrier des versements<\/h2>\n<p>La retraite du combattant est vers\u00e9e deux fois par an, selon le mois de naissance du b\u00e9n\u00e9ficiaire. Voici le calendrier :<\/p>\n<ul>\n<li aria-level=\"1\">Si vous \u00eates n\u00e9s <b>en janvier ou en juillet <\/b>: le paiement se fera aux mois de janvier et juillet.<\/li>\n<li aria-level=\"1\">Si vous \u00eates n\u00e9s <b>en f\u00e9vrier ou en ao\u00fbt<\/b>: le paiement se fera aux mois de f\u00e9vrier et ao\u00fbt<\/li>\n<li aria-level=\"1\">Si vous \u00eates n\u00e9s <b>en mars ou en septembre <\/b>: le paiement de fera aux mois de mars et septembre<\/li>\n<li aria-level=\"1\">Si vous \u00eates\u00a0n\u00e9s<b> en avril ou en octobre <\/b>: le paiement de fera aux mois d\u2019avril et octobre<\/li>\n<li aria-level=\"1\">Si vous \u00eates n\u00e9s <b>en mai ou en novembre<\/b>: le paiement de fera en aux mois de mai et novembre<\/li>\n<li aria-level=\"1\">Si vous \u00eates n\u00e9s <b>en juin ou d\u00e9cembre<\/b> : le paiement de fera aux mois de juin et d\u00e9cembre<\/li>\n<\/ul>\n<p><b>Exemple<\/b> : une personne n\u00e9e en juillet recevra ses paiements en janvier et en juillet.<\/p>\n<div class='cta-block'><div class='text'>Simulez toutes vos aides en 2 min.<\/div><a href='https:\/\/www.mes-allocs.fr\/ab-app?origin=guides\/wp-json\/wp\/v2\/posts\/54453' class='app-button fit'>Simulation gratuite<\/a><\/div>\n<h1>Comment faire la demande de retraite d\u2019ancien combattant ?<\/h1>\n<h2>Quand faire la demande ?<\/h2>\n<p>La demande de la pension de retraite d\u2019ancien combattant doit \u00eatre faite<b> le mois pr\u00e9c\u00e9dant le 60<\/b><b>e<\/b><b> ou le 65<\/b><b>e<\/b><b> anniversaire. <\/b><\/p>\n<h2>Quelles sont les d\u00e9marches \u00e0 effectuer ?<\/h2>\n<p>Pour faire la demande, il faut remplir le formulaire cerfa n\u00b010860*05 et l\u2019envoyer, accompagn\u00e9 des pi\u00e8ces justificatives requises, \u00e0 l\u2019ONACVG de votre d\u00e9partement, c\u2019est-\u00e0-dire celui qui vous a d\u00e9livr\u00e9 votre carte du combattant.<\/p>\n<div class='shortcode important'><div class='title'>Important<\/div><div class='content'>Concernant les personnes ayant effectu\u00e9 leur service en Alg\u00e9rie entre 1962 et 1964, le formulaire \u00e0 compl\u00e9ter est le cerfa n\u00b015924. Dans les deux cas, la demande est \u00e0 faire aupr\u00e8s de l\u2019ONACVG.<\/div><\/div>\n<h2>Quels sont les documents \u00e0 fournir ?<\/h2>\n<h3>Pour les demandeurs fran\u00e7ais<\/h3>\n<p>Les demandeurs fran\u00e7ais doivent fournir les documents suivants :<\/p>\n<ul>\n<li aria-level=\"1\">La photocopie d\u2019une pi\u00e8ce d\u2019identit\u00e9 ;<\/li>\n<li aria-level=\"1\">La photocopie de la carte vitale ou de l\u2019attestation de droits ou de tout document o\u00f9 figure le num\u00e9ro d\u2019INSEE si vous vivez \u00e0 l\u2019\u00e9tranger ;<\/li>\n<li aria-level=\"1\">La photocopie de la carte du combattant si obtenue avant 2010.<\/li>\n<\/ul>\n<h3>Pour les demandeurs \u00e9trangers r\u00e9sidant en France<\/h3>\n<p>Pour les demandeurs \u00e9trangers qui vivent en France, vous devez produire les pi\u00e8ces ci-dessous :<\/p>\n<ul>\n<li aria-level=\"1\">La photocopie de la pi\u00e8ce d\u2019identit\u00e9 ou du titre de s\u00e9jour ;<\/li>\n<li aria-level=\"1\">La photocopie de la carte vitale ou de l\u2019attestation de droits ;<\/li>\n<li aria-level=\"1\">La photocopie de la carte du combattant.<\/li>\n<\/ul>\n<div class='shortcode important'><div class='title'>Important<\/div><div class='content'>Si vous vivez \u00e0 l\u2019\u00e9tranger, il faut donner un extrait d\u2019acte de naissance en fran\u00e7ais de moins de 3 mois \u00e0 la place de la carte vitale ou de l\u2019attestation de droits afin de justifier que vous \u00eates toujours vivant.<\/div><\/div>\n<h3>Documents suppl\u00e9mentaires pour les cas particuliers<\/h3>\n<p>En plus du formulaire de demande, certains documents sont requis selon votre profil :<\/p>\n<ul>\n<li aria-level=\"1\"><b>Changement de nom :<\/b> fournir un certificat de concordance, un jugement de changement de nom ou un acte d\u2019individualisme (datant de moins de 3 mois).<\/li>\n<li aria-level=\"1\"><b>Majeur prot\u00e9g\u00e9 :<\/b> joindre la photocopie du jugement de tutelle.<\/li>\n<li aria-level=\"1\"><b>Pension militaire d\u2019invalidit\u00e9 li\u00e9e \u00e0 une mission ext\u00e9rieure ou guerre<\/b> : Fiche r\u00e9capitulative des infirmit\u00e9s, Bulletin de paiement de la pension ; Titre de pension (certificat d\u2019inscription au grand livre de la dette publique). Si l\u2019Incapacit\u00e9 est superieure ou egale a 50 % : fournir, en plus : Justificatif du versement de l\u2019AAH, Dernier titre de paiement.<\/li>\n<li aria-level=\"1\"><b>B\u00e9n\u00e9ficiaires de l\u2019ASPA ou minimum vieillesse :<\/b> fournir le dernier justificatif de cette allocation.<\/li>\n<\/ul>\n<div class='shortcode important'><div class='title'>Important<\/div><div class='content'>Les dossiers incomplets ne seront pas trait\u00e9s par l\u2019ONACVG.<\/div><\/div>\n<h1>Retraite d\u2019ancien combattant : cas particuliers<\/h1>\n<h2>Cas des majeurs prot\u00e9g\u00e9s ou sous tutelle<\/h2>\n<p>Si le b\u00e9n\u00e9ficiaire est un majeur sous tutelle ou prot\u00e9g\u00e9, la demande d\u2019allocation peut \u00eatre faite par son<b> repr\u00e9sentant l\u00e9gal.<\/b> Ce dernier agit au nom du b\u00e9n\u00e9ficiaire et doit fournir les justificatifs attestant de sa qualit\u00e9 lors de la demande.<\/p>\n<h2>Et en cas de d\u00e9c\u00e8s du b\u00e9n\u00e9ficiaire ?<\/h2>\n<p>Si le b\u00e9n\u00e9ficiaire de la pension de retraite de l\u2019ancien combattant d\u00e9c\u00e8de, sa famille doit transmettre l\u2019acte de d\u00e9c\u00e8s au service de l\u2019ONACVG d\u00e9partemental. Ainsi,<b> elle cesse d\u2019\u00eatre vers\u00e9e.<\/b><\/p>\n<h1>Pouvez-vous abandonner la retraite d\u2019ancien combattant ?<\/h1>\n<p>Vous avez la possibilit\u00e9 de renoncer <b>temporairement <\/b>ou <b>d\u00e9finitivement <\/b>\u00e0 votre retraite du combattant au profit de l&rsquo;ONACVG (article L.527 du Code des pensions militaires d\u2019invalidit\u00e9 et des victimes de guerre). Dans ce cas, l\u2019allocation est vers\u00e9e directement sur le compte bancaire de l&rsquo;ONACVG.<\/p>\n<h1>C\u2019est quoi la retraite mutualiste du combattant (RMC) ?<\/h1>\n<h2>Comment fonctionne ce dispositif ?<\/h2>\n<p>La <b>retraite mutualiste du combattant<\/b> est une \u00e9pargne d\u00e9di\u00e9e aux anciens combattants et victimes de guerre, sous forme de contrat d\u2019assurance-vie visant \u00e0 constituer une retraite compl\u00e9mentaire par capitalisation. Comme pour une assurance classique, vous versez des sommes \u00e0 votre rythme, dans la limite de plafonds d\u00e9finis par l\u2019assureur.<\/p>\n<p>Le contrat pr\u00e9cise une date de liquidation, fix\u00e9e <b>au plus t\u00f4t \u00e0 50 ans<\/b>, en fonction de la dur\u00e9e des versements. Lors de la souscription, l\u2019adh\u00e9rent choisit entre<b> une rente \u00e0 capital r\u00e9serv\u00e9<\/b>, dont le capital est transmis aux b\u00e9n\u00e9ficiaires en cas de d\u00e9c\u00e8s, ou <b>une rente \u00e0 capital ali\u00e9n\u00e9<\/b>, plus \u00e9lev\u00e9e, mais dont le capital revient \u00e0 l\u2019assureur.<\/p>\n<h2>Quels sont les avantages ?<\/h2>\n<p><b>Sur le plan fiscal, la RMC permet de d\u00e9duire les versements du revenu imposable. <\/b>Ainsi, lors du d\u00e9c\u00e8s du souscripteur, le capital transmis aux b\u00e9n\u00e9ficiaires n\u2019est pas soumis aux droits de succession.<\/p>\n<p><b>En fonction du conflit auquel vous avez particip\u00e9, votre titre et la date d\u2019obtention, l\u2019\u00c9tat majore la rente de 12,5 \u00e0 60 %. <\/b>Il revalorise le montant de fa\u00e7on annuelle afin de compenser l\u2019inflation. Enfin, la mutuelle applique \u00e9galement une bonification.<\/p>\n<div class='shortcode summary'><div class='title'>En r\u00e9sum\u00e9 :<\/div><div class='content'><ul><li>La retraite d\u2019ancien combattant est une allocation annuelle de<strong> 835,64 \u20ac<\/strong> (en 2026), vers\u00e9e deux fois par an, d\u00e8s <strong>65 ans<\/strong> (ou 60 ans sous conditions).<\/li><li>Elle est non imposable et cumulable avec d\u2019autres pensions ou aides sociales.<\/li><li>La demande se fait aupr\u00e8s de <strong>l\u2019ONACVG<\/strong> avec le formulaire cerfa et des justificatifs selon le profil.<\/li><\/ul><\/div><\/div>\n<div class='cta-block'><div class='text'>Simulez toutes vos aides en 2 min.<\/div><a href='https:\/\/www.mes-allocs.fr\/ab-app?origin=guides\/wp-json\/wp\/v2\/posts\/54453' class='app-button fit'>Simulation gratuite<\/a><\/div>\n","protected":false},"excerpt":{"rendered":"<p>[Mis \u00e0 jour le 10\/02\/2026] En France, certains salari\u00e9s rel\u00e8vent de\u00a0r\u00e9gimes de retraite sp\u00e9ciaux, mis en place pour des professions particuli\u00e8res. En tant qu&rsquo;ancien militaire ou si vous avez servi la France lors d&rsquo;un conflit en tant que personne civile, il est possible de faire reconna\u00eetre le statut d&rsquo;ancien combattant. Ce statut permet de percevoir [&hellip;]<\/p>\n","protected":false},"author":14,"featured_media":54581,"comment_status":"closed","ping_status":"open","sticky":false,"template":"","format":"standard","meta":{"amp_status":"","footnotes":""},"categories":[19177,21723],"tags":[],"class_list":["post-54453","post","type-post","status-publish","format-standard","has-post-thumbnail","hentry","category-retraite","category-retraite-par-metier"],"yoast_head":"<!-- This site is optimized with the Yoast SEO plugin v14.9 - https:\/\/yoast.com\/wordpress\/plugins\/seo\/ -->\n<title>Retraite du combattant 2026 : conditions, montant, d\u00e9marches<\/title>\n<meta name=\"description\" content=\"En tant qu&#039;ancien combattant, vous pouvez percevoir une retraite vers\u00e9e par le minist\u00e8re des anciens combattants.\" \/>\n<meta name=\"robots\" content=\"index, follow, max-snippet:-1, max-image-preview:large, max-video-preview:-1\" \/>\n<link rel=\"canonical\" href=\"https:\/\/www.mes-allocs.fr\/guides\/retraite\/retraite-par-metier\/retraite-du-combattant\/\" \/>\n<meta property=\"og:locale\" content=\"fr_FR\" \/>\n<meta property=\"og:type\" content=\"article\" \/>\n<meta property=\"og:title\" content=\"Retraite du combattant 2026 : conditions, montant, d\u00e9marches\" \/>\n<meta property=\"og:description\" content=\"En tant qu&#039;ancien combattant, vous pouvez percevoir une retraite vers\u00e9e par le minist\u00e8re des anciens combattants.\" \/>\n<meta property=\"og:url\" content=\"https:\/\/www.mes-allocs.fr\/guides\/retraite\/retraite-par-metier\/retraite-du-combattant\/\" \/>\n<meta property=\"og:site_name\" content=\"Mes-Allocs.fr\" \/>\n<meta property=\"article:published_time\" content=\"2022-08-12T14:11:22+00:00\" \/>\n<meta property=\"article:modified_time\" content=\"2026-02-10T17:29:18+00:00\" \/>\n<meta property=\"og:image\" content=\"https:\/\/www.mes-allocs.fr\/guides\/wp-content\/uploads\/2022\/07\/Retraite-ancien-combattant-2.jpeg?wsr\" \/>\n\t<meta property=\"og:image:width\" content=\"612\" \/>\n\t<meta property=\"og:image:height\" content=\"408\" \/>\n<meta name=\"twitter:card\" content=\"summary_large_image\" \/>\n<script type=\"application\/ld+json\" class=\"yoast-schema-graph\">{\"@context\":\"https:\/\/schema.org\",\"@graph\":[{\"@type\":\"WebSite\",\"@id\":\"https:\/\/www.mes-allocs.fr\/guides\/#website\",\"url\":\"https:\/\/www.mes-allocs.fr\/guides\/\",\"name\":\"Mes-Allocs.fr\",\"description\":\"\",\"potentialAction\":[{\"@type\":\"SearchAction\",\"target\":\"https:\/\/www.mes-allocs.fr\/guides\/?s={search_term_string}\",\"query-input\":\"required name=search_term_string\"}],\"inLanguage\":\"fr-FR\"},{\"@type\":\"ImageObject\",\"@id\":\"https:\/\/www.mes-allocs.fr\/guides\/retraite\/retraite-par-metier\/retraite-du-combattant\/#primaryimage\",\"inLanguage\":\"fr-FR\",\"url\":\"https:\/\/www.mes-allocs.fr\/guides\/wp-content\/uploads\/2022\/07\/Retraite-ancien-combattant-2.jpeg?wsr\",\"width\":612,\"height\":408,\"caption\":\"retraite du combattant\"},{\"@type\":\"WebPage\",\"@id\":\"https:\/\/www.mes-allocs.fr\/guides\/retraite\/retraite-par-metier\/retraite-du-combattant\/#webpage\",\"url\":\"https:\/\/www.mes-allocs.fr\/guides\/retraite\/retraite-par-metier\/retraite-du-combattant\/\",\"name\":\"Retraite du combattant 2026 : conditions, montant, d\\u00e9marches\",\"isPartOf\":{\"@id\":\"https:\/\/www.mes-allocs.fr\/guides\/#website\"},\"primaryImageOfPage\":{\"@id\":\"https:\/\/www.mes-allocs.fr\/guides\/retraite\/retraite-par-metier\/retraite-du-combattant\/#primaryimage\"},\"datePublished\":\"2022-08-12T14:11:22+00:00\",\"dateModified\":\"2026-02-10T17:29:18+00:00\",\"author\":{\"@id\":\"https:\/\/www.mes-allocs.fr\/guides\/#\/schema\/person\/a3de97298fd0ffc005ebdd5628b03ca8\"},\"description\":\"En tant qu'ancien combattant, vous pouvez percevoir une retraite vers\\u00e9e par le minist\\u00e8re des anciens combattants.\",\"inLanguage\":\"fr-FR\"},{\"@type\":\"Person\",\"@id\":\"https:\/\/www.mes-allocs.fr\/guides\/#\/schema\/person\/a3de97298fd0ffc005ebdd5628b03ca8\",\"name\":\"Marina Ada Ondo\",\"image\":{\"@type\":\"ImageObject\",\"@id\":\"https:\/\/www.mes-allocs.fr\/guides\/#personlogo\",\"inLanguage\":\"fr-FR\",\"url\":\"https:\/\/www.mes-allocs.fr\/guides\/wp-content\/uploads\/2022\/02\/Photo-de-profil-150x150.png\",\"caption\":\"Marina Ada Ondo\"},\"description\":\"Marina est r\\u00e9dactrice au sein de l'\\u00e9quipe Mes Allocs, sp\\u00e9cialis\\u00e9e sur les aides aux jeunes. Dipl\\u00f4m\\u00e9e de l'ISFJ, elle rejoint Mes Allocs apr\\u00e8s une premi\\u00e8re exp\\u00e9rience en communication chez Little Africa, une agence de communication \\u00e0 Paris. Sur son temps libre, Marina lit beaucoup et passe ses dimanches au mus\\u00e9e.\",\"sameAs\":[\"https:\/\/www.linkedin.com\/in\/marinaadaondo\/\"]}]}<\/script>\n<!-- \/ Yoast SEO plugin. -->","amp_validity":null,"acf":{"faq":{"1":{"question":"Quel est le montant de la retraite des anciens combattants ?","answer":"Son montant annuel est de 835,64 euros au 1er janvier 2026. Cet avantage est vers\u00e9 semestriellement \u00e0 terme \u00e9chu, en fonction de votre date d'anniversaire, par votre centre de retraites. La retraite du combattant n'est pas r\u00e9versible ; elle est cumulable avec toute autre pension."},"2":{"question":"Quand faire la demande de la retraite du combattant ?","answer":"Vous devez effectuer votre demande dans le mois pr\u00e9c\u00e9dent votre 65e ou 60e anniversaire."},"3":{"question":"Quels sont les avantages de la carte d'anciens combattants ?","answer":"La carte du combattant donne acc\u00e8s \u00e0 un certain nombre de droits :\r\n- Retraite du combattant ;\r\n- Avantages procur\u00e9s par la qualit\u00e9 de ressortissant de l'Office national des anciens combattants et victimes de guerre ;\r\n- Port de la croix du combattant ;\r\n- Souscription d'une rente mutualiste major\u00e9e par l'\u00c9tat ;\r\n- Attribution \u00e0 partir de l'\u00e2ge de 74 ans d'une demi-part suppl\u00e9mentaire de quotient familial pour le calcul de l'imp\u00f4t sur le revenu ;\r\n- Drapeau tricolore sur le cercueil ;\r\n- Titre de reconnaissance de la Nation."},"4":{"question":"O\u00f9 demander la retraite du combattant ?","answer":"Vous devez envoyer votre demande au service de l'ONACVG qui vous a d\u00e9livr\u00e9 la carte du combattant."},"5":{"question":"Qui verse retraite ancien combattant ?","answer":"La retraite de l'ancien combattant est une somme vers\u00e9e par le minist\u00e8re en charge des anciens combattants \u00e0 toutes les personnes ayant servi leur pays et d\u00e9tentrices de la carte du combattant, en guise de reconnaissance nationale."},"6":{"question":"","answer":""},"7":{"question":"","answer":""},"8":{"question":"","answer":""},"9":{"question":"","answer":""},"10":{"question":"","answer":""},"11":{"question":"","answer":""},"12":{"question":"","answer":""},"13":{"question":"","answer":""},"14":{"question":"","answer":""},"15":{"question":"","answer":""},"16":{"question":"","answer":""}}},"_links":{"self":[{"href":"https:\/\/www.mes-allocs.fr\/guides\/wp-json\/wp\/v2\/posts\/54453","targetHints":{"allow":["GET"]}}],"collection":[{"href":"https:\/\/www.mes-allocs.fr\/guides\/wp-json\/wp\/v2\/posts"}],"about":[{"href":"https:\/\/www.mes-allocs.fr\/guides\/wp-json\/wp\/v2\/types\/post"}],"author":[{"embeddable":true,"href":"https:\/\/www.mes-allocs.fr\/guides\/wp-json\/wp\/v2\/users\/14"}],"replies":[{"embeddable":true,"href":"https:\/\/www.mes-allocs.fr\/guides\/wp-json\/wp\/v2\/comments?post=54453"}],"version-history":[{"count":20,"href":"https:\/\/www.mes-allocs.fr\/guides\/wp-json\/wp\/v2\/posts\/54453\/revisions"}],"predecessor-version":[{"id":108913,"href":"https:\/\/www.mes-allocs.fr\/guides\/wp-json\/wp\/v2\/posts\/54453\/revisions\/108913"}],"wp:featuredmedia":[{"embeddable":true,"href":"https:\/\/www.mes-allocs.fr\/guides\/wp-json\/wp\/v2\/media\/54581"}],"wp:attachment":[{"href":"https:\/\/www.mes-allocs.fr\/guides\/wp-json\/wp\/v2\/media?parent=54453"}],"wp:term":[{"taxonomy":"category","embeddable":true,"href":"https:\/\/www.mes-allocs.fr\/guides\/wp-json\/wp\/v2\/categories?post=54453"},{"taxonomy":"post_tag","embeddable":true,"href":"https:\/\/www.mes-allocs.fr\/guides\/wp-json\/wp\/v2\/tags?post=54453"}],"curies":[{"name":"wp","href":"https:\/\/api.w.org\/{rel}","templated":true}]}}