{"id":54366,"date":"2022-08-19T09:56:27","date_gmt":"2022-08-19T07:56:27","guid":{"rendered":"https:\/\/www.mes-allocs.fr\/guides\/?p=54366"},"modified":"2026-01-29T18:37:25","modified_gmt":"2026-01-29T17:37:25","slug":"aide-retraite","status":"publish","type":"post","link":"https:\/\/www.mes-allocs.fr\/guides\/retraite\/aide-retraite\/","title":{"rendered":"Quelles sont les aides pendant votre retraite ?"},"content":{"rendered":"<p><img loading=\"lazy\" decoding=\"async\" class=\"alignnone wp-image-54385\" title=\"aide retraite\" src=\"https:\/\/www.mes-allocs.fr\/guides\/wp-content\/uploads\/2022\/07\/jaddy-liu-nk-xUZwSjR4-unsplash-e1658420301591-300x64.jpg\" alt=\"aide retraite\" width=\"825\" height=\"176\" srcset=\"https:\/\/www.mes-allocs.fr\/guides\/wp-content\/uploads\/2022\/07\/jaddy-liu-nk-xUZwSjR4-unsplash-e1658420301591-300x64.jpg 300w, https:\/\/www.mes-allocs.fr\/guides\/wp-content\/uploads\/2022\/07\/jaddy-liu-nk-xUZwSjR4-unsplash-e1658420301591-1024x220.jpg 1024w, https:\/\/www.mes-allocs.fr\/guides\/wp-content\/uploads\/2022\/07\/jaddy-liu-nk-xUZwSjR4-unsplash-e1658420301591-768x165.jpg 768w, https:\/\/www.mes-allocs.fr\/guides\/wp-content\/uploads\/2022\/07\/jaddy-liu-nk-xUZwSjR4-unsplash-e1658420301591-1536x330.jpg 1536w, https:\/\/www.mes-allocs.fr\/guides\/wp-content\/uploads\/2022\/07\/jaddy-liu-nk-xUZwSjR4-unsplash-e1658420301591-600x129.jpg 600w, https:\/\/www.mes-allocs.fr\/guides\/wp-content\/uploads\/2022\/07\/jaddy-liu-nk-xUZwSjR4-unsplash-e1658420301591.jpg 1920w\" sizes=\"auto, (max-width: 825px) 100vw, 825px\" \/><\/p>\n<p style=\"text-align: justify;\"><span style=\"font-weight: 400;\">[Mis \u00e0 jour le 29\/01\/2026] Apr\u00e8s avoir formul\u00e9 votre demande de retraite aupr\u00e8s de la caisse de retraite dont vous d\u00e9pendez, cela vous ouvre certains droits \u00e0 de nouvelles aides. En effet, de nombreuses aides sont disponibles pendant votre <\/span><a href=\"https:\/\/www.mes-allocs.fr\/guides\/retraite\/\"><span style=\"font-weight: 400;\">retraite<\/span><\/a><span style=\"font-weight: 400;\">. Dans cet article, nous vous pr\u00e9sentons les principales <strong>aides \u00e0 la retraite<\/strong> auxquelles vous pouvez pr\u00e9tendre, qu&rsquo;il s&rsquo;agisse d&rsquo;aides au logement, d&rsquo;aides fiscales ou encore d&rsquo;aides m\u00e9dicales en 2026.\u00a0<\/span><\/p>\n<div class='cta-block'><div class='text'>Simulez votre retraite en 2 min.<\/div><a href='https:\/\/www.mes-allocs.fr\/formulaire\/retraite?utm_source=seo&origin=guides\/wp-json\/wp\/v2\/posts\/54366' class='app-button fit'>Simulation gratuite<\/a><\/div>\n<h1>Qui peut vous aider \u00e0 constituer un dossier retraite ?<\/h1>\n<p>L&rsquo;\u00e9quipe Mes Allocs est \u00e0 votre disposition pour <a href=\"https:\/\/www.mes-allocs.fr\/guides\/retraite\/aide-retraite\/se-faire-aider-pour-dossier-retraite\/\">vous aider \u00e0 constituer votre dossier de retraite<\/a>. Gr\u00e2ce \u00e0 l&rsquo;expertise de nos conseillers, nous vous aidons \u00e0 rassembler les documents n\u00e9cessaires, \u00e0 v\u00e9rifier l\u2019exactitude de votre carri\u00e8re, et \u00e0 optimiser votre dossier pour un d\u00e9part en retraite en toute s\u00e9r\u00e9nit\u00e9. Que vous soyez proche de la retraite ou en phase de pr\u00e9paration, nous vous guidons \u00e0 chaque \u00e9tape pour vous garantir un dossier complet, conforme et trait\u00e9 dans les meilleurs d\u00e9lais.<\/p>\n<h1>L\u2019Aide Personnalis\u00e9e au Logement (APL) pour les retrait\u00e9s : conditions, montants, d\u00e9marches<\/h1>\n<h2>Qui peut b\u00e9n\u00e9ficier de l\u2019APL ?<\/h2>\n<p><span style=\"font-weight: 400;\">L&rsquo;<strong>Aide Personnalis\u00e9e au Logement (APL)<\/strong> est une aide financi\u00e8re destin\u00e9e \u00e0 r\u00e9duire le montant du loyer ou des mensualit\u00e9s de remboursement d&rsquo;un emprunt immobilier pour la r\u00e9sidence principale. Elle s&rsquo;adresse aux retrait\u00e9s sous certaines conditions li\u00e9es \u00e0 leur situation, leur logement et leurs ressources.<\/span><\/p>\n<h2>Conditions li\u00e9es au demandeur<\/h2>\n<p><span style=\"font-weight: 400;\">Les retrait\u00e9s <strong>locataires<\/strong>, <strong>colocataires<\/strong>, ou <strong>sous-locataires<\/strong> peuvent demander l&rsquo;APL. <strong>Aucune condition d&rsquo;\u00e2ge<\/strong> n&rsquo;est impos\u00e9e, ce qui permet \u00e0 tous les retrait\u00e9s, qu&rsquo;ils vivent seuls ou en couple, d&rsquo;en faire la demande.<\/span><\/p>\n<p><span style=\"font-weight: 400;\">Si vous \u00eates retrait\u00e9 et souhaitez loger un enfant mineur, il peut b\u00e9n\u00e9ficier de l&rsquo;APL \u00e0 condition que vous signiez ou co-signiez son <strong>bail<\/strong>. Pour un enfant \u00e9mancip\u00e9, le bail devra \u00eatre \u00e0 son nom.<\/span><\/p>\n<h2>APL pour les sous-locataires d\u00e9clar\u00e9s<\/h2>\n<p><span style=\"font-weight: 400;\">Si vous \u00eates <strong>retrait\u00e9<\/strong> et <strong>sous-louez un logement<\/strong>, vous pouvez percevoir l&rsquo;APL \u00e0 condition d&rsquo;\u00eatre <strong>d\u00e9clar\u00e9<\/strong> aupr\u00e8s du propri\u00e9taire. Vous devez \u00eatre \u00e2g\u00e9 d&rsquo;<strong>au moins 30 ans<\/strong> ou \u00eatre <strong>h\u00e9berg\u00e9<\/strong> chez un accueillant familial (personne ou couple recevant un senior ou une personne en situation de handicap contre r\u00e9mun\u00e9ration).<\/span><\/p>\n<h2>APL pour les r\u00e9sidents en foyer d&rsquo;h\u00e9bergement<\/h2>\n<p><span style=\"font-weight: 400;\">Les retrait\u00e9s vivant en foyer peuvent percevoir l&rsquo;APL sous certaines conditions. Les structures concern\u00e9es incluent :<\/span><\/p>\n<ul>\n<li style=\"font-weight: 400;\" aria-level=\"1\"><strong>les EHPAD,<\/strong><\/li>\n<li style=\"font-weight: 400;\" aria-level=\"1\"><strong>les r\u00e9sidences autonomes,<\/strong><\/li>\n<li style=\"font-weight: 400;\" aria-level=\"1\"><strong>les foyers de jeunes travailleurs,<\/strong><\/li>\n<li style=\"font-weight: 400;\" aria-level=\"1\"><strong>les r\u00e9sidences interg\u00e9n\u00e9rationnelles.<\/strong><\/li>\n<\/ul>\n<h2>APL pour les \u00e9trangers r\u00e9sidant en France<\/h2>\n<p><span style=\"font-weight: 400;\">Les retrait\u00e9s \u00e9trangers doivent prouver la<strong> r\u00e9gularit\u00e9 de leur s\u00e9jour en France<\/strong> pour \u00eatre \u00e9ligibles \u00e0 l&rsquo;APL. Un titre de s\u00e9jour en cours de validit\u00e9 est requis.<\/span><\/p>\n<h2>Conditions li\u00e9es au logement<\/h2>\n<p><span style=\"font-weight: 400;\">L&rsquo;APL est attribu\u00e9e <strong>uniquement pour la r\u00e9sidence principale<\/strong> du demandeur, occup\u00e9e <strong>au moins huit mois par an<\/strong>. Le logement doit respecter des crit\u00e8res de d\u00e9cence et de surface minimale :<\/span><\/p>\n<ul>\n<li style=\"font-weight: 400;\" aria-level=\"1\"><span style=\"font-weight: 400;\"><strong>8m\u00b2<\/strong> pour une personne seule,<\/span><\/li>\n<li style=\"font-weight: 400;\" aria-level=\"1\"><span style=\"font-weight: 400;\"><strong>16m\u00b2<\/strong> pour deux personnes,<\/span><\/li>\n<li style=\"font-weight: 400;\" aria-level=\"1\"><span style=\"font-weight: 400;\"><strong>7m\u00b2<\/strong> suppl\u00e9mentaires par occupant additionnel.<\/span><\/li>\n<\/ul>\n<p><span style=\"font-weight: 400;\">De plus, le logement doit \u00eatre conventionn\u00e9, c&rsquo;est-\u00e0-dire que le propri\u00e9taire a sign\u00e9 un accord avec l\u2019\u00c9tat ouvrant droit aux aides au logement.<\/span><\/p>\n<h2>Plafonds de ressources pour obtenir l&rsquo;APL<\/h2>\n<p><span style=\"font-weight: 400;\">L&rsquo;attribution de l&rsquo;APL repose sur les ressources du demandeur. Le montant de l&rsquo;aide est calcul\u00e9 en fonction :<\/span><\/p>\n<ul>\n<li style=\"font-weight: 400;\" aria-level=\"1\"><span style=\"font-weight: 400;\">de la <strong>composition du foyer<\/strong> (personne seule, couple, personnes \u00e0 charge),<\/span><\/li>\n<li style=\"font-weight: 400;\" aria-level=\"1\"><span style=\"font-weight: 400;\">de la <strong>localisation<\/strong> du logement (zone tendue ou non),<\/span><\/li>\n<li style=\"font-weight: 400;\" aria-level=\"1\"><span style=\"font-weight: 400;\">des <strong>revenus<\/strong> des deux derni\u00e8res ann\u00e9es.<\/span><\/li>\n<\/ul>\n<p><span style=\"font-weight: 400;\">Les retrait\u00e9s rattach\u00e9s au foyer fiscal de leurs enfants soumis \u00e0 l&rsquo;imp\u00f4t sur la fortune immobili\u00e8re (IFI) ne sont pas \u00e9ligibles.<\/span><\/p>\n<h2>Comment faire une demande d&rsquo;APL ?<\/h2>\n<p><span style=\"font-weight: 400;\">La demande d&rsquo;APL se fait en ligne via le site de la <strong>Caisse d&rsquo;Allocations Familiales (CAF)<\/strong> ou de la <strong>Mutualit\u00e9 Sociale Agricole (MSA)<\/strong>. Le dossier doit inclure :<\/span><\/p>\n<ul>\n<li style=\"font-weight: 400;\" aria-level=\"1\"><span style=\"font-weight: 400;\">une attestation de <strong>loyer<\/strong> sign\u00e9e par le propri\u00e9taire,<\/span><\/li>\n<li style=\"font-weight: 400;\" aria-level=\"1\"><span style=\"font-weight: 400;\">une d\u00e9claration de <strong>ressources<\/strong>,<\/span><\/li>\n<li style=\"font-weight: 400;\" aria-level=\"1\"><span style=\"font-weight: 400;\">un justificatif <strong>d&rsquo;identit\u00e9<\/strong> et de s\u00e9jour pour les \u00e9trangers.<\/span><\/li>\n<\/ul>\n<h2>Comment et quand est vers\u00e9e l&rsquo;APL ?<\/h2>\n<p><span style=\"font-weight: 400;\">L&rsquo;APL est vers\u00e9e mensuellement.<\/span><\/p>\n<ul>\n<li style=\"font-weight: 400;\" aria-level=\"1\"><span style=\"font-weight: 400;\">Pour les <strong>locataires<\/strong>, elle est g\u00e9n\u00e9ralement directement vers\u00e9e au propri\u00e9taire, qui la d\u00e9duit du loyer.<\/span><\/li>\n<li style=\"font-weight: 400;\" aria-level=\"1\"><span style=\"font-weight: 400;\">Pour les <strong>retrait\u00e9s<\/strong> acc\u00e9dant \u00e0 la propri\u00e9t\u00e9, elle est vers\u00e9e \u00e0 la banque afin de r\u00e9duire les mensualit\u00e9s d&#8217;emprunt.<\/span><\/li>\n<\/ul>\n<p class=\"amp-wp-7d27179\" style=\"text-align: justify;\" data-amp-original-style=\"text-align: justify;\"><iframe loading=\"lazy\" src=\"\/\/www.youtube.com\/embed\/nZ79Bmawt_M\" width=\"560\" height=\"314\" allowfullscreen=\"allowfullscreen\"><\/iframe><\/p>\n<div class=\"custom\">\n<div class=\"inner-padding\">\n<h1>L\u2019APL pour les seniors en \u00e9tablissement sp\u00e9cialis\u00e9<\/h1>\n<p><span style=\"font-weight: 400;\">Les <strong>retrait\u00e9s en \u00e9tablissement sp\u00e9cialis\u00e9<\/strong> peuvent b\u00e9n\u00e9ficier de l&rsquo;APL, sous certaines conditions, notamment si l&rsquo;\u00e9tablissement a sign\u00e9 une convention avec l&rsquo;\u00c9tat. Cette aide est accessible aux personnes \u00e0 revenus modestes et peut \u00eatre vers\u00e9e directement au retrait\u00e9 ou \u00e0 l\u2019\u00e9tablissement. Le montant varie en fonction des <strong>ressources<\/strong> du retrait\u00e9, du <strong>co\u00fbt de l\u2019h\u00e9bergement<\/strong> et de la <strong>localisation<\/strong>. En cas d\u2019in\u00e9ligibilit\u00e9 \u00e0 l\u2019APL, <strong>l\u2019Allocation de Logement Sociale (ALS)<\/strong> peut \u00eatre une alternative.<\/span><\/p>\n<h1>L\u2019Allocation Personnalis\u00e9e d\u2019Autonomie (APA) : conditions, montants, d\u00e9marches<\/h1>\n<h2>Quelles sont les conditions pour obtenir l\u2019APA \u00e0 la retraite ?<\/h2>\n<p><span style=\"font-weight: 400;\">L\u2019<strong>Allocation Personnalis\u00e9e d\u2019Autonomie (APA)<\/strong> est une aide destin\u00e9e aux personnes \u00e2g\u00e9es en perte d\u2019autonomie. Elle est accessible sous certaines conditions :<\/span><\/p>\n<ul>\n<li style=\"font-weight: 400;\" aria-level=\"1\"><span style=\"font-weight: 400;\">\u00catre \u00e2g\u00e9 de <strong>60 ans ou plus.<\/strong><\/span><\/li>\n<li style=\"font-weight: 400;\" aria-level=\"1\"><span style=\"font-weight: 400;\"><strong>R\u00e9sider en France<\/strong> de mani\u00e8re stable et r\u00e9guli\u00e8re.<\/span><\/li>\n<li style=\"font-weight: 400;\" aria-level=\"1\"><span style=\"font-weight: 400;\"><strong>Pr\u00e9senter une perte d\u2019autonomie<\/strong> \u00e9valu\u00e9e selon la grille AGGIR (Groupes Iso-Ressources).<\/span><\/li>\n<\/ul>\n<p><span style=\"font-weight: 400;\">L\u2019APA peut \u00eatre attribu\u00e9e aux <strong>personnes vivant \u00e0 domicile<\/strong> ou en \u00e9tablissement sp\u00e9cialis\u00e9, sous r\u00e9serve que l\u2019\u00e9tablissement soit habilit\u00e9 \u00e0 recevoir cette aide.<\/span><\/p>\n<h2>Quel est le montant de l\u2019APA ?<\/h2>\n<p><span style=\"font-weight: 400;\">Le montant de l\u2019APA varie en fonction du<strong> niveau de d\u00e9pendance du b\u00e9n\u00e9ficiaire<\/strong> (class\u00e9 de GIR 1 \u00e0 GIR 4) et des ressources disponibles. L\u2019APA ne fait pas l\u2019objet d\u2019une condition de revenus, mais une participation financi\u00e8re peut \u00eatre demand\u00e9e aux b\u00e9n\u00e9ficiaires ayant des revenus plus \u00e9lev\u00e9s.<\/span><\/p>\n<p><span style=\"font-weight: 400;\">Les d\u00e9penses couvertes peuvent inclure :<\/span><\/p>\n<ul>\n<li style=\"font-weight: 400;\" aria-level=\"1\"><strong>L\u2019aide \u00e0 domicile (aide-m\u00e9nag\u00e8re, assistance aux repas, soins d\u2019hygi\u00e8ne).<\/strong><\/li>\n<li style=\"font-weight: 400;\" aria-level=\"1\"><strong>L\u2019adaptation du logement (installation de barres d\u2019appui, marches antid\u00e9rapantes, travaux d\u2019isolation thermique).<\/strong><\/li>\n<li style=\"font-weight: 400;\" aria-level=\"1\"><strong>La prise en charge d\u2019une partie des frais d\u2019h\u00e9bergement en \u00e9tablissement sp\u00e9cialis\u00e9.<\/strong><\/li>\n<\/ul>\n<h2>Comment obtenir l\u2019APA \u00e0 la retraite ?<\/h2>\n<p><span style=\"font-weight: 400;\">La demande d&rsquo;APA se fait aupr\u00e8s du <strong>conseil d\u00e9partemental<\/strong>. <\/span><\/p>\n<p><span style=\"font-weight: 400;\">Il faut<strong> remplir un dossier<\/strong>, <strong>fournir des justificatifs<\/strong> (identit\u00e9, domicile, ressources, certificat m\u00e9dical) et passer une <strong>\u00e9valuation<\/strong> m\u00e9dico-sociale \u00e0 domicile ou en \u00e9tablissement. Le conseil d\u00e9partemental d\u00e9cide de l&rsquo;attribution et du montant de l\u2019aide, qui est vers\u00e9e directement au b\u00e9n\u00e9ficiaire ou \u00e0 l&rsquo;\u00e9tablissement. Le montant est r\u00e9vis\u00e9 r\u00e9guli\u00e8rement selon l\u2019\u00e9volution de la situation.<\/span><\/p>\n<h1>L\u2019Allocation de solidarit\u00e9 aux personnes \u00e2g\u00e9es (ASPA)<\/h1>\n<p><span style=\"font-weight: 400;\">L&rsquo;<strong>Allocation de Solidarit\u00e9 aux Personnes \u00c2g\u00e9es (ASPA)<\/strong> est une aide financi\u00e8re destin\u00e9e aux retrait\u00e9s disposant de faibles ressources. Elle remplace le minimum vieillesse depuis 2006 et vise \u00e0 garantir un niveau de vie d\u00e9cent aux b\u00e9n\u00e9ficiaires.<\/span><\/p>\n<h2>Quelles sont les conditions pour obtenir l\u2019ASPA ?<\/h2>\n<p><span style=\"font-weight: 400;\">L&rsquo;ASPA est accessible aux <strong>Fran\u00e7ais ou r\u00e9sidents stables en France<\/strong>, ainsi qu&rsquo;aux \u00e9trangers avec un titre de s\u00e9jour valide depuis 10 ans ou statut de r\u00e9fugi\u00e9. Elle est disponible<strong> d\u00e8s 65 ans<\/strong>, ou <strong>60 ans pour certaines cat\u00e9gories<\/strong> (handicap, anciens combattants). Les revenus mensuels ne doivent pas d\u00e9passer <strong>1 034,28 \u20ac<\/strong> <strong>pour une personne seule<\/strong> et<strong> 1 605,73 \u20ac pour un couple<\/strong>. Certaines ressources, comme la pension de retraite et les revenus fonciers, sont prises en compte, tandis que l&rsquo;AAH est exclue.<\/span><\/p>\n<h2>Quel est le montant de l\u2019ASPA ?<\/h2>\n<p><span style=\"font-weight: 400;\">L&rsquo;ASPA a \u00e9t\u00e9 revaloris\u00e9e au 1er janvier 2026, portant les montants maximaux \u00e0 :<\/span><\/p>\n<ul>\n<li style=\"font-weight: 400;\" aria-level=\"1\"><span style=\"font-weight: 400;\"><strong>1 043,59 \u20ac<\/strong> brut par mois pour une personne seule.<\/span><\/li>\n<li style=\"font-weight: 400;\" aria-level=\"1\"><span style=\"font-weight: 400;\"><strong>1 620,18 \u20ac<\/strong> brut par mois pour un couple.<\/span><\/li>\n<\/ul>\n<p><span style=\"font-weight: 400;\">Le montant per\u00e7u est calcul\u00e9 ainsi :<\/span><\/p>\n<ul>\n<li style=\"font-weight: 400;\" aria-level=\"1\"><b>Montant ASPA = Plafond ASPA &#8211; Ressources mensuelles<\/b><\/li>\n<\/ul>\n<h2>Comment obtenir l\u2019ASPA ?<\/h2>\n<p><span style=\"font-weight: 400;\">Remplir le formulaire de demande d&rsquo;ASPA, disponible aupr\u00e8s de la caisse de retraite ou sur le site officiel des services publics.<\/span><\/p>\n<p><span style=\"font-weight: 400;\">Joindre les pi\u00e8ces justificatives n\u00e9cessaires :<\/span><\/p>\n<ul>\n<li style=\"font-weight: 400;\" aria-level=\"1\"><strong>Justificatif d\u2019identit\u00e9 et de r\u00e9sidence.<\/strong><\/li>\n<li style=\"font-weight: 400;\" aria-level=\"1\"><strong>Avis d\u2019imposition ou de non-imposition<\/strong><\/li>\n<li style=\"font-weight: 400;\" aria-level=\"1\"><strong>Justificatifs de ressources (pension de retraite, autres revenus, etc.).<\/strong><\/li>\n<\/ul>\n<h1>Les aides financi\u00e8res pour les petites retraites<\/h1>\n<p><span style=\"font-weight: 400;\">Il existe une <a href=\"https:\/\/www.mes-allocs.fr\/guides\/retraite\/aide-retraite\/aide-petite-retraite\/\">aide pour les petites retraites<\/a>, appel\u00e9e <strong>minimum contributif (MICO)<\/strong>, qui assure un revenu minimal aux retrait\u00e9s ayant cotis\u00e9 sur de faibles salaires. Il concerne les assur\u00e9s de l&rsquo;<strong>Assurance retraite<\/strong> et de la <strong>Mutualit\u00e9 sociale agricole<\/strong>. Le MICO major\u00e9 et non major\u00e9 a \u00e9t\u00e9 revaloris\u00e9 de 1,18% le 1er janvier 2026. Le MICO non major\u00e9 s&rsquo;\u00e9l\u00e8ve \u00e0 <strong>756,29\u20ac<\/strong> par mois, et le MICO major\u00e9 \u00e0 <strong>903,93\u20ac<\/strong>. Le montant du plafond mensuel de retraites pour le MICO est fix\u00e9 \u00e0 <strong>1 410,89\u20ac<\/strong>. <\/span><span style=\"font-weight: 400;\">\u00c0 partir de <strong>67 ans<\/strong>, la pension peut \u00eatre r\u00e9duite en fonction des trimestres cotis\u00e9s. Contrairement \u00e0 l&rsquo;Aspa, le minimum contributif n&rsquo;est pas r\u00e9cup\u00e9rable sur la succession.<\/span><\/p>\n<h1>Les aides au d\u00e9m\u00e9nagement pour les seniors<\/h1>\n<h2>Les aides au d\u00e9m\u00e9nagement des caisses de retraite<\/h2>\n<p><span style=\"font-weight: 400;\">Certaines <a href=\"https:\/\/www.mes-allocs.fr\/guides\/retraite\/caisse-de-retraite\/\">caisses de retraite<\/a> mettent en place des aides sp\u00e9cifiques pour leurs affili\u00e9s \u00e2g\u00e9s. Elles peuvent proposer :<\/span><\/p>\n<ul>\n<li style=\"font-weight: 400;\" aria-level=\"1\"><span style=\"font-weight: 400;\">Une <strong>allocation<\/strong> d\u00e9m\u00e9nagement pour financer une partie des frais de transport.<\/span><\/li>\n<li style=\"font-weight: 400;\" aria-level=\"1\"><span style=\"font-weight: 400;\">Une <strong>assistance<\/strong> pour les d\u00e9marches administratives li\u00e9es au changement de domicile.<\/span><\/li>\n<li style=\"font-weight: 400;\" aria-level=\"1\"><span style=\"font-weight: 400;\">Un <strong>accompagnement<\/strong> pour am\u00e9nager le nouveau logement : installation de barres d&rsquo;appui, marches antiglisse, travaux d&rsquo;isolation thermique, etc.<\/span><\/li>\n<li style=\"font-weight: 400;\" aria-level=\"1\"><span style=\"font-weight: 400;\">Une <strong>aide<\/strong> pour trouver un logement plus adapt\u00e9 si besoin, notamment en r\u00e9sidence senior ou en \u00e9tablissement d\u2019h\u00e9bergement.<\/span><\/li>\n<\/ul>\n<h2>Quels sont les crit\u00e8res pour b\u00e9n\u00e9ficier d\u2019une aide au d\u00e9m\u00e9nagement ?<\/h2>\n<p><span style=\"font-weight: 400;\">L\u2019attribution d\u2019une aide au d\u00e9m\u00e9nagement pour les seniors d\u00e9pend de plusieurs crit\u00e8res :<\/span><\/p>\n<ul>\n<li style=\"font-weight: 400;\" aria-level=\"1\"><strong>Le niveau de revenus.<\/strong><\/li>\n<li style=\"font-weight: 400;\" aria-level=\"1\"><strong>La situation familiale.<\/strong><\/li>\n<li style=\"font-weight: 400;\" aria-level=\"1\"><strong>Le degr\u00e9 de fragilit\u00e9 (sant\u00e9, isolement, difficult\u00e9s financi\u00e8res).<\/strong><\/li>\n<\/ul>\n<p><span style=\"font-weight: 400;\">Chaque caisse de retraite ayant ses propres conditions, il est conseill\u00e9 de se renseigner directement aupr\u00e8s de son organisme de retraite pour conna\u00eetre les aides disponibles et les justificatifs \u00e0 fournir.<\/span><\/p>\n<h1>La prime de No\u00ebl pour les seniors proches de la retraite<\/h1>\n<h2>Prime pour les b\u00e9n\u00e9ficiaires de l\u2019Allocation \u00c9quivalent Retraite (AER)<\/h2>\n<p><span style=\"font-weight: 400;\">Les personnes percevant l\u2019<strong>Allocation \u00c9quivalent Retraite (AER)<\/strong>, qui est destin\u00e9e aux demandeurs d&#8217;emploi ayant suffisamment cotis\u00e9 pour la retraite mais n&rsquo;ayant pas encore atteint l&rsquo;\u00e2ge requis, peuvent \u00eatre \u00e9ligibles \u00e0 la prime de No\u00ebl. Cette prime leur permet d&rsquo;obtenir un compl\u00e9ment financier pour faire face aux d\u00e9penses de fin d\u2019ann\u00e9e.<\/span><\/p>\n<h2>Prime pour les b\u00e9n\u00e9ficiaires de la Prime Transitoire de Solidarit\u00e9 (PTS)<\/h2>\n<p><span style=\"font-weight: 400;\">Les b\u00e9n\u00e9ficiaires de la <strong>Prime Transitoire de Solidarit\u00e9 (PTS)<\/strong>, une aide accord\u00e9e aux seniors ayant suffisamment cotis\u00e9 pour leur retraite mais ne remplissant pas encore les conditions d&rsquo;\u00e2ge pour en b\u00e9n\u00e9ficier, peuvent \u00e9galement percevoir la prime de No\u00ebl. Son montant et ses conditions varient en fonction des ressources et de la situation du demandeur.<\/span><\/p>\n<p><span style=\"font-weight: 400;\">Pour savoir si vous \u00eates \u00e9ligible \u00e0 cette aide et conna\u00eetre les d\u00e9marches \u00e0 suivre, il est recommand\u00e9 de contacter votre caisse de retraite ou les services sociaux comp\u00e9tents.<\/span><\/p>\n<h1>La majoration pour tierce personne<\/h1>\n<p><span style=\"font-weight: 400;\">La<strong> majoration pour tierce personne (MTP)<\/strong> est une aide pour les b\u00e9n\u00e9ficiaires d&rsquo;une pension d&rsquo;invalidit\u00e9 de<strong> 3\u1d49 cat\u00e9gorie<\/strong>, destin\u00e9e \u00e0 couvrir les frais d\u2019assistance pour les actes quotidiens (s&rsquo;habiller, se d\u00e9placer, etc.). L&rsquo;\u00e9ligibilit\u00e9 est d\u00e9termin\u00e9e par un m\u00e9decin-conseil de la S\u00e9curit\u00e9 sociale selon des crit\u00e8res d&rsquo;incapacit\u00e9. Le montant est de <strong>1 288,13 \u20ac<\/strong> par mois, non imposable, et revaloris\u00e9 chaque ann\u00e9e en avril. Ce montant est applicable j<strong>usqu&rsquo;au 31 mars 2026<\/strong>. Le versement commence le mois suivant la demande et cesse si les conditions ne sont plus remplies. Cette aide n\u2019est pas r\u00e9cup\u00e9rable sur la succession.<\/span><\/p>\n<h1>La Compl\u00e9mentaire Sant\u00e9 Solidaire (C2S) pour les retrait\u00e9s<\/h1>\n<p><span style=\"font-weight: 400;\">La<strong> Compl\u00e9mentaire Sant\u00e9 Solidaire (C2S)<\/strong> aide les retrait\u00e9s \u00e0 faibles ressources \u00e0 acc\u00e9der \u00e0 une couverture sant\u00e9 compl\u00e8te, sans avance de frais gr\u00e2ce au tiers-payant. Elle couvre divers soins, y compris consultations, hospitalisation et m\u00e9dicaments. En fonction des revenus, la <strong>C2S<\/strong> peut \u00eatre gratuite ou comporter une cotisation modeste <strong>(jusqu&rsquo;\u00e0 1\u20ac par jour)<\/strong>. Pour v\u00e9rifier l\u2019\u00e9ligibilit\u00e9 et les modalit\u00e9s, il est conseill\u00e9 de contacter votre caisse d&rsquo;assurance maladie.<\/span><\/p>\n<h1>Les aides \u00e0 domicile, le portage de repas et les d\u00e9placements<\/h1>\n<p><span style=\"font-weight: 400;\">Pour les personnes \u00e2g\u00e9es de<strong> plus de 65 ans<\/strong> (ou 60 ans en cas d&rsquo;inaptitude au travail) avec de faibles revenus, des aides sont disponibles pour faciliter la gestion des repas et des d\u00e9placements. Le portage de repas \u00e0 domicile permet de recevoir des repas pr\u00e9par\u00e9s et adapt\u00e9s \u00e0 leurs besoins, ou bien de profiter d&rsquo;un repas dans un foyer restaurant, selon la mobilit\u00e9 de la personne. L&rsquo;aide est soumise \u00e0 des conditions de ressources, et peut \u00eatre partiellement r\u00e9cup\u00e9rable sur la succession. Les demandes doivent \u00eatre faites aupr\u00e8s du CCAS ou de la mairie de r\u00e9sidence.<\/span><\/p>\n<h1>Les aides pour les travaux d\u2019am\u00e9nagement<\/h1>\n<p><span style=\"font-weight: 400;\">Les personnes \u00e2g\u00e9es peuvent b\u00e9n\u00e9ficier de plusieurs aides pour adapter leur logement, dont <strong>MaPrimeAdapt&rsquo;<\/strong> depuis janvier 2024, accessible aux propri\u00e9taires et locataires sous conditions de ressources. Des aides suppl\u00e9mentaires sont propos\u00e9es par les <strong>collectivit\u00e9s territoriales<\/strong>, sous forme de pr\u00eats, subventions ou financements, variant selon la r\u00e9gion. Pour conna\u00eetre les aides disponibles, il est conseill\u00e9 de consulter un conseiller dans un <strong>Espace Conseil France R\u00e9nov&rsquo;<\/strong> ou de contacter <strong>l&rsquo;ADIL<\/strong>.<\/span><\/p>\n<p style=\"text-align: justify;\" data-amp-original-style=\"text-align: justify;\"><div class='cta-block'><div class='text'>Simulez votre retraite en 2 min.<\/div><a href='https:\/\/www.mes-allocs.fr\/formulaire\/retraite?utm_source=seo&origin=guides\/wp-json\/wp\/v2\/posts\/54366' class='app-button fit'>Simulation gratuite<\/a><\/div><\/p>\n<\/div>\n<\/div>\n","protected":false},"excerpt":{"rendered":"<p>[Mis \u00e0 jour le 29\/01\/2026] Apr\u00e8s avoir formul\u00e9 votre demande de retraite aupr\u00e8s de la caisse de retraite dont vous d\u00e9pendez, cela vous ouvre certains droits \u00e0 de nouvelles aides. En effet, de nombreuses aides sont disponibles pendant votre retraite. Dans cet article, nous vous pr\u00e9sentons les principales aides \u00e0 la retraite auxquelles vous pouvez [&hellip;]<\/p>\n","protected":false},"author":13,"featured_media":0,"comment_status":"closed","ping_status":"open","sticky":false,"template":"","format":"standard","meta":{"amp_status":"","footnotes":""},"categories":[19177],"tags":[],"class_list":["post-54366","post","type-post","status-publish","format-standard","hentry","category-retraite"],"yoast_head":"<!-- This site is optimized with the Yoast SEO plugin v14.9 - https:\/\/yoast.com\/wordpress\/plugins\/seo\/ -->\n<title>Quelles sont les aides pendant votre retraite ? | Mes-Allocs.fr<\/title>\n<meta name=\"description\" content=\"Apr\u00e8s avoir formul\u00e9 votre demande de retraite aupr\u00e8s de votre Caisse de retraite, vous pouvez avoir droit \u00e0 des aide. Les voici.\" \/>\n<meta name=\"robots\" content=\"index, follow, max-snippet:-1, max-image-preview:large, max-video-preview:-1\" \/>\n<link rel=\"canonical\" href=\"https:\/\/www.mes-allocs.fr\/guides\/retraite\/aide-retraite\/\" \/>\n<meta property=\"og:locale\" content=\"fr_FR\" \/>\n<meta property=\"og:type\" content=\"article\" \/>\n<meta property=\"og:title\" content=\"Quelles sont les aides pendant votre retraite ? | Mes-Allocs.fr\" \/>\n<meta property=\"og:description\" content=\"Apr\u00e8s avoir formul\u00e9 votre demande de retraite aupr\u00e8s de votre Caisse de retraite, vous pouvez avoir droit \u00e0 des aide. Les voici.\" \/>\n<meta property=\"og:url\" content=\"https:\/\/www.mes-allocs.fr\/guides\/retraite\/aide-retraite\/\" \/>\n<meta property=\"og:site_name\" content=\"Mes-Allocs.fr\" \/>\n<meta property=\"article:published_time\" content=\"2022-08-19T07:56:27+00:00\" \/>\n<meta property=\"article:modified_time\" content=\"2026-01-29T17:37:25+00:00\" \/>\n<meta property=\"og:image\" content=\"https:\/\/www.mes-allocs.fr\/guides\/wp-content\/uploads\/2022\/07\/jaddy-liu-nk-xUZwSjR4-unsplash-e1658420301591-300x64.jpg\" \/>\n<meta name=\"twitter:card\" content=\"summary_large_image\" \/>\n<script type=\"application\/ld+json\" class=\"yoast-schema-graph\">{\"@context\":\"https:\/\/schema.org\",\"@graph\":[{\"@type\":\"WebSite\",\"@id\":\"https:\/\/www.mes-allocs.fr\/guides\/#website\",\"url\":\"https:\/\/www.mes-allocs.fr\/guides\/\",\"name\":\"Mes-Allocs.fr\",\"description\":\"\",\"potentialAction\":[{\"@type\":\"SearchAction\",\"target\":\"https:\/\/www.mes-allocs.fr\/guides\/?s={search_term_string}\",\"query-input\":\"required name=search_term_string\"}],\"inLanguage\":\"fr-FR\"},{\"@type\":\"ImageObject\",\"@id\":\"https:\/\/www.mes-allocs.fr\/guides\/retraite\/aide-retraite\/#primaryimage\",\"inLanguage\":\"fr-FR\",\"url\":\"https:\/\/www.mes-allocs.fr\/guides\/wp-content\/uploads\/2022\/07\/jaddy-liu-nk-xUZwSjR4-unsplash-e1658420301591.jpg?wsr\",\"width\":1920,\"height\":412,\"caption\":\"destination ancv seniors en vacances\"},{\"@type\":\"WebPage\",\"@id\":\"https:\/\/www.mes-allocs.fr\/guides\/retraite\/aide-retraite\/#webpage\",\"url\":\"https:\/\/www.mes-allocs.fr\/guides\/retraite\/aide-retraite\/\",\"name\":\"Quelles sont les aides pendant votre retraite ? | Mes-Allocs.fr\",\"isPartOf\":{\"@id\":\"https:\/\/www.mes-allocs.fr\/guides\/#website\"},\"primaryImageOfPage\":{\"@id\":\"https:\/\/www.mes-allocs.fr\/guides\/retraite\/aide-retraite\/#primaryimage\"},\"datePublished\":\"2022-08-19T07:56:27+00:00\",\"dateModified\":\"2026-01-29T17:37:25+00:00\",\"author\":{\"@id\":\"https:\/\/www.mes-allocs.fr\/guides\/#\/schema\/person\/c22c1269332026958a3b5505f80b5404\"},\"description\":\"Apr\\u00e8s avoir formul\\u00e9 votre demande de retraite aupr\\u00e8s de votre Caisse de retraite, vous pouvez avoir droit \\u00e0 des aide. Les voici.\",\"inLanguage\":\"fr-FR\"},{\"@type\":\"Person\",\"@id\":\"https:\/\/www.mes-allocs.fr\/guides\/#\/schema\/person\/c22c1269332026958a3b5505f80b5404\",\"name\":\"Flavien Fritz\",\"image\":{\"@type\":\"ImageObject\",\"@id\":\"https:\/\/www.mes-allocs.fr\/guides\/#personlogo\",\"inLanguage\":\"fr-FR\",\"url\":\"https:\/\/www.mes-allocs.fr\/guides\/wp-content\/uploads\/2021\/11\/Flavien-1-150x150.png\",\"caption\":\"Flavien Fritz\"},\"description\":\"Flavien est r\\u00e9dacteur au sein de l'\\u00e9quipe Mes Allocs, sp\\u00e9cialis\\u00e9 en droit priv\\u00e9. Dipl\\u00f4m\\u00e9 de l'Institut Catholique de Vend\\u00e9e, il rejoint Mes Allocs apr\\u00e8s une premi\\u00e8re exp\\u00e9rience entrepreneuriale.\",\"sameAs\":[\"https:\/\/fr.linkedin.com\/in\/flavienfritz\"]}]}<\/script>\n<!-- \/ Yoast SEO plugin. -->","amp_validity":null,"acf":{"faq":{"1":{"question":"Comment demander l'APL ?","answer":"La demande d\u2019APL s\u2019effectue en ligne, en remplissant un formulaire et en pr\u00e9sentant certains justificatifs.\r\n"},"2":{"question":"Comment est vers\u00e9e l'APL pour les retrait\u00e9s en r\u00e9sidence ?","answer":"Pour les personnes retrait\u00e9es \u00e9ligibles, l\u2019APL est vers\u00e9e tous les mois, directement sur leur compte bancaire ou sur le compte de l\u2019\u00e9tablissement d\u2019accueil.\r\n"},"3":{"question":"Qui peut obtenir l'APL EHPAD ?","answer":"L\u2019APL EHPAD s\u2019adresse aux retrait\u00e9s qui poss\u00e8dent des revenus modestes ne d\u00e9passant pas les plafonds de la CAF.\r\n"},"4":{"question":"Quel est le montant de l'APA ?","answer":"Le montant de l\u2019APA se calcule de la fa\u00e7on suivante : il vous est attribu\u00e9 un Groupe iso-ressources (Gir), et en fonction de celui-ci, il vous sera possible d'obtenir un certain montant forfaitaire.\r\n"},"5":{"question":"Quelles sont les aides disponibles pour les retrait\u00e9s non imposables ?","answer":"En 2026, les aides pour les retrait\u00e9s non imposables sont nombreuses : APA, cr\u00e9dit d'imp\u00f4t (pour effectuer des travaux d'adaptation dans votre logement par exemple), aides la CAF, aides des services sociaux, MaPrimeAdapt de l'ANAH. \r\n<br> <a href=\"https:\/\/www.mes-allocs.fr\/guides\/retraite\/aide-retraite\/aides-retraites-non-imposables\/\">Lire la suite<\/a>"},"6":{"question":"","answer":""},"7":{"question":"","answer":""},"8":{"question":"","answer":""},"9":{"question":"","answer":""},"10":{"question":"","answer":""},"11":{"question":"","answer":""},"12":{"question":"","answer":""},"13":{"question":"","answer":""},"14":{"question":"","answer":""},"15":{"question":"","answer":""},"16":{"question":"","answer":""}}},"_links":{"self":[{"href":"https:\/\/www.mes-allocs.fr\/guides\/wp-json\/wp\/v2\/posts\/54366","targetHints":{"allow":["GET"]}}],"collection":[{"href":"https:\/\/www.mes-allocs.fr\/guides\/wp-json\/wp\/v2\/posts"}],"about":[{"href":"https:\/\/www.mes-allocs.fr\/guides\/wp-json\/wp\/v2\/types\/post"}],"author":[{"embeddable":true,"href":"https:\/\/www.mes-allocs.fr\/guides\/wp-json\/wp\/v2\/users\/13"}],"replies":[{"embeddable":true,"href":"https:\/\/www.mes-allocs.fr\/guides\/wp-json\/wp\/v2\/comments?post=54366"}],"version-history":[{"count":20,"href":"https:\/\/www.mes-allocs.fr\/guides\/wp-json\/wp\/v2\/posts\/54366\/revisions"}],"predecessor-version":[{"id":108733,"href":"https:\/\/www.mes-allocs.fr\/guides\/wp-json\/wp\/v2\/posts\/54366\/revisions\/108733"}],"wp:attachment":[{"href":"https:\/\/www.mes-allocs.fr\/guides\/wp-json\/wp\/v2\/media?parent=54366"}],"wp:term":[{"taxonomy":"category","embeddable":true,"href":"https:\/\/www.mes-allocs.fr\/guides\/wp-json\/wp\/v2\/categories?post=54366"},{"taxonomy":"post_tag","embeddable":true,"href":"https:\/\/www.mes-allocs.fr\/guides\/wp-json\/wp\/v2\/tags?post=54366"}],"curies":[{"name":"wp","href":"https:\/\/api.w.org\/{rel}","templated":true}]}}