{"id":54316,"date":"2022-08-11T12:04:53","date_gmt":"2022-08-11T10:04:53","guid":{"rendered":"https:\/\/www.mes-allocs.fr\/guides\/?p=54316"},"modified":"2026-03-25T12:31:19","modified_gmt":"2026-03-25T11:31:19","slug":"retraite-63-ans","status":"publish","type":"post","link":"https:\/\/www.mes-allocs.fr\/guides\/retraite\/age-retraite\/retraite-63-ans\/","title":{"rendered":"Retraite \u00e0 63 ans : conditions, montants, d\u00e9marches"},"content":{"rendered":"<p><img loading=\"lazy\" decoding=\"async\" class=\"alignnone wp-image-54350\" title=\"retraite 63 ans\" src=\"https:\/\/www.mes-allocs.fr\/guides\/wp-content\/uploads\/2022\/07\/lucian-alexe-f2xfTOv0p9Y-unsplash-e1658411924768-300x73.jpg\" alt=\"retraite 63 ans\" width=\"830\" height=\"202\" \/><\/p>\n<p>[Mis \u00e0 jour : 25\/03\/2026] Vous anticipez la fin de votre carri\u00e8re et souhaitez <b>partir \u00e0 la retraite \u00e0 63 ans<\/b> ? Est-ce possible en 2026 ? Quelles conditions respecter et quel est l\u2019<a href=\"https:\/\/www.mes-allocs.fr\/guides\/retraite\/age-retraite\/\">\u00e2ge pour un d\u00e9part \u00e0 la retraite<\/a> ? Mes Allocs vous explique tout ce qu\u2019il faut conna\u00eetre sur la retraite \u00e0 63 ans.<\/p>\n<div class='cta-block'><div class='text'>Simulez votre retraite en 2 min.<\/div><a href='https:\/\/www.mes-allocs.fr\/formulaire\/retraite?utm_source=seo&origin=guides\/wp-json\/wp\/v2\/posts\/54316' class='app-button fit'>Simulation gratuite<\/a><\/div>\n<h1>Pouvez-vous demander la retraite \u00e0 63 ans ?<\/h1>\n<p><b>Oui<\/b>, vous pouvez demander la retraite \u00e0 63 ans. Vous devez en revanche savoir si votre ann\u00e9e de naissance et si votre situation professionnelle vous permet de le faire. Le d\u00e9part \u00e0 63 ans <b>n\u2019est pas automatique<\/b>. Vous devez justifier d\u2019un certain <b>nombre de trimestres cotis\u00e9s <\/b>ou appartenir \u00e0 une cat\u00e9gorie b\u00e9n\u00e9ficiant d&rsquo;une <b>d\u00e9rogation l\u00e9gale<\/b>.<\/p>\n<p>Pour savoir si vous pouvez partir \u00e0 la retraite \u00e0 63 ans, vous devez calculer le nombre de trimestres que vous avez cotis\u00e9s.<\/p>\n<div class='shortcode disclaimer'><div class='title'>Attention<\/div><div class='content'> La retraite \u00e0 63 ans et la retraite \u00e0 taux plein sont diff\u00e9rentes. La retraite \u00e0 taux plein, g\u00e9n\u00e9ralement entre 65 et 67 ans, vous permet de partir avec une pension compl\u00e8te ce qui n\u2019est pas forc\u00e9ment le cas d\u2019une retraite \u00e0 63 ans. <\/div><\/div>\n<h1>Qu\u2019est-ce-que la retraite \u00e0 63 ans ?<\/h1>\n<p>L\u2019\u00e2ge l\u00e9gal de d\u00e9part \u00e0 la retraite est fix\u00e9 \u00e0<b> 62 ans et 9 mois<\/b> pour les personnes n\u00e9es en 1964 et au premier trimestre 1965. M\u00eame si votre d\u00e9part \u00e0 la retraite varie selon votre ann\u00e9e de naissance, il existe d<b>es cas particuliers<\/b> (carri\u00e8re longue, retraite progressive) qui vous permettent de partir \u00e0 63 ans.<\/p>\n<div class='shortcode important'><div class='title'>Important<\/div><div class='content'>La r\u00e9forme des retraites 2023 est suspendue jusqu\u2019en 2028. Elle pr\u00e9voyait de reculer l\u2019\u00e2ge minimum de d\u00e9part \u00e0 la retraite de 62 ans \u00e0 64 ans, pour les Fran\u00e7ais n\u00e9s \u00e0 partir du 1er septembre 1961.<\/div><\/div>\n<p><iframe loading=\"lazy\" src=\"\/\/www.youtube.com\/embed\/nZ79Bmawt_M\" width=\"560\" height=\"314\" allowfullscreen=\"allowfullscreen\"><\/iframe><\/p>\n<h1>Qui peut pr\u00e9tendre \u00e0 la retraite \u00e0 63 ans ?<\/h1>\n<h2>Qui est concern\u00e9 par la retraite \u00e0 63 ans ?<\/h2>\n<p>Plusieurs profils sont concern\u00e9s par la retraite \u00e0 63 ans. En 2026, la possibilit\u00e9 de partir \u00e0 63 ans concerne principalement les assur\u00e9s n\u00e9s dans les ann\u00e9es suivantes :<br \/>\n\n<div class=\"wpdt-c row wpDataTableContainerSimpleTable wpDataTables wpDataTablesWrapper\n\"\n    >\n    <table id=\"wpdtSimpleTable-823\"\n           class=\"wpdtSimpleTable wpDataTable\"\n           data-column=\"2\"\n           data-rows=\"6\"\n           data-wpID=\"823\"\n           data-responsive=\"0\"\n           data-has-header=\"0\">\n\n                    <tbody>        <tr class=\"wpdt-cell-row \" >\n                            <td class=\"wpdt-cell wpdt-bold wpdt-bc-F3F9FE\"\n                                    data-cell-id=\"A1\"\n                data-col-index=\"0\"\n                data-row-index=\"0\"\n                style=\" width:50%;                padding:10px;\"\n                >\n                                Vous \u00eates n\u00e9                <\/td>\n                                            <td class=\"wpdt-cell wpdt-bold wpdt-bc-F3F9FE\"\n                                    data-cell-id=\"B1\"\n                data-col-index=\"1\"\n                data-row-index=\"0\"\n                style=\" width:50%;                padding:10px;\"\n                >\n                                Vous pouvez partir \u00e0 la retraite \u00e0 partir de                <\/td>\n                                        <\/tr>\n                            <tr class=\"wpdt-cell-row \" >\n                            <td class=\"wpdt-cell \"\n                                    data-cell-id=\"A2\"\n                data-col-index=\"0\"\n                data-row-index=\"1\"\n                style=\"                padding:10px;\"\n                >\n                                Entre le 1er janvier 1963 et le 31 mars 1965                <\/td>\n                                            <td class=\"wpdt-cell \"\n                                    data-cell-id=\"B2\"\n                data-col-index=\"1\"\n                data-row-index=\"1\"\n                style=\"                padding:10px;\"\n                >\n                                62 ans et 9 mois                <\/td>\n                                        <\/tr>\n                            <tr class=\"wpdt-cell-row \" >\n                            <td class=\"wpdt-cell \"\n                                    data-cell-id=\"A3\"\n                data-col-index=\"0\"\n                data-row-index=\"2\"\n                style=\"                padding:10px;\"\n                >\n                                Entre le 1er avril 1965 et le 31 d\u00e9cembre 1965                <\/td>\n                                            <td class=\"wpdt-cell \"\n                                    data-cell-id=\"B3\"\n                data-col-index=\"1\"\n                data-row-index=\"2\"\n                style=\"                padding:10px;\"\n                >\n                                63 ans                <\/td>\n                                        <\/tr>\n                            <tr class=\"wpdt-cell-row \" >\n                            <td class=\"wpdt-cell \"\n                                    data-cell-id=\"A4\"\n                data-col-index=\"0\"\n                data-row-index=\"3\"\n                style=\"                padding:10px;\"\n                >\n                                En 1966                <\/td>\n                                            <td class=\"wpdt-cell \"\n                                    data-cell-id=\"B4\"\n                data-col-index=\"1\"\n                data-row-index=\"3\"\n                style=\"                padding:10px;\"\n                >\n                                63 ans et 3 mois                <\/td>\n                                        <\/tr>\n                            <tr class=\"wpdt-cell-row \" >\n                            <td class=\"wpdt-cell \"\n                                    data-cell-id=\"A5\"\n                data-col-index=\"0\"\n                data-row-index=\"4\"\n                style=\"                padding:10px;\"\n                >\n                                En 1967                <\/td>\n                                            <td class=\"wpdt-cell \"\n                                    data-cell-id=\"B5\"\n                data-col-index=\"1\"\n                data-row-index=\"4\"\n                style=\"                padding:10px;\"\n                >\n                                63 ans et 6 mois                <\/td>\n                                        <\/tr>\n                            <tr class=\"wpdt-cell-row \" >\n                            <td class=\"wpdt-cell \"\n                                    data-cell-id=\"A6\"\n                data-col-index=\"0\"\n                data-row-index=\"5\"\n                style=\"                padding:10px;\"\n                >\n                                En 1968                <\/td>\n                                            <td class=\"wpdt-cell \"\n                                    data-cell-id=\"B6\"\n                data-col-index=\"1\"\n                data-row-index=\"5\"\n                style=\"                padding:10px;\"\n                >\n                                63 ans et 9 mois                <\/td>\n                                        <\/tr>\n                    <\/table>\n<\/div><style id='wpdt-custom-style-823'>\n.wpdt-bc-F3F9FE { background-color: #F3F9FE !important;}\n<\/style>\n<\/p>\n<div class='shortcode important'><div class='title'>Important<\/div><div class='content'>Les personnes n\u00e9es entre le 1er janvier 1963 et le 31 mars 1965 peuvent partir \u00e0 la retraite d\u00e8s 62 ans et 9 mois<\/div><\/div>\n<h2>Retraite \u00e0 63 ans : quels sont les cas particuliers ?<\/h2>\n<h3>Retraite \u00e0 63 ans et carri\u00e8re longue<\/h3>\n<p>Vous pouvez partir en retraite anticip\u00e9e avant votre \u00e2ge minimum de d\u00e9part dans plusieurs cas pr\u00e9cis :<\/p>\n<ol>\n<li>Si vous avez commenc\u00e9 \u00e0 travailler avant 21 ans, le dispositif \u00ab\u00a0carri\u00e8re longue\u00a0\u00bb vous permet de partir avant l&rsquo;\u00e2ge l\u00e9gal.<\/li>\n<li>Ou si vous avez valid\u00e9 <b>4 ou 5 trimestres avant la fin de l&rsquo;ann\u00e9e de vos 20 ans<\/b>, vous pouvez partir \u00e0 63 ans, \u00e0 condition d&rsquo;avoir r\u00e9uni la dur\u00e9e d&rsquo;assurance cotis\u00e9e requise (souvent 172 trimestres en fonction de votre date de naissance).<\/li>\n<\/ol>\n<div class='shortcode tips'><div class='title'>Exemple<\/div><div class='content'> Jean est n\u00e9 en 1963. Il a commenc\u00e9 \u00e0 travailler \u00e0 19 ans et a valid\u00e9 5 trimestres avant ses 20 ans. Il peut partir \u00e0 la retraite \u00e0 63 ans s&rsquo;il justifie de 172 trimestres cotis\u00e9s, m\u00eame si l&rsquo;\u00e2ge l\u00e9gal pour sa g\u00e9n\u00e9ration est de 63 ans et 9 mois.<\/div><\/div>\n<h3>Retraite \u00e0 63 ans et handicap<\/h3>\n<p>Vous pouvez partir en retraite anticip\u00e9e avant votre \u00e2ge minimum de d\u00e9part \u00e0 la retraite. Si vous avez travaill\u00e9 en \u00e9tant <b>handicap\u00e9<\/b>, vous pouvez partir \u00e0 la retraite <b>d\u00e8s 55 ans<\/b>. Vous devez en revanche avoir cotis\u00e9<b> un nombre minimum de trimestres<\/b> (d\u00e9fini selon votre profil) et avoir une incapacit\u00e9 permanente<b> d\u2019au moins 50%<\/b> ou un handicap comparable.<\/p>\n<h3>Retraite \u00e0 63 ans et incapacit\u00e9<\/h3>\n<p>Si vous voulez partir plus t\u00f4t \u00e0 la retraite pour incapacit\u00e9 permanente d\u2019origine professionnelle c\u2019est possible. Vous devez en revanche respecter certaines conditions :<\/p>\n<ul>\n<li aria-level=\"1\">Votre taux d\u2019incapacit\u00e9 permanent <b>est compris entre 10% et 19%<\/b>, vous pouvez partir en retraite anticip\u00e9e <b>2 ans avant l\u2019\u00e2ge de d\u00e9part<\/b> si vous avez \u00e9t\u00e9 expos\u00e9 <b>pendant 17 ans<\/b> \u00e0 un ou plusieurs facteurs de risques professionnels et si la caisse de retraite <b>prouve <\/b>que votre incapacit\u00e9 est directement li\u00e9 \u00e0 l\u2019exposition de ces facteurs,<\/li>\n<li aria-level=\"1\">Votre taux d\u2019incapacit\u00e9 permanent est <b>au moins \u00e9gal \u00e0 20%<\/b>, vous pouvez partir \u00e0 la retraite d\u00e8s 60 ans.<\/li>\n<\/ul>\n<h3>Retraite \u00e0 63 ans et inaptitude<\/h3>\n<p>Vous pouvez partir en retraite \u00e0 taux plein et sans d\u00e9cote <b>d\u00e8s 62 ans<\/b>, quel que soit le nombre de vos trimestres d\u2019assurance retraite si vous \u00eates reconnu comme<b> inapte au travail<\/b>. Vous devez \u00eatre reconnu comme inapte si <b>votre \u00e9tat de sant\u00e9<\/b> ne vous permet plus de suivre une activit\u00e9 professionnelle et si vous \u00eates atteint <b>d\u2019une incapacit\u00e9 d\u00e9finitive de travail m\u00e9dicalement constat\u00e9e d\u2019au moins 50%<\/b>.<\/p>\n<h1>Conditions pour b\u00e9n\u00e9ficier d\u2019une retraite \u00e0 taux plein \u00e0 63 ans ?<\/h1>\n<h2>Nombre de trimestres requis<\/h2>\n<p>Pour obtenir le taux plein vous devez avoir au moins l\u2019\u00e2ge l\u00e9gal de la retraite et avoir valid\u00e9 un nombre pr\u00e9cis de trimestres. Si vous souhaitez partir \u00e0 la retraite \u00e0 taux plein \u00e0 63 ans en 2026, vous devez avoir valid\u00e9 <b>170 trimestres. <\/b>Ces trimestres incluent vos p\u00e9riodes travaill\u00e9es, mais aussi certaines p\u00e9riodes assimil\u00e9es comme le ch\u00f4mage, la maladie ou le cong\u00e9 maternit\u00e9.<\/p>\n<h2>D\u00e9cote\/surcote<\/h2>\n<p>Si vous partez \u00e0 63 ans sans avoir vos 172 trimestres, une <b>d\u00e9cote de 1,25 % par trimestre manquant<\/b> est appliqu\u00e9e sur votre pension. \u00c0 l&rsquo;inverse, si vous d\u00e9passez l&rsquo;\u00e2ge l\u00e9gal et le nombre de trimestres requis, vous b\u00e9n\u00e9ficiez d&rsquo;une surcote de 1,25 % par trimestre suppl\u00e9mentaire travaill\u00e9.<\/p>\n\n<div class=\"wpdt-c row wpDataTableContainerSimpleTable wpDataTables wpDataTablesWrapper\n\"\n    >\n    <table id=\"wpdtSimpleTable-822\"\n           class=\"wpdtSimpleTable wpDataTable\"\n           data-column=\"2\"\n           data-rows=\"4\"\n           data-wpID=\"822\"\n           data-responsive=\"0\"\n           data-has-header=\"0\">\n\n                    <tbody>        <tr class=\"wpdt-cell-row \" >\n                            <td class=\"wpdt-cell wpdt-bold wpdt-bc-F3F9FE\"\n                                    data-cell-id=\"A1\"\n                data-col-index=\"0\"\n                data-row-index=\"0\"\n                style=\" width:50%;                padding:10px;\"\n                >\n                                Situation                <\/td>\n                                            <td class=\"wpdt-cell wpdt-bold wpdt-bc-F3F9FE\"\n                                    data-cell-id=\"B1\"\n                data-col-index=\"1\"\n                data-row-index=\"0\"\n                style=\" width:50%;                padding:10px;\"\n                >\n                                Impact sur la pension                <\/td>\n                                        <\/tr>\n                            <tr class=\"wpdt-cell-row \" >\n                            <td class=\"wpdt-cell \"\n                                    data-cell-id=\"A2\"\n                data-col-index=\"0\"\n                data-row-index=\"1\"\n                style=\"                padding:10px;\"\n                >\n                                Trimestres manquants                <\/td>\n                                            <td class=\"wpdt-cell \"\n                                    data-cell-id=\"B2\"\n                data-col-index=\"1\"\n                data-row-index=\"1\"\n                style=\"                padding:10px;\"\n                >\n                                D\u00e9cote (r\u00e9duction d\u00e9finitive)                <\/td>\n                                        <\/tr>\n                            <tr class=\"wpdt-cell-row \" >\n                            <td class=\"wpdt-cell \"\n                                    data-cell-id=\"A3\"\n                data-col-index=\"0\"\n                data-row-index=\"2\"\n                style=\"                padding:10px;\"\n                >\n                                Dur\u00e9e d'assurance compl\u00e8te                <\/td>\n                                            <td class=\"wpdt-cell \"\n                                    data-cell-id=\"B3\"\n                data-col-index=\"1\"\n                data-row-index=\"2\"\n                style=\"                padding:10px;\"\n                >\n                                Taux plein (50 %)                <\/td>\n                                        <\/tr>\n                            <tr class=\"wpdt-cell-row \" >\n                            <td class=\"wpdt-cell \"\n                                    data-cell-id=\"A4\"\n                data-col-index=\"0\"\n                data-row-index=\"3\"\n                style=\"                padding:10px;\"\n                >\n                                Trimestres suppl\u00e9mentaires                <\/td>\n                                            <td class=\"wpdt-cell \"\n                                    data-cell-id=\"B4\"\n                data-col-index=\"1\"\n                data-row-index=\"3\"\n                style=\"                padding:10px;\"\n                >\n                                Surcote (augmentation)                <\/td>\n                                        <\/tr>\n                    <\/table>\n<\/div><style id='wpdt-custom-style-822'>\n.wpdt-bc-F3F9FE { background-color: #F3F9FE !important;}\n<\/style>\n\n<div class='cta-block'><div class='text'>Simulez votre retraite en 2 min.<\/div><a href='https:\/\/www.mes-allocs.fr\/formulaire\/retraite?utm_source=seo&origin=guides\/wp-json\/wp\/v2\/posts\/54316' class='app-button fit'>Simulation gratuite<\/a><\/div>\n<h1>Retraite \u00e0 63 ans et retraite progressive : est-ce compatible ?<\/h1>\n<p>Vous pouvez partir \u00e0 la retraite \u00e0 63 ans et combiner avec la retraite progressive. La retraite progressive vous permet de percevoir une partie de votre pension tout en continuant \u00e0 travailler \u00e0 temps partiel. En 2026, vous pouvez y acc\u00e9der <b>deux ans avant l&rsquo;\u00e2ge l\u00e9gal<\/b>, soit potentiellement d\u00e8s 61 ans ou 62 ans selon votre g\u00e9n\u00e9ration. \u00c0 63 ans, vous pouvez donc \u00eatre en retraite progressive si vous r\u00e9duisez votre temps de travail <b>entre 40 % et 80 %<\/b>.<\/p>\n<h1>Quels sont les inconv\u00e9nients d\u2019un d\u00e9part \u00e0 63 ans ?<\/h1>\n<h2>Retraite \u00e0 63 ans : r\u00e9duction possible de votre pension<\/h2>\n<p>Si vous n&rsquo;avez pas atteint la dur\u00e9e de cotisation requise, le calcul de votre pension subira un double impact. Votre pension sera <b>proratis\u00e9e<\/b>, donc calcul\u00e9e sur un nombre de trimestres inf\u00e9rieur et subira une <b>d\u00e9cote<\/b>. Une d\u00e9cote est une baisse progressive de votre pension, \u00e9tablie sur le nombre de trimestres manquants. Si vous partez \u00e0 la retraite \u00e0 63 en 2026 et que vous n\u2019avez pas le nombre de trimestres requis, votre pension pourrait <b>baisser de 10 % \u00e0 20 %<\/b> par rapport \u00e0 une fin de carri\u00e8re compl\u00e8te.<\/p>\n<h2>Retraite \u00e0 63 ans : in\u00e9galit\u00e9s selon les m\u00e9tiers<\/h2>\n<p>Vous pouvez \u00eatre p\u00e9nalis\u00e9 pour un d\u00e9part \u00e0 la retraite \u00e0 63 ans si vous \u00e9tiez dans un m\u00e9tier physique ou s\u00e9dentaire. Un d\u00e9part \u00e0 63 ans est souvent <b>une n\u00e9cessit\u00e9 de sant\u00e9<\/b> si vous faisiez un m\u00e9tier physique. Mais partir \u00e0 cet \u00e2ge ou sans une retraite \u00e0 taux plein, peut engendrer la baisse de votre pension. Les m\u00e9tiers s\u00e9dentaires permettent quant \u00e0 eux de prolonger plus facilement l\u2019activit\u00e9 et atteindre le taux plein voire <b>une surcote<\/b>.<\/p>\n<h1>Comment faire une demande de retraite \u00e0 63 ans ?<\/h1>\n<h2>Quelles d\u00e9marches administratives ?<\/h2>\n<p>La retraite n&rsquo;est jamais vers\u00e9e <b>automatiquement<\/b>. Vous devez en faire la demande aupr\u00e8s de votre caisse de retraite (CNAV, MSA, etc.). La d\u00e9marche se fait d\u00e9sormais majoritairement en ligne. Vous pourrez ainsi demander votre retraite de base et vos retraites compl\u00e9mentaires en une seule fois.<\/p>\n<p>Un <b>conseiller Mes Allocs<\/b> peut aussi vous accompagner pour vos d\u00e9marches de retraite.<\/p>\n<div class='cta-block'><div class='text'>Simulez votre retraite en 2 min.<\/div><a href='https:\/\/app.mes-allocs.fr\/abonnement?origin=guides\/wp-json\/wp\/v2\/posts\/54316' class='app-button fit'>Simulation gratuite<\/a><\/div>\n<h2>Les documents \u00e0 fournir<\/h2>\n<p>Pour constituer votre dossier de retraite, vous aurez besoin des pi\u00e8ces suivantes :<\/p>\n<ul>\n<li aria-level=\"1\">Votre pi\u00e8ce d&rsquo;identit\u00e9 en cours de validit\u00e9,<\/li>\n<li aria-level=\"1\">Votre dernier avis d&rsquo;imposition,<\/li>\n<li aria-level=\"1\">Un relev\u00e9 d&rsquo;identit\u00e9 bancaire (RIB),<\/li>\n<li aria-level=\"1\">Les bulletins de salaire de votre derni\u00e8re ann\u00e9e d&rsquo;activit\u00e9.<\/li>\n<\/ul>\n<h2>Quand demander la retraite \u00e0 63 ans ?<\/h2>\n<p>Il est recommand\u00e9 de d\u00e9poser votre demande <b>4 \u00e0 6 mois avant la date de d\u00e9part<\/b> choisie. Ce d\u00e9lai est n\u00e9cessaire pour que les agents v\u00e9rifient votre carri\u00e8re et \u00e9vitent une rupture de ressources entre votre dernier salaire et votre premi\u00e8re pension.<\/p>\n<div class='shortcode check'><div class='content'>V\u00e9rifiez votre relev\u00e9 de carri\u00e8re sur votre espace personnel au moins un an avant le d\u00e9part pour corriger d&rsquo;\u00e9ventuelles erreurs de trimestres.<\/div><\/div>\n<div class='shortcode summary'><div class='title'>En r\u00e9sum\u00e9 :<\/div><div class='content'><ul><li>La retraite \u00e0 63 ans est possible en 2026 pour les <b>carri\u00e8res longues<\/b> ou en cas d&rsquo;<b>inaptitude.<\/b><\/li><li>L&rsquo;\u00e2ge l\u00e9gal de d\u00e9part \u00e0 la retraite varie selon votre mois de naissance.<\/li><li>Il faut g\u00e9n\u00e9ralement <b>170 \u00e0 172 trimestres<\/b> pour obtenir le taux plein.<\/li><li>Une <b>d\u00e9cote d\u00e9finitive<\/b> s&rsquo;applique s&rsquo;il vous manque des trimestres.<\/li><li>Votre demande de retraite doit \u00eatre faite <b>4 \u00e0 6 mois \u00e0 l&rsquo;avance<\/b> sur info-retraite.fr<\/li><\/ul><\/div><\/div>\n<div class='cta-block'><div class='text'>Simulez votre retraite en 2 min.<\/div><a href='https:\/\/www.mes-allocs.fr\/formulaire\/retraite?utm_source=seo&origin=guides\/wp-json\/wp\/v2\/posts\/54316' class='app-button fit'>Simulation gratuite<\/a><\/div>\n","protected":false},"excerpt":{"rendered":"<p>[Mis \u00e0 jour : 25\/03\/2026] Vous anticipez la fin de votre carri\u00e8re et souhaitez partir \u00e0 la retraite \u00e0 63 ans ? Est-ce possible en 2026 ? Quelles conditions respecter et quel est l\u2019\u00e2ge pour un d\u00e9part \u00e0 la retraite ? Mes Allocs vous explique tout ce qu\u2019il faut conna\u00eetre sur la retraite \u00e0 63 [&hellip;]<\/p>\n","protected":false},"author":13,"featured_media":54350,"comment_status":"closed","ping_status":"open","sticky":false,"template":"","format":"standard","meta":{"amp_status":"","footnotes":""},"categories":[21784,19177],"tags":[],"class_list":["post-54316","post","type-post","status-publish","format-standard","has-post-thumbnail","hentry","category-age-retraite","category-retraite"],"yoast_head":"<!-- This site is optimized with the Yoast SEO plugin v14.9 - https:\/\/yoast.com\/wordpress\/plugins\/seo\/ -->\n<title>Retraite \u00e0 63 ans : conditions, montants, d\u00e9marches | Mes-Allocs.fr<\/title>\n<meta name=\"description\" content=\"Vous souhaitez partir \u00e0 la retraite \u00e0 63 ans ? Mes Allocs vous explique toutes les conditions et d\u00e9marches \u00e0 conna\u00eetre en 2026.\" \/>\n<meta name=\"robots\" content=\"index, follow, max-snippet:-1, max-image-preview:large, max-video-preview:-1\" \/>\n<link rel=\"canonical\" href=\"https:\/\/www.mes-allocs.fr\/guides\/retraite\/age-retraite\/retraite-63-ans\/\" \/>\n<meta property=\"og:locale\" content=\"fr_FR\" \/>\n<meta property=\"og:type\" content=\"article\" \/>\n<meta property=\"og:title\" content=\"Retraite \u00e0 63 ans : conditions, montants, d\u00e9marches | Mes-Allocs.fr\" \/>\n<meta property=\"og:description\" content=\"Vous souhaitez partir \u00e0 la retraite \u00e0 63 ans ? Mes Allocs vous explique toutes les conditions et d\u00e9marches \u00e0 conna\u00eetre en 2026.\" \/>\n<meta property=\"og:url\" content=\"https:\/\/www.mes-allocs.fr\/guides\/retraite\/age-retraite\/retraite-63-ans\/\" \/>\n<meta property=\"og:site_name\" content=\"Mes-Allocs.fr\" \/>\n<meta property=\"article:published_time\" content=\"2022-08-11T10:04:53+00:00\" \/>\n<meta property=\"article:modified_time\" content=\"2026-03-25T11:31:19+00:00\" \/>\n<meta property=\"og:image\" content=\"https:\/\/www.mes-allocs.fr\/guides\/wp-content\/uploads\/2022\/07\/lucian-alexe-f2xfTOv0p9Y-unsplash.jpg?wsr\" \/>\n\t<meta property=\"og:image:width\" content=\"1920\" \/>\n\t<meta property=\"og:image:height\" content=\"1328\" \/>\n<meta name=\"twitter:card\" content=\"summary_large_image\" \/>\n<script type=\"application\/ld+json\" class=\"yoast-schema-graph\">{\"@context\":\"https:\/\/schema.org\",\"@graph\":[{\"@type\":\"WebSite\",\"@id\":\"https:\/\/www.mes-allocs.fr\/guides\/#website\",\"url\":\"https:\/\/www.mes-allocs.fr\/guides\/\",\"name\":\"Mes-Allocs.fr\",\"description\":\"\",\"potentialAction\":[{\"@type\":\"SearchAction\",\"target\":\"https:\/\/www.mes-allocs.fr\/guides\/?s={search_term_string}\",\"query-input\":\"required name=search_term_string\"}],\"inLanguage\":\"fr-FR\"},{\"@type\":\"ImageObject\",\"@id\":\"https:\/\/www.mes-allocs.fr\/guides\/retraite\/age-retraite\/retraite-63-ans\/#primaryimage\",\"inLanguage\":\"fr-FR\",\"url\":\"https:\/\/www.mes-allocs.fr\/guides\/wp-content\/uploads\/2022\/07\/lucian-alexe-f2xfTOv0p9Y-unsplash.jpg?wsr\",\"width\":1920,\"height\":1328,\"caption\":\"retraite 63 ans\"},{\"@type\":\"WebPage\",\"@id\":\"https:\/\/www.mes-allocs.fr\/guides\/retraite\/age-retraite\/retraite-63-ans\/#webpage\",\"url\":\"https:\/\/www.mes-allocs.fr\/guides\/retraite\/age-retraite\/retraite-63-ans\/\",\"name\":\"Retraite \\u00e0 63 ans : conditions, montants, d\\u00e9marches | Mes-Allocs.fr\",\"isPartOf\":{\"@id\":\"https:\/\/www.mes-allocs.fr\/guides\/#website\"},\"primaryImageOfPage\":{\"@id\":\"https:\/\/www.mes-allocs.fr\/guides\/retraite\/age-retraite\/retraite-63-ans\/#primaryimage\"},\"datePublished\":\"2022-08-11T10:04:53+00:00\",\"dateModified\":\"2026-03-25T11:31:19+00:00\",\"author\":{\"@id\":\"https:\/\/www.mes-allocs.fr\/guides\/#\/schema\/person\/c22c1269332026958a3b5505f80b5404\"},\"description\":\"Vous souhaitez partir \\u00e0 la retraite \\u00e0 63 ans ? Mes Allocs vous explique toutes les conditions et d\\u00e9marches \\u00e0 conna\\u00eetre en 2026.\",\"inLanguage\":\"fr-FR\"},{\"@type\":\"Person\",\"@id\":\"https:\/\/www.mes-allocs.fr\/guides\/#\/schema\/person\/c22c1269332026958a3b5505f80b5404\",\"name\":\"Flavien Fritz\",\"image\":{\"@type\":\"ImageObject\",\"@id\":\"https:\/\/www.mes-allocs.fr\/guides\/#personlogo\",\"inLanguage\":\"fr-FR\",\"url\":\"https:\/\/www.mes-allocs.fr\/guides\/wp-content\/uploads\/2021\/11\/Flavien-1-150x150.png\",\"caption\":\"Flavien Fritz\"},\"description\":\"Flavien est r\\u00e9dacteur au sein de l'\\u00e9quipe Mes Allocs, sp\\u00e9cialis\\u00e9 en droit priv\\u00e9. Dipl\\u00f4m\\u00e9 de l'Institut Catholique de Vend\\u00e9e, il rejoint Mes Allocs apr\\u00e8s une premi\\u00e8re exp\\u00e9rience entrepreneuriale.\",\"sameAs\":[\"https:\/\/fr.linkedin.com\/in\/flavienfritz\"]}]}<\/script>\n<!-- \/ Yoast SEO plugin. -->","amp_validity":null,"acf":{"faq":{"1":{"question":"Comment obtenir la retraite \u00e0 taux plein \u00e0 63 ans ?","answer":"Dans le cas o\u00f9 vous avez valid\u00e9 tous vos trimestres de retraite requis \u00e0 l'\u00e2ge de 63 ans, il vous sera possible de percevoir la pension de retraite de base \u00e0 taux plein.\r\n"},"2":{"question":"Que sera la retraite \u00e0 63 ans quand tous les trimestres ne sont pas valid\u00e9s ?","answer":"Dans le cas o\u00f9 tous vos trimestres ne sont pas valid\u00e9s \u00e0 l'\u00e2ge de 63 ans, votre pension sera doublement r\u00e9duite.\r\n"},"3":{"question":"Comment obtenir la retraite \u00e0 63 ans lorsque l'on est au ch\u00f4mage ?","answer":"Dans le cas o\u00f9 vous \u00eates au ch\u00f4mage, vous aller continuer de percevoir vos indemnit\u00e9s jusqu'\u00e0 ce que les conditions du taux plein soient remplies.\r\n"},"4":{"question":"Qu'est-ce que la retraite progressive ?","answer":"Gr\u00e2ce \u00e0 la retraite progressive, vous allez continuer de cotiser pour votre retraite pendant que vous exercez une activit\u00e9 \u00e0 temps partiel. Lorsque vous demanderez votre retraite d\u00e9finitive, le montant sera recalcul\u00e9 tout en tenant compte de ces cotisations.\r\n"},"5":{"question":"","answer":""},"6":{"question":"","answer":""},"7":{"question":"","answer":""},"8":{"question":"","answer":""},"9":{"question":"","answer":""},"10":{"question":"","answer":""},"11":{"question":"","answer":""},"12":{"question":"","answer":""},"13":{"question":"","answer":""},"14":{"question":"","answer":""},"15":{"question":"","answer":""},"16":{"question":"","answer":""}}},"_links":{"self":[{"href":"https:\/\/www.mes-allocs.fr\/guides\/wp-json\/wp\/v2\/posts\/54316","targetHints":{"allow":["GET"]}}],"collection":[{"href":"https:\/\/www.mes-allocs.fr\/guides\/wp-json\/wp\/v2\/posts"}],"about":[{"href":"https:\/\/www.mes-allocs.fr\/guides\/wp-json\/wp\/v2\/types\/post"}],"author":[{"embeddable":true,"href":"https:\/\/www.mes-allocs.fr\/guides\/wp-json\/wp\/v2\/users\/13"}],"replies":[{"embeddable":true,"href":"https:\/\/www.mes-allocs.fr\/guides\/wp-json\/wp\/v2\/comments?post=54316"}],"version-history":[{"count":23,"href":"https:\/\/www.mes-allocs.fr\/guides\/wp-json\/wp\/v2\/posts\/54316\/revisions"}],"predecessor-version":[{"id":110985,"href":"https:\/\/www.mes-allocs.fr\/guides\/wp-json\/wp\/v2\/posts\/54316\/revisions\/110985"}],"wp:featuredmedia":[{"embeddable":true,"href":"https:\/\/www.mes-allocs.fr\/guides\/wp-json\/wp\/v2\/media\/54350"}],"wp:attachment":[{"href":"https:\/\/www.mes-allocs.fr\/guides\/wp-json\/wp\/v2\/media?parent=54316"}],"wp:term":[{"taxonomy":"category","embeddable":true,"href":"https:\/\/www.mes-allocs.fr\/guides\/wp-json\/wp\/v2\/categories?post=54316"},{"taxonomy":"post_tag","embeddable":true,"href":"https:\/\/www.mes-allocs.fr\/guides\/wp-json\/wp\/v2\/tags?post=54316"}],"curies":[{"name":"wp","href":"https:\/\/api.w.org\/{rel}","templated":true}]}}