{"id":54240,"date":"2022-10-31T18:11:28","date_gmt":"2022-10-31T16:11:28","guid":{"rendered":"https:\/\/www.mes-allocs.fr\/guides\/?p=54240"},"modified":"2026-03-04T18:24:23","modified_gmt":"2026-03-04T17:24:23","slug":"calcul-retraite-fonctionnaire","status":"publish","type":"post","link":"https:\/\/www.mes-allocs.fr\/guides\/retraite\/calcul-retraite\/calcul-retraite-fonctionnaire\/","title":{"rendered":"Calcul retraite fonctionnaire : combien allez-vous toucher ?"},"content":{"rendered":"<p><img loading=\"lazy\" decoding=\"async\" class=\"alignnone wp-image-54286\" title=\"calcul retraite fonctionnaire\" src=\"https:\/\/www.mes-allocs.fr\/guides\/wp-content\/uploads\/2022\/07\/jeff-sheldon-9dI3g8owHiI-unsplash-e1658333913875-300x91.jpg\" alt=\"calcul retraite fonctionnaire\" width=\"818\" height=\"248\" srcset=\"https:\/\/www.mes-allocs.fr\/guides\/wp-content\/uploads\/2022\/07\/jeff-sheldon-9dI3g8owHiI-unsplash-e1658333913875-300x91.jpg 300w, https:\/\/www.mes-allocs.fr\/guides\/wp-content\/uploads\/2022\/07\/jeff-sheldon-9dI3g8owHiI-unsplash-e1658333913875-1024x309.jpg 1024w, https:\/\/www.mes-allocs.fr\/guides\/wp-content\/uploads\/2022\/07\/jeff-sheldon-9dI3g8owHiI-unsplash-e1658333913875-768x232.jpg 768w, https:\/\/www.mes-allocs.fr\/guides\/wp-content\/uploads\/2022\/07\/jeff-sheldon-9dI3g8owHiI-unsplash-e1658333913875-1536x464.jpg 1536w, https:\/\/www.mes-allocs.fr\/guides\/wp-content\/uploads\/2022\/07\/jeff-sheldon-9dI3g8owHiI-unsplash-e1658333913875-600x181.jpg 600w, https:\/\/www.mes-allocs.fr\/guides\/wp-content\/uploads\/2022\/07\/jeff-sheldon-9dI3g8owHiI-unsplash-e1658333913875.jpg 1920w\" sizes=\"auto, (max-width: 818px) 100vw, 818px\" \/><\/p>\n<p>[Mis \u00e0 jour le 04\/03\/2026] Le <a href=\"https:\/\/www.mes-allocs.fr\/guides\/retraite\/calcul-retraite\/\">calcul de la pension de retraite<\/a> dans la fonction publique repose sur plusieurs crit\u00e8res sp\u00e9cifiques. En fonction de votre statut, la retraite de base est vers\u00e9e soit par le Service des Retraites de l&rsquo;\u00c9tat (SRE), si vous \u00eates fonctionnaire d&rsquo;\u00c9tat, soit par la Caisse Nationale de Retraites des Agents des Collectivit\u00e9s Locales (CNRACL), si vous \u00eates fonctionnaire territorial ou hospitalier. Chaque r\u00e9gime poss\u00e8de ses propres r\u00e8gles de calcul et de validation des droits. Mes Allocs vous explique en d\u00e9tail comment est calcul\u00e9 votre <strong>retraite en tant que fonctionnaire<\/strong>, et quels sont les \u00e9l\u00e9ments essentiels \u00e0 conna\u00eetre.<\/p>\n<div class='cta-block'><div class='text'>Simulez votre retraite en 2 min.<\/div><a href='https:\/\/www.mes-allocs.fr\/formulaire\/retraite?utm_source=seo&origin=guides\/wp-json\/wp\/v2\/posts\/54240' class='app-button fit'>Simulation gratuite<\/a><\/div>\n<h1>Calcul retraite fonctionnaire : conditions pour une retraite \u00e0 taux plein<\/h1>\n<p><span style=\"font-weight: 400;\">Une retraite \u00e0 taux plein signifie que la pension est calcul\u00e9e sans d\u00e9cote. Pour y pr\u00e9tendre, il faut :<\/span><\/p>\n<ul>\n<li style=\"font-weight: 400;\" aria-level=\"1\"><span style=\"font-weight: 400;\">Justifier d\u2019un certain <a href=\"https:\/\/www.mes-allocs.fr\/guides\/retraite\/retraite-calcul\/retraite-nombre-de-trimestre\/\">nombre de trimestres d\u2019assurance retraite<\/a>.<\/span><\/li>\n<li style=\"font-weight: 400;\" aria-level=\"1\"><span style=\"font-weight: 400;\">Atteindre un \u00e2ge fix\u00e9 pour b\u00e9n\u00e9ficier automatiquement du taux plein.<\/span><\/li>\n<li style=\"font-weight: 400;\" aria-level=\"1\"><span style=\"font-weight: 400;\">S\u2019assurer que l\u2019ensemble des crit\u00e8res sont bien remplis pour \u00e9viter des r\u00e9ductions sur le montant final.<\/span><\/li>\n<\/ul>\n<h2>Fonctionnaires s\u00e9dentaires<\/h2>\n<p><span style=\"font-weight: 400;\">Les fonctionnaires s\u00e9dentaires doivent :<\/span><\/p>\n<ul>\n<li style=\"font-weight: 400;\" aria-level=\"1\"><span style=\"font-weight: 400;\">Cumuler le nombre de trimestres d\u2019assurance retraite requis.<\/span><\/li>\n<li style=\"font-weight: 400;\" aria-level=\"1\"><span style=\"font-weight: 400;\">Atteindre l\u2019\u00e2ge du taux plein automatique, m\u00eame sans le nombre de trimestres n\u00e9cessaires.<\/span><\/li>\n<li style=\"font-weight: 400;\" aria-level=\"1\"><span style=\"font-weight: 400;\">V\u00e9rifier les p\u00e9riodes de travail effectif et les cotisations vers\u00e9es pour \u00e9viter toute mauvaise surprise.<\/span><\/li>\n<\/ul>\n<h2>Fonctionnaires actifs<\/h2>\n<p><span style=\"font-weight: 400;\">Les fonctionnaires class\u00e9s en cat\u00e9gorie active (policiers, pompiers, soignants&#8230;) b\u00e9n\u00e9ficient de conditions sp\u00e9cifiques avec un d\u00e9part anticip\u00e9.<\/span><\/p>\n<ul>\n<li style=\"font-weight: 400;\" aria-level=\"1\"><span style=\"font-weight: 400;\">Leur \u00e2ge l\u00e9gal de d\u00e9part est inf\u00e9rieur \u00e0 celui des fonctionnaires s\u00e9dentaires.<\/span><\/li>\n<li style=\"font-weight: 400;\" aria-level=\"1\"><span style=\"font-weight: 400;\">Ils peuvent b\u00e9n\u00e9ficier de bonifications suppl\u00e9mentaires en fonction de la p\u00e9nibilit\u00e9 de leur travail.<\/span><\/li>\n<\/ul>\n<h1>Calcul retraite fonctionnaire : dur\u00e9e d\u2019assurance et nombre de trimestres requis<\/h1>\n<h2>Comment conna\u00eetre sa dur\u00e9e d\u2019assurance ?<\/h2>\n<p><span style=\"font-weight: 400;\">La dur\u00e9e d\u2019assurance retraite inclut toutes les p\u00e9riodes cotis\u00e9es.<\/span><\/p>\n<ul>\n<li style=\"font-weight: 400;\" aria-level=\"1\"><span style=\"font-weight: 400;\">Consultez votre relev\u00e9 de carri\u00e8re pour conna\u00eetre vos trimestres valid\u00e9s et anticiper les \u00e9ventuelles d\u00e9cotes.<\/span><\/li>\n<li style=\"font-weight: 400;\" aria-level=\"1\"><span style=\"font-weight: 400;\">V\u00e9rifiez si certaines p\u00e9riodes non travaill\u00e9es, comme les cong\u00e9s parentaux ou les p\u00e9riodes de ch\u00f4mage, peuvent \u00eatre prises en compte.<\/span><\/li>\n<li style=\"font-weight: 400;\" aria-level=\"1\"><span style=\"font-weight: 400;\">Un audit r\u00e9gulier de votre situation vous permettra d&rsquo;ajuster votre planification en cons\u00e9quence.<\/span><\/li>\n<\/ul>\n<h2>Nombre de trimestres pour une retraite \u00e0 taux plein<\/h2>\n<p><span style=\"font-weight: 400;\">Le nombre de trimestres requis varie selon l\u2019ann\u00e9e de naissance et les r\u00e9formes en vigueur.<\/span><\/p>\n<ul>\n<li style=\"font-weight: 400;\" aria-level=\"1\"><span style=\"font-weight: 400;\">Plus vous \u00eates jeune, plus le nombre de trimestres requis sera \u00e9lev\u00e9 en raison de l\u2019allongement de la dur\u00e9e de cotisation.<\/span><\/li>\n<li style=\"font-weight: 400;\" aria-level=\"1\"><span style=\"font-weight: 400;\">Il est crucial de se tenir inform\u00e9 des changements l\u00e9gislatifs qui pourraient impacter votre situation.<\/span><\/li>\n<\/ul>\n<h2>\u00c2ge d\u2019annulation de la d\u00e9cote<\/h2>\n<p><span style=\"font-weight: 400;\">Sans le nombre de trimestres requis, un fonctionnaire peut tout de m\u00eame obtenir une retraite \u00e0 taux plein en atteignant l\u2019\u00e2ge d\u2019annulation de la d\u00e9cote.<\/span><\/p>\n<ul>\n<li style=\"font-weight: 400;\" aria-level=\"1\"><span style=\"font-weight: 400;\">Cet \u00e2ge varie selon la g\u00e9n\u00e9ration et la cat\u00e9gorie statutaire du fonctionnaire.<\/span><\/li>\n<li style=\"font-weight: 400;\" aria-level=\"1\"><span style=\"font-weight: 400;\">Il est essentiel de bien anticiper cette \u00e9ch\u00e9ance pour \u00e9viter une perte financi\u00e8re importante.<\/span><\/li>\n<\/ul>\n<h1>Le traitement indiciaire brut et son impact<\/h1>\n<p><span style=\"font-weight: 400;\">Le traitement indiciaire brut (TIB) sert de base au calcul de la pension.<\/span><\/p>\n<ul>\n<li style=\"font-weight: 400;\" aria-level=\"1\"><span style=\"font-weight: 400;\">Il correspond au dernier traitement indiciaire brut per\u00e7u pendant au moins 6 mois avant le d\u00e9part en retraite.<\/span><\/li>\n<li style=\"font-weight: 400;\" aria-level=\"1\"><span style=\"font-weight: 400;\">En cas de temps partiel, la pension est calcul\u00e9e sur la base d\u2019un traitement \u00e0 temps plein.<\/span><\/li>\n<li style=\"font-weight: 400;\" aria-level=\"1\"><span style=\"font-weight: 400;\">L&rsquo;impact du temps partiel ou des primes peut varier, il est donc conseill\u00e9 de faire une estimation avec un expert pour \u00e9viter de mauvaises surprises.<\/span><\/li>\n<\/ul>\n<p><iframe loading=\"lazy\" src=\"\/\/www.youtube.com\/embed\/nZ79Bmawt_M\" width=\"560\" height=\"314\" allowfullscreen=\"allowfullscreen\"><\/iframe><\/p>\n<div class=\"fr-highlight fr-my-4w fr-ml-0\" style=\"text-align: justify;\"><\/div>\n<h1>Calcul retraite fonctionnaire : trimestres liquidables<\/h1>\n<p><span style=\"font-weight: 400;\">Le montant de la pension d\u00e9pend des trimestres liquidables, qui incluent :<\/span><\/p>\n<ul>\n<li style=\"font-weight: 400;\" aria-level=\"1\"><span style=\"font-weight: 400;\">Trimestres d\u2019assurance retraite.<\/span><\/li>\n<li style=\"font-weight: 400;\" aria-level=\"1\"><span style=\"font-weight: 400;\">Bonifications octroy\u00e9es dans certaines situations.<\/span><\/li>\n<\/ul>\n<p><span style=\"font-weight: 400;\">Certaines situations permettent d\u2019ajouter des trimestres suppl\u00e9mentaires :<\/span><\/p>\n<ul>\n<li style=\"font-weight: 400;\" aria-level=\"1\"><span style=\"font-weight: 400;\">Temps partiel pour \u00e9lever un enfant.<\/span><\/li>\n<li style=\"font-weight: 400;\" aria-level=\"1\"><span style=\"font-weight: 400;\">Travail \u00e0 l\u2019\u00e9tranger.<\/span><\/li>\n<li style=\"font-weight: 400;\" aria-level=\"1\"><span style=\"font-weight: 400;\">Missions dangereuses ou p\u00e9nibles.<\/span><\/li>\n<li style=\"font-weight: 400;\" aria-level=\"1\"><span style=\"font-weight: 400;\">Services militaires ou engagement humanitaire sous certaines conditions.<\/span><\/li>\n<\/ul>\n<p><span style=\"font-weight: 400;\">Travailler apr\u00e8s avoir valid\u00e9 le nombre de trimestres requis permet d\u2019augmenter la pension gr\u00e2ce \u00e0 une surcote.<\/span><\/p>\n<ul>\n<li style=\"font-weight: 400;\" aria-level=\"1\"><span style=\"font-weight: 400;\">Chaque trimestre suppl\u00e9mentaire au-del\u00e0 du seuil requis majore la pension.<\/span><\/li>\n<li style=\"font-weight: 400;\" aria-level=\"1\"><span style=\"font-weight: 400;\">La pension ne peut exc\u00e9der 80 % du dernier traitement indiciaire brut.<\/span><\/li>\n<\/ul>\n<h1>Calcul retraite fonctionnaire : minimum garanti<\/h1>\n<p><span style=\"font-weight: 400;\">Le minimum garanti assure une pension minimale selon la dur\u00e9e de service.<\/span><\/p>\n<h2>Moins de 15 ans de service<\/h2>\n<p><span style=\"font-weight: 400;\">Si un fonctionnaire a moins de 15 ans de service, sa pension se calcule ainsi :<\/span><\/p>\n<p><span style=\"font-weight: 400;\">Traitement indiciaire brut \u00d7 nombre d\u2019ann\u00e9es de service \/ nombre de trimestres requis<\/span><\/p>\n<h2>Entre 15 et 40 ans de service<\/h2>\n<ul>\n<li style=\"font-weight: 400;\" aria-level=\"1\"><span style=\"font-weight: 400;\">Les 15 premi\u00e8res ann\u00e9es donnent droit \u00e0 57,5 % du traitement indiciaire brut.<\/span><\/li>\n<li style=\"font-weight: 400;\" aria-level=\"1\"><span style=\"font-weight: 400;\">Entre 15 et 30 ans, la pension augmente de 2,5 points par ann\u00e9e.<\/span><\/li>\n<li style=\"font-weight: 400;\" aria-level=\"1\"><span style=\"font-weight: 400;\">Entre 30 et 40 ans, elle augmente de 0,5 point par ann\u00e9e.<\/span><\/li>\n<\/ul>\n<h2>Plus de 40 ans de service<\/h2>\n<p><span style=\"font-weight: 400;\">Le minimum garanti ne peut \u00eatre inf\u00e9rieur \u00e0 1 366,34 \u20ac en 2026.<\/span><\/p>\n<h1>Pr\u00e9paration et\u00a0 conseils pour optimiser sa retraite<\/h1>\n<p><span style=\"font-weight: 400;\">La pr\u00e9paration \u00e0 la retraite ne se limite pas au calcul des droits. Il est essentiel d\u2019anticiper son mode de vie apr\u00e8s l\u2019arr\u00eat de l\u2019activit\u00e9 professionnelle :<\/span><\/p>\n<ul>\n<li style=\"font-weight: 400;\" aria-level=\"1\"><span style=\"font-weight: 400;\">Quels sont vos projets personnels et professionnels ?<\/span><\/li>\n<li style=\"font-weight: 400;\" aria-level=\"1\"><span style=\"font-weight: 400;\">Avez-vous envisag\u00e9 des compl\u00e9ments de revenus ou des investissements ?<\/span><\/li>\n<li style=\"font-weight: 400;\" aria-level=\"1\"><span style=\"font-weight: 400;\">Une r\u00e9flexion approfondie vous permettra d\u2019aborder cette transition avec s\u00e9r\u00e9nit\u00e9.<\/span><\/li>\n<\/ul>\n<div class='cta-block'><div class='text'>Simulez votre retraite en 2 min.<\/div><a href='https:\/\/www.mes-allocs.fr\/formulaire\/retraite?utm_source=seo&origin=guides\/wp-json\/wp\/v2\/posts\/54240' class='app-button fit'>Simulation gratuite<\/a><\/div>\n","protected":false},"excerpt":{"rendered":"<p>[Mis \u00e0 jour le 04\/03\/2026] Le calcul de la pension de retraite dans la fonction publique repose sur plusieurs crit\u00e8res sp\u00e9cifiques. En fonction de votre statut, la retraite de base est vers\u00e9e soit par le Service des Retraites de l&rsquo;\u00c9tat (SRE), si vous \u00eates fonctionnaire d&rsquo;\u00c9tat, soit par la Caisse Nationale de Retraites des Agents [&hellip;]<\/p>\n","protected":false},"author":13,"featured_media":54290,"comment_status":"closed","ping_status":"open","sticky":false,"template":"","format":"standard","meta":{"amp_status":"","footnotes":""},"categories":[21738,19177],"tags":[],"class_list":["post-54240","post","type-post","status-publish","format-standard","has-post-thumbnail","hentry","category-calcul-retraite","category-retraite"],"yoast_head":"<!-- This site is optimized with the Yoast SEO plugin v14.9 - https:\/\/yoast.com\/wordpress\/plugins\/seo\/ -->\n<title>Calcul retraite fonctionnaire : combien allez-vous toucher ? | Mes-Allocs.fr<\/title>\n<meta name=\"description\" content=\"Plusieurs \u00e9l\u00e9ments vont \u00eatre pris en compte dans le calcul de votre pension de retraite en tant que fonctionnaire.\" \/>\n<meta name=\"robots\" content=\"index, follow, max-snippet:-1, max-image-preview:large, max-video-preview:-1\" \/>\n<link rel=\"canonical\" href=\"https:\/\/www.mes-allocs.fr\/guides\/retraite\/calcul-retraite\/calcul-retraite-fonctionnaire\/\" \/>\n<meta property=\"og:locale\" content=\"fr_FR\" \/>\n<meta property=\"og:type\" content=\"article\" \/>\n<meta property=\"og:title\" content=\"Calcul retraite fonctionnaire : combien allez-vous toucher ? | Mes-Allocs.fr\" \/>\n<meta property=\"og:description\" content=\"Plusieurs \u00e9l\u00e9ments vont \u00eatre pris en compte dans le calcul de votre pension de retraite en tant que fonctionnaire.\" \/>\n<meta property=\"og:url\" content=\"https:\/\/www.mes-allocs.fr\/guides\/retraite\/calcul-retraite\/calcul-retraite-fonctionnaire\/\" \/>\n<meta property=\"og:site_name\" content=\"Mes-Allocs.fr\" \/>\n<meta property=\"article:published_time\" content=\"2022-10-31T16:11:28+00:00\" \/>\n<meta property=\"article:modified_time\" content=\"2026-03-04T17:24:23+00:00\" \/>\n<meta property=\"og:image\" content=\"https:\/\/www.mes-allocs.fr\/guides\/wp-content\/uploads\/2022\/07\/nick-hillier-yD5rv8_WzxA-unsplash.jpg?wsr\" \/>\n\t<meta property=\"og:image:width\" content=\"1920\" \/>\n\t<meta property=\"og:image:height\" content=\"1280\" \/>\n<meta name=\"twitter:card\" content=\"summary_large_image\" \/>\n<script type=\"application\/ld+json\" class=\"yoast-schema-graph\">{\"@context\":\"https:\/\/schema.org\",\"@graph\":[{\"@type\":\"WebSite\",\"@id\":\"https:\/\/www.mes-allocs.fr\/guides\/#website\",\"url\":\"https:\/\/www.mes-allocs.fr\/guides\/\",\"name\":\"Mes-Allocs.fr\",\"description\":\"\",\"potentialAction\":[{\"@type\":\"SearchAction\",\"target\":\"https:\/\/www.mes-allocs.fr\/guides\/?s={search_term_string}\",\"query-input\":\"required name=search_term_string\"}],\"inLanguage\":\"fr-FR\"},{\"@type\":\"ImageObject\",\"@id\":\"https:\/\/www.mes-allocs.fr\/guides\/retraite\/calcul-retraite\/calcul-retraite-fonctionnaire\/#primaryimage\",\"inLanguage\":\"fr-FR\",\"url\":\"https:\/\/www.mes-allocs.fr\/guides\/wp-content\/uploads\/2022\/07\/nick-hillier-yD5rv8_WzxA-unsplash.jpg?wsr\",\"width\":1920,\"height\":1280,\"caption\":\"calcul retraite fonctionnaire\"},{\"@type\":\"WebPage\",\"@id\":\"https:\/\/www.mes-allocs.fr\/guides\/retraite\/calcul-retraite\/calcul-retraite-fonctionnaire\/#webpage\",\"url\":\"https:\/\/www.mes-allocs.fr\/guides\/retraite\/calcul-retraite\/calcul-retraite-fonctionnaire\/\",\"name\":\"Calcul retraite fonctionnaire : combien allez-vous toucher ? | Mes-Allocs.fr\",\"isPartOf\":{\"@id\":\"https:\/\/www.mes-allocs.fr\/guides\/#website\"},\"primaryImageOfPage\":{\"@id\":\"https:\/\/www.mes-allocs.fr\/guides\/retraite\/calcul-retraite\/calcul-retraite-fonctionnaire\/#primaryimage\"},\"datePublished\":\"2022-10-31T16:11:28+00:00\",\"dateModified\":\"2026-03-04T17:24:23+00:00\",\"author\":{\"@id\":\"https:\/\/www.mes-allocs.fr\/guides\/#\/schema\/person\/c22c1269332026958a3b5505f80b5404\"},\"description\":\"Plusieurs \\u00e9l\\u00e9ments vont \\u00eatre pris en compte dans le calcul de votre pension de retraite en tant que fonctionnaire.\",\"inLanguage\":\"fr-FR\"},{\"@type\":\"Person\",\"@id\":\"https:\/\/www.mes-allocs.fr\/guides\/#\/schema\/person\/c22c1269332026958a3b5505f80b5404\",\"name\":\"Flavien Fritz\",\"image\":{\"@type\":\"ImageObject\",\"@id\":\"https:\/\/www.mes-allocs.fr\/guides\/#personlogo\",\"inLanguage\":\"fr-FR\",\"url\":\"https:\/\/www.mes-allocs.fr\/guides\/wp-content\/uploads\/2021\/11\/Flavien-1-150x150.png\",\"caption\":\"Flavien Fritz\"},\"description\":\"Flavien est r\\u00e9dacteur au sein de l'\\u00e9quipe Mes Allocs, sp\\u00e9cialis\\u00e9 en droit priv\\u00e9. Dipl\\u00f4m\\u00e9 de l'Institut Catholique de Vend\\u00e9e, il rejoint Mes Allocs apr\\u00e8s une premi\\u00e8re exp\\u00e9rience entrepreneuriale.\",\"sameAs\":[\"https:\/\/fr.linkedin.com\/in\/flavienfritz\"]}]}<\/script>\n<!-- \/ Yoast SEO plugin. -->","amp_validity":null,"acf":{"faq":{"1":{"question":"Comment obtenir le taux plein ?","answer":"Selon votre ann\u00e9e de naissance, il faut avoir un nombre pr\u00e9cis de trimestres d'assurance afin d'obtenir une retraite \u00e0 taux plein.\r\n"},"2":{"question":"Qu'est-ce que la retraite \u00e0 taux plein ?","answer":"Une retraite \u00e0 taux plein signifie que c'est une retraite accord\u00e9e sans d\u00e9cote.\r\n"},"3":{"question":"Qu'est-ce que la surcote ?","answer":"Si gr\u00e2ce \u00e0 vos bonifications, le nombre total de vos trimestres liquidables est sup\u00e9rieur au nombre de trimestres d'assurance exig\u00e9 pour obtenir le droit \u00e0 une retraite \u00e0 taux plein, le pourcentage appliqu\u00e9 \u00e0 votre dernier traitement indiciaire pourra d\u00e9passer 75\u00a0%.\r\n"},"4":{"question":"Qu'est-ce que le minimum garanti ?","answer":"Lorsque vous percevez une pension de retraite de fonctionnaire, alors celle-ci ne peut pas \u00eatre inf\u00e9rieure \u00e0 un certain montant. Ce montant est appel\u00e9 le \"minimum garanti\".\r\n"},"5":{"question":"","answer":""},"6":{"question":"","answer":""},"7":{"question":"","answer":""},"8":{"question":"","answer":""},"9":{"question":"","answer":""},"10":{"question":"","answer":""},"11":{"question":"","answer":""},"12":{"question":"","answer":""},"13":{"question":"","answer":""},"14":{"question":"","answer":""},"15":{"question":"","answer":""},"16":{"question":"","answer":""}}},"_links":{"self":[{"href":"https:\/\/www.mes-allocs.fr\/guides\/wp-json\/wp\/v2\/posts\/54240","targetHints":{"allow":["GET"]}}],"collection":[{"href":"https:\/\/www.mes-allocs.fr\/guides\/wp-json\/wp\/v2\/posts"}],"about":[{"href":"https:\/\/www.mes-allocs.fr\/guides\/wp-json\/wp\/v2\/types\/post"}],"author":[{"embeddable":true,"href":"https:\/\/www.mes-allocs.fr\/guides\/wp-json\/wp\/v2\/users\/13"}],"replies":[{"embeddable":true,"href":"https:\/\/www.mes-allocs.fr\/guides\/wp-json\/wp\/v2\/comments?post=54240"}],"version-history":[{"count":19,"href":"https:\/\/www.mes-allocs.fr\/guides\/wp-json\/wp\/v2\/posts\/54240\/revisions"}],"predecessor-version":[{"id":110165,"href":"https:\/\/www.mes-allocs.fr\/guides\/wp-json\/wp\/v2\/posts\/54240\/revisions\/110165"}],"wp:featuredmedia":[{"embeddable":true,"href":"https:\/\/www.mes-allocs.fr\/guides\/wp-json\/wp\/v2\/media\/54290"}],"wp:attachment":[{"href":"https:\/\/www.mes-allocs.fr\/guides\/wp-json\/wp\/v2\/media?parent=54240"}],"wp:term":[{"taxonomy":"category","embeddable":true,"href":"https:\/\/www.mes-allocs.fr\/guides\/wp-json\/wp\/v2\/categories?post=54240"},{"taxonomy":"post_tag","embeddable":true,"href":"https:\/\/www.mes-allocs.fr\/guides\/wp-json\/wp\/v2\/tags?post=54240"}],"curies":[{"name":"wp","href":"https:\/\/api.w.org\/{rel}","templated":true}]}}