{"id":54218,"date":"2022-10-21T19:17:17","date_gmt":"2022-10-21T17:17:17","guid":{"rendered":"https:\/\/www.mes-allocs.fr\/guides\/?p=54218"},"modified":"2026-03-04T17:25:17","modified_gmt":"2026-03-04T16:25:17","slug":"cotisation-retraite","status":"publish","type":"post","link":"https:\/\/www.mes-allocs.fr\/guides\/retraite\/cotisation-retraite\/","title":{"rendered":"Cotisation retraite : quel fonctionnement selon votre cas ?"},"content":{"rendered":"<p><b><img loading=\"lazy\" decoding=\"async\" title=\"Cotisation retraite\" src=\"https:\/\/www.mes-allocs.fr\/guides\/wp-content\/uploads\/2022\/07\/Cotisation-retraite--e1658414674300.jpeg\" alt=\"Cotisation retraite\" width=\"1560\" height=\"300\" \/><\/b>[Mis \u00e0 jour le 04\/03\/2026] En France, les<b> cotisations retraite <\/b>mensuelles sont pr\u00e9lev\u00e9es obligatoirement sur votre salaire par votre employeur. Elles sont compos\u00e9es d\u2019une part salariale et d\u2019une part patronale. En outre, elles sont calcul\u00e9es proportionnellement \u00e0 votre salaire, lequel constitue l\u2019assiette des cotisations. Vous pr\u00e9parez votre <a href=\"https:\/\/www.mes-allocs.fr\/guides\/retraite\/\">retraite<\/a> ? Mes Allocs vous d\u00e9taille la cotisation retraite en fonction de votre r\u00e9gime.<\/p>\n<div class='cta-block'><div class='text'>Simulez votre retraite en 2 min.<\/div><a href='https:\/\/www.mes-allocs.fr\/formulaire\/retraite?utm_source=seo&origin=guides\/wp-json\/wp\/v2\/posts\/54218' class='app-button fit'>Simulation gratuite<\/a><\/div>\n<h1>Comprendre la cotisation retraite<\/h1>\n<h2>Qu\u2019est-ce qu\u2019une cotisation retraite ?<\/h2>\n<p>Une <b>cotisation retraite<\/b> est un <b>pr\u00e9l\u00e8vement obligatoire<\/b> effectu\u00e9 chaque mois sur le <b>salaire brut<\/b> d\u2019un salari\u00e9. Elle est compos\u00e9e de deux parts : une <b>part salariale<\/b>, d\u00e9duite du salaire, et une <b>part patronale<\/b>, vers\u00e9e par l\u2019employeur.<\/p>\n<p>Ces <b>cotisations sociales<\/b> permettent de financer la <b>retraite de base<\/b>\u00a0ainsi que la <b>retraite compl\u00e9mentaire<\/b> obligatoire. Les cotisations peuvent \u00eatre plafonn\u00e9es (sur le plafond mensuel de la S\u00e9curit\u00e9 sociale) ou d\u00e9plafonn\u00e9es (sur l\u2019ensemble du salaire). Elles figurent sur le bulletin de paie du salari\u00e9.<\/p>\n<h2>A quoi sert la cotisation retraite ?<\/h2>\n<p>La <b>cotisation retraite<\/b> sert \u00e0 financer le <b>syst\u00e8me de retraite<\/b> fran\u00e7ais, fond\u00e9 sur la <b>r\u00e9partition<\/b> et la <b>solidarit\u00e9 interg\u00e9n\u00e9rationnelle<\/b>. Les sommes pr\u00e9lev\u00e9es sur les salaires permettent de verser les pensions aux retrait\u00e9s actuels.<\/p>\n<p>Elle alimente \u00e0 la fois la retraite de base et la retraite compl\u00e9mentaire obligatoire. En cotisant, chaque travailleur acquiert des droits pour sa propre retraite : des <strong>trimestres <\/strong>pour la retraite de base, et des <strong>points <\/strong>pour la compl\u00e9mentaire. La cotisation garantit ainsi un revenu de remplacement une fois la vie active termin\u00e9e.<\/p>\n<div tabindex=\"0\" role=\"button\" aria-controls=\"exacc_iwzYYqCXNbuIur4PstebkAM6\" aria-expanded=\"true\" aria-labelledby=\"exacc_iwzYYqCXNbuIur4PstebkAM5\"><\/div>\n<p><iframe loading=\"lazy\" title=\"Comment bien pr\u00e9parer sa retraite ?\" width=\"500\" height=\"281\" src=\"https:\/\/www.youtube.com\/embed\/nZ79Bmawt_M?feature=oembed\" frameborder=\"0\" allow=\"accelerometer; autoplay; clipboard-write; encrypted-media; gyroscope; picture-in-picture; web-share\" referrerpolicy=\"strict-origin-when-cross-origin\" allowfullscreen><\/iframe><\/p>\n<h1><\/h1>\n<h1>Comment conna\u00eetre le montant de ma cotisation retraite ?<\/h1>\n<p>Le montant de votre cotisation retraite est indiqu\u00e9 sur votre <b>fiche de paie<\/b>, \u00e0 la ligne \u00ab <b>S\u00e9curit\u00e9 sociale plafonn\u00e9e<\/b> \u00bb pour la part de cotisation calcul\u00e9e sous le <b>plafond de la S\u00e9curit\u00e9 sociale<\/b>. Il peut \u00e9galement figurer sous d\u2019autres lignes comme \u00ab S\u00e9curit\u00e9 sociale d\u00e9plafonn\u00e9e \u00bb, \u00ab compl\u00e9mentaire Tranche 1 \u00bb ou \u00ab Tranche 2 \u00bb. Le total d\u00e9pend de votre salaire brut et des taux en vigueur.<\/p>\n<div class='cta-block'><div class='text'>Simulez votre retraite en 2 min.<\/div><a href='https:\/\/www.mes-allocs.fr\/formulaire\/retraite?utm_source=seo&origin=guides\/wp-json\/wp\/v2\/posts\/54218' class='app-button fit'>Simulation gratuite<\/a><\/div>\n<h1>Cotisation retraite des salari\u00e9s du priv\u00e9<\/h1>\n<h2>Le r\u00e9gime g\u00e9n\u00e9ral de la S\u00e9curit\u00e9 sociale (retraite de base)<\/h2>\n<p><b>La cotisation de la S\u00e9curit\u00e9 sociale se divise en deux parties. \u00c0 savoir :<\/b><\/p>\n<ul>\n<li aria-level=\"1\">La S\u00e9curit\u00e9 sociale plafonn\u00e9e : elle s\u2019applique \u00e0 l\u2019ensemble du salaire brut dans la limite d\u2019un plafond mensuel de la S\u00e9curit\u00e9 sociale de 4 005\u20ac en 2026. Soit une hausse de 2% par rapport \u00e0 2025.<\/li>\n<li aria-level=\"1\">La S\u00e9curit\u00e9 sociale d\u00e9plafonn\u00e9e : elle est d\u2019un taux de 2,02 % et s\u2019applique \u00e0 l\u2019ensemble du salaire brut.<\/li>\n<\/ul>\n<h2>Le r\u00e9gime compl\u00e9mentaire Agirc-Arrco<\/h2>\n<p><b>Fusionn\u00e9s au 1er janvier 2019, les deux r\u00e9gimes ne forme qu\u2019un seul organisme dont les cotisations appliqu\u00e9es varient en fonction du statut du salari\u00e9 : cadre ou non-cadre.<\/b><\/p>\n<p><b>La compl\u00e9mentaire (tranche 1 et tranche 2) :<\/b><\/p>\n<ul>\n<li aria-level=\"1\">Une premi\u00e8re cotisation (tranche 1) est appliqu\u00e9e sur la totalit\u00e9 du salaire brut dans la limite de 4 005\u20ac \u20ac par mois en 2026.<\/li>\n<li aria-level=\"1\">Une deuxi\u00e8me cotisation (tranche 2) est appliqu\u00e9e uniquement \u00e0 la part du salaire brut comprise entre 4 005\u20ac et 32 040\u20ac en 2025.<\/li>\n<\/ul>\n<p><b>La Contribution d\u2019\u00e9quilibre g\u00e9n\u00e9ralis\u00e9e (CEG) :<\/b><\/p>\n<ul>\n<li aria-level=\"1\">Une premi\u00e8re contribution (tranche 1) est appliqu\u00e9e \u00e0 tout le salaire brut dans la limite de 3 864 \u20ac par mois en 2026.<\/li>\n<li aria-level=\"1\">Une seconde contribution (tranche 2) est appliqu\u00e9e seulement \u00e0 la part du salaire brut comprise entre 3 864 \u20ac et 30 912 \u20ac en 2025.<\/li>\n<li aria-level=\"1\">La Contribution d\u2019\u00c9quilibre Technique (CET) : d\u2019un taux de 0,35%<\/li>\n<\/ul>\n<h1>Cotisation retraite des fonctionnaires<\/h1>\n<p><b>Concernant les agents du service public, il existe deux r\u00e9gimes diff\u00e9rents pour la retraite de base. \u00c0 savoir :<\/b><\/p>\n<ul>\n<li aria-level=\"1\">Les fonctionnaires d\u2019\u00c9tat d\u00e9pendent du service des retraites de l\u2019\u00c9tat (SRE).<\/li>\n<li aria-level=\"1\">Les fonctionnaires territoriaux et hospitaliers sont rattach\u00e9s \u00e0 la Caisse Nationale de Retraite des Agents des Collectivit\u00e9s Locales (CNRACL).<\/li>\n<\/ul>\n<p><b>Pour la <\/b><a href=\"https:\/\/www.mes-allocs.fr\/guides\/retraite\/retraite-de-base\/\"><b>pension de retraite de base<\/b><\/a><b>, un fonctionnaire cotise \u00e0 hauteur de 9,10 %.<\/b> \u00c0 noter que certains agents ont la possibilit\u00e9 de cotiser davantage selon les avantages sp\u00e9cifiques li\u00e9s \u00e0 leur r\u00e9gime, comme les policiers.<\/p>\n<p><b>Le R\u00e9gime Additionnel de la Fonction Publique (RAFP) permet aux fonctionnaires que leur indemnit\u00e9 de r\u00e9sidence et primes soit prises en compte lors du calcul de la retraite.<\/b> Ainsi, ils versent une cotisation sp\u00e9cifique sur ces montants qui s\u2019\u00e9l\u00e8ve \u00e0 5 %.<\/p>\n<h1>Cotisation retraite des travailleurs ind\u00e9pendants<\/h1>\n<h2>Artisans et commer\u00e7ants<\/h2>\n<p>L&rsquo;assiette des cotisations sera simplifier pour les artisans et commer\u00e7ants en 2026. La part de CSG-CRDS diminue au profit des cotisations sociales. La cotisation retraite augmente, ce qui permet d&rsquo;am\u00e9liorer les droits de chaque travailleur ind\u00e9pendant. Cette r\u00e9forme sera mise en oeuvre en 2026, apr\u00e8s la d\u00e9claration des revenus 2025.<\/p>\n<ul>\n<li>Une seule assiette sera en vigueur pour les cotisations sociales et la CSG-CRDS : le revenu brut abattu de 26%<\/li>\n<li>Les cotisations sociales ne sont plus int\u00e9gr\u00e9e pour le calcul de l&rsquo;assiette de la CSG-CRDS;<\/li>\n<li>L&rsquo;abattement forfaitaire de 26% remplace la d\u00e9duction des cotisations.<\/li>\n<\/ul>\n<p><b>Les ind\u00e9pendants\u00a0 cotisent au r\u00e9gime de retraite de la S\u00e9curit\u00e9 Sociale pour :<\/b><\/p>\n<ul>\n<li aria-level=\"1\">La retraite de base : le montant de la cotisation est \u00e9tabli \u00e0 17,87 % (17,15+0,72) dans la limite de 1 PASS. Les 0,72% sont appliqu\u00e9s sur la part de revenu au-dessus du PASS.<\/li>\n<li aria-level=\"1\">La retraite compl\u00e9mentaire divis\u00e9e en deux parties : concernant les revenus n\u2019exc\u00e9dant pas 1 PASS la cotisation est de 7 %. Pour les revenus compris entre 48 060 euros et 192 240euros (4 fois le PASS en 2026), elle est port\u00e9e \u00e0 8,1 %.<\/li>\n<\/ul>\n<p><b>\u00c0 noter que les taux des cotisations sont modul\u00e9s en d\u00e9but d\u2019activit\u00e9.<\/b><\/p>\n<h2>Les non-salari\u00e9s agricoles<\/h2>\n<p>Le calcule de la retraire de base des exploitants agricoles, conjoints collaborateurs et aides familiaux a \u00e9volu\u00e9 depuis janvier 2026. Le calcul des droits s&rsquo;appuie d\u00e9sormais<strong> sur les 25 meilleures ann\u00e9es de revenus<\/strong>. Cette r\u00e9forme s&rsquo;applique en deux \u00e9tapes courant 2026. Pour les d\u00e9partements et r\u00e9gions d&rsquo;outre-mer, le Gouvernement l\u00e9gif\u00e9rera par ordonnance d&rsquo;ici f\u00e9vrier 2027. Les exploitants agricoles sont soumis \u00e0 trois cotisations diff\u00e9rentes. Cela concerne :<\/p>\n<ul>\n<li aria-level=\"1\">La cotisation de retraite de base plafonn\u00e9e est due par les chefs d&rsquo;exploitation \u00e0 titre principal. L&rsquo;assiette minimum est de 600 SMIC.<\/li>\n<li aria-level=\"1\">La cotisation de retraite de base d\u00e9plafonn\u00e9e est due par les chefs d&rsquo;exploitations \u00e0 titre principal ou exclusif et au chef d&rsquo;exploitation \u00e0 titre secondaire. Son taux s&rsquo;\u00e9l\u00e8ve \u00e0 0,72%. L&rsquo;assiette minimum est de 600 SMIC.<\/li>\n<li aria-level=\"1\">La cotisation Assurance Vieillesse Individuelle (AVI) : elle est due par tout non-salari\u00e9 agricole \u00e2g\u00e9 de 16 ans au minimum et ouvre droit \u00e0 une retraite forfaitaire. Sa base est de 800 SMIC par an avec un maximum \u00e9gal au PASS soit 48 060\u20ac pour l&rsquo;ann\u00e9e 2026.<\/li>\n<li aria-level=\"1\">La cotisation de Retraite Compl\u00e9mentaire Obligatoire (RCO) : elle est calcul\u00e9e sur les revenus professionnels avec une base minimum de 1 820 SMIC par an ou une assiette forfaitaire de 1200 SMIC pour les membres de votre famille concern\u00e9s. Le taux de la cotisation RCO est fix\u00e9 \u00e0 4 %.<\/li>\n<\/ul>\n<h1>Cotisation retraite des stagiaires<\/h1>\n<p>Les p\u00e9riodes de <b>stage<\/b> peuvent \u00eatre prises en compte dans le calcul de la <b>retraite de base<\/b>, sous certaines conditions. Si la <b>gratification mensuelle<\/b> est suffisante, le stagiaire cotise automatiquement et peut ainsi <b>valider des trimestres<\/b>. Si ce n\u2019est pas le cas, il est possible de verser volontairement une <b>cotisation \u00e0 la CNAV<\/b> \u00e0 la fin du stage pour valider ces p\u00e9riodes. En revanche, les stages ne permettent jamais d\u2019obtenir des <b>points de retraite compl\u00e9mentaire<\/b>. Toutefois, ils peuvent contribuer \u00e0 allonger la <b>dur\u00e9e d\u2019assurance<\/b> et am\u00e9liorer le montant de la future pension de retraite de base.<\/p>\n<h1>Cotisation retraite des apprentis<\/h1>\n<p>Les p\u00e9riodes d\u2019apprentissage font l\u2019objet d\u2019un contrat de travail et donnent ainsi droit \u00e0 une r\u00e9mun\u00e9ration<b> soumise \u00e0 des cotisations retraite.<\/b><\/p>\n<p>Depuis le 1er janvier 2014, <b>chaque trimestre d\u2019apprentissage compte comme un trimestre pour la retraite<\/b>. Si la r\u00e9mun\u00e9ration de l\u2019apprenti n\u2019est pas suffisante, l\u2019Etat se charge de payer les cotisations manquantes.<\/p>\n<div class='shortcode summary'><div class='title'>En r\u00e9sum\u00e9 :<\/div><div class='content'><ul><li>Les cotisations retraite sont obligatoires. Pr\u00e9lev\u00e9es chaque mois sur le salaire, elles financent \u00e0 la fois la retraite de base et la retraite compl\u00e9mentaire. <\/li><li>Le montant d\u00e9pend du salaire brut, calcul\u00e9 selon un plafond de la S\u00e9curit\u00e9 sociale, avec une<strong> part salariale<\/strong> <strong>(40\u202f%)<\/strong> et une <strong>part patronale (60\u202f%)<\/strong>.<\/li><li>Les r\u00e9gimes diff\u00e8rent selon le statut : salari\u00e9s, fonctionnaires, ind\u00e9pendants ou stagiaires ne cotisent pas au m\u00eame r\u00e9gime ni aux m\u00eames taux.<\/li><li>Les stages et l\u2019apprentissage peuvent compter : sous conditions, ils permettent de valider des trimestres pour la retraite de base, mais <strong>sans points pour la compl\u00e9mentaire<\/strong>.<\/li><li>La cotisation est visible sur la fiche de paie, souvent sous les lignes \u00ab s\u00e9curit\u00e9 sociale plafonn\u00e9e \u00bb, \u00ab d\u00e9plafonn\u00e9e \u00bb, \u00ab tranche 1 \u00bb ou \u00ab tranche 2 \u00bb.<\/li><\/ul><\/div><\/div>\n<div class='cta-block'><div class='text'>Simulez votre retraite en 2 min.<\/div><a href='https:\/\/www.mes-allocs.fr\/formulaire\/retraite?utm_source=seo&origin=guides\/wp-json\/wp\/v2\/posts\/54218' class='app-button fit'>Simulation gratuite<\/a><\/div>\n","protected":false},"excerpt":{"rendered":"<p>[Mis \u00e0 jour le 04\/03\/2026] En France, les cotisations retraite mensuelles sont pr\u00e9lev\u00e9es obligatoirement sur votre salaire par votre employeur. Elles sont compos\u00e9es d\u2019une part salariale et d\u2019une part patronale. En outre, elles sont calcul\u00e9es proportionnellement \u00e0 votre salaire, lequel constitue l\u2019assiette des cotisations. Vous pr\u00e9parez votre retraite ? Mes Allocs vous d\u00e9taille la cotisation [&hellip;]<\/p>\n","protected":false},"author":14,"featured_media":54364,"comment_status":"closed","ping_status":"open","sticky":false,"template":"","format":"standard","meta":{"amp_status":"","footnotes":""},"categories":[19177],"tags":[],"class_list":["post-54218","post","type-post","status-publish","format-standard","has-post-thumbnail","hentry","category-retraite"],"yoast_head":"<!-- This site is optimized with the Yoast SEO plugin v14.9 - https:\/\/yoast.com\/wordpress\/plugins\/seo\/ -->\n<title>Cotisation retraite : quel fonctionnement selon votre cas ? | Mes-Allocs.fr<\/title>\n<meta name=\"description\" content=\"Les cotisations retraite sont constitu\u00e9es d&#039;une partie\u00a0des retenues sur les revenus bruts (salaire ou b\u00e9n\u00e9fice selon le r\u00e9gime).\" \/>\n<meta name=\"robots\" content=\"index, follow, max-snippet:-1, max-image-preview:large, max-video-preview:-1\" \/>\n<link rel=\"canonical\" href=\"https:\/\/www.mes-allocs.fr\/guides\/retraite\/cotisation-retraite\/\" \/>\n<meta property=\"og:locale\" content=\"fr_FR\" \/>\n<meta property=\"og:type\" content=\"article\" \/>\n<meta property=\"og:title\" content=\"Cotisation retraite : quel fonctionnement selon votre cas ? | Mes-Allocs.fr\" \/>\n<meta property=\"og:description\" content=\"Les cotisations retraite sont constitu\u00e9es d&#039;une partie\u00a0des retenues sur les revenus bruts (salaire ou b\u00e9n\u00e9fice selon le r\u00e9gime).\" \/>\n<meta property=\"og:url\" content=\"https:\/\/www.mes-allocs.fr\/guides\/retraite\/cotisation-retraite\/\" \/>\n<meta property=\"og:site_name\" content=\"Mes-Allocs.fr\" \/>\n<meta property=\"article:published_time\" content=\"2022-10-21T17:17:17+00:00\" \/>\n<meta property=\"article:modified_time\" content=\"2026-03-04T16:25:17+00:00\" \/>\n<meta property=\"og:image\" content=\"https:\/\/www.mes-allocs.fr\/guides\/wp-content\/uploads\/2022\/07\/Cotisation-retraite-2.jpeg?wsr\" \/>\n\t<meta property=\"og:image:width\" content=\"612\" \/>\n\t<meta property=\"og:image:height\" content=\"408\" \/>\n<meta name=\"twitter:card\" content=\"summary_large_image\" \/>\n<script type=\"application\/ld+json\" class=\"yoast-schema-graph\">{\"@context\":\"https:\/\/schema.org\",\"@graph\":[{\"@type\":\"WebSite\",\"@id\":\"https:\/\/www.mes-allocs.fr\/guides\/#website\",\"url\":\"https:\/\/www.mes-allocs.fr\/guides\/\",\"name\":\"Mes-Allocs.fr\",\"description\":\"\",\"potentialAction\":[{\"@type\":\"SearchAction\",\"target\":\"https:\/\/www.mes-allocs.fr\/guides\/?s={search_term_string}\",\"query-input\":\"required name=search_term_string\"}],\"inLanguage\":\"fr-FR\"},{\"@type\":\"ImageObject\",\"@id\":\"https:\/\/www.mes-allocs.fr\/guides\/retraite\/cotisation-retraite\/#primaryimage\",\"inLanguage\":\"fr-FR\",\"url\":\"https:\/\/www.mes-allocs.fr\/guides\/wp-content\/uploads\/2022\/07\/Cotisation-retraite-2.jpeg?wsr\",\"width\":612,\"height\":408,\"caption\":\"Cotisation retraite\"},{\"@type\":\"WebPage\",\"@id\":\"https:\/\/www.mes-allocs.fr\/guides\/retraite\/cotisation-retraite\/#webpage\",\"url\":\"https:\/\/www.mes-allocs.fr\/guides\/retraite\/cotisation-retraite\/\",\"name\":\"Cotisation retraite : quel fonctionnement selon votre cas ? | Mes-Allocs.fr\",\"isPartOf\":{\"@id\":\"https:\/\/www.mes-allocs.fr\/guides\/#website\"},\"primaryImageOfPage\":{\"@id\":\"https:\/\/www.mes-allocs.fr\/guides\/retraite\/cotisation-retraite\/#primaryimage\"},\"datePublished\":\"2022-10-21T17:17:17+00:00\",\"dateModified\":\"2026-03-04T16:25:17+00:00\",\"author\":{\"@id\":\"https:\/\/www.mes-allocs.fr\/guides\/#\/schema\/person\/a3de97298fd0ffc005ebdd5628b03ca8\"},\"description\":\"Les cotisations retraite sont constitu\\u00e9es d'une partie\\u00a0des retenues sur les revenus bruts (salaire ou b\\u00e9n\\u00e9fice selon le r\\u00e9gime).\",\"inLanguage\":\"fr-FR\"},{\"@type\":\"Person\",\"@id\":\"https:\/\/www.mes-allocs.fr\/guides\/#\/schema\/person\/a3de97298fd0ffc005ebdd5628b03ca8\",\"name\":\"Marina Ada Ondo\",\"image\":{\"@type\":\"ImageObject\",\"@id\":\"https:\/\/www.mes-allocs.fr\/guides\/#personlogo\",\"inLanguage\":\"fr-FR\",\"url\":\"https:\/\/www.mes-allocs.fr\/guides\/wp-content\/uploads\/2022\/02\/Photo-de-profil-150x150.png\",\"caption\":\"Marina Ada Ondo\"},\"description\":\"Marina est r\\u00e9dactrice au sein de l'\\u00e9quipe Mes Allocs, sp\\u00e9cialis\\u00e9e sur les aides aux jeunes. Dipl\\u00f4m\\u00e9e de l'ISFJ, elle rejoint Mes Allocs apr\\u00e8s une premi\\u00e8re exp\\u00e9rience en communication chez Little Africa, une agence de communication \\u00e0 Paris. Sur son temps libre, Marina lit beaucoup et passe ses dimanches au mus\\u00e9e.\",\"sameAs\":[\"https:\/\/www.linkedin.com\/in\/marinaadaondo\/\"]}]}<\/script>\n<!-- \/ Yoast SEO plugin. -->","amp_validity":null,"acf":{"faq":{"1":{"question":"Comment fonctionne la cotisation retraite ?","answer":"Chaque mois, des cotisations retraite sont pr\u00e9lev\u00e9es obligatoirement sur votre salaire par votre employeur. Ces cotisations se composent d'une part salariale (40%) et d'une part patronale (60%). Elles sont calcul\u00e9es proportionnellement \u00e0 votre salaire, lequel constitue l'assiette des cotisations."},"2":{"question":"O\u00f9 trouver la cotisation retraite sur la fiche de paie ?","answer":"Sur la fiche de paie, la cotisation retraite est parfois regroup\u00e9e dans la d\u00e9signation Retraite compl\u00e9mentaire tranche 1 et Retraite compl\u00e9mentaire tranche 2"},"3":{"question":"Comment savoir si je cotise pour la retraite ?","answer":"Si votre employeur a pr\u00e9lev\u00e9 les cotisations sur votre salaire, et que ces cotisations dues pour la retraite figurent sur vos fiches de paie, vous pourrez obtenir la validation gratuite des trimestres ou des points de retraite compl\u00e9mentaire correspondant."},"4":{"question":"Comment acc\u00e9der \u00e0 son relev\u00e9 de carri\u00e8re ?","answer":"Pour visualiser votre relev\u00e9 de carri\u00e8re, connectez-vous \u00e0 votre espace personnel. Dans la liste des services en ligne, s\u00e9lectionnez \"Je souhaite consulter mon relev\u00e9 de carri\u00e8re\". "},"5":{"question":"Comment savoir si mon employeur m'a d\u00e9clar\u00e9 \u00e0 l'Urssaf ?","answer":"Si votre employeur d\u00e9clare votre activit\u00e9 \u00e0 l'Urssaf, c'est lui-m\u00eame qui vous remet votre bulletin de salaire. Si vous avez un doute sur le fait d'\u00eatre d\u00e9clar\u00e9, rapprochez-vous de l'Urssaf dont vous d\u00e9pendez."},"6":{"question":"C'est quoi la tranche 1 ?","answer":"La tranche 1 est la partie de la r\u00e9mun\u00e9ration des salari\u00e9s dont le salaire n'exc\u00e8de pas le plafond de la s\u00e9curit\u00e9 sociale. En principe, les cotisations sont pay\u00e9es \u00e0 50% par l'employeur et \u00e0 50% par le salari\u00e9. Toutefois, cela peut diff\u00e9rer en fonction des accords d'entreprise."},"7":{"question":"","answer":""},"8":{"question":"","answer":""},"9":{"question":"","answer":""},"10":{"question":"","answer":""},"11":{"question":"","answer":""},"12":{"question":"","answer":""},"13":{"question":"","answer":""},"14":{"question":"","answer":""},"15":{"question":"","answer":""},"16":{"question":"","answer":""}}},"_links":{"self":[{"href":"https:\/\/www.mes-allocs.fr\/guides\/wp-json\/wp\/v2\/posts\/54218","targetHints":{"allow":["GET"]}}],"collection":[{"href":"https:\/\/www.mes-allocs.fr\/guides\/wp-json\/wp\/v2\/posts"}],"about":[{"href":"https:\/\/www.mes-allocs.fr\/guides\/wp-json\/wp\/v2\/types\/post"}],"author":[{"embeddable":true,"href":"https:\/\/www.mes-allocs.fr\/guides\/wp-json\/wp\/v2\/users\/14"}],"replies":[{"embeddable":true,"href":"https:\/\/www.mes-allocs.fr\/guides\/wp-json\/wp\/v2\/comments?post=54218"}],"version-history":[{"count":18,"href":"https:\/\/www.mes-allocs.fr\/guides\/wp-json\/wp\/v2\/posts\/54218\/revisions"}],"predecessor-version":[{"id":110136,"href":"https:\/\/www.mes-allocs.fr\/guides\/wp-json\/wp\/v2\/posts\/54218\/revisions\/110136"}],"wp:featuredmedia":[{"embeddable":true,"href":"https:\/\/www.mes-allocs.fr\/guides\/wp-json\/wp\/v2\/media\/54364"}],"wp:attachment":[{"href":"https:\/\/www.mes-allocs.fr\/guides\/wp-json\/wp\/v2\/media?parent=54218"}],"wp:term":[{"taxonomy":"category","embeddable":true,"href":"https:\/\/www.mes-allocs.fr\/guides\/wp-json\/wp\/v2\/categories?post=54218"},{"taxonomy":"post_tag","embeddable":true,"href":"https:\/\/www.mes-allocs.fr\/guides\/wp-json\/wp\/v2\/tags?post=54218"}],"curies":[{"name":"wp","href":"https:\/\/api.w.org\/{rel}","templated":true}]}}