{"id":54175,"date":"2022-10-21T19:09:55","date_gmt":"2022-10-21T17:09:55","guid":{"rendered":"https:\/\/www.mes-allocs.fr\/guides\/?p=54175"},"modified":"2026-03-04T18:09:44","modified_gmt":"2026-03-04T17:09:44","slug":"calcul-retraite-complementaire","status":"publish","type":"post","link":"https:\/\/www.mes-allocs.fr\/guides\/retraite\/calcul-retraite\/calcul-retraite-complementaire\/","title":{"rendered":"Calcul retraite compl\u00e9mentaire : comment \u00e7a marche ?"},"content":{"rendered":"<p style=\"text-align: justify;\">\u00a0mois<img loading=\"lazy\" decoding=\"async\" class=\"alignnone wp-image-54255 size-full\" title=\"Calcul retraite complementaire\" src=\"https:\/\/www.mes-allocs.fr\/guides\/wp-content\/uploads\/2022\/07\/Calcul-retraite-complementaire-scaled-e1658329063787.jpg\" alt=\"Calcul retraite complementaire\" width=\"2560\" height=\"256\" srcset=\"https:\/\/www.mes-allocs.fr\/guides\/wp-content\/uploads\/2022\/07\/Calcul-retraite-complementaire-scaled-e1658329063787.jpg 2560w, https:\/\/www.mes-allocs.fr\/guides\/wp-content\/uploads\/2022\/07\/Calcul-retraite-complementaire-scaled-e1658329063787-300x30.jpg 300w, https:\/\/www.mes-allocs.fr\/guides\/wp-content\/uploads\/2022\/07\/Calcul-retraite-complementaire-scaled-e1658329063787-1024x102.jpg 1024w, https:\/\/www.mes-allocs.fr\/guides\/wp-content\/uploads\/2022\/07\/Calcul-retraite-complementaire-scaled-e1658329063787-768x77.jpg 768w, https:\/\/www.mes-allocs.fr\/guides\/wp-content\/uploads\/2022\/07\/Calcul-retraite-complementaire-scaled-e1658329063787-1536x154.jpg 1536w, https:\/\/www.mes-allocs.fr\/guides\/wp-content\/uploads\/2022\/07\/Calcul-retraite-complementaire-scaled-e1658329063787-2048x205.jpg 2048w, https:\/\/www.mes-allocs.fr\/guides\/wp-content\/uploads\/2022\/07\/Calcul-retraite-complementaire-scaled-e1658329063787-600x60.jpg 600w\" sizes=\"auto, (max-width: 2560px) 100vw, 2560px\" \/>[Mis \u00e0 jour le 04\/03\/2026] En France, une fois \u00e0 la retraite, un salari\u00e9 du priv\u00e9 per\u00e7oit ses droits \u00e0 la retraite acquis au cours de la vie active. Ils se constituent de la retraite de base, mais \u00e9galement de la retraite compl\u00e9mentaire. Le <strong>calcul du montant de la retraite compl\u00e9mentaire<\/strong> prend en compte plusieurs informations et peut \u00eatre affect\u00e9 par l\u2019application de minorations et majorations. Alors comment proc\u00e9der au <a href=\"https:\/\/www.mes-allocs.fr\/guides\/retraite\/calcul-retraite\/\">calcul de la retraite compl\u00e9mentaire<\/a> ? On vous explique.<\/p>\n<div class='cta-block'><div class='text'>Simulez votre retraite en 2 min.<\/div><a href='https:\/\/www.mes-allocs.fr\/formulaire\/retraite?utm_source=seo&origin=guides\/wp-json\/wp\/v2\/posts\/54175' class='app-button fit'>Simulation gratuite<\/a><\/div>\n<h1>Qu\u2019est-ce que la retraite compl\u00e9mentaire ?<\/h1>\n<h2>Comment fonctionne la retraite compl\u00e9mentaire ?<\/h2>\n<p><span style=\"font-weight: 400;\">La retraite compl\u00e9mentaire se base sur un <a href=\"https:\/\/www.mes-allocs.fr\/guides\/retraite\/calcul-retraite\/retraite-par-point\/\">syst\u00e8me de points<\/a>. <\/span><b>En effet, durant la vie professionnelle, les cotisations de la retraite compl\u00e9mentaire servent \u00e0 acqu\u00e9rir des points. Lors de la liquidation des droits, ces points sont alors convertis en euros.<\/b><span style=\"font-weight: 400;\"> Afin de conna\u00eetre le nombre de points accumul\u00e9s, vous pouvez consulter votre relev\u00e9 de carri\u00e8re sur votre espace personnel.<\/span><\/p>\n<p><b>\u00c0 savoir que depuis le 1er janvier 2019, la pension de la retraite compl\u00e9mentaire AGIRC-ARRCO peut subir un bonus ou malus pour les personnes n\u00e9es depuis le 1er janvier 1957.<\/b><span style=\"font-weight: 400;\"> Ce dispositif a pour but d\u2019inciter les personnes remplissant les conditions d\u2019un d\u00e9part \u00e0 taux plein \u00e0 d\u00e9placer ce d\u00e9part d\u2019au moins un an.<\/span><b> Plusieurs cas de figure sont alors envisageables :<\/b><\/p>\n<ul>\n<li style=\"font-weight: 400;\" aria-level=\"1\"><span style=\"font-weight: 400;\">Le salari\u00e9 ne retarde pas son d\u00e9part d\u2019un an : il part \u00e0 la premi\u00e8re date possible de taux plein pour sa retraite de base. La pension est alors affect\u00e9e d\u2019un malus de 10 % pendant 3 ans.<\/span><\/li>\n<li style=\"font-weight: 400;\" aria-level=\"1\"><span style=\"font-weight: 400;\">Le salari\u00e9 retarde son d\u00e9part d\u2019un an : il partira avec une pension \u00e0 taux plein sans malus.<\/span><\/li>\n<li style=\"font-weight: 400;\" aria-level=\"1\"><span style=\"font-weight: 400;\">Le salari\u00e9 retarde son d\u00e9part de 2 ans : il b\u00e9n\u00e9ficie d\u2019un bonus de 10 % appliqu\u00e9 sur sa pension compl\u00e9mentaire pendant 1 an.<\/span><\/li>\n<li style=\"font-weight: 400;\" aria-level=\"1\"><span style=\"font-weight: 400;\">Le salari\u00e9 retarde son d\u00e9part de 3 ans : il per\u00e7oit un bonus de 20 % appliqu\u00e9 sur sa pension compl\u00e9mentaire pendant 1 an.<\/span><\/li>\n<li style=\"font-weight: 400;\" aria-level=\"1\"><span style=\"font-weight: 400;\">Le salari\u00e9 retarde son d\u00e9part de 4 ans ou plus : il obtient un bonus de 30 % appliqu\u00e9 sur sa pension compl\u00e9mentaire pendant 1 an.<\/span><\/li>\n<\/ul>\n<p><b>Attention : le malus temporaire de 10 % a pris fin le 1<\/b><b>er<\/b><b> avril.<\/b><\/p>\n<h2>Les conditions pour obtenir la retraite compl\u00e9mentaire<\/h2>\n<p><span style=\"font-weight: 400;\">Pour percevoir votre retraite compl\u00e9mentaire, vous devez avoir cess\u00e9 toute activit\u00e9 professionnelle et remplir certaines conditions d&rsquo;\u00e2ge et de carri\u00e8re. <\/span><\/p>\n<p><span style=\"font-weight: 400;\"><strong>\u00c0 partir de 62 ans et 9 mois <\/strong>, l&rsquo;\u00e2ge l\u00e9gal de d\u00e9part \u00e0 la retraite, vous pouvez demander votre retraite compl\u00e9mentaire, \u00e0 condition d&rsquo;avoir <strong>valid\u00e9 le nombre de trimestres n\u00e9cessaires<\/strong> pour b\u00e9n\u00e9ficier d&rsquo;une retraite de base \u00e0 taux plein. Si ce n&rsquo;est pas le cas, vous devrez attendre <strong>l&rsquo;\u00e2ge de d\u00e9part \u00e0 taux plein<\/strong>, qui varie entre <strong>65 et 67 ans<\/strong> selon votre ann\u00e9e de naissance. Une demande de liquidation de votre retraite Agirc-Arrco est \u00e9galement n\u00e9cessaire.<br \/>\n<\/span><\/p>\n<p><iframe loading=\"lazy\" title=\"Comment bien pr\u00e9parer sa retraite ?\" width=\"500\" height=\"281\" src=\"https:\/\/www.youtube.com\/embed\/nZ79Bmawt_M?feature=oembed\" frameborder=\"0\" allow=\"accelerometer; autoplay; clipboard-write; encrypted-media; gyroscope; picture-in-picture; web-share\" referrerpolicy=\"strict-origin-when-cross-origin\" allowfullscreen><\/iframe><\/p>\n<h1>Le calcul de la retraite compl\u00e9mentaire<\/h1>\n<h2>Comment calculer les points de retraite compl\u00e9mentaire ?<\/h2>\n<p><b>Lors du d\u00e9part \u00e0 la retraite, les points accumul\u00e9s sont multipli\u00e9s par le prix du point du moment.<\/b> <b>Ce r\u00e9sultat donne le montant de la pension compl\u00e9mentaire vers\u00e9e jusqu\u2019au d\u00e9c\u00e8s.<\/b><span style=\"font-weight: 400;\"> Chaque ann\u00e9e, la valeur d\u2019achat (le co\u00fbt) du point et la valeur de service (le prix) du point sont revaloris\u00e9es par le conseil d\u2019administration de la caisse compl\u00e9mentaire. <\/span><b>Ainsi, pour l\u2019AGIRC-ARRCO, elle est fix\u00e9e \u00e0 1,4386 euros pour l&rsquo;ann\u00e9e 2026.<\/b><\/p>\n<h2>Quelle est la formule de calcul de la retraite compl\u00e9mentaire ?<\/h2>\n<p><b>Le calcul de la retraite compl\u00e9mentaire est le suivant :<\/b><\/p>\n<p><b>Nombre de points acquis au cours de la vie active <\/b>X<b> Valeur de service du point au moment de la liquidation des droits = montant de la retraite compl\u00e9mentaire<\/b><\/p>\n<h2>Exemple de calcul d\u2019une retraite compl\u00e9mentaire<\/h2>\n<p><div class='shortcode tips'><div class='title'>Exemple<\/div><div class='content'>Marc a acquis 6 000 points et r\u00e9pond \u00e0 la condition du taux plein. Le montant de sa pension de retraite compl\u00e9mentaire est de : 6 000 x 1,3498 = 8 631, 6 euros par an, soit 719,3 euros mensuels.<\/div><\/div> <!-- --> <!-- notionvc: a25b4476-ecd0-4948-9c5e-6c94983a0e69 --><\/p>\n<p><span style=\"font-weight: 400;\">\u00c0 savoir qu\u2019il n\u2019existe pas de dur\u00e9e minimum de cotisation \u00e0 respecter dans les r\u00e9gimes compl\u00e9mentaires contrairement aux r\u00e9gimes de base. <\/span><b>Ainsi, vous pouvez partir avant l\u2019\u00e2ge de d\u00e9part fix\u00e9 dans les caisses compl\u00e9mentaires \u00e0 65 ou 67 ans.<\/b><span style=\"font-weight: 400;\"> Cependant, un \u00ab coefficient de minoration \u00bb est appliqu\u00e9 sur le <\/span><span style=\"font-weight: 400;\">nombre de points<\/span><span style=\"font-weight: 400;\">. Elle s\u2019\u00e9l\u00e8ve \u00e0 1,25 % par trimestre manquant pour les 12 premiers trimestres manquants (3 ans) vous perdez 5 700\u20ac sur 20 ans.\u00a0<\/span><\/p>\n<h2>Les majorations familiales<\/h2>\n<p><b>La pension de l\u2019AGIRC-ARRCO peut aussi \u00eatre augment\u00e9e si vous avez des enfants \u00e0 charge ou si vous avez eu ou \u00e9lev\u00e9 au moins 3 enfants.<\/b><\/p>\n<ul>\n<li style=\"font-weight: 400;\" aria-level=\"1\"><span style=\"font-weight: 400;\">Concernant les enfants \u00e0 charge : vous b\u00e9n\u00e9ficiez d\u2019une majoration de 5 % par enfant \u00e0 charge (enfants de moins de 18 ans, \u00e9tudiants de moins de 25 ans, apprentis ou ch\u00f4meurs inscrits \u00e0 P\u00f4le Emploi et non indemnis\u00e9s peu importe leur \u00e2ge, ou invalides). Il s\u2019agit d\u2019une majoration temporaire.<\/span><\/li>\n<li style=\"font-weight: 400;\" aria-level=\"1\"><span style=\"font-weight: 400;\">Concernant les familles nombreuses : si vous avez eu ou \u00e9lev\u00e9 au moins 3 enfants pendant 9 ans avant le 16e anniversaire de l\u2019enfant, votre pension AGIRC-ARRCO peut \u00eatre major\u00e9e de 10 %. Cette majoration est accord\u00e9e d\u00e9finitivement.<\/span><\/li>\n<\/ul>\n<p><b>Ces deux majorations ne sont pas cumulables entre elles. En effet, c\u2019est la plus favorable qui est appliqu\u00e9e.<\/b><\/p>\n<h1>Quand et comment est vers\u00e9e la retraite compl\u00e9mentaire ?<\/h1>\n<p><b>La retraite compl\u00e9mentaire est mise en paiement le 1er jour ouvr\u00e9 de chaque mois aux dates indiqu\u00e9es. <\/b><span style=\"font-weight: 400;\">La date de virement effective sur le compte d\u00e9pend alors de l\u2019\u00e9tablissement bancaire. Le d\u00e9lai est g\u00e9n\u00e9ralement tr\u00e8s court, mais l\u2019op\u00e9ration peut parfois prendre quelques jours.<\/span><\/p>\n<p><b>\u00c0 savoir que certains retrait\u00e9s touchent leur retraite annuellement ou trimestriellement en raison du nombre de points accumul\u00e9s.<\/b><\/p>\n<h1>Cas particulier du TNS \u202f: comment calculer la retraite compl\u00e9mentaire\u202f?<\/h1>\n<p><span style=\"font-weight: 400;\">Le calcul de la retraite compl\u00e9mentaire des<strong> Travailleurs Non-Salari\u00e9s (TNS)<\/strong> repose sur un syst\u00e8me par points. Chaque ann\u00e9e, les cotisations vers\u00e9es sont converties en points, proportionnellement aux revenus de l&rsquo;ind\u00e9pendant. En fonction de leur statut, les cotisations sont calcul\u00e9es sur deux tranches de revenus, avec des taux diff\u00e9rents pour les artisans\/commer\u00e7ants et les professions lib\u00e9rales non r\u00e9glement\u00e9es. Ces points sont ensuite additionn\u00e9s tout au long de la carri\u00e8re. <\/span><\/p>\n<p><span style=\"font-weight: 400;\">Au moment de la retraite, la pension compl\u00e9mentaire est d\u00e9termin\u00e9e en multipliant le nombre total de points accumul\u00e9s par la valeur du point en vigueur \u00e0 ce moment-l\u00e0. Toutefois, une d\u00e9cote peut s\u2019appliquer si le TNS prend sa retraite avant d\u2019avoir atteint le nombre de trimestres n\u00e9cessaires pour b\u00e9n\u00e9ficier du taux plein. Une pr\u00e9paration soign\u00e9e est donc essentielle pour \u00e9viter une r\u00e9duction de la pension.<\/span><\/p>\n<h1>Comment optimiser le montant de sa retraite compl\u00e9mentaire ?<\/h1>\n<ul>\n<li style=\"font-weight: 400;\" aria-level=\"1\"><b>Cotiser r\u00e9guli\u00e8rement<\/b><span style=\"font-weight: 400;\"> : Assurez-vous de verser des cotisations de mani\u00e8re continue et optimale tout au long de votre carri\u00e8re.<\/span><\/li>\n<li style=\"font-weight: 400;\" aria-level=\"1\"><b>Augmenter ses cotisations<\/b><span style=\"font-weight: 400;\"> : En p\u00e9riode de forte activit\u00e9, optez pour des cotisations volontaires suppl\u00e9mentaires pour accumuler plus de points.<\/span><\/li>\n<li style=\"font-weight: 400;\" aria-level=\"1\"><b>Travailler plus longtemps<\/b><span style=\"font-weight: 400;\"> : Poursuivre votre activit\u00e9 professionnelle au-del\u00e0 de l\u2019\u00e2ge l\u00e9gal permet d\u2019accumuler davantage de points et d\u2019\u00e9viter une d\u00e9cote sur la pension.<\/span><\/li>\n<li style=\"font-weight: 400;\" aria-level=\"1\"><b>Choisir le bon statut<\/b><span style=\"font-weight: 400;\"> : Le choix d\u2019un statut juridique ou d\u2019un r\u00e9gime adapt\u00e9 \u00e0 votre profession peut influencer vos cotisations et le montant final de la retraite.<\/span><\/li>\n<li style=\"font-weight: 400;\" aria-level=\"1\"><b>Compl\u00e9ter par des solutions d\u2019\u00e9pargne<\/b><span style=\"font-weight: 400;\"> : Envisagez des produits d&rsquo;\u00e9pargne retraite (PER, contrats d&rsquo;assurance-vie) pour constituer un compl\u00e9ment de revenu et assurer une retraite plus confortable.<\/span><\/li>\n<li style=\"font-weight: 400;\" aria-level=\"1\"><b>Suivre son relev\u00e9 de carri\u00e8re<\/b><span style=\"font-weight: 400;\"> : V\u00e9rifiez r\u00e9guli\u00e8rement votre relev\u00e9 de carri\u00e8re pour anticiper les \u00e9carts et ajuster vos cotisations si n\u00e9cessaire.<\/span><\/li>\n<\/ul>\n<h1>Qui peut vous aider \u00e0 calculer votre retraite compl\u00e9mentaire ?<\/h1>\n<p><span style=\"font-weight: 400;\">Pour estimer le montant de votre retraite compl\u00e9mentaire, le simulateur de retraite propos\u00e9 sur Mes Allocs est mis \u00e0 votre disposition. Il vous permet de r\u00e9aliser une estimation personnalis\u00e9e en fonction de votre carri\u00e8re et de vos cotisations. Ce simulateur prend en compte votre \u00e2ge et vos revenus, et <a href=\"https:\/\/www.mes-allocs.fr\/guides\/retraite\/retraite-calcul\/calcul-trimestre-retraite\/\">calcule le nombre de trimestres valid\u00e9s<\/a> pour vous donner une projection pr\u00e9cise.\u00a0<\/span><\/p>\n<h1>Calcul du montant de la retraite compl\u00e9mentaire erron\u00e9 : quels sont les recours possibles ?<\/h1>\n<p><span style=\"font-weight: 400;\">En cas d\u2019erreur dans le calcul de votre retraite compl\u00e9mentaire, des recours existent pour rectifier la situation. Si vous constatez une anomalie, il est crucial d\u2019agir rapidement. Vous disposez d\u2019un d\u00e9lai de <strong>5 ans<\/strong> pour signaler une erreur aupr\u00e8s de la caisse de retraite \u00e0 laquelle vous \u00eates affili\u00e9, notamment pour les r\u00e9gimes Agirc-Arrco. <\/span><\/p>\n<p><span style=\"font-weight: 400;\">Il est recommand\u00e9 de consulter r\u00e9guli\u00e8rement votre<strong> relev\u00e9 de situation individuelle (RIS)<\/strong> pour identifier toute incoh\u00e9rence, comme des p\u00e9riodes manquantes ou des changements de statut non pris en compte. <\/span><\/p>\n<p><span style=\"font-weight: 400;\">Si vous d\u00e9tectez une erreur apr\u00e8s la liquidation de votre retraite, <strong>vous pouvez toujours demander une r\u00e9vision pour les 5 derni\u00e8res ann\u00e9es.<\/strong> En cas de refus ou de r\u00e9ponse insatisfaisante, vous avez la possibilit\u00e9 de <strong>saisir un m\u00e9diateur<\/strong> ou, en dernier recours, le <strong>tribunal<\/strong> comp\u00e9tent pour r\u00e9soudre le litige. Cette d\u00e9marche peut permettre de r\u00e9cup\u00e9rer un montant non per\u00e7u.<\/span><\/p>\n<p><span style=\"font-weight: 400;\">\u00a0<\/span><\/p>\n<p style=\"text-align: justify;\"><div class='cta-block'><div class='text'>Simulez votre retraite en 2 min.<\/div><a href='https:\/\/www.mes-allocs.fr\/formulaire\/retraite?utm_source=seo&origin=guides\/wp-json\/wp\/v2\/posts\/54175' class='app-button fit'>Simulation gratuite<\/a><\/div><\/p>\n","protected":false},"excerpt":{"rendered":"<p>\u00a0mois[Mis \u00e0 jour le 04\/03\/2026] En France, une fois \u00e0 la retraite, un salari\u00e9 du priv\u00e9 per\u00e7oit ses droits \u00e0 la retraite acquis au cours de la vie active. Ils se constituent de la retraite de base, mais \u00e9galement de la retraite compl\u00e9mentaire. Le calcul du montant de la retraite compl\u00e9mentaire prend en compte plusieurs [&hellip;]<\/p>\n","protected":false},"author":14,"featured_media":54253,"comment_status":"closed","ping_status":"open","sticky":false,"template":"","format":"standard","meta":{"amp_status":"","footnotes":""},"categories":[21738,19177],"tags":[],"class_list":["post-54175","post","type-post","status-publish","format-standard","has-post-thumbnail","hentry","category-calcul-retraite","category-retraite"],"yoast_head":"<!-- This site is optimized with the Yoast SEO plugin v14.9 - https:\/\/yoast.com\/wordpress\/plugins\/seo\/ -->\n<title>Calcul retraite compl\u00e9mentaire : comment \u00e7a marche ? | Mes-Allocs.fr<\/title>\n<meta name=\"description\" content=\"Le calcul de la retraite compl\u00e9mentaire prend en compte plusieurs informations. Mais alors, comment proc\u00e9der au calcul ? On vous explique.\" \/>\n<meta name=\"robots\" content=\"index, follow, max-snippet:-1, max-image-preview:large, max-video-preview:-1\" \/>\n<link rel=\"canonical\" href=\"https:\/\/www.mes-allocs.fr\/guides\/retraite\/calcul-retraite\/calcul-retraite-complementaire\/\" \/>\n<meta property=\"og:locale\" content=\"fr_FR\" \/>\n<meta property=\"og:type\" content=\"article\" \/>\n<meta property=\"og:title\" content=\"Calcul retraite compl\u00e9mentaire : comment \u00e7a marche ? | Mes-Allocs.fr\" \/>\n<meta property=\"og:description\" content=\"Le calcul de la retraite compl\u00e9mentaire prend en compte plusieurs informations. Mais alors, comment proc\u00e9der au calcul ? On vous explique.\" \/>\n<meta property=\"og:url\" content=\"https:\/\/www.mes-allocs.fr\/guides\/retraite\/calcul-retraite\/calcul-retraite-complementaire\/\" \/>\n<meta property=\"og:site_name\" content=\"Mes-Allocs.fr\" \/>\n<meta property=\"article:published_time\" content=\"2022-10-21T17:09:55+00:00\" \/>\n<meta property=\"article:modified_time\" content=\"2026-03-04T17:09:44+00:00\" \/>\n<meta property=\"og:image\" content=\"https:\/\/www.mes-allocs.fr\/guides\/wp-content\/uploads\/2022\/07\/Calcul-retraite-complementaire-2.jpeg?wsr\" \/>\n\t<meta property=\"og:image:width\" content=\"612\" \/>\n\t<meta property=\"og:image:height\" content=\"408\" \/>\n<meta name=\"twitter:card\" content=\"summary_large_image\" \/>\n<script type=\"application\/ld+json\" class=\"yoast-schema-graph\">{\"@context\":\"https:\/\/schema.org\",\"@graph\":[{\"@type\":\"WebSite\",\"@id\":\"https:\/\/www.mes-allocs.fr\/guides\/#website\",\"url\":\"https:\/\/www.mes-allocs.fr\/guides\/\",\"name\":\"Mes-Allocs.fr\",\"description\":\"\",\"potentialAction\":[{\"@type\":\"SearchAction\",\"target\":\"https:\/\/www.mes-allocs.fr\/guides\/?s={search_term_string}\",\"query-input\":\"required name=search_term_string\"}],\"inLanguage\":\"fr-FR\"},{\"@type\":\"ImageObject\",\"@id\":\"https:\/\/www.mes-allocs.fr\/guides\/retraite\/calcul-retraite\/calcul-retraite-complementaire\/#primaryimage\",\"inLanguage\":\"fr-FR\",\"url\":\"https:\/\/www.mes-allocs.fr\/guides\/wp-content\/uploads\/2022\/07\/Calcul-retraite-complementaire-2.jpeg?wsr\",\"width\":612,\"height\":408,\"caption\":\"calcul retraite compl\\u00e9mentaire\"},{\"@type\":\"WebPage\",\"@id\":\"https:\/\/www.mes-allocs.fr\/guides\/retraite\/calcul-retraite\/calcul-retraite-complementaire\/#webpage\",\"url\":\"https:\/\/www.mes-allocs.fr\/guides\/retraite\/calcul-retraite\/calcul-retraite-complementaire\/\",\"name\":\"Calcul retraite compl\\u00e9mentaire : comment \\u00e7a marche ? | Mes-Allocs.fr\",\"isPartOf\":{\"@id\":\"https:\/\/www.mes-allocs.fr\/guides\/#website\"},\"primaryImageOfPage\":{\"@id\":\"https:\/\/www.mes-allocs.fr\/guides\/retraite\/calcul-retraite\/calcul-retraite-complementaire\/#primaryimage\"},\"datePublished\":\"2022-10-21T17:09:55+00:00\",\"dateModified\":\"2026-03-04T17:09:44+00:00\",\"author\":{\"@id\":\"https:\/\/www.mes-allocs.fr\/guides\/#\/schema\/person\/a3de97298fd0ffc005ebdd5628b03ca8\"},\"description\":\"Le calcul de la retraite compl\\u00e9mentaire prend en compte plusieurs informations. Mais alors, comment proc\\u00e9der au calcul ? On vous explique.\",\"inLanguage\":\"fr-FR\"},{\"@type\":\"Person\",\"@id\":\"https:\/\/www.mes-allocs.fr\/guides\/#\/schema\/person\/a3de97298fd0ffc005ebdd5628b03ca8\",\"name\":\"Marina Ada Ondo\",\"image\":{\"@type\":\"ImageObject\",\"@id\":\"https:\/\/www.mes-allocs.fr\/guides\/#personlogo\",\"inLanguage\":\"fr-FR\",\"url\":\"https:\/\/www.mes-allocs.fr\/guides\/wp-content\/uploads\/2022\/02\/Photo-de-profil-150x150.png\",\"caption\":\"Marina Ada Ondo\"},\"description\":\"Marina est r\\u00e9dactrice au sein de l'\\u00e9quipe Mes Allocs, sp\\u00e9cialis\\u00e9e sur les aides aux jeunes. Dipl\\u00f4m\\u00e9e de l'ISFJ, elle rejoint Mes Allocs apr\\u00e8s une premi\\u00e8re exp\\u00e9rience en communication chez Little Africa, une agence de communication \\u00e0 Paris. Sur son temps libre, Marina lit beaucoup et passe ses dimanches au mus\\u00e9e.\",\"sameAs\":[\"https:\/\/www.linkedin.com\/in\/marinaadaondo\/\"]}]}<\/script>\n<!-- \/ Yoast SEO plugin. -->","amp_validity":null,"acf":{"faq":{"1":{"question":"Comment calculer le montant de ma retraite compl\u00e9mentaire ?","answer":"Le montant de la retraite compl\u00e9mentaire AGIRC-ARCCO est \u00e9gal nombre de points\u00a0acquis au cours de la vie active multipli\u00e9 par la valeur du point au moment de votre retraite. "},"2":{"question":"Quelle retraite avec un salaire de 2000 euros ?","answer":"Multipliez le nombre de tous les points qui sont accumul\u00e9s dans le r\u00e9gime AGIRC-ARRCO par la valeur du point. Un salaire de 2 000 euros mensuel (dont 4 000 points) peut pr\u00e9tendre \u00e0 environ 477 euros par mois, pour un total de 5 720\u20ac par an. "},"3":{"question":"Quelle est la retraite la plus petite ?","answer":"Si vous avez moins de 120 trimestres cotis\u00e9s au r\u00e9gime g\u00e9n\u00e9ral, le montant de votre pension est fix\u00e9 \u00e0 777,20\u20ac brut par mois."},"4":{"question":"Comment savoir si on a droit au minimum contributif ?","answer":"Le b\u00e9n\u00e9fice du minimum contributif est soumis \u00e0 des conditions de ressources et de taux plein. L''assur\u00e9 doit remplir les conditions suivantes : \r\n- Le montant de sa pension de retraite globale (base et compl\u00e9mentaire dans tous les r\u00e9gimes) est inf\u00e9rieur \u00e0 1 354,16\u20ac par mois en 2026, \r\n- Il b\u00e9n\u00e9ficie d\u2019une pension de retraite de base \u00e0 taux plein, \r\n- Il a liquid\u00e9 toutes ses pensions de retraite (base et compl\u00e9mentaire)."},"5":{"question":"Quelle est la valeur du point Arrco en 2025 ?","answer":"Le point Arrco vaut 1,4386 en 2026."},"6":{"question":"Comment s'appelle le minimum vieillesse ?","answer":"Le <a href=\"https:\/\/www.mes-allocs.fr\/guides\/retraite\/calcul-retraite\/minimum-retraite\/\">minimum vieillesse<\/a> n'est plus attribu\u00e9. Il a \u00e9t\u00e9 remplac\u00e9 par l'allocation de solidarit\u00e9 aux personnes \u00e2g\u00e9es (Aspa) au cours de l'ann\u00e9e 2006."},"7":{"question":"","answer":""},"8":{"question":"","answer":""},"9":{"question":"","answer":""},"10":{"question":"","answer":""},"11":{"question":"","answer":""},"12":{"question":"","answer":""},"13":{"question":"","answer":""},"14":{"question":"","answer":""},"15":{"question":"","answer":""},"16":{"question":"","answer":""}}},"_links":{"self":[{"href":"https:\/\/www.mes-allocs.fr\/guides\/wp-json\/wp\/v2\/posts\/54175","targetHints":{"allow":["GET"]}}],"collection":[{"href":"https:\/\/www.mes-allocs.fr\/guides\/wp-json\/wp\/v2\/posts"}],"about":[{"href":"https:\/\/www.mes-allocs.fr\/guides\/wp-json\/wp\/v2\/types\/post"}],"author":[{"embeddable":true,"href":"https:\/\/www.mes-allocs.fr\/guides\/wp-json\/wp\/v2\/users\/14"}],"replies":[{"embeddable":true,"href":"https:\/\/www.mes-allocs.fr\/guides\/wp-json\/wp\/v2\/comments?post=54175"}],"version-history":[{"count":17,"href":"https:\/\/www.mes-allocs.fr\/guides\/wp-json\/wp\/v2\/posts\/54175\/revisions"}],"predecessor-version":[{"id":110144,"href":"https:\/\/www.mes-allocs.fr\/guides\/wp-json\/wp\/v2\/posts\/54175\/revisions\/110144"}],"wp:featuredmedia":[{"embeddable":true,"href":"https:\/\/www.mes-allocs.fr\/guides\/wp-json\/wp\/v2\/media\/54253"}],"wp:attachment":[{"href":"https:\/\/www.mes-allocs.fr\/guides\/wp-json\/wp\/v2\/media?parent=54175"}],"wp:term":[{"taxonomy":"category","embeddable":true,"href":"https:\/\/www.mes-allocs.fr\/guides\/wp-json\/wp\/v2\/categories?post=54175"},{"taxonomy":"post_tag","embeddable":true,"href":"https:\/\/www.mes-allocs.fr\/guides\/wp-json\/wp\/v2\/tags?post=54175"}],"curies":[{"name":"wp","href":"https:\/\/api.w.org\/{rel}","templated":true}]}}