{"id":54070,"date":"2022-10-07T20:28:17","date_gmt":"2022-10-07T18:28:17","guid":{"rendered":"https:\/\/www.mes-allocs.fr\/guides\/?p=54070"},"modified":"2026-03-04T17:38:04","modified_gmt":"2026-03-04T16:38:04","slug":"calcul-age-depart-retraite","status":"publish","type":"post","link":"https:\/\/www.mes-allocs.fr\/guides\/retraite\/age-retraite\/calcul-age-depart-retraite\/","title":{"rendered":"Comment calculer l&rsquo;\u00e2ge de d\u00e9part \u00e0 la retraite en 2026 ?"},"content":{"rendered":"<p style=\"text-align: justify;\"><b><img loading=\"lazy\" decoding=\"async\" class=\"alignnone wp-image-54099 size-full\" title=\"Calcul age depart retraite\" src=\"https:\/\/www.mes-allocs.fr\/guides\/wp-content\/uploads\/2022\/07\/Calcul-age-retraite-1-scaled-e1658240442555.jpg\" alt=\"Calcul age depart retraite\" width=\"2560\" height=\"384\" srcset=\"https:\/\/www.mes-allocs.fr\/guides\/wp-content\/uploads\/2022\/07\/Calcul-age-retraite-1-scaled-e1658240442555.jpg 2560w, https:\/\/www.mes-allocs.fr\/guides\/wp-content\/uploads\/2022\/07\/Calcul-age-retraite-1-scaled-e1658240442555-300x45.jpg 300w, https:\/\/www.mes-allocs.fr\/guides\/wp-content\/uploads\/2022\/07\/Calcul-age-retraite-1-scaled-e1658240442555-1024x154.jpg 1024w, https:\/\/www.mes-allocs.fr\/guides\/wp-content\/uploads\/2022\/07\/Calcul-age-retraite-1-scaled-e1658240442555-768x115.jpg 768w, https:\/\/www.mes-allocs.fr\/guides\/wp-content\/uploads\/2022\/07\/Calcul-age-retraite-1-scaled-e1658240442555-1536x230.jpg 1536w, https:\/\/www.mes-allocs.fr\/guides\/wp-content\/uploads\/2022\/07\/Calcul-age-retraite-1-scaled-e1658240442555-2048x307.jpg 2048w, https:\/\/www.mes-allocs.fr\/guides\/wp-content\/uploads\/2022\/07\/Calcul-age-retraite-1-scaled-e1658240442555-600x90.jpg 600w\" sizes=\"auto, (max-width: 2560px) 100vw, 2560px\" \/><\/b><\/p>\n<p>[Mis \u00e0 jour le 04\/03\/2026] Pour pouvoir partir \u00e0 la retraite, il est indispensable d\u2019atteindre un \u00e2ge minimum l\u00e9gal, variable selon le r\u00e9gime de retraite auquel vous \u00eates affili\u00e9 (r\u00e9gime g\u00e9n\u00e9ral, fonction publique, r\u00e9gimes sp\u00e9ciaux, etc.). Toutefois, certaines situations particuli\u00e8res permettent de quitter la vie active plus t\u00f4t, ind\u00e9pendamment de l&rsquo;<a href=\"https:\/\/www.mes-allocs.fr\/guides\/retraite\/age-retraite\/\">\u00e2ge l\u00e9gal de d\u00e9part \u00e0 la retraite<\/a>. C\u2019est le cas notamment des carri\u00e8res longues, des m\u00e9tiers reconnus comme p\u00e9nibles, ou encore en cas de handicap. Ces exceptions offrent un acc\u00e8s anticip\u00e9 \u00e0 la retraite, sous conditions de dur\u00e9e d\u2019assurance ou d\u2019invalidit\u00e9. Vous vous demandez \u00e0 quel \u00e2ge vous pouvez partir \u00e0 la retraite ? Il existe des r\u00e8gles pr\u00e9cises de calcul prenant en compte votre ann\u00e9e de naissance, vos trimestres cotis\u00e9s, et votre situation personnelle. Mes Allocs vous explique comment <strong>calculer votre \u00e2ge de d\u00e9part \u00e0 la retraite<\/strong> selon votre profil.<\/p>\n<div class='cta-block'><div class='text'>Simulez votre retraite en 2 min.<\/div><a href='https:\/\/www.mes-allocs.fr\/formulaire\/retraite?utm_source=seo&origin=guides\/wp-json\/wp\/v2\/posts\/54070' class='app-button fit'>Simulation gratuite<\/a><\/div>\n<h1>Quel est l\u2019\u00e2ge l\u00e9gal de d\u00e9part \u00e0 la retraite en 2026 ?<\/h1>\n<h2>L\u2019\u00e2ge de d\u00e9part \u00e0 la retraite fix\u00e9 \u00e0 62 ans et 9 mois<\/h2>\n<p>L\u2019\u00e2ge l\u00e9gal de d\u00e9part \u00e0 la retraite est fix\u00e9 \u00e0 <b>62 ans et 9 mois<\/b> pour les personnes n\u00e9es \u00e0 partir du <strong>1er janvier 1964<\/strong>. Pour b\u00e9n\u00e9ficier d\u2019une retraite \u00e0 taux plein, vous devez remplir deux conditions : l\u2019\u00e2ge minimum requis et la dur\u00e9e de cotisation n\u00e9cessaire.<\/p>\n<p>Les \u00e2ges de d\u00e9part varient selon les r\u00e9gimes :<\/p>\n<ul>\n<li aria-level=\"1\"><b>Salari\u00e9s et non-salari\u00e9s du secteur priv\u00e9 :<\/b> d\u00e9part possible \u00e0 partir de 62 ans pour les personnes n\u00e9es avant septembre 1961 et 64 ans pour celles n\u00e9es \u00e0 partir de 1968.<\/li>\n<li aria-level=\"1\"><b>Fonction publique :<\/b> 62 ans pour les agents \u00ab\u00a0s\u00e9dentaires\u00a0\u00bb, 57 \u00e0 59 ans pour les agents \u00ab\u00a0actifs\u00a0\u00bb soumis \u00e0 des conditions sp\u00e9cifiques.<\/li>\n<li aria-level=\"1\"><b>R\u00e9gimes sp\u00e9ciaux :<\/b> \u00e2ge variable selon le m\u00e9tier et l\u2019anciennet\u00e9, mais progressivement align\u00e9 sur le r\u00e9gime g\u00e9n\u00e9ral.<\/li>\n<\/ul>\n<p>Si vous partez \u00e0 la retraite<b> avant 67 ans<\/b>, l\u00e2ge de la retraite \u00e0 taux plein, une r\u00e9duction de votre pension sera effectu\u00e9e. Le montant de votre pension est r\u00e9duit en fonction du nombre de trimestres qu&rsquo;il vous manque. Seules les personnes atteintes d\u2019une incapacit\u00e9 permanente d\u2019au moins<b> 50 %<\/b> peuvent partir sans d\u00e9cote\u00a0leur pension \u00e9tant calcul\u00e9e au prorata des trimestres valid\u00e9s.<\/p>\n<h2>L\u2019\u00e2ge de d\u00e9part \u00e0 67 ans : la retraite \u00e0 taux plein automatique<\/h2>\n<p><b>\u00c0 partir de 67 ans<\/b>, vous pouvez partir \u00e0 la retraite sans d\u00e9cote, m\u00eame si vous n\u2019avez pas cotis\u00e9 le nombre de trimestres requis, mais la pension sera calcul\u00e9e au prorata des trimestres valid\u00e9s. C\u2019est \u00e9galement <b>l\u2019\u00e2ge du taux plein<\/b>, permettant de percevoir la retraite au taux maximum, m\u00eame avec des trimestres insuffisants. Dans certains cas, l&rsquo;\u00e2ge de d\u00e9part \u00e0 taux plein est fix\u00e9 \u00e0<b> 65 ans<\/b>, notamment pour les b\u00e9n\u00e9ficiaires de l&rsquo;ATA, les aidants familiaux, et ceux ayant valid\u00e9 un trimestre pour l&rsquo;augmentation de dur\u00e9e d\u2019assurance pour enfant handicap\u00e9 avec un taux d\u2019incapacit\u00e9 d&rsquo;au moins <b>80 %<\/b>.<\/p>\n<h2>Peut-on partir \u00e0 70 ans ou plus ?<\/h2>\n<p><b>Lorsqu\u2019un salari\u00e9 atteint 70 ans, l\u2019employeur peut le mettre obligatoirement \u00e0 la retraite. <\/b>Dans le cas d\u2019une retraite d\u2019office, il doit lui adresser le pr\u00e9avis l\u00e9gal, comme dans le cas d\u2019un licenciement. Ainsi, l\u2019indemnit\u00e9 de mise \u00e0 la retraite est \u00e9gale \u00e0 l\u2019indemnit\u00e9 vers\u00e9e en cas de licenciement.<\/p>\n<p><b>Avant 70 ans, si un employeur souhaite mettre un salari\u00e9 \u00e0 la retraite, il doit remplir 2 conditions :<\/b><\/p>\n<ul>\n<li aria-level=\"1\">Le salari\u00e9 doit avoir atteint l\u2019\u00e2ge l\u00e9gal de d\u00e9part \u00e0 la retraite \u00e0 taux plein (67 ans) ;<\/li>\n<li aria-level=\"1\">Le salari\u00e9 doit donner son accord.<\/li>\n<\/ul>\n<p>Les d\u00e9lais sont alors similaires \u00e0 d\u2019un licenciement dans ce cas. L\u2019employeur doit lui transmettre un pr\u00e9avis lui demandant son accord pour une mise \u00e0 la retraite <b>3 mois avant son anniversaire.<\/b> En cas d\u2019accord, l\u2019employeur n\u2019a plus qu\u2019\u00e0 proc\u00e9der \u00e0 la mise effective \u00e0 la retraite.<\/p>\n<p>En revanche, en cas de refus de votre part, l\u2019employeur est dans l\u2019obligation de patienter. <b>Chaque ann\u00e9e, toujours 3 mois avant l\u2019anniversaire, il peut adresser la m\u00eame demande, jusqu\u2019\u00e0 l\u2019\u00e2ge de 70 ans<\/b>, o\u00f9 l\u2019accord n\u2019est plus obligatoire. Pour sa part, le salari\u00e9, le salari\u00e9 dispose d\u2019un d\u00e9lai d\u2019un mois pour r\u00e9pondre aux demandes de l\u2019employeur.<\/p>\n<p>En cas de non-respect de la proc\u00e9dure, la fin du contrat de travail est requalifi\u00e9e en licenciement. C\u2019est donc cette proc\u00e9dure qui s\u2019applique, avec le versement de l\u2019indemnit\u00e9 correspondante.<\/p>\n<p><iframe loading=\"lazy\" title=\"Comment bien pr\u00e9parer sa retraite ?\" width=\"500\" height=\"281\" src=\"https:\/\/www.youtube.com\/embed\/nZ79Bmawt_M?feature=oembed\" frameborder=\"0\" allow=\"accelerometer; autoplay; clipboard-write; encrypted-media; gyroscope; picture-in-picture; web-share\" referrerpolicy=\"strict-origin-when-cross-origin\" allowfullscreen><\/iframe><\/p>\n<h1>Comment partir \u00e0 la retraite avant l\u2019\u00e2ge l\u00e9gal ?<\/h1>\n<h2>Le d\u00e9part anticip\u00e9 pour carri\u00e8re longue d\u00e8s 60 ans<\/h2>\n<p>La <a href=\"https:\/\/www.mes-allocs.fr\/guides\/retraite\/age-retraite\/age-depart-retraite-carriere-longue\/\">retraite anticip\u00e9e pour cause de carri\u00e8re longue<\/a> offre la possibilit\u00e9 de <b>partir \u00e0 l\u2019\u00e2ge de 60 ans.<\/b> Le calcul de l\u2019\u00e2ge de retraite pour d\u00e9part s\u2019appuie sur la base de votre ann\u00e9e de naissance et de l\u2019\u00e2ge \u00e0 partir duquel vous avez commenc\u00e9 \u00e0 travailler, g\u00e9n\u00e9ralement avant 20 ans.<\/p>\n<h2>Le d\u00e9part anticip\u00e9 pour handicap : d\u00e8s 55 ans<\/h2>\n<p><b>Les personnes en situation de handicap ont la possibilit\u00e9 de partir \u00e0 la retraite d\u00e8s l\u2019\u00e2ge de 55 ans.<\/b> Cela concerne la quasi-totalit\u00e9 des r\u00e9gimes de retraite en France. Pour ce faire, vous devez avoir pass\u00e9 la majeure partie de votre carri\u00e8re professionnelle en situation de handicap. Il est \u00e9galement n\u00e9cessaire de justifier d\u2019un nombre minimal de trimestre valid\u00e9s et cotis\u00e9s.<\/p>\n<h2>Le d\u00e9part anticip\u00e9 pour travail p\u00e9nible d\u00e8s 60 ans<\/h2>\n<p><b>La notion de p\u00e9nibilit\u00e9 est reconnue dans le calcul des droits \u00e0 la retraite depuis 2010<\/b>. Ainsi, en cas d\u2019incapacit\u00e9 reconnue pour travail p\u00e9nible, vous pouvez prendre votre <b>retraite d\u00e8s 60 ans sans p\u00e9nalit\u00e9s<\/b>. En 2014, le compte de p\u00e9nibilit\u00e9 a \u00e9t\u00e9 mis en place afin de permettre d\u2019accumuler des points tout au long de la carri\u00e8re et de pr\u00e9tendre \u00e0 une retraite anticip\u00e9e \u00e0 terme.<\/p>\n<div class='cta-block'><div class='text'>Simulez votre retraite en 2 min.<\/div><a href='https:\/\/www.mes-allocs.fr\/formulaire\/retraite?utm_source=seo&origin=guides\/wp-json\/wp\/v2\/posts\/54070' class='app-button fit'>Simulation gratuite<\/a><\/div>\n<h2>Le d\u00e9part anticip\u00e9 avec trois enfants ou un enfant atteint d&rsquo;infirmit\u00e9<\/h2>\n<p>Vous pouvez partir \u00e0 la retraite plus t\u00f4t si vous \u00eates parent de trois enfants et avez effectu\u00e9 au moins <b>15 ans de services civils ou militaires<\/b>, ou si vous \u00eates<b> parent d\u2019un enfant handicap\u00e9 de plus de 80 %.<\/b> Les enfants de votre conjoint ou plac\u00e9s sous votre tutelle comptent aussi. Vous devez avoir r\u00e9duit ou interrompu votre activit\u00e9 pendant au moins deux mois ou avoir travaill\u00e9 \u00e0 temps partiel pendant une dur\u00e9e sp\u00e9cifique pour \u00e9lever ces enfants.<\/p>\n<h2>Le d\u00e9part anticip\u00e9 pour infirmit\u00e9<\/h2>\n<p>Si vous avez accompli <b>15 ans <\/b>de services, vous pouvez percevoir une pension, peu importe votre \u00e2ge, si vous ou votre conjoint \u00eates atteint d\u2019une maladie incurable ou d\u2019une infirmit\u00e9 vous emp\u00eachant de travailler. Cette condition doit \u00eatre confirm\u00e9e par une commission de r\u00e9forme.<\/p>\n<h1>Comment calculer le montant de votre pension de retraite selon l\u2019\u00e2ge de d\u00e9part ?<\/h1>\n<h2>Les \u00e9l\u00e9ments pris en compte dans le calcul de la pension<\/h2>\n<p>Le calcul de votre pension repose sur trois \u00e9l\u00e9ments cl\u00e9s : la <b>dur\u00e9e d\u2019assurance<\/b>, le <b>salaire annuel moyen (SAM)<\/b> et le <b>taux de liquidation<\/b>. La dur\u00e9e d\u2019assurance correspond aux trimestres cotis\u00e9s. Le SAM est la moyenne des 25 meilleures ann\u00e9es de salaire pour les salari\u00e9s du r\u00e9gime g\u00e9n\u00e9ral. Le taux de liquidation, fix\u00e9 \u00e0 50 % pour une retraite \u00e0 taux plein, d\u00e9pend de votre nombre de trimestres valid\u00e9s et de votre \u00e2ge de d\u00e9part.<\/p>\n<h2>La formule de calcul selon votre r\u00e9gime de retraite<\/h2>\n<p>La pension est calcul\u00e9e en multipliant votre SAM par le taux de liquidation, ajust\u00e9 en fonction de votre nombre de trimestres. Si vous partez avant le nombre de trimestres requis, une <b>d\u00e9cote<\/b> s\u2019applique, tandis qu&rsquo;une <b>surcote<\/b> peut augmenter votre pension si vous travaillez au-del\u00e0.<\/p>\n<h2>Comment maximiser sa pension avant l\u2019\u00e2ge de d\u00e9part ?<\/h2>\n<p>Pour optimiser votre pension, vous pouvez <strong>allonger votre dur\u00e9e de cotisation<\/strong>, <strong>racheter des trimestres manquants<\/strong>, ou <strong>augmenter votre salaire sur les meilleures ann\u00e9es<\/strong>. Assurez-vous que votre relev\u00e9 de carri\u00e8re est \u00e0 jour et explorez les dispositifs de <b>retraite anticip\u00e9e<\/b> disponibles pour certaines professions.<\/p>\n<p>Vous souhaitez partir \u00e0 la retraite plus t\u00f4t ? D\u00e9couvrez <a href=\"https:\/\/www.mes-allocs.fr\/guides\/retraite\/age-retraite\/retraite-63-ans\/\">comment prendre votre retraite \u00e0 63 ans<\/a> !<\/p>\n<div class='cta-block'><div class='text'>Simulez votre retraite en 2 min.<\/div><a href='https:\/\/www.mes-allocs.fr\/formulaire\/retraite?utm_source=seo&origin=guides\/wp-json\/wp\/v2\/posts\/54070' class='app-button fit'>Simulation gratuite<\/a><\/div>\n","protected":false},"excerpt":{"rendered":"<p>[Mis \u00e0 jour le 04\/03\/2026] Pour pouvoir partir \u00e0 la retraite, il est indispensable d\u2019atteindre un \u00e2ge minimum l\u00e9gal, variable selon le r\u00e9gime de retraite auquel vous \u00eates affili\u00e9 (r\u00e9gime g\u00e9n\u00e9ral, fonction publique, r\u00e9gimes sp\u00e9ciaux, etc.). Toutefois, certaines situations particuli\u00e8res permettent de quitter la vie active plus t\u00f4t, ind\u00e9pendamment de l&rsquo;\u00e2ge l\u00e9gal de d\u00e9part \u00e0 [&hellip;]<\/p>\n","protected":false},"author":14,"featured_media":54092,"comment_status":"closed","ping_status":"open","sticky":false,"template":"","format":"standard","meta":{"amp_status":"","footnotes":""},"categories":[21784,19177],"tags":[],"class_list":["post-54070","post","type-post","status-publish","format-standard","has-post-thumbnail","hentry","category-age-retraite","category-retraite"],"yoast_head":"<!-- This site is optimized with the Yoast SEO plugin v14.9 - https:\/\/yoast.com\/wordpress\/plugins\/seo\/ -->\n<title>Comment calculer l&#039;\u00e2ge de d\u00e9part \u00e0 la retraite en 2026 ? | Mes-Allocs.fr<\/title>\n<meta name=\"description\" content=\"Vous souhaitez conna\u00eetre votre \u00e2ge de d\u00e9part \u00e0 la retraite ? Selon votre situation, un \u00e2ge minimum est \u00e0 atteindre. D\u00e9couvrez le calcul.\" \/>\n<meta name=\"robots\" content=\"index, follow, max-snippet:-1, max-image-preview:large, max-video-preview:-1\" \/>\n<link rel=\"canonical\" href=\"https:\/\/www.mes-allocs.fr\/guides\/retraite\/age-retraite\/calcul-age-depart-retraite\/\" \/>\n<meta property=\"og:locale\" content=\"fr_FR\" \/>\n<meta property=\"og:type\" content=\"article\" \/>\n<meta property=\"og:title\" content=\"Comment calculer l&#039;\u00e2ge de d\u00e9part \u00e0 la retraite en 2026 ? | Mes-Allocs.fr\" \/>\n<meta property=\"og:description\" content=\"Vous souhaitez conna\u00eetre votre \u00e2ge de d\u00e9part \u00e0 la retraite ? Selon votre situation, un \u00e2ge minimum est \u00e0 atteindre. D\u00e9couvrez le calcul.\" \/>\n<meta property=\"og:url\" content=\"https:\/\/www.mes-allocs.fr\/guides\/retraite\/age-retraite\/calcul-age-depart-retraite\/\" \/>\n<meta property=\"og:site_name\" content=\"Mes-Allocs.fr\" \/>\n<meta property=\"article:published_time\" content=\"2022-10-07T18:28:17+00:00\" \/>\n<meta property=\"article:modified_time\" content=\"2026-03-04T16:38:04+00:00\" \/>\n<meta property=\"og:image\" content=\"https:\/\/www.mes-allocs.fr\/guides\/wp-content\/uploads\/2022\/07\/Calcul-age-retraite-2.jpeg?wsr\" \/>\n\t<meta property=\"og:image:width\" content=\"612\" \/>\n\t<meta property=\"og:image:height\" content=\"406\" \/>\n<meta name=\"twitter:card\" content=\"summary_large_image\" \/>\n<script type=\"application\/ld+json\" class=\"yoast-schema-graph\">{\"@context\":\"https:\/\/schema.org\",\"@graph\":[{\"@type\":\"WebSite\",\"@id\":\"https:\/\/www.mes-allocs.fr\/guides\/#website\",\"url\":\"https:\/\/www.mes-allocs.fr\/guides\/\",\"name\":\"Mes-Allocs.fr\",\"description\":\"\",\"potentialAction\":[{\"@type\":\"SearchAction\",\"target\":\"https:\/\/www.mes-allocs.fr\/guides\/?s={search_term_string}\",\"query-input\":\"required name=search_term_string\"}],\"inLanguage\":\"fr-FR\"},{\"@type\":\"ImageObject\",\"@id\":\"https:\/\/www.mes-allocs.fr\/guides\/retraite\/age-retraite\/calcul-age-depart-retraite\/#primaryimage\",\"inLanguage\":\"fr-FR\",\"url\":\"https:\/\/www.mes-allocs.fr\/guides\/wp-content\/uploads\/2022\/07\/Calcul-age-retraite-2.jpeg?wsr\",\"width\":612,\"height\":406,\"caption\":\"calcul age depart retraite\"},{\"@type\":\"WebPage\",\"@id\":\"https:\/\/www.mes-allocs.fr\/guides\/retraite\/age-retraite\/calcul-age-depart-retraite\/#webpage\",\"url\":\"https:\/\/www.mes-allocs.fr\/guides\/retraite\/age-retraite\/calcul-age-depart-retraite\/\",\"name\":\"Comment calculer l'\\u00e2ge de d\\u00e9part \\u00e0 la retraite en 2026 ? | Mes-Allocs.fr\",\"isPartOf\":{\"@id\":\"https:\/\/www.mes-allocs.fr\/guides\/#website\"},\"primaryImageOfPage\":{\"@id\":\"https:\/\/www.mes-allocs.fr\/guides\/retraite\/age-retraite\/calcul-age-depart-retraite\/#primaryimage\"},\"datePublished\":\"2022-10-07T18:28:17+00:00\",\"dateModified\":\"2026-03-04T16:38:04+00:00\",\"author\":{\"@id\":\"https:\/\/www.mes-allocs.fr\/guides\/#\/schema\/person\/a3de97298fd0ffc005ebdd5628b03ca8\"},\"description\":\"Vous souhaitez conna\\u00eetre votre \\u00e2ge de d\\u00e9part \\u00e0 la retraite ? Selon votre situation, un \\u00e2ge minimum est \\u00e0 atteindre. D\\u00e9couvrez le calcul.\",\"inLanguage\":\"fr-FR\"},{\"@type\":\"Person\",\"@id\":\"https:\/\/www.mes-allocs.fr\/guides\/#\/schema\/person\/a3de97298fd0ffc005ebdd5628b03ca8\",\"name\":\"Marina Ada Ondo\",\"image\":{\"@type\":\"ImageObject\",\"@id\":\"https:\/\/www.mes-allocs.fr\/guides\/#personlogo\",\"inLanguage\":\"fr-FR\",\"url\":\"https:\/\/www.mes-allocs.fr\/guides\/wp-content\/uploads\/2022\/02\/Photo-de-profil-150x150.png\",\"caption\":\"Marina Ada Ondo\"},\"description\":\"Marina est r\\u00e9dactrice au sein de l'\\u00e9quipe Mes Allocs, sp\\u00e9cialis\\u00e9e sur les aides aux jeunes. Dipl\\u00f4m\\u00e9e de l'ISFJ, elle rejoint Mes Allocs apr\\u00e8s une premi\\u00e8re exp\\u00e9rience en communication chez Little Africa, une agence de communication \\u00e0 Paris. Sur son temps libre, Marina lit beaucoup et passe ses dimanches au mus\\u00e9e.\",\"sameAs\":[\"https:\/\/www.linkedin.com\/in\/marinaadaondo\/\"]}]}<\/script>\n<!-- \/ Yoast SEO plugin. -->","amp_validity":null,"acf":{"faq":{"1":{"question":"","answer":""},"2":{"question":"Quel est le nombre minimum de trimestre pour la retraite ?","answer":" Si vous avez atteint l'\u00e2ge l\u00e9gal de d\u00e9part \u00e0 la retraite, vous pouvez b\u00e9n\u00e9ficier d'une retraite du r\u00e9gime g\u00e9n\u00e9ral de la S\u00e9curit\u00e9 sociale si vous avez valid\u00e9 au moins 1 trimestre en tant que salari\u00e9."},"3":{"question":"Comment savoir si je peux partir \u00e0 la retraite \u00e0 60 ans ?","answer":"Les assur\u00e9s ayant commenc\u00e9 \u00e0 travailler avant 20 ans peuvent pr\u00e9tendre \u00e0 un d\u00e9part en retraite anticip\u00e9e \u00e0 partir de 60 ans, sous certaines conditions : avoir valid\u00e9 5 trimestres, tout r\u00e9gime confondu, \u00e0 la fin de l'ann\u00e9e civile du 20e anniversaire ou 4 trimestres pour ceux n\u00e9s au 4e trimestre."},"4":{"question":"Puis-je partir \u00e0 la retraite \u00e0 62 ans sans tous les trimestres ?","answer":" Vous pouvez partir \u00e0 la retraite d\u00e8s que vous atteignez 62 ans. Cependant, votre retraite n'est pas calcul\u00e9e au taux maximum si vous ne r\u00e9unissez pas le nombre de trimestres n\u00e9cessaire. Cette r\u00e9duction (ou \"d\u00e9cote\") est d\u00e9finitive."},"5":{"question":"Quel \u00e2ge pour une retraite \u00e0 taux plein ?","answer":"Pour avoir droit \u00e0 une retraite \u00e0 taux plein, vous devez soit avoir un nombre pr\u00e9cis de trimestres d'assurance retraite, soit partir en retraite \u00e0 67 ans. Le nombre de trimestres d'assurance retraite exig\u00e9 pour avoir droit \u00e0 une retraite \u00e0 taux plein varie selon votre ann\u00e9e de naissance."},"6":{"question":"Quelle est la retraite la plus petite ?","answer":"Si vous avez moins de 120 trimestres cotis\u00e9s au r\u00e9gime g\u00e9n\u00e9ral, le montant du minimum contributif est fix\u00e9 \u00e0 8 796,38 \u20ac brut par an, soit 733,03 \u20ac brut par mois."},"7":{"question":"","answer":""},"8":{"question":"","answer":""},"9":{"question":"","answer":""},"10":{"question":"","answer":""},"11":{"question":"","answer":""},"12":{"question":"","answer":""},"13":{"question":"","answer":""},"14":{"question":"","answer":""},"15":{"question":"","answer":""},"16":{"question":"","answer":""}}},"_links":{"self":[{"href":"https:\/\/www.mes-allocs.fr\/guides\/wp-json\/wp\/v2\/posts\/54070","targetHints":{"allow":["GET"]}}],"collection":[{"href":"https:\/\/www.mes-allocs.fr\/guides\/wp-json\/wp\/v2\/posts"}],"about":[{"href":"https:\/\/www.mes-allocs.fr\/guides\/wp-json\/wp\/v2\/types\/post"}],"author":[{"embeddable":true,"href":"https:\/\/www.mes-allocs.fr\/guides\/wp-json\/wp\/v2\/users\/14"}],"replies":[{"embeddable":true,"href":"https:\/\/www.mes-allocs.fr\/guides\/wp-json\/wp\/v2\/comments?post=54070"}],"version-history":[{"count":25,"href":"https:\/\/www.mes-allocs.fr\/guides\/wp-json\/wp\/v2\/posts\/54070\/revisions"}],"predecessor-version":[{"id":110138,"href":"https:\/\/www.mes-allocs.fr\/guides\/wp-json\/wp\/v2\/posts\/54070\/revisions\/110138"}],"wp:featuredmedia":[{"embeddable":true,"href":"https:\/\/www.mes-allocs.fr\/guides\/wp-json\/wp\/v2\/media\/54092"}],"wp:attachment":[{"href":"https:\/\/www.mes-allocs.fr\/guides\/wp-json\/wp\/v2\/media?parent=54070"}],"wp:term":[{"taxonomy":"category","embeddable":true,"href":"https:\/\/www.mes-allocs.fr\/guides\/wp-json\/wp\/v2\/categories?post=54070"},{"taxonomy":"post_tag","embeddable":true,"href":"https:\/\/www.mes-allocs.fr\/guides\/wp-json\/wp\/v2\/tags?post=54070"}],"curies":[{"name":"wp","href":"https:\/\/api.w.org\/{rel}","templated":true}]}}