{"id":53989,"date":"2022-10-17T20:24:56","date_gmt":"2022-10-17T18:24:56","guid":{"rendered":"https:\/\/www.mes-allocs.fr\/guides\/?p=53989"},"modified":"2025-07-17T10:10:12","modified_gmt":"2025-07-17T08:10:12","slug":"aide-transport-hauts-de-france","status":"publish","type":"post","link":"https:\/\/www.mes-allocs.fr\/guides\/aide-au-transport\/aide-au-transport-conseil-regional\/aide-transport-hauts-de-france\/","title":{"rendered":"Aide au transport Hauts-de-France : conditions, montants, d\u00e9marches"},"content":{"rendered":"<p><img loading=\"lazy\" decoding=\"async\" class=\"alignnone wp-image-53997 size-full\" title=\"aide transport haut de france\" src=\"https:\/\/www.mes-allocs.fr\/guides\/wp-content\/uploads\/2022\/07\/Aide-au-transport-Haut-de-France-scaled-e1658159621802.jpg\" alt=\"aide transport haut de france\" width=\"2560\" height=\"467\" srcset=\"https:\/\/www.mes-allocs.fr\/guides\/wp-content\/uploads\/2022\/07\/Aide-au-transport-Haut-de-France-scaled-e1658159621802.jpg 2560w, https:\/\/www.mes-allocs.fr\/guides\/wp-content\/uploads\/2022\/07\/Aide-au-transport-Haut-de-France-scaled-e1658159621802-300x55.jpg 300w, https:\/\/www.mes-allocs.fr\/guides\/wp-content\/uploads\/2022\/07\/Aide-au-transport-Haut-de-France-scaled-e1658159621802-1024x187.jpg 1024w, https:\/\/www.mes-allocs.fr\/guides\/wp-content\/uploads\/2022\/07\/Aide-au-transport-Haut-de-France-scaled-e1658159621802-768x140.jpg 768w, https:\/\/www.mes-allocs.fr\/guides\/wp-content\/uploads\/2022\/07\/Aide-au-transport-Haut-de-France-scaled-e1658159621802-1536x280.jpg 1536w, https:\/\/www.mes-allocs.fr\/guides\/wp-content\/uploads\/2022\/07\/Aide-au-transport-Haut-de-France-scaled-e1658159621802-2048x374.jpg 2048w, https:\/\/www.mes-allocs.fr\/guides\/wp-content\/uploads\/2022\/07\/Aide-au-transport-Haut-de-France-scaled-e1658159621802-600x109.jpg 600w\" sizes=\"auto, (max-width: 2560px) 100vw, 2560px\" \/><\/p>\n<p>Vous habitez en Hauts-de-France et vous devez prendre votre voiture pour aller travailler ? La r\u00e9gion peut vous aider \u00e0 all\u00e9ger vos frais de transport, qui peuvent rapidement grimper. Les Hauts-de-France proposent une\u00a0<a href=\"https:\/\/www.mes-allocs.fr\/guides\/aide-au-transport\/\">aide au transport<\/a> sp\u00e9cifique pour les salari\u00e9s, apprentis, int\u00e9rimaires et personnes en formation professionnelle. D\u00e9couvrez comment b\u00e9n\u00e9ficier de l&rsquo;<strong>aide au transport en Hauts-de-France<\/strong>, quelles sont les d\u00e9marches \u00e0 effectuer et quel montant peut vous \u00eatre vers\u00e9 !<\/p>\n<div class='cta-block'><div class='text'>Simulez toutes vos aides au transport en 2 min. <\/div><a href='https:\/\/www.mes-allocs.fr\/ab-app?origin=guides\/wp-json\/wp\/v2\/posts\/53989' class='app-button fit'>Simulation gratuite<\/a><\/div>\n<h1>Qu&rsquo;est-ce que l&rsquo;aide au transport en Hauts-de-France ?<\/h1>\n<p>Depuis quelques ann\u00e9es maintenant, il existe des <a href=\"https:\/\/www.mes-allocs.fr\/guides\/aide-au-transport\/aide-au-transport-conseil-regional\/\">aides au transport mises en place par les r\u00e9gions<\/a>. Cr\u00e9\u00e9e en 2016, l&rsquo;<strong>aide au transport aux particuliers de la r\u00e9gion Hauts-de-France<\/strong> permet de soutenir financi\u00e8rement les personnes qui r\u00e9sident dans la r\u00e9gion et qui sont contraintes de prendre leur v\u00e9hicule pour se rendre sur leur lieu de travail ou leur lieu d\u2019\u00e9tudes. Ainsi, cette subvention a pour but d&rsquo;aider :<\/p>\n<ul>\n<li>Les salari\u00e9s qui utilisent leur v\u00e9hicule pour se rendre sur leur lieu de travail ;<\/li>\n<li>Les personnes qui reprennent un travail et qui n&rsquo;ont pas acc\u00e8s aux transports en commun.<\/li>\n<\/ul>\n<p>L&rsquo;aide au transport pour les salari\u00e9s des Hauts-de-France prend la forme d&rsquo;une <strong>subvention<\/strong> pour <strong>all\u00e9ger les\u00a0frais li\u00e9s au trajet domicile-travail<\/strong>.<\/p>\n<h1>Quels sont les crit\u00e8res \u00e0 remplir pour b\u00e9n\u00e9ficier de l&rsquo;aide au transport en Hauts-de-France ?<\/h1>\n<h2>Les conditions li\u00e9es \u00e0 votre situation professionnelle et vos trajets<\/h2>\n<p>La <strong>subvention trajet domicile-travail<\/strong> est destin\u00e9e aux salari\u00e9s, int\u00e9rimaires et alternants de la r\u00e9gion. Voici les conditions \u00e0 remplir pour y \u00eatre \u00e9ligible :<\/p>\n<ul>\n<li>\u00catre <strong>domicili\u00e9 en r\u00e9gion Hauts-de-France<\/strong> ;<\/li>\n<li>Avoir une <strong>activit\u00e9 professionnelle <\/strong>ou suivre une<strong> formation professionnelle<\/strong> et se trouver dans un des cas suivants :\n<ul>\n<li>\u00catre salari\u00e9(e) en CDD ou CDI d&rsquo;au moins un mois,<\/li>\n<li>\u00catre alternant (contrat d&rsquo;apprentissage ou de professionnalisation),<\/li>\n<li>\u00catre int\u00e9rimaire et ne peut avoir une interruption d&rsquo;activit\u00e9 professionnelle sur un mois,<\/li>\n<li>Suivre une formation professionnelle.<\/li>\n<\/ul>\n<\/li>\n<li>Utiliser un v<strong>\u00e9hicule particulier<\/strong> ou un <strong>deux-roues motoris\u00e9<\/strong> pour la majorit\u00e9 de vos d\u00e9placements quotidiens domicile &#8211; travail ;<\/li>\n<li>Avoir une <strong>distance routi\u00e8re entre le domicile et le lieu de travail sup\u00e9rieure ou \u00e9gale \u00e0 20 kilom\u00e8tres<\/strong>. Une tol\u00e9rance de 10 % est accord\u00e9e pour tenir compte des itin\u00e9raires contraints et des risques d&rsquo;erreur li\u00e9s au logiciel de calcul de distance ;<\/li>\n<li>Ne pas \u00eatre domicili\u00e9(e) ni travailler dans les principaux ressorts territoriaux. Les p\u00e9rim\u00e8tres d&rsquo;interventions des M\u00e9tropoles, Communaut\u00e9s d&rsquo;Agglom\u00e9ration, Communaut\u00e9s Urbaines et syndicats mixtes de transport en tant qu&rsquo;autorit\u00e9s organisatrices de mobilit\u00e9 (AOM) sur des territoires de plus de 50 000 habitants sont consid\u00e9r\u00e9s comme \u00ab principaux ressorts territoriaux \u00bb.<\/li>\n<\/ul>\n<h2>Les conditions de ressources<\/h2>\n<p>Pour b\u00e9n\u00e9ficier de l&rsquo;aide au transport dans la r\u00e9gion des Hauts-de-France, voici les <strong>plafonds de revenu fiscal de r\u00e9f\u00e9rence<\/strong> \u00e0 ne pas d\u00e9passer :<\/p>\n\n<div class=\"wpdt-c row wpDataTableContainerSimpleTable wpDataTables wpDataTablesWrapper\n\"\n    >\n    <table id=\"wpdtSimpleTable-637\"\n           class=\"wpdtSimpleTable wpDataTable\"\n           data-column=\"2\"\n           data-rows=\"4\"\n           data-wpID=\"637\"\n           data-responsive=\"0\"\n           data-has-header=\"0\">\n\n                    <tbody>        <tr class=\"wpdt-cell-row \" >\n                            <td class=\"wpdt-cell wpdt-bold\"\n                                    data-cell-id=\"A1\"\n                data-col-index=\"0\"\n                data-row-index=\"0\"\n                style=\" width:50%;                padding:10px;\"\n                >\n                                Situation du m\u00e9nage                <\/td>\n                                            <td class=\"wpdt-cell wpdt-bold\"\n                                    data-cell-id=\"B1\"\n                data-col-index=\"1\"\n                data-row-index=\"0\"\n                style=\" width:50%;                padding:10px;\"\n                >\n                                Revenu fiscal de r\u00e9f\u00e9rence \u00e0 ne pas d\u00e9passer en 2025                <\/td>\n                                        <\/tr>\n                            <tr class=\"wpdt-cell-row \" >\n                            <td class=\"wpdt-cell \"\n                                    data-cell-id=\"A2\"\n                data-col-index=\"0\"\n                data-row-index=\"1\"\n                style=\"                padding:10px;\"\n                >\n                                Personne d\u00e9clar\u00e9e seule fiscalement                <\/td>\n                                            <td class=\"wpdt-cell \"\n                                    data-cell-id=\"B2\"\n                data-col-index=\"1\"\n                data-row-index=\"1\"\n                style=\"                padding:10px;\"\n                >\n                                34 231 \u20ac (soit 2 fois le SMIC)                <\/td>\n                                        <\/tr>\n                            <tr class=\"wpdt-cell-row \" >\n                            <td class=\"wpdt-cell \"\n                                    data-cell-id=\"A3\"\n                data-col-index=\"0\"\n                data-row-index=\"2\"\n                style=\"                padding:10px;\"\n                >\n                                Couple avec 1 seul actif                <\/td>\n                                            <td class=\"wpdt-cell \"\n                                    data-cell-id=\"B3\"\n                data-col-index=\"1\"\n                data-row-index=\"2\"\n                style=\"                padding:10px;\"\n                >\n                                34 231 \u20ac (soit 2 fois le SMIC)                <\/td>\n                                        <\/tr>\n                            <tr class=\"wpdt-cell-row \" >\n                            <td class=\"wpdt-cell \"\n                                    data-cell-id=\"A4\"\n                data-col-index=\"0\"\n                data-row-index=\"3\"\n                style=\"                padding:10px;\"\n                >\n                                Couple avec 2 actifs                <\/td>\n                                            <td class=\"wpdt-cell \"\n                                    data-cell-id=\"B4\"\n                data-col-index=\"1\"\n                data-row-index=\"3\"\n                style=\"                padding:10px;\"\n                >\n                                51 347 \u20ac (soit 3 fois le SMIC)                <\/td>\n                                        <\/tr>\n                    <\/table>\n<\/div><style id='wpdt-custom-style-637'>\n<\/style>\n\n<h2>Les cas particuliers<\/h2>\n<h3>Les salari\u00e9s en situation de handicap<\/h3>\n<p>Vous \u00eates en situation de handicap et \u00eates <strong>reconnu travailleur handicap\u00e9<\/strong>\u00a0? La distance routi\u00e8re entre le domicile et le lieu de travail doit \u00eatre sup\u00e9rieure ou \u00e9gale \u00e0 1 kilom\u00e8tre, et non 20 kilom\u00e8tres.<\/p>\n<h3>Les salari\u00e9s qui disposent d&rsquo;une large offre de transports en commun<\/h3>\n<p>Vous r\u00e9sidez dans une <strong>zone urbaine fortement desservie par les transports en commun<\/strong> ? Dans ce cas, lors de votre demande d&rsquo;aide transport Hauts-de-France, vous devrez justifier effectuer des horaires d\u00e9cal\u00e9s r\u00e9guliers (comme le travail de nuit par exemple) et \u00eatre confront\u00e9, de ce fait, \u00e0 des horaires de transports en commun qui allongent de mani\u00e8re drastique votre temps de trajet.<\/p>\n<h3>Les salari\u00e9s dont le lieu de travail varie<\/h3>\n<p>Vous \u00eates un <strong>salari\u00e9<\/strong> <strong>nomade<\/strong>, dans le sens o\u00f9 votre lieu de travail n&rsquo;est jamais le m\u00eame ? Dans ce cas, pour b\u00e9n\u00e9ficier de l&rsquo;aide, il est possible de d\u00e9clarer le lieu de travail o\u00f9 vous vous rendez le plus fr\u00e9quemment.<\/p>\n<h3>Les salari\u00e9s effectuant du covoiturage<\/h3>\n<p>Vous effectuez du covoiturage (conducteur ou passager) et \u00eates <strong>inscrit sur la plateforme Pass Pass Covoiturage<\/strong> des Hauts-de-France ? La distance routi\u00e8re entre votre domicile et votre lieu de travail doit \u00eatre sup\u00e9rieure ou \u00e9gale \u00e0 10 kilom\u00e8tres, et non 20 kilom\u00e8tres.<\/p>\n<p><span style=\"font-weight: 400;\"><div class='cta-block'><div class='text'>Simulez vos aides au transport en 2 min.<\/div><a href='' class='app-button fit'>Simulation gratuite<\/a><\/div><\/span><\/p>\n<p>&nbsp;<\/p>\n<h1>Aide au transport en Hauts-de-France : montant et modalit\u00e9s de versement<\/h1>\n<h2>Quel est le montant de l&rsquo;aide ?<\/h2>\n<p>Le montant de l&rsquo;aide au transport varie selon votre situation :<\/p>\n<ul>\n<li>Si vous \u00eates <strong>salari\u00e9, int\u00e9rimaire ou en contrat de professionnalisation<\/strong>,\u00a0 l&rsquo;aide est de <strong>20 \u20ac par mois<\/strong> sur 11 mois : soit 220\u20ac au total sur l&rsquo;ann\u00e9e<\/li>\n<li>Si vous \u00eates <strong>en contrat d&rsquo;apprentissage<\/strong>, l&rsquo;aide est de <strong>15 \u20ac par mois <\/strong>sur 11 mois : soit 165\u20ac au total sur l&rsquo;ann\u00e9e<\/li>\n<\/ul>\n<h2>Comment se d\u00e9roule le versement de l&rsquo;aide ?<\/h2>\n<p>L&rsquo;aide au transport des Hauts-de-France ne vous est attribu\u00e9e qu&rsquo;apr\u00e8s examen de votre dossier complet et notification de la d\u00e9cision. L&rsquo;ouverture de vos droits intervient au d\u00e9but du mois de la validation de la demande. Le versement est <strong>trimestriel<\/strong>, <strong>\u00e0 terme \u00e9chu<\/strong>. Cela signifie que, si vous \u00eates \u00e9ligible, vos droits de janvier vous sont vers\u00e9s en f\u00e9vrier.<\/p>\n<p>L&rsquo;aide est vers\u00e9e\u00a0directement sur votre <strong>compte bancaire<\/strong> dont vous avez saisi les coordonn\u00e9es lors de votre demande. Si vous \u00eates \u00e9ligible \u00e0 l&rsquo;aide de 20 \u20ac, vous recevrez 3 versements de 60 \u20ac, et un versement de 40 \u20ac.<\/p>\n<h2>Combien de temps l&rsquo;aide au transport est-elle vers\u00e9e ?<\/h2>\n<p>Pour les salari\u00e9s en CDD, l&rsquo;aide cesse au terme du dernier mois du contrat de travail en cours. Elle est donc vers\u00e9e dans son int\u00e9gralit\u00e9 pour le dernier mois dans tous les cas. Pour les autres travailleurs, la dur\u00e9e de versement est de <strong>11 mois<\/strong>.<\/p>\n<p><iframe loading=\"lazy\" title=\"Les aides au transport\" width=\"500\" height=\"281\" src=\"https:\/\/www.youtube.com\/embed\/zRZFzrnwvEs?feature=oembed\" frameborder=\"0\" allow=\"accelerometer; autoplay; clipboard-write; encrypted-media; gyroscope; picture-in-picture; web-share\" referrerpolicy=\"strict-origin-when-cross-origin\" allowfullscreen><\/iframe><\/p>\n<h1>Comment faire sa demande d\u2019aide en 3 \u00e9tapes simples ?<\/h1>\n<h2>Etape 1 : V\u00e9rifiez votre \u00e9ligibilit\u00e9 avec une simulation<\/h2>\n<p>Vous pensez remplir les conditions de l&rsquo;aide au transport Hauts-de-France ? Vous pouvez faire une <strong>simulation d&rsquo;aide sur Mes Allocs<\/strong> afin de d\u00e9terminer votre \u00e9ligibilit\u00e9. En 2 minutes, vous connaitrez votre \u00e9ligibilit\u00e9, et le montant qui pourra vous \u00eatre vers\u00e9.<\/p>\n<h2>Etape 2 : Rassemblez les pi\u00e8ces justificatives pour la demande d&rsquo;aide au transport<\/h2>\n<p>Il est n\u00e9cessaire de joindre les pi\u00e8ces justificatives suivantes lors de votre demande :<\/p>\n<ul>\n<li>Un Relev\u00e9 d\u2019Identit\u00e9 Bancaire (RIB) \u00e0 votre nom et pr\u00e9nom ;<\/li>\n<li>Un justificatif de domicile \u00e0 votre nom et pr\u00e9nom, de moins de trois mois ;<\/li>\n<li>Une attestation de votre employeur.<\/li>\n<\/ul>\n<p>La liste des pi\u00e8ces indiqu\u00e9es ci-dessus n&rsquo;est pas exhaustive. La R\u00e9gion peut vous demander d&rsquo;autres pi\u00e8ces compl\u00e9mentaires dans le cadre de l&rsquo;\u00e9tude de votre dossier. Et <strong>attention<\/strong>, si votre demande est incompl\u00e8te et\/ou non valid\u00e9e dans un d\u00e9lai de 3 mois, votre dossier sera class\u00e9 sans suite : l&rsquo;aide financi\u00e8re au transport des Hauts-de-France ne pourra donc vous \u00eatre attribu\u00e9e.<\/p>\n<h2>Etape 3 : D\u00e9posez votre demande sur le portail r\u00e9gional \u00e0 partir de septembre 2025<\/h2>\n<p>Le d\u00e9p\u00f4t de la demande en 2025 se fait directement en ligne sur le portail r\u00e9gional Hauts-de-France. L&rsquo;aide est valable pour l&rsquo;ann\u00e9e scolaire. En 2025, vous devez donc d\u00e9poser votre demande \u00e0 partir du mois de septembre 2025, pour b\u00e9n\u00e9ficier de l&rsquo;aide au cours de l<strong>&lsquo;ann\u00e9e scolaire 2025-2026<\/strong>.<\/p>\n<h1>L&rsquo;aide au transport de la r\u00e9gion Hauts-de-France est-elle renouvelable ?<\/h1>\n<p><strong>Oui<\/strong>, l&rsquo;aide est renouvelable une fois seulement. Dans ce cas, vous devez d\u00e9poser une nouvelle demande en ligne.<\/p>\n<h1>Avec quelles aides la prime des Hauts-de-France n&rsquo;est-elle pas cumulable ?<\/h1>\n<p>La <strong>prime transport de la r\u00e9gion Hauts-de-France<\/strong> peut \u00eatre cumul\u00e9e avec d&rsquo;autres aides au transport. N\u00e9anmoins, vous ne pouvez la cumuler avec deux types d&rsquo;aide.<\/p>\n<p>La premi\u00e8re aide avec laquelle elle n&rsquo;est pas cumulable est le r<strong>emboursement par l&#8217;employeur des d\u00e9penses de transports collectifs<\/strong> pr\u00e9vues par le Code du travail. En effet, si vous b\u00e9n\u00e9ficiez d&rsquo;une participation de votre employeur pour vos frais li\u00e9s aux transports en communs, vous ne pouvez pas en plus b\u00e9n\u00e9ficier de l&rsquo;aide au transport de la r\u00e9gion pour les salari\u00e9s utilisant leur v\u00e9hicule personnel pour se rendre sur leur lieu de travail ou de formation.<\/p>\n<p>La seconde aide avec laquelle elle n&rsquo;est pas cumulable est la <strong>mise \u00e0 disposition par l&#8217;employeur d&rsquo;un v\u00e9hicule de fonction ou de service<\/strong>. En effet, l&rsquo;aide de la r\u00e9gion pour les salari\u00e9s est destin\u00e9e uniquement \u00e0 celles et ceux qui utilisent leur v\u00e9hicule personnel.<\/p>\n<p><span style=\"font-weight: 400;\"><div class='cta-block'><div class='text'>Simulez vos aides au transport en 2 min.<\/div><a href='' class='app-button fit'>Simulation gratuite<\/a><\/div><\/span><\/p>\n","protected":false},"excerpt":{"rendered":"<p>Vous habitez en Hauts-de-France et vous devez prendre votre voiture pour aller travailler ? La r\u00e9gion peut vous aider \u00e0 all\u00e9ger vos frais de transport, qui peuvent rapidement grimper. Les Hauts-de-France proposent une\u00a0aide au transport sp\u00e9cifique pour les salari\u00e9s, apprentis, int\u00e9rimaires et personnes en formation professionnelle. D\u00e9couvrez comment b\u00e9n\u00e9ficier de l&rsquo;aide au transport en Hauts-de-France, [&hellip;]<\/p>\n","protected":false},"author":14,"featured_media":53996,"comment_status":"closed","ping_status":"open","sticky":false,"template":"","format":"standard","meta":{"amp_status":"","footnotes":""},"categories":[5332,5421],"tags":[],"class_list":["post-53989","post","type-post","status-publish","format-standard","has-post-thumbnail","hentry","category-aide-au-transport","category-aide-au-transport-conseil-regional"],"yoast_head":"<!-- This site is optimized with the Yoast SEO plugin v14.9 - https:\/\/yoast.com\/wordpress\/plugins\/seo\/ -->\n<title>Aide au transport Hauts-de-France : conditions, montants, d\u00e9marches<\/title>\n<meta name=\"description\" content=\"L&#039;aide au transport en Hauts-de-France est r\u00e9serv\u00e9e aux salari\u00e9s, int\u00e9rimaires, apprentis et personnes en formation. Jusqu&#039;\u00e0 220 \u20ac \/ an !\" \/>\n<meta name=\"robots\" content=\"index, follow, max-snippet:-1, max-image-preview:large, max-video-preview:-1\" \/>\n<link rel=\"canonical\" href=\"https:\/\/www.mes-allocs.fr\/guides\/aide-au-transport\/aide-au-transport-conseil-regional\/aide-transport-hauts-de-france\/\" \/>\n<meta property=\"og:locale\" content=\"fr_FR\" \/>\n<meta property=\"og:type\" content=\"article\" \/>\n<meta property=\"og:title\" content=\"Aide au transport Hauts-de-France : conditions, montants, d\u00e9marches\" \/>\n<meta property=\"og:description\" content=\"L&#039;aide au transport en Hauts-de-France est r\u00e9serv\u00e9e aux salari\u00e9s, int\u00e9rimaires, apprentis et personnes en formation. Jusqu&#039;\u00e0 220 \u20ac \/ an !\" \/>\n<meta property=\"og:url\" content=\"https:\/\/www.mes-allocs.fr\/guides\/aide-au-transport\/aide-au-transport-conseil-regional\/aide-transport-hauts-de-france\/\" \/>\n<meta property=\"og:site_name\" content=\"Mes-Allocs.fr\" \/>\n<meta property=\"article:published_time\" content=\"2022-10-17T18:24:56+00:00\" \/>\n<meta property=\"article:modified_time\" content=\"2025-07-17T08:10:12+00:00\" \/>\n<meta property=\"og:image\" content=\"https:\/\/www.mes-allocs.fr\/guides\/wp-content\/uploads\/2022\/07\/Aide-au-transport-Haut-de-France-3-scaled.jpg?wsr\" \/>\n\t<meta property=\"og:image:width\" content=\"2560\" \/>\n\t<meta property=\"og:image:height\" content=\"1666\" \/>\n<meta name=\"twitter:card\" content=\"summary_large_image\" \/>\n<script type=\"application\/ld+json\" class=\"yoast-schema-graph\">{\"@context\":\"https:\/\/schema.org\",\"@graph\":[{\"@type\":\"WebSite\",\"@id\":\"https:\/\/www.mes-allocs.fr\/guides\/#website\",\"url\":\"https:\/\/www.mes-allocs.fr\/guides\/\",\"name\":\"Mes-Allocs.fr\",\"description\":\"\",\"potentialAction\":[{\"@type\":\"SearchAction\",\"target\":\"https:\/\/www.mes-allocs.fr\/guides\/?s={search_term_string}\",\"query-input\":\"required name=search_term_string\"}],\"inLanguage\":\"fr-FR\"},{\"@type\":\"ImageObject\",\"@id\":\"https:\/\/www.mes-allocs.fr\/guides\/aide-au-transport\/aide-au-transport-conseil-regional\/aide-transport-hauts-de-france\/#primaryimage\",\"inLanguage\":\"fr-FR\",\"url\":\"https:\/\/www.mes-allocs.fr\/guides\/wp-content\/uploads\/2022\/07\/Aide-au-transport-Haut-de-France-3-scaled.jpg?wsr\",\"width\":2560,\"height\":1666,\"caption\":\"aide transport haut de france\"},{\"@type\":\"WebPage\",\"@id\":\"https:\/\/www.mes-allocs.fr\/guides\/aide-au-transport\/aide-au-transport-conseil-regional\/aide-transport-hauts-de-france\/#webpage\",\"url\":\"https:\/\/www.mes-allocs.fr\/guides\/aide-au-transport\/aide-au-transport-conseil-regional\/aide-transport-hauts-de-france\/\",\"name\":\"Aide au transport Hauts-de-France : conditions, montants, d\\u00e9marches\",\"isPartOf\":{\"@id\":\"https:\/\/www.mes-allocs.fr\/guides\/#website\"},\"primaryImageOfPage\":{\"@id\":\"https:\/\/www.mes-allocs.fr\/guides\/aide-au-transport\/aide-au-transport-conseil-regional\/aide-transport-hauts-de-france\/#primaryimage\"},\"datePublished\":\"2022-10-17T18:24:56+00:00\",\"dateModified\":\"2025-07-17T08:10:12+00:00\",\"author\":{\"@id\":\"https:\/\/www.mes-allocs.fr\/guides\/#\/schema\/person\/a3de97298fd0ffc005ebdd5628b03ca8\"},\"description\":\"L'aide au transport en Hauts-de-France est r\\u00e9serv\\u00e9e aux salari\\u00e9s, int\\u00e9rimaires, apprentis et personnes en formation. Jusqu'\\u00e0 220 \\u20ac \/ an !\",\"inLanguage\":\"fr-FR\"},{\"@type\":\"Person\",\"@id\":\"https:\/\/www.mes-allocs.fr\/guides\/#\/schema\/person\/a3de97298fd0ffc005ebdd5628b03ca8\",\"name\":\"Marina Ada Ondo\",\"image\":{\"@type\":\"ImageObject\",\"@id\":\"https:\/\/www.mes-allocs.fr\/guides\/#personlogo\",\"inLanguage\":\"fr-FR\",\"url\":\"https:\/\/www.mes-allocs.fr\/guides\/wp-content\/uploads\/2022\/02\/Photo-de-profil-150x150.png\",\"caption\":\"Marina Ada Ondo\"},\"description\":\"Marina est r\\u00e9dactrice au sein de l'\\u00e9quipe Mes Allocs, sp\\u00e9cialis\\u00e9e sur les aides aux jeunes. Dipl\\u00f4m\\u00e9e de l'ISFJ, elle rejoint Mes Allocs apr\\u00e8s une premi\\u00e8re exp\\u00e9rience en communication chez Little Africa, une agence de communication \\u00e0 Paris. Sur son temps libre, Marina lit beaucoup et passe ses dimanches au mus\\u00e9e.\",\"sameAs\":[\"https:\/\/www.linkedin.com\/in\/marinaadaondo\/\"]}]}<\/script>\n<!-- \/ Yoast SEO plugin. -->","amp_validity":null,"acf":{"faq":{"1":{"question":"Comment demander l'aide au transport en Haut-de-France ?","answer":"Les demandes sont \u00e0 d\u00e9poser sur le site aides.hautsdefrance.fr. Mais les salari\u00e9s et apprentis peuvent d\u00e8s \u00e0 pr\u00e9sent v\u00e9rifier leur \u00e9ligibilit\u00e9 \u00e0 l'aide au transport sur Mes Allocs, gr\u00e2ce au simulateur en ligne."},"2":{"question":"Qui peut b\u00e9n\u00e9ficier de l'aide au transport ?","answer":"Les aides au transport sont nombreuses et attribu\u00e9es par diff\u00e9rents organismes. Les publics concern\u00e9s sont donc vari\u00e9s. Pour savoir si vous pouvez b\u00e9n\u00e9ficier d'une aide au transport, rendez-vous sur le simulateur d'aides de Mes Allocs. "},"3":{"question":"Quelle est l'aide au transport pour les voitures en Hauts-de-France ?","answer":"La r\u00e9gion Hauts-de-France propose le dispositif \"En route pour l'emploi\" ou \"Parc auto \u00e0 1 \u20ac par jour\", vous permettant de b\u00e9n\u00e9ficier d'une voiture \u00e0 moindre co\u00fbt."},"4":{"question":"Quelle est la prime d'aide au transport dans les Hauts-de-France ?","answer":"La prime d'aide au transport en Hauts-de-France s'adresse aux salari\u00e9s et apprentis. Elle varie de 15 \u00e0 20\u20ac, et est vers\u00e9e sous conditions. "},"5":{"question":"Comment renouveler l'aide au transport en Haut-de-France ?","answer":"Vous ne pouvez renouveler l'aide au transport en Hauts-de-France qu'une seule fois. Ainsi, si vous avez b\u00e9n\u00e9fici\u00e9 de l'aide en 2024\/2025, vous pourrez renouveler facilement votre demande en 2025\/2026. Il vous faudra alors fournir les pi\u00e8ces justificatives demand\u00e9es. "},"6":{"question":"Quelles sont les aides au transport pour les \u00e9tudiants en Hauts-de-France ?","answer":"De nombreuses aides existent pour les \u00e9tudiants souhaitant se d\u00e9placer en Hauts-de-France : cartes de transport (Carte Pass-Pass, Carte G\u00e9n\u00e9ration #HDF), r\u00e9ductions tarifaires ou encore services de covoiturage \u00e9tudiant. "},"7":{"question":"","answer":""},"8":{"question":"","answer":""},"9":{"question":"","answer":""},"10":{"question":"","answer":""},"11":{"question":"","answer":""},"12":{"question":"","answer":""},"13":{"question":"","answer":""},"14":{"question":"","answer":""},"15":{"question":"","answer":""},"16":{"question":"","answer":""}}},"_links":{"self":[{"href":"https:\/\/www.mes-allocs.fr\/guides\/wp-json\/wp\/v2\/posts\/53989","targetHints":{"allow":["GET"]}}],"collection":[{"href":"https:\/\/www.mes-allocs.fr\/guides\/wp-json\/wp\/v2\/posts"}],"about":[{"href":"https:\/\/www.mes-allocs.fr\/guides\/wp-json\/wp\/v2\/types\/post"}],"author":[{"embeddable":true,"href":"https:\/\/www.mes-allocs.fr\/guides\/wp-json\/wp\/v2\/users\/14"}],"replies":[{"embeddable":true,"href":"https:\/\/www.mes-allocs.fr\/guides\/wp-json\/wp\/v2\/comments?post=53989"}],"version-history":[{"count":16,"href":"https:\/\/www.mes-allocs.fr\/guides\/wp-json\/wp\/v2\/posts\/53989\/revisions"}],"predecessor-version":[{"id":102416,"href":"https:\/\/www.mes-allocs.fr\/guides\/wp-json\/wp\/v2\/posts\/53989\/revisions\/102416"}],"wp:featuredmedia":[{"embeddable":true,"href":"https:\/\/www.mes-allocs.fr\/guides\/wp-json\/wp\/v2\/media\/53996"}],"wp:attachment":[{"href":"https:\/\/www.mes-allocs.fr\/guides\/wp-json\/wp\/v2\/media?parent=53989"}],"wp:term":[{"taxonomy":"category","embeddable":true,"href":"https:\/\/www.mes-allocs.fr\/guides\/wp-json\/wp\/v2\/categories?post=53989"},{"taxonomy":"post_tag","embeddable":true,"href":"https:\/\/www.mes-allocs.fr\/guides\/wp-json\/wp\/v2\/tags?post=53989"}],"curies":[{"name":"wp","href":"https:\/\/api.w.org\/{rel}","templated":true}]}}