{"id":53986,"date":"2022-10-21T19:29:53","date_gmt":"2022-10-21T17:29:53","guid":{"rendered":"https:\/\/www.mes-allocs.fr\/guides\/?p=53986"},"modified":"2026-03-04T16:16:05","modified_gmt":"2026-03-04T15:16:05","slug":"reconversion-professionnelle-lyon","status":"publish","type":"post","link":"https:\/\/www.mes-allocs.fr\/guides\/reconversion-professionnelle\/reconversion-professionnelle-par-ville\/reconversion-professionnelle-lyon\/","title":{"rendered":"La reconversion professionnelle \u00e0 Lyon"},"content":{"rendered":"<p><img loading=\"lazy\" decoding=\"async\" class=\"alignnone wp-image-54117 size-full\" title=\"reconversion professionnelle lyon\" src=\"https:\/\/www.mes-allocs.fr\/guides\/wp-content\/uploads\/2022\/07\/la-reconversion-professionnelle-a-Lyon-2-scaled-e1658243093474.jpg\" alt=\"reconversion professionnelle lyon\" width=\"2560\" height=\"390\" srcset=\"https:\/\/www.mes-allocs.fr\/guides\/wp-content\/uploads\/2022\/07\/la-reconversion-professionnelle-a-Lyon-2-scaled-e1658243093474.jpg 2560w, https:\/\/www.mes-allocs.fr\/guides\/wp-content\/uploads\/2022\/07\/la-reconversion-professionnelle-a-Lyon-2-scaled-e1658243093474-300x46.jpg 300w, https:\/\/www.mes-allocs.fr\/guides\/wp-content\/uploads\/2022\/07\/la-reconversion-professionnelle-a-Lyon-2-scaled-e1658243093474-1024x156.jpg 1024w, https:\/\/www.mes-allocs.fr\/guides\/wp-content\/uploads\/2022\/07\/la-reconversion-professionnelle-a-Lyon-2-scaled-e1658243093474-768x117.jpg 768w, https:\/\/www.mes-allocs.fr\/guides\/wp-content\/uploads\/2022\/07\/la-reconversion-professionnelle-a-Lyon-2-scaled-e1658243093474-1536x234.jpg 1536w, https:\/\/www.mes-allocs.fr\/guides\/wp-content\/uploads\/2022\/07\/la-reconversion-professionnelle-a-Lyon-2-scaled-e1658243093474-2048x312.jpg 2048w, https:\/\/www.mes-allocs.fr\/guides\/wp-content\/uploads\/2022\/07\/la-reconversion-professionnelle-a-Lyon-2-scaled-e1658243093474-600x91.jpg 600w\" sizes=\"auto, (max-width: 2560px) 100vw, 2560px\" \/>[Mis \u00e0 jour le 04\/03\/2026] Chaque ann\u00e9e, en France, de nombreuses personnes sont tent\u00e9es par la <a href=\"https:\/\/www.mes-allocs.fr\/guides\/reconversion-professionnelle\/\">reconversion professionnelle<\/a>. En moyenne, pr\u00e8s de 80 % de Fran\u00e7ais songent \u00e0 changer de vie, notamment \u00e0 Lyon depuis la crise sanitaire. Quoi qu\u2019il en soit, la reconversion est un projet professionnel complexe pour lequel il est n\u00e9cessaire d&rsquo;\u00eatre accompagn\u00e9. Alors, comment r\u00e9aliser une <strong>reconversion professionnelle \u00e0 Lyon<\/strong> ? On vous dit tout.<\/p>\n<div class='cta-block'><div class='text'>Besoin d\u2019aide dans votre reconversion ?<\/div><a href='https:\/\/www.formademia.fr\/formulaire\/coaching' class='app-button fit'>Simuler mon \u00e9ligibilit\u00e9 au coaching<\/a><\/div>\n<h1>En quoi consiste la reconversion professionnelle ?<\/h1>\n<h2>La possibilit\u00e9 de se r\u00e9orienter professionnellement<\/h2>\n<p>En recherche d&#8217;emploi ou salari\u00e9, il est possible de r\u00e9orienter la carri\u00e8re professionnelle \u00e0 n&rsquo;importe quel moment. La d\u00e9marche \u00e9tait souvent entreprise par les quarantenaires auparavant. <b>Toutefois, d\u00e9sormais, on constate que de plus en plus de jeunes de 25 \u00e0 35 ans r\u00e9alisant une reconversion professionnelle \u00e0 Lyon.<\/b> \u00c0 savoir que des cinquantenaires se sentant capables d\u2019apprendre et de continuer \u00e0 \u00eatre au service des autres ne craignent plus d&rsquo;entreprendre le projet. Les <a href=\"https:\/\/www.mes-allocs.fr\/guides\/reconversion-professionnelle\/reconversion-professionnelle-par-ville\/\">aides des villes pour la reconversion professionnelle<\/a> sont aussi un vrai plus !<\/p>\n<h2>L&rsquo;\u00e2ge est-il un frein pour changer de m\u00e9tier ?<\/h2>\n<p>Ainsi, l&rsquo;\u00e2ge n\u2019est donc pas un frein pour changer de m\u00e9tier.\u00a0Cependant, afin d&rsquo;\u00e9viter que le processus ne m\u00e8ne \u00e0 l&rsquo;\u00e9chec, il est essentiel de bien s&rsquo;y pr\u00e9parer. <b>Pour acqu\u00e9rir plus de renseignements sur la reconversion professionnelle pour adulte, vous devez en effet vous renseigner et mener une r\u00e9flexion profonde sur :<\/b><\/p>\n<ul>\n<li>L&rsquo;objectif de vie ;<\/li>\n<li>Les domaines d\u2019activit\u00e9 qui vous int\u00e9ressent ;<\/li>\n<li>Les capacit\u00e9s et comp\u00e9tences ;<\/li>\n<li>Les besoins en formation, etc.<\/li>\n<\/ul>\n<p><iframe loading=\"lazy\" title=\"La reconversion professionnelle\" width=\"500\" height=\"281\" src=\"https:\/\/www.youtube.com\/embed\/EiVUthswxl0?feature=oembed\" frameborder=\"0\" allow=\"accelerometer; autoplay; clipboard-write; encrypted-media; gyroscope; picture-in-picture; web-share\" referrerpolicy=\"strict-origin-when-cross-origin\" allowfullscreen><\/iframe><\/p>\n<h1>Comment entamer une reconversion professionnelle \u00e0 Lyon ?<\/h1>\n<p>Afin de r\u00e9pondre aux diff\u00e9rentes questions pos\u00e9es auparavant, il est recommand\u00e9 d&rsquo;effectuer un bilan de comp\u00e9tences puis un test d&rsquo;orientation avant d&rsquo;entamer la transition professionnelle. Prenez rendez-vous avec un <a href=\"https:\/\/www.formademia.fr\/formulaire\/coaching\">expert Mes Allocs<\/a> !<\/p>\n<h2>Reconversion professionnelle \u00e0 Lyon : le bilan de comp\u00e9tences<\/h2>\n<p>Le bilan de comp\u00e9tences r\u00e9unit\u00a0vos comp\u00e9tences et vos capacit\u00e9s dans certains domaines.<b> Il permet d&rsquo;identifier ce que vous maitrisez, sans prendre en compte les \u00e9tudes qui vous aurez peut-\u00eatre \u00e0 faire.<\/b> Ainsi, vous poss\u00e9dez d\u00e9j\u00e0 certaines capacit\u00e9s parce que vous vous y \u00eates int\u00e9ress\u00e9 donc vous avez donc des facilit\u00e9s ou alors parce que vous avez effectu\u00e9 des \u00e9tudes qui vous ont donn\u00e9 ces capacit\u00e9s. Le bilan de comp\u00e9tences vous indique quel(s) secteur(s) est fait pour vous, de fa\u00e7on \u00e0 vous orienter plus ais\u00e9ment par la suite.<\/p>\n<p>\u00c0 savoir que le bilan de comp\u00e9tences diff\u00e8re du bilan professionnel. <b>Ce dernier s&rsquo;appuie sur :<\/b><\/p>\n<ul>\n<li>Un test de personnalit\u00e9 ;<\/li>\n<li>Un test de connaissance ;<\/li>\n<li>10 ans d\u2019exp\u00e9rience professionnelle.<\/li>\n<\/ul>\n<p>Il existe plusieurs structures pouvant vous aider \u00e0 r\u00e9aliser votre bilan de comp\u00e9tences, et \u00e0 partir des r\u00e9sultats de ce dernier, vous devrez choisir l\u2019orientation qui vous convient.<\/p>\n<h2>Reconversion professionnelle \u00e0 Lyon : le test d&rsquo;orientation<\/h2>\n<p><b>Ensuite, il est conseill\u00e9 de r\u00e9aliser un test d&rsquo;orientation afin de d\u00e9terminer les diff\u00e9rents m\u00e9tiers qui correspondent \u00e0 vos comp\u00e9tences. <\/b>Ce test vous oriente vers des id\u00e9es de futurs emplois, en fonction de ce que vous aimez faire, mais \u00e9galement de ce que vous savez d\u00e9j\u00e0 faire.<\/p>\n<p>\u00c9videmment, les r\u00e9sultats sont th\u00e9oriques, mais il s&rsquo;agit essentiellement d&rsquo;une aide pour ceux qui ne savent pas comment choisir son m\u00e9tier. \u00c0 noter que opter pour une reconversion professionnelle \u00e0 Lyon ne signifie pas que vous savez obligatoirement vers quel m\u00e9tier vous tourner.<\/p>\n<p><b>Ainsi, le test d\u2019orientation peut \u00eatre moins int\u00e9ressant que le bilan de comp\u00e9tences. Le test peut n\u00e9anmoins s\u2019av\u00e9rer utile pour vous conforter dans votre id\u00e9e.<\/b><\/p>\n<div class='cta-block'><div class='text'>Besoin d\u2019aide dans votre reconversion ?<\/div><a href='https:\/\/www.formademia.fr\/formulaire\/coaching' class='app-button fit'>Simuler mon \u00e9ligibilit\u00e9 au coaching<\/a><\/div>\n<h1>Qui peut vous accompagner dans votre reconversion professionnelle \u00e0 Lyon ?<\/h1>\n<p><b>Dans beaucoup de cas, il est indispensable d&rsquo;entreprendre un projet de formation pour ma\u00eetriser le nouveau domaine dans lequel vous comptez d\u00e9sormais travailler.<\/b> De nombreuses structures et dispositifs existent pour aider les personnes en reconversion.<\/p>\n<h2>Mon Compte Formation<\/h2>\n<p>Lanc\u00e9e par le gouvernement, ce site permet de faciliter l&rsquo;acc\u00e8s aux formations professionnelles par les salari\u00e9s, demandeurs, d&#8217;emploi, etc.. En effet, plus de 4 000 centres de formation sont enregistr\u00e9s sur la plateforme. Toutefois, il est n\u00e9cessaire de\u00a0disposer de fonds sur votre Compte Personnel de Formation (CPF)\u00a0pour pouvoir vous inscrire.<\/p>\n<h2>France Travail<\/h2>\n<p>Institution de l&#8217;emploi, France Travail est connu pour son implication dans l\u2019accompagnement des demandeurs d\u2019emploi. Elle leur permet notamment de suivre des formations afin de revaloriser leurs profils sur le march\u00e9 de l&#8217;emploi. Cette structure propose \u00e9galement des solutions aux salari\u00e9s qui souhaitent se reconvertir.<\/p>\n<h2>L&rsquo;Agence Nationale pour la Formation Professionnelle des Adultes (AFPA)<\/h2>\n<p>L&rsquo;AFPA est l\u2019une des institutions fran\u00e7aises les plus anciennes qui proposent des formations qualifiantes aux personnes en reconversion. Elle dispose de conseillers exp\u00e9riment\u00e9s qui accompagnent les apprenants durant le tout le parcours de leur choix.<\/p>\n<h2>L&rsquo;AGEFIPH, GRETA, CNAM<\/h2>\n<p><b>Il est \u00e9galement possible d&rsquo;\u00eatre accompagn\u00e9 par des organismes tels que :<\/b><\/p>\n<ul>\n<li>L&rsquo;AGEFIPH qui est sp\u00e9cialis\u00e9e dans le suivi et la reconversion des personnes en situation de handicap.<\/li>\n<li>Le r\u00e9seau GRETA qui est reli\u00e9 au r\u00e9seau de l\u2019\u00e9ducation nationale pour offrir des formations adapt\u00e9es \u00e0 chaque profil.<\/li>\n<li>Le Conservatoire National des Arts et M\u00e9tiers (CNAM) qui dispose de plus de 600 formations et dipl\u00f4mes sup\u00e9rieurs \u00e0 travers des cours du soir notamment.<\/li>\n<\/ul>\n<p><b>Ces diff\u00e9rentes structures donnent la possibilit\u00e9 de suivre des formations dans des domaines vari\u00e9s comme la sant\u00e9, la s\u00e9curit\u00e9, la communication, le b\u00e2timent, le commerce, l\u2019industrie, etc.<\/b> En vous faisant accompagner, vous pouvez \u00eatre inform\u00e9 des dispositifs de financement de votre formation, et d\u2019en b\u00e9n\u00e9ficier si vous remplissez les conditions requises.<\/p>\n<h1>Comment financer votre reconversion professionnelle \u00e0 Lyon ?<\/h1>\n<p>Il existe de nombreuses prestations pour accompagner les personnes en reconversion, mais ces aides sont all\u00e9es en fonction du statut professionnel des candidats.<\/p>\n<h2>Financer la reconversion professionnelle des salari\u00e9s<\/h2>\n<p>Afin de prendre en charge leurs formations, les salari\u00e9s peuvent solliciter diff\u00e9rentes subventions. <b>\u00c0 savoir :<\/b><\/p>\n<ul>\n<li>Le Compte Personnel de Formation (CPF) qui est recommand\u00e9 si vous envisagez une formation courte, pour \u00e9voluer professionnellement. Dans le cas du choix d\u2019une formation de longue dur\u00e9e, vous devez trouver un financement compl\u00e9mentaire.<\/li>\n<li>Le Compte Personnel de Formation de Transition Professionnelle (CPF &#8211; TP) est un dispositif d\u00e9di\u00e9 \u00e0 la reconversion professionnelle et issu de la Loi Avenir Professionnel de 2018 peut \u00e9galement vous aider.<\/li>\n<li>La p\u00e9riode de reconversionest un dispositif qui aide un salari\u00e9 \u00e0 changer de poste, que ce soit \u00e0 l\u2019int\u00e9rieur ou \u00e0 l\u2019ext\u00e9rieur de son entreprise et qui permet d\u2019acqu\u00e9rir une certification inscrite au R\u00e9pertoire national des certifications professionnelles (RNCP) ; un Certificat de Qualification Professionnelle (CQP) de branche ou interbranche ; un ou plusieurs blocs de comp\u00e9tences.<\/li>\n<\/ul>\n<h2>Financer la reconversion professionnelle des demandeurs d&#8217;emploi<\/h2>\n<p>La r\u00e9alisation du bilan de comp\u00e9tences peut \u00eatre faite avec l\u2019aide de votre conseiller France Travail. Vous pouvez \u00e9galement recourir au Conseil en \u00c9volution Professionnelle (CEP). Gr\u00e2ce \u00e0 cet outil, vous entrez en contact avec un conseiller qui vous aide \u00e0 mettre en place votre projet professionnel.<\/p>\n<p>L&rsquo;Action de Formation Conventionn\u00e9e (AFC) est un dispositif dont vous pouvez b\u00e9n\u00e9ficier, car il facilite votre r\u00e9insertion professionnelle par l\u2019acquisition de nouvelles comp\u00e9tences dans diff\u00e9rents domaines.<\/p>\n<p>\u00c0 savoir que tant que vous participez \u00e0 un programme de formation conventionn\u00e9e, vous avez droit, soit \u00e0 l&rsquo;Allocation d\u2019aide au Retour \u00e0 l\u2019Emploi Formation (AREF), soit \u00e0 la R\u00e9mun\u00e9ration des Formations de France Travail (RFFT). En outre, vous pouvez \u00e9galement solliciter l\u2019octroi de l\u2019Aide Individuelle \u00e0 la Formation (AIF).<\/p>\n<div class='cta-block'><div class='text'>Besoin d\u2019aide dans votre reconversion ?<\/div><a href='https:\/\/www.formademia.fr\/formulaire\/coaching' class='app-button fit'>Simuler mon \u00e9ligibilit\u00e9 au coaching<\/a><\/div>\n","protected":false},"excerpt":{"rendered":"<p>[Mis \u00e0 jour le 04\/03\/2026] Chaque ann\u00e9e, en France, de nombreuses personnes sont tent\u00e9es par la reconversion professionnelle. En moyenne, pr\u00e8s de 80 % de Fran\u00e7ais songent \u00e0 changer de vie, notamment \u00e0 Lyon depuis la crise sanitaire. Quoi qu\u2019il en soit, la reconversion est un projet professionnel complexe pour lequel il est n\u00e9cessaire d&rsquo;\u00eatre [&hellip;]<\/p>\n","protected":false},"author":14,"featured_media":54118,"comment_status":"closed","ping_status":"open","sticky":false,"template":"","format":"standard","meta":{"amp_status":"","footnotes":""},"categories":[5081,15179],"tags":[],"class_list":["post-53986","post","type-post","status-publish","format-standard","has-post-thumbnail","hentry","category-reconversion-professionnelle","category-reconversion-professionnelle-par-ville"],"yoast_head":"<!-- This site is optimized with the Yoast SEO plugin v14.9 - https:\/\/yoast.com\/wordpress\/plugins\/seo\/ -->\n<title>La reconversion professionnelle \u00e0 Lyon | Mes-Allocs.fr<\/title>\n<meta name=\"description\" content=\"R\u00e9aliser une reconversion professionnelle \u00e0 Lyon n\u00e9cessite d&#039;\u00eatre accompagn\u00e9. D\u00e9couvrez les \u00e9tapes pour changer de m\u00e9tier.\" \/>\n<meta name=\"robots\" content=\"index, follow, max-snippet:-1, max-image-preview:large, max-video-preview:-1\" \/>\n<link rel=\"canonical\" href=\"https:\/\/www.mes-allocs.fr\/guides\/reconversion-professionnelle\/reconversion-professionnelle-par-ville\/reconversion-professionnelle-lyon\/\" \/>\n<meta property=\"og:locale\" content=\"fr_FR\" \/>\n<meta property=\"og:type\" content=\"article\" \/>\n<meta property=\"og:title\" content=\"La reconversion professionnelle \u00e0 Lyon | Mes-Allocs.fr\" \/>\n<meta property=\"og:description\" content=\"R\u00e9aliser une reconversion professionnelle \u00e0 Lyon n\u00e9cessite d&#039;\u00eatre accompagn\u00e9. D\u00e9couvrez les \u00e9tapes pour changer de m\u00e9tier.\" \/>\n<meta property=\"og:url\" content=\"https:\/\/www.mes-allocs.fr\/guides\/reconversion-professionnelle\/reconversion-professionnelle-par-ville\/reconversion-professionnelle-lyon\/\" \/>\n<meta property=\"og:site_name\" content=\"Mes-Allocs.fr\" \/>\n<meta property=\"article:published_time\" content=\"2022-10-21T17:29:53+00:00\" \/>\n<meta property=\"article:modified_time\" content=\"2026-03-04T15:16:05+00:00\" \/>\n<meta property=\"og:image\" content=\"https:\/\/www.mes-allocs.fr\/guides\/wp-content\/uploads\/2022\/07\/la-reconversion-professionnelle-a-Lyon-2.jpeg?wsr\" \/>\n\t<meta property=\"og:image:width\" content=\"612\" \/>\n\t<meta property=\"og:image:height\" content=\"437\" \/>\n<meta name=\"twitter:card\" content=\"summary_large_image\" \/>\n<script type=\"application\/ld+json\" class=\"yoast-schema-graph\">{\"@context\":\"https:\/\/schema.org\",\"@graph\":[{\"@type\":\"WebSite\",\"@id\":\"https:\/\/www.mes-allocs.fr\/guides\/#website\",\"url\":\"https:\/\/www.mes-allocs.fr\/guides\/\",\"name\":\"Mes-Allocs.fr\",\"description\":\"\",\"potentialAction\":[{\"@type\":\"SearchAction\",\"target\":\"https:\/\/www.mes-allocs.fr\/guides\/?s={search_term_string}\",\"query-input\":\"required name=search_term_string\"}],\"inLanguage\":\"fr-FR\"},{\"@type\":\"ImageObject\",\"@id\":\"https:\/\/www.mes-allocs.fr\/guides\/reconversion-professionnelle\/reconversion-professionnelle-par-ville\/reconversion-professionnelle-lyon\/#primaryimage\",\"inLanguage\":\"fr-FR\",\"url\":\"https:\/\/www.mes-allocs.fr\/guides\/wp-content\/uploads\/2022\/07\/la-reconversion-professionnelle-a-Lyon-2.jpeg?wsr\",\"width\":612,\"height\":437,\"caption\":\"reconversion professionnelle lyon\"},{\"@type\":\"WebPage\",\"@id\":\"https:\/\/www.mes-allocs.fr\/guides\/reconversion-professionnelle\/reconversion-professionnelle-par-ville\/reconversion-professionnelle-lyon\/#webpage\",\"url\":\"https:\/\/www.mes-allocs.fr\/guides\/reconversion-professionnelle\/reconversion-professionnelle-par-ville\/reconversion-professionnelle-lyon\/\",\"name\":\"La reconversion professionnelle \\u00e0 Lyon | Mes-Allocs.fr\",\"isPartOf\":{\"@id\":\"https:\/\/www.mes-allocs.fr\/guides\/#website\"},\"primaryImageOfPage\":{\"@id\":\"https:\/\/www.mes-allocs.fr\/guides\/reconversion-professionnelle\/reconversion-professionnelle-par-ville\/reconversion-professionnelle-lyon\/#primaryimage\"},\"datePublished\":\"2022-10-21T17:29:53+00:00\",\"dateModified\":\"2026-03-04T15:16:05+00:00\",\"author\":{\"@id\":\"https:\/\/www.mes-allocs.fr\/guides\/#\/schema\/person\/a3de97298fd0ffc005ebdd5628b03ca8\"},\"description\":\"R\\u00e9aliser une reconversion professionnelle \\u00e0 Lyon n\\u00e9cessite d'\\u00eatre accompagn\\u00e9. D\\u00e9couvrez les \\u00e9tapes pour changer de m\\u00e9tier.\",\"inLanguage\":\"fr-FR\"},{\"@type\":\"Person\",\"@id\":\"https:\/\/www.mes-allocs.fr\/guides\/#\/schema\/person\/a3de97298fd0ffc005ebdd5628b03ca8\",\"name\":\"Marina Ada Ondo\",\"image\":{\"@type\":\"ImageObject\",\"@id\":\"https:\/\/www.mes-allocs.fr\/guides\/#personlogo\",\"inLanguage\":\"fr-FR\",\"url\":\"https:\/\/www.mes-allocs.fr\/guides\/wp-content\/uploads\/2022\/02\/Photo-de-profil-150x150.png\",\"caption\":\"Marina Ada Ondo\"},\"description\":\"Marina est r\\u00e9dactrice au sein de l'\\u00e9quipe Mes Allocs, sp\\u00e9cialis\\u00e9e sur les aides aux jeunes. Dipl\\u00f4m\\u00e9e de l'ISFJ, elle rejoint Mes Allocs apr\\u00e8s une premi\\u00e8re exp\\u00e9rience en communication chez Little Africa, une agence de communication \\u00e0 Paris. Sur son temps libre, Marina lit beaucoup et passe ses dimanches au mus\\u00e9e.\",\"sameAs\":[\"https:\/\/www.linkedin.com\/in\/marinaadaondo\/\"]}]}<\/script>\n<!-- \/ Yoast SEO plugin. -->","amp_validity":null,"acf":{"faq":{"1":{"question":"Comment faire pour une reconversion professionnelle ?","answer":"Les \u00e9tapes d'une reconversion r\u00e9ussie sont : \r\n- Effectuer les bilans (de comp\u00e9tences et professionnel)\r\n- Passer le test des m\u00e9tiers.\r\n- Bien choisir sa formation.\r\n- Cr\u00e9er un bon curriculum vitae et une bonne lettre de motivation.\r\nSe pr\u00e9parer pour un premier entretien."},"2":{"question":"O\u00f9 faire un bilan de comp\u00e9tence Lyon ?","answer":"En recherche d'emploi, vous pouvez vous adresser \u00e0 France Travail qui peut vous proposer plusieurs solutions pour r\u00e9aliser un bilan de comp\u00e9tences.\r\nSi vous \u00eates d\u00e9j\u00e0 salari\u00e9, vous pouvez vous tourner vers des cabinets tels que Cime Comp\u00e9tences, ORIENT'ACTION ou encore CIBC Rh\u00f4ne."},"3":{"question":"Pourquoi une reconversion professionnelle en informatique ?","answer":"La reconversion informatique est un des domaines les plus sollicit\u00e9s pour effectuer une reconversion professionnelle en raison de ses projets intellectuellement stimulants, de la possibilit\u00e9 d'\u00e9volution, de l'employabilit\u00e9 ou encore du salaire attractif."},"4":{"question":"Comment se reconvertir sans perte de salaire ?","answer":"Pour profiter d'une reconversion professionnelle sans perte de salaire, 2 solutions sont envisageables : b\u00e9n\u00e9ficier d'aides et de dispositifs pour conserver sa r\u00e9mun\u00e9ration ou opter directement pour une formation r\u00e9mun\u00e9r\u00e9e."},"5":{"question":"Comment garder son salaire pendant une formation ?","answer":"Le salaire du salari\u00e9 est maintenu s'il suit une formation dans le cadre du CPF pendant ses heures de travail. Sa r\u00e9mun\u00e9ration est prise en charge soit par l'OPCO, soit par l'employeur selon les modalit\u00e9s de financement du CPF dans l'entreprise."},"6":{"question":"Qui contacter pour une reconversion professionnelle ?","answer":"Si vous \u00eates demandeur d'emploi, vous devez vous adresser \u00e0 France Travail pour b\u00e9n\u00e9ficier de ce service ou \u00e0 l'Apec si vous \u00eates cadre. Et si vous \u00eates actif salari\u00e9 ou ind\u00e9pendant, vos interlocuteurs sont les op\u00e9rateurs CEP de votre r\u00e9gion."},"7":{"question":"","answer":""},"8":{"question":"","answer":""},"9":{"question":"","answer":""},"10":{"question":"","answer":""},"11":{"question":"","answer":""},"12":{"question":"","answer":""},"13":{"question":"","answer":""},"14":{"question":"","answer":""},"15":{"question":"","answer":""},"16":{"question":"","answer":""}}},"_links":{"self":[{"href":"https:\/\/www.mes-allocs.fr\/guides\/wp-json\/wp\/v2\/posts\/53986","targetHints":{"allow":["GET"]}}],"collection":[{"href":"https:\/\/www.mes-allocs.fr\/guides\/wp-json\/wp\/v2\/posts"}],"about":[{"href":"https:\/\/www.mes-allocs.fr\/guides\/wp-json\/wp\/v2\/types\/post"}],"author":[{"embeddable":true,"href":"https:\/\/www.mes-allocs.fr\/guides\/wp-json\/wp\/v2\/users\/14"}],"replies":[{"embeddable":true,"href":"https:\/\/www.mes-allocs.fr\/guides\/wp-json\/wp\/v2\/comments?post=53986"}],"version-history":[{"count":12,"href":"https:\/\/www.mes-allocs.fr\/guides\/wp-json\/wp\/v2\/posts\/53986\/revisions"}],"predecessor-version":[{"id":110103,"href":"https:\/\/www.mes-allocs.fr\/guides\/wp-json\/wp\/v2\/posts\/53986\/revisions\/110103"}],"wp:featuredmedia":[{"embeddable":true,"href":"https:\/\/www.mes-allocs.fr\/guides\/wp-json\/wp\/v2\/media\/54118"}],"wp:attachment":[{"href":"https:\/\/www.mes-allocs.fr\/guides\/wp-json\/wp\/v2\/media?parent=53986"}],"wp:term":[{"taxonomy":"category","embeddable":true,"href":"https:\/\/www.mes-allocs.fr\/guides\/wp-json\/wp\/v2\/categories?post=53986"},{"taxonomy":"post_tag","embeddable":true,"href":"https:\/\/www.mes-allocs.fr\/guides\/wp-json\/wp\/v2\/tags?post=53986"}],"curies":[{"name":"wp","href":"https:\/\/api.w.org\/{rel}","templated":true}]}}